{"id":20861,"date":"2019-04-12T19:45:00","date_gmt":"2019-04-12T22:45:00","guid":{"rendered":"https:\/\/www.suno.com.br\/noticias\/?p=20861"},"modified":"2019-04-17T18:35:02","modified_gmt":"2019-04-17T21:35:02","slug":"avianca-brasil-cancela-voos","status":"publish","type":"post","link":"https:\/\/www.suno.com.br\/noticias\/avianca-brasil-cancela-voos\/","title":{"rendered":"Avianca Brasil cancela 26 voos a partir de s\u00e1bado"},"content":{"rendered":"<p>A Avianca Brasil cancelou nesta sexta-feira (12) 26 voos. Al\u00e9m disso, a empresa interrompeu a venda de passagens para diversos destinos.<\/p>\t<div class=\"wrapper-featured-image\">\n\t\t<figure class=\"spotlightImg\">\n\n\t\t\t<picture>\n\t\t\t\t<source media=\"(max-width: 768px)\" srcset=\"https:\/\/files.sunoresearch.com.br\/n\/uploads\/2019\/03\/c922d2b3-avianca-400x200.webp\">\n\t\t\t\t<img loading=\"lazy\" decoding=\"async\" class=\"newsContent__article__imgCapa lazyloadDisabled newsContent__article__imgCapa--noCaption\" src=\"https:\/\/files.sunoresearch.com.br\/n\/uploads\/2019\/03\/c922d2b3-avianca-800x450.webp\" width=\"800\" height=\"450\" alt=\"Avianca Brasil cancela 26 voos a partir de s\u00e1bado\" fetchpriority=high \/>\n\t\t\t<\/picture>\n\n\t\t\t<figcaption class=\"wp-caption-text wp-caption-text--hide\">Avianca recorre ao TST para impedir greve de tripulantes  <\/figcaption>\n\t\t<\/figure>\n\t<\/div>\n\n\n<p>De acordo com a <strong>Avianca Brasil<\/strong>, a medida \u00e9 necess\u00e1ria para\u00a0&#8220;minimizar o impacto na sua opera\u00e7\u00e3o e dos aos seus passageiros&#8221;. Ao todo, foram cancelados 26 voos. Seis deles fazem <strong>ponte-a\u00e9rea.<\/strong> Entre os voos cancelados, est\u00e3o:<\/p>\n<ul>\n<li>Seis voos que partem de Bras\u00edlia (tr\u00eas para Congonhas, um para Guarulhos, um para o Santos Dumont &#8211; RJ e outro para Recife);<\/li>\n<li>Cinco dos voos que partem de Congonhas (quadro deles na ponte a\u00e9rea para Santos Dumont e um para Bras\u00edlia);<\/li>\n<li>Tr\u00eas de Guarulhos (para Navegantes-SC, Confins-MG e Fortaleza);<\/li>\n<\/ul>\n<p>A <strong>Avianca<\/strong> afirmou que vai entrar em contato com os passageiros prejudicados para oferecer reembolsos ou op\u00e7\u00f5es de reacomoda\u00e7\u00e3o.<\/p>\n<p>[optin-monster-shortcode id=&#8221;npkxlwaleraa8psvnego&#8221;]<\/p>\n<p>&nbsp;<\/p>\n<h2>Matriculas de avi\u00f5es da Avianca canceladas<\/h2>\n<p>A <strong>Anac (Ag\u00eancia Nacional de Avia\u00e7\u00e3o Civil)<\/strong>\u00a0 cancelou as matr\u00edculas de 10 aeronaves da <strong>Avianca<\/strong>. A ag\u00eancia\u00a0informou que uma devolu\u00e7\u00e3o ocorreu na \u00faltima quinta-feira (11). O resto dever\u00e1 ocorrer ao o fim de domingo, sendo tr\u00eas por dia. Esse foi um dos motivos para o cancelamento dos voos.<\/p>\n<h2>Plano de recupera\u00e7\u00e3o judicial<\/h2>\n<p>A <strong>Avianca<\/strong> est\u00e1 em <a href=\"https:\/\/www.suno.com.br\/artigos\/recuperacao-judicial\/\">recupera\u00e7\u00e3o judicial<\/a> desde dezembro de 2018. Segundo o jornal &#8220;O Globo&#8221;, o plano entregue nesta semana \u00e0 Justi\u00e7a prev\u00ea que a companhia <strong>devolva 50 avi\u00f5es at\u00e9 agosto<\/strong>:<\/p>\n<ul>\n<li>cinco avi\u00f5es em abril;<\/li>\n<li>quatro em maio;<\/li>\n<li>oito em junho;<\/li>\n<li>16 em julho;<\/li>\n<li>e oito em agosto.<\/li>\n<\/ul>\n<h2>Entenda o caso<\/h2>\n<p>A <strong>Avianca<\/strong> \u00e9 a quarta maior <strong>companhia a\u00e9rea<\/strong> do Brasil e est\u00e1 <a href=\"https:\/\/www.suno.com.br\/artigos\/recuperacao-judicial\/\">em recupera\u00e7\u00e3o judicial<\/a> desde 2018. O <a href=\"https:\/\/www.suno.com.br\/noticias\/avianca-pedido-recuperacao-judicial\/\">pedido foi registrado na 1\u00aa Vara Empresarial de S\u00e3o Paulo<\/a> em 10 de dezembro, ap\u00f3s crescentes <strong>preju\u00edzos<\/strong> e atrasos em pagamentos de arrendamento de aeronaves.<\/p>\n\t<p>\n\t\t<a href=\"https:\/\/lp.suno.com.br\/minicurso-investindo-fiis\/\" target=\"_blank\" data-element=\"shortcode-suno-banner\" title=\"Banner SUNO, clique e saiba mais\">\n\t\t\t<picture>\n\t\t\t\t<source media=\"(max-width: 500px)\" srcset=\"https:\/\/files.sunoresearch.com.br\/n\/uploads\/2023\/03\/400x300-Minicurso-FIIS.png\">\n\t\t\t\t<img class=\"newsContent__article__imgCapa newsContent__article__imgCapa--banner\"\n\t\t\t\t\tsrc=\"https:\/\/files.sunoresearch.com.br\/n\/uploads\/2023\/03\/1420x240-Minicurso-FIIS.png\"\n\t\t\t\t\tdata-promo-id=\"383125\"\t\t\t\t\t\t\t\t\t\twidth='1420' height='240'\t\t\t\t\talt=\"https:\/\/files.sunoresearch.com.br\/n\/uploads\/2023\/03\/1420x240-Minicurso-FIIS.png\"\n\t\t\t\t>\n\t\t\t<\/picture>\n\t\t<\/a>\n\t<\/p>\n\n\n<p>A <b>companhia a\u00e9rea\u00a0<\/b>controla 13% do mercado nacional e registrou um crescimento forte nos \u00faltimos anos.<\/p>\n<p><a href=\"https:\/\/www.suno.com.br\/noticias\/avianca-pode-perder-avioes-acordo\/\">Saiba mais: Avianca pode perder avi\u00f5es se n\u00e3o alcan\u00e7ar acordo\u00a0<\/a><\/p>\n<p>Tr\u00eas empresas de <strong>leasing<\/strong> j\u00e1 pediram restitui\u00e7\u00e3o de avi\u00f5es por conta da falta de pagamento. No total, as empresas arrendaram 14 <strong>aeronaves<\/strong> para a companhia a\u00e9rea, equivalente a 30% da frota em opera\u00e7\u00e3o A companhia a\u00e9rea tinha assegurado que nenhuma das opera\u00e7\u00f5es seriam afetadas, mesmo com o processo de recupera\u00e7\u00e3o judicial.\u00a0Em dezembro do ano passado a <strong>companhia a\u00e9rea<\/strong> devolveu duas aeronaves Airbus A330 para as empresas de arrendamento.<\/p>\n\t<p>\n\t\t<a href=\"https:\/\/lp.suno.com.br\/suno-one\/?utm_campaign=_SNC6964518A_\" target=\"_blank\" data-element=\"shortcode-suno-banner\" title=\"Banner SUNO, clique e saiba mais\">\n\t\t\t<picture>\n\t\t\t\t<source media=\"(max-width: 500px)\" srcset=\"https:\/\/files.sunoresearch.com.br\/n\/uploads\/2025\/09\/400x300-Suno-One-png.webp\">\n\t\t\t\t<img class=\"newsContent__article__imgCapa newsContent__article__imgCapa--banner\"\n\t\t\t\t\tsrc=\"https:\/\/files.sunoresearch.com.br\/n\/uploads\/2025\/09\/1420x240-Suno-One-png.webp\"\n\t\t\t\t\tdata-promo-id=\"85810\"\t\t\t\t\t\t\t\t\t\twidth='1420' height='240'\t\t\t\t\talt=\"https:\/\/files.sunoresearch.com.br\/n\/uploads\/2025\/09\/1420x240-Suno-One-png.webp\"\n\t\t\t\t>\n\t\t\t<\/picture>\n\t\t<\/a>\n\t<\/p>\n\n\n<p>Por causa da falta de pagamento, os credores apresentaram recursos para a <strong>ANAC.<\/strong> A ag\u00eancia recebeu pedidos por retirar as aeronaves operadas pela empresa do <strong>Registro Aeron\u00e1utico Brasileiro (RAB)<\/strong>.<\/p>\n<p><a href=\"https:\/\/www.suno.com.br\/noticias\/assembleia-credores-futuro-avianca\/\">Saiba mais:\u00a0Assembleia de credores da Avianca decide futuro da companhia a\u00e9rea<\/a><\/p>\n<p>Em caso de calote, as empresas donas das aeronaves podem pedir o cancelamento das matr\u00edculas dos avi\u00f5es. Isso porque a falta de pagamento por parte da <strong>Avianca<\/strong> seria um descumprimento da <strong>Conven\u00e7\u00e3o da Cidade do Cabo<\/strong>. No come\u00e7o de Janeiro, a <strong>ANAC<\/strong> anunciou o cancelamento de dez matr\u00edculas de avi\u00f5es operados pela Avianca ap\u00f3s pedido da <strong>GE Capital Aviation Services (Gecas)<\/strong>, dona das aeronaves. A Gecas pedia para suspender o registro de dez aeronaves <strong>Airbus A320<\/strong> usadas pela <strong>Avianca Brasil<\/strong> em opera\u00e7\u00e3o de voos. A Gecas \u00e9 uma empresa de leasing dona das aeronaves, com a qual a companhia a\u00e9rea tinha um contrato para os 10 avi\u00f5es.<\/p>\n<h2>Divis\u00e3o dos ativos da empresa<\/h2>\n<p>No dia 5 de abril os\u00a0credores da Avianca Brasil aprovaram o plano de recupera\u00e7\u00e3o judicial da companhia. Entre os presentes na assembleia, 80% concordaram com os termos.<\/p>\n<p><a href=\"https:\/\/www.suno.com.br\/noticias\/justica-garante-empresas-retomem-avianca\/\">Saiba mais:\u00a0Justi\u00e7a garante que empresas de leasing retomem 15 avi\u00f5es da Avianca<\/a><\/p>\n<p>A assembleia havia sido suspensa ap\u00f3s discord\u00e2ncias de representantes dos trabalhadores e de empresas que prestam servi\u00e7os \u00e0 <strong>Avianca<\/strong> Brasil. O grupo discordava do pagamento das d\u00edvidas da empresa.<\/p>\n<p>Na proposta apresentada na assembleia, consta a divis\u00e3o da empresa em sete <strong>Unidades Produtivas Isoladas (UPI)<\/strong>. Nas UPI ser\u00e3o alocados os ativos da Avianca, antes de serem vendidos para pagar as d\u00edvidas da companhia a\u00e9rea. O leil\u00e3o das UPI deve ser realizado ainda em abril, de acordo com a companhia.<\/p>\n<h3>Latam, Gol e Azul na disputa<\/h3>\n<p>Em mar\u00e7o deste ano, a Azul fez uma proposta para comprar parte das opera\u00e7\u00f5es da Avianca por US$ 105 milh\u00f5es, algo em torno de R$ 405 milh\u00f5es.<\/p>\n<p>Al\u00e9m disso, na \u00faltima quinta-feira (3), a <strong>Latam<\/strong> e a <strong>Gol<\/strong> tamb\u00e9m concordaram em fazer uma proposta para adquirir os ativos da a\u00e9rea.<\/p>\n<p>Apoiando a divis\u00e3o da Avianca em sete <b>UPI\u00a0<\/b>as duas companhias a\u00e9reas tentariam ficar com ao menos uma das partes da Avianca, numa transa\u00e7\u00e3o que gira em torno dos US$ 70 milh\u00f5es, ou cerca de R$ 270 milh\u00f5es.<\/p>\n<p>No entanto, o Departamento de Estudos Econ\u00f4micos do <strong>Conselho Administrativo de Defesa Econ\u00f4mica (Cade)<\/strong>, aponta poss\u00edveis problemas caso o plano de divis\u00e3o em sete partes da Avianca seja realmente realizado.<\/p>\n\t<p>\n\t\t<a href=\"https:\/\/lp.suno.com.br\/nossas-assinaturas\/?utm_campaign=_SNC8166F3A4_\" target=\"_blank\" data-element=\"shortcode-suno-banner\" title=\"Banner SUNO, clique e saiba mais\">\n\t\t\t<picture>\n\t\t\t\t<source media=\"(max-width: 500px)\" srcset=\"https:\/\/files.sunoresearch.com.br\/n\/uploads\/2025\/08\/Artigos-e-Noticias-Banner-Materias-01-Mobile_-400x300-1-png.webp\">\n\t\t\t\t<img class=\"newsContent__article__imgCapa newsContent__article__imgCapa--banner\"\n\t\t\t\t\tsrc=\"https:\/\/files.sunoresearch.com.br\/n\/uploads\/2025\/08\/Artigos-e-Noticias-Banner-Materias-01-Desktop_-1420x240-4-png.webp\"\n\t\t\t\t\tdata-promo-id=\"620371\"\t\t\t\t\t\t\t\t\t\twidth='1420' height='240'\t\t\t\t\talt=\"https:\/\/files.sunoresearch.com.br\/n\/uploads\/2025\/08\/Artigos-e-Noticias-Banner-Materias-01-Desktop_-1420x240-4-png.webp\"\n\t\t\t\t>\n\t\t\t<\/picture>\n\t\t<\/a>\n\t<\/p>\n\n\n<p>De acordo com o Cade, caso aconte\u00e7a, a opera\u00e7\u00e3o far\u00e1 tanto a <strong>Gol<\/strong> quanto a <strong>Latam<\/strong> possuir a concentra\u00e7\u00e3o do mercado. Conforme apontou o conselho, no caso da obten\u00e7\u00e3o dos ativos da <strong>Avianca<\/strong> por parte da <strong>Azul<\/strong>, o n\u00edvel de preocupa\u00e7\u00e3o concorrencial \u00e9 menor.<\/p>\n","protected":false},"excerpt":{"rendered":"<p>A Avianca Brasil cancelou nesta sexta-feira (12) 26 voos. Al\u00e9m disso, a empresa interrompeu a venda de passagens para diversos destinos. Avianca recorre ao TST para impedir greve de tripulantes De acordo com a Avianca Brasil, a medida \u00e9 necess\u00e1ria para\u00a0&#8220;minimizar o impacto na sua opera\u00e7\u00e3o e dos aos seus passageiros&#8221;. Ao todo, foram cancelados [&hellip;]<\/p>\n","protected":false},"author":14,"featured_media":19501,"comment_status":"closed","ping_status":"closed","sticky":false,"template":"","format":"standard","meta":[],"categories":[64],"tags":[1013,840,314],"suno_strategy":[],"class_list":["post-20861","post","type-post","status-publish","format-standard","has-post-thumbnail","hentry","category-negocios","tag-anac","tag-avianca","tag-recuperacao-judicial"],"yoast_head":"<!-- This site is optimized with the Yoast SEO plugin v24.4 - https:\/\/yoast.com\/wordpress\/plugins\/seo\/ -->\n<title>Avianca Brasil cancela 26 voos a partir de s\u00e1bado<\/title>\n<meta name=\"description\" content=\"De acordo com a Avianca Brasil, a medida \u00e9 necess\u00e1ria para\u00a0minimizar o impacto na sua opera\u00e7\u00e3o e dos aos seus passageiros. Clique e leia mais\" \/>\n<meta name=\"robots\" content=\"index, follow, max-snippet:-1, max-image-preview:large, max-video-preview:-1\" \/>\n<link rel=\"canonical\" href=\"https:\/\/www.suno.com.br\/noticias\/avianca-brasil-cancela-voos\/\" \/>\n<meta property=\"og:locale\" content=\"pt_BR\" \/>\n<meta property=\"og:type\" content=\"article\" \/>\n<meta property=\"og:title\" content=\"Avianca Brasil cancela 26 voos a partir de s\u00e1bado\" \/>\n<meta property=\"og:description\" content=\"De acordo com a Avianca Brasil, a medida \u00e9 necess\u00e1ria para\u00a0minimizar o impacto na sua opera\u00e7\u00e3o e dos aos seus passageiros. Clique e leia mais\" \/>\n<meta property=\"og:url\" content=\"https:\/\/www.suno.com.br\/noticias\/avianca-brasil-cancela-voos\/\" \/>\n<meta property=\"og:site_name\" content=\"Suno Not\u00edcias\" \/>\n<meta property=\"article:publisher\" content=\"https:\/\/facebook.com\/sunoresearch\" \/>\n<meta property=\"og:image\" content=\"https:\/\/files.sunoresearch.com.br\/n\/uploads\/2019\/03\/c922d2b3-avianca.jpg\" \/>\n\t<meta property=\"og:image:width\" content=\"1024\" \/>\n\t<meta property=\"og:image:height\" content=\"683\" \/>\n\t<meta property=\"og:image:type\" content=\"image\/jpeg\" \/>\n<meta name=\"author\" content=\"Renan Dantas\" \/>\n<meta name=\"twitter:card\" content=\"summary_large_image\" \/>\n<meta name=\"twitter:creator\" content=\"@sunoresearch\" \/>\n<meta name=\"twitter:site\" content=\"@sunoresearch\" \/>\n<meta name=\"twitter:label1\" content=\"Escrito por\" \/>\n\t<meta name=\"twitter:data1\" content=\"Renan Dantas\" \/>\n\t<meta name=\"twitter:label2\" content=\"Est. tempo de leitura\" \/>\n\t<meta name=\"twitter:data2\" content=\"4 minutos\" \/>\n<script type=\"application\/ld+json\" class=\"yoast-schema-graph\">{\"@context\":\"https:\/\/schema.org\",\"@graph\":[{\"@type\":\"NewsArticle\",\"@id\":\"https:\/\/www.suno.com.br\/noticias\/avianca-brasil-cancela-voos\/#article\",\"isPartOf\":{\"@id\":\"https:\/\/www.suno.com.br\/noticias\/avianca-brasil-cancela-voos\/\"},\"author\":{\"name\":\"Renan Dantas\",\"@id\":\"https:\/\/www.suno.com.br\/noticias\/#\/schema\/person\/3f7693d5795a3f6d5ce15309ee785699\"},\"headline\":\"Avianca Brasil cancela 26 voos a partir de s\u00e1bado\",\"datePublished\":\"2019-04-12T22:45:00+00:00\",\"dateModified\":\"2019-04-17T21:35:02+00:00\",\"mainEntityOfPage\":{\"@id\":\"https:\/\/www.suno.com.br\/noticias\/avianca-brasil-cancela-voos\/\"},\"wordCount\":900,\"publisher\":{\"@id\":\"https:\/\/www.suno.com.br\/noticias\/#organization\"},\"image\":{\"@id\":\"https:\/\/www.suno.com.br\/noticias\/avianca-brasil-cancela-voos\/#primaryimage\"},\"thumbnailUrl\":\"https:\/\/files.sunoresearch.com.br\/n\/uploads\/2019\/03\/c922d2b3-avianca-jpg.webp\",\"keywords\":[\"Anac\",\"Avianca\",\"recupera\u00e7\u00e3o judicial\"],\"articleSection\":[\"Neg\u00f3cios\"],\"inLanguage\":\"pt-BR\"},{\"@type\":\"WebPage\",\"@id\":\"https:\/\/www.suno.com.br\/noticias\/avianca-brasil-cancela-voos\/\",\"url\":\"https:\/\/www.suno.com.br\/noticias\/avianca-brasil-cancela-voos\/\",\"name\":\"Avianca Brasil cancela 26 voos a partir de s\u00e1bado\",\"isPartOf\":{\"@id\":\"https:\/\/www.suno.com.br\/noticias\/#website\"},\"primaryImageOfPage\":{\"@id\":\"https:\/\/www.suno.com.br\/noticias\/avianca-brasil-cancela-voos\/#primaryimage\"},\"image\":{\"@id\":\"https:\/\/www.suno.com.br\/noticias\/avianca-brasil-cancela-voos\/#primaryimage\"},\"thumbnailUrl\":\"https:\/\/files.sunoresearch.com.br\/n\/uploads\/2019\/03\/c922d2b3-avianca-jpg.webp\",\"datePublished\":\"2019-04-12T22:45:00+00:00\",\"dateModified\":\"2019-04-17T21:35:02+00:00\",\"description\":\"De acordo com a Avianca Brasil, a medida \u00e9 necess\u00e1ria para\u00a0minimizar o impacto na sua opera\u00e7\u00e3o e dos aos seus passageiros. Clique e leia mais\",\"breadcrumb\":{\"@id\":\"https:\/\/www.suno.com.br\/noticias\/avianca-brasil-cancela-voos\/#breadcrumb\"},\"inLanguage\":\"pt-BR\",\"potentialAction\":[{\"@type\":\"ReadAction\",\"target\":[\"https:\/\/www.suno.com.br\/noticias\/avianca-brasil-cancela-voos\/\"]}]},{\"@type\":\"ImageObject\",\"inLanguage\":\"pt-BR\",\"@id\":\"https:\/\/www.suno.com.br\/noticias\/avianca-brasil-cancela-voos\/#primaryimage\",\"url\":\"https:\/\/files.sunoresearch.com.br\/n\/uploads\/2019\/03\/c922d2b3-avianca-jpg.webp\",\"contentUrl\":\"https:\/\/files.sunoresearch.com.br\/n\/uploads\/2019\/03\/c922d2b3-avianca-jpg.webp\",\"width\":1024,\"height\":683,\"caption\":\"Avianca recorre ao TST para impedir greve de tripulantes\"},{\"@type\":\"BreadcrumbList\",\"@id\":\"https:\/\/www.suno.com.br\/noticias\/avianca-brasil-cancela-voos\/#breadcrumb\",\"itemListElement\":[{\"@type\":\"ListItem\",\"position\":1,\"name\":\"Not\u00edcias\",\"item\":\"https:\/\/www.suno.com.br\/noticias\/\"},{\"@type\":\"ListItem\",\"position\":2,\"name\":\"Neg\u00f3cios\",\"item\":\"https:\/\/www.suno.com.br\/noticias\/negocios\/\"},{\"@type\":\"ListItem\",\"position\":3,\"name\":\"Avianca Brasil cancela 26 voos a partir de s\u00e1bado\"}]},{\"@type\":\"WebSite\",\"@id\":\"https:\/\/www.suno.com.br\/noticias\/#website\",\"url\":\"https:\/\/www.suno.com.br\/noticias\/\",\"name\":\"Suno Not\u00edcias\",\"description\":\"Seu portal de informa\u00e7\u00e3o sobre o mundo dos investimentos\",\"publisher\":{\"@id\":\"https:\/\/www.suno.com.br\/noticias\/#organization\"},\"potentialAction\":[{\"@type\":\"SearchAction\",\"target\":{\"@type\":\"EntryPoint\",\"urlTemplate\":\"https:\/\/www.suno.com.br\/noticias\/?s={search_term_string}\"},\"query-input\":{\"@type\":\"PropertyValueSpecification\",\"valueRequired\":true,\"valueName\":\"search_term_string\"}}],\"inLanguage\":\"pt-BR\"},{\"@type\":\"Organization\",\"@id\":\"https:\/\/www.suno.com.br\/noticias\/#organization\",\"name\":\"Suno Not\u00edcias\",\"url\":\"https:\/\/www.suno.com.br\/noticias\/\",\"logo\":{\"@type\":\"ImageObject\",\"inLanguage\":\"pt-BR\",\"@id\":\"https:\/\/www.suno.com.br\/noticias\/#\/schema\/logo\/image\/\",\"url\":\"https:\/\/files.sunoresearch.com.br\/n\/uploads\/2021\/09\/suno-logo.png\",\"contentUrl\":\"https:\/\/files.sunoresearch.com.br\/n\/uploads\/2021\/09\/suno-logo.png\",\"width\":180,\"height\":180,\"caption\":\"Suno Not\u00edcias\"},\"image\":{\"@id\":\"https:\/\/www.suno.com.br\/noticias\/#\/schema\/logo\/image\/\"},\"sameAs\":[\"https:\/\/facebook.com\/sunoresearch\",\"https:\/\/x.com\/sunoresearch\",\"https:\/\/www.instagram.com\/suno\",\"https:\/\/www.linkedin.com\/company\/suno-research\/\",\"https:\/\/www.youtube.com\/c\/sunoresearch\"]},{\"@type\":\"Person\",\"@id\":\"https:\/\/www.suno.com.br\/noticias\/#\/schema\/person\/3f7693d5795a3f6d5ce15309ee785699\",\"name\":\"Renan Dantas\",\"image\":{\"@type\":\"ImageObject\",\"inLanguage\":\"pt-BR\",\"@id\":\"https:\/\/www.suno.com.br\/noticias\/#\/schema\/person\/image\/\",\"url\":\"https:\/\/secure.gravatar.com\/avatar\/1787b83e7484a08e51d62ac8b41c8396?s=96&r=g\",\"contentUrl\":\"https:\/\/secure.gravatar.com\/avatar\/1787b83e7484a08e51d62ac8b41c8396?s=96&r=g\",\"caption\":\"Renan Dantas\"},\"description\":\"Escreve sobre pol\u00edtica e mercado financeiro para o portal Suno Not\u00edcias. Antes, atuou na assessoria de comunica\u00e7\u00e3o do Minist\u00e9rio P\u00fablico do Trabalho e na R\u00e1dio Mackenzie, onde apresentava e produzia um programa sobre artistas da m\u00fasica brasileira. \u00c9 estudante na Universidade Presbiteriana Mackenzie.\",\"url\":\"https:\/\/www.suno.com.br\/noticias\/author\/renan-dantas\/\"}]}<\/script>\n<!-- \/ Yoast SEO plugin. -->","yoast_head_json":{"title":"Avianca Brasil cancela 26 voos a partir de s\u00e1bado","description":"De acordo com a Avianca Brasil, a medida \u00e9 necess\u00e1ria para\u00a0minimizar o impacto na sua opera\u00e7\u00e3o e dos aos seus passageiros. Clique e leia mais","robots":{"index":"index","follow":"follow","max-snippet":"max-snippet:-1","max-image-preview":"max-image-preview:large","max-video-preview":"max-video-preview:-1"},"canonical":"https:\/\/www.suno.com.br\/noticias\/avianca-brasil-cancela-voos\/","og_locale":"pt_BR","og_type":"article","og_title":"Avianca Brasil cancela 26 voos a partir de s\u00e1bado","og_description":"De acordo com a Avianca Brasil, a medida \u00e9 necess\u00e1ria para\u00a0minimizar o impacto na sua opera\u00e7\u00e3o e dos aos seus passageiros. Clique e leia mais","og_url":"https:\/\/www.suno.com.br\/noticias\/avianca-brasil-cancela-voos\/","og_site_name":"Suno Not\u00edcias","article_publisher":"https:\/\/facebook.com\/sunoresearch","og_image":[{"width":1024,"height":683,"url":"https:\/\/files.sunoresearch.com.br\/n\/uploads\/2019\/03\/c922d2b3-avianca.jpg","type":"image\/jpeg"}],"author":"Renan Dantas","twitter_card":"summary_large_image","twitter_creator":"@sunoresearch","twitter_site":"@sunoresearch","twitter_misc":{"Escrito por":"Renan Dantas","Est. tempo de leitura":"4 minutos"},"schema":{"@context":"https:\/\/schema.org","@graph":[{"@type":"NewsArticle","@id":"https:\/\/www.suno.com.br\/noticias\/avianca-brasil-cancela-voos\/#article","isPartOf":{"@id":"https:\/\/www.suno.com.br\/noticias\/avianca-brasil-cancela-voos\/"},"author":{"name":"Renan Dantas","@id":"https:\/\/www.suno.com.br\/noticias\/#\/schema\/person\/3f7693d5795a3f6d5ce15309ee785699"},"headline":"Avianca Brasil cancela 26 voos a partir de s\u00e1bado","datePublished":"2019-04-12T22:45:00+00:00","dateModified":"2019-04-17T21:35:02+00:00","mainEntityOfPage":{"@id":"https:\/\/www.suno.com.br\/noticias\/avianca-brasil-cancela-voos\/"},"wordCount":900,"publisher":{"@id":"https:\/\/www.suno.com.br\/noticias\/#organization"},"image":{"@id":"https:\/\/www.suno.com.br\/noticias\/avianca-brasil-cancela-voos\/#primaryimage"},"thumbnailUrl":"https:\/\/files.sunoresearch.com.br\/n\/uploads\/2019\/03\/c922d2b3-avianca-jpg.webp","keywords":["Anac","Avianca","recupera\u00e7\u00e3o judicial"],"articleSection":["Neg\u00f3cios"],"inLanguage":"pt-BR"},{"@type":"WebPage","@id":"https:\/\/www.suno.com.br\/noticias\/avianca-brasil-cancela-voos\/","url":"https:\/\/www.suno.com.br\/noticias\/avianca-brasil-cancela-voos\/","name":"Avianca Brasil cancela 26 voos a partir de s\u00e1bado","isPartOf":{"@id":"https:\/\/www.suno.com.br\/noticias\/#website"},"primaryImageOfPage":{"@id":"https:\/\/www.suno.com.br\/noticias\/avianca-brasil-cancela-voos\/#primaryimage"},"image":{"@id":"https:\/\/www.suno.com.br\/noticias\/avianca-brasil-cancela-voos\/#primaryimage"},"thumbnailUrl":"https:\/\/files.sunoresearch.com.br\/n\/uploads\/2019\/03\/c922d2b3-avianca-jpg.webp","datePublished":"2019-04-12T22:45:00+00:00","dateModified":"2019-04-17T21:35:02+00:00","description":"De acordo com a Avianca Brasil, a medida \u00e9 necess\u00e1ria para\u00a0minimizar o impacto na sua opera\u00e7\u00e3o e dos aos seus passageiros. Clique e leia mais","breadcrumb":{"@id":"https:\/\/www.suno.com.br\/noticias\/avianca-brasil-cancela-voos\/#breadcrumb"},"inLanguage":"pt-BR","potentialAction":[{"@type":"ReadAction","target":["https:\/\/www.suno.com.br\/noticias\/avianca-brasil-cancela-voos\/"]}]},{"@type":"ImageObject","inLanguage":"pt-BR","@id":"https:\/\/www.suno.com.br\/noticias\/avianca-brasil-cancela-voos\/#primaryimage","url":"https:\/\/files.sunoresearch.com.br\/n\/uploads\/2019\/03\/c922d2b3-avianca-jpg.webp","contentUrl":"https:\/\/files.sunoresearch.com.br\/n\/uploads\/2019\/03\/c922d2b3-avianca-jpg.webp","width":1024,"height":683,"caption":"Avianca recorre ao TST para impedir greve de tripulantes"},{"@type":"BreadcrumbList","@id":"https:\/\/www.suno.com.br\/noticias\/avianca-brasil-cancela-voos\/#breadcrumb","itemListElement":[{"@type":"ListItem","position":1,"name":"Not\u00edcias","item":"https:\/\/www.suno.com.br\/noticias\/"},{"@type":"ListItem","position":2,"name":"Neg\u00f3cios","item":"https:\/\/www.suno.com.br\/noticias\/negocios\/"},{"@type":"ListItem","position":3,"name":"Avianca Brasil cancela 26 voos a partir de s\u00e1bado"}]},{"@type":"WebSite","@id":"https:\/\/www.suno.com.br\/noticias\/#website","url":"https:\/\/www.suno.com.br\/noticias\/","name":"Suno Not\u00edcias","description":"Seu portal de informa\u00e7\u00e3o sobre o mundo dos investimentos","publisher":{"@id":"https:\/\/www.suno.com.br\/noticias\/#organization"},"potentialAction":[{"@type":"SearchAction","target":{"@type":"EntryPoint","urlTemplate":"https:\/\/www.suno.com.br\/noticias\/?s={search_term_string}"},"query-input":{"@type":"PropertyValueSpecification","valueRequired":true,"valueName":"search_term_string"}}],"inLanguage":"pt-BR"},{"@type":"Organization","@id":"https:\/\/www.suno.com.br\/noticias\/#organization","name":"Suno Not\u00edcias","url":"https:\/\/www.suno.com.br\/noticias\/","logo":{"@type":"ImageObject","inLanguage":"pt-BR","@id":"https:\/\/www.suno.com.br\/noticias\/#\/schema\/logo\/image\/","url":"https:\/\/files.sunoresearch.com.br\/n\/uploads\/2021\/09\/suno-logo.png","contentUrl":"https:\/\/files.sunoresearch.com.br\/n\/uploads\/2021\/09\/suno-logo.png","width":180,"height":180,"caption":"Suno Not\u00edcias"},"image":{"@id":"https:\/\/www.suno.com.br\/noticias\/#\/schema\/logo\/image\/"},"sameAs":["https:\/\/facebook.com\/sunoresearch","https:\/\/x.com\/sunoresearch","https:\/\/www.instagram.com\/suno","https:\/\/www.linkedin.com\/company\/suno-research\/","https:\/\/www.youtube.com\/c\/sunoresearch"]},{"@type":"Person","@id":"https:\/\/www.suno.com.br\/noticias\/#\/schema\/person\/3f7693d5795a3f6d5ce15309ee785699","name":"Renan Dantas","image":{"@type":"ImageObject","inLanguage":"pt-BR","@id":"https:\/\/www.suno.com.br\/noticias\/#\/schema\/person\/image\/","url":"https:\/\/secure.gravatar.com\/avatar\/1787b83e7484a08e51d62ac8b41c8396?s=96&r=g","contentUrl":"https:\/\/secure.gravatar.com\/avatar\/1787b83e7484a08e51d62ac8b41c8396?s=96&r=g","caption":"Renan Dantas"},"description":"Escreve sobre pol\u00edtica e mercado financeiro para o portal Suno Not\u00edcias. Antes, atuou na assessoria de comunica\u00e7\u00e3o do Minist\u00e9rio P\u00fablico do Trabalho e na R\u00e1dio Mackenzie, onde apresentava e produzia um programa sobre artistas da m\u00fasica brasileira. \u00c9 estudante na Universidade Presbiteriana Mackenzie.","url":"https:\/\/www.suno.com.br\/noticias\/author\/renan-dantas\/"}]}},"default_loop_html":"<div class=\"cardsPage__listCard__boxs\"><div class=\"cardsPage__listCard__boxs__img\"><a href=\"https:\/\/www.suno.com.br\/noticias\/avianca-brasil-cancela-voos\/\"><img class=\"mask\" src=\"https:\/\/www.suno.com.br\/noticias\/wp-content\/themes\/suno\/resources\/images\/spotlight\/spotlight1img\/bg-mask.png\" alt=\"Image Mask\"\/><img src=\"https:\/\/files.sunoresearch.com.br\/n\/uploads\/2019\/03\/c922d2b3-avianca-400x200.webp\" alt=\"Avianca Brasil cancela 26 voos a partir de s\u00e1bado\"\/><\/a><span class=\"spotlightCategory\"><a href=\"https:\/\/www.suno.com.br\/noticias\/negocios\/\">Neg\u00f3cios<\/a><\/span><\/div><div class=\"cardsPage__listCard__boxs__content\"><a href=\"https:\/\/www.suno.com.br\/noticias\/avianca-brasil-cancela-voos\/\"><h2 class=\"content__title\">Avianca Brasil cancela 26 voos a partir de s\u00e1bado<\/h2><\/a><div class=\"newsContent__article__meta\"><div class=\"newsContent__article__meta__authorBox\"><a href=\"https:\/\/www.suno.com.br\/noticias\/author\/renan-dantas\/\" class=\"authorBox__avatar noMobi\"><img src=\"https:\/\/secure.gravatar.com\/avatar\/1787b83e7484a08e51d62ac8b41c8396?s=96&#038;r=g\" alt=\"Renan Dantas\"><\/a><div class=\"authorBox__name\"><span>por\n\t\t\t<a href=\"https:\/\/www.suno.com.br\/noticias\/author\/renan-dantas\/\"><span itemprop=\"author\">Renan Dantas<\/span><\/a><\/span><time datetime=\"2019-04-12T19:45:00-03:00\" itemprop=\"datePublished\">12\/04\/2019 19:45<\/time><\/div><\/div><\/div><\/div><\/div>","single_layout":"posts","amp_enabled":true,"_links":{"self":[{"href":"https:\/\/www.suno.com.br\/noticias\/wp-json\/wp\/v2\/posts\/20861"}],"collection":[{"href":"https:\/\/www.suno.com.br\/noticias\/wp-json\/wp\/v2\/posts"}],"about":[{"href":"https:\/\/www.suno.com.br\/noticias\/wp-json\/wp\/v2\/types\/post"}],"author":[{"embeddable":true,"href":"https:\/\/www.suno.com.br\/noticias\/wp-json\/wp\/v2\/users\/14"}],"replies":[{"embeddable":true,"href":"https:\/\/www.suno.com.br\/noticias\/wp-json\/wp\/v2\/comments?post=20861"}],"version-history":[{"count":0,"href":"https:\/\/www.suno.com.br\/noticias\/wp-json\/wp\/v2\/posts\/20861\/revisions"}],"wp:featuredmedia":[{"embeddable":true,"href":"https:\/\/www.suno.com.br\/noticias\/wp-json\/wp\/v2\/media\/19501"}],"wp:attachment":[{"href":"https:\/\/www.suno.com.br\/noticias\/wp-json\/wp\/v2\/media?parent=20861"}],"wp:term":[{"taxonomy":"category","embeddable":true,"href":"https:\/\/www.suno.com.br\/noticias\/wp-json\/wp\/v2\/categories?post=20861"},{"taxonomy":"post_tag","embeddable":true,"href":"https:\/\/www.suno.com.br\/noticias\/wp-json\/wp\/v2\/tags?post=20861"},{"taxonomy":"suno_strategy","embeddable":true,"href":"https:\/\/www.suno.com.br\/noticias\/wp-json\/wp\/v2\/suno_strategy?post=20861"}],"curies":[{"name":"wp","href":"https:\/\/api.w.org\/{rel}","templated":true}]}}