{"id":208368,"date":"2021-11-24T19:01:47","date_gmt":"2021-11-24T22:01:47","guid":{"rendered":"https:\/\/www.suno.com.br\/noticias\/?p=208368"},"modified":"2021-11-24T19:01:47","modified_gmt":"2021-11-24T22:01:47","slug":"petrobras-petr3-petr4-silva-e-luna-privatizacao","status":"publish","type":"post","link":"https:\/\/www.suno.com.br\/noticias\/petrobras-petr3-petr4-silva-e-luna-privatizacao\/","title":{"rendered":"Petrobras (PETR4): com regras atuais, privatiza\u00e7\u00e3o n\u00e3o faria tanta diferen\u00e7a, diz Silva e Luna"},"content":{"rendered":"<p>Com declara\u00e7\u00f5es do Pal\u00e1cio do Planalto, a privatiza\u00e7\u00e3o da <a href=\"https:\/\/www.suno.com.br\/acoes\/petr4\/\"><strong>Petrobras<\/strong> (PETR4)<\/a> ganhou espa\u00e7o no notici\u00e1rio nas \u00faltimas semanas. Mas, sem nenhum movimento concreto do governo &#8211; fora um &#8216;pedido de estudo&#8217; -, o presidente da companhia Joaquim Silva e Luna afirmou que a desestatiza\u00e7\u00e3o faria &#8220;pouca diferen\u00e7a&#8221;.<\/p>\t<div class=\"wrapper-featured-image\">\n\t\t<figure class=\"spotlightImg\">\n\n\t\t\t<picture>\n\t\t\t\t<source media=\"(max-width: 768px)\" srcset=\"https:\/\/files.sunoresearch.com.br\/n\/uploads\/2021\/07\/31e8f8c4-mcmgo_abr_2910191342-400x200.jpg\">\n\t\t\t\t<img loading=\"lazy\" decoding=\"async\" class=\"newsContent__article__imgCapa lazyloadDisabled \" src=\"https:\/\/files.sunoresearch.com.br\/n\/uploads\/2021\/07\/31e8f8c4-mcmgo_abr_2910191342-800x450.jpg\" width=\"800\" height=\"450\" alt=\"Petrobras (PETR4): com regras atuais, privatiza\u00e7\u00e3o n\u00e3o faria tanta diferen\u00e7a, diz Silva e Luna\" fetchpriority=high \/>\n\t\t\t<\/picture>\n\n\t\t\t<figcaption class=\"wp-caption-text wp-caption-text--show\">Sob Silva e Luna, Petrobras pagou dividendos recordes com gera\u00e7\u00e3o de caixa e venda de ativos - Foto: Ag\u00eancia Brasil<\/figcaption>\n\t\t<\/figure>\n\t<\/div>\n\n\n\t<p>\n\t\t<a href=\"https:\/\/lp.suno.com.br\/planilha-controle-gastos\/\" target=\"_blank\" data-element=\"shortcode-suno-banner\" title=\"Banner SUNO, clique e saiba mais\">\n\t\t\t<picture>\n\t\t\t\t<source media=\"(max-width: 500px)\" srcset=\"https:\/\/files.sunoresearch.com.br\/n\/uploads\/2023\/03\/400x300-Planilha-controle-de-gastos.png\">\n\t\t\t\t<img class=\"newsContent__article__imgCapa newsContent__article__imgCapa--banner\"\n\t\t\t\t\tsrc=\"https:\/\/files.sunoresearch.com.br\/n\/uploads\/2023\/03\/1420x240-Planilha-controle-de-gastos.png\"\n\t\t\t\t\tdata-promo-id=\"101751\"\t\t\t\t\t\t\t\t\t\twidth='1420' height='240'\t\t\t\t\talt=\"https:\/\/files.sunoresearch.com.br\/n\/uploads\/2023\/03\/1420x240-Planilha-controle-de-gastos.png\"\n\t\t\t\t>\n\t\t\t<\/picture>\n\t\t<\/a>\n\t<\/p>\n\n\n<p>&#8220;Essa \u00e9 uma decis\u00e3o que poder\u00e1 ser tomada a partir de um estudo aprofundado por iniciativa do <a class=\"suno-keyword\" href=\"https:\/\/www.suno.com.br\/artigos\/acionista-majoritario\/\" target=\"_blank\" rel=\"noopener\" data-force=\"no\" data-priority=\"1\">acionista majorit\u00e1rio<\/a>, a Uni\u00e3o. A modifica\u00e7\u00e3o disso seria a redu\u00e7\u00e3o daquilo que ela (Uni\u00e3o) recebe de <a class=\"suno-keyword\" href=\"https:\/\/www.suno.com.br\/guias\/dividendos\/\" target=\"_blank\" rel=\"noopener\" data-force=\"no\" data-priority=\"1\">dividendos<\/a> e royalties, porque em termos de como ela trabalha a diferen\u00e7a \u00e9 muito pequena&#8221;, disse Silva e Luna, <strong>presidente da Petrobras<\/strong>.<\/p>\n<p>O executivo acrescentou ainda, em entrevista \u00e0 TV Jovem Pan, que a redu\u00e7\u00e3o do n\u00famero de estatais \u00e9 &#8220;uma tend\u00eancia global&#8221;, e que a poss\u00edvel privatiza\u00e7\u00e3o da Petrobras reduziria o recebimento de dividendos pelo governo.<\/p>\n\t<div data-element=\"shortcode-read-more\" class=\"knowMore\">\n\t\t\t\t<span class=\"knowMore__title\">Leia mais<\/span>\n\t\t\t\t<a class=\"knowMore__link\" href=\"https:\/\/www.suno.com.br\/noticias\/petrobras-petr4-petr3-distribuidoras-combustivel-gasolina\/\">\n\t\t\tPetrobras (PETR4) n\u00e3o atender\u00e1 todos os postos de gasolina por &#039;demanda at\u00edpica&#039;\t\t<\/a>\n\t<\/div>\n\n\n<p>&#8220;Ser uma empresa privada ou estatal, como ela funciona hoje, a diferen\u00e7a \u00e9 muito pequena&#8221;, acrescentou.<\/p>\n<p>&#8220;Ela (Petrobras) tem um sistema de governan\u00e7a e conformidade que dificilmente seria alterado. Poderia ser privatizada? Sim, essa \u00e9 a tend\u00eancia do mundo, de diminuir as estatais&#8221;, adicionou.<\/p>\n\t<p>\n\t\t<a href=\"https:\/\/lp.suno.com.br\/planilha-da-vida-financeira\/\" target=\"_blank\" data-element=\"shortcode-suno-banner\" title=\"Banner SUNO, clique e saiba mais\">\n\t\t\t<picture>\n\t\t\t\t<source media=\"(max-width: 500px)\" srcset=\"https:\/\/files.sunoresearch.com.br\/n\/uploads\/2023\/04\/400x300-Planilha-vida-financeira-true.png\">\n\t\t\t\t<img class=\"newsContent__article__imgCapa newsContent__article__imgCapa--banner\"\n\t\t\t\t\tsrc=\"https:\/\/files.sunoresearch.com.br\/n\/uploads\/2023\/04\/1420x240-Planilha-vida-financeira-true.png\"\n\t\t\t\t\tdata-promo-id=\"106682\"\t\t\t\t\t\t\t\t\t\twidth='1420' height='240'\t\t\t\t\talt=\"https:\/\/files.sunoresearch.com.br\/n\/uploads\/2023\/04\/1420x240-Planilha-vida-financeira-true.png\"\n\t\t\t\t>\n\t\t\t<\/picture>\n\t\t<\/a>\n\t<\/p>\n\n\n<p>O general da reserva confirmou ainda que o novo <a class=\"suno-keyword\" href=\"https:\/\/www.suno.com.br\/artigos\/plano-de-negocios\/\" target=\"_blank\" rel=\"noopener\" data-force=\"no\" data-priority=\"2\">plano de neg\u00f3cios<\/a> da estatal, que ser\u00e1 divulgado na quinta-feira (25), manter\u00e1 o seu foco no pr\u00e9-sal, confirmando reportagem da Reuters publicada na semana passada.<\/p>\n<h2>Bolsonaro diz que rev\u00ea pol\u00edtica de pre\u00e7os da Petrobras<\/h2>\n<p>Em mais um ataque \u00e0 Petrobras, o presidente Jair Bolsonaro afirmou <a href=\"https:\/\/www.suno.com.br\/artigos\/precos-administrados\">nesta ter\u00e7a-feira, 23, que o governo busca rever a pol\u00edtica de pre\u00e7os da estatal<\/a> que alinha os reajustes dos combust\u00edveis ao pre\u00e7o do barril de petr\u00f3leo no mercado internacional.<\/p>\n\t<p>\n\t\t<a href=\"https:\/\/lp.suno.com.br\/ebook-como-analisar-uma-acao\/\" target=\"_blank\" data-element=\"shortcode-suno-banner\" title=\"Banner SUNO, clique e saiba mais\">\n\t\t\t<picture>\n\t\t\t\t<source media=\"(max-width: 500px)\" srcset=\"https:\/\/files.sunoresearch.com.br\/n\/uploads\/2023\/03\/Ebook-Acoes-Mobile-1.jpg\">\n\t\t\t\t<img class=\"newsContent__article__imgCapa newsContent__article__imgCapa--banner\"\n\t\t\t\t\tsrc=\"https:\/\/files.sunoresearch.com.br\/n\/uploads\/2023\/03\/Ebook-Acoes-Desktop-1.jpg\"\n\t\t\t\t\tdata-promo-id=\"171998\"\t\t\t\t\t\t\t\t\t\twidth='1420' height='286'\t\t\t\t\talt=\"https:\/\/files.sunoresearch.com.br\/n\/uploads\/2023\/03\/Ebook-Acoes-Desktop-1.jpg\"\n\t\t\t\t>\n\t\t\t<\/picture>\n\t\t<\/a>\n\t<\/p>\n\n\n<p>&#8220;Tivemos problemas s\u00e9rios no passado, al\u00e9m da corrup\u00e7\u00e3o: a quest\u00e3o da paridade com o pre\u00e7o internacional. Estamos buscando rever issao&#8221;, disse Bolsonaro \u00e0 <i>R\u00e1dio Correio, da Para\u00edba<\/i>. A entrevista foi gravada na manh\u00e3 desta ter\u00e7a-feira no Pal\u00e1cio da Alvorada, mas n\u00e3o constava da agenda oficial do chefe do Executivo.<\/p>\n<p>Com a alta dos combust\u00edveis comprometendo sua popularidade, <a href=\"https:\/\/www.suno.com.br\/noticias\/bolsonaro-dividendos-petrobras-petr4-absurdo\/\">Bolsonaro tem feito uma s\u00e9rie de cr\u00edticas \u00e0 <strong>Petrobras<\/strong> e aos impostos<\/a> cobrados por governadores sobre os derivados de petr\u00f3leo. O presidente j\u00e1 chegou a dizer, por exemplo, que a estatal d\u00e1 muito lucro.<\/p>\n\t<p>\n\t\t<a href=\"https:\/\/lp.suno.com.br\/planilha-de-controle-de-investimentos\/\" target=\"_blank\" data-element=\"shortcode-suno-banner\" title=\"Banner SUNO, clique e saiba mais\">\n\t\t\t<picture>\n\t\t\t\t<source media=\"(max-width: 500px)\" srcset=\"https:\/\/files.sunoresearch.com.br\/n\/uploads\/2023\/03\/400x300-Controle-de-Investimentos.png\">\n\t\t\t\t<img class=\"newsContent__article__imgCapa newsContent__article__imgCapa--banner\"\n\t\t\t\t\tsrc=\"https:\/\/files.sunoresearch.com.br\/n\/uploads\/2023\/03\/1420x240-Controle-de-Investimentos.png\"\n\t\t\t\t\tdata-promo-id=\"75934\"\t\t\t\t\t\t\t\t\t\twidth='1420' height='240'\t\t\t\t\talt=\"https:\/\/files.sunoresearch.com.br\/n\/uploads\/2023\/03\/1420x240-Controle-de-Investimentos.png\"\n\t\t\t\t>\n\t\t\t<\/picture>\n\t\t<\/a>\n\t<\/p>\n\n\n","protected":false},"excerpt":{"rendered":"<p>Com declara\u00e7\u00f5es do Pal\u00e1cio do Planalto, a privatiza\u00e7\u00e3o da Petrobras (PETR4) ganhou espa\u00e7o no notici\u00e1rio nas \u00faltimas semanas. Mas, sem nenhum movimento concreto do governo &#8211; fora um &#8216;pedido de estudo&#8217; -, o presidente da companhia Joaquim Silva e Luna afirmou que a desestatiza\u00e7\u00e3o faria &#8220;pouca diferen\u00e7a&#8221;. Sob Silva e Luna, Petrobras pagou dividendos recordes [&hellip;]<\/p>\n","protected":false},"author":73,"featured_media":167629,"comment_status":"closed","ping_status":"closed","sticky":false,"template":"","format":"standard","meta":[],"categories":[64],"tags":[105988,595],"suno_strategy":[],"class_list":["post-208368","post","type-post","status-publish","format-standard","has-post-thumbnail","hentry","category-negocios","tag-joaquim-silva-e-luna","tag-petrobras-petr4"],"yoast_head":"<!-- This site is optimized with the Yoast SEO plugin v24.4 - https:\/\/yoast.com\/wordpress\/plugins\/seo\/ -->\n<title>Petrobras (PETR4): &#039;Atualmente privatiza\u00e7\u00e3o faria pouca diferen\u00e7a&#039;<\/title>\n<meta name=\"robots\" content=\"index, follow, max-snippet:-1, max-image-preview:large, max-video-preview:-1\" \/>\n<link rel=\"canonical\" href=\"https:\/\/www.suno.com.br\/noticias\/petrobras-petr3-petr4-silva-e-luna-privatizacao\/\" \/>\n<meta property=\"og:locale\" content=\"pt_BR\" \/>\n<meta property=\"og:type\" content=\"article\" \/>\n<meta property=\"og:title\" content=\"Petrobras (PETR4): &#039;Atualmente privatiza\u00e7\u00e3o faria pouca diferen\u00e7a&#039;\" \/>\n<meta property=\"og:description\" content=\"Com declara\u00e7\u00f5es do Pal\u00e1cio do Planalto, a privatiza\u00e7\u00e3o da Petrobras (PETR4) ganhou espa\u00e7o no notici\u00e1rio nas \u00faltimas semanas. Mas, sem nenhum movimento concreto do governo &#8211; fora um &#8216;pedido de estudo&#8217; -, o presidente da companhia Joaquim Silva e Luna afirmou que a desestatiza\u00e7\u00e3o faria &#8220;pouca diferen\u00e7a&#8221;. Sob Silva e Luna, Petrobras pagou dividendos recordes [&hellip;]\" \/>\n<meta property=\"og:url\" content=\"https:\/\/www.suno.com.br\/noticias\/petrobras-petr3-petr4-silva-e-luna-privatizacao\/\" \/>\n<meta property=\"og:site_name\" content=\"Suno Not\u00edcias\" \/>\n<meta property=\"article:publisher\" content=\"https:\/\/facebook.com\/sunoresearch\" \/>\n<meta property=\"og:image\" content=\"https:\/\/files.sunoresearch.com.br\/n\/uploads\/2021\/07\/31e8f8c4-mcmgo_abr_2910191342-scaled.jpg\" \/>\n\t<meta property=\"og:image:width\" content=\"2560\" \/>\n\t<meta property=\"og:image:height\" content=\"1704\" \/>\n\t<meta property=\"og:image:type\" content=\"image\/jpeg\" \/>\n<meta name=\"author\" content=\"Eduardo Vargas\" \/>\n<meta name=\"twitter:card\" content=\"summary_large_image\" \/>\n<meta name=\"twitter:creator\" content=\"@sunoresearch\" \/>\n<meta name=\"twitter:site\" content=\"@sunoresearch\" \/>\n<meta name=\"twitter:label1\" content=\"Escrito por\" \/>\n\t<meta name=\"twitter:data1\" content=\"Eduardo Vargas\" \/>\n\t<meta name=\"twitter:label2\" content=\"Est. tempo de leitura\" \/>\n\t<meta name=\"twitter:data2\" content=\"2 minutos\" \/>\n<script type=\"application\/ld+json\" class=\"yoast-schema-graph\">{\"@context\":\"https:\/\/schema.org\",\"@graph\":[{\"@type\":\"NewsArticle\",\"@id\":\"https:\/\/www.suno.com.br\/noticias\/petrobras-petr3-petr4-silva-e-luna-privatizacao\/#article\",\"isPartOf\":{\"@id\":\"https:\/\/www.suno.com.br\/noticias\/petrobras-petr3-petr4-silva-e-luna-privatizacao\/\"},\"author\":{\"name\":\"Eduardo Vargas\",\"@id\":\"https:\/\/www.suno.com.br\/noticias\/#\/schema\/person\/7f4d362bf3518e76090143ae77bb49a5\"},\"headline\":\"Petrobras (PETR4): com regras atuais, privatiza\u00e7\u00e3o n\u00e3o faria tanta diferen\u00e7a, diz Silva e Luna\",\"datePublished\":\"2021-11-24T22:01:47+00:00\",\"mainEntityOfPage\":{\"@id\":\"https:\/\/www.suno.com.br\/noticias\/petrobras-petr3-petr4-silva-e-luna-privatizacao\/\"},\"wordCount\":426,\"publisher\":{\"@id\":\"https:\/\/www.suno.com.br\/noticias\/#organization\"},\"image\":{\"@id\":\"https:\/\/www.suno.com.br\/noticias\/petrobras-petr3-petr4-silva-e-luna-privatizacao\/#primaryimage\"},\"thumbnailUrl\":\"https:\/\/files.sunoresearch.com.br\/n\/uploads\/2021\/07\/31e8f8c4-mcmgo_abr_2910191342-scaled.jpg\",\"keywords\":[\"Joaquim Silva e Luna\",\"Petrobras (PETR4)\"],\"articleSection\":[\"Neg\u00f3cios\"],\"inLanguage\":\"pt-BR\"},{\"@type\":\"WebPage\",\"@id\":\"https:\/\/www.suno.com.br\/noticias\/petrobras-petr3-petr4-silva-e-luna-privatizacao\/\",\"url\":\"https:\/\/www.suno.com.br\/noticias\/petrobras-petr3-petr4-silva-e-luna-privatizacao\/\",\"name\":\"Petrobras (PETR4): 'Atualmente privatiza\u00e7\u00e3o faria pouca diferen\u00e7a'\",\"isPartOf\":{\"@id\":\"https:\/\/www.suno.com.br\/noticias\/#website\"},\"primaryImageOfPage\":{\"@id\":\"https:\/\/www.suno.com.br\/noticias\/petrobras-petr3-petr4-silva-e-luna-privatizacao\/#primaryimage\"},\"image\":{\"@id\":\"https:\/\/www.suno.com.br\/noticias\/petrobras-petr3-petr4-silva-e-luna-privatizacao\/#primaryimage\"},\"thumbnailUrl\":\"https:\/\/files.sunoresearch.com.br\/n\/uploads\/2021\/07\/31e8f8c4-mcmgo_abr_2910191342-scaled.jpg\",\"datePublished\":\"2021-11-24T22:01:47+00:00\",\"breadcrumb\":{\"@id\":\"https:\/\/www.suno.com.br\/noticias\/petrobras-petr3-petr4-silva-e-luna-privatizacao\/#breadcrumb\"},\"inLanguage\":\"pt-BR\",\"potentialAction\":[{\"@type\":\"ReadAction\",\"target\":[\"https:\/\/www.suno.com.br\/noticias\/petrobras-petr3-petr4-silva-e-luna-privatizacao\/\"]}]},{\"@type\":\"ImageObject\",\"inLanguage\":\"pt-BR\",\"@id\":\"https:\/\/www.suno.com.br\/noticias\/petrobras-petr3-petr4-silva-e-luna-privatizacao\/#primaryimage\",\"url\":\"https:\/\/files.sunoresearch.com.br\/n\/uploads\/2021\/07\/31e8f8c4-mcmgo_abr_2910191342-scaled.jpg\",\"contentUrl\":\"https:\/\/files.sunoresearch.com.br\/n\/uploads\/2021\/07\/31e8f8c4-mcmgo_abr_2910191342-scaled.jpg\",\"width\":2560,\"height\":1704,\"caption\":\"Sob Silva e Luna, Petrobras pagou dividendos recordes com gera\u00e7\u00e3o de caixa e venda de ativos - Foto: Ag\u00eancia Brasil\"},{\"@type\":\"BreadcrumbList\",\"@id\":\"https:\/\/www.suno.com.br\/noticias\/petrobras-petr3-petr4-silva-e-luna-privatizacao\/#breadcrumb\",\"itemListElement\":[{\"@type\":\"ListItem\",\"position\":1,\"name\":\"Not\u00edcias\",\"item\":\"https:\/\/www.suno.com.br\/noticias\/\"},{\"@type\":\"ListItem\",\"position\":2,\"name\":\"Neg\u00f3cios\",\"item\":\"https:\/\/www.suno.com.br\/noticias\/negocios\/\"},{\"@type\":\"ListItem\",\"position\":3,\"name\":\"Petrobras (PETR4): com regras atuais, privatiza\u00e7\u00e3o n\u00e3o faria tanta diferen\u00e7a, diz Silva e Luna\"}]},{\"@type\":\"WebSite\",\"@id\":\"https:\/\/www.suno.com.br\/noticias\/#website\",\"url\":\"https:\/\/www.suno.com.br\/noticias\/\",\"name\":\"Suno Not\u00edcias\",\"description\":\"Seu portal de informa\u00e7\u00e3o sobre o mundo dos investimentos\",\"publisher\":{\"@id\":\"https:\/\/www.suno.com.br\/noticias\/#organization\"},\"potentialAction\":[{\"@type\":\"SearchAction\",\"target\":{\"@type\":\"EntryPoint\",\"urlTemplate\":\"https:\/\/www.suno.com.br\/noticias\/?s={search_term_string}\"},\"query-input\":{\"@type\":\"PropertyValueSpecification\",\"valueRequired\":true,\"valueName\":\"search_term_string\"}}],\"inLanguage\":\"pt-BR\"},{\"@type\":\"Organization\",\"@id\":\"https:\/\/www.suno.com.br\/noticias\/#organization\",\"name\":\"Suno Not\u00edcias\",\"url\":\"https:\/\/www.suno.com.br\/noticias\/\",\"logo\":{\"@type\":\"ImageObject\",\"inLanguage\":\"pt-BR\",\"@id\":\"https:\/\/www.suno.com.br\/noticias\/#\/schema\/logo\/image\/\",\"url\":\"https:\/\/files.sunoresearch.com.br\/n\/uploads\/2021\/09\/suno-logo.png\",\"contentUrl\":\"https:\/\/files.sunoresearch.com.br\/n\/uploads\/2021\/09\/suno-logo.png\",\"width\":180,\"height\":180,\"caption\":\"Suno Not\u00edcias\"},\"image\":{\"@id\":\"https:\/\/www.suno.com.br\/noticias\/#\/schema\/logo\/image\/\"},\"sameAs\":[\"https:\/\/facebook.com\/sunoresearch\",\"https:\/\/x.com\/sunoresearch\",\"https:\/\/www.instagram.com\/suno\",\"https:\/\/www.linkedin.com\/company\/suno-research\/\",\"https:\/\/www.youtube.com\/c\/sunoresearch\"]},{\"@type\":\"Person\",\"@id\":\"https:\/\/www.suno.com.br\/noticias\/#\/schema\/person\/7f4d362bf3518e76090143ae77bb49a5\",\"name\":\"Eduardo Vargas\",\"image\":{\"@type\":\"ImageObject\",\"inLanguage\":\"pt-BR\",\"@id\":\"https:\/\/www.suno.com.br\/noticias\/#\/schema\/person\/image\/\",\"url\":\"https:\/\/secure.gravatar.com\/avatar\/dac340933427a22924c9f99d1eb2e3f2?s=96&r=g\",\"contentUrl\":\"https:\/\/secure.gravatar.com\/avatar\/dac340933427a22924c9f99d1eb2e3f2?s=96&r=g\",\"caption\":\"Eduardo Vargas\"},\"description\":\"Jornalista formado pela UFSC, cobre macroeconomia, neg\u00f3cios e startups para o Suno Not\u00edcias, escrevendo principalmente not\u00edcias sobre o mercado financeiro e a bolsa de valores. No YouTube e no Instagram, \u00e9 respons\u00e1vel pela produ\u00e7\u00e3o de Reels e Shorts do Suno Not\u00edcias. Anteriormente, trabalhou cobrindo economia e cotidiano no ND+ e para o ND, maior jornal impresso de Santa Catarina. Cursou um semestre letivo de Estudos de M\u00eddia na Universidad de Buenos Aires.\",\"url\":\"https:\/\/www.suno.com.br\/noticias\/author\/eduardo-vargas\/\"}]}<\/script>\n<!-- \/ Yoast SEO plugin. -->","yoast_head_json":{"title":"Petrobras (PETR4): 'Atualmente privatiza\u00e7\u00e3o faria pouca diferen\u00e7a'","robots":{"index":"index","follow":"follow","max-snippet":"max-snippet:-1","max-image-preview":"max-image-preview:large","max-video-preview":"max-video-preview:-1"},"canonical":"https:\/\/www.suno.com.br\/noticias\/petrobras-petr3-petr4-silva-e-luna-privatizacao\/","og_locale":"pt_BR","og_type":"article","og_title":"Petrobras (PETR4): 'Atualmente privatiza\u00e7\u00e3o faria pouca diferen\u00e7a'","og_description":"Com declara\u00e7\u00f5es do Pal\u00e1cio do Planalto, a privatiza\u00e7\u00e3o da Petrobras (PETR4) ganhou espa\u00e7o no notici\u00e1rio nas \u00faltimas semanas. Mas, sem nenhum movimento concreto do governo &#8211; fora um &#8216;pedido de estudo&#8217; -, o presidente da companhia Joaquim Silva e Luna afirmou que a desestatiza\u00e7\u00e3o faria &#8220;pouca diferen\u00e7a&#8221;. Sob Silva e Luna, Petrobras pagou dividendos recordes [&hellip;]","og_url":"https:\/\/www.suno.com.br\/noticias\/petrobras-petr3-petr4-silva-e-luna-privatizacao\/","og_site_name":"Suno Not\u00edcias","article_publisher":"https:\/\/facebook.com\/sunoresearch","og_image":[{"width":2560,"height":1704,"url":"https:\/\/files.sunoresearch.com.br\/n\/uploads\/2021\/07\/31e8f8c4-mcmgo_abr_2910191342-scaled.jpg","type":"image\/jpeg"}],"author":"Eduardo Vargas","twitter_card":"summary_large_image","twitter_creator":"@sunoresearch","twitter_site":"@sunoresearch","twitter_misc":{"Escrito por":"Eduardo Vargas","Est. tempo de leitura":"2 minutos"},"schema":{"@context":"https:\/\/schema.org","@graph":[{"@type":"NewsArticle","@id":"https:\/\/www.suno.com.br\/noticias\/petrobras-petr3-petr4-silva-e-luna-privatizacao\/#article","isPartOf":{"@id":"https:\/\/www.suno.com.br\/noticias\/petrobras-petr3-petr4-silva-e-luna-privatizacao\/"},"author":{"name":"Eduardo Vargas","@id":"https:\/\/www.suno.com.br\/noticias\/#\/schema\/person\/7f4d362bf3518e76090143ae77bb49a5"},"headline":"Petrobras (PETR4): com regras atuais, privatiza\u00e7\u00e3o n\u00e3o faria tanta diferen\u00e7a, diz Silva e Luna","datePublished":"2021-11-24T22:01:47+00:00","mainEntityOfPage":{"@id":"https:\/\/www.suno.com.br\/noticias\/petrobras-petr3-petr4-silva-e-luna-privatizacao\/"},"wordCount":426,"publisher":{"@id":"https:\/\/www.suno.com.br\/noticias\/#organization"},"image":{"@id":"https:\/\/www.suno.com.br\/noticias\/petrobras-petr3-petr4-silva-e-luna-privatizacao\/#primaryimage"},"thumbnailUrl":"https:\/\/files.sunoresearch.com.br\/n\/uploads\/2021\/07\/31e8f8c4-mcmgo_abr_2910191342-scaled.jpg","keywords":["Joaquim Silva e Luna","Petrobras (PETR4)"],"articleSection":["Neg\u00f3cios"],"inLanguage":"pt-BR"},{"@type":"WebPage","@id":"https:\/\/www.suno.com.br\/noticias\/petrobras-petr3-petr4-silva-e-luna-privatizacao\/","url":"https:\/\/www.suno.com.br\/noticias\/petrobras-petr3-petr4-silva-e-luna-privatizacao\/","name":"Petrobras (PETR4): 'Atualmente privatiza\u00e7\u00e3o faria pouca diferen\u00e7a'","isPartOf":{"@id":"https:\/\/www.suno.com.br\/noticias\/#website"},"primaryImageOfPage":{"@id":"https:\/\/www.suno.com.br\/noticias\/petrobras-petr3-petr4-silva-e-luna-privatizacao\/#primaryimage"},"image":{"@id":"https:\/\/www.suno.com.br\/noticias\/petrobras-petr3-petr4-silva-e-luna-privatizacao\/#primaryimage"},"thumbnailUrl":"https:\/\/files.sunoresearch.com.br\/n\/uploads\/2021\/07\/31e8f8c4-mcmgo_abr_2910191342-scaled.jpg","datePublished":"2021-11-24T22:01:47+00:00","breadcrumb":{"@id":"https:\/\/www.suno.com.br\/noticias\/petrobras-petr3-petr4-silva-e-luna-privatizacao\/#breadcrumb"},"inLanguage":"pt-BR","potentialAction":[{"@type":"ReadAction","target":["https:\/\/www.suno.com.br\/noticias\/petrobras-petr3-petr4-silva-e-luna-privatizacao\/"]}]},{"@type":"ImageObject","inLanguage":"pt-BR","@id":"https:\/\/www.suno.com.br\/noticias\/petrobras-petr3-petr4-silva-e-luna-privatizacao\/#primaryimage","url":"https:\/\/files.sunoresearch.com.br\/n\/uploads\/2021\/07\/31e8f8c4-mcmgo_abr_2910191342-scaled.jpg","contentUrl":"https:\/\/files.sunoresearch.com.br\/n\/uploads\/2021\/07\/31e8f8c4-mcmgo_abr_2910191342-scaled.jpg","width":2560,"height":1704,"caption":"Sob Silva e Luna, Petrobras pagou dividendos recordes com gera\u00e7\u00e3o de caixa e venda de ativos - Foto: Ag\u00eancia Brasil"},{"@type":"BreadcrumbList","@id":"https:\/\/www.suno.com.br\/noticias\/petrobras-petr3-petr4-silva-e-luna-privatizacao\/#breadcrumb","itemListElement":[{"@type":"ListItem","position":1,"name":"Not\u00edcias","item":"https:\/\/www.suno.com.br\/noticias\/"},{"@type":"ListItem","position":2,"name":"Neg\u00f3cios","item":"https:\/\/www.suno.com.br\/noticias\/negocios\/"},{"@type":"ListItem","position":3,"name":"Petrobras (PETR4): com regras atuais, privatiza\u00e7\u00e3o n\u00e3o faria tanta diferen\u00e7a, diz Silva e Luna"}]},{"@type":"WebSite","@id":"https:\/\/www.suno.com.br\/noticias\/#website","url":"https:\/\/www.suno.com.br\/noticias\/","name":"Suno Not\u00edcias","description":"Seu portal de informa\u00e7\u00e3o sobre o mundo dos investimentos","publisher":{"@id":"https:\/\/www.suno.com.br\/noticias\/#organization"},"potentialAction":[{"@type":"SearchAction","target":{"@type":"EntryPoint","urlTemplate":"https:\/\/www.suno.com.br\/noticias\/?s={search_term_string}"},"query-input":{"@type":"PropertyValueSpecification","valueRequired":true,"valueName":"search_term_string"}}],"inLanguage":"pt-BR"},{"@type":"Organization","@id":"https:\/\/www.suno.com.br\/noticias\/#organization","name":"Suno Not\u00edcias","url":"https:\/\/www.suno.com.br\/noticias\/","logo":{"@type":"ImageObject","inLanguage":"pt-BR","@id":"https:\/\/www.suno.com.br\/noticias\/#\/schema\/logo\/image\/","url":"https:\/\/files.sunoresearch.com.br\/n\/uploads\/2021\/09\/suno-logo.png","contentUrl":"https:\/\/files.sunoresearch.com.br\/n\/uploads\/2021\/09\/suno-logo.png","width":180,"height":180,"caption":"Suno Not\u00edcias"},"image":{"@id":"https:\/\/www.suno.com.br\/noticias\/#\/schema\/logo\/image\/"},"sameAs":["https:\/\/facebook.com\/sunoresearch","https:\/\/x.com\/sunoresearch","https:\/\/www.instagram.com\/suno","https:\/\/www.linkedin.com\/company\/suno-research\/","https:\/\/www.youtube.com\/c\/sunoresearch"]},{"@type":"Person","@id":"https:\/\/www.suno.com.br\/noticias\/#\/schema\/person\/7f4d362bf3518e76090143ae77bb49a5","name":"Eduardo Vargas","image":{"@type":"ImageObject","inLanguage":"pt-BR","@id":"https:\/\/www.suno.com.br\/noticias\/#\/schema\/person\/image\/","url":"https:\/\/secure.gravatar.com\/avatar\/dac340933427a22924c9f99d1eb2e3f2?s=96&r=g","contentUrl":"https:\/\/secure.gravatar.com\/avatar\/dac340933427a22924c9f99d1eb2e3f2?s=96&r=g","caption":"Eduardo Vargas"},"description":"Jornalista formado pela UFSC, cobre macroeconomia, neg\u00f3cios e startups para o Suno Not\u00edcias, escrevendo principalmente not\u00edcias sobre o mercado financeiro e a bolsa de valores. No YouTube e no Instagram, \u00e9 respons\u00e1vel pela produ\u00e7\u00e3o de Reels e Shorts do Suno Not\u00edcias. Anteriormente, trabalhou cobrindo economia e cotidiano no ND+ e para o ND, maior jornal impresso de Santa Catarina. Cursou um semestre letivo de Estudos de M\u00eddia na Universidad de Buenos Aires.","url":"https:\/\/www.suno.com.br\/noticias\/author\/eduardo-vargas\/"}]}},"default_loop_html":"<div class=\"cardsPage__listCard__boxs\"><div class=\"cardsPage__listCard__boxs__img\"><a href=\"https:\/\/www.suno.com.br\/noticias\/petrobras-petr3-petr4-silva-e-luna-privatizacao\/\"><img class=\"mask\" src=\"https:\/\/www.suno.com.br\/noticias\/wp-content\/themes\/suno\/resources\/images\/spotlight\/spotlight1img\/bg-mask.png\" alt=\"Image Mask\"\/><img src=\"https:\/\/files.sunoresearch.com.br\/n\/uploads\/2021\/07\/31e8f8c4-mcmgo_abr_2910191342-400x200.jpg\" alt=\"Petrobras (PETR4): com regras atuais, privatiza\u00e7\u00e3o n\u00e3o faria tanta diferen\u00e7a, diz Silva e Luna\"\/><\/a><span class=\"spotlightCategory\"><a href=\"https:\/\/www.suno.com.br\/noticias\/negocios\/\">Neg\u00f3cios<\/a><\/span><\/div><div class=\"cardsPage__listCard__boxs__content\"><a href=\"https:\/\/www.suno.com.br\/noticias\/petrobras-petr3-petr4-silva-e-luna-privatizacao\/\"><h2 class=\"content__title\">Petrobras (PETR4): com regras atuais, privatiza\u00e7\u00e3o n\u00e3o faria tanta diferen\u00e7a, diz Silva e Luna<\/h2><\/a><div class=\"newsContent__article__meta\"><div class=\"newsContent__article__meta__authorBox\"><a href=\"https:\/\/www.suno.com.br\/noticias\/author\/eduardo-vargas\/\" class=\"authorBox__avatar noMobi\"><img src=\"https:\/\/secure.gravatar.com\/avatar\/dac340933427a22924c9f99d1eb2e3f2?s=96&#038;r=g\" alt=\"Eduardo Vargas\"><\/a><div class=\"authorBox__name\"><span>por\n\t\t\t<a href=\"https:\/\/www.suno.com.br\/noticias\/author\/eduardo-vargas\/\"><span itemprop=\"author\">Eduardo Vargas<\/span><\/a><\/span><time datetime=\"2021-11-24T19:01:47-03:00\" itemprop=\"datePublished\">24\/11\/2021 19:01<\/time><\/div><\/div><\/div><\/div><\/div>","single_layout":"posts","amp_enabled":true,"_links":{"self":[{"href":"https:\/\/www.suno.com.br\/noticias\/wp-json\/wp\/v2\/posts\/208368"}],"collection":[{"href":"https:\/\/www.suno.com.br\/noticias\/wp-json\/wp\/v2\/posts"}],"about":[{"href":"https:\/\/www.suno.com.br\/noticias\/wp-json\/wp\/v2\/types\/post"}],"author":[{"embeddable":true,"href":"https:\/\/www.suno.com.br\/noticias\/wp-json\/wp\/v2\/users\/73"}],"replies":[{"embeddable":true,"href":"https:\/\/www.suno.com.br\/noticias\/wp-json\/wp\/v2\/comments?post=208368"}],"version-history":[{"count":3,"href":"https:\/\/www.suno.com.br\/noticias\/wp-json\/wp\/v2\/posts\/208368\/revisions"}],"predecessor-version":[{"id":208589,"href":"https:\/\/www.suno.com.br\/noticias\/wp-json\/wp\/v2\/posts\/208368\/revisions\/208589"}],"wp:featuredmedia":[{"embeddable":true,"href":"https:\/\/www.suno.com.br\/noticias\/wp-json\/wp\/v2\/media\/167629"}],"wp:attachment":[{"href":"https:\/\/www.suno.com.br\/noticias\/wp-json\/wp\/v2\/media?parent=208368"}],"wp:term":[{"taxonomy":"category","embeddable":true,"href":"https:\/\/www.suno.com.br\/noticias\/wp-json\/wp\/v2\/categories?post=208368"},{"taxonomy":"post_tag","embeddable":true,"href":"https:\/\/www.suno.com.br\/noticias\/wp-json\/wp\/v2\/tags?post=208368"},{"taxonomy":"suno_strategy","embeddable":true,"href":"https:\/\/www.suno.com.br\/noticias\/wp-json\/wp\/v2\/suno_strategy?post=208368"}],"curies":[{"name":"wp","href":"https:\/\/api.w.org\/{rel}","templated":true}]}}