{"id":208317,"date":"2021-11-24T13:47:07","date_gmt":"2021-11-24T16:47:07","guid":{"rendered":"https:\/\/www.suno.com.br\/noticias\/?p=208317"},"modified":"2021-11-24T13:47:07","modified_gmt":"2021-11-24T16:47:07","slug":"arrecadacao-outubro-segundo-maior-valor-serie-mes","status":"publish","type":"post","link":"https:\/\/www.suno.com.br\/noticias\/arrecadacao-outubro-segundo-maior-valor-serie-mes\/","title":{"rendered":"Arrecada\u00e7\u00e3o de impostos \u00e9 de R$ 178 bilh\u00f5es, 2\u00aa maior da hist\u00f3ria"},"content":{"rendered":"<p>A <strong>arrecada\u00e7\u00e3o<\/strong> de impostos teve novo recorde para o m\u00eas de outubro, com R$ 178,742 bilh\u00f5es. O resultado representa um aumento real (descontada a infla\u00e7\u00e3o) de 4,92% na compara\u00e7\u00e3o com o mesmo m\u00eas de 2020.<\/p>\t<div class=\"wrapper-featured-image\">\n\t\t<figure class=\"spotlightImg\">\n\n\t\t\t<picture>\n\t\t\t\t<source media=\"(max-width: 768px)\" srcset=\"https:\/\/files.sunoresearch.com.br\/n\/uploads\/2021\/08\/0c8bb822-receita-federal-imposto-de-renda-400x200.jpg\">\n\t\t\t\t<img loading=\"lazy\" decoding=\"async\" class=\"newsContent__article__imgCapa lazyloadDisabled \" src=\"https:\/\/files.sunoresearch.com.br\/n\/uploads\/2021\/08\/0c8bb822-receita-federal-imposto-de-renda-800x450.jpg\" width=\"800\" height=\"450\" alt=\"Arrecada\u00e7\u00e3o de impostos \u00e9 de R$ 178 bilh\u00f5es, 2\u00aa maior da hist\u00f3ria\" fetchpriority=high \/>\n\t\t\t<\/picture>\n\n\t\t\t<figcaption class=\"wp-caption-text wp-caption-text--show\">Receita Federal. Foto: Marcelo Camargo\/Ag\u00eancia Brasil<\/figcaption>\n\t\t<\/figure>\n\t<\/div>\n\n\n\t<p>\n\t\t<a href=\"https:\/\/lp.suno.com.br\/planilha-controle-gastos\/\" target=\"_blank\" data-element=\"shortcode-suno-banner\" title=\"Banner SUNO, clique e saiba mais\">\n\t\t\t<picture>\n\t\t\t\t<source media=\"(max-width: 500px)\" srcset=\"https:\/\/files.sunoresearch.com.br\/n\/uploads\/2023\/03\/400x300-Planilha-controle-de-gastos.png\">\n\t\t\t\t<img class=\"newsContent__article__imgCapa newsContent__article__imgCapa--banner\"\n\t\t\t\t\tsrc=\"https:\/\/files.sunoresearch.com.br\/n\/uploads\/2023\/03\/1420x240-Planilha-controle-de-gastos.png\"\n\t\t\t\t\tdata-promo-id=\"101751\"\t\t\t\t\t\t\t\t\t\twidth='1420' height='240'\t\t\t\t\talt=\"https:\/\/files.sunoresearch.com.br\/n\/uploads\/2023\/03\/1420x240-Planilha-controle-de-gastos.png\"\n\t\t\t\t>\n\t\t\t<\/picture>\n\t\t<\/a>\n\t<\/p>\n\n\n<p>Em rela\u00e7\u00e3o a <strong>setembro<\/strong> deste ano, houve alta real de 18,40%. Mais uma vez, o valor arrecadado no m\u00eas passado foi o maior para meses de outubro da s\u00e9rie hist\u00f3rica, com in\u00edcio em 1995.<\/p>\n<p>O resultado das receitas veio dentro do intervalo de expectativas das institui\u00e7\u00f5es ouvidas pelo Broadcast Proje\u00e7\u00f5es, que ia de R$ 157,300 bilh\u00f5es a R$ 182,219 bilh\u00f5es, com mediana de R$ 170,90 bilh\u00f5es.<\/p>\n\n\t<div data-element=\"shortcode-read-more\" class=\"readToo\">\n\t\t\t\t<span class=\"readToo__title\">Leia mais<\/span>\n\t\t\t\t<ul class=\"readToo__list\">\n\t\t\t<li><a href=\"https:\/\/www.suno.com.br\/noticias\/mansueto-btg-governo-dialogo-congresso-bpac11\/\">Mansueto, do BTG Pactual (BPAC11), diz que governo peca em di\u00e1logo com Congresso<\/a><\/li><li><a href=\"https:\/\/www.suno.com.br\/noticias\/klabin-klbn11-rever-prejuizo-lucra-3t21-balanco\/\">Klabin (KLBN11) reverte preju\u00edzo e lucra R$ 1,2 bilh\u00e3o no 3T21; a\u00e7\u00e3o tem leve alta<\/a><\/li>\t\t<\/ul>\n\t<\/div>\n\n\n<p>A <a class=\"suno-keyword\" href=\"https:\/\/www.suno.com.br\/artigos\/receita-federal\/\" target=\"_blank\" rel=\"noopener\" data-force=\"no\" data-priority=\"3\"><strong>Receita Federal<\/strong><\/a> destacou a arrecada\u00e7\u00e3o extraordin\u00e1ria em outubro de R$ 5 bilh\u00f5es com o Imposto de Renda de Pessoa Jur\u00eddicas (IRPJ) e da Contribui\u00e7\u00e3o Social sobre o <a class=\"suno-keyword\" href=\"https:\/\/www.suno.com.br\/artigos\/lucro-liquido\/\" target=\"_blank\" rel=\"noopener\" data-force=\"no\" data-priority=\"1\">Lucro L\u00edquido<\/a> (CSLL).<\/p>\n<p>Em rela\u00e7\u00e3o ao mesmo m\u00eas do ano passado, o recolhimento dos dois tributos teve crescimento real de 34,8%. O resultado de outubro tamb\u00e9m foi impactado pelo recolhimento de parcelas diferidas do Simples Nacional.<\/p>\n<p>Em entrevistas recentes, o ministro <a href=\"https:\/\/www.suno.com.br\/artigos\/paulo-guedes\"><strong>Paulo Guedes<\/strong><\/a>\u00a0tem afirmado que a economia apresentou uma recupera\u00e7\u00e3o em &#8220;V&#8221; e que agora deve ser observada uma desacelera\u00e7\u00e3o, do crescimento econ\u00f4mico &#8211; o que j\u00e1 \u00e9 projetado por bancos e corretoras para o ano de 2022.<\/p>\n\t<p>\n\t\t<a href=\"https:\/\/lp.suno.com.br\/planilha-da-vida-financeira\/\" target=\"_blank\" data-element=\"shortcode-suno-banner\" title=\"Banner SUNO, clique e saiba mais\">\n\t\t\t<picture>\n\t\t\t\t<source media=\"(max-width: 500px)\" srcset=\"https:\/\/files.sunoresearch.com.br\/n\/uploads\/2023\/04\/400x300-Planilha-vida-financeira-true.png\">\n\t\t\t\t<img class=\"newsContent__article__imgCapa newsContent__article__imgCapa--banner\"\n\t\t\t\t\tsrc=\"https:\/\/files.sunoresearch.com.br\/n\/uploads\/2023\/04\/1420x240-Planilha-vida-financeira-true.png\"\n\t\t\t\t\tdata-promo-id=\"106682\"\t\t\t\t\t\t\t\t\t\twidth='1420' height='240'\t\t\t\t\talt=\"https:\/\/files.sunoresearch.com.br\/n\/uploads\/2023\/04\/1420x240-Planilha-vida-financeira-true.png\"\n\t\t\t\t>\n\t\t\t<\/picture>\n\t\t<\/a>\n\t<\/p>\n\n\n<p>No acumulado do ano at\u00e9 outubro, a <strong>arrecada\u00e7\u00e3o federal<\/strong> somou R$ 1,527 trilh\u00e3o, tamb\u00e9m o maior volume para o per\u00edodo da s\u00e9rie iniciada em 1995. O montante ainda representa um avan\u00e7o real de 20,06% na compara\u00e7\u00e3o com os primeiros dez meses do ano passado.<\/p>\n<p>As desonera\u00e7\u00f5es concedidas pelo governo resultaram em uma <a class=\"suno-keyword\" href=\"https:\/\/www.suno.com.br\/artigos\/renuncia-fiscal\/\" target=\"_blank\" rel=\"noopener\" data-force=\"no\" data-priority=\"1\"><strong>ren\u00fancia<\/strong> fiscal<\/a> de R$ 76,682 bilh\u00f5es nos primeiros dez meses deste ano, valor menor do que em igual per\u00edodo do ano passado, quando ficou em R$ 83,754 bilh\u00f5es.<\/p>\n<p>Apenas no m\u00eas de outubro, as desonera\u00e7\u00f5es totalizaram R$ 7,560 bilh\u00f5es, tamb\u00e9m abaixo do registrado no mesmo m\u00eas de 2020 (R$ 9,108 bilh\u00f5es).<\/p>\n<h2>Secret\u00e1rio da Receita afirma que arrecada\u00e7\u00e3o reflete retomada<\/h2>\n<p>Segundo o secret\u00e1rio especial da <a class=\"suno-keyword\" href=\"https:\/\/www.suno.com.br\/artigos\/receita-federal\/\" target=\"_blank\" rel=\"noopener\" data-force=\"no\" data-priority=\"3\">Receita Federal<\/a>, Jos\u00e9 Tostes Neto,\u00a0 a recupera\u00e7\u00e3o da economia vem se refletindo na arrecada\u00e7\u00e3o em todos os meses, h\u00e1 mais de um ano, desde agosto de 2020.<\/p>\n<p>&#8220;Desde aquele m\u00eas, os resultados da arrecada\u00e7\u00e3o t\u00eam surpreendido positivamente e superado as previs\u00f5es de mercado seguidamente. Esse desempenho comprova novamente que a recupera\u00e7\u00e3o da economia tem apresentado uma performance sustent\u00e1vel e com importante componente estrutural&#8221;, afirma.<\/p>\n\t<p>\n\t\t<a href=\"https:\/\/lp.suno.com.br\/ebook-como-analisar-uma-acao\/\" target=\"_blank\" data-element=\"shortcode-suno-banner\" title=\"Banner SUNO, clique e saiba mais\">\n\t\t\t<picture>\n\t\t\t\t<source media=\"(max-width: 500px)\" srcset=\"https:\/\/files.sunoresearch.com.br\/n\/uploads\/2023\/03\/Ebook-Acoes-Mobile-1.jpg\">\n\t\t\t\t<img class=\"newsContent__article__imgCapa newsContent__article__imgCapa--banner\"\n\t\t\t\t\tsrc=\"https:\/\/files.sunoresearch.com.br\/n\/uploads\/2023\/03\/Ebook-Acoes-Desktop-1.jpg\"\n\t\t\t\t\tdata-promo-id=\"171998\"\t\t\t\t\t\t\t\t\t\twidth='1420' height='286'\t\t\t\t\talt=\"https:\/\/files.sunoresearch.com.br\/n\/uploads\/2023\/03\/Ebook-Acoes-Desktop-1.jpg\"\n\t\t\t\t>\n\t\t\t<\/picture>\n\t\t<\/a>\n\t<\/p>\n\n\n<p>O secret\u00e1rio especial comemorou o resultado <strong>recorde da arrecada\u00e7\u00e3o<\/strong>, o s\u00e9timo m\u00eas neste ano em que o recolhimento de tributos foi o maior da s\u00e9rie hist\u00f3rica.<\/p>\n<p>&#8220;Apenas em janeiro e junho, o desempenho das receitas n\u00e3o foi recorde, sendo o segundo melhor da s\u00e9rie de cada m\u00eas. Mantido esse n\u00edvel de desempenho, a expectativa \u00e9 muito positiva para o fechamento da arrecada\u00e7\u00e3o total nos 12 meses de 2021&#8221;, acrescentou.<\/p>\n<p>Tostes apontou que o crescimento da arrecada\u00e7\u00e3o em setembro seria ainda de 10,3% em rela\u00e7\u00e3o ao mesmo m\u00eas de 2020, mesmo desconsiderando os efeitos da pandemia no ano passado.<\/p>\n<p>&#8220;A arrecada\u00e7\u00e3o foi reduzida neste per\u00edodo em decorr\u00eancia dessas compensa\u00e7\u00f5es por decis\u00f5es judiciais, que cresceram 102% neste ano&#8221;, afirmou.<\/p>\n<p>Por outro lado, houve uma <strong>arrecada\u00e7\u00e3o<\/strong> extraordin\u00e1ria de R$ 33,5 bilh\u00f5es no <a href=\"https:\/\/www.suno.com.br\/artigos\/irpj\/\">Imposto de Renda de Pessoas Jur\u00eddicas (IRPJ)<\/a> e na <a class=\"suno-keyword\" href=\"https:\/\/www.suno.com.br\/artigos\/csll\/\" target=\"_blank\" rel=\"noopener\" data-force=\"no\" data-priority=\"2\">Contribui\u00e7\u00e3o Social sobre o lucro L\u00edquido (CSLL)<\/a> no acumulado do ano, com alta real de 36% em rela\u00e7\u00e3o ao mesmo per\u00edodo de 2020.<\/p>\n<p><em>Com informa\u00e7\u00f5es do Estad\u00e3o Conte\u00fado<\/em><\/p>\n\t<p>\n\t\t<a href=\"https:\/\/lp.suno.com.br\/planilha-de-controle-de-investimentos\/\" target=\"_blank\" data-element=\"shortcode-suno-banner\" title=\"Banner SUNO, clique e saiba mais\">\n\t\t\t<picture>\n\t\t\t\t<source media=\"(max-width: 500px)\" srcset=\"https:\/\/files.sunoresearch.com.br\/n\/uploads\/2023\/03\/400x300-Controle-de-Investimentos.png\">\n\t\t\t\t<img class=\"newsContent__article__imgCapa newsContent__article__imgCapa--banner\"\n\t\t\t\t\tsrc=\"https:\/\/files.sunoresearch.com.br\/n\/uploads\/2023\/03\/1420x240-Controle-de-Investimentos.png\"\n\t\t\t\t\tdata-promo-id=\"75934\"\t\t\t\t\t\t\t\t\t\twidth='1420' height='240'\t\t\t\t\talt=\"https:\/\/files.sunoresearch.com.br\/n\/uploads\/2023\/03\/1420x240-Controle-de-Investimentos.png\"\n\t\t\t\t>\n\t\t\t<\/picture>\n\t\t<\/a>\n\t<\/p>\n\n\n","protected":false},"excerpt":{"rendered":"<p>A arrecada\u00e7\u00e3o de impostos teve novo recorde para o m\u00eas de outubro, com R$ 178,742 bilh\u00f5es. O resultado representa um aumento real (descontada a infla\u00e7\u00e3o) de 4,92% na compara\u00e7\u00e3o com o mesmo m\u00eas de 2020. Klabin (KLBN11) &#8211; Foto: Divulga\u00e7\u00e3o. Em rela\u00e7\u00e3o a setembro deste ano, houve alta real de 18,40%. Mais uma vez, o [&hellip;]<\/p>\n","protected":false},"author":73,"featured_media":177629,"comment_status":"closed","ping_status":"closed","sticky":false,"template":"","format":"standard","meta":[],"categories":[62],"tags":[106444,1488],"suno_strategy":[],"class_list":["post-208317","post","type-post","status-publish","format-standard","has-post-thumbnail","hentry","category-economia","tag-agencias","tag-arrecadacao-federal"],"yoast_head":"<!-- This site is optimized with the Yoast SEO plugin v24.4 - https:\/\/yoast.com\/wordpress\/plugins\/seo\/ -->\n<title>Arrecada\u00e7\u00e3o de impostos \u00e9 2\u00aa maior da hist\u00f3ria em R$ 178 bilh\u00f5es<\/title>\n<meta name=\"description\" content=\"Segundo falas recentes de Secret\u00e1rio da Receita, arrecada\u00e7\u00e3o em n\u00edveis recordes \u00e9 &#039;reflexo de retomada&#039;. Clique aqui e leia mais\" \/>\n<meta name=\"robots\" content=\"index, follow, max-snippet:-1, max-image-preview:large, max-video-preview:-1\" \/>\n<link rel=\"canonical\" href=\"https:\/\/www.suno.com.br\/noticias\/arrecadacao-outubro-segundo-maior-valor-serie-mes\/\" \/>\n<meta property=\"og:locale\" content=\"pt_BR\" \/>\n<meta property=\"og:type\" content=\"article\" \/>\n<meta property=\"og:title\" content=\"Arrecada\u00e7\u00e3o de impostos \u00e9 2\u00aa maior da hist\u00f3ria em R$ 178 bilh\u00f5es\" \/>\n<meta property=\"og:description\" content=\"Segundo falas recentes de Secret\u00e1rio da Receita, arrecada\u00e7\u00e3o em n\u00edveis recordes \u00e9 &#039;reflexo de retomada&#039;. Clique aqui e leia mais\" \/>\n<meta property=\"og:url\" content=\"https:\/\/www.suno.com.br\/noticias\/arrecadacao-outubro-segundo-maior-valor-serie-mes\/\" \/>\n<meta property=\"og:site_name\" content=\"Suno Not\u00edcias\" \/>\n<meta property=\"article:publisher\" content=\"https:\/\/facebook.com\/sunoresearch\" \/>\n<meta property=\"og:image\" content=\"https:\/\/files.sunoresearch.com.br\/n\/uploads\/2021\/08\/0c8bb822-receita-federal-imposto-de-renda-scaled.jpg\" \/>\n\t<meta property=\"og:image:width\" content=\"2560\" \/>\n\t<meta property=\"og:image:height\" content=\"1707\" \/>\n\t<meta property=\"og:image:type\" content=\"image\/jpeg\" \/>\n<meta name=\"author\" content=\"Eduardo Vargas\" \/>\n<meta name=\"twitter:card\" content=\"summary_large_image\" \/>\n<meta name=\"twitter:creator\" content=\"@sunoresearch\" \/>\n<meta name=\"twitter:site\" content=\"@sunoresearch\" \/>\n<meta name=\"twitter:label1\" content=\"Escrito por\" \/>\n\t<meta name=\"twitter:data1\" content=\"Eduardo Vargas\" \/>\n\t<meta name=\"twitter:label2\" content=\"Est. tempo de leitura\" \/>\n\t<meta name=\"twitter:data2\" content=\"3 minutos\" \/>\n<script type=\"application\/ld+json\" class=\"yoast-schema-graph\">{\"@context\":\"https:\/\/schema.org\",\"@graph\":[{\"@type\":\"NewsArticle\",\"@id\":\"https:\/\/www.suno.com.br\/noticias\/arrecadacao-outubro-segundo-maior-valor-serie-mes\/#article\",\"isPartOf\":{\"@id\":\"https:\/\/www.suno.com.br\/noticias\/arrecadacao-outubro-segundo-maior-valor-serie-mes\/\"},\"author\":{\"name\":\"Eduardo Vargas\",\"@id\":\"https:\/\/www.suno.com.br\/noticias\/#\/schema\/person\/7f4d362bf3518e76090143ae77bb49a5\"},\"headline\":\"Arrecada\u00e7\u00e3o de impostos \u00e9 de R$ 178 bilh\u00f5es, 2\u00aa maior da hist\u00f3ria\",\"datePublished\":\"2021-11-24T16:47:07+00:00\",\"mainEntityOfPage\":{\"@id\":\"https:\/\/www.suno.com.br\/noticias\/arrecadacao-outubro-segundo-maior-valor-serie-mes\/\"},\"wordCount\":642,\"publisher\":{\"@id\":\"https:\/\/www.suno.com.br\/noticias\/#organization\"},\"image\":{\"@id\":\"https:\/\/www.suno.com.br\/noticias\/arrecadacao-outubro-segundo-maior-valor-serie-mes\/#primaryimage\"},\"thumbnailUrl\":\"https:\/\/files.sunoresearch.com.br\/n\/uploads\/2021\/08\/0c8bb822-receita-federal-imposto-de-renda-scaled.jpg\",\"keywords\":[\"Ag\u00eancias\",\"Arrecada\u00e7\u00e3o federal\"],\"articleSection\":[\"Economia\"],\"inLanguage\":\"pt-BR\"},{\"@type\":\"WebPage\",\"@id\":\"https:\/\/www.suno.com.br\/noticias\/arrecadacao-outubro-segundo-maior-valor-serie-mes\/\",\"url\":\"https:\/\/www.suno.com.br\/noticias\/arrecadacao-outubro-segundo-maior-valor-serie-mes\/\",\"name\":\"Arrecada\u00e7\u00e3o de impostos \u00e9 2\u00aa maior da hist\u00f3ria em R$ 178 bilh\u00f5es\",\"isPartOf\":{\"@id\":\"https:\/\/www.suno.com.br\/noticias\/#website\"},\"primaryImageOfPage\":{\"@id\":\"https:\/\/www.suno.com.br\/noticias\/arrecadacao-outubro-segundo-maior-valor-serie-mes\/#primaryimage\"},\"image\":{\"@id\":\"https:\/\/www.suno.com.br\/noticias\/arrecadacao-outubro-segundo-maior-valor-serie-mes\/#primaryimage\"},\"thumbnailUrl\":\"https:\/\/files.sunoresearch.com.br\/n\/uploads\/2021\/08\/0c8bb822-receita-federal-imposto-de-renda-scaled.jpg\",\"datePublished\":\"2021-11-24T16:47:07+00:00\",\"description\":\"Segundo falas recentes de Secret\u00e1rio da Receita, arrecada\u00e7\u00e3o em n\u00edveis recordes \u00e9 'reflexo de retomada'. Clique aqui e leia mais\",\"breadcrumb\":{\"@id\":\"https:\/\/www.suno.com.br\/noticias\/arrecadacao-outubro-segundo-maior-valor-serie-mes\/#breadcrumb\"},\"inLanguage\":\"pt-BR\",\"potentialAction\":[{\"@type\":\"ReadAction\",\"target\":[\"https:\/\/www.suno.com.br\/noticias\/arrecadacao-outubro-segundo-maior-valor-serie-mes\/\"]}]},{\"@type\":\"ImageObject\",\"inLanguage\":\"pt-BR\",\"@id\":\"https:\/\/www.suno.com.br\/noticias\/arrecadacao-outubro-segundo-maior-valor-serie-mes\/#primaryimage\",\"url\":\"https:\/\/files.sunoresearch.com.br\/n\/uploads\/2021\/08\/0c8bb822-receita-federal-imposto-de-renda-scaled.jpg\",\"contentUrl\":\"https:\/\/files.sunoresearch.com.br\/n\/uploads\/2021\/08\/0c8bb822-receita-federal-imposto-de-renda-scaled.jpg\",\"width\":2560,\"height\":1707,\"caption\":\"Receita Federal. Foto: Marcelo Camargo\/Ag\u00eancia Brasil\"},{\"@type\":\"BreadcrumbList\",\"@id\":\"https:\/\/www.suno.com.br\/noticias\/arrecadacao-outubro-segundo-maior-valor-serie-mes\/#breadcrumb\",\"itemListElement\":[{\"@type\":\"ListItem\",\"position\":1,\"name\":\"Not\u00edcias\",\"item\":\"https:\/\/www.suno.com.br\/noticias\/\"},{\"@type\":\"ListItem\",\"position\":2,\"name\":\"Economia\",\"item\":\"https:\/\/www.suno.com.br\/noticias\/economia\/\"},{\"@type\":\"ListItem\",\"position\":3,\"name\":\"Arrecada\u00e7\u00e3o de impostos \u00e9 de R$ 178 bilh\u00f5es, 2\u00aa maior da hist\u00f3ria\"}]},{\"@type\":\"WebSite\",\"@id\":\"https:\/\/www.suno.com.br\/noticias\/#website\",\"url\":\"https:\/\/www.suno.com.br\/noticias\/\",\"name\":\"Suno Not\u00edcias\",\"description\":\"Seu portal de informa\u00e7\u00e3o sobre o mundo dos investimentos\",\"publisher\":{\"@id\":\"https:\/\/www.suno.com.br\/noticias\/#organization\"},\"potentialAction\":[{\"@type\":\"SearchAction\",\"target\":{\"@type\":\"EntryPoint\",\"urlTemplate\":\"https:\/\/www.suno.com.br\/noticias\/?s={search_term_string}\"},\"query-input\":{\"@type\":\"PropertyValueSpecification\",\"valueRequired\":true,\"valueName\":\"search_term_string\"}}],\"inLanguage\":\"pt-BR\"},{\"@type\":\"Organization\",\"@id\":\"https:\/\/www.suno.com.br\/noticias\/#organization\",\"name\":\"Suno Not\u00edcias\",\"url\":\"https:\/\/www.suno.com.br\/noticias\/\",\"logo\":{\"@type\":\"ImageObject\",\"inLanguage\":\"pt-BR\",\"@id\":\"https:\/\/www.suno.com.br\/noticias\/#\/schema\/logo\/image\/\",\"url\":\"https:\/\/files.sunoresearch.com.br\/n\/uploads\/2021\/09\/suno-logo.png\",\"contentUrl\":\"https:\/\/files.sunoresearch.com.br\/n\/uploads\/2021\/09\/suno-logo.png\",\"width\":180,\"height\":180,\"caption\":\"Suno Not\u00edcias\"},\"image\":{\"@id\":\"https:\/\/www.suno.com.br\/noticias\/#\/schema\/logo\/image\/\"},\"sameAs\":[\"https:\/\/facebook.com\/sunoresearch\",\"https:\/\/x.com\/sunoresearch\",\"https:\/\/www.instagram.com\/suno\",\"https:\/\/www.linkedin.com\/company\/suno-research\/\",\"https:\/\/www.youtube.com\/c\/sunoresearch\"]},{\"@type\":\"Person\",\"@id\":\"https:\/\/www.suno.com.br\/noticias\/#\/schema\/person\/7f4d362bf3518e76090143ae77bb49a5\",\"name\":\"Eduardo Vargas\",\"image\":{\"@type\":\"ImageObject\",\"inLanguage\":\"pt-BR\",\"@id\":\"https:\/\/www.suno.com.br\/noticias\/#\/schema\/person\/image\/\",\"url\":\"https:\/\/secure.gravatar.com\/avatar\/dac340933427a22924c9f99d1eb2e3f2?s=96&r=g\",\"contentUrl\":\"https:\/\/secure.gravatar.com\/avatar\/dac340933427a22924c9f99d1eb2e3f2?s=96&r=g\",\"caption\":\"Eduardo Vargas\"},\"description\":\"Jornalista formado pela UFSC, cobre macroeconomia, neg\u00f3cios e startups para o Suno Not\u00edcias, escrevendo principalmente not\u00edcias sobre o mercado financeiro e a bolsa de valores. No YouTube e no Instagram, \u00e9 respons\u00e1vel pela produ\u00e7\u00e3o de Reels e Shorts do Suno Not\u00edcias. Anteriormente, trabalhou cobrindo economia e cotidiano no ND+ e para o ND, maior jornal impresso de Santa Catarina. Cursou um semestre letivo de Estudos de M\u00eddia na Universidad de Buenos Aires.\",\"url\":\"https:\/\/www.suno.com.br\/noticias\/author\/eduardo-vargas\/\"}]}<\/script>\n<!-- \/ Yoast SEO plugin. -->","yoast_head_json":{"title":"Arrecada\u00e7\u00e3o de impostos \u00e9 2\u00aa maior da hist\u00f3ria em R$ 178 bilh\u00f5es","description":"Segundo falas recentes de Secret\u00e1rio da Receita, arrecada\u00e7\u00e3o em n\u00edveis recordes \u00e9 'reflexo de retomada'. Clique aqui e leia mais","robots":{"index":"index","follow":"follow","max-snippet":"max-snippet:-1","max-image-preview":"max-image-preview:large","max-video-preview":"max-video-preview:-1"},"canonical":"https:\/\/www.suno.com.br\/noticias\/arrecadacao-outubro-segundo-maior-valor-serie-mes\/","og_locale":"pt_BR","og_type":"article","og_title":"Arrecada\u00e7\u00e3o de impostos \u00e9 2\u00aa maior da hist\u00f3ria em R$ 178 bilh\u00f5es","og_description":"Segundo falas recentes de Secret\u00e1rio da Receita, arrecada\u00e7\u00e3o em n\u00edveis recordes \u00e9 'reflexo de retomada'. Clique aqui e leia mais","og_url":"https:\/\/www.suno.com.br\/noticias\/arrecadacao-outubro-segundo-maior-valor-serie-mes\/","og_site_name":"Suno Not\u00edcias","article_publisher":"https:\/\/facebook.com\/sunoresearch","og_image":[{"width":2560,"height":1707,"url":"https:\/\/files.sunoresearch.com.br\/n\/uploads\/2021\/08\/0c8bb822-receita-federal-imposto-de-renda-scaled.jpg","type":"image\/jpeg"}],"author":"Eduardo Vargas","twitter_card":"summary_large_image","twitter_creator":"@sunoresearch","twitter_site":"@sunoresearch","twitter_misc":{"Escrito por":"Eduardo Vargas","Est. tempo de leitura":"3 minutos"},"schema":{"@context":"https:\/\/schema.org","@graph":[{"@type":"NewsArticle","@id":"https:\/\/www.suno.com.br\/noticias\/arrecadacao-outubro-segundo-maior-valor-serie-mes\/#article","isPartOf":{"@id":"https:\/\/www.suno.com.br\/noticias\/arrecadacao-outubro-segundo-maior-valor-serie-mes\/"},"author":{"name":"Eduardo Vargas","@id":"https:\/\/www.suno.com.br\/noticias\/#\/schema\/person\/7f4d362bf3518e76090143ae77bb49a5"},"headline":"Arrecada\u00e7\u00e3o de impostos \u00e9 de R$ 178 bilh\u00f5es, 2\u00aa maior da hist\u00f3ria","datePublished":"2021-11-24T16:47:07+00:00","mainEntityOfPage":{"@id":"https:\/\/www.suno.com.br\/noticias\/arrecadacao-outubro-segundo-maior-valor-serie-mes\/"},"wordCount":642,"publisher":{"@id":"https:\/\/www.suno.com.br\/noticias\/#organization"},"image":{"@id":"https:\/\/www.suno.com.br\/noticias\/arrecadacao-outubro-segundo-maior-valor-serie-mes\/#primaryimage"},"thumbnailUrl":"https:\/\/files.sunoresearch.com.br\/n\/uploads\/2021\/08\/0c8bb822-receita-federal-imposto-de-renda-scaled.jpg","keywords":["Ag\u00eancias","Arrecada\u00e7\u00e3o federal"],"articleSection":["Economia"],"inLanguage":"pt-BR"},{"@type":"WebPage","@id":"https:\/\/www.suno.com.br\/noticias\/arrecadacao-outubro-segundo-maior-valor-serie-mes\/","url":"https:\/\/www.suno.com.br\/noticias\/arrecadacao-outubro-segundo-maior-valor-serie-mes\/","name":"Arrecada\u00e7\u00e3o de impostos \u00e9 2\u00aa maior da hist\u00f3ria em R$ 178 bilh\u00f5es","isPartOf":{"@id":"https:\/\/www.suno.com.br\/noticias\/#website"},"primaryImageOfPage":{"@id":"https:\/\/www.suno.com.br\/noticias\/arrecadacao-outubro-segundo-maior-valor-serie-mes\/#primaryimage"},"image":{"@id":"https:\/\/www.suno.com.br\/noticias\/arrecadacao-outubro-segundo-maior-valor-serie-mes\/#primaryimage"},"thumbnailUrl":"https:\/\/files.sunoresearch.com.br\/n\/uploads\/2021\/08\/0c8bb822-receita-federal-imposto-de-renda-scaled.jpg","datePublished":"2021-11-24T16:47:07+00:00","description":"Segundo falas recentes de Secret\u00e1rio da Receita, arrecada\u00e7\u00e3o em n\u00edveis recordes \u00e9 'reflexo de retomada'. Clique aqui e leia mais","breadcrumb":{"@id":"https:\/\/www.suno.com.br\/noticias\/arrecadacao-outubro-segundo-maior-valor-serie-mes\/#breadcrumb"},"inLanguage":"pt-BR","potentialAction":[{"@type":"ReadAction","target":["https:\/\/www.suno.com.br\/noticias\/arrecadacao-outubro-segundo-maior-valor-serie-mes\/"]}]},{"@type":"ImageObject","inLanguage":"pt-BR","@id":"https:\/\/www.suno.com.br\/noticias\/arrecadacao-outubro-segundo-maior-valor-serie-mes\/#primaryimage","url":"https:\/\/files.sunoresearch.com.br\/n\/uploads\/2021\/08\/0c8bb822-receita-federal-imposto-de-renda-scaled.jpg","contentUrl":"https:\/\/files.sunoresearch.com.br\/n\/uploads\/2021\/08\/0c8bb822-receita-federal-imposto-de-renda-scaled.jpg","width":2560,"height":1707,"caption":"Receita Federal. Foto: Marcelo Camargo\/Ag\u00eancia Brasil"},{"@type":"BreadcrumbList","@id":"https:\/\/www.suno.com.br\/noticias\/arrecadacao-outubro-segundo-maior-valor-serie-mes\/#breadcrumb","itemListElement":[{"@type":"ListItem","position":1,"name":"Not\u00edcias","item":"https:\/\/www.suno.com.br\/noticias\/"},{"@type":"ListItem","position":2,"name":"Economia","item":"https:\/\/www.suno.com.br\/noticias\/economia\/"},{"@type":"ListItem","position":3,"name":"Arrecada\u00e7\u00e3o de impostos \u00e9 de R$ 178 bilh\u00f5es, 2\u00aa maior da hist\u00f3ria"}]},{"@type":"WebSite","@id":"https:\/\/www.suno.com.br\/noticias\/#website","url":"https:\/\/www.suno.com.br\/noticias\/","name":"Suno Not\u00edcias","description":"Seu portal de informa\u00e7\u00e3o sobre o mundo dos investimentos","publisher":{"@id":"https:\/\/www.suno.com.br\/noticias\/#organization"},"potentialAction":[{"@type":"SearchAction","target":{"@type":"EntryPoint","urlTemplate":"https:\/\/www.suno.com.br\/noticias\/?s={search_term_string}"},"query-input":{"@type":"PropertyValueSpecification","valueRequired":true,"valueName":"search_term_string"}}],"inLanguage":"pt-BR"},{"@type":"Organization","@id":"https:\/\/www.suno.com.br\/noticias\/#organization","name":"Suno Not\u00edcias","url":"https:\/\/www.suno.com.br\/noticias\/","logo":{"@type":"ImageObject","inLanguage":"pt-BR","@id":"https:\/\/www.suno.com.br\/noticias\/#\/schema\/logo\/image\/","url":"https:\/\/files.sunoresearch.com.br\/n\/uploads\/2021\/09\/suno-logo.png","contentUrl":"https:\/\/files.sunoresearch.com.br\/n\/uploads\/2021\/09\/suno-logo.png","width":180,"height":180,"caption":"Suno Not\u00edcias"},"image":{"@id":"https:\/\/www.suno.com.br\/noticias\/#\/schema\/logo\/image\/"},"sameAs":["https:\/\/facebook.com\/sunoresearch","https:\/\/x.com\/sunoresearch","https:\/\/www.instagram.com\/suno","https:\/\/www.linkedin.com\/company\/suno-research\/","https:\/\/www.youtube.com\/c\/sunoresearch"]},{"@type":"Person","@id":"https:\/\/www.suno.com.br\/noticias\/#\/schema\/person\/7f4d362bf3518e76090143ae77bb49a5","name":"Eduardo Vargas","image":{"@type":"ImageObject","inLanguage":"pt-BR","@id":"https:\/\/www.suno.com.br\/noticias\/#\/schema\/person\/image\/","url":"https:\/\/secure.gravatar.com\/avatar\/dac340933427a22924c9f99d1eb2e3f2?s=96&r=g","contentUrl":"https:\/\/secure.gravatar.com\/avatar\/dac340933427a22924c9f99d1eb2e3f2?s=96&r=g","caption":"Eduardo Vargas"},"description":"Jornalista formado pela UFSC, cobre macroeconomia, neg\u00f3cios e startups para o Suno Not\u00edcias, escrevendo principalmente not\u00edcias sobre o mercado financeiro e a bolsa de valores. No YouTube e no Instagram, \u00e9 respons\u00e1vel pela produ\u00e7\u00e3o de Reels e Shorts do Suno Not\u00edcias. Anteriormente, trabalhou cobrindo economia e cotidiano no ND+ e para o ND, maior jornal impresso de Santa Catarina. Cursou um semestre letivo de Estudos de M\u00eddia na Universidad de Buenos Aires.","url":"https:\/\/www.suno.com.br\/noticias\/author\/eduardo-vargas\/"}]}},"default_loop_html":"<div class=\"cardsPage__listCard__boxs\"><div class=\"cardsPage__listCard__boxs__img\"><a href=\"https:\/\/www.suno.com.br\/noticias\/klabin-klbn11-rever-prejuizo-lucra-3t21-balanco\/\"><img class=\"mask\" src=\"https:\/\/www.suno.com.br\/noticias\/wp-content\/themes\/suno\/resources\/images\/spotlight\/spotlight1img\/bg-mask.png\" alt=\"Image Mask\"\/><img src=\"https:\/\/files.sunoresearch.com.br\/n\/uploads\/2021\/02\/21c044e4-klabin-400x200.webp\" alt=\"Klabin (KLBN11) reverte preju\u00edzo e lucra R$ 1,2 bilh\u00e3o no 3T21; a\u00e7\u00e3o tem leve alta\"\/><\/a><span class=\"spotlightCategory\"><a href=\"https:\/\/www.suno.com.br\/noticias\/negocios\/\">Neg\u00f3cios<\/a><\/span><\/div><div class=\"cardsPage__listCard__boxs__content\"><a href=\"https:\/\/www.suno.com.br\/noticias\/klabin-klbn11-rever-prejuizo-lucra-3t21-balanco\/\"><h2 class=\"content__title\">Klabin (KLBN11) reverte preju\u00edzo e lucra R$ 1,2 bilh\u00e3o no 3T21; a\u00e7\u00e3o tem leve alta<\/h2><\/a><div class=\"newsContent__article__meta\"><div class=\"newsContent__article__meta__authorBox\"><a href=\"https:\/\/www.suno.com.br\/noticias\/author\/eduardo-vargas\/\" class=\"authorBox__avatar noMobi\"><img src=\"https:\/\/secure.gravatar.com\/avatar\/dac340933427a22924c9f99d1eb2e3f2?s=96&#038;r=g\" alt=\"Eduardo Vargas\"><\/a><div class=\"authorBox__name\"><span>por\n\t\t\t<a href=\"https:\/\/www.suno.com.br\/noticias\/author\/eduardo-vargas\/\"><span itemprop=\"author\">Eduardo Vargas<\/span><\/a><\/span><time datetime=\"2021-10-26T11:49:48-03:00\" itemprop=\"datePublished\">26\/10\/2021 11:49<\/time><\/div><\/div><\/div><\/div><\/div>","single_layout":"posts","amp_enabled":true,"_links":{"self":[{"href":"https:\/\/www.suno.com.br\/noticias\/wp-json\/wp\/v2\/posts\/208317"}],"collection":[{"href":"https:\/\/www.suno.com.br\/noticias\/wp-json\/wp\/v2\/posts"}],"about":[{"href":"https:\/\/www.suno.com.br\/noticias\/wp-json\/wp\/v2\/types\/post"}],"author":[{"embeddable":true,"href":"https:\/\/www.suno.com.br\/noticias\/wp-json\/wp\/v2\/users\/73"}],"replies":[{"embeddable":true,"href":"https:\/\/www.suno.com.br\/noticias\/wp-json\/wp\/v2\/comments?post=208317"}],"version-history":[{"count":4,"href":"https:\/\/www.suno.com.br\/noticias\/wp-json\/wp\/v2\/posts\/208317\/revisions"}],"predecessor-version":[{"id":208412,"href":"https:\/\/www.suno.com.br\/noticias\/wp-json\/wp\/v2\/posts\/208317\/revisions\/208412"}],"wp:featuredmedia":[{"embeddable":true,"href":"https:\/\/www.suno.com.br\/noticias\/wp-json\/wp\/v2\/media\/177629"}],"wp:attachment":[{"href":"https:\/\/www.suno.com.br\/noticias\/wp-json\/wp\/v2\/media?parent=208317"}],"wp:term":[{"taxonomy":"category","embeddable":true,"href":"https:\/\/www.suno.com.br\/noticias\/wp-json\/wp\/v2\/categories?post=208317"},{"taxonomy":"post_tag","embeddable":true,"href":"https:\/\/www.suno.com.br\/noticias\/wp-json\/wp\/v2\/tags?post=208317"},{"taxonomy":"suno_strategy","embeddable":true,"href":"https:\/\/www.suno.com.br\/noticias\/wp-json\/wp\/v2\/suno_strategy?post=208317"}],"curies":[{"name":"wp","href":"https:\/\/api.w.org\/{rel}","templated":true}]}}