{"id":208270,"date":"2021-11-24T08:06:41","date_gmt":"2021-11-24T11:06:41","guid":{"rendered":"https:\/\/www.suno.com.br\/noticias\/?p=208270"},"modified":"2021-11-24T08:27:57","modified_gmt":"2021-11-24T11:27:57","slug":"pec-dos-precatorios-tem-6-alteracoes-no-senado-veja-a-lista","status":"publish","type":"post","link":"https:\/\/www.suno.com.br\/noticias\/pec-dos-precatorios-tem-6-alteracoes-no-senado-veja-a-lista\/","title":{"rendered":"PEC dos Precat\u00f3rios tem 6 altera\u00e7\u00f5es no Senado; veja o que muda"},"content":{"rendered":"<p>O governo encaminhou uma nova vers\u00e3o da Proposta de Emenda \u00e0 Constitui\u00e7\u00e3o <strong>(PEC) dos Precat\u00f3rios<\/strong> para o Senado. A nova proposta cont\u00e9m seis altera\u00e7\u00f5es em rela\u00e7\u00e3o ao texto aprovado na C\u00e2mara dos Deputados.<\/p>\t<div class=\"wrapper-featured-image\">\n\t\t<figure class=\"spotlightImg\">\n\n\t\t\t<picture>\n\t\t\t\t<source media=\"(max-width: 768px)\" srcset=\"https:\/\/files.sunoresearch.com.br\/n\/uploads\/2021\/11\/pec-400x200.jpg\">\n\t\t\t\t<img loading=\"lazy\" decoding=\"async\" class=\"newsContent__article__imgCapa lazyloadDisabled \" src=\"https:\/\/files.sunoresearch.com.br\/n\/uploads\/2021\/11\/pec-800x450.jpg\" width=\"800\" height=\"450\" alt=\"PEC dos Precat\u00f3rios tem 6 altera\u00e7\u00f5es no Senado; veja o que muda\" fetchpriority=high \/>\n\t\t\t<\/picture>\n\n\t\t\t<figcaption class=\"wp-caption-text wp-caption-text--show\">Relator da PEC dos Precat\u00f3rio. Foto: EBC <\/figcaption>\n\t\t<\/figure>\n\t<\/div>\n\n\n\t<p>\n\t\t<a href=\"https:\/\/lp.suno.com.br\/planilha-controle-gastos\/\" target=\"_blank\" data-element=\"shortcode-suno-banner\" title=\"Banner SUNO, clique e saiba mais\">\n\t\t\t<picture>\n\t\t\t\t<source media=\"(max-width: 500px)\" srcset=\"https:\/\/files.sunoresearch.com.br\/n\/uploads\/2023\/03\/400x300-Planilha-controle-de-gastos.png\">\n\t\t\t\t<img class=\"newsContent__article__imgCapa newsContent__article__imgCapa--banner\"\n\t\t\t\t\tsrc=\"https:\/\/files.sunoresearch.com.br\/n\/uploads\/2023\/03\/1420x240-Planilha-controle-de-gastos.png\"\n\t\t\t\t\tdata-promo-id=\"101751\"\t\t\t\t\t\t\t\t\t\twidth='1420' height='240'\t\t\t\t\talt=\"https:\/\/files.sunoresearch.com.br\/n\/uploads\/2023\/03\/1420x240-Planilha-controle-de-gastos.png\"\n\t\t\t\t>\n\t\t\t<\/picture>\n\t\t<\/a>\n\t<\/p>\n\n\n<p>De acordo com o <strong>relator da proposta<\/strong> no Senado, Fernando Bezerra Coelho, o objetivo das mudan\u00e7as \u00e9 vencer a resist\u00eancia de alguns senadores e conseguir aprovar o texto na pr\u00f3xima semana. Uma das altera\u00e7\u00f5es da PEC dos Precat\u00f3rios \u00e9 o <strong>Aux\u00edlio Brasil<\/strong> que passa a ser permanente em vez de um benef\u00edcio tempor\u00e1rio, com validade at\u00e9 dezembro de 2022, como havia sido votado na C\u00e2mara.<\/p>\n<p>A leitura do relat\u00f3rio da PEC deve ocorrer nesta quarta-feira (24) na <strong>Comiss\u00e3o de Constitui\u00e7\u00e3o e Justi\u00e7a<\/strong> (CCJ). Ap\u00f3s aprovada, a mat\u00e9ria deve ir ao<strong> plen\u00e1rio do Senado<\/strong>.<\/p>\n<p>O novo relat\u00f3rio ainda prev\u00ea a vincula\u00e7\u00e3o de todo o <strong>espa\u00e7o fiscal<\/strong> que a PEC deve abrir, de mais de R$ 91 bilh\u00f5es. Com isso, os senadores esperam definir como todo o recurso ser\u00e1 gasto. O relator Fernando Bezerra tamb\u00e9m citou que a nova proposta prev\u00ea uma auditoria dos precat\u00f3rios.<\/p>\n\t<p>\n\t\t<a href=\"https:\/\/lp.suno.com.br\/planilha-da-vida-financeira\/\" target=\"_blank\" data-element=\"shortcode-suno-banner\" title=\"Banner SUNO, clique e saiba mais\">\n\t\t\t<picture>\n\t\t\t\t<source media=\"(max-width: 500px)\" srcset=\"https:\/\/files.sunoresearch.com.br\/n\/uploads\/2023\/04\/400x300-Planilha-vida-financeira-true.png\">\n\t\t\t\t<img class=\"newsContent__article__imgCapa newsContent__article__imgCapa--banner\"\n\t\t\t\t\tsrc=\"https:\/\/files.sunoresearch.com.br\/n\/uploads\/2023\/04\/1420x240-Planilha-vida-financeira-true.png\"\n\t\t\t\t\tdata-promo-id=\"106682\"\t\t\t\t\t\t\t\t\t\twidth='1420' height='240'\t\t\t\t\talt=\"https:\/\/files.sunoresearch.com.br\/n\/uploads\/2023\/04\/1420x240-Planilha-vida-financeira-true.png\"\n\t\t\t\t>\n\t\t\t<\/picture>\n\t\t<\/a>\n\t<\/p>\n\n\n<p>Uma outra mudan\u00e7a da proposta no relat\u00f3rio do l\u00edder do governo no Senado \u00e9 para regulamentar os precat\u00f3rios do <strong>Fundef<\/strong>, antigo Fundo da Educa\u00e7\u00e3o B\u00e1sica, para que parte dos recursos seja destinado aos professores, n\u00e3o como aumento de sal\u00e1rio, mas como um benef\u00edcio em forma de <a class=\"suno-keyword\" href=\"https:\/\/www.suno.com.br\/artigos\/abono-salarial\/\" target=\"_blank\" rel=\"noopener\" data-force=\"no\" data-priority=\"3\">abono salarial<\/a>.<\/p>\n<h2>Veja as altera\u00e7\u00f5es na PEC dos Precat\u00f3rios<\/h2>\n<ol>\n<li>Aux\u00edlio Brasil permanente com o valor de R$ 400<\/li>\n<li>Pagamento de precat\u00f3rios do Fundef como abono salarial para os professores<\/li>\n<li>Vinculo de gastos a serem liberado pela PEC a despesas exclusivas com o Aux\u00edlio Brasil, pagamentos obrigat\u00f3rios do governo (aposentadorias) e desonera\u00e7\u00e3o da folha de pagamento<\/li>\n<li>Inclus\u00e3o no Or\u00e7amento a verba necess\u00e1ria para o pagamento de precat\u00f3rio no pr\u00f3ximo ano at\u00e9 abril do ano anterior<\/li>\n<li>Auditoria do aumento do volume de precat\u00f3rios<\/li>\n<li>Calend\u00e1rio de pagamento dos precat\u00f3rios do Fundef aos estados ao longo do ano<\/li>\n<\/ol>\n<p>A<strong> PEC dos Precat\u00f3rios<\/strong> em discuss\u00e3o, al\u00e9m de alterar a forma de c\u00e1lculo do <a class=\"suno-keyword\" href=\"https:\/\/www.suno.com.br\/artigos\/teto-de-gastos\/\" target=\"_blank\" rel=\"noopener\" data-force=\"no\" data-priority=\"1\">teto de gastos<\/a>, tamb\u00e9m limita o valor pago com os precat\u00f3rios no pr\u00f3ximo ano. Os precat\u00f3rios s\u00e3o d\u00edvidas da Uni\u00e3o reconhecidas pela justi\u00e7a.<\/p>\n\t<p>\n\t\t<a href=\"https:\/\/lp.suno.com.br\/planilha-de-controle-de-investimentos\/\" target=\"_blank\" data-element=\"shortcode-suno-banner\" title=\"Banner SUNO, clique e saiba mais\">\n\t\t\t<picture>\n\t\t\t\t<source media=\"(max-width: 500px)\" srcset=\"https:\/\/files.sunoresearch.com.br\/n\/uploads\/2023\/03\/400x300-Controle-de-Investimentos.png\">\n\t\t\t\t<img class=\"newsContent__article__imgCapa newsContent__article__imgCapa--banner\"\n\t\t\t\t\tsrc=\"https:\/\/files.sunoresearch.com.br\/n\/uploads\/2023\/03\/1420x240-Controle-de-Investimentos.png\"\n\t\t\t\t\tdata-promo-id=\"75934\"\t\t\t\t\t\t\t\t\t\twidth='1420' height='240'\t\t\t\t\talt=\"https:\/\/files.sunoresearch.com.br\/n\/uploads\/2023\/03\/1420x240-Controle-de-Investimentos.png\"\n\t\t\t\t>\n\t\t\t<\/picture>\n\t\t<\/a>\n\t<\/p>\n\n\n","protected":false},"excerpt":{"rendered":"<p>O governo encaminhou uma nova vers\u00e3o da Proposta de Emenda \u00e0 Constitui\u00e7\u00e3o (PEC) dos Precat\u00f3rios para o Senado. A nova proposta cont\u00e9m seis altera\u00e7\u00f5es em rela\u00e7\u00e3o ao texto aprovado na C\u00e2mara dos Deputados. Relator da PEC dos Precat\u00f3rio. Foto: EBC De acordo com o relator da proposta no Senado, Fernando Bezerra Coelho, o objetivo das [&hellip;]<\/p>\n","protected":false},"author":15,"featured_media":208277,"comment_status":"closed","ping_status":"closed","sticky":false,"template":"","format":"standard","meta":[],"categories":[61],"tags":[1127,1068],"suno_strategy":[],"class_list":["post-208270","post","type-post","status-publish","format-standard","has-post-thumbnail","hentry","category-politica","tag-pec-do-teto","tag-senado-federal"],"yoast_head":"<!-- This site is optimized with the Yoast SEO plugin v24.4 - https:\/\/yoast.com\/wordpress\/plugins\/seo\/ -->\n<title>PEC dos Precat\u00f3rios tem 6 altera\u00e7\u00f5es no Senado; veja o que muda<\/title>\n<meta name=\"description\" content=\"O governo encaminhou uma nova vers\u00e3o da Proposta de Emenda \u00e0 Constitui\u00e7\u00e3o (PEC) dos Precat\u00f3rios para o Senado. Clique aqui e veja\" \/>\n<meta name=\"robots\" content=\"index, follow, max-snippet:-1, max-image-preview:large, max-video-preview:-1\" \/>\n<link rel=\"canonical\" href=\"https:\/\/www.suno.com.br\/noticias\/pec-dos-precatorios-tem-6-alteracoes-no-senado-veja-a-lista\/\" \/>\n<meta property=\"og:locale\" content=\"pt_BR\" \/>\n<meta property=\"og:type\" content=\"article\" \/>\n<meta property=\"og:title\" content=\"PEC dos Precat\u00f3rios tem 6 altera\u00e7\u00f5es no Senado; veja o que muda\" \/>\n<meta property=\"og:description\" content=\"O governo encaminhou uma nova vers\u00e3o da Proposta de Emenda \u00e0 Constitui\u00e7\u00e3o (PEC) dos Precat\u00f3rios para o Senado. Clique aqui e veja\" \/>\n<meta property=\"og:url\" content=\"https:\/\/www.suno.com.br\/noticias\/pec-dos-precatorios-tem-6-alteracoes-no-senado-veja-a-lista\/\" \/>\n<meta property=\"og:site_name\" content=\"Suno Not\u00edcias\" \/>\n<meta property=\"article:publisher\" content=\"https:\/\/facebook.com\/sunoresearch\" \/>\n<meta property=\"og:image\" content=\"https:\/\/files.sunoresearch.com.br\/n\/uploads\/2021\/11\/pec.jpg\" \/>\n\t<meta property=\"og:image:width\" content=\"2560\" \/>\n\t<meta property=\"og:image:height\" content=\"1707\" \/>\n\t<meta property=\"og:image:type\" content=\"image\/jpeg\" \/>\n<meta name=\"author\" content=\"Poliana Santos\" \/>\n<meta name=\"twitter:card\" content=\"summary_large_image\" \/>\n<meta name=\"twitter:creator\" content=\"@sunoresearch\" \/>\n<meta name=\"twitter:site\" content=\"@sunoresearch\" \/>\n<meta name=\"twitter:label1\" content=\"Escrito por\" \/>\n\t<meta name=\"twitter:data1\" content=\"Poliana Santos\" \/>\n\t<meta name=\"twitter:label2\" content=\"Est. tempo de leitura\" \/>\n\t<meta name=\"twitter:data2\" content=\"2 minutos\" \/>\n<script type=\"application\/ld+json\" class=\"yoast-schema-graph\">{\"@context\":\"https:\/\/schema.org\",\"@graph\":[{\"@type\":\"NewsArticle\",\"@id\":\"https:\/\/www.suno.com.br\/noticias\/pec-dos-precatorios-tem-6-alteracoes-no-senado-veja-a-lista\/#article\",\"isPartOf\":{\"@id\":\"https:\/\/www.suno.com.br\/noticias\/pec-dos-precatorios-tem-6-alteracoes-no-senado-veja-a-lista\/\"},\"author\":{\"name\":\"Poliana Santos\",\"@id\":\"https:\/\/www.suno.com.br\/noticias\/#\/schema\/person\/02ec1f752758247878a2bf4abee1aeda\"},\"headline\":\"PEC dos Precat\u00f3rios tem 6 altera\u00e7\u00f5es no Senado; veja o que muda\",\"datePublished\":\"2021-11-24T11:06:41+00:00\",\"dateModified\":\"2021-11-24T11:27:57+00:00\",\"mainEntityOfPage\":{\"@id\":\"https:\/\/www.suno.com.br\/noticias\/pec-dos-precatorios-tem-6-alteracoes-no-senado-veja-a-lista\/\"},\"wordCount\":432,\"publisher\":{\"@id\":\"https:\/\/www.suno.com.br\/noticias\/#organization\"},\"image\":{\"@id\":\"https:\/\/www.suno.com.br\/noticias\/pec-dos-precatorios-tem-6-alteracoes-no-senado-veja-a-lista\/#primaryimage\"},\"thumbnailUrl\":\"https:\/\/files.sunoresearch.com.br\/n\/uploads\/2021\/11\/pec.jpg\",\"keywords\":[\"PEC do teto\",\"Senado Federal\"],\"articleSection\":[\"Pol\u00edtica\"],\"inLanguage\":\"pt-BR\"},{\"@type\":\"WebPage\",\"@id\":\"https:\/\/www.suno.com.br\/noticias\/pec-dos-precatorios-tem-6-alteracoes-no-senado-veja-a-lista\/\",\"url\":\"https:\/\/www.suno.com.br\/noticias\/pec-dos-precatorios-tem-6-alteracoes-no-senado-veja-a-lista\/\",\"name\":\"PEC dos Precat\u00f3rios tem 6 altera\u00e7\u00f5es no Senado; veja o que muda\",\"isPartOf\":{\"@id\":\"https:\/\/www.suno.com.br\/noticias\/#website\"},\"primaryImageOfPage\":{\"@id\":\"https:\/\/www.suno.com.br\/noticias\/pec-dos-precatorios-tem-6-alteracoes-no-senado-veja-a-lista\/#primaryimage\"},\"image\":{\"@id\":\"https:\/\/www.suno.com.br\/noticias\/pec-dos-precatorios-tem-6-alteracoes-no-senado-veja-a-lista\/#primaryimage\"},\"thumbnailUrl\":\"https:\/\/files.sunoresearch.com.br\/n\/uploads\/2021\/11\/pec.jpg\",\"datePublished\":\"2021-11-24T11:06:41+00:00\",\"dateModified\":\"2021-11-24T11:27:57+00:00\",\"description\":\"O governo encaminhou uma nova vers\u00e3o da Proposta de Emenda \u00e0 Constitui\u00e7\u00e3o (PEC) dos Precat\u00f3rios para o Senado. Clique aqui e veja\",\"breadcrumb\":{\"@id\":\"https:\/\/www.suno.com.br\/noticias\/pec-dos-precatorios-tem-6-alteracoes-no-senado-veja-a-lista\/#breadcrumb\"},\"inLanguage\":\"pt-BR\",\"potentialAction\":[{\"@type\":\"ReadAction\",\"target\":[\"https:\/\/www.suno.com.br\/noticias\/pec-dos-precatorios-tem-6-alteracoes-no-senado-veja-a-lista\/\"]}]},{\"@type\":\"ImageObject\",\"inLanguage\":\"pt-BR\",\"@id\":\"https:\/\/www.suno.com.br\/noticias\/pec-dos-precatorios-tem-6-alteracoes-no-senado-veja-a-lista\/#primaryimage\",\"url\":\"https:\/\/files.sunoresearch.com.br\/n\/uploads\/2021\/11\/pec.jpg\",\"contentUrl\":\"https:\/\/files.sunoresearch.com.br\/n\/uploads\/2021\/11\/pec.jpg\",\"width\":2560,\"height\":1707,\"caption\":\"Relator da PEC dos Precat\u00f3rio. Foto: EBC\"},{\"@type\":\"BreadcrumbList\",\"@id\":\"https:\/\/www.suno.com.br\/noticias\/pec-dos-precatorios-tem-6-alteracoes-no-senado-veja-a-lista\/#breadcrumb\",\"itemListElement\":[{\"@type\":\"ListItem\",\"position\":1,\"name\":\"Not\u00edcias\",\"item\":\"https:\/\/www.suno.com.br\/noticias\/\"},{\"@type\":\"ListItem\",\"position\":2,\"name\":\"Pol\u00edtica\",\"item\":\"https:\/\/www.suno.com.br\/noticias\/politica\/\"},{\"@type\":\"ListItem\",\"position\":3,\"name\":\"PEC dos Precat\u00f3rios tem 6 altera\u00e7\u00f5es no Senado; veja o que muda\"}]},{\"@type\":\"WebSite\",\"@id\":\"https:\/\/www.suno.com.br\/noticias\/#website\",\"url\":\"https:\/\/www.suno.com.br\/noticias\/\",\"name\":\"Suno Not\u00edcias\",\"description\":\"Seu portal de informa\u00e7\u00e3o sobre o mundo dos investimentos\",\"publisher\":{\"@id\":\"https:\/\/www.suno.com.br\/noticias\/#organization\"},\"potentialAction\":[{\"@type\":\"SearchAction\",\"target\":{\"@type\":\"EntryPoint\",\"urlTemplate\":\"https:\/\/www.suno.com.br\/noticias\/?s={search_term_string}\"},\"query-input\":{\"@type\":\"PropertyValueSpecification\",\"valueRequired\":true,\"valueName\":\"search_term_string\"}}],\"inLanguage\":\"pt-BR\"},{\"@type\":\"Organization\",\"@id\":\"https:\/\/www.suno.com.br\/noticias\/#organization\",\"name\":\"Suno Not\u00edcias\",\"url\":\"https:\/\/www.suno.com.br\/noticias\/\",\"logo\":{\"@type\":\"ImageObject\",\"inLanguage\":\"pt-BR\",\"@id\":\"https:\/\/www.suno.com.br\/noticias\/#\/schema\/logo\/image\/\",\"url\":\"https:\/\/files.sunoresearch.com.br\/n\/uploads\/2021\/09\/suno-logo.png\",\"contentUrl\":\"https:\/\/files.sunoresearch.com.br\/n\/uploads\/2021\/09\/suno-logo.png\",\"width\":180,\"height\":180,\"caption\":\"Suno Not\u00edcias\"},\"image\":{\"@id\":\"https:\/\/www.suno.com.br\/noticias\/#\/schema\/logo\/image\/\"},\"sameAs\":[\"https:\/\/facebook.com\/sunoresearch\",\"https:\/\/x.com\/sunoresearch\",\"https:\/\/www.instagram.com\/suno\",\"https:\/\/www.linkedin.com\/company\/suno-research\/\",\"https:\/\/www.youtube.com\/c\/sunoresearch\"]},{\"@type\":\"Person\",\"@id\":\"https:\/\/www.suno.com.br\/noticias\/#\/schema\/person\/02ec1f752758247878a2bf4abee1aeda\",\"name\":\"Poliana Santos\",\"image\":{\"@type\":\"ImageObject\",\"inLanguage\":\"pt-BR\",\"@id\":\"https:\/\/www.suno.com.br\/noticias\/#\/schema\/person\/image\/\",\"url\":\"https:\/\/secure.gravatar.com\/avatar\/0645bd32f23d87b2130f2b2dff1d3f8d?s=96&r=g\",\"contentUrl\":\"https:\/\/secure.gravatar.com\/avatar\/0645bd32f23d87b2130f2b2dff1d3f8d?s=96&r=g\",\"caption\":\"Poliana Santos\"},\"description\":\"Rep\u00f3rter no Suno Not\u00edcias, com cobertura em mercado financeiro, economia, finan\u00e7as pessoais, renda fixa e varejo. Jornalista formada pela Faculdade C\u00e1sper L\u00edbero e possui passagem na R\u00e1dio Gazeta AM com a produ\u00e7\u00e3o de conte\u00fado sobre economia, pol\u00edtica, sa\u00fade, moda e m\u00fasica. Possui certificado de conclus\u00e3o do curso de An\u00e1lise de Balan\u00e7os pela Funda\u00e7\u00e3o Bradesco, Agenda Brasil pela FAAP, Educa\u00e7\u00e3o Pol\u00edtica por Alexandre Garcia e do Tesouro Direto e Mercado de A\u00e7\u00f5es pela B3.\",\"url\":\"https:\/\/www.suno.com.br\/noticias\/author\/poliana-santos\/\"}]}<\/script>\n<!-- \/ Yoast SEO plugin. -->","yoast_head_json":{"title":"PEC dos Precat\u00f3rios tem 6 altera\u00e7\u00f5es no Senado; veja o que muda","description":"O governo encaminhou uma nova vers\u00e3o da Proposta de Emenda \u00e0 Constitui\u00e7\u00e3o (PEC) dos Precat\u00f3rios para o Senado. Clique aqui e veja","robots":{"index":"index","follow":"follow","max-snippet":"max-snippet:-1","max-image-preview":"max-image-preview:large","max-video-preview":"max-video-preview:-1"},"canonical":"https:\/\/www.suno.com.br\/noticias\/pec-dos-precatorios-tem-6-alteracoes-no-senado-veja-a-lista\/","og_locale":"pt_BR","og_type":"article","og_title":"PEC dos Precat\u00f3rios tem 6 altera\u00e7\u00f5es no Senado; veja o que muda","og_description":"O governo encaminhou uma nova vers\u00e3o da Proposta de Emenda \u00e0 Constitui\u00e7\u00e3o (PEC) dos Precat\u00f3rios para o Senado. Clique aqui e veja","og_url":"https:\/\/www.suno.com.br\/noticias\/pec-dos-precatorios-tem-6-alteracoes-no-senado-veja-a-lista\/","og_site_name":"Suno Not\u00edcias","article_publisher":"https:\/\/facebook.com\/sunoresearch","og_image":[{"width":2560,"height":1707,"url":"https:\/\/files.sunoresearch.com.br\/n\/uploads\/2021\/11\/pec.jpg","type":"image\/jpeg"}],"author":"Poliana Santos","twitter_card":"summary_large_image","twitter_creator":"@sunoresearch","twitter_site":"@sunoresearch","twitter_misc":{"Escrito por":"Poliana Santos","Est. tempo de leitura":"2 minutos"},"schema":{"@context":"https:\/\/schema.org","@graph":[{"@type":"NewsArticle","@id":"https:\/\/www.suno.com.br\/noticias\/pec-dos-precatorios-tem-6-alteracoes-no-senado-veja-a-lista\/#article","isPartOf":{"@id":"https:\/\/www.suno.com.br\/noticias\/pec-dos-precatorios-tem-6-alteracoes-no-senado-veja-a-lista\/"},"author":{"name":"Poliana Santos","@id":"https:\/\/www.suno.com.br\/noticias\/#\/schema\/person\/02ec1f752758247878a2bf4abee1aeda"},"headline":"PEC dos Precat\u00f3rios tem 6 altera\u00e7\u00f5es no Senado; veja o que muda","datePublished":"2021-11-24T11:06:41+00:00","dateModified":"2021-11-24T11:27:57+00:00","mainEntityOfPage":{"@id":"https:\/\/www.suno.com.br\/noticias\/pec-dos-precatorios-tem-6-alteracoes-no-senado-veja-a-lista\/"},"wordCount":432,"publisher":{"@id":"https:\/\/www.suno.com.br\/noticias\/#organization"},"image":{"@id":"https:\/\/www.suno.com.br\/noticias\/pec-dos-precatorios-tem-6-alteracoes-no-senado-veja-a-lista\/#primaryimage"},"thumbnailUrl":"https:\/\/files.sunoresearch.com.br\/n\/uploads\/2021\/11\/pec.jpg","keywords":["PEC do teto","Senado Federal"],"articleSection":["Pol\u00edtica"],"inLanguage":"pt-BR"},{"@type":"WebPage","@id":"https:\/\/www.suno.com.br\/noticias\/pec-dos-precatorios-tem-6-alteracoes-no-senado-veja-a-lista\/","url":"https:\/\/www.suno.com.br\/noticias\/pec-dos-precatorios-tem-6-alteracoes-no-senado-veja-a-lista\/","name":"PEC dos Precat\u00f3rios tem 6 altera\u00e7\u00f5es no Senado; veja o que muda","isPartOf":{"@id":"https:\/\/www.suno.com.br\/noticias\/#website"},"primaryImageOfPage":{"@id":"https:\/\/www.suno.com.br\/noticias\/pec-dos-precatorios-tem-6-alteracoes-no-senado-veja-a-lista\/#primaryimage"},"image":{"@id":"https:\/\/www.suno.com.br\/noticias\/pec-dos-precatorios-tem-6-alteracoes-no-senado-veja-a-lista\/#primaryimage"},"thumbnailUrl":"https:\/\/files.sunoresearch.com.br\/n\/uploads\/2021\/11\/pec.jpg","datePublished":"2021-11-24T11:06:41+00:00","dateModified":"2021-11-24T11:27:57+00:00","description":"O governo encaminhou uma nova vers\u00e3o da Proposta de Emenda \u00e0 Constitui\u00e7\u00e3o (PEC) dos Precat\u00f3rios para o Senado. Clique aqui e veja","breadcrumb":{"@id":"https:\/\/www.suno.com.br\/noticias\/pec-dos-precatorios-tem-6-alteracoes-no-senado-veja-a-lista\/#breadcrumb"},"inLanguage":"pt-BR","potentialAction":[{"@type":"ReadAction","target":["https:\/\/www.suno.com.br\/noticias\/pec-dos-precatorios-tem-6-alteracoes-no-senado-veja-a-lista\/"]}]},{"@type":"ImageObject","inLanguage":"pt-BR","@id":"https:\/\/www.suno.com.br\/noticias\/pec-dos-precatorios-tem-6-alteracoes-no-senado-veja-a-lista\/#primaryimage","url":"https:\/\/files.sunoresearch.com.br\/n\/uploads\/2021\/11\/pec.jpg","contentUrl":"https:\/\/files.sunoresearch.com.br\/n\/uploads\/2021\/11\/pec.jpg","width":2560,"height":1707,"caption":"Relator da PEC dos Precat\u00f3rio. Foto: EBC"},{"@type":"BreadcrumbList","@id":"https:\/\/www.suno.com.br\/noticias\/pec-dos-precatorios-tem-6-alteracoes-no-senado-veja-a-lista\/#breadcrumb","itemListElement":[{"@type":"ListItem","position":1,"name":"Not\u00edcias","item":"https:\/\/www.suno.com.br\/noticias\/"},{"@type":"ListItem","position":2,"name":"Pol\u00edtica","item":"https:\/\/www.suno.com.br\/noticias\/politica\/"},{"@type":"ListItem","position":3,"name":"PEC dos Precat\u00f3rios tem 6 altera\u00e7\u00f5es no Senado; veja o que muda"}]},{"@type":"WebSite","@id":"https:\/\/www.suno.com.br\/noticias\/#website","url":"https:\/\/www.suno.com.br\/noticias\/","name":"Suno Not\u00edcias","description":"Seu portal de informa\u00e7\u00e3o sobre o mundo dos investimentos","publisher":{"@id":"https:\/\/www.suno.com.br\/noticias\/#organization"},"potentialAction":[{"@type":"SearchAction","target":{"@type":"EntryPoint","urlTemplate":"https:\/\/www.suno.com.br\/noticias\/?s={search_term_string}"},"query-input":{"@type":"PropertyValueSpecification","valueRequired":true,"valueName":"search_term_string"}}],"inLanguage":"pt-BR"},{"@type":"Organization","@id":"https:\/\/www.suno.com.br\/noticias\/#organization","name":"Suno Not\u00edcias","url":"https:\/\/www.suno.com.br\/noticias\/","logo":{"@type":"ImageObject","inLanguage":"pt-BR","@id":"https:\/\/www.suno.com.br\/noticias\/#\/schema\/logo\/image\/","url":"https:\/\/files.sunoresearch.com.br\/n\/uploads\/2021\/09\/suno-logo.png","contentUrl":"https:\/\/files.sunoresearch.com.br\/n\/uploads\/2021\/09\/suno-logo.png","width":180,"height":180,"caption":"Suno Not\u00edcias"},"image":{"@id":"https:\/\/www.suno.com.br\/noticias\/#\/schema\/logo\/image\/"},"sameAs":["https:\/\/facebook.com\/sunoresearch","https:\/\/x.com\/sunoresearch","https:\/\/www.instagram.com\/suno","https:\/\/www.linkedin.com\/company\/suno-research\/","https:\/\/www.youtube.com\/c\/sunoresearch"]},{"@type":"Person","@id":"https:\/\/www.suno.com.br\/noticias\/#\/schema\/person\/02ec1f752758247878a2bf4abee1aeda","name":"Poliana Santos","image":{"@type":"ImageObject","inLanguage":"pt-BR","@id":"https:\/\/www.suno.com.br\/noticias\/#\/schema\/person\/image\/","url":"https:\/\/secure.gravatar.com\/avatar\/0645bd32f23d87b2130f2b2dff1d3f8d?s=96&r=g","contentUrl":"https:\/\/secure.gravatar.com\/avatar\/0645bd32f23d87b2130f2b2dff1d3f8d?s=96&r=g","caption":"Poliana Santos"},"description":"Rep\u00f3rter no Suno Not\u00edcias, com cobertura em mercado financeiro, economia, finan\u00e7as pessoais, renda fixa e varejo. Jornalista formada pela Faculdade C\u00e1sper L\u00edbero e possui passagem na R\u00e1dio Gazeta AM com a produ\u00e7\u00e3o de conte\u00fado sobre economia, pol\u00edtica, sa\u00fade, moda e m\u00fasica. Possui certificado de conclus\u00e3o do curso de An\u00e1lise de Balan\u00e7os pela Funda\u00e7\u00e3o Bradesco, Agenda Brasil pela FAAP, Educa\u00e7\u00e3o Pol\u00edtica por Alexandre Garcia e do Tesouro Direto e Mercado de A\u00e7\u00f5es pela B3.","url":"https:\/\/www.suno.com.br\/noticias\/author\/poliana-santos\/"}]}},"default_loop_html":"<div class=\"cardsPage__listCard__boxs\"><div class=\"cardsPage__listCard__boxs__img\"><a href=\"https:\/\/www.suno.com.br\/noticias\/pec-dos-precatorios-tem-6-alteracoes-no-senado-veja-a-lista\/\"><img class=\"mask\" src=\"https:\/\/www.suno.com.br\/noticias\/wp-content\/themes\/suno\/resources\/images\/spotlight\/spotlight1img\/bg-mask.png\" alt=\"Image Mask\"\/><img src=\"https:\/\/files.sunoresearch.com.br\/n\/uploads\/2021\/11\/pec-400x200.jpg\" alt=\"PEC dos Precat\u00f3rios tem 6 altera\u00e7\u00f5es no Senado; veja o que muda\"\/><\/a><span class=\"spotlightCategory\"><a href=\"https:\/\/www.suno.com.br\/noticias\/politica\/\">Pol\u00edtica<\/a><\/span><\/div><div class=\"cardsPage__listCard__boxs__content\"><a href=\"https:\/\/www.suno.com.br\/noticias\/pec-dos-precatorios-tem-6-alteracoes-no-senado-veja-a-lista\/\"><h2 class=\"content__title\">PEC dos Precat\u00f3rios tem 6 altera\u00e7\u00f5es no Senado; veja o que muda<\/h2><\/a><div class=\"newsContent__article__meta\"><div class=\"newsContent__article__meta__authorBox\"><a href=\"https:\/\/www.suno.com.br\/noticias\/author\/poliana-santos\/\" class=\"authorBox__avatar noMobi\"><img src=\"https:\/\/files.sunoresearch.com.br\/n\/uploads\/2020\/08\/7ef34026-whatsapp-image-2020-08-03-at-12.37.57-150x150.webp\" alt=\"Poliana Santos\"><\/a><div class=\"authorBox__name\"><span>por\n\t\t\t<a href=\"https:\/\/www.suno.com.br\/noticias\/author\/poliana-santos\/\"><span itemprop=\"author\">Poliana Santos<\/span><\/a><\/span><time datetime=\"2021-11-24T08:06:41-03:00\" itemprop=\"datePublished\">24\/11\/2021 08:06<\/time><\/div><\/div><\/div><\/div><\/div>","single_layout":"posts","amp_enabled":true,"_links":{"self":[{"href":"https:\/\/www.suno.com.br\/noticias\/wp-json\/wp\/v2\/posts\/208270"}],"collection":[{"href":"https:\/\/www.suno.com.br\/noticias\/wp-json\/wp\/v2\/posts"}],"about":[{"href":"https:\/\/www.suno.com.br\/noticias\/wp-json\/wp\/v2\/types\/post"}],"author":[{"embeddable":true,"href":"https:\/\/www.suno.com.br\/noticias\/wp-json\/wp\/v2\/users\/15"}],"replies":[{"embeddable":true,"href":"https:\/\/www.suno.com.br\/noticias\/wp-json\/wp\/v2\/comments?post=208270"}],"version-history":[{"count":4,"href":"https:\/\/www.suno.com.br\/noticias\/wp-json\/wp\/v2\/posts\/208270\/revisions"}],"predecessor-version":[{"id":208284,"href":"https:\/\/www.suno.com.br\/noticias\/wp-json\/wp\/v2\/posts\/208270\/revisions\/208284"}],"wp:featuredmedia":[{"embeddable":true,"href":"https:\/\/www.suno.com.br\/noticias\/wp-json\/wp\/v2\/media\/208277"}],"wp:attachment":[{"href":"https:\/\/www.suno.com.br\/noticias\/wp-json\/wp\/v2\/media?parent=208270"}],"wp:term":[{"taxonomy":"category","embeddable":true,"href":"https:\/\/www.suno.com.br\/noticias\/wp-json\/wp\/v2\/categories?post=208270"},{"taxonomy":"post_tag","embeddable":true,"href":"https:\/\/www.suno.com.br\/noticias\/wp-json\/wp\/v2\/tags?post=208270"},{"taxonomy":"suno_strategy","embeddable":true,"href":"https:\/\/www.suno.com.br\/noticias\/wp-json\/wp\/v2\/suno_strategy?post=208270"}],"curies":[{"name":"wp","href":"https:\/\/api.w.org\/{rel}","templated":true}]}}