{"id":20818,"date":"2019-04-12T16:13:08","date_gmt":"2019-04-12T19:13:08","guid":{"rendered":"https:\/\/www.suno.com.br\/noticias\/?p=20818"},"modified":"2021-02-17T22:49:55","modified_gmt":"2021-02-18T01:49:55","slug":"petrobras-bolsonaro-alta-mourao","status":"publish","type":"post","link":"https:\/\/www.suno.com.br\/noticias\/petrobras-bolsonaro-alta-mourao\/","title":{"rendered":"Petrobras: Bolsonaro suspendeu alta do diesel por &#8216;bom senso&#8217;, diz Mour\u00e3o"},"content":{"rendered":"<p>O vice-presidente Hamilton Mour\u00e3o disse nesta sexta (12) que a suspens\u00e3o da alta do diesel pelo presidente Jair Bolsonaro foi um ato de &#8216;bom senso&#8217;. A fala ocorreu em uma entrevista concedida \u00e0 r\u00e1dio CBN.<\/p>\t<div class=\"wrapper-featured-image\">\n\t\t<figure class=\"spotlightImg\">\n\n\t\t\t<picture>\n\t\t\t\t<source media=\"(max-width: 768px)\" srcset=\"https:\/\/files.sunoresearch.com.br\/n\/uploads\/2019\/02\/310d1f02-petrobras-2-400x200.webp\">\n\t\t\t\t<img loading=\"lazy\" decoding=\"async\" class=\"newsContent__article__imgCapa lazyloadDisabled newsContent__article__imgCapa--noCaption\" src=\"https:\/\/files.sunoresearch.com.br\/n\/uploads\/2019\/02\/310d1f02-petrobras-2-800x450.webp\" width=\"800\" height=\"450\" alt=\"Petrobras: Bolsonaro suspendeu alta do diesel por &#8216;bom senso&#8217;, diz Mour\u00e3o\" fetchpriority=high \/>\n\t\t\t<\/picture>\n\n\t\t\t<figcaption class=\"wp-caption-text wp-caption-text--hide\">Petrobras e Equinor concluem negocia\u00e7\u00e3o <\/figcaption>\n\t\t<\/figure>\n\t<\/div>\n\n\n<p>Na noite da \u00faltima quinta (11) o presidente <strong>Jair Bolsonaro<\/strong> cancelou o reajuste de 5,7% nos pre\u00e7os do <strong>diesel<\/strong> nas refinarias da <strong>Petrobras<\/strong>. Mour\u00e3o disse ainda que a decis\u00e3o foi um ato isolado diante das press\u00f5es de caminhoneiros.<\/p>\n<p><a href=\"https:\/\/www.suno.com.br\/noticias\/petrobras-cai-bolsa-ingerencia-governo-diesel\/\">Saiba mais:\u00a0Petrobras cai 6% na Bolsa ap\u00f3s inger\u00eancia do governo em pre\u00e7os<\/a><\/p>\n<p>&#8220;Toda decis\u00e3o tem seus fatores positivos e negativos. Agora, eu n\u00e3o tenho dom\u00ednio de todos os fatos que levaram o presidente a tomar essa decis\u00e3o. Ent\u00e3o, eu n\u00e3o sei quais s\u00e3o as press\u00f5es que ele estava sofrendo ou a vis\u00e3o que ele tinha do que poderia acontecer nesse exato momento, com esse aumento um pouco maior do diesel e que, obviamente, o levou a tomar essa decis\u00e3o&#8221;, declarou o vice-presidente Mour\u00e3o&#8221;.<\/p>\n<p>[optin-monster-shortcode id=&#8221;npkxlwaleraa8psvnego&#8221;]<\/p>\n<p>&nbsp;<\/p>\n<p>A medida de <strong>Bolsonaro<\/strong> fez com que as a\u00e7\u00f5es da <strong>Petrobras<\/strong> despencassem. Os pap\u00e9is chegaram a cair 8%. De acordo com uma fonte consultada pelo jornal &#8220;O Globo&#8221;, Bolsonaro procurou o presidente da <strong>Petrobras<\/strong>, <strong>Roberto Castello Branco<\/strong>, para falar sobre o reajuste. No entanto, diante do cen\u00e1rio de queda de mais de 5% das a\u00e7\u00f5es, o <strong>Pal\u00e1cio do Planalto<\/strong> informou que a decis\u00e3o foi tomada em conjunto.<\/p>\n<p>&#8220;Eu julgo que ele optou pelo bom senso nesse presente momento e vai buscar a\u00ed uma outra linha de a\u00e7\u00e3o, mas tamb\u00e9m tenho absoluta certeza que ele n\u00e3o vai praticar a mesma pol\u00edtica da ex-presidente <strong>Dilma Rousseff<\/strong> no tocante \u00e0 interven\u00e7\u00e3o em pre\u00e7os do combust\u00edvel e da energia&#8221;, acrescentou o vice-presidente.<\/p>\n<p>Em nota divulgada na noite de quinta-feira (11), a <strong>Petrobras<\/strong> informou que tomou a decis\u00e3o com base na sua estrat\u00e9gia de reajuste de pre\u00e7os e que\u00a0 \u201crevisitou sua posi\u00e7\u00e3o de <strong>hedge<\/strong> (prote\u00e7\u00e3o) e avaliou ao longo do dia, com o fechamento do mercado, que h\u00e1 margem para espa\u00e7ar mais alguns dias o reajuste no diesel\u201d. Al\u00e9m disso, a estatal ressaltou que mant\u00e9m a pol\u00edtica de alinhamento com os pre\u00e7os do mercado internacional.<\/p>\n\t<p>\n\t\t<a href=\"https:\/\/lp.suno.com.br\/ao\/sessao-estrategica-consultoria-c\/?utm_source=suno-noticias&#038;utm_medium=banner&#038;utm_campaing=dolar-cair-juros\" target=\"_blank\" data-element=\"shortcode-suno-banner\" title=\"Banner SUNO, clique e saiba mais\">\n\t\t\t<picture>\n\t\t\t\t<source media=\"(max-width: 500px)\" srcset=\"https:\/\/files.sunoresearch.com.br\/n\/uploads\/2025\/09\/300x400.webp\">\n\t\t\t\t<img class=\"newsContent__article__imgCapa newsContent__article__imgCapa--banner\"\n\t\t\t\t\tsrc=\"https:\/\/files.sunoresearch.com.br\/n\/uploads\/2025\/09\/SN-DT-1420x240-1.webp\"\n\t\t\t\t\tdata-promo-id=\"624946\"\t\t\t\t\t\t\t\t\t\twidth='1420' height='240'\t\t\t\t\talt=\"https:\/\/files.sunoresearch.com.br\/n\/uploads\/2025\/09\/SN-DT-1420x240-1.webp\"\n\t\t\t\t>\n\t\t\t<\/picture>\n\t\t<\/a>\n\t<\/p>\n\n\n<h2>Roberto Campos Neto e o reajuste<\/h2>\n<p>O presidente do <strong>Banco Central<\/strong>, <strong>Roberto Campo Neto<\/strong>, disse que n\u00e3o acredita que o <strong>governo<\/strong> <strong>Jair Bolsonaro<\/strong> ir\u00e1 adotar pr\u00e1ticas de controle de pre\u00e7os. A medida foi implementada pela ex-presidente <strong>Dilma Rousseff<\/strong>.<\/p>\n<p><a href=\"https:\/\/www.suno.com.br\/noticias\/petrobras-intervencao-bolsonaro-recuo-14-milhoes-por-dia\/\">Saiba mais:\u00a0Petrobras &#8211; decis\u00e3o de Bolsonaro implica em menos R$ 14 milh\u00f5es por dia<\/a><\/p>\n<p><strong>Campos Neto<\/strong> n\u00e3o quis comentar a quest\u00e3o da suspens\u00e3o dos pre\u00e7os por <strong>Bolsonaro<\/strong>. \u201cEu cheguei aqui na quarta-feira, n\u00e3o estou acompanhando as not\u00edcias. N\u00e3o tem possibilidade de um dirigente do <strong>Banco Central<\/strong> falar de pr\u00e1tica de pre\u00e7os da <strong>Petrobras<\/strong>\u201d, afirmou.<\/p>\n","protected":false},"excerpt":{"rendered":"<p>O vice-presidente Hamilton Mour\u00e3o disse nesta sexta (12) que a suspens\u00e3o da alta do diesel pelo presidente Jair Bolsonaro foi um ato de &#8216;bom senso&#8217;. A fala ocorreu em uma entrevista concedida \u00e0 r\u00e1dio CBN. Petrobras e Equinor concluem negocia\u00e7\u00e3o Na noite da \u00faltima quinta (11) o presidente Jair Bolsonaro cancelou o reajuste de 5,7% [&hellip;]<\/p>\n","protected":false},"author":14,"featured_media":15750,"comment_status":"closed","ping_status":"closed","sticky":false,"template":"","format":"standard","meta":[],"categories":[60],"tags":[1842,309,719,595],"suno_strategy":[],"class_list":["post-20818","post","type-post","status-publish","format-standard","has-post-thumbnail","hentry","category-mercado","tag-banco-central-bc","tag-bolsa-de-valores","tag-jair-bolsonaro","tag-petrobras-petr4"],"yoast_head":"<!-- This site is optimized with the Yoast SEO plugin v24.4 - https:\/\/yoast.com\/wordpress\/plugins\/seo\/ -->\n<title>Petrobras: Bolsonaro cancelou alta do diesel por &#039;bom senso&#039;, diz Mour\u00e3o<\/title>\n<meta name=\"description\" content=\"O presidente Jair Bolsonaro cancelou o reajuste de 5,7% nos pre\u00e7os do diesel nas refinarias da Petrobras. Clique para saber mais\" \/>\n<meta name=\"robots\" content=\"index, follow, max-snippet:-1, max-image-preview:large, max-video-preview:-1\" \/>\n<link rel=\"canonical\" href=\"https:\/\/www.suno.com.br\/noticias\/petrobras-bolsonaro-alta-mourao\/\" \/>\n<meta property=\"og:locale\" content=\"pt_BR\" \/>\n<meta property=\"og:type\" content=\"article\" \/>\n<meta property=\"og:title\" content=\"Petrobras: Bolsonaro cancelou alta do diesel por &#039;bom senso&#039;, diz Mour\u00e3o\" \/>\n<meta property=\"og:description\" content=\"O presidente Jair Bolsonaro cancelou o reajuste de 5,7% nos pre\u00e7os do diesel nas refinarias da Petrobras. Clique para saber mais\" \/>\n<meta property=\"og:url\" content=\"https:\/\/www.suno.com.br\/noticias\/petrobras-bolsonaro-alta-mourao\/\" \/>\n<meta property=\"og:site_name\" content=\"Suno Not\u00edcias\" \/>\n<meta property=\"article:publisher\" content=\"https:\/\/facebook.com\/sunoresearch\" \/>\n<meta property=\"og:image\" content=\"https:\/\/files.sunoresearch.com.br\/n\/uploads\/2019\/02\/310d1f02-petrobras-2.jpg\" \/>\n\t<meta property=\"og:image:width\" content=\"1798\" \/>\n\t<meta property=\"og:image:height\" content=\"1080\" \/>\n\t<meta property=\"og:image:type\" content=\"image\/jpeg\" \/>\n<meta name=\"author\" content=\"Renan Dantas\" \/>\n<meta name=\"twitter:card\" content=\"summary_large_image\" \/>\n<meta name=\"twitter:creator\" content=\"@sunoresearch\" \/>\n<meta name=\"twitter:site\" content=\"@sunoresearch\" \/>\n<meta name=\"twitter:label1\" content=\"Escrito por\" \/>\n\t<meta name=\"twitter:data1\" content=\"Renan Dantas\" \/>\n\t<meta name=\"twitter:label2\" content=\"Est. tempo de leitura\" \/>\n\t<meta name=\"twitter:data2\" content=\"2 minutos\" \/>\n<script type=\"application\/ld+json\" class=\"yoast-schema-graph\">{\"@context\":\"https:\/\/schema.org\",\"@graph\":[{\"@type\":\"NewsArticle\",\"@id\":\"https:\/\/www.suno.com.br\/noticias\/petrobras-bolsonaro-alta-mourao\/#article\",\"isPartOf\":{\"@id\":\"https:\/\/www.suno.com.br\/noticias\/petrobras-bolsonaro-alta-mourao\/\"},\"author\":{\"name\":\"Renan Dantas\",\"@id\":\"https:\/\/www.suno.com.br\/noticias\/#\/schema\/person\/3f7693d5795a3f6d5ce15309ee785699\"},\"headline\":\"Petrobras: Bolsonaro suspendeu alta do diesel por &#8216;bom senso&#8217;, diz Mour\u00e3o\",\"datePublished\":\"2019-04-12T19:13:08+00:00\",\"dateModified\":\"2021-02-18T01:49:55+00:00\",\"mainEntityOfPage\":{\"@id\":\"https:\/\/www.suno.com.br\/noticias\/petrobras-bolsonaro-alta-mourao\/\"},\"wordCount\":508,\"publisher\":{\"@id\":\"https:\/\/www.suno.com.br\/noticias\/#organization\"},\"image\":{\"@id\":\"https:\/\/www.suno.com.br\/noticias\/petrobras-bolsonaro-alta-mourao\/#primaryimage\"},\"thumbnailUrl\":\"https:\/\/files.sunoresearch.com.br\/n\/uploads\/2019\/02\/310d1f02-petrobras-2-jpg.webp\",\"keywords\":[\"Banco Central (BC)\",\"Bolsa de Valores\",\"Jair Bolsonaro\",\"Petrobras (PETR4)\"],\"articleSection\":[\"Mercado\"],\"inLanguage\":\"pt-BR\"},{\"@type\":\"WebPage\",\"@id\":\"https:\/\/www.suno.com.br\/noticias\/petrobras-bolsonaro-alta-mourao\/\",\"url\":\"https:\/\/www.suno.com.br\/noticias\/petrobras-bolsonaro-alta-mourao\/\",\"name\":\"Petrobras: Bolsonaro cancelou alta do diesel por 'bom senso', diz Mour\u00e3o\",\"isPartOf\":{\"@id\":\"https:\/\/www.suno.com.br\/noticias\/#website\"},\"primaryImageOfPage\":{\"@id\":\"https:\/\/www.suno.com.br\/noticias\/petrobras-bolsonaro-alta-mourao\/#primaryimage\"},\"image\":{\"@id\":\"https:\/\/www.suno.com.br\/noticias\/petrobras-bolsonaro-alta-mourao\/#primaryimage\"},\"thumbnailUrl\":\"https:\/\/files.sunoresearch.com.br\/n\/uploads\/2019\/02\/310d1f02-petrobras-2-jpg.webp\",\"datePublished\":\"2019-04-12T19:13:08+00:00\",\"dateModified\":\"2021-02-18T01:49:55+00:00\",\"description\":\"O presidente Jair Bolsonaro cancelou o reajuste de 5,7% nos pre\u00e7os do diesel nas refinarias da Petrobras. Clique para saber mais\",\"breadcrumb\":{\"@id\":\"https:\/\/www.suno.com.br\/noticias\/petrobras-bolsonaro-alta-mourao\/#breadcrumb\"},\"inLanguage\":\"pt-BR\",\"potentialAction\":[{\"@type\":\"ReadAction\",\"target\":[\"https:\/\/www.suno.com.br\/noticias\/petrobras-bolsonaro-alta-mourao\/\"]}]},{\"@type\":\"ImageObject\",\"inLanguage\":\"pt-BR\",\"@id\":\"https:\/\/www.suno.com.br\/noticias\/petrobras-bolsonaro-alta-mourao\/#primaryimage\",\"url\":\"https:\/\/files.sunoresearch.com.br\/n\/uploads\/2019\/02\/310d1f02-petrobras-2-jpg.webp\",\"contentUrl\":\"https:\/\/files.sunoresearch.com.br\/n\/uploads\/2019\/02\/310d1f02-petrobras-2-jpg.webp\",\"width\":1798,\"height\":1080,\"caption\":\"Petrobras e Equinor concluem negocia\u00e7\u00e3o\"},{\"@type\":\"BreadcrumbList\",\"@id\":\"https:\/\/www.suno.com.br\/noticias\/petrobras-bolsonaro-alta-mourao\/#breadcrumb\",\"itemListElement\":[{\"@type\":\"ListItem\",\"position\":1,\"name\":\"Not\u00edcias\",\"item\":\"https:\/\/www.suno.com.br\/noticias\/\"},{\"@type\":\"ListItem\",\"position\":2,\"name\":\"Mercado\",\"item\":\"https:\/\/www.suno.com.br\/noticias\/mercado\/\"},{\"@type\":\"ListItem\",\"position\":3,\"name\":\"Petrobras: Bolsonaro suspendeu alta do diesel por &#8216;bom senso&#8217;, diz Mour\u00e3o\"}]},{\"@type\":\"WebSite\",\"@id\":\"https:\/\/www.suno.com.br\/noticias\/#website\",\"url\":\"https:\/\/www.suno.com.br\/noticias\/\",\"name\":\"Suno Not\u00edcias\",\"description\":\"Seu portal de informa\u00e7\u00e3o sobre o mundo dos investimentos\",\"publisher\":{\"@id\":\"https:\/\/www.suno.com.br\/noticias\/#organization\"},\"potentialAction\":[{\"@type\":\"SearchAction\",\"target\":{\"@type\":\"EntryPoint\",\"urlTemplate\":\"https:\/\/www.suno.com.br\/noticias\/?s={search_term_string}\"},\"query-input\":{\"@type\":\"PropertyValueSpecification\",\"valueRequired\":true,\"valueName\":\"search_term_string\"}}],\"inLanguage\":\"pt-BR\"},{\"@type\":\"Organization\",\"@id\":\"https:\/\/www.suno.com.br\/noticias\/#organization\",\"name\":\"Suno Not\u00edcias\",\"url\":\"https:\/\/www.suno.com.br\/noticias\/\",\"logo\":{\"@type\":\"ImageObject\",\"inLanguage\":\"pt-BR\",\"@id\":\"https:\/\/www.suno.com.br\/noticias\/#\/schema\/logo\/image\/\",\"url\":\"https:\/\/files.sunoresearch.com.br\/n\/uploads\/2021\/09\/suno-logo.png\",\"contentUrl\":\"https:\/\/files.sunoresearch.com.br\/n\/uploads\/2021\/09\/suno-logo.png\",\"width\":180,\"height\":180,\"caption\":\"Suno Not\u00edcias\"},\"image\":{\"@id\":\"https:\/\/www.suno.com.br\/noticias\/#\/schema\/logo\/image\/\"},\"sameAs\":[\"https:\/\/facebook.com\/sunoresearch\",\"https:\/\/x.com\/sunoresearch\",\"https:\/\/www.instagram.com\/suno\",\"https:\/\/www.linkedin.com\/company\/suno-research\/\",\"https:\/\/www.youtube.com\/c\/sunoresearch\"]},{\"@type\":\"Person\",\"@id\":\"https:\/\/www.suno.com.br\/noticias\/#\/schema\/person\/3f7693d5795a3f6d5ce15309ee785699\",\"name\":\"Renan Dantas\",\"image\":{\"@type\":\"ImageObject\",\"inLanguage\":\"pt-BR\",\"@id\":\"https:\/\/www.suno.com.br\/noticias\/#\/schema\/person\/image\/\",\"url\":\"https:\/\/secure.gravatar.com\/avatar\/1787b83e7484a08e51d62ac8b41c8396?s=96&r=g\",\"contentUrl\":\"https:\/\/secure.gravatar.com\/avatar\/1787b83e7484a08e51d62ac8b41c8396?s=96&r=g\",\"caption\":\"Renan Dantas\"},\"description\":\"Escreve sobre pol\u00edtica e mercado financeiro para o portal Suno Not\u00edcias. Antes, atuou na assessoria de comunica\u00e7\u00e3o do Minist\u00e9rio P\u00fablico do Trabalho e na R\u00e1dio Mackenzie, onde apresentava e produzia um programa sobre artistas da m\u00fasica brasileira. \u00c9 estudante na Universidade Presbiteriana Mackenzie.\",\"url\":\"https:\/\/www.suno.com.br\/noticias\/author\/renan-dantas\/\"}]}<\/script>\n<!-- \/ Yoast SEO plugin. -->","yoast_head_json":{"title":"Petrobras: Bolsonaro cancelou alta do diesel por 'bom senso', diz Mour\u00e3o","description":"O presidente Jair Bolsonaro cancelou o reajuste de 5,7% nos pre\u00e7os do diesel nas refinarias da Petrobras. Clique para saber mais","robots":{"index":"index","follow":"follow","max-snippet":"max-snippet:-1","max-image-preview":"max-image-preview:large","max-video-preview":"max-video-preview:-1"},"canonical":"https:\/\/www.suno.com.br\/noticias\/petrobras-bolsonaro-alta-mourao\/","og_locale":"pt_BR","og_type":"article","og_title":"Petrobras: Bolsonaro cancelou alta do diesel por 'bom senso', diz Mour\u00e3o","og_description":"O presidente Jair Bolsonaro cancelou o reajuste de 5,7% nos pre\u00e7os do diesel nas refinarias da Petrobras. Clique para saber mais","og_url":"https:\/\/www.suno.com.br\/noticias\/petrobras-bolsonaro-alta-mourao\/","og_site_name":"Suno Not\u00edcias","article_publisher":"https:\/\/facebook.com\/sunoresearch","og_image":[{"width":1798,"height":1080,"url":"https:\/\/files.sunoresearch.com.br\/n\/uploads\/2019\/02\/310d1f02-petrobras-2.jpg","type":"image\/jpeg"}],"author":"Renan Dantas","twitter_card":"summary_large_image","twitter_creator":"@sunoresearch","twitter_site":"@sunoresearch","twitter_misc":{"Escrito por":"Renan Dantas","Est. tempo de leitura":"2 minutos"},"schema":{"@context":"https:\/\/schema.org","@graph":[{"@type":"NewsArticle","@id":"https:\/\/www.suno.com.br\/noticias\/petrobras-bolsonaro-alta-mourao\/#article","isPartOf":{"@id":"https:\/\/www.suno.com.br\/noticias\/petrobras-bolsonaro-alta-mourao\/"},"author":{"name":"Renan Dantas","@id":"https:\/\/www.suno.com.br\/noticias\/#\/schema\/person\/3f7693d5795a3f6d5ce15309ee785699"},"headline":"Petrobras: Bolsonaro suspendeu alta do diesel por &#8216;bom senso&#8217;, diz Mour\u00e3o","datePublished":"2019-04-12T19:13:08+00:00","dateModified":"2021-02-18T01:49:55+00:00","mainEntityOfPage":{"@id":"https:\/\/www.suno.com.br\/noticias\/petrobras-bolsonaro-alta-mourao\/"},"wordCount":508,"publisher":{"@id":"https:\/\/www.suno.com.br\/noticias\/#organization"},"image":{"@id":"https:\/\/www.suno.com.br\/noticias\/petrobras-bolsonaro-alta-mourao\/#primaryimage"},"thumbnailUrl":"https:\/\/files.sunoresearch.com.br\/n\/uploads\/2019\/02\/310d1f02-petrobras-2-jpg.webp","keywords":["Banco Central (BC)","Bolsa de Valores","Jair Bolsonaro","Petrobras (PETR4)"],"articleSection":["Mercado"],"inLanguage":"pt-BR"},{"@type":"WebPage","@id":"https:\/\/www.suno.com.br\/noticias\/petrobras-bolsonaro-alta-mourao\/","url":"https:\/\/www.suno.com.br\/noticias\/petrobras-bolsonaro-alta-mourao\/","name":"Petrobras: Bolsonaro cancelou alta do diesel por 'bom senso', diz Mour\u00e3o","isPartOf":{"@id":"https:\/\/www.suno.com.br\/noticias\/#website"},"primaryImageOfPage":{"@id":"https:\/\/www.suno.com.br\/noticias\/petrobras-bolsonaro-alta-mourao\/#primaryimage"},"image":{"@id":"https:\/\/www.suno.com.br\/noticias\/petrobras-bolsonaro-alta-mourao\/#primaryimage"},"thumbnailUrl":"https:\/\/files.sunoresearch.com.br\/n\/uploads\/2019\/02\/310d1f02-petrobras-2-jpg.webp","datePublished":"2019-04-12T19:13:08+00:00","dateModified":"2021-02-18T01:49:55+00:00","description":"O presidente Jair Bolsonaro cancelou o reajuste de 5,7% nos pre\u00e7os do diesel nas refinarias da Petrobras. Clique para saber mais","breadcrumb":{"@id":"https:\/\/www.suno.com.br\/noticias\/petrobras-bolsonaro-alta-mourao\/#breadcrumb"},"inLanguage":"pt-BR","potentialAction":[{"@type":"ReadAction","target":["https:\/\/www.suno.com.br\/noticias\/petrobras-bolsonaro-alta-mourao\/"]}]},{"@type":"ImageObject","inLanguage":"pt-BR","@id":"https:\/\/www.suno.com.br\/noticias\/petrobras-bolsonaro-alta-mourao\/#primaryimage","url":"https:\/\/files.sunoresearch.com.br\/n\/uploads\/2019\/02\/310d1f02-petrobras-2-jpg.webp","contentUrl":"https:\/\/files.sunoresearch.com.br\/n\/uploads\/2019\/02\/310d1f02-petrobras-2-jpg.webp","width":1798,"height":1080,"caption":"Petrobras e Equinor concluem negocia\u00e7\u00e3o"},{"@type":"BreadcrumbList","@id":"https:\/\/www.suno.com.br\/noticias\/petrobras-bolsonaro-alta-mourao\/#breadcrumb","itemListElement":[{"@type":"ListItem","position":1,"name":"Not\u00edcias","item":"https:\/\/www.suno.com.br\/noticias\/"},{"@type":"ListItem","position":2,"name":"Mercado","item":"https:\/\/www.suno.com.br\/noticias\/mercado\/"},{"@type":"ListItem","position":3,"name":"Petrobras: Bolsonaro suspendeu alta do diesel por &#8216;bom senso&#8217;, diz Mour\u00e3o"}]},{"@type":"WebSite","@id":"https:\/\/www.suno.com.br\/noticias\/#website","url":"https:\/\/www.suno.com.br\/noticias\/","name":"Suno Not\u00edcias","description":"Seu portal de informa\u00e7\u00e3o sobre o mundo dos investimentos","publisher":{"@id":"https:\/\/www.suno.com.br\/noticias\/#organization"},"potentialAction":[{"@type":"SearchAction","target":{"@type":"EntryPoint","urlTemplate":"https:\/\/www.suno.com.br\/noticias\/?s={search_term_string}"},"query-input":{"@type":"PropertyValueSpecification","valueRequired":true,"valueName":"search_term_string"}}],"inLanguage":"pt-BR"},{"@type":"Organization","@id":"https:\/\/www.suno.com.br\/noticias\/#organization","name":"Suno Not\u00edcias","url":"https:\/\/www.suno.com.br\/noticias\/","logo":{"@type":"ImageObject","inLanguage":"pt-BR","@id":"https:\/\/www.suno.com.br\/noticias\/#\/schema\/logo\/image\/","url":"https:\/\/files.sunoresearch.com.br\/n\/uploads\/2021\/09\/suno-logo.png","contentUrl":"https:\/\/files.sunoresearch.com.br\/n\/uploads\/2021\/09\/suno-logo.png","width":180,"height":180,"caption":"Suno Not\u00edcias"},"image":{"@id":"https:\/\/www.suno.com.br\/noticias\/#\/schema\/logo\/image\/"},"sameAs":["https:\/\/facebook.com\/sunoresearch","https:\/\/x.com\/sunoresearch","https:\/\/www.instagram.com\/suno","https:\/\/www.linkedin.com\/company\/suno-research\/","https:\/\/www.youtube.com\/c\/sunoresearch"]},{"@type":"Person","@id":"https:\/\/www.suno.com.br\/noticias\/#\/schema\/person\/3f7693d5795a3f6d5ce15309ee785699","name":"Renan Dantas","image":{"@type":"ImageObject","inLanguage":"pt-BR","@id":"https:\/\/www.suno.com.br\/noticias\/#\/schema\/person\/image\/","url":"https:\/\/secure.gravatar.com\/avatar\/1787b83e7484a08e51d62ac8b41c8396?s=96&r=g","contentUrl":"https:\/\/secure.gravatar.com\/avatar\/1787b83e7484a08e51d62ac8b41c8396?s=96&r=g","caption":"Renan Dantas"},"description":"Escreve sobre pol\u00edtica e mercado financeiro para o portal Suno Not\u00edcias. Antes, atuou na assessoria de comunica\u00e7\u00e3o do Minist\u00e9rio P\u00fablico do Trabalho e na R\u00e1dio Mackenzie, onde apresentava e produzia um programa sobre artistas da m\u00fasica brasileira. \u00c9 estudante na Universidade Presbiteriana Mackenzie.","url":"https:\/\/www.suno.com.br\/noticias\/author\/renan-dantas\/"}]}},"default_loop_html":"<div class=\"cardsPage__listCard__boxs\"><div class=\"cardsPage__listCard__boxs__img\"><a href=\"https:\/\/www.suno.com.br\/noticias\/petrobras-bolsonaro-alta-mourao\/\"><img class=\"mask\" src=\"https:\/\/www.suno.com.br\/noticias\/wp-content\/themes\/suno\/resources\/images\/spotlight\/spotlight1img\/bg-mask.png\" alt=\"Image Mask\"\/><img src=\"https:\/\/files.sunoresearch.com.br\/n\/uploads\/2019\/02\/310d1f02-petrobras-2-400x200.webp\" alt=\"Petrobras: Bolsonaro suspendeu alta do diesel por &#8216;bom senso&#8217;, diz Mour\u00e3o\"\/><\/a><span class=\"spotlightCategory\"><a href=\"https:\/\/www.suno.com.br\/noticias\/mercado\/\">Mercado<\/a><\/span><\/div><div class=\"cardsPage__listCard__boxs__content\"><a href=\"https:\/\/www.suno.com.br\/noticias\/petrobras-bolsonaro-alta-mourao\/\"><h2 class=\"content__title\">Petrobras: Bolsonaro suspendeu alta do diesel por &#8216;bom senso&#8217;, diz Mour\u00e3o<\/h2><\/a><div class=\"newsContent__article__meta\"><div class=\"newsContent__article__meta__authorBox\"><a href=\"https:\/\/www.suno.com.br\/noticias\/author\/renan-dantas\/\" class=\"authorBox__avatar noMobi\"><img src=\"https:\/\/secure.gravatar.com\/avatar\/1787b83e7484a08e51d62ac8b41c8396?s=96&#038;r=g\" alt=\"Renan Dantas\"><\/a><div class=\"authorBox__name\"><span>por\n\t\t\t<a href=\"https:\/\/www.suno.com.br\/noticias\/author\/renan-dantas\/\"><span itemprop=\"author\">Renan Dantas<\/span><\/a><\/span><time datetime=\"2019-04-12T16:13:08-03:00\" itemprop=\"datePublished\">12\/04\/2019 16:13<\/time><\/div><\/div><\/div><\/div><\/div>","single_layout":"posts","amp_enabled":true,"_links":{"self":[{"href":"https:\/\/www.suno.com.br\/noticias\/wp-json\/wp\/v2\/posts\/20818"}],"collection":[{"href":"https:\/\/www.suno.com.br\/noticias\/wp-json\/wp\/v2\/posts"}],"about":[{"href":"https:\/\/www.suno.com.br\/noticias\/wp-json\/wp\/v2\/types\/post"}],"author":[{"embeddable":true,"href":"https:\/\/www.suno.com.br\/noticias\/wp-json\/wp\/v2\/users\/14"}],"replies":[{"embeddable":true,"href":"https:\/\/www.suno.com.br\/noticias\/wp-json\/wp\/v2\/comments?post=20818"}],"version-history":[{"count":0,"href":"https:\/\/www.suno.com.br\/noticias\/wp-json\/wp\/v2\/posts\/20818\/revisions"}],"wp:featuredmedia":[{"embeddable":true,"href":"https:\/\/www.suno.com.br\/noticias\/wp-json\/wp\/v2\/media\/15750"}],"wp:attachment":[{"href":"https:\/\/www.suno.com.br\/noticias\/wp-json\/wp\/v2\/media?parent=20818"}],"wp:term":[{"taxonomy":"category","embeddable":true,"href":"https:\/\/www.suno.com.br\/noticias\/wp-json\/wp\/v2\/categories?post=20818"},{"taxonomy":"post_tag","embeddable":true,"href":"https:\/\/www.suno.com.br\/noticias\/wp-json\/wp\/v2\/tags?post=20818"},{"taxonomy":"suno_strategy","embeddable":true,"href":"https:\/\/www.suno.com.br\/noticias\/wp-json\/wp\/v2\/suno_strategy?post=20818"}],"curies":[{"name":"wp","href":"https:\/\/api.w.org\/{rel}","templated":true}]}}