{"id":208120,"date":"2021-11-23T22:01:57","date_gmt":"2021-11-24T01:01:57","guid":{"rendered":"https:\/\/www.suno.com.br\/noticias\/?p=208120"},"modified":"2021-11-23T22:03:06","modified_gmt":"2021-11-24T01:03:06","slug":"howard-marks-investimentos-live-lancamento-oaktree-itau-itub4","status":"publish","type":"post","link":"https:\/\/www.suno.com.br\/noticias\/howard-marks-investimentos-live-lancamento-oaktree-itau-itub4\/","title":{"rendered":"&#8220;Estamos no in\u00edcio de um ciclo de crescimento&#8221;, diz Howard Marks em live de lan\u00e7amento do fundo da Oaktree no Ita\u00fa (ITUB4)"},"content":{"rendered":"<p>O Ita\u00fa Personnalit\u00e9 promoveu nesta ter\u00e7a-feira (23) uma live com a participa\u00e7\u00e3o de <a href=\"https:\/\/www.suno.com.br\/tudo-sobre\/howard-marks\/\"><strong>Howard Marks<\/strong>,<\/a> o co-fundador da Oaktree Capital Management e um dos investidores mais influentes do mundo. A transmiss\u00e3o ao vivo marcou o lan\u00e7amento do fundo da Oaktree entre os produtos de investimentos do <a class=\"suno-keyword\" href=\"https:\/\/www.suno.com.br\/acoes\/ITUB4\/\" target=\"_blank\" rel=\"noopener\" data-force=\"yes\" data-priority=\"2\">Ita\u00fa (ITUB4)<\/a>.<\/p>\t<div class=\"wrapper-featured-image\">\n\t\t<figure class=\"spotlightImg\">\n\n\t\t\t<picture>\n\t\t\t\t<source media=\"(max-width: 768px)\" srcset=\"https:\/\/files.sunoresearch.com.br\/n\/uploads\/2021\/11\/howard-marks-1-1-400x200.jpg\">\n\t\t\t\t<img loading=\"lazy\" decoding=\"async\" class=\"newsContent__article__imgCapa lazyloadDisabled \" src=\"https:\/\/files.sunoresearch.com.br\/n\/uploads\/2021\/11\/howard-marks-1-1-800x450.jpg\" width=\"800\" height=\"450\" alt=\"&#8220;Estamos no in\u00edcio de um ciclo de crescimento&#8221;, diz Howard Marks em live de lan\u00e7amento do fundo da Oaktree no Ita\u00fa (ITUB4)\" fetchpriority=high \/>\n\t\t\t<\/picture>\n\n\t\t\t<figcaption class=\"wp-caption-text wp-caption-text--show\">Howard Marks, co-fundador da Oaktree, participa de live com Ita\u00fa Personnalit\u00e9. Foto: divulga\u00e7\u00e3o.<\/figcaption>\n\t\t<\/figure>\n\t<\/div>\n\n\n\t<p>\n\t\t<a href=\"https:\/\/lp.suno.com.br\/planilha-controle-gastos\/\" target=\"_blank\" data-element=\"shortcode-suno-banner\" title=\"Banner SUNO, clique e saiba mais\">\n\t\t\t<picture>\n\t\t\t\t<source media=\"(max-width: 500px)\" srcset=\"https:\/\/files.sunoresearch.com.br\/n\/uploads\/2023\/03\/400x300-Planilha-controle-de-gastos.png\">\n\t\t\t\t<img class=\"newsContent__article__imgCapa newsContent__article__imgCapa--banner\"\n\t\t\t\t\tsrc=\"https:\/\/files.sunoresearch.com.br\/n\/uploads\/2023\/03\/1420x240-Planilha-controle-de-gastos.png\"\n\t\t\t\t\tdata-promo-id=\"101751\"\t\t\t\t\t\t\t\t\t\twidth='1420' height='240'\t\t\t\t\talt=\"https:\/\/files.sunoresearch.com.br\/n\/uploads\/2023\/03\/1420x240-Planilha-controle-de-gastos.png\"\n\t\t\t\t>\n\t\t\t<\/picture>\n\t\t<\/a>\n\t<\/p>\n\n\n<p>A <strong>Oaktree<\/strong> \u00e9 uma das maiores gestoras de cr\u00e9dito do mundo. Fundada em 1995, conta atualmente com cerca de US$ 150 bilh\u00f5es sob gest\u00e3o. \u00c9 reconhecida como refer\u00eancia em <a class=\"suno-keyword\" href=\"https:\/\/www.suno.com.br\/artigos\/gestao-ativa\/\" target=\"_blank\" rel=\"noopener\" data-force=\"no\" data-priority=\"1\">gest\u00e3o ativa<\/a> global h\u00e1 mais de 25 anos, com presen\u00e7a em 14 pa\u00edses.<\/p>\n<p>&#8220;O fundo tem como objetivo obter ganhos de capital mediante<strong> investimentos em ativos de cr\u00e9dito privado<\/strong>, tanto pr\u00e9, quanto p\u00f3s-fixado, majoritariamente em economias desenvolvidas (Am\u00e9rica do Norte e Europa). Tem como meta de retorno de <a class=\"suno-keyword\" href=\"https:\/\/www.suno.com.br\/artigos\/longo-prazo\/\" target=\"_blank\" rel=\"noopener\" data-force=\"no\" data-priority=\"1\">longo prazo<\/a> <strong>CDI + 2% a 4% ao ano<\/strong>. Este ve\u00edculo possui <a class=\"suno-keyword\" href=\"https:\/\/www.suno.com.br\/artigos\/hedge-cambial\/\" target=\"_blank\" rel=\"noopener\" data-force=\"no\" data-priority=\"1\">hedge cambial<\/a> (com prote\u00e7\u00e3o contra a varia\u00e7\u00e3o das moedas)&#8221;, disse o banco em comunicado.<\/p>\n<p>A carteira \u00e9 baseada em uma <strong>sele\u00e7\u00e3o de 500 a 600 ativos<\/strong>, alocados em diferentes segmentos do mercado de cr\u00e9dito, e a aplica\u00e7\u00e3o m\u00ednima \u00e9 de R$ 500.<\/p>\n\t<p>\n\t\t<a href=\"https:\/\/lp.suno.com.br\/planilha-da-vida-financeira\/\" target=\"_blank\" data-element=\"shortcode-suno-banner\" title=\"Banner SUNO, clique e saiba mais\">\n\t\t\t<picture>\n\t\t\t\t<source media=\"(max-width: 500px)\" srcset=\"https:\/\/files.sunoresearch.com.br\/n\/uploads\/2023\/04\/400x300-Planilha-vida-financeira-true.png\">\n\t\t\t\t<img class=\"newsContent__article__imgCapa newsContent__article__imgCapa--banner\"\n\t\t\t\t\tsrc=\"https:\/\/files.sunoresearch.com.br\/n\/uploads\/2023\/04\/1420x240-Planilha-vida-financeira-true.png\"\n\t\t\t\t\tdata-promo-id=\"106682\"\t\t\t\t\t\t\t\t\t\twidth='1420' height='240'\t\t\t\t\talt=\"https:\/\/files.sunoresearch.com.br\/n\/uploads\/2023\/04\/1420x240-Planilha-vida-financeira-true.png\"\n\t\t\t\t>\n\t\t\t<\/picture>\n\t\t<\/a>\n\t<\/p>\n\n\n<p><iframe loading=\"lazy\" title=\"YouTube video player\" src=\"https:\/\/www.youtube.com\/embed\/PO7h0RwlqrI\" width=\"560\" height=\"315\" frameborder=\"0\" allowfullscreen=\"allowfullscreen\"><\/iframe><\/p>\n<h2>Confira as dicas de investimento de Howard Marks<\/h2>\n<p>No evento, o empres\u00e1rio abordou os desafios de investir em tempos turbulentos para a economia, como o atual. O especialista \u00e9 conhecido por falar sobre os ciclos do mercado e, na live, n\u00e3o foi diferente. Quando perguntado se o <a class=\"suno-keyword\" href=\"https:\/\/www.suno.com.br\/artigos\/mercado-de-acoes\/\" target=\"_blank\" rel=\"noopener\" data-force=\"no\" data-priority=\"2\">mercado de a\u00e7\u00f5es<\/a> est\u00e1 em um <strong>ciclo de alta ou baixa<\/strong>, <a class=\"suno-keyword\" href=\"https:\/\/www.suno.com.br\/tudo-sobre\/howard-marks\/\" target=\"_blank\" rel=\"noopener\" data-force=\"no\" data-priority=\"2\">Howard Marks<\/a> apresentou um horizonte mais long\u00ednquo.<\/p>\n<p>&#8220;Eu gosto de pensar em excessos e corre\u00e7\u00f5es, n\u00e3o em altos e baixos. Geralmente, os excessos s\u00e3o de otimismo. Dito isso, o que estamos passando desde 2020 \u00e9 um fator ex\u00f3geno, provocado pela pandemia, e n\u00e3o um efeito c\u00edclico. A partir de agora teremos um caminho gradual de recupera\u00e7\u00e3o. Em termos de <a class=\"suno-keyword\" href=\"https:\/\/www.suno.com.br\/artigos\/ciclo-economico\/\" target=\"_blank\" rel=\"noopener\" data-force=\"no\" data-priority=\"1\">ciclo econ\u00f4mico<\/a>, a gente est\u00e1 no inicio de um<strong> ciclo de crescimento de v\u00e1rios anos<\/strong>.&#8221;<\/p>\n\t<p>\n\t\t<a href=\"https:\/\/lp.suno.com.br\/ebook-como-analisar-uma-acao\/\" target=\"_blank\" data-element=\"shortcode-suno-banner\" title=\"Banner SUNO, clique e saiba mais\">\n\t\t\t<picture>\n\t\t\t\t<source media=\"(max-width: 500px)\" srcset=\"https:\/\/files.sunoresearch.com.br\/n\/uploads\/2023\/03\/Ebook-Acoes-Mobile-1.jpg\">\n\t\t\t\t<img class=\"newsContent__article__imgCapa newsContent__article__imgCapa--banner\"\n\t\t\t\t\tsrc=\"https:\/\/files.sunoresearch.com.br\/n\/uploads\/2023\/03\/Ebook-Acoes-Desktop-1.jpg\"\n\t\t\t\t\tdata-promo-id=\"171998\"\t\t\t\t\t\t\t\t\t\twidth='1420' height='286'\t\t\t\t\talt=\"https:\/\/files.sunoresearch.com.br\/n\/uploads\/2023\/03\/Ebook-Acoes-Desktop-1.jpg\"\n\t\t\t\t>\n\t\t\t<\/picture>\n\t\t<\/a>\n\t<\/p>\n\n\n<p>Apesar do economista comentar sobre mercados globais, sua perspectiva \u00e9 mais voltada para os Estados Unidos. Mesmo assim, sua dica de investimento \u00e9 universal: para Marks, o mais importante \u00e9 ter a <strong>perspectiva de longo prazo<\/strong>.<\/p>\n<p>&#8220;O mais importante \u00e9 investir com cuidado em um portf\u00f3lio ou fundo em que a pessoa seja capaz de manter a longo prazo, <strong>n\u00e3o assumir riscos<\/strong> demais, investir o dinheiro que voc\u00ea pode gastar <strong>dentro da sua realidade<\/strong>. Eventualmente, as empresas progridem e os t\u00edtulos s\u00e3o valorizados&#8221;, disse ele.<\/p>\n<p>Assim, Marks desmente a vis\u00e3o de ganhar dinheiro r\u00e1pido com especula\u00e7\u00e3o de <a class=\"suno-keyword\" href=\"https:\/\/www.suno.com.br\/artigos\/curto-prazo\/\" target=\"_blank\" rel=\"noopener\" data-force=\"no\" data-priority=\"1\">curto prazo<\/a> e ressalta a import\u00e2ncia de conhecer seu <a class=\"suno-keyword\" href=\"https:\/\/www.suno.com.br\/artigos\/qual-seu-perfil-de-investidor\/\" target=\"_blank\" rel=\"noopener\" data-force=\"no\" data-priority=\"1\">perfil de investidor<\/a>. &#8220;O mais desej\u00e1vel \u00e9 estar no mercado a longo prazo, n\u00e3o \u00e9 para ficar tirando e colocando. Se voc\u00ea for paciente, <strong>deixar o investimento por d\u00e9cadas<\/strong>, \u00e9 quase garantido que voc\u00ea ir\u00e1 ganhar com isso&#8221;, acrescentou o analista.<\/p>\n\t<p>\n\t\t<a href=\"https:\/\/lp.suno.com.br\/planilha-de-controle-de-investimentos\/\" target=\"_blank\" data-element=\"shortcode-suno-banner\" title=\"Banner SUNO, clique e saiba mais\">\n\t\t\t<picture>\n\t\t\t\t<source media=\"(max-width: 500px)\" srcset=\"https:\/\/files.sunoresearch.com.br\/n\/uploads\/2023\/03\/400x300-Controle-de-Investimentos.png\">\n\t\t\t\t<img class=\"newsContent__article__imgCapa newsContent__article__imgCapa--banner\"\n\t\t\t\t\tsrc=\"https:\/\/files.sunoresearch.com.br\/n\/uploads\/2023\/03\/1420x240-Controle-de-Investimentos.png\"\n\t\t\t\t\tdata-promo-id=\"75934\"\t\t\t\t\t\t\t\t\t\twidth='1420' height='240'\t\t\t\t\talt=\"https:\/\/files.sunoresearch.com.br\/n\/uploads\/2023\/03\/1420x240-Controle-de-Investimentos.png\"\n\t\t\t\t>\n\t\t\t<\/picture>\n\t\t<\/a>\n\t<\/p>\n\n\n<p>Perguntado sobre suas perspectivas para a situa\u00e7\u00e3o macroecon\u00f4mica, Howard foi enf\u00e1tico: &#8220;N\u00f3s n\u00e3o fazemos aposta em PIB, taxas de juros, pre\u00e7os de commodities. N\u00f3s apostamos nos<strong> fundamentos de empresas<\/strong>. \u00c9 isso que fa\u00e7o, n\u00e3o aposto na economia, aposto no meu &#8216;contrato&#8217; com a empresa&#8221;.<\/p>\n<p>Nascido em Nova York, <strong>Howard Marks<\/strong> acumula mais de 50 anos de experi\u00eancia, sendo um dos pioneiros em investimentos high yeld no mundo. \u00c9 autor de dois consagrados livros sobre investimentos: Mastering the Market Cycle (2018) &amp; The Most Important Thing (2011).<\/p>\n\t<p>\n\t\t<a href=\"\" target=\"_blank\" data-element=\"shortcode-suno-banner\" title=\"Banner SUNO, clique e saiba mais\">\n\t\t\t<picture>\n\t\t\t\t<source media=\"(max-width: 500px)\" srcset=\"\">\n\t\t\t\t<img class=\"newsContent__article__imgCapa newsContent__article__imgCapa--banner\"\n\t\t\t\t\tsrc=\"\"\n\t\t\t\t\tdata-promo-id=\"184190\"\t\t\t\t\t\t\t\t\t\t\t\t\t\t\talt=\"\"\n\t\t\t\t>\n\t\t\t<\/picture>\n\t\t<\/a>\n\t<\/p>\n\n\n","protected":false},"excerpt":{"rendered":"<p>O Ita\u00fa Personnalit\u00e9 promoveu nesta ter\u00e7a-feira (23) uma live com a participa\u00e7\u00e3o de Howard Marks, o co-fundador da Oaktree Capital Management e um dos investidores mais influentes do mundo. A transmiss\u00e3o ao vivo marcou o lan\u00e7amento do fundo da Oaktree entre os produtos de investimentos do Ita\u00fa (ITUB4). Howard Marks, co-fundador da Oaktree, participa de [&hellip;]<\/p>\n","protected":false},"author":118,"featured_media":208157,"comment_status":"closed","ping_status":"closed","sticky":false,"template":"","format":"standard","meta":[],"categories":[64],"tags":[105816,519],"suno_strategy":[],"class_list":["post-208120","post","type-post","status-publish","format-standard","has-post-thumbnail","hentry","category-negocios","tag-especialistas","tag-itau-unibanco-itub3-itub4"],"yoast_head":"<!-- This site is optimized with the Yoast SEO plugin v24.4 - https:\/\/yoast.com\/wordpress\/plugins\/seo\/ -->\n<title>Howard Marks d\u00e1 dicas de investimentos em live do Ita\u00fa (ITUB4)<\/title>\n<meta name=\"description\" content=\"O Ita\u00fa Personnalit\u00e9 promoveu nesta ter\u00e7a-feira (23) uma live com a participa\u00e7\u00e3o de Howard Marks, o co-fundador da Oaktree...Saiba mais\" \/>\n<meta name=\"robots\" content=\"index, follow, max-snippet:-1, max-image-preview:large, max-video-preview:-1\" \/>\n<link rel=\"canonical\" href=\"https:\/\/www.suno.com.br\/noticias\/howard-marks-investimentos-live-lancamento-oaktree-itau-itub4\/\" \/>\n<meta property=\"og:locale\" content=\"pt_BR\" \/>\n<meta property=\"og:type\" content=\"article\" \/>\n<meta property=\"og:title\" content=\"Howard Marks d\u00e1 dicas de investimentos em live do Ita\u00fa (ITUB4)\" \/>\n<meta property=\"og:description\" content=\"O Ita\u00fa Personnalit\u00e9 promoveu nesta ter\u00e7a-feira (23) uma live com a participa\u00e7\u00e3o de Howard Marks, o co-fundador da Oaktree...Saiba mais\" \/>\n<meta property=\"og:url\" content=\"https:\/\/www.suno.com.br\/noticias\/howard-marks-investimentos-live-lancamento-oaktree-itau-itub4\/\" \/>\n<meta property=\"og:site_name\" content=\"Suno Not\u00edcias\" \/>\n<meta property=\"article:publisher\" content=\"https:\/\/facebook.com\/sunoresearch\" \/>\n<meta property=\"og:image\" content=\"https:\/\/files.sunoresearch.com.br\/n\/uploads\/2021\/11\/howard-marks-1-1.jpg\" \/>\n\t<meta property=\"og:image:width\" content=\"1280\" \/>\n\t<meta property=\"og:image:height\" content=\"720\" \/>\n\t<meta property=\"og:image:type\" content=\"image\/jpeg\" \/>\n<meta name=\"author\" content=\"Bruno Galv\u00e3o\" \/>\n<meta name=\"twitter:card\" content=\"summary_large_image\" \/>\n<meta name=\"twitter:creator\" content=\"@sunoresearch\" \/>\n<meta name=\"twitter:site\" content=\"@sunoresearch\" \/>\n<meta name=\"twitter:label1\" content=\"Escrito por\" \/>\n\t<meta name=\"twitter:data1\" content=\"Bruno Galv\u00e3o\" \/>\n\t<meta name=\"twitter:label2\" content=\"Est. tempo de leitura\" \/>\n\t<meta name=\"twitter:data2\" content=\"3 minutos\" \/>\n<script type=\"application\/ld+json\" class=\"yoast-schema-graph\">{\"@context\":\"https:\/\/schema.org\",\"@graph\":[{\"@type\":\"NewsArticle\",\"@id\":\"https:\/\/www.suno.com.br\/noticias\/howard-marks-investimentos-live-lancamento-oaktree-itau-itub4\/#article\",\"isPartOf\":{\"@id\":\"https:\/\/www.suno.com.br\/noticias\/howard-marks-investimentos-live-lancamento-oaktree-itau-itub4\/\"},\"author\":{\"name\":\"Bruno Galv\u00e3o\",\"@id\":\"https:\/\/www.suno.com.br\/noticias\/#\/schema\/person\/06f0d962a6b1c54852e4860f16935600\"},\"headline\":\"&#8220;Estamos no in\u00edcio de um ciclo de crescimento&#8221;, diz Howard Marks em live de lan\u00e7amento do fundo da Oaktree no Ita\u00fa (ITUB4)\",\"datePublished\":\"2021-11-24T01:01:57+00:00\",\"dateModified\":\"2021-11-24T01:03:06+00:00\",\"mainEntityOfPage\":{\"@id\":\"https:\/\/www.suno.com.br\/noticias\/howard-marks-investimentos-live-lancamento-oaktree-itau-itub4\/\"},\"wordCount\":608,\"publisher\":{\"@id\":\"https:\/\/www.suno.com.br\/noticias\/#organization\"},\"image\":{\"@id\":\"https:\/\/www.suno.com.br\/noticias\/howard-marks-investimentos-live-lancamento-oaktree-itau-itub4\/#primaryimage\"},\"thumbnailUrl\":\"https:\/\/files.sunoresearch.com.br\/n\/uploads\/2021\/11\/howard-marks-1-1.jpg\",\"keywords\":[\"Especialistas\",\"Ita\u00fa Unibanco (ITUB3\/ITUB4)\"],\"articleSection\":[\"Neg\u00f3cios\"],\"inLanguage\":\"pt-BR\"},{\"@type\":\"WebPage\",\"@id\":\"https:\/\/www.suno.com.br\/noticias\/howard-marks-investimentos-live-lancamento-oaktree-itau-itub4\/\",\"url\":\"https:\/\/www.suno.com.br\/noticias\/howard-marks-investimentos-live-lancamento-oaktree-itau-itub4\/\",\"name\":\"Howard Marks d\u00e1 dicas de investimentos em live do Ita\u00fa (ITUB4)\",\"isPartOf\":{\"@id\":\"https:\/\/www.suno.com.br\/noticias\/#website\"},\"primaryImageOfPage\":{\"@id\":\"https:\/\/www.suno.com.br\/noticias\/howard-marks-investimentos-live-lancamento-oaktree-itau-itub4\/#primaryimage\"},\"image\":{\"@id\":\"https:\/\/www.suno.com.br\/noticias\/howard-marks-investimentos-live-lancamento-oaktree-itau-itub4\/#primaryimage\"},\"thumbnailUrl\":\"https:\/\/files.sunoresearch.com.br\/n\/uploads\/2021\/11\/howard-marks-1-1.jpg\",\"datePublished\":\"2021-11-24T01:01:57+00:00\",\"dateModified\":\"2021-11-24T01:03:06+00:00\",\"description\":\"O Ita\u00fa Personnalit\u00e9 promoveu nesta ter\u00e7a-feira (23) uma live com a participa\u00e7\u00e3o de Howard Marks, o co-fundador da Oaktree...Saiba mais\",\"breadcrumb\":{\"@id\":\"https:\/\/www.suno.com.br\/noticias\/howard-marks-investimentos-live-lancamento-oaktree-itau-itub4\/#breadcrumb\"},\"inLanguage\":\"pt-BR\",\"potentialAction\":[{\"@type\":\"ReadAction\",\"target\":[\"https:\/\/www.suno.com.br\/noticias\/howard-marks-investimentos-live-lancamento-oaktree-itau-itub4\/\"]}]},{\"@type\":\"ImageObject\",\"inLanguage\":\"pt-BR\",\"@id\":\"https:\/\/www.suno.com.br\/noticias\/howard-marks-investimentos-live-lancamento-oaktree-itau-itub4\/#primaryimage\",\"url\":\"https:\/\/files.sunoresearch.com.br\/n\/uploads\/2021\/11\/howard-marks-1-1.jpg\",\"contentUrl\":\"https:\/\/files.sunoresearch.com.br\/n\/uploads\/2021\/11\/howard-marks-1-1.jpg\",\"width\":1280,\"height\":720,\"caption\":\"Howard Marks, co-fundador da Oaktree, participa de live com Ita\u00fa Personnalit\u00e9. Foto: divulga\u00e7\u00e3o.\"},{\"@type\":\"BreadcrumbList\",\"@id\":\"https:\/\/www.suno.com.br\/noticias\/howard-marks-investimentos-live-lancamento-oaktree-itau-itub4\/#breadcrumb\",\"itemListElement\":[{\"@type\":\"ListItem\",\"position\":1,\"name\":\"Not\u00edcias\",\"item\":\"https:\/\/www.suno.com.br\/noticias\/\"},{\"@type\":\"ListItem\",\"position\":2,\"name\":\"Neg\u00f3cios\",\"item\":\"https:\/\/www.suno.com.br\/noticias\/negocios\/\"},{\"@type\":\"ListItem\",\"position\":3,\"name\":\"&#8220;Estamos no in\u00edcio de um ciclo de crescimento&#8221;, diz Howard Marks em live de lan\u00e7amento do fundo da Oaktree no Ita\u00fa (ITUB4)\"}]},{\"@type\":\"WebSite\",\"@id\":\"https:\/\/www.suno.com.br\/noticias\/#website\",\"url\":\"https:\/\/www.suno.com.br\/noticias\/\",\"name\":\"Suno Not\u00edcias\",\"description\":\"Seu portal de informa\u00e7\u00e3o sobre o mundo dos investimentos\",\"publisher\":{\"@id\":\"https:\/\/www.suno.com.br\/noticias\/#organization\"},\"potentialAction\":[{\"@type\":\"SearchAction\",\"target\":{\"@type\":\"EntryPoint\",\"urlTemplate\":\"https:\/\/www.suno.com.br\/noticias\/?s={search_term_string}\"},\"query-input\":{\"@type\":\"PropertyValueSpecification\",\"valueRequired\":true,\"valueName\":\"search_term_string\"}}],\"inLanguage\":\"pt-BR\"},{\"@type\":\"Organization\",\"@id\":\"https:\/\/www.suno.com.br\/noticias\/#organization\",\"name\":\"Suno Not\u00edcias\",\"url\":\"https:\/\/www.suno.com.br\/noticias\/\",\"logo\":{\"@type\":\"ImageObject\",\"inLanguage\":\"pt-BR\",\"@id\":\"https:\/\/www.suno.com.br\/noticias\/#\/schema\/logo\/image\/\",\"url\":\"https:\/\/files.sunoresearch.com.br\/n\/uploads\/2021\/09\/suno-logo.png\",\"contentUrl\":\"https:\/\/files.sunoresearch.com.br\/n\/uploads\/2021\/09\/suno-logo.png\",\"width\":180,\"height\":180,\"caption\":\"Suno Not\u00edcias\"},\"image\":{\"@id\":\"https:\/\/www.suno.com.br\/noticias\/#\/schema\/logo\/image\/\"},\"sameAs\":[\"https:\/\/facebook.com\/sunoresearch\",\"https:\/\/x.com\/sunoresearch\",\"https:\/\/www.instagram.com\/suno\",\"https:\/\/www.linkedin.com\/company\/suno-research\/\",\"https:\/\/www.youtube.com\/c\/sunoresearch\"]},{\"@type\":\"Person\",\"@id\":\"https:\/\/www.suno.com.br\/noticias\/#\/schema\/person\/06f0d962a6b1c54852e4860f16935600\",\"name\":\"Bruno Galv\u00e3o\",\"image\":{\"@type\":\"ImageObject\",\"inLanguage\":\"pt-BR\",\"@id\":\"https:\/\/www.suno.com.br\/noticias\/#\/schema\/person\/image\/\",\"url\":\"https:\/\/secure.gravatar.com\/avatar\/53598df0b41c00f12f287a912d0e918e?s=96&r=g\",\"contentUrl\":\"https:\/\/secure.gravatar.com\/avatar\/53598df0b41c00f12f287a912d0e918e?s=96&r=g\",\"caption\":\"Bruno Galv\u00e3o\"},\"description\":\"Escreve para o portal Suno Not\u00edcias. \u00c9 estudante de Jornalismo pela Faculdade C\u00e1sper L\u00edbero e Letras pela USP. Entusiasta de tecnologia e intelig\u00eancia artificial.\",\"url\":\"https:\/\/www.suno.com.br\/noticias\/author\/bruno-garcia\/\"}]}<\/script>\n<!-- \/ Yoast SEO plugin. -->","yoast_head_json":{"title":"Howard Marks d\u00e1 dicas de investimentos em live do Ita\u00fa (ITUB4)","description":"O Ita\u00fa Personnalit\u00e9 promoveu nesta ter\u00e7a-feira (23) uma live com a participa\u00e7\u00e3o de Howard Marks, o co-fundador da Oaktree...Saiba mais","robots":{"index":"index","follow":"follow","max-snippet":"max-snippet:-1","max-image-preview":"max-image-preview:large","max-video-preview":"max-video-preview:-1"},"canonical":"https:\/\/www.suno.com.br\/noticias\/howard-marks-investimentos-live-lancamento-oaktree-itau-itub4\/","og_locale":"pt_BR","og_type":"article","og_title":"Howard Marks d\u00e1 dicas de investimentos em live do Ita\u00fa (ITUB4)","og_description":"O Ita\u00fa Personnalit\u00e9 promoveu nesta ter\u00e7a-feira (23) uma live com a participa\u00e7\u00e3o de Howard Marks, o co-fundador da Oaktree...Saiba mais","og_url":"https:\/\/www.suno.com.br\/noticias\/howard-marks-investimentos-live-lancamento-oaktree-itau-itub4\/","og_site_name":"Suno Not\u00edcias","article_publisher":"https:\/\/facebook.com\/sunoresearch","og_image":[{"width":1280,"height":720,"url":"https:\/\/files.sunoresearch.com.br\/n\/uploads\/2021\/11\/howard-marks-1-1.jpg","type":"image\/jpeg"}],"author":"Bruno Galv\u00e3o","twitter_card":"summary_large_image","twitter_creator":"@sunoresearch","twitter_site":"@sunoresearch","twitter_misc":{"Escrito por":"Bruno Galv\u00e3o","Est. tempo de leitura":"3 minutos"},"schema":{"@context":"https:\/\/schema.org","@graph":[{"@type":"NewsArticle","@id":"https:\/\/www.suno.com.br\/noticias\/howard-marks-investimentos-live-lancamento-oaktree-itau-itub4\/#article","isPartOf":{"@id":"https:\/\/www.suno.com.br\/noticias\/howard-marks-investimentos-live-lancamento-oaktree-itau-itub4\/"},"author":{"name":"Bruno Galv\u00e3o","@id":"https:\/\/www.suno.com.br\/noticias\/#\/schema\/person\/06f0d962a6b1c54852e4860f16935600"},"headline":"&#8220;Estamos no in\u00edcio de um ciclo de crescimento&#8221;, diz Howard Marks em live de lan\u00e7amento do fundo da Oaktree no Ita\u00fa (ITUB4)","datePublished":"2021-11-24T01:01:57+00:00","dateModified":"2021-11-24T01:03:06+00:00","mainEntityOfPage":{"@id":"https:\/\/www.suno.com.br\/noticias\/howard-marks-investimentos-live-lancamento-oaktree-itau-itub4\/"},"wordCount":608,"publisher":{"@id":"https:\/\/www.suno.com.br\/noticias\/#organization"},"image":{"@id":"https:\/\/www.suno.com.br\/noticias\/howard-marks-investimentos-live-lancamento-oaktree-itau-itub4\/#primaryimage"},"thumbnailUrl":"https:\/\/files.sunoresearch.com.br\/n\/uploads\/2021\/11\/howard-marks-1-1.jpg","keywords":["Especialistas","Ita\u00fa Unibanco (ITUB3\/ITUB4)"],"articleSection":["Neg\u00f3cios"],"inLanguage":"pt-BR"},{"@type":"WebPage","@id":"https:\/\/www.suno.com.br\/noticias\/howard-marks-investimentos-live-lancamento-oaktree-itau-itub4\/","url":"https:\/\/www.suno.com.br\/noticias\/howard-marks-investimentos-live-lancamento-oaktree-itau-itub4\/","name":"Howard Marks d\u00e1 dicas de investimentos em live do Ita\u00fa (ITUB4)","isPartOf":{"@id":"https:\/\/www.suno.com.br\/noticias\/#website"},"primaryImageOfPage":{"@id":"https:\/\/www.suno.com.br\/noticias\/howard-marks-investimentos-live-lancamento-oaktree-itau-itub4\/#primaryimage"},"image":{"@id":"https:\/\/www.suno.com.br\/noticias\/howard-marks-investimentos-live-lancamento-oaktree-itau-itub4\/#primaryimage"},"thumbnailUrl":"https:\/\/files.sunoresearch.com.br\/n\/uploads\/2021\/11\/howard-marks-1-1.jpg","datePublished":"2021-11-24T01:01:57+00:00","dateModified":"2021-11-24T01:03:06+00:00","description":"O Ita\u00fa Personnalit\u00e9 promoveu nesta ter\u00e7a-feira (23) uma live com a participa\u00e7\u00e3o de Howard Marks, o co-fundador da Oaktree...Saiba mais","breadcrumb":{"@id":"https:\/\/www.suno.com.br\/noticias\/howard-marks-investimentos-live-lancamento-oaktree-itau-itub4\/#breadcrumb"},"inLanguage":"pt-BR","potentialAction":[{"@type":"ReadAction","target":["https:\/\/www.suno.com.br\/noticias\/howard-marks-investimentos-live-lancamento-oaktree-itau-itub4\/"]}]},{"@type":"ImageObject","inLanguage":"pt-BR","@id":"https:\/\/www.suno.com.br\/noticias\/howard-marks-investimentos-live-lancamento-oaktree-itau-itub4\/#primaryimage","url":"https:\/\/files.sunoresearch.com.br\/n\/uploads\/2021\/11\/howard-marks-1-1.jpg","contentUrl":"https:\/\/files.sunoresearch.com.br\/n\/uploads\/2021\/11\/howard-marks-1-1.jpg","width":1280,"height":720,"caption":"Howard Marks, co-fundador da Oaktree, participa de live com Ita\u00fa Personnalit\u00e9. Foto: divulga\u00e7\u00e3o."},{"@type":"BreadcrumbList","@id":"https:\/\/www.suno.com.br\/noticias\/howard-marks-investimentos-live-lancamento-oaktree-itau-itub4\/#breadcrumb","itemListElement":[{"@type":"ListItem","position":1,"name":"Not\u00edcias","item":"https:\/\/www.suno.com.br\/noticias\/"},{"@type":"ListItem","position":2,"name":"Neg\u00f3cios","item":"https:\/\/www.suno.com.br\/noticias\/negocios\/"},{"@type":"ListItem","position":3,"name":"&#8220;Estamos no in\u00edcio de um ciclo de crescimento&#8221;, diz Howard Marks em live de lan\u00e7amento do fundo da Oaktree no Ita\u00fa (ITUB4)"}]},{"@type":"WebSite","@id":"https:\/\/www.suno.com.br\/noticias\/#website","url":"https:\/\/www.suno.com.br\/noticias\/","name":"Suno Not\u00edcias","description":"Seu portal de informa\u00e7\u00e3o sobre o mundo dos investimentos","publisher":{"@id":"https:\/\/www.suno.com.br\/noticias\/#organization"},"potentialAction":[{"@type":"SearchAction","target":{"@type":"EntryPoint","urlTemplate":"https:\/\/www.suno.com.br\/noticias\/?s={search_term_string}"},"query-input":{"@type":"PropertyValueSpecification","valueRequired":true,"valueName":"search_term_string"}}],"inLanguage":"pt-BR"},{"@type":"Organization","@id":"https:\/\/www.suno.com.br\/noticias\/#organization","name":"Suno Not\u00edcias","url":"https:\/\/www.suno.com.br\/noticias\/","logo":{"@type":"ImageObject","inLanguage":"pt-BR","@id":"https:\/\/www.suno.com.br\/noticias\/#\/schema\/logo\/image\/","url":"https:\/\/files.sunoresearch.com.br\/n\/uploads\/2021\/09\/suno-logo.png","contentUrl":"https:\/\/files.sunoresearch.com.br\/n\/uploads\/2021\/09\/suno-logo.png","width":180,"height":180,"caption":"Suno Not\u00edcias"},"image":{"@id":"https:\/\/www.suno.com.br\/noticias\/#\/schema\/logo\/image\/"},"sameAs":["https:\/\/facebook.com\/sunoresearch","https:\/\/x.com\/sunoresearch","https:\/\/www.instagram.com\/suno","https:\/\/www.linkedin.com\/company\/suno-research\/","https:\/\/www.youtube.com\/c\/sunoresearch"]},{"@type":"Person","@id":"https:\/\/www.suno.com.br\/noticias\/#\/schema\/person\/06f0d962a6b1c54852e4860f16935600","name":"Bruno Galv\u00e3o","image":{"@type":"ImageObject","inLanguage":"pt-BR","@id":"https:\/\/www.suno.com.br\/noticias\/#\/schema\/person\/image\/","url":"https:\/\/secure.gravatar.com\/avatar\/53598df0b41c00f12f287a912d0e918e?s=96&r=g","contentUrl":"https:\/\/secure.gravatar.com\/avatar\/53598df0b41c00f12f287a912d0e918e?s=96&r=g","caption":"Bruno Galv\u00e3o"},"description":"Escreve para o portal Suno Not\u00edcias. \u00c9 estudante de Jornalismo pela Faculdade C\u00e1sper L\u00edbero e Letras pela USP. Entusiasta de tecnologia e intelig\u00eancia artificial.","url":"https:\/\/www.suno.com.br\/noticias\/author\/bruno-garcia\/"}]}},"default_loop_html":"<div class=\"cardsPage__listCard__boxs\"><div class=\"cardsPage__listCard__boxs__img\"><a href=\"https:\/\/www.suno.com.br\/noticias\/howard-marks-investimentos-live-lancamento-oaktree-itau-itub4\/\"><img class=\"mask\" src=\"https:\/\/www.suno.com.br\/noticias\/wp-content\/themes\/suno\/resources\/images\/spotlight\/spotlight1img\/bg-mask.png\" alt=\"Image Mask\"\/><img src=\"https:\/\/files.sunoresearch.com.br\/n\/uploads\/2021\/11\/howard-marks-1-1-400x200.jpg\" alt=\"&#8220;Estamos no in\u00edcio de um ciclo de crescimento&#8221;, diz Howard Marks em live de lan\u00e7amento do fundo da Oaktree no Ita\u00fa (ITUB4)\"\/><\/a><span class=\"spotlightCategory\"><a href=\"https:\/\/www.suno.com.br\/noticias\/negocios\/\">Neg\u00f3cios<\/a><\/span><\/div><div class=\"cardsPage__listCard__boxs__content\"><a href=\"https:\/\/www.suno.com.br\/noticias\/howard-marks-investimentos-live-lancamento-oaktree-itau-itub4\/\"><h2 class=\"content__title\">&#8220;Estamos no in\u00edcio de um ciclo de crescimento&#8221;, diz Howard Marks em live de lan\u00e7amento do fundo da Oaktree no Ita\u00fa (ITUB4)<\/h2><\/a><div class=\"newsContent__article__meta\"><div class=\"newsContent__article__meta__authorBox\"><a href=\"https:\/\/www.suno.com.br\/noticias\/author\/bruno-garcia\/\" class=\"authorBox__avatar noMobi\"><img src=\"https:\/\/secure.gravatar.com\/avatar\/53598df0b41c00f12f287a912d0e918e?s=96&#038;r=g\" alt=\"Bruno Galv\u00e3o\"><\/a><div class=\"authorBox__name\"><span>por\n\t\t\t<a href=\"https:\/\/www.suno.com.br\/noticias\/author\/bruno-garcia\/\"><span itemprop=\"author\">Bruno Galv\u00e3o<\/span><\/a><\/span><time datetime=\"2021-11-23T22:01:57-03:00\" itemprop=\"datePublished\">23\/11\/2021 22:01<\/time><\/div><\/div><\/div><\/div><\/div>","single_layout":"posts","amp_enabled":true,"_links":{"self":[{"href":"https:\/\/www.suno.com.br\/noticias\/wp-json\/wp\/v2\/posts\/208120"}],"collection":[{"href":"https:\/\/www.suno.com.br\/noticias\/wp-json\/wp\/v2\/posts"}],"about":[{"href":"https:\/\/www.suno.com.br\/noticias\/wp-json\/wp\/v2\/types\/post"}],"author":[{"embeddable":true,"href":"https:\/\/www.suno.com.br\/noticias\/wp-json\/wp\/v2\/users\/118"}],"replies":[{"embeddable":true,"href":"https:\/\/www.suno.com.br\/noticias\/wp-json\/wp\/v2\/comments?post=208120"}],"version-history":[{"count":3,"href":"https:\/\/www.suno.com.br\/noticias\/wp-json\/wp\/v2\/posts\/208120\/revisions"}],"predecessor-version":[{"id":208249,"href":"https:\/\/www.suno.com.br\/noticias\/wp-json\/wp\/v2\/posts\/208120\/revisions\/208249"}],"wp:featuredmedia":[{"embeddable":true,"href":"https:\/\/www.suno.com.br\/noticias\/wp-json\/wp\/v2\/media\/208157"}],"wp:attachment":[{"href":"https:\/\/www.suno.com.br\/noticias\/wp-json\/wp\/v2\/media?parent=208120"}],"wp:term":[{"taxonomy":"category","embeddable":true,"href":"https:\/\/www.suno.com.br\/noticias\/wp-json\/wp\/v2\/categories?post=208120"},{"taxonomy":"post_tag","embeddable":true,"href":"https:\/\/www.suno.com.br\/noticias\/wp-json\/wp\/v2\/tags?post=208120"},{"taxonomy":"suno_strategy","embeddable":true,"href":"https:\/\/www.suno.com.br\/noticias\/wp-json\/wp\/v2\/suno_strategy?post=208120"}],"curies":[{"name":"wp","href":"https:\/\/api.w.org\/{rel}","templated":true}]}}