{"id":207969,"date":"2021-11-23T15:44:09","date_gmt":"2021-11-23T18:44:09","guid":{"rendered":"https:\/\/www.suno.com.br\/noticias\/?p=207969"},"modified":"2021-11-23T15:45:17","modified_gmt":"2021-11-23T18:45:17","slug":"magazine-luiza-mglu3-bolsonaro-queda-acoes-50-politica","status":"publish","type":"post","link":"https:\/\/www.suno.com.br\/noticias\/magazine-luiza-mglu3-bolsonaro-queda-acoes-50-politica\/","title":{"rendered":"Bolsonaro est\u00e1 certo? Veja o que os analistas falam da queda do Magazine Luiza (MGLU3)"},"content":{"rendered":"<p>O presidente Jair Bolsonaro atribuiu a queda das a\u00e7\u00f5es do <a class=\"suno-keyword\" href=\"https:\/\/www.suno.com.br\/acoes\/MGLU3\/\" target=\"_blank\" rel=\"noopener\" data-force=\"yes\" data-priority=\"2\"><strong>Magazine Luiza<\/strong> (MGLU3)<\/a> ao apoio de Luiza Trajano ao ex-presidente Luiz In\u00e1cio Lula da Silva. Em resposta, a empres\u00e1ria disse que nunca esteve com o ex-presidente e rebateu as cr\u00edticas feitas por Bolsonaro. Em meio a essa troca de farpas, o investidor quer saber se de fato a explica\u00e7\u00e3o para a queda dos pap\u00e9is do Magalu tem rela\u00e7\u00e3o com pol\u00edtica.<\/p>\t<div class=\"wrapper-featured-image\">\n\t\t<figure class=\"spotlightImg\">\n\n\t\t\t<picture>\n\t\t\t\t<source media=\"(max-width: 768px)\" srcset=\"https:\/\/files.sunoresearch.com.br\/n\/uploads\/2021\/11\/25936735197_21b2dce4b1_k-400x200.jpg\">\n\t\t\t\t<img loading=\"lazy\" decoding=\"async\" class=\"newsContent__article__imgCapa lazyloadDisabled \" src=\"https:\/\/files.sunoresearch.com.br\/n\/uploads\/2021\/11\/25936735197_21b2dce4b1_k-800x450.jpg\" width=\"800\" height=\"450\" alt=\"Bolsonaro est\u00e1 certo? Veja o que os analistas falam da queda do Magazine Luiza (MGLU3)\" fetchpriority=high \/>\n\t\t\t<\/picture>\n\n\t\t\t<figcaption class=\"wp-caption-text wp-caption-text--show\">A dona do Magazine Luiza, Luiza Trajano. Foto: Flicrk<\/figcaption>\n\t\t<\/figure>\n\t<\/div>\n\n\n\t<p>\n\t\t<a href=\"https:\/\/lp.suno.com.br\/planilha-controle-gastos\/\" target=\"_blank\" data-element=\"shortcode-suno-banner\" title=\"Banner SUNO, clique e saiba mais\">\n\t\t\t<picture>\n\t\t\t\t<source media=\"(max-width: 500px)\" srcset=\"https:\/\/files.sunoresearch.com.br\/n\/uploads\/2023\/03\/400x300-Planilha-controle-de-gastos.png\">\n\t\t\t\t<img class=\"newsContent__article__imgCapa newsContent__article__imgCapa--banner\"\n\t\t\t\t\tsrc=\"https:\/\/files.sunoresearch.com.br\/n\/uploads\/2023\/03\/1420x240-Planilha-controle-de-gastos.png\"\n\t\t\t\t\tdata-promo-id=\"101751\"\t\t\t\t\t\t\t\t\t\twidth='1420' height='240'\t\t\t\t\talt=\"https:\/\/files.sunoresearch.com.br\/n\/uploads\/2023\/03\/1420x240-Planilha-controle-de-gastos.png\"\n\t\t\t\t>\n\t\t\t<\/picture>\n\t\t<\/a>\n\t<\/p>\n\n\n<p>De acordo com os especialistas a resposta \u00e9 simples e objetiva: n\u00e3o. Isso porque as <strong>a\u00e7\u00f5es do Magazine Luiza<\/strong> e de outras varejistas est\u00e3o sofrendo com o atual cen\u00e1rio macroecon\u00f4mico nacional, que traz elevado n\u00edvel de <strong>infla\u00e7\u00e3o<\/strong>, juros em alta e desemprego elevado. Todos estes fatores impactam o <strong><a class=\"suno-keyword\" href=\"https:\/\/www.suno.com.br\/artigos\/poder-de-compra\/\" target=\"_blank\" rel=\"noopener\" data-force=\"no\" data-priority=\"1\">poder de compra<\/a> <\/strong>dos consumidores.<\/p>\n<p>Segundo o levantamento da Economatica, encomendado pelo site Metr\u00f3poles, do ano passado para este, o Magazine Luiza perdeu<strong>\u00a0metade do que valia na Bolsa de Valores<\/strong>\u00a0(B3). O\u00a0<strong><a class=\"suno-keyword\" href=\"https:\/\/www.suno.com.br\/artigos\/valor-de-mercado\/\" target=\"_blank\" rel=\"noopener\" data-force=\"no\" data-priority=\"1\">valor de mercado<\/a> do Magalu<\/strong>\u00a0passou de R$ 159,6 bilh\u00f5es para R$ 71,3 bilh\u00f5es, correspondendo a uma perda de R$ 88 bilh\u00f5es. Ou seja, 55,3%.<\/p>\n<figure id=\"attachment_207992\" aria-describedby=\"caption-attachment-207992\" style=\"width: 1096px\" class=\"wp-caption aligncenter\"><img loading=\"lazy\" decoding=\"async\" class=\"wp-image-207992 size-full\" src=\"https:\/\/files.sunoresearch.com.br\/n\/uploads\/2021\/11\/mglu3-1.png\" alt=\"Foto: Status Invest\" width=\"1096\" height=\"317\" srcset=\"https:\/\/files.sunoresearch.com.br\/n\/uploads\/2021\/11\/mglu3-1.png 1096w, https:\/\/files.sunoresearch.com.br\/n\/uploads\/2021\/11\/mglu3-1-300x87.png 300w, https:\/\/files.sunoresearch.com.br\/n\/uploads\/2021\/11\/mglu3-1-1024x296.png 1024w, https:\/\/files.sunoresearch.com.br\/n\/uploads\/2021\/11\/mglu3-1-768x222.png 768w, https:\/\/files.sunoresearch.com.br\/n\/uploads\/2021\/11\/mglu3-1-150x43.png 150w\" sizes=\"(max-width: 1096px) 100vw, 1096px\" \/><figcaption id=\"caption-attachment-207992\" class=\"wp-caption-text\">Foto: Status Invest<\/figcaption><\/figure>\n<p>Mas isso nada se relaciona com a quest\u00e3o pol\u00edtica, visto que a pr\u00f3pria <strong>Luiza Trajano<\/strong> negou ter sido convidada para ser vice-presidente e nunca esteve com o ex-presidente <strong>Lula<\/strong>.<\/p>\n<p>&#8220;Os players do mercado apontam que o cen\u00e1rio macroecon\u00f4mico brasileiro \u00e9 um grande desafio para empresas do<strong> setor de varejo<\/strong>, pois infla\u00e7\u00e3o alta retira poder de compra do consumidor, assim como os juros altos e o desemprego&#8221;, analisou o economista e head de conte\u00fado e s\u00f3cio da BRA, Alexsandro Nishimura.<\/p>\n\t<div data-element=\"shortcode-read-more\" class=\"knowMore\">\n\t\t\t\t<span class=\"knowMore__title\">Saiba Mais<\/span>\n\t\t\t\t<a class=\"knowMore__link\" href=\"https:\/\/www.suno.com.br\/noticias\/magazine-luiza-mglu3-derrete-apoiar-lula\/\">\n\t\t\tBolsonaro diz que Magazine Luiza (MGLU3) derrete na Bolsa por apoiar Lula\t\t<\/a>\n\t<\/div>\n\n\n<p>O pr\u00f3prio Magazine Luiza atribuiu ao seu resultado trimestral \u00e0 deteriora\u00e7\u00e3o do cen\u00e1rio macroecon\u00f4mico. Para o analista da Terra Investimentos, Regis Chinchila, com o aumento da <a class=\"suno-keyword\" href=\"https:\/\/www.suno.com.br\/artigos\/juros\/\" target=\"_blank\" rel=\"noopener\" data-force=\"no\" data-priority=\"2\">taxa de juros<\/a>, a popula\u00e7\u00e3o que possui renda prefere poupar ou investir em vez de consumir, uma vez que, do outro lado da moeda, h\u00e1 uma <strong>infla\u00e7\u00e3o elevada<\/strong>.<\/p>\n<p>O analista da Guide Investimentos, Rodrigo Crespi, acrescenta ainda que o Magazine Luiza sofre a acirrada concorr\u00eancia do e-commerce, principalmente com a entrada de grandes players internacionais como <strong>Mercado Livre<\/strong> (MELI34), <strong>Amazon<\/strong> e <strong>Shopee<\/strong>.<\/p>\n<p>&#8220;A infla\u00e7\u00e3o \u00e9 bastante nociva para essas empresas de e-commerce, principalmente agora que a disputa est\u00e1 cada vez mais acirrada entre as tr\u00eas nacionais, como <strong>Via<\/strong> (VIIA3) e <strong>Americanas<\/strong> (AMER3). Mas temos tamb\u00e9m a entrada internacional relevante com Amazon, Mercado Livre e Shopee&#8221;.<\/p>\n\t<div data-element=\"shortcode-read-more\" class=\"knowMore\">\n\t\t\t\t<span class=\"knowMore__title\">Veja Tamb\u00e9m<\/span>\n\t\t\t\t<a class=\"knowMore__link\" href=\"https:\/\/www.suno.com.br\/noticias\/dona-magazine-luiza-mglu3-luiza-trajano-bolsonaro\/\">\n\t\t\tLuiza Trajano, do Magazine Luiza (MGLU3), responde a Bolsonaro: &quot;nunca fui convidada para ser vice&quot;\t\t<\/a>\n\t<\/div>\n\n\n<p>Com o cen\u00e1rio que o Magalu enfrenta, at\u00e9 a <strong>Black Friday<\/strong> deve ser afetada. Isso porque as vendas nas lojas f\u00edsicas apresentaram queda, e os bens dur\u00e1veis costumam ser vendidos a cr\u00e9dito, que tende a ficar mais caro com os juros elevados.<\/p>\n<p>Diante dessa perspectiva de elevado n\u00edvel da infla\u00e7\u00e3o, alta dos juros, aumento da concorr\u00eancia e desemprego elevado, os analistas concluem que est\u00e1 sendo precificado no papel da varejista o atual momento macroecon\u00f4mico, o que representa uma grande dificuldade para o Magazine Luiza mas tamb\u00e9m para outras empresas do mesmo setor.<\/p>\n<p>&#8220;As empresas do varejo s\u00e3o bastante alavancadas e essa <strong>d\u00edvida<\/strong> est\u00e1 atrelada tanto a taxa de juros quanto a infla\u00e7\u00e3o, o que acaba diminuindo o lucro dessas empresas na perpetuidade. Ent\u00e3o o que acontece \u00e9 que essa d\u00edvida fica mais cara ao longo do tempo, o que impacta no lucro do futuro. O que est\u00e1 sendo precificado aqui \u00e9 o lucro no futuro que acaba sofrendo&#8221;, analisou s\u00f3cio e assessor de <a class=\"suno-keyword\" href=\"https:\/\/www.suno.com.br\/artigos\/renda-variavel-7-dicas\/\" target=\"_blank\" rel=\"noopener\" data-force=\"no\" data-priority=\"2\">renda vari\u00e1vel<\/a> da Acqua-Vero Investimentos, Gustavo Gomes.<\/p>\n<h2>Cota\u00e7\u00e3o do Magazine Luiza<\/h2>\n<p>Ap\u00f3s a not\u00edcia, por volta das 15h20, as a\u00e7\u00f5es do <strong>Magazine Luiza<\/strong> atenuava a queda j\u00e1 vista nos \u00faltimos preg\u00f5es de 3,73%, negociadas a R$ 8,51.<\/p>\n\t<p>\n\t\t<a href=\"https:\/\/lp.suno.com.br\/planilha-de-controle-de-investimentos\/\" target=\"_blank\" data-element=\"shortcode-suno-banner\" title=\"Banner SUNO, clique e saiba mais\">\n\t\t\t<picture>\n\t\t\t\t<source media=\"(max-width: 500px)\" srcset=\"https:\/\/files.sunoresearch.com.br\/n\/uploads\/2023\/03\/400x300-Controle-de-Investimentos.png\">\n\t\t\t\t<img class=\"newsContent__article__imgCapa newsContent__article__imgCapa--banner\"\n\t\t\t\t\tsrc=\"https:\/\/files.sunoresearch.com.br\/n\/uploads\/2023\/03\/1420x240-Controle-de-Investimentos.png\"\n\t\t\t\t\tdata-promo-id=\"75934\"\t\t\t\t\t\t\t\t\t\twidth='1420' height='240'\t\t\t\t\talt=\"https:\/\/files.sunoresearch.com.br\/n\/uploads\/2023\/03\/1420x240-Controle-de-Investimentos.png\"\n\t\t\t\t>\n\t\t\t<\/picture>\n\t\t<\/a>\n\t<\/p>\n\n\n","protected":false},"excerpt":{"rendered":"<p>O presidente Jair Bolsonaro atribuiu a queda das a\u00e7\u00f5es do Magazine Luiza (MGLU3) ao apoio de Luiza Trajano ao ex-presidente Luiz In\u00e1cio Lula da Silva. Em resposta, a empres\u00e1ria disse que nunca esteve com o ex-presidente e rebateu as cr\u00edticas feitas por Bolsonaro. Em meio a essa troca de farpas, o investidor quer saber se [&hellip;]<\/p>\n","protected":false},"author":15,"featured_media":208015,"comment_status":"closed","ping_status":"closed","sticky":false,"template":"","format":"standard","meta":[],"categories":[64],"tags":[105815,719,548],"suno_strategy":[],"class_list":["post-207969","post","type-post","status-publish","format-standard","has-post-thumbnail","hentry","category-negocios","tag-especial","tag-jair-bolsonaro","tag-magazine-luiza-mglu3"],"yoast_head":"<!-- This site is optimized with the Yoast SEO plugin v24.4 - https:\/\/yoast.com\/wordpress\/plugins\/seo\/ -->\n<title>Magazine Luiza (MGLU3): Bolsonaro est\u00e1 certo? Veja opini\u00e3o de analistas<\/title>\n<meta name=\"description\" content=\"Segundo os especialistas a resposta \u00e9 n\u00e3o! Isso porque existem diversos fatores para a queda das a\u00e7\u00f5es do Magazine Luiza (MGLU3). Veja aqui\" \/>\n<meta name=\"robots\" content=\"index, follow, max-snippet:-1, max-image-preview:large, max-video-preview:-1\" \/>\n<link rel=\"canonical\" href=\"https:\/\/www.suno.com.br\/noticias\/magazine-luiza-mglu3-bolsonaro-queda-acoes-50-politica\/\" \/>\n<meta property=\"og:locale\" content=\"pt_BR\" \/>\n<meta property=\"og:type\" content=\"article\" \/>\n<meta property=\"og:title\" content=\"Magazine Luiza (MGLU3): Bolsonaro est\u00e1 certo? Veja opini\u00e3o de analistas\" \/>\n<meta property=\"og:description\" content=\"Segundo os especialistas a resposta \u00e9 n\u00e3o! Isso porque existem diversos fatores para a queda das a\u00e7\u00f5es do Magazine Luiza (MGLU3). Veja aqui\" \/>\n<meta property=\"og:url\" content=\"https:\/\/www.suno.com.br\/noticias\/magazine-luiza-mglu3-bolsonaro-queda-acoes-50-politica\/\" \/>\n<meta property=\"og:site_name\" content=\"Suno Not\u00edcias\" \/>\n<meta property=\"article:publisher\" content=\"https:\/\/facebook.com\/sunoresearch\" \/>\n<meta property=\"og:image\" content=\"https:\/\/files.sunoresearch.com.br\/n\/uploads\/2021\/11\/25936735197_21b2dce4b1_k.jpg\" \/>\n\t<meta property=\"og:image:width\" content=\"2048\" \/>\n\t<meta property=\"og:image:height\" content=\"1365\" \/>\n\t<meta property=\"og:image:type\" content=\"image\/jpeg\" \/>\n<meta name=\"author\" content=\"Poliana Santos\" \/>\n<meta name=\"twitter:card\" content=\"summary_large_image\" \/>\n<meta name=\"twitter:creator\" content=\"@sunoresearch\" \/>\n<meta name=\"twitter:site\" content=\"@sunoresearch\" \/>\n<meta name=\"twitter:label1\" content=\"Escrito por\" \/>\n\t<meta name=\"twitter:data1\" content=\"Poliana Santos\" \/>\n\t<meta name=\"twitter:label2\" content=\"Est. tempo de leitura\" \/>\n\t<meta name=\"twitter:data2\" content=\"3 minutos\" \/>\n<script type=\"application\/ld+json\" class=\"yoast-schema-graph\">{\"@context\":\"https:\/\/schema.org\",\"@graph\":[{\"@type\":\"NewsArticle\",\"@id\":\"https:\/\/www.suno.com.br\/noticias\/magazine-luiza-mglu3-bolsonaro-queda-acoes-50-politica\/#article\",\"isPartOf\":{\"@id\":\"https:\/\/www.suno.com.br\/noticias\/magazine-luiza-mglu3-bolsonaro-queda-acoes-50-politica\/\"},\"author\":{\"name\":\"Poliana Santos\",\"@id\":\"https:\/\/www.suno.com.br\/noticias\/#\/schema\/person\/02ec1f752758247878a2bf4abee1aeda\"},\"headline\":\"Bolsonaro est\u00e1 certo? Veja o que os analistas falam da queda do Magazine Luiza (MGLU3)\",\"datePublished\":\"2021-11-23T18:44:09+00:00\",\"dateModified\":\"2021-11-23T18:45:17+00:00\",\"mainEntityOfPage\":{\"@id\":\"https:\/\/www.suno.com.br\/noticias\/magazine-luiza-mglu3-bolsonaro-queda-acoes-50-politica\/\"},\"wordCount\":678,\"publisher\":{\"@id\":\"https:\/\/www.suno.com.br\/noticias\/#organization\"},\"image\":{\"@id\":\"https:\/\/www.suno.com.br\/noticias\/magazine-luiza-mglu3-bolsonaro-queda-acoes-50-politica\/#primaryimage\"},\"thumbnailUrl\":\"https:\/\/files.sunoresearch.com.br\/n\/uploads\/2021\/11\/25936735197_21b2dce4b1_k.jpg\",\"keywords\":[\"Especiais\",\"Jair Bolsonaro\",\"Magazine Luiza (MGLU3)\"],\"articleSection\":[\"Neg\u00f3cios\"],\"inLanguage\":\"pt-BR\"},{\"@type\":\"WebPage\",\"@id\":\"https:\/\/www.suno.com.br\/noticias\/magazine-luiza-mglu3-bolsonaro-queda-acoes-50-politica\/\",\"url\":\"https:\/\/www.suno.com.br\/noticias\/magazine-luiza-mglu3-bolsonaro-queda-acoes-50-politica\/\",\"name\":\"Magazine Luiza (MGLU3): Bolsonaro est\u00e1 certo? Veja opini\u00e3o de analistas\",\"isPartOf\":{\"@id\":\"https:\/\/www.suno.com.br\/noticias\/#website\"},\"primaryImageOfPage\":{\"@id\":\"https:\/\/www.suno.com.br\/noticias\/magazine-luiza-mglu3-bolsonaro-queda-acoes-50-politica\/#primaryimage\"},\"image\":{\"@id\":\"https:\/\/www.suno.com.br\/noticias\/magazine-luiza-mglu3-bolsonaro-queda-acoes-50-politica\/#primaryimage\"},\"thumbnailUrl\":\"https:\/\/files.sunoresearch.com.br\/n\/uploads\/2021\/11\/25936735197_21b2dce4b1_k.jpg\",\"datePublished\":\"2021-11-23T18:44:09+00:00\",\"dateModified\":\"2021-11-23T18:45:17+00:00\",\"description\":\"Segundo os especialistas a resposta \u00e9 n\u00e3o! Isso porque existem diversos fatores para a queda das a\u00e7\u00f5es do Magazine Luiza (MGLU3). Veja aqui\",\"breadcrumb\":{\"@id\":\"https:\/\/www.suno.com.br\/noticias\/magazine-luiza-mglu3-bolsonaro-queda-acoes-50-politica\/#breadcrumb\"},\"inLanguage\":\"pt-BR\",\"potentialAction\":[{\"@type\":\"ReadAction\",\"target\":[\"https:\/\/www.suno.com.br\/noticias\/magazine-luiza-mglu3-bolsonaro-queda-acoes-50-politica\/\"]}]},{\"@type\":\"ImageObject\",\"inLanguage\":\"pt-BR\",\"@id\":\"https:\/\/www.suno.com.br\/noticias\/magazine-luiza-mglu3-bolsonaro-queda-acoes-50-politica\/#primaryimage\",\"url\":\"https:\/\/files.sunoresearch.com.br\/n\/uploads\/2021\/11\/25936735197_21b2dce4b1_k.jpg\",\"contentUrl\":\"https:\/\/files.sunoresearch.com.br\/n\/uploads\/2021\/11\/25936735197_21b2dce4b1_k.jpg\",\"width\":2048,\"height\":1365,\"caption\":\"A dona do Magazine Luiza, Luiza Trajano. Foto: Flicrk\"},{\"@type\":\"BreadcrumbList\",\"@id\":\"https:\/\/www.suno.com.br\/noticias\/magazine-luiza-mglu3-bolsonaro-queda-acoes-50-politica\/#breadcrumb\",\"itemListElement\":[{\"@type\":\"ListItem\",\"position\":1,\"name\":\"Not\u00edcias\",\"item\":\"https:\/\/www.suno.com.br\/noticias\/\"},{\"@type\":\"ListItem\",\"position\":2,\"name\":\"Neg\u00f3cios\",\"item\":\"https:\/\/www.suno.com.br\/noticias\/negocios\/\"},{\"@type\":\"ListItem\",\"position\":3,\"name\":\"Bolsonaro est\u00e1 certo? Veja o que os analistas falam da queda do Magazine Luiza (MGLU3)\"}]},{\"@type\":\"WebSite\",\"@id\":\"https:\/\/www.suno.com.br\/noticias\/#website\",\"url\":\"https:\/\/www.suno.com.br\/noticias\/\",\"name\":\"Suno Not\u00edcias\",\"description\":\"Seu portal de informa\u00e7\u00e3o sobre o mundo dos investimentos\",\"publisher\":{\"@id\":\"https:\/\/www.suno.com.br\/noticias\/#organization\"},\"potentialAction\":[{\"@type\":\"SearchAction\",\"target\":{\"@type\":\"EntryPoint\",\"urlTemplate\":\"https:\/\/www.suno.com.br\/noticias\/?s={search_term_string}\"},\"query-input\":{\"@type\":\"PropertyValueSpecification\",\"valueRequired\":true,\"valueName\":\"search_term_string\"}}],\"inLanguage\":\"pt-BR\"},{\"@type\":\"Organization\",\"@id\":\"https:\/\/www.suno.com.br\/noticias\/#organization\",\"name\":\"Suno Not\u00edcias\",\"url\":\"https:\/\/www.suno.com.br\/noticias\/\",\"logo\":{\"@type\":\"ImageObject\",\"inLanguage\":\"pt-BR\",\"@id\":\"https:\/\/www.suno.com.br\/noticias\/#\/schema\/logo\/image\/\",\"url\":\"https:\/\/files.sunoresearch.com.br\/n\/uploads\/2021\/09\/suno-logo.png\",\"contentUrl\":\"https:\/\/files.sunoresearch.com.br\/n\/uploads\/2021\/09\/suno-logo.png\",\"width\":180,\"height\":180,\"caption\":\"Suno Not\u00edcias\"},\"image\":{\"@id\":\"https:\/\/www.suno.com.br\/noticias\/#\/schema\/logo\/image\/\"},\"sameAs\":[\"https:\/\/facebook.com\/sunoresearch\",\"https:\/\/x.com\/sunoresearch\",\"https:\/\/www.instagram.com\/suno\",\"https:\/\/www.linkedin.com\/company\/suno-research\/\",\"https:\/\/www.youtube.com\/c\/sunoresearch\"]},{\"@type\":\"Person\",\"@id\":\"https:\/\/www.suno.com.br\/noticias\/#\/schema\/person\/02ec1f752758247878a2bf4abee1aeda\",\"name\":\"Poliana Santos\",\"image\":{\"@type\":\"ImageObject\",\"inLanguage\":\"pt-BR\",\"@id\":\"https:\/\/www.suno.com.br\/noticias\/#\/schema\/person\/image\/\",\"url\":\"https:\/\/secure.gravatar.com\/avatar\/0645bd32f23d87b2130f2b2dff1d3f8d?s=96&r=g\",\"contentUrl\":\"https:\/\/secure.gravatar.com\/avatar\/0645bd32f23d87b2130f2b2dff1d3f8d?s=96&r=g\",\"caption\":\"Poliana Santos\"},\"description\":\"Rep\u00f3rter no Suno Not\u00edcias, com cobertura em mercado financeiro, economia, finan\u00e7as pessoais, renda fixa e varejo. Jornalista formada pela Faculdade C\u00e1sper L\u00edbero e possui passagem na R\u00e1dio Gazeta AM com a produ\u00e7\u00e3o de conte\u00fado sobre economia, pol\u00edtica, sa\u00fade, moda e m\u00fasica. Possui certificado de conclus\u00e3o do curso de An\u00e1lise de Balan\u00e7os pela Funda\u00e7\u00e3o Bradesco, Agenda Brasil pela FAAP, Educa\u00e7\u00e3o Pol\u00edtica por Alexandre Garcia e do Tesouro Direto e Mercado de A\u00e7\u00f5es pela B3.\",\"url\":\"https:\/\/www.suno.com.br\/noticias\/author\/poliana-santos\/\"}]}<\/script>\n<!-- \/ Yoast SEO plugin. -->","yoast_head_json":{"title":"Magazine Luiza (MGLU3): Bolsonaro est\u00e1 certo? Veja opini\u00e3o de analistas","description":"Segundo os especialistas a resposta \u00e9 n\u00e3o! Isso porque existem diversos fatores para a queda das a\u00e7\u00f5es do Magazine Luiza (MGLU3). Veja aqui","robots":{"index":"index","follow":"follow","max-snippet":"max-snippet:-1","max-image-preview":"max-image-preview:large","max-video-preview":"max-video-preview:-1"},"canonical":"https:\/\/www.suno.com.br\/noticias\/magazine-luiza-mglu3-bolsonaro-queda-acoes-50-politica\/","og_locale":"pt_BR","og_type":"article","og_title":"Magazine Luiza (MGLU3): Bolsonaro est\u00e1 certo? Veja opini\u00e3o de analistas","og_description":"Segundo os especialistas a resposta \u00e9 n\u00e3o! Isso porque existem diversos fatores para a queda das a\u00e7\u00f5es do Magazine Luiza (MGLU3). Veja aqui","og_url":"https:\/\/www.suno.com.br\/noticias\/magazine-luiza-mglu3-bolsonaro-queda-acoes-50-politica\/","og_site_name":"Suno Not\u00edcias","article_publisher":"https:\/\/facebook.com\/sunoresearch","og_image":[{"width":2048,"height":1365,"url":"https:\/\/files.sunoresearch.com.br\/n\/uploads\/2021\/11\/25936735197_21b2dce4b1_k.jpg","type":"image\/jpeg"}],"author":"Poliana Santos","twitter_card":"summary_large_image","twitter_creator":"@sunoresearch","twitter_site":"@sunoresearch","twitter_misc":{"Escrito por":"Poliana Santos","Est. tempo de leitura":"3 minutos"},"schema":{"@context":"https:\/\/schema.org","@graph":[{"@type":"NewsArticle","@id":"https:\/\/www.suno.com.br\/noticias\/magazine-luiza-mglu3-bolsonaro-queda-acoes-50-politica\/#article","isPartOf":{"@id":"https:\/\/www.suno.com.br\/noticias\/magazine-luiza-mglu3-bolsonaro-queda-acoes-50-politica\/"},"author":{"name":"Poliana Santos","@id":"https:\/\/www.suno.com.br\/noticias\/#\/schema\/person\/02ec1f752758247878a2bf4abee1aeda"},"headline":"Bolsonaro est\u00e1 certo? Veja o que os analistas falam da queda do Magazine Luiza (MGLU3)","datePublished":"2021-11-23T18:44:09+00:00","dateModified":"2021-11-23T18:45:17+00:00","mainEntityOfPage":{"@id":"https:\/\/www.suno.com.br\/noticias\/magazine-luiza-mglu3-bolsonaro-queda-acoes-50-politica\/"},"wordCount":678,"publisher":{"@id":"https:\/\/www.suno.com.br\/noticias\/#organization"},"image":{"@id":"https:\/\/www.suno.com.br\/noticias\/magazine-luiza-mglu3-bolsonaro-queda-acoes-50-politica\/#primaryimage"},"thumbnailUrl":"https:\/\/files.sunoresearch.com.br\/n\/uploads\/2021\/11\/25936735197_21b2dce4b1_k.jpg","keywords":["Especiais","Jair Bolsonaro","Magazine Luiza (MGLU3)"],"articleSection":["Neg\u00f3cios"],"inLanguage":"pt-BR"},{"@type":"WebPage","@id":"https:\/\/www.suno.com.br\/noticias\/magazine-luiza-mglu3-bolsonaro-queda-acoes-50-politica\/","url":"https:\/\/www.suno.com.br\/noticias\/magazine-luiza-mglu3-bolsonaro-queda-acoes-50-politica\/","name":"Magazine Luiza (MGLU3): Bolsonaro est\u00e1 certo? Veja opini\u00e3o de analistas","isPartOf":{"@id":"https:\/\/www.suno.com.br\/noticias\/#website"},"primaryImageOfPage":{"@id":"https:\/\/www.suno.com.br\/noticias\/magazine-luiza-mglu3-bolsonaro-queda-acoes-50-politica\/#primaryimage"},"image":{"@id":"https:\/\/www.suno.com.br\/noticias\/magazine-luiza-mglu3-bolsonaro-queda-acoes-50-politica\/#primaryimage"},"thumbnailUrl":"https:\/\/files.sunoresearch.com.br\/n\/uploads\/2021\/11\/25936735197_21b2dce4b1_k.jpg","datePublished":"2021-11-23T18:44:09+00:00","dateModified":"2021-11-23T18:45:17+00:00","description":"Segundo os especialistas a resposta \u00e9 n\u00e3o! Isso porque existem diversos fatores para a queda das a\u00e7\u00f5es do Magazine Luiza (MGLU3). Veja aqui","breadcrumb":{"@id":"https:\/\/www.suno.com.br\/noticias\/magazine-luiza-mglu3-bolsonaro-queda-acoes-50-politica\/#breadcrumb"},"inLanguage":"pt-BR","potentialAction":[{"@type":"ReadAction","target":["https:\/\/www.suno.com.br\/noticias\/magazine-luiza-mglu3-bolsonaro-queda-acoes-50-politica\/"]}]},{"@type":"ImageObject","inLanguage":"pt-BR","@id":"https:\/\/www.suno.com.br\/noticias\/magazine-luiza-mglu3-bolsonaro-queda-acoes-50-politica\/#primaryimage","url":"https:\/\/files.sunoresearch.com.br\/n\/uploads\/2021\/11\/25936735197_21b2dce4b1_k.jpg","contentUrl":"https:\/\/files.sunoresearch.com.br\/n\/uploads\/2021\/11\/25936735197_21b2dce4b1_k.jpg","width":2048,"height":1365,"caption":"A dona do Magazine Luiza, Luiza Trajano. Foto: Flicrk"},{"@type":"BreadcrumbList","@id":"https:\/\/www.suno.com.br\/noticias\/magazine-luiza-mglu3-bolsonaro-queda-acoes-50-politica\/#breadcrumb","itemListElement":[{"@type":"ListItem","position":1,"name":"Not\u00edcias","item":"https:\/\/www.suno.com.br\/noticias\/"},{"@type":"ListItem","position":2,"name":"Neg\u00f3cios","item":"https:\/\/www.suno.com.br\/noticias\/negocios\/"},{"@type":"ListItem","position":3,"name":"Bolsonaro est\u00e1 certo? Veja o que os analistas falam da queda do Magazine Luiza (MGLU3)"}]},{"@type":"WebSite","@id":"https:\/\/www.suno.com.br\/noticias\/#website","url":"https:\/\/www.suno.com.br\/noticias\/","name":"Suno Not\u00edcias","description":"Seu portal de informa\u00e7\u00e3o sobre o mundo dos investimentos","publisher":{"@id":"https:\/\/www.suno.com.br\/noticias\/#organization"},"potentialAction":[{"@type":"SearchAction","target":{"@type":"EntryPoint","urlTemplate":"https:\/\/www.suno.com.br\/noticias\/?s={search_term_string}"},"query-input":{"@type":"PropertyValueSpecification","valueRequired":true,"valueName":"search_term_string"}}],"inLanguage":"pt-BR"},{"@type":"Organization","@id":"https:\/\/www.suno.com.br\/noticias\/#organization","name":"Suno Not\u00edcias","url":"https:\/\/www.suno.com.br\/noticias\/","logo":{"@type":"ImageObject","inLanguage":"pt-BR","@id":"https:\/\/www.suno.com.br\/noticias\/#\/schema\/logo\/image\/","url":"https:\/\/files.sunoresearch.com.br\/n\/uploads\/2021\/09\/suno-logo.png","contentUrl":"https:\/\/files.sunoresearch.com.br\/n\/uploads\/2021\/09\/suno-logo.png","width":180,"height":180,"caption":"Suno Not\u00edcias"},"image":{"@id":"https:\/\/www.suno.com.br\/noticias\/#\/schema\/logo\/image\/"},"sameAs":["https:\/\/facebook.com\/sunoresearch","https:\/\/x.com\/sunoresearch","https:\/\/www.instagram.com\/suno","https:\/\/www.linkedin.com\/company\/suno-research\/","https:\/\/www.youtube.com\/c\/sunoresearch"]},{"@type":"Person","@id":"https:\/\/www.suno.com.br\/noticias\/#\/schema\/person\/02ec1f752758247878a2bf4abee1aeda","name":"Poliana Santos","image":{"@type":"ImageObject","inLanguage":"pt-BR","@id":"https:\/\/www.suno.com.br\/noticias\/#\/schema\/person\/image\/","url":"https:\/\/secure.gravatar.com\/avatar\/0645bd32f23d87b2130f2b2dff1d3f8d?s=96&r=g","contentUrl":"https:\/\/secure.gravatar.com\/avatar\/0645bd32f23d87b2130f2b2dff1d3f8d?s=96&r=g","caption":"Poliana Santos"},"description":"Rep\u00f3rter no Suno Not\u00edcias, com cobertura em mercado financeiro, economia, finan\u00e7as pessoais, renda fixa e varejo. Jornalista formada pela Faculdade C\u00e1sper L\u00edbero e possui passagem na R\u00e1dio Gazeta AM com a produ\u00e7\u00e3o de conte\u00fado sobre economia, pol\u00edtica, sa\u00fade, moda e m\u00fasica. Possui certificado de conclus\u00e3o do curso de An\u00e1lise de Balan\u00e7os pela Funda\u00e7\u00e3o Bradesco, Agenda Brasil pela FAAP, Educa\u00e7\u00e3o Pol\u00edtica por Alexandre Garcia e do Tesouro Direto e Mercado de A\u00e7\u00f5es pela B3.","url":"https:\/\/www.suno.com.br\/noticias\/author\/poliana-santos\/"}]}},"default_loop_html":"<div class=\"cardsPage__listCard__boxs\"><div class=\"cardsPage__listCard__boxs__img\"><a href=\"https:\/\/www.suno.com.br\/noticias\/magazine-luiza-mglu3-bolsonaro-queda-acoes-50-politica\/\"><img class=\"mask\" src=\"https:\/\/www.suno.com.br\/noticias\/wp-content\/themes\/suno\/resources\/images\/spotlight\/spotlight1img\/bg-mask.png\" alt=\"Image Mask\"\/><img src=\"https:\/\/files.sunoresearch.com.br\/n\/uploads\/2021\/11\/25936735197_21b2dce4b1_k-400x200.jpg\" alt=\"Bolsonaro est\u00e1 certo? Veja o que os analistas falam da queda do Magazine Luiza (MGLU3)\"\/><\/a><span class=\"spotlightCategory\"><a href=\"https:\/\/www.suno.com.br\/noticias\/negocios\/\">Neg\u00f3cios<\/a><\/span><\/div><div class=\"cardsPage__listCard__boxs__content\"><a href=\"https:\/\/www.suno.com.br\/noticias\/magazine-luiza-mglu3-bolsonaro-queda-acoes-50-politica\/\"><h2 class=\"content__title\">Bolsonaro est\u00e1 certo? Veja o que os analistas falam da queda do Magazine Luiza (MGLU3)<\/h2><\/a><div class=\"newsContent__article__meta\"><div class=\"newsContent__article__meta__authorBox\"><a href=\"https:\/\/www.suno.com.br\/noticias\/author\/poliana-santos\/\" class=\"authorBox__avatar noMobi\"><img src=\"https:\/\/files.sunoresearch.com.br\/n\/uploads\/2020\/08\/7ef34026-whatsapp-image-2020-08-03-at-12.37.57-150x150.webp\" alt=\"Poliana Santos\"><\/a><div class=\"authorBox__name\"><span>por\n\t\t\t<a href=\"https:\/\/www.suno.com.br\/noticias\/author\/poliana-santos\/\"><span itemprop=\"author\">Poliana Santos<\/span><\/a><\/span><time datetime=\"2021-11-23T15:44:09-03:00\" itemprop=\"datePublished\">23\/11\/2021 15:44<\/time><\/div><\/div><\/div><\/div><\/div>","single_layout":"posts","amp_enabled":true,"_links":{"self":[{"href":"https:\/\/www.suno.com.br\/noticias\/wp-json\/wp\/v2\/posts\/207969"}],"collection":[{"href":"https:\/\/www.suno.com.br\/noticias\/wp-json\/wp\/v2\/posts"}],"about":[{"href":"https:\/\/www.suno.com.br\/noticias\/wp-json\/wp\/v2\/types\/post"}],"author":[{"embeddable":true,"href":"https:\/\/www.suno.com.br\/noticias\/wp-json\/wp\/v2\/users\/15"}],"replies":[{"embeddable":true,"href":"https:\/\/www.suno.com.br\/noticias\/wp-json\/wp\/v2\/comments?post=207969"}],"version-history":[{"count":3,"href":"https:\/\/www.suno.com.br\/noticias\/wp-json\/wp\/v2\/posts\/207969\/revisions"}],"predecessor-version":[{"id":208039,"href":"https:\/\/www.suno.com.br\/noticias\/wp-json\/wp\/v2\/posts\/207969\/revisions\/208039"}],"wp:featuredmedia":[{"embeddable":true,"href":"https:\/\/www.suno.com.br\/noticias\/wp-json\/wp\/v2\/media\/208015"}],"wp:attachment":[{"href":"https:\/\/www.suno.com.br\/noticias\/wp-json\/wp\/v2\/media?parent=207969"}],"wp:term":[{"taxonomy":"category","embeddable":true,"href":"https:\/\/www.suno.com.br\/noticias\/wp-json\/wp\/v2\/categories?post=207969"},{"taxonomy":"post_tag","embeddable":true,"href":"https:\/\/www.suno.com.br\/noticias\/wp-json\/wp\/v2\/tags?post=207969"},{"taxonomy":"suno_strategy","embeddable":true,"href":"https:\/\/www.suno.com.br\/noticias\/wp-json\/wp\/v2\/suno_strategy?post=207969"}],"curies":[{"name":"wp","href":"https:\/\/api.w.org\/{rel}","templated":true}]}}