{"id":207687,"date":"2021-11-22T22:20:46","date_gmt":"2021-11-23T01:20:46","guid":{"rendered":"https:\/\/www.suno.com.br\/noticias\/?p=207687"},"modified":"2021-11-22T22:20:46","modified_gmt":"2021-11-23T01:20:46","slug":"governo-reduz-previsao-deficit-publico-2022","status":"publish","type":"post","link":"https:\/\/www.suno.com.br\/noticias\/governo-reduz-previsao-deficit-publico-2022\/","title":{"rendered":"Governo reduz previs\u00e3o de d\u00e9ficit p\u00fablico em 2021 para R$ 95,8 bilh\u00f5es"},"content":{"rendered":"<p>A previs\u00e3o do governo para o <strong>d\u00e9ficit p\u00fablico <\/strong>prim\u00e1rio em 2021 foi reduzida de R$ 139,4 bilh\u00f5es para R$ 95,8 bilh\u00f5es, resultado, segundo o Minist\u00e9rio da Economia, de uma recupera\u00e7\u00e3o da economia e crescimento da arrecada\u00e7\u00e3o. A estimativa foi divulgada nesta segunda (22) no Relat\u00f3rio Bimestral de Avalia\u00e7\u00e3o de Receitas.<\/p>\t<div class=\"wrapper-featured-image\">\n\t\t<figure class=\"spotlightImg\">\n\n\t\t\t<picture>\n\t\t\t\t<source media=\"(max-width: 768px)\" srcset=\"https:\/\/files.sunoresearch.com.br\/n\/uploads\/2021\/06\/c4f1b833-ballots-1195065_1280-400x200.webp\">\n\t\t\t\t<img loading=\"lazy\" decoding=\"async\" class=\"newsContent__article__imgCapa lazyloadDisabled \" src=\"https:\/\/files.sunoresearch.com.br\/n\/uploads\/2021\/06\/c4f1b833-ballots-1195065_1280-800x450.webp\" width=\"800\" height=\"450\" alt=\"Governo reduz previs\u00e3o de d\u00e9ficit p\u00fablico em 2021 para R$ 95,8 bilh\u00f5es\" fetchpriority=high \/>\n\t\t\t<\/picture>\n\n\t\t\t<figcaption class=\"wp-caption-text wp-caption-text--show\">Saiba a import\u00e2ncia de um assessor de investimentos. Foto: Pixabay<\/figcaption>\n\t\t<\/figure>\n\t<\/div>\n\n\n\t<p>\n\t\t<a href=\"https:\/\/lp.suno.com.br\/planilha-controle-gastos\/\" target=\"_blank\" data-element=\"shortcode-suno-banner\" title=\"Banner SUNO, clique e saiba mais\">\n\t\t\t<picture>\n\t\t\t\t<source media=\"(max-width: 500px)\" srcset=\"https:\/\/files.sunoresearch.com.br\/n\/uploads\/2023\/03\/400x300-Planilha-controle-de-gastos.png\">\n\t\t\t\t<img class=\"newsContent__article__imgCapa newsContent__article__imgCapa--banner\"\n\t\t\t\t\tsrc=\"https:\/\/files.sunoresearch.com.br\/n\/uploads\/2023\/03\/1420x240-Planilha-controle-de-gastos.png\"\n\t\t\t\t\tdata-promo-id=\"101751\"\t\t\t\t\t\t\t\t\t\twidth='1420' height='240'\t\t\t\t\talt=\"https:\/\/files.sunoresearch.com.br\/n\/uploads\/2023\/03\/1420x240-Planilha-controle-de-gastos.png\"\n\t\t\t\t>\n\t\t\t<\/picture>\n\t\t<\/a>\n\t<\/p>\n\n\n<p>Na compara\u00e7\u00e3o com o Produto Interno Bruto (<strong>PIB<\/strong>, soma das riquezas produzidas no pa\u00eds), a previs\u00e3o de d\u00e9ficit prim\u00e1rio caiu de 1,6% para 1,1% do PIB. O d\u00e9ficit prim\u00e1rio representa o resultado negativo nas contas do governo sem os juros da <a class=\"suno-keyword\" href=\"https:\/\/www.suno.com.br\/artigos\/divida-publica\/\" target=\"_blank\" rel=\"noopener\" data-force=\"no\" data-priority=\"1\">d\u00edvida p\u00fablica<\/a>.<\/p>\n<p>O principal fator para a redu\u00e7\u00e3o do <a class=\"suno-keyword\" href=\"https:\/\/www.suno.com.br\/artigos\/deficit-primario\/\" target=\"_blank\" rel=\"noopener\" data-force=\"no\" data-priority=\"1\">d\u00e9ficit prim\u00e1rio<\/a> foi a melhoria das receitas, cuja estimativa foi aumentada em R$ 57,705 bilh\u00f5es em rela\u00e7\u00e3o ao relat\u00f3rio anterior, divulgado em setembro. Isso ocorre porque, pelas proje\u00e7\u00f5es oficiais do Minist\u00e9rio da Economia, mesmo com a previs\u00e3o de crescimento do <a href=\"https:\/\/agenciabrasil.ebc.com.br\/economia\/noticia\/2021-11\/governo-reduz-previsao-de-crescimento-da-economia-em-51-este-ano\" target=\"_blank\" rel=\"noopener\">PIB tendo sido reduzida para 5,1%<\/a> neste ano, a recupera\u00e7\u00e3o da economia aumenta a arrecada\u00e7\u00e3o.<\/p>\n<p>Com o <strong>d\u00e9ficit menor<\/strong>, o governo poder\u00e1 ampliar em R$ 4,574 bilh\u00f5es os gastos discricion\u00e1rios (n\u00e3o obrigat\u00f3rios) na reta final do ano. Segundo o Minist\u00e9rio da Economia, isso ocorrer\u00e1 porque, al\u00e9m da entrada maior de recursos em caixa em 2021, o relat\u00f3rio reduziu, em R$ 514,8 milh\u00f5es, as proje\u00e7\u00f5es de <strong>despesas obrigat\u00f3rias<\/strong>.<\/p>\n\t<p>\n\t\t<a href=\"https:\/\/lp.suno.com.br\/planilha-da-vida-financeira\/\" target=\"_blank\" data-element=\"shortcode-suno-banner\" title=\"Banner SUNO, clique e saiba mais\">\n\t\t\t<picture>\n\t\t\t\t<source media=\"(max-width: 500px)\" srcset=\"https:\/\/files.sunoresearch.com.br\/n\/uploads\/2023\/04\/400x300-Planilha-vida-financeira-true.png\">\n\t\t\t\t<img class=\"newsContent__article__imgCapa newsContent__article__imgCapa--banner\"\n\t\t\t\t\tsrc=\"https:\/\/files.sunoresearch.com.br\/n\/uploads\/2023\/04\/1420x240-Planilha-vida-financeira-true.png\"\n\t\t\t\t\tdata-promo-id=\"106682\"\t\t\t\t\t\t\t\t\t\twidth='1420' height='240'\t\t\t\t\talt=\"https:\/\/files.sunoresearch.com.br\/n\/uploads\/2023\/04\/1420x240-Planilha-vida-financeira-true.png\"\n\t\t\t\t>\n\t\t\t<\/picture>\n\t\t<\/a>\n\t<\/p>\n\n\n<p>O <a href=\"https:\/\/agenciabrasil.ebc.com.br\/economia\/noticia\/2021-07\/governo-desbloqueia-todo-o-orcamento-de-2021\" target=\"_blank\" rel=\"noopener\">Or\u00e7amento de 2021<\/a> foi totalmente desbloqueado em julho, mas os gastos discricion\u00e1rios podem continuar a ser ampliados por causa de restos a pagar (verbas empenhadas em anos anteriores). No total, as despesas ser\u00e3o elevadas em R$ 4,059 bilh\u00f5es, reduzindo a folga no <a class=\"suno-keyword\" href=\"https:\/\/www.suno.com.br\/artigos\/teto-de-gastos\/\" target=\"_blank\" rel=\"noopener\" data-force=\"no\" data-priority=\"1\">teto de gastos<\/a> deste ano de R$ 9,203 bilh\u00f5es para R$ 6,009 bilh\u00f5es.<\/p>\n<p>Enviado a cada dois meses ao Congresso, o Relat\u00f3rio de Receitas e Despesas orienta a execu\u00e7\u00e3o do Or\u00e7amento. O documento baseia-se na previs\u00e3o de par\u00e2metros econ\u00f4micos, no desempenho da arrecada\u00e7\u00e3o e nas estimativas de gastos para contingenciar (bloquear) ou liberar verbas.<\/p>\n<p>Dos R$ 57,705 bilh\u00f5es de eleva\u00e7\u00e3o de receita, a maior parte, R$ 21,846 bilh\u00f5es, veio das receitas administradas, que refletem a arrecada\u00e7\u00e3o federal e est\u00e3o vinculadas \u00e0 <strong>recupera\u00e7\u00e3o da economia<\/strong>. Em segundo lugar, est\u00e3o os <a class=\"suno-keyword\" href=\"https:\/\/www.suno.com.br\/guias\/dividendos\/\" target=\"_blank\" rel=\"noopener\" data-force=\"no\" data-priority=\"1\">dividendos<\/a> de estatais repassados ao Tesouro Nacional, com alta de R$ 17,754 bilh\u00f5es. Al\u00e9m do<strong> maior lucro das estatais<\/strong>, essas receitas est\u00e3o sendo influenciadas pelo fim das restri\u00e7\u00f5es \u00e0 <strong>distribui\u00e7\u00e3o de dividendos<\/strong> (parcela do lucro repassada aos acionistas) que vigorou no ano passado, por causa da pandemia de covid-19.<\/p>\n\t<p>\n\t\t<a href=\"https:\/\/lp.suno.com.br\/ebook-como-analisar-uma-acao\/\" target=\"_blank\" data-element=\"shortcode-suno-banner\" title=\"Banner SUNO, clique e saiba mais\">\n\t\t\t<picture>\n\t\t\t\t<source media=\"(max-width: 500px)\" srcset=\"https:\/\/files.sunoresearch.com.br\/n\/uploads\/2023\/03\/Ebook-Acoes-Mobile-1.jpg\">\n\t\t\t\t<img class=\"newsContent__article__imgCapa newsContent__article__imgCapa--banner\"\n\t\t\t\t\tsrc=\"https:\/\/files.sunoresearch.com.br\/n\/uploads\/2023\/03\/Ebook-Acoes-Desktop-1.jpg\"\n\t\t\t\t\tdata-promo-id=\"171998\"\t\t\t\t\t\t\t\t\t\twidth='1420' height='286'\t\t\t\t\talt=\"https:\/\/files.sunoresearch.com.br\/n\/uploads\/2023\/03\/Ebook-Acoes-Desktop-1.jpg\"\n\t\t\t\t>\n\t\t\t<\/picture>\n\t\t<\/a>\n\t<\/p>\n\n\n<p>Em terceiro lugar, est\u00e1 a arrecada\u00e7\u00e3o da<strong> Previd\u00eancia Social<\/strong>, com alta de R$ 7,301 bilh\u00f5es, impulsionada pela recupera\u00e7\u00e3o do emprego formal neste ano e pela reforma da Previd\u00eancia, que aumentou o valor das contribui\u00e7\u00f5es para o regime previdenci\u00e1rio. Beneficiada pela alta recente na cota\u00e7\u00e3o internacional do petr\u00f3leo, a arrecada\u00e7\u00e3o de royalties teve a previs\u00e3o aumentada em R$ 6,051 bilh\u00f5es.<\/p>\n<p>Do lado das despesas obrigat\u00f3rias, cuja previs\u00e3o foi diminu\u00edda em R$ 514,8 milh\u00f5es, as principais quedas foram registradas no <a class=\"suno-keyword\" href=\"https:\/\/www.suno.com.br\/artigos\/abono-salarial\/\" target=\"_blank\" rel=\"noopener\" data-force=\"no\" data-priority=\"3\">abono salarial<\/a> e no seguro-desemprego (-R$ 1,612 bilh\u00e3o) e nos gastos com pessoal e <a class=\"suno-keyword\" href=\"https:\/\/www.suno.com.br\/artigos\/encargos-sociais\/\" target=\"_blank\" rel=\"noopener\" data-force=\"no\" data-priority=\"1\">encargos sociais<\/a> (-R$ 201,2 milh\u00f5es). Em seguida, v\u00eam os subs\u00eddios e as subven\u00e7\u00f5es (-R$ 192,3 milh\u00f5es) e a compensa\u00e7\u00e3o do Tesouro \u00e0 Previd\u00eancia Social pela desonera\u00e7\u00e3o da folha (-R$ 135,1 milh\u00f5es).<\/p>\n<p>Esses gastos foram parcialmente compensados pela alta nas despesas obrigat\u00f3rias com controle de fluxo (+R$ 1,419 bilh\u00e3o) e pela complementa\u00e7\u00e3o da Uni\u00e3o ao Fundo de Manuten\u00e7\u00e3o e Desenvolvimento da Educa\u00e7\u00e3o B\u00e1sica (Fundeb), com alta de R$ 734,6 milh\u00f5es. Os gastos com controle de fluxo englobam os<strong> programas sociais do governo<\/strong>.<\/p>\n\t<p>\n\t\t<a href=\"https:\/\/lp.suno.com.br\/planilha-de-controle-de-investimentos\/\" target=\"_blank\" data-element=\"shortcode-suno-banner\" title=\"Banner SUNO, clique e saiba mais\">\n\t\t\t<picture>\n\t\t\t\t<source media=\"(max-width: 500px)\" srcset=\"https:\/\/files.sunoresearch.com.br\/n\/uploads\/2023\/03\/400x300-Controle-de-Investimentos.png\">\n\t\t\t\t<img class=\"newsContent__article__imgCapa newsContent__article__imgCapa--banner\"\n\t\t\t\t\tsrc=\"https:\/\/files.sunoresearch.com.br\/n\/uploads\/2023\/03\/1420x240-Controle-de-Investimentos.png\"\n\t\t\t\t\tdata-promo-id=\"75934\"\t\t\t\t\t\t\t\t\t\twidth='1420' height='240'\t\t\t\t\talt=\"https:\/\/files.sunoresearch.com.br\/n\/uploads\/2023\/03\/1420x240-Controle-de-Investimentos.png\"\n\t\t\t\t>\n\t\t\t<\/picture>\n\t\t<\/a>\n\t<\/p>\n\n\n<h2>PEC dos precat\u00f3rios pode aumentar o d\u00e9ficit p\u00fablico<\/h2>\n<p>Em rela\u00e7\u00e3o \u00e0 <a class=\"suno-keyword\" href=\"https:\/\/www.suno.com.br\/artigos\/divida-bruta\/\" target=\"_blank\" rel=\"noopener\" data-force=\"no\" data-priority=\"1\">D\u00edvida Bruta<\/a> do Governo Geral (DBGG), principal indicador usado para comparar o endividamento dos pa\u00edses, o relat\u00f3rio estima que Uni\u00e3o, estados, munic\u00edpios e estatais terminar\u00e3o 2021 devendo 81,7% do PIB. Caso a Proposta de Emenda \u00e0 Constitui\u00e7\u00e3o (PEC) dos Precat\u00f3rios seja aprovada, o percentual subir\u00e1 para 81,9%.<\/p>\n<p>Al\u00e9m das estimativas para o Or\u00e7amento deste ano, a equipe econ\u00f4mica apresentou proje\u00e7\u00f5es para 2022. A DBGG dever\u00e1 encerrar o pr\u00f3ximo ano em 80,5% do PIB, caso a <strong>PEC dos Precat\u00f3rios<\/strong> n\u00e3o seja aprovada, e em 81,7% do PIB, caso a proposta passe no Congresso. Em rela\u00e7\u00e3o do <strong>d\u00e9ficit prim\u00e1rio<\/strong>, o resultado negativo cair\u00e1 de 1,1% em 2021 para 0,5% em 2022. Se a PEC for aprovada, subir\u00e1 para 1,5% no pr\u00f3ximo ano.<\/p>\n<p><em>(Com informa\u00e7\u00f5es da Ag\u00eancia Brasil)<\/em><\/p>\n\t<p>\n\t\t<a href=\"\" target=\"_blank\" data-element=\"shortcode-suno-banner\" title=\"Banner SUNO, clique e saiba mais\">\n\t\t\t<picture>\n\t\t\t\t<source media=\"(max-width: 500px)\" srcset=\"\">\n\t\t\t\t<img class=\"newsContent__article__imgCapa newsContent__article__imgCapa--banner\"\n\t\t\t\t\tsrc=\"\"\n\t\t\t\t\tdata-promo-id=\"184190\"\t\t\t\t\t\t\t\t\t\t\t\t\t\t\talt=\"\"\n\t\t\t\t>\n\t\t\t<\/picture>\n\t\t<\/a>\n\t<\/p>\n\n\n","protected":false},"excerpt":{"rendered":"<p>A previs\u00e3o do governo para o d\u00e9ficit p\u00fablico prim\u00e1rio em 2021 foi reduzida de R$ 139,4 bilh\u00f5es para R$ 95,8 bilh\u00f5es, resultado, segundo o Minist\u00e9rio da Economia, de uma recupera\u00e7\u00e3o da economia e crescimento da arrecada\u00e7\u00e3o. A estimativa foi divulgada nesta segunda (22) no Relat\u00f3rio Bimestral de Avalia\u00e7\u00e3o de Receitas. Saiba a import\u00e2ncia de um [&hellip;]<\/p>\n","protected":false},"author":118,"featured_media":158333,"comment_status":"closed","ping_status":"closed","sticky":false,"template":"","format":"standard","meta":[],"categories":[62],"tags":[1128,807],"suno_strategy":[],"class_list":["post-207687","post","type-post","status-publish","format-standard","has-post-thumbnail","hentry","category-economia","tag-orcamento-publico","tag-produto-interno-bruto-pib"],"yoast_head":"<!-- This site is optimized with the Yoast SEO plugin v24.4 - https:\/\/yoast.com\/wordpress\/plugins\/seo\/ -->\n<title>Governo reduz previs\u00e3o de d\u00e9ficit p\u00fablico em 2021 para R$ 95,8 bilh\u00f5es<\/title>\n<meta name=\"description\" content=\"A previs\u00e3o do governo para o d\u00e9ficit p\u00fablico em 2021 foi reduzida de R$ 139,4 bilh\u00f5es para R$ 95,8 bilh\u00f5es, resultado...Saiba mais\" \/>\n<meta name=\"robots\" content=\"index, follow, max-snippet:-1, max-image-preview:large, max-video-preview:-1\" \/>\n<link rel=\"canonical\" href=\"https:\/\/www.suno.com.br\/noticias\/governo-reduz-previsao-deficit-publico-2022\/\" \/>\n<meta property=\"og:locale\" content=\"pt_BR\" \/>\n<meta property=\"og:type\" content=\"article\" \/>\n<meta property=\"og:title\" content=\"Governo reduz previs\u00e3o de d\u00e9ficit p\u00fablico em 2021 para R$ 95,8 bilh\u00f5es\" \/>\n<meta property=\"og:description\" content=\"A previs\u00e3o do governo para o d\u00e9ficit p\u00fablico em 2021 foi reduzida de R$ 139,4 bilh\u00f5es para R$ 95,8 bilh\u00f5es, resultado...Saiba mais\" \/>\n<meta property=\"og:url\" content=\"https:\/\/www.suno.com.br\/noticias\/governo-reduz-previsao-deficit-publico-2022\/\" \/>\n<meta property=\"og:site_name\" content=\"Suno Not\u00edcias\" \/>\n<meta property=\"article:publisher\" content=\"https:\/\/facebook.com\/sunoresearch\" \/>\n<meta property=\"og:image\" content=\"https:\/\/files.sunoresearch.com.br\/n\/uploads\/2021\/06\/c4f1b833-ballots-1195065_1280.jpg\" \/>\n\t<meta property=\"og:image:width\" content=\"1280\" \/>\n\t<meta property=\"og:image:height\" content=\"853\" \/>\n\t<meta property=\"og:image:type\" content=\"image\/jpeg\" \/>\n<meta name=\"author\" content=\"Bruno Galv\u00e3o\" \/>\n<meta name=\"twitter:card\" content=\"summary_large_image\" \/>\n<meta name=\"twitter:creator\" content=\"@sunoresearch\" \/>\n<meta name=\"twitter:site\" content=\"@sunoresearch\" \/>\n<meta name=\"twitter:label1\" content=\"Escrito por\" \/>\n\t<meta name=\"twitter:data1\" content=\"Bruno Galv\u00e3o\" \/>\n\t<meta name=\"twitter:label2\" content=\"Est. tempo de leitura\" \/>\n\t<meta name=\"twitter:data2\" content=\"4 minutos\" \/>\n<script type=\"application\/ld+json\" class=\"yoast-schema-graph\">{\"@context\":\"https:\/\/schema.org\",\"@graph\":[{\"@type\":\"NewsArticle\",\"@id\":\"https:\/\/www.suno.com.br\/noticias\/governo-reduz-previsao-deficit-publico-2022\/#article\",\"isPartOf\":{\"@id\":\"https:\/\/www.suno.com.br\/noticias\/governo-reduz-previsao-deficit-publico-2022\/\"},\"author\":{\"name\":\"Bruno Galv\u00e3o\",\"@id\":\"https:\/\/www.suno.com.br\/noticias\/#\/schema\/person\/06f0d962a6b1c54852e4860f16935600\"},\"headline\":\"Governo reduz previs\u00e3o de d\u00e9ficit p\u00fablico em 2021 para R$ 95,8 bilh\u00f5es\",\"datePublished\":\"2021-11-23T01:20:46+00:00\",\"mainEntityOfPage\":{\"@id\":\"https:\/\/www.suno.com.br\/noticias\/governo-reduz-previsao-deficit-publico-2022\/\"},\"wordCount\":809,\"publisher\":{\"@id\":\"https:\/\/www.suno.com.br\/noticias\/#organization\"},\"image\":{\"@id\":\"https:\/\/www.suno.com.br\/noticias\/governo-reduz-previsao-deficit-publico-2022\/#primaryimage\"},\"thumbnailUrl\":\"https:\/\/files.sunoresearch.com.br\/n\/uploads\/2021\/06\/c4f1b833-ballots-1195065_1280-jpg.webp\",\"keywords\":[\"Or\u00e7amento P\u00fablico\",\"Produto Interno Bruto (PIB)\"],\"articleSection\":[\"Economia\"],\"inLanguage\":\"pt-BR\"},{\"@type\":\"WebPage\",\"@id\":\"https:\/\/www.suno.com.br\/noticias\/governo-reduz-previsao-deficit-publico-2022\/\",\"url\":\"https:\/\/www.suno.com.br\/noticias\/governo-reduz-previsao-deficit-publico-2022\/\",\"name\":\"Governo reduz previs\u00e3o de d\u00e9ficit p\u00fablico em 2021 para R$ 95,8 bilh\u00f5es\",\"isPartOf\":{\"@id\":\"https:\/\/www.suno.com.br\/noticias\/#website\"},\"primaryImageOfPage\":{\"@id\":\"https:\/\/www.suno.com.br\/noticias\/governo-reduz-previsao-deficit-publico-2022\/#primaryimage\"},\"image\":{\"@id\":\"https:\/\/www.suno.com.br\/noticias\/governo-reduz-previsao-deficit-publico-2022\/#primaryimage\"},\"thumbnailUrl\":\"https:\/\/files.sunoresearch.com.br\/n\/uploads\/2021\/06\/c4f1b833-ballots-1195065_1280-jpg.webp\",\"datePublished\":\"2021-11-23T01:20:46+00:00\",\"description\":\"A previs\u00e3o do governo para o d\u00e9ficit p\u00fablico em 2021 foi reduzida de R$ 139,4 bilh\u00f5es para R$ 95,8 bilh\u00f5es, resultado...Saiba mais\",\"breadcrumb\":{\"@id\":\"https:\/\/www.suno.com.br\/noticias\/governo-reduz-previsao-deficit-publico-2022\/#breadcrumb\"},\"inLanguage\":\"pt-BR\",\"potentialAction\":[{\"@type\":\"ReadAction\",\"target\":[\"https:\/\/www.suno.com.br\/noticias\/governo-reduz-previsao-deficit-publico-2022\/\"]}]},{\"@type\":\"ImageObject\",\"inLanguage\":\"pt-BR\",\"@id\":\"https:\/\/www.suno.com.br\/noticias\/governo-reduz-previsao-deficit-publico-2022\/#primaryimage\",\"url\":\"https:\/\/files.sunoresearch.com.br\/n\/uploads\/2021\/06\/c4f1b833-ballots-1195065_1280-jpg.webp\",\"contentUrl\":\"https:\/\/files.sunoresearch.com.br\/n\/uploads\/2021\/06\/c4f1b833-ballots-1195065_1280-jpg.webp\",\"width\":1280,\"height\":853,\"caption\":\"Saiba a import\u00e2ncia de um assessor de investimentos. Foto: Pixabay\"},{\"@type\":\"BreadcrumbList\",\"@id\":\"https:\/\/www.suno.com.br\/noticias\/governo-reduz-previsao-deficit-publico-2022\/#breadcrumb\",\"itemListElement\":[{\"@type\":\"ListItem\",\"position\":1,\"name\":\"Not\u00edcias\",\"item\":\"https:\/\/www.suno.com.br\/noticias\/\"},{\"@type\":\"ListItem\",\"position\":2,\"name\":\"Economia\",\"item\":\"https:\/\/www.suno.com.br\/noticias\/economia\/\"},{\"@type\":\"ListItem\",\"position\":3,\"name\":\"Governo reduz previs\u00e3o de d\u00e9ficit p\u00fablico em 2021 para R$ 95,8 bilh\u00f5es\"}]},{\"@type\":\"WebSite\",\"@id\":\"https:\/\/www.suno.com.br\/noticias\/#website\",\"url\":\"https:\/\/www.suno.com.br\/noticias\/\",\"name\":\"Suno Not\u00edcias\",\"description\":\"Seu portal de informa\u00e7\u00e3o sobre o mundo dos investimentos\",\"publisher\":{\"@id\":\"https:\/\/www.suno.com.br\/noticias\/#organization\"},\"potentialAction\":[{\"@type\":\"SearchAction\",\"target\":{\"@type\":\"EntryPoint\",\"urlTemplate\":\"https:\/\/www.suno.com.br\/noticias\/?s={search_term_string}\"},\"query-input\":{\"@type\":\"PropertyValueSpecification\",\"valueRequired\":true,\"valueName\":\"search_term_string\"}}],\"inLanguage\":\"pt-BR\"},{\"@type\":\"Organization\",\"@id\":\"https:\/\/www.suno.com.br\/noticias\/#organization\",\"name\":\"Suno Not\u00edcias\",\"url\":\"https:\/\/www.suno.com.br\/noticias\/\",\"logo\":{\"@type\":\"ImageObject\",\"inLanguage\":\"pt-BR\",\"@id\":\"https:\/\/www.suno.com.br\/noticias\/#\/schema\/logo\/image\/\",\"url\":\"https:\/\/files.sunoresearch.com.br\/n\/uploads\/2021\/09\/suno-logo.png\",\"contentUrl\":\"https:\/\/files.sunoresearch.com.br\/n\/uploads\/2021\/09\/suno-logo.png\",\"width\":180,\"height\":180,\"caption\":\"Suno Not\u00edcias\"},\"image\":{\"@id\":\"https:\/\/www.suno.com.br\/noticias\/#\/schema\/logo\/image\/\"},\"sameAs\":[\"https:\/\/facebook.com\/sunoresearch\",\"https:\/\/x.com\/sunoresearch\",\"https:\/\/www.instagram.com\/suno\",\"https:\/\/www.linkedin.com\/company\/suno-research\/\",\"https:\/\/www.youtube.com\/c\/sunoresearch\"]},{\"@type\":\"Person\",\"@id\":\"https:\/\/www.suno.com.br\/noticias\/#\/schema\/person\/06f0d962a6b1c54852e4860f16935600\",\"name\":\"Bruno Galv\u00e3o\",\"image\":{\"@type\":\"ImageObject\",\"inLanguage\":\"pt-BR\",\"@id\":\"https:\/\/www.suno.com.br\/noticias\/#\/schema\/person\/image\/\",\"url\":\"https:\/\/secure.gravatar.com\/avatar\/53598df0b41c00f12f287a912d0e918e?s=96&r=g\",\"contentUrl\":\"https:\/\/secure.gravatar.com\/avatar\/53598df0b41c00f12f287a912d0e918e?s=96&r=g\",\"caption\":\"Bruno Galv\u00e3o\"},\"description\":\"Escreve para o portal Suno Not\u00edcias. \u00c9 estudante de Jornalismo pela Faculdade C\u00e1sper L\u00edbero e Letras pela USP. Entusiasta de tecnologia e intelig\u00eancia artificial.\",\"url\":\"https:\/\/www.suno.com.br\/noticias\/author\/bruno-garcia\/\"}]}<\/script>\n<!-- \/ Yoast SEO plugin. -->","yoast_head_json":{"title":"Governo reduz previs\u00e3o de d\u00e9ficit p\u00fablico em 2021 para R$ 95,8 bilh\u00f5es","description":"A previs\u00e3o do governo para o d\u00e9ficit p\u00fablico em 2021 foi reduzida de R$ 139,4 bilh\u00f5es para R$ 95,8 bilh\u00f5es, resultado...Saiba mais","robots":{"index":"index","follow":"follow","max-snippet":"max-snippet:-1","max-image-preview":"max-image-preview:large","max-video-preview":"max-video-preview:-1"},"canonical":"https:\/\/www.suno.com.br\/noticias\/governo-reduz-previsao-deficit-publico-2022\/","og_locale":"pt_BR","og_type":"article","og_title":"Governo reduz previs\u00e3o de d\u00e9ficit p\u00fablico em 2021 para R$ 95,8 bilh\u00f5es","og_description":"A previs\u00e3o do governo para o d\u00e9ficit p\u00fablico em 2021 foi reduzida de R$ 139,4 bilh\u00f5es para R$ 95,8 bilh\u00f5es, resultado...Saiba mais","og_url":"https:\/\/www.suno.com.br\/noticias\/governo-reduz-previsao-deficit-publico-2022\/","og_site_name":"Suno Not\u00edcias","article_publisher":"https:\/\/facebook.com\/sunoresearch","og_image":[{"width":1280,"height":853,"url":"https:\/\/files.sunoresearch.com.br\/n\/uploads\/2021\/06\/c4f1b833-ballots-1195065_1280.jpg","type":"image\/jpeg"}],"author":"Bruno Galv\u00e3o","twitter_card":"summary_large_image","twitter_creator":"@sunoresearch","twitter_site":"@sunoresearch","twitter_misc":{"Escrito por":"Bruno Galv\u00e3o","Est. tempo de leitura":"4 minutos"},"schema":{"@context":"https:\/\/schema.org","@graph":[{"@type":"NewsArticle","@id":"https:\/\/www.suno.com.br\/noticias\/governo-reduz-previsao-deficit-publico-2022\/#article","isPartOf":{"@id":"https:\/\/www.suno.com.br\/noticias\/governo-reduz-previsao-deficit-publico-2022\/"},"author":{"name":"Bruno Galv\u00e3o","@id":"https:\/\/www.suno.com.br\/noticias\/#\/schema\/person\/06f0d962a6b1c54852e4860f16935600"},"headline":"Governo reduz previs\u00e3o de d\u00e9ficit p\u00fablico em 2021 para R$ 95,8 bilh\u00f5es","datePublished":"2021-11-23T01:20:46+00:00","mainEntityOfPage":{"@id":"https:\/\/www.suno.com.br\/noticias\/governo-reduz-previsao-deficit-publico-2022\/"},"wordCount":809,"publisher":{"@id":"https:\/\/www.suno.com.br\/noticias\/#organization"},"image":{"@id":"https:\/\/www.suno.com.br\/noticias\/governo-reduz-previsao-deficit-publico-2022\/#primaryimage"},"thumbnailUrl":"https:\/\/files.sunoresearch.com.br\/n\/uploads\/2021\/06\/c4f1b833-ballots-1195065_1280-jpg.webp","keywords":["Or\u00e7amento P\u00fablico","Produto Interno Bruto (PIB)"],"articleSection":["Economia"],"inLanguage":"pt-BR"},{"@type":"WebPage","@id":"https:\/\/www.suno.com.br\/noticias\/governo-reduz-previsao-deficit-publico-2022\/","url":"https:\/\/www.suno.com.br\/noticias\/governo-reduz-previsao-deficit-publico-2022\/","name":"Governo reduz previs\u00e3o de d\u00e9ficit p\u00fablico em 2021 para R$ 95,8 bilh\u00f5es","isPartOf":{"@id":"https:\/\/www.suno.com.br\/noticias\/#website"},"primaryImageOfPage":{"@id":"https:\/\/www.suno.com.br\/noticias\/governo-reduz-previsao-deficit-publico-2022\/#primaryimage"},"image":{"@id":"https:\/\/www.suno.com.br\/noticias\/governo-reduz-previsao-deficit-publico-2022\/#primaryimage"},"thumbnailUrl":"https:\/\/files.sunoresearch.com.br\/n\/uploads\/2021\/06\/c4f1b833-ballots-1195065_1280-jpg.webp","datePublished":"2021-11-23T01:20:46+00:00","description":"A previs\u00e3o do governo para o d\u00e9ficit p\u00fablico em 2021 foi reduzida de R$ 139,4 bilh\u00f5es para R$ 95,8 bilh\u00f5es, resultado...Saiba mais","breadcrumb":{"@id":"https:\/\/www.suno.com.br\/noticias\/governo-reduz-previsao-deficit-publico-2022\/#breadcrumb"},"inLanguage":"pt-BR","potentialAction":[{"@type":"ReadAction","target":["https:\/\/www.suno.com.br\/noticias\/governo-reduz-previsao-deficit-publico-2022\/"]}]},{"@type":"ImageObject","inLanguage":"pt-BR","@id":"https:\/\/www.suno.com.br\/noticias\/governo-reduz-previsao-deficit-publico-2022\/#primaryimage","url":"https:\/\/files.sunoresearch.com.br\/n\/uploads\/2021\/06\/c4f1b833-ballots-1195065_1280-jpg.webp","contentUrl":"https:\/\/files.sunoresearch.com.br\/n\/uploads\/2021\/06\/c4f1b833-ballots-1195065_1280-jpg.webp","width":1280,"height":853,"caption":"Saiba a import\u00e2ncia de um assessor de investimentos. Foto: Pixabay"},{"@type":"BreadcrumbList","@id":"https:\/\/www.suno.com.br\/noticias\/governo-reduz-previsao-deficit-publico-2022\/#breadcrumb","itemListElement":[{"@type":"ListItem","position":1,"name":"Not\u00edcias","item":"https:\/\/www.suno.com.br\/noticias\/"},{"@type":"ListItem","position":2,"name":"Economia","item":"https:\/\/www.suno.com.br\/noticias\/economia\/"},{"@type":"ListItem","position":3,"name":"Governo reduz previs\u00e3o de d\u00e9ficit p\u00fablico em 2021 para R$ 95,8 bilh\u00f5es"}]},{"@type":"WebSite","@id":"https:\/\/www.suno.com.br\/noticias\/#website","url":"https:\/\/www.suno.com.br\/noticias\/","name":"Suno Not\u00edcias","description":"Seu portal de informa\u00e7\u00e3o sobre o mundo dos investimentos","publisher":{"@id":"https:\/\/www.suno.com.br\/noticias\/#organization"},"potentialAction":[{"@type":"SearchAction","target":{"@type":"EntryPoint","urlTemplate":"https:\/\/www.suno.com.br\/noticias\/?s={search_term_string}"},"query-input":{"@type":"PropertyValueSpecification","valueRequired":true,"valueName":"search_term_string"}}],"inLanguage":"pt-BR"},{"@type":"Organization","@id":"https:\/\/www.suno.com.br\/noticias\/#organization","name":"Suno Not\u00edcias","url":"https:\/\/www.suno.com.br\/noticias\/","logo":{"@type":"ImageObject","inLanguage":"pt-BR","@id":"https:\/\/www.suno.com.br\/noticias\/#\/schema\/logo\/image\/","url":"https:\/\/files.sunoresearch.com.br\/n\/uploads\/2021\/09\/suno-logo.png","contentUrl":"https:\/\/files.sunoresearch.com.br\/n\/uploads\/2021\/09\/suno-logo.png","width":180,"height":180,"caption":"Suno Not\u00edcias"},"image":{"@id":"https:\/\/www.suno.com.br\/noticias\/#\/schema\/logo\/image\/"},"sameAs":["https:\/\/facebook.com\/sunoresearch","https:\/\/x.com\/sunoresearch","https:\/\/www.instagram.com\/suno","https:\/\/www.linkedin.com\/company\/suno-research\/","https:\/\/www.youtube.com\/c\/sunoresearch"]},{"@type":"Person","@id":"https:\/\/www.suno.com.br\/noticias\/#\/schema\/person\/06f0d962a6b1c54852e4860f16935600","name":"Bruno Galv\u00e3o","image":{"@type":"ImageObject","inLanguage":"pt-BR","@id":"https:\/\/www.suno.com.br\/noticias\/#\/schema\/person\/image\/","url":"https:\/\/secure.gravatar.com\/avatar\/53598df0b41c00f12f287a912d0e918e?s=96&r=g","contentUrl":"https:\/\/secure.gravatar.com\/avatar\/53598df0b41c00f12f287a912d0e918e?s=96&r=g","caption":"Bruno Galv\u00e3o"},"description":"Escreve para o portal Suno Not\u00edcias. \u00c9 estudante de Jornalismo pela Faculdade C\u00e1sper L\u00edbero e Letras pela USP. Entusiasta de tecnologia e intelig\u00eancia artificial.","url":"https:\/\/www.suno.com.br\/noticias\/author\/bruno-garcia\/"}]}},"default_loop_html":"<div class=\"cardsPage__listCard__boxs\"><div class=\"cardsPage__listCard__boxs__img\"><a href=\"https:\/\/www.suno.com.br\/noticias\/governo-reduz-previsao-deficit-publico-2022\/\"><img class=\"mask\" src=\"https:\/\/www.suno.com.br\/noticias\/wp-content\/themes\/suno\/resources\/images\/spotlight\/spotlight1img\/bg-mask.png\" alt=\"Image Mask\"\/><img src=\"https:\/\/files.sunoresearch.com.br\/n\/uploads\/2021\/06\/c4f1b833-ballots-1195065_1280-400x200.webp\" alt=\"Governo reduz previs\u00e3o de d\u00e9ficit p\u00fablico em 2021 para R$ 95,8 bilh\u00f5es\"\/><\/a><span class=\"spotlightCategory\"><a href=\"https:\/\/www.suno.com.br\/noticias\/economia\/\">Economia<\/a><\/span><\/div><div class=\"cardsPage__listCard__boxs__content\"><a href=\"https:\/\/www.suno.com.br\/noticias\/governo-reduz-previsao-deficit-publico-2022\/\"><h2 class=\"content__title\">Governo reduz previs\u00e3o de d\u00e9ficit p\u00fablico em 2021 para R$ 95,8 bilh\u00f5es<\/h2><\/a><div class=\"newsContent__article__meta\"><div class=\"newsContent__article__meta__authorBox\"><a href=\"https:\/\/www.suno.com.br\/noticias\/author\/bruno-garcia\/\" class=\"authorBox__avatar noMobi\"><img src=\"https:\/\/secure.gravatar.com\/avatar\/53598df0b41c00f12f287a912d0e918e?s=96&#038;r=g\" alt=\"Bruno Galv\u00e3o\"><\/a><div class=\"authorBox__name\"><span>por\n\t\t\t<a href=\"https:\/\/www.suno.com.br\/noticias\/author\/bruno-garcia\/\"><span itemprop=\"author\">Bruno Galv\u00e3o<\/span><\/a><\/span><time datetime=\"2021-11-22T22:20:46-03:00\" itemprop=\"datePublished\">22\/11\/2021 22:20<\/time><\/div><\/div><\/div><\/div><\/div>","single_layout":"posts","amp_enabled":true,"_links":{"self":[{"href":"https:\/\/www.suno.com.br\/noticias\/wp-json\/wp\/v2\/posts\/207687"}],"collection":[{"href":"https:\/\/www.suno.com.br\/noticias\/wp-json\/wp\/v2\/posts"}],"about":[{"href":"https:\/\/www.suno.com.br\/noticias\/wp-json\/wp\/v2\/types\/post"}],"author":[{"embeddable":true,"href":"https:\/\/www.suno.com.br\/noticias\/wp-json\/wp\/v2\/users\/118"}],"replies":[{"embeddable":true,"href":"https:\/\/www.suno.com.br\/noticias\/wp-json\/wp\/v2\/comments?post=207687"}],"version-history":[{"count":4,"href":"https:\/\/www.suno.com.br\/noticias\/wp-json\/wp\/v2\/posts\/207687\/revisions"}],"predecessor-version":[{"id":207767,"href":"https:\/\/www.suno.com.br\/noticias\/wp-json\/wp\/v2\/posts\/207687\/revisions\/207767"}],"wp:featuredmedia":[{"embeddable":true,"href":"https:\/\/www.suno.com.br\/noticias\/wp-json\/wp\/v2\/media\/158333"}],"wp:attachment":[{"href":"https:\/\/www.suno.com.br\/noticias\/wp-json\/wp\/v2\/media?parent=207687"}],"wp:term":[{"taxonomy":"category","embeddable":true,"href":"https:\/\/www.suno.com.br\/noticias\/wp-json\/wp\/v2\/categories?post=207687"},{"taxonomy":"post_tag","embeddable":true,"href":"https:\/\/www.suno.com.br\/noticias\/wp-json\/wp\/v2\/tags?post=207687"},{"taxonomy":"suno_strategy","embeddable":true,"href":"https:\/\/www.suno.com.br\/noticias\/wp-json\/wp\/v2\/suno_strategy?post=207687"}],"curies":[{"name":"wp","href":"https:\/\/api.w.org\/{rel}","templated":true}]}}