{"id":207628,"date":"2021-11-22T18:46:28","date_gmt":"2021-11-22T21:46:28","guid":{"rendered":"https:\/\/www.suno.com.br\/noticias\/?p=207628"},"modified":"2021-11-22T19:07:42","modified_gmt":"2021-11-22T22:07:42","slug":"pec-dos-precatorios-inflacao-aumenta-espaco","status":"publish","type":"post","link":"https:\/\/www.suno.com.br\/noticias\/pec-dos-precatorios-inflacao-aumenta-espaco\/","title":{"rendered":"PEC dos precat\u00f3rios: infla\u00e7\u00e3o aumenta espa\u00e7o fiscal para R$ 106,1 bilh\u00f5es"},"content":{"rendered":"<p>Com a alta da infla\u00e7\u00e3o, o espa\u00e7o fiscal criado pela aprova\u00e7\u00e3o da<strong> PEC dos Precat\u00f3rios<\/strong> &#8212; que retira essas d\u00edvidas do <a class=\"suno-keyword\" href=\"https:\/\/www.suno.com.br\/artigos\/teto-de-gastos\/\" target=\"_blank\" rel=\"noopener\" data-force=\"no\" data-priority=\"1\">teto de gastos<\/a> &#8212; aumentou de R$ 91, 6 bilh\u00f5es para 106,1 bilh\u00f5es.<\/p>\t<div class=\"wrapper-featured-image\">\n\t\t<figure class=\"spotlightImg\">\n\n\t\t\t<picture>\n\t\t\t\t<source media=\"(max-width: 768px)\" srcset=\"https:\/\/files.sunoresearch.com.br\/n\/uploads\/2021\/03\/47aa87ad-esteves-colnago-foto-cleia-viana-camara-dos-deputados-400x200.webp\">\n\t\t\t\t<img loading=\"lazy\" decoding=\"async\" class=\"newsContent__article__imgCapa lazyloadDisabled \" src=\"https:\/\/files.sunoresearch.com.br\/n\/uploads\/2021\/03\/47aa87ad-esteves-colnago-foto-cleia-viana-camara-dos-deputados-800x450.webp\" width=\"800\" height=\"450\" alt=\"PEC dos precat\u00f3rios: infla\u00e7\u00e3o aumenta espa\u00e7o fiscal para R$ 106,1 bilh\u00f5es\" fetchpriority=high \/>\n\t\t\t<\/picture>\n\n\t\t\t<figcaption class=\"wp-caption-text wp-caption-text--show\">Esteves Colnago comentou sobre a PEC dos precat\u00f3rios. Foto: Cleia Viana C\u00e2mara dos Deputados<\/figcaption>\n\t\t<\/figure>\n\t<\/div>\n\n\n\t<p>\n\t\t<a href=\"https:\/\/lp.suno.com.br\/planilha-controle-gastos\/\" target=\"_blank\" data-element=\"shortcode-suno-banner\" title=\"Banner SUNO, clique e saiba mais\">\n\t\t\t<picture>\n\t\t\t\t<source media=\"(max-width: 500px)\" srcset=\"https:\/\/files.sunoresearch.com.br\/n\/uploads\/2023\/03\/400x300-Planilha-controle-de-gastos.png\">\n\t\t\t\t<img class=\"newsContent__article__imgCapa newsContent__article__imgCapa--banner\"\n\t\t\t\t\tsrc=\"https:\/\/files.sunoresearch.com.br\/n\/uploads\/2023\/03\/1420x240-Planilha-controle-de-gastos.png\"\n\t\t\t\t\tdata-promo-id=\"101751\"\t\t\t\t\t\t\t\t\t\twidth='1420' height='240'\t\t\t\t\talt=\"https:\/\/files.sunoresearch.com.br\/n\/uploads\/2023\/03\/1420x240-Planilha-controle-de-gastos.png\"\n\t\t\t\t>\n\t\t\t<\/picture>\n\t\t<\/a>\n\t<\/p>\n\n\n<p>A declara\u00e7\u00e3o foi feita pelo secret\u00e1rio especial do Tesouro e Or\u00e7amento do Minist\u00e9rio da Economia, <strong>Esteves Colnago<\/strong>. Ele participou de <strong>sess\u00e3o tem\u00e1tica do Senado<\/strong> que discute a PEC dos Precat\u00f3rios, cuja vota\u00e7\u00e3o est\u00e1 prevista para esta semana na Comiss\u00e3o de Constitui\u00e7\u00e3o e Justi\u00e7a (CCJ) da Casa.<\/p>\n<p>Segundo Colnago, a mudan\u00e7a ocorreu ap\u00f3s a revis\u00e3o das proje\u00e7\u00f5es oficiais para a economia em 2021. Na semana passada, a <a href=\"https:\/\/agenciabrasil.ebc.com.br\/economia\/noticia\/2021-11\/governo-reduz-previsao-de-crescimento-da-economia-em-51-este-ano\" target=\"_blank\" rel=\"noopener\">Secretaria de Pol\u00edtica Econ\u00f4mica do Minist\u00e9rio da Economia elevou para 9,7%<\/a> a estimativa de <strong>infla\u00e7\u00e3o<\/strong> oficial pelo \u00cdndice Nacional de Pre\u00e7os ao Consumidor Amplo (<strong>IPCA<\/strong>) para 2021. Quando o governo enviou a PEC ao Congresso, a proje\u00e7\u00e3o estava em 8,7%.<\/p>\n\t<p>\n\t\t<a href=\"https:\/\/lp.suno.com.br\/planilha-da-vida-financeira\/\" target=\"_blank\" data-element=\"shortcode-suno-banner\" title=\"Banner SUNO, clique e saiba mais\">\n\t\t\t<picture>\n\t\t\t\t<source media=\"(max-width: 500px)\" srcset=\"https:\/\/files.sunoresearch.com.br\/n\/uploads\/2023\/04\/400x300-Planilha-vida-financeira-true.png\">\n\t\t\t\t<img class=\"newsContent__article__imgCapa newsContent__article__imgCapa--banner\"\n\t\t\t\t\tsrc=\"https:\/\/files.sunoresearch.com.br\/n\/uploads\/2023\/04\/1420x240-Planilha-vida-financeira-true.png\"\n\t\t\t\t\tdata-promo-id=\"106682\"\t\t\t\t\t\t\t\t\t\twidth='1420' height='240'\t\t\t\t\talt=\"https:\/\/files.sunoresearch.com.br\/n\/uploads\/2023\/04\/1420x240-Planilha-vida-financeira-true.png\"\n\t\t\t\t>\n\t\t\t<\/picture>\n\t\t<\/a>\n\t<\/p>\n\n\n<p>De acordo com o secret\u00e1rio especial, dos R$ 106,1 bilh\u00f5es de espa\u00e7o fiscal, R$ 62,2 bilh\u00f5es decorrem da mudan\u00e7a da f\u00f3rmula de c\u00e1lculo do teto de gastos, que passar\u00e1 a considerar a infla\u00e7\u00e3o cheia do ano anterior, em vez de a <a class=\"suno-keyword\" href=\"https:\/\/www.suno.com.br\/artigos\/inflacao-acumulada\/\" target=\"_blank\" rel=\"noopener\" data-force=\"no\" data-priority=\"1\">infla\u00e7\u00e3o acumulada<\/a> entre julho de dois anos atr\u00e1s e junho do ano anterior ao<strong> Or\u00e7amento atual<\/strong>. A proje\u00e7\u00e3o anterior estava em R$ 47 bilh\u00f5es.<\/p>\n<p>Os R$ 43,8 bilh\u00f5es restantes (do total de R$ 106,1 bilh\u00f5es) vir\u00e3o do parcelamento dos precat\u00f3rios de grande valor, d\u00edvidas reconhecidas em car\u00e1ter definitivo pela Justi\u00e7a. A estimativa anterior estava em R$ 44,6 bilh\u00f5es.<\/p>\n\t<p>\n\t\t<a href=\"https:\/\/lp.suno.com.br\/ebook-como-analisar-uma-acao\/\" target=\"_blank\" data-element=\"shortcode-suno-banner\" title=\"Banner SUNO, clique e saiba mais\">\n\t\t\t<picture>\n\t\t\t\t<source media=\"(max-width: 500px)\" srcset=\"https:\/\/files.sunoresearch.com.br\/n\/uploads\/2023\/03\/Ebook-Acoes-Mobile-1.jpg\">\n\t\t\t\t<img class=\"newsContent__article__imgCapa newsContent__article__imgCapa--banner\"\n\t\t\t\t\tsrc=\"https:\/\/files.sunoresearch.com.br\/n\/uploads\/2023\/03\/Ebook-Acoes-Desktop-1.jpg\"\n\t\t\t\t\tdata-promo-id=\"171998\"\t\t\t\t\t\t\t\t\t\twidth='1420' height='286'\t\t\t\t\talt=\"https:\/\/files.sunoresearch.com.br\/n\/uploads\/2023\/03\/Ebook-Acoes-Desktop-1.jpg\"\n\t\t\t\t>\n\t\t\t<\/picture>\n\t\t<\/a>\n\t<\/p>\n\n\n<h2>Aux\u00edlio, previd\u00eancia: veja como ser\u00e1 gasto a arrecada\u00e7\u00e3o da PEC dos precat\u00f3rios<\/h2>\n<p>Apesar do maior espa\u00e7o fiscal, o governo ter\u00e1 apenas R$ 1,1 bilh\u00e3o livres para serem gastos de forma discricion\u00e1ria (n\u00e3o obrigat\u00f3ria). Esse dinheiro poder\u00e1 ser usado para <strong>investimentos<\/strong> (obras p\u00fablicas) ou no atendimento a emendas parlamentares de relator, caso a PEC dos precat\u00f3rios seja aprovada.<\/p>\n<p>Dos R$ 106,1 bilh\u00f5es, R$ 51,1 bilh\u00f5es bancar\u00e3o o aumento do <strong>Aux\u00edlio Brasil<\/strong> para R$ 400; R$ 48,9 bilh\u00f5es est\u00e3o comprometidos com gastos obrigat\u00f3rios, como <strong>Previd\u00eancia Social<\/strong>, m\u00ednimos constitucionais para sa\u00fade e educa\u00e7\u00e3o e Or\u00e7amento dos demais Poderes; e R$ 5,3 bilh\u00f5es ser\u00e3o gastos com a prorroga\u00e7\u00e3o da desonera\u00e7\u00e3o da folha de pagamento por um ano. Dessa forma, sobrar\u00e1 somente R$ 1,1 bilh\u00e3o para os demais gastos.<\/p>\n\t<p>\n\t\t<a href=\"https:\/\/lp.suno.com.br\/planilha-de-controle-de-investimentos\/\" target=\"_blank\" data-element=\"shortcode-suno-banner\" title=\"Banner SUNO, clique e saiba mais\">\n\t\t\t<picture>\n\t\t\t\t<source media=\"(max-width: 500px)\" srcset=\"https:\/\/files.sunoresearch.com.br\/n\/uploads\/2023\/03\/400x300-Controle-de-Investimentos.png\">\n\t\t\t\t<img class=\"newsContent__article__imgCapa newsContent__article__imgCapa--banner\"\n\t\t\t\t\tsrc=\"https:\/\/files.sunoresearch.com.br\/n\/uploads\/2023\/03\/1420x240-Controle-de-Investimentos.png\"\n\t\t\t\t\tdata-promo-id=\"75934\"\t\t\t\t\t\t\t\t\t\twidth='1420' height='240'\t\t\t\t\talt=\"https:\/\/files.sunoresearch.com.br\/n\/uploads\/2023\/03\/1420x240-Controle-de-Investimentos.png\"\n\t\t\t\t>\n\t\t\t<\/picture>\n\t\t<\/a>\n\t<\/p>\n\n\n<p>\u00c0 exce\u00e7\u00e3o dos gastos obrigat\u00f3rios, que ser\u00e3o recalculados com a alta da infla\u00e7\u00e3o, as demais despesas n\u00e3o est\u00e3o inclu\u00eddas no projeto da <a class=\"suno-keyword\" href=\"https:\/\/www.suno.com.br\/artigos\/lei-orcamentaria-anual\/\" target=\"_blank\" rel=\"noopener\" data-force=\"no\" data-priority=\"2\">Lei Or\u00e7ament\u00e1ria Anual<\/a> de 2022, enviado no fim de agosto ao <strong>Congresso<\/strong>. Esses gastos s\u00f3 poder\u00e3o entrar no projeto caso a PEC passe pelo Congresso.<\/p>\n\t<div data-element=\"shortcode-read-more\" class=\"knowMore\">\n\t\t\t\t<span class=\"knowMore__title\">Saiba mais<\/span>\n\t\t\t\t<a class=\"knowMore__link\" href=\"https:\/\/www.suno.com.br\/noticias\/teto-de-gastos-perdeu-credibilidade-jose-marcio-camargo-genial\/\">\n\t\t\t&quot;Teto de gastos perdeu credibilidade&quot;, diz Jos\u00e9 M\u00e1rcio Camargo\t\t<\/a>\n\t<\/div>\n\n\n<p>Na pr\u00e1tica, o governo s\u00f3 ter\u00e1 R$ 1,1 bilh\u00e3o para gastar livremente em 2022. O valor liberado pela <strong>PEC dos precat\u00f3rios<\/strong> para gastos livres n\u00e3o cobre medidas anunciadas pelo governo, como ajudas a caminhoneiros, o fornecimento de vale-g\u00e1s para a popula\u00e7\u00e3o mais pobre e o reajuste do funcionalismo p\u00fablico federal. Segundo Colnago, o Or\u00e7amento do pr\u00f3ximo ano tem R$ 1,5 bilh\u00e3o comprometido com uma decis\u00e3o da Justi\u00e7a que determinou o pagamento de despesas de pessoal n\u00e3o honradas em anos anteriores, mas, por enquanto, n\u00e3o h\u00e1 verbas para reajustes salariais.<\/p>\n<h2>PEC dos Precat\u00f3rios gera riscos e pode tornar Or\u00e7amento impratic\u00e1vel, dizem t\u00e9cnicos no Senado<\/h2>\n<p>T\u00e9cnicos do Congresso ouvidos em sess\u00e3o tem\u00e1tica no Senado apresentaram um cen\u00e1rio de riscos fiscais e a possibilidade de o Or\u00e7amento se tornar impratic\u00e1vel no futuro se a Proposta de Emenda \u00e0 Constitui\u00e7\u00e3o (PEC) dos precat\u00f3rios for aprovada pelos senadores como veio da C\u00e2mara.<\/p>\n<p>Entre os problemas apresentados, est\u00e3o o risco de &#8220;calote&#8221; nos precat\u00f3rios, o aumento do endividamento da Uni\u00e3o e a falta de previsibilidade para elabora\u00e7\u00e3o do Or\u00e7amento nos pr\u00f3ximos anos.<\/p>\n<p>Dois pontos centrais defendidos pelo governo do presidente Jair Bolsonaro foram criticados: a limita\u00e7\u00e3o do pagamento das senten\u00e7as judiciais, com o adiamento de parte das d\u00edvidas para os anos seguintes, e a mudan\u00e7a da regra de c\u00e1lculo do teto a partir de 2022.<\/p>\n<p>O <strong>Minist\u00e9rio da Economia<\/strong> calcula a abertura de um espa\u00e7o no teto de R$ 106,1 bilh\u00f5es no pr\u00f3ximo. A folga pode ser usada para implantar o Aux\u00edlio Brasil, mas tamb\u00e9m para abrigar outras verbas de interesse eleitoral do governo e dos congressistas.<\/p>\n<p>Para a consultoria de or\u00e7amento da C\u00e2mara, a limita\u00e7\u00e3o no pagamento dos precat\u00f3rios pode inviabilizar o pagamento de senten\u00e7as ligadas ao antigo Fundef, que destina recursos para a educa\u00e7\u00e3o e pagamento de profissionais do setor.<\/p>\n<p>Isso porque haver\u00e1 um limite nos pagamentos e, ao mesmo tempo, a necessidade de priorizar precat\u00f3rios de pequeno valor e os chamados &#8220;superpreferenciais&#8221;, como aqueles devidos a idosos e pessoas com defici\u00eancia, conforme estipulado pela proposta.<\/p>\n<p>Nos c\u00e1lculos da consultoria da C\u00e2mara, se os precat\u00f3rios &#8220;superpreferenciais&#8221; superarem R$ 14 bilh\u00f5es no pr\u00f3ximo ano, n\u00e3o haver\u00e1 possibilidade de quitar o parcelamento das d\u00edvidas do <strong>Fundeb<\/strong> no primeiro ano proposto pela pr\u00f3pria PEC. &#8220;Voc\u00ea vai ter uma regra constitucional que n\u00e3o vai ser efetiva&#8221;, disse o consultor da C\u00e2mara Ricardo Volpe durante a sess\u00e3o do Senado.<\/p>\n<p>A limita\u00e7\u00e3o pode gerar uma &#8220;bola de neve&#8221; pr\u00f3xima de R$ 1 trilh\u00e3o em precat\u00f3rios at\u00e9 2036, nos c\u00e1lculos do consultor. &#8220;\u00c9 preocupante pensar que, abrindo espa\u00e7o por causa de um problema sazonal, tomar uma decis\u00e3o que gera uma d\u00edvida trilion\u00e1ria que em 2036 pode desaguar no Or\u00e7amento de uma forma impag\u00e1vel&#8221;, afirmou Volpe. Para ele, retirar os precat\u00f3rios do teto \u00e9 uma alternativa &#8220;menos traum\u00e1tica&#8221;.<\/p>\n<p>Na avalia\u00e7\u00e3o do diretor-executivo da Institui\u00e7\u00e3o Fiscal Independente (IFI) do Senado, Felipe Salto, o &#8220;calote&#8221; nos precat\u00f3rios aumenta a inseguran\u00e7a jur\u00eddica e pode causar uma bola de neve de R$ 854,9 bilh\u00f5es em 2026 nas d\u00edvidas judiciais.<\/p>\n<p>O risco desse cen\u00e1rio, de acordo com o especialista, \u00e9 elevar a perda de credibilidade do governo junto aos agentes econ\u00f4micos e aumentar o endividamento da Uni\u00e3o no futuro.<\/p>\n<p><b>Teto<\/b><\/p>\n<p>Outro ponto criticado pelos t\u00e9cnicos \u00e9 a mudan\u00e7a na regra que calcula o teto de gastos todos os anos. Atualmente, o limite \u00e9 projetado conforme a infla\u00e7\u00e3o acumulada em 12 meses at\u00e9 junho do ano anterior. A proposta muda o per\u00edodo final para dezembro. No quadro atual, a mudan\u00e7a aumenta despesas.<\/p>\n<p>Para o diretor-executivo da IFI, a mudan\u00e7a de c\u00e1lculo do teto \u00e9 &#8220;intempestiva e inoportuna&#8221; por abrir um espa\u00e7o em ano eleitoral e gerar um risco de rompimento na \u00e2ncora fiscal a partir de 2023, j\u00e1 no primeiro ano do pr\u00f3ximo mandato presidencial.<\/p>\n<p>Ricardo Volpe, no entanto, apontou para uma redu\u00e7\u00e3o na previsibilidade na elabora\u00e7\u00e3o do Or\u00e7amento. Ao jogar o per\u00edodo de c\u00e1lculo para dezembro, o Congresso teria apenas 10 dias no \u00faltimo m\u00eas do ano para usar a proje\u00e7\u00e3o de infla\u00e7\u00e3o do ano seguinte e aprovar a pe\u00e7a or\u00e7ament\u00e1ria.<\/p>\n<p>Isso porque os parlamentares teriam que aguardar a divulga\u00e7\u00e3o de novos par\u00e2metros da infla\u00e7\u00e3o at\u00e9 o dia 12 de dezembro. O prazo para o Congresso aprovar a PEC dos Precat\u00f3rios \u00e9 dia 22. O resultado pode originar um cen\u00e1rio &#8220;sujeito a dezenas de erros&#8221; e um &#8220;processo muito atropelado&#8221;, disse o consultor.<\/p>\n<p><em>(Com informa\u00e7\u00f5es da Ag\u00eancia Brasil e Ag\u00eancia Estado)<\/em><\/p>\n\t<p>\n\t\t<a href=\"\" target=\"_blank\" data-element=\"shortcode-suno-banner\" title=\"Banner SUNO, clique e saiba mais\">\n\t\t\t<picture>\n\t\t\t\t<source media=\"(max-width: 500px)\" srcset=\"\">\n\t\t\t\t<img class=\"newsContent__article__imgCapa newsContent__article__imgCapa--banner\"\n\t\t\t\t\tsrc=\"\"\n\t\t\t\t\tdata-promo-id=\"184190\"\t\t\t\t\t\t\t\t\t\t\t\t\t\t\talt=\"\"\n\t\t\t\t>\n\t\t\t<\/picture>\n\t\t<\/a>\n\t<\/p>\n\n\n","protected":false},"excerpt":{"rendered":"<p>Com a alta da infla\u00e7\u00e3o, o espa\u00e7o fiscal criado pela aprova\u00e7\u00e3o da PEC dos Precat\u00f3rios &#8212; que retira essas d\u00edvidas do teto de gastos &#8212; aumentou de R$ 91, 6 bilh\u00f5es para 106,1 bilh\u00f5es. Esteves Colnago comentou sobre a PEC dos precat\u00f3rios. Foto: Cleia Viana C\u00e2mara dos Deputados A declara\u00e7\u00e3o foi feita pelo secret\u00e1rio especial [&hellip;]<\/p>\n","protected":false},"author":118,"featured_media":130260,"comment_status":"closed","ping_status":"closed","sticky":false,"template":"","format":"standard","meta":[],"categories":[61],"tags":[17139,1128,104591],"suno_strategy":[],"class_list":["post-207628","post","type-post","status-publish","format-standard","has-post-thumbnail","hentry","category-politica","tag-auxilio-emergencial","tag-orcamento-publico","tag-precatorios"],"yoast_head":"<!-- This site is optimized with the Yoast SEO plugin v24.4 - https:\/\/yoast.com\/wordpress\/plugins\/seo\/ -->\n<title>PEC dos precat\u00f3rios: infla\u00e7\u00e3o aumenta espa\u00e7o fiscal para R$ 106,1 bi<\/title>\n<meta name=\"description\" content=\"Com a alta da infla\u00e7\u00e3o, o espa\u00e7o fiscal criado pela aprova\u00e7\u00e3o da PEC dos Precat\u00f3rios -- que retira as d\u00edvidas do teto de gastos...Saiba mais\" \/>\n<meta name=\"robots\" content=\"index, follow, max-snippet:-1, max-image-preview:large, max-video-preview:-1\" \/>\n<link rel=\"canonical\" href=\"https:\/\/www.suno.com.br\/noticias\/pec-dos-precatorios-inflacao-aumenta-espaco\/\" \/>\n<meta property=\"og:locale\" content=\"pt_BR\" \/>\n<meta property=\"og:type\" content=\"article\" \/>\n<meta property=\"og:title\" content=\"PEC dos precat\u00f3rios: infla\u00e7\u00e3o aumenta espa\u00e7o fiscal para R$ 106,1 bi\" \/>\n<meta property=\"og:description\" content=\"Com a alta da infla\u00e7\u00e3o, o espa\u00e7o fiscal criado pela aprova\u00e7\u00e3o da PEC dos Precat\u00f3rios -- que retira as d\u00edvidas do teto de gastos...Saiba mais\" \/>\n<meta property=\"og:url\" content=\"https:\/\/www.suno.com.br\/noticias\/pec-dos-precatorios-inflacao-aumenta-espaco\/\" \/>\n<meta property=\"og:site_name\" content=\"Suno Not\u00edcias\" \/>\n<meta property=\"article:publisher\" content=\"https:\/\/facebook.com\/sunoresearch\" \/>\n<meta property=\"og:image\" content=\"https:\/\/files.sunoresearch.com.br\/n\/uploads\/2021\/03\/47aa87ad-esteves-colnago-foto-cleia-viana-camara-dos-deputados.jpg\" \/>\n\t<meta property=\"og:image:width\" content=\"1200\" \/>\n\t<meta property=\"og:image:height\" content=\"786\" \/>\n\t<meta property=\"og:image:type\" content=\"image\/jpeg\" \/>\n<meta name=\"author\" content=\"Bruno Galv\u00e3o\" \/>\n<meta name=\"twitter:card\" content=\"summary_large_image\" \/>\n<meta name=\"twitter:creator\" content=\"@sunoresearch\" \/>\n<meta name=\"twitter:site\" content=\"@sunoresearch\" \/>\n<meta name=\"twitter:label1\" content=\"Escrito por\" \/>\n\t<meta name=\"twitter:data1\" content=\"Bruno Galv\u00e3o\" \/>\n\t<meta name=\"twitter:label2\" content=\"Est. tempo de leitura\" \/>\n\t<meta name=\"twitter:data2\" content=\"6 minutos\" \/>\n<script type=\"application\/ld+json\" class=\"yoast-schema-graph\">{\"@context\":\"https:\/\/schema.org\",\"@graph\":[{\"@type\":\"NewsArticle\",\"@id\":\"https:\/\/www.suno.com.br\/noticias\/pec-dos-precatorios-inflacao-aumenta-espaco\/#article\",\"isPartOf\":{\"@id\":\"https:\/\/www.suno.com.br\/noticias\/pec-dos-precatorios-inflacao-aumenta-espaco\/\"},\"author\":{\"name\":\"Bruno Galv\u00e3o\",\"@id\":\"https:\/\/www.suno.com.br\/noticias\/#\/schema\/person\/06f0d962a6b1c54852e4860f16935600\"},\"headline\":\"PEC dos precat\u00f3rios: infla\u00e7\u00e3o aumenta espa\u00e7o fiscal para R$ 106,1 bilh\u00f5es\",\"datePublished\":\"2021-11-22T21:46:28+00:00\",\"dateModified\":\"2021-11-22T22:07:42+00:00\",\"mainEntityOfPage\":{\"@id\":\"https:\/\/www.suno.com.br\/noticias\/pec-dos-precatorios-inflacao-aumenta-espaco\/\"},\"wordCount\":1325,\"publisher\":{\"@id\":\"https:\/\/www.suno.com.br\/noticias\/#organization\"},\"image\":{\"@id\":\"https:\/\/www.suno.com.br\/noticias\/pec-dos-precatorios-inflacao-aumenta-espaco\/#primaryimage\"},\"thumbnailUrl\":\"https:\/\/files.sunoresearch.com.br\/n\/uploads\/2021\/03\/47aa87ad-esteves-colnago-foto-cleia-viana-camara-dos-deputados-jpg.webp\",\"keywords\":[\"aux\u00edlio emergencial\",\"Or\u00e7amento P\u00fablico\",\"precat\u00f3rios\"],\"articleSection\":[\"Pol\u00edtica\"],\"inLanguage\":\"pt-BR\"},{\"@type\":\"WebPage\",\"@id\":\"https:\/\/www.suno.com.br\/noticias\/pec-dos-precatorios-inflacao-aumenta-espaco\/\",\"url\":\"https:\/\/www.suno.com.br\/noticias\/pec-dos-precatorios-inflacao-aumenta-espaco\/\",\"name\":\"PEC dos precat\u00f3rios: infla\u00e7\u00e3o aumenta espa\u00e7o fiscal para R$ 106,1 bi\",\"isPartOf\":{\"@id\":\"https:\/\/www.suno.com.br\/noticias\/#website\"},\"primaryImageOfPage\":{\"@id\":\"https:\/\/www.suno.com.br\/noticias\/pec-dos-precatorios-inflacao-aumenta-espaco\/#primaryimage\"},\"image\":{\"@id\":\"https:\/\/www.suno.com.br\/noticias\/pec-dos-precatorios-inflacao-aumenta-espaco\/#primaryimage\"},\"thumbnailUrl\":\"https:\/\/files.sunoresearch.com.br\/n\/uploads\/2021\/03\/47aa87ad-esteves-colnago-foto-cleia-viana-camara-dos-deputados-jpg.webp\",\"datePublished\":\"2021-11-22T21:46:28+00:00\",\"dateModified\":\"2021-11-22T22:07:42+00:00\",\"description\":\"Com a alta da infla\u00e7\u00e3o, o espa\u00e7o fiscal criado pela aprova\u00e7\u00e3o da PEC dos Precat\u00f3rios -- que retira as d\u00edvidas do teto de gastos...Saiba mais\",\"breadcrumb\":{\"@id\":\"https:\/\/www.suno.com.br\/noticias\/pec-dos-precatorios-inflacao-aumenta-espaco\/#breadcrumb\"},\"inLanguage\":\"pt-BR\",\"potentialAction\":[{\"@type\":\"ReadAction\",\"target\":[\"https:\/\/www.suno.com.br\/noticias\/pec-dos-precatorios-inflacao-aumenta-espaco\/\"]}]},{\"@type\":\"ImageObject\",\"inLanguage\":\"pt-BR\",\"@id\":\"https:\/\/www.suno.com.br\/noticias\/pec-dos-precatorios-inflacao-aumenta-espaco\/#primaryimage\",\"url\":\"https:\/\/files.sunoresearch.com.br\/n\/uploads\/2021\/03\/47aa87ad-esteves-colnago-foto-cleia-viana-camara-dos-deputados-jpg.webp\",\"contentUrl\":\"https:\/\/files.sunoresearch.com.br\/n\/uploads\/2021\/03\/47aa87ad-esteves-colnago-foto-cleia-viana-camara-dos-deputados-jpg.webp\",\"width\":1200,\"height\":786,\"caption\":\"Esteves Colnago comentou sobre a PEC dos precat\u00f3rios. Foto: Cleia Viana C\u00e2mara dos Deputados\"},{\"@type\":\"BreadcrumbList\",\"@id\":\"https:\/\/www.suno.com.br\/noticias\/pec-dos-precatorios-inflacao-aumenta-espaco\/#breadcrumb\",\"itemListElement\":[{\"@type\":\"ListItem\",\"position\":1,\"name\":\"Not\u00edcias\",\"item\":\"https:\/\/www.suno.com.br\/noticias\/\"},{\"@type\":\"ListItem\",\"position\":2,\"name\":\"Pol\u00edtica\",\"item\":\"https:\/\/www.suno.com.br\/noticias\/politica\/\"},{\"@type\":\"ListItem\",\"position\":3,\"name\":\"PEC dos precat\u00f3rios: infla\u00e7\u00e3o aumenta espa\u00e7o fiscal para R$ 106,1 bilh\u00f5es\"}]},{\"@type\":\"WebSite\",\"@id\":\"https:\/\/www.suno.com.br\/noticias\/#website\",\"url\":\"https:\/\/www.suno.com.br\/noticias\/\",\"name\":\"Suno Not\u00edcias\",\"description\":\"Seu portal de informa\u00e7\u00e3o sobre o mundo dos investimentos\",\"publisher\":{\"@id\":\"https:\/\/www.suno.com.br\/noticias\/#organization\"},\"potentialAction\":[{\"@type\":\"SearchAction\",\"target\":{\"@type\":\"EntryPoint\",\"urlTemplate\":\"https:\/\/www.suno.com.br\/noticias\/?s={search_term_string}\"},\"query-input\":{\"@type\":\"PropertyValueSpecification\",\"valueRequired\":true,\"valueName\":\"search_term_string\"}}],\"inLanguage\":\"pt-BR\"},{\"@type\":\"Organization\",\"@id\":\"https:\/\/www.suno.com.br\/noticias\/#organization\",\"name\":\"Suno Not\u00edcias\",\"url\":\"https:\/\/www.suno.com.br\/noticias\/\",\"logo\":{\"@type\":\"ImageObject\",\"inLanguage\":\"pt-BR\",\"@id\":\"https:\/\/www.suno.com.br\/noticias\/#\/schema\/logo\/image\/\",\"url\":\"https:\/\/files.sunoresearch.com.br\/n\/uploads\/2021\/09\/suno-logo.png\",\"contentUrl\":\"https:\/\/files.sunoresearch.com.br\/n\/uploads\/2021\/09\/suno-logo.png\",\"width\":180,\"height\":180,\"caption\":\"Suno Not\u00edcias\"},\"image\":{\"@id\":\"https:\/\/www.suno.com.br\/noticias\/#\/schema\/logo\/image\/\"},\"sameAs\":[\"https:\/\/facebook.com\/sunoresearch\",\"https:\/\/x.com\/sunoresearch\",\"https:\/\/www.instagram.com\/suno\",\"https:\/\/www.linkedin.com\/company\/suno-research\/\",\"https:\/\/www.youtube.com\/c\/sunoresearch\"]},{\"@type\":\"Person\",\"@id\":\"https:\/\/www.suno.com.br\/noticias\/#\/schema\/person\/06f0d962a6b1c54852e4860f16935600\",\"name\":\"Bruno Galv\u00e3o\",\"image\":{\"@type\":\"ImageObject\",\"inLanguage\":\"pt-BR\",\"@id\":\"https:\/\/www.suno.com.br\/noticias\/#\/schema\/person\/image\/\",\"url\":\"https:\/\/secure.gravatar.com\/avatar\/53598df0b41c00f12f287a912d0e918e?s=96&r=g\",\"contentUrl\":\"https:\/\/secure.gravatar.com\/avatar\/53598df0b41c00f12f287a912d0e918e?s=96&r=g\",\"caption\":\"Bruno Galv\u00e3o\"},\"description\":\"Escreve para o portal Suno Not\u00edcias. \u00c9 estudante de Jornalismo pela Faculdade C\u00e1sper L\u00edbero e Letras pela USP. Entusiasta de tecnologia e intelig\u00eancia artificial.\",\"url\":\"https:\/\/www.suno.com.br\/noticias\/author\/bruno-garcia\/\"}]}<\/script>\n<!-- \/ Yoast SEO plugin. -->","yoast_head_json":{"title":"PEC dos precat\u00f3rios: infla\u00e7\u00e3o aumenta espa\u00e7o fiscal para R$ 106,1 bi","description":"Com a alta da infla\u00e7\u00e3o, o espa\u00e7o fiscal criado pela aprova\u00e7\u00e3o da PEC dos Precat\u00f3rios -- que retira as d\u00edvidas do teto de gastos...Saiba mais","robots":{"index":"index","follow":"follow","max-snippet":"max-snippet:-1","max-image-preview":"max-image-preview:large","max-video-preview":"max-video-preview:-1"},"canonical":"https:\/\/www.suno.com.br\/noticias\/pec-dos-precatorios-inflacao-aumenta-espaco\/","og_locale":"pt_BR","og_type":"article","og_title":"PEC dos precat\u00f3rios: infla\u00e7\u00e3o aumenta espa\u00e7o fiscal para R$ 106,1 bi","og_description":"Com a alta da infla\u00e7\u00e3o, o espa\u00e7o fiscal criado pela aprova\u00e7\u00e3o da PEC dos Precat\u00f3rios -- que retira as d\u00edvidas do teto de gastos...Saiba mais","og_url":"https:\/\/www.suno.com.br\/noticias\/pec-dos-precatorios-inflacao-aumenta-espaco\/","og_site_name":"Suno Not\u00edcias","article_publisher":"https:\/\/facebook.com\/sunoresearch","og_image":[{"width":1200,"height":786,"url":"https:\/\/files.sunoresearch.com.br\/n\/uploads\/2021\/03\/47aa87ad-esteves-colnago-foto-cleia-viana-camara-dos-deputados.jpg","type":"image\/jpeg"}],"author":"Bruno Galv\u00e3o","twitter_card":"summary_large_image","twitter_creator":"@sunoresearch","twitter_site":"@sunoresearch","twitter_misc":{"Escrito por":"Bruno Galv\u00e3o","Est. tempo de leitura":"6 minutos"},"schema":{"@context":"https:\/\/schema.org","@graph":[{"@type":"NewsArticle","@id":"https:\/\/www.suno.com.br\/noticias\/pec-dos-precatorios-inflacao-aumenta-espaco\/#article","isPartOf":{"@id":"https:\/\/www.suno.com.br\/noticias\/pec-dos-precatorios-inflacao-aumenta-espaco\/"},"author":{"name":"Bruno Galv\u00e3o","@id":"https:\/\/www.suno.com.br\/noticias\/#\/schema\/person\/06f0d962a6b1c54852e4860f16935600"},"headline":"PEC dos precat\u00f3rios: infla\u00e7\u00e3o aumenta espa\u00e7o fiscal para R$ 106,1 bilh\u00f5es","datePublished":"2021-11-22T21:46:28+00:00","dateModified":"2021-11-22T22:07:42+00:00","mainEntityOfPage":{"@id":"https:\/\/www.suno.com.br\/noticias\/pec-dos-precatorios-inflacao-aumenta-espaco\/"},"wordCount":1325,"publisher":{"@id":"https:\/\/www.suno.com.br\/noticias\/#organization"},"image":{"@id":"https:\/\/www.suno.com.br\/noticias\/pec-dos-precatorios-inflacao-aumenta-espaco\/#primaryimage"},"thumbnailUrl":"https:\/\/files.sunoresearch.com.br\/n\/uploads\/2021\/03\/47aa87ad-esteves-colnago-foto-cleia-viana-camara-dos-deputados-jpg.webp","keywords":["aux\u00edlio emergencial","Or\u00e7amento P\u00fablico","precat\u00f3rios"],"articleSection":["Pol\u00edtica"],"inLanguage":"pt-BR"},{"@type":"WebPage","@id":"https:\/\/www.suno.com.br\/noticias\/pec-dos-precatorios-inflacao-aumenta-espaco\/","url":"https:\/\/www.suno.com.br\/noticias\/pec-dos-precatorios-inflacao-aumenta-espaco\/","name":"PEC dos precat\u00f3rios: infla\u00e7\u00e3o aumenta espa\u00e7o fiscal para R$ 106,1 bi","isPartOf":{"@id":"https:\/\/www.suno.com.br\/noticias\/#website"},"primaryImageOfPage":{"@id":"https:\/\/www.suno.com.br\/noticias\/pec-dos-precatorios-inflacao-aumenta-espaco\/#primaryimage"},"image":{"@id":"https:\/\/www.suno.com.br\/noticias\/pec-dos-precatorios-inflacao-aumenta-espaco\/#primaryimage"},"thumbnailUrl":"https:\/\/files.sunoresearch.com.br\/n\/uploads\/2021\/03\/47aa87ad-esteves-colnago-foto-cleia-viana-camara-dos-deputados-jpg.webp","datePublished":"2021-11-22T21:46:28+00:00","dateModified":"2021-11-22T22:07:42+00:00","description":"Com a alta da infla\u00e7\u00e3o, o espa\u00e7o fiscal criado pela aprova\u00e7\u00e3o da PEC dos Precat\u00f3rios -- que retira as d\u00edvidas do teto de gastos...Saiba mais","breadcrumb":{"@id":"https:\/\/www.suno.com.br\/noticias\/pec-dos-precatorios-inflacao-aumenta-espaco\/#breadcrumb"},"inLanguage":"pt-BR","potentialAction":[{"@type":"ReadAction","target":["https:\/\/www.suno.com.br\/noticias\/pec-dos-precatorios-inflacao-aumenta-espaco\/"]}]},{"@type":"ImageObject","inLanguage":"pt-BR","@id":"https:\/\/www.suno.com.br\/noticias\/pec-dos-precatorios-inflacao-aumenta-espaco\/#primaryimage","url":"https:\/\/files.sunoresearch.com.br\/n\/uploads\/2021\/03\/47aa87ad-esteves-colnago-foto-cleia-viana-camara-dos-deputados-jpg.webp","contentUrl":"https:\/\/files.sunoresearch.com.br\/n\/uploads\/2021\/03\/47aa87ad-esteves-colnago-foto-cleia-viana-camara-dos-deputados-jpg.webp","width":1200,"height":786,"caption":"Esteves Colnago comentou sobre a PEC dos precat\u00f3rios. Foto: Cleia Viana C\u00e2mara dos Deputados"},{"@type":"BreadcrumbList","@id":"https:\/\/www.suno.com.br\/noticias\/pec-dos-precatorios-inflacao-aumenta-espaco\/#breadcrumb","itemListElement":[{"@type":"ListItem","position":1,"name":"Not\u00edcias","item":"https:\/\/www.suno.com.br\/noticias\/"},{"@type":"ListItem","position":2,"name":"Pol\u00edtica","item":"https:\/\/www.suno.com.br\/noticias\/politica\/"},{"@type":"ListItem","position":3,"name":"PEC dos precat\u00f3rios: infla\u00e7\u00e3o aumenta espa\u00e7o fiscal para R$ 106,1 bilh\u00f5es"}]},{"@type":"WebSite","@id":"https:\/\/www.suno.com.br\/noticias\/#website","url":"https:\/\/www.suno.com.br\/noticias\/","name":"Suno Not\u00edcias","description":"Seu portal de informa\u00e7\u00e3o sobre o mundo dos investimentos","publisher":{"@id":"https:\/\/www.suno.com.br\/noticias\/#organization"},"potentialAction":[{"@type":"SearchAction","target":{"@type":"EntryPoint","urlTemplate":"https:\/\/www.suno.com.br\/noticias\/?s={search_term_string}"},"query-input":{"@type":"PropertyValueSpecification","valueRequired":true,"valueName":"search_term_string"}}],"inLanguage":"pt-BR"},{"@type":"Organization","@id":"https:\/\/www.suno.com.br\/noticias\/#organization","name":"Suno Not\u00edcias","url":"https:\/\/www.suno.com.br\/noticias\/","logo":{"@type":"ImageObject","inLanguage":"pt-BR","@id":"https:\/\/www.suno.com.br\/noticias\/#\/schema\/logo\/image\/","url":"https:\/\/files.sunoresearch.com.br\/n\/uploads\/2021\/09\/suno-logo.png","contentUrl":"https:\/\/files.sunoresearch.com.br\/n\/uploads\/2021\/09\/suno-logo.png","width":180,"height":180,"caption":"Suno Not\u00edcias"},"image":{"@id":"https:\/\/www.suno.com.br\/noticias\/#\/schema\/logo\/image\/"},"sameAs":["https:\/\/facebook.com\/sunoresearch","https:\/\/x.com\/sunoresearch","https:\/\/www.instagram.com\/suno","https:\/\/www.linkedin.com\/company\/suno-research\/","https:\/\/www.youtube.com\/c\/sunoresearch"]},{"@type":"Person","@id":"https:\/\/www.suno.com.br\/noticias\/#\/schema\/person\/06f0d962a6b1c54852e4860f16935600","name":"Bruno Galv\u00e3o","image":{"@type":"ImageObject","inLanguage":"pt-BR","@id":"https:\/\/www.suno.com.br\/noticias\/#\/schema\/person\/image\/","url":"https:\/\/secure.gravatar.com\/avatar\/53598df0b41c00f12f287a912d0e918e?s=96&r=g","contentUrl":"https:\/\/secure.gravatar.com\/avatar\/53598df0b41c00f12f287a912d0e918e?s=96&r=g","caption":"Bruno Galv\u00e3o"},"description":"Escreve para o portal Suno Not\u00edcias. \u00c9 estudante de Jornalismo pela Faculdade C\u00e1sper L\u00edbero e Letras pela USP. Entusiasta de tecnologia e intelig\u00eancia artificial.","url":"https:\/\/www.suno.com.br\/noticias\/author\/bruno-garcia\/"}]}},"default_loop_html":"<div class=\"cardsPage__listCard__boxs\"><div class=\"cardsPage__listCard__boxs__img\"><a href=\"https:\/\/www.suno.com.br\/noticias\/pec-dos-precatorios-inflacao-aumenta-espaco\/\"><img class=\"mask\" src=\"https:\/\/www.suno.com.br\/noticias\/wp-content\/themes\/suno\/resources\/images\/spotlight\/spotlight1img\/bg-mask.png\" alt=\"Image Mask\"\/><img src=\"https:\/\/files.sunoresearch.com.br\/n\/uploads\/2021\/03\/47aa87ad-esteves-colnago-foto-cleia-viana-camara-dos-deputados-400x200.webp\" alt=\"PEC dos precat\u00f3rios: infla\u00e7\u00e3o aumenta espa\u00e7o fiscal para R$ 106,1 bilh\u00f5es\"\/><\/a><span class=\"spotlightCategory\"><a href=\"https:\/\/www.suno.com.br\/noticias\/politica\/\">Pol\u00edtica<\/a><\/span><\/div><div class=\"cardsPage__listCard__boxs__content\"><a href=\"https:\/\/www.suno.com.br\/noticias\/pec-dos-precatorios-inflacao-aumenta-espaco\/\"><h2 class=\"content__title\">PEC dos precat\u00f3rios: infla\u00e7\u00e3o aumenta espa\u00e7o fiscal para R$ 106,1 bilh\u00f5es<\/h2><\/a><div class=\"newsContent__article__meta\"><div class=\"newsContent__article__meta__authorBox\"><a href=\"https:\/\/www.suno.com.br\/noticias\/author\/bruno-garcia\/\" class=\"authorBox__avatar noMobi\"><img src=\"https:\/\/secure.gravatar.com\/avatar\/53598df0b41c00f12f287a912d0e918e?s=96&#038;r=g\" alt=\"Bruno Galv\u00e3o\"><\/a><div class=\"authorBox__name\"><span>por\n\t\t\t<a href=\"https:\/\/www.suno.com.br\/noticias\/author\/bruno-garcia\/\"><span itemprop=\"author\">Bruno Galv\u00e3o<\/span><\/a><\/span><time datetime=\"2021-11-22T18:46:28-03:00\" itemprop=\"datePublished\">22\/11\/2021 18:46<\/time><\/div><\/div><\/div><\/div><\/div>","single_layout":"posts","amp_enabled":true,"_links":{"self":[{"href":"https:\/\/www.suno.com.br\/noticias\/wp-json\/wp\/v2\/posts\/207628"}],"collection":[{"href":"https:\/\/www.suno.com.br\/noticias\/wp-json\/wp\/v2\/posts"}],"about":[{"href":"https:\/\/www.suno.com.br\/noticias\/wp-json\/wp\/v2\/types\/post"}],"author":[{"embeddable":true,"href":"https:\/\/www.suno.com.br\/noticias\/wp-json\/wp\/v2\/users\/118"}],"replies":[{"embeddable":true,"href":"https:\/\/www.suno.com.br\/noticias\/wp-json\/wp\/v2\/comments?post=207628"}],"version-history":[{"count":4,"href":"https:\/\/www.suno.com.br\/noticias\/wp-json\/wp\/v2\/posts\/207628\/revisions"}],"predecessor-version":[{"id":207680,"href":"https:\/\/www.suno.com.br\/noticias\/wp-json\/wp\/v2\/posts\/207628\/revisions\/207680"}],"wp:featuredmedia":[{"embeddable":true,"href":"https:\/\/www.suno.com.br\/noticias\/wp-json\/wp\/v2\/media\/130260"}],"wp:attachment":[{"href":"https:\/\/www.suno.com.br\/noticias\/wp-json\/wp\/v2\/media?parent=207628"}],"wp:term":[{"taxonomy":"category","embeddable":true,"href":"https:\/\/www.suno.com.br\/noticias\/wp-json\/wp\/v2\/categories?post=207628"},{"taxonomy":"post_tag","embeddable":true,"href":"https:\/\/www.suno.com.br\/noticias\/wp-json\/wp\/v2\/tags?post=207628"},{"taxonomy":"suno_strategy","embeddable":true,"href":"https:\/\/www.suno.com.br\/noticias\/wp-json\/wp\/v2\/suno_strategy?post=207628"}],"curies":[{"name":"wp","href":"https:\/\/api.w.org\/{rel}","templated":true}]}}