{"id":20752,"date":"2019-04-12T08:30:31","date_gmt":"2019-04-12T11:30:31","guid":{"rendered":"https:\/\/www.suno.com.br\/noticias\/?p=20752"},"modified":"2019-04-12T08:30:31","modified_gmt":"2019-04-12T11:30:31","slug":"china-exportacoes-marco-importacoes","status":"publish","type":"post","link":"https:\/\/www.suno.com.br\/noticias\/china-exportacoes-marco-importacoes\/","title":{"rendered":"China: Exporta\u00e7\u00f5es se recuperam em mar\u00e7o; importa\u00e7\u00f5es caem novamente"},"content":{"rendered":"<p>As exporta\u00e7\u00f5es da China se recuperaram em mar\u00e7o subindo 14,2% em rela\u00e7\u00e3o ao ano anterior, segundo dados da alf\u00e2ndega nesta sexta-feira (12). Al\u00e9m disso, as exporta\u00e7\u00f5es subiram cerca de 3% na compara\u00e7\u00e3o mensal.<\/p>\t<div class=\"wrapper-featured-image\">\n\t\t<figure class=\"spotlightImg\">\n\n\t\t\t<picture>\n\t\t\t\t<source media=\"(max-width: 768px)\" srcset=\"https:\/\/files.sunoresearch.com.br\/n\/uploads\/2018\/12\/d3785640-exportacao-400x200.webp\">\n\t\t\t\t<img loading=\"lazy\" decoding=\"async\" class=\"newsContent__article__imgCapa lazyloadDisabled newsContent__article__imgCapa--noCaption\" src=\"https:\/\/files.sunoresearch.com.br\/n\/uploads\/2018\/12\/d3785640-exportacao-800x450.webp\" width=\"800\" height=\"450\" alt=\"China: Exporta\u00e7\u00f5es se recuperam em mar\u00e7o; importa\u00e7\u00f5es caem novamente\" fetchpriority=high \/>\n\t\t\t<\/picture>\n\n\t\t\t<figcaption class=\"wp-caption-text wp-caption-text--hide\">Balan\u00e7a comercial tem d\u00e9ficit de US$ 701 mi na terceira semana de maio<\/figcaption>\n\t\t<\/figure>\n\t<\/div>\n\n\n<p>Em contrapartida, as <strong>importa\u00e7\u00f5es<\/strong> da <strong>China<\/strong> recuaram 7,6% em rela\u00e7\u00e3o ao ano anterior, indicando que a demanda dom\u00e9stica segue baixa. No entanto, no comparativo mensal o recuo foi de 5,2%.<\/p>\n<p>[optin-monster-shortcode id=&#8221;npkxlwaleraa8psvnego&#8221;]<\/p>\n<p>De acordo com a &#8220;Reuters&#8221;, em mar\u00e7o, os chineses registraram um <strong>super\u00e1vit comercial<\/strong> de US$ 32,64 bilh\u00f5es em mar\u00e7o, acima dos US$ 7,05 bilh\u00f5es estimados.<\/p>\n<p>No primeiro trimestre, as exporta\u00e7\u00f5es tiveram uma alta de 1,4% sobre o ano anterior, enquanto as importa\u00e7\u00f5es ca\u00edram 4,8%.<\/p>\n<h2>Negocia\u00e7\u00f5es entre EUA x China<\/h2>\n<p>O acordo comercial entre China e Estados Unidos pode ser fechado nas pr\u00f3ximas semanas, disse o presidente Donald Trump na \u00faltima semana. Mais cedo, Trump e o\u00a0vice-premi\u00ea chin\u00eas, Liu He, se reunir\u00e3o para tratar das negocia\u00e7\u00f5es do acordo.<\/p>\n<p><a href=\"https:\/\/www.suno.com.br\/noticias\/trump-acordo-comercial-china\/\">Saiba mais:\u00a0Trump diz que acordo comercial com a China pode ser atingido em um m\u00eas<\/a><\/p>\n<p>Por outro lado, o representante de <strong>Com\u00e9rcio dos Estados Unidos<\/strong>, Robert Lighthizer, afirmou que h\u00e1 algumas quest\u00f5es pendentes entre as duas pot\u00eancias. Negociadores chineses e americanos tentam chegar em um consenso sobre as <strong>pol\u00edticas tarif\u00e1rias.<\/strong> O presidente <strong>Trump<\/strong> disse que os pontos de diverg\u00eancia incluem tarifas e a acusa\u00e7\u00e3o de roubo de propriedade intelectual.<\/p>\n<p>Ainda segundo funcion\u00e1rio americanos, o pa\u00eds asi\u00e1tico\u00a0tem utilizado pr\u00e1ticas desleais de com\u00e9rcio. No \u00faltimo dia 29 de mar\u00e7o, <strong>Trump<\/strong> afirmou que as negocia\u00e7\u00f5es para colocar fim a guerra comercial caminhavam &#8220;muito bem&#8221;.<\/p>\n<h2>Tens\u00e3o<\/h2>\n<p>Em 2018, <strong>China<\/strong> e <strong>Estados Unidos<\/strong> adotaram tarifas de <strong>importa\u00e7\u00e3o<\/strong>. Os valores chegam a bilh\u00f5es de d\u00f3lares. A disputa prejudicou a ind\u00fastria e a agricultura dos dois pa\u00edses. Al\u00e9m disso, os efeitos foram sentidos em outras economias do mundo.<\/p>\n\t<p>\n\t\t<a href=\"https:\/\/www.suno.com.br\/asset\/fundos\/suno-acoes-xp-seg-prev\/\" target=\"_blank\" data-element=\"shortcode-suno-banner\" title=\"Banner SUNO, clique e saiba mais\">\n\t\t\t<picture>\n\t\t\t\t<source media=\"(max-width: 500px)\" srcset=\"https:\/\/files.sunoresearch.com.br\/n\/uploads\/2023\/10\/SUNOPREV-v2-400x300-Mobile-Artigos-3.png\">\n\t\t\t\t<img class=\"newsContent__article__imgCapa newsContent__article__imgCapa--banner\"\n\t\t\t\t\tsrc=\"https:\/\/files.sunoresearch.com.br\/n\/uploads\/2023\/10\/SUNOPREV-v2-1420x240-Banner-Artigos-1-_-Banner-Materias-1.png\"\n\t\t\t\t\tdata-promo-id=\"476311\"\t\t\t\t\t\t\t\t\t\twidth='1420' height='240'\t\t\t\t\talt=\"https:\/\/files.sunoresearch.com.br\/n\/uploads\/2023\/10\/SUNOPREV-v2-1420x240-Banner-Artigos-1-_-Banner-Materias-1.png\"\n\t\t\t\t>\n\t\t\t<\/picture>\n\t\t<\/a>\n\t<\/p>\n\n\n<p>Mesmo com o acordo, Trump deu a entender que as tarifas podem ser mantidas para garantir o cumprimento do acordo pela <strong>China<\/strong>. Por sua vez, a pot\u00eancia asi\u00e1tica aprovou uma lei que resguarda empresas estrangeiras da obrigatoriedade de transferir tecnologia para pa\u00eds asi\u00e1tico.<\/p>\n","protected":false},"excerpt":{"rendered":"<p>As exporta\u00e7\u00f5es da China se recuperaram em mar\u00e7o subindo 14,2% em rela\u00e7\u00e3o ao ano anterior, segundo dados da alf\u00e2ndega nesta sexta-feira (12). Al\u00e9m disso, as exporta\u00e7\u00f5es subiram cerca de 3% na compara\u00e7\u00e3o mensal. Balan\u00e7a comercial tem d\u00e9ficit de US$ 701 mi na terceira semana de maio Em contrapartida, as importa\u00e7\u00f5es da China recuaram 7,6% em [&hellip;]<\/p>\n","protected":false},"author":11,"featured_media":7709,"comment_status":"closed","ping_status":"closed","sticky":false,"template":"","format":"standard","meta":[],"categories":[63],"tags":[711],"suno_strategy":[],"class_list":["post-20752","post","type-post","status-publish","format-standard","has-post-thumbnail","hentry","category-internacional","tag-china"],"yoast_head":"<!-- This site is optimized with the Yoast SEO plugin v24.4 - https:\/\/yoast.com\/wordpress\/plugins\/seo\/ -->\n<title>China: Exporta\u00e7\u00f5es se recuperam mar\u00e7o; importa\u00e7\u00f5es caem novamente<\/title>\n<meta name=\"description\" content=\"China v\u00ea suas exporta\u00e7\u00f5es atingirem alta de 14,2% no comparativo anual e registra super\u00e1vit de US$ 32,64 bilh\u00f5es. Clique para saber mais.\" \/>\n<meta name=\"robots\" content=\"index, follow, max-snippet:-1, max-image-preview:large, max-video-preview:-1\" \/>\n<link rel=\"canonical\" href=\"https:\/\/www.suno.com.br\/noticias\/china-exportacoes-marco-importacoes\/\" \/>\n<meta property=\"og:locale\" content=\"pt_BR\" \/>\n<meta property=\"og:type\" content=\"article\" \/>\n<meta property=\"og:title\" content=\"China: Exporta\u00e7\u00f5es se recuperam mar\u00e7o; importa\u00e7\u00f5es caem novamente\" \/>\n<meta property=\"og:description\" content=\"China v\u00ea suas exporta\u00e7\u00f5es atingirem alta de 14,2% no comparativo anual e registra super\u00e1vit de US$ 32,64 bilh\u00f5es. Clique para saber mais.\" \/>\n<meta property=\"og:url\" content=\"https:\/\/www.suno.com.br\/noticias\/china-exportacoes-marco-importacoes\/\" \/>\n<meta property=\"og:site_name\" content=\"Suno Not\u00edcias\" \/>\n<meta property=\"article:publisher\" content=\"https:\/\/facebook.com\/sunoresearch\" \/>\n<meta property=\"og:image\" content=\"https:\/\/files.sunoresearch.com.br\/n\/uploads\/2018\/12\/d3785640-exportacao.jpg\" \/>\n\t<meta property=\"og:image:width\" content=\"960\" \/>\n\t<meta property=\"og:image:height\" content=\"609\" \/>\n\t<meta property=\"og:image:type\" content=\"image\/jpeg\" \/>\n<meta name=\"author\" content=\"Renan Bandeira\" \/>\n<meta name=\"twitter:card\" content=\"summary_large_image\" \/>\n<meta name=\"twitter:creator\" content=\"@sunoresearch\" \/>\n<meta name=\"twitter:site\" content=\"@sunoresearch\" \/>\n<meta name=\"twitter:label1\" content=\"Escrito por\" \/>\n\t<meta name=\"twitter:data1\" content=\"Renan Bandeira\" \/>\n\t<meta name=\"twitter:label2\" content=\"Est. tempo de leitura\" \/>\n\t<meta name=\"twitter:data2\" content=\"2 minutos\" \/>\n<script type=\"application\/ld+json\" class=\"yoast-schema-graph\">{\"@context\":\"https:\/\/schema.org\",\"@graph\":[{\"@type\":\"NewsArticle\",\"@id\":\"https:\/\/www.suno.com.br\/noticias\/china-exportacoes-marco-importacoes\/#article\",\"isPartOf\":{\"@id\":\"https:\/\/www.suno.com.br\/noticias\/china-exportacoes-marco-importacoes\/\"},\"author\":{\"name\":\"Renan Bandeira\",\"@id\":\"https:\/\/www.suno.com.br\/noticias\/#\/schema\/person\/fc144a1c6108bd1dcd43784e88a3c138\"},\"headline\":\"China: Exporta\u00e7\u00f5es se recuperam em mar\u00e7o; importa\u00e7\u00f5es caem novamente\",\"datePublished\":\"2019-04-12T11:30:31+00:00\",\"mainEntityOfPage\":{\"@id\":\"https:\/\/www.suno.com.br\/noticias\/china-exportacoes-marco-importacoes\/\"},\"wordCount\":394,\"publisher\":{\"@id\":\"https:\/\/www.suno.com.br\/noticias\/#organization\"},\"image\":{\"@id\":\"https:\/\/www.suno.com.br\/noticias\/china-exportacoes-marco-importacoes\/#primaryimage\"},\"thumbnailUrl\":\"https:\/\/files.sunoresearch.com.br\/n\/uploads\/2018\/12\/d3785640-exportacao-jpg.webp\",\"keywords\":[\"China\"],\"articleSection\":[\"Internacional\"],\"inLanguage\":\"pt-BR\"},{\"@type\":\"WebPage\",\"@id\":\"https:\/\/www.suno.com.br\/noticias\/china-exportacoes-marco-importacoes\/\",\"url\":\"https:\/\/www.suno.com.br\/noticias\/china-exportacoes-marco-importacoes\/\",\"name\":\"China: Exporta\u00e7\u00f5es se recuperam mar\u00e7o; importa\u00e7\u00f5es caem novamente\",\"isPartOf\":{\"@id\":\"https:\/\/www.suno.com.br\/noticias\/#website\"},\"primaryImageOfPage\":{\"@id\":\"https:\/\/www.suno.com.br\/noticias\/china-exportacoes-marco-importacoes\/#primaryimage\"},\"image\":{\"@id\":\"https:\/\/www.suno.com.br\/noticias\/china-exportacoes-marco-importacoes\/#primaryimage\"},\"thumbnailUrl\":\"https:\/\/files.sunoresearch.com.br\/n\/uploads\/2018\/12\/d3785640-exportacao-jpg.webp\",\"datePublished\":\"2019-04-12T11:30:31+00:00\",\"description\":\"China v\u00ea suas exporta\u00e7\u00f5es atingirem alta de 14,2% no comparativo anual e registra super\u00e1vit de US$ 32,64 bilh\u00f5es. Clique para saber mais.\",\"breadcrumb\":{\"@id\":\"https:\/\/www.suno.com.br\/noticias\/china-exportacoes-marco-importacoes\/#breadcrumb\"},\"inLanguage\":\"pt-BR\",\"potentialAction\":[{\"@type\":\"ReadAction\",\"target\":[\"https:\/\/www.suno.com.br\/noticias\/china-exportacoes-marco-importacoes\/\"]}]},{\"@type\":\"ImageObject\",\"inLanguage\":\"pt-BR\",\"@id\":\"https:\/\/www.suno.com.br\/noticias\/china-exportacoes-marco-importacoes\/#primaryimage\",\"url\":\"https:\/\/files.sunoresearch.com.br\/n\/uploads\/2018\/12\/d3785640-exportacao-jpg.webp\",\"contentUrl\":\"https:\/\/files.sunoresearch.com.br\/n\/uploads\/2018\/12\/d3785640-exportacao-jpg.webp\",\"width\":960,\"height\":609,\"caption\":\"Balan\u00e7a comercial tem d\u00e9ficit de US$ 701 mi na terceira semana de maio\"},{\"@type\":\"BreadcrumbList\",\"@id\":\"https:\/\/www.suno.com.br\/noticias\/china-exportacoes-marco-importacoes\/#breadcrumb\",\"itemListElement\":[{\"@type\":\"ListItem\",\"position\":1,\"name\":\"Not\u00edcias\",\"item\":\"https:\/\/www.suno.com.br\/noticias\/\"},{\"@type\":\"ListItem\",\"position\":2,\"name\":\"Internacional\",\"item\":\"https:\/\/www.suno.com.br\/noticias\/internacional\/\"},{\"@type\":\"ListItem\",\"position\":3,\"name\":\"China: Exporta\u00e7\u00f5es se recuperam em mar\u00e7o; importa\u00e7\u00f5es caem novamente\"}]},{\"@type\":\"WebSite\",\"@id\":\"https:\/\/www.suno.com.br\/noticias\/#website\",\"url\":\"https:\/\/www.suno.com.br\/noticias\/\",\"name\":\"Suno Not\u00edcias\",\"description\":\"Seu portal de informa\u00e7\u00e3o sobre o mundo dos investimentos\",\"publisher\":{\"@id\":\"https:\/\/www.suno.com.br\/noticias\/#organization\"},\"potentialAction\":[{\"@type\":\"SearchAction\",\"target\":{\"@type\":\"EntryPoint\",\"urlTemplate\":\"https:\/\/www.suno.com.br\/noticias\/?s={search_term_string}\"},\"query-input\":{\"@type\":\"PropertyValueSpecification\",\"valueRequired\":true,\"valueName\":\"search_term_string\"}}],\"inLanguage\":\"pt-BR\"},{\"@type\":\"Organization\",\"@id\":\"https:\/\/www.suno.com.br\/noticias\/#organization\",\"name\":\"Suno Not\u00edcias\",\"url\":\"https:\/\/www.suno.com.br\/noticias\/\",\"logo\":{\"@type\":\"ImageObject\",\"inLanguage\":\"pt-BR\",\"@id\":\"https:\/\/www.suno.com.br\/noticias\/#\/schema\/logo\/image\/\",\"url\":\"https:\/\/files.sunoresearch.com.br\/n\/uploads\/2021\/09\/suno-logo.png\",\"contentUrl\":\"https:\/\/files.sunoresearch.com.br\/n\/uploads\/2021\/09\/suno-logo.png\",\"width\":180,\"height\":180,\"caption\":\"Suno Not\u00edcias\"},\"image\":{\"@id\":\"https:\/\/www.suno.com.br\/noticias\/#\/schema\/logo\/image\/\"},\"sameAs\":[\"https:\/\/facebook.com\/sunoresearch\",\"https:\/\/x.com\/sunoresearch\",\"https:\/\/www.instagram.com\/suno\",\"https:\/\/www.linkedin.com\/company\/suno-research\/\",\"https:\/\/www.youtube.com\/c\/sunoresearch\"]},{\"@type\":\"Person\",\"@id\":\"https:\/\/www.suno.com.br\/noticias\/#\/schema\/person\/fc144a1c6108bd1dcd43784e88a3c138\",\"name\":\"Renan Bandeira\",\"image\":{\"@type\":\"ImageObject\",\"inLanguage\":\"pt-BR\",\"@id\":\"https:\/\/www.suno.com.br\/noticias\/#\/schema\/person\/image\/\",\"url\":\"https:\/\/secure.gravatar.com\/avatar\/68359cdb608f14f11bbefcb78f3fc747?s=96&r=g\",\"contentUrl\":\"https:\/\/secure.gravatar.com\/avatar\/68359cdb608f14f11bbefcb78f3fc747?s=96&r=g\",\"caption\":\"Renan Bandeira\"},\"description\":\"Renan Bandeira escreve sobre pol\u00edtica e economia para o portal da Suno Research. Antes da Suno, trabalhou em uma rede de televis\u00e3o, onde fazia reportagens sobre os mesmos temas. Estuda na Universidade Metodista de S\u00e3o Paulo.\",\"url\":\"https:\/\/www.suno.com.br\/noticias\/author\/renan-bandeira\/\"}]}<\/script>\n<!-- \/ Yoast SEO plugin. -->","yoast_head_json":{"title":"China: Exporta\u00e7\u00f5es se recuperam mar\u00e7o; importa\u00e7\u00f5es caem novamente","description":"China v\u00ea suas exporta\u00e7\u00f5es atingirem alta de 14,2% no comparativo anual e registra super\u00e1vit de US$ 32,64 bilh\u00f5es. Clique para saber mais.","robots":{"index":"index","follow":"follow","max-snippet":"max-snippet:-1","max-image-preview":"max-image-preview:large","max-video-preview":"max-video-preview:-1"},"canonical":"https:\/\/www.suno.com.br\/noticias\/china-exportacoes-marco-importacoes\/","og_locale":"pt_BR","og_type":"article","og_title":"China: Exporta\u00e7\u00f5es se recuperam mar\u00e7o; importa\u00e7\u00f5es caem novamente","og_description":"China v\u00ea suas exporta\u00e7\u00f5es atingirem alta de 14,2% no comparativo anual e registra super\u00e1vit de US$ 32,64 bilh\u00f5es. Clique para saber mais.","og_url":"https:\/\/www.suno.com.br\/noticias\/china-exportacoes-marco-importacoes\/","og_site_name":"Suno Not\u00edcias","article_publisher":"https:\/\/facebook.com\/sunoresearch","og_image":[{"width":960,"height":609,"url":"https:\/\/files.sunoresearch.com.br\/n\/uploads\/2018\/12\/d3785640-exportacao.jpg","type":"image\/jpeg"}],"author":"Renan Bandeira","twitter_card":"summary_large_image","twitter_creator":"@sunoresearch","twitter_site":"@sunoresearch","twitter_misc":{"Escrito por":"Renan Bandeira","Est. tempo de leitura":"2 minutos"},"schema":{"@context":"https:\/\/schema.org","@graph":[{"@type":"NewsArticle","@id":"https:\/\/www.suno.com.br\/noticias\/china-exportacoes-marco-importacoes\/#article","isPartOf":{"@id":"https:\/\/www.suno.com.br\/noticias\/china-exportacoes-marco-importacoes\/"},"author":{"name":"Renan Bandeira","@id":"https:\/\/www.suno.com.br\/noticias\/#\/schema\/person\/fc144a1c6108bd1dcd43784e88a3c138"},"headline":"China: Exporta\u00e7\u00f5es se recuperam em mar\u00e7o; importa\u00e7\u00f5es caem novamente","datePublished":"2019-04-12T11:30:31+00:00","mainEntityOfPage":{"@id":"https:\/\/www.suno.com.br\/noticias\/china-exportacoes-marco-importacoes\/"},"wordCount":394,"publisher":{"@id":"https:\/\/www.suno.com.br\/noticias\/#organization"},"image":{"@id":"https:\/\/www.suno.com.br\/noticias\/china-exportacoes-marco-importacoes\/#primaryimage"},"thumbnailUrl":"https:\/\/files.sunoresearch.com.br\/n\/uploads\/2018\/12\/d3785640-exportacao-jpg.webp","keywords":["China"],"articleSection":["Internacional"],"inLanguage":"pt-BR"},{"@type":"WebPage","@id":"https:\/\/www.suno.com.br\/noticias\/china-exportacoes-marco-importacoes\/","url":"https:\/\/www.suno.com.br\/noticias\/china-exportacoes-marco-importacoes\/","name":"China: Exporta\u00e7\u00f5es se recuperam mar\u00e7o; importa\u00e7\u00f5es caem novamente","isPartOf":{"@id":"https:\/\/www.suno.com.br\/noticias\/#website"},"primaryImageOfPage":{"@id":"https:\/\/www.suno.com.br\/noticias\/china-exportacoes-marco-importacoes\/#primaryimage"},"image":{"@id":"https:\/\/www.suno.com.br\/noticias\/china-exportacoes-marco-importacoes\/#primaryimage"},"thumbnailUrl":"https:\/\/files.sunoresearch.com.br\/n\/uploads\/2018\/12\/d3785640-exportacao-jpg.webp","datePublished":"2019-04-12T11:30:31+00:00","description":"China v\u00ea suas exporta\u00e7\u00f5es atingirem alta de 14,2% no comparativo anual e registra super\u00e1vit de US$ 32,64 bilh\u00f5es. Clique para saber mais.","breadcrumb":{"@id":"https:\/\/www.suno.com.br\/noticias\/china-exportacoes-marco-importacoes\/#breadcrumb"},"inLanguage":"pt-BR","potentialAction":[{"@type":"ReadAction","target":["https:\/\/www.suno.com.br\/noticias\/china-exportacoes-marco-importacoes\/"]}]},{"@type":"ImageObject","inLanguage":"pt-BR","@id":"https:\/\/www.suno.com.br\/noticias\/china-exportacoes-marco-importacoes\/#primaryimage","url":"https:\/\/files.sunoresearch.com.br\/n\/uploads\/2018\/12\/d3785640-exportacao-jpg.webp","contentUrl":"https:\/\/files.sunoresearch.com.br\/n\/uploads\/2018\/12\/d3785640-exportacao-jpg.webp","width":960,"height":609,"caption":"Balan\u00e7a comercial tem d\u00e9ficit de US$ 701 mi na terceira semana de maio"},{"@type":"BreadcrumbList","@id":"https:\/\/www.suno.com.br\/noticias\/china-exportacoes-marco-importacoes\/#breadcrumb","itemListElement":[{"@type":"ListItem","position":1,"name":"Not\u00edcias","item":"https:\/\/www.suno.com.br\/noticias\/"},{"@type":"ListItem","position":2,"name":"Internacional","item":"https:\/\/www.suno.com.br\/noticias\/internacional\/"},{"@type":"ListItem","position":3,"name":"China: Exporta\u00e7\u00f5es se recuperam em mar\u00e7o; importa\u00e7\u00f5es caem novamente"}]},{"@type":"WebSite","@id":"https:\/\/www.suno.com.br\/noticias\/#website","url":"https:\/\/www.suno.com.br\/noticias\/","name":"Suno Not\u00edcias","description":"Seu portal de informa\u00e7\u00e3o sobre o mundo dos investimentos","publisher":{"@id":"https:\/\/www.suno.com.br\/noticias\/#organization"},"potentialAction":[{"@type":"SearchAction","target":{"@type":"EntryPoint","urlTemplate":"https:\/\/www.suno.com.br\/noticias\/?s={search_term_string}"},"query-input":{"@type":"PropertyValueSpecification","valueRequired":true,"valueName":"search_term_string"}}],"inLanguage":"pt-BR"},{"@type":"Organization","@id":"https:\/\/www.suno.com.br\/noticias\/#organization","name":"Suno Not\u00edcias","url":"https:\/\/www.suno.com.br\/noticias\/","logo":{"@type":"ImageObject","inLanguage":"pt-BR","@id":"https:\/\/www.suno.com.br\/noticias\/#\/schema\/logo\/image\/","url":"https:\/\/files.sunoresearch.com.br\/n\/uploads\/2021\/09\/suno-logo.png","contentUrl":"https:\/\/files.sunoresearch.com.br\/n\/uploads\/2021\/09\/suno-logo.png","width":180,"height":180,"caption":"Suno Not\u00edcias"},"image":{"@id":"https:\/\/www.suno.com.br\/noticias\/#\/schema\/logo\/image\/"},"sameAs":["https:\/\/facebook.com\/sunoresearch","https:\/\/x.com\/sunoresearch","https:\/\/www.instagram.com\/suno","https:\/\/www.linkedin.com\/company\/suno-research\/","https:\/\/www.youtube.com\/c\/sunoresearch"]},{"@type":"Person","@id":"https:\/\/www.suno.com.br\/noticias\/#\/schema\/person\/fc144a1c6108bd1dcd43784e88a3c138","name":"Renan Bandeira","image":{"@type":"ImageObject","inLanguage":"pt-BR","@id":"https:\/\/www.suno.com.br\/noticias\/#\/schema\/person\/image\/","url":"https:\/\/secure.gravatar.com\/avatar\/68359cdb608f14f11bbefcb78f3fc747?s=96&r=g","contentUrl":"https:\/\/secure.gravatar.com\/avatar\/68359cdb608f14f11bbefcb78f3fc747?s=96&r=g","caption":"Renan Bandeira"},"description":"Renan Bandeira escreve sobre pol\u00edtica e economia para o portal da Suno Research. Antes da Suno, trabalhou em uma rede de televis\u00e3o, onde fazia reportagens sobre os mesmos temas. Estuda na Universidade Metodista de S\u00e3o Paulo.","url":"https:\/\/www.suno.com.br\/noticias\/author\/renan-bandeira\/"}]}},"default_loop_html":"<div class=\"cardsPage__listCard__boxs\"><div class=\"cardsPage__listCard__boxs__img\"><a href=\"https:\/\/www.suno.com.br\/noticias\/china-exportacoes-marco-importacoes\/\"><img class=\"mask\" src=\"https:\/\/www.suno.com.br\/noticias\/wp-content\/themes\/suno\/resources\/images\/spotlight\/spotlight1img\/bg-mask.png\" alt=\"Image Mask\"\/><img src=\"https:\/\/files.sunoresearch.com.br\/n\/uploads\/2018\/12\/d3785640-exportacao-400x200.webp\" alt=\"China: Exporta\u00e7\u00f5es se recuperam em mar\u00e7o; importa\u00e7\u00f5es caem novamente\"\/><\/a><span class=\"spotlightCategory\"><a href=\"https:\/\/www.suno.com.br\/noticias\/internacional\/\">Internacional<\/a><\/span><\/div><div class=\"cardsPage__listCard__boxs__content\"><a href=\"https:\/\/www.suno.com.br\/noticias\/china-exportacoes-marco-importacoes\/\"><h2 class=\"content__title\">China: Exporta\u00e7\u00f5es se recuperam em mar\u00e7o; importa\u00e7\u00f5es caem novamente<\/h2><\/a><div class=\"newsContent__article__meta\"><div class=\"newsContent__article__meta__authorBox\"><a href=\"https:\/\/www.suno.com.br\/noticias\/author\/renan-bandeira\/\" class=\"authorBox__avatar noMobi\"><img src=\"https:\/\/secure.gravatar.com\/avatar\/68359cdb608f14f11bbefcb78f3fc747?s=96&#038;r=g\" alt=\"Renan Bandeira\"><\/a><div class=\"authorBox__name\"><span>por\n\t\t\t<a href=\"https:\/\/www.suno.com.br\/noticias\/author\/renan-bandeira\/\"><span itemprop=\"author\">Renan Bandeira<\/span><\/a><\/span><time datetime=\"2019-04-12T08:30:31-03:00\" itemprop=\"datePublished\">12\/04\/2019 08:30<\/time><\/div><\/div><\/div><\/div><\/div>","single_layout":"posts","amp_enabled":true,"_links":{"self":[{"href":"https:\/\/www.suno.com.br\/noticias\/wp-json\/wp\/v2\/posts\/20752"}],"collection":[{"href":"https:\/\/www.suno.com.br\/noticias\/wp-json\/wp\/v2\/posts"}],"about":[{"href":"https:\/\/www.suno.com.br\/noticias\/wp-json\/wp\/v2\/types\/post"}],"author":[{"embeddable":true,"href":"https:\/\/www.suno.com.br\/noticias\/wp-json\/wp\/v2\/users\/11"}],"replies":[{"embeddable":true,"href":"https:\/\/www.suno.com.br\/noticias\/wp-json\/wp\/v2\/comments?post=20752"}],"version-history":[{"count":0,"href":"https:\/\/www.suno.com.br\/noticias\/wp-json\/wp\/v2\/posts\/20752\/revisions"}],"wp:featuredmedia":[{"embeddable":true,"href":"https:\/\/www.suno.com.br\/noticias\/wp-json\/wp\/v2\/media\/7709"}],"wp:attachment":[{"href":"https:\/\/www.suno.com.br\/noticias\/wp-json\/wp\/v2\/media?parent=20752"}],"wp:term":[{"taxonomy":"category","embeddable":true,"href":"https:\/\/www.suno.com.br\/noticias\/wp-json\/wp\/v2\/categories?post=20752"},{"taxonomy":"post_tag","embeddable":true,"href":"https:\/\/www.suno.com.br\/noticias\/wp-json\/wp\/v2\/tags?post=20752"},{"taxonomy":"suno_strategy","embeddable":true,"href":"https:\/\/www.suno.com.br\/noticias\/wp-json\/wp\/v2\/suno_strategy?post=20752"}],"curies":[{"name":"wp","href":"https:\/\/api.w.org\/{rel}","templated":true}]}}