{"id":20731,"date":"2019-04-11T19:47:55","date_gmt":"2019-04-11T22:47:55","guid":{"rendered":"https:\/\/www.suno.com.br\/noticias\/?p=20731"},"modified":"2019-04-11T19:47:55","modified_gmt":"2019-04-11T22:47:55","slug":"guarulhos-voos-avianca-suspensos","status":"publish","type":"post","link":"https:\/\/www.suno.com.br\/noticias\/guarulhos-voos-avianca-suspensos\/","title":{"rendered":"Guarulhos diz que voos da Avianca podem ser suspensos; companhia nega"},"content":{"rendered":"<p>A operadora do aeroporto de Guarulhos, a\u00a0<strong>GRU Aiport,<\/strong> informou nesta quinta-feira (11) que os voos da Avianca Brasil podem ser suspensos. As opera\u00e7\u00f5es da <strong>companhia a\u00e9rea<\/strong> poder\u00e3o ser suspensas na pr\u00f3xima sexta-feira (12) por falta de pagamento de taxas aeroportu\u00e1rias.<\/p>\t<div class=\"wrapper-featured-image\">\n\t\t<figure class=\"spotlightImg\">\n\n\t\t\t<picture>\n\t\t\t\t<source media=\"(max-width: 768px)\" srcset=\"https:\/\/files.sunoresearch.com.br\/n\/uploads\/2019\/02\/59945c4f-avianca-brasil-400x200.webp\">\n\t\t\t\t<img loading=\"lazy\" decoding=\"async\" class=\"newsContent__article__imgCapa lazyloadDisabled newsContent__article__imgCapa--noCaption\" src=\"https:\/\/files.sunoresearch.com.br\/n\/uploads\/2019\/02\/59945c4f-avianca-brasil-800x450.webp\" width=\"800\" height=\"450\" alt=\"Guarulhos diz que voos da Avianca podem ser suspensos; companhia nega\" fetchpriority=high \/>\n\t\t\t<\/picture>\n\n\t\t\t<figcaption class=\"wp-caption-text wp-caption-text--hide\">Avianca Brasil. (divulga\u00e7\u00e3o)<\/figcaption>\n\t\t<\/figure>\n\t<\/div>\n\n\n<p>Por\u00e9m, a <strong>Avianca Brasil<\/strong> informou que fez repasses antecipados das taxas de embarques referentes aos voos do aeroporto de\u00a0Guarulhos. Al\u00e9m disso, a companhia a\u00e9rea salientou que pagou antecipadamente tamb\u00e9m as taxas dos aeroportos de Porto Alegre, Fortaleza e Gale\u00e3o, no Rio de Janeiro.<\/p>\n<p><a href=\"https:\/\/www.suno.com.br\/noticias\/avianca-suspensao-liminar-retomada-avioes\/\">Saiba mais:\u00a0Avianca pede a suspens\u00e3o da liminar que autorizava a retomada de avi\u00f5es<\/a><\/p>\n<p>Em nota, a <strong>GRU Aiport<\/strong> informou que\u00a0&#8220;os voos operados pela <strong>Avianca Brasil<\/strong> ser\u00e3o autorizados a decolar mediante o pagamento, \u00e0 vista, das respectivas tarifas ao aeroporto&#8221;. Em<strong> recupera\u00e7\u00e3o judicial<\/strong>, a companhia j\u00e1 foi informada pela operadora sobre uma poss\u00edvel suspens\u00e3o dos voos.<\/p>\n<p>[optin-monster-shortcode id=&#8221;npkxlwaleraa8psvnego&#8221;]<\/p>\n<h2>R$ 100 milh\u00f5es de atraso<\/h2>\n<p>Segundo as empresas administradoras de aeroportos, a <strong>Avianca<\/strong> Brasil deixou de repassar cerca de R$ 100 milh\u00f5es em taxas de embarque relativas aos voos.<\/p>\n<p>De acordo com dados da <strong>Ag\u00eancia Nacional de Avia\u00e7\u00e3o Civil (Anac)<\/strong>, a <strong>Avianca<\/strong> Brasil opera 58 voos di\u00e1rios de <strong>Guarulhos<\/strong> com destinos aos aeroportos de:<\/p>\n<ul>\n<li>Salvador<\/li>\n<li>Bel\u00e9m<\/li>\n<li>Navegantes<\/li>\n<li>Porto Alegre<\/li>\n<li>Vit\u00f3ria<\/li>\n<li>Confins (MG)<\/li>\n<li>Campo Grande<\/li>\n<li>Florian\u00f3polis,<\/li>\n<li>Foz do Igua\u00e7u<\/li>\n<li>Bras\u00edlia<\/li>\n<li>Bayeux (PB)<\/li>\n<li>Aracaju<\/li>\n<li>Curitiba<\/li>\n<li>Gale\u00e3o (Rio de Janeiro),<\/li>\n<li>Goi\u00e2nia<\/li>\n<li>Recife<\/li>\n<li>S\u00e3o Gon\u00e7alo do Amarante (RN)<\/li>\n<li>Rio Largo (AL)<\/li>\n<li>Juazeiro do Norte (CE)<\/li>\n<li>V\u00e1rzea Grande (MT)<\/li>\n<li>Fortaleza.<\/li>\n<\/ul>\n<h2>Outros aeroportos<\/h2>\n<p>Situa\u00e7\u00e3o semelhante ocorreu em <strong>Florian\u00f3polis<\/strong>. Na \u00faltima quarta, a <strong>Floripa Aiport<\/strong>, operadora do<strong> Aeroporto Internacional de Florian\u00f3polis<\/strong>, informou que os voos da companhia poderiam ser interrompidos por falta de pagamento das <strong>taxas aeroportu\u00e1rias<\/strong>.\u00a0Por\u00e9m, a empresa conseguiu assinar um acordo com a operadora para manter os voos da Avianca.<\/p>\n<h2>Entenda o caso<\/h2>\n<p>A <strong>Avianca<\/strong> \u00e9 a quarta maior <strong>companhia a\u00e9rea<\/strong> do Brasil e est\u00e1 <a href=\"https:\/\/www.suno.com.br\/artigos\/recuperacao-judicial\/\">em recupera\u00e7\u00e3o judicial<\/a> desde 2018. O <a href=\"https:\/\/www.suno.com.br\/noticias\/avianca-pedido-recuperacao-judicial\/\">pedido foi registrado na 1\u00aa Vara Empresarial de S\u00e3o Paulo<\/a> em 10 de dezembro, ap\u00f3s crescentes <strong>preju\u00edzos<\/strong> e atrasos em pagamentos de arrendamento de aeronaves.<\/p>\n\t<p>\n\t\t<a href=\"https:\/\/www.suno.com.br\/asset\/fundos\/suno-acoes-xp-seg-prev\/\" target=\"_blank\" data-element=\"shortcode-suno-banner\" title=\"Banner SUNO, clique e saiba mais\">\n\t\t\t<picture>\n\t\t\t\t<source media=\"(max-width: 500px)\" srcset=\"https:\/\/files.sunoresearch.com.br\/n\/uploads\/2023\/10\/SUNOPREV-v2-400x300-Mobile-Artigos-3.png\">\n\t\t\t\t<img class=\"newsContent__article__imgCapa newsContent__article__imgCapa--banner\"\n\t\t\t\t\tsrc=\"https:\/\/files.sunoresearch.com.br\/n\/uploads\/2023\/10\/SUNOPREV-v2-1420x240-Banner-Artigos-1-_-Banner-Materias-1.png\"\n\t\t\t\t\tdata-promo-id=\"476311\"\t\t\t\t\t\t\t\t\t\twidth='1420' height='240'\t\t\t\t\talt=\"https:\/\/files.sunoresearch.com.br\/n\/uploads\/2023\/10\/SUNOPREV-v2-1420x240-Banner-Artigos-1-_-Banner-Materias-1.png\"\n\t\t\t\t>\n\t\t\t<\/picture>\n\t\t<\/a>\n\t<\/p>\n\n\n<p>A <b>companhia a\u00e9rea\u00a0<\/b>controla 13% do mercado nacional e registrou um crescimento forte nos \u00faltimos anos.<\/p>\n<p><a href=\"https:\/\/www.suno.com.br\/noticias\/avianca-pode-perder-avioes-acordo\/\">Saiba mais: Avianca pode perder avi\u00f5es se n\u00e3o alcan\u00e7ar acordo\u00a0<\/a><\/p>\n<p>Tr\u00eas empresas de <strong>leasing<\/strong> j\u00e1 pediram restitui\u00e7\u00e3o de avi\u00f5es por conta da falta de pagamento. No total, as empresas arrendaram 14 <strong>aeronaves<\/strong> para a companhia a\u00e9rea, equivalente a 30% da frota em opera\u00e7\u00e3o A companhia a\u00e9rea tinha assegurado que nenhuma das opera\u00e7\u00f5es seriam afetadas, mesmo com o processo de recupera\u00e7\u00e3o judicial. Entretanto, a <strong>Avianca Brasil<\/strong> demitiu 140 funcion\u00e1rios na \u00faltima semana.\u00a0Em dezembro do ano passado a <strong>companhia a\u00e9rea<\/strong> devolveu duas aeronaves Airbus A330 para as empresas de arrendamento.<\/p>\n\t<p>\n\t\t<a href=\"https:\/\/lp.suno.com.br\/ao\/cadastro-whatsapp\/\" target=\"_blank\" data-element=\"shortcode-suno-banner\" title=\"Banner SUNO, clique e saiba mais\">\n\t\t\t<picture>\n\t\t\t\t<source media=\"(max-width: 500px)\" srcset=\"https:\/\/files.sunoresearch.com.br\/n\/uploads\/2024\/03\/400x300-whatsapp-Suno.png\">\n\t\t\t\t<img class=\"newsContent__article__imgCapa newsContent__article__imgCapa--banner\"\n\t\t\t\t\tsrc=\"https:\/\/files.sunoresearch.com.br\/n\/uploads\/2024\/03\/1420x240-whatsapp-Suno.png\"\n\t\t\t\t\tdata-promo-id=\"101743\"\t\t\t\t\t\t\t\t\t\twidth='1420' height='240'\t\t\t\t\talt=\"https:\/\/files.sunoresearch.com.br\/n\/uploads\/2024\/03\/1420x240-whatsapp-Suno.png\"\n\t\t\t\t>\n\t\t\t<\/picture>\n\t\t<\/a>\n\t<\/p>\n\n\n<p>Por causa da falta de pagamento, os credores apresentaram recursos para a <strong>ANAC.<\/strong> A ag\u00eancia recebeu pedidos por retirar as aeronaves operadas pela empresa do <strong>Registro Aeron\u00e1utico Brasileiro (RAB)<\/strong>.<\/p>\n<p><a href=\"https:\/\/www.suno.com.br\/noticias\/assembleia-credores-futuro-avianca\/\">Saiba mais:\u00a0Assembleia de credores da Avianca decide futuro da companhia a\u00e9rea<\/a><\/p>\n<p>Em caso de calote, as empresas donas das aeronaves podem pedir o cancelamento das matr\u00edculas dos avi\u00f5es. Isso porque a falta de pagamento por parte da <strong>Avianca<\/strong> seria um descumprimento da <strong>Conven\u00e7\u00e3o da Cidade do Cabo<\/strong>. No come\u00e7o de Janeiro, a <strong>ANAC<\/strong> anunciou o cancelamento de dez matr\u00edculas de avi\u00f5es operados pela Avianca ap\u00f3s pedido da <strong>GE Capital Aviation Services (Gecas)<\/strong>, dona das aeronaves. A Gecas pedia para suspender o registro de dez aeronaves <strong>Airbus A320<\/strong> usadas pela <strong>Avianca Brasil<\/strong> em opera\u00e7\u00e3o de voos. A Gecas \u00e9 uma empresa de leasing dona das aeronaves, com a qual a companhia a\u00e9rea tinha um contrato para os 10 avi\u00f5es.<\/p>\n<h2>Divis\u00e3o dos ativos da empresa<\/h2>\n<p>No dia 5 de abril os\u00a0credores da Avianca Brasil aprovaram o plano de recupera\u00e7\u00e3o judicial da companhia. Entre os presentes na assembleia, 80% concordaram com os termos.<\/p>\n<p><a href=\"https:\/\/www.suno.com.br\/noticias\/justica-garante-empresas-retomem-avianca\/\">Saiba mais:\u00a0Justi\u00e7a garante que empresas de leasing retomem 15 avi\u00f5es da Avianca<\/a><\/p>\n<p>A assembleia havia sido suspensa ap\u00f3s discord\u00e2ncias de representantes dos trabalhadores e de empresas que prestam servi\u00e7os \u00e0 <strong>Avianca<\/strong> Brasil. O grupo discordava do pagamento das d\u00edvidas da empresa.<\/p>\n<p>Na proposta apresentada na assembleia, consta a divis\u00e3o da empresa em sete <strong>Unidades Produtivas Isoladas (UPI)<\/strong>. Nas UPI ser\u00e3o alocados os ativos da Avianca, antes de serem vendidos para pagar as d\u00edvidas da companhia a\u00e9rea. O leil\u00e3o das UPI deve ser realizado ainda em abril, de acordo com a companhia.<\/p>\n<h3>Latam, Gol e Azul na disputa<\/h3>\n<p>Em mar\u00e7o deste ano, a Azul fez uma proposta para comprar parte das opera\u00e7\u00f5es da Avianca por US$ 105 milh\u00f5es, algo em torno de R$ 405 milh\u00f5es.<\/p>\n<p>Al\u00e9m disso, na \u00faltima quinta-feira (3), a <strong>Latam<\/strong> e a <strong>Gol<\/strong> tamb\u00e9m concordaram em fazer uma proposta para adquirir os ativos da a\u00e9rea.<\/p>\n<p>Apoiando a divis\u00e3o da Avianca em sete <b>UPI\u00a0<\/b>as duas companhias a\u00e9reas tentariam ficar com ao menos uma das partes da Avianca, numa transa\u00e7\u00e3o que gira em torno dos US$ 70 milh\u00f5es, ou cerca de R$ 270 milh\u00f5es.<\/p>\n<p>No entanto, o Departamento de Estudos Econ\u00f4micos do <strong>Conselho Administrativo de Defesa Econ\u00f4mica (Cade)<\/strong>, aponta poss\u00edveis problemas caso o plano de divis\u00e3o em sete partes da Avianca seja realmente realizado.<\/p>\n\t<p>\n\t\t<a href=\"https:\/\/lp.suno.com.br\/ao\/sessao-estrategica-consultoria-c\/?utm_source=suno-noticias&#038;utm_medium=banner&#038;utm_campaing=banco-master-cdbs\" target=\"_blank\" data-element=\"shortcode-suno-banner\" title=\"Banner SUNO, clique e saiba mais\">\n\t\t\t<picture>\n\t\t\t\t<source media=\"(max-width: 500px)\" srcset=\"https:\/\/files.sunoresearch.com.br\/n\/uploads\/2025\/09\/300x400.webp\">\n\t\t\t\t<img class=\"newsContent__article__imgCapa newsContent__article__imgCapa--banner\"\n\t\t\t\t\tsrc=\"https:\/\/files.sunoresearch.com.br\/n\/uploads\/2025\/09\/SN-DT-1420x240-1.webp\"\n\t\t\t\t\tdata-promo-id=\"624064\"\t\t\t\t\t\t\t\t\t\twidth='1420' height='240'\t\t\t\t\talt=\"https:\/\/files.sunoresearch.com.br\/n\/uploads\/2025\/09\/SN-DT-1420x240-1.webp\"\n\t\t\t\t>\n\t\t\t<\/picture>\n\t\t<\/a>\n\t<\/p>\n\n\n<p>De acordo com o Cade, caso aconte\u00e7a, a opera\u00e7\u00e3o far\u00e1 tanto a <strong>Gol<\/strong> quanto a <strong>Latam<\/strong> possuir a concentra\u00e7\u00e3o do mercado. Conforme apontou o conselho, no caso da obten\u00e7\u00e3o dos ativos da <strong>Avianca<\/strong> por parte da <strong>Azul<\/strong>, o n\u00edvel de preocupa\u00e7\u00e3o concorrencial \u00e9 menor.<\/p>\n","protected":false},"excerpt":{"rendered":"<p>A operadora do aeroporto de Guarulhos, a\u00a0GRU Aiport, informou nesta quinta-feira (11) que os voos da Avianca Brasil podem ser suspensos. As opera\u00e7\u00f5es da companhia a\u00e9rea poder\u00e3o ser suspensas na pr\u00f3xima sexta-feira (12) por falta de pagamento de taxas aeroportu\u00e1rias. Avianca Brasil. (divulga\u00e7\u00e3o) Por\u00e9m, a Avianca Brasil informou que fez repasses antecipados das taxas de [&hellip;]<\/p>\n","protected":false},"author":14,"featured_media":15795,"comment_status":"closed","ping_status":"closed","sticky":false,"template":"","format":"standard","meta":[],"categories":[64],"tags":[1013,840,314],"suno_strategy":[],"class_list":["post-20731","post","type-post","status-publish","format-standard","has-post-thumbnail","hentry","category-negocios","tag-anac","tag-avianca","tag-recuperacao-judicial"],"yoast_head":"<!-- This site is optimized with the Yoast SEO plugin v24.4 - https:\/\/yoast.com\/wordpress\/plugins\/seo\/ -->\n<title>Guarulhos diz que pode suspender voos da Avianca; companhia nega<\/title>\n<meta name=\"description\" content=\"O aeroporto alega falta de pagamento, a Avianca informou que fez repasses antecipados das taxas de embarques. Clique aqui para saber mais.\" \/>\n<meta name=\"robots\" content=\"index, follow, max-snippet:-1, max-image-preview:large, max-video-preview:-1\" \/>\n<link rel=\"canonical\" href=\"https:\/\/www.suno.com.br\/noticias\/guarulhos-voos-avianca-suspensos\/\" \/>\n<meta property=\"og:locale\" content=\"pt_BR\" \/>\n<meta property=\"og:type\" content=\"article\" \/>\n<meta property=\"og:title\" content=\"Guarulhos diz que pode suspender voos da Avianca; companhia nega\" \/>\n<meta property=\"og:description\" content=\"O aeroporto alega falta de pagamento, a Avianca informou que fez repasses antecipados das taxas de embarques. Clique aqui para saber mais.\" \/>\n<meta property=\"og:url\" content=\"https:\/\/www.suno.com.br\/noticias\/guarulhos-voos-avianca-suspensos\/\" \/>\n<meta property=\"og:site_name\" content=\"Suno Not\u00edcias\" \/>\n<meta property=\"article:publisher\" content=\"https:\/\/facebook.com\/sunoresearch\" \/>\n<meta property=\"og:image\" content=\"https:\/\/files.sunoresearch.com.br\/n\/uploads\/2019\/02\/59945c4f-avianca-brasil.jpg\" \/>\n\t<meta property=\"og:image:width\" content=\"1200\" \/>\n\t<meta property=\"og:image:height\" content=\"621\" \/>\n\t<meta property=\"og:image:type\" content=\"image\/jpeg\" \/>\n<meta name=\"author\" content=\"Renan Dantas\" \/>\n<meta name=\"twitter:card\" content=\"summary_large_image\" \/>\n<meta name=\"twitter:creator\" content=\"@sunoresearch\" \/>\n<meta name=\"twitter:site\" content=\"@sunoresearch\" \/>\n<meta name=\"twitter:label1\" content=\"Escrito por\" \/>\n\t<meta name=\"twitter:data1\" content=\"Renan Dantas\" \/>\n\t<meta name=\"twitter:label2\" content=\"Est. tempo de leitura\" \/>\n\t<meta name=\"twitter:data2\" content=\"5 minutos\" \/>\n<script type=\"application\/ld+json\" class=\"yoast-schema-graph\">{\"@context\":\"https:\/\/schema.org\",\"@graph\":[{\"@type\":\"NewsArticle\",\"@id\":\"https:\/\/www.suno.com.br\/noticias\/guarulhos-voos-avianca-suspensos\/#article\",\"isPartOf\":{\"@id\":\"https:\/\/www.suno.com.br\/noticias\/guarulhos-voos-avianca-suspensos\/\"},\"author\":{\"name\":\"Renan Dantas\",\"@id\":\"https:\/\/www.suno.com.br\/noticias\/#\/schema\/person\/3f7693d5795a3f6d5ce15309ee785699\"},\"headline\":\"Guarulhos diz que voos da Avianca podem ser suspensos; companhia nega\",\"datePublished\":\"2019-04-11T22:47:55+00:00\",\"mainEntityOfPage\":{\"@id\":\"https:\/\/www.suno.com.br\/noticias\/guarulhos-voos-avianca-suspensos\/\"},\"wordCount\":981,\"publisher\":{\"@id\":\"https:\/\/www.suno.com.br\/noticias\/#organization\"},\"image\":{\"@id\":\"https:\/\/www.suno.com.br\/noticias\/guarulhos-voos-avianca-suspensos\/#primaryimage\"},\"thumbnailUrl\":\"https:\/\/files.sunoresearch.com.br\/n\/uploads\/2019\/02\/59945c4f-avianca-brasil-jpg.webp\",\"keywords\":[\"Anac\",\"Avianca\",\"recupera\u00e7\u00e3o judicial\"],\"articleSection\":[\"Neg\u00f3cios\"],\"inLanguage\":\"pt-BR\"},{\"@type\":\"WebPage\",\"@id\":\"https:\/\/www.suno.com.br\/noticias\/guarulhos-voos-avianca-suspensos\/\",\"url\":\"https:\/\/www.suno.com.br\/noticias\/guarulhos-voos-avianca-suspensos\/\",\"name\":\"Guarulhos diz que pode suspender voos da Avianca; companhia nega\",\"isPartOf\":{\"@id\":\"https:\/\/www.suno.com.br\/noticias\/#website\"},\"primaryImageOfPage\":{\"@id\":\"https:\/\/www.suno.com.br\/noticias\/guarulhos-voos-avianca-suspensos\/#primaryimage\"},\"image\":{\"@id\":\"https:\/\/www.suno.com.br\/noticias\/guarulhos-voos-avianca-suspensos\/#primaryimage\"},\"thumbnailUrl\":\"https:\/\/files.sunoresearch.com.br\/n\/uploads\/2019\/02\/59945c4f-avianca-brasil-jpg.webp\",\"datePublished\":\"2019-04-11T22:47:55+00:00\",\"description\":\"O aeroporto alega falta de pagamento, a Avianca informou que fez repasses antecipados das taxas de embarques. Clique aqui para saber mais.\",\"breadcrumb\":{\"@id\":\"https:\/\/www.suno.com.br\/noticias\/guarulhos-voos-avianca-suspensos\/#breadcrumb\"},\"inLanguage\":\"pt-BR\",\"potentialAction\":[{\"@type\":\"ReadAction\",\"target\":[\"https:\/\/www.suno.com.br\/noticias\/guarulhos-voos-avianca-suspensos\/\"]}]},{\"@type\":\"ImageObject\",\"inLanguage\":\"pt-BR\",\"@id\":\"https:\/\/www.suno.com.br\/noticias\/guarulhos-voos-avianca-suspensos\/#primaryimage\",\"url\":\"https:\/\/files.sunoresearch.com.br\/n\/uploads\/2019\/02\/59945c4f-avianca-brasil-jpg.webp\",\"contentUrl\":\"https:\/\/files.sunoresearch.com.br\/n\/uploads\/2019\/02\/59945c4f-avianca-brasil-jpg.webp\",\"width\":1200,\"height\":621,\"caption\":\"Avianca Brasil. (divulga\u00e7\u00e3o)\"},{\"@type\":\"BreadcrumbList\",\"@id\":\"https:\/\/www.suno.com.br\/noticias\/guarulhos-voos-avianca-suspensos\/#breadcrumb\",\"itemListElement\":[{\"@type\":\"ListItem\",\"position\":1,\"name\":\"Not\u00edcias\",\"item\":\"https:\/\/www.suno.com.br\/noticias\/\"},{\"@type\":\"ListItem\",\"position\":2,\"name\":\"Neg\u00f3cios\",\"item\":\"https:\/\/www.suno.com.br\/noticias\/negocios\/\"},{\"@type\":\"ListItem\",\"position\":3,\"name\":\"Guarulhos diz que voos da Avianca podem ser suspensos; companhia nega\"}]},{\"@type\":\"WebSite\",\"@id\":\"https:\/\/www.suno.com.br\/noticias\/#website\",\"url\":\"https:\/\/www.suno.com.br\/noticias\/\",\"name\":\"Suno Not\u00edcias\",\"description\":\"Seu portal de informa\u00e7\u00e3o sobre o mundo dos investimentos\",\"publisher\":{\"@id\":\"https:\/\/www.suno.com.br\/noticias\/#organization\"},\"potentialAction\":[{\"@type\":\"SearchAction\",\"target\":{\"@type\":\"EntryPoint\",\"urlTemplate\":\"https:\/\/www.suno.com.br\/noticias\/?s={search_term_string}\"},\"query-input\":{\"@type\":\"PropertyValueSpecification\",\"valueRequired\":true,\"valueName\":\"search_term_string\"}}],\"inLanguage\":\"pt-BR\"},{\"@type\":\"Organization\",\"@id\":\"https:\/\/www.suno.com.br\/noticias\/#organization\",\"name\":\"Suno Not\u00edcias\",\"url\":\"https:\/\/www.suno.com.br\/noticias\/\",\"logo\":{\"@type\":\"ImageObject\",\"inLanguage\":\"pt-BR\",\"@id\":\"https:\/\/www.suno.com.br\/noticias\/#\/schema\/logo\/image\/\",\"url\":\"https:\/\/files.sunoresearch.com.br\/n\/uploads\/2021\/09\/suno-logo.png\",\"contentUrl\":\"https:\/\/files.sunoresearch.com.br\/n\/uploads\/2021\/09\/suno-logo.png\",\"width\":180,\"height\":180,\"caption\":\"Suno Not\u00edcias\"},\"image\":{\"@id\":\"https:\/\/www.suno.com.br\/noticias\/#\/schema\/logo\/image\/\"},\"sameAs\":[\"https:\/\/facebook.com\/sunoresearch\",\"https:\/\/x.com\/sunoresearch\",\"https:\/\/www.instagram.com\/suno\",\"https:\/\/www.linkedin.com\/company\/suno-research\/\",\"https:\/\/www.youtube.com\/c\/sunoresearch\"]},{\"@type\":\"Person\",\"@id\":\"https:\/\/www.suno.com.br\/noticias\/#\/schema\/person\/3f7693d5795a3f6d5ce15309ee785699\",\"name\":\"Renan Dantas\",\"image\":{\"@type\":\"ImageObject\",\"inLanguage\":\"pt-BR\",\"@id\":\"https:\/\/www.suno.com.br\/noticias\/#\/schema\/person\/image\/\",\"url\":\"https:\/\/secure.gravatar.com\/avatar\/1787b83e7484a08e51d62ac8b41c8396?s=96&r=g\",\"contentUrl\":\"https:\/\/secure.gravatar.com\/avatar\/1787b83e7484a08e51d62ac8b41c8396?s=96&r=g\",\"caption\":\"Renan Dantas\"},\"description\":\"Escreve sobre pol\u00edtica e mercado financeiro para o portal Suno Not\u00edcias. Antes, atuou na assessoria de comunica\u00e7\u00e3o do Minist\u00e9rio P\u00fablico do Trabalho e na R\u00e1dio Mackenzie, onde apresentava e produzia um programa sobre artistas da m\u00fasica brasileira. \u00c9 estudante na Universidade Presbiteriana Mackenzie.\",\"url\":\"https:\/\/www.suno.com.br\/noticias\/author\/renan-dantas\/\"}]}<\/script>\n<!-- \/ Yoast SEO plugin. -->","yoast_head_json":{"title":"Guarulhos diz que pode suspender voos da Avianca; companhia nega","description":"O aeroporto alega falta de pagamento, a Avianca informou que fez repasses antecipados das taxas de embarques. Clique aqui para saber mais.","robots":{"index":"index","follow":"follow","max-snippet":"max-snippet:-1","max-image-preview":"max-image-preview:large","max-video-preview":"max-video-preview:-1"},"canonical":"https:\/\/www.suno.com.br\/noticias\/guarulhos-voos-avianca-suspensos\/","og_locale":"pt_BR","og_type":"article","og_title":"Guarulhos diz que pode suspender voos da Avianca; companhia nega","og_description":"O aeroporto alega falta de pagamento, a Avianca informou que fez repasses antecipados das taxas de embarques. Clique aqui para saber mais.","og_url":"https:\/\/www.suno.com.br\/noticias\/guarulhos-voos-avianca-suspensos\/","og_site_name":"Suno Not\u00edcias","article_publisher":"https:\/\/facebook.com\/sunoresearch","og_image":[{"width":1200,"height":621,"url":"https:\/\/files.sunoresearch.com.br\/n\/uploads\/2019\/02\/59945c4f-avianca-brasil.jpg","type":"image\/jpeg"}],"author":"Renan Dantas","twitter_card":"summary_large_image","twitter_creator":"@sunoresearch","twitter_site":"@sunoresearch","twitter_misc":{"Escrito por":"Renan Dantas","Est. tempo de leitura":"5 minutos"},"schema":{"@context":"https:\/\/schema.org","@graph":[{"@type":"NewsArticle","@id":"https:\/\/www.suno.com.br\/noticias\/guarulhos-voos-avianca-suspensos\/#article","isPartOf":{"@id":"https:\/\/www.suno.com.br\/noticias\/guarulhos-voos-avianca-suspensos\/"},"author":{"name":"Renan Dantas","@id":"https:\/\/www.suno.com.br\/noticias\/#\/schema\/person\/3f7693d5795a3f6d5ce15309ee785699"},"headline":"Guarulhos diz que voos da Avianca podem ser suspensos; companhia nega","datePublished":"2019-04-11T22:47:55+00:00","mainEntityOfPage":{"@id":"https:\/\/www.suno.com.br\/noticias\/guarulhos-voos-avianca-suspensos\/"},"wordCount":981,"publisher":{"@id":"https:\/\/www.suno.com.br\/noticias\/#organization"},"image":{"@id":"https:\/\/www.suno.com.br\/noticias\/guarulhos-voos-avianca-suspensos\/#primaryimage"},"thumbnailUrl":"https:\/\/files.sunoresearch.com.br\/n\/uploads\/2019\/02\/59945c4f-avianca-brasil-jpg.webp","keywords":["Anac","Avianca","recupera\u00e7\u00e3o judicial"],"articleSection":["Neg\u00f3cios"],"inLanguage":"pt-BR"},{"@type":"WebPage","@id":"https:\/\/www.suno.com.br\/noticias\/guarulhos-voos-avianca-suspensos\/","url":"https:\/\/www.suno.com.br\/noticias\/guarulhos-voos-avianca-suspensos\/","name":"Guarulhos diz que pode suspender voos da Avianca; companhia nega","isPartOf":{"@id":"https:\/\/www.suno.com.br\/noticias\/#website"},"primaryImageOfPage":{"@id":"https:\/\/www.suno.com.br\/noticias\/guarulhos-voos-avianca-suspensos\/#primaryimage"},"image":{"@id":"https:\/\/www.suno.com.br\/noticias\/guarulhos-voos-avianca-suspensos\/#primaryimage"},"thumbnailUrl":"https:\/\/files.sunoresearch.com.br\/n\/uploads\/2019\/02\/59945c4f-avianca-brasil-jpg.webp","datePublished":"2019-04-11T22:47:55+00:00","description":"O aeroporto alega falta de pagamento, a Avianca informou que fez repasses antecipados das taxas de embarques. Clique aqui para saber mais.","breadcrumb":{"@id":"https:\/\/www.suno.com.br\/noticias\/guarulhos-voos-avianca-suspensos\/#breadcrumb"},"inLanguage":"pt-BR","potentialAction":[{"@type":"ReadAction","target":["https:\/\/www.suno.com.br\/noticias\/guarulhos-voos-avianca-suspensos\/"]}]},{"@type":"ImageObject","inLanguage":"pt-BR","@id":"https:\/\/www.suno.com.br\/noticias\/guarulhos-voos-avianca-suspensos\/#primaryimage","url":"https:\/\/files.sunoresearch.com.br\/n\/uploads\/2019\/02\/59945c4f-avianca-brasil-jpg.webp","contentUrl":"https:\/\/files.sunoresearch.com.br\/n\/uploads\/2019\/02\/59945c4f-avianca-brasil-jpg.webp","width":1200,"height":621,"caption":"Avianca Brasil. (divulga\u00e7\u00e3o)"},{"@type":"BreadcrumbList","@id":"https:\/\/www.suno.com.br\/noticias\/guarulhos-voos-avianca-suspensos\/#breadcrumb","itemListElement":[{"@type":"ListItem","position":1,"name":"Not\u00edcias","item":"https:\/\/www.suno.com.br\/noticias\/"},{"@type":"ListItem","position":2,"name":"Neg\u00f3cios","item":"https:\/\/www.suno.com.br\/noticias\/negocios\/"},{"@type":"ListItem","position":3,"name":"Guarulhos diz que voos da Avianca podem ser suspensos; companhia nega"}]},{"@type":"WebSite","@id":"https:\/\/www.suno.com.br\/noticias\/#website","url":"https:\/\/www.suno.com.br\/noticias\/","name":"Suno Not\u00edcias","description":"Seu portal de informa\u00e7\u00e3o sobre o mundo dos investimentos","publisher":{"@id":"https:\/\/www.suno.com.br\/noticias\/#organization"},"potentialAction":[{"@type":"SearchAction","target":{"@type":"EntryPoint","urlTemplate":"https:\/\/www.suno.com.br\/noticias\/?s={search_term_string}"},"query-input":{"@type":"PropertyValueSpecification","valueRequired":true,"valueName":"search_term_string"}}],"inLanguage":"pt-BR"},{"@type":"Organization","@id":"https:\/\/www.suno.com.br\/noticias\/#organization","name":"Suno Not\u00edcias","url":"https:\/\/www.suno.com.br\/noticias\/","logo":{"@type":"ImageObject","inLanguage":"pt-BR","@id":"https:\/\/www.suno.com.br\/noticias\/#\/schema\/logo\/image\/","url":"https:\/\/files.sunoresearch.com.br\/n\/uploads\/2021\/09\/suno-logo.png","contentUrl":"https:\/\/files.sunoresearch.com.br\/n\/uploads\/2021\/09\/suno-logo.png","width":180,"height":180,"caption":"Suno Not\u00edcias"},"image":{"@id":"https:\/\/www.suno.com.br\/noticias\/#\/schema\/logo\/image\/"},"sameAs":["https:\/\/facebook.com\/sunoresearch","https:\/\/x.com\/sunoresearch","https:\/\/www.instagram.com\/suno","https:\/\/www.linkedin.com\/company\/suno-research\/","https:\/\/www.youtube.com\/c\/sunoresearch"]},{"@type":"Person","@id":"https:\/\/www.suno.com.br\/noticias\/#\/schema\/person\/3f7693d5795a3f6d5ce15309ee785699","name":"Renan Dantas","image":{"@type":"ImageObject","inLanguage":"pt-BR","@id":"https:\/\/www.suno.com.br\/noticias\/#\/schema\/person\/image\/","url":"https:\/\/secure.gravatar.com\/avatar\/1787b83e7484a08e51d62ac8b41c8396?s=96&r=g","contentUrl":"https:\/\/secure.gravatar.com\/avatar\/1787b83e7484a08e51d62ac8b41c8396?s=96&r=g","caption":"Renan Dantas"},"description":"Escreve sobre pol\u00edtica e mercado financeiro para o portal Suno Not\u00edcias. Antes, atuou na assessoria de comunica\u00e7\u00e3o do Minist\u00e9rio P\u00fablico do Trabalho e na R\u00e1dio Mackenzie, onde apresentava e produzia um programa sobre artistas da m\u00fasica brasileira. \u00c9 estudante na Universidade Presbiteriana Mackenzie.","url":"https:\/\/www.suno.com.br\/noticias\/author\/renan-dantas\/"}]}},"default_loop_html":"<div class=\"cardsPage__listCard__boxs\"><div class=\"cardsPage__listCard__boxs__img\"><a href=\"https:\/\/www.suno.com.br\/noticias\/guarulhos-voos-avianca-suspensos\/\"><img class=\"mask\" src=\"https:\/\/www.suno.com.br\/noticias\/wp-content\/themes\/suno\/resources\/images\/spotlight\/spotlight1img\/bg-mask.png\" alt=\"Image Mask\"\/><img src=\"https:\/\/files.sunoresearch.com.br\/n\/uploads\/2019\/02\/59945c4f-avianca-brasil-400x200.webp\" alt=\"Guarulhos diz que voos da Avianca podem ser suspensos; companhia nega\"\/><\/a><span class=\"spotlightCategory\"><a href=\"https:\/\/www.suno.com.br\/noticias\/negocios\/\">Neg\u00f3cios<\/a><\/span><\/div><div class=\"cardsPage__listCard__boxs__content\"><a href=\"https:\/\/www.suno.com.br\/noticias\/guarulhos-voos-avianca-suspensos\/\"><h2 class=\"content__title\">Guarulhos diz que voos da Avianca podem ser suspensos; companhia nega<\/h2><\/a><div class=\"newsContent__article__meta\"><div class=\"newsContent__article__meta__authorBox\"><a href=\"https:\/\/www.suno.com.br\/noticias\/author\/renan-dantas\/\" class=\"authorBox__avatar noMobi\"><img src=\"https:\/\/secure.gravatar.com\/avatar\/1787b83e7484a08e51d62ac8b41c8396?s=96&#038;r=g\" alt=\"Renan Dantas\"><\/a><div class=\"authorBox__name\"><span>por\n\t\t\t<a href=\"https:\/\/www.suno.com.br\/noticias\/author\/renan-dantas\/\"><span itemprop=\"author\">Renan Dantas<\/span><\/a><\/span><time datetime=\"2019-04-11T19:47:55-03:00\" itemprop=\"datePublished\">11\/04\/2019 19:47<\/time><\/div><\/div><\/div><\/div><\/div>","single_layout":"posts","amp_enabled":true,"_links":{"self":[{"href":"https:\/\/www.suno.com.br\/noticias\/wp-json\/wp\/v2\/posts\/20731"}],"collection":[{"href":"https:\/\/www.suno.com.br\/noticias\/wp-json\/wp\/v2\/posts"}],"about":[{"href":"https:\/\/www.suno.com.br\/noticias\/wp-json\/wp\/v2\/types\/post"}],"author":[{"embeddable":true,"href":"https:\/\/www.suno.com.br\/noticias\/wp-json\/wp\/v2\/users\/14"}],"replies":[{"embeddable":true,"href":"https:\/\/www.suno.com.br\/noticias\/wp-json\/wp\/v2\/comments?post=20731"}],"version-history":[{"count":0,"href":"https:\/\/www.suno.com.br\/noticias\/wp-json\/wp\/v2\/posts\/20731\/revisions"}],"wp:featuredmedia":[{"embeddable":true,"href":"https:\/\/www.suno.com.br\/noticias\/wp-json\/wp\/v2\/media\/15795"}],"wp:attachment":[{"href":"https:\/\/www.suno.com.br\/noticias\/wp-json\/wp\/v2\/media?parent=20731"}],"wp:term":[{"taxonomy":"category","embeddable":true,"href":"https:\/\/www.suno.com.br\/noticias\/wp-json\/wp\/v2\/categories?post=20731"},{"taxonomy":"post_tag","embeddable":true,"href":"https:\/\/www.suno.com.br\/noticias\/wp-json\/wp\/v2\/tags?post=20731"},{"taxonomy":"suno_strategy","embeddable":true,"href":"https:\/\/www.suno.com.br\/noticias\/wp-json\/wp\/v2\/suno_strategy?post=20731"}],"curies":[{"name":"wp","href":"https:\/\/api.w.org\/{rel}","templated":true}]}}