{"id":206942,"date":"2021-11-19T17:58:35","date_gmt":"2021-11-19T20:58:35","guid":{"rendered":"https:\/\/www.suno.com.br\/noticias\/?p=206942"},"modified":"2021-11-19T17:58:35","modified_gmt":"2021-11-19T20:58:35","slug":"campos-neto-polemica-auxilio-panorama-fiscal-brasil","status":"publish","type":"post","link":"https:\/\/www.suno.com.br\/noticias\/campos-neto-polemica-auxilio-panorama-fiscal-brasil\/","title":{"rendered":"Campos Neto: apesar do furo no teto de gastos com o Aux\u00edlio Brasil, panorama fiscal do Brasil &#8220;j\u00e1 est\u00e1 melhor&#8221;"},"content":{"rendered":"<p>Em evento realizado nesta sexta (19), o presidente do Banco Central, Roberto <strong>Campos Neto<\/strong>, disse que o Brasil tem enorme dificuldade de reduzir gastos, mas, segundo ele, a situa\u00e7\u00e3o fiscal &#8220;j\u00e1 est\u00e1 melhor&#8221;. O economista disse que o desvio fiscal provocado pelas a\u00e7\u00f5es recentes do governo n\u00e3o foi t\u00e3o grande.<\/p>\t<div class=\"wrapper-featured-image\">\n\t\t<figure class=\"spotlightImg\">\n\n\t\t\t<picture>\n\t\t\t\t<source media=\"(max-width: 768px)\" srcset=\"https:\/\/files.sunoresearch.com.br\/n\/uploads\/2021\/03\/95a90a39-50378530453_d3c330df4f_k-400x200.webp\">\n\t\t\t\t<img loading=\"lazy\" decoding=\"async\" class=\"newsContent__article__imgCapa lazyloadDisabled \" src=\"https:\/\/files.sunoresearch.com.br\/n\/uploads\/2021\/03\/95a90a39-50378530453_d3c330df4f_k-800x450.webp\" width=\"800\" height=\"450\" alt=\"Campos Neto: apesar do furo no teto de gastos com o Aux\u00edlio Brasil, panorama fiscal do Brasil &#8220;j\u00e1 est\u00e1 melhor&#8221;\" fetchpriority=high \/>\n\t\t\t<\/picture>\n\n\t\t\t<figcaption class=\"wp-caption-text wp-caption-text--show\">Roberto Campos Neto, presidente do Banco Central- Foto: Raphael Ribeiro\/BCB<\/figcaption>\n\t\t<\/figure>\n\t<\/div>\n\n\n\t<p>\n\t\t<a href=\"https:\/\/lp.suno.com.br\/planilha-controle-gastos\/\" target=\"_blank\" data-element=\"shortcode-suno-banner\" title=\"Banner SUNO, clique e saiba mais\">\n\t\t\t<picture>\n\t\t\t\t<source media=\"(max-width: 500px)\" srcset=\"https:\/\/files.sunoresearch.com.br\/n\/uploads\/2023\/03\/400x300-Planilha-controle-de-gastos.png\">\n\t\t\t\t<img class=\"newsContent__article__imgCapa newsContent__article__imgCapa--banner\"\n\t\t\t\t\tsrc=\"https:\/\/files.sunoresearch.com.br\/n\/uploads\/2023\/03\/1420x240-Planilha-controle-de-gastos.png\"\n\t\t\t\t\tdata-promo-id=\"101751\"\t\t\t\t\t\t\t\t\t\twidth='1420' height='240'\t\t\t\t\talt=\"https:\/\/files.sunoresearch.com.br\/n\/uploads\/2023\/03\/1420x240-Planilha-controle-de-gastos.png\"\n\t\t\t\t>\n\t\t\t<\/picture>\n\t\t<\/a>\n\t<\/p>\n\n\n<p>&#8220;O <a class=\"suno-keyword\" href=\"https:\/\/www.suno.com.br\/artigos\/teto-de-gastos\/\" target=\"_blank\" rel=\"noopener\" data-force=\"no\" data-priority=\"1\">teto de gastos<\/a> quase permite gastar mais. Se tenho credibilidade do teto, posso gastar mais hoje e voltar para o teto. O resultado prim\u00e1rio em 2022 ainda ser\u00e1 bastante bom&#8221;, disse <a class=\"suno-keyword\" href=\"https:\/\/www.suno.com.br\/tudo-sobre\/roberto-campos-neto\/\" target=\"_blank\" rel=\"noopener\" data-force=\"no\" data-priority=\"2\">Campos Neto<\/a>, em participa\u00e7\u00e3o no evento Meeting News, organizado pelo Grupo Parlat\u00f3rio.<\/p>\n<p>Campos Neto reconheceu que \u00e9 preciso indicar qual \u00e9 o arcabou\u00e7o fiscal para frente. &#8220;No mercado se pagou um pre\u00e7o muito caro para um desvio (fiscal) que n\u00e3o foi t\u00e3o grande&#8221;, ponderou.<\/p>\n<p>O presidente do<strong> Banco Central<\/strong> afirmou tamb\u00e9m que, apesar da &#8220;pol\u00eamica&#8221; envolvendo o<strong> Aux\u00edlio Brasil<\/strong>, o panorama fiscal do pa\u00eds melhoro. Campos Neto mencionou, por sua vez, que o Brasil tem se deslocado de seus pares na <a class=\"suno-keyword\" href=\"https:\/\/www.suno.com.br\/artigos\/juros\/\" target=\"_blank\" rel=\"noopener\" data-force=\"no\" data-priority=\"2\">taxa de juros<\/a> de 10 anos. &#8220;Acho que \u00e9 um pouco de falta de entendimento do que \u00e9 o arcabou\u00e7o fiscal, mesmo com n\u00fameros melhores&#8221;, comentou.<\/p>\n\t<p>\n\t\t<a href=\"https:\/\/lp.suno.com.br\/planilha-da-vida-financeira\/\" target=\"_blank\" data-element=\"shortcode-suno-banner\" title=\"Banner SUNO, clique e saiba mais\">\n\t\t\t<picture>\n\t\t\t\t<source media=\"(max-width: 500px)\" srcset=\"https:\/\/files.sunoresearch.com.br\/n\/uploads\/2023\/04\/400x300-Planilha-vida-financeira-true.png\">\n\t\t\t\t<img class=\"newsContent__article__imgCapa newsContent__article__imgCapa--banner\"\n\t\t\t\t\tsrc=\"https:\/\/files.sunoresearch.com.br\/n\/uploads\/2023\/04\/1420x240-Planilha-vida-financeira-true.png\"\n\t\t\t\t\tdata-promo-id=\"106682\"\t\t\t\t\t\t\t\t\t\twidth='1420' height='240'\t\t\t\t\talt=\"https:\/\/files.sunoresearch.com.br\/n\/uploads\/2023\/04\/1420x240-Planilha-vida-financeira-true.png\"\n\t\t\t\t>\n\t\t\t<\/picture>\n\t\t<\/a>\n\t<\/p>\n\n\n<p>Analisando a <a class=\"suno-keyword\" href=\"https:\/\/www.suno.com.br\/artigos\/curva-de-juros\/\" target=\"_blank\" rel=\"noopener\" data-force=\"no\" data-priority=\"1\">curva de juros<\/a> futuros do Pa\u00eds, o presidente do BC disse que os agentes econ\u00f4micos entendem que \u00e9 preciso maior aperto monet\u00e1rio neste momento, mas acreditam que ser\u00e1 suficiente para<strong> conter a infla\u00e7\u00e3o<\/strong>. Ele lembrou que o mundo emergente foi mais r\u00e1pido na eleva\u00e7\u00e3o de juros, especialmente no Brasil, onde infla\u00e7\u00e3o global foi ampliada por elementos internos e tem se disseminado.<\/p>\n<p>Campos Neto ainda repetiu que a desconex\u00e3o entre a melhora dos termos de troca e o c\u00e2mbio n\u00e3o ocorreu s\u00f3 no Brasil, mas em outros pa\u00edses exportadores de commodities. &#8220;O que explica c\u00e2mbio descolado \u00e9 o n\u00edvel mais elevado de d\u00edvida&#8221;, reafirmou.<\/p>\n<p>O presidente do BC tamb\u00e9m destacou o <strong>aumento de investimentos<\/strong> de brasileiros no exterior, mas que ainda tem n\u00edvel baixo. Segundo Campos Neto, h\u00e1 avalia\u00e7\u00f5es sobre o que aconteceria com maior internacionaliza\u00e7\u00e3o de investimentos.<\/p>\n\t<p>\n\t\t<a href=\"https:\/\/lp.suno.com.br\/ebook-como-analisar-uma-acao\/\" target=\"_blank\" data-element=\"shortcode-suno-banner\" title=\"Banner SUNO, clique e saiba mais\">\n\t\t\t<picture>\n\t\t\t\t<source media=\"(max-width: 500px)\" srcset=\"https:\/\/files.sunoresearch.com.br\/n\/uploads\/2023\/03\/Ebook-Acoes-Mobile-1.jpg\">\n\t\t\t\t<img class=\"newsContent__article__imgCapa newsContent__article__imgCapa--banner\"\n\t\t\t\t\tsrc=\"https:\/\/files.sunoresearch.com.br\/n\/uploads\/2023\/03\/Ebook-Acoes-Desktop-1.jpg\"\n\t\t\t\t\tdata-promo-id=\"171998\"\t\t\t\t\t\t\t\t\t\twidth='1420' height='286'\t\t\t\t\talt=\"https:\/\/files.sunoresearch.com.br\/n\/uploads\/2023\/03\/Ebook-Acoes-Desktop-1.jpg\"\n\t\t\t\t>\n\t\t\t<\/picture>\n\t\t<\/a>\n\t<\/p>\n\n\n<h2>Expectativas de infla\u00e7\u00e3o est\u00e3o desviando da meta, reconhece Campos Neto<\/h2>\n<p>Campos Neto afirmou que a proje\u00e7\u00e3o atual da autarquia para o crescimento do <a class=\"suno-keyword\" href=\"https:\/\/www.suno.com.br\/artigos\/pib-produto-interno-bruto\/\" target=\"_blank\" rel=\"noopener\" data-force=\"no\" data-priority=\"2\">Produto Interno Bruto (PIB)<\/a> em 2022, de 2,1%, deve ser revisada para baixo. Ao mesmo tempo, reconheceu que as expectativas de infla\u00e7\u00e3o de 2022 est\u00e3o se desviando da meta, cujo centro \u00e9 3,50% e teto, 5,0%. No \u00faltimo<strong> Boletim Focus<\/strong>, a expectativa mediana foi de 4,79%. &#8220;Pela primeira vez, temos infla\u00e7\u00e3o alta importando tamb\u00e9m infla\u00e7\u00e3o mundial. Antes o Brasil importava defla\u00e7\u00e3o, \u00e9 uma din\u00e2mica muito diferente&#8221;, afirmou.<\/p>\n<p>Em rela\u00e7\u00e3o \u00e0 redu\u00e7\u00e3o nas proje\u00e7\u00f5es de crescimento, o presidente do BC considerou que uma parte tem a ver com o aperto monet\u00e1rio necess\u00e1rio para combater a infla\u00e7\u00e3o e outra parte est\u00e1 relacionada \u00e0s d\u00favidas em rela\u00e7\u00e3o ao arcabou\u00e7o fiscal e ao avan\u00e7o da agenda de reformas.<\/p>\n\t<p>\n\t\t<a href=\"https:\/\/lp.suno.com.br\/planilha-de-controle-de-investimentos\/\" target=\"_blank\" data-element=\"shortcode-suno-banner\" title=\"Banner SUNO, clique e saiba mais\">\n\t\t\t<picture>\n\t\t\t\t<source media=\"(max-width: 500px)\" srcset=\"https:\/\/files.sunoresearch.com.br\/n\/uploads\/2023\/03\/400x300-Controle-de-Investimentos.png\">\n\t\t\t\t<img class=\"newsContent__article__imgCapa newsContent__article__imgCapa--banner\"\n\t\t\t\t\tsrc=\"https:\/\/files.sunoresearch.com.br\/n\/uploads\/2023\/03\/1420x240-Controle-de-Investimentos.png\"\n\t\t\t\t\tdata-promo-id=\"75934\"\t\t\t\t\t\t\t\t\t\twidth='1420' height='240'\t\t\t\t\talt=\"https:\/\/files.sunoresearch.com.br\/n\/uploads\/2023\/03\/1420x240-Controle-de-Investimentos.png\"\n\t\t\t\t>\n\t\t\t<\/picture>\n\t\t<\/a>\n\t<\/p>\n\n\n<p>Campos Neto tamb\u00e9m voltou a defender que o controle inflacion\u00e1rio \u00e9 um instrumento fundamental para o cen\u00e1rio de melhor crescimento, emprego e renda. &#8220;Infla\u00e7\u00e3o alta significa falta de funding de <a class=\"suno-keyword\" href=\"https:\/\/www.suno.com.br\/artigos\/longo-prazo\/\" target=\"_blank\" rel=\"noopener\" data-force=\"no\" data-priority=\"1\">longo prazo<\/a>.&#8221;<\/p>\n<p>O presidente do Banco Central destacou que o <strong>ajuste monet\u00e1rio global<\/strong> j\u00e1 est\u00e1 em curso e deve continuar, o que torna o ambiente mais desafiador do ponto de vista de fluxos de recursos e o trabalho do BC. &#8220;Alta de juros mundiais leva a alguma redu\u00e7\u00e3o de fluxos. Temos que fazer nosso dever de casa dobrado&#8221;, disse.<\/p>\n<p>No evento, Campos tamb\u00e9m disse que as possibilidades do Pix est\u00e3o apenas no come\u00e7o. Segundo ele, foram feitas at\u00e9 agora 30% das funcionalidades. &#8220;Quem acha que o Pix acabou, est\u00e1 s\u00f3 come\u00e7ando&#8221;, comentou.<\/p>\n<p>Entre as novas funcionalidades,<strong> Campos Neto<\/strong> citou a possibilidade de fazer <strong>Pix internacional<\/strong>, novidades em rela\u00e7\u00e3o a pagamentos programados, al\u00e9m da integra\u00e7\u00e3o com o Open Finance. &#8220;O Pix pode ser uma identidade digital.&#8221;<\/p>\n<p><em>(Com informa\u00e7\u00f5es da Ag\u00eancia Estado)<\/em><\/p>\n\t<p>\n\t\t<a href=\"\" target=\"_blank\" data-element=\"shortcode-suno-banner\" title=\"Banner SUNO, clique e saiba mais\">\n\t\t\t<picture>\n\t\t\t\t<source media=\"(max-width: 500px)\" srcset=\"\">\n\t\t\t\t<img class=\"newsContent__article__imgCapa newsContent__article__imgCapa--banner\"\n\t\t\t\t\tsrc=\"\"\n\t\t\t\t\tdata-promo-id=\"184190\"\t\t\t\t\t\t\t\t\t\t\t\t\t\t\talt=\"\"\n\t\t\t\t>\n\t\t\t<\/picture>\n\t\t<\/a>\n\t<\/p>\n\n\n","protected":false},"excerpt":{"rendered":"<p>Em evento realizado nesta sexta (19), o presidente do Banco Central, Roberto Campos Neto, disse que o Brasil tem enorme dificuldade de reduzir gastos, mas, segundo ele, a situa\u00e7\u00e3o fiscal &#8220;j\u00e1 est\u00e1 melhor&#8221;. O economista disse que o desvio fiscal provocado pelas a\u00e7\u00f5es recentes do governo n\u00e3o foi t\u00e3o grande. Roberto Campos Neto, presidente do [&hellip;]<\/p>\n","protected":false},"author":118,"featured_media":132138,"comment_status":"closed","ping_status":"closed","sticky":false,"template":"","format":"standard","meta":[],"categories":[62],"tags":[17139,1842,1113,83329],"suno_strategy":[],"class_list":["post-206942","post","type-post","status-publish","format-standard","has-post-thumbnail","hentry","category-economia","tag-auxilio-emergencial","tag-banco-central-bc","tag-roberto-campos-neto","tag-teto-de-gastos"],"yoast_head":"<!-- This site is optimized with the Yoast SEO plugin v24.4 - https:\/\/yoast.com\/wordpress\/plugins\/seo\/ -->\n<title>Campos Neto: mesmo com Aux\u00edlio, panorama fiscal do Brasil est\u00e1 melhor<\/title>\n<meta name=\"description\" content=\"Em evento realizado nesta sexta (19), o presidente do Banco Central, Roberto Campos Neto, disse que o Brasil tem enorme. Saiba mais\" \/>\n<meta name=\"robots\" content=\"index, follow, max-snippet:-1, max-image-preview:large, max-video-preview:-1\" \/>\n<link rel=\"canonical\" href=\"https:\/\/www.suno.com.br\/noticias\/campos-neto-polemica-auxilio-panorama-fiscal-brasil\/\" \/>\n<meta property=\"og:locale\" content=\"pt_BR\" \/>\n<meta property=\"og:type\" content=\"article\" \/>\n<meta property=\"og:title\" content=\"Campos Neto: mesmo com Aux\u00edlio, panorama fiscal do Brasil est\u00e1 melhor\" \/>\n<meta property=\"og:description\" content=\"Em evento realizado nesta sexta (19), o presidente do Banco Central, Roberto Campos Neto, disse que o Brasil tem enorme. Saiba mais\" \/>\n<meta property=\"og:url\" content=\"https:\/\/www.suno.com.br\/noticias\/campos-neto-polemica-auxilio-panorama-fiscal-brasil\/\" \/>\n<meta property=\"og:site_name\" content=\"Suno Not\u00edcias\" \/>\n<meta property=\"article:publisher\" content=\"https:\/\/facebook.com\/sunoresearch\" \/>\n<meta property=\"og:image\" content=\"https:\/\/files.sunoresearch.com.br\/n\/uploads\/2021\/03\/95a90a39-50378530453_d3c330df4f_k.jpg\" \/>\n\t<meta property=\"og:image:width\" content=\"1200\" \/>\n\t<meta property=\"og:image:height\" content=\"800\" \/>\n\t<meta property=\"og:image:type\" content=\"image\/jpeg\" \/>\n<meta name=\"author\" content=\"Bruno Galv\u00e3o\" \/>\n<meta name=\"twitter:card\" content=\"summary_large_image\" \/>\n<meta name=\"twitter:creator\" content=\"@sunoresearch\" \/>\n<meta name=\"twitter:site\" content=\"@sunoresearch\" \/>\n<meta name=\"twitter:label1\" content=\"Escrito por\" \/>\n\t<meta name=\"twitter:data1\" content=\"Bruno Galv\u00e3o\" \/>\n\t<meta name=\"twitter:label2\" content=\"Est. tempo de leitura\" \/>\n\t<meta name=\"twitter:data2\" content=\"3 minutos\" \/>\n<script type=\"application\/ld+json\" class=\"yoast-schema-graph\">{\"@context\":\"https:\/\/schema.org\",\"@graph\":[{\"@type\":\"NewsArticle\",\"@id\":\"https:\/\/www.suno.com.br\/noticias\/campos-neto-polemica-auxilio-panorama-fiscal-brasil\/#article\",\"isPartOf\":{\"@id\":\"https:\/\/www.suno.com.br\/noticias\/campos-neto-polemica-auxilio-panorama-fiscal-brasil\/\"},\"author\":{\"name\":\"Bruno Galv\u00e3o\",\"@id\":\"https:\/\/www.suno.com.br\/noticias\/#\/schema\/person\/06f0d962a6b1c54852e4860f16935600\"},\"headline\":\"Campos Neto: apesar do furo no teto de gastos com o Aux\u00edlio Brasil, panorama fiscal do Brasil &#8220;j\u00e1 est\u00e1 melhor&#8221;\",\"datePublished\":\"2021-11-19T20:58:35+00:00\",\"mainEntityOfPage\":{\"@id\":\"https:\/\/www.suno.com.br\/noticias\/campos-neto-polemica-auxilio-panorama-fiscal-brasil\/\"},\"wordCount\":711,\"publisher\":{\"@id\":\"https:\/\/www.suno.com.br\/noticias\/#organization\"},\"image\":{\"@id\":\"https:\/\/www.suno.com.br\/noticias\/campos-neto-polemica-auxilio-panorama-fiscal-brasil\/#primaryimage\"},\"thumbnailUrl\":\"https:\/\/files.sunoresearch.com.br\/n\/uploads\/2021\/03\/95a90a39-50378530453_d3c330df4f_k-jpg.webp\",\"keywords\":[\"aux\u00edlio emergencial\",\"Banco Central (BC)\",\"Roberto Campos Neto\",\"teto de gastos\"],\"articleSection\":[\"Economia\"],\"inLanguage\":\"pt-BR\"},{\"@type\":\"WebPage\",\"@id\":\"https:\/\/www.suno.com.br\/noticias\/campos-neto-polemica-auxilio-panorama-fiscal-brasil\/\",\"url\":\"https:\/\/www.suno.com.br\/noticias\/campos-neto-polemica-auxilio-panorama-fiscal-brasil\/\",\"name\":\"Campos Neto: mesmo com Aux\u00edlio, panorama fiscal do Brasil est\u00e1 melhor\",\"isPartOf\":{\"@id\":\"https:\/\/www.suno.com.br\/noticias\/#website\"},\"primaryImageOfPage\":{\"@id\":\"https:\/\/www.suno.com.br\/noticias\/campos-neto-polemica-auxilio-panorama-fiscal-brasil\/#primaryimage\"},\"image\":{\"@id\":\"https:\/\/www.suno.com.br\/noticias\/campos-neto-polemica-auxilio-panorama-fiscal-brasil\/#primaryimage\"},\"thumbnailUrl\":\"https:\/\/files.sunoresearch.com.br\/n\/uploads\/2021\/03\/95a90a39-50378530453_d3c330df4f_k-jpg.webp\",\"datePublished\":\"2021-11-19T20:58:35+00:00\",\"description\":\"Em evento realizado nesta sexta (19), o presidente do Banco Central, Roberto Campos Neto, disse que o Brasil tem enorme. Saiba mais\",\"breadcrumb\":{\"@id\":\"https:\/\/www.suno.com.br\/noticias\/campos-neto-polemica-auxilio-panorama-fiscal-brasil\/#breadcrumb\"},\"inLanguage\":\"pt-BR\",\"potentialAction\":[{\"@type\":\"ReadAction\",\"target\":[\"https:\/\/www.suno.com.br\/noticias\/campos-neto-polemica-auxilio-panorama-fiscal-brasil\/\"]}]},{\"@type\":\"ImageObject\",\"inLanguage\":\"pt-BR\",\"@id\":\"https:\/\/www.suno.com.br\/noticias\/campos-neto-polemica-auxilio-panorama-fiscal-brasil\/#primaryimage\",\"url\":\"https:\/\/files.sunoresearch.com.br\/n\/uploads\/2021\/03\/95a90a39-50378530453_d3c330df4f_k-jpg.webp\",\"contentUrl\":\"https:\/\/files.sunoresearch.com.br\/n\/uploads\/2021\/03\/95a90a39-50378530453_d3c330df4f_k-jpg.webp\",\"width\":1200,\"height\":800,\"caption\":\"Roberto Campos Neto, presidente do Banco Central- Foto: Raphael Ribeiro\/BCB\"},{\"@type\":\"BreadcrumbList\",\"@id\":\"https:\/\/www.suno.com.br\/noticias\/campos-neto-polemica-auxilio-panorama-fiscal-brasil\/#breadcrumb\",\"itemListElement\":[{\"@type\":\"ListItem\",\"position\":1,\"name\":\"Not\u00edcias\",\"item\":\"https:\/\/www.suno.com.br\/noticias\/\"},{\"@type\":\"ListItem\",\"position\":2,\"name\":\"Economia\",\"item\":\"https:\/\/www.suno.com.br\/noticias\/economia\/\"},{\"@type\":\"ListItem\",\"position\":3,\"name\":\"Campos Neto: apesar do furo no teto de gastos com o Aux\u00edlio Brasil, panorama fiscal do Brasil &#8220;j\u00e1 est\u00e1 melhor&#8221;\"}]},{\"@type\":\"WebSite\",\"@id\":\"https:\/\/www.suno.com.br\/noticias\/#website\",\"url\":\"https:\/\/www.suno.com.br\/noticias\/\",\"name\":\"Suno Not\u00edcias\",\"description\":\"Seu portal de informa\u00e7\u00e3o sobre o mundo dos investimentos\",\"publisher\":{\"@id\":\"https:\/\/www.suno.com.br\/noticias\/#organization\"},\"potentialAction\":[{\"@type\":\"SearchAction\",\"target\":{\"@type\":\"EntryPoint\",\"urlTemplate\":\"https:\/\/www.suno.com.br\/noticias\/?s={search_term_string}\"},\"query-input\":{\"@type\":\"PropertyValueSpecification\",\"valueRequired\":true,\"valueName\":\"search_term_string\"}}],\"inLanguage\":\"pt-BR\"},{\"@type\":\"Organization\",\"@id\":\"https:\/\/www.suno.com.br\/noticias\/#organization\",\"name\":\"Suno Not\u00edcias\",\"url\":\"https:\/\/www.suno.com.br\/noticias\/\",\"logo\":{\"@type\":\"ImageObject\",\"inLanguage\":\"pt-BR\",\"@id\":\"https:\/\/www.suno.com.br\/noticias\/#\/schema\/logo\/image\/\",\"url\":\"https:\/\/files.sunoresearch.com.br\/n\/uploads\/2021\/09\/suno-logo.png\",\"contentUrl\":\"https:\/\/files.sunoresearch.com.br\/n\/uploads\/2021\/09\/suno-logo.png\",\"width\":180,\"height\":180,\"caption\":\"Suno Not\u00edcias\"},\"image\":{\"@id\":\"https:\/\/www.suno.com.br\/noticias\/#\/schema\/logo\/image\/\"},\"sameAs\":[\"https:\/\/facebook.com\/sunoresearch\",\"https:\/\/x.com\/sunoresearch\",\"https:\/\/www.instagram.com\/suno\",\"https:\/\/www.linkedin.com\/company\/suno-research\/\",\"https:\/\/www.youtube.com\/c\/sunoresearch\"]},{\"@type\":\"Person\",\"@id\":\"https:\/\/www.suno.com.br\/noticias\/#\/schema\/person\/06f0d962a6b1c54852e4860f16935600\",\"name\":\"Bruno Galv\u00e3o\",\"image\":{\"@type\":\"ImageObject\",\"inLanguage\":\"pt-BR\",\"@id\":\"https:\/\/www.suno.com.br\/noticias\/#\/schema\/person\/image\/\",\"url\":\"https:\/\/secure.gravatar.com\/avatar\/53598df0b41c00f12f287a912d0e918e?s=96&r=g\",\"contentUrl\":\"https:\/\/secure.gravatar.com\/avatar\/53598df0b41c00f12f287a912d0e918e?s=96&r=g\",\"caption\":\"Bruno Galv\u00e3o\"},\"description\":\"Escreve para o portal Suno Not\u00edcias. \u00c9 estudante de Jornalismo pela Faculdade C\u00e1sper L\u00edbero e Letras pela USP. Entusiasta de tecnologia e intelig\u00eancia artificial.\",\"url\":\"https:\/\/www.suno.com.br\/noticias\/author\/bruno-garcia\/\"}]}<\/script>\n<!-- \/ Yoast SEO plugin. -->","yoast_head_json":{"title":"Campos Neto: mesmo com Aux\u00edlio, panorama fiscal do Brasil est\u00e1 melhor","description":"Em evento realizado nesta sexta (19), o presidente do Banco Central, Roberto Campos Neto, disse que o Brasil tem enorme. Saiba mais","robots":{"index":"index","follow":"follow","max-snippet":"max-snippet:-1","max-image-preview":"max-image-preview:large","max-video-preview":"max-video-preview:-1"},"canonical":"https:\/\/www.suno.com.br\/noticias\/campos-neto-polemica-auxilio-panorama-fiscal-brasil\/","og_locale":"pt_BR","og_type":"article","og_title":"Campos Neto: mesmo com Aux\u00edlio, panorama fiscal do Brasil est\u00e1 melhor","og_description":"Em evento realizado nesta sexta (19), o presidente do Banco Central, Roberto Campos Neto, disse que o Brasil tem enorme. Saiba mais","og_url":"https:\/\/www.suno.com.br\/noticias\/campos-neto-polemica-auxilio-panorama-fiscal-brasil\/","og_site_name":"Suno Not\u00edcias","article_publisher":"https:\/\/facebook.com\/sunoresearch","og_image":[{"width":1200,"height":800,"url":"https:\/\/files.sunoresearch.com.br\/n\/uploads\/2021\/03\/95a90a39-50378530453_d3c330df4f_k.jpg","type":"image\/jpeg"}],"author":"Bruno Galv\u00e3o","twitter_card":"summary_large_image","twitter_creator":"@sunoresearch","twitter_site":"@sunoresearch","twitter_misc":{"Escrito por":"Bruno Galv\u00e3o","Est. tempo de leitura":"3 minutos"},"schema":{"@context":"https:\/\/schema.org","@graph":[{"@type":"NewsArticle","@id":"https:\/\/www.suno.com.br\/noticias\/campos-neto-polemica-auxilio-panorama-fiscal-brasil\/#article","isPartOf":{"@id":"https:\/\/www.suno.com.br\/noticias\/campos-neto-polemica-auxilio-panorama-fiscal-brasil\/"},"author":{"name":"Bruno Galv\u00e3o","@id":"https:\/\/www.suno.com.br\/noticias\/#\/schema\/person\/06f0d962a6b1c54852e4860f16935600"},"headline":"Campos Neto: apesar do furo no teto de gastos com o Aux\u00edlio Brasil, panorama fiscal do Brasil &#8220;j\u00e1 est\u00e1 melhor&#8221;","datePublished":"2021-11-19T20:58:35+00:00","mainEntityOfPage":{"@id":"https:\/\/www.suno.com.br\/noticias\/campos-neto-polemica-auxilio-panorama-fiscal-brasil\/"},"wordCount":711,"publisher":{"@id":"https:\/\/www.suno.com.br\/noticias\/#organization"},"image":{"@id":"https:\/\/www.suno.com.br\/noticias\/campos-neto-polemica-auxilio-panorama-fiscal-brasil\/#primaryimage"},"thumbnailUrl":"https:\/\/files.sunoresearch.com.br\/n\/uploads\/2021\/03\/95a90a39-50378530453_d3c330df4f_k-jpg.webp","keywords":["aux\u00edlio emergencial","Banco Central (BC)","Roberto Campos Neto","teto de gastos"],"articleSection":["Economia"],"inLanguage":"pt-BR"},{"@type":"WebPage","@id":"https:\/\/www.suno.com.br\/noticias\/campos-neto-polemica-auxilio-panorama-fiscal-brasil\/","url":"https:\/\/www.suno.com.br\/noticias\/campos-neto-polemica-auxilio-panorama-fiscal-brasil\/","name":"Campos Neto: mesmo com Aux\u00edlio, panorama fiscal do Brasil est\u00e1 melhor","isPartOf":{"@id":"https:\/\/www.suno.com.br\/noticias\/#website"},"primaryImageOfPage":{"@id":"https:\/\/www.suno.com.br\/noticias\/campos-neto-polemica-auxilio-panorama-fiscal-brasil\/#primaryimage"},"image":{"@id":"https:\/\/www.suno.com.br\/noticias\/campos-neto-polemica-auxilio-panorama-fiscal-brasil\/#primaryimage"},"thumbnailUrl":"https:\/\/files.sunoresearch.com.br\/n\/uploads\/2021\/03\/95a90a39-50378530453_d3c330df4f_k-jpg.webp","datePublished":"2021-11-19T20:58:35+00:00","description":"Em evento realizado nesta sexta (19), o presidente do Banco Central, Roberto Campos Neto, disse que o Brasil tem enorme. Saiba mais","breadcrumb":{"@id":"https:\/\/www.suno.com.br\/noticias\/campos-neto-polemica-auxilio-panorama-fiscal-brasil\/#breadcrumb"},"inLanguage":"pt-BR","potentialAction":[{"@type":"ReadAction","target":["https:\/\/www.suno.com.br\/noticias\/campos-neto-polemica-auxilio-panorama-fiscal-brasil\/"]}]},{"@type":"ImageObject","inLanguage":"pt-BR","@id":"https:\/\/www.suno.com.br\/noticias\/campos-neto-polemica-auxilio-panorama-fiscal-brasil\/#primaryimage","url":"https:\/\/files.sunoresearch.com.br\/n\/uploads\/2021\/03\/95a90a39-50378530453_d3c330df4f_k-jpg.webp","contentUrl":"https:\/\/files.sunoresearch.com.br\/n\/uploads\/2021\/03\/95a90a39-50378530453_d3c330df4f_k-jpg.webp","width":1200,"height":800,"caption":"Roberto Campos Neto, presidente do Banco Central- Foto: Raphael Ribeiro\/BCB"},{"@type":"BreadcrumbList","@id":"https:\/\/www.suno.com.br\/noticias\/campos-neto-polemica-auxilio-panorama-fiscal-brasil\/#breadcrumb","itemListElement":[{"@type":"ListItem","position":1,"name":"Not\u00edcias","item":"https:\/\/www.suno.com.br\/noticias\/"},{"@type":"ListItem","position":2,"name":"Economia","item":"https:\/\/www.suno.com.br\/noticias\/economia\/"},{"@type":"ListItem","position":3,"name":"Campos Neto: apesar do furo no teto de gastos com o Aux\u00edlio Brasil, panorama fiscal do Brasil &#8220;j\u00e1 est\u00e1 melhor&#8221;"}]},{"@type":"WebSite","@id":"https:\/\/www.suno.com.br\/noticias\/#website","url":"https:\/\/www.suno.com.br\/noticias\/","name":"Suno Not\u00edcias","description":"Seu portal de informa\u00e7\u00e3o sobre o mundo dos investimentos","publisher":{"@id":"https:\/\/www.suno.com.br\/noticias\/#organization"},"potentialAction":[{"@type":"SearchAction","target":{"@type":"EntryPoint","urlTemplate":"https:\/\/www.suno.com.br\/noticias\/?s={search_term_string}"},"query-input":{"@type":"PropertyValueSpecification","valueRequired":true,"valueName":"search_term_string"}}],"inLanguage":"pt-BR"},{"@type":"Organization","@id":"https:\/\/www.suno.com.br\/noticias\/#organization","name":"Suno Not\u00edcias","url":"https:\/\/www.suno.com.br\/noticias\/","logo":{"@type":"ImageObject","inLanguage":"pt-BR","@id":"https:\/\/www.suno.com.br\/noticias\/#\/schema\/logo\/image\/","url":"https:\/\/files.sunoresearch.com.br\/n\/uploads\/2021\/09\/suno-logo.png","contentUrl":"https:\/\/files.sunoresearch.com.br\/n\/uploads\/2021\/09\/suno-logo.png","width":180,"height":180,"caption":"Suno Not\u00edcias"},"image":{"@id":"https:\/\/www.suno.com.br\/noticias\/#\/schema\/logo\/image\/"},"sameAs":["https:\/\/facebook.com\/sunoresearch","https:\/\/x.com\/sunoresearch","https:\/\/www.instagram.com\/suno","https:\/\/www.linkedin.com\/company\/suno-research\/","https:\/\/www.youtube.com\/c\/sunoresearch"]},{"@type":"Person","@id":"https:\/\/www.suno.com.br\/noticias\/#\/schema\/person\/06f0d962a6b1c54852e4860f16935600","name":"Bruno Galv\u00e3o","image":{"@type":"ImageObject","inLanguage":"pt-BR","@id":"https:\/\/www.suno.com.br\/noticias\/#\/schema\/person\/image\/","url":"https:\/\/secure.gravatar.com\/avatar\/53598df0b41c00f12f287a912d0e918e?s=96&r=g","contentUrl":"https:\/\/secure.gravatar.com\/avatar\/53598df0b41c00f12f287a912d0e918e?s=96&r=g","caption":"Bruno Galv\u00e3o"},"description":"Escreve para o portal Suno Not\u00edcias. \u00c9 estudante de Jornalismo pela Faculdade C\u00e1sper L\u00edbero e Letras pela USP. Entusiasta de tecnologia e intelig\u00eancia artificial.","url":"https:\/\/www.suno.com.br\/noticias\/author\/bruno-garcia\/"}]}},"default_loop_html":"<div class=\"cardsPage__listCard__boxs\"><div class=\"cardsPage__listCard__boxs__img\"><a href=\"https:\/\/www.suno.com.br\/noticias\/campos-neto-polemica-auxilio-panorama-fiscal-brasil\/\"><img class=\"mask\" src=\"https:\/\/www.suno.com.br\/noticias\/wp-content\/themes\/suno\/resources\/images\/spotlight\/spotlight1img\/bg-mask.png\" alt=\"Image Mask\"\/><img src=\"https:\/\/files.sunoresearch.com.br\/n\/uploads\/2021\/03\/95a90a39-50378530453_d3c330df4f_k-400x200.webp\" alt=\"Campos Neto: apesar do furo no teto de gastos com o Aux\u00edlio Brasil, panorama fiscal do Brasil &#8220;j\u00e1 est\u00e1 melhor&#8221;\"\/><\/a><span class=\"spotlightCategory\"><a href=\"https:\/\/www.suno.com.br\/noticias\/economia\/\">Economia<\/a><\/span><\/div><div class=\"cardsPage__listCard__boxs__content\"><a href=\"https:\/\/www.suno.com.br\/noticias\/campos-neto-polemica-auxilio-panorama-fiscal-brasil\/\"><h2 class=\"content__title\">Campos Neto: apesar do furo no teto de gastos com o Aux\u00edlio Brasil, panorama fiscal do Brasil &#8220;j\u00e1 est\u00e1 melhor&#8221;<\/h2><\/a><div class=\"newsContent__article__meta\"><div class=\"newsContent__article__meta__authorBox\"><a href=\"https:\/\/www.suno.com.br\/noticias\/author\/bruno-garcia\/\" class=\"authorBox__avatar noMobi\"><img src=\"https:\/\/secure.gravatar.com\/avatar\/53598df0b41c00f12f287a912d0e918e?s=96&#038;r=g\" alt=\"Bruno Galv\u00e3o\"><\/a><div class=\"authorBox__name\"><span>por\n\t\t\t<a href=\"https:\/\/www.suno.com.br\/noticias\/author\/bruno-garcia\/\"><span itemprop=\"author\">Bruno Galv\u00e3o<\/span><\/a><\/span><time datetime=\"2021-11-19T17:58:35-03:00\" itemprop=\"datePublished\">19\/11\/2021 17:58<\/time><\/div><\/div><\/div><\/div><\/div>","single_layout":"posts","amp_enabled":true,"_links":{"self":[{"href":"https:\/\/www.suno.com.br\/noticias\/wp-json\/wp\/v2\/posts\/206942"}],"collection":[{"href":"https:\/\/www.suno.com.br\/noticias\/wp-json\/wp\/v2\/posts"}],"about":[{"href":"https:\/\/www.suno.com.br\/noticias\/wp-json\/wp\/v2\/types\/post"}],"author":[{"embeddable":true,"href":"https:\/\/www.suno.com.br\/noticias\/wp-json\/wp\/v2\/users\/118"}],"replies":[{"embeddable":true,"href":"https:\/\/www.suno.com.br\/noticias\/wp-json\/wp\/v2\/comments?post=206942"}],"version-history":[{"count":4,"href":"https:\/\/www.suno.com.br\/noticias\/wp-json\/wp\/v2\/posts\/206942\/revisions"}],"predecessor-version":[{"id":207093,"href":"https:\/\/www.suno.com.br\/noticias\/wp-json\/wp\/v2\/posts\/206942\/revisions\/207093"}],"wp:featuredmedia":[{"embeddable":true,"href":"https:\/\/www.suno.com.br\/noticias\/wp-json\/wp\/v2\/media\/132138"}],"wp:attachment":[{"href":"https:\/\/www.suno.com.br\/noticias\/wp-json\/wp\/v2\/media?parent=206942"}],"wp:term":[{"taxonomy":"category","embeddable":true,"href":"https:\/\/www.suno.com.br\/noticias\/wp-json\/wp\/v2\/categories?post=206942"},{"taxonomy":"post_tag","embeddable":true,"href":"https:\/\/www.suno.com.br\/noticias\/wp-json\/wp\/v2\/tags?post=206942"},{"taxonomy":"suno_strategy","embeddable":true,"href":"https:\/\/www.suno.com.br\/noticias\/wp-json\/wp\/v2\/suno_strategy?post=206942"}],"curies":[{"name":"wp","href":"https:\/\/api.w.org\/{rel}","templated":true}]}}