{"id":206679,"date":"2021-11-18T19:48:16","date_gmt":"2021-11-18T22:48:16","guid":{"rendered":"https:\/\/www.suno.com.br\/noticias\/?p=206679"},"modified":"2021-11-18T19:48:16","modified_gmt":"2021-11-18T22:48:16","slug":"dasa-dasa3-conclui-compra-de-rede-de-saude-e-laboratorio-argentino","status":"publish","type":"post","link":"https:\/\/www.suno.com.br\/noticias\/dasa-dasa3-conclui-compra-de-rede-de-saude-e-laboratorio-argentino\/","title":{"rendered":"Dasa (DASA3) conclui compra de rede de sa\u00fade e laborat\u00f3rio argentino"},"content":{"rendered":"<p>A <strong>Dasa<\/strong> (DASA3) anunciou nesta quinta-feira (18), sem revelar valores, a compra da Mantris, rede especializada em sa\u00fade ocupacional. A aquisi\u00e7\u00e3o \u00e9 mais um passo da companhia na dire\u00e7\u00e3o de constituir um ecossistema de sa\u00fade. A empresa adquirida possui 210 ambulat\u00f3rios, 930 cl\u00ednicas credenciadas e atende 510 mil vidas.<\/p>\t<div class=\"wrapper-featured-image\">\n\t\t<figure class=\"spotlightImg\">\n\n\t\t\t<picture>\n\t\t\t\t<source media=\"(max-width: 768px)\" srcset=\"https:\/\/files.sunoresearch.com.br\/n\/uploads\/2021\/06\/3ca2b819-surgery-1822458_1280-400x200.webp\">\n\t\t\t\t<img loading=\"lazy\" decoding=\"async\" class=\"newsContent__article__imgCapa lazyloadDisabled \" src=\"https:\/\/files.sunoresearch.com.br\/n\/uploads\/2021\/06\/3ca2b819-surgery-1822458_1280-800x450.webp\" width=\"800\" height=\"450\" alt=\"Dasa (DASA3) conclui compra de rede de sa\u00fade e laborat\u00f3rio argentino\" fetchpriority=high \/>\n\t\t\t<\/picture>\n\n\t\t\t<figcaption class=\"wp-caption-text wp-caption-text--show\">Dasa (DASA3) \u00e9 uma das potenciais compradoras da Amil, segundo o BofA - Foto: Pixabay<\/figcaption>\n\t\t<\/figure>\n\t<\/div>\n\n\n\t<p>\n\t\t<a href=\"https:\/\/lp.suno.com.br\/planilha-controle-gastos\/\" target=\"_blank\" data-element=\"shortcode-suno-banner\" title=\"Banner SUNO, clique e saiba mais\">\n\t\t\t<picture>\n\t\t\t\t<source media=\"(max-width: 500px)\" srcset=\"https:\/\/files.sunoresearch.com.br\/n\/uploads\/2023\/03\/400x300-Planilha-controle-de-gastos.png\">\n\t\t\t\t<img class=\"newsContent__article__imgCapa newsContent__article__imgCapa--banner\"\n\t\t\t\t\tsrc=\"https:\/\/files.sunoresearch.com.br\/n\/uploads\/2023\/03\/1420x240-Planilha-controle-de-gastos.png\"\n\t\t\t\t\tdata-promo-id=\"101751\"\t\t\t\t\t\t\t\t\t\twidth='1420' height='240'\t\t\t\t\talt=\"https:\/\/files.sunoresearch.com.br\/n\/uploads\/2023\/03\/1420x240-Planilha-controle-de-gastos.png\"\n\t\t\t\t>\n\t\t\t<\/picture>\n\t\t<\/a>\n\t<\/p>\n\n\n<p>Segundo o diretor de Estrat\u00e9gia, Jur\u00eddico e ESG da <a class=\"suno-keyword\" href=\"https:\/\/www.suno.com.br\/acoes\/DASA3\/\" target=\"_blank\" rel=\"noopener\" data-force=\"yes\" data-priority=\"2\">Dasa<\/a>, Sergio Ricardo, \u00e9 a primeira vez que um grande grupo do setor realiza uma aquisi\u00e7\u00e3o semelhante. &#8220;N\u00e3o \u00e9 t\u00e3o comum porque isso sempre foi visto como uma obriga\u00e7\u00e3o para as empresas, e entendemos como uma enorme oportunidade para oferecer insights novos sobre as necessidades de cada empresa quanto \u00e0 sa\u00fade dos funcion\u00e1rios&#8221;, afirma ao <i>Broadcast<\/i>.<\/p>\n<p>Com a Mantris, a Dasa pretende integrar solu\u00e7\u00f5es para empresas (<strong>fortalecendo o bra\u00e7o B2B<\/strong>) junto com sua \u00e1rea de intelig\u00eancia de dados, como forma de promover preven\u00e7\u00e3o de sa\u00fade no ambiente corporativo e mitigar custos.<\/p>\n<p>&#8220;Faremos com que o cuidado seja cada vez mais &#8216;digital&#8217;, que \u00e9 o h\u00edbrido que combina proximidade f\u00edsica junto com um cuidado mais digital. Pode criar uma nova oportunidade de<strong> gest\u00e3o de sa\u00fade<\/strong>, e n\u00e3o simplesmente uma gest\u00e3o de doen\u00e7as, como o mercado de sa\u00fade brasileiro trabalha hoje&#8221;, aponta Ricardo.<\/p>\n\t<p>\n\t\t<a href=\"https:\/\/lp.suno.com.br\/planilha-da-vida-financeira\/\" target=\"_blank\" data-element=\"shortcode-suno-banner\" title=\"Banner SUNO, clique e saiba mais\">\n\t\t\t<picture>\n\t\t\t\t<source media=\"(max-width: 500px)\" srcset=\"https:\/\/files.sunoresearch.com.br\/n\/uploads\/2023\/04\/400x300-Planilha-vida-financeira-true.png\">\n\t\t\t\t<img class=\"newsContent__article__imgCapa newsContent__article__imgCapa--banner\"\n\t\t\t\t\tsrc=\"https:\/\/files.sunoresearch.com.br\/n\/uploads\/2023\/04\/1420x240-Planilha-vida-financeira-true.png\"\n\t\t\t\t\tdata-promo-id=\"106682\"\t\t\t\t\t\t\t\t\t\twidth='1420' height='240'\t\t\t\t\talt=\"https:\/\/files.sunoresearch.com.br\/n\/uploads\/2023\/04\/1420x240-Planilha-vida-financeira-true.png\"\n\t\t\t\t>\n\t\t\t<\/picture>\n\t\t<\/a>\n\t<\/p>\n\n\n<p>Com a solu\u00e7\u00e3o, o diretor afirma que um dos principais objetivos da rede \u00e9 <strong>reduzir a rotatividade de pessoal.<\/strong> &#8220;O compromisso maior \u00e9 apoiar as empresas para tornar a sa\u00fade mais sustent\u00e1vel, ajud\u00e1-las a n\u00e3o perderem seus funcion\u00e1rios, para que essas equipes tenham um menor turnover (rotatividade)&#8221;.<\/p>\n<p>A Mantris oferece servi\u00e7os tanto em unidades instaladas dentro das empresas quanto em grupos parceiros com unidades de rua: s\u00e3o consult\u00f3rios de medicina do trabalho, mas que oferecem servi\u00e7os para os colaboradores das empresas que o contratam.<\/p>\n<p>De acordo com Ricardo, a Dasa oferecer\u00e1 dois m\u00f3dulos de contrata\u00e7\u00e3o para empresas: oferta de servi\u00e7os customizada por empresa, ferramentas para <a class=\"suno-keyword\" href=\"https:\/\/www.suno.com.br\/artigos\/gestao-de-carteira\/\" target=\"_blank\" rel=\"noopener\" data-force=\"no\" data-priority=\"1\">gest\u00e3o de carteira<\/a> de colaboradores, ou um servi\u00e7o tecnol\u00f3gico de gest\u00e3o digital de BI.<\/p>\n\t<p>\n\t\t<a href=\"https:\/\/lp.suno.com.br\/ebook-como-analisar-uma-acao\/\" target=\"_blank\" data-element=\"shortcode-suno-banner\" title=\"Banner SUNO, clique e saiba mais\">\n\t\t\t<picture>\n\t\t\t\t<source media=\"(max-width: 500px)\" srcset=\"https:\/\/files.sunoresearch.com.br\/n\/uploads\/2023\/03\/Ebook-Acoes-Mobile-1.jpg\">\n\t\t\t\t<img class=\"newsContent__article__imgCapa newsContent__article__imgCapa--banner\"\n\t\t\t\t\tsrc=\"https:\/\/files.sunoresearch.com.br\/n\/uploads\/2023\/03\/Ebook-Acoes-Desktop-1.jpg\"\n\t\t\t\t\tdata-promo-id=\"171998\"\t\t\t\t\t\t\t\t\t\twidth='1420' height='286'\t\t\t\t\talt=\"https:\/\/files.sunoresearch.com.br\/n\/uploads\/2023\/03\/Ebook-Acoes-Desktop-1.jpg\"\n\t\t\t\t>\n\t\t\t<\/picture>\n\t\t<\/a>\n\t<\/p>\n\n\n<h2><b>Dasa tamb\u00e9m adquiriu empresa argentina\u00a0<\/b><\/h2>\n<p>A Dasa tamb\u00e9m comunicou que por meio de sua subsidi\u00e1ria Diagn\u00f3sticos Maip\u00fa por Im\u00e1genes adquiriu 100% da <strong>Laborat\u00f3rio de Medicina<\/strong>, da Argentina.<\/p>\n\t<div data-element=\"shortcode-read-more\" class=\"knowMore\">\n\t\t\t\t<span class=\"knowMore__title\">Veja tamb\u00e9m<\/span>\n\t\t\t\t<a class=\"knowMore__link\" href=\"https:\/\/www.suno.com.br\/noticias\/kora-saude-krsa3-prejuizo-liquido-3t21-aquisicoes\/\">\n\t\t\tKora Sa\u00fade (KRSA3) tem preju\u00edzo l\u00edquido de R$ 14 milh\u00f5es, por contas de aquisi\u00e7\u00f5es\t\t<\/a>\n\t<\/div>\n\n\n<p>A empresa atua, em Buenos Aires, na presta\u00e7\u00e3o de servi\u00e7os de laborat\u00f3rio de an\u00e1lises cl\u00ednicas e, segundo a <strong>Dasa<\/strong>, seu n\u00facleo t\u00e9cnico operacional acrescenta maior capacidade de processamento, complementando as atividades da Diagn\u00f3sticos Maip\u00fa. &#8220;A aquisi\u00e7\u00e3o ser\u00e1 realizada integralmente com recursos locais, sem necessidade de qualquer contribui\u00e7\u00e3o adicional da companhia&#8221;, afirmou. O valor das transa\u00e7\u00f5es n\u00e3o foi informado.<\/p>\n<p>(Com informa\u00e7\u00f5es da Ag\u00eancia Estado)<\/p>\n\t<p>\n\t\t<a href=\"\" target=\"_blank\" data-element=\"shortcode-suno-banner\" title=\"Banner SUNO, clique e saiba mais\">\n\t\t\t<picture>\n\t\t\t\t<source media=\"(max-width: 500px)\" srcset=\"\">\n\t\t\t\t<img class=\"newsContent__article__imgCapa newsContent__article__imgCapa--banner\"\n\t\t\t\t\tsrc=\"\"\n\t\t\t\t\tdata-promo-id=\"184190\"\t\t\t\t\t\t\t\t\t\t\t\t\t\t\talt=\"\"\n\t\t\t\t>\n\t\t\t<\/picture>\n\t\t<\/a>\n\t<\/p>\n\n\n","protected":false},"excerpt":{"rendered":"<p>A Dasa (DASA3) anunciou nesta quinta-feira (18), sem revelar valores, a compra da Mantris, rede especializada em sa\u00fade ocupacional. A aquisi\u00e7\u00e3o \u00e9 mais um passo da companhia na dire\u00e7\u00e3o de constituir um ecossistema de sa\u00fade. A empresa adquirida possui 210 ambulat\u00f3rios, 930 cl\u00ednicas credenciadas e atende 510 mil vidas. Dasa (DASA3) \u00e9 uma das potenciais [&hellip;]<\/p>\n","protected":false},"author":118,"featured_media":154079,"comment_status":"closed","ping_status":"closed","sticky":false,"template":"","format":"standard","meta":[],"categories":[64],"tags":[444],"suno_strategy":[],"class_list":["post-206679","post","type-post","status-publish","format-standard","has-post-thumbnail","hentry","category-negocios","tag-dasa-dasa3"],"yoast_head":"<!-- This site is optimized with the Yoast SEO plugin v24.4 - https:\/\/yoast.com\/wordpress\/plugins\/seo\/ -->\n<title>Dasa (DASA3) conclui compra de rede de sa\u00fade e laborat\u00f3rio argentino<\/title>\n<meta name=\"description\" content=\"A Dasa (DASA3) anunciou nesta quinta (18), sem revelar valores, a compra da Mantris, rede especializada em sa\u00fade ocupacional...Saiba mais\" \/>\n<meta name=\"robots\" content=\"index, follow, max-snippet:-1, max-image-preview:large, max-video-preview:-1\" \/>\n<link rel=\"canonical\" href=\"https:\/\/www.suno.com.br\/noticias\/dasa-dasa3-conclui-compra-de-rede-de-saude-e-laboratorio-argentino\/\" \/>\n<meta property=\"og:locale\" content=\"pt_BR\" \/>\n<meta property=\"og:type\" content=\"article\" \/>\n<meta property=\"og:title\" content=\"Dasa (DASA3) conclui compra de rede de sa\u00fade e laborat\u00f3rio argentino\" \/>\n<meta property=\"og:description\" content=\"A Dasa (DASA3) anunciou nesta quinta (18), sem revelar valores, a compra da Mantris, rede especializada em sa\u00fade ocupacional...Saiba mais\" \/>\n<meta property=\"og:url\" content=\"https:\/\/www.suno.com.br\/noticias\/dasa-dasa3-conclui-compra-de-rede-de-saude-e-laboratorio-argentino\/\" \/>\n<meta property=\"og:site_name\" content=\"Suno Not\u00edcias\" \/>\n<meta property=\"article:publisher\" content=\"https:\/\/facebook.com\/sunoresearch\" \/>\n<meta property=\"og:image\" content=\"https:\/\/files.sunoresearch.com.br\/n\/uploads\/2021\/06\/3ca2b819-surgery-1822458_1280.jpg\" \/>\n\t<meta property=\"og:image:width\" content=\"1280\" \/>\n\t<meta property=\"og:image:height\" content=\"854\" \/>\n\t<meta property=\"og:image:type\" content=\"image\/jpeg\" \/>\n<meta name=\"author\" content=\"Bruno Galv\u00e3o\" \/>\n<meta name=\"twitter:card\" content=\"summary_large_image\" \/>\n<meta name=\"twitter:creator\" content=\"@sunoresearch\" \/>\n<meta name=\"twitter:site\" content=\"@sunoresearch\" \/>\n<meta name=\"twitter:label1\" content=\"Escrito por\" \/>\n\t<meta name=\"twitter:data1\" content=\"Bruno Galv\u00e3o\" \/>\n\t<meta name=\"twitter:label2\" content=\"Est. tempo de leitura\" \/>\n\t<meta name=\"twitter:data2\" content=\"2 minutos\" \/>\n<script type=\"application\/ld+json\" class=\"yoast-schema-graph\">{\"@context\":\"https:\/\/schema.org\",\"@graph\":[{\"@type\":\"NewsArticle\",\"@id\":\"https:\/\/www.suno.com.br\/noticias\/dasa-dasa3-conclui-compra-de-rede-de-saude-e-laboratorio-argentino\/#article\",\"isPartOf\":{\"@id\":\"https:\/\/www.suno.com.br\/noticias\/dasa-dasa3-conclui-compra-de-rede-de-saude-e-laboratorio-argentino\/\"},\"author\":{\"name\":\"Bruno Galv\u00e3o\",\"@id\":\"https:\/\/www.suno.com.br\/noticias\/#\/schema\/person\/06f0d962a6b1c54852e4860f16935600\"},\"headline\":\"Dasa (DASA3) conclui compra de rede de sa\u00fade e laborat\u00f3rio argentino\",\"datePublished\":\"2021-11-18T22:48:16+00:00\",\"mainEntityOfPage\":{\"@id\":\"https:\/\/www.suno.com.br\/noticias\/dasa-dasa3-conclui-compra-de-rede-de-saude-e-laboratorio-argentino\/\"},\"wordCount\":494,\"publisher\":{\"@id\":\"https:\/\/www.suno.com.br\/noticias\/#organization\"},\"image\":{\"@id\":\"https:\/\/www.suno.com.br\/noticias\/dasa-dasa3-conclui-compra-de-rede-de-saude-e-laboratorio-argentino\/#primaryimage\"},\"thumbnailUrl\":\"https:\/\/files.sunoresearch.com.br\/n\/uploads\/2021\/06\/3ca2b819-surgery-1822458_1280-jpg.webp\",\"keywords\":[\"Dasa (DASA3)\"],\"articleSection\":[\"Neg\u00f3cios\"],\"inLanguage\":\"pt-BR\"},{\"@type\":\"WebPage\",\"@id\":\"https:\/\/www.suno.com.br\/noticias\/dasa-dasa3-conclui-compra-de-rede-de-saude-e-laboratorio-argentino\/\",\"url\":\"https:\/\/www.suno.com.br\/noticias\/dasa-dasa3-conclui-compra-de-rede-de-saude-e-laboratorio-argentino\/\",\"name\":\"Dasa (DASA3) conclui compra de rede de sa\u00fade e laborat\u00f3rio argentino\",\"isPartOf\":{\"@id\":\"https:\/\/www.suno.com.br\/noticias\/#website\"},\"primaryImageOfPage\":{\"@id\":\"https:\/\/www.suno.com.br\/noticias\/dasa-dasa3-conclui-compra-de-rede-de-saude-e-laboratorio-argentino\/#primaryimage\"},\"image\":{\"@id\":\"https:\/\/www.suno.com.br\/noticias\/dasa-dasa3-conclui-compra-de-rede-de-saude-e-laboratorio-argentino\/#primaryimage\"},\"thumbnailUrl\":\"https:\/\/files.sunoresearch.com.br\/n\/uploads\/2021\/06\/3ca2b819-surgery-1822458_1280-jpg.webp\",\"datePublished\":\"2021-11-18T22:48:16+00:00\",\"description\":\"A Dasa (DASA3) anunciou nesta quinta (18), sem revelar valores, a compra da Mantris, rede especializada em sa\u00fade ocupacional...Saiba mais\",\"breadcrumb\":{\"@id\":\"https:\/\/www.suno.com.br\/noticias\/dasa-dasa3-conclui-compra-de-rede-de-saude-e-laboratorio-argentino\/#breadcrumb\"},\"inLanguage\":\"pt-BR\",\"potentialAction\":[{\"@type\":\"ReadAction\",\"target\":[\"https:\/\/www.suno.com.br\/noticias\/dasa-dasa3-conclui-compra-de-rede-de-saude-e-laboratorio-argentino\/\"]}]},{\"@type\":\"ImageObject\",\"inLanguage\":\"pt-BR\",\"@id\":\"https:\/\/www.suno.com.br\/noticias\/dasa-dasa3-conclui-compra-de-rede-de-saude-e-laboratorio-argentino\/#primaryimage\",\"url\":\"https:\/\/files.sunoresearch.com.br\/n\/uploads\/2021\/06\/3ca2b819-surgery-1822458_1280-jpg.webp\",\"contentUrl\":\"https:\/\/files.sunoresearch.com.br\/n\/uploads\/2021\/06\/3ca2b819-surgery-1822458_1280-jpg.webp\",\"width\":1280,\"height\":854,\"caption\":\"Dasa (DASA3) \u00e9 uma das potenciais compradoras da Amil, segundo o BofA - Foto: Pixabay\"},{\"@type\":\"BreadcrumbList\",\"@id\":\"https:\/\/www.suno.com.br\/noticias\/dasa-dasa3-conclui-compra-de-rede-de-saude-e-laboratorio-argentino\/#breadcrumb\",\"itemListElement\":[{\"@type\":\"ListItem\",\"position\":1,\"name\":\"Not\u00edcias\",\"item\":\"https:\/\/www.suno.com.br\/noticias\/\"},{\"@type\":\"ListItem\",\"position\":2,\"name\":\"Neg\u00f3cios\",\"item\":\"https:\/\/www.suno.com.br\/noticias\/negocios\/\"},{\"@type\":\"ListItem\",\"position\":3,\"name\":\"Dasa (DASA3) conclui compra de rede de sa\u00fade e laborat\u00f3rio argentino\"}]},{\"@type\":\"WebSite\",\"@id\":\"https:\/\/www.suno.com.br\/noticias\/#website\",\"url\":\"https:\/\/www.suno.com.br\/noticias\/\",\"name\":\"Suno Not\u00edcias\",\"description\":\"Seu portal de informa\u00e7\u00e3o sobre o mundo dos investimentos\",\"publisher\":{\"@id\":\"https:\/\/www.suno.com.br\/noticias\/#organization\"},\"potentialAction\":[{\"@type\":\"SearchAction\",\"target\":{\"@type\":\"EntryPoint\",\"urlTemplate\":\"https:\/\/www.suno.com.br\/noticias\/?s={search_term_string}\"},\"query-input\":{\"@type\":\"PropertyValueSpecification\",\"valueRequired\":true,\"valueName\":\"search_term_string\"}}],\"inLanguage\":\"pt-BR\"},{\"@type\":\"Organization\",\"@id\":\"https:\/\/www.suno.com.br\/noticias\/#organization\",\"name\":\"Suno Not\u00edcias\",\"url\":\"https:\/\/www.suno.com.br\/noticias\/\",\"logo\":{\"@type\":\"ImageObject\",\"inLanguage\":\"pt-BR\",\"@id\":\"https:\/\/www.suno.com.br\/noticias\/#\/schema\/logo\/image\/\",\"url\":\"https:\/\/files.sunoresearch.com.br\/n\/uploads\/2021\/09\/suno-logo.png\",\"contentUrl\":\"https:\/\/files.sunoresearch.com.br\/n\/uploads\/2021\/09\/suno-logo.png\",\"width\":180,\"height\":180,\"caption\":\"Suno Not\u00edcias\"},\"image\":{\"@id\":\"https:\/\/www.suno.com.br\/noticias\/#\/schema\/logo\/image\/\"},\"sameAs\":[\"https:\/\/facebook.com\/sunoresearch\",\"https:\/\/x.com\/sunoresearch\",\"https:\/\/www.instagram.com\/suno\",\"https:\/\/www.linkedin.com\/company\/suno-research\/\",\"https:\/\/www.youtube.com\/c\/sunoresearch\"]},{\"@type\":\"Person\",\"@id\":\"https:\/\/www.suno.com.br\/noticias\/#\/schema\/person\/06f0d962a6b1c54852e4860f16935600\",\"name\":\"Bruno Galv\u00e3o\",\"image\":{\"@type\":\"ImageObject\",\"inLanguage\":\"pt-BR\",\"@id\":\"https:\/\/www.suno.com.br\/noticias\/#\/schema\/person\/image\/\",\"url\":\"https:\/\/secure.gravatar.com\/avatar\/53598df0b41c00f12f287a912d0e918e?s=96&r=g\",\"contentUrl\":\"https:\/\/secure.gravatar.com\/avatar\/53598df0b41c00f12f287a912d0e918e?s=96&r=g\",\"caption\":\"Bruno Galv\u00e3o\"},\"description\":\"Escreve para o portal Suno Not\u00edcias. \u00c9 estudante de Jornalismo pela Faculdade C\u00e1sper L\u00edbero e Letras pela USP. Entusiasta de tecnologia e intelig\u00eancia artificial.\",\"url\":\"https:\/\/www.suno.com.br\/noticias\/author\/bruno-garcia\/\"}]}<\/script>\n<!-- \/ Yoast SEO plugin. -->","yoast_head_json":{"title":"Dasa (DASA3) conclui compra de rede de sa\u00fade e laborat\u00f3rio argentino","description":"A Dasa (DASA3) anunciou nesta quinta (18), sem revelar valores, a compra da Mantris, rede especializada em sa\u00fade ocupacional...Saiba mais","robots":{"index":"index","follow":"follow","max-snippet":"max-snippet:-1","max-image-preview":"max-image-preview:large","max-video-preview":"max-video-preview:-1"},"canonical":"https:\/\/www.suno.com.br\/noticias\/dasa-dasa3-conclui-compra-de-rede-de-saude-e-laboratorio-argentino\/","og_locale":"pt_BR","og_type":"article","og_title":"Dasa (DASA3) conclui compra de rede de sa\u00fade e laborat\u00f3rio argentino","og_description":"A Dasa (DASA3) anunciou nesta quinta (18), sem revelar valores, a compra da Mantris, rede especializada em sa\u00fade ocupacional...Saiba mais","og_url":"https:\/\/www.suno.com.br\/noticias\/dasa-dasa3-conclui-compra-de-rede-de-saude-e-laboratorio-argentino\/","og_site_name":"Suno Not\u00edcias","article_publisher":"https:\/\/facebook.com\/sunoresearch","og_image":[{"width":1280,"height":854,"url":"https:\/\/files.sunoresearch.com.br\/n\/uploads\/2021\/06\/3ca2b819-surgery-1822458_1280.jpg","type":"image\/jpeg"}],"author":"Bruno Galv\u00e3o","twitter_card":"summary_large_image","twitter_creator":"@sunoresearch","twitter_site":"@sunoresearch","twitter_misc":{"Escrito por":"Bruno Galv\u00e3o","Est. tempo de leitura":"2 minutos"},"schema":{"@context":"https:\/\/schema.org","@graph":[{"@type":"NewsArticle","@id":"https:\/\/www.suno.com.br\/noticias\/dasa-dasa3-conclui-compra-de-rede-de-saude-e-laboratorio-argentino\/#article","isPartOf":{"@id":"https:\/\/www.suno.com.br\/noticias\/dasa-dasa3-conclui-compra-de-rede-de-saude-e-laboratorio-argentino\/"},"author":{"name":"Bruno Galv\u00e3o","@id":"https:\/\/www.suno.com.br\/noticias\/#\/schema\/person\/06f0d962a6b1c54852e4860f16935600"},"headline":"Dasa (DASA3) conclui compra de rede de sa\u00fade e laborat\u00f3rio argentino","datePublished":"2021-11-18T22:48:16+00:00","mainEntityOfPage":{"@id":"https:\/\/www.suno.com.br\/noticias\/dasa-dasa3-conclui-compra-de-rede-de-saude-e-laboratorio-argentino\/"},"wordCount":494,"publisher":{"@id":"https:\/\/www.suno.com.br\/noticias\/#organization"},"image":{"@id":"https:\/\/www.suno.com.br\/noticias\/dasa-dasa3-conclui-compra-de-rede-de-saude-e-laboratorio-argentino\/#primaryimage"},"thumbnailUrl":"https:\/\/files.sunoresearch.com.br\/n\/uploads\/2021\/06\/3ca2b819-surgery-1822458_1280-jpg.webp","keywords":["Dasa (DASA3)"],"articleSection":["Neg\u00f3cios"],"inLanguage":"pt-BR"},{"@type":"WebPage","@id":"https:\/\/www.suno.com.br\/noticias\/dasa-dasa3-conclui-compra-de-rede-de-saude-e-laboratorio-argentino\/","url":"https:\/\/www.suno.com.br\/noticias\/dasa-dasa3-conclui-compra-de-rede-de-saude-e-laboratorio-argentino\/","name":"Dasa (DASA3) conclui compra de rede de sa\u00fade e laborat\u00f3rio argentino","isPartOf":{"@id":"https:\/\/www.suno.com.br\/noticias\/#website"},"primaryImageOfPage":{"@id":"https:\/\/www.suno.com.br\/noticias\/dasa-dasa3-conclui-compra-de-rede-de-saude-e-laboratorio-argentino\/#primaryimage"},"image":{"@id":"https:\/\/www.suno.com.br\/noticias\/dasa-dasa3-conclui-compra-de-rede-de-saude-e-laboratorio-argentino\/#primaryimage"},"thumbnailUrl":"https:\/\/files.sunoresearch.com.br\/n\/uploads\/2021\/06\/3ca2b819-surgery-1822458_1280-jpg.webp","datePublished":"2021-11-18T22:48:16+00:00","description":"A Dasa (DASA3) anunciou nesta quinta (18), sem revelar valores, a compra da Mantris, rede especializada em sa\u00fade ocupacional...Saiba mais","breadcrumb":{"@id":"https:\/\/www.suno.com.br\/noticias\/dasa-dasa3-conclui-compra-de-rede-de-saude-e-laboratorio-argentino\/#breadcrumb"},"inLanguage":"pt-BR","potentialAction":[{"@type":"ReadAction","target":["https:\/\/www.suno.com.br\/noticias\/dasa-dasa3-conclui-compra-de-rede-de-saude-e-laboratorio-argentino\/"]}]},{"@type":"ImageObject","inLanguage":"pt-BR","@id":"https:\/\/www.suno.com.br\/noticias\/dasa-dasa3-conclui-compra-de-rede-de-saude-e-laboratorio-argentino\/#primaryimage","url":"https:\/\/files.sunoresearch.com.br\/n\/uploads\/2021\/06\/3ca2b819-surgery-1822458_1280-jpg.webp","contentUrl":"https:\/\/files.sunoresearch.com.br\/n\/uploads\/2021\/06\/3ca2b819-surgery-1822458_1280-jpg.webp","width":1280,"height":854,"caption":"Dasa (DASA3) \u00e9 uma das potenciais compradoras da Amil, segundo o BofA - Foto: Pixabay"},{"@type":"BreadcrumbList","@id":"https:\/\/www.suno.com.br\/noticias\/dasa-dasa3-conclui-compra-de-rede-de-saude-e-laboratorio-argentino\/#breadcrumb","itemListElement":[{"@type":"ListItem","position":1,"name":"Not\u00edcias","item":"https:\/\/www.suno.com.br\/noticias\/"},{"@type":"ListItem","position":2,"name":"Neg\u00f3cios","item":"https:\/\/www.suno.com.br\/noticias\/negocios\/"},{"@type":"ListItem","position":3,"name":"Dasa (DASA3) conclui compra de rede de sa\u00fade e laborat\u00f3rio argentino"}]},{"@type":"WebSite","@id":"https:\/\/www.suno.com.br\/noticias\/#website","url":"https:\/\/www.suno.com.br\/noticias\/","name":"Suno Not\u00edcias","description":"Seu portal de informa\u00e7\u00e3o sobre o mundo dos investimentos","publisher":{"@id":"https:\/\/www.suno.com.br\/noticias\/#organization"},"potentialAction":[{"@type":"SearchAction","target":{"@type":"EntryPoint","urlTemplate":"https:\/\/www.suno.com.br\/noticias\/?s={search_term_string}"},"query-input":{"@type":"PropertyValueSpecification","valueRequired":true,"valueName":"search_term_string"}}],"inLanguage":"pt-BR"},{"@type":"Organization","@id":"https:\/\/www.suno.com.br\/noticias\/#organization","name":"Suno Not\u00edcias","url":"https:\/\/www.suno.com.br\/noticias\/","logo":{"@type":"ImageObject","inLanguage":"pt-BR","@id":"https:\/\/www.suno.com.br\/noticias\/#\/schema\/logo\/image\/","url":"https:\/\/files.sunoresearch.com.br\/n\/uploads\/2021\/09\/suno-logo.png","contentUrl":"https:\/\/files.sunoresearch.com.br\/n\/uploads\/2021\/09\/suno-logo.png","width":180,"height":180,"caption":"Suno Not\u00edcias"},"image":{"@id":"https:\/\/www.suno.com.br\/noticias\/#\/schema\/logo\/image\/"},"sameAs":["https:\/\/facebook.com\/sunoresearch","https:\/\/x.com\/sunoresearch","https:\/\/www.instagram.com\/suno","https:\/\/www.linkedin.com\/company\/suno-research\/","https:\/\/www.youtube.com\/c\/sunoresearch"]},{"@type":"Person","@id":"https:\/\/www.suno.com.br\/noticias\/#\/schema\/person\/06f0d962a6b1c54852e4860f16935600","name":"Bruno Galv\u00e3o","image":{"@type":"ImageObject","inLanguage":"pt-BR","@id":"https:\/\/www.suno.com.br\/noticias\/#\/schema\/person\/image\/","url":"https:\/\/secure.gravatar.com\/avatar\/53598df0b41c00f12f287a912d0e918e?s=96&r=g","contentUrl":"https:\/\/secure.gravatar.com\/avatar\/53598df0b41c00f12f287a912d0e918e?s=96&r=g","caption":"Bruno Galv\u00e3o"},"description":"Escreve para o portal Suno Not\u00edcias. \u00c9 estudante de Jornalismo pela Faculdade C\u00e1sper L\u00edbero e Letras pela USP. Entusiasta de tecnologia e intelig\u00eancia artificial.","url":"https:\/\/www.suno.com.br\/noticias\/author\/bruno-garcia\/"}]}},"default_loop_html":"<div class=\"cardsPage__listCard__boxs\"><div class=\"cardsPage__listCard__boxs__img\"><a href=\"https:\/\/www.suno.com.br\/noticias\/dasa-dasa3-conclui-compra-de-rede-de-saude-e-laboratorio-argentino\/\"><img class=\"mask\" src=\"https:\/\/www.suno.com.br\/noticias\/wp-content\/themes\/suno\/resources\/images\/spotlight\/spotlight1img\/bg-mask.png\" alt=\"Image Mask\"\/><img src=\"https:\/\/files.sunoresearch.com.br\/n\/uploads\/2021\/06\/3ca2b819-surgery-1822458_1280-400x200.webp\" alt=\"Dasa (DASA3) conclui compra de rede de sa\u00fade e laborat\u00f3rio argentino\"\/><\/a><span class=\"spotlightCategory\"><a href=\"https:\/\/www.suno.com.br\/noticias\/negocios\/\">Neg\u00f3cios<\/a><\/span><\/div><div class=\"cardsPage__listCard__boxs__content\"><a href=\"https:\/\/www.suno.com.br\/noticias\/dasa-dasa3-conclui-compra-de-rede-de-saude-e-laboratorio-argentino\/\"><h2 class=\"content__title\">Dasa (DASA3) conclui compra de rede de sa\u00fade e laborat\u00f3rio argentino<\/h2><\/a><div class=\"newsContent__article__meta\"><div class=\"newsContent__article__meta__authorBox\"><a href=\"https:\/\/www.suno.com.br\/noticias\/author\/bruno-garcia\/\" class=\"authorBox__avatar noMobi\"><img src=\"https:\/\/secure.gravatar.com\/avatar\/53598df0b41c00f12f287a912d0e918e?s=96&#038;r=g\" alt=\"Bruno Galv\u00e3o\"><\/a><div class=\"authorBox__name\"><span>por\n\t\t\t<a href=\"https:\/\/www.suno.com.br\/noticias\/author\/bruno-garcia\/\"><span itemprop=\"author\">Bruno Galv\u00e3o<\/span><\/a><\/span><time datetime=\"2021-11-18T19:48:16-03:00\" itemprop=\"datePublished\">18\/11\/2021 19:48<\/time><\/div><\/div><\/div><\/div><\/div>","single_layout":"posts","amp_enabled":true,"_links":{"self":[{"href":"https:\/\/www.suno.com.br\/noticias\/wp-json\/wp\/v2\/posts\/206679"}],"collection":[{"href":"https:\/\/www.suno.com.br\/noticias\/wp-json\/wp\/v2\/posts"}],"about":[{"href":"https:\/\/www.suno.com.br\/noticias\/wp-json\/wp\/v2\/types\/post"}],"author":[{"embeddable":true,"href":"https:\/\/www.suno.com.br\/noticias\/wp-json\/wp\/v2\/users\/118"}],"replies":[{"embeddable":true,"href":"https:\/\/www.suno.com.br\/noticias\/wp-json\/wp\/v2\/comments?post=206679"}],"version-history":[{"count":2,"href":"https:\/\/www.suno.com.br\/noticias\/wp-json\/wp\/v2\/posts\/206679\/revisions"}],"predecessor-version":[{"id":206693,"href":"https:\/\/www.suno.com.br\/noticias\/wp-json\/wp\/v2\/posts\/206679\/revisions\/206693"}],"wp:featuredmedia":[{"embeddable":true,"href":"https:\/\/www.suno.com.br\/noticias\/wp-json\/wp\/v2\/media\/154079"}],"wp:attachment":[{"href":"https:\/\/www.suno.com.br\/noticias\/wp-json\/wp\/v2\/media?parent=206679"}],"wp:term":[{"taxonomy":"category","embeddable":true,"href":"https:\/\/www.suno.com.br\/noticias\/wp-json\/wp\/v2\/categories?post=206679"},{"taxonomy":"post_tag","embeddable":true,"href":"https:\/\/www.suno.com.br\/noticias\/wp-json\/wp\/v2\/tags?post=206679"},{"taxonomy":"suno_strategy","embeddable":true,"href":"https:\/\/www.suno.com.br\/noticias\/wp-json\/wp\/v2\/suno_strategy?post=206679"}],"curies":[{"name":"wp","href":"https:\/\/api.w.org\/{rel}","templated":true}]}}