{"id":206622,"date":"2021-11-18T18:57:16","date_gmt":"2021-11-18T21:57:16","guid":{"rendered":"https:\/\/www.suno.com.br\/noticias\/?p=206622"},"modified":"2021-11-18T18:57:16","modified_gmt":"2021-11-18T21:57:16","slug":"evergrande-tomba-apos-venda-ativo","status":"publish","type":"post","link":"https:\/\/www.suno.com.br\/noticias\/evergrande-tomba-apos-venda-ativo\/","title":{"rendered":"A\u00e7\u00f5es da Evergrande tombam ap\u00f3s venda de ativo de US$ 273 milh\u00f5es"},"content":{"rendered":"<p>As a\u00e7\u00f5es da <strong>Evergrande<\/strong> ca\u00edram 5,7% nesta quinta-feira (18), ap\u00f3s a gigante do <a class=\"suno-keyword\" href=\"https:\/\/www.suno.com.br\/artigos\/mercado-imobiliario\/\" target=\"_blank\" rel=\"noopener\" data-force=\"no\" data-priority=\"2\">mercado imobili\u00e1rio<\/a> da China levantar cerca de US$ 273 milh\u00f5es com a venda de suas a\u00e7\u00f5es remanescentes na empresa produtora de filmes e streaming HengTen Networks &#8211; que por sua vez viu seus pap\u00e9is saltarem quase 25%. As informa\u00e7\u00f5es s\u00e3o de reportagem do portal de not\u00edcias da CNBC.<\/p>\t<div class=\"wrapper-featured-image\">\n\t\t<figure class=\"spotlightImg\">\n\n\t\t\t<picture>\n\t\t\t\t<source media=\"(max-width: 768px)\" srcset=\"https:\/\/files.sunoresearch.com.br\/n\/uploads\/2021\/09\/Residential_buildings_developed_by_Evergrande_in_Yuanyang-400x200.jpg\">\n\t\t\t\t<img loading=\"lazy\" decoding=\"async\" class=\"newsContent__article__imgCapa lazyloadDisabled \" src=\"https:\/\/files.sunoresearch.com.br\/n\/uploads\/2021\/09\/Residential_buildings_developed_by_Evergrande_in_Yuanyang-800x450.jpg\" width=\"800\" height=\"450\" alt=\"A\u00e7\u00f5es da Evergrande tombam ap\u00f3s venda de ativo de US$ 273 milh\u00f5es\" fetchpriority=high \/>\n\t\t\t<\/picture>\n\n\t\t\t<figcaption class=\"wp-caption-text wp-caption-text--show\">Evergrande. Foto: Reprodu\u00e7\u00e3o\/Site Evergrande<\/figcaption>\n\t\t<\/figure>\n\t<\/div>\n\n\n\t<p>\n\t\t<a href=\"https:\/\/lp.suno.com.br\/planilha-controle-gastos\/\" target=\"_blank\" data-element=\"shortcode-suno-banner\" title=\"Banner SUNO, clique e saiba mais\">\n\t\t\t<picture>\n\t\t\t\t<source media=\"(max-width: 500px)\" srcset=\"https:\/\/files.sunoresearch.com.br\/n\/uploads\/2023\/03\/400x300-Planilha-controle-de-gastos.png\">\n\t\t\t\t<img class=\"newsContent__article__imgCapa newsContent__article__imgCapa--banner\"\n\t\t\t\t\tsrc=\"https:\/\/files.sunoresearch.com.br\/n\/uploads\/2023\/03\/1420x240-Planilha-controle-de-gastos.png\"\n\t\t\t\t\tdata-promo-id=\"101751\"\t\t\t\t\t\t\t\t\t\twidth='1420' height='240'\t\t\t\t\talt=\"https:\/\/files.sunoresearch.com.br\/n\/uploads\/2023\/03\/1420x240-Planilha-controle-de-gastos.png\"\n\t\t\t\t>\n\t\t\t<\/picture>\n\t\t<\/a>\n\t<\/p>\n\n\n<p>A Evergrande possui, como ficou conhecida mundialmente, a<strong> maior d\u00edvida<\/strong> em d\u00f3lares entre as <strong>incorporadoras imobili\u00e1rias chinesas<\/strong> e ainda est\u00e1 \u00e0 beira do calote oficial este ano. A empresa fez o pagamento da 11\u00aa parcela do passivo e retomou a constru\u00e7\u00e3o de apartamentos devidos aos compradores. Mas isso \u00e9 apenas uma fra\u00e7\u00e3o do que o companhia deve.<\/p>\n<p>A venda da <strong>HengTen<\/strong> \u00e9 o mais recente esfor\u00e7o da Evergrande em sua jornada para levantar capital. O neg\u00f3cio vale US$ 2,13 bilh\u00f5es em Hong Kong, informou um documento divulgado hoje.<\/p>\n\t<p>\n\t\t<a href=\"https:\/\/lp.suno.com.br\/planilha-da-vida-financeira\/\" target=\"_blank\" data-element=\"shortcode-suno-banner\" title=\"Banner SUNO, clique e saiba mais\">\n\t\t\t<picture>\n\t\t\t\t<source media=\"(max-width: 500px)\" srcset=\"https:\/\/files.sunoresearch.com.br\/n\/uploads\/2023\/04\/400x300-Planilha-vida-financeira-true.png\">\n\t\t\t\t<img class=\"newsContent__article__imgCapa newsContent__article__imgCapa--banner\"\n\t\t\t\t\tsrc=\"https:\/\/files.sunoresearch.com.br\/n\/uploads\/2023\/04\/1420x240-Planilha-vida-financeira-true.png\"\n\t\t\t\t\tdata-promo-id=\"106682\"\t\t\t\t\t\t\t\t\t\twidth='1420' height='240'\t\t\t\t\talt=\"https:\/\/files.sunoresearch.com.br\/n\/uploads\/2023\/04\/1420x240-Planilha-vida-financeira-true.png\"\n\t\t\t\t>\n\t\t\t<\/picture>\n\t\t<\/a>\n\t<\/p>\n\n\n<p>De acordo com reportagem da CNBC, foi fechado um acordo na quarta-feira para vender cerca de 1,66 bilh\u00e3o de a\u00e7\u00f5es da HengTen para a Allied Resources Investment Holdings por US$ 1,28 de Hong Kong cada, como informa documento apresentado \u00e0 <a class=\"suno-keyword\" href=\"https:\/\/www.suno.com.br\/guias\/bolsa-de-valores\/\" target=\"_blank\" rel=\"noopener\" data-force=\"no\" data-priority=\"3\">bolsa de valores<\/a> de Hong Kong.<\/p>\n<p>Isso \u00e9 cerca de 24% abaixo do pre\u00e7o de fechamento da HengTen na quarta-feira, de US$ 1,69 de Hong Kong por a\u00e7\u00e3o.<\/p>\n<h2>Evergrande d\u00e1 calote de US$ 148,13 milh\u00f5es<\/h2>\n<p>Na semana passada, a Evergrande deixou de realizar um pagamento de juros de t\u00edtulos com valor total de US$ 148,13 milh\u00f5es, de acordo com comunicado \u00e0 imprensa da companhia alem\u00e3 Deutsche Marktscreening Agentur (DMSA).<\/p>\n\t<p>\n\t\t<a href=\"https:\/\/lp.suno.com.br\/ebook-como-analisar-uma-acao\/\" target=\"_blank\" data-element=\"shortcode-suno-banner\" title=\"Banner SUNO, clique e saiba mais\">\n\t\t\t<picture>\n\t\t\t\t<source media=\"(max-width: 500px)\" srcset=\"https:\/\/files.sunoresearch.com.br\/n\/uploads\/2023\/03\/Ebook-Acoes-Mobile-1.jpg\">\n\t\t\t\t<img class=\"newsContent__article__imgCapa newsContent__article__imgCapa--banner\"\n\t\t\t\t\tsrc=\"https:\/\/files.sunoresearch.com.br\/n\/uploads\/2023\/03\/Ebook-Acoes-Desktop-1.jpg\"\n\t\t\t\t\tdata-promo-id=\"171998\"\t\t\t\t\t\t\t\t\t\twidth='1420' height='286'\t\t\t\t\talt=\"https:\/\/files.sunoresearch.com.br\/n\/uploads\/2023\/03\/Ebook-Acoes-Desktop-1.jpg\"\n\t\t\t\t>\n\t\t\t<\/picture>\n\t\t<\/a>\n\t<\/p>\n\n\n<p>A companhia \u00e9 credora desses t\u00edtulos da Evergrande e disse que e \u201cn\u00e3o recebeu nenhum pagamento at\u00e9 per\u00edodo acordado\u201d, que foi encerrado hoje.<\/p>\n\t<div data-element=\"shortcode-read-more\" class=\"knowMore\">\n\t\t\t\t<span class=\"knowMore__title\">Saiba mais<\/span>\n\t\t\t\t<a class=\"knowMore__link\" href=\"https:\/\/www.suno.com.br\/noticias\/evergrande-deixou-pagar-titulos-venciam-hoje\/\">\n\t\t\tEvergrande deixou de pagar US$ 148 mi em juros de t\u00edtulos que venciam hoje\t\t<\/a>\n\t<\/div>\n\n\n<p>No documento, a DMSA lembra que prepara um processo de fal\u00eancia contra a <strong>Evergrande<\/strong> e convida os demais credores que n\u00e3o receberam os pagamentos devidos da incorporadora a se juntarem \u00e0 causa.<\/p>\n\t<p>\n\t\t<a href=\"\" target=\"_blank\" data-element=\"shortcode-suno-banner\" title=\"Banner SUNO, clique e saiba mais\">\n\t\t\t<picture>\n\t\t\t\t<source media=\"(max-width: 500px)\" srcset=\"\">\n\t\t\t\t<img class=\"newsContent__article__imgCapa newsContent__article__imgCapa--banner\"\n\t\t\t\t\tsrc=\"\"\n\t\t\t\t\tdata-promo-id=\"184190\"\t\t\t\t\t\t\t\t\t\t\t\t\t\t\talt=\"\"\n\t\t\t\t>\n\t\t\t<\/picture>\n\t\t<\/a>\n\t<\/p>\n\n\n","protected":false},"excerpt":{"rendered":"<p>As a\u00e7\u00f5es da Evergrande ca\u00edram 5,7% nesta quinta-feira (18), ap\u00f3s a gigante do mercado imobili\u00e1rio da China levantar cerca de US$ 273 milh\u00f5es com a venda de suas a\u00e7\u00f5es remanescentes na empresa produtora de filmes e streaming HengTen Networks &#8211; que por sua vez viu seus pap\u00e9is saltarem quase 25%. As informa\u00e7\u00f5es s\u00e3o de reportagem [&hellip;]<\/p>\n","protected":false},"author":118,"featured_media":185516,"comment_status":"closed","ping_status":"closed","sticky":false,"template":"","format":"standard","meta":[],"categories":[63],"tags":[],"suno_strategy":[],"class_list":["post-206622","post","type-post","status-publish","format-standard","has-post-thumbnail","hentry","category-internacional"],"yoast_head":"<!-- This site is optimized with the Yoast SEO plugin v24.4 - https:\/\/yoast.com\/wordpress\/plugins\/seo\/ -->\n<title>A\u00e7\u00f5es da Evergrande tombam ap\u00f3s venda de ativo de US$ 273 milh\u00f5es<\/title>\n<meta name=\"description\" content=\"As a\u00e7\u00f5es da Evergrande ca\u00edram 5,7% nesta quinta-feira (18), ap\u00f3s a gigante do mercado imobili\u00e1rio da China levantar cerca...Saiba mais\" \/>\n<meta name=\"robots\" content=\"index, follow, max-snippet:-1, max-image-preview:large, max-video-preview:-1\" \/>\n<link rel=\"canonical\" href=\"https:\/\/www.suno.com.br\/noticias\/evergrande-tomba-apos-venda-ativo\/\" \/>\n<meta property=\"og:locale\" content=\"pt_BR\" \/>\n<meta property=\"og:type\" content=\"article\" \/>\n<meta property=\"og:title\" content=\"A\u00e7\u00f5es da Evergrande tombam ap\u00f3s venda de ativo de US$ 273 milh\u00f5es\" \/>\n<meta property=\"og:description\" content=\"As a\u00e7\u00f5es da Evergrande ca\u00edram 5,7% nesta quinta-feira (18), ap\u00f3s a gigante do mercado imobili\u00e1rio da China levantar cerca...Saiba mais\" \/>\n<meta property=\"og:url\" content=\"https:\/\/www.suno.com.br\/noticias\/evergrande-tomba-apos-venda-ativo\/\" \/>\n<meta property=\"og:site_name\" content=\"Suno Not\u00edcias\" \/>\n<meta property=\"article:publisher\" content=\"https:\/\/facebook.com\/sunoresearch\" \/>\n<meta property=\"og:image\" content=\"https:\/\/files.sunoresearch.com.br\/n\/uploads\/2021\/09\/Residential_buildings_developed_by_Evergrande_in_Yuanyang.jpg\" \/>\n\t<meta property=\"og:image:width\" content=\"1280\" \/>\n\t<meta property=\"og:image:height\" content=\"853\" \/>\n\t<meta property=\"og:image:type\" content=\"image\/jpeg\" \/>\n<meta name=\"author\" content=\"Bruno Galv\u00e3o\" \/>\n<meta name=\"twitter:card\" content=\"summary_large_image\" \/>\n<meta name=\"twitter:creator\" content=\"@sunoresearch\" \/>\n<meta name=\"twitter:site\" content=\"@sunoresearch\" \/>\n<meta name=\"twitter:label1\" content=\"Escrito por\" \/>\n\t<meta name=\"twitter:data1\" content=\"Bruno Galv\u00e3o\" \/>\n\t<meta name=\"twitter:label2\" content=\"Est. tempo de leitura\" \/>\n\t<meta name=\"twitter:data2\" content=\"2 minutos\" \/>\n<script type=\"application\/ld+json\" class=\"yoast-schema-graph\">{\"@context\":\"https:\/\/schema.org\",\"@graph\":[{\"@type\":\"NewsArticle\",\"@id\":\"https:\/\/www.suno.com.br\/noticias\/evergrande-tomba-apos-venda-ativo\/#article\",\"isPartOf\":{\"@id\":\"https:\/\/www.suno.com.br\/noticias\/evergrande-tomba-apos-venda-ativo\/\"},\"author\":{\"name\":\"Bruno Galv\u00e3o\",\"@id\":\"https:\/\/www.suno.com.br\/noticias\/#\/schema\/person\/06f0d962a6b1c54852e4860f16935600\"},\"headline\":\"A\u00e7\u00f5es da Evergrande tombam ap\u00f3s venda de ativo de US$ 273 milh\u00f5es\",\"datePublished\":\"2021-11-18T21:57:16+00:00\",\"mainEntityOfPage\":{\"@id\":\"https:\/\/www.suno.com.br\/noticias\/evergrande-tomba-apos-venda-ativo\/\"},\"wordCount\":356,\"publisher\":{\"@id\":\"https:\/\/www.suno.com.br\/noticias\/#organization\"},\"image\":{\"@id\":\"https:\/\/www.suno.com.br\/noticias\/evergrande-tomba-apos-venda-ativo\/#primaryimage\"},\"thumbnailUrl\":\"https:\/\/files.sunoresearch.com.br\/n\/uploads\/2021\/09\/Residential_buildings_developed_by_Evergrande_in_Yuanyang.jpg\",\"articleSection\":[\"Internacional\"],\"inLanguage\":\"pt-BR\"},{\"@type\":\"WebPage\",\"@id\":\"https:\/\/www.suno.com.br\/noticias\/evergrande-tomba-apos-venda-ativo\/\",\"url\":\"https:\/\/www.suno.com.br\/noticias\/evergrande-tomba-apos-venda-ativo\/\",\"name\":\"A\u00e7\u00f5es da Evergrande tombam ap\u00f3s venda de ativo de US$ 273 milh\u00f5es\",\"isPartOf\":{\"@id\":\"https:\/\/www.suno.com.br\/noticias\/#website\"},\"primaryImageOfPage\":{\"@id\":\"https:\/\/www.suno.com.br\/noticias\/evergrande-tomba-apos-venda-ativo\/#primaryimage\"},\"image\":{\"@id\":\"https:\/\/www.suno.com.br\/noticias\/evergrande-tomba-apos-venda-ativo\/#primaryimage\"},\"thumbnailUrl\":\"https:\/\/files.sunoresearch.com.br\/n\/uploads\/2021\/09\/Residential_buildings_developed_by_Evergrande_in_Yuanyang.jpg\",\"datePublished\":\"2021-11-18T21:57:16+00:00\",\"description\":\"As a\u00e7\u00f5es da Evergrande ca\u00edram 5,7% nesta quinta-feira (18), ap\u00f3s a gigante do mercado imobili\u00e1rio da China levantar cerca...Saiba mais\",\"breadcrumb\":{\"@id\":\"https:\/\/www.suno.com.br\/noticias\/evergrande-tomba-apos-venda-ativo\/#breadcrumb\"},\"inLanguage\":\"pt-BR\",\"potentialAction\":[{\"@type\":\"ReadAction\",\"target\":[\"https:\/\/www.suno.com.br\/noticias\/evergrande-tomba-apos-venda-ativo\/\"]}]},{\"@type\":\"ImageObject\",\"inLanguage\":\"pt-BR\",\"@id\":\"https:\/\/www.suno.com.br\/noticias\/evergrande-tomba-apos-venda-ativo\/#primaryimage\",\"url\":\"https:\/\/files.sunoresearch.com.br\/n\/uploads\/2021\/09\/Residential_buildings_developed_by_Evergrande_in_Yuanyang.jpg\",\"contentUrl\":\"https:\/\/files.sunoresearch.com.br\/n\/uploads\/2021\/09\/Residential_buildings_developed_by_Evergrande_in_Yuanyang.jpg\",\"width\":1280,\"height\":853,\"caption\":\"Evergrande. Foto: Reprodu\u00e7\u00e3o\/Site Evergrande\"},{\"@type\":\"BreadcrumbList\",\"@id\":\"https:\/\/www.suno.com.br\/noticias\/evergrande-tomba-apos-venda-ativo\/#breadcrumb\",\"itemListElement\":[{\"@type\":\"ListItem\",\"position\":1,\"name\":\"Not\u00edcias\",\"item\":\"https:\/\/www.suno.com.br\/noticias\/\"},{\"@type\":\"ListItem\",\"position\":2,\"name\":\"Internacional\",\"item\":\"https:\/\/www.suno.com.br\/noticias\/internacional\/\"},{\"@type\":\"ListItem\",\"position\":3,\"name\":\"A\u00e7\u00f5es da Evergrande tombam ap\u00f3s venda de ativo de US$ 273 milh\u00f5es\"}]},{\"@type\":\"WebSite\",\"@id\":\"https:\/\/www.suno.com.br\/noticias\/#website\",\"url\":\"https:\/\/www.suno.com.br\/noticias\/\",\"name\":\"Suno Not\u00edcias\",\"description\":\"Seu portal de informa\u00e7\u00e3o sobre o mundo dos investimentos\",\"publisher\":{\"@id\":\"https:\/\/www.suno.com.br\/noticias\/#organization\"},\"potentialAction\":[{\"@type\":\"SearchAction\",\"target\":{\"@type\":\"EntryPoint\",\"urlTemplate\":\"https:\/\/www.suno.com.br\/noticias\/?s={search_term_string}\"},\"query-input\":{\"@type\":\"PropertyValueSpecification\",\"valueRequired\":true,\"valueName\":\"search_term_string\"}}],\"inLanguage\":\"pt-BR\"},{\"@type\":\"Organization\",\"@id\":\"https:\/\/www.suno.com.br\/noticias\/#organization\",\"name\":\"Suno Not\u00edcias\",\"url\":\"https:\/\/www.suno.com.br\/noticias\/\",\"logo\":{\"@type\":\"ImageObject\",\"inLanguage\":\"pt-BR\",\"@id\":\"https:\/\/www.suno.com.br\/noticias\/#\/schema\/logo\/image\/\",\"url\":\"https:\/\/files.sunoresearch.com.br\/n\/uploads\/2021\/09\/suno-logo.png\",\"contentUrl\":\"https:\/\/files.sunoresearch.com.br\/n\/uploads\/2021\/09\/suno-logo.png\",\"width\":180,\"height\":180,\"caption\":\"Suno Not\u00edcias\"},\"image\":{\"@id\":\"https:\/\/www.suno.com.br\/noticias\/#\/schema\/logo\/image\/\"},\"sameAs\":[\"https:\/\/facebook.com\/sunoresearch\",\"https:\/\/x.com\/sunoresearch\",\"https:\/\/www.instagram.com\/suno\",\"https:\/\/www.linkedin.com\/company\/suno-research\/\",\"https:\/\/www.youtube.com\/c\/sunoresearch\"]},{\"@type\":\"Person\",\"@id\":\"https:\/\/www.suno.com.br\/noticias\/#\/schema\/person\/06f0d962a6b1c54852e4860f16935600\",\"name\":\"Bruno Galv\u00e3o\",\"image\":{\"@type\":\"ImageObject\",\"inLanguage\":\"pt-BR\",\"@id\":\"https:\/\/www.suno.com.br\/noticias\/#\/schema\/person\/image\/\",\"url\":\"https:\/\/secure.gravatar.com\/avatar\/53598df0b41c00f12f287a912d0e918e?s=96&r=g\",\"contentUrl\":\"https:\/\/secure.gravatar.com\/avatar\/53598df0b41c00f12f287a912d0e918e?s=96&r=g\",\"caption\":\"Bruno Galv\u00e3o\"},\"description\":\"Escreve para o portal Suno Not\u00edcias. \u00c9 estudante de Jornalismo pela Faculdade C\u00e1sper L\u00edbero e Letras pela USP. Entusiasta de tecnologia e intelig\u00eancia artificial.\",\"url\":\"https:\/\/www.suno.com.br\/noticias\/author\/bruno-garcia\/\"}]}<\/script>\n<!-- \/ Yoast SEO plugin. -->","yoast_head_json":{"title":"A\u00e7\u00f5es da Evergrande tombam ap\u00f3s venda de ativo de US$ 273 milh\u00f5es","description":"As a\u00e7\u00f5es da Evergrande ca\u00edram 5,7% nesta quinta-feira (18), ap\u00f3s a gigante do mercado imobili\u00e1rio da China levantar cerca...Saiba mais","robots":{"index":"index","follow":"follow","max-snippet":"max-snippet:-1","max-image-preview":"max-image-preview:large","max-video-preview":"max-video-preview:-1"},"canonical":"https:\/\/www.suno.com.br\/noticias\/evergrande-tomba-apos-venda-ativo\/","og_locale":"pt_BR","og_type":"article","og_title":"A\u00e7\u00f5es da Evergrande tombam ap\u00f3s venda de ativo de US$ 273 milh\u00f5es","og_description":"As a\u00e7\u00f5es da Evergrande ca\u00edram 5,7% nesta quinta-feira (18), ap\u00f3s a gigante do mercado imobili\u00e1rio da China levantar cerca...Saiba mais","og_url":"https:\/\/www.suno.com.br\/noticias\/evergrande-tomba-apos-venda-ativo\/","og_site_name":"Suno Not\u00edcias","article_publisher":"https:\/\/facebook.com\/sunoresearch","og_image":[{"width":1280,"height":853,"url":"https:\/\/files.sunoresearch.com.br\/n\/uploads\/2021\/09\/Residential_buildings_developed_by_Evergrande_in_Yuanyang.jpg","type":"image\/jpeg"}],"author":"Bruno Galv\u00e3o","twitter_card":"summary_large_image","twitter_creator":"@sunoresearch","twitter_site":"@sunoresearch","twitter_misc":{"Escrito por":"Bruno Galv\u00e3o","Est. tempo de leitura":"2 minutos"},"schema":{"@context":"https:\/\/schema.org","@graph":[{"@type":"NewsArticle","@id":"https:\/\/www.suno.com.br\/noticias\/evergrande-tomba-apos-venda-ativo\/#article","isPartOf":{"@id":"https:\/\/www.suno.com.br\/noticias\/evergrande-tomba-apos-venda-ativo\/"},"author":{"name":"Bruno Galv\u00e3o","@id":"https:\/\/www.suno.com.br\/noticias\/#\/schema\/person\/06f0d962a6b1c54852e4860f16935600"},"headline":"A\u00e7\u00f5es da Evergrande tombam ap\u00f3s venda de ativo de US$ 273 milh\u00f5es","datePublished":"2021-11-18T21:57:16+00:00","mainEntityOfPage":{"@id":"https:\/\/www.suno.com.br\/noticias\/evergrande-tomba-apos-venda-ativo\/"},"wordCount":356,"publisher":{"@id":"https:\/\/www.suno.com.br\/noticias\/#organization"},"image":{"@id":"https:\/\/www.suno.com.br\/noticias\/evergrande-tomba-apos-venda-ativo\/#primaryimage"},"thumbnailUrl":"https:\/\/files.sunoresearch.com.br\/n\/uploads\/2021\/09\/Residential_buildings_developed_by_Evergrande_in_Yuanyang.jpg","articleSection":["Internacional"],"inLanguage":"pt-BR"},{"@type":"WebPage","@id":"https:\/\/www.suno.com.br\/noticias\/evergrande-tomba-apos-venda-ativo\/","url":"https:\/\/www.suno.com.br\/noticias\/evergrande-tomba-apos-venda-ativo\/","name":"A\u00e7\u00f5es da Evergrande tombam ap\u00f3s venda de ativo de US$ 273 milh\u00f5es","isPartOf":{"@id":"https:\/\/www.suno.com.br\/noticias\/#website"},"primaryImageOfPage":{"@id":"https:\/\/www.suno.com.br\/noticias\/evergrande-tomba-apos-venda-ativo\/#primaryimage"},"image":{"@id":"https:\/\/www.suno.com.br\/noticias\/evergrande-tomba-apos-venda-ativo\/#primaryimage"},"thumbnailUrl":"https:\/\/files.sunoresearch.com.br\/n\/uploads\/2021\/09\/Residential_buildings_developed_by_Evergrande_in_Yuanyang.jpg","datePublished":"2021-11-18T21:57:16+00:00","description":"As a\u00e7\u00f5es da Evergrande ca\u00edram 5,7% nesta quinta-feira (18), ap\u00f3s a gigante do mercado imobili\u00e1rio da China levantar cerca...Saiba mais","breadcrumb":{"@id":"https:\/\/www.suno.com.br\/noticias\/evergrande-tomba-apos-venda-ativo\/#breadcrumb"},"inLanguage":"pt-BR","potentialAction":[{"@type":"ReadAction","target":["https:\/\/www.suno.com.br\/noticias\/evergrande-tomba-apos-venda-ativo\/"]}]},{"@type":"ImageObject","inLanguage":"pt-BR","@id":"https:\/\/www.suno.com.br\/noticias\/evergrande-tomba-apos-venda-ativo\/#primaryimage","url":"https:\/\/files.sunoresearch.com.br\/n\/uploads\/2021\/09\/Residential_buildings_developed_by_Evergrande_in_Yuanyang.jpg","contentUrl":"https:\/\/files.sunoresearch.com.br\/n\/uploads\/2021\/09\/Residential_buildings_developed_by_Evergrande_in_Yuanyang.jpg","width":1280,"height":853,"caption":"Evergrande. Foto: Reprodu\u00e7\u00e3o\/Site Evergrande"},{"@type":"BreadcrumbList","@id":"https:\/\/www.suno.com.br\/noticias\/evergrande-tomba-apos-venda-ativo\/#breadcrumb","itemListElement":[{"@type":"ListItem","position":1,"name":"Not\u00edcias","item":"https:\/\/www.suno.com.br\/noticias\/"},{"@type":"ListItem","position":2,"name":"Internacional","item":"https:\/\/www.suno.com.br\/noticias\/internacional\/"},{"@type":"ListItem","position":3,"name":"A\u00e7\u00f5es da Evergrande tombam ap\u00f3s venda de ativo de US$ 273 milh\u00f5es"}]},{"@type":"WebSite","@id":"https:\/\/www.suno.com.br\/noticias\/#website","url":"https:\/\/www.suno.com.br\/noticias\/","name":"Suno Not\u00edcias","description":"Seu portal de informa\u00e7\u00e3o sobre o mundo dos investimentos","publisher":{"@id":"https:\/\/www.suno.com.br\/noticias\/#organization"},"potentialAction":[{"@type":"SearchAction","target":{"@type":"EntryPoint","urlTemplate":"https:\/\/www.suno.com.br\/noticias\/?s={search_term_string}"},"query-input":{"@type":"PropertyValueSpecification","valueRequired":true,"valueName":"search_term_string"}}],"inLanguage":"pt-BR"},{"@type":"Organization","@id":"https:\/\/www.suno.com.br\/noticias\/#organization","name":"Suno Not\u00edcias","url":"https:\/\/www.suno.com.br\/noticias\/","logo":{"@type":"ImageObject","inLanguage":"pt-BR","@id":"https:\/\/www.suno.com.br\/noticias\/#\/schema\/logo\/image\/","url":"https:\/\/files.sunoresearch.com.br\/n\/uploads\/2021\/09\/suno-logo.png","contentUrl":"https:\/\/files.sunoresearch.com.br\/n\/uploads\/2021\/09\/suno-logo.png","width":180,"height":180,"caption":"Suno Not\u00edcias"},"image":{"@id":"https:\/\/www.suno.com.br\/noticias\/#\/schema\/logo\/image\/"},"sameAs":["https:\/\/facebook.com\/sunoresearch","https:\/\/x.com\/sunoresearch","https:\/\/www.instagram.com\/suno","https:\/\/www.linkedin.com\/company\/suno-research\/","https:\/\/www.youtube.com\/c\/sunoresearch"]},{"@type":"Person","@id":"https:\/\/www.suno.com.br\/noticias\/#\/schema\/person\/06f0d962a6b1c54852e4860f16935600","name":"Bruno Galv\u00e3o","image":{"@type":"ImageObject","inLanguage":"pt-BR","@id":"https:\/\/www.suno.com.br\/noticias\/#\/schema\/person\/image\/","url":"https:\/\/secure.gravatar.com\/avatar\/53598df0b41c00f12f287a912d0e918e?s=96&r=g","contentUrl":"https:\/\/secure.gravatar.com\/avatar\/53598df0b41c00f12f287a912d0e918e?s=96&r=g","caption":"Bruno Galv\u00e3o"},"description":"Escreve para o portal Suno Not\u00edcias. \u00c9 estudante de Jornalismo pela Faculdade C\u00e1sper L\u00edbero e Letras pela USP. Entusiasta de tecnologia e intelig\u00eancia artificial.","url":"https:\/\/www.suno.com.br\/noticias\/author\/bruno-garcia\/"}]}},"default_loop_html":"<div class=\"cardsPage__listCard__boxs\"><div class=\"cardsPage__listCard__boxs__img\"><a href=\"https:\/\/www.suno.com.br\/noticias\/evergrande-tomba-apos-venda-ativo\/\"><img class=\"mask\" src=\"https:\/\/www.suno.com.br\/noticias\/wp-content\/themes\/suno\/resources\/images\/spotlight\/spotlight1img\/bg-mask.png\" alt=\"Image Mask\"\/><img src=\"https:\/\/files.sunoresearch.com.br\/n\/uploads\/2021\/09\/Residential_buildings_developed_by_Evergrande_in_Yuanyang-400x200.jpg\" alt=\"A\u00e7\u00f5es da Evergrande tombam ap\u00f3s venda de ativo de US$ 273 milh\u00f5es\"\/><\/a><span class=\"spotlightCategory\"><a href=\"https:\/\/www.suno.com.br\/noticias\/internacional\/\">Internacional<\/a><\/span><\/div><div class=\"cardsPage__listCard__boxs__content\"><a href=\"https:\/\/www.suno.com.br\/noticias\/evergrande-tomba-apos-venda-ativo\/\"><h2 class=\"content__title\">A\u00e7\u00f5es da Evergrande tombam ap\u00f3s venda de ativo de US$ 273 milh\u00f5es<\/h2><\/a><div class=\"newsContent__article__meta\"><div class=\"newsContent__article__meta__authorBox\"><a href=\"https:\/\/www.suno.com.br\/noticias\/author\/bruno-garcia\/\" class=\"authorBox__avatar noMobi\"><img src=\"https:\/\/secure.gravatar.com\/avatar\/53598df0b41c00f12f287a912d0e918e?s=96&#038;r=g\" alt=\"Bruno Galv\u00e3o\"><\/a><div class=\"authorBox__name\"><span>por\n\t\t\t<a href=\"https:\/\/www.suno.com.br\/noticias\/author\/bruno-garcia\/\"><span itemprop=\"author\">Bruno Galv\u00e3o<\/span><\/a><\/span><time datetime=\"2021-11-18T18:57:16-03:00\" itemprop=\"datePublished\">18\/11\/2021 18:57<\/time><\/div><\/div><\/div><\/div><\/div>","single_layout":"posts","amp_enabled":true,"_links":{"self":[{"href":"https:\/\/www.suno.com.br\/noticias\/wp-json\/wp\/v2\/posts\/206622"}],"collection":[{"href":"https:\/\/www.suno.com.br\/noticias\/wp-json\/wp\/v2\/posts"}],"about":[{"href":"https:\/\/www.suno.com.br\/noticias\/wp-json\/wp\/v2\/types\/post"}],"author":[{"embeddable":true,"href":"https:\/\/www.suno.com.br\/noticias\/wp-json\/wp\/v2\/users\/118"}],"replies":[{"embeddable":true,"href":"https:\/\/www.suno.com.br\/noticias\/wp-json\/wp\/v2\/comments?post=206622"}],"version-history":[{"count":3,"href":"https:\/\/www.suno.com.br\/noticias\/wp-json\/wp\/v2\/posts\/206622\/revisions"}],"predecessor-version":[{"id":206675,"href":"https:\/\/www.suno.com.br\/noticias\/wp-json\/wp\/v2\/posts\/206622\/revisions\/206675"}],"wp:featuredmedia":[{"embeddable":true,"href":"https:\/\/www.suno.com.br\/noticias\/wp-json\/wp\/v2\/media\/185516"}],"wp:attachment":[{"href":"https:\/\/www.suno.com.br\/noticias\/wp-json\/wp\/v2\/media?parent=206622"}],"wp:term":[{"taxonomy":"category","embeddable":true,"href":"https:\/\/www.suno.com.br\/noticias\/wp-json\/wp\/v2\/categories?post=206622"},{"taxonomy":"post_tag","embeddable":true,"href":"https:\/\/www.suno.com.br\/noticias\/wp-json\/wp\/v2\/tags?post=206622"},{"taxonomy":"suno_strategy","embeddable":true,"href":"https:\/\/www.suno.com.br\/noticias\/wp-json\/wp\/v2\/suno_strategy?post=206622"}],"curies":[{"name":"wp","href":"https:\/\/api.w.org\/{rel}","templated":true}]}}