{"id":206379,"date":"2021-11-18T08:15:15","date_gmt":"2021-11-18T11:15:15","guid":{"rendered":"https:\/\/www.suno.com.br\/noticias\/?p=206379"},"modified":"2021-11-18T08:15:15","modified_gmt":"2021-11-18T11:15:15","slug":"amazon-visa-reino-unido-cartao-de-credito","status":"publish","type":"post","link":"https:\/\/www.suno.com.br\/noticias\/amazon-visa-reino-unido-cartao-de-credito\/","title":{"rendered":"Amazon n\u00e3o ir\u00e1 mais aceitar cart\u00f5es Visa no Reino Unido"},"content":{"rendered":"<p>A <strong>Amazon<\/strong> <a href=\"https:\/\/www.suno.com.br\/artigos\/bdr-de-etf\/\">(AMZO34)<\/a> n\u00e3o ir\u00e1 mais aceitar pagamentos com cart\u00f5es de cr\u00e9dito de bandeira Visa no Reino Unido, por considerar as taxas muito altas.<\/p>\t<div class=\"wrapper-featured-image\">\n\t\t<figure class=\"spotlightImg\">\n\n\t\t\t<picture>\n\t\t\t\t<source media=\"(max-width: 768px)\" srcset=\"https:\/\/files.sunoresearch.com.br\/n\/uploads\/2021\/01\/d98b3b42-https___specials-images.forbesimg.com_imageserve_965339482_0x0-400x200.webp\">\n\t\t\t\t<img loading=\"lazy\" decoding=\"async\" class=\"newsContent__article__imgCapa lazyloadDisabled \" src=\"https:\/\/files.sunoresearch.com.br\/n\/uploads\/2021\/01\/d98b3b42-https___specials-images.forbesimg.com_imageserve_965339482_0x0-800x450.webp\" width=\"800\" height=\"450\" alt=\"Amazon n\u00e3o ir\u00e1 mais aceitar cart\u00f5es Visa no Reino Unido\" fetchpriority=high \/>\n\t\t\t<\/picture>\n\n\t\t\t<figcaption class=\"wp-caption-text wp-caption-text--show\">Decis\u00e3o da Amazon foi classificada pela Visa como &quot;amea\u00e7a ao consumidor&quot; - Foto: Divulga\u00e7\u00e3o<\/figcaption>\n\t\t<\/figure>\n\t<\/div>\n\n\n\t<p>\n\t\t<a href=\"https:\/\/lp.suno.com.br\/planilha-controle-gastos\/\" target=\"_blank\" data-element=\"shortcode-suno-banner\" title=\"Banner SUNO, clique e saiba mais\">\n\t\t\t<picture>\n\t\t\t\t<source media=\"(max-width: 500px)\" srcset=\"https:\/\/files.sunoresearch.com.br\/n\/uploads\/2023\/03\/400x300-Planilha-controle-de-gastos.png\">\n\t\t\t\t<img class=\"newsContent__article__imgCapa newsContent__article__imgCapa--banner\"\n\t\t\t\t\tsrc=\"https:\/\/files.sunoresearch.com.br\/n\/uploads\/2023\/03\/1420x240-Planilha-controle-de-gastos.png\"\n\t\t\t\t\tdata-promo-id=\"101751\"\t\t\t\t\t\t\t\t\t\twidth='1420' height='240'\t\t\t\t\talt=\"https:\/\/files.sunoresearch.com.br\/n\/uploads\/2023\/03\/1420x240-Planilha-controle-de-gastos.png\"\n\t\t\t\t>\n\t\t\t<\/picture>\n\t\t<\/a>\n\t<\/p>\n\n\n<p>A decis\u00e3o da Amazon ocasionou uma queda de quase <a href=\"https:\/\/www.suno.com.br\/artigos\/nyse\/\">5% nas a\u00e7\u00f5es da <strong>Visa<\/strong> em Nova York<\/a>, e\u00a0marca uma grande escalada na batalha de anos da gigante do varejo com a rede de cart\u00f5es.<\/p>\n<p>A varejista disse aos clientes que pararia os meios de <strong>pagamento<\/strong> a partir de 19 de janeiro. Altas <strong>taxas<\/strong> de interc\u00e2mbio em transa\u00e7\u00f5es com <strong><a class=\"suno-keyword\" href=\"https:\/\/www.suno.com.br\/artigos\/cartao-de-credito\/\" target=\"_blank\" rel=\"noopener\" data-force=\"no\" data-priority=\"3\">cart\u00e3o de cr\u00e9dito<\/a><\/strong> significam pre\u00e7os mais altos para os compradores, disse um porta-voz da Amazon.<\/p>\n\n\t<div data-element=\"shortcode-read-more\" class=\"readToo\">\n\t\t\t\t<span class=\"readToo__title\">Leia tamb\u00e9m<\/span>\n\t\t\t\t<ul class=\"readToo__list\">\n\t\t\t<li><a href=\"https:\/\/www.suno.com.br\/noticias\/ministro-fabio-faria-elon-musk-internet-amazonia\/\">Ministro F\u00e1bio Faria se re\u00fane com Elon Musk para levar internet \u00e0 Amaz\u00f4nia<\/a><\/li><li><a href=\"https:\/\/www.suno.com.br\/noticias\/guedes-quer-tesla-amazon-google-amazonia\/\">Selva do Sil\u00edcio: Guedes quer Tesla (TSLA34), Amazon (AMZO34) e Google (GOGL34) na Amaz\u00f4nia<\/a><\/li>\t\t<\/ul>\n\t<\/div>\n\n\n<p>Quando um comprador usa o <a href=\"https:\/\/www.suno.com.br\/artigos\/meios-de-pagamento\">meio de pagamento<\/a>, o comerciante paga uma taxa ao banco que o emitiu. Redes como Visa e <strong>Mastercard<\/strong> definem essas taxas.<\/p>\n<p>As porcentagens variam &#8211; os cart\u00f5es de cr\u00e9dito que pagam benef\u00edcios como recompensas de viagens s\u00e3o mais caros &#8211; mas costumam custar 2% ou mais.<\/p>\n<p>&#8220;Esses custos deveriam diminuir com o tempo com os avan\u00e7os tecnol\u00f3gicos&#8221;, disse o porta-voz da Amazon, &#8220;mas, em vez disso, continuam altos ou at\u00e9 mesmo aumentam&#8221;.<\/p>\n\t<p>\n\t\t<a href=\"https:\/\/lp.suno.com.br\/planilha-da-vida-financeira\/\" target=\"_blank\" data-element=\"shortcode-suno-banner\" title=\"Banner SUNO, clique e saiba mais\">\n\t\t\t<picture>\n\t\t\t\t<source media=\"(max-width: 500px)\" srcset=\"https:\/\/files.sunoresearch.com.br\/n\/uploads\/2023\/04\/400x300-Planilha-vida-financeira-true.png\">\n\t\t\t\t<img class=\"newsContent__article__imgCapa newsContent__article__imgCapa--banner\"\n\t\t\t\t\tsrc=\"https:\/\/files.sunoresearch.com.br\/n\/uploads\/2023\/04\/1420x240-Planilha-vida-financeira-true.png\"\n\t\t\t\t\tdata-promo-id=\"106682\"\t\t\t\t\t\t\t\t\t\twidth='1420' height='240'\t\t\t\t\talt=\"https:\/\/files.sunoresearch.com.br\/n\/uploads\/2023\/04\/1420x240-Planilha-vida-financeira-true.png\"\n\t\t\t\t>\n\t\t\t<\/picture>\n\t\t<\/a>\n\t<\/p>\n\n\n<h2>Visa classifica como &#8216;amea\u00e7a&#8217; a\u00e7\u00e3o da Amazon<\/h2>\n<p>A Visa disse que est\u00e1 tentando resolver a situa\u00e7\u00e3o para que os clientes possam continuar usando seus cart\u00f5es de cr\u00e9dito do <strong>Reino Unido<\/strong> ap\u00f3s o prazo de janeiro.<\/p>\n<p>&#8220;Estamos muito desapontados com a amea\u00e7a da Amazon de <a href=\"https:\/\/www.suno.com.br\/artigos\/liberalismo-economico\/\">restringir a escolha do <strong>consumidor<\/strong> no futuro<\/a>&#8220;, disse um porta-voz da Visa.<\/p>\n<p>Varejistas e redes de cart\u00f5es v\u00eam brigando por causa das taxas de interc\u00e2mbio h\u00e1 anos, mas Visa e Mastercard h\u00e1 muito tempo t\u00eam a vantagem.<\/p>\n<p>O uso de <strong>dinheiro<\/strong> como parcela dos pagamentos vem diminuindo h\u00e1 anos nos EUA, e a pandemia acelerou a mudan\u00e7a para os <strong>pagamentos<\/strong> digitais. Os varejistas que se recusam a aceitar cart\u00f5es de cr\u00e9dito correm o risco de uma grande queda nas vendas.<\/p>\n\t<p>\n\t\t<a href=\"https:\/\/lp.suno.com.br\/ebook-como-analisar-uma-acao\/\" target=\"_blank\" data-element=\"shortcode-suno-banner\" title=\"Banner SUNO, clique e saiba mais\">\n\t\t\t<picture>\n\t\t\t\t<source media=\"(max-width: 500px)\" srcset=\"https:\/\/files.sunoresearch.com.br\/n\/uploads\/2023\/03\/Ebook-Acoes-Mobile-1.jpg\">\n\t\t\t\t<img class=\"newsContent__article__imgCapa newsContent__article__imgCapa--banner\"\n\t\t\t\t\tsrc=\"https:\/\/files.sunoresearch.com.br\/n\/uploads\/2023\/03\/Ebook-Acoes-Desktop-1.jpg\"\n\t\t\t\t\tdata-promo-id=\"171998\"\t\t\t\t\t\t\t\t\t\twidth='1420' height='286'\t\t\t\t\talt=\"https:\/\/files.sunoresearch.com.br\/n\/uploads\/2023\/03\/Ebook-Acoes-Desktop-1.jpg\"\n\t\t\t\t>\n\t\t\t<\/picture>\n\t\t<\/a>\n\t<\/p>\n\n\n<p>A Amazon \u00e9 uma exce\u00e7\u00e3o \u00e0 regra. Uma das maiores varejistas do mundo, ela venceu a Visa em outros mercados, impondo uma sobretaxa nas compras com cart\u00e3o de cr\u00e9dito da empresa em Cingapura e na Austr\u00e1lia.<\/p>\n<p>Tamb\u00e9m est\u00e1 entre um grupo de grandes comerciantes que processaram Visa, Mastercard e grandes bancos emissores de <strong>cart\u00f5es<\/strong>, alegando que eles tramaram para evitar a competi\u00e7\u00e3o por taxas de interc\u00e2mbio.<\/p>\n<p>Os comerciantes afirmam que as <strong>taxas<\/strong> do cart\u00e3o s\u00e3o um imposto oculto, principalmente para consumidores de baixa renda, que t\u00eam maior probabilidade de pagar em dinheiro e, portanto, n\u00e3o obt\u00eam os benef\u00edcios dos cart\u00f5es de recompensa.<\/p>\n<p>No fechamento de mercado, os pap\u00e9is da Visa ca\u00edram 4,7% no preg\u00e3o de quarta (17), ao passo que as a\u00e7\u00f5es da <strong>Amazon<\/strong> subiram 0,23% na <a href=\"https:\/\/www.suno.com.br\/artigos\/nasdaq\">Nasdaq<\/a>.<\/p>\n<p><em>Com informa\u00e7\u00f5es do Estad\u00e3o Conte\u00fado<\/em><\/p>\n\t<p>\n\t\t<a href=\"https:\/\/lp.suno.com.br\/planilha-de-controle-de-investimentos\/\" target=\"_blank\" data-element=\"shortcode-suno-banner\" title=\"Banner SUNO, clique e saiba mais\">\n\t\t\t<picture>\n\t\t\t\t<source media=\"(max-width: 500px)\" srcset=\"https:\/\/files.sunoresearch.com.br\/n\/uploads\/2023\/03\/400x300-Controle-de-Investimentos.png\">\n\t\t\t\t<img class=\"newsContent__article__imgCapa newsContent__article__imgCapa--banner\"\n\t\t\t\t\tsrc=\"https:\/\/files.sunoresearch.com.br\/n\/uploads\/2023\/03\/1420x240-Controle-de-Investimentos.png\"\n\t\t\t\t\tdata-promo-id=\"75934\"\t\t\t\t\t\t\t\t\t\twidth='1420' height='240'\t\t\t\t\talt=\"https:\/\/files.sunoresearch.com.br\/n\/uploads\/2023\/03\/1420x240-Controle-de-Investimentos.png\"\n\t\t\t\t>\n\t\t\t<\/picture>\n\t\t<\/a>\n\t<\/p>\n\n\n","protected":false},"excerpt":{"rendered":"<p>A Amazon (AMZO34) n\u00e3o ir\u00e1 mais aceitar pagamentos com cart\u00f5es de cr\u00e9dito de bandeira Visa no Reino Unido, por considerar as taxas muito altas. Governo abre consulta sobre certifica\u00e7\u00e3o verde de produtos da Amaz\u00f4nia. Foto: Vlad Hilitanu\/Unsplash A decis\u00e3o da Amazon ocasionou uma queda de quase 5% nas a\u00e7\u00f5es da Visa em Nova York, e\u00a0marca [&hellip;]<\/p>\n","protected":false},"author":73,"featured_media":113041,"comment_status":"closed","ping_status":"closed","sticky":false,"template":"","format":"standard","meta":[],"categories":[63],"tags":[106444,694,1188,1291],"suno_strategy":[],"class_list":["post-206379","post","type-post","status-publish","format-standard","has-post-thumbnail","hentry","category-internacional","tag-agencias","tag-amazon-amzo34","tag-cartoes-de-credito","tag-visa-visa34"],"yoast_head":"<!-- This site is optimized with the Yoast SEO plugin v24.4 - https:\/\/yoast.com\/wordpress\/plugins\/seo\/ -->\n<title>Amazon n\u00e3o ir\u00e1 mais aceitar cart\u00f5es Visa no Reino Unido<\/title>\n<meta name=\"description\" content=\"Com o recente movimento da Amazon, maior varejista do mundo, as a\u00e7\u00f5es da Visa ca\u00edram quase 5% na Nasdaq. Clique aqui e leia mais.\" \/>\n<meta name=\"robots\" content=\"index, follow, max-snippet:-1, max-image-preview:large, max-video-preview:-1\" \/>\n<link rel=\"canonical\" href=\"https:\/\/www.suno.com.br\/noticias\/amazon-visa-reino-unido-cartao-de-credito\/\" \/>\n<meta property=\"og:locale\" content=\"pt_BR\" \/>\n<meta property=\"og:type\" content=\"article\" \/>\n<meta property=\"og:title\" content=\"Amazon n\u00e3o ir\u00e1 mais aceitar cart\u00f5es Visa no Reino Unido\" \/>\n<meta property=\"og:description\" content=\"Com o recente movimento da Amazon, maior varejista do mundo, as a\u00e7\u00f5es da Visa ca\u00edram quase 5% na Nasdaq. Clique aqui e leia mais.\" \/>\n<meta property=\"og:url\" content=\"https:\/\/www.suno.com.br\/noticias\/amazon-visa-reino-unido-cartao-de-credito\/\" \/>\n<meta property=\"og:site_name\" content=\"Suno Not\u00edcias\" \/>\n<meta property=\"article:publisher\" content=\"https:\/\/facebook.com\/sunoresearch\" \/>\n<meta property=\"og:image\" content=\"https:\/\/files.sunoresearch.com.br\/n\/uploads\/2021\/01\/d98b3b42-https___specials-images.forbesimg.com_imageserve_965339482_0x0.jpg\" \/>\n\t<meta property=\"og:image:width\" content=\"1200\" \/>\n\t<meta property=\"og:image:height\" content=\"800\" \/>\n\t<meta property=\"og:image:type\" content=\"image\/jpeg\" \/>\n<meta name=\"author\" content=\"Eduardo Vargas\" \/>\n<meta name=\"twitter:card\" content=\"summary_large_image\" \/>\n<meta name=\"twitter:creator\" content=\"@sunoresearch\" \/>\n<meta name=\"twitter:site\" content=\"@sunoresearch\" \/>\n<meta name=\"twitter:label1\" content=\"Escrito por\" \/>\n\t<meta name=\"twitter:data1\" content=\"Eduardo Vargas\" \/>\n\t<meta name=\"twitter:label2\" content=\"Est. tempo de leitura\" \/>\n\t<meta name=\"twitter:data2\" content=\"2 minutos\" \/>\n<script type=\"application\/ld+json\" class=\"yoast-schema-graph\">{\"@context\":\"https:\/\/schema.org\",\"@graph\":[{\"@type\":\"NewsArticle\",\"@id\":\"https:\/\/www.suno.com.br\/noticias\/amazon-visa-reino-unido-cartao-de-credito\/#article\",\"isPartOf\":{\"@id\":\"https:\/\/www.suno.com.br\/noticias\/amazon-visa-reino-unido-cartao-de-credito\/\"},\"author\":{\"name\":\"Eduardo Vargas\",\"@id\":\"https:\/\/www.suno.com.br\/noticias\/#\/schema\/person\/7f4d362bf3518e76090143ae77bb49a5\"},\"headline\":\"Amazon n\u00e3o ir\u00e1 mais aceitar cart\u00f5es Visa no Reino Unido\",\"datePublished\":\"2021-11-18T11:15:15+00:00\",\"mainEntityOfPage\":{\"@id\":\"https:\/\/www.suno.com.br\/noticias\/amazon-visa-reino-unido-cartao-de-credito\/\"},\"wordCount\":509,\"publisher\":{\"@id\":\"https:\/\/www.suno.com.br\/noticias\/#organization\"},\"image\":{\"@id\":\"https:\/\/www.suno.com.br\/noticias\/amazon-visa-reino-unido-cartao-de-credito\/#primaryimage\"},\"thumbnailUrl\":\"https:\/\/files.sunoresearch.com.br\/n\/uploads\/2021\/01\/d98b3b42-https___specials-images.forbesimg.com_imageserve_965339482_0x0-jpg.webp\",\"keywords\":[\"Ag\u00eancias\",\"Amazon (AMZO34)\",\"cart\u00f5es de cr\u00e9dito\",\"Visa (VISA34)\"],\"articleSection\":[\"Internacional\"],\"inLanguage\":\"pt-BR\"},{\"@type\":\"WebPage\",\"@id\":\"https:\/\/www.suno.com.br\/noticias\/amazon-visa-reino-unido-cartao-de-credito\/\",\"url\":\"https:\/\/www.suno.com.br\/noticias\/amazon-visa-reino-unido-cartao-de-credito\/\",\"name\":\"Amazon n\u00e3o ir\u00e1 mais aceitar cart\u00f5es Visa no Reino Unido\",\"isPartOf\":{\"@id\":\"https:\/\/www.suno.com.br\/noticias\/#website\"},\"primaryImageOfPage\":{\"@id\":\"https:\/\/www.suno.com.br\/noticias\/amazon-visa-reino-unido-cartao-de-credito\/#primaryimage\"},\"image\":{\"@id\":\"https:\/\/www.suno.com.br\/noticias\/amazon-visa-reino-unido-cartao-de-credito\/#primaryimage\"},\"thumbnailUrl\":\"https:\/\/files.sunoresearch.com.br\/n\/uploads\/2021\/01\/d98b3b42-https___specials-images.forbesimg.com_imageserve_965339482_0x0-jpg.webp\",\"datePublished\":\"2021-11-18T11:15:15+00:00\",\"description\":\"Com o recente movimento da Amazon, maior varejista do mundo, as a\u00e7\u00f5es da Visa ca\u00edram quase 5% na Nasdaq. Clique aqui e leia mais.\",\"breadcrumb\":{\"@id\":\"https:\/\/www.suno.com.br\/noticias\/amazon-visa-reino-unido-cartao-de-credito\/#breadcrumb\"},\"inLanguage\":\"pt-BR\",\"potentialAction\":[{\"@type\":\"ReadAction\",\"target\":[\"https:\/\/www.suno.com.br\/noticias\/amazon-visa-reino-unido-cartao-de-credito\/\"]}]},{\"@type\":\"ImageObject\",\"inLanguage\":\"pt-BR\",\"@id\":\"https:\/\/www.suno.com.br\/noticias\/amazon-visa-reino-unido-cartao-de-credito\/#primaryimage\",\"url\":\"https:\/\/files.sunoresearch.com.br\/n\/uploads\/2021\/01\/d98b3b42-https___specials-images.forbesimg.com_imageserve_965339482_0x0-jpg.webp\",\"contentUrl\":\"https:\/\/files.sunoresearch.com.br\/n\/uploads\/2021\/01\/d98b3b42-https___specials-images.forbesimg.com_imageserve_965339482_0x0-jpg.webp\",\"width\":1200,\"height\":800,\"caption\":\"Decis\u00e3o da Amazon foi classificada pela Visa como \\\"amea\u00e7a ao consumidor\\\" - Foto: Divulga\u00e7\u00e3o\"},{\"@type\":\"BreadcrumbList\",\"@id\":\"https:\/\/www.suno.com.br\/noticias\/amazon-visa-reino-unido-cartao-de-credito\/#breadcrumb\",\"itemListElement\":[{\"@type\":\"ListItem\",\"position\":1,\"name\":\"Not\u00edcias\",\"item\":\"https:\/\/www.suno.com.br\/noticias\/\"},{\"@type\":\"ListItem\",\"position\":2,\"name\":\"Internacional\",\"item\":\"https:\/\/www.suno.com.br\/noticias\/internacional\/\"},{\"@type\":\"ListItem\",\"position\":3,\"name\":\"Amazon n\u00e3o ir\u00e1 mais aceitar cart\u00f5es Visa no Reino Unido\"}]},{\"@type\":\"WebSite\",\"@id\":\"https:\/\/www.suno.com.br\/noticias\/#website\",\"url\":\"https:\/\/www.suno.com.br\/noticias\/\",\"name\":\"Suno Not\u00edcias\",\"description\":\"Seu portal de informa\u00e7\u00e3o sobre o mundo dos investimentos\",\"publisher\":{\"@id\":\"https:\/\/www.suno.com.br\/noticias\/#organization\"},\"potentialAction\":[{\"@type\":\"SearchAction\",\"target\":{\"@type\":\"EntryPoint\",\"urlTemplate\":\"https:\/\/www.suno.com.br\/noticias\/?s={search_term_string}\"},\"query-input\":{\"@type\":\"PropertyValueSpecification\",\"valueRequired\":true,\"valueName\":\"search_term_string\"}}],\"inLanguage\":\"pt-BR\"},{\"@type\":\"Organization\",\"@id\":\"https:\/\/www.suno.com.br\/noticias\/#organization\",\"name\":\"Suno Not\u00edcias\",\"url\":\"https:\/\/www.suno.com.br\/noticias\/\",\"logo\":{\"@type\":\"ImageObject\",\"inLanguage\":\"pt-BR\",\"@id\":\"https:\/\/www.suno.com.br\/noticias\/#\/schema\/logo\/image\/\",\"url\":\"https:\/\/files.sunoresearch.com.br\/n\/uploads\/2021\/09\/suno-logo.png\",\"contentUrl\":\"https:\/\/files.sunoresearch.com.br\/n\/uploads\/2021\/09\/suno-logo.png\",\"width\":180,\"height\":180,\"caption\":\"Suno Not\u00edcias\"},\"image\":{\"@id\":\"https:\/\/www.suno.com.br\/noticias\/#\/schema\/logo\/image\/\"},\"sameAs\":[\"https:\/\/facebook.com\/sunoresearch\",\"https:\/\/x.com\/sunoresearch\",\"https:\/\/www.instagram.com\/suno\",\"https:\/\/www.linkedin.com\/company\/suno-research\/\",\"https:\/\/www.youtube.com\/c\/sunoresearch\"]},{\"@type\":\"Person\",\"@id\":\"https:\/\/www.suno.com.br\/noticias\/#\/schema\/person\/7f4d362bf3518e76090143ae77bb49a5\",\"name\":\"Eduardo Vargas\",\"image\":{\"@type\":\"ImageObject\",\"inLanguage\":\"pt-BR\",\"@id\":\"https:\/\/www.suno.com.br\/noticias\/#\/schema\/person\/image\/\",\"url\":\"https:\/\/secure.gravatar.com\/avatar\/dac340933427a22924c9f99d1eb2e3f2?s=96&r=g\",\"contentUrl\":\"https:\/\/secure.gravatar.com\/avatar\/dac340933427a22924c9f99d1eb2e3f2?s=96&r=g\",\"caption\":\"Eduardo Vargas\"},\"description\":\"Jornalista formado pela UFSC, cobre macroeconomia, neg\u00f3cios e startups para o Suno Not\u00edcias, escrevendo principalmente not\u00edcias sobre o mercado financeiro e a bolsa de valores. No YouTube e no Instagram, \u00e9 respons\u00e1vel pela produ\u00e7\u00e3o de Reels e Shorts do Suno Not\u00edcias. Anteriormente, trabalhou cobrindo economia e cotidiano no ND+ e para o ND, maior jornal impresso de Santa Catarina. Cursou um semestre letivo de Estudos de M\u00eddia na Universidad de Buenos Aires.\",\"url\":\"https:\/\/www.suno.com.br\/noticias\/author\/eduardo-vargas\/\"}]}<\/script>\n<!-- \/ Yoast SEO plugin. -->","yoast_head_json":{"title":"Amazon n\u00e3o ir\u00e1 mais aceitar cart\u00f5es Visa no Reino Unido","description":"Com o recente movimento da Amazon, maior varejista do mundo, as a\u00e7\u00f5es da Visa ca\u00edram quase 5% na Nasdaq. Clique aqui e leia mais.","robots":{"index":"index","follow":"follow","max-snippet":"max-snippet:-1","max-image-preview":"max-image-preview:large","max-video-preview":"max-video-preview:-1"},"canonical":"https:\/\/www.suno.com.br\/noticias\/amazon-visa-reino-unido-cartao-de-credito\/","og_locale":"pt_BR","og_type":"article","og_title":"Amazon n\u00e3o ir\u00e1 mais aceitar cart\u00f5es Visa no Reino Unido","og_description":"Com o recente movimento da Amazon, maior varejista do mundo, as a\u00e7\u00f5es da Visa ca\u00edram quase 5% na Nasdaq. Clique aqui e leia mais.","og_url":"https:\/\/www.suno.com.br\/noticias\/amazon-visa-reino-unido-cartao-de-credito\/","og_site_name":"Suno Not\u00edcias","article_publisher":"https:\/\/facebook.com\/sunoresearch","og_image":[{"width":1200,"height":800,"url":"https:\/\/files.sunoresearch.com.br\/n\/uploads\/2021\/01\/d98b3b42-https___specials-images.forbesimg.com_imageserve_965339482_0x0.jpg","type":"image\/jpeg"}],"author":"Eduardo Vargas","twitter_card":"summary_large_image","twitter_creator":"@sunoresearch","twitter_site":"@sunoresearch","twitter_misc":{"Escrito por":"Eduardo Vargas","Est. tempo de leitura":"2 minutos"},"schema":{"@context":"https:\/\/schema.org","@graph":[{"@type":"NewsArticle","@id":"https:\/\/www.suno.com.br\/noticias\/amazon-visa-reino-unido-cartao-de-credito\/#article","isPartOf":{"@id":"https:\/\/www.suno.com.br\/noticias\/amazon-visa-reino-unido-cartao-de-credito\/"},"author":{"name":"Eduardo Vargas","@id":"https:\/\/www.suno.com.br\/noticias\/#\/schema\/person\/7f4d362bf3518e76090143ae77bb49a5"},"headline":"Amazon n\u00e3o ir\u00e1 mais aceitar cart\u00f5es Visa no Reino Unido","datePublished":"2021-11-18T11:15:15+00:00","mainEntityOfPage":{"@id":"https:\/\/www.suno.com.br\/noticias\/amazon-visa-reino-unido-cartao-de-credito\/"},"wordCount":509,"publisher":{"@id":"https:\/\/www.suno.com.br\/noticias\/#organization"},"image":{"@id":"https:\/\/www.suno.com.br\/noticias\/amazon-visa-reino-unido-cartao-de-credito\/#primaryimage"},"thumbnailUrl":"https:\/\/files.sunoresearch.com.br\/n\/uploads\/2021\/01\/d98b3b42-https___specials-images.forbesimg.com_imageserve_965339482_0x0-jpg.webp","keywords":["Ag\u00eancias","Amazon (AMZO34)","cart\u00f5es de cr\u00e9dito","Visa (VISA34)"],"articleSection":["Internacional"],"inLanguage":"pt-BR"},{"@type":"WebPage","@id":"https:\/\/www.suno.com.br\/noticias\/amazon-visa-reino-unido-cartao-de-credito\/","url":"https:\/\/www.suno.com.br\/noticias\/amazon-visa-reino-unido-cartao-de-credito\/","name":"Amazon n\u00e3o ir\u00e1 mais aceitar cart\u00f5es Visa no Reino Unido","isPartOf":{"@id":"https:\/\/www.suno.com.br\/noticias\/#website"},"primaryImageOfPage":{"@id":"https:\/\/www.suno.com.br\/noticias\/amazon-visa-reino-unido-cartao-de-credito\/#primaryimage"},"image":{"@id":"https:\/\/www.suno.com.br\/noticias\/amazon-visa-reino-unido-cartao-de-credito\/#primaryimage"},"thumbnailUrl":"https:\/\/files.sunoresearch.com.br\/n\/uploads\/2021\/01\/d98b3b42-https___specials-images.forbesimg.com_imageserve_965339482_0x0-jpg.webp","datePublished":"2021-11-18T11:15:15+00:00","description":"Com o recente movimento da Amazon, maior varejista do mundo, as a\u00e7\u00f5es da Visa ca\u00edram quase 5% na Nasdaq. Clique aqui e leia mais.","breadcrumb":{"@id":"https:\/\/www.suno.com.br\/noticias\/amazon-visa-reino-unido-cartao-de-credito\/#breadcrumb"},"inLanguage":"pt-BR","potentialAction":[{"@type":"ReadAction","target":["https:\/\/www.suno.com.br\/noticias\/amazon-visa-reino-unido-cartao-de-credito\/"]}]},{"@type":"ImageObject","inLanguage":"pt-BR","@id":"https:\/\/www.suno.com.br\/noticias\/amazon-visa-reino-unido-cartao-de-credito\/#primaryimage","url":"https:\/\/files.sunoresearch.com.br\/n\/uploads\/2021\/01\/d98b3b42-https___specials-images.forbesimg.com_imageserve_965339482_0x0-jpg.webp","contentUrl":"https:\/\/files.sunoresearch.com.br\/n\/uploads\/2021\/01\/d98b3b42-https___specials-images.forbesimg.com_imageserve_965339482_0x0-jpg.webp","width":1200,"height":800,"caption":"Decis\u00e3o da Amazon foi classificada pela Visa como \"amea\u00e7a ao consumidor\" - Foto: Divulga\u00e7\u00e3o"},{"@type":"BreadcrumbList","@id":"https:\/\/www.suno.com.br\/noticias\/amazon-visa-reino-unido-cartao-de-credito\/#breadcrumb","itemListElement":[{"@type":"ListItem","position":1,"name":"Not\u00edcias","item":"https:\/\/www.suno.com.br\/noticias\/"},{"@type":"ListItem","position":2,"name":"Internacional","item":"https:\/\/www.suno.com.br\/noticias\/internacional\/"},{"@type":"ListItem","position":3,"name":"Amazon n\u00e3o ir\u00e1 mais aceitar cart\u00f5es Visa no Reino Unido"}]},{"@type":"WebSite","@id":"https:\/\/www.suno.com.br\/noticias\/#website","url":"https:\/\/www.suno.com.br\/noticias\/","name":"Suno Not\u00edcias","description":"Seu portal de informa\u00e7\u00e3o sobre o mundo dos investimentos","publisher":{"@id":"https:\/\/www.suno.com.br\/noticias\/#organization"},"potentialAction":[{"@type":"SearchAction","target":{"@type":"EntryPoint","urlTemplate":"https:\/\/www.suno.com.br\/noticias\/?s={search_term_string}"},"query-input":{"@type":"PropertyValueSpecification","valueRequired":true,"valueName":"search_term_string"}}],"inLanguage":"pt-BR"},{"@type":"Organization","@id":"https:\/\/www.suno.com.br\/noticias\/#organization","name":"Suno Not\u00edcias","url":"https:\/\/www.suno.com.br\/noticias\/","logo":{"@type":"ImageObject","inLanguage":"pt-BR","@id":"https:\/\/www.suno.com.br\/noticias\/#\/schema\/logo\/image\/","url":"https:\/\/files.sunoresearch.com.br\/n\/uploads\/2021\/09\/suno-logo.png","contentUrl":"https:\/\/files.sunoresearch.com.br\/n\/uploads\/2021\/09\/suno-logo.png","width":180,"height":180,"caption":"Suno Not\u00edcias"},"image":{"@id":"https:\/\/www.suno.com.br\/noticias\/#\/schema\/logo\/image\/"},"sameAs":["https:\/\/facebook.com\/sunoresearch","https:\/\/x.com\/sunoresearch","https:\/\/www.instagram.com\/suno","https:\/\/www.linkedin.com\/company\/suno-research\/","https:\/\/www.youtube.com\/c\/sunoresearch"]},{"@type":"Person","@id":"https:\/\/www.suno.com.br\/noticias\/#\/schema\/person\/7f4d362bf3518e76090143ae77bb49a5","name":"Eduardo Vargas","image":{"@type":"ImageObject","inLanguage":"pt-BR","@id":"https:\/\/www.suno.com.br\/noticias\/#\/schema\/person\/image\/","url":"https:\/\/secure.gravatar.com\/avatar\/dac340933427a22924c9f99d1eb2e3f2?s=96&r=g","contentUrl":"https:\/\/secure.gravatar.com\/avatar\/dac340933427a22924c9f99d1eb2e3f2?s=96&r=g","caption":"Eduardo Vargas"},"description":"Jornalista formado pela UFSC, cobre macroeconomia, neg\u00f3cios e startups para o Suno Not\u00edcias, escrevendo principalmente not\u00edcias sobre o mercado financeiro e a bolsa de valores. No YouTube e no Instagram, \u00e9 respons\u00e1vel pela produ\u00e7\u00e3o de Reels e Shorts do Suno Not\u00edcias. Anteriormente, trabalhou cobrindo economia e cotidiano no ND+ e para o ND, maior jornal impresso de Santa Catarina. Cursou um semestre letivo de Estudos de M\u00eddia na Universidad de Buenos Aires.","url":"https:\/\/www.suno.com.br\/noticias\/author\/eduardo-vargas\/"}]}},"default_loop_html":"<div class=\"cardsPage__listCard__boxs\"><div class=\"cardsPage__listCard__boxs__img\"><a href=\"https:\/\/www.suno.com.br\/noticias\/guedes-quer-tesla-amazon-google-amazonia\/\"><img class=\"mask\" src=\"https:\/\/www.suno.com.br\/noticias\/wp-content\/themes\/suno\/resources\/images\/spotlight\/spotlight1img\/bg-mask.png\" alt=\"Image Mask\"\/><img src=\"https:\/\/files.sunoresearch.com.br\/n\/uploads\/2021\/11\/photo-1593069567131-53a0614dde1d-400x200.jpg\" alt=\"Selva do Sil\u00edcio: Guedes quer Tesla (TSLA34), Amazon (AMZO34) e Google (GOGL34) na Amaz\u00f4nia\"\/><\/a><span class=\"spotlightCategory\"><a href=\"https:\/\/www.suno.com.br\/noticias\/negocios\/\">Neg\u00f3cios<\/a><\/span><\/div><div class=\"cardsPage__listCard__boxs__content\"><a href=\"https:\/\/www.suno.com.br\/noticias\/guedes-quer-tesla-amazon-google-amazonia\/\"><h2 class=\"content__title\">Selva do Sil\u00edcio: Guedes quer Tesla (TSLA34), Amazon (AMZO34) e Google (GOGL34) na Amaz\u00f4nia<\/h2><\/a><div class=\"newsContent__article__meta\"><div class=\"newsContent__article__meta__authorBox\"><a href=\"https:\/\/www.suno.com.br\/noticias\/author\/redacao-suno\/\" class=\"authorBox__avatar noMobi\"><img src=\"https:\/\/files.sunoresearch.com.br\/n\/uploads\/2020\/08\/0ace682d-redacao-1-150x150.webp\" alt=\"Reda\u00e7\u00e3o Suno Not\u00edcias\"><\/a><div class=\"authorBox__name\"><span>por\n\t\t\t<a href=\"https:\/\/www.suno.com.br\/noticias\/author\/redacao-suno\/\"><span itemprop=\"author\">Reda\u00e7\u00e3o Suno Not\u00edcias<\/span><\/a><\/span><time datetime=\"2021-11-05T21:29:12-03:00\" itemprop=\"datePublished\">05\/11\/2021 21:29<\/time><\/div><\/div><\/div><\/div><\/div>","single_layout":"posts","amp_enabled":true,"_links":{"self":[{"href":"https:\/\/www.suno.com.br\/noticias\/wp-json\/wp\/v2\/posts\/206379"}],"collection":[{"href":"https:\/\/www.suno.com.br\/noticias\/wp-json\/wp\/v2\/posts"}],"about":[{"href":"https:\/\/www.suno.com.br\/noticias\/wp-json\/wp\/v2\/types\/post"}],"author":[{"embeddable":true,"href":"https:\/\/www.suno.com.br\/noticias\/wp-json\/wp\/v2\/users\/73"}],"replies":[{"embeddable":true,"href":"https:\/\/www.suno.com.br\/noticias\/wp-json\/wp\/v2\/comments?post=206379"}],"version-history":[{"count":4,"href":"https:\/\/www.suno.com.br\/noticias\/wp-json\/wp\/v2\/posts\/206379\/revisions"}],"predecessor-version":[{"id":206406,"href":"https:\/\/www.suno.com.br\/noticias\/wp-json\/wp\/v2\/posts\/206379\/revisions\/206406"}],"wp:featuredmedia":[{"embeddable":true,"href":"https:\/\/www.suno.com.br\/noticias\/wp-json\/wp\/v2\/media\/113041"}],"wp:attachment":[{"href":"https:\/\/www.suno.com.br\/noticias\/wp-json\/wp\/v2\/media?parent=206379"}],"wp:term":[{"taxonomy":"category","embeddable":true,"href":"https:\/\/www.suno.com.br\/noticias\/wp-json\/wp\/v2\/categories?post=206379"},{"taxonomy":"post_tag","embeddable":true,"href":"https:\/\/www.suno.com.br\/noticias\/wp-json\/wp\/v2\/tags?post=206379"},{"taxonomy":"suno_strategy","embeddable":true,"href":"https:\/\/www.suno.com.br\/noticias\/wp-json\/wp\/v2\/suno_strategy?post=206379"}],"curies":[{"name":"wp","href":"https:\/\/api.w.org\/{rel}","templated":true}]}}