{"id":206230,"date":"2021-11-17T18:44:43","date_gmt":"2021-11-17T21:44:43","guid":{"rendered":"https:\/\/www.suno.com.br\/noticias\/?p=206230"},"modified":"2021-11-17T18:44:43","modified_gmt":"2021-11-17T21:44:43","slug":"reforma-trabalhista-estimular-empregos","status":"publish","type":"post","link":"https:\/\/www.suno.com.br\/noticias\/reforma-trabalhista-estimular-empregos\/","title":{"rendered":"Reforma trabalhista completa 4 anos sem estimular a cria\u00e7\u00e3o de empregos"},"content":{"rendered":"<p>Neste m\u00eas de novembro, a<strong> reforma trabalhista<\/strong> completou seu quarto ano. Na opini\u00e3o de especialistas, a medida trouxe modifica\u00e7\u00f5es nas rela\u00e7\u00f5es de trabalho, mas n\u00e3o entregou o que havia proposto: a gera\u00e7\u00e3o de empregos. Ao contr\u00e1rio, potencializou a informalidade e a precariza\u00e7\u00e3o dos direitos trabalhistas.<\/p>\t<div class=\"wrapper-featured-image\">\n\t\t<figure class=\"spotlightImg\">\n\n\t\t\t<picture>\n\t\t\t\t<source media=\"(max-width: 768px)\" srcset=\"https:\/\/files.sunoresearch.com.br\/n\/uploads\/2021\/04\/c613d3b8-carteira_de_trabalho2-400x200.webp\">\n\t\t\t\t<img loading=\"lazy\" decoding=\"async\" class=\"newsContent__article__imgCapa lazyloadDisabled \" src=\"https:\/\/files.sunoresearch.com.br\/n\/uploads\/2021\/04\/c613d3b8-carteira_de_trabalho2-800x450.webp\" width=\"800\" height=\"450\" alt=\"Reforma trabalhista completa 4 anos sem estimular a cria\u00e7\u00e3o de empregos\" fetchpriority=high \/>\n\t\t\t<\/picture>\n\n\t\t\t<figcaption class=\"wp-caption-text wp-caption-text--show\">IBGE ter\u00e1 processo seletivo para mais de 8 mil vagas; saiba mais. Foto: Marcello Casal\/Ag\u00eancia Brasil<\/figcaption>\n\t\t<\/figure>\n\t<\/div>\n\n\n\t<p>\n\t\t<a href=\"https:\/\/lp.suno.com.br\/planilha-controle-gastos\/\" target=\"_blank\" data-element=\"shortcode-suno-banner\" title=\"Banner SUNO, clique e saiba mais\">\n\t\t\t<picture>\n\t\t\t\t<source media=\"(max-width: 500px)\" srcset=\"https:\/\/files.sunoresearch.com.br\/n\/uploads\/2023\/03\/400x300-Planilha-controle-de-gastos.png\">\n\t\t\t\t<img class=\"newsContent__article__imgCapa newsContent__article__imgCapa--banner\"\n\t\t\t\t\tsrc=\"https:\/\/files.sunoresearch.com.br\/n\/uploads\/2023\/03\/1420x240-Planilha-controle-de-gastos.png\"\n\t\t\t\t\tdata-promo-id=\"101751\"\t\t\t\t\t\t\t\t\t\twidth='1420' height='240'\t\t\t\t\talt=\"https:\/\/files.sunoresearch.com.br\/n\/uploads\/2023\/03\/1420x240-Planilha-controle-de-gastos.png\"\n\t\t\t\t>\n\t\t\t<\/picture>\n\t\t<\/a>\n\t<\/p>\n\n\n<p>Para a advogada especialista em Direito do Trabalho e s\u00f3cia do escrit\u00f3rio Mauro Menezes &amp; Advogados, C\u00edntia Fernandes, o quarto ano ap\u00f3s a reforma confirma a incompatibilidade do discurso sobre o aumento da empregabilidade mediante a supress\u00e3o de direitos. &#8220;Diversamente, e desassociado do per\u00edodo de pandemia, verifica-se que ap\u00f3s o advento da reforma trabalhista foram elevados os<strong> n\u00fameros de desemprego<\/strong> e potencializada a precariza\u00e7\u00e3o e a informalidade do trabalho. Portanto, verifica-se que as altera\u00e7\u00f5es promovidas impactaram negativamente as condi\u00e7\u00f5es de trabalho por consequ\u00eancia a economia do pa\u00eds&#8221;, avalia.<\/p>\n<p>J\u00e1 para Lariane Del Vecchio,\u00a0 advogada especialista em Direito do Trabalho do escrit\u00f3rio Aith, Badari e Luchin Advogados, a reforma incentivou a <strong>informalidade<\/strong> e n\u00e3o significou um aumento real de renda, nem para as empresas, nem para os trabalhadores. &#8220;A ideia da reforma era moderniza\u00e7\u00e3o, flexibiliza\u00e7\u00e3o e gera\u00e7\u00e3o de empregos. Ocorre que, depois de quatro anos, vemos que ela n\u00e3o trouxe os avan\u00e7os esperados, pelo contr\u00e1rio, diante de todo cen\u00e1rio de<strong> desemprego e pandemia<\/strong>, temos o aumento do desemprego e a precariza\u00e7\u00e3o das rela\u00e7\u00f5es de emprego. Assim, aumentaram a informalidade e a falsa pejotiza\u00e7\u00e3o&#8221;, observa.<\/p>\n<p>A reforma trabalhista alterou mais de 100 itens da Consolida\u00e7\u00e3o das Leis Trabalhistas (CLT) e flexibilizou uma s\u00e9rie de<strong> direitos dos empregados<\/strong> no Pa\u00eds. Entre as principais altera\u00e7\u00f5es est\u00e3o a cria\u00e7\u00e3o do contrato intermitente, a introdu\u00e7\u00e3o da ideia de negociado prevalecendo sobre o legislado, a amplia\u00e7\u00e3o da jornada de trabalho parcial, a amplia\u00e7\u00e3o da terceiriza\u00e7\u00e3o para as atividades-fim e n\u00e3o somente nas atividades-meio, a regulamenta\u00e7\u00e3o do teletrabalho e, a partir de 2020, toda a legisla\u00e7\u00e3o trabalhista emergencial, destacando-se os programas de preserva\u00e7\u00e3o do emprego e da renda a partir da suspens\u00e3o dos contratos de trabalho e redu\u00e7\u00e3o de jornada mediante negocia\u00e7\u00e3o individual.<\/p>\n<p>A advogada e especialista em Direito do Trabalho Karolen Gualda pondera que apenas mudan\u00e7as na lei n\u00e3o criam vagas de emprego. &#8220;Infelizmente, por in\u00fameros motivos, as mudan\u00e7as n\u00e3o cumpriram o prometido. Dentre eles, destaca-se o fato de que a flexibiliza\u00e7\u00e3o n\u00e3o \u00e9 capaz de estimular a economia, essa sim, \u00fanica respons\u00e1vel pela cria\u00e7\u00e3o de novas vagas de emprego&#8221;.<\/p>\n\t<p>\n\t\t<a href=\"https:\/\/lp.suno.com.br\/planilha-da-vida-financeira\/\" target=\"_blank\" data-element=\"shortcode-suno-banner\" title=\"Banner SUNO, clique e saiba mais\">\n\t\t\t<picture>\n\t\t\t\t<source media=\"(max-width: 500px)\" srcset=\"https:\/\/files.sunoresearch.com.br\/n\/uploads\/2023\/04\/400x300-Planilha-vida-financeira-true.png\">\n\t\t\t\t<img class=\"newsContent__article__imgCapa newsContent__article__imgCapa--banner\"\n\t\t\t\t\tsrc=\"https:\/\/files.sunoresearch.com.br\/n\/uploads\/2023\/04\/1420x240-Planilha-vida-financeira-true.png\"\n\t\t\t\t\tdata-promo-id=\"106682\"\t\t\t\t\t\t\t\t\t\twidth='1420' height='240'\t\t\t\t\talt=\"https:\/\/files.sunoresearch.com.br\/n\/uploads\/2023\/04\/1420x240-Planilha-vida-financeira-true.png\"\n\t\t\t\t>\n\t\t\t<\/picture>\n\t\t<\/a>\n\t<\/p>\n\n\n<p>Gualda aponta que a<strong> flexibiliza\u00e7\u00e3o da CLT<\/strong> era positiva em in\u00fameros pontos, mas o que tem se visto \u00e9 a inseguran\u00e7a jur\u00eddica, comprovada pelos julgamentos de inconstitucionalidade no Supremo Tribunal Federal (STF). &#8220;A redu\u00e7\u00e3o do n\u00famero de a\u00e7\u00f5es trabalhistas, confirmada pelos dados estat\u00edsticos, est\u00e1 prestes a cair por terra com a decis\u00e3o do STF pelo n\u00e3o pagamento dos honor\u00e1rios periciais e sucumbenciais pelos benefici\u00e1rios da justi\u00e7a gratuita. Muito pouco restou da grande reforma e certamente a cria\u00e7\u00e3o de empregos n\u00e3o \u00e9 um legado que a ela poder\u00e1 ser atribu\u00eddo&#8221;, conclui a advogada.<\/p>\n<p>O juiz do trabalho Otavio Calvet avalia, tamb\u00e9m, que o principal fator para gera\u00e7\u00e3o de empregos \u00e9 o <a class=\"suno-keyword\" href=\"https:\/\/www.suno.com.br\/artigos\/desenvolvimento-economico\/\" target=\"_blank\" rel=\"noopener\" data-force=\"no\" data-priority=\"1\">desenvolvimento econ\u00f4mico<\/a>. &#8220;Infelizmente, o nosso Pa\u00eds vem sofrendo sucessivas<strong> crises financeira<\/strong>, pol\u00edtica e, recentemente, pand\u00eamica. Isso dificultou o desenvolvimento da economia e n\u00e3o pudemos perceber os efeitos positivos das novas regras trabalhistas no que concerne ao aumento dos postos de trabalho&#8221;.<\/p>\n<p>Nos tribunais, Calvet aponta a sensa\u00e7\u00e3o de que algumas regras podem ajudar num cen\u00e1rio de economia mais aquecida. &#8220;Por terem desburocratizado, criado modalidades contratuais e dado maior seguran\u00e7a jur\u00eddica \u00e0s empresas, criou-se um ambiente mais favor\u00e1vel para a gera\u00e7\u00e3o de empregos. Mas at\u00e9 agora, repito, n\u00e3o conseguimos vislumbrar o principal fator: o <strong>aquecimento da economia<\/strong>&#8220;, diz o juiz.<\/p>\n<p>Do ponto de vista do advogado, professor da Universidade Federal do Paran\u00e1 e Diretor Cient\u00edfico do IEPREV, Marco Aurelio Serau Junior, as mudan\u00e7as podem ser consideradas, na realidade, um verdadeiro &#8216;processo de reforma trabalhista&#8217;, pois desde 2017 diversas leis e medidas provis\u00f3rias ampliaram o caminho da altera\u00e7\u00e3o das leis trabalhistas.<\/p>\n<p>&#8220;O discurso de necessidade de diminui\u00e7\u00e3o dos<strong> direitos trabalhistas<\/strong> como \u00fanica forma de amplia\u00e7\u00e3o dos postos de trabalho n\u00e3o se confirmou na pr\u00e1tica. As estat\u00edsticas demonstram que n\u00e3o ocorreu a cria\u00e7\u00e3o de novos postos de trabalho de modo expressivo, ou que estes se deram em formas precarizadas, como o contrato intermitente, ou a partir de trabalho aut\u00f4nomo, especialmente por plataformas digitais&#8221;, analisa o especialista.<\/p>\n\t<p>\n\t\t<a href=\"https:\/\/lp.suno.com.br\/ebook-como-analisar-uma-acao\/\" target=\"_blank\" data-element=\"shortcode-suno-banner\" title=\"Banner SUNO, clique e saiba mais\">\n\t\t\t<picture>\n\t\t\t\t<source media=\"(max-width: 500px)\" srcset=\"https:\/\/files.sunoresearch.com.br\/n\/uploads\/2023\/03\/Ebook-Acoes-Mobile-1.jpg\">\n\t\t\t\t<img class=\"newsContent__article__imgCapa newsContent__article__imgCapa--banner\"\n\t\t\t\t\tsrc=\"https:\/\/files.sunoresearch.com.br\/n\/uploads\/2023\/03\/Ebook-Acoes-Desktop-1.jpg\"\n\t\t\t\t\tdata-promo-id=\"171998\"\t\t\t\t\t\t\t\t\t\twidth='1420' height='286'\t\t\t\t\talt=\"https:\/\/files.sunoresearch.com.br\/n\/uploads\/2023\/03\/Ebook-Acoes-Desktop-1.jpg\"\n\t\t\t\t>\n\t\t\t<\/picture>\n\t\t<\/a>\n\t<\/p>\n\n\n<p>Para Serau Junior \u00e9 significativo notar que, a partir de 2020, o processo de reforma trabalhista foi aprofundado com a perspectiva trazida pela pandemia, &#8220;que serviu de motivo para amplia\u00e7\u00e3o da transforma\u00e7\u00e3o da legisla\u00e7\u00e3o trabalhista para muito mais al\u00e9m do que as simples necessidades de adapta\u00e7\u00e3o advindas do cen\u00e1rio de isolamento social&#8221;.<\/p>\n<p>Lariane Del Vecchio frisa, ainda, que a fragilidade do <a class=\"suno-keyword\" href=\"https:\/\/www.suno.com.br\/artigos\/mercado-de-trabalho\/\" target=\"_blank\" rel=\"noopener\" data-force=\"no\" data-priority=\"2\">mercado de trabalho<\/a> e dos direitos do trabalhador ficaram mais evidentes com tantas altera\u00e7\u00f5es legislativas. &#8220;Tivemos reforma trabalhista, reforma previdenci\u00e1ria, <a class=\"suno-keyword\" href=\"https:\/\/www.suno.com.br\/artigos\/crise-economica-oportunidade-ou-ameaca\/\" target=\"_blank\" rel=\"noopener\" data-force=\"no\" data-priority=\"1\">crise econ\u00f4mica<\/a>, crise pand\u00eamica, Contrato Verde e Amarelo, minirreforma trabalhista, programa emergencial de manuten\u00e7\u00e3o do emprego e renda, Medidas Provis\u00f3rias de redu\u00e7\u00e3o de sal\u00e1rio e jornada e em cada uma destas situa\u00e7\u00f5es, vimos o desmonte dos direitos trabalhistas, constitucionais e previdenci\u00e1rios e da prote\u00e7\u00e3o social, o que naturalmente acarreta inseguran\u00e7a ao trabalhador&#8221;.<\/p>\n<h2><b>Uberiza\u00e7\u00e3o e informalidade s\u00e3o legado da reforma trabalhista<\/b><\/h2>\n<p>Na esteira de mudan\u00e7as das rela\u00e7\u00f5es trabalhistas e da revolu\u00e7\u00e3o digital, intensificada no per\u00edodo da pandemia, surgiu um novo fen\u00f4meno batizado como &#8216;<strong>uberiza\u00e7\u00e3o<\/strong>&#8216;. Trata-se de um modelo de trabalho que prev\u00ea um estilo mais informal, flex\u00edvel e por demanda, vinculado principalmente aos aplicativos de entregas e de transporte.<\/p>\n<p>O advogado Ruslan Stuchi, s\u00f3cio do Stuchi Advogados, ressalta que essa nova rela\u00e7\u00e3o de trabalho surgiu de uma maneira natural em um cen\u00e1rio econ\u00f4mico dif\u00edcil, n\u00e3o s\u00f3 do Brasil, mas do mundo. &#8220;H\u00e1 um grande aumento na <strong>automa\u00e7\u00e3o e na intelig\u00eancia artificial<\/strong>, que cuida das tarefas repetitivas. Isso faz com que aumente a demanda por um novo tipo de trabalho, onde as pr\u00f3prias pessoas querem ter uma nova rotina, com autonomia nas tarefas e a possibilidade de optar quando querem trabalhar e para quem querem trabalhar&#8221;, explica.<\/p>\n<p>Por outro lado, segundo Stuchi, esse novo modelo traz alguns desafios e problemas na quest\u00e3o dos direitos trabalhistas, pois esses trabalhadores n\u00e3o possuem, por exemplo, sal\u00e1rio fixo, nenhum tipo de estabilidade ou benef\u00edcio em caso de acidente de trabalho, nenhuma garantia trabalhista estabelecida pela CLT e nenhuma remunera\u00e7\u00e3o por extra &#8211; ou seja, nenhuma seguran\u00e7a jur\u00eddica.<\/p>\n\t<p>\n\t\t<a href=\"https:\/\/lp.suno.com.br\/planilha-de-controle-de-investimentos\/\" target=\"_blank\" data-element=\"shortcode-suno-banner\" title=\"Banner SUNO, clique e saiba mais\">\n\t\t\t<picture>\n\t\t\t\t<source media=\"(max-width: 500px)\" srcset=\"https:\/\/files.sunoresearch.com.br\/n\/uploads\/2023\/03\/400x300-Controle-de-Investimentos.png\">\n\t\t\t\t<img class=\"newsContent__article__imgCapa newsContent__article__imgCapa--banner\"\n\t\t\t\t\tsrc=\"https:\/\/files.sunoresearch.com.br\/n\/uploads\/2023\/03\/1420x240-Controle-de-Investimentos.png\"\n\t\t\t\t\tdata-promo-id=\"75934\"\t\t\t\t\t\t\t\t\t\twidth='1420' height='240'\t\t\t\t\talt=\"https:\/\/files.sunoresearch.com.br\/n\/uploads\/2023\/03\/1420x240-Controle-de-Investimentos.png\"\n\t\t\t\t>\n\t\t\t<\/picture>\n\t\t<\/a>\n\t<\/p>\n\n\n<p>De acordo com a advogada C\u00edntia Fernandes, o aumento da informalidade desencadeado pela reforma trabalhista resultou na uberiza\u00e7\u00e3o. &#8220;Os trabalhadores est\u00e3o envoltos de uma apar\u00eancia de autonomia em patente contradi\u00e7\u00e3o com uma realidade de subordina\u00e7\u00e3o e hipossufici\u00eancia. Al\u00e9m disso, a condi\u00e7\u00e3o de vulnerabilidade desses trabalhadores n\u00e3o permite que a rela\u00e7\u00e3o seja ison\u00f4mica, principalmente ao considerar a situa\u00e7\u00e3o de depend\u00eancia do trabalhador para o fim de sobreviv\u00eancia&#8221;, aponta.<\/p>\n<p>A especialista destaca que, pela rela\u00e7\u00e3o atual com aplicativos, os trabalhadores sofrem um desamparo legal. &#8220;Trata-se de uma resposta ao desemprego mediante trabalho em<strong> condi\u00e7\u00f5es prec\u00e1rias<\/strong> e com a supress\u00e3o de direito, por meio de uma falsa premissa de trabalho aut\u00f4nomo, que viabiliza a explora\u00e7\u00e3o por meio de jornadas de trabalho extenuantes, baixos sal\u00e1rios e desamparo legal&#8221;.<\/p>\n<p>Diante desse cen\u00e1rio, o Minist\u00e9rio P\u00fablico do Trabalho (MPT) ajuizou, no \u00faltimo dia 8 de novembro, a\u00e7\u00f5es contra empresas de trabalho por aplicativos a fim de que o Poder Judici\u00e1rio reconhe\u00e7a o v\u00ednculo de emprego dos aplicativos com os motoristas e entregadores de mercadorias. O \u00f3rg\u00e3o pede a garantia de direitos sociais trabalhistas, securit\u00e1rios e previdenci\u00e1rios, al\u00e9m da melhoria das condi\u00e7\u00f5es de sa\u00fade e seguran\u00e7a do trabalho nas atividades desenvolvidas por esses profissionais. As a\u00e7\u00f5es foram protocoladas pela Procuradoria Regional do Trabalho da 2\u00aa Regi\u00e3o, em S\u00e3o Paulo, e t\u00eam \u00e2mbito nacional.<\/p>\n<p>O MPT tamb\u00e9m defende que a atitude das empresas representa fraude \u00e0s rela\u00e7\u00f5es trabalhistas e solicita a condena\u00e7\u00e3o das mesmas para que registrem imediatamente seus motoristas, independentemente de local de resid\u00eancia e da inscri\u00e7\u00e3o como <a class=\"suno-keyword\" href=\"https:\/\/www.suno.com.br\/artigos\/mei\/\" target=\"_blank\" rel=\"noopener\" data-force=\"no\" data-priority=\"3\">microempreendedor individual (MEI)<\/a>, em carteira de trabalho, sob pena de multa de R$ 10 mil por trabalhador encontrado em situa\u00e7\u00e3o irregular, a cada constata\u00e7\u00e3o. Segundo o MPT, as fraudes nas rela\u00e7\u00f5es trabalhistas das empresas de aplicativos j\u00e1 s\u00e3o alvo de 625 inqu\u00e9ritos civis por todo o Pa\u00eds.<\/p>\n\t<div data-element=\"shortcode-read-more\" class=\"knowMore\">\n\t\t\t\t<span class=\"knowMore__title\">Saiba mais<\/span>\n\t\t\t\t<a class=\"knowMore__link\" href=\"https:\/\/www.suno.com.br\/noticias\/desemprego-pnad-ibge-emprego-trabalho\/\">\n\t\t\tDesemprego: Pnad aponta 14 milh\u00f5es de brasileiros sem trabalho at\u00e9 julho\t\t<\/a>\n\t<\/div>\n\n\n<p>O professor Serau Junior alerta que a Justi\u00e7a do Trabalho em todo o mundo ainda se debate sobre a situa\u00e7\u00e3o dos trabalhadores por aplicativos terem ou n\u00e3o v\u00ednculo de emprego. &#8220;O entendimento oscila bastante, embora se possa dizer que prevalecem as decis\u00f5es, em termos mundiais, que reconhecem algum tipo de rela\u00e7\u00e3o de trabalho a\u00ed, ou mesmo reconhecem o v\u00ednculo de emprego. No Brasil, o terreno ainda \u00e9 bastante movedi\u00e7o e a jurisprud\u00eancia se inclina para a inexist\u00eancia da rela\u00e7\u00e3o de emprego, admitindo que se trata de presta\u00e7\u00e3o de trabalho aut\u00f4nomo e n\u00e3o subordinado&#8221;, analisa.<\/p>\n<p>De acordo com o especialista, as a\u00e7\u00f5es coletivas promovidas pelo MPT s\u00e3o bem interessantes, porque podem propiciar solu\u00e7\u00f5es coletivas e mais definitivas a respeito do tema. &#8220;\u00c9 muito importante que exista alguma forma de regulamenta\u00e7\u00e3o dessa quest\u00e3o, pois, atualmente, esses trabalhadores n\u00e3o possuem qualquer forma de prote\u00e7\u00e3o jur\u00eddica, tal como garantia de renda m\u00ednima, dura\u00e7\u00e3o m\u00e1xima da jornada de trabalho ou cobertura para acidentes do trabalho. Do ajuizamento desse tipo de a\u00e7\u00e3o coletiva, por\u00e9m, pode ocorrer um reflexo negativo, no sentido de ser antecipada alguma forma de regulamenta\u00e7\u00e3o por parte do Governo Federal (medida provis\u00f3ria) ou do Congresso Nacional (aprova\u00e7\u00e3o de lei), a qual porventura pode fixar que n\u00e3o exista rela\u00e7\u00e3o de emprego e que esse tipo de atividade se trata de trabalho aut\u00f4nomo&#8221;, pontua.<\/p>\n<p><em>(Com informa\u00e7\u00f5es da Ag\u00eancia Estado)<\/em><\/p>\n\t<p>\n\t\t<a href=\"\" target=\"_blank\" data-element=\"shortcode-suno-banner\" title=\"Banner SUNO, clique e saiba mais\">\n\t\t\t<picture>\n\t\t\t\t<source media=\"(max-width: 500px)\" srcset=\"\">\n\t\t\t\t<img class=\"newsContent__article__imgCapa newsContent__article__imgCapa--banner\"\n\t\t\t\t\tsrc=\"\"\n\t\t\t\t\tdata-promo-id=\"184190\"\t\t\t\t\t\t\t\t\t\t\t\t\t\t\talt=\"\"\n\t\t\t\t>\n\t\t\t<\/picture>\n\t\t<\/a>\n\t<\/p>\n\n\n","protected":false},"excerpt":{"rendered":"<p>Neste m\u00eas de novembro, a reforma trabalhista completou seu quarto ano. Na opini\u00e3o de especialistas, a medida trouxe modifica\u00e7\u00f5es nas rela\u00e7\u00f5es de trabalho, mas n\u00e3o entregou o que havia proposto: a gera\u00e7\u00e3o de empregos. Ao contr\u00e1rio, potencializou a informalidade e a precariza\u00e7\u00e3o dos direitos trabalhistas. IBGE ter\u00e1 processo seletivo para mais de 8 mil vagas; [&hellip;]<\/p>\n","protected":false},"author":118,"featured_media":143006,"comment_status":"closed","ping_status":"closed","sticky":false,"template":"","format":"standard","meta":[],"categories":[62],"tags":[1296,1796,105816,1213],"suno_strategy":[],"class_list":["post-206230","post","type-post","status-publish","format-standard","has-post-thumbnail","hentry","category-economia","tag-desemprego","tag-emprego","tag-especialistas","tag-reforma-trabalhista"],"yoast_head":"<!-- This site is optimized with the Yoast SEO plugin v24.4 - https:\/\/yoast.com\/wordpress\/plugins\/seo\/ -->\n<title>Reforma trabalhista completa 4 anos sem estimular a cria\u00e7\u00e3o de empregos<\/title>\n<meta name=\"description\" content=\"Neste m\u00eas de novembro, a reforma trabalhista completou seu quarto ano. Na opini\u00e3o de especialistas, a medida trouxe modifica\u00e7\u00f5es...Saiba mais\" \/>\n<meta name=\"robots\" content=\"index, follow, max-snippet:-1, max-image-preview:large, max-video-preview:-1\" \/>\n<link rel=\"canonical\" href=\"https:\/\/www.suno.com.br\/noticias\/reforma-trabalhista-estimular-empregos\/\" \/>\n<meta property=\"og:locale\" content=\"pt_BR\" \/>\n<meta property=\"og:type\" content=\"article\" \/>\n<meta property=\"og:title\" content=\"Reforma trabalhista completa 4 anos sem estimular a cria\u00e7\u00e3o de empregos\" \/>\n<meta property=\"og:description\" content=\"Neste m\u00eas de novembro, a reforma trabalhista completou seu quarto ano. Na opini\u00e3o de especialistas, a medida trouxe modifica\u00e7\u00f5es...Saiba mais\" \/>\n<meta property=\"og:url\" content=\"https:\/\/www.suno.com.br\/noticias\/reforma-trabalhista-estimular-empregos\/\" \/>\n<meta property=\"og:site_name\" content=\"Suno Not\u00edcias\" \/>\n<meta property=\"article:publisher\" content=\"https:\/\/facebook.com\/sunoresearch\" \/>\n<meta property=\"og:image\" content=\"https:\/\/files.sunoresearch.com.br\/n\/uploads\/2021\/04\/c613d3b8-carteira_de_trabalho2.jpg\" \/>\n\t<meta property=\"og:image:width\" content=\"1170\" \/>\n\t<meta property=\"og:image:height\" content=\"700\" \/>\n\t<meta property=\"og:image:type\" content=\"image\/jpeg\" \/>\n<meta name=\"author\" content=\"Bruno Galv\u00e3o\" \/>\n<meta name=\"twitter:card\" content=\"summary_large_image\" \/>\n<meta name=\"twitter:creator\" content=\"@sunoresearch\" \/>\n<meta name=\"twitter:site\" content=\"@sunoresearch\" \/>\n<meta name=\"twitter:label1\" content=\"Escrito por\" \/>\n\t<meta name=\"twitter:data1\" content=\"Bruno Galv\u00e3o\" \/>\n\t<meta name=\"twitter:label2\" content=\"Est. tempo de leitura\" \/>\n\t<meta name=\"twitter:data2\" content=\"7 minutos\" \/>\n<script type=\"application\/ld+json\" class=\"yoast-schema-graph\">{\"@context\":\"https:\/\/schema.org\",\"@graph\":[{\"@type\":\"NewsArticle\",\"@id\":\"https:\/\/www.suno.com.br\/noticias\/reforma-trabalhista-estimular-empregos\/#article\",\"isPartOf\":{\"@id\":\"https:\/\/www.suno.com.br\/noticias\/reforma-trabalhista-estimular-empregos\/\"},\"author\":{\"name\":\"Bruno Galv\u00e3o\",\"@id\":\"https:\/\/www.suno.com.br\/noticias\/#\/schema\/person\/06f0d962a6b1c54852e4860f16935600\"},\"headline\":\"Reforma trabalhista completa 4 anos sem estimular a cria\u00e7\u00e3o de empregos\",\"datePublished\":\"2021-11-17T21:44:43+00:00\",\"mainEntityOfPage\":{\"@id\":\"https:\/\/www.suno.com.br\/noticias\/reforma-trabalhista-estimular-empregos\/\"},\"wordCount\":1813,\"publisher\":{\"@id\":\"https:\/\/www.suno.com.br\/noticias\/#organization\"},\"image\":{\"@id\":\"https:\/\/www.suno.com.br\/noticias\/reforma-trabalhista-estimular-empregos\/#primaryimage\"},\"thumbnailUrl\":\"https:\/\/files.sunoresearch.com.br\/n\/uploads\/2021\/04\/c613d3b8-carteira_de_trabalho2-jpg.webp\",\"keywords\":[\"Desemprego\",\"Emprego\",\"Especialistas\",\"reforma trabalhista\"],\"articleSection\":[\"Economia\"],\"inLanguage\":\"pt-BR\"},{\"@type\":\"WebPage\",\"@id\":\"https:\/\/www.suno.com.br\/noticias\/reforma-trabalhista-estimular-empregos\/\",\"url\":\"https:\/\/www.suno.com.br\/noticias\/reforma-trabalhista-estimular-empregos\/\",\"name\":\"Reforma trabalhista completa 4 anos sem estimular a cria\u00e7\u00e3o de empregos\",\"isPartOf\":{\"@id\":\"https:\/\/www.suno.com.br\/noticias\/#website\"},\"primaryImageOfPage\":{\"@id\":\"https:\/\/www.suno.com.br\/noticias\/reforma-trabalhista-estimular-empregos\/#primaryimage\"},\"image\":{\"@id\":\"https:\/\/www.suno.com.br\/noticias\/reforma-trabalhista-estimular-empregos\/#primaryimage\"},\"thumbnailUrl\":\"https:\/\/files.sunoresearch.com.br\/n\/uploads\/2021\/04\/c613d3b8-carteira_de_trabalho2-jpg.webp\",\"datePublished\":\"2021-11-17T21:44:43+00:00\",\"description\":\"Neste m\u00eas de novembro, a reforma trabalhista completou seu quarto ano. Na opini\u00e3o de especialistas, a medida trouxe modifica\u00e7\u00f5es...Saiba mais\",\"breadcrumb\":{\"@id\":\"https:\/\/www.suno.com.br\/noticias\/reforma-trabalhista-estimular-empregos\/#breadcrumb\"},\"inLanguage\":\"pt-BR\",\"potentialAction\":[{\"@type\":\"ReadAction\",\"target\":[\"https:\/\/www.suno.com.br\/noticias\/reforma-trabalhista-estimular-empregos\/\"]}]},{\"@type\":\"ImageObject\",\"inLanguage\":\"pt-BR\",\"@id\":\"https:\/\/www.suno.com.br\/noticias\/reforma-trabalhista-estimular-empregos\/#primaryimage\",\"url\":\"https:\/\/files.sunoresearch.com.br\/n\/uploads\/2021\/04\/c613d3b8-carteira_de_trabalho2-jpg.webp\",\"contentUrl\":\"https:\/\/files.sunoresearch.com.br\/n\/uploads\/2021\/04\/c613d3b8-carteira_de_trabalho2-jpg.webp\",\"width\":1170,\"height\":700,\"caption\":\"IBGE ter\u00e1 processo seletivo para mais de 8 mil vagas; saiba mais. Foto: Marcello Casal\/Ag\u00eancia Brasil\"},{\"@type\":\"BreadcrumbList\",\"@id\":\"https:\/\/www.suno.com.br\/noticias\/reforma-trabalhista-estimular-empregos\/#breadcrumb\",\"itemListElement\":[{\"@type\":\"ListItem\",\"position\":1,\"name\":\"Not\u00edcias\",\"item\":\"https:\/\/www.suno.com.br\/noticias\/\"},{\"@type\":\"ListItem\",\"position\":2,\"name\":\"Economia\",\"item\":\"https:\/\/www.suno.com.br\/noticias\/economia\/\"},{\"@type\":\"ListItem\",\"position\":3,\"name\":\"Reforma trabalhista completa 4 anos sem estimular a cria\u00e7\u00e3o de empregos\"}]},{\"@type\":\"WebSite\",\"@id\":\"https:\/\/www.suno.com.br\/noticias\/#website\",\"url\":\"https:\/\/www.suno.com.br\/noticias\/\",\"name\":\"Suno Not\u00edcias\",\"description\":\"Seu portal de informa\u00e7\u00e3o sobre o mundo dos investimentos\",\"publisher\":{\"@id\":\"https:\/\/www.suno.com.br\/noticias\/#organization\"},\"potentialAction\":[{\"@type\":\"SearchAction\",\"target\":{\"@type\":\"EntryPoint\",\"urlTemplate\":\"https:\/\/www.suno.com.br\/noticias\/?s={search_term_string}\"},\"query-input\":{\"@type\":\"PropertyValueSpecification\",\"valueRequired\":true,\"valueName\":\"search_term_string\"}}],\"inLanguage\":\"pt-BR\"},{\"@type\":\"Organization\",\"@id\":\"https:\/\/www.suno.com.br\/noticias\/#organization\",\"name\":\"Suno Not\u00edcias\",\"url\":\"https:\/\/www.suno.com.br\/noticias\/\",\"logo\":{\"@type\":\"ImageObject\",\"inLanguage\":\"pt-BR\",\"@id\":\"https:\/\/www.suno.com.br\/noticias\/#\/schema\/logo\/image\/\",\"url\":\"https:\/\/files.sunoresearch.com.br\/n\/uploads\/2021\/09\/suno-logo.png\",\"contentUrl\":\"https:\/\/files.sunoresearch.com.br\/n\/uploads\/2021\/09\/suno-logo.png\",\"width\":180,\"height\":180,\"caption\":\"Suno Not\u00edcias\"},\"image\":{\"@id\":\"https:\/\/www.suno.com.br\/noticias\/#\/schema\/logo\/image\/\"},\"sameAs\":[\"https:\/\/facebook.com\/sunoresearch\",\"https:\/\/x.com\/sunoresearch\",\"https:\/\/www.instagram.com\/suno\",\"https:\/\/www.linkedin.com\/company\/suno-research\/\",\"https:\/\/www.youtube.com\/c\/sunoresearch\"]},{\"@type\":\"Person\",\"@id\":\"https:\/\/www.suno.com.br\/noticias\/#\/schema\/person\/06f0d962a6b1c54852e4860f16935600\",\"name\":\"Bruno Galv\u00e3o\",\"image\":{\"@type\":\"ImageObject\",\"inLanguage\":\"pt-BR\",\"@id\":\"https:\/\/www.suno.com.br\/noticias\/#\/schema\/person\/image\/\",\"url\":\"https:\/\/secure.gravatar.com\/avatar\/53598df0b41c00f12f287a912d0e918e?s=96&r=g\",\"contentUrl\":\"https:\/\/secure.gravatar.com\/avatar\/53598df0b41c00f12f287a912d0e918e?s=96&r=g\",\"caption\":\"Bruno Galv\u00e3o\"},\"description\":\"Escreve para o portal Suno Not\u00edcias. \u00c9 estudante de Jornalismo pela Faculdade C\u00e1sper L\u00edbero e Letras pela USP. Entusiasta de tecnologia e intelig\u00eancia artificial.\",\"url\":\"https:\/\/www.suno.com.br\/noticias\/author\/bruno-garcia\/\"}]}<\/script>\n<!-- \/ Yoast SEO plugin. -->","yoast_head_json":{"title":"Reforma trabalhista completa 4 anos sem estimular a cria\u00e7\u00e3o de empregos","description":"Neste m\u00eas de novembro, a reforma trabalhista completou seu quarto ano. Na opini\u00e3o de especialistas, a medida trouxe modifica\u00e7\u00f5es...Saiba mais","robots":{"index":"index","follow":"follow","max-snippet":"max-snippet:-1","max-image-preview":"max-image-preview:large","max-video-preview":"max-video-preview:-1"},"canonical":"https:\/\/www.suno.com.br\/noticias\/reforma-trabalhista-estimular-empregos\/","og_locale":"pt_BR","og_type":"article","og_title":"Reforma trabalhista completa 4 anos sem estimular a cria\u00e7\u00e3o de empregos","og_description":"Neste m\u00eas de novembro, a reforma trabalhista completou seu quarto ano. Na opini\u00e3o de especialistas, a medida trouxe modifica\u00e7\u00f5es...Saiba mais","og_url":"https:\/\/www.suno.com.br\/noticias\/reforma-trabalhista-estimular-empregos\/","og_site_name":"Suno Not\u00edcias","article_publisher":"https:\/\/facebook.com\/sunoresearch","og_image":[{"width":1170,"height":700,"url":"https:\/\/files.sunoresearch.com.br\/n\/uploads\/2021\/04\/c613d3b8-carteira_de_trabalho2.jpg","type":"image\/jpeg"}],"author":"Bruno Galv\u00e3o","twitter_card":"summary_large_image","twitter_creator":"@sunoresearch","twitter_site":"@sunoresearch","twitter_misc":{"Escrito por":"Bruno Galv\u00e3o","Est. tempo de leitura":"7 minutos"},"schema":{"@context":"https:\/\/schema.org","@graph":[{"@type":"NewsArticle","@id":"https:\/\/www.suno.com.br\/noticias\/reforma-trabalhista-estimular-empregos\/#article","isPartOf":{"@id":"https:\/\/www.suno.com.br\/noticias\/reforma-trabalhista-estimular-empregos\/"},"author":{"name":"Bruno Galv\u00e3o","@id":"https:\/\/www.suno.com.br\/noticias\/#\/schema\/person\/06f0d962a6b1c54852e4860f16935600"},"headline":"Reforma trabalhista completa 4 anos sem estimular a cria\u00e7\u00e3o de empregos","datePublished":"2021-11-17T21:44:43+00:00","mainEntityOfPage":{"@id":"https:\/\/www.suno.com.br\/noticias\/reforma-trabalhista-estimular-empregos\/"},"wordCount":1813,"publisher":{"@id":"https:\/\/www.suno.com.br\/noticias\/#organization"},"image":{"@id":"https:\/\/www.suno.com.br\/noticias\/reforma-trabalhista-estimular-empregos\/#primaryimage"},"thumbnailUrl":"https:\/\/files.sunoresearch.com.br\/n\/uploads\/2021\/04\/c613d3b8-carteira_de_trabalho2-jpg.webp","keywords":["Desemprego","Emprego","Especialistas","reforma trabalhista"],"articleSection":["Economia"],"inLanguage":"pt-BR"},{"@type":"WebPage","@id":"https:\/\/www.suno.com.br\/noticias\/reforma-trabalhista-estimular-empregos\/","url":"https:\/\/www.suno.com.br\/noticias\/reforma-trabalhista-estimular-empregos\/","name":"Reforma trabalhista completa 4 anos sem estimular a cria\u00e7\u00e3o de empregos","isPartOf":{"@id":"https:\/\/www.suno.com.br\/noticias\/#website"},"primaryImageOfPage":{"@id":"https:\/\/www.suno.com.br\/noticias\/reforma-trabalhista-estimular-empregos\/#primaryimage"},"image":{"@id":"https:\/\/www.suno.com.br\/noticias\/reforma-trabalhista-estimular-empregos\/#primaryimage"},"thumbnailUrl":"https:\/\/files.sunoresearch.com.br\/n\/uploads\/2021\/04\/c613d3b8-carteira_de_trabalho2-jpg.webp","datePublished":"2021-11-17T21:44:43+00:00","description":"Neste m\u00eas de novembro, a reforma trabalhista completou seu quarto ano. Na opini\u00e3o de especialistas, a medida trouxe modifica\u00e7\u00f5es...Saiba mais","breadcrumb":{"@id":"https:\/\/www.suno.com.br\/noticias\/reforma-trabalhista-estimular-empregos\/#breadcrumb"},"inLanguage":"pt-BR","potentialAction":[{"@type":"ReadAction","target":["https:\/\/www.suno.com.br\/noticias\/reforma-trabalhista-estimular-empregos\/"]}]},{"@type":"ImageObject","inLanguage":"pt-BR","@id":"https:\/\/www.suno.com.br\/noticias\/reforma-trabalhista-estimular-empregos\/#primaryimage","url":"https:\/\/files.sunoresearch.com.br\/n\/uploads\/2021\/04\/c613d3b8-carteira_de_trabalho2-jpg.webp","contentUrl":"https:\/\/files.sunoresearch.com.br\/n\/uploads\/2021\/04\/c613d3b8-carteira_de_trabalho2-jpg.webp","width":1170,"height":700,"caption":"IBGE ter\u00e1 processo seletivo para mais de 8 mil vagas; saiba mais. Foto: Marcello Casal\/Ag\u00eancia Brasil"},{"@type":"BreadcrumbList","@id":"https:\/\/www.suno.com.br\/noticias\/reforma-trabalhista-estimular-empregos\/#breadcrumb","itemListElement":[{"@type":"ListItem","position":1,"name":"Not\u00edcias","item":"https:\/\/www.suno.com.br\/noticias\/"},{"@type":"ListItem","position":2,"name":"Economia","item":"https:\/\/www.suno.com.br\/noticias\/economia\/"},{"@type":"ListItem","position":3,"name":"Reforma trabalhista completa 4 anos sem estimular a cria\u00e7\u00e3o de empregos"}]},{"@type":"WebSite","@id":"https:\/\/www.suno.com.br\/noticias\/#website","url":"https:\/\/www.suno.com.br\/noticias\/","name":"Suno Not\u00edcias","description":"Seu portal de informa\u00e7\u00e3o sobre o mundo dos investimentos","publisher":{"@id":"https:\/\/www.suno.com.br\/noticias\/#organization"},"potentialAction":[{"@type":"SearchAction","target":{"@type":"EntryPoint","urlTemplate":"https:\/\/www.suno.com.br\/noticias\/?s={search_term_string}"},"query-input":{"@type":"PropertyValueSpecification","valueRequired":true,"valueName":"search_term_string"}}],"inLanguage":"pt-BR"},{"@type":"Organization","@id":"https:\/\/www.suno.com.br\/noticias\/#organization","name":"Suno Not\u00edcias","url":"https:\/\/www.suno.com.br\/noticias\/","logo":{"@type":"ImageObject","inLanguage":"pt-BR","@id":"https:\/\/www.suno.com.br\/noticias\/#\/schema\/logo\/image\/","url":"https:\/\/files.sunoresearch.com.br\/n\/uploads\/2021\/09\/suno-logo.png","contentUrl":"https:\/\/files.sunoresearch.com.br\/n\/uploads\/2021\/09\/suno-logo.png","width":180,"height":180,"caption":"Suno Not\u00edcias"},"image":{"@id":"https:\/\/www.suno.com.br\/noticias\/#\/schema\/logo\/image\/"},"sameAs":["https:\/\/facebook.com\/sunoresearch","https:\/\/x.com\/sunoresearch","https:\/\/www.instagram.com\/suno","https:\/\/www.linkedin.com\/company\/suno-research\/","https:\/\/www.youtube.com\/c\/sunoresearch"]},{"@type":"Person","@id":"https:\/\/www.suno.com.br\/noticias\/#\/schema\/person\/06f0d962a6b1c54852e4860f16935600","name":"Bruno Galv\u00e3o","image":{"@type":"ImageObject","inLanguage":"pt-BR","@id":"https:\/\/www.suno.com.br\/noticias\/#\/schema\/person\/image\/","url":"https:\/\/secure.gravatar.com\/avatar\/53598df0b41c00f12f287a912d0e918e?s=96&r=g","contentUrl":"https:\/\/secure.gravatar.com\/avatar\/53598df0b41c00f12f287a912d0e918e?s=96&r=g","caption":"Bruno Galv\u00e3o"},"description":"Escreve para o portal Suno Not\u00edcias. \u00c9 estudante de Jornalismo pela Faculdade C\u00e1sper L\u00edbero e Letras pela USP. Entusiasta de tecnologia e intelig\u00eancia artificial.","url":"https:\/\/www.suno.com.br\/noticias\/author\/bruno-garcia\/"}]}},"default_loop_html":"<div class=\"cardsPage__listCard__boxs\"><div class=\"cardsPage__listCard__boxs__img\"><a href=\"https:\/\/www.suno.com.br\/noticias\/reforma-trabalhista-estimular-empregos\/\"><img class=\"mask\" src=\"https:\/\/www.suno.com.br\/noticias\/wp-content\/themes\/suno\/resources\/images\/spotlight\/spotlight1img\/bg-mask.png\" alt=\"Image Mask\"\/><img src=\"https:\/\/files.sunoresearch.com.br\/n\/uploads\/2021\/04\/c613d3b8-carteira_de_trabalho2-400x200.webp\" alt=\"Reforma trabalhista completa 4 anos sem estimular a cria\u00e7\u00e3o de empregos\"\/><\/a><span class=\"spotlightCategory\"><a href=\"https:\/\/www.suno.com.br\/noticias\/economia\/\">Economia<\/a><\/span><\/div><div class=\"cardsPage__listCard__boxs__content\"><a href=\"https:\/\/www.suno.com.br\/noticias\/reforma-trabalhista-estimular-empregos\/\"><h2 class=\"content__title\">Reforma trabalhista completa 4 anos sem estimular a cria\u00e7\u00e3o de empregos<\/h2><\/a><div class=\"newsContent__article__meta\"><div class=\"newsContent__article__meta__authorBox\"><a href=\"https:\/\/www.suno.com.br\/noticias\/author\/bruno-garcia\/\" class=\"authorBox__avatar noMobi\"><img src=\"https:\/\/secure.gravatar.com\/avatar\/53598df0b41c00f12f287a912d0e918e?s=96&#038;r=g\" alt=\"Bruno Galv\u00e3o\"><\/a><div class=\"authorBox__name\"><span>por\n\t\t\t<a href=\"https:\/\/www.suno.com.br\/noticias\/author\/bruno-garcia\/\"><span itemprop=\"author\">Bruno Galv\u00e3o<\/span><\/a><\/span><time datetime=\"2021-11-17T18:44:43-03:00\" itemprop=\"datePublished\">17\/11\/2021 18:44<\/time><\/div><\/div><\/div><\/div><\/div>","single_layout":"posts","amp_enabled":true,"_links":{"self":[{"href":"https:\/\/www.suno.com.br\/noticias\/wp-json\/wp\/v2\/posts\/206230"}],"collection":[{"href":"https:\/\/www.suno.com.br\/noticias\/wp-json\/wp\/v2\/posts"}],"about":[{"href":"https:\/\/www.suno.com.br\/noticias\/wp-json\/wp\/v2\/types\/post"}],"author":[{"embeddable":true,"href":"https:\/\/www.suno.com.br\/noticias\/wp-json\/wp\/v2\/users\/118"}],"replies":[{"embeddable":true,"href":"https:\/\/www.suno.com.br\/noticias\/wp-json\/wp\/v2\/comments?post=206230"}],"version-history":[{"count":4,"href":"https:\/\/www.suno.com.br\/noticias\/wp-json\/wp\/v2\/posts\/206230\/revisions"}],"predecessor-version":[{"id":206288,"href":"https:\/\/www.suno.com.br\/noticias\/wp-json\/wp\/v2\/posts\/206230\/revisions\/206288"}],"wp:featuredmedia":[{"embeddable":true,"href":"https:\/\/www.suno.com.br\/noticias\/wp-json\/wp\/v2\/media\/143006"}],"wp:attachment":[{"href":"https:\/\/www.suno.com.br\/noticias\/wp-json\/wp\/v2\/media?parent=206230"}],"wp:term":[{"taxonomy":"category","embeddable":true,"href":"https:\/\/www.suno.com.br\/noticias\/wp-json\/wp\/v2\/categories?post=206230"},{"taxonomy":"post_tag","embeddable":true,"href":"https:\/\/www.suno.com.br\/noticias\/wp-json\/wp\/v2\/tags?post=206230"},{"taxonomy":"suno_strategy","embeddable":true,"href":"https:\/\/www.suno.com.br\/noticias\/wp-json\/wp\/v2\/suno_strategy?post=206230"}],"curies":[{"name":"wp","href":"https:\/\/api.w.org\/{rel}","templated":true}]}}