{"id":205921,"date":"2021-11-17T11:03:51","date_gmt":"2021-11-17T14:03:51","guid":{"rendered":"https:\/\/www.suno.com.br\/noticias\/?p=205921"},"modified":"2021-11-17T11:03:51","modified_gmt":"2021-11-17T14:03:51","slug":"ministerio-economia-pib-2022-boletim-macrofiscal","status":"publish","type":"post","link":"https:\/\/www.suno.com.br\/noticias\/ministerio-economia-pib-2022-boletim-macrofiscal\/","title":{"rendered":"PIB 2022: Minist\u00e9rio da Economia v\u00ea alta de 2,10%, na contram\u00e3o do mercado"},"content":{"rendered":"<p>Enquanto <a class=\"suno-keyword\" href=\"https:\/\/www.suno.com.br\/artigos\/instituicoes-financeiras\/\" target=\"_blank\" rel=\"noopener\" data-force=\"no\" data-priority=\"1\">institui\u00e7\u00f5es financeiras<\/a> e casas de an\u00e1lises j\u00e1 apontam para um crescimento econ\u00f4mico zerado ou negativo no pr\u00f3ximo ano, o Minist\u00e9rio da Economia vai na contram\u00e3o. Ap\u00f3s revis\u00e3o das estimativas para os principais <a class=\"suno-keyword\" href=\"https:\/\/www.suno.com.br\/artigos\/indicadores-economicos\/\" target=\"_blank\" rel=\"noopener\" data-force=\"no\" data-priority=\"1\">indicadores econ\u00f4micos<\/a> do Pa\u00eds, a pasta divulgou nesta quarta-feira (17), que prev\u00ea o <a href=\"https:\/\/www.suno.com.br\/artigos\/pib-produto-interno-bruto\/\" target=\"_blank\" rel=\"noopener\">Produto Interno Bruto (<strong>PIB<\/strong>)<\/a> do Brasil crescendo 2,10% em 2022.<\/p>\t<div class=\"wrapper-featured-image\">\n\t\t<figure class=\"spotlightImg\">\n\n\t\t\t<picture>\n\t\t\t\t<source media=\"(max-width: 768px)\" srcset=\"https:\/\/files.sunoresearch.com.br\/n\/uploads\/2021\/11\/Foto2-400x200.jpg\">\n\t\t\t\t<img loading=\"lazy\" decoding=\"async\" class=\"newsContent__article__imgCapa lazyloadDisabled \" src=\"https:\/\/files.sunoresearch.com.br\/n\/uploads\/2021\/11\/Foto2-800x450.jpg\" width=\"800\" height=\"450\" alt=\"PIB 2022: Minist\u00e9rio da Economia v\u00ea alta de 2,10%, na contram\u00e3o do mercado\" fetchpriority=high \/>\n\t\t\t<\/picture>\n\n\t\t\t<figcaption class=\"wp-caption-text wp-caption-text--show\">Moeda Real. Foto: Pixabay <\/figcaption>\n\t\t<\/figure>\n\t<\/div>\n\n\n\t<p>\n\t\t<a href=\"https:\/\/lp.suno.com.br\/planilha-controle-gastos\/\" target=\"_blank\" data-element=\"shortcode-suno-banner\" title=\"Banner SUNO, clique e saiba mais\">\n\t\t\t<picture>\n\t\t\t\t<source media=\"(max-width: 500px)\" srcset=\"https:\/\/files.sunoresearch.com.br\/n\/uploads\/2023\/03\/400x300-Planilha-controle-de-gastos.png\">\n\t\t\t\t<img class=\"newsContent__article__imgCapa newsContent__article__imgCapa--banner\"\n\t\t\t\t\tsrc=\"https:\/\/files.sunoresearch.com.br\/n\/uploads\/2023\/03\/1420x240-Planilha-controle-de-gastos.png\"\n\t\t\t\t\tdata-promo-id=\"101751\"\t\t\t\t\t\t\t\t\t\twidth='1420' height='240'\t\t\t\t\talt=\"https:\/\/files.sunoresearch.com.br\/n\/uploads\/2023\/03\/1420x240-Planilha-controle-de-gastos.png\"\n\t\t\t\t>\n\t\t\t<\/picture>\n\t\t<\/a>\n\t<\/p>\n\n\n<p>Anteriormente, a previs\u00e3o do Minist\u00e9rio da Economia era de<strong> alta do PIB<\/strong> de 2,50% no pr\u00f3ximo ano. Para 2021, a revis\u00e3o da pasta diminuiu a estimativa de 5,30% para 5,10%.<\/p>\n<p>No <strong>Boletim Focus<\/strong>, relat\u00f3rio semanal feito pelo Banco Central em parceria com especialistas do mercado, desta semana, a previs\u00e3o para o <strong>PIB 2022<\/strong> retraiu para 0,93%, enquanto um m\u00eas atr\u00e1s estava em 1,50%.<\/p>\n<p>Para este ano, o mercado prev\u00ea um crescimento econ\u00f4mico de 4,88%, registrando dois recuos consecutivos no relat\u00f3rio, ap\u00f3s estimativa de 5,01% h\u00e1 um m\u00eas.<\/p>\n<p>O <a class=\"suno-keyword\" href=\"https:\/\/www.suno.com.br\/acoes\/ITUB4\/\" target=\"_blank\" rel=\"noopener\" data-force=\"yes\" data-priority=\"2\">Ita\u00fa Unibanco (ITUB4)<\/a> e o Credit Suisse revisaram recentemente suas estimativas macroecon\u00f4micas e apontaram\u00a0 expectativa de recess\u00e3o para o pr\u00f3ximo ano, com uma queda de 0,50% do <strong>PIB do Brasil<\/strong>.<\/p>\n\t<div data-element=\"shortcode-read-more\" class=\"knowMore\">\n\t\t\t\t<a class=\"knowMore__link\" href=\"https:\/\/www.suno.com.br\/noticias\/brasil-recessao-em-2022-mercado-amplia-apostas-pib-negativo\/\">\n\t\t\tRecess\u00e3o em 2022? Mercado amplia apostas de PIB negativo no ano que vem\t\t<\/a>\n\t<\/div>\n\n\n\t<p>\n\t\t<a href=\"https:\/\/lp.suno.com.br\/planilha-da-vida-financeira\/\" target=\"_blank\" data-element=\"shortcode-suno-banner\" title=\"Banner SUNO, clique e saiba mais\">\n\t\t\t<picture>\n\t\t\t\t<source media=\"(max-width: 500px)\" srcset=\"https:\/\/files.sunoresearch.com.br\/n\/uploads\/2023\/04\/400x300-Planilha-vida-financeira-true.png\">\n\t\t\t\t<img class=\"newsContent__article__imgCapa newsContent__article__imgCapa--banner\"\n\t\t\t\t\tsrc=\"https:\/\/files.sunoresearch.com.br\/n\/uploads\/2023\/04\/1420x240-Planilha-vida-financeira-true.png\"\n\t\t\t\t\tdata-promo-id=\"106682\"\t\t\t\t\t\t\t\t\t\twidth='1420' height='240'\t\t\t\t\talt=\"https:\/\/files.sunoresearch.com.br\/n\/uploads\/2023\/04\/1420x240-Planilha-vida-financeira-true.png\"\n\t\t\t\t>\n\t\t\t<\/picture>\n\t\t<\/a>\n\t<\/p>\n\n\n<h2>Previs\u00e3o do IPCA 2022<\/h2>\n<h3>IPCA<\/h3>\n<p>O <strong>Minist\u00e9rio da Economia<\/strong> tamb\u00e9m revisou sua proje\u00e7\u00e3o para a infla\u00e7\u00e3o no pr\u00f3ximo ano. De acordo com a pasta, a alta dos pre\u00e7os medida pelo<a href=\"https:\/\/www.suno.com.br\/guias\/ipca\/\" target=\"_blank\" rel=\"noopener\"> \u00cdndice Nacional de Pre\u00e7os ao Consumidor Amplo (<strong>IPCA<\/strong>)<\/a> fechar\u00e1 2022 com 4,70% de alta. Anteriormente, a expectativa era de 3,75%.<\/p>\n<p>Em 2021, a nova grade de par\u00e2metros macroecon\u00f4micos do minist\u00e9rio estima a <a class=\"suno-keyword\" href=\"https:\/\/www.suno.com.br\/artigos\/inflacao-acumulada\/\" target=\"_blank\" rel=\"noopener\" data-force=\"no\" data-priority=\"1\">infla\u00e7\u00e3o acumulada<\/a> em 9,70%, frente expatativa de 7,90% anteriormente.<\/p>\n<p>A <strong>Secretaria de <a class=\"suno-keyword\" href=\"https:\/\/www.suno.com.br\/artigos\/politica-economica\/\" target=\"_blank\" rel=\"noopener\" data-force=\"no\" data-priority=\"1\">Pol\u00edtica Econ\u00f4mica<\/a> (SPE)<\/strong> da pasta manteve a avalia\u00e7\u00e3o de que, a partir de 2023, a proje\u00e7\u00e3o para o IPCA converge em dire\u00e7\u00e3o a meta: 3,25% em 2023 e 3,0% de 2024 em diante.<\/p>\n<p>No \u00faltimo <a class=\"suno-keyword\" href=\"https:\/\/www.suno.com.br\/artigos\/boletim-focus\/\" target=\"_blank\" rel=\"noopener\" data-force=\"no\" data-priority=\"1\">relat\u00f3rio Focus<\/a>, os analistas de mercado consultados pelo Banco Central estimaram que o IPCA deve acumular alta de 9,77% em 2021 e de 4,79% em 2022.<\/p>\n<p><a href=\"https:\/\/www.suno.com.br\/artigos\/inflacao-em-2022\/\" target=\"_blank\" rel=\"noopener\"><strong>Infla\u00e7\u00e3o em 2022: veja as principais proje\u00e7\u00f5es e saiba como investir<\/strong><\/a><\/p>\n\t<p>\n\t\t<a href=\"https:\/\/lp.suno.com.br\/ebook-como-analisar-uma-acao\/\" target=\"_blank\" data-element=\"shortcode-suno-banner\" title=\"Banner SUNO, clique e saiba mais\">\n\t\t\t<picture>\n\t\t\t\t<source media=\"(max-width: 500px)\" srcset=\"https:\/\/files.sunoresearch.com.br\/n\/uploads\/2023\/03\/Ebook-Acoes-Mobile-1.jpg\">\n\t\t\t\t<img class=\"newsContent__article__imgCapa newsContent__article__imgCapa--banner\"\n\t\t\t\t\tsrc=\"https:\/\/files.sunoresearch.com.br\/n\/uploads\/2023\/03\/Ebook-Acoes-Desktop-1.jpg\"\n\t\t\t\t\tdata-promo-id=\"171998\"\t\t\t\t\t\t\t\t\t\twidth='1420' height='286'\t\t\t\t\talt=\"https:\/\/files.sunoresearch.com.br\/n\/uploads\/2023\/03\/Ebook-Acoes-Desktop-1.jpg\"\n\t\t\t\t>\n\t\t\t<\/picture>\n\t\t<\/a>\n\t<\/p>\n\n\n<h3><b>IGP-DI<\/b><\/h3>\n<p>J\u00e1 a estimativa da Economia para a infla\u00e7\u00e3o medida pelo <a href=\"https:\/\/www.suno.com.br\/artigos\/igp-di\/\" target=\"_blank\" rel=\"noopener\">\u00cdndice Geral de Pre\u00e7os &#8211; Disponibilidade Interna (<strong>IGP-DI<\/strong>)<\/a> ficou da seguinte forma:<\/p>\n<ul>\n<li>em 2021 passou de 18,00% para 18,66%.<\/li>\n<li>em 2022, a proje\u00e7\u00e3o passou de 4,70% para 5,42%.<\/li>\n<\/ul>\n<p>No mais, o <a href=\"https:\/\/www.gov.br\/economia\/pt-br\/centrais-de-conteudo\/publicacoes\/boletins\/boletim-macrofiscal\/2021\/boletim-macrofiscal-novembro-2021.pdf\/view\" target=\"_blank\" rel=\"noopener\">Boletim Macrofiscal<\/a> elaborado pela SPE e divulgado hoje destaca que a proje\u00e7\u00e3o para o <strong>PIB<\/strong> e a infla\u00e7\u00e3o fundamenta-se em dados positivos do mercado de trabalho, que vem se recuperando da queda na pandemia, e tamb\u00e9m cita alto volume de investimentos contratados para o ano que vem, em parte decorrente de leil\u00f5es e concess\u00f5es.<\/p>\n\t<p>\n\t\t<a href=\"\" target=\"_blank\" data-element=\"shortcode-suno-banner\" title=\"Banner SUNO, clique e saiba mais\">\n\t\t\t<picture>\n\t\t\t\t<source media=\"(max-width: 500px)\" srcset=\"\">\n\t\t\t\t<img class=\"newsContent__article__imgCapa newsContent__article__imgCapa--banner\"\n\t\t\t\t\tsrc=\"\"\n\t\t\t\t\tdata-promo-id=\"184190\"\t\t\t\t\t\t\t\t\t\t\t\t\t\t\talt=\"\"\n\t\t\t\t>\n\t\t\t<\/picture>\n\t\t<\/a>\n\t<\/p>\n\n\n<p><em>Com informa\u00e7\u00f5es de Estad\u00e3o Conte\u00fado.\u00a0<\/em><\/p>\n","protected":false},"excerpt":{"rendered":"<p>Enquanto institui\u00e7\u00f5es financeiras e casas de an\u00e1lises j\u00e1 apontam para um crescimento econ\u00f4mico zerado ou negativo no pr\u00f3ximo ano, o Minist\u00e9rio da Economia vai na contram\u00e3o. Ap\u00f3s revis\u00e3o das estimativas para os principais indicadores econ\u00f4micos do Pa\u00eds, a pasta divulgou nesta quarta-feira (17), que prev\u00ea o Produto Interno Bruto (PIB) do Brasil crescendo 2,10% em [&hellip;]<\/p>\n","protected":false},"author":102,"featured_media":205951,"comment_status":"closed","ping_status":"closed","sticky":false,"template":"","format":"standard","meta":[],"categories":[64],"tags":[1384,850,966,909,807],"suno_strategy":[],"class_list":["post-205921","post","type-post","status-publish","format-standard","has-post-thumbnail","hentry","category-negocios","tag-igp-di","tag-inflacao","tag-ipca","tag-ministerio-da-economia","tag-produto-interno-bruto-pib"],"yoast_head":"<!-- This site is optimized with the Yoast SEO plugin v24.4 - https:\/\/yoast.com\/wordpress\/plugins\/seo\/ -->\n<title>PIB 2022: Minist\u00e9rio da Economia prev\u00ea crescimento de 2,10%<\/title>\n<meta name=\"description\" content=\"Enquanto o mercado j\u00e1 fala em recess\u00e3o, o Minist\u00e9rio da Economia prev\u00ea expans\u00e3o de 2,10% para o PIB em 2022. Entenda mais aqui.\" \/>\n<meta name=\"robots\" content=\"index, follow, max-snippet:-1, max-image-preview:large, max-video-preview:-1\" \/>\n<link rel=\"canonical\" href=\"https:\/\/www.suno.com.br\/noticias\/ministerio-economia-pib-2022-boletim-macrofiscal\/\" \/>\n<meta property=\"og:locale\" content=\"pt_BR\" \/>\n<meta property=\"og:type\" content=\"article\" \/>\n<meta property=\"og:title\" content=\"PIB 2022: Minist\u00e9rio da Economia prev\u00ea crescimento de 2,10%\" \/>\n<meta property=\"og:description\" content=\"Enquanto o mercado j\u00e1 fala em recess\u00e3o, o Minist\u00e9rio da Economia prev\u00ea expans\u00e3o de 2,10% para o PIB em 2022. Entenda mais aqui.\" \/>\n<meta property=\"og:url\" content=\"https:\/\/www.suno.com.br\/noticias\/ministerio-economia-pib-2022-boletim-macrofiscal\/\" \/>\n<meta property=\"og:site_name\" content=\"Suno Not\u00edcias\" \/>\n<meta property=\"article:publisher\" content=\"https:\/\/facebook.com\/sunoresearch\" \/>\n<meta property=\"og:image\" content=\"https:\/\/files.sunoresearch.com.br\/n\/uploads\/2021\/11\/Foto2.jpg\" \/>\n\t<meta property=\"og:image:width\" content=\"1280\" \/>\n\t<meta property=\"og:image:height\" content=\"686\" \/>\n\t<meta property=\"og:image:type\" content=\"image\/jpeg\" \/>\n<meta name=\"author\" content=\"Monique Lima\" \/>\n<meta name=\"twitter:card\" content=\"summary_large_image\" \/>\n<meta name=\"twitter:creator\" content=\"@sunoresearch\" \/>\n<meta name=\"twitter:site\" content=\"@sunoresearch\" \/>\n<meta name=\"twitter:label1\" content=\"Escrito por\" \/>\n\t<meta name=\"twitter:data1\" content=\"Monique Lima\" \/>\n\t<meta name=\"twitter:label2\" content=\"Est. tempo de leitura\" \/>\n\t<meta name=\"twitter:data2\" content=\"2 minutos\" \/>\n<script type=\"application\/ld+json\" class=\"yoast-schema-graph\">{\"@context\":\"https:\/\/schema.org\",\"@graph\":[{\"@type\":\"NewsArticle\",\"@id\":\"https:\/\/www.suno.com.br\/noticias\/ministerio-economia-pib-2022-boletim-macrofiscal\/#article\",\"isPartOf\":{\"@id\":\"https:\/\/www.suno.com.br\/noticias\/ministerio-economia-pib-2022-boletim-macrofiscal\/\"},\"author\":{\"name\":\"Monique Lima\",\"@id\":\"https:\/\/www.suno.com.br\/noticias\/#\/schema\/person\/d712329319cc9b10f254d02d654cb36a\"},\"headline\":\"PIB 2022: Minist\u00e9rio da Economia v\u00ea alta de 2,10%, na contram\u00e3o do mercado\",\"datePublished\":\"2021-11-17T14:03:51+00:00\",\"mainEntityOfPage\":{\"@id\":\"https:\/\/www.suno.com.br\/noticias\/ministerio-economia-pib-2022-boletim-macrofiscal\/\"},\"wordCount\":471,\"publisher\":{\"@id\":\"https:\/\/www.suno.com.br\/noticias\/#organization\"},\"image\":{\"@id\":\"https:\/\/www.suno.com.br\/noticias\/ministerio-economia-pib-2022-boletim-macrofiscal\/#primaryimage\"},\"thumbnailUrl\":\"https:\/\/files.sunoresearch.com.br\/n\/uploads\/2021\/11\/Foto2.jpg\",\"keywords\":[\"IGP-DI\",\"infla\u00e7\u00e3o\",\"IPCA\",\"Minist\u00e9rio da Economia\",\"Produto Interno Bruto (PIB)\"],\"articleSection\":[\"Neg\u00f3cios\"],\"inLanguage\":\"pt-BR\"},{\"@type\":\"WebPage\",\"@id\":\"https:\/\/www.suno.com.br\/noticias\/ministerio-economia-pib-2022-boletim-macrofiscal\/\",\"url\":\"https:\/\/www.suno.com.br\/noticias\/ministerio-economia-pib-2022-boletim-macrofiscal\/\",\"name\":\"PIB 2022: Minist\u00e9rio da Economia prev\u00ea crescimento de 2,10%\",\"isPartOf\":{\"@id\":\"https:\/\/www.suno.com.br\/noticias\/#website\"},\"primaryImageOfPage\":{\"@id\":\"https:\/\/www.suno.com.br\/noticias\/ministerio-economia-pib-2022-boletim-macrofiscal\/#primaryimage\"},\"image\":{\"@id\":\"https:\/\/www.suno.com.br\/noticias\/ministerio-economia-pib-2022-boletim-macrofiscal\/#primaryimage\"},\"thumbnailUrl\":\"https:\/\/files.sunoresearch.com.br\/n\/uploads\/2021\/11\/Foto2.jpg\",\"datePublished\":\"2021-11-17T14:03:51+00:00\",\"description\":\"Enquanto o mercado j\u00e1 fala em recess\u00e3o, o Minist\u00e9rio da Economia prev\u00ea expans\u00e3o de 2,10% para o PIB em 2022. Entenda mais aqui.\",\"breadcrumb\":{\"@id\":\"https:\/\/www.suno.com.br\/noticias\/ministerio-economia-pib-2022-boletim-macrofiscal\/#breadcrumb\"},\"inLanguage\":\"pt-BR\",\"potentialAction\":[{\"@type\":\"ReadAction\",\"target\":[\"https:\/\/www.suno.com.br\/noticias\/ministerio-economia-pib-2022-boletim-macrofiscal\/\"]}]},{\"@type\":\"ImageObject\",\"inLanguage\":\"pt-BR\",\"@id\":\"https:\/\/www.suno.com.br\/noticias\/ministerio-economia-pib-2022-boletim-macrofiscal\/#primaryimage\",\"url\":\"https:\/\/files.sunoresearch.com.br\/n\/uploads\/2021\/11\/Foto2.jpg\",\"contentUrl\":\"https:\/\/files.sunoresearch.com.br\/n\/uploads\/2021\/11\/Foto2.jpg\",\"width\":1280,\"height\":686,\"caption\":\"Moeda Real. Foto: Pixabay\"},{\"@type\":\"BreadcrumbList\",\"@id\":\"https:\/\/www.suno.com.br\/noticias\/ministerio-economia-pib-2022-boletim-macrofiscal\/#breadcrumb\",\"itemListElement\":[{\"@type\":\"ListItem\",\"position\":1,\"name\":\"Not\u00edcias\",\"item\":\"https:\/\/www.suno.com.br\/noticias\/\"},{\"@type\":\"ListItem\",\"position\":2,\"name\":\"Neg\u00f3cios\",\"item\":\"https:\/\/www.suno.com.br\/noticias\/negocios\/\"},{\"@type\":\"ListItem\",\"position\":3,\"name\":\"PIB 2022: Minist\u00e9rio da Economia v\u00ea alta de 2,10%, na contram\u00e3o do mercado\"}]},{\"@type\":\"WebSite\",\"@id\":\"https:\/\/www.suno.com.br\/noticias\/#website\",\"url\":\"https:\/\/www.suno.com.br\/noticias\/\",\"name\":\"Suno Not\u00edcias\",\"description\":\"Seu portal de informa\u00e7\u00e3o sobre o mundo dos investimentos\",\"publisher\":{\"@id\":\"https:\/\/www.suno.com.br\/noticias\/#organization\"},\"potentialAction\":[{\"@type\":\"SearchAction\",\"target\":{\"@type\":\"EntryPoint\",\"urlTemplate\":\"https:\/\/www.suno.com.br\/noticias\/?s={search_term_string}\"},\"query-input\":{\"@type\":\"PropertyValueSpecification\",\"valueRequired\":true,\"valueName\":\"search_term_string\"}}],\"inLanguage\":\"pt-BR\"},{\"@type\":\"Organization\",\"@id\":\"https:\/\/www.suno.com.br\/noticias\/#organization\",\"name\":\"Suno Not\u00edcias\",\"url\":\"https:\/\/www.suno.com.br\/noticias\/\",\"logo\":{\"@type\":\"ImageObject\",\"inLanguage\":\"pt-BR\",\"@id\":\"https:\/\/www.suno.com.br\/noticias\/#\/schema\/logo\/image\/\",\"url\":\"https:\/\/files.sunoresearch.com.br\/n\/uploads\/2021\/09\/suno-logo.png\",\"contentUrl\":\"https:\/\/files.sunoresearch.com.br\/n\/uploads\/2021\/09\/suno-logo.png\",\"width\":180,\"height\":180,\"caption\":\"Suno Not\u00edcias\"},\"image\":{\"@id\":\"https:\/\/www.suno.com.br\/noticias\/#\/schema\/logo\/image\/\"},\"sameAs\":[\"https:\/\/facebook.com\/sunoresearch\",\"https:\/\/x.com\/sunoresearch\",\"https:\/\/www.instagram.com\/suno\",\"https:\/\/www.linkedin.com\/company\/suno-research\/\",\"https:\/\/www.youtube.com\/c\/sunoresearch\"]},{\"@type\":\"Person\",\"@id\":\"https:\/\/www.suno.com.br\/noticias\/#\/schema\/person\/d712329319cc9b10f254d02d654cb36a\",\"name\":\"Monique Lima\",\"image\":{\"@type\":\"ImageObject\",\"inLanguage\":\"pt-BR\",\"@id\":\"https:\/\/www.suno.com.br\/noticias\/#\/schema\/person\/image\/\",\"url\":\"https:\/\/secure.gravatar.com\/avatar\/daee7f16d906c2e9ffed236206ca2c30?s=96&r=g\",\"contentUrl\":\"https:\/\/secure.gravatar.com\/avatar\/daee7f16d906c2e9ffed236206ca2c30?s=96&r=g\",\"caption\":\"Monique Lima\"},\"description\":\"Rep\u00f3rter de Mercado no Suno Not\u00edcias, \u00e9 jornalista com experi\u00eancia na cobertura de economia, empreendedorismo, finan\u00e7as pessoais, mercado financeiro, carreira e recursos humanos. Formada em Jornalismo pela Universidade Paulista, teve experi\u00eancias em ve\u00edculos de comunica\u00e7\u00e3o como a Ag\u00eancia TradeMap, Revista Voc\u00ea S\/A e Revista Voc\u00ea RH, as duas \u00faltimas publica\u00e7\u00f5es da Editora Abril. No Suno Not\u00edcias, fala sobre as principais not\u00edcias de Fundos Imobili\u00e1rios, Fiagro, Startups e empresas listadas na Bolsa.\",\"url\":\"https:\/\/www.suno.com.br\/noticias\/author\/monique-lima\/\"}]}<\/script>\n<!-- \/ Yoast SEO plugin. -->","yoast_head_json":{"title":"PIB 2022: Minist\u00e9rio da Economia prev\u00ea crescimento de 2,10%","description":"Enquanto o mercado j\u00e1 fala em recess\u00e3o, o Minist\u00e9rio da Economia prev\u00ea expans\u00e3o de 2,10% para o PIB em 2022. Entenda mais aqui.","robots":{"index":"index","follow":"follow","max-snippet":"max-snippet:-1","max-image-preview":"max-image-preview:large","max-video-preview":"max-video-preview:-1"},"canonical":"https:\/\/www.suno.com.br\/noticias\/ministerio-economia-pib-2022-boletim-macrofiscal\/","og_locale":"pt_BR","og_type":"article","og_title":"PIB 2022: Minist\u00e9rio da Economia prev\u00ea crescimento de 2,10%","og_description":"Enquanto o mercado j\u00e1 fala em recess\u00e3o, o Minist\u00e9rio da Economia prev\u00ea expans\u00e3o de 2,10% para o PIB em 2022. Entenda mais aqui.","og_url":"https:\/\/www.suno.com.br\/noticias\/ministerio-economia-pib-2022-boletim-macrofiscal\/","og_site_name":"Suno Not\u00edcias","article_publisher":"https:\/\/facebook.com\/sunoresearch","og_image":[{"width":1280,"height":686,"url":"https:\/\/files.sunoresearch.com.br\/n\/uploads\/2021\/11\/Foto2.jpg","type":"image\/jpeg"}],"author":"Monique Lima","twitter_card":"summary_large_image","twitter_creator":"@sunoresearch","twitter_site":"@sunoresearch","twitter_misc":{"Escrito por":"Monique Lima","Est. tempo de leitura":"2 minutos"},"schema":{"@context":"https:\/\/schema.org","@graph":[{"@type":"NewsArticle","@id":"https:\/\/www.suno.com.br\/noticias\/ministerio-economia-pib-2022-boletim-macrofiscal\/#article","isPartOf":{"@id":"https:\/\/www.suno.com.br\/noticias\/ministerio-economia-pib-2022-boletim-macrofiscal\/"},"author":{"name":"Monique Lima","@id":"https:\/\/www.suno.com.br\/noticias\/#\/schema\/person\/d712329319cc9b10f254d02d654cb36a"},"headline":"PIB 2022: Minist\u00e9rio da Economia v\u00ea alta de 2,10%, na contram\u00e3o do mercado","datePublished":"2021-11-17T14:03:51+00:00","mainEntityOfPage":{"@id":"https:\/\/www.suno.com.br\/noticias\/ministerio-economia-pib-2022-boletim-macrofiscal\/"},"wordCount":471,"publisher":{"@id":"https:\/\/www.suno.com.br\/noticias\/#organization"},"image":{"@id":"https:\/\/www.suno.com.br\/noticias\/ministerio-economia-pib-2022-boletim-macrofiscal\/#primaryimage"},"thumbnailUrl":"https:\/\/files.sunoresearch.com.br\/n\/uploads\/2021\/11\/Foto2.jpg","keywords":["IGP-DI","infla\u00e7\u00e3o","IPCA","Minist\u00e9rio da Economia","Produto Interno Bruto (PIB)"],"articleSection":["Neg\u00f3cios"],"inLanguage":"pt-BR"},{"@type":"WebPage","@id":"https:\/\/www.suno.com.br\/noticias\/ministerio-economia-pib-2022-boletim-macrofiscal\/","url":"https:\/\/www.suno.com.br\/noticias\/ministerio-economia-pib-2022-boletim-macrofiscal\/","name":"PIB 2022: Minist\u00e9rio da Economia prev\u00ea crescimento de 2,10%","isPartOf":{"@id":"https:\/\/www.suno.com.br\/noticias\/#website"},"primaryImageOfPage":{"@id":"https:\/\/www.suno.com.br\/noticias\/ministerio-economia-pib-2022-boletim-macrofiscal\/#primaryimage"},"image":{"@id":"https:\/\/www.suno.com.br\/noticias\/ministerio-economia-pib-2022-boletim-macrofiscal\/#primaryimage"},"thumbnailUrl":"https:\/\/files.sunoresearch.com.br\/n\/uploads\/2021\/11\/Foto2.jpg","datePublished":"2021-11-17T14:03:51+00:00","description":"Enquanto o mercado j\u00e1 fala em recess\u00e3o, o Minist\u00e9rio da Economia prev\u00ea expans\u00e3o de 2,10% para o PIB em 2022. Entenda mais aqui.","breadcrumb":{"@id":"https:\/\/www.suno.com.br\/noticias\/ministerio-economia-pib-2022-boletim-macrofiscal\/#breadcrumb"},"inLanguage":"pt-BR","potentialAction":[{"@type":"ReadAction","target":["https:\/\/www.suno.com.br\/noticias\/ministerio-economia-pib-2022-boletim-macrofiscal\/"]}]},{"@type":"ImageObject","inLanguage":"pt-BR","@id":"https:\/\/www.suno.com.br\/noticias\/ministerio-economia-pib-2022-boletim-macrofiscal\/#primaryimage","url":"https:\/\/files.sunoresearch.com.br\/n\/uploads\/2021\/11\/Foto2.jpg","contentUrl":"https:\/\/files.sunoresearch.com.br\/n\/uploads\/2021\/11\/Foto2.jpg","width":1280,"height":686,"caption":"Moeda Real. Foto: Pixabay"},{"@type":"BreadcrumbList","@id":"https:\/\/www.suno.com.br\/noticias\/ministerio-economia-pib-2022-boletim-macrofiscal\/#breadcrumb","itemListElement":[{"@type":"ListItem","position":1,"name":"Not\u00edcias","item":"https:\/\/www.suno.com.br\/noticias\/"},{"@type":"ListItem","position":2,"name":"Neg\u00f3cios","item":"https:\/\/www.suno.com.br\/noticias\/negocios\/"},{"@type":"ListItem","position":3,"name":"PIB 2022: Minist\u00e9rio da Economia v\u00ea alta de 2,10%, na contram\u00e3o do mercado"}]},{"@type":"WebSite","@id":"https:\/\/www.suno.com.br\/noticias\/#website","url":"https:\/\/www.suno.com.br\/noticias\/","name":"Suno Not\u00edcias","description":"Seu portal de informa\u00e7\u00e3o sobre o mundo dos investimentos","publisher":{"@id":"https:\/\/www.suno.com.br\/noticias\/#organization"},"potentialAction":[{"@type":"SearchAction","target":{"@type":"EntryPoint","urlTemplate":"https:\/\/www.suno.com.br\/noticias\/?s={search_term_string}"},"query-input":{"@type":"PropertyValueSpecification","valueRequired":true,"valueName":"search_term_string"}}],"inLanguage":"pt-BR"},{"@type":"Organization","@id":"https:\/\/www.suno.com.br\/noticias\/#organization","name":"Suno Not\u00edcias","url":"https:\/\/www.suno.com.br\/noticias\/","logo":{"@type":"ImageObject","inLanguage":"pt-BR","@id":"https:\/\/www.suno.com.br\/noticias\/#\/schema\/logo\/image\/","url":"https:\/\/files.sunoresearch.com.br\/n\/uploads\/2021\/09\/suno-logo.png","contentUrl":"https:\/\/files.sunoresearch.com.br\/n\/uploads\/2021\/09\/suno-logo.png","width":180,"height":180,"caption":"Suno Not\u00edcias"},"image":{"@id":"https:\/\/www.suno.com.br\/noticias\/#\/schema\/logo\/image\/"},"sameAs":["https:\/\/facebook.com\/sunoresearch","https:\/\/x.com\/sunoresearch","https:\/\/www.instagram.com\/suno","https:\/\/www.linkedin.com\/company\/suno-research\/","https:\/\/www.youtube.com\/c\/sunoresearch"]},{"@type":"Person","@id":"https:\/\/www.suno.com.br\/noticias\/#\/schema\/person\/d712329319cc9b10f254d02d654cb36a","name":"Monique Lima","image":{"@type":"ImageObject","inLanguage":"pt-BR","@id":"https:\/\/www.suno.com.br\/noticias\/#\/schema\/person\/image\/","url":"https:\/\/secure.gravatar.com\/avatar\/daee7f16d906c2e9ffed236206ca2c30?s=96&r=g","contentUrl":"https:\/\/secure.gravatar.com\/avatar\/daee7f16d906c2e9ffed236206ca2c30?s=96&r=g","caption":"Monique Lima"},"description":"Rep\u00f3rter de Mercado no Suno Not\u00edcias, \u00e9 jornalista com experi\u00eancia na cobertura de economia, empreendedorismo, finan\u00e7as pessoais, mercado financeiro, carreira e recursos humanos. Formada em Jornalismo pela Universidade Paulista, teve experi\u00eancias em ve\u00edculos de comunica\u00e7\u00e3o como a Ag\u00eancia TradeMap, Revista Voc\u00ea S\/A e Revista Voc\u00ea RH, as duas \u00faltimas publica\u00e7\u00f5es da Editora Abril. No Suno Not\u00edcias, fala sobre as principais not\u00edcias de Fundos Imobili\u00e1rios, Fiagro, Startups e empresas listadas na Bolsa.","url":"https:\/\/www.suno.com.br\/noticias\/author\/monique-lima\/"}]}},"default_loop_html":"<div class=\"cardsPage__listCard__boxs\"><div class=\"cardsPage__listCard__boxs__img\"><a href=\"https:\/\/www.suno.com.br\/noticias\/ministerio-economia-pib-2022-boletim-macrofiscal\/\"><img class=\"mask\" src=\"https:\/\/www.suno.com.br\/noticias\/wp-content\/themes\/suno\/resources\/images\/spotlight\/spotlight1img\/bg-mask.png\" alt=\"Image Mask\"\/><img src=\"https:\/\/files.sunoresearch.com.br\/n\/uploads\/2021\/11\/Foto2-400x200.jpg\" alt=\"PIB 2022: Minist\u00e9rio da Economia v\u00ea alta de 2,10%, na contram\u00e3o do mercado\"\/><\/a><span class=\"spotlightCategory\"><a href=\"https:\/\/www.suno.com.br\/noticias\/negocios\/\">Neg\u00f3cios<\/a><\/span><\/div><div class=\"cardsPage__listCard__boxs__content\"><a href=\"https:\/\/www.suno.com.br\/noticias\/ministerio-economia-pib-2022-boletim-macrofiscal\/\"><h2 class=\"content__title\">PIB 2022: Minist\u00e9rio da Economia v\u00ea alta de 2,10%, na contram\u00e3o do mercado<\/h2><\/a><div class=\"newsContent__article__meta\"><div class=\"newsContent__article__meta__authorBox\"><a href=\"https:\/\/www.suno.com.br\/noticias\/author\/monique-lima\/\" class=\"authorBox__avatar noMobi\"><img src=\"https:\/\/secure.gravatar.com\/avatar\/daee7f16d906c2e9ffed236206ca2c30?s=96&#038;r=g\" alt=\"Monique Lima\"><\/a><div class=\"authorBox__name\"><span>por\n\t\t\t<a href=\"https:\/\/www.suno.com.br\/noticias\/author\/monique-lima\/\"><span itemprop=\"author\">Monique Lima<\/span><\/a><\/span><time datetime=\"2021-11-17T11:03:51-03:00\" itemprop=\"datePublished\">17\/11\/2021 11:03<\/time><\/div><\/div><\/div><\/div><\/div>","single_layout":"posts","amp_enabled":true,"_links":{"self":[{"href":"https:\/\/www.suno.com.br\/noticias\/wp-json\/wp\/v2\/posts\/205921"}],"collection":[{"href":"https:\/\/www.suno.com.br\/noticias\/wp-json\/wp\/v2\/posts"}],"about":[{"href":"https:\/\/www.suno.com.br\/noticias\/wp-json\/wp\/v2\/types\/post"}],"author":[{"embeddable":true,"href":"https:\/\/www.suno.com.br\/noticias\/wp-json\/wp\/v2\/users\/102"}],"replies":[{"embeddable":true,"href":"https:\/\/www.suno.com.br\/noticias\/wp-json\/wp\/v2\/comments?post=205921"}],"version-history":[{"count":4,"href":"https:\/\/www.suno.com.br\/noticias\/wp-json\/wp\/v2\/posts\/205921\/revisions"}],"predecessor-version":[{"id":205978,"href":"https:\/\/www.suno.com.br\/noticias\/wp-json\/wp\/v2\/posts\/205921\/revisions\/205978"}],"wp:featuredmedia":[{"embeddable":true,"href":"https:\/\/www.suno.com.br\/noticias\/wp-json\/wp\/v2\/media\/205951"}],"wp:attachment":[{"href":"https:\/\/www.suno.com.br\/noticias\/wp-json\/wp\/v2\/media?parent=205921"}],"wp:term":[{"taxonomy":"category","embeddable":true,"href":"https:\/\/www.suno.com.br\/noticias\/wp-json\/wp\/v2\/categories?post=205921"},{"taxonomy":"post_tag","embeddable":true,"href":"https:\/\/www.suno.com.br\/noticias\/wp-json\/wp\/v2\/tags?post=205921"},{"taxonomy":"suno_strategy","embeddable":true,"href":"https:\/\/www.suno.com.br\/noticias\/wp-json\/wp\/v2\/suno_strategy?post=205921"}],"curies":[{"name":"wp","href":"https:\/\/api.w.org\/{rel}","templated":true}]}}