{"id":20581,"date":"2019-04-10T18:27:32","date_gmt":"2019-04-10T21:27:32","guid":{"rendered":"https:\/\/www.suno.com.br\/noticias\/?p=20581"},"modified":"2021-02-17T22:49:57","modified_gmt":"2021-02-18T01:49:57","slug":"inflacao-marco-presidente-banco-central-comenta-ipca","status":"publish","type":"post","link":"https:\/\/www.suno.com.br\/noticias\/inflacao-marco-presidente-banco-central-comenta-ipca\/","title":{"rendered":"Infla\u00e7\u00e3o: presidente do BC comenta IPCA de mar\u00e7o, que ficou em 0,75%"},"content":{"rendered":"<p>O presidente do <strong><a href=\"https:\/\/www.suno.com.br\/artigos\/bacen\/\">Banco Central<\/a><\/strong> (BC), <strong>Roberto Campos Neto<\/strong>, afirmou que a autoridade de <a href=\"https:\/\/www.suno.com.br\/artigos\/politica-monetaria\/\">pol\u00edtica monet\u00e1ria<\/a> est\u00e1 atenta \u00e0 alta da infla\u00e7\u00e3o no m\u00eas de <strong>mar\u00e7o<\/strong>, e disse: <strong>&#8220;N\u00e3o vamos nos arriscar com isso&#8221;<\/strong>. As falas foram ditas em evento com investidores em Nova York. As informa\u00e7\u00f5es s\u00e3o do jornal &#8220;O Globo&#8221;.<\/p>\t<div class=\"wrapper-featured-image\">\n\t\t<figure class=\"spotlightImg\">\n\n\t\t\t<picture>\n\t\t\t\t<source media=\"(max-width: 768px)\" srcset=\"https:\/\/files.sunoresearch.com.br\/n\/uploads\/2019\/04\/6b515380-infla\u00e7\u00e3o-400x200.webp\">\n\t\t\t\t<img loading=\"lazy\" decoding=\"async\" class=\"newsContent__article__imgCapa lazyloadDisabled newsContent__article__imgCapa--noCaption\" src=\"https:\/\/files.sunoresearch.com.br\/n\/uploads\/2019\/04\/6b515380-infla\u00e7\u00e3o-800x450.webp\" width=\"800\" height=\"450\" alt=\"Infla\u00e7\u00e3o: presidente do BC comenta IPCA de mar\u00e7o, que ficou em 0,75%\" fetchpriority=high \/>\n\t\t\t<\/picture>\n\n\t\t\t<figcaption class=\"wp-caption-text wp-caption-text--hide\">Infla\u00e7\u00e3o. (divulga\u00e7\u00e3o)<\/figcaption>\n\t\t<\/figure>\n\t<\/div>\n\n\n<p>\u201cBasicamente foi <strong>transporte<\/strong> e <strong>alimenta\u00e7\u00e3o<\/strong>, mas mesmo assim [&#8230;] Nossa principal tarefa \u00e9 manter a<strong> <a href=\"https:\/\/www.suno.com.br\/artigos\/inflacao\/\">infla\u00e7\u00e3o<\/a><\/strong> sob controle\u201d, informou o presidente do BC.<\/p>\n<p>O<a href=\"https:\/\/www.suno.com.br\/artigos\/ipca\/\"><strong> \u00cdndice Nacional de Pre\u00e7os ao Consumidor Amplo<\/strong><\/a> (IPCA) registrou uma alta de <strong>0,75% em mar\u00e7o<\/strong>. A informa\u00e7\u00e3o foi divulgada nesta quarta-feira (10) pelo <strong>Instituto Brasileiro de Geografia e Estat\u00edstica<\/strong> (IBGE). O resultado para o m\u00eas ficou acima da m\u00e9dia da proje\u00e7\u00e3o dos especialistas.<\/p>\n<p>[optin-monster-shortcode id=&#8221;npkxlwaleraa8psvnego&#8221;]<\/p>\n<p>Na \u00faltima reuni\u00e3o do<strong> <a href=\"https:\/\/www.suno.com.br\/artigos\/copom\/\">Comit\u00ea de Pol\u00edtica Monet\u00e1ria<\/a> <\/strong>(Copom), que ocorreu entre 19 e 20 de mar\u00e7o, o BC havia estimado que a <strong>infla\u00e7\u00e3o<\/strong> aceleraria no curto prazo. E que o \u00edndice, no <strong>acumulado de 12 meses<\/strong>, poderia atingir pico entre <strong>abril<\/strong> e <strong>maio<\/strong>.<\/p>\n<p>No acumulado de <strong>12 meses <\/strong>at\u00e9 mar\u00e7o, o <strong>IPCA<\/strong> registrou alta de <strong>4,58%<\/strong>, contra alta de 3,89% de fevereiro.<\/p>\n<p><a href=\"https:\/\/www.suno.com.br\/noticias\/ipca-registra-alta-075-marco\/\">Saiba mais &#8211;\u00a0IBGE: IPCA registra alta de 0,75% em mar\u00e7o\u00a0<\/a><\/p>\n<p><strong>Campos Neto<\/strong> tamb\u00e9m declarou que o <strong>BC<\/strong> est\u00e1 atento aos fatores que influenciam a <strong>infla\u00e7\u00e3o<\/strong>, especialmente os choques ocorridos em 2018. Dentre os quais, citou:<\/p>\n<ul>\n<li>greve dos caminhoneiros;<\/li>\n<li>incerteza eleitoral;<\/li>\n<li>normaliza\u00e7\u00e3o das taxas b\u00e1sicas de juros nos pa\u00edses desenvolvidos e a consequente sa\u00edda de capital de mercados emergentes, como a Argentina e a Turquia.<\/li>\n<\/ul>\n<p>O chefe do BC admitiu que\u00a0<strong>\u201ca recupera\u00e7\u00e3o n\u00e3o \u00e9 o que gostar\u00edamos\u201d<\/strong>. E destacou que o crescimento sustent\u00e1vel depende de tr\u00eas fatores:<\/p>\n<ul>\n<li>a aprova\u00e7\u00e3o da reforma da Previd\u00eancia;<\/li>\n<li>o controle de gastos com funcionalismo;<\/li>\n<li>e a realiza\u00e7\u00e3o de outras reformas para aumentar a produtividade.<\/li>\n<\/ul>\n\t<p>\n\t\t<a href=\"https:\/\/lp.suno.com.br\/plataforma-de-controle-de-investimentos\/\" target=\"_blank\" data-element=\"shortcode-suno-banner\" title=\"Banner SUNO, clique e saiba mais\">\n\t\t\t<picture>\n\t\t\t\t<source media=\"(max-width: 500px)\" srcset=\"https:\/\/files.sunoresearch.com.br\/n\/uploads\/2023\/03\/400x300-Controle-de-Investimentos.png\">\n\t\t\t\t<img class=\"newsContent__article__imgCapa newsContent__article__imgCapa--banner\"\n\t\t\t\t\tsrc=\"https:\/\/files.sunoresearch.com.br\/n\/uploads\/2023\/03\/1420x240-Controle-de-Investimentos.png\"\n\t\t\t\t\tdata-promo-id=\"383162\"\t\t\t\t\t\t\t\t\t\twidth='1420' height='240'\t\t\t\t\talt=\"https:\/\/files.sunoresearch.com.br\/n\/uploads\/2023\/03\/1420x240-Controle-de-Investimentos.png\"\n\t\t\t\t>\n\t\t\t<\/picture>\n\t\t<\/a>\n\t<\/p>\n\n\n<h2>Boletim Focus<\/h2>\n<p>A previs\u00e3o para o\u00a0<strong>\u00cdndice de Pre\u00e7os ao Consumidor Amplo (IPCA)<\/strong> de 2019 oscilou levemente para cima, saindo de 3,89% a 3,90%.<\/p>\n<p>O <strong>Boletim Focus<\/strong> \u00e9 elaborado semanalmente pelo <a href=\"https:\/\/www.bcb.gov.br\/\"><strong>Banco Central<\/strong><\/a>, com base nas previs\u00f5es dos analistas de\u00a0mais de 100 institui\u00e7\u00f5es financeiras.<\/p>\n<p>Esse resultado continua abaixo da meta de <strong>infla\u00e7\u00e3o<\/strong> fixada para pelo <a href=\"https:\/\/www.suno.com.br\/artigos\/cmn-conselho-monetario-nacional\/\">Conselho Monet\u00e1rio Nacional<\/a> (CMN) para este ano, de 4,25%. A meta tem uma toler\u00e2ncia de 1,5 ponto percentual, podendo ir de 2,75% at\u00e9 5,75%.<\/p>\n","protected":false},"excerpt":{"rendered":"<p>O presidente do Banco Central (BC), Roberto Campos Neto, afirmou que a autoridade de pol\u00edtica monet\u00e1ria est\u00e1 atenta \u00e0 alta da infla\u00e7\u00e3o no m\u00eas de mar\u00e7o, e disse: &#8220;N\u00e3o vamos nos arriscar com isso&#8221;. As falas foram ditas em evento com investidores em Nova York. As informa\u00e7\u00f5es s\u00e3o do jornal &#8220;O Globo&#8221;. Infla\u00e7\u00e3o. (divulga\u00e7\u00e3o) \u201cBasicamente [&hellip;]<\/p>\n","protected":false},"author":12,"featured_media":20582,"comment_status":"closed","ping_status":"closed","sticky":false,"template":"","format":"standard","meta":[],"categories":[62],"tags":[1842,1104,850,966,1113],"suno_strategy":[],"class_list":["post-20581","post","type-post","status-publish","format-standard","has-post-thumbnail","hentry","category-economia","tag-banco-central-bc","tag-copom","tag-inflacao","tag-ipca","tag-roberto-campos-neto"],"yoast_head":"<!-- This site is optimized with the Yoast SEO plugin v24.4 - https:\/\/yoast.com\/wordpress\/plugins\/seo\/ -->\n<title>Infla\u00e7\u00e3o: presidente do BC comenta IPCA de mar\u00e7o, que ficou em 0,75%<\/title>\n<meta name=\"description\" content=\"Roberto Campos Neto afirmou que o Banco Central est\u00e1 atento \u00e0 alta da infla\u00e7\u00e3o no m\u00eas de mar\u00e7o. Clique para saber mais.\" \/>\n<meta name=\"robots\" content=\"index, follow, max-snippet:-1, max-image-preview:large, max-video-preview:-1\" \/>\n<link rel=\"canonical\" href=\"https:\/\/www.suno.com.br\/noticias\/inflacao-marco-presidente-banco-central-comenta-ipca\/\" \/>\n<meta property=\"og:locale\" content=\"pt_BR\" \/>\n<meta property=\"og:type\" content=\"article\" \/>\n<meta property=\"og:title\" content=\"Infla\u00e7\u00e3o: presidente do BC comenta IPCA de mar\u00e7o, que ficou em 0,75%\" \/>\n<meta property=\"og:description\" content=\"Roberto Campos Neto afirmou que o Banco Central est\u00e1 atento \u00e0 alta da infla\u00e7\u00e3o no m\u00eas de mar\u00e7o. Clique para saber mais.\" \/>\n<meta property=\"og:url\" content=\"https:\/\/www.suno.com.br\/noticias\/inflacao-marco-presidente-banco-central-comenta-ipca\/\" \/>\n<meta property=\"og:site_name\" content=\"Suno Not\u00edcias\" \/>\n<meta property=\"article:publisher\" content=\"https:\/\/facebook.com\/sunoresearch\" \/>\n<meta property=\"og:image\" content=\"https:\/\/files.sunoresearch.com.br\/n\/uploads\/2019\/04\/6b515380-infla\u00e7\u00e3o.jpg\" \/>\n\t<meta property=\"og:image:width\" content=\"1200\" \/>\n\t<meta property=\"og:image:height\" content=\"800\" \/>\n\t<meta property=\"og:image:type\" content=\"image\/jpeg\" \/>\n<meta name=\"author\" content=\"Amanda Gushiken\" \/>\n<meta name=\"twitter:card\" content=\"summary_large_image\" \/>\n<meta name=\"twitter:creator\" content=\"@sunoresearch\" \/>\n<meta name=\"twitter:site\" content=\"@sunoresearch\" \/>\n<meta name=\"twitter:label1\" content=\"Escrito por\" \/>\n\t<meta name=\"twitter:data1\" content=\"Amanda Gushiken\" \/>\n\t<meta name=\"twitter:label2\" content=\"Est. tempo de leitura\" \/>\n\t<meta name=\"twitter:data2\" content=\"2 minutos\" \/>\n<script type=\"application\/ld+json\" class=\"yoast-schema-graph\">{\"@context\":\"https:\/\/schema.org\",\"@graph\":[{\"@type\":\"NewsArticle\",\"@id\":\"https:\/\/www.suno.com.br\/noticias\/inflacao-marco-presidente-banco-central-comenta-ipca\/#article\",\"isPartOf\":{\"@id\":\"https:\/\/www.suno.com.br\/noticias\/inflacao-marco-presidente-banco-central-comenta-ipca\/\"},\"author\":{\"name\":\"Amanda Gushiken\",\"@id\":\"https:\/\/www.suno.com.br\/noticias\/#\/schema\/person\/a5b06fa4e879d8e8e119c6ed3cd630d1\"},\"headline\":\"Infla\u00e7\u00e3o: presidente do BC comenta IPCA de mar\u00e7o, que ficou em 0,75%\",\"datePublished\":\"2019-04-10T21:27:32+00:00\",\"dateModified\":\"2021-02-18T01:49:57+00:00\",\"mainEntityOfPage\":{\"@id\":\"https:\/\/www.suno.com.br\/noticias\/inflacao-marco-presidente-banco-central-comenta-ipca\/\"},\"wordCount\":414,\"publisher\":{\"@id\":\"https:\/\/www.suno.com.br\/noticias\/#organization\"},\"image\":{\"@id\":\"https:\/\/www.suno.com.br\/noticias\/inflacao-marco-presidente-banco-central-comenta-ipca\/#primaryimage\"},\"thumbnailUrl\":\"https:\/\/files.sunoresearch.com.br\/n\/uploads\/2019\/04\/6b515380-infla\u00e7\u00e3o-jpg.webp\",\"keywords\":[\"Banco Central (BC)\",\"Copom\",\"infla\u00e7\u00e3o\",\"IPCA\",\"Roberto Campos Neto\"],\"articleSection\":[\"Economia\"],\"inLanguage\":\"pt-BR\"},{\"@type\":\"WebPage\",\"@id\":\"https:\/\/www.suno.com.br\/noticias\/inflacao-marco-presidente-banco-central-comenta-ipca\/\",\"url\":\"https:\/\/www.suno.com.br\/noticias\/inflacao-marco-presidente-banco-central-comenta-ipca\/\",\"name\":\"Infla\u00e7\u00e3o: presidente do BC comenta IPCA de mar\u00e7o, que ficou em 0,75%\",\"isPartOf\":{\"@id\":\"https:\/\/www.suno.com.br\/noticias\/#website\"},\"primaryImageOfPage\":{\"@id\":\"https:\/\/www.suno.com.br\/noticias\/inflacao-marco-presidente-banco-central-comenta-ipca\/#primaryimage\"},\"image\":{\"@id\":\"https:\/\/www.suno.com.br\/noticias\/inflacao-marco-presidente-banco-central-comenta-ipca\/#primaryimage\"},\"thumbnailUrl\":\"https:\/\/files.sunoresearch.com.br\/n\/uploads\/2019\/04\/6b515380-infla\u00e7\u00e3o-jpg.webp\",\"datePublished\":\"2019-04-10T21:27:32+00:00\",\"dateModified\":\"2021-02-18T01:49:57+00:00\",\"description\":\"Roberto Campos Neto afirmou que o Banco Central est\u00e1 atento \u00e0 alta da infla\u00e7\u00e3o no m\u00eas de mar\u00e7o. Clique para saber mais.\",\"breadcrumb\":{\"@id\":\"https:\/\/www.suno.com.br\/noticias\/inflacao-marco-presidente-banco-central-comenta-ipca\/#breadcrumb\"},\"inLanguage\":\"pt-BR\",\"potentialAction\":[{\"@type\":\"ReadAction\",\"target\":[\"https:\/\/www.suno.com.br\/noticias\/inflacao-marco-presidente-banco-central-comenta-ipca\/\"]}]},{\"@type\":\"ImageObject\",\"inLanguage\":\"pt-BR\",\"@id\":\"https:\/\/www.suno.com.br\/noticias\/inflacao-marco-presidente-banco-central-comenta-ipca\/#primaryimage\",\"url\":\"https:\/\/files.sunoresearch.com.br\/n\/uploads\/2019\/04\/6b515380-infla\u00e7\u00e3o-jpg.webp\",\"contentUrl\":\"https:\/\/files.sunoresearch.com.br\/n\/uploads\/2019\/04\/6b515380-infla\u00e7\u00e3o-jpg.webp\",\"width\":1200,\"height\":800,\"caption\":\"Infla\u00e7\u00e3o. (divulga\u00e7\u00e3o)\"},{\"@type\":\"BreadcrumbList\",\"@id\":\"https:\/\/www.suno.com.br\/noticias\/inflacao-marco-presidente-banco-central-comenta-ipca\/#breadcrumb\",\"itemListElement\":[{\"@type\":\"ListItem\",\"position\":1,\"name\":\"Not\u00edcias\",\"item\":\"https:\/\/www.suno.com.br\/noticias\/\"},{\"@type\":\"ListItem\",\"position\":2,\"name\":\"Economia\",\"item\":\"https:\/\/www.suno.com.br\/noticias\/economia\/\"},{\"@type\":\"ListItem\",\"position\":3,\"name\":\"Infla\u00e7\u00e3o: presidente do BC comenta IPCA de mar\u00e7o, que ficou em 0,75%\"}]},{\"@type\":\"WebSite\",\"@id\":\"https:\/\/www.suno.com.br\/noticias\/#website\",\"url\":\"https:\/\/www.suno.com.br\/noticias\/\",\"name\":\"Suno Not\u00edcias\",\"description\":\"Seu portal de informa\u00e7\u00e3o sobre o mundo dos investimentos\",\"publisher\":{\"@id\":\"https:\/\/www.suno.com.br\/noticias\/#organization\"},\"potentialAction\":[{\"@type\":\"SearchAction\",\"target\":{\"@type\":\"EntryPoint\",\"urlTemplate\":\"https:\/\/www.suno.com.br\/noticias\/?s={search_term_string}\"},\"query-input\":{\"@type\":\"PropertyValueSpecification\",\"valueRequired\":true,\"valueName\":\"search_term_string\"}}],\"inLanguage\":\"pt-BR\"},{\"@type\":\"Organization\",\"@id\":\"https:\/\/www.suno.com.br\/noticias\/#organization\",\"name\":\"Suno Not\u00edcias\",\"url\":\"https:\/\/www.suno.com.br\/noticias\/\",\"logo\":{\"@type\":\"ImageObject\",\"inLanguage\":\"pt-BR\",\"@id\":\"https:\/\/www.suno.com.br\/noticias\/#\/schema\/logo\/image\/\",\"url\":\"https:\/\/files.sunoresearch.com.br\/n\/uploads\/2021\/09\/suno-logo.png\",\"contentUrl\":\"https:\/\/files.sunoresearch.com.br\/n\/uploads\/2021\/09\/suno-logo.png\",\"width\":180,\"height\":180,\"caption\":\"Suno Not\u00edcias\"},\"image\":{\"@id\":\"https:\/\/www.suno.com.br\/noticias\/#\/schema\/logo\/image\/\"},\"sameAs\":[\"https:\/\/facebook.com\/sunoresearch\",\"https:\/\/x.com\/sunoresearch\",\"https:\/\/www.instagram.com\/suno\",\"https:\/\/www.linkedin.com\/company\/suno-research\/\",\"https:\/\/www.youtube.com\/c\/sunoresearch\"]},{\"@type\":\"Person\",\"@id\":\"https:\/\/www.suno.com.br\/noticias\/#\/schema\/person\/a5b06fa4e879d8e8e119c6ed3cd630d1\",\"name\":\"Amanda Gushiken\",\"image\":{\"@type\":\"ImageObject\",\"inLanguage\":\"pt-BR\",\"@id\":\"https:\/\/www.suno.com.br\/noticias\/#\/schema\/person\/image\/\",\"url\":\"https:\/\/secure.gravatar.com\/avatar\/ecd84705e6b65e3685ae80d725501fbe?s=96&r=g\",\"contentUrl\":\"https:\/\/secure.gravatar.com\/avatar\/ecd84705e6b65e3685ae80d725501fbe?s=96&r=g\",\"caption\":\"Amanda Gushiken\"},\"description\":\"Amanda Sayuri Gushiken escreve sobre finan\u00e7as e neg\u00f3cios para o portal Suno Not\u00edcias. Antes, trabalhou selecionando not\u00edcias da imprensa para clientes do mercado financeiro. Tamb\u00e9m desenvolveu pesquisa acad\u00eamica pela Universidade Anhembi Morumbi na \u00e1rea de Teorias da Comunica\u00e7\u00e3o e \u00e9 fot\u00f3grafa nas horas vagas.\",\"url\":\"https:\/\/www.suno.com.br\/noticias\/author\/amanda\/\"}]}<\/script>\n<!-- \/ Yoast SEO plugin. -->","yoast_head_json":{"title":"Infla\u00e7\u00e3o: presidente do BC comenta IPCA de mar\u00e7o, que ficou em 0,75%","description":"Roberto Campos Neto afirmou que o Banco Central est\u00e1 atento \u00e0 alta da infla\u00e7\u00e3o no m\u00eas de mar\u00e7o. Clique para saber mais.","robots":{"index":"index","follow":"follow","max-snippet":"max-snippet:-1","max-image-preview":"max-image-preview:large","max-video-preview":"max-video-preview:-1"},"canonical":"https:\/\/www.suno.com.br\/noticias\/inflacao-marco-presidente-banco-central-comenta-ipca\/","og_locale":"pt_BR","og_type":"article","og_title":"Infla\u00e7\u00e3o: presidente do BC comenta IPCA de mar\u00e7o, que ficou em 0,75%","og_description":"Roberto Campos Neto afirmou que o Banco Central est\u00e1 atento \u00e0 alta da infla\u00e7\u00e3o no m\u00eas de mar\u00e7o. Clique para saber mais.","og_url":"https:\/\/www.suno.com.br\/noticias\/inflacao-marco-presidente-banco-central-comenta-ipca\/","og_site_name":"Suno Not\u00edcias","article_publisher":"https:\/\/facebook.com\/sunoresearch","og_image":[{"width":1200,"height":800,"url":"https:\/\/files.sunoresearch.com.br\/n\/uploads\/2019\/04\/6b515380-infla\u00e7\u00e3o.jpg","type":"image\/jpeg"}],"author":"Amanda Gushiken","twitter_card":"summary_large_image","twitter_creator":"@sunoresearch","twitter_site":"@sunoresearch","twitter_misc":{"Escrito por":"Amanda Gushiken","Est. tempo de leitura":"2 minutos"},"schema":{"@context":"https:\/\/schema.org","@graph":[{"@type":"NewsArticle","@id":"https:\/\/www.suno.com.br\/noticias\/inflacao-marco-presidente-banco-central-comenta-ipca\/#article","isPartOf":{"@id":"https:\/\/www.suno.com.br\/noticias\/inflacao-marco-presidente-banco-central-comenta-ipca\/"},"author":{"name":"Amanda Gushiken","@id":"https:\/\/www.suno.com.br\/noticias\/#\/schema\/person\/a5b06fa4e879d8e8e119c6ed3cd630d1"},"headline":"Infla\u00e7\u00e3o: presidente do BC comenta IPCA de mar\u00e7o, que ficou em 0,75%","datePublished":"2019-04-10T21:27:32+00:00","dateModified":"2021-02-18T01:49:57+00:00","mainEntityOfPage":{"@id":"https:\/\/www.suno.com.br\/noticias\/inflacao-marco-presidente-banco-central-comenta-ipca\/"},"wordCount":414,"publisher":{"@id":"https:\/\/www.suno.com.br\/noticias\/#organization"},"image":{"@id":"https:\/\/www.suno.com.br\/noticias\/inflacao-marco-presidente-banco-central-comenta-ipca\/#primaryimage"},"thumbnailUrl":"https:\/\/files.sunoresearch.com.br\/n\/uploads\/2019\/04\/6b515380-infla\u00e7\u00e3o-jpg.webp","keywords":["Banco Central (BC)","Copom","infla\u00e7\u00e3o","IPCA","Roberto Campos Neto"],"articleSection":["Economia"],"inLanguage":"pt-BR"},{"@type":"WebPage","@id":"https:\/\/www.suno.com.br\/noticias\/inflacao-marco-presidente-banco-central-comenta-ipca\/","url":"https:\/\/www.suno.com.br\/noticias\/inflacao-marco-presidente-banco-central-comenta-ipca\/","name":"Infla\u00e7\u00e3o: presidente do BC comenta IPCA de mar\u00e7o, que ficou em 0,75%","isPartOf":{"@id":"https:\/\/www.suno.com.br\/noticias\/#website"},"primaryImageOfPage":{"@id":"https:\/\/www.suno.com.br\/noticias\/inflacao-marco-presidente-banco-central-comenta-ipca\/#primaryimage"},"image":{"@id":"https:\/\/www.suno.com.br\/noticias\/inflacao-marco-presidente-banco-central-comenta-ipca\/#primaryimage"},"thumbnailUrl":"https:\/\/files.sunoresearch.com.br\/n\/uploads\/2019\/04\/6b515380-infla\u00e7\u00e3o-jpg.webp","datePublished":"2019-04-10T21:27:32+00:00","dateModified":"2021-02-18T01:49:57+00:00","description":"Roberto Campos Neto afirmou que o Banco Central est\u00e1 atento \u00e0 alta da infla\u00e7\u00e3o no m\u00eas de mar\u00e7o. Clique para saber mais.","breadcrumb":{"@id":"https:\/\/www.suno.com.br\/noticias\/inflacao-marco-presidente-banco-central-comenta-ipca\/#breadcrumb"},"inLanguage":"pt-BR","potentialAction":[{"@type":"ReadAction","target":["https:\/\/www.suno.com.br\/noticias\/inflacao-marco-presidente-banco-central-comenta-ipca\/"]}]},{"@type":"ImageObject","inLanguage":"pt-BR","@id":"https:\/\/www.suno.com.br\/noticias\/inflacao-marco-presidente-banco-central-comenta-ipca\/#primaryimage","url":"https:\/\/files.sunoresearch.com.br\/n\/uploads\/2019\/04\/6b515380-infla\u00e7\u00e3o-jpg.webp","contentUrl":"https:\/\/files.sunoresearch.com.br\/n\/uploads\/2019\/04\/6b515380-infla\u00e7\u00e3o-jpg.webp","width":1200,"height":800,"caption":"Infla\u00e7\u00e3o. (divulga\u00e7\u00e3o)"},{"@type":"BreadcrumbList","@id":"https:\/\/www.suno.com.br\/noticias\/inflacao-marco-presidente-banco-central-comenta-ipca\/#breadcrumb","itemListElement":[{"@type":"ListItem","position":1,"name":"Not\u00edcias","item":"https:\/\/www.suno.com.br\/noticias\/"},{"@type":"ListItem","position":2,"name":"Economia","item":"https:\/\/www.suno.com.br\/noticias\/economia\/"},{"@type":"ListItem","position":3,"name":"Infla\u00e7\u00e3o: presidente do BC comenta IPCA de mar\u00e7o, que ficou em 0,75%"}]},{"@type":"WebSite","@id":"https:\/\/www.suno.com.br\/noticias\/#website","url":"https:\/\/www.suno.com.br\/noticias\/","name":"Suno Not\u00edcias","description":"Seu portal de informa\u00e7\u00e3o sobre o mundo dos investimentos","publisher":{"@id":"https:\/\/www.suno.com.br\/noticias\/#organization"},"potentialAction":[{"@type":"SearchAction","target":{"@type":"EntryPoint","urlTemplate":"https:\/\/www.suno.com.br\/noticias\/?s={search_term_string}"},"query-input":{"@type":"PropertyValueSpecification","valueRequired":true,"valueName":"search_term_string"}}],"inLanguage":"pt-BR"},{"@type":"Organization","@id":"https:\/\/www.suno.com.br\/noticias\/#organization","name":"Suno Not\u00edcias","url":"https:\/\/www.suno.com.br\/noticias\/","logo":{"@type":"ImageObject","inLanguage":"pt-BR","@id":"https:\/\/www.suno.com.br\/noticias\/#\/schema\/logo\/image\/","url":"https:\/\/files.sunoresearch.com.br\/n\/uploads\/2021\/09\/suno-logo.png","contentUrl":"https:\/\/files.sunoresearch.com.br\/n\/uploads\/2021\/09\/suno-logo.png","width":180,"height":180,"caption":"Suno Not\u00edcias"},"image":{"@id":"https:\/\/www.suno.com.br\/noticias\/#\/schema\/logo\/image\/"},"sameAs":["https:\/\/facebook.com\/sunoresearch","https:\/\/x.com\/sunoresearch","https:\/\/www.instagram.com\/suno","https:\/\/www.linkedin.com\/company\/suno-research\/","https:\/\/www.youtube.com\/c\/sunoresearch"]},{"@type":"Person","@id":"https:\/\/www.suno.com.br\/noticias\/#\/schema\/person\/a5b06fa4e879d8e8e119c6ed3cd630d1","name":"Amanda Gushiken","image":{"@type":"ImageObject","inLanguage":"pt-BR","@id":"https:\/\/www.suno.com.br\/noticias\/#\/schema\/person\/image\/","url":"https:\/\/secure.gravatar.com\/avatar\/ecd84705e6b65e3685ae80d725501fbe?s=96&r=g","contentUrl":"https:\/\/secure.gravatar.com\/avatar\/ecd84705e6b65e3685ae80d725501fbe?s=96&r=g","caption":"Amanda Gushiken"},"description":"Amanda Sayuri Gushiken escreve sobre finan\u00e7as e neg\u00f3cios para o portal Suno Not\u00edcias. Antes, trabalhou selecionando not\u00edcias da imprensa para clientes do mercado financeiro. Tamb\u00e9m desenvolveu pesquisa acad\u00eamica pela Universidade Anhembi Morumbi na \u00e1rea de Teorias da Comunica\u00e7\u00e3o e \u00e9 fot\u00f3grafa nas horas vagas.","url":"https:\/\/www.suno.com.br\/noticias\/author\/amanda\/"}]}},"default_loop_html":"<div class=\"cardsPage__listCard__boxs\"><div class=\"cardsPage__listCard__boxs__img\"><a href=\"https:\/\/www.suno.com.br\/noticias\/inflacao-marco-presidente-banco-central-comenta-ipca\/\"><img class=\"mask\" src=\"https:\/\/www.suno.com.br\/noticias\/wp-content\/themes\/suno\/resources\/images\/spotlight\/spotlight1img\/bg-mask.png\" alt=\"Image Mask\"\/><img src=\"https:\/\/files.sunoresearch.com.br\/n\/uploads\/2019\/04\/6b515380-infla\u00e7\u00e3o-400x200.webp\" alt=\"Infla\u00e7\u00e3o: presidente do BC comenta IPCA de mar\u00e7o, que ficou em 0,75%\"\/><\/a><span class=\"spotlightCategory\"><a href=\"https:\/\/www.suno.com.br\/noticias\/economia\/\">Economia<\/a><\/span><\/div><div class=\"cardsPage__listCard__boxs__content\"><a href=\"https:\/\/www.suno.com.br\/noticias\/inflacao-marco-presidente-banco-central-comenta-ipca\/\"><h2 class=\"content__title\">Infla\u00e7\u00e3o: presidente do BC comenta IPCA de mar\u00e7o, que ficou em 0,75%<\/h2><\/a><div class=\"newsContent__article__meta\"><div class=\"newsContent__article__meta__authorBox\"><a href=\"https:\/\/www.suno.com.br\/noticias\/author\/amanda\/\" class=\"authorBox__avatar noMobi\"><img src=\"https:\/\/files.sunoresearch.com.br\/n\/uploads\/2018\/11\/c6ad30be-amanda-150x150.webp\" alt=\"Amanda Gushiken\"><\/a><div class=\"authorBox__name\"><span>por\n\t\t\t<a href=\"https:\/\/www.suno.com.br\/noticias\/author\/amanda\/\"><span itemprop=\"author\">Amanda Gushiken<\/span><\/a><\/span><time datetime=\"2019-04-10T18:27:32-03:00\" itemprop=\"datePublished\">10\/04\/2019 18:27<\/time><\/div><\/div><\/div><\/div><\/div>","single_layout":"posts","amp_enabled":true,"_links":{"self":[{"href":"https:\/\/www.suno.com.br\/noticias\/wp-json\/wp\/v2\/posts\/20581"}],"collection":[{"href":"https:\/\/www.suno.com.br\/noticias\/wp-json\/wp\/v2\/posts"}],"about":[{"href":"https:\/\/www.suno.com.br\/noticias\/wp-json\/wp\/v2\/types\/post"}],"author":[{"embeddable":true,"href":"https:\/\/www.suno.com.br\/noticias\/wp-json\/wp\/v2\/users\/12"}],"replies":[{"embeddable":true,"href":"https:\/\/www.suno.com.br\/noticias\/wp-json\/wp\/v2\/comments?post=20581"}],"version-history":[{"count":0,"href":"https:\/\/www.suno.com.br\/noticias\/wp-json\/wp\/v2\/posts\/20581\/revisions"}],"wp:featuredmedia":[{"embeddable":true,"href":"https:\/\/www.suno.com.br\/noticias\/wp-json\/wp\/v2\/media\/20582"}],"wp:attachment":[{"href":"https:\/\/www.suno.com.br\/noticias\/wp-json\/wp\/v2\/media?parent=20581"}],"wp:term":[{"taxonomy":"category","embeddable":true,"href":"https:\/\/www.suno.com.br\/noticias\/wp-json\/wp\/v2\/categories?post=20581"},{"taxonomy":"post_tag","embeddable":true,"href":"https:\/\/www.suno.com.br\/noticias\/wp-json\/wp\/v2\/tags?post=20581"},{"taxonomy":"suno_strategy","embeddable":true,"href":"https:\/\/www.suno.com.br\/noticias\/wp-json\/wp\/v2\/suno_strategy?post=20581"}],"curies":[{"name":"wp","href":"https:\/\/api.w.org\/{rel}","templated":true}]}}