{"id":205549,"date":"2021-11-16T11:20:43","date_gmt":"2021-11-16T14:20:43","guid":{"rendered":"https:\/\/www.suno.com.br\/noticias\/?p=205549"},"modified":"2021-11-16T11:20:43","modified_gmt":"2021-11-16T14:20:43","slug":"cemig-cmig4-venda-taesa-taee11-ipo-gasmig","status":"publish","type":"post","link":"https:\/\/www.suno.com.br\/noticias\/cemig-cmig4-venda-taesa-taee11-ipo-gasmig\/","title":{"rendered":"Cemig (CMIG4) quer vender Taesa (TAEE11) e fazer IPO da Gasmig em 2022, diz site"},"content":{"rendered":"<p>A <a class=\"suno-keyword\" href=\"https:\/\/www.suno.com.br\/acoes\/CMIG4\/\" target=\"_blank\" rel=\"noopener\" data-force=\"yes\" data-priority=\"2\"><strong>Cemig<\/strong> (CMIG4)<\/a> pretende vender a participa\u00e7\u00e3o que tem na <a class=\"suno-keyword\" href=\"https:\/\/www.suno.com.br\/acoes\/TAEE11\/\" target=\"_blank\" rel=\"noopener\" data-force=\"yes\" data-priority=\"2\">Taesa (TAEE11)<\/a> e realizar a abertura de capital da Companhia de G\u00e1s de Minas Gerais (Gasmig) em 2022, informou o diretor de Finan\u00e7as e de <a class=\"suno-keyword\" href=\"https:\/\/www.suno.com.br\/artigos\/relacoes-com-investidores\/\" target=\"_blank\" rel=\"noopener\" data-force=\"no\" data-priority=\"1\">Rela\u00e7\u00f5es com Investidores<\/a> da companhia, Leonardo Magalh\u00e3es, ao <em>Broadcast<\/em>.<\/p>\t<div class=\"wrapper-featured-image\">\n\t\t<figure class=\"spotlightImg\">\n\n\t\t\t<picture>\n\t\t\t\t<source media=\"(max-width: 768px)\" srcset=\"https:\/\/files.sunoresearch.com.br\/n\/uploads\/2021\/03\/a9fbc3d5-cemig-2-400x200.webp\">\n\t\t\t\t<img loading=\"lazy\" decoding=\"async\" class=\"newsContent__article__imgCapa lazyloadDisabled \" src=\"https:\/\/files.sunoresearch.com.br\/n\/uploads\/2021\/03\/a9fbc3d5-cemig-2-800x450.webp\" width=\"800\" height=\"450\" alt=\"Cemig (CMIG4) quer vender Taesa (TAEE11) e fazer IPO da Gasmig em 2022, diz site\" fetchpriority=high \/>\n\t\t\t<\/picture>\n\n\t\t\t<figcaption class=\"wp-caption-text wp-caption-text--show\">Cemig (CMIG3, CMIG4) - Gera\u00e7\u00e3o de energia hidrel\u00e9trica. Foto: Divulga\u00e7\u00e3o<\/figcaption>\n\t\t<\/figure>\n\t<\/div>\n\n\n\t<p>\n\t\t<a href=\"https:\/\/lp.suno.com.br\/planilha-controle-gastos\/\" target=\"_blank\" data-element=\"shortcode-suno-banner\" title=\"Banner SUNO, clique e saiba mais\">\n\t\t\t<picture>\n\t\t\t\t<source media=\"(max-width: 500px)\" srcset=\"https:\/\/files.sunoresearch.com.br\/n\/uploads\/2023\/03\/400x300-Planilha-controle-de-gastos.png\">\n\t\t\t\t<img class=\"newsContent__article__imgCapa newsContent__article__imgCapa--banner\"\n\t\t\t\t\tsrc=\"https:\/\/files.sunoresearch.com.br\/n\/uploads\/2023\/03\/1420x240-Planilha-controle-de-gastos.png\"\n\t\t\t\t\tdata-promo-id=\"101751\"\t\t\t\t\t\t\t\t\t\twidth='1420' height='240'\t\t\t\t\talt=\"https:\/\/files.sunoresearch.com.br\/n\/uploads\/2023\/03\/1420x240-Planilha-controle-de-gastos.png\"\n\t\t\t\t>\n\t\t\t<\/picture>\n\t\t<\/a>\n\t<\/p>\n\n\n<p>De acordo com Magalh\u00e3es, a expectativa da Cemig era de concluir o processo de <strong>venda da Taesa<\/strong> neste ano, mas n\u00e3o foi poss\u00edvel. Uma das principais dificuldades est\u00e1 atrelada ao valor da Transmissora Alian\u00e7a de Energia El\u00e9trica, que dificulta o processo de negocia\u00e7\u00e3o e, por consequ\u00eancia, de venda.<\/p>\n<p>\u201cO outro acionista (<strong>Isa Brasil<\/strong>) tamb\u00e9m teria op\u00e7\u00e3o de comprar nossa participa\u00e7\u00e3o. Esse processo a gente entende que tem valores relevantes e gasta algum tempo para ser conclu\u00eddo\u201d, disse Magalh\u00e3es ao <em>Broadcast<\/em>.<\/p>\n<p>Com isso, o desinvestimento ficou para o pr\u00f3ximo ano, que tamb\u00e9m traz seus desafios, por ser um ano eleitoral. Entretanto, os executivos da Cemig veem a Taesa como uma empresa l\u00edquida, atrativa e rent\u00e1vel, mesmo em um ano eleitoral.<\/p>\n\t<p>\n\t\t<a href=\"https:\/\/lp.suno.com.br\/planilha-da-vida-financeira\/\" target=\"_blank\" data-element=\"shortcode-suno-banner\" title=\"Banner SUNO, clique e saiba mais\">\n\t\t\t<picture>\n\t\t\t\t<source media=\"(max-width: 500px)\" srcset=\"https:\/\/files.sunoresearch.com.br\/n\/uploads\/2023\/04\/400x300-Planilha-vida-financeira-true.png\">\n\t\t\t\t<img class=\"newsContent__article__imgCapa newsContent__article__imgCapa--banner\"\n\t\t\t\t\tsrc=\"https:\/\/files.sunoresearch.com.br\/n\/uploads\/2023\/04\/1420x240-Planilha-vida-financeira-true.png\"\n\t\t\t\t\tdata-promo-id=\"106682\"\t\t\t\t\t\t\t\t\t\twidth='1420' height='240'\t\t\t\t\talt=\"https:\/\/files.sunoresearch.com.br\/n\/uploads\/2023\/04\/1420x240-Planilha-vida-financeira-true.png\"\n\t\t\t\t>\n\t\t\t<\/picture>\n\t\t<\/a>\n\t<\/p>\n\n\n<h2>IPO da Gasmig<\/h2>\n<p>Em rela\u00e7\u00e3o \u00e0 <strong>Gasmig<\/strong>, a expectativa \u00e9 realizar a oferta inicial de a\u00e7\u00f5es (IPO, na sigla em ingl\u00eas) da empresa tamb\u00e9m no pr\u00f3ximo ano. A leitura da Cemig aponta a companhia como um ativo valioso, que tem concess\u00e3o at\u00e9 2023, alavancagem baixa e condi\u00e7\u00f5es de explora\u00e7\u00e3o por parte de uma nova investidora.<\/p>\n<p>A Gasmig atende a regi\u00e3o metropolitana de Belo Horizonte e outros munic\u00edpios do Estado de Minas Gerais.\u00a0\u201cEntendemos que hoje precisa de uma reorganiza\u00e7\u00e3o societ\u00e1ria com abertura de capital. Contratamos assessores financeiros para buscar alternativas para fazer o processo\u201d, disse o executivo ao <em>Broadcast<\/em>.<\/p>\n<p>Entretanto, o processo \u00e9 um pouco mais burocr\u00e1tico do que isso. Para ser privatizada, a Gasmig\u00a0precisaria de aprova\u00e7\u00f5es na Assembleia Legislativa do Estado de Minas Gerais.<\/p>\n\t<p>\n\t\t<a href=\"https:\/\/lp.suno.com.br\/ebook-como-analisar-uma-acao\/\" target=\"_blank\" data-element=\"shortcode-suno-banner\" title=\"Banner SUNO, clique e saiba mais\">\n\t\t\t<picture>\n\t\t\t\t<source media=\"(max-width: 500px)\" srcset=\"https:\/\/files.sunoresearch.com.br\/n\/uploads\/2023\/03\/Ebook-Acoes-Mobile-1.jpg\">\n\t\t\t\t<img class=\"newsContent__article__imgCapa newsContent__article__imgCapa--banner\"\n\t\t\t\t\tsrc=\"https:\/\/files.sunoresearch.com.br\/n\/uploads\/2023\/03\/Ebook-Acoes-Desktop-1.jpg\"\n\t\t\t\t\tdata-promo-id=\"171998\"\t\t\t\t\t\t\t\t\t\twidth='1420' height='286'\t\t\t\t\talt=\"https:\/\/files.sunoresearch.com.br\/n\/uploads\/2023\/03\/Ebook-Acoes-Desktop-1.jpg\"\n\t\t\t\t>\n\t\t\t<\/picture>\n\t\t<\/a>\n\t<\/p>\n\n\n<p>Al\u00e9m de Taesa e Gasmig, o plano de <strong>desinvestimentos da Cemig<\/strong> considera a venda de outros ativos, como a\u00a0<strong>Alian\u00e7a Energia<\/strong>, <a class=\"suno-keyword\" href=\"https:\/\/www.suno.com.br\/artigos\/joint-venture\/\" target=\"_blank\" rel=\"noopener\" data-force=\"no\" data-priority=\"2\">joint venture<\/a> com a mineradora Vale (VALE3), e a <strong>Renova Energia<\/strong>, vendida por R$ 60 milh\u00f5es.<\/p>\n<h2>Cota\u00e7\u00e3o da Cemig nesta ter\u00e7a (16)<\/h2>\n<p>A a\u00e7\u00e3o da <strong>Cemig<\/strong> abriu as opera\u00e7\u00f5es na Bolsa entre perdas e ganhos nesta ter\u00e7a. \u00c0s 10:15, as a\u00e7\u00f5es operavam com alta de 0,07%, cotadas a R$ 13,90.<\/p>\n\t<p>\n\t\t<a href=\"\" target=\"_blank\" data-element=\"shortcode-suno-banner\" title=\"Banner SUNO, clique e saiba mais\">\n\t\t\t<picture>\n\t\t\t\t<source media=\"(max-width: 500px)\" srcset=\"\">\n\t\t\t\t<img class=\"newsContent__article__imgCapa newsContent__article__imgCapa--banner\"\n\t\t\t\t\tsrc=\"\"\n\t\t\t\t\tdata-promo-id=\"184190\"\t\t\t\t\t\t\t\t\t\t\t\t\t\t\talt=\"\"\n\t\t\t\t>\n\t\t\t<\/picture>\n\t\t<\/a>\n\t<\/p>\n\n\n","protected":false},"excerpt":{"rendered":"<p>A Cemig (CMIG4) pretende vender a participa\u00e7\u00e3o que tem na Taesa (TAEE11) e realizar a abertura de capital da Companhia de G\u00e1s de Minas Gerais (Gasmig) em 2022, informou o diretor de Finan\u00e7as e de Rela\u00e7\u00f5es com Investidores da companhia, Leonardo Magalh\u00e3es, ao Broadcast. Cemig (CMIG3, CMIG4) &#8211; Gera\u00e7\u00e3o de energia hidrel\u00e9trica. Foto: Divulga\u00e7\u00e3o De [&hellip;]<\/p>\n","protected":false},"author":102,"featured_media":130215,"comment_status":"closed","ping_status":"closed","sticky":false,"template":"","format":"standard","meta":[],"categories":[64],"tags":[420,1834,1884,649],"suno_strategy":[],"class_list":["post-205549","post","type-post","status-publish","format-standard","has-post-thumbnail","hentry","category-negocios","tag-cemig-cmig3-cmig4","tag-desinvestimentos","tag-gasmig","tag-taesa-taee11-taee3-taee4"],"yoast_head":"<!-- This site is optimized with the Yoast SEO plugin v24.4 - https:\/\/yoast.com\/wordpress\/plugins\/seo\/ -->\n<title>Cemig (CMIG4) quer vender a Taesa (TAEE11) e fazer IPO da Gasmig<\/title>\n<meta name=\"description\" content=\"A Cemig (CMIG4) tem grandes planos de desinvestimento para o pr\u00f3ximo ano, a come\u00e7ar pela venda da Taesa (TAEE11). Leia mais aqui.\" \/>\n<meta name=\"robots\" content=\"index, follow, max-snippet:-1, max-image-preview:large, max-video-preview:-1\" \/>\n<link rel=\"canonical\" href=\"https:\/\/www.suno.com.br\/noticias\/cemig-cmig4-venda-taesa-taee11-ipo-gasmig\/\" \/>\n<meta property=\"og:locale\" content=\"pt_BR\" \/>\n<meta property=\"og:type\" content=\"article\" \/>\n<meta property=\"og:title\" content=\"Cemig (CMIG4) quer vender a Taesa (TAEE11) e fazer IPO da Gasmig\" \/>\n<meta property=\"og:description\" content=\"A Cemig (CMIG4) tem grandes planos de desinvestimento para o pr\u00f3ximo ano, a come\u00e7ar pela venda da Taesa (TAEE11). Leia mais aqui.\" \/>\n<meta property=\"og:url\" content=\"https:\/\/www.suno.com.br\/noticias\/cemig-cmig4-venda-taesa-taee11-ipo-gasmig\/\" \/>\n<meta property=\"og:site_name\" content=\"Suno Not\u00edcias\" \/>\n<meta property=\"article:publisher\" content=\"https:\/\/facebook.com\/sunoresearch\" \/>\n<meta property=\"og:image\" content=\"https:\/\/files.sunoresearch.com.br\/n\/uploads\/2021\/03\/a9fbc3d5-cemig-2.jpg\" \/>\n\t<meta property=\"og:image:width\" content=\"1200\" \/>\n\t<meta property=\"og:image:height\" content=\"800\" \/>\n\t<meta property=\"og:image:type\" content=\"image\/jpeg\" \/>\n<meta name=\"author\" content=\"Monique Lima\" \/>\n<meta name=\"twitter:card\" content=\"summary_large_image\" \/>\n<meta name=\"twitter:creator\" content=\"@sunoresearch\" \/>\n<meta name=\"twitter:site\" content=\"@sunoresearch\" \/>\n<meta name=\"twitter:label1\" content=\"Escrito por\" \/>\n\t<meta name=\"twitter:data1\" content=\"Monique Lima\" \/>\n\t<meta name=\"twitter:label2\" content=\"Est. tempo de leitura\" \/>\n\t<meta name=\"twitter:data2\" content=\"2 minutos\" \/>\n<script type=\"application\/ld+json\" class=\"yoast-schema-graph\">{\"@context\":\"https:\/\/schema.org\",\"@graph\":[{\"@type\":\"NewsArticle\",\"@id\":\"https:\/\/www.suno.com.br\/noticias\/cemig-cmig4-venda-taesa-taee11-ipo-gasmig\/#article\",\"isPartOf\":{\"@id\":\"https:\/\/www.suno.com.br\/noticias\/cemig-cmig4-venda-taesa-taee11-ipo-gasmig\/\"},\"author\":{\"name\":\"Monique Lima\",\"@id\":\"https:\/\/www.suno.com.br\/noticias\/#\/schema\/person\/d712329319cc9b10f254d02d654cb36a\"},\"headline\":\"Cemig (CMIG4) quer vender Taesa (TAEE11) e fazer IPO da Gasmig em 2022, diz site\",\"datePublished\":\"2021-11-16T14:20:43+00:00\",\"mainEntityOfPage\":{\"@id\":\"https:\/\/www.suno.com.br\/noticias\/cemig-cmig4-venda-taesa-taee11-ipo-gasmig\/\"},\"wordCount\":420,\"publisher\":{\"@id\":\"https:\/\/www.suno.com.br\/noticias\/#organization\"},\"image\":{\"@id\":\"https:\/\/www.suno.com.br\/noticias\/cemig-cmig4-venda-taesa-taee11-ipo-gasmig\/#primaryimage\"},\"thumbnailUrl\":\"https:\/\/files.sunoresearch.com.br\/n\/uploads\/2021\/03\/a9fbc3d5-cemig-2-jpg.webp\",\"keywords\":[\"Cemig (CMIG3\/CMIG4)\",\"desinvestimentos\",\"Gasmig\",\"Taesa (TAEE11\/TAEE3\/TAEE4)\"],\"articleSection\":[\"Neg\u00f3cios\"],\"inLanguage\":\"pt-BR\"},{\"@type\":\"WebPage\",\"@id\":\"https:\/\/www.suno.com.br\/noticias\/cemig-cmig4-venda-taesa-taee11-ipo-gasmig\/\",\"url\":\"https:\/\/www.suno.com.br\/noticias\/cemig-cmig4-venda-taesa-taee11-ipo-gasmig\/\",\"name\":\"Cemig (CMIG4) quer vender a Taesa (TAEE11) e fazer IPO da Gasmig\",\"isPartOf\":{\"@id\":\"https:\/\/www.suno.com.br\/noticias\/#website\"},\"primaryImageOfPage\":{\"@id\":\"https:\/\/www.suno.com.br\/noticias\/cemig-cmig4-venda-taesa-taee11-ipo-gasmig\/#primaryimage\"},\"image\":{\"@id\":\"https:\/\/www.suno.com.br\/noticias\/cemig-cmig4-venda-taesa-taee11-ipo-gasmig\/#primaryimage\"},\"thumbnailUrl\":\"https:\/\/files.sunoresearch.com.br\/n\/uploads\/2021\/03\/a9fbc3d5-cemig-2-jpg.webp\",\"datePublished\":\"2021-11-16T14:20:43+00:00\",\"description\":\"A Cemig (CMIG4) tem grandes planos de desinvestimento para o pr\u00f3ximo ano, a come\u00e7ar pela venda da Taesa (TAEE11). Leia mais aqui.\",\"breadcrumb\":{\"@id\":\"https:\/\/www.suno.com.br\/noticias\/cemig-cmig4-venda-taesa-taee11-ipo-gasmig\/#breadcrumb\"},\"inLanguage\":\"pt-BR\",\"potentialAction\":[{\"@type\":\"ReadAction\",\"target\":[\"https:\/\/www.suno.com.br\/noticias\/cemig-cmig4-venda-taesa-taee11-ipo-gasmig\/\"]}]},{\"@type\":\"ImageObject\",\"inLanguage\":\"pt-BR\",\"@id\":\"https:\/\/www.suno.com.br\/noticias\/cemig-cmig4-venda-taesa-taee11-ipo-gasmig\/#primaryimage\",\"url\":\"https:\/\/files.sunoresearch.com.br\/n\/uploads\/2021\/03\/a9fbc3d5-cemig-2-jpg.webp\",\"contentUrl\":\"https:\/\/files.sunoresearch.com.br\/n\/uploads\/2021\/03\/a9fbc3d5-cemig-2-jpg.webp\",\"width\":1200,\"height\":800,\"caption\":\"Cemig (CMIG3, CMIG4) - Gera\u00e7\u00e3o de energia hidrel\u00e9trica. Foto: Divulga\u00e7\u00e3o\"},{\"@type\":\"BreadcrumbList\",\"@id\":\"https:\/\/www.suno.com.br\/noticias\/cemig-cmig4-venda-taesa-taee11-ipo-gasmig\/#breadcrumb\",\"itemListElement\":[{\"@type\":\"ListItem\",\"position\":1,\"name\":\"Not\u00edcias\",\"item\":\"https:\/\/www.suno.com.br\/noticias\/\"},{\"@type\":\"ListItem\",\"position\":2,\"name\":\"Neg\u00f3cios\",\"item\":\"https:\/\/www.suno.com.br\/noticias\/negocios\/\"},{\"@type\":\"ListItem\",\"position\":3,\"name\":\"Cemig (CMIG4) quer vender Taesa (TAEE11) e fazer IPO da Gasmig em 2022, diz site\"}]},{\"@type\":\"WebSite\",\"@id\":\"https:\/\/www.suno.com.br\/noticias\/#website\",\"url\":\"https:\/\/www.suno.com.br\/noticias\/\",\"name\":\"Suno Not\u00edcias\",\"description\":\"Seu portal de informa\u00e7\u00e3o sobre o mundo dos investimentos\",\"publisher\":{\"@id\":\"https:\/\/www.suno.com.br\/noticias\/#organization\"},\"potentialAction\":[{\"@type\":\"SearchAction\",\"target\":{\"@type\":\"EntryPoint\",\"urlTemplate\":\"https:\/\/www.suno.com.br\/noticias\/?s={search_term_string}\"},\"query-input\":{\"@type\":\"PropertyValueSpecification\",\"valueRequired\":true,\"valueName\":\"search_term_string\"}}],\"inLanguage\":\"pt-BR\"},{\"@type\":\"Organization\",\"@id\":\"https:\/\/www.suno.com.br\/noticias\/#organization\",\"name\":\"Suno Not\u00edcias\",\"url\":\"https:\/\/www.suno.com.br\/noticias\/\",\"logo\":{\"@type\":\"ImageObject\",\"inLanguage\":\"pt-BR\",\"@id\":\"https:\/\/www.suno.com.br\/noticias\/#\/schema\/logo\/image\/\",\"url\":\"https:\/\/files.sunoresearch.com.br\/n\/uploads\/2021\/09\/suno-logo.png\",\"contentUrl\":\"https:\/\/files.sunoresearch.com.br\/n\/uploads\/2021\/09\/suno-logo.png\",\"width\":180,\"height\":180,\"caption\":\"Suno Not\u00edcias\"},\"image\":{\"@id\":\"https:\/\/www.suno.com.br\/noticias\/#\/schema\/logo\/image\/\"},\"sameAs\":[\"https:\/\/facebook.com\/sunoresearch\",\"https:\/\/x.com\/sunoresearch\",\"https:\/\/www.instagram.com\/suno\",\"https:\/\/www.linkedin.com\/company\/suno-research\/\",\"https:\/\/www.youtube.com\/c\/sunoresearch\"]},{\"@type\":\"Person\",\"@id\":\"https:\/\/www.suno.com.br\/noticias\/#\/schema\/person\/d712329319cc9b10f254d02d654cb36a\",\"name\":\"Monique Lima\",\"image\":{\"@type\":\"ImageObject\",\"inLanguage\":\"pt-BR\",\"@id\":\"https:\/\/www.suno.com.br\/noticias\/#\/schema\/person\/image\/\",\"url\":\"https:\/\/secure.gravatar.com\/avatar\/daee7f16d906c2e9ffed236206ca2c30?s=96&r=g\",\"contentUrl\":\"https:\/\/secure.gravatar.com\/avatar\/daee7f16d906c2e9ffed236206ca2c30?s=96&r=g\",\"caption\":\"Monique Lima\"},\"description\":\"Rep\u00f3rter de Mercado no Suno Not\u00edcias, \u00e9 jornalista com experi\u00eancia na cobertura de economia, empreendedorismo, finan\u00e7as pessoais, mercado financeiro, carreira e recursos humanos. Formada em Jornalismo pela Universidade Paulista, teve experi\u00eancias em ve\u00edculos de comunica\u00e7\u00e3o como a Ag\u00eancia TradeMap, Revista Voc\u00ea S\/A e Revista Voc\u00ea RH, as duas \u00faltimas publica\u00e7\u00f5es da Editora Abril. No Suno Not\u00edcias, fala sobre as principais not\u00edcias de Fundos Imobili\u00e1rios, Fiagro, Startups e empresas listadas na Bolsa.\",\"url\":\"https:\/\/www.suno.com.br\/noticias\/author\/monique-lima\/\"}]}<\/script>\n<!-- \/ Yoast SEO plugin. -->","yoast_head_json":{"title":"Cemig (CMIG4) quer vender a Taesa (TAEE11) e fazer IPO da Gasmig","description":"A Cemig (CMIG4) tem grandes planos de desinvestimento para o pr\u00f3ximo ano, a come\u00e7ar pela venda da Taesa (TAEE11). Leia mais aqui.","robots":{"index":"index","follow":"follow","max-snippet":"max-snippet:-1","max-image-preview":"max-image-preview:large","max-video-preview":"max-video-preview:-1"},"canonical":"https:\/\/www.suno.com.br\/noticias\/cemig-cmig4-venda-taesa-taee11-ipo-gasmig\/","og_locale":"pt_BR","og_type":"article","og_title":"Cemig (CMIG4) quer vender a Taesa (TAEE11) e fazer IPO da Gasmig","og_description":"A Cemig (CMIG4) tem grandes planos de desinvestimento para o pr\u00f3ximo ano, a come\u00e7ar pela venda da Taesa (TAEE11). Leia mais aqui.","og_url":"https:\/\/www.suno.com.br\/noticias\/cemig-cmig4-venda-taesa-taee11-ipo-gasmig\/","og_site_name":"Suno Not\u00edcias","article_publisher":"https:\/\/facebook.com\/sunoresearch","og_image":[{"width":1200,"height":800,"url":"https:\/\/files.sunoresearch.com.br\/n\/uploads\/2021\/03\/a9fbc3d5-cemig-2.jpg","type":"image\/jpeg"}],"author":"Monique Lima","twitter_card":"summary_large_image","twitter_creator":"@sunoresearch","twitter_site":"@sunoresearch","twitter_misc":{"Escrito por":"Monique Lima","Est. tempo de leitura":"2 minutos"},"schema":{"@context":"https:\/\/schema.org","@graph":[{"@type":"NewsArticle","@id":"https:\/\/www.suno.com.br\/noticias\/cemig-cmig4-venda-taesa-taee11-ipo-gasmig\/#article","isPartOf":{"@id":"https:\/\/www.suno.com.br\/noticias\/cemig-cmig4-venda-taesa-taee11-ipo-gasmig\/"},"author":{"name":"Monique Lima","@id":"https:\/\/www.suno.com.br\/noticias\/#\/schema\/person\/d712329319cc9b10f254d02d654cb36a"},"headline":"Cemig (CMIG4) quer vender Taesa (TAEE11) e fazer IPO da Gasmig em 2022, diz site","datePublished":"2021-11-16T14:20:43+00:00","mainEntityOfPage":{"@id":"https:\/\/www.suno.com.br\/noticias\/cemig-cmig4-venda-taesa-taee11-ipo-gasmig\/"},"wordCount":420,"publisher":{"@id":"https:\/\/www.suno.com.br\/noticias\/#organization"},"image":{"@id":"https:\/\/www.suno.com.br\/noticias\/cemig-cmig4-venda-taesa-taee11-ipo-gasmig\/#primaryimage"},"thumbnailUrl":"https:\/\/files.sunoresearch.com.br\/n\/uploads\/2021\/03\/a9fbc3d5-cemig-2-jpg.webp","keywords":["Cemig (CMIG3\/CMIG4)","desinvestimentos","Gasmig","Taesa (TAEE11\/TAEE3\/TAEE4)"],"articleSection":["Neg\u00f3cios"],"inLanguage":"pt-BR"},{"@type":"WebPage","@id":"https:\/\/www.suno.com.br\/noticias\/cemig-cmig4-venda-taesa-taee11-ipo-gasmig\/","url":"https:\/\/www.suno.com.br\/noticias\/cemig-cmig4-venda-taesa-taee11-ipo-gasmig\/","name":"Cemig (CMIG4) quer vender a Taesa (TAEE11) e fazer IPO da Gasmig","isPartOf":{"@id":"https:\/\/www.suno.com.br\/noticias\/#website"},"primaryImageOfPage":{"@id":"https:\/\/www.suno.com.br\/noticias\/cemig-cmig4-venda-taesa-taee11-ipo-gasmig\/#primaryimage"},"image":{"@id":"https:\/\/www.suno.com.br\/noticias\/cemig-cmig4-venda-taesa-taee11-ipo-gasmig\/#primaryimage"},"thumbnailUrl":"https:\/\/files.sunoresearch.com.br\/n\/uploads\/2021\/03\/a9fbc3d5-cemig-2-jpg.webp","datePublished":"2021-11-16T14:20:43+00:00","description":"A Cemig (CMIG4) tem grandes planos de desinvestimento para o pr\u00f3ximo ano, a come\u00e7ar pela venda da Taesa (TAEE11). Leia mais aqui.","breadcrumb":{"@id":"https:\/\/www.suno.com.br\/noticias\/cemig-cmig4-venda-taesa-taee11-ipo-gasmig\/#breadcrumb"},"inLanguage":"pt-BR","potentialAction":[{"@type":"ReadAction","target":["https:\/\/www.suno.com.br\/noticias\/cemig-cmig4-venda-taesa-taee11-ipo-gasmig\/"]}]},{"@type":"ImageObject","inLanguage":"pt-BR","@id":"https:\/\/www.suno.com.br\/noticias\/cemig-cmig4-venda-taesa-taee11-ipo-gasmig\/#primaryimage","url":"https:\/\/files.sunoresearch.com.br\/n\/uploads\/2021\/03\/a9fbc3d5-cemig-2-jpg.webp","contentUrl":"https:\/\/files.sunoresearch.com.br\/n\/uploads\/2021\/03\/a9fbc3d5-cemig-2-jpg.webp","width":1200,"height":800,"caption":"Cemig (CMIG3, CMIG4) - Gera\u00e7\u00e3o de energia hidrel\u00e9trica. Foto: Divulga\u00e7\u00e3o"},{"@type":"BreadcrumbList","@id":"https:\/\/www.suno.com.br\/noticias\/cemig-cmig4-venda-taesa-taee11-ipo-gasmig\/#breadcrumb","itemListElement":[{"@type":"ListItem","position":1,"name":"Not\u00edcias","item":"https:\/\/www.suno.com.br\/noticias\/"},{"@type":"ListItem","position":2,"name":"Neg\u00f3cios","item":"https:\/\/www.suno.com.br\/noticias\/negocios\/"},{"@type":"ListItem","position":3,"name":"Cemig (CMIG4) quer vender Taesa (TAEE11) e fazer IPO da Gasmig em 2022, diz site"}]},{"@type":"WebSite","@id":"https:\/\/www.suno.com.br\/noticias\/#website","url":"https:\/\/www.suno.com.br\/noticias\/","name":"Suno Not\u00edcias","description":"Seu portal de informa\u00e7\u00e3o sobre o mundo dos investimentos","publisher":{"@id":"https:\/\/www.suno.com.br\/noticias\/#organization"},"potentialAction":[{"@type":"SearchAction","target":{"@type":"EntryPoint","urlTemplate":"https:\/\/www.suno.com.br\/noticias\/?s={search_term_string}"},"query-input":{"@type":"PropertyValueSpecification","valueRequired":true,"valueName":"search_term_string"}}],"inLanguage":"pt-BR"},{"@type":"Organization","@id":"https:\/\/www.suno.com.br\/noticias\/#organization","name":"Suno Not\u00edcias","url":"https:\/\/www.suno.com.br\/noticias\/","logo":{"@type":"ImageObject","inLanguage":"pt-BR","@id":"https:\/\/www.suno.com.br\/noticias\/#\/schema\/logo\/image\/","url":"https:\/\/files.sunoresearch.com.br\/n\/uploads\/2021\/09\/suno-logo.png","contentUrl":"https:\/\/files.sunoresearch.com.br\/n\/uploads\/2021\/09\/suno-logo.png","width":180,"height":180,"caption":"Suno Not\u00edcias"},"image":{"@id":"https:\/\/www.suno.com.br\/noticias\/#\/schema\/logo\/image\/"},"sameAs":["https:\/\/facebook.com\/sunoresearch","https:\/\/x.com\/sunoresearch","https:\/\/www.instagram.com\/suno","https:\/\/www.linkedin.com\/company\/suno-research\/","https:\/\/www.youtube.com\/c\/sunoresearch"]},{"@type":"Person","@id":"https:\/\/www.suno.com.br\/noticias\/#\/schema\/person\/d712329319cc9b10f254d02d654cb36a","name":"Monique Lima","image":{"@type":"ImageObject","inLanguage":"pt-BR","@id":"https:\/\/www.suno.com.br\/noticias\/#\/schema\/person\/image\/","url":"https:\/\/secure.gravatar.com\/avatar\/daee7f16d906c2e9ffed236206ca2c30?s=96&r=g","contentUrl":"https:\/\/secure.gravatar.com\/avatar\/daee7f16d906c2e9ffed236206ca2c30?s=96&r=g","caption":"Monique Lima"},"description":"Rep\u00f3rter de Mercado no Suno Not\u00edcias, \u00e9 jornalista com experi\u00eancia na cobertura de economia, empreendedorismo, finan\u00e7as pessoais, mercado financeiro, carreira e recursos humanos. Formada em Jornalismo pela Universidade Paulista, teve experi\u00eancias em ve\u00edculos de comunica\u00e7\u00e3o como a Ag\u00eancia TradeMap, Revista Voc\u00ea S\/A e Revista Voc\u00ea RH, as duas \u00faltimas publica\u00e7\u00f5es da Editora Abril. No Suno Not\u00edcias, fala sobre as principais not\u00edcias de Fundos Imobili\u00e1rios, Fiagro, Startups e empresas listadas na Bolsa.","url":"https:\/\/www.suno.com.br\/noticias\/author\/monique-lima\/"}]}},"default_loop_html":"<div class=\"cardsPage__listCard__boxs\"><div class=\"cardsPage__listCard__boxs__img\"><a href=\"https:\/\/www.suno.com.br\/noticias\/cemig-cmig4-venda-taesa-taee11-ipo-gasmig\/\"><img class=\"mask\" src=\"https:\/\/www.suno.com.br\/noticias\/wp-content\/themes\/suno\/resources\/images\/spotlight\/spotlight1img\/bg-mask.png\" alt=\"Image Mask\"\/><img src=\"https:\/\/files.sunoresearch.com.br\/n\/uploads\/2021\/03\/a9fbc3d5-cemig-2-400x200.webp\" alt=\"Cemig (CMIG4) quer vender Taesa (TAEE11) e fazer IPO da Gasmig em 2022, diz site\"\/><\/a><span class=\"spotlightCategory\"><a href=\"https:\/\/www.suno.com.br\/noticias\/negocios\/\">Neg\u00f3cios<\/a><\/span><\/div><div class=\"cardsPage__listCard__boxs__content\"><a href=\"https:\/\/www.suno.com.br\/noticias\/cemig-cmig4-venda-taesa-taee11-ipo-gasmig\/\"><h2 class=\"content__title\">Cemig (CMIG4) quer vender Taesa (TAEE11) e fazer IPO da Gasmig em 2022, diz site<\/h2><\/a><div class=\"newsContent__article__meta\"><div class=\"newsContent__article__meta__authorBox\"><a href=\"https:\/\/www.suno.com.br\/noticias\/author\/monique-lima\/\" class=\"authorBox__avatar noMobi\"><img src=\"https:\/\/secure.gravatar.com\/avatar\/daee7f16d906c2e9ffed236206ca2c30?s=96&#038;r=g\" alt=\"Monique Lima\"><\/a><div class=\"authorBox__name\"><span>por\n\t\t\t<a href=\"https:\/\/www.suno.com.br\/noticias\/author\/monique-lima\/\"><span itemprop=\"author\">Monique Lima<\/span><\/a><\/span><time datetime=\"2021-11-16T11:20:43-03:00\" itemprop=\"datePublished\">16\/11\/2021 11:20<\/time><\/div><\/div><\/div><\/div><\/div>","single_layout":"posts","amp_enabled":true,"_links":{"self":[{"href":"https:\/\/www.suno.com.br\/noticias\/wp-json\/wp\/v2\/posts\/205549"}],"collection":[{"href":"https:\/\/www.suno.com.br\/noticias\/wp-json\/wp\/v2\/posts"}],"about":[{"href":"https:\/\/www.suno.com.br\/noticias\/wp-json\/wp\/v2\/types\/post"}],"author":[{"embeddable":true,"href":"https:\/\/www.suno.com.br\/noticias\/wp-json\/wp\/v2\/users\/102"}],"replies":[{"embeddable":true,"href":"https:\/\/www.suno.com.br\/noticias\/wp-json\/wp\/v2\/comments?post=205549"}],"version-history":[{"count":3,"href":"https:\/\/www.suno.com.br\/noticias\/wp-json\/wp\/v2\/posts\/205549\/revisions"}],"predecessor-version":[{"id":205604,"href":"https:\/\/www.suno.com.br\/noticias\/wp-json\/wp\/v2\/posts\/205549\/revisions\/205604"}],"wp:featuredmedia":[{"embeddable":true,"href":"https:\/\/www.suno.com.br\/noticias\/wp-json\/wp\/v2\/media\/130215"}],"wp:attachment":[{"href":"https:\/\/www.suno.com.br\/noticias\/wp-json\/wp\/v2\/media?parent=205549"}],"wp:term":[{"taxonomy":"category","embeddable":true,"href":"https:\/\/www.suno.com.br\/noticias\/wp-json\/wp\/v2\/categories?post=205549"},{"taxonomy":"post_tag","embeddable":true,"href":"https:\/\/www.suno.com.br\/noticias\/wp-json\/wp\/v2\/tags?post=205549"},{"taxonomy":"suno_strategy","embeddable":true,"href":"https:\/\/www.suno.com.br\/noticias\/wp-json\/wp\/v2\/suno_strategy?post=205549"}],"curies":[{"name":"wp","href":"https:\/\/api.w.org\/{rel}","templated":true}]}}