{"id":20552,"date":"2019-04-10T15:58:20","date_gmt":"2019-04-10T18:58:20","guid":{"rendered":"https:\/\/www.suno.com.br\/noticias\/?p=20552"},"modified":"2019-04-10T15:58:20","modified_gmt":"2019-04-10T18:58:20","slug":"fup-questionar-justica-venda-tag-petrobras-engie","status":"publish","type":"post","link":"https:\/\/www.suno.com.br\/noticias\/fup-questionar-justica-venda-tag-petrobras-engie\/","title":{"rendered":"FUP planeja contestar na Justi\u00e7a a venda da TAG pela Petrobras \u00e0 Engie"},"content":{"rendered":"<p>A <strong>Federa\u00e7\u00e3o \u00danica dos Petroleiros<\/strong> (FUP) pretende questionar judicialmente a venda da\u00a0<strong>Transportadora Associada de G\u00e1s<\/strong> (TAG), pela Petrobras (PETR4), para a francesa <strong>Engie<\/strong>. A venda foi anunciada na \u00faltima segunda-feira (8), no valor\u00a0e<strong> US$ 8,6 bilh\u00f5es<\/strong>.<\/p>\t<div class=\"wrapper-featured-image\">\n\t\t<figure class=\"spotlightImg\">\n\n\t\t\t<picture>\n\t\t\t\t<source media=\"(max-width: 768px)\" srcset=\"https:\/\/files.sunoresearch.com.br\/n\/uploads\/2018\/09\/5ab467ad-petrobras-argentina-400x200.webp\">\n\t\t\t\t<img loading=\"lazy\" decoding=\"async\" class=\"newsContent__article__imgCapa lazyloadDisabled newsContent__article__imgCapa--noCaption\" src=\"https:\/\/files.sunoresearch.com.br\/n\/uploads\/2018\/09\/5ab467ad-petrobras-argentina-800x450.webp\" width=\"800\" height=\"450\" alt=\"FUP planeja contestar na Justi\u00e7a a venda da TAG pela Petrobras \u00e0 Engie\" fetchpriority=high \/>\n\t\t\t<\/picture>\n\n\t\t\t<figcaption class=\"wp-caption-text wp-caption-text--hide\">De acordo com a Petrobras, os t\u00edtulos registrados ter\u00e3o termos e condi\u00e7\u00f5es similares aos t\u00edtulos n\u00e3o registrados<\/figcaption>\n\t\t<\/figure>\n\t<\/div>\n\n\n<p>A motiva\u00e7\u00e3o da <strong>FUP<\/strong> \u00e9 que a venda supostamente fere a decis\u00e3o cautelar\u00a0do ministro do <strong>Supremo Tribunal Federal<\/strong> (STF), <strong>Ricardo Lewandowski<\/strong>. Em tal decis\u00e3o, a venda de ativos de empresas estatais, como a <strong>Petrobras<\/strong>, \u00e9 proibida sem autoriza\u00e7\u00e3o do <strong>Legislativo<\/strong>.<\/p>\n<p><a href=\"https:\/\/www.suno.com.br\/noticias\/petrobras-venda-tres-gasodutos-3-bilhoes\/\">Saiba mais &#8211;\u00a0Petrobras planeja vender mais tr\u00eas gasodutos ap\u00f3s arrecada\u00e7\u00e3o com TAG<\/a><\/p>\n<p><strong>Lewandowski<\/strong> concedeu\u00a0em junho de 2018 uma liminar, na qual \u00e9 necess\u00e1ria <strong>\u201cpr\u00e9via autoriza\u00e7\u00e3o legislativa\u201d<\/strong> para a venda. As informa\u00e7\u00f5es s\u00e3o do &#8220;Estado de S. Paulo&#8221;.<\/p>\n<p>Contudo, em janeiro deste ano, o <strong>presidente do STF<\/strong>, Dias Toffoli, concedeu outra\u00a0<strong>liminar<\/strong>. Nesta, h\u00e1 libera\u00e7\u00e3o da <strong>Petrobras<\/strong>\u00a0para continuar vendendo, <strong>sem licita\u00e7\u00e3o<\/strong>,\u00a0mais de <strong>250 campos de petr\u00f3leo e g\u00e1s<\/strong>.<\/p>\n<p>A <strong>FUP<\/strong> tamb\u00e9m argumenta que a venda da <strong>TAG<\/strong> prejudicar\u00e1 financeiramente a petroleira. A entidade mencionou a\u00a0a venda da <strong>Nova Transportadora do Sudeste<\/strong> (NTS), em 2017. E afirmou que a Petrobras ter\u00e1 que pagar para utilizar um <strong>gasoduto<\/strong> que lhe pertencia.<\/p>\n<p>[optin-monster-shortcode id=&#8221;npkxlwaleraa8psvnego&#8221;]<\/p>\n<h2>Venda da NTS<\/h2>\n<p>\u201cEm menos de quatro anos, [a Petrobras] j\u00e1 ter\u00e1 pago \u00e0 Brookfield todo o valor que arrecadou com a <a href=\"https:\/\/www.suno.com.br\/artigos\/privatizacao\/\"><strong>privatiza\u00e7\u00e3o<\/strong><\/a> da <strong>NTS<\/strong>\u201d, alegou a FUP em nota.<\/p>\n<p>A parcela de<strong> 90% da NTS<\/strong> foi vendida por <strong>US$ 4,23 bilh\u00f5es<\/strong>. O controle passou para um cons\u00f3rcio controlado pela canadense <strong>Brookfield Asset Management<\/strong>. A transa\u00e7\u00e3o ocorreu em abril de 2017:<\/p>\n<ul>\n<li>US$ 2,59 bilh\u00f5es em a\u00e7\u00f5es;<\/li>\n<li>e US$ 1,64 bilh\u00e3o em t\u00edtulos de d\u00edvida.<\/li>\n<\/ul>\n<p>O ministro Lewandowski \u00e9 o relator da <strong>A\u00e7\u00e3o Direta de Inconstitucionalidade<\/strong> (ADI). A a\u00e7\u00e3o foi apresentada por entidades sindicais, que integram o <strong>Comit\u00ea Nacional em Defesa das Empresas P\u00fablicas<\/strong>, do qual a <strong>FUP<\/strong> faz parte.<\/p>\n\t<p>\n\t\t<a href=\"https:\/\/lp.suno.com.br\/planilha-da-vida-financeira\/\" target=\"_blank\" data-element=\"shortcode-suno-banner\" title=\"Banner SUNO, clique e saiba mais\">\n\t\t\t<picture>\n\t\t\t\t<source media=\"(max-width: 500px)\" srcset=\"https:\/\/files.sunoresearch.com.br\/n\/uploads\/2023\/04\/400x300-Planilha-vida-financeira-true.png\">\n\t\t\t\t<img class=\"newsContent__article__imgCapa newsContent__article__imgCapa--banner\"\n\t\t\t\t\tsrc=\"https:\/\/files.sunoresearch.com.br\/n\/uploads\/2023\/04\/1420x240-Planilha-vida-financeira-true.png\"\n\t\t\t\t\tdata-promo-id=\"383123\"\t\t\t\t\t\t\t\t\t\twidth='1420' height='240'\t\t\t\t\talt=\"https:\/\/files.sunoresearch.com.br\/n\/uploads\/2023\/04\/1420x240-Planilha-vida-financeira-true.png\"\n\t\t\t\t>\n\t\t\t<\/picture>\n\t\t<\/a>\n\t<\/p>\n\n\n<p>\u201cNada disso foi respeitado pela dire\u00e7\u00e3o da <strong>Petrobras<\/strong>, que afrontou deliberadamente a <strong>decis\u00e3o<\/strong> de um ministro do Supremo. Ao dar andamento ao processo de privatiza\u00e7\u00e3o da <strong>TAG<\/strong>, que estava suspenso pela empresa desde 3 de julho, em cumprimento \u00e0 <strong>liminar<\/strong>. A decis\u00e3o de <strong>Lewandowski<\/strong> continua valendo, enquanto aguarda o pleno do <strong>STF<\/strong> se posicionar sobre a <strong>ADI<\/strong>\u201d, informa a nota.<\/p>\n<p>\u201cAl\u00e9m de desarticular a log\u00edstica de transporte da <strong>Petrobras<\/strong>, a venda da TAG deixar\u00e1 nas m\u00e3os de grupos estrangeiros o controle sobre os <strong>gasodutos<\/strong> do pa\u00eds. A <strong>estatal<\/strong> ter\u00e1 que se <strong>submeter<\/strong> aos pre\u00e7os e condi\u00e7\u00f5es impostas pelas multinacionais, como j\u00e1 acontece com a <strong>NTS<\/strong>\u201d, completou a FUP.<\/p>\n<p><a href=\"https:\/\/www.suno.com.br\/noticias\/engie-compra-tag-petrobras-maio\/\">Saiba mais &#8211;\u00a0Engie prev\u00ea que compra da TAG, da Petrobras, ser\u00e1 fechada em maio<\/a><\/p>\n<h2>Venda da TAG<\/h2>\n<p>A compra de 90% da TAG faz parte da estrat\u00e9gia da <strong>Engie<\/strong> de diversificar os <strong>neg\u00f3cios<\/strong> no pa\u00eds. Segundo o presidente da empresa no Brasil,<strong> Maur\u00edcio B\u00e4hr<\/strong>, em entrevista ao &#8220;Terra&#8221;, a Engie deseja concentrar-se exclusivamente em<strong> energia renov\u00e1vel<\/strong>.<\/p>\n<p>A <strong>TAG<\/strong> disp\u00f5e de uma capacidade firme contratada de movimenta\u00e7\u00e3o de <strong>g\u00e1s natural<\/strong> de 74,67 milh\u00f5es m\u00b3 (metro c\u00fabicos)\/dia. Desta forma, gera uma importante parcela dos ativos de transporte de <strong>g\u00e1s natural<\/strong> do Brasil.<\/p>\n<p>Os outros 10% da <strong>TAG<\/strong> continuam com a <strong>Petrobras.<\/strong> A parte negociada com compreende cerca de 4,5 mil quil\u00f4metros da rede de <strong>gasodutos.<\/strong>\u00a0E engloba dez estados, do Norte e do Nordeste.<\/p>\n","protected":false},"excerpt":{"rendered":"<p>A Federa\u00e7\u00e3o \u00danica dos Petroleiros (FUP) pretende questionar judicialmente a venda da\u00a0Transportadora Associada de G\u00e1s (TAG), pela Petrobras (PETR4), para a francesa Engie. A venda foi anunciada na \u00faltima segunda-feira (8), no valor\u00a0e US$ 8,6 bilh\u00f5es. De acordo com a Petrobras, os t\u00edtulos registrados ter\u00e3o termos e condi\u00e7\u00f5es similares aos t\u00edtulos n\u00e3o registrados A motiva\u00e7\u00e3o [&hellip;]<\/p>\n","protected":false},"author":12,"featured_media":3877,"comment_status":"closed","ping_status":"closed","sticky":false,"template":"","format":"standard","meta":[],"categories":[64],"tags":[595],"suno_strategy":[],"class_list":["post-20552","post","type-post","status-publish","format-standard","has-post-thumbnail","hentry","category-negocios","tag-petrobras-petr4"],"yoast_head":"<!-- This site is optimized with the Yoast SEO plugin v24.4 - https:\/\/yoast.com\/wordpress\/plugins\/seo\/ -->\n<title>FUP planeja contestar na Justi\u00e7a a venda da TAG pela Petrobras \u00e0 Engie<\/title>\n<meta name=\"description\" content=\"A FUP pretende questionar judicialmente a venda da\u00a0TAG, pela Petrobras, para a francesa Engie. Clique para saber mais.\" \/>\n<meta name=\"robots\" content=\"index, follow, max-snippet:-1, max-image-preview:large, max-video-preview:-1\" \/>\n<link rel=\"canonical\" href=\"https:\/\/www.suno.com.br\/noticias\/fup-questionar-justica-venda-tag-petrobras-engie\/\" \/>\n<meta property=\"og:locale\" content=\"pt_BR\" \/>\n<meta property=\"og:type\" content=\"article\" \/>\n<meta property=\"og:title\" content=\"FUP planeja contestar na Justi\u00e7a a venda da TAG pela Petrobras \u00e0 Engie\" \/>\n<meta property=\"og:description\" content=\"A FUP pretende questionar judicialmente a venda da\u00a0TAG, pela Petrobras, para a francesa Engie. Clique para saber mais.\" \/>\n<meta property=\"og:url\" content=\"https:\/\/www.suno.com.br\/noticias\/fup-questionar-justica-venda-tag-petrobras-engie\/\" \/>\n<meta property=\"og:site_name\" content=\"Suno Not\u00edcias\" \/>\n<meta property=\"article:publisher\" content=\"https:\/\/facebook.com\/sunoresearch\" \/>\n<meta property=\"og:image\" content=\"https:\/\/files.sunoresearch.com.br\/n\/uploads\/2018\/09\/5ab467ad-petrobras-argentina.jpg\" \/>\n\t<meta property=\"og:image:width\" content=\"2560\" \/>\n\t<meta property=\"og:image:height\" content=\"1388\" \/>\n\t<meta property=\"og:image:type\" content=\"image\/jpeg\" \/>\n<meta name=\"author\" content=\"Amanda Gushiken\" \/>\n<meta name=\"twitter:card\" content=\"summary_large_image\" \/>\n<meta name=\"twitter:creator\" content=\"@sunoresearch\" \/>\n<meta name=\"twitter:site\" content=\"@sunoresearch\" \/>\n<meta name=\"twitter:label1\" content=\"Escrito por\" \/>\n\t<meta name=\"twitter:data1\" content=\"Amanda Gushiken\" \/>\n\t<meta name=\"twitter:label2\" content=\"Est. tempo de leitura\" \/>\n\t<meta name=\"twitter:data2\" content=\"3 minutos\" \/>\n<script type=\"application\/ld+json\" class=\"yoast-schema-graph\">{\"@context\":\"https:\/\/schema.org\",\"@graph\":[{\"@type\":\"NewsArticle\",\"@id\":\"https:\/\/www.suno.com.br\/noticias\/fup-questionar-justica-venda-tag-petrobras-engie\/#article\",\"isPartOf\":{\"@id\":\"https:\/\/www.suno.com.br\/noticias\/fup-questionar-justica-venda-tag-petrobras-engie\/\"},\"author\":{\"name\":\"Amanda Gushiken\",\"@id\":\"https:\/\/www.suno.com.br\/noticias\/#\/schema\/person\/a5b06fa4e879d8e8e119c6ed3cd630d1\"},\"headline\":\"FUP planeja contestar na Justi\u00e7a a venda da TAG pela Petrobras \u00e0 Engie\",\"datePublished\":\"2019-04-10T18:58:20+00:00\",\"mainEntityOfPage\":{\"@id\":\"https:\/\/www.suno.com.br\/noticias\/fup-questionar-justica-venda-tag-petrobras-engie\/\"},\"wordCount\":587,\"publisher\":{\"@id\":\"https:\/\/www.suno.com.br\/noticias\/#organization\"},\"image\":{\"@id\":\"https:\/\/www.suno.com.br\/noticias\/fup-questionar-justica-venda-tag-petrobras-engie\/#primaryimage\"},\"thumbnailUrl\":\"https:\/\/files.sunoresearch.com.br\/n\/uploads\/2018\/09\/5ab467ad-petrobras-argentina-jpg.webp\",\"keywords\":[\"Petrobras (PETR4)\"],\"articleSection\":[\"Neg\u00f3cios\"],\"inLanguage\":\"pt-BR\"},{\"@type\":\"WebPage\",\"@id\":\"https:\/\/www.suno.com.br\/noticias\/fup-questionar-justica-venda-tag-petrobras-engie\/\",\"url\":\"https:\/\/www.suno.com.br\/noticias\/fup-questionar-justica-venda-tag-petrobras-engie\/\",\"name\":\"FUP planeja contestar na Justi\u00e7a a venda da TAG pela Petrobras \u00e0 Engie\",\"isPartOf\":{\"@id\":\"https:\/\/www.suno.com.br\/noticias\/#website\"},\"primaryImageOfPage\":{\"@id\":\"https:\/\/www.suno.com.br\/noticias\/fup-questionar-justica-venda-tag-petrobras-engie\/#primaryimage\"},\"image\":{\"@id\":\"https:\/\/www.suno.com.br\/noticias\/fup-questionar-justica-venda-tag-petrobras-engie\/#primaryimage\"},\"thumbnailUrl\":\"https:\/\/files.sunoresearch.com.br\/n\/uploads\/2018\/09\/5ab467ad-petrobras-argentina-jpg.webp\",\"datePublished\":\"2019-04-10T18:58:20+00:00\",\"description\":\"A FUP pretende questionar judicialmente a venda da\u00a0TAG, pela Petrobras, para a francesa Engie. Clique para saber mais.\",\"breadcrumb\":{\"@id\":\"https:\/\/www.suno.com.br\/noticias\/fup-questionar-justica-venda-tag-petrobras-engie\/#breadcrumb\"},\"inLanguage\":\"pt-BR\",\"potentialAction\":[{\"@type\":\"ReadAction\",\"target\":[\"https:\/\/www.suno.com.br\/noticias\/fup-questionar-justica-venda-tag-petrobras-engie\/\"]}]},{\"@type\":\"ImageObject\",\"inLanguage\":\"pt-BR\",\"@id\":\"https:\/\/www.suno.com.br\/noticias\/fup-questionar-justica-venda-tag-petrobras-engie\/#primaryimage\",\"url\":\"https:\/\/files.sunoresearch.com.br\/n\/uploads\/2018\/09\/5ab467ad-petrobras-argentina-jpg.webp\",\"contentUrl\":\"https:\/\/files.sunoresearch.com.br\/n\/uploads\/2018\/09\/5ab467ad-petrobras-argentina-jpg.webp\",\"width\":2560,\"height\":1388,\"caption\":\"De acordo com a Petrobras, os t\u00edtulos registrados ter\u00e3o termos e condi\u00e7\u00f5es similares aos t\u00edtulos n\u00e3o registrados\"},{\"@type\":\"BreadcrumbList\",\"@id\":\"https:\/\/www.suno.com.br\/noticias\/fup-questionar-justica-venda-tag-petrobras-engie\/#breadcrumb\",\"itemListElement\":[{\"@type\":\"ListItem\",\"position\":1,\"name\":\"Not\u00edcias\",\"item\":\"https:\/\/www.suno.com.br\/noticias\/\"},{\"@type\":\"ListItem\",\"position\":2,\"name\":\"Neg\u00f3cios\",\"item\":\"https:\/\/www.suno.com.br\/noticias\/negocios\/\"},{\"@type\":\"ListItem\",\"position\":3,\"name\":\"FUP planeja contestar na Justi\u00e7a a venda da TAG pela Petrobras \u00e0 Engie\"}]},{\"@type\":\"WebSite\",\"@id\":\"https:\/\/www.suno.com.br\/noticias\/#website\",\"url\":\"https:\/\/www.suno.com.br\/noticias\/\",\"name\":\"Suno Not\u00edcias\",\"description\":\"Seu portal de informa\u00e7\u00e3o sobre o mundo dos investimentos\",\"publisher\":{\"@id\":\"https:\/\/www.suno.com.br\/noticias\/#organization\"},\"potentialAction\":[{\"@type\":\"SearchAction\",\"target\":{\"@type\":\"EntryPoint\",\"urlTemplate\":\"https:\/\/www.suno.com.br\/noticias\/?s={search_term_string}\"},\"query-input\":{\"@type\":\"PropertyValueSpecification\",\"valueRequired\":true,\"valueName\":\"search_term_string\"}}],\"inLanguage\":\"pt-BR\"},{\"@type\":\"Organization\",\"@id\":\"https:\/\/www.suno.com.br\/noticias\/#organization\",\"name\":\"Suno Not\u00edcias\",\"url\":\"https:\/\/www.suno.com.br\/noticias\/\",\"logo\":{\"@type\":\"ImageObject\",\"inLanguage\":\"pt-BR\",\"@id\":\"https:\/\/www.suno.com.br\/noticias\/#\/schema\/logo\/image\/\",\"url\":\"https:\/\/files.sunoresearch.com.br\/n\/uploads\/2021\/09\/suno-logo.png\",\"contentUrl\":\"https:\/\/files.sunoresearch.com.br\/n\/uploads\/2021\/09\/suno-logo.png\",\"width\":180,\"height\":180,\"caption\":\"Suno Not\u00edcias\"},\"image\":{\"@id\":\"https:\/\/www.suno.com.br\/noticias\/#\/schema\/logo\/image\/\"},\"sameAs\":[\"https:\/\/facebook.com\/sunoresearch\",\"https:\/\/x.com\/sunoresearch\",\"https:\/\/www.instagram.com\/suno\",\"https:\/\/www.linkedin.com\/company\/suno-research\/\",\"https:\/\/www.youtube.com\/c\/sunoresearch\"]},{\"@type\":\"Person\",\"@id\":\"https:\/\/www.suno.com.br\/noticias\/#\/schema\/person\/a5b06fa4e879d8e8e119c6ed3cd630d1\",\"name\":\"Amanda Gushiken\",\"image\":{\"@type\":\"ImageObject\",\"inLanguage\":\"pt-BR\",\"@id\":\"https:\/\/www.suno.com.br\/noticias\/#\/schema\/person\/image\/\",\"url\":\"https:\/\/secure.gravatar.com\/avatar\/ecd84705e6b65e3685ae80d725501fbe?s=96&r=g\",\"contentUrl\":\"https:\/\/secure.gravatar.com\/avatar\/ecd84705e6b65e3685ae80d725501fbe?s=96&r=g\",\"caption\":\"Amanda Gushiken\"},\"description\":\"Amanda Sayuri Gushiken escreve sobre finan\u00e7as e neg\u00f3cios para o portal Suno Not\u00edcias. Antes, trabalhou selecionando not\u00edcias da imprensa para clientes do mercado financeiro. Tamb\u00e9m desenvolveu pesquisa acad\u00eamica pela Universidade Anhembi Morumbi na \u00e1rea de Teorias da Comunica\u00e7\u00e3o e \u00e9 fot\u00f3grafa nas horas vagas.\",\"url\":\"https:\/\/www.suno.com.br\/noticias\/author\/amanda\/\"}]}<\/script>\n<!-- \/ Yoast SEO plugin. -->","yoast_head_json":{"title":"FUP planeja contestar na Justi\u00e7a a venda da TAG pela Petrobras \u00e0 Engie","description":"A FUP pretende questionar judicialmente a venda da\u00a0TAG, pela Petrobras, para a francesa Engie. Clique para saber mais.","robots":{"index":"index","follow":"follow","max-snippet":"max-snippet:-1","max-image-preview":"max-image-preview:large","max-video-preview":"max-video-preview:-1"},"canonical":"https:\/\/www.suno.com.br\/noticias\/fup-questionar-justica-venda-tag-petrobras-engie\/","og_locale":"pt_BR","og_type":"article","og_title":"FUP planeja contestar na Justi\u00e7a a venda da TAG pela Petrobras \u00e0 Engie","og_description":"A FUP pretende questionar judicialmente a venda da\u00a0TAG, pela Petrobras, para a francesa Engie. Clique para saber mais.","og_url":"https:\/\/www.suno.com.br\/noticias\/fup-questionar-justica-venda-tag-petrobras-engie\/","og_site_name":"Suno Not\u00edcias","article_publisher":"https:\/\/facebook.com\/sunoresearch","og_image":[{"width":2560,"height":1388,"url":"https:\/\/files.sunoresearch.com.br\/n\/uploads\/2018\/09\/5ab467ad-petrobras-argentina.jpg","type":"image\/jpeg"}],"author":"Amanda Gushiken","twitter_card":"summary_large_image","twitter_creator":"@sunoresearch","twitter_site":"@sunoresearch","twitter_misc":{"Escrito por":"Amanda Gushiken","Est. tempo de leitura":"3 minutos"},"schema":{"@context":"https:\/\/schema.org","@graph":[{"@type":"NewsArticle","@id":"https:\/\/www.suno.com.br\/noticias\/fup-questionar-justica-venda-tag-petrobras-engie\/#article","isPartOf":{"@id":"https:\/\/www.suno.com.br\/noticias\/fup-questionar-justica-venda-tag-petrobras-engie\/"},"author":{"name":"Amanda Gushiken","@id":"https:\/\/www.suno.com.br\/noticias\/#\/schema\/person\/a5b06fa4e879d8e8e119c6ed3cd630d1"},"headline":"FUP planeja contestar na Justi\u00e7a a venda da TAG pela Petrobras \u00e0 Engie","datePublished":"2019-04-10T18:58:20+00:00","mainEntityOfPage":{"@id":"https:\/\/www.suno.com.br\/noticias\/fup-questionar-justica-venda-tag-petrobras-engie\/"},"wordCount":587,"publisher":{"@id":"https:\/\/www.suno.com.br\/noticias\/#organization"},"image":{"@id":"https:\/\/www.suno.com.br\/noticias\/fup-questionar-justica-venda-tag-petrobras-engie\/#primaryimage"},"thumbnailUrl":"https:\/\/files.sunoresearch.com.br\/n\/uploads\/2018\/09\/5ab467ad-petrobras-argentina-jpg.webp","keywords":["Petrobras (PETR4)"],"articleSection":["Neg\u00f3cios"],"inLanguage":"pt-BR"},{"@type":"WebPage","@id":"https:\/\/www.suno.com.br\/noticias\/fup-questionar-justica-venda-tag-petrobras-engie\/","url":"https:\/\/www.suno.com.br\/noticias\/fup-questionar-justica-venda-tag-petrobras-engie\/","name":"FUP planeja contestar na Justi\u00e7a a venda da TAG pela Petrobras \u00e0 Engie","isPartOf":{"@id":"https:\/\/www.suno.com.br\/noticias\/#website"},"primaryImageOfPage":{"@id":"https:\/\/www.suno.com.br\/noticias\/fup-questionar-justica-venda-tag-petrobras-engie\/#primaryimage"},"image":{"@id":"https:\/\/www.suno.com.br\/noticias\/fup-questionar-justica-venda-tag-petrobras-engie\/#primaryimage"},"thumbnailUrl":"https:\/\/files.sunoresearch.com.br\/n\/uploads\/2018\/09\/5ab467ad-petrobras-argentina-jpg.webp","datePublished":"2019-04-10T18:58:20+00:00","description":"A FUP pretende questionar judicialmente a venda da\u00a0TAG, pela Petrobras, para a francesa Engie. Clique para saber mais.","breadcrumb":{"@id":"https:\/\/www.suno.com.br\/noticias\/fup-questionar-justica-venda-tag-petrobras-engie\/#breadcrumb"},"inLanguage":"pt-BR","potentialAction":[{"@type":"ReadAction","target":["https:\/\/www.suno.com.br\/noticias\/fup-questionar-justica-venda-tag-petrobras-engie\/"]}]},{"@type":"ImageObject","inLanguage":"pt-BR","@id":"https:\/\/www.suno.com.br\/noticias\/fup-questionar-justica-venda-tag-petrobras-engie\/#primaryimage","url":"https:\/\/files.sunoresearch.com.br\/n\/uploads\/2018\/09\/5ab467ad-petrobras-argentina-jpg.webp","contentUrl":"https:\/\/files.sunoresearch.com.br\/n\/uploads\/2018\/09\/5ab467ad-petrobras-argentina-jpg.webp","width":2560,"height":1388,"caption":"De acordo com a Petrobras, os t\u00edtulos registrados ter\u00e3o termos e condi\u00e7\u00f5es similares aos t\u00edtulos n\u00e3o registrados"},{"@type":"BreadcrumbList","@id":"https:\/\/www.suno.com.br\/noticias\/fup-questionar-justica-venda-tag-petrobras-engie\/#breadcrumb","itemListElement":[{"@type":"ListItem","position":1,"name":"Not\u00edcias","item":"https:\/\/www.suno.com.br\/noticias\/"},{"@type":"ListItem","position":2,"name":"Neg\u00f3cios","item":"https:\/\/www.suno.com.br\/noticias\/negocios\/"},{"@type":"ListItem","position":3,"name":"FUP planeja contestar na Justi\u00e7a a venda da TAG pela Petrobras \u00e0 Engie"}]},{"@type":"WebSite","@id":"https:\/\/www.suno.com.br\/noticias\/#website","url":"https:\/\/www.suno.com.br\/noticias\/","name":"Suno Not\u00edcias","description":"Seu portal de informa\u00e7\u00e3o sobre o mundo dos investimentos","publisher":{"@id":"https:\/\/www.suno.com.br\/noticias\/#organization"},"potentialAction":[{"@type":"SearchAction","target":{"@type":"EntryPoint","urlTemplate":"https:\/\/www.suno.com.br\/noticias\/?s={search_term_string}"},"query-input":{"@type":"PropertyValueSpecification","valueRequired":true,"valueName":"search_term_string"}}],"inLanguage":"pt-BR"},{"@type":"Organization","@id":"https:\/\/www.suno.com.br\/noticias\/#organization","name":"Suno Not\u00edcias","url":"https:\/\/www.suno.com.br\/noticias\/","logo":{"@type":"ImageObject","inLanguage":"pt-BR","@id":"https:\/\/www.suno.com.br\/noticias\/#\/schema\/logo\/image\/","url":"https:\/\/files.sunoresearch.com.br\/n\/uploads\/2021\/09\/suno-logo.png","contentUrl":"https:\/\/files.sunoresearch.com.br\/n\/uploads\/2021\/09\/suno-logo.png","width":180,"height":180,"caption":"Suno Not\u00edcias"},"image":{"@id":"https:\/\/www.suno.com.br\/noticias\/#\/schema\/logo\/image\/"},"sameAs":["https:\/\/facebook.com\/sunoresearch","https:\/\/x.com\/sunoresearch","https:\/\/www.instagram.com\/suno","https:\/\/www.linkedin.com\/company\/suno-research\/","https:\/\/www.youtube.com\/c\/sunoresearch"]},{"@type":"Person","@id":"https:\/\/www.suno.com.br\/noticias\/#\/schema\/person\/a5b06fa4e879d8e8e119c6ed3cd630d1","name":"Amanda Gushiken","image":{"@type":"ImageObject","inLanguage":"pt-BR","@id":"https:\/\/www.suno.com.br\/noticias\/#\/schema\/person\/image\/","url":"https:\/\/secure.gravatar.com\/avatar\/ecd84705e6b65e3685ae80d725501fbe?s=96&r=g","contentUrl":"https:\/\/secure.gravatar.com\/avatar\/ecd84705e6b65e3685ae80d725501fbe?s=96&r=g","caption":"Amanda Gushiken"},"description":"Amanda Sayuri Gushiken escreve sobre finan\u00e7as e neg\u00f3cios para o portal Suno Not\u00edcias. Antes, trabalhou selecionando not\u00edcias da imprensa para clientes do mercado financeiro. Tamb\u00e9m desenvolveu pesquisa acad\u00eamica pela Universidade Anhembi Morumbi na \u00e1rea de Teorias da Comunica\u00e7\u00e3o e \u00e9 fot\u00f3grafa nas horas vagas.","url":"https:\/\/www.suno.com.br\/noticias\/author\/amanda\/"}]}},"default_loop_html":"<div class=\"cardsPage__listCard__boxs\"><div class=\"cardsPage__listCard__boxs__img\"><a href=\"https:\/\/www.suno.com.br\/noticias\/fup-questionar-justica-venda-tag-petrobras-engie\/\"><img class=\"mask\" src=\"https:\/\/www.suno.com.br\/noticias\/wp-content\/themes\/suno\/resources\/images\/spotlight\/spotlight1img\/bg-mask.png\" alt=\"Image Mask\"\/><img src=\"https:\/\/files.sunoresearch.com.br\/n\/uploads\/2018\/09\/5ab467ad-petrobras-argentina-400x200.webp\" alt=\"FUP planeja contestar na Justi\u00e7a a venda da TAG pela Petrobras \u00e0 Engie\"\/><\/a><span class=\"spotlightCategory\"><a href=\"https:\/\/www.suno.com.br\/noticias\/negocios\/\">Neg\u00f3cios<\/a><\/span><\/div><div class=\"cardsPage__listCard__boxs__content\"><a href=\"https:\/\/www.suno.com.br\/noticias\/fup-questionar-justica-venda-tag-petrobras-engie\/\"><h2 class=\"content__title\">FUP planeja contestar na Justi\u00e7a a venda da TAG pela Petrobras \u00e0 Engie<\/h2><\/a><div class=\"newsContent__article__meta\"><div class=\"newsContent__article__meta__authorBox\"><a href=\"https:\/\/www.suno.com.br\/noticias\/author\/amanda\/\" class=\"authorBox__avatar noMobi\"><img src=\"https:\/\/files.sunoresearch.com.br\/n\/uploads\/2018\/11\/c6ad30be-amanda-150x150.webp\" alt=\"Amanda Gushiken\"><\/a><div class=\"authorBox__name\"><span>por\n\t\t\t<a href=\"https:\/\/www.suno.com.br\/noticias\/author\/amanda\/\"><span itemprop=\"author\">Amanda Gushiken<\/span><\/a><\/span><time datetime=\"2019-04-10T15:58:20-03:00\" itemprop=\"datePublished\">10\/04\/2019 15:58<\/time><\/div><\/div><\/div><\/div><\/div>","single_layout":"posts","amp_enabled":true,"_links":{"self":[{"href":"https:\/\/www.suno.com.br\/noticias\/wp-json\/wp\/v2\/posts\/20552"}],"collection":[{"href":"https:\/\/www.suno.com.br\/noticias\/wp-json\/wp\/v2\/posts"}],"about":[{"href":"https:\/\/www.suno.com.br\/noticias\/wp-json\/wp\/v2\/types\/post"}],"author":[{"embeddable":true,"href":"https:\/\/www.suno.com.br\/noticias\/wp-json\/wp\/v2\/users\/12"}],"replies":[{"embeddable":true,"href":"https:\/\/www.suno.com.br\/noticias\/wp-json\/wp\/v2\/comments?post=20552"}],"version-history":[{"count":0,"href":"https:\/\/www.suno.com.br\/noticias\/wp-json\/wp\/v2\/posts\/20552\/revisions"}],"wp:featuredmedia":[{"embeddable":true,"href":"https:\/\/www.suno.com.br\/noticias\/wp-json\/wp\/v2\/media\/3877"}],"wp:attachment":[{"href":"https:\/\/www.suno.com.br\/noticias\/wp-json\/wp\/v2\/media?parent=20552"}],"wp:term":[{"taxonomy":"category","embeddable":true,"href":"https:\/\/www.suno.com.br\/noticias\/wp-json\/wp\/v2\/categories?post=20552"},{"taxonomy":"post_tag","embeddable":true,"href":"https:\/\/www.suno.com.br\/noticias\/wp-json\/wp\/v2\/tags?post=20552"},{"taxonomy":"suno_strategy","embeddable":true,"href":"https:\/\/www.suno.com.br\/noticias\/wp-json\/wp\/v2\/suno_strategy?post=20552"}],"curies":[{"name":"wp","href":"https:\/\/api.w.org\/{rel}","templated":true}]}}