{"id":204953,"date":"2021-11-12T19:21:38","date_gmt":"2021-11-12T22:21:38","guid":{"rendered":"https:\/\/www.suno.com.br\/noticias\/?p=204953"},"modified":"2021-11-12T19:21:38","modified_gmt":"2021-11-12T22:21:38","slug":"presidente-petrobras-petr4-recebe-manifesto","status":"publish","type":"post","link":"https:\/\/www.suno.com.br\/noticias\/presidente-petrobras-petr4-recebe-manifesto\/","title":{"rendered":"Presidente da Petrobras (PETR4) recebe manifesto contra pol\u00edtica de pre\u00e7os dos combust\u00edveis"},"content":{"rendered":"<p>O presidente da <strong>Petrobras<\/strong> (PETR4), Joaquim Silva e Luna, recebeu nesta sexta (12) um manifesto assinado pela Associa\u00e7\u00e3o dos Engenheiros da Petrobras (Aepet), que contesta a pol\u00edtica de pre\u00e7os dos combust\u00edveis e pede a instaura\u00e7\u00e3o de uma Comiss\u00e3o Parlamentar de Inqu\u00e9rito (CPI) &#8220;para recolocar a companhia dentro dos objetivos para os quais foi criada&#8221;.<\/p>\t<div class=\"wrapper-featured-image\">\n\t\t<figure class=\"spotlightImg\">\n\n\t\t\t<picture>\n\t\t\t\t<source media=\"(max-width: 768px)\" srcset=\"https:\/\/files.sunoresearch.com.br\/n\/uploads\/2021\/07\/31e8f8c4-mcmgo_abr_2910191342-400x200.jpg\">\n\t\t\t\t<img loading=\"lazy\" decoding=\"async\" class=\"newsContent__article__imgCapa lazyloadDisabled \" src=\"https:\/\/files.sunoresearch.com.br\/n\/uploads\/2021\/07\/31e8f8c4-mcmgo_abr_2910191342-800x450.jpg\" width=\"800\" height=\"450\" alt=\"Presidente da Petrobras (PETR4) recebe manifesto contra pol\u00edtica de pre\u00e7os dos combust\u00edveis\" fetchpriority=high \/>\n\t\t\t<\/picture>\n\n\t\t\t<figcaption class=\"wp-caption-text wp-caption-text--show\">Sob Silva e Luna, Petrobras pagou dividendos recordes com gera\u00e7\u00e3o de caixa e venda de ativos - Foto: Ag\u00eancia Brasil<\/figcaption>\n\t\t<\/figure>\n\t<\/div>\n\n\n\t<p>\n\t\t<a href=\"https:\/\/lp.suno.com.br\/planilha-controle-gastos\/\" target=\"_blank\" data-element=\"shortcode-suno-banner\" title=\"Banner SUNO, clique e saiba mais\">\n\t\t\t<picture>\n\t\t\t\t<source media=\"(max-width: 500px)\" srcset=\"https:\/\/files.sunoresearch.com.br\/n\/uploads\/2023\/03\/400x300-Planilha-controle-de-gastos.png\">\n\t\t\t\t<img class=\"newsContent__article__imgCapa newsContent__article__imgCapa--banner\"\n\t\t\t\t\tsrc=\"https:\/\/files.sunoresearch.com.br\/n\/uploads\/2023\/03\/1420x240-Planilha-controle-de-gastos.png\"\n\t\t\t\t\tdata-promo-id=\"101751\"\t\t\t\t\t\t\t\t\t\twidth='1420' height='240'\t\t\t\t\talt=\"https:\/\/files.sunoresearch.com.br\/n\/uploads\/2023\/03\/1420x240-Planilha-controle-de-gastos.png\"\n\t\t\t\t>\n\t\t\t<\/picture>\n\t\t<\/a>\n\t<\/p>\n\n\n<p>O documento enviado ao presidente da <a class=\"suno-keyword\" href=\"https:\/\/www.suno.com.br\/acoes\/PETR4\/\" target=\"_blank\" rel=\"noopener\" data-force=\"yes\" data-priority=\"2\">Petrobras <\/a>\u00e9 assinado tamb\u00e9m pela Associa\u00e7\u00e3o Brasileira de Imprensa (ABI), Conselho Federal de Economia (Cofecon) e pela Federa\u00e7\u00e3o Brasileira de Ge\u00f3logos (Febrageo).<\/p>\n<p>As entidades questionam a ado\u00e7\u00e3o pela Petrobras da pol\u00edtica de <strong>Pre\u00e7o de Paridade de Importa\u00e7\u00e3o<\/strong> (PPI), que considera nos c\u00e1lculos dos reajustes dos combust\u00edveis as varia\u00e7\u00f5es cambial e da <a class=\"suno-keyword\" href=\"https:\/\/www.suno.com.br\/artigos\/cotacao-do-petroleo\/\" target=\"_blank\" rel=\"noopener\" data-force=\"no\" data-priority=\"1\">cota\u00e7\u00e3o do petr\u00f3leo<\/a> internacional, al\u00e9m dos custos log\u00edsticos para trazer os produtos de outros pa\u00edses. Na pr\u00e1tica, por todo combust\u00edvel consumido no Brasil \u00e9 cobrado pre\u00e7o de importa\u00e7\u00e3o, ainda que a maior parte da demanda seja atendida com produ\u00e7\u00e3o interna.<\/p>\n\t<p>\n\t\t<a href=\"https:\/\/lp.suno.com.br\/planilha-da-vida-financeira\/\" target=\"_blank\" data-element=\"shortcode-suno-banner\" title=\"Banner SUNO, clique e saiba mais\">\n\t\t\t<picture>\n\t\t\t\t<source media=\"(max-width: 500px)\" srcset=\"https:\/\/files.sunoresearch.com.br\/n\/uploads\/2023\/04\/400x300-Planilha-vida-financeira-true.png\">\n\t\t\t\t<img class=\"newsContent__article__imgCapa newsContent__article__imgCapa--banner\"\n\t\t\t\t\tsrc=\"https:\/\/files.sunoresearch.com.br\/n\/uploads\/2023\/04\/1420x240-Planilha-vida-financeira-true.png\"\n\t\t\t\t\tdata-promo-id=\"106682\"\t\t\t\t\t\t\t\t\t\twidth='1420' height='240'\t\t\t\t\talt=\"https:\/\/files.sunoresearch.com.br\/n\/uploads\/2023\/04\/1420x240-Planilha-vida-financeira-true.png\"\n\t\t\t\t>\n\t\t\t<\/picture>\n\t\t<\/a>\n\t<\/p>\n\n\n<p>&#8220;A pr\u00f3pria exist\u00eancia da Petrobras e sua lideran\u00e7a na explora\u00e7\u00e3o de \u00e1guas profundas, bem como as reservas do pr\u00e9-sal, foram demonstradas desnecess\u00e1rias, j\u00e1 que pagamos <strong>pre\u00e7o de importa\u00e7\u00e3o<\/strong>. Nenhum pa\u00eds no mundo produtor de petr\u00f3leo e com refinarias adota este modelo de pol\u00edtica de pre\u00e7os&#8221;, traz o documento.<\/p>\n<h2>Entidades divergem sobre ado\u00e7\u00e3o do PPI pela Petrobras<\/h2>\n<p>No manifesto, as entidades argumentam que os <strong>combust\u00edveis<\/strong> poderiam estar <strong>mais baratos<\/strong> no Brasil que no mercado internacional, com valores compat\u00edveis com a renda da popula\u00e7\u00e3o, e que isso ajudaria a impulsionar a economia interna. &#8220;Precisamos tamb\u00e9m ter a empresa prestigiando o conte\u00fado local&#8221;, acrescenta.<\/p>\n\t<p>\n\t\t<a href=\"https:\/\/lp.suno.com.br\/ebook-como-analisar-uma-acao\/\" target=\"_blank\" data-element=\"shortcode-suno-banner\" title=\"Banner SUNO, clique e saiba mais\">\n\t\t\t<picture>\n\t\t\t\t<source media=\"(max-width: 500px)\" srcset=\"https:\/\/files.sunoresearch.com.br\/n\/uploads\/2023\/03\/Ebook-Acoes-Mobile-1.jpg\">\n\t\t\t\t<img class=\"newsContent__article__imgCapa newsContent__article__imgCapa--banner\"\n\t\t\t\t\tsrc=\"https:\/\/files.sunoresearch.com.br\/n\/uploads\/2023\/03\/Ebook-Acoes-Desktop-1.jpg\"\n\t\t\t\t\tdata-promo-id=\"171998\"\t\t\t\t\t\t\t\t\t\twidth='1420' height='286'\t\t\t\t\talt=\"https:\/\/files.sunoresearch.com.br\/n\/uploads\/2023\/03\/Ebook-Acoes-Desktop-1.jpg\"\n\t\t\t\t>\n\t\t\t<\/picture>\n\t\t<\/a>\n\t<\/p>\n\n\n<p>A essas cr\u00edticas, o ministro de Minas e Energia, Bento Albuquerque, tem respondido que a ado\u00e7\u00e3o do PPI garante o abastecimento do<strong> mercado interno<\/strong>, porque investidores privados n\u00e3o colocariam dinheiro no Pa\u00eds se essa pol\u00edtica de pre\u00e7os n\u00e3o estiver vigente.<\/p>\n\t<div data-element=\"shortcode-read-more\" class=\"knowMore\">\n\t\t\t\t<span class=\"knowMore__title\">Veja tamb\u00e9m<\/span>\n\t\t\t\t<a class=\"knowMore__link\" href=\"https:\/\/www.suno.com.br\/noticias\/petrobras-petr4-venda-six\/\">\n\t\t\tPetrobras (PETR4) assina contrato para venda da SIX por US$ 33 milh\u00f5es\t\t<\/a>\n\t<\/div>\n\n\n<p>A Aepet, no entanto, rebate a cr\u00edtica afirmando que a <strong>Petrobras possui caixa<\/strong> <strong>para investir<\/strong>. A interpreta\u00e7\u00e3o das entidades que assinam o manifesto \u00e9 que a Opera\u00e7\u00e3o Lava Jato serviu para desqualificar a estatal frente \u00e0 opini\u00e3o p\u00fablica e que, mesmo no pior momento da empresa, sua gera\u00e7\u00e3o operacional de caixa e <a class=\"suno-keyword\" href=\"https:\/\/www.suno.com.br\/artigos\/liquidez-corrente\/\" target=\"_blank\" rel=\"noopener\" data-force=\"no\" data-priority=\"1\">liquidez corrente<\/a> estavam elevadas.<\/p>\n<p><em>(Com informa\u00e7\u00f5es da Ag\u00eancia Estado)<\/em><\/p>\n\t<p>\n\t\t<a href=\"\" target=\"_blank\" data-element=\"shortcode-suno-banner\" title=\"Banner SUNO, clique e saiba mais\">\n\t\t\t<picture>\n\t\t\t\t<source media=\"(max-width: 500px)\" srcset=\"\">\n\t\t\t\t<img class=\"newsContent__article__imgCapa newsContent__article__imgCapa--banner\"\n\t\t\t\t\tsrc=\"\"\n\t\t\t\t\tdata-promo-id=\"184190\"\t\t\t\t\t\t\t\t\t\t\t\t\t\t\talt=\"\"\n\t\t\t\t>\n\t\t\t<\/picture>\n\t\t<\/a>\n\t<\/p>\n\n\n","protected":false},"excerpt":{"rendered":"<p>O presidente da Petrobras (PETR4), Joaquim Silva e Luna, recebeu nesta sexta (12) um manifesto assinado pela Associa\u00e7\u00e3o dos Engenheiros da Petrobras (Aepet), que contesta a pol\u00edtica de pre\u00e7os dos combust\u00edveis e pede a instaura\u00e7\u00e3o de uma Comiss\u00e3o Parlamentar de Inqu\u00e9rito (CPI) &#8220;para recolocar a companhia dentro dos objetivos para os quais foi criada&#8221;. Sob [&hellip;]<\/p>\n","protected":false},"author":118,"featured_media":167629,"comment_status":"closed","ping_status":"closed","sticky":false,"template":"","format":"standard","meta":[],"categories":[64],"tags":[105988,595],"suno_strategy":[],"class_list":["post-204953","post","type-post","status-publish","format-standard","has-post-thumbnail","hentry","category-negocios","tag-joaquim-silva-e-luna","tag-petrobras-petr4"],"yoast_head":"<!-- This site is optimized with the Yoast SEO plugin v24.4 - https:\/\/yoast.com\/wordpress\/plugins\/seo\/ -->\n<title>Petrobras (PETR4) recebe manifesto contra pol\u00edtica de pre\u00e7os<\/title>\n<meta name=\"description\" content=\"O presidente da Petrobras (PETR4), Joaquim Silva e Luna, recebeu nesta sexta (12) um manifesto assinado pela Associa\u00e7\u00e3o do...Saiba mais\" \/>\n<meta name=\"robots\" content=\"index, follow, max-snippet:-1, max-image-preview:large, max-video-preview:-1\" \/>\n<link rel=\"canonical\" href=\"https:\/\/www.suno.com.br\/noticias\/presidente-petrobras-petr4-recebe-manifesto\/\" \/>\n<meta property=\"og:locale\" content=\"pt_BR\" \/>\n<meta property=\"og:type\" content=\"article\" \/>\n<meta property=\"og:title\" content=\"Petrobras (PETR4) recebe manifesto contra pol\u00edtica de pre\u00e7os\" \/>\n<meta property=\"og:description\" content=\"O presidente da Petrobras (PETR4), Joaquim Silva e Luna, recebeu nesta sexta (12) um manifesto assinado pela Associa\u00e7\u00e3o do...Saiba mais\" \/>\n<meta property=\"og:url\" content=\"https:\/\/www.suno.com.br\/noticias\/presidente-petrobras-petr4-recebe-manifesto\/\" \/>\n<meta property=\"og:site_name\" content=\"Suno Not\u00edcias\" \/>\n<meta property=\"article:publisher\" content=\"https:\/\/facebook.com\/sunoresearch\" \/>\n<meta property=\"og:image\" content=\"https:\/\/files.sunoresearch.com.br\/n\/uploads\/2021\/07\/31e8f8c4-mcmgo_abr_2910191342-scaled.jpg\" \/>\n\t<meta property=\"og:image:width\" content=\"2560\" \/>\n\t<meta property=\"og:image:height\" content=\"1704\" \/>\n\t<meta property=\"og:image:type\" content=\"image\/jpeg\" \/>\n<meta name=\"author\" content=\"Bruno Galv\u00e3o\" \/>\n<meta name=\"twitter:card\" content=\"summary_large_image\" \/>\n<meta name=\"twitter:creator\" content=\"@sunoresearch\" \/>\n<meta name=\"twitter:site\" content=\"@sunoresearch\" \/>\n<meta name=\"twitter:label1\" content=\"Escrito por\" \/>\n\t<meta name=\"twitter:data1\" content=\"Bruno Galv\u00e3o\" \/>\n\t<meta name=\"twitter:label2\" content=\"Est. tempo de leitura\" \/>\n\t<meta name=\"twitter:data2\" content=\"2 minutos\" \/>\n<script type=\"application\/ld+json\" class=\"yoast-schema-graph\">{\"@context\":\"https:\/\/schema.org\",\"@graph\":[{\"@type\":\"NewsArticle\",\"@id\":\"https:\/\/www.suno.com.br\/noticias\/presidente-petrobras-petr4-recebe-manifesto\/#article\",\"isPartOf\":{\"@id\":\"https:\/\/www.suno.com.br\/noticias\/presidente-petrobras-petr4-recebe-manifesto\/\"},\"author\":{\"name\":\"Bruno Galv\u00e3o\",\"@id\":\"https:\/\/www.suno.com.br\/noticias\/#\/schema\/person\/06f0d962a6b1c54852e4860f16935600\"},\"headline\":\"Presidente da Petrobras (PETR4) recebe manifesto contra pol\u00edtica de pre\u00e7os dos combust\u00edveis\",\"datePublished\":\"2021-11-12T22:21:38+00:00\",\"mainEntityOfPage\":{\"@id\":\"https:\/\/www.suno.com.br\/noticias\/presidente-petrobras-petr4-recebe-manifesto\/\"},\"wordCount\":444,\"publisher\":{\"@id\":\"https:\/\/www.suno.com.br\/noticias\/#organization\"},\"image\":{\"@id\":\"https:\/\/www.suno.com.br\/noticias\/presidente-petrobras-petr4-recebe-manifesto\/#primaryimage\"},\"thumbnailUrl\":\"https:\/\/files.sunoresearch.com.br\/n\/uploads\/2021\/07\/31e8f8c4-mcmgo_abr_2910191342-scaled.jpg\",\"keywords\":[\"Joaquim Silva e Luna\",\"Petrobras (PETR4)\"],\"articleSection\":[\"Neg\u00f3cios\"],\"inLanguage\":\"pt-BR\"},{\"@type\":\"WebPage\",\"@id\":\"https:\/\/www.suno.com.br\/noticias\/presidente-petrobras-petr4-recebe-manifesto\/\",\"url\":\"https:\/\/www.suno.com.br\/noticias\/presidente-petrobras-petr4-recebe-manifesto\/\",\"name\":\"Petrobras (PETR4) recebe manifesto contra pol\u00edtica de pre\u00e7os\",\"isPartOf\":{\"@id\":\"https:\/\/www.suno.com.br\/noticias\/#website\"},\"primaryImageOfPage\":{\"@id\":\"https:\/\/www.suno.com.br\/noticias\/presidente-petrobras-petr4-recebe-manifesto\/#primaryimage\"},\"image\":{\"@id\":\"https:\/\/www.suno.com.br\/noticias\/presidente-petrobras-petr4-recebe-manifesto\/#primaryimage\"},\"thumbnailUrl\":\"https:\/\/files.sunoresearch.com.br\/n\/uploads\/2021\/07\/31e8f8c4-mcmgo_abr_2910191342-scaled.jpg\",\"datePublished\":\"2021-11-12T22:21:38+00:00\",\"description\":\"O presidente da Petrobras (PETR4), Joaquim Silva e Luna, recebeu nesta sexta (12) um manifesto assinado pela Associa\u00e7\u00e3o do...Saiba mais\",\"breadcrumb\":{\"@id\":\"https:\/\/www.suno.com.br\/noticias\/presidente-petrobras-petr4-recebe-manifesto\/#breadcrumb\"},\"inLanguage\":\"pt-BR\",\"potentialAction\":[{\"@type\":\"ReadAction\",\"target\":[\"https:\/\/www.suno.com.br\/noticias\/presidente-petrobras-petr4-recebe-manifesto\/\"]}]},{\"@type\":\"ImageObject\",\"inLanguage\":\"pt-BR\",\"@id\":\"https:\/\/www.suno.com.br\/noticias\/presidente-petrobras-petr4-recebe-manifesto\/#primaryimage\",\"url\":\"https:\/\/files.sunoresearch.com.br\/n\/uploads\/2021\/07\/31e8f8c4-mcmgo_abr_2910191342-scaled.jpg\",\"contentUrl\":\"https:\/\/files.sunoresearch.com.br\/n\/uploads\/2021\/07\/31e8f8c4-mcmgo_abr_2910191342-scaled.jpg\",\"width\":2560,\"height\":1704,\"caption\":\"Sob Silva e Luna, Petrobras pagou dividendos recordes com gera\u00e7\u00e3o de caixa e venda de ativos - Foto: Ag\u00eancia Brasil\"},{\"@type\":\"BreadcrumbList\",\"@id\":\"https:\/\/www.suno.com.br\/noticias\/presidente-petrobras-petr4-recebe-manifesto\/#breadcrumb\",\"itemListElement\":[{\"@type\":\"ListItem\",\"position\":1,\"name\":\"Not\u00edcias\",\"item\":\"https:\/\/www.suno.com.br\/noticias\/\"},{\"@type\":\"ListItem\",\"position\":2,\"name\":\"Neg\u00f3cios\",\"item\":\"https:\/\/www.suno.com.br\/noticias\/negocios\/\"},{\"@type\":\"ListItem\",\"position\":3,\"name\":\"Presidente da Petrobras (PETR4) recebe manifesto contra pol\u00edtica de pre\u00e7os dos combust\u00edveis\"}]},{\"@type\":\"WebSite\",\"@id\":\"https:\/\/www.suno.com.br\/noticias\/#website\",\"url\":\"https:\/\/www.suno.com.br\/noticias\/\",\"name\":\"Suno Not\u00edcias\",\"description\":\"Seu portal de informa\u00e7\u00e3o sobre o mundo dos investimentos\",\"publisher\":{\"@id\":\"https:\/\/www.suno.com.br\/noticias\/#organization\"},\"potentialAction\":[{\"@type\":\"SearchAction\",\"target\":{\"@type\":\"EntryPoint\",\"urlTemplate\":\"https:\/\/www.suno.com.br\/noticias\/?s={search_term_string}\"},\"query-input\":{\"@type\":\"PropertyValueSpecification\",\"valueRequired\":true,\"valueName\":\"search_term_string\"}}],\"inLanguage\":\"pt-BR\"},{\"@type\":\"Organization\",\"@id\":\"https:\/\/www.suno.com.br\/noticias\/#organization\",\"name\":\"Suno Not\u00edcias\",\"url\":\"https:\/\/www.suno.com.br\/noticias\/\",\"logo\":{\"@type\":\"ImageObject\",\"inLanguage\":\"pt-BR\",\"@id\":\"https:\/\/www.suno.com.br\/noticias\/#\/schema\/logo\/image\/\",\"url\":\"https:\/\/files.sunoresearch.com.br\/n\/uploads\/2021\/09\/suno-logo.png\",\"contentUrl\":\"https:\/\/files.sunoresearch.com.br\/n\/uploads\/2021\/09\/suno-logo.png\",\"width\":180,\"height\":180,\"caption\":\"Suno Not\u00edcias\"},\"image\":{\"@id\":\"https:\/\/www.suno.com.br\/noticias\/#\/schema\/logo\/image\/\"},\"sameAs\":[\"https:\/\/facebook.com\/sunoresearch\",\"https:\/\/x.com\/sunoresearch\",\"https:\/\/www.instagram.com\/suno\",\"https:\/\/www.linkedin.com\/company\/suno-research\/\",\"https:\/\/www.youtube.com\/c\/sunoresearch\"]},{\"@type\":\"Person\",\"@id\":\"https:\/\/www.suno.com.br\/noticias\/#\/schema\/person\/06f0d962a6b1c54852e4860f16935600\",\"name\":\"Bruno Galv\u00e3o\",\"image\":{\"@type\":\"ImageObject\",\"inLanguage\":\"pt-BR\",\"@id\":\"https:\/\/www.suno.com.br\/noticias\/#\/schema\/person\/image\/\",\"url\":\"https:\/\/secure.gravatar.com\/avatar\/53598df0b41c00f12f287a912d0e918e?s=96&r=g\",\"contentUrl\":\"https:\/\/secure.gravatar.com\/avatar\/53598df0b41c00f12f287a912d0e918e?s=96&r=g\",\"caption\":\"Bruno Galv\u00e3o\"},\"description\":\"Escreve para o portal Suno Not\u00edcias. \u00c9 estudante de Jornalismo pela Faculdade C\u00e1sper L\u00edbero e Letras pela USP. Entusiasta de tecnologia e intelig\u00eancia artificial.\",\"url\":\"https:\/\/www.suno.com.br\/noticias\/author\/bruno-garcia\/\"}]}<\/script>\n<!-- \/ Yoast SEO plugin. -->","yoast_head_json":{"title":"Petrobras (PETR4) recebe manifesto contra pol\u00edtica de pre\u00e7os","description":"O presidente da Petrobras (PETR4), Joaquim Silva e Luna, recebeu nesta sexta (12) um manifesto assinado pela Associa\u00e7\u00e3o do...Saiba mais","robots":{"index":"index","follow":"follow","max-snippet":"max-snippet:-1","max-image-preview":"max-image-preview:large","max-video-preview":"max-video-preview:-1"},"canonical":"https:\/\/www.suno.com.br\/noticias\/presidente-petrobras-petr4-recebe-manifesto\/","og_locale":"pt_BR","og_type":"article","og_title":"Petrobras (PETR4) recebe manifesto contra pol\u00edtica de pre\u00e7os","og_description":"O presidente da Petrobras (PETR4), Joaquim Silva e Luna, recebeu nesta sexta (12) um manifesto assinado pela Associa\u00e7\u00e3o do...Saiba mais","og_url":"https:\/\/www.suno.com.br\/noticias\/presidente-petrobras-petr4-recebe-manifesto\/","og_site_name":"Suno Not\u00edcias","article_publisher":"https:\/\/facebook.com\/sunoresearch","og_image":[{"width":2560,"height":1704,"url":"https:\/\/files.sunoresearch.com.br\/n\/uploads\/2021\/07\/31e8f8c4-mcmgo_abr_2910191342-scaled.jpg","type":"image\/jpeg"}],"author":"Bruno Galv\u00e3o","twitter_card":"summary_large_image","twitter_creator":"@sunoresearch","twitter_site":"@sunoresearch","twitter_misc":{"Escrito por":"Bruno Galv\u00e3o","Est. tempo de leitura":"2 minutos"},"schema":{"@context":"https:\/\/schema.org","@graph":[{"@type":"NewsArticle","@id":"https:\/\/www.suno.com.br\/noticias\/presidente-petrobras-petr4-recebe-manifesto\/#article","isPartOf":{"@id":"https:\/\/www.suno.com.br\/noticias\/presidente-petrobras-petr4-recebe-manifesto\/"},"author":{"name":"Bruno Galv\u00e3o","@id":"https:\/\/www.suno.com.br\/noticias\/#\/schema\/person\/06f0d962a6b1c54852e4860f16935600"},"headline":"Presidente da Petrobras (PETR4) recebe manifesto contra pol\u00edtica de pre\u00e7os dos combust\u00edveis","datePublished":"2021-11-12T22:21:38+00:00","mainEntityOfPage":{"@id":"https:\/\/www.suno.com.br\/noticias\/presidente-petrobras-petr4-recebe-manifesto\/"},"wordCount":444,"publisher":{"@id":"https:\/\/www.suno.com.br\/noticias\/#organization"},"image":{"@id":"https:\/\/www.suno.com.br\/noticias\/presidente-petrobras-petr4-recebe-manifesto\/#primaryimage"},"thumbnailUrl":"https:\/\/files.sunoresearch.com.br\/n\/uploads\/2021\/07\/31e8f8c4-mcmgo_abr_2910191342-scaled.jpg","keywords":["Joaquim Silva e Luna","Petrobras (PETR4)"],"articleSection":["Neg\u00f3cios"],"inLanguage":"pt-BR"},{"@type":"WebPage","@id":"https:\/\/www.suno.com.br\/noticias\/presidente-petrobras-petr4-recebe-manifesto\/","url":"https:\/\/www.suno.com.br\/noticias\/presidente-petrobras-petr4-recebe-manifesto\/","name":"Petrobras (PETR4) recebe manifesto contra pol\u00edtica de pre\u00e7os","isPartOf":{"@id":"https:\/\/www.suno.com.br\/noticias\/#website"},"primaryImageOfPage":{"@id":"https:\/\/www.suno.com.br\/noticias\/presidente-petrobras-petr4-recebe-manifesto\/#primaryimage"},"image":{"@id":"https:\/\/www.suno.com.br\/noticias\/presidente-petrobras-petr4-recebe-manifesto\/#primaryimage"},"thumbnailUrl":"https:\/\/files.sunoresearch.com.br\/n\/uploads\/2021\/07\/31e8f8c4-mcmgo_abr_2910191342-scaled.jpg","datePublished":"2021-11-12T22:21:38+00:00","description":"O presidente da Petrobras (PETR4), Joaquim Silva e Luna, recebeu nesta sexta (12) um manifesto assinado pela Associa\u00e7\u00e3o do...Saiba mais","breadcrumb":{"@id":"https:\/\/www.suno.com.br\/noticias\/presidente-petrobras-petr4-recebe-manifesto\/#breadcrumb"},"inLanguage":"pt-BR","potentialAction":[{"@type":"ReadAction","target":["https:\/\/www.suno.com.br\/noticias\/presidente-petrobras-petr4-recebe-manifesto\/"]}]},{"@type":"ImageObject","inLanguage":"pt-BR","@id":"https:\/\/www.suno.com.br\/noticias\/presidente-petrobras-petr4-recebe-manifesto\/#primaryimage","url":"https:\/\/files.sunoresearch.com.br\/n\/uploads\/2021\/07\/31e8f8c4-mcmgo_abr_2910191342-scaled.jpg","contentUrl":"https:\/\/files.sunoresearch.com.br\/n\/uploads\/2021\/07\/31e8f8c4-mcmgo_abr_2910191342-scaled.jpg","width":2560,"height":1704,"caption":"Sob Silva e Luna, Petrobras pagou dividendos recordes com gera\u00e7\u00e3o de caixa e venda de ativos - Foto: Ag\u00eancia Brasil"},{"@type":"BreadcrumbList","@id":"https:\/\/www.suno.com.br\/noticias\/presidente-petrobras-petr4-recebe-manifesto\/#breadcrumb","itemListElement":[{"@type":"ListItem","position":1,"name":"Not\u00edcias","item":"https:\/\/www.suno.com.br\/noticias\/"},{"@type":"ListItem","position":2,"name":"Neg\u00f3cios","item":"https:\/\/www.suno.com.br\/noticias\/negocios\/"},{"@type":"ListItem","position":3,"name":"Presidente da Petrobras (PETR4) recebe manifesto contra pol\u00edtica de pre\u00e7os dos combust\u00edveis"}]},{"@type":"WebSite","@id":"https:\/\/www.suno.com.br\/noticias\/#website","url":"https:\/\/www.suno.com.br\/noticias\/","name":"Suno Not\u00edcias","description":"Seu portal de informa\u00e7\u00e3o sobre o mundo dos investimentos","publisher":{"@id":"https:\/\/www.suno.com.br\/noticias\/#organization"},"potentialAction":[{"@type":"SearchAction","target":{"@type":"EntryPoint","urlTemplate":"https:\/\/www.suno.com.br\/noticias\/?s={search_term_string}"},"query-input":{"@type":"PropertyValueSpecification","valueRequired":true,"valueName":"search_term_string"}}],"inLanguage":"pt-BR"},{"@type":"Organization","@id":"https:\/\/www.suno.com.br\/noticias\/#organization","name":"Suno Not\u00edcias","url":"https:\/\/www.suno.com.br\/noticias\/","logo":{"@type":"ImageObject","inLanguage":"pt-BR","@id":"https:\/\/www.suno.com.br\/noticias\/#\/schema\/logo\/image\/","url":"https:\/\/files.sunoresearch.com.br\/n\/uploads\/2021\/09\/suno-logo.png","contentUrl":"https:\/\/files.sunoresearch.com.br\/n\/uploads\/2021\/09\/suno-logo.png","width":180,"height":180,"caption":"Suno Not\u00edcias"},"image":{"@id":"https:\/\/www.suno.com.br\/noticias\/#\/schema\/logo\/image\/"},"sameAs":["https:\/\/facebook.com\/sunoresearch","https:\/\/x.com\/sunoresearch","https:\/\/www.instagram.com\/suno","https:\/\/www.linkedin.com\/company\/suno-research\/","https:\/\/www.youtube.com\/c\/sunoresearch"]},{"@type":"Person","@id":"https:\/\/www.suno.com.br\/noticias\/#\/schema\/person\/06f0d962a6b1c54852e4860f16935600","name":"Bruno Galv\u00e3o","image":{"@type":"ImageObject","inLanguage":"pt-BR","@id":"https:\/\/www.suno.com.br\/noticias\/#\/schema\/person\/image\/","url":"https:\/\/secure.gravatar.com\/avatar\/53598df0b41c00f12f287a912d0e918e?s=96&r=g","contentUrl":"https:\/\/secure.gravatar.com\/avatar\/53598df0b41c00f12f287a912d0e918e?s=96&r=g","caption":"Bruno Galv\u00e3o"},"description":"Escreve para o portal Suno Not\u00edcias. \u00c9 estudante de Jornalismo pela Faculdade C\u00e1sper L\u00edbero e Letras pela USP. Entusiasta de tecnologia e intelig\u00eancia artificial.","url":"https:\/\/www.suno.com.br\/noticias\/author\/bruno-garcia\/"}]}},"default_loop_html":"<div class=\"cardsPage__listCard__boxs\"><div class=\"cardsPage__listCard__boxs__img\"><a href=\"https:\/\/www.suno.com.br\/noticias\/presidente-petrobras-petr4-recebe-manifesto\/\"><img class=\"mask\" src=\"https:\/\/www.suno.com.br\/noticias\/wp-content\/themes\/suno\/resources\/images\/spotlight\/spotlight1img\/bg-mask.png\" alt=\"Image Mask\"\/><img src=\"https:\/\/files.sunoresearch.com.br\/n\/uploads\/2021\/07\/31e8f8c4-mcmgo_abr_2910191342-400x200.jpg\" alt=\"Presidente da Petrobras (PETR4) recebe manifesto contra pol\u00edtica de pre\u00e7os dos combust\u00edveis\"\/><\/a><span class=\"spotlightCategory\"><a href=\"https:\/\/www.suno.com.br\/noticias\/negocios\/\">Neg\u00f3cios<\/a><\/span><\/div><div class=\"cardsPage__listCard__boxs__content\"><a href=\"https:\/\/www.suno.com.br\/noticias\/presidente-petrobras-petr4-recebe-manifesto\/\"><h2 class=\"content__title\">Presidente da Petrobras (PETR4) recebe manifesto contra pol\u00edtica de pre\u00e7os dos combust\u00edveis<\/h2><\/a><div class=\"newsContent__article__meta\"><div class=\"newsContent__article__meta__authorBox\"><a href=\"https:\/\/www.suno.com.br\/noticias\/author\/bruno-garcia\/\" class=\"authorBox__avatar noMobi\"><img src=\"https:\/\/secure.gravatar.com\/avatar\/53598df0b41c00f12f287a912d0e918e?s=96&#038;r=g\" alt=\"Bruno Galv\u00e3o\"><\/a><div class=\"authorBox__name\"><span>por\n\t\t\t<a href=\"https:\/\/www.suno.com.br\/noticias\/author\/bruno-garcia\/\"><span itemprop=\"author\">Bruno Galv\u00e3o<\/span><\/a><\/span><time datetime=\"2021-11-12T19:21:38-03:00\" itemprop=\"datePublished\">12\/11\/2021 19:21<\/time><\/div><\/div><\/div><\/div><\/div>","single_layout":"posts","amp_enabled":true,"_links":{"self":[{"href":"https:\/\/www.suno.com.br\/noticias\/wp-json\/wp\/v2\/posts\/204953"}],"collection":[{"href":"https:\/\/www.suno.com.br\/noticias\/wp-json\/wp\/v2\/posts"}],"about":[{"href":"https:\/\/www.suno.com.br\/noticias\/wp-json\/wp\/v2\/types\/post"}],"author":[{"embeddable":true,"href":"https:\/\/www.suno.com.br\/noticias\/wp-json\/wp\/v2\/users\/118"}],"replies":[{"embeddable":true,"href":"https:\/\/www.suno.com.br\/noticias\/wp-json\/wp\/v2\/comments?post=204953"}],"version-history":[{"count":4,"href":"https:\/\/www.suno.com.br\/noticias\/wp-json\/wp\/v2\/posts\/204953\/revisions"}],"predecessor-version":[{"id":205002,"href":"https:\/\/www.suno.com.br\/noticias\/wp-json\/wp\/v2\/posts\/204953\/revisions\/205002"}],"wp:featuredmedia":[{"embeddable":true,"href":"https:\/\/www.suno.com.br\/noticias\/wp-json\/wp\/v2\/media\/167629"}],"wp:attachment":[{"href":"https:\/\/www.suno.com.br\/noticias\/wp-json\/wp\/v2\/media?parent=204953"}],"wp:term":[{"taxonomy":"category","embeddable":true,"href":"https:\/\/www.suno.com.br\/noticias\/wp-json\/wp\/v2\/categories?post=204953"},{"taxonomy":"post_tag","embeddable":true,"href":"https:\/\/www.suno.com.br\/noticias\/wp-json\/wp\/v2\/tags?post=204953"},{"taxonomy":"suno_strategy","embeddable":true,"href":"https:\/\/www.suno.com.br\/noticias\/wp-json\/wp\/v2\/suno_strategy?post=204953"}],"curies":[{"name":"wp","href":"https:\/\/api.w.org\/{rel}","templated":true}]}}