{"id":20493,"date":"2019-04-10T09:14:46","date_gmt":"2019-04-10T12:14:46","guid":{"rendered":"https:\/\/www.suno.com.br\/noticias\/?p=20493"},"modified":"2019-04-10T09:47:57","modified_gmt":"2019-04-10T12:47:57","slug":"ipca-registra-alta-075-marco","status":"publish","type":"post","link":"https:\/\/www.suno.com.br\/noticias\/ipca-registra-alta-075-marco\/","title":{"rendered":"IBGE: IPCA registra alta de 0,75% em mar\u00e7o"},"content":{"rendered":"<p>O<strong> \u00cdndice Nacional de Pre\u00e7os ao Consumidor Amplo<\/strong> (IPCA) registrou uma alta de 0,75% em mar\u00e7o. A informa\u00e7\u00e3o foi divulgada nesta quarta-feira (10) pelo Instituto Brasileiro de Geografia e Estat\u00edstica (IBGE).<\/p>\t<div class=\"wrapper-featured-image\">\n\t\t<figure class=\"spotlightImg\">\n\n\t\t\t<picture>\n\t\t\t\t<source media=\"(max-width: 768px)\" srcset=\"https:\/\/files.sunoresearch.com.br\/n\/uploads\/2018\/09\/d278f268-infla\u00e7\u00e3o-400x200.webp\">\n\t\t\t\t<img loading=\"lazy\" decoding=\"async\" class=\"newsContent__article__imgCapa lazyloadDisabled newsContent__article__imgCapa--noCaption\" src=\"https:\/\/files.sunoresearch.com.br\/n\/uploads\/2018\/09\/d278f268-infla\u00e7\u00e3o-800x450.webp\" width=\"800\" height=\"450\" alt=\"IBGE: IPCA registra alta de 0,75% em mar\u00e7o\" fetchpriority=high \/>\n\t\t\t<\/picture>\n\n\t\t\t<figcaption class=\"wp-caption-text wp-caption-text--hide\">IPCA. Foto: Pixabay<\/figcaption>\n\t\t<\/figure>\n\t<\/div>\n\n\n<p>O <strong>IPCA<\/strong> no terceiro m\u00eas do ano foi superior a quanto registrado em fevereiro, quando tinha sido de 0,43%. Essa foi a maior alta para um m\u00eas de mar\u00e7o nos \u00faltimos quatro anos. Em 2015 a infla\u00e7\u00e3o oficial tinha sido de 1,32%.<\/p>\n<p>[optin-monster-shortcode id=&#8221;npkxlwaleraa8psvnego&#8221;]<\/p>\n<p>A previs\u00e3o dos analistas para 2019 \u00e9 de uma infla\u00e7\u00e3o de 3,90%, abaixo da meta central, fixada em 4,25%. A proje\u00e7\u00e3o do <strong>IPCA<\/strong> \u00e9 divulgada semanalmente no Boletim Focus, pesquisa realizada pelo Banco Central com as 100 principais institui\u00e7\u00f5es financeiras do Pa\u00eds.<\/p>\n<p>No acumulado de 12 meses at\u00e9 mar\u00e7o, o IPCA registrou alta de 4,58%, contra alta 3,89% do m\u00eas anterior.<\/p>\n<p><img loading=\"lazy\" decoding=\"async\" class=\"size-large wp-image-20505\" src=\"https:\/\/storage.googleapis.com\/wp-noticias\/2019\/04\/e927ca8d-gr\u00e1fico-ibge-2019-4-10-1024x798.jpeg\" alt=\"IPCA - \u00faltimos 12 meses\" width=\"1024\" height=\"798\" \/><\/p>\n<p><a href=\"https:\/\/www.suno.com.br\/noticias\/ipca-15-previa-da-inflacao-acelera-marco\/\">Saiba mais: IPCA-15: Pr\u00e9via da infla\u00e7\u00e3o acelera e fica em 0,54% em mar\u00e7o\u00a0<\/a><\/p>\n<p><a href=\"https:\/\/www.suno.com.br\/noticias\/boletim-focus-08042019\/\">Saiba mais: Boletim Focus: previs\u00e3o do PIB nacional cai pela sexta vez seguida\u00a0<\/a><\/p>\n<h2>Alimenta\u00e7\u00e3o e bebidas em alta<\/h2>\n<p>O IPCA de mar\u00e7o foi fortemente influenciado pela alta dos pre\u00e7os dos grupos Alimenta\u00e7\u00e3o e bebidas (1,37%) e Transportes (1,44%). Estes dois grupos representam juntos cerca de 43% das despesas das fam\u00edlias, e responderam por 80% do \u00edndice do m\u00eas. Os impactos foram, respectivamente de 0,34 p.p. e 0,26 p.p..<\/p>\n<p>Por sua vez, o grupo Comunica\u00e7\u00e3o foi o \u00fanico que apresentou defla\u00e7\u00e3o em mar\u00e7o, com uma queda de -0,22%.<\/p>\n<h2>Transportes<\/h2>\n<p>Al\u00e9m dos alimentos, o grupo dos Transportes tamb\u00e9m foi um grande influenciador para a alta do \u00edndice. Ap\u00f3s registrar uma defla\u00e7\u00e3o de 0,34% em fevereiro, o setor acelerou 1,44% em mar\u00e7o, devido \u00e0 alta de 3,49% nos combust\u00edveis<\/p>\n<p>O resultado foi influenciado principalmente pelo aumento de 2,88% na gasolina e 7,02% no etanol. Al\u00e9m disso, o aumento de 7,29% nos pre\u00e7os de passagens a\u00e9reas e 0,90% nas passagens de \u00f4nibus urbanos tamb\u00e9m contribu\u00edram para tal alta.<\/p>\n<h2>Varia\u00e7\u00e3o por setor em mar\u00e7o de 2019<\/h2>\n<p><img loading=\"lazy\" decoding=\"async\" class=\"aligncenter size-large wp-image-20507\" src=\"https:\/\/storage.googleapis.com\/wp-noticias\/2019\/04\/fc4d6d24-varia\u00e7\u00e3o-mensal-por-grupos-mar\u00e7o-2019-1024x601.png\" alt=\"varia\u00e7\u00e3o mensal por setor\" width=\"1024\" height=\"601\" \/><\/p>\n<p>Principais altas:<\/p>\n<ol>\n<li>Transportes: +1,44%<\/li>\n<li>Alimenta\u00e7\u00e3o e bebidas: +1,37%<\/li>\n<li>Vestu\u00e1rio: +0,45%<\/li>\n<li>Sa\u00fade e cuidados pessoais: +0,42%<\/li>\n<li>Educa\u00e7\u00e3o: +0,32%<\/li>\n<li>Artigos de resid\u00eancia: +0,27%<\/li>\n<li>Habita\u00e7\u00e3o: +0,25%<\/li>\n<li>Despesas pessoais: +0,16%<\/li>\n<li>Comunica\u00e7\u00e3o: -0,22%<\/li>\n<\/ol>\n\t<p>\n\t\t<a href=\"https:\/\/lp.suno.com.br\/planilha-da-vida-financeira\/\" target=\"_blank\" data-element=\"shortcode-suno-banner\" title=\"Banner SUNO, clique e saiba mais\">\n\t\t\t<picture>\n\t\t\t\t<source media=\"(max-width: 500px)\" srcset=\"https:\/\/files.sunoresearch.com.br\/n\/uploads\/2023\/04\/400x300-Planilha-vida-financeira-true.png\">\n\t\t\t\t<img class=\"newsContent__article__imgCapa newsContent__article__imgCapa--banner\"\n\t\t\t\t\tsrc=\"https:\/\/files.sunoresearch.com.br\/n\/uploads\/2023\/04\/1420x240-Planilha-vida-financeira-true.png\"\n\t\t\t\t\tdata-promo-id=\"106682\"\t\t\t\t\t\t\t\t\t\twidth='1420' height='240'\t\t\t\t\talt=\"https:\/\/files.sunoresearch.com.br\/n\/uploads\/2023\/04\/1420x240-Planilha-vida-financeira-true.png\"\n\t\t\t\t>\n\t\t\t<\/picture>\n\t\t<\/a>\n\t<\/p>\n\n\n<h2>IPCA-15 antecipou esse aumento<\/h2>\n<p>Esse resultado tinha sido antecipado pelo <strong>IPCA<\/strong>-15, que tinha registrado um aumento de 0,54%. O IPCA-15 \u00e9 uma pr\u00e9via da infla\u00e7\u00e3o oficial do Brasil.<\/p>\n","protected":false},"excerpt":{"rendered":"<p>O \u00cdndice Nacional de Pre\u00e7os ao Consumidor Amplo (IPCA) registrou uma alta de 0,75% em mar\u00e7o. A informa\u00e7\u00e3o foi divulgada nesta quarta-feira (10) pelo Instituto Brasileiro de Geografia e Estat\u00edstica (IBGE). IPCA. Foto: Pixabay O IPCA no terceiro m\u00eas do ano foi superior a quanto registrado em fevereiro, quando tinha sido de 0,43%. Essa foi [&hellip;]<\/p>\n","protected":false},"author":9,"featured_media":3616,"comment_status":"closed","ping_status":"closed","sticky":false,"template":"","format":"standard","meta":[],"categories":[62],"tags":[821,850,966],"suno_strategy":[],"class_list":["post-20493","post","type-post","status-publish","format-standard","has-post-thumbnail","hentry","category-economia","tag-ibge","tag-inflacao","tag-ipca"],"yoast_head":"<!-- This site is optimized with the Yoast SEO plugin v24.4 - https:\/\/yoast.com\/wordpress\/plugins\/seo\/ -->\n<title>IBGE: IPCA registra alta de 0,75% em mar\u00e7o, maior aumento desde 2015<\/title>\n<meta name=\"description\" content=\"O \u00cdndice Nacional de Pre\u00e7os ao Consumidor Amplo (IPCA) registrou uma alta de 0,75% em mar\u00e7o. Clique aqui para saber mais.\" \/>\n<meta name=\"robots\" content=\"index, follow, max-snippet:-1, max-image-preview:large, max-video-preview:-1\" \/>\n<link rel=\"canonical\" href=\"https:\/\/www.suno.com.br\/noticias\/ipca-registra-alta-075-marco\/\" \/>\n<meta property=\"og:locale\" content=\"pt_BR\" \/>\n<meta property=\"og:type\" content=\"article\" \/>\n<meta property=\"og:title\" content=\"IBGE: IPCA registra alta de 0,75% em mar\u00e7o, maior aumento desde 2015\" \/>\n<meta property=\"og:description\" content=\"O \u00cdndice Nacional de Pre\u00e7os ao Consumidor Amplo (IPCA) registrou uma alta de 0,75% em mar\u00e7o. Clique aqui para saber mais.\" \/>\n<meta property=\"og:url\" content=\"https:\/\/www.suno.com.br\/noticias\/ipca-registra-alta-075-marco\/\" \/>\n<meta property=\"og:site_name\" content=\"Suno Not\u00edcias\" \/>\n<meta property=\"article:publisher\" content=\"https:\/\/facebook.com\/sunoresearch\" \/>\n<meta property=\"og:image\" content=\"https:\/\/files.sunoresearch.com.br\/n\/uploads\/2018\/09\/d278f268-infla\u00e7\u00e3o.jpg\" \/>\n\t<meta property=\"og:image:width\" content=\"1280\" \/>\n\t<meta property=\"og:image:height\" content=\"720\" \/>\n\t<meta property=\"og:image:type\" content=\"image\/jpeg\" \/>\n<meta name=\"author\" content=\"Carlo Cauti\" \/>\n<meta name=\"twitter:card\" content=\"summary_large_image\" \/>\n<meta name=\"twitter:creator\" content=\"@sunoresearch\" \/>\n<meta name=\"twitter:site\" content=\"@sunoresearch\" \/>\n<meta name=\"twitter:label1\" content=\"Escrito por\" \/>\n\t<meta name=\"twitter:data1\" content=\"Carlo Cauti\" \/>\n\t<meta name=\"twitter:label2\" content=\"Est. tempo de leitura\" \/>\n\t<meta name=\"twitter:data2\" content=\"2 minutos\" \/>\n<script type=\"application\/ld+json\" class=\"yoast-schema-graph\">{\"@context\":\"https:\/\/schema.org\",\"@graph\":[{\"@type\":\"NewsArticle\",\"@id\":\"https:\/\/www.suno.com.br\/noticias\/ipca-registra-alta-075-marco\/#article\",\"isPartOf\":{\"@id\":\"https:\/\/www.suno.com.br\/noticias\/ipca-registra-alta-075-marco\/\"},\"author\":{\"name\":\"Carlo Cauti\",\"@id\":\"https:\/\/www.suno.com.br\/noticias\/#\/schema\/person\/e6e0f723cc177805027f4566c1d5e0c8\"},\"headline\":\"IBGE: IPCA registra alta de 0,75% em mar\u00e7o\",\"datePublished\":\"2019-04-10T12:14:46+00:00\",\"dateModified\":\"2019-04-10T12:47:57+00:00\",\"mainEntityOfPage\":{\"@id\":\"https:\/\/www.suno.com.br\/noticias\/ipca-registra-alta-075-marco\/\"},\"wordCount\":401,\"publisher\":{\"@id\":\"https:\/\/www.suno.com.br\/noticias\/#organization\"},\"image\":{\"@id\":\"https:\/\/www.suno.com.br\/noticias\/ipca-registra-alta-075-marco\/#primaryimage\"},\"thumbnailUrl\":\"https:\/\/files.sunoresearch.com.br\/n\/uploads\/2018\/09\/d278f268-infla\u00e7\u00e3o-jpg.webp\",\"keywords\":[\"IBGE\",\"infla\u00e7\u00e3o\",\"IPCA\"],\"articleSection\":[\"Economia\"],\"inLanguage\":\"pt-BR\"},{\"@type\":\"WebPage\",\"@id\":\"https:\/\/www.suno.com.br\/noticias\/ipca-registra-alta-075-marco\/\",\"url\":\"https:\/\/www.suno.com.br\/noticias\/ipca-registra-alta-075-marco\/\",\"name\":\"IBGE: IPCA registra alta de 0,75% em mar\u00e7o, maior aumento desde 2015\",\"isPartOf\":{\"@id\":\"https:\/\/www.suno.com.br\/noticias\/#website\"},\"primaryImageOfPage\":{\"@id\":\"https:\/\/www.suno.com.br\/noticias\/ipca-registra-alta-075-marco\/#primaryimage\"},\"image\":{\"@id\":\"https:\/\/www.suno.com.br\/noticias\/ipca-registra-alta-075-marco\/#primaryimage\"},\"thumbnailUrl\":\"https:\/\/files.sunoresearch.com.br\/n\/uploads\/2018\/09\/d278f268-infla\u00e7\u00e3o-jpg.webp\",\"datePublished\":\"2019-04-10T12:14:46+00:00\",\"dateModified\":\"2019-04-10T12:47:57+00:00\",\"description\":\"O \u00cdndice Nacional de Pre\u00e7os ao Consumidor Amplo (IPCA) registrou uma alta de 0,75% em mar\u00e7o. Clique aqui para saber mais.\",\"breadcrumb\":{\"@id\":\"https:\/\/www.suno.com.br\/noticias\/ipca-registra-alta-075-marco\/#breadcrumb\"},\"inLanguage\":\"pt-BR\",\"potentialAction\":[{\"@type\":\"ReadAction\",\"target\":[\"https:\/\/www.suno.com.br\/noticias\/ipca-registra-alta-075-marco\/\"]}]},{\"@type\":\"ImageObject\",\"inLanguage\":\"pt-BR\",\"@id\":\"https:\/\/www.suno.com.br\/noticias\/ipca-registra-alta-075-marco\/#primaryimage\",\"url\":\"https:\/\/files.sunoresearch.com.br\/n\/uploads\/2018\/09\/d278f268-infla\u00e7\u00e3o-jpg.webp\",\"contentUrl\":\"https:\/\/files.sunoresearch.com.br\/n\/uploads\/2018\/09\/d278f268-infla\u00e7\u00e3o-jpg.webp\",\"width\":1280,\"height\":720,\"caption\":\"IPCA. Foto: Pixabay\"},{\"@type\":\"BreadcrumbList\",\"@id\":\"https:\/\/www.suno.com.br\/noticias\/ipca-registra-alta-075-marco\/#breadcrumb\",\"itemListElement\":[{\"@type\":\"ListItem\",\"position\":1,\"name\":\"Not\u00edcias\",\"item\":\"https:\/\/www.suno.com.br\/noticias\/\"},{\"@type\":\"ListItem\",\"position\":2,\"name\":\"Economia\",\"item\":\"https:\/\/www.suno.com.br\/noticias\/economia\/\"},{\"@type\":\"ListItem\",\"position\":3,\"name\":\"IBGE: IPCA registra alta de 0,75% em mar\u00e7o\"}]},{\"@type\":\"WebSite\",\"@id\":\"https:\/\/www.suno.com.br\/noticias\/#website\",\"url\":\"https:\/\/www.suno.com.br\/noticias\/\",\"name\":\"Suno Not\u00edcias\",\"description\":\"Seu portal de informa\u00e7\u00e3o sobre o mundo dos investimentos\",\"publisher\":{\"@id\":\"https:\/\/www.suno.com.br\/noticias\/#organization\"},\"potentialAction\":[{\"@type\":\"SearchAction\",\"target\":{\"@type\":\"EntryPoint\",\"urlTemplate\":\"https:\/\/www.suno.com.br\/noticias\/?s={search_term_string}\"},\"query-input\":{\"@type\":\"PropertyValueSpecification\",\"valueRequired\":true,\"valueName\":\"search_term_string\"}}],\"inLanguage\":\"pt-BR\"},{\"@type\":\"Organization\",\"@id\":\"https:\/\/www.suno.com.br\/noticias\/#organization\",\"name\":\"Suno Not\u00edcias\",\"url\":\"https:\/\/www.suno.com.br\/noticias\/\",\"logo\":{\"@type\":\"ImageObject\",\"inLanguage\":\"pt-BR\",\"@id\":\"https:\/\/www.suno.com.br\/noticias\/#\/schema\/logo\/image\/\",\"url\":\"https:\/\/files.sunoresearch.com.br\/n\/uploads\/2021\/09\/suno-logo.png\",\"contentUrl\":\"https:\/\/files.sunoresearch.com.br\/n\/uploads\/2021\/09\/suno-logo.png\",\"width\":180,\"height\":180,\"caption\":\"Suno Not\u00edcias\"},\"image\":{\"@id\":\"https:\/\/www.suno.com.br\/noticias\/#\/schema\/logo\/image\/\"},\"sameAs\":[\"https:\/\/facebook.com\/sunoresearch\",\"https:\/\/x.com\/sunoresearch\",\"https:\/\/www.instagram.com\/suno\",\"https:\/\/www.linkedin.com\/company\/suno-research\/\",\"https:\/\/www.youtube.com\/c\/sunoresearch\"]},{\"@type\":\"Person\",\"@id\":\"https:\/\/www.suno.com.br\/noticias\/#\/schema\/person\/e6e0f723cc177805027f4566c1d5e0c8\",\"name\":\"Carlo Cauti\",\"image\":{\"@type\":\"ImageObject\",\"inLanguage\":\"pt-BR\",\"@id\":\"https:\/\/www.suno.com.br\/noticias\/#\/schema\/person\/image\/\",\"url\":\"https:\/\/secure.gravatar.com\/avatar\/3ada9e0bd164c23abd4792a9606d583c?s=96&r=g\",\"contentUrl\":\"https:\/\/secure.gravatar.com\/avatar\/3ada9e0bd164c23abd4792a9606d583c?s=96&r=g\",\"caption\":\"Carlo Cauti\"},\"description\":\"Editor multim\u00eddia do SUNO Not\u00edcias. Italiano, formado em Ci\u00eancias Pol\u00edticas pela universidade LUISS G. Carli de Roma e mestre cum laude em Rela\u00e7\u00f5es Internacionais, Jornalismo Internacional e de Guerra e em Economia Internacional. Concluiu tamb\u00e9m um MBA em Finan\u00e7as na B3. No Brasil, teve passagem por ve\u00edculos como Estad\u00e3o, Globo, Veja e EXAME. e nas ag\u00eancias de not\u00edcias italianas ANSA e NOVA.\",\"url\":\"https:\/\/www.suno.com.br\/noticias\/author\/carlo-cauti\/\"}]}<\/script>\n<!-- \/ Yoast SEO plugin. -->","yoast_head_json":{"title":"IBGE: IPCA registra alta de 0,75% em mar\u00e7o, maior aumento desde 2015","description":"O \u00cdndice Nacional de Pre\u00e7os ao Consumidor Amplo (IPCA) registrou uma alta de 0,75% em mar\u00e7o. Clique aqui para saber mais.","robots":{"index":"index","follow":"follow","max-snippet":"max-snippet:-1","max-image-preview":"max-image-preview:large","max-video-preview":"max-video-preview:-1"},"canonical":"https:\/\/www.suno.com.br\/noticias\/ipca-registra-alta-075-marco\/","og_locale":"pt_BR","og_type":"article","og_title":"IBGE: IPCA registra alta de 0,75% em mar\u00e7o, maior aumento desde 2015","og_description":"O \u00cdndice Nacional de Pre\u00e7os ao Consumidor Amplo (IPCA) registrou uma alta de 0,75% em mar\u00e7o. Clique aqui para saber mais.","og_url":"https:\/\/www.suno.com.br\/noticias\/ipca-registra-alta-075-marco\/","og_site_name":"Suno Not\u00edcias","article_publisher":"https:\/\/facebook.com\/sunoresearch","og_image":[{"width":1280,"height":720,"url":"https:\/\/files.sunoresearch.com.br\/n\/uploads\/2018\/09\/d278f268-infla\u00e7\u00e3o.jpg","type":"image\/jpeg"}],"author":"Carlo Cauti","twitter_card":"summary_large_image","twitter_creator":"@sunoresearch","twitter_site":"@sunoresearch","twitter_misc":{"Escrito por":"Carlo Cauti","Est. tempo de leitura":"2 minutos"},"schema":{"@context":"https:\/\/schema.org","@graph":[{"@type":"NewsArticle","@id":"https:\/\/www.suno.com.br\/noticias\/ipca-registra-alta-075-marco\/#article","isPartOf":{"@id":"https:\/\/www.suno.com.br\/noticias\/ipca-registra-alta-075-marco\/"},"author":{"name":"Carlo Cauti","@id":"https:\/\/www.suno.com.br\/noticias\/#\/schema\/person\/e6e0f723cc177805027f4566c1d5e0c8"},"headline":"IBGE: IPCA registra alta de 0,75% em mar\u00e7o","datePublished":"2019-04-10T12:14:46+00:00","dateModified":"2019-04-10T12:47:57+00:00","mainEntityOfPage":{"@id":"https:\/\/www.suno.com.br\/noticias\/ipca-registra-alta-075-marco\/"},"wordCount":401,"publisher":{"@id":"https:\/\/www.suno.com.br\/noticias\/#organization"},"image":{"@id":"https:\/\/www.suno.com.br\/noticias\/ipca-registra-alta-075-marco\/#primaryimage"},"thumbnailUrl":"https:\/\/files.sunoresearch.com.br\/n\/uploads\/2018\/09\/d278f268-infla\u00e7\u00e3o-jpg.webp","keywords":["IBGE","infla\u00e7\u00e3o","IPCA"],"articleSection":["Economia"],"inLanguage":"pt-BR"},{"@type":"WebPage","@id":"https:\/\/www.suno.com.br\/noticias\/ipca-registra-alta-075-marco\/","url":"https:\/\/www.suno.com.br\/noticias\/ipca-registra-alta-075-marco\/","name":"IBGE: IPCA registra alta de 0,75% em mar\u00e7o, maior aumento desde 2015","isPartOf":{"@id":"https:\/\/www.suno.com.br\/noticias\/#website"},"primaryImageOfPage":{"@id":"https:\/\/www.suno.com.br\/noticias\/ipca-registra-alta-075-marco\/#primaryimage"},"image":{"@id":"https:\/\/www.suno.com.br\/noticias\/ipca-registra-alta-075-marco\/#primaryimage"},"thumbnailUrl":"https:\/\/files.sunoresearch.com.br\/n\/uploads\/2018\/09\/d278f268-infla\u00e7\u00e3o-jpg.webp","datePublished":"2019-04-10T12:14:46+00:00","dateModified":"2019-04-10T12:47:57+00:00","description":"O \u00cdndice Nacional de Pre\u00e7os ao Consumidor Amplo (IPCA) registrou uma alta de 0,75% em mar\u00e7o. Clique aqui para saber mais.","breadcrumb":{"@id":"https:\/\/www.suno.com.br\/noticias\/ipca-registra-alta-075-marco\/#breadcrumb"},"inLanguage":"pt-BR","potentialAction":[{"@type":"ReadAction","target":["https:\/\/www.suno.com.br\/noticias\/ipca-registra-alta-075-marco\/"]}]},{"@type":"ImageObject","inLanguage":"pt-BR","@id":"https:\/\/www.suno.com.br\/noticias\/ipca-registra-alta-075-marco\/#primaryimage","url":"https:\/\/files.sunoresearch.com.br\/n\/uploads\/2018\/09\/d278f268-infla\u00e7\u00e3o-jpg.webp","contentUrl":"https:\/\/files.sunoresearch.com.br\/n\/uploads\/2018\/09\/d278f268-infla\u00e7\u00e3o-jpg.webp","width":1280,"height":720,"caption":"IPCA. Foto: Pixabay"},{"@type":"BreadcrumbList","@id":"https:\/\/www.suno.com.br\/noticias\/ipca-registra-alta-075-marco\/#breadcrumb","itemListElement":[{"@type":"ListItem","position":1,"name":"Not\u00edcias","item":"https:\/\/www.suno.com.br\/noticias\/"},{"@type":"ListItem","position":2,"name":"Economia","item":"https:\/\/www.suno.com.br\/noticias\/economia\/"},{"@type":"ListItem","position":3,"name":"IBGE: IPCA registra alta de 0,75% em mar\u00e7o"}]},{"@type":"WebSite","@id":"https:\/\/www.suno.com.br\/noticias\/#website","url":"https:\/\/www.suno.com.br\/noticias\/","name":"Suno Not\u00edcias","description":"Seu portal de informa\u00e7\u00e3o sobre o mundo dos investimentos","publisher":{"@id":"https:\/\/www.suno.com.br\/noticias\/#organization"},"potentialAction":[{"@type":"SearchAction","target":{"@type":"EntryPoint","urlTemplate":"https:\/\/www.suno.com.br\/noticias\/?s={search_term_string}"},"query-input":{"@type":"PropertyValueSpecification","valueRequired":true,"valueName":"search_term_string"}}],"inLanguage":"pt-BR"},{"@type":"Organization","@id":"https:\/\/www.suno.com.br\/noticias\/#organization","name":"Suno Not\u00edcias","url":"https:\/\/www.suno.com.br\/noticias\/","logo":{"@type":"ImageObject","inLanguage":"pt-BR","@id":"https:\/\/www.suno.com.br\/noticias\/#\/schema\/logo\/image\/","url":"https:\/\/files.sunoresearch.com.br\/n\/uploads\/2021\/09\/suno-logo.png","contentUrl":"https:\/\/files.sunoresearch.com.br\/n\/uploads\/2021\/09\/suno-logo.png","width":180,"height":180,"caption":"Suno Not\u00edcias"},"image":{"@id":"https:\/\/www.suno.com.br\/noticias\/#\/schema\/logo\/image\/"},"sameAs":["https:\/\/facebook.com\/sunoresearch","https:\/\/x.com\/sunoresearch","https:\/\/www.instagram.com\/suno","https:\/\/www.linkedin.com\/company\/suno-research\/","https:\/\/www.youtube.com\/c\/sunoresearch"]},{"@type":"Person","@id":"https:\/\/www.suno.com.br\/noticias\/#\/schema\/person\/e6e0f723cc177805027f4566c1d5e0c8","name":"Carlo Cauti","image":{"@type":"ImageObject","inLanguage":"pt-BR","@id":"https:\/\/www.suno.com.br\/noticias\/#\/schema\/person\/image\/","url":"https:\/\/secure.gravatar.com\/avatar\/3ada9e0bd164c23abd4792a9606d583c?s=96&r=g","contentUrl":"https:\/\/secure.gravatar.com\/avatar\/3ada9e0bd164c23abd4792a9606d583c?s=96&r=g","caption":"Carlo Cauti"},"description":"Editor multim\u00eddia do SUNO Not\u00edcias. Italiano, formado em Ci\u00eancias Pol\u00edticas pela universidade LUISS G. Carli de Roma e mestre cum laude em Rela\u00e7\u00f5es Internacionais, Jornalismo Internacional e de Guerra e em Economia Internacional. Concluiu tamb\u00e9m um MBA em Finan\u00e7as na B3. No Brasil, teve passagem por ve\u00edculos como Estad\u00e3o, Globo, Veja e EXAME. e nas ag\u00eancias de not\u00edcias italianas ANSA e NOVA.","url":"https:\/\/www.suno.com.br\/noticias\/author\/carlo-cauti\/"}]}},"default_loop_html":"<div class=\"cardsPage__listCard__boxs\"><div class=\"cardsPage__listCard__boxs__img\"><a href=\"https:\/\/www.suno.com.br\/noticias\/ipca-registra-alta-075-marco\/\"><img class=\"mask\" src=\"https:\/\/www.suno.com.br\/noticias\/wp-content\/themes\/suno\/resources\/images\/spotlight\/spotlight1img\/bg-mask.png\" alt=\"Image Mask\"\/><img src=\"https:\/\/files.sunoresearch.com.br\/n\/uploads\/2018\/09\/d278f268-infla\u00e7\u00e3o-400x200.webp\" alt=\"IBGE: IPCA registra alta de 0,75% em mar\u00e7o\"\/><\/a><span class=\"spotlightCategory\"><a href=\"https:\/\/www.suno.com.br\/noticias\/economia\/\">Economia<\/a><\/span><\/div><div class=\"cardsPage__listCard__boxs__content\"><a href=\"https:\/\/www.suno.com.br\/noticias\/ipca-registra-alta-075-marco\/\"><h2 class=\"content__title\">IBGE: IPCA registra alta de 0,75% em mar\u00e7o<\/h2><\/a><div class=\"newsContent__article__meta\"><div class=\"newsContent__article__meta__authorBox\"><a href=\"https:\/\/www.suno.com.br\/noticias\/author\/carlo-cauti\/\" class=\"authorBox__avatar noMobi\"><img src=\"https:\/\/files.sunoresearch.com.br\/n\/uploads\/2020\/08\/e3745f9a-perfil-carlo-cauti-150x150.webp\" alt=\"Carlo Cauti\"><\/a><div class=\"authorBox__name\"><span>por\n\t\t\t<a href=\"https:\/\/www.suno.com.br\/noticias\/author\/carlo-cauti\/\"><span itemprop=\"author\">Carlo Cauti<\/span><\/a><\/span><time datetime=\"2019-04-10T09:14:46-03:00\" itemprop=\"datePublished\">10\/04\/2019 09:14<\/time><\/div><\/div><\/div><\/div><\/div>","single_layout":"posts","amp_enabled":true,"_links":{"self":[{"href":"https:\/\/www.suno.com.br\/noticias\/wp-json\/wp\/v2\/posts\/20493"}],"collection":[{"href":"https:\/\/www.suno.com.br\/noticias\/wp-json\/wp\/v2\/posts"}],"about":[{"href":"https:\/\/www.suno.com.br\/noticias\/wp-json\/wp\/v2\/types\/post"}],"author":[{"embeddable":true,"href":"https:\/\/www.suno.com.br\/noticias\/wp-json\/wp\/v2\/users\/9"}],"replies":[{"embeddable":true,"href":"https:\/\/www.suno.com.br\/noticias\/wp-json\/wp\/v2\/comments?post=20493"}],"version-history":[{"count":0,"href":"https:\/\/www.suno.com.br\/noticias\/wp-json\/wp\/v2\/posts\/20493\/revisions"}],"wp:featuredmedia":[{"embeddable":true,"href":"https:\/\/www.suno.com.br\/noticias\/wp-json\/wp\/v2\/media\/3616"}],"wp:attachment":[{"href":"https:\/\/www.suno.com.br\/noticias\/wp-json\/wp\/v2\/media?parent=20493"}],"wp:term":[{"taxonomy":"category","embeddable":true,"href":"https:\/\/www.suno.com.br\/noticias\/wp-json\/wp\/v2\/categories?post=20493"},{"taxonomy":"post_tag","embeddable":true,"href":"https:\/\/www.suno.com.br\/noticias\/wp-json\/wp\/v2\/tags?post=20493"},{"taxonomy":"suno_strategy","embeddable":true,"href":"https:\/\/www.suno.com.br\/noticias\/wp-json\/wp\/v2\/suno_strategy?post=20493"}],"curies":[{"name":"wp","href":"https:\/\/api.w.org\/{rel}","templated":true}]}}