{"id":20440,"date":"2019-04-09T18:01:40","date_gmt":"2019-04-09T21:01:40","guid":{"rendered":"https:\/\/www.suno.com.br\/noticias\/?p=20440"},"modified":"2019-04-09T18:11:48","modified_gmt":"2019-04-09T21:11:48","slug":"em-video-carlos-ghosn-se-diz-inocente-e-denuncia-complo","status":"publish","type":"post","link":"https:\/\/www.suno.com.br\/noticias\/em-video-carlos-ghosn-se-diz-inocente-e-denuncia-complo\/","title":{"rendered":"Em v\u00eddeo, Carlos Ghosn se diz inocente e denuncia compl\u00f4"},"content":{"rendered":"<p>O ex-presidente da <strong>Renault-Nissan,<\/strong> <a href=\"https:\/\/www.suno.com.br\/tudo-sobre\/carlos-ghosn\/\">Carlos Ghosn<\/a>, gravou um v\u00eddeo salientando sua inoc\u00eancia. O v\u00eddeo foi divulgado nesta ter\u00e7a-feira (9) pelos advogados do executivo.<\/p>\t<div class=\"wrapper-featured-image\">\n\t\t<figure class=\"spotlightImg\">\n\n\t\t\t<picture>\n\t\t\t\t<source media=\"(max-width: 768px)\" srcset=\"https:\/\/files.sunoresearch.com.br\/n\/uploads\/2019\/04\/9385762c-carlos-ghosn-400x200.webp\">\n\t\t\t\t<img loading=\"lazy\" decoding=\"async\" class=\"newsContent__article__imgCapa lazyloadDisabled newsContent__article__imgCapa--noCaption\" src=\"https:\/\/files.sunoresearch.com.br\/n\/uploads\/2019\/04\/9385762c-carlos-ghosn-800x450.webp\" width=\"800\" height=\"450\" alt=\"Em v\u00eddeo, Carlos Ghosn se diz inocente e denuncia compl\u00f4\" fetchpriority=high \/>\n\t\t\t<\/picture>\n\n\t\t\t<figcaption class=\"wp-caption-text wp-caption-text--hide\">Carlos Ghosn<\/figcaption>\n\t\t<\/figure>\n\t<\/div>\n\n\n<p>Na grava\u00e7\u00e3o, <strong>Carlos Ghosn<\/strong> acusa os diretores da Nissan de &#8220;trai\u00e7\u00e3o&#8221;.\u00a0&#8220;N\u00e3o \u00e9 uma hist\u00f3ria de gan\u00e2ncia, de ditadura de um homem. \u00c9 uma hist\u00f3ria de compl\u00f4, de conspira\u00e7\u00e3o, trai\u00e7\u00e3o&#8221;, afirmou o ex-presidente da <strong>Renault-Nissan<\/strong> em ingl\u00eas.<\/p>\n<p>&#8220;Sou inocente, esta \u00e9 minha primeira mensagem. N\u00e3o \u00e9 algo novo, eu j\u00e1 afirmei: sou inocente de todas as acusa\u00e7\u00f5es&#8221;, insistiu <strong>Ghosn.<\/strong> O v\u00eddeo foi divulgado durante uma entrevista coletiva em <strong>T\u00f3quio.<\/strong> Entretanto, os nomes dos diretores acusados pelo executivo foram cortados do v\u00eddeo. Isso por causa do temor dos advogados de Ghosn que citar nomes poderia gerar novas a\u00e7\u00f5es judiciais.<\/p>\n<p><a href=\"https:\/\/www.suno.com.br\/noticias\/ghosn-preso-novamente\/\">Saiba mais: Carlos Ghosn \u00e9 preso novamente em T\u00f3quio, segundo imprensa japonesa\u00a0<\/a><\/p>\n<p>O principal advogado do executivo, Junichiro Hironaka, anunciou que apresentar\u00e1 na pr\u00f3xima quarta-feira (9) um recurso \u00e0 Suprema Corte. O objetivo \u00e9 tentar libertar novamente seu cliente.<\/p>\n<p>[optin-monster-shortcode id=&#8221;npkxlwaleraa8psvnego&#8221;]<\/p>\n<h2>Ghosn denuncia compl\u00f4<\/h2>\n<p><strong>Ghosn<\/strong> reiterou que as acusa\u00e7\u00f5es s\u00e3o um &#8220;compl\u00f4&#8221; contra ele. &#8220;Havia medo de que na pr\u00f3xima etapa da alian\u00e7a a autonomia da Nissan seria amea\u00e7ada&#8221;, afirmou o executivo. Ele salientou como foi sempre um &#8220;ferrenho defensor da autonomia&#8221;.<\/p>\n<p><a href=\"https:\/\/www.suno.com.br\/noticias\/esposa-carlos-ghosn-deixa-japao\/\">Saiba mais: Esposa de Carlos Ghosn deixa o Jap\u00e3o e se declara \u201cem perigo\u201d\u00a0<\/a><\/p>\n<h2>Relembre o caso Ghosn<\/h2>\n<p>Detido em <strong>T\u00f3quio <\/strong>desde 19 de novembro,\u00a0<strong>Ghosn<\/strong>\u00a0\u00e9 acusado de fraude e de uso indevido de recursos do grupo <strong>Renault-Nissan.<\/strong>\u00a0Ele foi solto sob fian\u00e7a no dia 5 de mar\u00e7o pelo Tribunal de T\u00f3quio. Os ju\u00edzes japoneses determinaram uma fian\u00e7a de 1 bilh\u00e3o de ienes (cerca de R$ 33,8 milh\u00f5es).<\/p>\n<p><a href=\"https:\/\/www.suno.com.br\/noticias\/advogado-carlos-ghosn-pede-demissao\/\">Saiba mais: Advogado de Carlos Ghosn, Motonari Otsuru, pede demiss\u00e3o\u00a0<\/a><\/p>\n<p>O executivo de 64 anos foi acusado de fraude fiscal e uso de verbas da empresa para uso pessoal. Ele teria omitido em suas declara\u00e7\u00f5es de renda \u00e0s autoridades da <strong>Bolsa de Valores<\/strong> nip\u00f4nica. Al\u00e9m disso, Ghosn teria escondido quase R$ 167 milh\u00f5es entre 2010 e 2015.<\/p>\n\t<p>\n\t\t<a href=\"https:\/\/lp2.suno.com.br\/pv\/eu-invisto-2026\/?utm_source=suno-noticias&#038;utm_medium=banner&#038;utm_campaign=_SNC4CCF8112_\" target=\"_blank\" data-element=\"shortcode-suno-banner\" title=\"Banner SUNO, clique e saiba mais\">\n\t\t\t<picture>\n\t\t\t\t<source media=\"(max-width: 500px)\" srcset=\"https:\/\/files.sunoresearch.com.br\/n\/uploads\/2025\/12\/Banner-Materias-01-Mbl_-400x300-1-png.webp\">\n\t\t\t\t<img class=\"newsContent__article__imgCapa newsContent__article__imgCapa--banner\"\n\t\t\t\t\tsrc=\"https:\/\/files.sunoresearch.com.br\/n\/uploads\/2025\/12\/Banner-Materias-01-Dkp_-1420x240-1-png.webp\"\n\t\t\t\t\tdata-promo-id=\"635514\"\t\t\t\t\t\t\t\t\t\twidth='1420' height='240'\t\t\t\t\talt=\"https:\/\/files.sunoresearch.com.br\/n\/uploads\/2025\/12\/Banner-Materias-01-Dkp_-1420x240-1-png.webp\"\n\t\t\t\t>\n\t\t\t<\/picture>\n\t\t<\/a>\n\t<\/p>\n\n\n<p>Seu bra\u00e7o direito, <strong>Greg Kelly,<\/strong> tamb\u00e9m foi acusado de ter ajudado a <strong>ocultar valores.<\/strong><\/p>\n<p><a href=\"https:\/\/www.suno.com.br\/noticias\/carlos-ghosn-renault\/\">Saiba mais: Carlos Ghosn deixa presid\u00eancia da Renault; Conselho j\u00e1 tem novo nome\u00a0<\/a><\/p>\n<p><strong>Ghosn<\/strong> tamb\u00e9m \u00e9 suspeito de ter repetido a <strong>fraude,<\/strong> entre 2015 e 2018, totalizando 4 bilh\u00f5es de ienes (cerca de US$ 35 milh\u00f5es). Esse ponto havia provocado uma primeira prorroga\u00e7\u00e3o do per\u00edodo de deten\u00e7\u00e3o.<\/p>\n<p><a href=\"https:\/\/www.suno.com.br\/noticias\/carlos-ghosn-sair-prisao-confessar\/\">Saiba mais:\u00a0Carlos Ghosn pode sair da pris\u00e3o se confessar culpa, diz filho\u00a0<\/a><\/p>\n<p>Al\u00e9m das acusa\u00e7\u00f5es de n\u00e3o ter declarado sua renda real, a <strong>Nissan<\/strong> afirma que seu ex-presidente utilizou ilicitamente resid\u00eancias de luxo espalhadas em v\u00e1rios pa\u00edses do mundo pagas pela empresa.<\/p>\n<p><strong>Ghosn<\/strong> teria at\u00e9 organizado\u00a0uma viagem no <a href=\"http:\/\/www.rio.rj.gov.br\/\"><strong>Rio de Janeiro<\/strong><\/a> durante o <strong>Carnaval<\/strong> paga pelas empresas. O executivo e sua esposa convidaram oito casais de amigos para passar a festa na capital fluminense em 2018.\u00a0No total, a viagem custou US$ 260 mil (cerca de R$ 977,6 mil) e teria sido paga pelo grupo <strong>Renault-Nissan.<\/strong><\/p>\n<p><a href=\"https:\/\/www.suno.com.br\/noticias\/ghosn-carnaval-rio-custas-renault-nissan\/\">Saiba mais: Ghosn teria organizado Carnaval no Rio \u00e0s custas da Renault-Nissan\u00a0<\/a><\/p>\n<p>A <strong>Nissan<\/strong> tamb\u00e9m \u00e9 investigada como pessoa jur\u00eddica. A Promotoria suspeita da responsabilidade da empresa, que forneceu os relat\u00f3rios falsos \u00e0s autoridades da <strong>Bolsa de Valores.<\/strong><\/p>\n<p><a href=\"https:\/\/www.suno.com.br\/noticias\/renault-cancela-bonus-carlos-ghosn\/\">Saiba mais: Renault cancela b\u00f4nus de R$ 126,9 mi para Carlos Ghosn\u00a0<\/a><\/p>\n<p>A deten\u00e7\u00e3o de <strong>Ghosn,<\/strong> que foi destitu\u00eddo da presid\u00eancia da <strong>Nissan<\/strong> poucos dias depois de ser preso, resultou de uma investiga\u00e7\u00e3o interna da empresa. O executivo tamb\u00e9m foi destitu\u00eddo da presid\u00eancia da <strong>Mitsubishi Motors.<\/strong><\/p>\n<p>O executivo era considerado uma &#8220;estrela&#8221; no mundo do <strong>setor automotivo<\/strong> mundial. Principalmente por sua capacidade de <strong>restruturar empresas<\/strong> em crise e cortar custos. Ele salvou a <strong>Nissan,<\/strong> que no inicio\u00a0dos anos 2000 estava prestes a falir. <strong>Ghosn<\/strong> chegou a ganhar um status\u00a0de her\u00f3i no Jap\u00e3o, tanto que sua trajet\u00f3ria foi ilustrada em mang\u00e1s, as hist\u00f3rias em quadrinhos japonesas.<\/p>\n<p>A pris\u00e3o de <strong>Ghosn<\/strong> provocou uma crise na alian\u00e7a entre a <strong>Nissan<\/strong> e a <strong>Renault<\/strong>. A alian\u00e7a industrial entre as duas montadoras foi\u00a0criada em 1999, costurada pr\u00f3prio por\u00a0<strong>Carlos<\/strong> <strong>Ghosn<\/strong>. Com a entrada da Mitsubishi Motors, se tornou o maior grupo mundial do setor automobil\u00edstico.<\/p>\n","protected":false},"excerpt":{"rendered":"<p>O ex-presidente da Renault-Nissan, Carlos Ghosn, gravou um v\u00eddeo salientando sua inoc\u00eancia. O v\u00eddeo foi divulgado nesta ter\u00e7a-feira (9) pelos advogados do executivo. Carlos Ghosn Na grava\u00e7\u00e3o, Carlos Ghosn acusa os diretores da Nissan de &#8220;trai\u00e7\u00e3o&#8221;.\u00a0&#8220;N\u00e3o \u00e9 uma hist\u00f3ria de gan\u00e2ncia, de ditadura de um homem. \u00c9 uma hist\u00f3ria de compl\u00f4, de conspira\u00e7\u00e3o, trai\u00e7\u00e3o&#8221;, afirmou [&hellip;]<\/p>\n","protected":false},"author":9,"featured_media":20451,"comment_status":"closed","ping_status":"closed","sticky":false,"template":"","format":"standard","meta":[],"categories":[64],"tags":[876,889,877,929],"suno_strategy":[],"class_list":["post-20440","post","type-post","status-publish","format-standard","has-post-thumbnail","hentry","category-negocios","tag-carlos-ghosn","tag-japao","tag-nissan","tag-renault"],"yoast_head":"<!-- This site is optimized with the Yoast SEO plugin v24.4 - https:\/\/yoast.com\/wordpress\/plugins\/seo\/ -->\n<title>Em v\u00eddeo, Carlos Ghosn se diz inocente e denuncia compl\u00f4<\/title>\n<meta name=\"description\" content=\"O ex-presidente da Renault-Nissan, Carlos Ghosn, gravou um v\u00eddeo salientando sua inoc\u00eancia.Clique aqui para saber mais.\" \/>\n<meta name=\"robots\" content=\"index, follow, max-snippet:-1, max-image-preview:large, max-video-preview:-1\" \/>\n<link rel=\"canonical\" href=\"https:\/\/www.suno.com.br\/noticias\/em-video-carlos-ghosn-se-diz-inocente-e-denuncia-complo\/\" \/>\n<meta property=\"og:locale\" content=\"pt_BR\" \/>\n<meta property=\"og:type\" content=\"article\" \/>\n<meta property=\"og:title\" content=\"Em v\u00eddeo, Carlos Ghosn se diz inocente e denuncia compl\u00f4\" \/>\n<meta property=\"og:description\" content=\"O ex-presidente da Renault-Nissan, Carlos Ghosn, gravou um v\u00eddeo salientando sua inoc\u00eancia.Clique aqui para saber mais.\" \/>\n<meta property=\"og:url\" content=\"https:\/\/www.suno.com.br\/noticias\/em-video-carlos-ghosn-se-diz-inocente-e-denuncia-complo\/\" \/>\n<meta property=\"og:site_name\" content=\"Suno Not\u00edcias\" \/>\n<meta property=\"article:publisher\" content=\"https:\/\/facebook.com\/sunoresearch\" \/>\n<meta property=\"og:image\" content=\"https:\/\/files.sunoresearch.com.br\/n\/uploads\/2019\/04\/9385762c-carlos-ghosn.jpg\" \/>\n\t<meta property=\"og:image:width\" content=\"1024\" \/>\n\t<meta property=\"og:image:height\" content=\"578\" \/>\n\t<meta property=\"og:image:type\" content=\"image\/jpeg\" \/>\n<meta name=\"author\" content=\"Carlo Cauti\" \/>\n<meta name=\"twitter:card\" content=\"summary_large_image\" \/>\n<meta name=\"twitter:creator\" content=\"@sunoresearch\" \/>\n<meta name=\"twitter:site\" content=\"@sunoresearch\" \/>\n<meta name=\"twitter:label1\" content=\"Escrito por\" \/>\n\t<meta name=\"twitter:data1\" content=\"Carlo Cauti\" \/>\n\t<meta name=\"twitter:label2\" content=\"Est. tempo de leitura\" \/>\n\t<meta name=\"twitter:data2\" content=\"4 minutos\" \/>\n<script type=\"application\/ld+json\" class=\"yoast-schema-graph\">{\"@context\":\"https:\/\/schema.org\",\"@graph\":[{\"@type\":\"NewsArticle\",\"@id\":\"https:\/\/www.suno.com.br\/noticias\/em-video-carlos-ghosn-se-diz-inocente-e-denuncia-complo\/#article\",\"isPartOf\":{\"@id\":\"https:\/\/www.suno.com.br\/noticias\/em-video-carlos-ghosn-se-diz-inocente-e-denuncia-complo\/\"},\"author\":{\"name\":\"Carlo Cauti\",\"@id\":\"https:\/\/www.suno.com.br\/noticias\/#\/schema\/person\/e6e0f723cc177805027f4566c1d5e0c8\"},\"headline\":\"Em v\u00eddeo, Carlos Ghosn se diz inocente e denuncia compl\u00f4\",\"datePublished\":\"2019-04-09T21:01:40+00:00\",\"dateModified\":\"2019-04-09T21:11:48+00:00\",\"mainEntityOfPage\":{\"@id\":\"https:\/\/www.suno.com.br\/noticias\/em-video-carlos-ghosn-se-diz-inocente-e-denuncia-complo\/\"},\"wordCount\":742,\"publisher\":{\"@id\":\"https:\/\/www.suno.com.br\/noticias\/#organization\"},\"image\":{\"@id\":\"https:\/\/www.suno.com.br\/noticias\/em-video-carlos-ghosn-se-diz-inocente-e-denuncia-complo\/#primaryimage\"},\"thumbnailUrl\":\"https:\/\/files.sunoresearch.com.br\/n\/uploads\/2019\/04\/9385762c-carlos-ghosn-jpg.webp\",\"keywords\":[\"Carlos Ghosn\",\"Jap\u00e3o\",\"Nissan\",\"Renault\"],\"articleSection\":[\"Neg\u00f3cios\"],\"inLanguage\":\"pt-BR\"},{\"@type\":\"WebPage\",\"@id\":\"https:\/\/www.suno.com.br\/noticias\/em-video-carlos-ghosn-se-diz-inocente-e-denuncia-complo\/\",\"url\":\"https:\/\/www.suno.com.br\/noticias\/em-video-carlos-ghosn-se-diz-inocente-e-denuncia-complo\/\",\"name\":\"Em v\u00eddeo, Carlos Ghosn se diz inocente e denuncia compl\u00f4\",\"isPartOf\":{\"@id\":\"https:\/\/www.suno.com.br\/noticias\/#website\"},\"primaryImageOfPage\":{\"@id\":\"https:\/\/www.suno.com.br\/noticias\/em-video-carlos-ghosn-se-diz-inocente-e-denuncia-complo\/#primaryimage\"},\"image\":{\"@id\":\"https:\/\/www.suno.com.br\/noticias\/em-video-carlos-ghosn-se-diz-inocente-e-denuncia-complo\/#primaryimage\"},\"thumbnailUrl\":\"https:\/\/files.sunoresearch.com.br\/n\/uploads\/2019\/04\/9385762c-carlos-ghosn-jpg.webp\",\"datePublished\":\"2019-04-09T21:01:40+00:00\",\"dateModified\":\"2019-04-09T21:11:48+00:00\",\"description\":\"O ex-presidente da Renault-Nissan, Carlos Ghosn, gravou um v\u00eddeo salientando sua inoc\u00eancia.Clique aqui para saber mais.\",\"breadcrumb\":{\"@id\":\"https:\/\/www.suno.com.br\/noticias\/em-video-carlos-ghosn-se-diz-inocente-e-denuncia-complo\/#breadcrumb\"},\"inLanguage\":\"pt-BR\",\"potentialAction\":[{\"@type\":\"ReadAction\",\"target\":[\"https:\/\/www.suno.com.br\/noticias\/em-video-carlos-ghosn-se-diz-inocente-e-denuncia-complo\/\"]}]},{\"@type\":\"ImageObject\",\"inLanguage\":\"pt-BR\",\"@id\":\"https:\/\/www.suno.com.br\/noticias\/em-video-carlos-ghosn-se-diz-inocente-e-denuncia-complo\/#primaryimage\",\"url\":\"https:\/\/files.sunoresearch.com.br\/n\/uploads\/2019\/04\/9385762c-carlos-ghosn-jpg.webp\",\"contentUrl\":\"https:\/\/files.sunoresearch.com.br\/n\/uploads\/2019\/04\/9385762c-carlos-ghosn-jpg.webp\",\"width\":1024,\"height\":578,\"caption\":\"Carlos Ghosn\"},{\"@type\":\"BreadcrumbList\",\"@id\":\"https:\/\/www.suno.com.br\/noticias\/em-video-carlos-ghosn-se-diz-inocente-e-denuncia-complo\/#breadcrumb\",\"itemListElement\":[{\"@type\":\"ListItem\",\"position\":1,\"name\":\"Not\u00edcias\",\"item\":\"https:\/\/www.suno.com.br\/noticias\/\"},{\"@type\":\"ListItem\",\"position\":2,\"name\":\"Neg\u00f3cios\",\"item\":\"https:\/\/www.suno.com.br\/noticias\/negocios\/\"},{\"@type\":\"ListItem\",\"position\":3,\"name\":\"Em v\u00eddeo, Carlos Ghosn se diz inocente e denuncia compl\u00f4\"}]},{\"@type\":\"WebSite\",\"@id\":\"https:\/\/www.suno.com.br\/noticias\/#website\",\"url\":\"https:\/\/www.suno.com.br\/noticias\/\",\"name\":\"Suno Not\u00edcias\",\"description\":\"Seu portal de informa\u00e7\u00e3o sobre o mundo dos investimentos\",\"publisher\":{\"@id\":\"https:\/\/www.suno.com.br\/noticias\/#organization\"},\"potentialAction\":[{\"@type\":\"SearchAction\",\"target\":{\"@type\":\"EntryPoint\",\"urlTemplate\":\"https:\/\/www.suno.com.br\/noticias\/?s={search_term_string}\"},\"query-input\":{\"@type\":\"PropertyValueSpecification\",\"valueRequired\":true,\"valueName\":\"search_term_string\"}}],\"inLanguage\":\"pt-BR\"},{\"@type\":\"Organization\",\"@id\":\"https:\/\/www.suno.com.br\/noticias\/#organization\",\"name\":\"Suno Not\u00edcias\",\"url\":\"https:\/\/www.suno.com.br\/noticias\/\",\"logo\":{\"@type\":\"ImageObject\",\"inLanguage\":\"pt-BR\",\"@id\":\"https:\/\/www.suno.com.br\/noticias\/#\/schema\/logo\/image\/\",\"url\":\"https:\/\/files.sunoresearch.com.br\/n\/uploads\/2021\/09\/suno-logo.png\",\"contentUrl\":\"https:\/\/files.sunoresearch.com.br\/n\/uploads\/2021\/09\/suno-logo.png\",\"width\":180,\"height\":180,\"caption\":\"Suno Not\u00edcias\"},\"image\":{\"@id\":\"https:\/\/www.suno.com.br\/noticias\/#\/schema\/logo\/image\/\"},\"sameAs\":[\"https:\/\/facebook.com\/sunoresearch\",\"https:\/\/x.com\/sunoresearch\",\"https:\/\/www.instagram.com\/suno\",\"https:\/\/www.linkedin.com\/company\/suno-research\/\",\"https:\/\/www.youtube.com\/c\/sunoresearch\"]},{\"@type\":\"Person\",\"@id\":\"https:\/\/www.suno.com.br\/noticias\/#\/schema\/person\/e6e0f723cc177805027f4566c1d5e0c8\",\"name\":\"Carlo Cauti\",\"image\":{\"@type\":\"ImageObject\",\"inLanguage\":\"pt-BR\",\"@id\":\"https:\/\/www.suno.com.br\/noticias\/#\/schema\/person\/image\/\",\"url\":\"https:\/\/secure.gravatar.com\/avatar\/3ada9e0bd164c23abd4792a9606d583c?s=96&r=g\",\"contentUrl\":\"https:\/\/secure.gravatar.com\/avatar\/3ada9e0bd164c23abd4792a9606d583c?s=96&r=g\",\"caption\":\"Carlo Cauti\"},\"description\":\"Editor multim\u00eddia do SUNO Not\u00edcias. Italiano, formado em Ci\u00eancias Pol\u00edticas pela universidade LUISS G. Carli de Roma e mestre cum laude em Rela\u00e7\u00f5es Internacionais, Jornalismo Internacional e de Guerra e em Economia Internacional. Concluiu tamb\u00e9m um MBA em Finan\u00e7as na B3. No Brasil, teve passagem por ve\u00edculos como Estad\u00e3o, Globo, Veja e EXAME. e nas ag\u00eancias de not\u00edcias italianas ANSA e NOVA.\",\"url\":\"https:\/\/www.suno.com.br\/noticias\/author\/carlo-cauti\/\"}]}<\/script>\n<!-- \/ Yoast SEO plugin. -->","yoast_head_json":{"title":"Em v\u00eddeo, Carlos Ghosn se diz inocente e denuncia compl\u00f4","description":"O ex-presidente da Renault-Nissan, Carlos Ghosn, gravou um v\u00eddeo salientando sua inoc\u00eancia.Clique aqui para saber mais.","robots":{"index":"index","follow":"follow","max-snippet":"max-snippet:-1","max-image-preview":"max-image-preview:large","max-video-preview":"max-video-preview:-1"},"canonical":"https:\/\/www.suno.com.br\/noticias\/em-video-carlos-ghosn-se-diz-inocente-e-denuncia-complo\/","og_locale":"pt_BR","og_type":"article","og_title":"Em v\u00eddeo, Carlos Ghosn se diz inocente e denuncia compl\u00f4","og_description":"O ex-presidente da Renault-Nissan, Carlos Ghosn, gravou um v\u00eddeo salientando sua inoc\u00eancia.Clique aqui para saber mais.","og_url":"https:\/\/www.suno.com.br\/noticias\/em-video-carlos-ghosn-se-diz-inocente-e-denuncia-complo\/","og_site_name":"Suno Not\u00edcias","article_publisher":"https:\/\/facebook.com\/sunoresearch","og_image":[{"width":1024,"height":578,"url":"https:\/\/files.sunoresearch.com.br\/n\/uploads\/2019\/04\/9385762c-carlos-ghosn.jpg","type":"image\/jpeg"}],"author":"Carlo Cauti","twitter_card":"summary_large_image","twitter_creator":"@sunoresearch","twitter_site":"@sunoresearch","twitter_misc":{"Escrito por":"Carlo Cauti","Est. tempo de leitura":"4 minutos"},"schema":{"@context":"https:\/\/schema.org","@graph":[{"@type":"NewsArticle","@id":"https:\/\/www.suno.com.br\/noticias\/em-video-carlos-ghosn-se-diz-inocente-e-denuncia-complo\/#article","isPartOf":{"@id":"https:\/\/www.suno.com.br\/noticias\/em-video-carlos-ghosn-se-diz-inocente-e-denuncia-complo\/"},"author":{"name":"Carlo Cauti","@id":"https:\/\/www.suno.com.br\/noticias\/#\/schema\/person\/e6e0f723cc177805027f4566c1d5e0c8"},"headline":"Em v\u00eddeo, Carlos Ghosn se diz inocente e denuncia compl\u00f4","datePublished":"2019-04-09T21:01:40+00:00","dateModified":"2019-04-09T21:11:48+00:00","mainEntityOfPage":{"@id":"https:\/\/www.suno.com.br\/noticias\/em-video-carlos-ghosn-se-diz-inocente-e-denuncia-complo\/"},"wordCount":742,"publisher":{"@id":"https:\/\/www.suno.com.br\/noticias\/#organization"},"image":{"@id":"https:\/\/www.suno.com.br\/noticias\/em-video-carlos-ghosn-se-diz-inocente-e-denuncia-complo\/#primaryimage"},"thumbnailUrl":"https:\/\/files.sunoresearch.com.br\/n\/uploads\/2019\/04\/9385762c-carlos-ghosn-jpg.webp","keywords":["Carlos Ghosn","Jap\u00e3o","Nissan","Renault"],"articleSection":["Neg\u00f3cios"],"inLanguage":"pt-BR"},{"@type":"WebPage","@id":"https:\/\/www.suno.com.br\/noticias\/em-video-carlos-ghosn-se-diz-inocente-e-denuncia-complo\/","url":"https:\/\/www.suno.com.br\/noticias\/em-video-carlos-ghosn-se-diz-inocente-e-denuncia-complo\/","name":"Em v\u00eddeo, Carlos Ghosn se diz inocente e denuncia compl\u00f4","isPartOf":{"@id":"https:\/\/www.suno.com.br\/noticias\/#website"},"primaryImageOfPage":{"@id":"https:\/\/www.suno.com.br\/noticias\/em-video-carlos-ghosn-se-diz-inocente-e-denuncia-complo\/#primaryimage"},"image":{"@id":"https:\/\/www.suno.com.br\/noticias\/em-video-carlos-ghosn-se-diz-inocente-e-denuncia-complo\/#primaryimage"},"thumbnailUrl":"https:\/\/files.sunoresearch.com.br\/n\/uploads\/2019\/04\/9385762c-carlos-ghosn-jpg.webp","datePublished":"2019-04-09T21:01:40+00:00","dateModified":"2019-04-09T21:11:48+00:00","description":"O ex-presidente da Renault-Nissan, Carlos Ghosn, gravou um v\u00eddeo salientando sua inoc\u00eancia.Clique aqui para saber mais.","breadcrumb":{"@id":"https:\/\/www.suno.com.br\/noticias\/em-video-carlos-ghosn-se-diz-inocente-e-denuncia-complo\/#breadcrumb"},"inLanguage":"pt-BR","potentialAction":[{"@type":"ReadAction","target":["https:\/\/www.suno.com.br\/noticias\/em-video-carlos-ghosn-se-diz-inocente-e-denuncia-complo\/"]}]},{"@type":"ImageObject","inLanguage":"pt-BR","@id":"https:\/\/www.suno.com.br\/noticias\/em-video-carlos-ghosn-se-diz-inocente-e-denuncia-complo\/#primaryimage","url":"https:\/\/files.sunoresearch.com.br\/n\/uploads\/2019\/04\/9385762c-carlos-ghosn-jpg.webp","contentUrl":"https:\/\/files.sunoresearch.com.br\/n\/uploads\/2019\/04\/9385762c-carlos-ghosn-jpg.webp","width":1024,"height":578,"caption":"Carlos Ghosn"},{"@type":"BreadcrumbList","@id":"https:\/\/www.suno.com.br\/noticias\/em-video-carlos-ghosn-se-diz-inocente-e-denuncia-complo\/#breadcrumb","itemListElement":[{"@type":"ListItem","position":1,"name":"Not\u00edcias","item":"https:\/\/www.suno.com.br\/noticias\/"},{"@type":"ListItem","position":2,"name":"Neg\u00f3cios","item":"https:\/\/www.suno.com.br\/noticias\/negocios\/"},{"@type":"ListItem","position":3,"name":"Em v\u00eddeo, Carlos Ghosn se diz inocente e denuncia compl\u00f4"}]},{"@type":"WebSite","@id":"https:\/\/www.suno.com.br\/noticias\/#website","url":"https:\/\/www.suno.com.br\/noticias\/","name":"Suno Not\u00edcias","description":"Seu portal de informa\u00e7\u00e3o sobre o mundo dos investimentos","publisher":{"@id":"https:\/\/www.suno.com.br\/noticias\/#organization"},"potentialAction":[{"@type":"SearchAction","target":{"@type":"EntryPoint","urlTemplate":"https:\/\/www.suno.com.br\/noticias\/?s={search_term_string}"},"query-input":{"@type":"PropertyValueSpecification","valueRequired":true,"valueName":"search_term_string"}}],"inLanguage":"pt-BR"},{"@type":"Organization","@id":"https:\/\/www.suno.com.br\/noticias\/#organization","name":"Suno Not\u00edcias","url":"https:\/\/www.suno.com.br\/noticias\/","logo":{"@type":"ImageObject","inLanguage":"pt-BR","@id":"https:\/\/www.suno.com.br\/noticias\/#\/schema\/logo\/image\/","url":"https:\/\/files.sunoresearch.com.br\/n\/uploads\/2021\/09\/suno-logo.png","contentUrl":"https:\/\/files.sunoresearch.com.br\/n\/uploads\/2021\/09\/suno-logo.png","width":180,"height":180,"caption":"Suno Not\u00edcias"},"image":{"@id":"https:\/\/www.suno.com.br\/noticias\/#\/schema\/logo\/image\/"},"sameAs":["https:\/\/facebook.com\/sunoresearch","https:\/\/x.com\/sunoresearch","https:\/\/www.instagram.com\/suno","https:\/\/www.linkedin.com\/company\/suno-research\/","https:\/\/www.youtube.com\/c\/sunoresearch"]},{"@type":"Person","@id":"https:\/\/www.suno.com.br\/noticias\/#\/schema\/person\/e6e0f723cc177805027f4566c1d5e0c8","name":"Carlo Cauti","image":{"@type":"ImageObject","inLanguage":"pt-BR","@id":"https:\/\/www.suno.com.br\/noticias\/#\/schema\/person\/image\/","url":"https:\/\/secure.gravatar.com\/avatar\/3ada9e0bd164c23abd4792a9606d583c?s=96&r=g","contentUrl":"https:\/\/secure.gravatar.com\/avatar\/3ada9e0bd164c23abd4792a9606d583c?s=96&r=g","caption":"Carlo Cauti"},"description":"Editor multim\u00eddia do SUNO Not\u00edcias. Italiano, formado em Ci\u00eancias Pol\u00edticas pela universidade LUISS G. Carli de Roma e mestre cum laude em Rela\u00e7\u00f5es Internacionais, Jornalismo Internacional e de Guerra e em Economia Internacional. Concluiu tamb\u00e9m um MBA em Finan\u00e7as na B3. No Brasil, teve passagem por ve\u00edculos como Estad\u00e3o, Globo, Veja e EXAME. e nas ag\u00eancias de not\u00edcias italianas ANSA e NOVA.","url":"https:\/\/www.suno.com.br\/noticias\/author\/carlo-cauti\/"}]}},"default_loop_html":"<div class=\"cardsPage__listCard__boxs\"><div class=\"cardsPage__listCard__boxs__img\"><a href=\"https:\/\/www.suno.com.br\/noticias\/em-video-carlos-ghosn-se-diz-inocente-e-denuncia-complo\/\"><img class=\"mask\" src=\"https:\/\/www.suno.com.br\/noticias\/wp-content\/themes\/suno\/resources\/images\/spotlight\/spotlight1img\/bg-mask.png\" alt=\"Image Mask\"\/><img src=\"https:\/\/files.sunoresearch.com.br\/n\/uploads\/2019\/04\/9385762c-carlos-ghosn-400x200.webp\" alt=\"Em v\u00eddeo, Carlos Ghosn se diz inocente e denuncia compl\u00f4\"\/><\/a><span class=\"spotlightCategory\"><a href=\"https:\/\/www.suno.com.br\/noticias\/negocios\/\">Neg\u00f3cios<\/a><\/span><\/div><div class=\"cardsPage__listCard__boxs__content\"><a href=\"https:\/\/www.suno.com.br\/noticias\/em-video-carlos-ghosn-se-diz-inocente-e-denuncia-complo\/\"><h2 class=\"content__title\">Em v\u00eddeo, Carlos Ghosn se diz inocente e denuncia compl\u00f4<\/h2><\/a><div class=\"newsContent__article__meta\"><div class=\"newsContent__article__meta__authorBox\"><a href=\"https:\/\/www.suno.com.br\/noticias\/author\/carlo-cauti\/\" class=\"authorBox__avatar noMobi\"><img src=\"https:\/\/files.sunoresearch.com.br\/n\/uploads\/2020\/08\/e3745f9a-perfil-carlo-cauti-150x150.webp\" alt=\"Carlo Cauti\"><\/a><div class=\"authorBox__name\"><span>por\n\t\t\t<a href=\"https:\/\/www.suno.com.br\/noticias\/author\/carlo-cauti\/\"><span itemprop=\"author\">Carlo Cauti<\/span><\/a><\/span><time datetime=\"2019-04-09T18:01:40-03:00\" itemprop=\"datePublished\">09\/04\/2019 18:01<\/time><\/div><\/div><\/div><\/div><\/div>","single_layout":"posts","amp_enabled":true,"_links":{"self":[{"href":"https:\/\/www.suno.com.br\/noticias\/wp-json\/wp\/v2\/posts\/20440"}],"collection":[{"href":"https:\/\/www.suno.com.br\/noticias\/wp-json\/wp\/v2\/posts"}],"about":[{"href":"https:\/\/www.suno.com.br\/noticias\/wp-json\/wp\/v2\/types\/post"}],"author":[{"embeddable":true,"href":"https:\/\/www.suno.com.br\/noticias\/wp-json\/wp\/v2\/users\/9"}],"replies":[{"embeddable":true,"href":"https:\/\/www.suno.com.br\/noticias\/wp-json\/wp\/v2\/comments?post=20440"}],"version-history":[{"count":0,"href":"https:\/\/www.suno.com.br\/noticias\/wp-json\/wp\/v2\/posts\/20440\/revisions"}],"wp:featuredmedia":[{"embeddable":true,"href":"https:\/\/www.suno.com.br\/noticias\/wp-json\/wp\/v2\/media\/20451"}],"wp:attachment":[{"href":"https:\/\/www.suno.com.br\/noticias\/wp-json\/wp\/v2\/media?parent=20440"}],"wp:term":[{"taxonomy":"category","embeddable":true,"href":"https:\/\/www.suno.com.br\/noticias\/wp-json\/wp\/v2\/categories?post=20440"},{"taxonomy":"post_tag","embeddable":true,"href":"https:\/\/www.suno.com.br\/noticias\/wp-json\/wp\/v2\/tags?post=20440"},{"taxonomy":"suno_strategy","embeddable":true,"href":"https:\/\/www.suno.com.br\/noticias\/wp-json\/wp\/v2\/suno_strategy?post=20440"}],"curies":[{"name":"wp","href":"https:\/\/api.w.org\/{rel}","templated":true}]}}