{"id":204380,"date":"2021-11-11T22:36:23","date_gmt":"2021-11-12T01:36:23","guid":{"rendered":"https:\/\/www.suno.com.br\/noticias\/?p=204380"},"modified":"2021-11-11T23:48:22","modified_gmt":"2021-11-12T02:48:22","slug":"lucro-sanepar-sapr11-sobe-3t21","status":"publish","type":"post","link":"https:\/\/www.suno.com.br\/noticias\/lucro-sanepar-sapr11-sobe-3t21\/","title":{"rendered":"Lucro da Sanepar (SAPR11) sobe 62,4% no 3T21 com aumento de receita e reajuste de tarifas"},"content":{"rendered":"<p>A <strong>Sanepar<\/strong> (SAPR11), Companhia de Saneamento do Paran\u00e1, divulgou nesta quinta (11) seus resultados do terceiro trimestre de 2021. A empresa apresentou <a class=\"suno-keyword\" href=\"https:\/\/www.suno.com.br\/artigos\/lucro-liquido\/\" target=\"_blank\" rel=\"noopener\" data-force=\"no\" data-priority=\"1\">lucro l\u00edquido<\/a> de R$ 267,3 milh\u00f5es, 62,4% maior que o resultado obtido no mesmo trimestre no ano anterior.<\/p>\t<div class=\"wrapper-featured-image\">\n\t\t<figure class=\"spotlightImg\">\n\n\t\t\t<picture>\n\t\t\t\t<source media=\"(max-width: 768px)\" srcset=\"https:\/\/files.sunoresearch.com.br\/n\/uploads\/2021\/01\/b6997562-sanepar-400x200.webp\">\n\t\t\t\t<img loading=\"lazy\" decoding=\"async\" class=\"newsContent__article__imgCapa lazyloadDisabled \" src=\"https:\/\/files.sunoresearch.com.br\/n\/uploads\/2021\/01\/b6997562-sanepar-800x450.webp\" width=\"800\" height=\"450\" alt=\"Lucro da Sanepar (SAPR11) sobe 62,4% no 3T21 com aumento de receita e reajuste de tarifas\" fetchpriority=high \/>\n\t\t\t<\/picture>\n\n\t\t\t<figcaption class=\"wp-caption-text wp-caption-text--show\">Sanepar (SAPR11). Foto: Divulga\u00e7\u00e3o<\/figcaption>\n\t\t<\/figure>\n\t<\/div>\n\n\n\t<p>\n\t\t<a href=\"https:\/\/lp.suno.com.br\/planilha-controle-gastos\/\" target=\"_blank\" data-element=\"shortcode-suno-banner\" title=\"Banner SUNO, clique e saiba mais\">\n\t\t\t<picture>\n\t\t\t\t<source media=\"(max-width: 500px)\" srcset=\"https:\/\/files.sunoresearch.com.br\/n\/uploads\/2023\/03\/400x300-Planilha-controle-de-gastos.png\">\n\t\t\t\t<img class=\"newsContent__article__imgCapa newsContent__article__imgCapa--banner\"\n\t\t\t\t\tsrc=\"https:\/\/files.sunoresearch.com.br\/n\/uploads\/2023\/03\/1420x240-Planilha-controle-de-gastos.png\"\n\t\t\t\t\tdata-promo-id=\"101751\"\t\t\t\t\t\t\t\t\t\twidth='1420' height='240'\t\t\t\t\talt=\"https:\/\/files.sunoresearch.com.br\/n\/uploads\/2023\/03\/1420x240-Planilha-controle-de-gastos.png\"\n\t\t\t\t>\n\t\t\t<\/picture>\n\t\t<\/a>\n\t<\/p>\n\n\n<p>O resultado da <a class=\"suno-keyword\" href=\"https:\/\/www.suno.com.br\/acoes\/SAPR11\/\" target=\"_blank\" rel=\"noopener\" data-force=\"yes\" data-priority=\"2\">Sanepar<\/a> foi impactado pelo crescimento de 13,3% da <a class=\"suno-keyword\" href=\"https:\/\/www.suno.com.br\/artigos\/receita-liquida-operacional\/\" target=\"_blank\" rel=\"noopener\" data-force=\"no\" data-priority=\"1\">receita operacional l\u00edquida<\/a> &#8212; passando de R$ 1,166 bilh\u00e3o de julho a setembro de 2020 para R$ 1,321 bilh\u00e3o nesse trimestre &#8211;, assim como pela redu\u00e7\u00e3o de 4,2% dos <a class=\"suno-keyword\" href=\"https:\/\/www.suno.com.br\/artigos\/custos-despesas\/\" target=\"_blank\" rel=\"noopener\" data-force=\"no\" data-priority=\"1\">custos e despesas<\/a> operacionais.<\/p>\n<p>O aumento na <strong>receita operacional l\u00edquida da Sanepar<\/strong> \u00e9 decorrente do reajuste tarif\u00e1rio de 5,11% a partir de 5 de fevereiro de 2021, revis\u00e3o de 5,77% desde 17 de maio, crescimento dos volumes faturados de \u00e1gua e esgoto e aumento no n\u00famero de liga\u00e7\u00f5es.<\/p>\n\t<p>\n\t\t<a href=\"\" target=\"_blank\" data-element=\"shortcode-suno-banner\" title=\"Banner SUNO, clique e saiba mais\">\n\t\t\t<picture>\n\t\t\t\t<source media=\"(max-width: 500px)\" srcset=\"\">\n\t\t\t\t<img class=\"newsContent__article__imgCapa newsContent__article__imgCapa--banner\"\n\t\t\t\t\tsrc=\"\"\n\t\t\t\t\tdata-promo-id=\"89005\"\t\t\t\t\t\t\t\t\t\t\t\t\t\t\talt=\"\"\n\t\t\t\t>\n\t\t\t<\/picture>\n\t\t<\/a>\n\t<\/p>\n\n\n<p>O Ebitda (lucro antes de juros, impostos, <a class=\"suno-keyword\" href=\"https:\/\/www.suno.com.br\/artigos\/depreciacao-amortizacao\/\" target=\"_blank\" rel=\"noopener\" data-force=\"no\" data-priority=\"1\">deprecia\u00e7\u00e3o e amortiza\u00e7\u00e3o<\/a>) chegou a R$ 592,1 milh\u00f5es, avan\u00e7o de 51% na compara\u00e7\u00e3o anual. J\u00e1 a <a class=\"suno-keyword\" href=\"https:\/\/www.suno.com.br\/artigos\/margem-ebitda\/\" target=\"_blank\" rel=\"noopener\" data-force=\"no\" data-priority=\"1\">margem Ebitda<\/a> registrada foi de 44,8%, ante 33,6% reportado no mesmo per\u00edodo do ano passado, recuo de 7,4 ponto porcentual.<\/p>\n<p>O desempenho do <strong>Ebitda da Sanepar<\/strong> ocorreu principalmente pelo crescimento de 13,3% da <a class=\"suno-keyword\" href=\"https:\/\/www.suno.com.br\/artigos\/o-que-receita-liquida\/\" target=\"_blank\" rel=\"noopener\" data-force=\"no\" data-priority=\"1\">receita l\u00edquida<\/a> e pela redu\u00e7\u00e3o de 5,8% dos custos e despesas que impactam o dado, segundo o release de resultados da empresa. A <a class=\"suno-keyword\" href=\"https:\/\/www.suno.com.br\/artigos\/geracao-de-caixa\/\" target=\"_blank\" rel=\"noopener\" data-force=\"no\" data-priority=\"1\">gera\u00e7\u00e3o de caixa<\/a> operacional do terceiro trimestre foi de R$ 562,3 milh\u00f5es, aumento de 34,5% ante o mesmo per\u00edodo do ano passado.<\/p>\n<p>A Sanepar informou um crescimento de 2,5% nas<strong> liga\u00e7\u00f5es de \u00e1gua<\/strong> na compara\u00e7\u00e3o anual, chegando a 3,330 milh\u00f5es, com 82.526 adi\u00e7\u00f5es. Enquanto isso, as de esgoto subiram 3,6% na mesma base comparativa, ao somar 2,361 milh\u00f5es. No per\u00edodo em quest\u00e3o, foram feitas 82.996 novas liga\u00e7\u00f5es desse tipo.<\/p>\n<p>O \u00edndice de <strong>alavancagem<\/strong>, medido pela rela\u00e7\u00e3o entre a <a class=\"suno-keyword\" href=\"https:\/\/www.suno.com.br\/artigos\/divida-liquida\/\" target=\"_blank\" rel=\"noopener\" data-force=\"no\" data-priority=\"1\">d\u00edvida l\u00edquida<\/a> e o Ebitda no acumulado de 12 meses permaneceu est\u00e1vel em 1,3 vez. Os custos e <a class=\"suno-keyword\" href=\"https:\/\/www.suno.com.br\/artigos\/despesas-operacionais\/\" target=\"_blank\" rel=\"noopener\" data-force=\"no\" data-priority=\"1\">despesas operacionais<\/a> passaram de R$ 866 milh\u00f5es para R$ 830 milh\u00f5es ano contra ano, queda de 4,2%.<\/p>\n\t<p>\n\t\t<a href=\"\" target=\"_blank\" data-element=\"shortcode-suno-banner\" title=\"Banner SUNO, clique e saiba mais\">\n\t\t\t<picture>\n\t\t\t\t<source media=\"(max-width: 500px)\" srcset=\"\">\n\t\t\t\t<img class=\"newsContent__article__imgCapa newsContent__article__imgCapa--banner\"\n\t\t\t\t\tsrc=\"\"\n\t\t\t\t\tdata-promo-id=\"77053\"\t\t\t\t\t\t\t\t\t\t\t\t\t\t\talt=\"\"\n\t\t\t\t>\n\t\t\t<\/picture>\n\t\t<\/a>\n\t<\/p>\n\n\n<h2>Sanepar informa impacto da crise h\u00eddrica<\/h2>\n<p>O comunicado da empresa de saneamento diz ainda que, devido ao baixo volume de reserva\u00e7\u00e3o e escassez de chuva, est\u00e1 praticando, como a\u00e7\u00e3o mitigadora, rod\u00edzio no abastecimento de \u00e1gua. Com a queda do n\u00edvel de reserva abaixo de 50%, foi retomado, a partir de 11 de agosto de 2021, o modelo anterior para o fornecimento de \u00e1gua em Curitiba e Regi\u00e3o Metropolitana. O per\u00edodo de abastecimento \u00e9 de 36 horas, com suspens\u00e3o de at\u00e9 36 horas.<\/p>\n<p>No fechamento do terceiro trimestre de 2021, a <strong>Sanepar<\/strong> reportou\u00a0 volume de reserva\u00e7\u00e3o do SAIC em 49,2%, n\u00edvel superior ao registrado no mesmo per\u00edodo do ano anterior (29,8%).<\/p>\n<p><em>(Com informa\u00e7\u00f5es da Ag\u00eancia Estado)<\/em><\/p>\n\t<p>\n\t\t<a href=\"https:\/\/lp.suno.com.br\/planilha-de-controle-de-investimentos\/\" target=\"_blank\" data-element=\"shortcode-suno-banner\" title=\"Banner SUNO, clique e saiba mais\">\n\t\t\t<picture>\n\t\t\t\t<source media=\"(max-width: 500px)\" srcset=\"https:\/\/files.sunoresearch.com.br\/n\/uploads\/2023\/03\/400x300-Controle-de-Investimentos.png\">\n\t\t\t\t<img class=\"newsContent__article__imgCapa newsContent__article__imgCapa--banner\"\n\t\t\t\t\tsrc=\"https:\/\/files.sunoresearch.com.br\/n\/uploads\/2023\/03\/1420x240-Controle-de-Investimentos.png\"\n\t\t\t\t\tdata-promo-id=\"75934\"\t\t\t\t\t\t\t\t\t\twidth='1420' height='240'\t\t\t\t\talt=\"https:\/\/files.sunoresearch.com.br\/n\/uploads\/2023\/03\/1420x240-Controle-de-Investimentos.png\"\n\t\t\t\t>\n\t\t\t<\/picture>\n\t\t<\/a>\n\t<\/p>\n\n\n","protected":false},"excerpt":{"rendered":"<p>A Sanepar (SAPR11), Companhia de Saneamento do Paran\u00e1, divulgou nesta quinta (11) seus resultados do terceiro trimestre de 2021. A empresa apresentou lucro l\u00edquido de R$ 267,3 milh\u00f5es, 62,4% maior que o resultado obtido no mesmo trimestre no ano anterior. Sanepar (SAPR11). Foto: Divulga\u00e7\u00e3o O resultado da Sanepar foi impactado pelo crescimento de 13,3% da [&hellip;]<\/p>\n","protected":false},"author":118,"featured_media":117153,"comment_status":"closed","ping_status":"closed","sticky":false,"template":"","format":"standard","meta":[],"categories":[64],"tags":[1029,622],"suno_strategy":[],"class_list":["post-204380","post","type-post","status-publish","format-standard","has-post-thumbnail","hentry","category-negocios","tag-balancos-trimestrais","tag-sanepar-sapr11-sapr3-sapr4"],"yoast_head":"<!-- This site is optimized with the Yoast SEO plugin v24.4 - https:\/\/yoast.com\/wordpress\/plugins\/seo\/ -->\n<title>Lucro da Sanepar (SAPR11) sobe 62,4% no 3T21<\/title>\n<meta name=\"description\" content=\"A Sanepar (SAPR11), Companhia de Saneamento do Paran\u00e1, divulgou nesta quinta (11) seus resultados referentes ao terceiro...Saiba mais\" \/>\n<meta name=\"robots\" content=\"index, follow, max-snippet:-1, max-image-preview:large, max-video-preview:-1\" \/>\n<link rel=\"canonical\" href=\"https:\/\/www.suno.com.br\/noticias\/lucro-sanepar-sapr11-sobe-3t21\/\" \/>\n<meta property=\"og:locale\" content=\"pt_BR\" \/>\n<meta property=\"og:type\" content=\"article\" \/>\n<meta property=\"og:title\" content=\"Lucro da Sanepar (SAPR11) sobe 62,4% no 3T21\" \/>\n<meta property=\"og:description\" content=\"A Sanepar (SAPR11), Companhia de Saneamento do Paran\u00e1, divulgou nesta quinta (11) seus resultados referentes ao terceiro...Saiba mais\" \/>\n<meta property=\"og:url\" content=\"https:\/\/www.suno.com.br\/noticias\/lucro-sanepar-sapr11-sobe-3t21\/\" \/>\n<meta property=\"og:site_name\" content=\"Suno Not\u00edcias\" \/>\n<meta property=\"article:publisher\" content=\"https:\/\/facebook.com\/sunoresearch\" \/>\n<meta property=\"og:image\" content=\"https:\/\/files.sunoresearch.com.br\/n\/uploads\/2021\/01\/b6997562-sanepar.jpg\" \/>\n\t<meta property=\"og:image:width\" content=\"1280\" \/>\n\t<meta property=\"og:image:height\" content=\"853\" \/>\n\t<meta property=\"og:image:type\" content=\"image\/jpeg\" \/>\n<meta name=\"author\" content=\"Bruno Galv\u00e3o\" \/>\n<meta name=\"twitter:card\" content=\"summary_large_image\" \/>\n<meta name=\"twitter:creator\" content=\"@sunoresearch\" \/>\n<meta name=\"twitter:site\" content=\"@sunoresearch\" \/>\n<meta name=\"twitter:label1\" content=\"Escrito por\" \/>\n\t<meta name=\"twitter:data1\" content=\"Bruno Galv\u00e3o\" \/>\n\t<meta name=\"twitter:label2\" content=\"Est. tempo de leitura\" \/>\n\t<meta name=\"twitter:data2\" content=\"2 minutos\" \/>\n<script type=\"application\/ld+json\" class=\"yoast-schema-graph\">{\"@context\":\"https:\/\/schema.org\",\"@graph\":[{\"@type\":\"NewsArticle\",\"@id\":\"https:\/\/www.suno.com.br\/noticias\/lucro-sanepar-sapr11-sobe-3t21\/#article\",\"isPartOf\":{\"@id\":\"https:\/\/www.suno.com.br\/noticias\/lucro-sanepar-sapr11-sobe-3t21\/\"},\"author\":{\"name\":\"Bruno Galv\u00e3o\",\"@id\":\"https:\/\/www.suno.com.br\/noticias\/#\/schema\/person\/06f0d962a6b1c54852e4860f16935600\"},\"headline\":\"Lucro da Sanepar (SAPR11) sobe 62,4% no 3T21 com aumento de receita e reajuste de tarifas\",\"datePublished\":\"2021-11-12T01:36:23+00:00\",\"dateModified\":\"2021-11-12T02:48:22+00:00\",\"mainEntityOfPage\":{\"@id\":\"https:\/\/www.suno.com.br\/noticias\/lucro-sanepar-sapr11-sobe-3t21\/\"},\"wordCount\":467,\"publisher\":{\"@id\":\"https:\/\/www.suno.com.br\/noticias\/#organization\"},\"image\":{\"@id\":\"https:\/\/www.suno.com.br\/noticias\/lucro-sanepar-sapr11-sobe-3t21\/#primaryimage\"},\"thumbnailUrl\":\"https:\/\/files.sunoresearch.com.br\/n\/uploads\/2021\/01\/b6997562-sanepar-jpg.webp\",\"keywords\":[\"balan\u00e7os trimestrais\",\"Sanepar (SAPR11\/SAPR3\/SAPR4)\"],\"articleSection\":[\"Neg\u00f3cios\"],\"inLanguage\":\"pt-BR\"},{\"@type\":\"WebPage\",\"@id\":\"https:\/\/www.suno.com.br\/noticias\/lucro-sanepar-sapr11-sobe-3t21\/\",\"url\":\"https:\/\/www.suno.com.br\/noticias\/lucro-sanepar-sapr11-sobe-3t21\/\",\"name\":\"Lucro da Sanepar (SAPR11) sobe 62,4% no 3T21\",\"isPartOf\":{\"@id\":\"https:\/\/www.suno.com.br\/noticias\/#website\"},\"primaryImageOfPage\":{\"@id\":\"https:\/\/www.suno.com.br\/noticias\/lucro-sanepar-sapr11-sobe-3t21\/#primaryimage\"},\"image\":{\"@id\":\"https:\/\/www.suno.com.br\/noticias\/lucro-sanepar-sapr11-sobe-3t21\/#primaryimage\"},\"thumbnailUrl\":\"https:\/\/files.sunoresearch.com.br\/n\/uploads\/2021\/01\/b6997562-sanepar-jpg.webp\",\"datePublished\":\"2021-11-12T01:36:23+00:00\",\"dateModified\":\"2021-11-12T02:48:22+00:00\",\"description\":\"A Sanepar (SAPR11), Companhia de Saneamento do Paran\u00e1, divulgou nesta quinta (11) seus resultados referentes ao terceiro...Saiba mais\",\"breadcrumb\":{\"@id\":\"https:\/\/www.suno.com.br\/noticias\/lucro-sanepar-sapr11-sobe-3t21\/#breadcrumb\"},\"inLanguage\":\"pt-BR\",\"potentialAction\":[{\"@type\":\"ReadAction\",\"target\":[\"https:\/\/www.suno.com.br\/noticias\/lucro-sanepar-sapr11-sobe-3t21\/\"]}]},{\"@type\":\"ImageObject\",\"inLanguage\":\"pt-BR\",\"@id\":\"https:\/\/www.suno.com.br\/noticias\/lucro-sanepar-sapr11-sobe-3t21\/#primaryimage\",\"url\":\"https:\/\/files.sunoresearch.com.br\/n\/uploads\/2021\/01\/b6997562-sanepar-jpg.webp\",\"contentUrl\":\"https:\/\/files.sunoresearch.com.br\/n\/uploads\/2021\/01\/b6997562-sanepar-jpg.webp\",\"width\":1280,\"height\":853,\"caption\":\"Sanepar (SAPR11). Foto: Divulga\u00e7\u00e3o\"},{\"@type\":\"BreadcrumbList\",\"@id\":\"https:\/\/www.suno.com.br\/noticias\/lucro-sanepar-sapr11-sobe-3t21\/#breadcrumb\",\"itemListElement\":[{\"@type\":\"ListItem\",\"position\":1,\"name\":\"Not\u00edcias\",\"item\":\"https:\/\/www.suno.com.br\/noticias\/\"},{\"@type\":\"ListItem\",\"position\":2,\"name\":\"Neg\u00f3cios\",\"item\":\"https:\/\/www.suno.com.br\/noticias\/negocios\/\"},{\"@type\":\"ListItem\",\"position\":3,\"name\":\"Lucro da Sanepar (SAPR11) sobe 62,4% no 3T21 com aumento de receita e reajuste de tarifas\"}]},{\"@type\":\"WebSite\",\"@id\":\"https:\/\/www.suno.com.br\/noticias\/#website\",\"url\":\"https:\/\/www.suno.com.br\/noticias\/\",\"name\":\"Suno Not\u00edcias\",\"description\":\"Seu portal de informa\u00e7\u00e3o sobre o mundo dos investimentos\",\"publisher\":{\"@id\":\"https:\/\/www.suno.com.br\/noticias\/#organization\"},\"potentialAction\":[{\"@type\":\"SearchAction\",\"target\":{\"@type\":\"EntryPoint\",\"urlTemplate\":\"https:\/\/www.suno.com.br\/noticias\/?s={search_term_string}\"},\"query-input\":{\"@type\":\"PropertyValueSpecification\",\"valueRequired\":true,\"valueName\":\"search_term_string\"}}],\"inLanguage\":\"pt-BR\"},{\"@type\":\"Organization\",\"@id\":\"https:\/\/www.suno.com.br\/noticias\/#organization\",\"name\":\"Suno Not\u00edcias\",\"url\":\"https:\/\/www.suno.com.br\/noticias\/\",\"logo\":{\"@type\":\"ImageObject\",\"inLanguage\":\"pt-BR\",\"@id\":\"https:\/\/www.suno.com.br\/noticias\/#\/schema\/logo\/image\/\",\"url\":\"https:\/\/files.sunoresearch.com.br\/n\/uploads\/2021\/09\/suno-logo.png\",\"contentUrl\":\"https:\/\/files.sunoresearch.com.br\/n\/uploads\/2021\/09\/suno-logo.png\",\"width\":180,\"height\":180,\"caption\":\"Suno Not\u00edcias\"},\"image\":{\"@id\":\"https:\/\/www.suno.com.br\/noticias\/#\/schema\/logo\/image\/\"},\"sameAs\":[\"https:\/\/facebook.com\/sunoresearch\",\"https:\/\/x.com\/sunoresearch\",\"https:\/\/www.instagram.com\/suno\",\"https:\/\/www.linkedin.com\/company\/suno-research\/\",\"https:\/\/www.youtube.com\/c\/sunoresearch\"]},{\"@type\":\"Person\",\"@id\":\"https:\/\/www.suno.com.br\/noticias\/#\/schema\/person\/06f0d962a6b1c54852e4860f16935600\",\"name\":\"Bruno Galv\u00e3o\",\"image\":{\"@type\":\"ImageObject\",\"inLanguage\":\"pt-BR\",\"@id\":\"https:\/\/www.suno.com.br\/noticias\/#\/schema\/person\/image\/\",\"url\":\"https:\/\/secure.gravatar.com\/avatar\/53598df0b41c00f12f287a912d0e918e?s=96&r=g\",\"contentUrl\":\"https:\/\/secure.gravatar.com\/avatar\/53598df0b41c00f12f287a912d0e918e?s=96&r=g\",\"caption\":\"Bruno Galv\u00e3o\"},\"description\":\"Escreve para o portal Suno Not\u00edcias. \u00c9 estudante de Jornalismo pela Faculdade C\u00e1sper L\u00edbero e Letras pela USP. Entusiasta de tecnologia e intelig\u00eancia artificial.\",\"url\":\"https:\/\/www.suno.com.br\/noticias\/author\/bruno-garcia\/\"}]}<\/script>\n<!-- \/ Yoast SEO plugin. -->","yoast_head_json":{"title":"Lucro da Sanepar (SAPR11) sobe 62,4% no 3T21","description":"A Sanepar (SAPR11), Companhia de Saneamento do Paran\u00e1, divulgou nesta quinta (11) seus resultados referentes ao terceiro...Saiba mais","robots":{"index":"index","follow":"follow","max-snippet":"max-snippet:-1","max-image-preview":"max-image-preview:large","max-video-preview":"max-video-preview:-1"},"canonical":"https:\/\/www.suno.com.br\/noticias\/lucro-sanepar-sapr11-sobe-3t21\/","og_locale":"pt_BR","og_type":"article","og_title":"Lucro da Sanepar (SAPR11) sobe 62,4% no 3T21","og_description":"A Sanepar (SAPR11), Companhia de Saneamento do Paran\u00e1, divulgou nesta quinta (11) seus resultados referentes ao terceiro...Saiba mais","og_url":"https:\/\/www.suno.com.br\/noticias\/lucro-sanepar-sapr11-sobe-3t21\/","og_site_name":"Suno Not\u00edcias","article_publisher":"https:\/\/facebook.com\/sunoresearch","og_image":[{"width":1280,"height":853,"url":"https:\/\/files.sunoresearch.com.br\/n\/uploads\/2021\/01\/b6997562-sanepar.jpg","type":"image\/jpeg"}],"author":"Bruno Galv\u00e3o","twitter_card":"summary_large_image","twitter_creator":"@sunoresearch","twitter_site":"@sunoresearch","twitter_misc":{"Escrito por":"Bruno Galv\u00e3o","Est. tempo de leitura":"2 minutos"},"schema":{"@context":"https:\/\/schema.org","@graph":[{"@type":"NewsArticle","@id":"https:\/\/www.suno.com.br\/noticias\/lucro-sanepar-sapr11-sobe-3t21\/#article","isPartOf":{"@id":"https:\/\/www.suno.com.br\/noticias\/lucro-sanepar-sapr11-sobe-3t21\/"},"author":{"name":"Bruno Galv\u00e3o","@id":"https:\/\/www.suno.com.br\/noticias\/#\/schema\/person\/06f0d962a6b1c54852e4860f16935600"},"headline":"Lucro da Sanepar (SAPR11) sobe 62,4% no 3T21 com aumento de receita e reajuste de tarifas","datePublished":"2021-11-12T01:36:23+00:00","dateModified":"2021-11-12T02:48:22+00:00","mainEntityOfPage":{"@id":"https:\/\/www.suno.com.br\/noticias\/lucro-sanepar-sapr11-sobe-3t21\/"},"wordCount":467,"publisher":{"@id":"https:\/\/www.suno.com.br\/noticias\/#organization"},"image":{"@id":"https:\/\/www.suno.com.br\/noticias\/lucro-sanepar-sapr11-sobe-3t21\/#primaryimage"},"thumbnailUrl":"https:\/\/files.sunoresearch.com.br\/n\/uploads\/2021\/01\/b6997562-sanepar-jpg.webp","keywords":["balan\u00e7os trimestrais","Sanepar (SAPR11\/SAPR3\/SAPR4)"],"articleSection":["Neg\u00f3cios"],"inLanguage":"pt-BR"},{"@type":"WebPage","@id":"https:\/\/www.suno.com.br\/noticias\/lucro-sanepar-sapr11-sobe-3t21\/","url":"https:\/\/www.suno.com.br\/noticias\/lucro-sanepar-sapr11-sobe-3t21\/","name":"Lucro da Sanepar (SAPR11) sobe 62,4% no 3T21","isPartOf":{"@id":"https:\/\/www.suno.com.br\/noticias\/#website"},"primaryImageOfPage":{"@id":"https:\/\/www.suno.com.br\/noticias\/lucro-sanepar-sapr11-sobe-3t21\/#primaryimage"},"image":{"@id":"https:\/\/www.suno.com.br\/noticias\/lucro-sanepar-sapr11-sobe-3t21\/#primaryimage"},"thumbnailUrl":"https:\/\/files.sunoresearch.com.br\/n\/uploads\/2021\/01\/b6997562-sanepar-jpg.webp","datePublished":"2021-11-12T01:36:23+00:00","dateModified":"2021-11-12T02:48:22+00:00","description":"A Sanepar (SAPR11), Companhia de Saneamento do Paran\u00e1, divulgou nesta quinta (11) seus resultados referentes ao terceiro...Saiba mais","breadcrumb":{"@id":"https:\/\/www.suno.com.br\/noticias\/lucro-sanepar-sapr11-sobe-3t21\/#breadcrumb"},"inLanguage":"pt-BR","potentialAction":[{"@type":"ReadAction","target":["https:\/\/www.suno.com.br\/noticias\/lucro-sanepar-sapr11-sobe-3t21\/"]}]},{"@type":"ImageObject","inLanguage":"pt-BR","@id":"https:\/\/www.suno.com.br\/noticias\/lucro-sanepar-sapr11-sobe-3t21\/#primaryimage","url":"https:\/\/files.sunoresearch.com.br\/n\/uploads\/2021\/01\/b6997562-sanepar-jpg.webp","contentUrl":"https:\/\/files.sunoresearch.com.br\/n\/uploads\/2021\/01\/b6997562-sanepar-jpg.webp","width":1280,"height":853,"caption":"Sanepar (SAPR11). Foto: Divulga\u00e7\u00e3o"},{"@type":"BreadcrumbList","@id":"https:\/\/www.suno.com.br\/noticias\/lucro-sanepar-sapr11-sobe-3t21\/#breadcrumb","itemListElement":[{"@type":"ListItem","position":1,"name":"Not\u00edcias","item":"https:\/\/www.suno.com.br\/noticias\/"},{"@type":"ListItem","position":2,"name":"Neg\u00f3cios","item":"https:\/\/www.suno.com.br\/noticias\/negocios\/"},{"@type":"ListItem","position":3,"name":"Lucro da Sanepar (SAPR11) sobe 62,4% no 3T21 com aumento de receita e reajuste de tarifas"}]},{"@type":"WebSite","@id":"https:\/\/www.suno.com.br\/noticias\/#website","url":"https:\/\/www.suno.com.br\/noticias\/","name":"Suno Not\u00edcias","description":"Seu portal de informa\u00e7\u00e3o sobre o mundo dos investimentos","publisher":{"@id":"https:\/\/www.suno.com.br\/noticias\/#organization"},"potentialAction":[{"@type":"SearchAction","target":{"@type":"EntryPoint","urlTemplate":"https:\/\/www.suno.com.br\/noticias\/?s={search_term_string}"},"query-input":{"@type":"PropertyValueSpecification","valueRequired":true,"valueName":"search_term_string"}}],"inLanguage":"pt-BR"},{"@type":"Organization","@id":"https:\/\/www.suno.com.br\/noticias\/#organization","name":"Suno Not\u00edcias","url":"https:\/\/www.suno.com.br\/noticias\/","logo":{"@type":"ImageObject","inLanguage":"pt-BR","@id":"https:\/\/www.suno.com.br\/noticias\/#\/schema\/logo\/image\/","url":"https:\/\/files.sunoresearch.com.br\/n\/uploads\/2021\/09\/suno-logo.png","contentUrl":"https:\/\/files.sunoresearch.com.br\/n\/uploads\/2021\/09\/suno-logo.png","width":180,"height":180,"caption":"Suno Not\u00edcias"},"image":{"@id":"https:\/\/www.suno.com.br\/noticias\/#\/schema\/logo\/image\/"},"sameAs":["https:\/\/facebook.com\/sunoresearch","https:\/\/x.com\/sunoresearch","https:\/\/www.instagram.com\/suno","https:\/\/www.linkedin.com\/company\/suno-research\/","https:\/\/www.youtube.com\/c\/sunoresearch"]},{"@type":"Person","@id":"https:\/\/www.suno.com.br\/noticias\/#\/schema\/person\/06f0d962a6b1c54852e4860f16935600","name":"Bruno Galv\u00e3o","image":{"@type":"ImageObject","inLanguage":"pt-BR","@id":"https:\/\/www.suno.com.br\/noticias\/#\/schema\/person\/image\/","url":"https:\/\/secure.gravatar.com\/avatar\/53598df0b41c00f12f287a912d0e918e?s=96&r=g","contentUrl":"https:\/\/secure.gravatar.com\/avatar\/53598df0b41c00f12f287a912d0e918e?s=96&r=g","caption":"Bruno Galv\u00e3o"},"description":"Escreve para o portal Suno Not\u00edcias. \u00c9 estudante de Jornalismo pela Faculdade C\u00e1sper L\u00edbero e Letras pela USP. Entusiasta de tecnologia e intelig\u00eancia artificial.","url":"https:\/\/www.suno.com.br\/noticias\/author\/bruno-garcia\/"}]}},"default_loop_html":"<div class=\"cardsPage__listCard__boxs\"><div class=\"cardsPage__listCard__boxs__img\"><a href=\"https:\/\/www.suno.com.br\/noticias\/lucro-sanepar-sapr11-sobe-3t21\/\"><img class=\"mask\" src=\"https:\/\/www.suno.com.br\/noticias\/wp-content\/themes\/suno\/resources\/images\/spotlight\/spotlight1img\/bg-mask.png\" alt=\"Image Mask\"\/><img src=\"https:\/\/files.sunoresearch.com.br\/n\/uploads\/2021\/01\/b6997562-sanepar-400x200.webp\" alt=\"Lucro da Sanepar (SAPR11) sobe 62,4% no 3T21 com aumento de receita e reajuste de tarifas\"\/><\/a><span class=\"spotlightCategory\"><a href=\"https:\/\/www.suno.com.br\/noticias\/negocios\/\">Neg\u00f3cios<\/a><\/span><\/div><div class=\"cardsPage__listCard__boxs__content\"><a href=\"https:\/\/www.suno.com.br\/noticias\/lucro-sanepar-sapr11-sobe-3t21\/\"><h2 class=\"content__title\">Lucro da Sanepar (SAPR11) sobe 62,4% no 3T21 com aumento de receita e reajuste de tarifas<\/h2><\/a><div class=\"newsContent__article__meta\"><div class=\"newsContent__article__meta__authorBox\"><a href=\"https:\/\/www.suno.com.br\/noticias\/author\/bruno-garcia\/\" class=\"authorBox__avatar noMobi\"><img src=\"https:\/\/secure.gravatar.com\/avatar\/53598df0b41c00f12f287a912d0e918e?s=96&#038;r=g\" alt=\"Bruno Galv\u00e3o\"><\/a><div class=\"authorBox__name\"><span>por\n\t\t\t<a href=\"https:\/\/www.suno.com.br\/noticias\/author\/bruno-garcia\/\"><span itemprop=\"author\">Bruno Galv\u00e3o<\/span><\/a><\/span><time datetime=\"2021-11-11T22:36:23-03:00\" itemprop=\"datePublished\">11\/11\/2021 22:36<\/time><\/div><\/div><\/div><\/div><\/div>","single_layout":"posts","amp_enabled":true,"_links":{"self":[{"href":"https:\/\/www.suno.com.br\/noticias\/wp-json\/wp\/v2\/posts\/204380"}],"collection":[{"href":"https:\/\/www.suno.com.br\/noticias\/wp-json\/wp\/v2\/posts"}],"about":[{"href":"https:\/\/www.suno.com.br\/noticias\/wp-json\/wp\/v2\/types\/post"}],"author":[{"embeddable":true,"href":"https:\/\/www.suno.com.br\/noticias\/wp-json\/wp\/v2\/users\/118"}],"replies":[{"embeddable":true,"href":"https:\/\/www.suno.com.br\/noticias\/wp-json\/wp\/v2\/comments?post=204380"}],"version-history":[{"count":4,"href":"https:\/\/www.suno.com.br\/noticias\/wp-json\/wp\/v2\/posts\/204380\/revisions"}],"predecessor-version":[{"id":204492,"href":"https:\/\/www.suno.com.br\/noticias\/wp-json\/wp\/v2\/posts\/204380\/revisions\/204492"}],"wp:featuredmedia":[{"embeddable":true,"href":"https:\/\/www.suno.com.br\/noticias\/wp-json\/wp\/v2\/media\/117153"}],"wp:attachment":[{"href":"https:\/\/www.suno.com.br\/noticias\/wp-json\/wp\/v2\/media?parent=204380"}],"wp:term":[{"taxonomy":"category","embeddable":true,"href":"https:\/\/www.suno.com.br\/noticias\/wp-json\/wp\/v2\/categories?post=204380"},{"taxonomy":"post_tag","embeddable":true,"href":"https:\/\/www.suno.com.br\/noticias\/wp-json\/wp\/v2\/tags?post=204380"},{"taxonomy":"suno_strategy","embeddable":true,"href":"https:\/\/www.suno.com.br\/noticias\/wp-json\/wp\/v2\/suno_strategy?post=204380"}],"curies":[{"name":"wp","href":"https:\/\/api.w.org\/{rel}","templated":true}]}}