{"id":20350,"date":"2019-04-09T08:28:39","date_gmt":"2019-04-09T11:28:39","guid":{"rendered":"https:\/\/www.suno.com.br\/noticias\/?p=20350"},"modified":"2019-04-09T12:52:33","modified_gmt":"2019-04-09T15:52:33","slug":"reforma-previdencia","status":"publish","type":"post","link":"https:\/\/www.suno.com.br\/noticias\/reforma-previdencia\/","title":{"rendered":"Relator da reforma da Previd\u00eancia apresentar\u00e1 o parecer na CCJ nesta ter\u00e7a-feira"},"content":{"rendered":"<p>O deputado e relator da reforma da Previd\u00eancia na Comiss\u00e3o de Constitui\u00e7\u00e3o e Justi\u00e7a (CCJ), Delegado Marcelo Freitas (PSL), apresentar\u00e1 o documento que trata as mudan\u00e7as nas regras de aposentadoria nesta ter\u00e7a-feira (9).<\/p>\t<div class=\"wrapper-featured-image\">\n\t\t<figure class=\"spotlightImg\">\n\n\t\t\t<picture>\n\t\t\t\t<source media=\"(max-width: 768px)\" srcset=\"https:\/\/files.sunoresearch.com.br\/n\/uploads\/2019\/04\/e106127f-delegado-marcelo-freitas-reforma-previd\u00eancia-400x200.webp\">\n\t\t\t\t<img loading=\"lazy\" decoding=\"async\" class=\"newsContent__article__imgCapa lazyloadDisabled newsContent__article__imgCapa--noCaption\" src=\"https:\/\/files.sunoresearch.com.br\/n\/uploads\/2019\/04\/e106127f-delegado-marcelo-freitas-reforma-previd\u00eancia-jpg.webp\" width=\"800\" height=\"450\" alt=\"Relator da reforma da Previd\u00eancia apresentar\u00e1 o parecer na CCJ nesta ter\u00e7a-feira\" fetchpriority=high \/>\n\t\t\t<\/picture>\n\n\t\t\t<figcaption class=\"wp-caption-text wp-caption-text--hide\">Delegado Marcelo Freitas - Relator da reforma da Previd\u00eancia.<\/figcaption>\n\t\t<\/figure>\n\t<\/div>\n\n\n<p>A reuni\u00e3o da <strong>reforma da Previd\u00eancia<\/strong> da <strong>CCJ<\/strong> est\u00e1 prevista para come\u00e7ar \u00e0s 14h30. Nessa reuni\u00e3o, os deputados ir\u00e3o analisar se a <strong>proposta de emenda \u00e0 Constitui\u00e7\u00e3o (PEC)<\/strong> fere algum princ\u00edpio constitucional. No entanto, os opositores dever\u00e3o usar recursos que est\u00e3o previstos no Regimento Interno da C\u00e2mara com a finalidade de atrasar a leitura do parecer.<\/p>\n<p>[optin-monster-shortcode id=&#8221;npkxlwaleraa8psvnego&#8221;]<\/p>\n<p>A comiss\u00e3o pode votar o parecer nesta ter\u00e7a-feira, por\u00e9m, \u00e9 necess\u00e1rio mais tempo para an\u00e1lise, pelo prazo de no m\u00ednimo duas sess\u00f5es, tendo a vota\u00e7\u00e3o adiada para semana que vem.<\/p>\n<p>Caso seja aprovado, o texto passar\u00e1 para uma comiss\u00e3o especial que ser\u00e1 criada para discutir o m\u00e9rito.<\/p>\n<p>H\u00e1 pontos da <strong>PEC<\/strong> que causam diverg\u00eancia entre os parlamentares, dentre eles, o <strong>Beneficio de Presta\u00e7\u00e3o Continuada (BPC),<\/strong> a aposentadoria rural e o <strong>sistema de capitaliza\u00e7\u00e3o.\u00a0<\/strong><\/p>\n<p><a href=\"https:\/\/www.suno.com.br\/noticias\/dolar-fecha-baixa-previdencia\/\">Saiba Mais: D\u00f3lar fecha em baixa com aten\u00e7\u00f5es voltadas \u00e0 reforma da Previd\u00eancia\u00a0<\/a><\/p>\n<h2>Novas Propostas<\/h2>\n<p>A proposta de reforma da Previd\u00eancia antecipa a idade do BPC. Hoje, o Beneficio \u00e9 pago a partir de 65 anos, mas, de acordo com a proposta a idade min\u00edma ser\u00e1 60 anos. \u00c9 proposto tamb\u00e9m, que o valor inicial seja de R$400 para quem tem 60 anos, alcan\u00e7ando o valor de sal\u00e1rio m\u00ednimo (R$ 998) somente aos 70. Atualmente a quantia m\u00ednima \u00e9 um sal\u00e1rio m\u00ednimo, sem possibilidade de aumento.<\/p>\n<p><a href=\"https:\/\/www.suno.com.br\/noticias\/a-seguir-avancos-na-reforma-da-previdencia-e-no-embate-eua-vs-china\/\">Saiba Mais: A seguir: Avan\u00e7os na Reforma Da Previd\u00eancia e no embate EUA vs China<\/a><\/p>\n<p>De acordo com a nova proposta, para o produtor rural se aposentar ser\u00e1 necess\u00e1rio no m\u00ednimo ter 20 anos de contribui\u00e7\u00e3o. A idade min\u00edma para pedir aposentadoria continua a mesma para os homens, de 60 anos. Entretanto, para as mulheres poder\u00e1 subir de 55 anos para 60 anos.<\/p>\n<p>Al\u00e9m disso, a contribui\u00e7\u00e3o min\u00edma exigida pelo governo ser\u00e1 no valor de R$ 600 por ano. No entanto, conforme informou o governo federal, esse valor n\u00e3o dever\u00e1 cobrir o rombo de mais de R$ 100 bilh\u00f5es na Previd\u00eancia do Campo.<\/p>\n\t<p>\n\t\t<a href=\"https:\/\/lp.suno.com.br\/minicurso-valuation\/\" target=\"_blank\" data-element=\"shortcode-suno-banner\" title=\"Banner SUNO, clique e saiba mais\">\n\t\t\t<picture>\n\t\t\t\t<source media=\"(max-width: 500px)\" srcset=\"https:\/\/files.sunoresearch.com.br\/n\/uploads\/2023\/03\/400x300-Minicurso-Valuation.png\">\n\t\t\t\t<img class=\"newsContent__article__imgCapa newsContent__article__imgCapa--banner\"\n\t\t\t\t\tsrc=\"https:\/\/files.sunoresearch.com.br\/n\/uploads\/2023\/03\/1420x240-Minicurso-Valuation.png\"\n\t\t\t\t\tdata-promo-id=\"383160\"\t\t\t\t\t\t\t\t\t\twidth='1420' height='240'\t\t\t\t\talt=\"https:\/\/files.sunoresearch.com.br\/n\/uploads\/2023\/03\/1420x240-Minicurso-Valuation.png\"\n\t\t\t\t>\n\t\t\t<\/picture>\n\t\t<\/a>\n\t<\/p>\n\n\n<p>A proposta de capitaliza\u00e7\u00e3o \u00e9 uma esp\u00e9cie de poupan\u00e7a com o objetivo de garantir a aposentadoria do trabalhador no futuro atrav\u00e9s do investimento individualmente. O que desconversa com modelo atual, que \u00e9 o de reparti\u00e7\u00e3o, no qual quem contribui paga os benef\u00edcios de quem j\u00e1 est\u00e1 aposentado.<\/p>\n<p>Na \u00faltima quinta-feira (4), Freitas acompanhou o presidente Jair Bolsonaro com dirigentes pol\u00edticos e afirmou que a proposta da <strong>reforma da Previd\u00eancia<\/strong> ser\u00e1 aprovada no colegiado. &#8220;N\u00f3s vamos passar na CCJ com certeza&#8221;.<\/p>\n","protected":false},"excerpt":{"rendered":"<p>O deputado e relator da reforma da Previd\u00eancia na Comiss\u00e3o de Constitui\u00e7\u00e3o e Justi\u00e7a (CCJ), Delegado Marcelo Freitas (PSL), apresentar\u00e1 o documento que trata as mudan\u00e7as nas regras de aposentadoria nesta ter\u00e7a-feira (9). Delegado Marcelo Freitas &#8211; Relator da reforma da Previd\u00eancia. A reuni\u00e3o da reforma da Previd\u00eancia da CCJ est\u00e1 prevista para come\u00e7ar \u00e0s [&hellip;]<\/p>\n","protected":false},"author":15,"featured_media":20356,"comment_status":"closed","ping_status":"closed","sticky":false,"template":"","format":"standard","meta":[],"categories":[62],"tags":[940],"suno_strategy":[],"class_list":["post-20350","post","type-post","status-publish","format-standard","has-post-thumbnail","hentry","category-economia","tag-reforma-da-previdencia"],"yoast_head":"<!-- This site is optimized with the Yoast SEO plugin v24.4 - https:\/\/yoast.com\/wordpress\/plugins\/seo\/ -->\n<title>Relator da reforma da Previd\u00eancia deve apresentar parecer nesta ter\u00e7a<\/title>\n<meta name=\"description\" content=\"O relator da reforma da Previd\u00eancia na CCJ apresentar\u00e1 o texto com as mudan\u00e7as nas aposentadoria nesta ter\u00e7a (9). Clique aqui para saber mais.\" \/>\n<meta name=\"robots\" content=\"index, follow, max-snippet:-1, max-image-preview:large, max-video-preview:-1\" \/>\n<link rel=\"canonical\" href=\"https:\/\/www.suno.com.br\/noticias\/reforma-previdencia\/\" \/>\n<meta property=\"og:locale\" content=\"pt_BR\" \/>\n<meta property=\"og:type\" content=\"article\" \/>\n<meta property=\"og:title\" content=\"Relator da reforma da Previd\u00eancia deve apresentar parecer nesta ter\u00e7a\" \/>\n<meta property=\"og:description\" content=\"O relator da reforma da Previd\u00eancia na CCJ apresentar\u00e1 o texto com as mudan\u00e7as nas aposentadoria nesta ter\u00e7a (9). Clique aqui para saber mais.\" \/>\n<meta property=\"og:url\" content=\"https:\/\/www.suno.com.br\/noticias\/reforma-previdencia\/\" \/>\n<meta property=\"og:site_name\" content=\"Suno Not\u00edcias\" \/>\n<meta property=\"article:publisher\" content=\"https:\/\/facebook.com\/sunoresearch\" \/>\n<meta property=\"og:image\" content=\"https:\/\/files.sunoresearch.com.br\/n\/uploads\/2019\/04\/e106127f-delegado-marcelo-freitas-reforma-previd\u00eancia.jpg\" \/>\n\t<meta property=\"og:image:width\" content=\"768\" \/>\n\t<meta property=\"og:image:height\" content=\"512\" \/>\n\t<meta property=\"og:image:type\" content=\"image\/jpeg\" \/>\n<meta name=\"author\" content=\"Poliana Santos\" \/>\n<meta name=\"twitter:card\" content=\"summary_large_image\" \/>\n<meta name=\"twitter:creator\" content=\"@sunoresearch\" \/>\n<meta name=\"twitter:site\" content=\"@sunoresearch\" \/>\n<meta name=\"twitter:label1\" content=\"Escrito por\" \/>\n\t<meta name=\"twitter:data1\" content=\"Poliana Santos\" \/>\n\t<meta name=\"twitter:label2\" content=\"Est. tempo de leitura\" \/>\n\t<meta name=\"twitter:data2\" content=\"2 minutos\" \/>\n<script type=\"application\/ld+json\" class=\"yoast-schema-graph\">{\"@context\":\"https:\/\/schema.org\",\"@graph\":[{\"@type\":\"NewsArticle\",\"@id\":\"https:\/\/www.suno.com.br\/noticias\/reforma-previdencia\/#article\",\"isPartOf\":{\"@id\":\"https:\/\/www.suno.com.br\/noticias\/reforma-previdencia\/\"},\"author\":{\"name\":\"Poliana Santos\",\"@id\":\"https:\/\/www.suno.com.br\/noticias\/#\/schema\/person\/02ec1f752758247878a2bf4abee1aeda\"},\"headline\":\"Relator da reforma da Previd\u00eancia apresentar\u00e1 o parecer na CCJ nesta ter\u00e7a-feira\",\"datePublished\":\"2019-04-09T11:28:39+00:00\",\"dateModified\":\"2019-04-09T15:52:33+00:00\",\"mainEntityOfPage\":{\"@id\":\"https:\/\/www.suno.com.br\/noticias\/reforma-previdencia\/\"},\"wordCount\":493,\"publisher\":{\"@id\":\"https:\/\/www.suno.com.br\/noticias\/#organization\"},\"image\":{\"@id\":\"https:\/\/www.suno.com.br\/noticias\/reforma-previdencia\/#primaryimage\"},\"thumbnailUrl\":\"https:\/\/files.sunoresearch.com.br\/n\/uploads\/2019\/04\/e106127f-delegado-marcelo-freitas-reforma-previd\u00eancia-jpg.webp\",\"keywords\":[\"Reforma da Previd\u00eancia\"],\"articleSection\":[\"Economia\"],\"inLanguage\":\"pt-BR\"},{\"@type\":\"WebPage\",\"@id\":\"https:\/\/www.suno.com.br\/noticias\/reforma-previdencia\/\",\"url\":\"https:\/\/www.suno.com.br\/noticias\/reforma-previdencia\/\",\"name\":\"Relator da reforma da Previd\u00eancia deve apresentar parecer nesta ter\u00e7a\",\"isPartOf\":{\"@id\":\"https:\/\/www.suno.com.br\/noticias\/#website\"},\"primaryImageOfPage\":{\"@id\":\"https:\/\/www.suno.com.br\/noticias\/reforma-previdencia\/#primaryimage\"},\"image\":{\"@id\":\"https:\/\/www.suno.com.br\/noticias\/reforma-previdencia\/#primaryimage\"},\"thumbnailUrl\":\"https:\/\/files.sunoresearch.com.br\/n\/uploads\/2019\/04\/e106127f-delegado-marcelo-freitas-reforma-previd\u00eancia-jpg.webp\",\"datePublished\":\"2019-04-09T11:28:39+00:00\",\"dateModified\":\"2019-04-09T15:52:33+00:00\",\"description\":\"O relator da reforma da Previd\u00eancia na CCJ apresentar\u00e1 o texto com as mudan\u00e7as nas aposentadoria nesta ter\u00e7a (9). Clique aqui para saber mais.\",\"breadcrumb\":{\"@id\":\"https:\/\/www.suno.com.br\/noticias\/reforma-previdencia\/#breadcrumb\"},\"inLanguage\":\"pt-BR\",\"potentialAction\":[{\"@type\":\"ReadAction\",\"target\":[\"https:\/\/www.suno.com.br\/noticias\/reforma-previdencia\/\"]}]},{\"@type\":\"ImageObject\",\"inLanguage\":\"pt-BR\",\"@id\":\"https:\/\/www.suno.com.br\/noticias\/reforma-previdencia\/#primaryimage\",\"url\":\"https:\/\/files.sunoresearch.com.br\/n\/uploads\/2019\/04\/e106127f-delegado-marcelo-freitas-reforma-previd\u00eancia-jpg.webp\",\"contentUrl\":\"https:\/\/files.sunoresearch.com.br\/n\/uploads\/2019\/04\/e106127f-delegado-marcelo-freitas-reforma-previd\u00eancia-jpg.webp\",\"width\":768,\"height\":512,\"caption\":\"Delegado Marcelo Freitas - Relator da reforma da Previd\u00eancia.\"},{\"@type\":\"BreadcrumbList\",\"@id\":\"https:\/\/www.suno.com.br\/noticias\/reforma-previdencia\/#breadcrumb\",\"itemListElement\":[{\"@type\":\"ListItem\",\"position\":1,\"name\":\"Not\u00edcias\",\"item\":\"https:\/\/www.suno.com.br\/noticias\/\"},{\"@type\":\"ListItem\",\"position\":2,\"name\":\"Economia\",\"item\":\"https:\/\/www.suno.com.br\/noticias\/economia\/\"},{\"@type\":\"ListItem\",\"position\":3,\"name\":\"Relator da reforma da Previd\u00eancia apresentar\u00e1 o parecer na CCJ nesta ter\u00e7a-feira\"}]},{\"@type\":\"WebSite\",\"@id\":\"https:\/\/www.suno.com.br\/noticias\/#website\",\"url\":\"https:\/\/www.suno.com.br\/noticias\/\",\"name\":\"Suno Not\u00edcias\",\"description\":\"Seu portal de informa\u00e7\u00e3o sobre o mundo dos investimentos\",\"publisher\":{\"@id\":\"https:\/\/www.suno.com.br\/noticias\/#organization\"},\"potentialAction\":[{\"@type\":\"SearchAction\",\"target\":{\"@type\":\"EntryPoint\",\"urlTemplate\":\"https:\/\/www.suno.com.br\/noticias\/?s={search_term_string}\"},\"query-input\":{\"@type\":\"PropertyValueSpecification\",\"valueRequired\":true,\"valueName\":\"search_term_string\"}}],\"inLanguage\":\"pt-BR\"},{\"@type\":\"Organization\",\"@id\":\"https:\/\/www.suno.com.br\/noticias\/#organization\",\"name\":\"Suno Not\u00edcias\",\"url\":\"https:\/\/www.suno.com.br\/noticias\/\",\"logo\":{\"@type\":\"ImageObject\",\"inLanguage\":\"pt-BR\",\"@id\":\"https:\/\/www.suno.com.br\/noticias\/#\/schema\/logo\/image\/\",\"url\":\"https:\/\/files.sunoresearch.com.br\/n\/uploads\/2021\/09\/suno-logo.png\",\"contentUrl\":\"https:\/\/files.sunoresearch.com.br\/n\/uploads\/2021\/09\/suno-logo.png\",\"width\":180,\"height\":180,\"caption\":\"Suno Not\u00edcias\"},\"image\":{\"@id\":\"https:\/\/www.suno.com.br\/noticias\/#\/schema\/logo\/image\/\"},\"sameAs\":[\"https:\/\/facebook.com\/sunoresearch\",\"https:\/\/x.com\/sunoresearch\",\"https:\/\/www.instagram.com\/suno\",\"https:\/\/www.linkedin.com\/company\/suno-research\/\",\"https:\/\/www.youtube.com\/c\/sunoresearch\"]},{\"@type\":\"Person\",\"@id\":\"https:\/\/www.suno.com.br\/noticias\/#\/schema\/person\/02ec1f752758247878a2bf4abee1aeda\",\"name\":\"Poliana Santos\",\"image\":{\"@type\":\"ImageObject\",\"inLanguage\":\"pt-BR\",\"@id\":\"https:\/\/www.suno.com.br\/noticias\/#\/schema\/person\/image\/\",\"url\":\"https:\/\/secure.gravatar.com\/avatar\/0645bd32f23d87b2130f2b2dff1d3f8d?s=96&r=g\",\"contentUrl\":\"https:\/\/secure.gravatar.com\/avatar\/0645bd32f23d87b2130f2b2dff1d3f8d?s=96&r=g\",\"caption\":\"Poliana Santos\"},\"description\":\"Rep\u00f3rter no Suno Not\u00edcias, com cobertura em mercado financeiro, economia, finan\u00e7as pessoais, renda fixa e varejo. Jornalista formada pela Faculdade C\u00e1sper L\u00edbero e possui passagem na R\u00e1dio Gazeta AM com a produ\u00e7\u00e3o de conte\u00fado sobre economia, pol\u00edtica, sa\u00fade, moda e m\u00fasica. Possui certificado de conclus\u00e3o do curso de An\u00e1lise de Balan\u00e7os pela Funda\u00e7\u00e3o Bradesco, Agenda Brasil pela FAAP, Educa\u00e7\u00e3o Pol\u00edtica por Alexandre Garcia e do Tesouro Direto e Mercado de A\u00e7\u00f5es pela B3.\",\"url\":\"https:\/\/www.suno.com.br\/noticias\/author\/poliana-santos\/\"}]}<\/script>\n<!-- \/ Yoast SEO plugin. -->","yoast_head_json":{"title":"Relator da reforma da Previd\u00eancia deve apresentar parecer nesta ter\u00e7a","description":"O relator da reforma da Previd\u00eancia na CCJ apresentar\u00e1 o texto com as mudan\u00e7as nas aposentadoria nesta ter\u00e7a (9). Clique aqui para saber mais.","robots":{"index":"index","follow":"follow","max-snippet":"max-snippet:-1","max-image-preview":"max-image-preview:large","max-video-preview":"max-video-preview:-1"},"canonical":"https:\/\/www.suno.com.br\/noticias\/reforma-previdencia\/","og_locale":"pt_BR","og_type":"article","og_title":"Relator da reforma da Previd\u00eancia deve apresentar parecer nesta ter\u00e7a","og_description":"O relator da reforma da Previd\u00eancia na CCJ apresentar\u00e1 o texto com as mudan\u00e7as nas aposentadoria nesta ter\u00e7a (9). Clique aqui para saber mais.","og_url":"https:\/\/www.suno.com.br\/noticias\/reforma-previdencia\/","og_site_name":"Suno Not\u00edcias","article_publisher":"https:\/\/facebook.com\/sunoresearch","og_image":[{"width":768,"height":512,"url":"https:\/\/files.sunoresearch.com.br\/n\/uploads\/2019\/04\/e106127f-delegado-marcelo-freitas-reforma-previd\u00eancia.jpg","type":"image\/jpeg"}],"author":"Poliana Santos","twitter_card":"summary_large_image","twitter_creator":"@sunoresearch","twitter_site":"@sunoresearch","twitter_misc":{"Escrito por":"Poliana Santos","Est. tempo de leitura":"2 minutos"},"schema":{"@context":"https:\/\/schema.org","@graph":[{"@type":"NewsArticle","@id":"https:\/\/www.suno.com.br\/noticias\/reforma-previdencia\/#article","isPartOf":{"@id":"https:\/\/www.suno.com.br\/noticias\/reforma-previdencia\/"},"author":{"name":"Poliana Santos","@id":"https:\/\/www.suno.com.br\/noticias\/#\/schema\/person\/02ec1f752758247878a2bf4abee1aeda"},"headline":"Relator da reforma da Previd\u00eancia apresentar\u00e1 o parecer na CCJ nesta ter\u00e7a-feira","datePublished":"2019-04-09T11:28:39+00:00","dateModified":"2019-04-09T15:52:33+00:00","mainEntityOfPage":{"@id":"https:\/\/www.suno.com.br\/noticias\/reforma-previdencia\/"},"wordCount":493,"publisher":{"@id":"https:\/\/www.suno.com.br\/noticias\/#organization"},"image":{"@id":"https:\/\/www.suno.com.br\/noticias\/reforma-previdencia\/#primaryimage"},"thumbnailUrl":"https:\/\/files.sunoresearch.com.br\/n\/uploads\/2019\/04\/e106127f-delegado-marcelo-freitas-reforma-previd\u00eancia-jpg.webp","keywords":["Reforma da Previd\u00eancia"],"articleSection":["Economia"],"inLanguage":"pt-BR"},{"@type":"WebPage","@id":"https:\/\/www.suno.com.br\/noticias\/reforma-previdencia\/","url":"https:\/\/www.suno.com.br\/noticias\/reforma-previdencia\/","name":"Relator da reforma da Previd\u00eancia deve apresentar parecer nesta ter\u00e7a","isPartOf":{"@id":"https:\/\/www.suno.com.br\/noticias\/#website"},"primaryImageOfPage":{"@id":"https:\/\/www.suno.com.br\/noticias\/reforma-previdencia\/#primaryimage"},"image":{"@id":"https:\/\/www.suno.com.br\/noticias\/reforma-previdencia\/#primaryimage"},"thumbnailUrl":"https:\/\/files.sunoresearch.com.br\/n\/uploads\/2019\/04\/e106127f-delegado-marcelo-freitas-reforma-previd\u00eancia-jpg.webp","datePublished":"2019-04-09T11:28:39+00:00","dateModified":"2019-04-09T15:52:33+00:00","description":"O relator da reforma da Previd\u00eancia na CCJ apresentar\u00e1 o texto com as mudan\u00e7as nas aposentadoria nesta ter\u00e7a (9). Clique aqui para saber mais.","breadcrumb":{"@id":"https:\/\/www.suno.com.br\/noticias\/reforma-previdencia\/#breadcrumb"},"inLanguage":"pt-BR","potentialAction":[{"@type":"ReadAction","target":["https:\/\/www.suno.com.br\/noticias\/reforma-previdencia\/"]}]},{"@type":"ImageObject","inLanguage":"pt-BR","@id":"https:\/\/www.suno.com.br\/noticias\/reforma-previdencia\/#primaryimage","url":"https:\/\/files.sunoresearch.com.br\/n\/uploads\/2019\/04\/e106127f-delegado-marcelo-freitas-reforma-previd\u00eancia-jpg.webp","contentUrl":"https:\/\/files.sunoresearch.com.br\/n\/uploads\/2019\/04\/e106127f-delegado-marcelo-freitas-reforma-previd\u00eancia-jpg.webp","width":768,"height":512,"caption":"Delegado Marcelo Freitas - Relator da reforma da Previd\u00eancia."},{"@type":"BreadcrumbList","@id":"https:\/\/www.suno.com.br\/noticias\/reforma-previdencia\/#breadcrumb","itemListElement":[{"@type":"ListItem","position":1,"name":"Not\u00edcias","item":"https:\/\/www.suno.com.br\/noticias\/"},{"@type":"ListItem","position":2,"name":"Economia","item":"https:\/\/www.suno.com.br\/noticias\/economia\/"},{"@type":"ListItem","position":3,"name":"Relator da reforma da Previd\u00eancia apresentar\u00e1 o parecer na CCJ nesta ter\u00e7a-feira"}]},{"@type":"WebSite","@id":"https:\/\/www.suno.com.br\/noticias\/#website","url":"https:\/\/www.suno.com.br\/noticias\/","name":"Suno Not\u00edcias","description":"Seu portal de informa\u00e7\u00e3o sobre o mundo dos investimentos","publisher":{"@id":"https:\/\/www.suno.com.br\/noticias\/#organization"},"potentialAction":[{"@type":"SearchAction","target":{"@type":"EntryPoint","urlTemplate":"https:\/\/www.suno.com.br\/noticias\/?s={search_term_string}"},"query-input":{"@type":"PropertyValueSpecification","valueRequired":true,"valueName":"search_term_string"}}],"inLanguage":"pt-BR"},{"@type":"Organization","@id":"https:\/\/www.suno.com.br\/noticias\/#organization","name":"Suno Not\u00edcias","url":"https:\/\/www.suno.com.br\/noticias\/","logo":{"@type":"ImageObject","inLanguage":"pt-BR","@id":"https:\/\/www.suno.com.br\/noticias\/#\/schema\/logo\/image\/","url":"https:\/\/files.sunoresearch.com.br\/n\/uploads\/2021\/09\/suno-logo.png","contentUrl":"https:\/\/files.sunoresearch.com.br\/n\/uploads\/2021\/09\/suno-logo.png","width":180,"height":180,"caption":"Suno Not\u00edcias"},"image":{"@id":"https:\/\/www.suno.com.br\/noticias\/#\/schema\/logo\/image\/"},"sameAs":["https:\/\/facebook.com\/sunoresearch","https:\/\/x.com\/sunoresearch","https:\/\/www.instagram.com\/suno","https:\/\/www.linkedin.com\/company\/suno-research\/","https:\/\/www.youtube.com\/c\/sunoresearch"]},{"@type":"Person","@id":"https:\/\/www.suno.com.br\/noticias\/#\/schema\/person\/02ec1f752758247878a2bf4abee1aeda","name":"Poliana Santos","image":{"@type":"ImageObject","inLanguage":"pt-BR","@id":"https:\/\/www.suno.com.br\/noticias\/#\/schema\/person\/image\/","url":"https:\/\/secure.gravatar.com\/avatar\/0645bd32f23d87b2130f2b2dff1d3f8d?s=96&r=g","contentUrl":"https:\/\/secure.gravatar.com\/avatar\/0645bd32f23d87b2130f2b2dff1d3f8d?s=96&r=g","caption":"Poliana Santos"},"description":"Rep\u00f3rter no Suno Not\u00edcias, com cobertura em mercado financeiro, economia, finan\u00e7as pessoais, renda fixa e varejo. Jornalista formada pela Faculdade C\u00e1sper L\u00edbero e possui passagem na R\u00e1dio Gazeta AM com a produ\u00e7\u00e3o de conte\u00fado sobre economia, pol\u00edtica, sa\u00fade, moda e m\u00fasica. Possui certificado de conclus\u00e3o do curso de An\u00e1lise de Balan\u00e7os pela Funda\u00e7\u00e3o Bradesco, Agenda Brasil pela FAAP, Educa\u00e7\u00e3o Pol\u00edtica por Alexandre Garcia e do Tesouro Direto e Mercado de A\u00e7\u00f5es pela B3.","url":"https:\/\/www.suno.com.br\/noticias\/author\/poliana-santos\/"}]}},"default_loop_html":"<div class=\"cardsPage__listCard__boxs\"><div class=\"cardsPage__listCard__boxs__img\"><a href=\"https:\/\/www.suno.com.br\/noticias\/reforma-previdencia\/\"><img class=\"mask\" src=\"https:\/\/www.suno.com.br\/noticias\/wp-content\/themes\/suno\/resources\/images\/spotlight\/spotlight1img\/bg-mask.png\" alt=\"Image Mask\"\/><img src=\"https:\/\/files.sunoresearch.com.br\/n\/uploads\/2019\/04\/e106127f-delegado-marcelo-freitas-reforma-previd\u00eancia-400x200.webp\" alt=\"Relator da reforma da Previd\u00eancia apresentar\u00e1 o parecer na CCJ nesta ter\u00e7a-feira\"\/><\/a><span class=\"spotlightCategory\"><a href=\"https:\/\/www.suno.com.br\/noticias\/economia\/\">Economia<\/a><\/span><\/div><div class=\"cardsPage__listCard__boxs__content\"><a href=\"https:\/\/www.suno.com.br\/noticias\/reforma-previdencia\/\"><h2 class=\"content__title\">Relator da reforma da Previd\u00eancia apresentar\u00e1 o parecer na CCJ nesta ter\u00e7a-feira<\/h2><\/a><div class=\"newsContent__article__meta\"><div class=\"newsContent__article__meta__authorBox\"><a href=\"https:\/\/www.suno.com.br\/noticias\/author\/poliana-santos\/\" class=\"authorBox__avatar noMobi\"><img src=\"https:\/\/files.sunoresearch.com.br\/n\/uploads\/2020\/08\/7ef34026-whatsapp-image-2020-08-03-at-12.37.57-150x150.webp\" alt=\"Poliana Santos\"><\/a><div class=\"authorBox__name\"><span>por\n\t\t\t<a href=\"https:\/\/www.suno.com.br\/noticias\/author\/poliana-santos\/\"><span itemprop=\"author\">Poliana Santos<\/span><\/a><\/span><time datetime=\"2019-04-09T08:28:39-03:00\" itemprop=\"datePublished\">09\/04\/2019 08:28<\/time><\/div><\/div><\/div><\/div><\/div>","single_layout":"posts","amp_enabled":true,"_links":{"self":[{"href":"https:\/\/www.suno.com.br\/noticias\/wp-json\/wp\/v2\/posts\/20350"}],"collection":[{"href":"https:\/\/www.suno.com.br\/noticias\/wp-json\/wp\/v2\/posts"}],"about":[{"href":"https:\/\/www.suno.com.br\/noticias\/wp-json\/wp\/v2\/types\/post"}],"author":[{"embeddable":true,"href":"https:\/\/www.suno.com.br\/noticias\/wp-json\/wp\/v2\/users\/15"}],"replies":[{"embeddable":true,"href":"https:\/\/www.suno.com.br\/noticias\/wp-json\/wp\/v2\/comments?post=20350"}],"version-history":[{"count":0,"href":"https:\/\/www.suno.com.br\/noticias\/wp-json\/wp\/v2\/posts\/20350\/revisions"}],"wp:featuredmedia":[{"embeddable":true,"href":"https:\/\/www.suno.com.br\/noticias\/wp-json\/wp\/v2\/media\/20356"}],"wp:attachment":[{"href":"https:\/\/www.suno.com.br\/noticias\/wp-json\/wp\/v2\/media?parent=20350"}],"wp:term":[{"taxonomy":"category","embeddable":true,"href":"https:\/\/www.suno.com.br\/noticias\/wp-json\/wp\/v2\/categories?post=20350"},{"taxonomy":"post_tag","embeddable":true,"href":"https:\/\/www.suno.com.br\/noticias\/wp-json\/wp\/v2\/tags?post=20350"},{"taxonomy":"suno_strategy","embeddable":true,"href":"https:\/\/www.suno.com.br\/noticias\/wp-json\/wp\/v2\/suno_strategy?post=20350"}],"curies":[{"name":"wp","href":"https:\/\/api.w.org\/{rel}","templated":true}]}}