{"id":20302,"date":"2019-04-08T17:21:46","date_gmt":"2019-04-08T20:21:46","guid":{"rendered":"https:\/\/www.suno.com.br\/noticias\/?p=20302"},"modified":"2021-02-17T22:49:58","modified_gmt":"2021-02-18T01:49:58","slug":"dolar-fecha-baixa-previdencia","status":"publish","type":"post","link":"https:\/\/www.suno.com.br\/noticias\/dolar-fecha-baixa-previdencia\/","title":{"rendered":"D\u00f3lar fecha em baixa com aten\u00e7\u00f5es voltadas \u00e0 reforma da Previd\u00eancia"},"content":{"rendered":"<p>O d\u00f3lar encerrou esta segunda-feira (08) em queda de 0,617%, vendido a R$ 3,8491. Nesta sess\u00e3o, os operadores voltaram as aten\u00e7\u00f5es \u00e0 articula\u00e7\u00e3o pol\u00edtica da reforma da Previd\u00eancia.<\/p>\t<div class=\"wrapper-featured-image\">\n\t\t<figure class=\"spotlightImg\">\n\n\t\t\t<picture>\n\t\t\t\t<source media=\"(max-width: 768px)\" srcset=\"https:\/\/files.sunoresearch.com.br\/n\/uploads\/2019\/01\/c1422b4d-d\u00f3lar-400x200.webp\">\n\t\t\t\t<img loading=\"lazy\" decoding=\"async\" class=\"newsContent__article__imgCapa lazyloadDisabled newsContent__article__imgCapa--noCaption\" src=\"https:\/\/files.sunoresearch.com.br\/n\/uploads\/2019\/01\/c1422b4d-d\u00f3lar-800x450.webp\" width=\"800\" height=\"450\" alt=\"D\u00f3lar fecha em baixa com aten\u00e7\u00f5es voltadas \u00e0 reforma da Previd\u00eancia\" fetchpriority=high \/>\n\t\t\t<\/picture>\n\n\t\t\t<figcaption class=\"wp-caption-text wp-caption-text--hide\">D\u00f3lar encerra em alta de 2,1%, cotado em R$ 5,3715<\/figcaption>\n\t\t<\/figure>\n\t<\/div>\n\n\n<p>No preg\u00e3o, a moeda americana operou com tend\u00eancia de queda, apesar das oscila\u00e7\u00f5es. Por volta das 11 horas, registrou a m\u00e1xima de R$ 3,8738. Pr\u00f3ximo ao fechamento, o <strong>d\u00f3lar<\/strong> chegou a m\u00ednima de R$ 3,842.<\/p>\n<p>Confira o fechamento das principais moedas:<\/p>\n<ul>\n<li><strong><a href=\"https:\/\/www.suno.com.br\/artigos\/euro\/\">Euro<\/a>:<\/strong>\u00a0queda de\u00a00,225% a R$\u00a04,3372<\/li>\n<li><strong>Libra esterlina: <\/strong>queda\u00a0de\u00a00,425% a R$\u00a05,0315<\/li>\n<\/ul>\n<p>[optin-monster-shortcode id=&#8221;npkxlwaleraa8psvnego&#8221;]<\/p>\n<p>O <a href=\"https:\/\/www.suno.com.br\/artigos\/bacen\/\">Banco Central<\/a> (BC) vendeu o lote integral de 5.350 contratos de <a href=\"https:\/\/www.suno.com.br\/artigos\/swap-cambial\/\">swap cambial tradicional<\/a> ofertados nesta segunda em opera\u00e7\u00e3o de rolagem do vencimento maio. Nos seis leil\u00f5es realizados neste m\u00eas, o BC j\u00e1 vendeu US$ 1,605 bilh\u00e3o. O lote a expirar em 2 de maio \u00e9 de US$ 5,343 bilh\u00f5es.<\/p>\n<h2>Boletim Focus<\/h2>\n<p>O Boletim Focus divulgado nesta segunda-feira (08) pelo <strong>Banco Central<\/strong> reduziu pela sexta vez seguida o <strong>Produto Interno Bruto (PIB)<\/strong> de 2019 e de 2020. De acordo com os analistas ouvidos pelo relat\u00f3rio, o <strong>PIB<\/strong> para 2019 deve ficar em 1,97%. Na semana passado esse n\u00famero era de 1,98%. \u00c9 a sexta semana consecutiva de redu\u00e7\u00e3o do PIB no <strong>Boletim Focus<\/strong>.<\/p>\n<p><a href=\"https:\/\/www.suno.com.br\/noticias\/boletim-focus-08042019\/\">Saiba mais:\u00a0Boletim Focus &#8211; previs\u00e3o do PIB nacional cai pela sexta vez seguida<\/a><\/p>\n<p>Em 2020, o <strong>PIB<\/strong> deve girar em tordo de 2,70% segundo os analista, ante os 2,75% previstos na semana passada. Essa \u00e9 a segunda semana de redu\u00e7\u00e3o da previs\u00e3o do crescimento do indicador para o ano que vem. O corte indica que 2019 deve seguir o mesmo ritmo de 2018.<\/p>\n<p>No caso do d\u00f3lar, o relat\u00f3rio do <strong>Banco Central<\/strong> manteve a moeda americana em R$ 3,70. J\u00e1 a <strong><a href=\"https:\/\/www.suno.com.br\/artigos\/balanca-comercial\/\">balan\u00e7a comercial\u00a0<\/a><\/strong>registrou\u00a0aumento leve da previs\u00e3o de\u00a0<a href=\"https:\/\/www.suno.com.br\/artigos\/superavit-comercial\/\">super\u00e1vit\u00a0<\/a> de US$ 50,25 bilh\u00f5es pra US$ 50,28 bilh\u00f5es.<\/p>\n<h2>Reforma da Previd\u00eancia<\/h2>\n<p>O relator da <strong>reforma da Previd\u00eancia<\/strong>, deputado Marcelo de Freitas deve apresentar o seu parecer da<strong>\u00a0CCJ (Comiss\u00e3o de Constitui\u00e7\u00e3o e Justi\u00e7a)<\/strong> da <strong>C\u00e2mara dos Deputados<\/strong> na pr\u00f3xima ter\u00e7a-feira (09).<\/p>\n<p>A <strong>PEC<\/strong>\u00a0(Proposta de Emenda \u00e0 Constitui\u00e7\u00e3o) da <strong>reforma da Previd\u00eancia<\/strong> n\u00e3o sofreu mudan\u00e7as. Deputados oposicionistas desejavam alterar as medidas que tratavam da <strong>aposentadoria rural<\/strong> e do\u00a0<strong>BPC (Benef\u00edcio de Presta\u00e7\u00e3o Continuada)<\/strong>.<\/p>\n\t<p>\n\t\t<a href=\"https:\/\/lp.suno.com.br\/ao\/sessao-estrategica-consultoria-c\/?utm_source=suno-noticias&#038;utm_medium=banner&#038;utm_campaign=_SNC36CE4E9F_&#038;utm_content=fundos-imobiliarios-ou-imoveis-onde-investir-500-mil-go\" target=\"_blank\" data-element=\"shortcode-suno-banner\" title=\"Banner SUNO, clique e saiba mais\">\n\t\t\t<picture>\n\t\t\t\t<source media=\"(max-width: 500px)\" srcset=\"https:\/\/files.sunoresearch.com.br\/n\/uploads\/2025\/09\/300x400.webp\">\n\t\t\t\t<img class=\"newsContent__article__imgCapa newsContent__article__imgCapa--banner\"\n\t\t\t\t\tsrc=\"https:\/\/files.sunoresearch.com.br\/n\/uploads\/2025\/09\/SN-DT-1420x240-1.webp\"\n\t\t\t\t\tdata-promo-id=\"635171\"\t\t\t\t\t\t\t\t\t\twidth='1420' height='240'\t\t\t\t\talt=\"https:\/\/files.sunoresearch.com.br\/n\/uploads\/2025\/09\/SN-DT-1420x240-1.webp\"\n\t\t\t\t>\n\t\t\t<\/picture>\n\t\t<\/a>\n\t<\/p>\n\n\n<p>Ap\u00f3s o relat\u00f3rio ser apresentado na <strong>CCJ<\/strong>, ser\u00e1 concedido um prazo de vista para que os deputados possam analisar o texto. A vota\u00e7\u00e3o deve ocorrer no dia 17 de abril. Se aprovado, a <strong>PEC<\/strong> seguir\u00e1 para a comiss\u00e3o especial.<\/p>\n<h2>\u00daltima cota\u00e7\u00e3o<\/h2>\n<p>Na \u00faltima sexta-feira (05), o <strong>d\u00f3lar<\/strong> encerrou a sess\u00e3o em alta de\u00a00,402%, negociado a\u00a0R$\u00a03,873.<\/p>\n","protected":false},"excerpt":{"rendered":"<p>O d\u00f3lar encerrou esta segunda-feira (08) em queda de 0,617%, vendido a R$ 3,8491. Nesta sess\u00e3o, os operadores voltaram as aten\u00e7\u00f5es \u00e0 articula\u00e7\u00e3o pol\u00edtica da reforma da Previd\u00eancia. D\u00f3lar encerra em alta de 2,1%, cotado em R$ 5,3715 No preg\u00e3o, a moeda americana operou com tend\u00eancia de queda, apesar das oscila\u00e7\u00f5es. Por volta das 11 [&hellip;]<\/p>\n","protected":false},"author":14,"featured_media":12876,"comment_status":"closed","ping_status":"closed","sticky":false,"template":"","format":"standard","meta":[],"categories":[60],"tags":[1842,834,326,807],"suno_strategy":[],"class_list":["post-20302","post","type-post","status-publish","format-standard","has-post-thumbnail","hentry","category-mercado","tag-banco-central-bc","tag-boletim-focus","tag-dolar","tag-produto-interno-bruto-pib"],"yoast_head":"<!-- This site is optimized with the Yoast SEO plugin v24.4 - https:\/\/yoast.com\/wordpress\/plugins\/seo\/ -->\n<title>D\u00f3lar fecha em baixa com aten\u00e7\u00f5es voltadas \u00e0 reforma da Previd\u00eancia<\/title>\n<meta name=\"description\" content=\"Por volta das 11 horas, registrou a m\u00e1xima de R$ 3,8738. Pr\u00f3ximo ao fechamento, o d\u00f3lar chegou a m\u00ednima de R$ 3,842. Clique para saber mais.\" \/>\n<meta name=\"robots\" content=\"index, follow, max-snippet:-1, max-image-preview:large, max-video-preview:-1\" \/>\n<link rel=\"canonical\" href=\"https:\/\/www.suno.com.br\/noticias\/dolar-fecha-baixa-previdencia\/\" \/>\n<meta property=\"og:locale\" content=\"pt_BR\" \/>\n<meta property=\"og:type\" content=\"article\" \/>\n<meta property=\"og:title\" content=\"D\u00f3lar fecha em baixa com aten\u00e7\u00f5es voltadas \u00e0 reforma da Previd\u00eancia\" \/>\n<meta property=\"og:description\" content=\"Por volta das 11 horas, registrou a m\u00e1xima de R$ 3,8738. Pr\u00f3ximo ao fechamento, o d\u00f3lar chegou a m\u00ednima de R$ 3,842. Clique para saber mais.\" \/>\n<meta property=\"og:url\" content=\"https:\/\/www.suno.com.br\/noticias\/dolar-fecha-baixa-previdencia\/\" \/>\n<meta property=\"og:site_name\" content=\"Suno Not\u00edcias\" \/>\n<meta property=\"article:publisher\" content=\"https:\/\/facebook.com\/sunoresearch\" \/>\n<meta property=\"og:image\" content=\"https:\/\/files.sunoresearch.com.br\/n\/uploads\/2019\/01\/c1422b4d-d\u00f3lar.jpg\" \/>\n\t<meta property=\"og:image:width\" content=\"1024\" \/>\n\t<meta property=\"og:image:height\" content=\"676\" \/>\n\t<meta property=\"og:image:type\" content=\"image\/jpeg\" \/>\n<meta name=\"author\" content=\"Renan Dantas\" \/>\n<meta name=\"twitter:card\" content=\"summary_large_image\" \/>\n<meta name=\"twitter:creator\" content=\"@sunoresearch\" \/>\n<meta name=\"twitter:site\" content=\"@sunoresearch\" \/>\n<meta name=\"twitter:label1\" content=\"Escrito por\" \/>\n\t<meta name=\"twitter:data1\" content=\"Renan Dantas\" \/>\n\t<meta name=\"twitter:label2\" content=\"Est. tempo de leitura\" \/>\n\t<meta name=\"twitter:data2\" content=\"2 minutos\" \/>\n<script type=\"application\/ld+json\" class=\"yoast-schema-graph\">{\"@context\":\"https:\/\/schema.org\",\"@graph\":[{\"@type\":\"NewsArticle\",\"@id\":\"https:\/\/www.suno.com.br\/noticias\/dolar-fecha-baixa-previdencia\/#article\",\"isPartOf\":{\"@id\":\"https:\/\/www.suno.com.br\/noticias\/dolar-fecha-baixa-previdencia\/\"},\"author\":{\"name\":\"Renan Dantas\",\"@id\":\"https:\/\/www.suno.com.br\/noticias\/#\/schema\/person\/3f7693d5795a3f6d5ce15309ee785699\"},\"headline\":\"D\u00f3lar fecha em baixa com aten\u00e7\u00f5es voltadas \u00e0 reforma da Previd\u00eancia\",\"datePublished\":\"2019-04-08T20:21:46+00:00\",\"dateModified\":\"2021-02-18T01:49:58+00:00\",\"mainEntityOfPage\":{\"@id\":\"https:\/\/www.suno.com.br\/noticias\/dolar-fecha-baixa-previdencia\/\"},\"wordCount\":454,\"publisher\":{\"@id\":\"https:\/\/www.suno.com.br\/noticias\/#organization\"},\"image\":{\"@id\":\"https:\/\/www.suno.com.br\/noticias\/dolar-fecha-baixa-previdencia\/#primaryimage\"},\"thumbnailUrl\":\"https:\/\/files.sunoresearch.com.br\/n\/uploads\/2019\/01\/c1422b4d-d\u00f3lar-jpg.webp\",\"keywords\":[\"Banco Central (BC)\",\"Boletim Focus\",\"d\u00f3lar\",\"Produto Interno Bruto (PIB)\"],\"articleSection\":[\"Mercado\"],\"inLanguage\":\"pt-BR\"},{\"@type\":\"WebPage\",\"@id\":\"https:\/\/www.suno.com.br\/noticias\/dolar-fecha-baixa-previdencia\/\",\"url\":\"https:\/\/www.suno.com.br\/noticias\/dolar-fecha-baixa-previdencia\/\",\"name\":\"D\u00f3lar fecha em baixa com aten\u00e7\u00f5es voltadas \u00e0 reforma da Previd\u00eancia\",\"isPartOf\":{\"@id\":\"https:\/\/www.suno.com.br\/noticias\/#website\"},\"primaryImageOfPage\":{\"@id\":\"https:\/\/www.suno.com.br\/noticias\/dolar-fecha-baixa-previdencia\/#primaryimage\"},\"image\":{\"@id\":\"https:\/\/www.suno.com.br\/noticias\/dolar-fecha-baixa-previdencia\/#primaryimage\"},\"thumbnailUrl\":\"https:\/\/files.sunoresearch.com.br\/n\/uploads\/2019\/01\/c1422b4d-d\u00f3lar-jpg.webp\",\"datePublished\":\"2019-04-08T20:21:46+00:00\",\"dateModified\":\"2021-02-18T01:49:58+00:00\",\"description\":\"Por volta das 11 horas, registrou a m\u00e1xima de R$ 3,8738. Pr\u00f3ximo ao fechamento, o d\u00f3lar chegou a m\u00ednima de R$ 3,842. Clique para saber mais.\",\"breadcrumb\":{\"@id\":\"https:\/\/www.suno.com.br\/noticias\/dolar-fecha-baixa-previdencia\/#breadcrumb\"},\"inLanguage\":\"pt-BR\",\"potentialAction\":[{\"@type\":\"ReadAction\",\"target\":[\"https:\/\/www.suno.com.br\/noticias\/dolar-fecha-baixa-previdencia\/\"]}]},{\"@type\":\"ImageObject\",\"inLanguage\":\"pt-BR\",\"@id\":\"https:\/\/www.suno.com.br\/noticias\/dolar-fecha-baixa-previdencia\/#primaryimage\",\"url\":\"https:\/\/files.sunoresearch.com.br\/n\/uploads\/2019\/01\/c1422b4d-d\u00f3lar-jpg.webp\",\"contentUrl\":\"https:\/\/files.sunoresearch.com.br\/n\/uploads\/2019\/01\/c1422b4d-d\u00f3lar-jpg.webp\",\"width\":1024,\"height\":676,\"caption\":\"D\u00f3lar encerra em alta de 2,1%, cotado em R$ 5,3715\"},{\"@type\":\"BreadcrumbList\",\"@id\":\"https:\/\/www.suno.com.br\/noticias\/dolar-fecha-baixa-previdencia\/#breadcrumb\",\"itemListElement\":[{\"@type\":\"ListItem\",\"position\":1,\"name\":\"Not\u00edcias\",\"item\":\"https:\/\/www.suno.com.br\/noticias\/\"},{\"@type\":\"ListItem\",\"position\":2,\"name\":\"Mercado\",\"item\":\"https:\/\/www.suno.com.br\/noticias\/mercado\/\"},{\"@type\":\"ListItem\",\"position\":3,\"name\":\"D\u00f3lar fecha em baixa com aten\u00e7\u00f5es voltadas \u00e0 reforma da Previd\u00eancia\"}]},{\"@type\":\"WebSite\",\"@id\":\"https:\/\/www.suno.com.br\/noticias\/#website\",\"url\":\"https:\/\/www.suno.com.br\/noticias\/\",\"name\":\"Suno Not\u00edcias\",\"description\":\"Seu portal de informa\u00e7\u00e3o sobre o mundo dos investimentos\",\"publisher\":{\"@id\":\"https:\/\/www.suno.com.br\/noticias\/#organization\"},\"potentialAction\":[{\"@type\":\"SearchAction\",\"target\":{\"@type\":\"EntryPoint\",\"urlTemplate\":\"https:\/\/www.suno.com.br\/noticias\/?s={search_term_string}\"},\"query-input\":{\"@type\":\"PropertyValueSpecification\",\"valueRequired\":true,\"valueName\":\"search_term_string\"}}],\"inLanguage\":\"pt-BR\"},{\"@type\":\"Organization\",\"@id\":\"https:\/\/www.suno.com.br\/noticias\/#organization\",\"name\":\"Suno Not\u00edcias\",\"url\":\"https:\/\/www.suno.com.br\/noticias\/\",\"logo\":{\"@type\":\"ImageObject\",\"inLanguage\":\"pt-BR\",\"@id\":\"https:\/\/www.suno.com.br\/noticias\/#\/schema\/logo\/image\/\",\"url\":\"https:\/\/files.sunoresearch.com.br\/n\/uploads\/2021\/09\/suno-logo.png\",\"contentUrl\":\"https:\/\/files.sunoresearch.com.br\/n\/uploads\/2021\/09\/suno-logo.png\",\"width\":180,\"height\":180,\"caption\":\"Suno Not\u00edcias\"},\"image\":{\"@id\":\"https:\/\/www.suno.com.br\/noticias\/#\/schema\/logo\/image\/\"},\"sameAs\":[\"https:\/\/facebook.com\/sunoresearch\",\"https:\/\/x.com\/sunoresearch\",\"https:\/\/www.instagram.com\/suno\",\"https:\/\/www.linkedin.com\/company\/suno-research\/\",\"https:\/\/www.youtube.com\/c\/sunoresearch\"]},{\"@type\":\"Person\",\"@id\":\"https:\/\/www.suno.com.br\/noticias\/#\/schema\/person\/3f7693d5795a3f6d5ce15309ee785699\",\"name\":\"Renan Dantas\",\"image\":{\"@type\":\"ImageObject\",\"inLanguage\":\"pt-BR\",\"@id\":\"https:\/\/www.suno.com.br\/noticias\/#\/schema\/person\/image\/\",\"url\":\"https:\/\/secure.gravatar.com\/avatar\/1787b83e7484a08e51d62ac8b41c8396?s=96&r=g\",\"contentUrl\":\"https:\/\/secure.gravatar.com\/avatar\/1787b83e7484a08e51d62ac8b41c8396?s=96&r=g\",\"caption\":\"Renan Dantas\"},\"description\":\"Escreve sobre pol\u00edtica e mercado financeiro para o portal Suno Not\u00edcias. Antes, atuou na assessoria de comunica\u00e7\u00e3o do Minist\u00e9rio P\u00fablico do Trabalho e na R\u00e1dio Mackenzie, onde apresentava e produzia um programa sobre artistas da m\u00fasica brasileira. \u00c9 estudante na Universidade Presbiteriana Mackenzie.\",\"url\":\"https:\/\/www.suno.com.br\/noticias\/author\/renan-dantas\/\"}]}<\/script>\n<!-- \/ Yoast SEO plugin. -->","yoast_head_json":{"title":"D\u00f3lar fecha em baixa com aten\u00e7\u00f5es voltadas \u00e0 reforma da Previd\u00eancia","description":"Por volta das 11 horas, registrou a m\u00e1xima de R$ 3,8738. Pr\u00f3ximo ao fechamento, o d\u00f3lar chegou a m\u00ednima de R$ 3,842. Clique para saber mais.","robots":{"index":"index","follow":"follow","max-snippet":"max-snippet:-1","max-image-preview":"max-image-preview:large","max-video-preview":"max-video-preview:-1"},"canonical":"https:\/\/www.suno.com.br\/noticias\/dolar-fecha-baixa-previdencia\/","og_locale":"pt_BR","og_type":"article","og_title":"D\u00f3lar fecha em baixa com aten\u00e7\u00f5es voltadas \u00e0 reforma da Previd\u00eancia","og_description":"Por volta das 11 horas, registrou a m\u00e1xima de R$ 3,8738. Pr\u00f3ximo ao fechamento, o d\u00f3lar chegou a m\u00ednima de R$ 3,842. Clique para saber mais.","og_url":"https:\/\/www.suno.com.br\/noticias\/dolar-fecha-baixa-previdencia\/","og_site_name":"Suno Not\u00edcias","article_publisher":"https:\/\/facebook.com\/sunoresearch","og_image":[{"width":1024,"height":676,"url":"https:\/\/files.sunoresearch.com.br\/n\/uploads\/2019\/01\/c1422b4d-d\u00f3lar.jpg","type":"image\/jpeg"}],"author":"Renan Dantas","twitter_card":"summary_large_image","twitter_creator":"@sunoresearch","twitter_site":"@sunoresearch","twitter_misc":{"Escrito por":"Renan Dantas","Est. tempo de leitura":"2 minutos"},"schema":{"@context":"https:\/\/schema.org","@graph":[{"@type":"NewsArticle","@id":"https:\/\/www.suno.com.br\/noticias\/dolar-fecha-baixa-previdencia\/#article","isPartOf":{"@id":"https:\/\/www.suno.com.br\/noticias\/dolar-fecha-baixa-previdencia\/"},"author":{"name":"Renan Dantas","@id":"https:\/\/www.suno.com.br\/noticias\/#\/schema\/person\/3f7693d5795a3f6d5ce15309ee785699"},"headline":"D\u00f3lar fecha em baixa com aten\u00e7\u00f5es voltadas \u00e0 reforma da Previd\u00eancia","datePublished":"2019-04-08T20:21:46+00:00","dateModified":"2021-02-18T01:49:58+00:00","mainEntityOfPage":{"@id":"https:\/\/www.suno.com.br\/noticias\/dolar-fecha-baixa-previdencia\/"},"wordCount":454,"publisher":{"@id":"https:\/\/www.suno.com.br\/noticias\/#organization"},"image":{"@id":"https:\/\/www.suno.com.br\/noticias\/dolar-fecha-baixa-previdencia\/#primaryimage"},"thumbnailUrl":"https:\/\/files.sunoresearch.com.br\/n\/uploads\/2019\/01\/c1422b4d-d\u00f3lar-jpg.webp","keywords":["Banco Central (BC)","Boletim Focus","d\u00f3lar","Produto Interno Bruto (PIB)"],"articleSection":["Mercado"],"inLanguage":"pt-BR"},{"@type":"WebPage","@id":"https:\/\/www.suno.com.br\/noticias\/dolar-fecha-baixa-previdencia\/","url":"https:\/\/www.suno.com.br\/noticias\/dolar-fecha-baixa-previdencia\/","name":"D\u00f3lar fecha em baixa com aten\u00e7\u00f5es voltadas \u00e0 reforma da Previd\u00eancia","isPartOf":{"@id":"https:\/\/www.suno.com.br\/noticias\/#website"},"primaryImageOfPage":{"@id":"https:\/\/www.suno.com.br\/noticias\/dolar-fecha-baixa-previdencia\/#primaryimage"},"image":{"@id":"https:\/\/www.suno.com.br\/noticias\/dolar-fecha-baixa-previdencia\/#primaryimage"},"thumbnailUrl":"https:\/\/files.sunoresearch.com.br\/n\/uploads\/2019\/01\/c1422b4d-d\u00f3lar-jpg.webp","datePublished":"2019-04-08T20:21:46+00:00","dateModified":"2021-02-18T01:49:58+00:00","description":"Por volta das 11 horas, registrou a m\u00e1xima de R$ 3,8738. Pr\u00f3ximo ao fechamento, o d\u00f3lar chegou a m\u00ednima de R$ 3,842. Clique para saber mais.","breadcrumb":{"@id":"https:\/\/www.suno.com.br\/noticias\/dolar-fecha-baixa-previdencia\/#breadcrumb"},"inLanguage":"pt-BR","potentialAction":[{"@type":"ReadAction","target":["https:\/\/www.suno.com.br\/noticias\/dolar-fecha-baixa-previdencia\/"]}]},{"@type":"ImageObject","inLanguage":"pt-BR","@id":"https:\/\/www.suno.com.br\/noticias\/dolar-fecha-baixa-previdencia\/#primaryimage","url":"https:\/\/files.sunoresearch.com.br\/n\/uploads\/2019\/01\/c1422b4d-d\u00f3lar-jpg.webp","contentUrl":"https:\/\/files.sunoresearch.com.br\/n\/uploads\/2019\/01\/c1422b4d-d\u00f3lar-jpg.webp","width":1024,"height":676,"caption":"D\u00f3lar encerra em alta de 2,1%, cotado em R$ 5,3715"},{"@type":"BreadcrumbList","@id":"https:\/\/www.suno.com.br\/noticias\/dolar-fecha-baixa-previdencia\/#breadcrumb","itemListElement":[{"@type":"ListItem","position":1,"name":"Not\u00edcias","item":"https:\/\/www.suno.com.br\/noticias\/"},{"@type":"ListItem","position":2,"name":"Mercado","item":"https:\/\/www.suno.com.br\/noticias\/mercado\/"},{"@type":"ListItem","position":3,"name":"D\u00f3lar fecha em baixa com aten\u00e7\u00f5es voltadas \u00e0 reforma da Previd\u00eancia"}]},{"@type":"WebSite","@id":"https:\/\/www.suno.com.br\/noticias\/#website","url":"https:\/\/www.suno.com.br\/noticias\/","name":"Suno Not\u00edcias","description":"Seu portal de informa\u00e7\u00e3o sobre o mundo dos investimentos","publisher":{"@id":"https:\/\/www.suno.com.br\/noticias\/#organization"},"potentialAction":[{"@type":"SearchAction","target":{"@type":"EntryPoint","urlTemplate":"https:\/\/www.suno.com.br\/noticias\/?s={search_term_string}"},"query-input":{"@type":"PropertyValueSpecification","valueRequired":true,"valueName":"search_term_string"}}],"inLanguage":"pt-BR"},{"@type":"Organization","@id":"https:\/\/www.suno.com.br\/noticias\/#organization","name":"Suno Not\u00edcias","url":"https:\/\/www.suno.com.br\/noticias\/","logo":{"@type":"ImageObject","inLanguage":"pt-BR","@id":"https:\/\/www.suno.com.br\/noticias\/#\/schema\/logo\/image\/","url":"https:\/\/files.sunoresearch.com.br\/n\/uploads\/2021\/09\/suno-logo.png","contentUrl":"https:\/\/files.sunoresearch.com.br\/n\/uploads\/2021\/09\/suno-logo.png","width":180,"height":180,"caption":"Suno Not\u00edcias"},"image":{"@id":"https:\/\/www.suno.com.br\/noticias\/#\/schema\/logo\/image\/"},"sameAs":["https:\/\/facebook.com\/sunoresearch","https:\/\/x.com\/sunoresearch","https:\/\/www.instagram.com\/suno","https:\/\/www.linkedin.com\/company\/suno-research\/","https:\/\/www.youtube.com\/c\/sunoresearch"]},{"@type":"Person","@id":"https:\/\/www.suno.com.br\/noticias\/#\/schema\/person\/3f7693d5795a3f6d5ce15309ee785699","name":"Renan Dantas","image":{"@type":"ImageObject","inLanguage":"pt-BR","@id":"https:\/\/www.suno.com.br\/noticias\/#\/schema\/person\/image\/","url":"https:\/\/secure.gravatar.com\/avatar\/1787b83e7484a08e51d62ac8b41c8396?s=96&r=g","contentUrl":"https:\/\/secure.gravatar.com\/avatar\/1787b83e7484a08e51d62ac8b41c8396?s=96&r=g","caption":"Renan Dantas"},"description":"Escreve sobre pol\u00edtica e mercado financeiro para o portal Suno Not\u00edcias. Antes, atuou na assessoria de comunica\u00e7\u00e3o do Minist\u00e9rio P\u00fablico do Trabalho e na R\u00e1dio Mackenzie, onde apresentava e produzia um programa sobre artistas da m\u00fasica brasileira. \u00c9 estudante na Universidade Presbiteriana Mackenzie.","url":"https:\/\/www.suno.com.br\/noticias\/author\/renan-dantas\/"}]}},"default_loop_html":"<div class=\"cardsPage__listCard__boxs\"><div class=\"cardsPage__listCard__boxs__img\"><a href=\"https:\/\/www.suno.com.br\/noticias\/dolar-fecha-baixa-previdencia\/\"><img class=\"mask\" src=\"https:\/\/www.suno.com.br\/noticias\/wp-content\/themes\/suno\/resources\/images\/spotlight\/spotlight1img\/bg-mask.png\" alt=\"Image Mask\"\/><img src=\"https:\/\/files.sunoresearch.com.br\/n\/uploads\/2019\/01\/c1422b4d-d\u00f3lar-400x200.webp\" alt=\"D\u00f3lar fecha em baixa com aten\u00e7\u00f5es voltadas \u00e0 reforma da Previd\u00eancia\"\/><\/a><span class=\"spotlightCategory\"><a href=\"https:\/\/www.suno.com.br\/noticias\/mercado\/\">Mercado<\/a><\/span><\/div><div class=\"cardsPage__listCard__boxs__content\"><a href=\"https:\/\/www.suno.com.br\/noticias\/dolar-fecha-baixa-previdencia\/\"><h2 class=\"content__title\">D\u00f3lar fecha em baixa com aten\u00e7\u00f5es voltadas \u00e0 reforma da Previd\u00eancia<\/h2><\/a><div class=\"newsContent__article__meta\"><div class=\"newsContent__article__meta__authorBox\"><a href=\"https:\/\/www.suno.com.br\/noticias\/author\/renan-dantas\/\" class=\"authorBox__avatar noMobi\"><img src=\"https:\/\/secure.gravatar.com\/avatar\/1787b83e7484a08e51d62ac8b41c8396?s=96&#038;r=g\" alt=\"Renan Dantas\"><\/a><div class=\"authorBox__name\"><span>por\n\t\t\t<a href=\"https:\/\/www.suno.com.br\/noticias\/author\/renan-dantas\/\"><span itemprop=\"author\">Renan Dantas<\/span><\/a><\/span><time datetime=\"2019-04-08T17:21:46-03:00\" itemprop=\"datePublished\">08\/04\/2019 17:21<\/time><\/div><\/div><\/div><\/div><\/div>","single_layout":"posts","amp_enabled":true,"_links":{"self":[{"href":"https:\/\/www.suno.com.br\/noticias\/wp-json\/wp\/v2\/posts\/20302"}],"collection":[{"href":"https:\/\/www.suno.com.br\/noticias\/wp-json\/wp\/v2\/posts"}],"about":[{"href":"https:\/\/www.suno.com.br\/noticias\/wp-json\/wp\/v2\/types\/post"}],"author":[{"embeddable":true,"href":"https:\/\/www.suno.com.br\/noticias\/wp-json\/wp\/v2\/users\/14"}],"replies":[{"embeddable":true,"href":"https:\/\/www.suno.com.br\/noticias\/wp-json\/wp\/v2\/comments?post=20302"}],"version-history":[{"count":0,"href":"https:\/\/www.suno.com.br\/noticias\/wp-json\/wp\/v2\/posts\/20302\/revisions"}],"wp:featuredmedia":[{"embeddable":true,"href":"https:\/\/www.suno.com.br\/noticias\/wp-json\/wp\/v2\/media\/12876"}],"wp:attachment":[{"href":"https:\/\/www.suno.com.br\/noticias\/wp-json\/wp\/v2\/media?parent=20302"}],"wp:term":[{"taxonomy":"category","embeddable":true,"href":"https:\/\/www.suno.com.br\/noticias\/wp-json\/wp\/v2\/categories?post=20302"},{"taxonomy":"post_tag","embeddable":true,"href":"https:\/\/www.suno.com.br\/noticias\/wp-json\/wp\/v2\/tags?post=20302"},{"taxonomy":"suno_strategy","embeddable":true,"href":"https:\/\/www.suno.com.br\/noticias\/wp-json\/wp\/v2\/suno_strategy?post=20302"}],"curies":[{"name":"wp","href":"https:\/\/api.w.org\/{rel}","templated":true}]}}