{"id":202922,"date":"2021-11-09T09:09:07","date_gmt":"2021-11-09T12:09:07","guid":{"rendered":"https:\/\/www.suno.com.br\/noticias\/?p=202922"},"modified":"2021-11-09T09:13:31","modified_gmt":"2021-11-09T12:13:31","slug":"stf-emendas-do-relator-votacao","status":"publish","type":"post","link":"https:\/\/www.suno.com.br\/noticias\/stf-emendas-do-relator-votacao\/","title":{"rendered":"STF julga suspens\u00e3o das emendas do relator e j\u00e1 tem quatro votos a favor"},"content":{"rendered":"<p>Em sess\u00e3o no plen\u00e1rio virtual, iniciada \u00e0s 0h desta ter\u00e7a-feira (09), os ministros Lu\u00eds Roberto Barroso, C\u00e1rmen L\u00facia e Edson Fachin, do Supremo Tribunal Federal (<strong>STF<\/strong>), votaram a favor da suspens\u00e3o dos repasses parlamentares feitos por meio de emendas de relator. Os votos acompanharam o relator do caso, ministra Rosa Weber. Com isso, j\u00e1 s\u00e3o quatro votos favor\u00e1veis e nenhum contr\u00e1rio ao veto dos repasses.<\/p>\t<div class=\"wrapper-featured-image\">\n\t\t<figure class=\"spotlightImg\">\n\n\t\t\t<picture>\n\t\t\t\t<source media=\"(max-width: 768px)\" srcset=\"https:\/\/files.sunoresearch.com.br\/n\/uploads\/2021\/11\/STF_agencia_brasil-400x200.jpg\">\n\t\t\t\t<img loading=\"lazy\" decoding=\"async\" class=\"newsContent__article__imgCapa lazyloadDisabled \" src=\"https:\/\/files.sunoresearch.com.br\/n\/uploads\/2021\/11\/STF_agencia_brasil-800x450.jpg\" width=\"800\" height=\"450\" alt=\"STF julga suspens\u00e3o das emendas do relator e j\u00e1 tem quatro votos a favor\" fetchpriority=high \/>\n\t\t\t<\/picture>\n\n\t\t\t<figcaption class=\"wp-caption-text wp-caption-text--show\">Os ministros do STF Edson Fachin, Rosa Weber e C\u00e1rmen L\u00facia. Foto: Fabio Rodrigues Pozzebom\/Ag\u00eancia Brasil<\/figcaption>\n\t\t<\/figure>\n\t<\/div>\n\n\n\t<p>\n\t\t<a href=\"https:\/\/lp.suno.com.br\/planilha-controle-gastos\/\" target=\"_blank\" data-element=\"shortcode-suno-banner\" title=\"Banner SUNO, clique e saiba mais\">\n\t\t\t<picture>\n\t\t\t\t<source media=\"(max-width: 500px)\" srcset=\"https:\/\/files.sunoresearch.com.br\/n\/uploads\/2023\/03\/400x300-Planilha-controle-de-gastos.png\">\n\t\t\t\t<img class=\"newsContent__article__imgCapa newsContent__article__imgCapa--banner\"\n\t\t\t\t\tsrc=\"https:\/\/files.sunoresearch.com.br\/n\/uploads\/2023\/03\/1420x240-Planilha-controle-de-gastos.png\"\n\t\t\t\t\tdata-promo-id=\"101751\"\t\t\t\t\t\t\t\t\t\twidth='1420' height='240'\t\t\t\t\talt=\"https:\/\/files.sunoresearch.com.br\/n\/uploads\/2023\/03\/1420x240-Planilha-controle-de-gastos.png\"\n\t\t\t\t>\n\t\t\t<\/picture>\n\t\t<\/a>\n\t<\/p>\n\n\n<p>Chamadas tamb\u00e9m de \u201c<strong>or\u00e7amento secreto<\/strong>\u201d, as <strong>emendas do relator<\/strong> est\u00e3o sendo <a href=\"https:\/\/www.suno.com.br\/noticias\/oab-diz-que-pec-dos-precatorios-e-tentativa-de-calote-repaginada\/\" target=\"_blank\" rel=\"noopener\">criticadas por especialistas<\/a> e pela oposi\u00e7\u00e3o ao governo por falta de transpar\u00eancia sobre sua finalidade e descontrole em sua execu\u00e7\u00e3o. Segundo parecer da <strong>ministra do STF<\/strong>, o regramento pertinente \u00e0s emendas distancia-se de ideais republicanos de transpar\u00eancia e impessoalidade, bem como \u00e9 incompat\u00edvel com o regime democr\u00e1tico.<\/p>\n<p>O prazo para <strong>vota\u00e7\u00e3o dos ministros<\/strong> foi aberto \u00e0s 0h desta ter\u00e7a e segue at\u00e9 as 23h59 de amanh\u00e3. Desde sexta-feira (05), a execu\u00e7\u00e3o das emendas do relator est\u00e3o suspensas e devem continuar assim at\u00e9 a conclus\u00e3o da vota\u00e7\u00e3o pelo Supremo.<\/p>\n<p>Em decis\u00e3o de suspender os pagamentos, a ministra escreveu:<\/p>\n<p>&#8220;Causa perplexidade a descoberta de que parcela significativa do or\u00e7amento da Uni\u00e3o Federal esteja sendo ofertada a grupo de parlamentares, mediante distribui\u00e7\u00e3o arbitr\u00e1ria entabulada entre coaliz\u00f5es pol\u00edticas, para que tais congressistas utilizem recursos p\u00fablicos conforme seus interesses pessoais, sem a observ\u00e2ncia de crit\u00e9rios objetivos destinados \u00e0 concretiza\u00e7\u00e3o das pol\u00edticas p\u00fablicas a que deveriam servir as despesas (&#8230;)&#8221;.<\/p>\n\t<div data-element=\"shortcode-read-more\" class=\"knowMore\">\n\t\t\t\t<a class=\"knowMore__link\" href=\"https:\/\/www.suno.com.br\/noticias\/camara-votacao-da-pec-dos-precatorios\/\">\n\t\t\tC\u00e2mara pode continuar vota\u00e7\u00e3o da PEC dos Precat\u00f3rios nesta ter\u00e7a-feira\t\t<\/a>\n\t<\/div>\n\n\n<h2>Rela\u00e7\u00e3o com a PEC dos Precat\u00f3rios<\/h2>\n<p>A decis\u00e3o de suspens\u00e3o dos pagamentos pela ministra<strong> Rosa Weber<\/strong> foi dada no mesmo dia em que se soube da distribui\u00e7\u00e3o de R$ 1,2 bilh\u00e3o a deputados, na v\u00e9spera da vota\u00e7\u00e3o da<strong> PEC dos precat\u00f3rios<\/strong>.\u00a0Partidos da oposi\u00e7\u00e3o afirmam que os recursos p\u00fablicos t\u00eam sido usados pelo governo atual como moeda de troca na negocia\u00e7\u00e3o com o Congresso.<\/p>\n\t<p>\n\t\t<a href=\"https:\/\/lp.suno.com.br\/planilha-da-vida-financeira\/\" target=\"_blank\" data-element=\"shortcode-suno-banner\" title=\"Banner SUNO, clique e saiba mais\">\n\t\t\t<picture>\n\t\t\t\t<source media=\"(max-width: 500px)\" srcset=\"https:\/\/files.sunoresearch.com.br\/n\/uploads\/2023\/04\/400x300-Planilha-vida-financeira-true.png\">\n\t\t\t\t<img class=\"newsContent__article__imgCapa newsContent__article__imgCapa--banner\"\n\t\t\t\t\tsrc=\"https:\/\/files.sunoresearch.com.br\/n\/uploads\/2023\/04\/1420x240-Planilha-vida-financeira-true.png\"\n\t\t\t\t\tdata-promo-id=\"106682\"\t\t\t\t\t\t\t\t\t\twidth='1420' height='240'\t\t\t\t\talt=\"https:\/\/files.sunoresearch.com.br\/n\/uploads\/2023\/04\/1420x240-Planilha-vida-financeira-true.png\"\n\t\t\t\t>\n\t\t\t<\/picture>\n\t\t<\/a>\n\t<\/p>\n\n\n<p>Um grupo de deputados dos partidos PSOL, Novo, Cidadania e PSB entraram com pedidos no STF para contestar a vota\u00e7\u00e3o em primeiro turno da PEC dos Precat\u00f3rios, devido a postura adotada pelo presidente da C\u00e2mara, <strong>Arthur Lira<\/strong>, durante a vota\u00e7\u00e3o. Eles alegam manobras irregulares durante a sess\u00e3o, com destaque para:<\/p>\n<ul>\n<li>vota\u00e7\u00e3o de deputados que n\u00e3o estavam presentes na C\u00e2mara;<\/li>\n<li>foi votado um texto final, com emendas, que n\u00e3o atendia aos crit\u00e9rios do regimento interno.<\/li>\n<\/ul>\n<p>Entretanto, a ministra Rosa Weber indeferiu os pedidos, mantendo a vota\u00e7\u00e3o feita na semana passada. Veja:<\/p>\n<blockquote class=\"twitter-tweet\">\n<p dir=\"ltr\" lang=\"pt\"><a href=\"https:\/\/twitter.com\/hashtag\/Not%C3%ADciaSTF?src=hash&amp;ref_src=twsrc%5Etfw\">#Not\u00edciaSTF<\/a> A ministra Rosa Weber indeferiu pedidos de liminar apresentados por deputados federais e partidos pol\u00edticos para suspender a tramita\u00e7\u00e3o e vota\u00e7\u00e3o, em primeiro turno, da PEC dos Precat\u00f3rios. (1\/3)<\/p>\n<p>\u2014 STF (@STF_oficial) <a href=\"https:\/\/twitter.com\/STF_oficial\/status\/1458040304263733252?ref_src=twsrc%5Etfw\">November 9, 2021<\/a><\/p><\/blockquote>\n<p><script async src=\"https:\/\/platform.twitter.com\/widgets.js\" charset=\"utf-8\"><\/script><br \/>\nHoje, os destaques do texto devem ser votados a partir das 9h, e o segundo turno est\u00e1 previsto para acontecer na sequ\u00eancia.<\/p>\n\n\t<p>\n\t\t<a href=\"https:\/\/lp.suno.com.br\/ebook-como-analisar-uma-acao\/\" target=\"_blank\" data-element=\"shortcode-suno-banner\" title=\"Banner SUNO, clique e saiba mais\">\n\t\t\t<picture>\n\t\t\t\t<source media=\"(max-width: 500px)\" srcset=\"https:\/\/files.sunoresearch.com.br\/n\/uploads\/2023\/03\/Ebook-Acoes-Mobile-1.jpg\">\n\t\t\t\t<img class=\"newsContent__article__imgCapa newsContent__article__imgCapa--banner\"\n\t\t\t\t\tsrc=\"https:\/\/files.sunoresearch.com.br\/n\/uploads\/2023\/03\/Ebook-Acoes-Desktop-1.jpg\"\n\t\t\t\t\tdata-promo-id=\"171998\"\t\t\t\t\t\t\t\t\t\twidth='1420' height='286'\t\t\t\t\talt=\"https:\/\/files.sunoresearch.com.br\/n\/uploads\/2023\/03\/Ebook-Acoes-Desktop-1.jpg\"\n\t\t\t\t>\n\t\t\t<\/picture>\n\t\t<\/a>\n\t<\/p>\n\n\n<h2>Lira pede revoga\u00e7\u00e3o da liminar do STF<\/h2>\n<p>Arthur Lira enviou uma manifesta\u00e7\u00e3o ao STF, na segunda (08), e defendeu a derrubada da decis\u00e3o liminar da ministra Rosa Weber. O <strong>presidente da C\u00e2mara<\/strong> pediu, ainda, que os pagamentos de emendas de relator continuem em vigor at\u00e9 o julgamento das a\u00e7\u00f5es.<\/p>\n<p>Em sua justificativa, Lira afirma que as emendas do relator no <strong>Or\u00e7amento da Uni\u00e3o<\/strong> s\u00e3o assuntos do Congresso, que n\u00e3o \u00e9 de ordem constitucional, portanto n\u00e3o caberia ao STF julgar: &#8220;as a\u00e7\u00f5es tratam eminentemente de mat\u00e9ria interna corporis, tendo em vista que a previs\u00e3o de emendas do relator n\u00e3o \u00e9 mat\u00e9ria de ordem constitucional e est\u00e1 prevista apenas na Resolu\u00e7\u00e3o n\u00b0 01\/2006-CN\u201d.<\/p>\n<p>Criadas em 2019 para o Or\u00e7amento de 2020, as emendas do relator n\u00e3o s\u00e3o de execu\u00e7\u00e3o obrigat\u00f3ria e seus recursos s\u00e3o definidos pelo relator-geral do Or\u00e7amento, em conjunto aos demais parlamentares. A destina\u00e7\u00e3o do dinheiro s\u00f3 \u00e9 publicada no momento do uso, sem detalhamento no momento da defini\u00e7\u00e3o do valor no Or\u00e7amento.<\/p>\n<p>Em 2020, as emendas do relator somaram R$ 20,1 bilh\u00f5es. Em 2021, o valor chegou a R$ 18,52 bilh\u00f5es no Or\u00e7amento da Uni\u00e3o.<\/p>\n<p>Em seu argumento ao <strong>STF<\/strong>, Lira tamb\u00e9m disse que \u201cas emendas de relator seguem exatamente o mesmo rito de execu\u00e7\u00e3o das demais programa\u00e7\u00f5es constantes das leis or\u00e7ament\u00e1rias, dentro da discricionariedade pr\u00f3pria do Poder Executivo\u201d.<\/p>\n\t<p>\n\t\t<a href=\"\" target=\"_blank\" data-element=\"shortcode-suno-banner\" title=\"Banner SUNO, clique e saiba mais\">\n\t\t\t<picture>\n\t\t\t\t<source media=\"(max-width: 500px)\" srcset=\"\">\n\t\t\t\t<img class=\"newsContent__article__imgCapa newsContent__article__imgCapa--banner\"\n\t\t\t\t\tsrc=\"\"\n\t\t\t\t\tdata-promo-id=\"184190\"\t\t\t\t\t\t\t\t\t\t\t\t\t\t\talt=\"\"\n\t\t\t\t>\n\t\t\t<\/picture>\n\t\t<\/a>\n\t<\/p>\n\n\n","protected":false},"excerpt":{"rendered":"<p>Em sess\u00e3o no plen\u00e1rio virtual, iniciada \u00e0s 0h desta ter\u00e7a-feira (09), os ministros Lu\u00eds Roberto Barroso, C\u00e1rmen L\u00facia e Edson Fachin, do Supremo Tribunal Federal (STF), votaram a favor da suspens\u00e3o dos repasses parlamentares feitos por meio de emendas de relator. Os votos acompanharam o relator do caso, ministra Rosa Weber. Com isso, j\u00e1 s\u00e3o [&hellip;]<\/p>\n","protected":false},"author":102,"featured_media":202941,"comment_status":"closed","ping_status":"closed","sticky":false,"template":"","format":"standard","meta":[],"categories":[61],"tags":[104858,938,785],"suno_strategy":[],"class_list":["post-202922","post","type-post","status-publish","format-standard","has-post-thumbnail","hentry","category-politica","tag-arthur-lira","tag-camara-dos-deputados","tag-supremo-tribunal-federal-stf"],"yoast_head":"<!-- This site is optimized with the Yoast SEO plugin v24.4 - https:\/\/yoast.com\/wordpress\/plugins\/seo\/ -->\n<title>STF julga suspens\u00e3o das emendas do relator e j\u00e1 tem quatro votos a favor<\/title>\n<meta name=\"description\" content=\"Ministros do STF julgam suspens\u00e3o das emendas do relator nesta ter\u00e7a (09) e quarta (10). Veja a import\u00e2ncia do caso e seus desdobramentos.\" \/>\n<meta name=\"robots\" content=\"index, follow, max-snippet:-1, max-image-preview:large, max-video-preview:-1\" \/>\n<link rel=\"canonical\" href=\"https:\/\/www.suno.com.br\/noticias\/stf-emendas-do-relator-votacao\/\" \/>\n<meta property=\"og:locale\" content=\"pt_BR\" \/>\n<meta property=\"og:type\" content=\"article\" \/>\n<meta property=\"og:title\" content=\"STF julga suspens\u00e3o das emendas do relator e j\u00e1 tem quatro votos a favor\" \/>\n<meta property=\"og:description\" content=\"Ministros do STF julgam suspens\u00e3o das emendas do relator nesta ter\u00e7a (09) e quarta (10). Veja a import\u00e2ncia do caso e seus desdobramentos.\" \/>\n<meta property=\"og:url\" content=\"https:\/\/www.suno.com.br\/noticias\/stf-emendas-do-relator-votacao\/\" \/>\n<meta property=\"og:site_name\" content=\"Suno Not\u00edcias\" \/>\n<meta property=\"article:publisher\" content=\"https:\/\/facebook.com\/sunoresearch\" \/>\n<meta property=\"og:image\" content=\"https:\/\/files.sunoresearch.com.br\/n\/uploads\/2021\/11\/STF_agencia_brasil.jpg\" \/>\n\t<meta property=\"og:image:width\" content=\"1024\" \/>\n\t<meta property=\"og:image:height\" content=\"768\" \/>\n\t<meta property=\"og:image:type\" content=\"image\/jpeg\" \/>\n<meta name=\"author\" content=\"Monique Lima\" \/>\n<meta name=\"twitter:card\" content=\"summary_large_image\" \/>\n<meta name=\"twitter:creator\" content=\"@sunoresearch\" \/>\n<meta name=\"twitter:site\" content=\"@sunoresearch\" \/>\n<meta name=\"twitter:label1\" content=\"Escrito por\" \/>\n\t<meta name=\"twitter:data1\" content=\"Monique Lima\" \/>\n\t<meta name=\"twitter:label2\" content=\"Est. tempo de leitura\" \/>\n\t<meta name=\"twitter:data2\" content=\"3 minutos\" \/>\n<script type=\"application\/ld+json\" class=\"yoast-schema-graph\">{\"@context\":\"https:\/\/schema.org\",\"@graph\":[{\"@type\":\"NewsArticle\",\"@id\":\"https:\/\/www.suno.com.br\/noticias\/stf-emendas-do-relator-votacao\/#article\",\"isPartOf\":{\"@id\":\"https:\/\/www.suno.com.br\/noticias\/stf-emendas-do-relator-votacao\/\"},\"author\":{\"name\":\"Monique Lima\",\"@id\":\"https:\/\/www.suno.com.br\/noticias\/#\/schema\/person\/d712329319cc9b10f254d02d654cb36a\"},\"headline\":\"STF julga suspens\u00e3o das emendas do relator e j\u00e1 tem quatro votos a favor\",\"datePublished\":\"2021-11-09T12:09:07+00:00\",\"dateModified\":\"2021-11-09T12:13:31+00:00\",\"mainEntityOfPage\":{\"@id\":\"https:\/\/www.suno.com.br\/noticias\/stf-emendas-do-relator-votacao\/\"},\"wordCount\":784,\"publisher\":{\"@id\":\"https:\/\/www.suno.com.br\/noticias\/#organization\"},\"image\":{\"@id\":\"https:\/\/www.suno.com.br\/noticias\/stf-emendas-do-relator-votacao\/#primaryimage\"},\"thumbnailUrl\":\"https:\/\/files.sunoresearch.com.br\/n\/uploads\/2021\/11\/STF_agencia_brasil.jpg\",\"keywords\":[\"Arthur Lira\",\"C\u00e2mara dos Deputados\",\"Supremo Tribunal Federal (STF)\"],\"articleSection\":[\"Pol\u00edtica\"],\"inLanguage\":\"pt-BR\"},{\"@type\":\"WebPage\",\"@id\":\"https:\/\/www.suno.com.br\/noticias\/stf-emendas-do-relator-votacao\/\",\"url\":\"https:\/\/www.suno.com.br\/noticias\/stf-emendas-do-relator-votacao\/\",\"name\":\"STF julga suspens\u00e3o das emendas do relator e j\u00e1 tem quatro votos a favor\",\"isPartOf\":{\"@id\":\"https:\/\/www.suno.com.br\/noticias\/#website\"},\"primaryImageOfPage\":{\"@id\":\"https:\/\/www.suno.com.br\/noticias\/stf-emendas-do-relator-votacao\/#primaryimage\"},\"image\":{\"@id\":\"https:\/\/www.suno.com.br\/noticias\/stf-emendas-do-relator-votacao\/#primaryimage\"},\"thumbnailUrl\":\"https:\/\/files.sunoresearch.com.br\/n\/uploads\/2021\/11\/STF_agencia_brasil.jpg\",\"datePublished\":\"2021-11-09T12:09:07+00:00\",\"dateModified\":\"2021-11-09T12:13:31+00:00\",\"description\":\"Ministros do STF julgam suspens\u00e3o das emendas do relator nesta ter\u00e7a (09) e quarta (10). Veja a import\u00e2ncia do caso e seus desdobramentos.\",\"breadcrumb\":{\"@id\":\"https:\/\/www.suno.com.br\/noticias\/stf-emendas-do-relator-votacao\/#breadcrumb\"},\"inLanguage\":\"pt-BR\",\"potentialAction\":[{\"@type\":\"ReadAction\",\"target\":[\"https:\/\/www.suno.com.br\/noticias\/stf-emendas-do-relator-votacao\/\"]}]},{\"@type\":\"ImageObject\",\"inLanguage\":\"pt-BR\",\"@id\":\"https:\/\/www.suno.com.br\/noticias\/stf-emendas-do-relator-votacao\/#primaryimage\",\"url\":\"https:\/\/files.sunoresearch.com.br\/n\/uploads\/2021\/11\/STF_agencia_brasil.jpg\",\"contentUrl\":\"https:\/\/files.sunoresearch.com.br\/n\/uploads\/2021\/11\/STF_agencia_brasil.jpg\",\"width\":1024,\"height\":768,\"caption\":\"Os ministros do STF Edson Fachin, Rosa Weber e C\u00e1rmen L\u00facia. Foto: Fabio Rodrigues Pozzebom\/Ag\u00eancia Brasil\"},{\"@type\":\"BreadcrumbList\",\"@id\":\"https:\/\/www.suno.com.br\/noticias\/stf-emendas-do-relator-votacao\/#breadcrumb\",\"itemListElement\":[{\"@type\":\"ListItem\",\"position\":1,\"name\":\"Not\u00edcias\",\"item\":\"https:\/\/www.suno.com.br\/noticias\/\"},{\"@type\":\"ListItem\",\"position\":2,\"name\":\"Pol\u00edtica\",\"item\":\"https:\/\/www.suno.com.br\/noticias\/politica\/\"},{\"@type\":\"ListItem\",\"position\":3,\"name\":\"STF julga suspens\u00e3o das emendas do relator e j\u00e1 tem quatro votos a favor\"}]},{\"@type\":\"WebSite\",\"@id\":\"https:\/\/www.suno.com.br\/noticias\/#website\",\"url\":\"https:\/\/www.suno.com.br\/noticias\/\",\"name\":\"Suno Not\u00edcias\",\"description\":\"Seu portal de informa\u00e7\u00e3o sobre o mundo dos investimentos\",\"publisher\":{\"@id\":\"https:\/\/www.suno.com.br\/noticias\/#organization\"},\"potentialAction\":[{\"@type\":\"SearchAction\",\"target\":{\"@type\":\"EntryPoint\",\"urlTemplate\":\"https:\/\/www.suno.com.br\/noticias\/?s={search_term_string}\"},\"query-input\":{\"@type\":\"PropertyValueSpecification\",\"valueRequired\":true,\"valueName\":\"search_term_string\"}}],\"inLanguage\":\"pt-BR\"},{\"@type\":\"Organization\",\"@id\":\"https:\/\/www.suno.com.br\/noticias\/#organization\",\"name\":\"Suno Not\u00edcias\",\"url\":\"https:\/\/www.suno.com.br\/noticias\/\",\"logo\":{\"@type\":\"ImageObject\",\"inLanguage\":\"pt-BR\",\"@id\":\"https:\/\/www.suno.com.br\/noticias\/#\/schema\/logo\/image\/\",\"url\":\"https:\/\/files.sunoresearch.com.br\/n\/uploads\/2021\/09\/suno-logo.png\",\"contentUrl\":\"https:\/\/files.sunoresearch.com.br\/n\/uploads\/2021\/09\/suno-logo.png\",\"width\":180,\"height\":180,\"caption\":\"Suno Not\u00edcias\"},\"image\":{\"@id\":\"https:\/\/www.suno.com.br\/noticias\/#\/schema\/logo\/image\/\"},\"sameAs\":[\"https:\/\/facebook.com\/sunoresearch\",\"https:\/\/x.com\/sunoresearch\",\"https:\/\/www.instagram.com\/suno\",\"https:\/\/www.linkedin.com\/company\/suno-research\/\",\"https:\/\/www.youtube.com\/c\/sunoresearch\"]},{\"@type\":\"Person\",\"@id\":\"https:\/\/www.suno.com.br\/noticias\/#\/schema\/person\/d712329319cc9b10f254d02d654cb36a\",\"name\":\"Monique Lima\",\"image\":{\"@type\":\"ImageObject\",\"inLanguage\":\"pt-BR\",\"@id\":\"https:\/\/www.suno.com.br\/noticias\/#\/schema\/person\/image\/\",\"url\":\"https:\/\/secure.gravatar.com\/avatar\/daee7f16d906c2e9ffed236206ca2c30?s=96&r=g\",\"contentUrl\":\"https:\/\/secure.gravatar.com\/avatar\/daee7f16d906c2e9ffed236206ca2c30?s=96&r=g\",\"caption\":\"Monique Lima\"},\"description\":\"Rep\u00f3rter de Mercado no Suno Not\u00edcias, \u00e9 jornalista com experi\u00eancia na cobertura de economia, empreendedorismo, finan\u00e7as pessoais, mercado financeiro, carreira e recursos humanos. Formada em Jornalismo pela Universidade Paulista, teve experi\u00eancias em ve\u00edculos de comunica\u00e7\u00e3o como a Ag\u00eancia TradeMap, Revista Voc\u00ea S\/A e Revista Voc\u00ea RH, as duas \u00faltimas publica\u00e7\u00f5es da Editora Abril. No Suno Not\u00edcias, fala sobre as principais not\u00edcias de Fundos Imobili\u00e1rios, Fiagro, Startups e empresas listadas na Bolsa.\",\"url\":\"https:\/\/www.suno.com.br\/noticias\/author\/monique-lima\/\"}]}<\/script>\n<!-- \/ Yoast SEO plugin. -->","yoast_head_json":{"title":"STF julga suspens\u00e3o das emendas do relator e j\u00e1 tem quatro votos a favor","description":"Ministros do STF julgam suspens\u00e3o das emendas do relator nesta ter\u00e7a (09) e quarta (10). Veja a import\u00e2ncia do caso e seus desdobramentos.","robots":{"index":"index","follow":"follow","max-snippet":"max-snippet:-1","max-image-preview":"max-image-preview:large","max-video-preview":"max-video-preview:-1"},"canonical":"https:\/\/www.suno.com.br\/noticias\/stf-emendas-do-relator-votacao\/","og_locale":"pt_BR","og_type":"article","og_title":"STF julga suspens\u00e3o das emendas do relator e j\u00e1 tem quatro votos a favor","og_description":"Ministros do STF julgam suspens\u00e3o das emendas do relator nesta ter\u00e7a (09) e quarta (10). Veja a import\u00e2ncia do caso e seus desdobramentos.","og_url":"https:\/\/www.suno.com.br\/noticias\/stf-emendas-do-relator-votacao\/","og_site_name":"Suno Not\u00edcias","article_publisher":"https:\/\/facebook.com\/sunoresearch","og_image":[{"width":1024,"height":768,"url":"https:\/\/files.sunoresearch.com.br\/n\/uploads\/2021\/11\/STF_agencia_brasil.jpg","type":"image\/jpeg"}],"author":"Monique Lima","twitter_card":"summary_large_image","twitter_creator":"@sunoresearch","twitter_site":"@sunoresearch","twitter_misc":{"Escrito por":"Monique Lima","Est. tempo de leitura":"3 minutos"},"schema":{"@context":"https:\/\/schema.org","@graph":[{"@type":"NewsArticle","@id":"https:\/\/www.suno.com.br\/noticias\/stf-emendas-do-relator-votacao\/#article","isPartOf":{"@id":"https:\/\/www.suno.com.br\/noticias\/stf-emendas-do-relator-votacao\/"},"author":{"name":"Monique Lima","@id":"https:\/\/www.suno.com.br\/noticias\/#\/schema\/person\/d712329319cc9b10f254d02d654cb36a"},"headline":"STF julga suspens\u00e3o das emendas do relator e j\u00e1 tem quatro votos a favor","datePublished":"2021-11-09T12:09:07+00:00","dateModified":"2021-11-09T12:13:31+00:00","mainEntityOfPage":{"@id":"https:\/\/www.suno.com.br\/noticias\/stf-emendas-do-relator-votacao\/"},"wordCount":784,"publisher":{"@id":"https:\/\/www.suno.com.br\/noticias\/#organization"},"image":{"@id":"https:\/\/www.suno.com.br\/noticias\/stf-emendas-do-relator-votacao\/#primaryimage"},"thumbnailUrl":"https:\/\/files.sunoresearch.com.br\/n\/uploads\/2021\/11\/STF_agencia_brasil.jpg","keywords":["Arthur Lira","C\u00e2mara dos Deputados","Supremo Tribunal Federal (STF)"],"articleSection":["Pol\u00edtica"],"inLanguage":"pt-BR"},{"@type":"WebPage","@id":"https:\/\/www.suno.com.br\/noticias\/stf-emendas-do-relator-votacao\/","url":"https:\/\/www.suno.com.br\/noticias\/stf-emendas-do-relator-votacao\/","name":"STF julga suspens\u00e3o das emendas do relator e j\u00e1 tem quatro votos a favor","isPartOf":{"@id":"https:\/\/www.suno.com.br\/noticias\/#website"},"primaryImageOfPage":{"@id":"https:\/\/www.suno.com.br\/noticias\/stf-emendas-do-relator-votacao\/#primaryimage"},"image":{"@id":"https:\/\/www.suno.com.br\/noticias\/stf-emendas-do-relator-votacao\/#primaryimage"},"thumbnailUrl":"https:\/\/files.sunoresearch.com.br\/n\/uploads\/2021\/11\/STF_agencia_brasil.jpg","datePublished":"2021-11-09T12:09:07+00:00","dateModified":"2021-11-09T12:13:31+00:00","description":"Ministros do STF julgam suspens\u00e3o das emendas do relator nesta ter\u00e7a (09) e quarta (10). Veja a import\u00e2ncia do caso e seus desdobramentos.","breadcrumb":{"@id":"https:\/\/www.suno.com.br\/noticias\/stf-emendas-do-relator-votacao\/#breadcrumb"},"inLanguage":"pt-BR","potentialAction":[{"@type":"ReadAction","target":["https:\/\/www.suno.com.br\/noticias\/stf-emendas-do-relator-votacao\/"]}]},{"@type":"ImageObject","inLanguage":"pt-BR","@id":"https:\/\/www.suno.com.br\/noticias\/stf-emendas-do-relator-votacao\/#primaryimage","url":"https:\/\/files.sunoresearch.com.br\/n\/uploads\/2021\/11\/STF_agencia_brasil.jpg","contentUrl":"https:\/\/files.sunoresearch.com.br\/n\/uploads\/2021\/11\/STF_agencia_brasil.jpg","width":1024,"height":768,"caption":"Os ministros do STF Edson Fachin, Rosa Weber e C\u00e1rmen L\u00facia. Foto: Fabio Rodrigues Pozzebom\/Ag\u00eancia Brasil"},{"@type":"BreadcrumbList","@id":"https:\/\/www.suno.com.br\/noticias\/stf-emendas-do-relator-votacao\/#breadcrumb","itemListElement":[{"@type":"ListItem","position":1,"name":"Not\u00edcias","item":"https:\/\/www.suno.com.br\/noticias\/"},{"@type":"ListItem","position":2,"name":"Pol\u00edtica","item":"https:\/\/www.suno.com.br\/noticias\/politica\/"},{"@type":"ListItem","position":3,"name":"STF julga suspens\u00e3o das emendas do relator e j\u00e1 tem quatro votos a favor"}]},{"@type":"WebSite","@id":"https:\/\/www.suno.com.br\/noticias\/#website","url":"https:\/\/www.suno.com.br\/noticias\/","name":"Suno Not\u00edcias","description":"Seu portal de informa\u00e7\u00e3o sobre o mundo dos investimentos","publisher":{"@id":"https:\/\/www.suno.com.br\/noticias\/#organization"},"potentialAction":[{"@type":"SearchAction","target":{"@type":"EntryPoint","urlTemplate":"https:\/\/www.suno.com.br\/noticias\/?s={search_term_string}"},"query-input":{"@type":"PropertyValueSpecification","valueRequired":true,"valueName":"search_term_string"}}],"inLanguage":"pt-BR"},{"@type":"Organization","@id":"https:\/\/www.suno.com.br\/noticias\/#organization","name":"Suno Not\u00edcias","url":"https:\/\/www.suno.com.br\/noticias\/","logo":{"@type":"ImageObject","inLanguage":"pt-BR","@id":"https:\/\/www.suno.com.br\/noticias\/#\/schema\/logo\/image\/","url":"https:\/\/files.sunoresearch.com.br\/n\/uploads\/2021\/09\/suno-logo.png","contentUrl":"https:\/\/files.sunoresearch.com.br\/n\/uploads\/2021\/09\/suno-logo.png","width":180,"height":180,"caption":"Suno Not\u00edcias"},"image":{"@id":"https:\/\/www.suno.com.br\/noticias\/#\/schema\/logo\/image\/"},"sameAs":["https:\/\/facebook.com\/sunoresearch","https:\/\/x.com\/sunoresearch","https:\/\/www.instagram.com\/suno","https:\/\/www.linkedin.com\/company\/suno-research\/","https:\/\/www.youtube.com\/c\/sunoresearch"]},{"@type":"Person","@id":"https:\/\/www.suno.com.br\/noticias\/#\/schema\/person\/d712329319cc9b10f254d02d654cb36a","name":"Monique Lima","image":{"@type":"ImageObject","inLanguage":"pt-BR","@id":"https:\/\/www.suno.com.br\/noticias\/#\/schema\/person\/image\/","url":"https:\/\/secure.gravatar.com\/avatar\/daee7f16d906c2e9ffed236206ca2c30?s=96&r=g","contentUrl":"https:\/\/secure.gravatar.com\/avatar\/daee7f16d906c2e9ffed236206ca2c30?s=96&r=g","caption":"Monique Lima"},"description":"Rep\u00f3rter de Mercado no Suno Not\u00edcias, \u00e9 jornalista com experi\u00eancia na cobertura de economia, empreendedorismo, finan\u00e7as pessoais, mercado financeiro, carreira e recursos humanos. Formada em Jornalismo pela Universidade Paulista, teve experi\u00eancias em ve\u00edculos de comunica\u00e7\u00e3o como a Ag\u00eancia TradeMap, Revista Voc\u00ea S\/A e Revista Voc\u00ea RH, as duas \u00faltimas publica\u00e7\u00f5es da Editora Abril. No Suno Not\u00edcias, fala sobre as principais not\u00edcias de Fundos Imobili\u00e1rios, Fiagro, Startups e empresas listadas na Bolsa.","url":"https:\/\/www.suno.com.br\/noticias\/author\/monique-lima\/"}]}},"default_loop_html":"<div class=\"cardsPage__listCard__boxs\"><div class=\"cardsPage__listCard__boxs__img\"><a href=\"https:\/\/www.suno.com.br\/noticias\/stf-emendas-do-relator-votacao\/\"><img class=\"mask\" src=\"https:\/\/www.suno.com.br\/noticias\/wp-content\/themes\/suno\/resources\/images\/spotlight\/spotlight1img\/bg-mask.png\" alt=\"Image Mask\"\/><img src=\"https:\/\/files.sunoresearch.com.br\/n\/uploads\/2021\/11\/STF_agencia_brasil-400x200.jpg\" alt=\"STF julga suspens\u00e3o das emendas do relator e j\u00e1 tem quatro votos a favor\"\/><\/a><span class=\"spotlightCategory\"><a href=\"https:\/\/www.suno.com.br\/noticias\/politica\/\">Pol\u00edtica<\/a><\/span><\/div><div class=\"cardsPage__listCard__boxs__content\"><a href=\"https:\/\/www.suno.com.br\/noticias\/stf-emendas-do-relator-votacao\/\"><h2 class=\"content__title\">STF julga suspens\u00e3o das emendas do relator e j\u00e1 tem quatro votos a favor<\/h2><\/a><div class=\"newsContent__article__meta\"><div class=\"newsContent__article__meta__authorBox\"><a href=\"https:\/\/www.suno.com.br\/noticias\/author\/monique-lima\/\" class=\"authorBox__avatar noMobi\"><img src=\"https:\/\/secure.gravatar.com\/avatar\/daee7f16d906c2e9ffed236206ca2c30?s=96&#038;r=g\" alt=\"Monique Lima\"><\/a><div class=\"authorBox__name\"><span>por\n\t\t\t<a href=\"https:\/\/www.suno.com.br\/noticias\/author\/monique-lima\/\"><span itemprop=\"author\">Monique Lima<\/span><\/a><\/span><time datetime=\"2021-11-09T09:09:07-03:00\" itemprop=\"datePublished\">09\/11\/2021 09:09<\/time><\/div><\/div><\/div><\/div><\/div>","single_layout":"posts","amp_enabled":true,"_links":{"self":[{"href":"https:\/\/www.suno.com.br\/noticias\/wp-json\/wp\/v2\/posts\/202922"}],"collection":[{"href":"https:\/\/www.suno.com.br\/noticias\/wp-json\/wp\/v2\/posts"}],"about":[{"href":"https:\/\/www.suno.com.br\/noticias\/wp-json\/wp\/v2\/types\/post"}],"author":[{"embeddable":true,"href":"https:\/\/www.suno.com.br\/noticias\/wp-json\/wp\/v2\/users\/102"}],"replies":[{"embeddable":true,"href":"https:\/\/www.suno.com.br\/noticias\/wp-json\/wp\/v2\/comments?post=202922"}],"version-history":[{"count":3,"href":"https:\/\/www.suno.com.br\/noticias\/wp-json\/wp\/v2\/posts\/202922\/revisions"}],"predecessor-version":[{"id":202948,"href":"https:\/\/www.suno.com.br\/noticias\/wp-json\/wp\/v2\/posts\/202922\/revisions\/202948"}],"wp:featuredmedia":[{"embeddable":true,"href":"https:\/\/www.suno.com.br\/noticias\/wp-json\/wp\/v2\/media\/202941"}],"wp:attachment":[{"href":"https:\/\/www.suno.com.br\/noticias\/wp-json\/wp\/v2\/media?parent=202922"}],"wp:term":[{"taxonomy":"category","embeddable":true,"href":"https:\/\/www.suno.com.br\/noticias\/wp-json\/wp\/v2\/categories?post=202922"},{"taxonomy":"post_tag","embeddable":true,"href":"https:\/\/www.suno.com.br\/noticias\/wp-json\/wp\/v2\/tags?post=202922"},{"taxonomy":"suno_strategy","embeddable":true,"href":"https:\/\/www.suno.com.br\/noticias\/wp-json\/wp\/v2\/suno_strategy?post=202922"}],"curies":[{"name":"wp","href":"https:\/\/api.w.org\/{rel}","templated":true}]}}