{"id":20223,"date":"2019-04-07T17:09:35","date_gmt":"2019-04-07T20:09:35","guid":{"rendered":"https:\/\/www.suno.com.br\/noticias\/?p=20223"},"modified":"2021-06-13T23:46:50","modified_gmt":"2021-06-14T02:46:50","slug":"a-seguir-avancos-na-reforma-da-previdencia-e-no-embate-eua-vs-china","status":"publish","type":"post","link":"https:\/\/www.suno.com.br\/noticias\/a-seguir-avancos-na-reforma-da-previdencia-e-no-embate-eua-vs-china\/","title":{"rendered":"A seguir: Avan\u00e7os na Reforma Da Previd\u00eancia e no embate EUA vs China"},"content":{"rendered":"<p>Para o nosso panorama macro, seguimos com a nossa habitual abordagem de fatos pol\u00edticos e econ\u00f4micos que possuem o potencial de afetarem o mercado, com a nossa vis\u00e3o sobre como esse impacto pode se dar.<\/p>\t<div class=\"wrapper-featured-image\">\n\t\t<figure class=\"spotlightImg\">\n\n\t\t\t<picture>\n\t\t\t\t<source media=\"(max-width: 768px)\" srcset=\"https:\/\/files.sunoresearch.com.br\/n\/uploads\/2019\/04\/4f4cca5d-02_01_2018_-_cerimo\u0302nia_de_transmissa\u0303o_do_cargo_do_ministro_de_estado_da_economia_paulo_roberto_nunes_guedes_46524112482-400x200.webp\">\n\t\t\t\t<img loading=\"lazy\" decoding=\"async\" class=\"newsContent__article__imgCapa lazyloadDisabled newsContent__article__imgCapa--noCaption\" src=\"https:\/\/files.sunoresearch.com.br\/n\/uploads\/2019\/04\/4f4cca5d-02_01_2018_-_cerimo\u0302nia_de_transmissa\u0303o_do_cargo_do_ministro_de_estado_da_economia_paulo_roberto_nunes_guedes_46524112482-800x450.webp\" width=\"800\" height=\"450\" alt=\"A seguir: Avan\u00e7os na Reforma Da Previd\u00eancia e no embate EUA vs China\" fetchpriority=high \/>\n\t\t\t<\/picture>\n\n\t\t\t<figcaption class=\"wp-caption-text wp-caption-text--hide\">Paulo Guedes diz que Brasil negocia cria\u00e7\u00e3o de \u00e1rea de livre com\u00e9rcio com a China<\/figcaption>\n\t\t<\/figure>\n\t<\/div>\n\n\n<hr \/>\n<h2><strong>Reforma da previd\u00eancia segue em destaque no cen\u00e1rio nacional<\/strong><\/h2>\n<p>Apesar de boa parte do publico ter visto como negativa a participa\u00e7\u00e3o do Ministro Paulo Guedes na plen\u00e1ria da CCJ na \u00faltima semana, onde o mesmo foi duramente criticado, a reflex\u00e3o que fica \u00e9 diferente.<\/p>\n<p>Em nossa vis\u00e3o a relev\u00e2ncia do que aconteceu ali \u00e9 baixa, quando comparada \u00e0s negocia\u00e7\u00f5es que est\u00e3o sendo feitas e avan\u00e7ando nos bastidores.<\/p>\n\t<p>\n\t\t<a href=\"https:\/\/lp.suno.com.br\/asset\/fundos\/suno-fic-fia\/\" target=\"_blank\" data-element=\"shortcode-suno-banner\" title=\"Banner SUNO, clique e saiba mais\">\n\t\t\t<picture>\n\t\t\t\t<source media=\"(max-width: 500px)\" srcset=\"https:\/\/files.sunoresearch.com.br\/n\/uploads\/2023\/10\/SUNO-FIC-FIA-400x300-Mobile-Artigos-5-v2.png\">\n\t\t\t\t<img class=\"newsContent__article__imgCapa newsContent__article__imgCapa--banner\"\n\t\t\t\t\tsrc=\"https:\/\/files.sunoresearch.com.br\/n\/uploads\/2023\/10\/SUNO-FIC-FIA-1420x240-Banner-Artigos-1-_-Banner-Materias-4-v2-png.webp\"\n\t\t\t\t\tdata-promo-id=\"478743\"\t\t\t\t\t\t\t\t\t\twidth='2560' height='433'\t\t\t\t\talt=\"https:\/\/files.sunoresearch.com.br\/n\/uploads\/2023\/10\/SUNO-FIC-FIA-1420x240-Banner-Artigos-1-_-Banner-Materias-4-v2-png.webp\"\n\t\t\t\t>\n\t\t\t<\/picture>\n\t\t<\/a>\n\t<\/p>\n\n\n<p>Hoje menos de 10% da C\u00e2mara rejeita a Reforma, e o governo j\u00e1 est\u00e1 atuante para conseguir o apoio necess\u00e1rio para a aprova\u00e7\u00e3o da reforma.<\/p>\n<p>Acreditamos que a reforma deva ser aprovada, por uma quest\u00e3o de necessidade, mas que dificilmente ela ser\u00e1 a reforma ideal proposta por Guedes.<\/p>\n<p><a href=\"https:\/\/www.suno.com.br\/noticias\/bolsonaro-liderancas-reunem-palacio\/\">Leia mais:\u00a0Bolsonaro e lideran\u00e7as partid\u00e1rias se re\u00fanem no Pal\u00e1cio do Planalto\u00a0<\/a><\/p>\n<p>Por\u00e9m, quando consideramos a situa\u00e7\u00e3o geral, alguma reforma que nos permita ter tempo para implementar outras medidas necess\u00e1rias como a reforma tribut\u00e1ria e o processo de desinvestimento e privatiza\u00e7\u00e3o de grande parte das estatais nacionais, bem como a abertura do mercado \u00e9 um cen\u00e1rio bastante positivo para o investidor.<\/p>\n<hr \/>\n<h2><strong>Negocia\u00e7\u00f5es entre EUA e China avan\u00e7am para o fim da guerra comercial<\/strong><\/h2>\n<p>De acordo com a Reuters, representantes do governo norte americano e chin\u00eas encerraram uma nova rodada de negocia\u00e7\u00f5es sobre a guerra comercial entre ambos os pa\u00edses e devem voltar a se encontrar j\u00e1 na pr\u00f3xima semana.<\/p>\n<p>Apesar de ambos os lados oferecerem poucos detalhes sobre o progresso das negocia\u00e7\u00f5es, uma emissora Chinesa, bem como o gabinete do representante comercial dos EUA, informou que as conversas apresentaram \u201cavan\u00e7os significativos.\u201d<\/p>\n<p><a href=\"https:\/\/www.suno.com.br\/noticias\/trump-acordo-comercial-china\/\">Leia mais:\u00a0Trump diz que acordo comercial com a China pode ser atingido em um m\u00eas\u00a0<\/a><\/p>\n<p>As negocia\u00e7\u00f5es hoje giram em torno de quest\u00f5es envolvendo propriedade intelectual, bem como subs\u00eddios oferecidos pelo governo Chin\u00eas para empresas locais que dificultam a competi\u00e7\u00e3o por parte de empresas estrangeiras no mercado Chin\u00eas.<\/p>\n<p class=\"m_-4210311958323560868gmail-p1\"><span style=\"font-family: Helvetica Neue;\">[optin-monster-shortcode id=&#8221;npkxlwaleraa8psvnego&#8221;]<\/span><\/p>\n<p>De modo geral, ainda n\u00e3o vemos um fim claro para a situa\u00e7\u00e3o, mas o progresso demonstrado por ambos os lados nas \u00faltimas negocia\u00e7\u00f5es se mostra promissor e positivo.<\/p>\n<hr \/>\n<h2><strong>Dados sobre a Economia Americana<\/strong><\/h2>\n<p>Ao longo de 2018 o FED realizou 4 aumentos da taxa b\u00e1sica de juros americana, todos sendo duramente criticados pelo presidente Donald Trump, que nessa \u00faltima semana voltou a dizer que acredita que o \u00f3rg\u00e3o deveria cortar a taxa b\u00e1sica.<\/p>\n<p>Trump acredita que um corte nas taxas pode ajudar a economia americana, que tem mostrado sinais mistos sobre o seu atual est\u00e1gio.<\/p>\n<p>Enquanto alguns indicadores demonstram que o crescimento continua, outros mostram desacelera\u00e7\u00e3o, o que em meio a uma guerra comercial com a China, tem gerado desconforto no mercado global.<\/p>\n<p>Nessa semana dados sobre a oferta de empregos (JOLT) ser\u00e3o liberados e s\u00e3o aguardados ansiosamente sobre o mercado, que busca maior clareza sobre a real situa\u00e7\u00e3o da economia americana.<\/p>\n","protected":false},"excerpt":{"rendered":"<p>Para o nosso panorama macro, seguimos com a nossa habitual abordagem de fatos pol\u00edticos e econ\u00f4micos que possuem o potencial de afetarem o mercado, com a nossa vis\u00e3o sobre como esse impacto pode se dar. Paulo Guedes diz que Brasil negocia cria\u00e7\u00e3o de \u00e1rea de livre com\u00e9rcio com a China Reforma da previd\u00eancia segue em [&hellip;]<\/p>\n","protected":false},"author":2,"featured_media":20224,"comment_status":"closed","ping_status":"closed","sticky":false,"template":"","format":"standard","meta":[],"categories":[60],"tags":[309,711,724,740,793,719,940],"suno_strategy":[],"class_list":["post-20223","post","type-post","status-publish","format-standard","has-post-thumbnail","hentry","category-mercado","tag-bolsa-de-valores","tag-china","tag-donald-trump","tag-economia","tag-estados-unidos-eua","tag-jair-bolsonaro","tag-reforma-da-previdencia"],"yoast_head":"<!-- This site is optimized with the Yoast SEO plugin v24.4 - https:\/\/yoast.com\/wordpress\/plugins\/seo\/ -->\n<title>A seguir: Avan\u00e7os na Reforma Da Previd\u00eancia e no embate EUA vs China<\/title>\n<meta name=\"robots\" content=\"index, follow, max-snippet:-1, max-image-preview:large, max-video-preview:-1\" \/>\n<link rel=\"canonical\" href=\"https:\/\/www.suno.com.br\/noticias\/a-seguir-avancos-na-reforma-da-previdencia-e-no-embate-eua-vs-china\/\" \/>\n<meta property=\"og:locale\" content=\"pt_BR\" \/>\n<meta property=\"og:type\" content=\"article\" \/>\n<meta property=\"og:title\" content=\"A seguir: Avan\u00e7os na Reforma Da Previd\u00eancia e no embate EUA vs China\" \/>\n<meta property=\"og:description\" content=\"Para o nosso panorama macro, seguimos com a nossa habitual abordagem de fatos pol\u00edticos e econ\u00f4micos que possuem o potencial de afetarem o mercado, com a nossa vis\u00e3o sobre como esse impacto pode se dar. Paulo Guedes diz que Brasil negocia cria\u00e7\u00e3o de \u00e1rea de livre com\u00e9rcio com a China Reforma da previd\u00eancia segue em [&hellip;]\" \/>\n<meta property=\"og:url\" content=\"https:\/\/www.suno.com.br\/noticias\/a-seguir-avancos-na-reforma-da-previdencia-e-no-embate-eua-vs-china\/\" \/>\n<meta property=\"og:site_name\" content=\"Suno Not\u00edcias\" \/>\n<meta property=\"article:publisher\" content=\"https:\/\/facebook.com\/sunoresearch\" \/>\n<meta property=\"article:author\" content=\"https:\/\/www.facebook.com\/joaovitor2763\" \/>\n<meta property=\"og:image\" content=\"https:\/\/files.sunoresearch.com.br\/n\/uploads\/2019\/04\/4f4cca5d-02_01_2018_-_cerimo\u0302nia_de_transmissa\u0303o_do_cargo_do_ministro_de_estado_da_economia_paulo_roberto_nunes_guedes_46524112482.jpg\" \/>\n\t<meta property=\"og:image:width\" content=\"1360\" \/>\n\t<meta property=\"og:image:height\" content=\"907\" \/>\n\t<meta property=\"og:image:type\" content=\"image\/jpeg\" \/>\n<meta name=\"author\" content=\"Jo\u00e3o Vitor Chaves Silva\" \/>\n<meta name=\"twitter:card\" content=\"summary_large_image\" \/>\n<meta name=\"twitter:creator\" content=\"@https:\/\/twitter.com\/joaovitor2763\" \/>\n<meta name=\"twitter:site\" content=\"@sunoresearch\" \/>\n<meta name=\"twitter:label1\" content=\"Escrito por\" \/>\n\t<meta name=\"twitter:data1\" content=\"Jo\u00e3o Vitor Chaves Silva\" \/>\n\t<meta name=\"twitter:label2\" content=\"Est. tempo de leitura\" \/>\n\t<meta name=\"twitter:data2\" content=\"3 minutos\" \/>\n<script type=\"application\/ld+json\" class=\"yoast-schema-graph\">{\"@context\":\"https:\/\/schema.org\",\"@graph\":[{\"@type\":\"NewsArticle\",\"@id\":\"https:\/\/www.suno.com.br\/noticias\/a-seguir-avancos-na-reforma-da-previdencia-e-no-embate-eua-vs-china\/#article\",\"isPartOf\":{\"@id\":\"https:\/\/www.suno.com.br\/noticias\/a-seguir-avancos-na-reforma-da-previdencia-e-no-embate-eua-vs-china\/\"},\"author\":{\"name\":\"Jo\u00e3o Vitor Chaves Silva\",\"@id\":\"https:\/\/www.suno.com.br\/noticias\/#\/schema\/person\/962c5e214a16b408badbd2e3e889decc\"},\"headline\":\"A seguir: Avan\u00e7os na Reforma Da Previd\u00eancia e no embate EUA vs China\",\"datePublished\":\"2019-04-07T20:09:35+00:00\",\"dateModified\":\"2021-06-14T02:46:50+00:00\",\"mainEntityOfPage\":{\"@id\":\"https:\/\/www.suno.com.br\/noticias\/a-seguir-avancos-na-reforma-da-previdencia-e-no-embate-eua-vs-china\/\"},\"wordCount\":561,\"publisher\":{\"@id\":\"https:\/\/www.suno.com.br\/noticias\/#organization\"},\"image\":{\"@id\":\"https:\/\/www.suno.com.br\/noticias\/a-seguir-avancos-na-reforma-da-previdencia-e-no-embate-eua-vs-china\/#primaryimage\"},\"thumbnailUrl\":\"https:\/\/files.sunoresearch.com.br\/n\/uploads\/2019\/04\/4f4cca5d-02_01_2018_-_cerimo\u0302nia_de_transmissa\u0303o_do_cargo_do_ministro_de_estado_da_economia_paulo_roberto_nunes_guedes_46524112482-jpg.webp\",\"keywords\":[\"Bolsa de Valores\",\"China\",\"Donald Trump\",\"Economia\",\"Estados Unidos (EUA)\",\"Jair Bolsonaro\",\"Reforma da Previd\u00eancia\"],\"articleSection\":[\"Mercado\"],\"inLanguage\":\"pt-BR\"},{\"@type\":\"WebPage\",\"@id\":\"https:\/\/www.suno.com.br\/noticias\/a-seguir-avancos-na-reforma-da-previdencia-e-no-embate-eua-vs-china\/\",\"url\":\"https:\/\/www.suno.com.br\/noticias\/a-seguir-avancos-na-reforma-da-previdencia-e-no-embate-eua-vs-china\/\",\"name\":\"A seguir: Avan\u00e7os na Reforma Da Previd\u00eancia e no embate EUA vs China\",\"isPartOf\":{\"@id\":\"https:\/\/www.suno.com.br\/noticias\/#website\"},\"primaryImageOfPage\":{\"@id\":\"https:\/\/www.suno.com.br\/noticias\/a-seguir-avancos-na-reforma-da-previdencia-e-no-embate-eua-vs-china\/#primaryimage\"},\"image\":{\"@id\":\"https:\/\/www.suno.com.br\/noticias\/a-seguir-avancos-na-reforma-da-previdencia-e-no-embate-eua-vs-china\/#primaryimage\"},\"thumbnailUrl\":\"https:\/\/files.sunoresearch.com.br\/n\/uploads\/2019\/04\/4f4cca5d-02_01_2018_-_cerimo\u0302nia_de_transmissa\u0303o_do_cargo_do_ministro_de_estado_da_economia_paulo_roberto_nunes_guedes_46524112482-jpg.webp\",\"datePublished\":\"2019-04-07T20:09:35+00:00\",\"dateModified\":\"2021-06-14T02:46:50+00:00\",\"breadcrumb\":{\"@id\":\"https:\/\/www.suno.com.br\/noticias\/a-seguir-avancos-na-reforma-da-previdencia-e-no-embate-eua-vs-china\/#breadcrumb\"},\"inLanguage\":\"pt-BR\",\"potentialAction\":[{\"@type\":\"ReadAction\",\"target\":[\"https:\/\/www.suno.com.br\/noticias\/a-seguir-avancos-na-reforma-da-previdencia-e-no-embate-eua-vs-china\/\"]}]},{\"@type\":\"ImageObject\",\"inLanguage\":\"pt-BR\",\"@id\":\"https:\/\/www.suno.com.br\/noticias\/a-seguir-avancos-na-reforma-da-previdencia-e-no-embate-eua-vs-china\/#primaryimage\",\"url\":\"https:\/\/files.sunoresearch.com.br\/n\/uploads\/2019\/04\/4f4cca5d-02_01_2018_-_cerimo\u0302nia_de_transmissa\u0303o_do_cargo_do_ministro_de_estado_da_economia_paulo_roberto_nunes_guedes_46524112482-jpg.webp\",\"contentUrl\":\"https:\/\/files.sunoresearch.com.br\/n\/uploads\/2019\/04\/4f4cca5d-02_01_2018_-_cerimo\u0302nia_de_transmissa\u0303o_do_cargo_do_ministro_de_estado_da_economia_paulo_roberto_nunes_guedes_46524112482-jpg.webp\",\"width\":1360,\"height\":907,\"caption\":\"Paulo Guedes diz que Brasil negocia cria\u00e7\u00e3o de \u00e1rea de livre com\u00e9rcio com a China\"},{\"@type\":\"BreadcrumbList\",\"@id\":\"https:\/\/www.suno.com.br\/noticias\/a-seguir-avancos-na-reforma-da-previdencia-e-no-embate-eua-vs-china\/#breadcrumb\",\"itemListElement\":[{\"@type\":\"ListItem\",\"position\":1,\"name\":\"Not\u00edcias\",\"item\":\"https:\/\/www.suno.com.br\/noticias\/\"},{\"@type\":\"ListItem\",\"position\":2,\"name\":\"Mercado\",\"item\":\"https:\/\/www.suno.com.br\/noticias\/mercado\/\"},{\"@type\":\"ListItem\",\"position\":3,\"name\":\"A seguir: Avan\u00e7os na Reforma Da Previd\u00eancia e no embate EUA vs China\"}]},{\"@type\":\"WebSite\",\"@id\":\"https:\/\/www.suno.com.br\/noticias\/#website\",\"url\":\"https:\/\/www.suno.com.br\/noticias\/\",\"name\":\"Suno Not\u00edcias\",\"description\":\"Seu portal de informa\u00e7\u00e3o sobre o mundo dos investimentos\",\"publisher\":{\"@id\":\"https:\/\/www.suno.com.br\/noticias\/#organization\"},\"potentialAction\":[{\"@type\":\"SearchAction\",\"target\":{\"@type\":\"EntryPoint\",\"urlTemplate\":\"https:\/\/www.suno.com.br\/noticias\/?s={search_term_string}\"},\"query-input\":{\"@type\":\"PropertyValueSpecification\",\"valueRequired\":true,\"valueName\":\"search_term_string\"}}],\"inLanguage\":\"pt-BR\"},{\"@type\":\"Organization\",\"@id\":\"https:\/\/www.suno.com.br\/noticias\/#organization\",\"name\":\"Suno Not\u00edcias\",\"url\":\"https:\/\/www.suno.com.br\/noticias\/\",\"logo\":{\"@type\":\"ImageObject\",\"inLanguage\":\"pt-BR\",\"@id\":\"https:\/\/www.suno.com.br\/noticias\/#\/schema\/logo\/image\/\",\"url\":\"https:\/\/files.sunoresearch.com.br\/n\/uploads\/2021\/09\/suno-logo.png\",\"contentUrl\":\"https:\/\/files.sunoresearch.com.br\/n\/uploads\/2021\/09\/suno-logo.png\",\"width\":180,\"height\":180,\"caption\":\"Suno Not\u00edcias\"},\"image\":{\"@id\":\"https:\/\/www.suno.com.br\/noticias\/#\/schema\/logo\/image\/\"},\"sameAs\":[\"https:\/\/facebook.com\/sunoresearch\",\"https:\/\/x.com\/sunoresearch\",\"https:\/\/www.instagram.com\/suno\",\"https:\/\/www.linkedin.com\/company\/suno-research\/\",\"https:\/\/www.youtube.com\/c\/sunoresearch\"]},{\"@type\":\"Person\",\"@id\":\"https:\/\/www.suno.com.br\/noticias\/#\/schema\/person\/962c5e214a16b408badbd2e3e889decc\",\"name\":\"Jo\u00e3o Vitor Chaves Silva\",\"image\":{\"@type\":\"ImageObject\",\"inLanguage\":\"pt-BR\",\"@id\":\"https:\/\/www.suno.com.br\/noticias\/#\/schema\/person\/image\/\",\"url\":\"https:\/\/secure.gravatar.com\/avatar\/e2e62d3d83007a9c98150149e35d1c78?s=96&r=g\",\"contentUrl\":\"https:\/\/secure.gravatar.com\/avatar\/e2e62d3d83007a9c98150149e35d1c78?s=96&r=g\",\"caption\":\"Jo\u00e3o Vitor Chaves Silva\"},\"description\":\"Fundador do Empreenda Junto, 2\u00ba\u00a0Maior comunidade online de empreendedores do Brasil, 1\u00ba\u00a0Brasileiro e Pessoa mais jovem a receber o t\u00edtulo de Teacher Of New Ventures And Leadership pelo MIT GEB, COO da Suno Research.\",\"sameAs\":[\"https:\/\/www.suno.com.br\",\"https:\/\/www.facebook.com\/joaovitor2763\",\"https:\/\/x.com\/https:\/\/twitter.com\/joaovitor2763\"],\"url\":\"https:\/\/www.suno.com.br\/noticias\/author\/joao-vitor\/\"}]}<\/script>\n<!-- \/ Yoast SEO plugin. -->","yoast_head_json":{"title":"A seguir: Avan\u00e7os na Reforma Da Previd\u00eancia e no embate EUA vs China","robots":{"index":"index","follow":"follow","max-snippet":"max-snippet:-1","max-image-preview":"max-image-preview:large","max-video-preview":"max-video-preview:-1"},"canonical":"https:\/\/www.suno.com.br\/noticias\/a-seguir-avancos-na-reforma-da-previdencia-e-no-embate-eua-vs-china\/","og_locale":"pt_BR","og_type":"article","og_title":"A seguir: Avan\u00e7os na Reforma Da Previd\u00eancia e no embate EUA vs China","og_description":"Para o nosso panorama macro, seguimos com a nossa habitual abordagem de fatos pol\u00edticos e econ\u00f4micos que possuem o potencial de afetarem o mercado, com a nossa vis\u00e3o sobre como esse impacto pode se dar. Paulo Guedes diz que Brasil negocia cria\u00e7\u00e3o de \u00e1rea de livre com\u00e9rcio com a China Reforma da previd\u00eancia segue em [&hellip;]","og_url":"https:\/\/www.suno.com.br\/noticias\/a-seguir-avancos-na-reforma-da-previdencia-e-no-embate-eua-vs-china\/","og_site_name":"Suno Not\u00edcias","article_publisher":"https:\/\/facebook.com\/sunoresearch","article_author":"https:\/\/www.facebook.com\/joaovitor2763","og_image":[{"width":1360,"height":907,"url":"https:\/\/files.sunoresearch.com.br\/n\/uploads\/2019\/04\/4f4cca5d-02_01_2018_-_cerimo\u0302nia_de_transmissa\u0303o_do_cargo_do_ministro_de_estado_da_economia_paulo_roberto_nunes_guedes_46524112482.jpg","type":"image\/jpeg"}],"author":"Jo\u00e3o Vitor Chaves Silva","twitter_card":"summary_large_image","twitter_creator":"@https:\/\/twitter.com\/joaovitor2763","twitter_site":"@sunoresearch","twitter_misc":{"Escrito por":"Jo\u00e3o Vitor Chaves Silva","Est. tempo de leitura":"3 minutos"},"schema":{"@context":"https:\/\/schema.org","@graph":[{"@type":"NewsArticle","@id":"https:\/\/www.suno.com.br\/noticias\/a-seguir-avancos-na-reforma-da-previdencia-e-no-embate-eua-vs-china\/#article","isPartOf":{"@id":"https:\/\/www.suno.com.br\/noticias\/a-seguir-avancos-na-reforma-da-previdencia-e-no-embate-eua-vs-china\/"},"author":{"name":"Jo\u00e3o Vitor Chaves Silva","@id":"https:\/\/www.suno.com.br\/noticias\/#\/schema\/person\/962c5e214a16b408badbd2e3e889decc"},"headline":"A seguir: Avan\u00e7os na Reforma Da Previd\u00eancia e no embate EUA vs China","datePublished":"2019-04-07T20:09:35+00:00","dateModified":"2021-06-14T02:46:50+00:00","mainEntityOfPage":{"@id":"https:\/\/www.suno.com.br\/noticias\/a-seguir-avancos-na-reforma-da-previdencia-e-no-embate-eua-vs-china\/"},"wordCount":561,"publisher":{"@id":"https:\/\/www.suno.com.br\/noticias\/#organization"},"image":{"@id":"https:\/\/www.suno.com.br\/noticias\/a-seguir-avancos-na-reforma-da-previdencia-e-no-embate-eua-vs-china\/#primaryimage"},"thumbnailUrl":"https:\/\/files.sunoresearch.com.br\/n\/uploads\/2019\/04\/4f4cca5d-02_01_2018_-_cerimo\u0302nia_de_transmissa\u0303o_do_cargo_do_ministro_de_estado_da_economia_paulo_roberto_nunes_guedes_46524112482-jpg.webp","keywords":["Bolsa de Valores","China","Donald Trump","Economia","Estados Unidos (EUA)","Jair Bolsonaro","Reforma da Previd\u00eancia"],"articleSection":["Mercado"],"inLanguage":"pt-BR"},{"@type":"WebPage","@id":"https:\/\/www.suno.com.br\/noticias\/a-seguir-avancos-na-reforma-da-previdencia-e-no-embate-eua-vs-china\/","url":"https:\/\/www.suno.com.br\/noticias\/a-seguir-avancos-na-reforma-da-previdencia-e-no-embate-eua-vs-china\/","name":"A seguir: Avan\u00e7os na Reforma Da Previd\u00eancia e no embate EUA vs China","isPartOf":{"@id":"https:\/\/www.suno.com.br\/noticias\/#website"},"primaryImageOfPage":{"@id":"https:\/\/www.suno.com.br\/noticias\/a-seguir-avancos-na-reforma-da-previdencia-e-no-embate-eua-vs-china\/#primaryimage"},"image":{"@id":"https:\/\/www.suno.com.br\/noticias\/a-seguir-avancos-na-reforma-da-previdencia-e-no-embate-eua-vs-china\/#primaryimage"},"thumbnailUrl":"https:\/\/files.sunoresearch.com.br\/n\/uploads\/2019\/04\/4f4cca5d-02_01_2018_-_cerimo\u0302nia_de_transmissa\u0303o_do_cargo_do_ministro_de_estado_da_economia_paulo_roberto_nunes_guedes_46524112482-jpg.webp","datePublished":"2019-04-07T20:09:35+00:00","dateModified":"2021-06-14T02:46:50+00:00","breadcrumb":{"@id":"https:\/\/www.suno.com.br\/noticias\/a-seguir-avancos-na-reforma-da-previdencia-e-no-embate-eua-vs-china\/#breadcrumb"},"inLanguage":"pt-BR","potentialAction":[{"@type":"ReadAction","target":["https:\/\/www.suno.com.br\/noticias\/a-seguir-avancos-na-reforma-da-previdencia-e-no-embate-eua-vs-china\/"]}]},{"@type":"ImageObject","inLanguage":"pt-BR","@id":"https:\/\/www.suno.com.br\/noticias\/a-seguir-avancos-na-reforma-da-previdencia-e-no-embate-eua-vs-china\/#primaryimage","url":"https:\/\/files.sunoresearch.com.br\/n\/uploads\/2019\/04\/4f4cca5d-02_01_2018_-_cerimo\u0302nia_de_transmissa\u0303o_do_cargo_do_ministro_de_estado_da_economia_paulo_roberto_nunes_guedes_46524112482-jpg.webp","contentUrl":"https:\/\/files.sunoresearch.com.br\/n\/uploads\/2019\/04\/4f4cca5d-02_01_2018_-_cerimo\u0302nia_de_transmissa\u0303o_do_cargo_do_ministro_de_estado_da_economia_paulo_roberto_nunes_guedes_46524112482-jpg.webp","width":1360,"height":907,"caption":"Paulo Guedes diz que Brasil negocia cria\u00e7\u00e3o de \u00e1rea de livre com\u00e9rcio com a China"},{"@type":"BreadcrumbList","@id":"https:\/\/www.suno.com.br\/noticias\/a-seguir-avancos-na-reforma-da-previdencia-e-no-embate-eua-vs-china\/#breadcrumb","itemListElement":[{"@type":"ListItem","position":1,"name":"Not\u00edcias","item":"https:\/\/www.suno.com.br\/noticias\/"},{"@type":"ListItem","position":2,"name":"Mercado","item":"https:\/\/www.suno.com.br\/noticias\/mercado\/"},{"@type":"ListItem","position":3,"name":"A seguir: Avan\u00e7os na Reforma Da Previd\u00eancia e no embate EUA vs China"}]},{"@type":"WebSite","@id":"https:\/\/www.suno.com.br\/noticias\/#website","url":"https:\/\/www.suno.com.br\/noticias\/","name":"Suno Not\u00edcias","description":"Seu portal de informa\u00e7\u00e3o sobre o mundo dos investimentos","publisher":{"@id":"https:\/\/www.suno.com.br\/noticias\/#organization"},"potentialAction":[{"@type":"SearchAction","target":{"@type":"EntryPoint","urlTemplate":"https:\/\/www.suno.com.br\/noticias\/?s={search_term_string}"},"query-input":{"@type":"PropertyValueSpecification","valueRequired":true,"valueName":"search_term_string"}}],"inLanguage":"pt-BR"},{"@type":"Organization","@id":"https:\/\/www.suno.com.br\/noticias\/#organization","name":"Suno Not\u00edcias","url":"https:\/\/www.suno.com.br\/noticias\/","logo":{"@type":"ImageObject","inLanguage":"pt-BR","@id":"https:\/\/www.suno.com.br\/noticias\/#\/schema\/logo\/image\/","url":"https:\/\/files.sunoresearch.com.br\/n\/uploads\/2021\/09\/suno-logo.png","contentUrl":"https:\/\/files.sunoresearch.com.br\/n\/uploads\/2021\/09\/suno-logo.png","width":180,"height":180,"caption":"Suno Not\u00edcias"},"image":{"@id":"https:\/\/www.suno.com.br\/noticias\/#\/schema\/logo\/image\/"},"sameAs":["https:\/\/facebook.com\/sunoresearch","https:\/\/x.com\/sunoresearch","https:\/\/www.instagram.com\/suno","https:\/\/www.linkedin.com\/company\/suno-research\/","https:\/\/www.youtube.com\/c\/sunoresearch"]},{"@type":"Person","@id":"https:\/\/www.suno.com.br\/noticias\/#\/schema\/person\/962c5e214a16b408badbd2e3e889decc","name":"Jo\u00e3o Vitor Chaves Silva","image":{"@type":"ImageObject","inLanguage":"pt-BR","@id":"https:\/\/www.suno.com.br\/noticias\/#\/schema\/person\/image\/","url":"https:\/\/secure.gravatar.com\/avatar\/e2e62d3d83007a9c98150149e35d1c78?s=96&r=g","contentUrl":"https:\/\/secure.gravatar.com\/avatar\/e2e62d3d83007a9c98150149e35d1c78?s=96&r=g","caption":"Jo\u00e3o Vitor Chaves Silva"},"description":"Fundador do Empreenda Junto, 2\u00ba\u00a0Maior comunidade online de empreendedores do Brasil, 1\u00ba\u00a0Brasileiro e Pessoa mais jovem a receber o t\u00edtulo de Teacher Of New Ventures And Leadership pelo MIT GEB, COO da Suno Research.","sameAs":["https:\/\/www.suno.com.br","https:\/\/www.facebook.com\/joaovitor2763","https:\/\/x.com\/https:\/\/twitter.com\/joaovitor2763"],"url":"https:\/\/www.suno.com.br\/noticias\/author\/joao-vitor\/"}]}},"default_loop_html":"<div class=\"cardsPage__listCard__boxs\"><div class=\"cardsPage__listCard__boxs__img\"><a href=\"https:\/\/www.suno.com.br\/noticias\/a-seguir-avancos-na-reforma-da-previdencia-e-no-embate-eua-vs-china\/\"><img class=\"mask\" src=\"https:\/\/www.suno.com.br\/noticias\/wp-content\/themes\/suno\/resources\/images\/spotlight\/spotlight1img\/bg-mask.png\" alt=\"Image Mask\"\/><img src=\"https:\/\/files.sunoresearch.com.br\/n\/uploads\/2019\/04\/4f4cca5d-02_01_2018_-_cerimo\u0302nia_de_transmissa\u0303o_do_cargo_do_ministro_de_estado_da_economia_paulo_roberto_nunes_guedes_46524112482-400x200.webp\" alt=\"A seguir: Avan\u00e7os na Reforma Da Previd\u00eancia e no embate EUA vs China\"\/><\/a><span class=\"spotlightCategory\"><a href=\"https:\/\/www.suno.com.br\/noticias\/mercado\/\">Mercado<\/a><\/span><\/div><div class=\"cardsPage__listCard__boxs__content\"><a href=\"https:\/\/www.suno.com.br\/noticias\/a-seguir-avancos-na-reforma-da-previdencia-e-no-embate-eua-vs-china\/\"><h2 class=\"content__title\">A seguir: Avan\u00e7os na Reforma Da Previd\u00eancia e no embate EUA vs China<\/h2><\/a><div class=\"newsContent__article__meta\"><div class=\"newsContent__article__meta__authorBox\"><a href=\"https:\/\/www.suno.com.br\/noticias\/author\/joao-vitor\/\" class=\"authorBox__avatar noMobi\"><img src=\"https:\/\/secure.gravatar.com\/avatar\/e2e62d3d83007a9c98150149e35d1c78?s=96&#038;r=g\" alt=\"Jo\u00e3o Vitor Chaves Silva\"><\/a><div class=\"authorBox__name\"><span>por\n\t\t\t<a href=\"https:\/\/www.suno.com.br\/noticias\/author\/joao-vitor\/\"><span itemprop=\"author\">Jo\u00e3o Vitor Chaves Silva<\/span><\/a><\/span><time datetime=\"2019-04-07T17:09:35-03:00\" itemprop=\"datePublished\">07\/04\/2019 17:09<\/time><\/div><\/div><\/div><\/div><\/div>","single_layout":"posts","amp_enabled":true,"_links":{"self":[{"href":"https:\/\/www.suno.com.br\/noticias\/wp-json\/wp\/v2\/posts\/20223"}],"collection":[{"href":"https:\/\/www.suno.com.br\/noticias\/wp-json\/wp\/v2\/posts"}],"about":[{"href":"https:\/\/www.suno.com.br\/noticias\/wp-json\/wp\/v2\/types\/post"}],"author":[{"embeddable":true,"href":"https:\/\/www.suno.com.br\/noticias\/wp-json\/wp\/v2\/users\/2"}],"replies":[{"embeddable":true,"href":"https:\/\/www.suno.com.br\/noticias\/wp-json\/wp\/v2\/comments?post=20223"}],"version-history":[{"count":1,"href":"https:\/\/www.suno.com.br\/noticias\/wp-json\/wp\/v2\/posts\/20223\/revisions"}],"predecessor-version":[{"id":157428,"href":"https:\/\/www.suno.com.br\/noticias\/wp-json\/wp\/v2\/posts\/20223\/revisions\/157428"}],"wp:featuredmedia":[{"embeddable":true,"href":"https:\/\/www.suno.com.br\/noticias\/wp-json\/wp\/v2\/media\/20224"}],"wp:attachment":[{"href":"https:\/\/www.suno.com.br\/noticias\/wp-json\/wp\/v2\/media?parent=20223"}],"wp:term":[{"taxonomy":"category","embeddable":true,"href":"https:\/\/www.suno.com.br\/noticias\/wp-json\/wp\/v2\/categories?post=20223"},{"taxonomy":"post_tag","embeddable":true,"href":"https:\/\/www.suno.com.br\/noticias\/wp-json\/wp\/v2\/tags?post=20223"},{"taxonomy":"suno_strategy","embeddable":true,"href":"https:\/\/www.suno.com.br\/noticias\/wp-json\/wp\/v2\/suno_strategy?post=20223"}],"curies":[{"name":"wp","href":"https:\/\/api.w.org\/{rel}","templated":true}]}}