{"id":202221,"date":"2021-11-07T12:10:02","date_gmt":"2021-11-07T15:10:02","guid":{"rendered":"https:\/\/www.suno.com.br\/noticias\/?p=202221"},"modified":"2021-11-07T15:57:45","modified_gmt":"2021-11-07T18:57:45","slug":"oab-diz-que-pec-dos-precatorios-e-tentativa-de-calote-repaginada","status":"publish","type":"post","link":"https:\/\/www.suno.com.br\/noticias\/oab-diz-que-pec-dos-precatorios-e-tentativa-de-calote-repaginada\/","title":{"rendered":"OAB diz que PEC dos precat\u00f3rios \u00e9 &#8216;tentativa de calote repaginada&#8217;"},"content":{"rendered":"<p>A Ordem dos Advogados do Brasil divulgou nota t\u00e9cnica neste s\u00e1bado (6) classificando a<strong> PEC dos precat\u00f3rios<\/strong>, aprovada em primeiro turno na C\u00e2mara dos Deputados, como &#8216;flagrantemente inconstitucional&#8217; e uma &#8216;tentativa de calote repaginada&#8217;.<\/p>\t<div class=\"wrapper-featured-image\">\n\t\t<figure class=\"spotlightImg\">\n\n\t\t\t<picture>\n\t\t\t\t<source media=\"(max-width: 768px)\" srcset=\"https:\/\/files.sunoresearch.com.br\/n\/uploads\/2021\/05\/e42e9228-foto-luis-macedo-agencia-camara-400x200.webp\">\n\t\t\t\t<img loading=\"lazy\" decoding=\"async\" class=\"newsContent__article__imgCapa lazyloadDisabled \" src=\"https:\/\/files.sunoresearch.com.br\/n\/uploads\/2021\/05\/e42e9228-foto-luis-macedo-agencia-camara-800x450.webp\" width=\"800\" height=\"450\" alt=\"OAB diz que PEC dos precat\u00f3rios \u00e9 &#8216;tentativa de calote repaginada&#8217;\" fetchpriority=high \/>\n\t\t\t<\/picture>\n\n\t\t\t<figcaption class=\"wp-caption-text wp-caption-text--show\">Membros do Congresso. Foto: Luis Macedo\/Ag\u00eancia C\u00e2mara.<\/figcaption>\n\t\t<\/figure>\n\t<\/div>\n\n\n\t<p>\n\t\t<a href=\"https:\/\/lp.suno.com.br\/planilha-controle-gastos\/\" target=\"_blank\" data-element=\"shortcode-suno-banner\" title=\"Banner SUNO, clique e saiba mais\">\n\t\t\t<picture>\n\t\t\t\t<source media=\"(max-width: 500px)\" srcset=\"https:\/\/files.sunoresearch.com.br\/n\/uploads\/2023\/03\/400x300-Planilha-controle-de-gastos.png\">\n\t\t\t\t<img class=\"newsContent__article__imgCapa newsContent__article__imgCapa--banner\"\n\t\t\t\t\tsrc=\"https:\/\/files.sunoresearch.com.br\/n\/uploads\/2023\/03\/1420x240-Planilha-controle-de-gastos.png\"\n\t\t\t\t\tdata-promo-id=\"101751\"\t\t\t\t\t\t\t\t\t\twidth='1420' height='240'\t\t\t\t\talt=\"https:\/\/files.sunoresearch.com.br\/n\/uploads\/2023\/03\/1420x240-Planilha-controle-de-gastos.png\"\n\t\t\t\t>\n\t\t\t<\/picture>\n\t\t<\/a>\n\t<\/p>\n\n\n<p>De acordo com a entidade, o texto da PEC dos Precat\u00f3rios viola &#8216;a separa\u00e7\u00e3o dos poderes, o ato jur\u00eddico e a coisa julgada&#8217; e vai de encontro \u00e0 jurisprud\u00eancia do Supremo Tribunal Federal, que j\u00e1 declarou inconstitucionais algumas altera\u00e7\u00f5es previstas na proposta, como o parcelamento de precat\u00f3rios e a sua corre\u00e7\u00e3o monet\u00e1ria por meio da <strong>taxa Selic.<\/strong><\/p>\n<p>No documento, os advogados ainda refor\u00e7am que houve irregularidades na aprova\u00e7\u00e3o da PEC que abre espa\u00e7o de R$ 91,6 bilh\u00f5es no Or\u00e7amento de 2022 para o pagamento do Aux\u00edlio Brasil e outros gastos \u00e0s v\u00e9speras da elei\u00e7\u00e3o presidencial. Na sexta-feira (5), a <strong>OAB<\/strong> j\u00e1 havia apontado os descumprimentos do regimento interno da casa legislativa durante a vota\u00e7\u00e3o no texto, indicando que estava estudando &#8216;poss\u00edveis a\u00e7\u00f5es legais&#8217; para suspender a mesma.<\/p>\n<p>No entanto, a <strong>PEC<\/strong> j\u00e1 \u00e9 alvo de questionamentos no Supremo Tribunal Federal em a\u00e7\u00f5es impetradas pelo PDT e por um grupo de seis deputados de diferentes legendas. Os processos foram distribu\u00eddos para relatoria da ministra Rosa Weber e pedem que o tema seja enfrentado antes da vota\u00e7\u00e3o em 2.\u00ba turno, prevista para ter\u00e7a-feira.<\/p>\n\t<p>\n\t\t<a href=\"https:\/\/lp.suno.com.br\/planilha-da-vida-financeira\/\" target=\"_blank\" data-element=\"shortcode-suno-banner\" title=\"Banner SUNO, clique e saiba mais\">\n\t\t\t<picture>\n\t\t\t\t<source media=\"(max-width: 500px)\" srcset=\"https:\/\/files.sunoresearch.com.br\/n\/uploads\/2023\/04\/400x300-Planilha-vida-financeira-true.png\">\n\t\t\t\t<img class=\"newsContent__article__imgCapa newsContent__article__imgCapa--banner\"\n\t\t\t\t\tsrc=\"https:\/\/files.sunoresearch.com.br\/n\/uploads\/2023\/04\/1420x240-Planilha-vida-financeira-true.png\"\n\t\t\t\t\tdata-promo-id=\"106682\"\t\t\t\t\t\t\t\t\t\twidth='1420' height='240'\t\t\t\t\talt=\"https:\/\/files.sunoresearch.com.br\/n\/uploads\/2023\/04\/1420x240-Planilha-vida-financeira-true.png\"\n\t\t\t\t>\n\t\t\t<\/picture>\n\t\t<\/a>\n\t<\/p>\n\n\n<h2>PEC dos precat\u00f3rios \u00e9 aprovada com margem apertada no primeiro turno<\/h2>\n<p>A vota\u00e7\u00e3o da PEC no primeiro turno se deu na madrugada desta quinta-feira (4), ap\u00f3s dias de negocia\u00e7\u00f5es, press\u00e3o sobre a oposi\u00e7\u00e3o, promessas de emendas parlamentares. Lira trabalhou ao longo do dia pela vit\u00f3ria, inclusive tendo votado a favor do texto &#8211; o presidente da C\u00e2mara pode se abster das vota\u00e7\u00f5es. A margem foi apertada, mas o governo Jair Bolsonaro conseguiu 312 votos favor\u00e1veis ao texto.<\/p>\n<p>Como mostrou o jornal <em>O Estado de S.Paulo<\/em>, em busca de apoio para a <strong>PEC dos Precat\u00f3rios<\/strong>, o presidente acelerou a libera\u00e7\u00e3o de dinheiro a deputados na v\u00e9spera da vota\u00e7\u00e3o. Desde que texto chegou ao plen\u00e1rio da C\u00e2mara, o governo empenhou R$ 1,2 bilh\u00e3o das chamadas emendas de relator-geral &#8211; o mecanismo do or\u00e7amento secreto. Segundo relatos feitos aos rep\u00f3rteres Breno Pires e Andr\u00e9 Shalders, o valor oferecido por interlocutores do Pal\u00e1cio do Planalto pelo voto de cada parlamentar foi de at\u00e9 R$ 15 milh\u00f5es. Quem coordenou as negocia\u00e7\u00f5es foi o pr\u00f3prio presidente da Casa, Arthur Lira (Progressistas-AL).<\/p>\n<p><em>(Com informa\u00e7\u00f5es do Estad\u00e3o Conte\u00fado)<\/em><\/p>\n\t<p>\n\t\t<a href=\"https:\/\/lp.suno.com.br\/planilha-de-controle-de-investimentos\/\" target=\"_blank\" data-element=\"shortcode-suno-banner\" title=\"Banner SUNO, clique e saiba mais\">\n\t\t\t<picture>\n\t\t\t\t<source media=\"(max-width: 500px)\" srcset=\"https:\/\/files.sunoresearch.com.br\/n\/uploads\/2023\/03\/400x300-Controle-de-Investimentos.png\">\n\t\t\t\t<img class=\"newsContent__article__imgCapa newsContent__article__imgCapa--banner\"\n\t\t\t\t\tsrc=\"https:\/\/files.sunoresearch.com.br\/n\/uploads\/2023\/03\/1420x240-Controle-de-Investimentos.png\"\n\t\t\t\t\tdata-promo-id=\"75934\"\t\t\t\t\t\t\t\t\t\twidth='1420' height='240'\t\t\t\t\talt=\"https:\/\/files.sunoresearch.com.br\/n\/uploads\/2023\/03\/1420x240-Controle-de-Investimentos.png\"\n\t\t\t\t>\n\t\t\t<\/picture>\n\t\t<\/a>\n\t<\/p>\n\n\n","protected":false},"excerpt":{"rendered":"<p>A Ordem dos Advogados do Brasil divulgou nota t\u00e9cnica neste s\u00e1bado (6) classificando a PEC dos precat\u00f3rios, aprovada em primeiro turno na C\u00e2mara dos Deputados, como &#8216;flagrantemente inconstitucional&#8217; e uma &#8216;tentativa de calote repaginada&#8217;. Membros do Congresso. Foto: Luis Macedo\/Ag\u00eancia C\u00e2mara. De acordo com a entidade, o texto da PEC dos Precat\u00f3rios viola &#8216;a separa\u00e7\u00e3o [&hellip;]<\/p>\n","protected":false},"author":15,"featured_media":150062,"comment_status":"closed","ping_status":"closed","sticky":false,"template":"","format":"standard","meta":[],"categories":[64],"tags":[],"suno_strategy":[],"class_list":["post-202221","post","type-post","status-publish","format-standard","has-post-thumbnail","hentry","category-negocios"],"yoast_head":"<!-- This site is optimized with the Yoast SEO plugin v24.4 - https:\/\/yoast.com\/wordpress\/plugins\/seo\/ -->\n<title>OAB diz que PEC dos precat\u00f3rios \u00e9 &#039;tentativa de calote repaginada&#039;<\/title>\n<meta name=\"description\" content=\"A OAB classificou a PEC dos precat\u00f3rios como &#039;flagrantemente inconstitucional&#039; e uma &#039;tentativa de calote repaginada&#039;. Clique aqui\" \/>\n<meta name=\"robots\" content=\"index, follow, max-snippet:-1, max-image-preview:large, max-video-preview:-1\" \/>\n<link rel=\"canonical\" href=\"https:\/\/www.suno.com.br\/noticias\/oab-diz-que-pec-dos-precatorios-e-tentativa-de-calote-repaginada\/\" \/>\n<meta property=\"og:locale\" content=\"pt_BR\" \/>\n<meta property=\"og:type\" content=\"article\" \/>\n<meta property=\"og:title\" content=\"OAB diz que PEC dos precat\u00f3rios \u00e9 &#039;tentativa de calote repaginada&#039;\" \/>\n<meta property=\"og:description\" content=\"A OAB classificou a PEC dos precat\u00f3rios como &#039;flagrantemente inconstitucional&#039; e uma &#039;tentativa de calote repaginada&#039;. Clique aqui\" \/>\n<meta property=\"og:url\" content=\"https:\/\/www.suno.com.br\/noticias\/oab-diz-que-pec-dos-precatorios-e-tentativa-de-calote-repaginada\/\" \/>\n<meta property=\"og:site_name\" content=\"Suno Not\u00edcias\" \/>\n<meta property=\"article:publisher\" content=\"https:\/\/facebook.com\/sunoresearch\" \/>\n<meta property=\"og:image\" content=\"https:\/\/files.sunoresearch.com.br\/n\/uploads\/2021\/05\/e42e9228-foto-luis-macedo-agencia-camara.jpg\" \/>\n\t<meta property=\"og:image:width\" content=\"2003\" \/>\n\t<meta property=\"og:image:height\" content=\"1312\" \/>\n\t<meta property=\"og:image:type\" content=\"image\/jpeg\" \/>\n<meta name=\"author\" content=\"Poliana Santos\" \/>\n<meta name=\"twitter:card\" content=\"summary_large_image\" \/>\n<meta name=\"twitter:creator\" content=\"@sunoresearch\" \/>\n<meta name=\"twitter:site\" content=\"@sunoresearch\" \/>\n<meta name=\"twitter:label1\" content=\"Escrito por\" \/>\n\t<meta name=\"twitter:data1\" content=\"Poliana Santos\" \/>\n\t<meta name=\"twitter:label2\" content=\"Est. tempo de leitura\" \/>\n\t<meta name=\"twitter:data2\" content=\"2 minutos\" \/>\n<script type=\"application\/ld+json\" class=\"yoast-schema-graph\">{\"@context\":\"https:\/\/schema.org\",\"@graph\":[{\"@type\":\"NewsArticle\",\"@id\":\"https:\/\/www.suno.com.br\/noticias\/oab-diz-que-pec-dos-precatorios-e-tentativa-de-calote-repaginada\/#article\",\"isPartOf\":{\"@id\":\"https:\/\/www.suno.com.br\/noticias\/oab-diz-que-pec-dos-precatorios-e-tentativa-de-calote-repaginada\/\"},\"author\":{\"name\":\"Poliana Santos\",\"@id\":\"https:\/\/www.suno.com.br\/noticias\/#\/schema\/person\/02ec1f752758247878a2bf4abee1aeda\"},\"headline\":\"OAB diz que PEC dos precat\u00f3rios \u00e9 &#8216;tentativa de calote repaginada&#8217;\",\"datePublished\":\"2021-11-07T15:10:02+00:00\",\"dateModified\":\"2021-11-07T18:57:45+00:00\",\"mainEntityOfPage\":{\"@id\":\"https:\/\/www.suno.com.br\/noticias\/oab-diz-que-pec-dos-precatorios-e-tentativa-de-calote-repaginada\/\"},\"wordCount\":457,\"publisher\":{\"@id\":\"https:\/\/www.suno.com.br\/noticias\/#organization\"},\"image\":{\"@id\":\"https:\/\/www.suno.com.br\/noticias\/oab-diz-que-pec-dos-precatorios-e-tentativa-de-calote-repaginada\/#primaryimage\"},\"thumbnailUrl\":\"https:\/\/files.sunoresearch.com.br\/n\/uploads\/2021\/05\/e42e9228-foto-luis-macedo-agencia-camara-jpg.webp\",\"articleSection\":[\"Neg\u00f3cios\"],\"inLanguage\":\"pt-BR\"},{\"@type\":\"WebPage\",\"@id\":\"https:\/\/www.suno.com.br\/noticias\/oab-diz-que-pec-dos-precatorios-e-tentativa-de-calote-repaginada\/\",\"url\":\"https:\/\/www.suno.com.br\/noticias\/oab-diz-que-pec-dos-precatorios-e-tentativa-de-calote-repaginada\/\",\"name\":\"OAB diz que PEC dos precat\u00f3rios \u00e9 'tentativa de calote repaginada'\",\"isPartOf\":{\"@id\":\"https:\/\/www.suno.com.br\/noticias\/#website\"},\"primaryImageOfPage\":{\"@id\":\"https:\/\/www.suno.com.br\/noticias\/oab-diz-que-pec-dos-precatorios-e-tentativa-de-calote-repaginada\/#primaryimage\"},\"image\":{\"@id\":\"https:\/\/www.suno.com.br\/noticias\/oab-diz-que-pec-dos-precatorios-e-tentativa-de-calote-repaginada\/#primaryimage\"},\"thumbnailUrl\":\"https:\/\/files.sunoresearch.com.br\/n\/uploads\/2021\/05\/e42e9228-foto-luis-macedo-agencia-camara-jpg.webp\",\"datePublished\":\"2021-11-07T15:10:02+00:00\",\"dateModified\":\"2021-11-07T18:57:45+00:00\",\"description\":\"A OAB classificou a PEC dos precat\u00f3rios como 'flagrantemente inconstitucional' e uma 'tentativa de calote repaginada'. Clique aqui\",\"breadcrumb\":{\"@id\":\"https:\/\/www.suno.com.br\/noticias\/oab-diz-que-pec-dos-precatorios-e-tentativa-de-calote-repaginada\/#breadcrumb\"},\"inLanguage\":\"pt-BR\",\"potentialAction\":[{\"@type\":\"ReadAction\",\"target\":[\"https:\/\/www.suno.com.br\/noticias\/oab-diz-que-pec-dos-precatorios-e-tentativa-de-calote-repaginada\/\"]}]},{\"@type\":\"ImageObject\",\"inLanguage\":\"pt-BR\",\"@id\":\"https:\/\/www.suno.com.br\/noticias\/oab-diz-que-pec-dos-precatorios-e-tentativa-de-calote-repaginada\/#primaryimage\",\"url\":\"https:\/\/files.sunoresearch.com.br\/n\/uploads\/2021\/05\/e42e9228-foto-luis-macedo-agencia-camara-jpg.webp\",\"contentUrl\":\"https:\/\/files.sunoresearch.com.br\/n\/uploads\/2021\/05\/e42e9228-foto-luis-macedo-agencia-camara-jpg.webp\",\"width\":2003,\"height\":1312,\"caption\":\"Membros do Congresso. Foto: Luis Macedo\/Ag\u00eancia C\u00e2mara.\"},{\"@type\":\"BreadcrumbList\",\"@id\":\"https:\/\/www.suno.com.br\/noticias\/oab-diz-que-pec-dos-precatorios-e-tentativa-de-calote-repaginada\/#breadcrumb\",\"itemListElement\":[{\"@type\":\"ListItem\",\"position\":1,\"name\":\"Not\u00edcias\",\"item\":\"https:\/\/www.suno.com.br\/noticias\/\"},{\"@type\":\"ListItem\",\"position\":2,\"name\":\"Neg\u00f3cios\",\"item\":\"https:\/\/www.suno.com.br\/noticias\/negocios\/\"},{\"@type\":\"ListItem\",\"position\":3,\"name\":\"OAB diz que PEC dos precat\u00f3rios \u00e9 &#8216;tentativa de calote repaginada&#8217;\"}]},{\"@type\":\"WebSite\",\"@id\":\"https:\/\/www.suno.com.br\/noticias\/#website\",\"url\":\"https:\/\/www.suno.com.br\/noticias\/\",\"name\":\"Suno Not\u00edcias\",\"description\":\"Seu portal de informa\u00e7\u00e3o sobre o mundo dos investimentos\",\"publisher\":{\"@id\":\"https:\/\/www.suno.com.br\/noticias\/#organization\"},\"potentialAction\":[{\"@type\":\"SearchAction\",\"target\":{\"@type\":\"EntryPoint\",\"urlTemplate\":\"https:\/\/www.suno.com.br\/noticias\/?s={search_term_string}\"},\"query-input\":{\"@type\":\"PropertyValueSpecification\",\"valueRequired\":true,\"valueName\":\"search_term_string\"}}],\"inLanguage\":\"pt-BR\"},{\"@type\":\"Organization\",\"@id\":\"https:\/\/www.suno.com.br\/noticias\/#organization\",\"name\":\"Suno Not\u00edcias\",\"url\":\"https:\/\/www.suno.com.br\/noticias\/\",\"logo\":{\"@type\":\"ImageObject\",\"inLanguage\":\"pt-BR\",\"@id\":\"https:\/\/www.suno.com.br\/noticias\/#\/schema\/logo\/image\/\",\"url\":\"https:\/\/files.sunoresearch.com.br\/n\/uploads\/2021\/09\/suno-logo.png\",\"contentUrl\":\"https:\/\/files.sunoresearch.com.br\/n\/uploads\/2021\/09\/suno-logo.png\",\"width\":180,\"height\":180,\"caption\":\"Suno Not\u00edcias\"},\"image\":{\"@id\":\"https:\/\/www.suno.com.br\/noticias\/#\/schema\/logo\/image\/\"},\"sameAs\":[\"https:\/\/facebook.com\/sunoresearch\",\"https:\/\/x.com\/sunoresearch\",\"https:\/\/www.instagram.com\/suno\",\"https:\/\/www.linkedin.com\/company\/suno-research\/\",\"https:\/\/www.youtube.com\/c\/sunoresearch\"]},{\"@type\":\"Person\",\"@id\":\"https:\/\/www.suno.com.br\/noticias\/#\/schema\/person\/02ec1f752758247878a2bf4abee1aeda\",\"name\":\"Poliana Santos\",\"image\":{\"@type\":\"ImageObject\",\"inLanguage\":\"pt-BR\",\"@id\":\"https:\/\/www.suno.com.br\/noticias\/#\/schema\/person\/image\/\",\"url\":\"https:\/\/secure.gravatar.com\/avatar\/0645bd32f23d87b2130f2b2dff1d3f8d?s=96&r=g\",\"contentUrl\":\"https:\/\/secure.gravatar.com\/avatar\/0645bd32f23d87b2130f2b2dff1d3f8d?s=96&r=g\",\"caption\":\"Poliana Santos\"},\"description\":\"Rep\u00f3rter no Suno Not\u00edcias, com cobertura em mercado financeiro, economia, finan\u00e7as pessoais, renda fixa e varejo. Jornalista formada pela Faculdade C\u00e1sper L\u00edbero e possui passagem na R\u00e1dio Gazeta AM com a produ\u00e7\u00e3o de conte\u00fado sobre economia, pol\u00edtica, sa\u00fade, moda e m\u00fasica. Possui certificado de conclus\u00e3o do curso de An\u00e1lise de Balan\u00e7os pela Funda\u00e7\u00e3o Bradesco, Agenda Brasil pela FAAP, Educa\u00e7\u00e3o Pol\u00edtica por Alexandre Garcia e do Tesouro Direto e Mercado de A\u00e7\u00f5es pela B3.\",\"url\":\"https:\/\/www.suno.com.br\/noticias\/author\/poliana-santos\/\"}]}<\/script>\n<!-- \/ Yoast SEO plugin. -->","yoast_head_json":{"title":"OAB diz que PEC dos precat\u00f3rios \u00e9 'tentativa de calote repaginada'","description":"A OAB classificou a PEC dos precat\u00f3rios como 'flagrantemente inconstitucional' e uma 'tentativa de calote repaginada'. Clique aqui","robots":{"index":"index","follow":"follow","max-snippet":"max-snippet:-1","max-image-preview":"max-image-preview:large","max-video-preview":"max-video-preview:-1"},"canonical":"https:\/\/www.suno.com.br\/noticias\/oab-diz-que-pec-dos-precatorios-e-tentativa-de-calote-repaginada\/","og_locale":"pt_BR","og_type":"article","og_title":"OAB diz que PEC dos precat\u00f3rios \u00e9 'tentativa de calote repaginada'","og_description":"A OAB classificou a PEC dos precat\u00f3rios como 'flagrantemente inconstitucional' e uma 'tentativa de calote repaginada'. Clique aqui","og_url":"https:\/\/www.suno.com.br\/noticias\/oab-diz-que-pec-dos-precatorios-e-tentativa-de-calote-repaginada\/","og_site_name":"Suno Not\u00edcias","article_publisher":"https:\/\/facebook.com\/sunoresearch","og_image":[{"width":2003,"height":1312,"url":"https:\/\/files.sunoresearch.com.br\/n\/uploads\/2021\/05\/e42e9228-foto-luis-macedo-agencia-camara.jpg","type":"image\/jpeg"}],"author":"Poliana Santos","twitter_card":"summary_large_image","twitter_creator":"@sunoresearch","twitter_site":"@sunoresearch","twitter_misc":{"Escrito por":"Poliana Santos","Est. tempo de leitura":"2 minutos"},"schema":{"@context":"https:\/\/schema.org","@graph":[{"@type":"NewsArticle","@id":"https:\/\/www.suno.com.br\/noticias\/oab-diz-que-pec-dos-precatorios-e-tentativa-de-calote-repaginada\/#article","isPartOf":{"@id":"https:\/\/www.suno.com.br\/noticias\/oab-diz-que-pec-dos-precatorios-e-tentativa-de-calote-repaginada\/"},"author":{"name":"Poliana Santos","@id":"https:\/\/www.suno.com.br\/noticias\/#\/schema\/person\/02ec1f752758247878a2bf4abee1aeda"},"headline":"OAB diz que PEC dos precat\u00f3rios \u00e9 &#8216;tentativa de calote repaginada&#8217;","datePublished":"2021-11-07T15:10:02+00:00","dateModified":"2021-11-07T18:57:45+00:00","mainEntityOfPage":{"@id":"https:\/\/www.suno.com.br\/noticias\/oab-diz-que-pec-dos-precatorios-e-tentativa-de-calote-repaginada\/"},"wordCount":457,"publisher":{"@id":"https:\/\/www.suno.com.br\/noticias\/#organization"},"image":{"@id":"https:\/\/www.suno.com.br\/noticias\/oab-diz-que-pec-dos-precatorios-e-tentativa-de-calote-repaginada\/#primaryimage"},"thumbnailUrl":"https:\/\/files.sunoresearch.com.br\/n\/uploads\/2021\/05\/e42e9228-foto-luis-macedo-agencia-camara-jpg.webp","articleSection":["Neg\u00f3cios"],"inLanguage":"pt-BR"},{"@type":"WebPage","@id":"https:\/\/www.suno.com.br\/noticias\/oab-diz-que-pec-dos-precatorios-e-tentativa-de-calote-repaginada\/","url":"https:\/\/www.suno.com.br\/noticias\/oab-diz-que-pec-dos-precatorios-e-tentativa-de-calote-repaginada\/","name":"OAB diz que PEC dos precat\u00f3rios \u00e9 'tentativa de calote repaginada'","isPartOf":{"@id":"https:\/\/www.suno.com.br\/noticias\/#website"},"primaryImageOfPage":{"@id":"https:\/\/www.suno.com.br\/noticias\/oab-diz-que-pec-dos-precatorios-e-tentativa-de-calote-repaginada\/#primaryimage"},"image":{"@id":"https:\/\/www.suno.com.br\/noticias\/oab-diz-que-pec-dos-precatorios-e-tentativa-de-calote-repaginada\/#primaryimage"},"thumbnailUrl":"https:\/\/files.sunoresearch.com.br\/n\/uploads\/2021\/05\/e42e9228-foto-luis-macedo-agencia-camara-jpg.webp","datePublished":"2021-11-07T15:10:02+00:00","dateModified":"2021-11-07T18:57:45+00:00","description":"A OAB classificou a PEC dos precat\u00f3rios como 'flagrantemente inconstitucional' e uma 'tentativa de calote repaginada'. Clique aqui","breadcrumb":{"@id":"https:\/\/www.suno.com.br\/noticias\/oab-diz-que-pec-dos-precatorios-e-tentativa-de-calote-repaginada\/#breadcrumb"},"inLanguage":"pt-BR","potentialAction":[{"@type":"ReadAction","target":["https:\/\/www.suno.com.br\/noticias\/oab-diz-que-pec-dos-precatorios-e-tentativa-de-calote-repaginada\/"]}]},{"@type":"ImageObject","inLanguage":"pt-BR","@id":"https:\/\/www.suno.com.br\/noticias\/oab-diz-que-pec-dos-precatorios-e-tentativa-de-calote-repaginada\/#primaryimage","url":"https:\/\/files.sunoresearch.com.br\/n\/uploads\/2021\/05\/e42e9228-foto-luis-macedo-agencia-camara-jpg.webp","contentUrl":"https:\/\/files.sunoresearch.com.br\/n\/uploads\/2021\/05\/e42e9228-foto-luis-macedo-agencia-camara-jpg.webp","width":2003,"height":1312,"caption":"Membros do Congresso. Foto: Luis Macedo\/Ag\u00eancia C\u00e2mara."},{"@type":"BreadcrumbList","@id":"https:\/\/www.suno.com.br\/noticias\/oab-diz-que-pec-dos-precatorios-e-tentativa-de-calote-repaginada\/#breadcrumb","itemListElement":[{"@type":"ListItem","position":1,"name":"Not\u00edcias","item":"https:\/\/www.suno.com.br\/noticias\/"},{"@type":"ListItem","position":2,"name":"Neg\u00f3cios","item":"https:\/\/www.suno.com.br\/noticias\/negocios\/"},{"@type":"ListItem","position":3,"name":"OAB diz que PEC dos precat\u00f3rios \u00e9 &#8216;tentativa de calote repaginada&#8217;"}]},{"@type":"WebSite","@id":"https:\/\/www.suno.com.br\/noticias\/#website","url":"https:\/\/www.suno.com.br\/noticias\/","name":"Suno Not\u00edcias","description":"Seu portal de informa\u00e7\u00e3o sobre o mundo dos investimentos","publisher":{"@id":"https:\/\/www.suno.com.br\/noticias\/#organization"},"potentialAction":[{"@type":"SearchAction","target":{"@type":"EntryPoint","urlTemplate":"https:\/\/www.suno.com.br\/noticias\/?s={search_term_string}"},"query-input":{"@type":"PropertyValueSpecification","valueRequired":true,"valueName":"search_term_string"}}],"inLanguage":"pt-BR"},{"@type":"Organization","@id":"https:\/\/www.suno.com.br\/noticias\/#organization","name":"Suno Not\u00edcias","url":"https:\/\/www.suno.com.br\/noticias\/","logo":{"@type":"ImageObject","inLanguage":"pt-BR","@id":"https:\/\/www.suno.com.br\/noticias\/#\/schema\/logo\/image\/","url":"https:\/\/files.sunoresearch.com.br\/n\/uploads\/2021\/09\/suno-logo.png","contentUrl":"https:\/\/files.sunoresearch.com.br\/n\/uploads\/2021\/09\/suno-logo.png","width":180,"height":180,"caption":"Suno Not\u00edcias"},"image":{"@id":"https:\/\/www.suno.com.br\/noticias\/#\/schema\/logo\/image\/"},"sameAs":["https:\/\/facebook.com\/sunoresearch","https:\/\/x.com\/sunoresearch","https:\/\/www.instagram.com\/suno","https:\/\/www.linkedin.com\/company\/suno-research\/","https:\/\/www.youtube.com\/c\/sunoresearch"]},{"@type":"Person","@id":"https:\/\/www.suno.com.br\/noticias\/#\/schema\/person\/02ec1f752758247878a2bf4abee1aeda","name":"Poliana Santos","image":{"@type":"ImageObject","inLanguage":"pt-BR","@id":"https:\/\/www.suno.com.br\/noticias\/#\/schema\/person\/image\/","url":"https:\/\/secure.gravatar.com\/avatar\/0645bd32f23d87b2130f2b2dff1d3f8d?s=96&r=g","contentUrl":"https:\/\/secure.gravatar.com\/avatar\/0645bd32f23d87b2130f2b2dff1d3f8d?s=96&r=g","caption":"Poliana Santos"},"description":"Rep\u00f3rter no Suno Not\u00edcias, com cobertura em mercado financeiro, economia, finan\u00e7as pessoais, renda fixa e varejo. Jornalista formada pela Faculdade C\u00e1sper L\u00edbero e possui passagem na R\u00e1dio Gazeta AM com a produ\u00e7\u00e3o de conte\u00fado sobre economia, pol\u00edtica, sa\u00fade, moda e m\u00fasica. Possui certificado de conclus\u00e3o do curso de An\u00e1lise de Balan\u00e7os pela Funda\u00e7\u00e3o Bradesco, Agenda Brasil pela FAAP, Educa\u00e7\u00e3o Pol\u00edtica por Alexandre Garcia e do Tesouro Direto e Mercado de A\u00e7\u00f5es pela B3.","url":"https:\/\/www.suno.com.br\/noticias\/author\/poliana-santos\/"}]}},"default_loop_html":"<div class=\"cardsPage__listCard__boxs\"><div class=\"cardsPage__listCard__boxs__img\"><a href=\"https:\/\/www.suno.com.br\/noticias\/oab-diz-que-pec-dos-precatorios-e-tentativa-de-calote-repaginada\/\"><img class=\"mask\" src=\"https:\/\/www.suno.com.br\/noticias\/wp-content\/themes\/suno\/resources\/images\/spotlight\/spotlight1img\/bg-mask.png\" alt=\"Image Mask\"\/><img src=\"https:\/\/files.sunoresearch.com.br\/n\/uploads\/2021\/05\/e42e9228-foto-luis-macedo-agencia-camara-400x200.webp\" alt=\"OAB diz que PEC dos precat\u00f3rios \u00e9 &#8216;tentativa de calote repaginada&#8217;\"\/><\/a><span class=\"spotlightCategory\"><a href=\"https:\/\/www.suno.com.br\/noticias\/negocios\/\">Neg\u00f3cios<\/a><\/span><\/div><div class=\"cardsPage__listCard__boxs__content\"><a href=\"https:\/\/www.suno.com.br\/noticias\/oab-diz-que-pec-dos-precatorios-e-tentativa-de-calote-repaginada\/\"><h2 class=\"content__title\">OAB diz que PEC dos precat\u00f3rios \u00e9 &#8216;tentativa de calote repaginada&#8217;<\/h2><\/a><div class=\"newsContent__article__meta\"><div class=\"newsContent__article__meta__authorBox\"><a href=\"https:\/\/www.suno.com.br\/noticias\/author\/poliana-santos\/\" class=\"authorBox__avatar noMobi\"><img src=\"https:\/\/files.sunoresearch.com.br\/n\/uploads\/2020\/08\/7ef34026-whatsapp-image-2020-08-03-at-12.37.57-150x150.webp\" alt=\"Poliana Santos\"><\/a><div class=\"authorBox__name\"><span>por\n\t\t\t<a href=\"https:\/\/www.suno.com.br\/noticias\/author\/poliana-santos\/\"><span itemprop=\"author\">Poliana Santos<\/span><\/a><\/span><time datetime=\"2021-11-07T12:10:02-03:00\" itemprop=\"datePublished\">07\/11\/2021 12:10<\/time><\/div><\/div><\/div><\/div><\/div>","single_layout":"posts","amp_enabled":true,"_links":{"self":[{"href":"https:\/\/www.suno.com.br\/noticias\/wp-json\/wp\/v2\/posts\/202221"}],"collection":[{"href":"https:\/\/www.suno.com.br\/noticias\/wp-json\/wp\/v2\/posts"}],"about":[{"href":"https:\/\/www.suno.com.br\/noticias\/wp-json\/wp\/v2\/types\/post"}],"author":[{"embeddable":true,"href":"https:\/\/www.suno.com.br\/noticias\/wp-json\/wp\/v2\/users\/15"}],"replies":[{"embeddable":true,"href":"https:\/\/www.suno.com.br\/noticias\/wp-json\/wp\/v2\/comments?post=202221"}],"version-history":[{"count":4,"href":"https:\/\/www.suno.com.br\/noticias\/wp-json\/wp\/v2\/posts\/202221\/revisions"}],"predecessor-version":[{"id":202298,"href":"https:\/\/www.suno.com.br\/noticias\/wp-json\/wp\/v2\/posts\/202221\/revisions\/202298"}],"wp:featuredmedia":[{"embeddable":true,"href":"https:\/\/www.suno.com.br\/noticias\/wp-json\/wp\/v2\/media\/150062"}],"wp:attachment":[{"href":"https:\/\/www.suno.com.br\/noticias\/wp-json\/wp\/v2\/media?parent=202221"}],"wp:term":[{"taxonomy":"category","embeddable":true,"href":"https:\/\/www.suno.com.br\/noticias\/wp-json\/wp\/v2\/categories?post=202221"},{"taxonomy":"post_tag","embeddable":true,"href":"https:\/\/www.suno.com.br\/noticias\/wp-json\/wp\/v2\/tags?post=202221"},{"taxonomy":"suno_strategy","embeddable":true,"href":"https:\/\/www.suno.com.br\/noticias\/wp-json\/wp\/v2\/suno_strategy?post=202221"}],"curies":[{"name":"wp","href":"https:\/\/api.w.org\/{rel}","templated":true}]}}