{"id":20222,"date":"2019-04-07T17:27:54","date_gmt":"2019-04-07T20:27:54","guid":{"rendered":"https:\/\/www.suno.com.br\/noticias\/?p=20222"},"modified":"2021-06-21T05:21:53","modified_gmt":"2021-06-21T08:21:53","slug":"banco-safra-previsao-crescimento-pib","status":"publish","type":"post","link":"https:\/\/www.suno.com.br\/noticias\/banco-safra-previsao-crescimento-pib\/","title":{"rendered":"Banco Safra reduz previs\u00e3o de crescimento do PIB para 1,5% em 2019"},"content":{"rendered":"<p>O <strong>Banco Safra<\/strong> reduziu sua previs\u00e3o para o crescimento do <strong>Produto Interno Bruto<\/strong> (PIB) do Brasil para 2019 e 2020. Para este ano a previs\u00e3o \u00e9 de uma queda de\u00a02%, para 1,5%. Enquanto a proje\u00e7\u00e3o para 2020 passou de 3% para 2,5%.<\/p>\t<div class=\"wrapper-featured-image\">\n\t\t<figure class=\"spotlightImg\">\n\n\t\t\t<picture>\n\t\t\t\t<source media=\"(max-width: 768px)\" srcset=\"https:\/\/files.sunoresearch.com.br\/n\/uploads\/2019\/04\/00fd9396-banco-safra-400x200.webp\">\n\t\t\t\t<img loading=\"lazy\" decoding=\"async\" class=\"newsContent__article__imgCapa lazyloadDisabled newsContent__article__imgCapa--noCaption\" src=\"https:\/\/files.sunoresearch.com.br\/n\/uploads\/2019\/04\/00fd9396-banco-safra-800x450.webp\" width=\"800\" height=\"450\" alt=\"Banco Safra reduz previs\u00e3o de crescimento do PIB para 1,5% em 2019\" fetchpriority=high \/>\n\t\t\t<\/picture>\n\n\t\t\t<figcaption class=\"wp-caption-text wp-caption-text--hide\">Banco Safra recomenda a\u00e7\u00f5es para 2022, prevendo ano fraco para o Ibovespa. Foto: divulga\u00e7\u00e3o.<\/figcaption>\n\t\t<\/figure>\n\t<\/div>\n\n\n<p>Segundo o <strong>Banco Safra<\/strong>, o primeiro trimestre deste ano registrou um aumento do <strong>PIB<\/strong> de 0,3% em compara\u00e7\u00e3o ao \u00faltimo do ano passado. Essa foi a terceira revis\u00e3o realizada pelo banco nos \u00faltimos dois meses. Em fevereiro a previs\u00e3o era de uma expans\u00e3o de 2,7% em 2019.<\/p>\n<p><a href=\"https:\/\/www.suno.com.br\/noticias\/boletim-focus-crescimento-do-pib-menos-2\/\">Saiba mais: Boletim Focus: crescimento do PIB cai para menos de 2%\u00a0<\/a><\/p>\n<p>\u201cNas \u00faltimas semanas, aumentaram as preocupa\u00e7\u00f5es relacionadas \u00e0 aprova\u00e7\u00e3o da <strong>reforma da Previd\u00eancia,<\/strong> elevando a percep\u00e7\u00e3o de que esse ambiente pode retardar ainda mais a retomada da atividade econ\u00f4mica. Como resultado, houve uma deteriora\u00e7\u00e3o das condi\u00e7\u00f5es financeiras e os \u00edndices de confian\u00e7a voltaram a recuar. Somando-se a isso, encontramos\u00a0evid\u00eancias de que, atualmente, a pol\u00edtica monet\u00e1ria est\u00e1 pouco estimulativa\u201d, informou o Safra em seu relat\u00f3rio.<\/p>\n<p>[optin-monster-shortcode id=&#8221;npkxlwaleraa8psvnego&#8221;]<\/p>\n<p>No caso do <strong>PIB<\/strong> da ind\u00fastria, por exemplo, o Banco Safra calculou preliminarmente uma contra\u00e7\u00e3o de 0,4% no primeiro trimestre em compara\u00e7\u00e3o com o \u00faltimo trimestre do ano passado. Agora a previs\u00e3o para 2019 passou de um\u00a0aumento de 1,6% para uma expans\u00e3o de 0,5%.<\/p>\n<p>\u201cAl\u00e9m disso, chamamos a aten\u00e7\u00e3o para o desempenho ainda muito fraco dos insumos t\u00edpicos da constru\u00e7\u00e3o civil, importante indicador coincidente do PIB da constru\u00e7\u00e3o e dos investimentos\u201d, salientou o banco.<\/p>\n<p>A proje\u00e7\u00e3o para o setor dos servi\u00e7os passou de uma expans\u00e3o de 1,9% para uma de 1,6%. Por sua vez, os\u00a0investimentos recuaram de 4% para 3%. No caso do consumo das fam\u00edlias, a expans\u00e3o foi revista de 1,9% para 1,8%.<\/p>\n<h2>Alta probabilidade de aprova\u00e7\u00e3o da reforma da Previd\u00eancia<\/h2>\n<p>Segundo o banco, existe uma probabilidade entre 70% e 80% de aprova\u00e7\u00e3o da <strong>reforma da Previd\u00eancia.<\/strong> Segundo o <strong>Safra,<\/strong> a mudan\u00e7a nas aposentadorias permitiria uma economia entre R$ 700 bilh\u00f5es e R$ 800 bilh\u00f5es em dez anos.<\/p>\n\t<p>\n\t\t<a href=\"https:\/\/lp.suno.com.br\/cl\/webinario-suno-black-2024\/\" target=\"_blank\" data-element=\"shortcode-suno-banner\" title=\"Banner SUNO, clique e saiba mais\">\n\t\t\t<picture>\n\t\t\t\t<source media=\"(max-width: 500px)\" srcset=\"https:\/\/files.sunoresearch.com.br\/n\/uploads\/2024\/04\/400x300-Banner-Home-1.png\">\n\t\t\t\t<img class=\"newsContent__article__imgCapa newsContent__article__imgCapa--banner\"\n\t\t\t\t\tsrc=\"https:\/\/files.sunoresearch.com.br\/n\/uploads\/2024\/04\/400x300-Banner-Home-1.png\"\n\t\t\t\t\tdata-promo-id=\"102411\"\t\t\t\t\t\t\t\t\t\twidth='401' height='300'\t\t\t\t\talt=\"https:\/\/files.sunoresearch.com.br\/n\/uploads\/2024\/04\/400x300-Banner-Home-1.png\"\n\t\t\t\t>\n\t\t\t<\/picture>\n\t\t<\/a>\n\t<\/p>\n\n\n<p>\u201cNo entanto, avaliamos que esse ambiente (pol\u00edtico) mais ruidoso no curto\u00a0 prazo tem um impacto representativo em termos do ritmo de recupera\u00e7\u00e3o da atividade econ\u00f4mica ao longo deste ano\u201d, informou o banco.<\/p>\n<p><a href=\"https:\/\/www.suno.com.br\/noticias\/pib-banco-central-reduz-economia\/\">Saiba mais: PIB: Banco Central reduz previs\u00e3o de crescimento da economia para 2019\u00a0<\/a><\/p>\n<p>O Safra tamb\u00e9m salientou que \u201co mercado de trabalho n\u00e3o d\u00e1 sinais de tra\u00e7\u00e3o\u201d e que \u201cas medidas ampliadas de desemprego encontram-se em suas m\u00e1ximas\u201d.<\/p>\n<h2>Infla\u00e7\u00e3o em baixa<\/h2>\n<p>Al\u00e9m do <strong>PIB,<\/strong> o Safra tamb\u00e9m reviu suas previs\u00f5es para o <strong>\u00cdndice Nacional de Pre\u00e7os ao Consumidor Amplo (IPCA)<\/strong> de 2019 e 2020. As previs\u00f5es passaram respectivamente de 3,7% para 3,6% e de 4% para 3,8%. Segundo o banco, esse cen\u00e1rio &#8220;refor\u00e7a nossa vis\u00e3o de que existe espa\u00e7o adicional para um afrouxamento monet\u00e1rio ainda em 2019\u201d.<\/p>\n","protected":false},"excerpt":{"rendered":"<p>O Banco Safra reduziu sua previs\u00e3o para o crescimento do Produto Interno Bruto (PIB) do Brasil para 2019 e 2020. Para este ano a previs\u00e3o \u00e9 de uma queda de\u00a02%, para 1,5%. Enquanto a proje\u00e7\u00e3o para 2020 passou de 3% para 2,5%. Banco Safra recomenda a\u00e7\u00f5es para 2022, prevendo ano fraco para o Ibovespa. Foto: [&hellip;]<\/p>\n","protected":false},"author":9,"featured_media":20226,"comment_status":"closed","ping_status":"closed","sticky":false,"template":"","format":"standard","meta":[],"categories":[60],"tags":[1518,966,807],"suno_strategy":[],"class_list":["post-20222","post","type-post","status-publish","format-standard","has-post-thumbnail","hentry","category-mercado","tag-banco-safra","tag-ipca","tag-produto-interno-bruto-pib"],"yoast_head":"<!-- This site is optimized with the Yoast SEO plugin v24.4 - https:\/\/yoast.com\/wordpress\/plugins\/seo\/ -->\n<title>Banco Safra reduz previs\u00e3o de crescimento do PIB para 1,5% em 2019<\/title>\n<meta name=\"description\" content=\"O Banco Safra reduziu sua previs\u00e3o para o crescimento do Produto Interno Bruto (PIB) do Brasil para 2019 e 2020. Clique aqui para saber mais.\" \/>\n<meta name=\"robots\" content=\"index, follow, max-snippet:-1, max-image-preview:large, max-video-preview:-1\" \/>\n<link rel=\"canonical\" href=\"https:\/\/www.suno.com.br\/noticias\/banco-safra-previsao-crescimento-pib\/\" \/>\n<meta property=\"og:locale\" content=\"pt_BR\" \/>\n<meta property=\"og:type\" content=\"article\" \/>\n<meta property=\"og:title\" content=\"Banco Safra reduz previs\u00e3o de crescimento do PIB para 1,5% em 2019\" \/>\n<meta property=\"og:description\" content=\"O Banco Safra reduziu sua previs\u00e3o para o crescimento do Produto Interno Bruto (PIB) do Brasil para 2019 e 2020. Clique aqui para saber mais.\" \/>\n<meta property=\"og:url\" content=\"https:\/\/www.suno.com.br\/noticias\/banco-safra-previsao-crescimento-pib\/\" \/>\n<meta property=\"og:site_name\" content=\"Suno Not\u00edcias\" \/>\n<meta property=\"article:publisher\" content=\"https:\/\/facebook.com\/sunoresearch\" \/>\n<meta property=\"og:image\" content=\"https:\/\/files.sunoresearch.com.br\/n\/uploads\/2019\/04\/00fd9396-banco-safra.jpeg\" \/>\n\t<meta property=\"og:image:width\" content=\"3000\" \/>\n\t<meta property=\"og:image:height\" content=\"2002\" \/>\n\t<meta property=\"og:image:type\" content=\"image\/jpeg\" \/>\n<meta name=\"author\" content=\"Carlo Cauti\" \/>\n<meta name=\"twitter:card\" content=\"summary_large_image\" \/>\n<meta name=\"twitter:creator\" content=\"@sunoresearch\" \/>\n<meta name=\"twitter:site\" content=\"@sunoresearch\" \/>\n<meta name=\"twitter:label1\" content=\"Escrito por\" \/>\n\t<meta name=\"twitter:data1\" content=\"Carlo Cauti\" \/>\n\t<meta name=\"twitter:label2\" content=\"Est. tempo de leitura\" \/>\n\t<meta name=\"twitter:data2\" content=\"2 minutos\" \/>\n<script type=\"application\/ld+json\" class=\"yoast-schema-graph\">{\"@context\":\"https:\/\/schema.org\",\"@graph\":[{\"@type\":\"NewsArticle\",\"@id\":\"https:\/\/www.suno.com.br\/noticias\/banco-safra-previsao-crescimento-pib\/#article\",\"isPartOf\":{\"@id\":\"https:\/\/www.suno.com.br\/noticias\/banco-safra-previsao-crescimento-pib\/\"},\"author\":{\"name\":\"Carlo Cauti\",\"@id\":\"https:\/\/www.suno.com.br\/noticias\/#\/schema\/person\/e6e0f723cc177805027f4566c1d5e0c8\"},\"headline\":\"Banco Safra reduz previs\u00e3o de crescimento do PIB para 1,5% em 2019\",\"datePublished\":\"2019-04-07T20:27:54+00:00\",\"dateModified\":\"2021-06-21T08:21:53+00:00\",\"mainEntityOfPage\":{\"@id\":\"https:\/\/www.suno.com.br\/noticias\/banco-safra-previsao-crescimento-pib\/\"},\"wordCount\":500,\"publisher\":{\"@id\":\"https:\/\/www.suno.com.br\/noticias\/#organization\"},\"image\":{\"@id\":\"https:\/\/www.suno.com.br\/noticias\/banco-safra-previsao-crescimento-pib\/#primaryimage\"},\"thumbnailUrl\":\"https:\/\/files.sunoresearch.com.br\/n\/uploads\/2019\/04\/00fd9396-banco-safra-scaled.webp\",\"keywords\":[\"Banco Safra\",\"IPCA\",\"Produto Interno Bruto (PIB)\"],\"articleSection\":[\"Mercado\"],\"inLanguage\":\"pt-BR\"},{\"@type\":\"WebPage\",\"@id\":\"https:\/\/www.suno.com.br\/noticias\/banco-safra-previsao-crescimento-pib\/\",\"url\":\"https:\/\/www.suno.com.br\/noticias\/banco-safra-previsao-crescimento-pib\/\",\"name\":\"Banco Safra reduz previs\u00e3o de crescimento do PIB para 1,5% em 2019\",\"isPartOf\":{\"@id\":\"https:\/\/www.suno.com.br\/noticias\/#website\"},\"primaryImageOfPage\":{\"@id\":\"https:\/\/www.suno.com.br\/noticias\/banco-safra-previsao-crescimento-pib\/#primaryimage\"},\"image\":{\"@id\":\"https:\/\/www.suno.com.br\/noticias\/banco-safra-previsao-crescimento-pib\/#primaryimage\"},\"thumbnailUrl\":\"https:\/\/files.sunoresearch.com.br\/n\/uploads\/2019\/04\/00fd9396-banco-safra-scaled.webp\",\"datePublished\":\"2019-04-07T20:27:54+00:00\",\"dateModified\":\"2021-06-21T08:21:53+00:00\",\"description\":\"O Banco Safra reduziu sua previs\u00e3o para o crescimento do Produto Interno Bruto (PIB) do Brasil para 2019 e 2020. Clique aqui para saber mais.\",\"breadcrumb\":{\"@id\":\"https:\/\/www.suno.com.br\/noticias\/banco-safra-previsao-crescimento-pib\/#breadcrumb\"},\"inLanguage\":\"pt-BR\",\"potentialAction\":[{\"@type\":\"ReadAction\",\"target\":[\"https:\/\/www.suno.com.br\/noticias\/banco-safra-previsao-crescimento-pib\/\"]}]},{\"@type\":\"ImageObject\",\"inLanguage\":\"pt-BR\",\"@id\":\"https:\/\/www.suno.com.br\/noticias\/banco-safra-previsao-crescimento-pib\/#primaryimage\",\"url\":\"https:\/\/files.sunoresearch.com.br\/n\/uploads\/2019\/04\/00fd9396-banco-safra-scaled.webp\",\"contentUrl\":\"https:\/\/files.sunoresearch.com.br\/n\/uploads\/2019\/04\/00fd9396-banco-safra-scaled.webp\",\"width\":2560,\"height\":1708,\"caption\":\"Banco Safra recomenda a\u00e7\u00f5es para 2022, prevendo ano fraco para o Ibovespa. Foto: divulga\u00e7\u00e3o.\"},{\"@type\":\"BreadcrumbList\",\"@id\":\"https:\/\/www.suno.com.br\/noticias\/banco-safra-previsao-crescimento-pib\/#breadcrumb\",\"itemListElement\":[{\"@type\":\"ListItem\",\"position\":1,\"name\":\"Not\u00edcias\",\"item\":\"https:\/\/www.suno.com.br\/noticias\/\"},{\"@type\":\"ListItem\",\"position\":2,\"name\":\"Mercado\",\"item\":\"https:\/\/www.suno.com.br\/noticias\/mercado\/\"},{\"@type\":\"ListItem\",\"position\":3,\"name\":\"Banco Safra reduz previs\u00e3o de crescimento do PIB para 1,5% em 2019\"}]},{\"@type\":\"WebSite\",\"@id\":\"https:\/\/www.suno.com.br\/noticias\/#website\",\"url\":\"https:\/\/www.suno.com.br\/noticias\/\",\"name\":\"Suno Not\u00edcias\",\"description\":\"Seu portal de informa\u00e7\u00e3o sobre o mundo dos investimentos\",\"publisher\":{\"@id\":\"https:\/\/www.suno.com.br\/noticias\/#organization\"},\"potentialAction\":[{\"@type\":\"SearchAction\",\"target\":{\"@type\":\"EntryPoint\",\"urlTemplate\":\"https:\/\/www.suno.com.br\/noticias\/?s={search_term_string}\"},\"query-input\":{\"@type\":\"PropertyValueSpecification\",\"valueRequired\":true,\"valueName\":\"search_term_string\"}}],\"inLanguage\":\"pt-BR\"},{\"@type\":\"Organization\",\"@id\":\"https:\/\/www.suno.com.br\/noticias\/#organization\",\"name\":\"Suno Not\u00edcias\",\"url\":\"https:\/\/www.suno.com.br\/noticias\/\",\"logo\":{\"@type\":\"ImageObject\",\"inLanguage\":\"pt-BR\",\"@id\":\"https:\/\/www.suno.com.br\/noticias\/#\/schema\/logo\/image\/\",\"url\":\"https:\/\/files.sunoresearch.com.br\/n\/uploads\/2021\/09\/suno-logo.png\",\"contentUrl\":\"https:\/\/files.sunoresearch.com.br\/n\/uploads\/2021\/09\/suno-logo.png\",\"width\":180,\"height\":180,\"caption\":\"Suno Not\u00edcias\"},\"image\":{\"@id\":\"https:\/\/www.suno.com.br\/noticias\/#\/schema\/logo\/image\/\"},\"sameAs\":[\"https:\/\/facebook.com\/sunoresearch\",\"https:\/\/x.com\/sunoresearch\",\"https:\/\/www.instagram.com\/suno\",\"https:\/\/www.linkedin.com\/company\/suno-research\/\",\"https:\/\/www.youtube.com\/c\/sunoresearch\"]},{\"@type\":\"Person\",\"@id\":\"https:\/\/www.suno.com.br\/noticias\/#\/schema\/person\/e6e0f723cc177805027f4566c1d5e0c8\",\"name\":\"Carlo Cauti\",\"image\":{\"@type\":\"ImageObject\",\"inLanguage\":\"pt-BR\",\"@id\":\"https:\/\/www.suno.com.br\/noticias\/#\/schema\/person\/image\/\",\"url\":\"https:\/\/secure.gravatar.com\/avatar\/3ada9e0bd164c23abd4792a9606d583c?s=96&r=g\",\"contentUrl\":\"https:\/\/secure.gravatar.com\/avatar\/3ada9e0bd164c23abd4792a9606d583c?s=96&r=g\",\"caption\":\"Carlo Cauti\"},\"description\":\"Editor multim\u00eddia do SUNO Not\u00edcias. Italiano, formado em Ci\u00eancias Pol\u00edticas pela universidade LUISS G. Carli de Roma e mestre cum laude em Rela\u00e7\u00f5es Internacionais, Jornalismo Internacional e de Guerra e em Economia Internacional. Concluiu tamb\u00e9m um MBA em Finan\u00e7as na B3. No Brasil, teve passagem por ve\u00edculos como Estad\u00e3o, Globo, Veja e EXAME. e nas ag\u00eancias de not\u00edcias italianas ANSA e NOVA.\",\"url\":\"https:\/\/www.suno.com.br\/noticias\/author\/carlo-cauti\/\"}]}<\/script>\n<!-- \/ Yoast SEO plugin. -->","yoast_head_json":{"title":"Banco Safra reduz previs\u00e3o de crescimento do PIB para 1,5% em 2019","description":"O Banco Safra reduziu sua previs\u00e3o para o crescimento do Produto Interno Bruto (PIB) do Brasil para 2019 e 2020. Clique aqui para saber mais.","robots":{"index":"index","follow":"follow","max-snippet":"max-snippet:-1","max-image-preview":"max-image-preview:large","max-video-preview":"max-video-preview:-1"},"canonical":"https:\/\/www.suno.com.br\/noticias\/banco-safra-previsao-crescimento-pib\/","og_locale":"pt_BR","og_type":"article","og_title":"Banco Safra reduz previs\u00e3o de crescimento do PIB para 1,5% em 2019","og_description":"O Banco Safra reduziu sua previs\u00e3o para o crescimento do Produto Interno Bruto (PIB) do Brasil para 2019 e 2020. Clique aqui para saber mais.","og_url":"https:\/\/www.suno.com.br\/noticias\/banco-safra-previsao-crescimento-pib\/","og_site_name":"Suno Not\u00edcias","article_publisher":"https:\/\/facebook.com\/sunoresearch","og_image":[{"width":3000,"height":2002,"url":"https:\/\/files.sunoresearch.com.br\/n\/uploads\/2019\/04\/00fd9396-banco-safra.jpeg","type":"image\/jpeg"}],"author":"Carlo Cauti","twitter_card":"summary_large_image","twitter_creator":"@sunoresearch","twitter_site":"@sunoresearch","twitter_misc":{"Escrito por":"Carlo Cauti","Est. tempo de leitura":"2 minutos"},"schema":{"@context":"https:\/\/schema.org","@graph":[{"@type":"NewsArticle","@id":"https:\/\/www.suno.com.br\/noticias\/banco-safra-previsao-crescimento-pib\/#article","isPartOf":{"@id":"https:\/\/www.suno.com.br\/noticias\/banco-safra-previsao-crescimento-pib\/"},"author":{"name":"Carlo Cauti","@id":"https:\/\/www.suno.com.br\/noticias\/#\/schema\/person\/e6e0f723cc177805027f4566c1d5e0c8"},"headline":"Banco Safra reduz previs\u00e3o de crescimento do PIB para 1,5% em 2019","datePublished":"2019-04-07T20:27:54+00:00","dateModified":"2021-06-21T08:21:53+00:00","mainEntityOfPage":{"@id":"https:\/\/www.suno.com.br\/noticias\/banco-safra-previsao-crescimento-pib\/"},"wordCount":500,"publisher":{"@id":"https:\/\/www.suno.com.br\/noticias\/#organization"},"image":{"@id":"https:\/\/www.suno.com.br\/noticias\/banco-safra-previsao-crescimento-pib\/#primaryimage"},"thumbnailUrl":"https:\/\/files.sunoresearch.com.br\/n\/uploads\/2019\/04\/00fd9396-banco-safra-scaled.webp","keywords":["Banco Safra","IPCA","Produto Interno Bruto (PIB)"],"articleSection":["Mercado"],"inLanguage":"pt-BR"},{"@type":"WebPage","@id":"https:\/\/www.suno.com.br\/noticias\/banco-safra-previsao-crescimento-pib\/","url":"https:\/\/www.suno.com.br\/noticias\/banco-safra-previsao-crescimento-pib\/","name":"Banco Safra reduz previs\u00e3o de crescimento do PIB para 1,5% em 2019","isPartOf":{"@id":"https:\/\/www.suno.com.br\/noticias\/#website"},"primaryImageOfPage":{"@id":"https:\/\/www.suno.com.br\/noticias\/banco-safra-previsao-crescimento-pib\/#primaryimage"},"image":{"@id":"https:\/\/www.suno.com.br\/noticias\/banco-safra-previsao-crescimento-pib\/#primaryimage"},"thumbnailUrl":"https:\/\/files.sunoresearch.com.br\/n\/uploads\/2019\/04\/00fd9396-banco-safra-scaled.webp","datePublished":"2019-04-07T20:27:54+00:00","dateModified":"2021-06-21T08:21:53+00:00","description":"O Banco Safra reduziu sua previs\u00e3o para o crescimento do Produto Interno Bruto (PIB) do Brasil para 2019 e 2020. Clique aqui para saber mais.","breadcrumb":{"@id":"https:\/\/www.suno.com.br\/noticias\/banco-safra-previsao-crescimento-pib\/#breadcrumb"},"inLanguage":"pt-BR","potentialAction":[{"@type":"ReadAction","target":["https:\/\/www.suno.com.br\/noticias\/banco-safra-previsao-crescimento-pib\/"]}]},{"@type":"ImageObject","inLanguage":"pt-BR","@id":"https:\/\/www.suno.com.br\/noticias\/banco-safra-previsao-crescimento-pib\/#primaryimage","url":"https:\/\/files.sunoresearch.com.br\/n\/uploads\/2019\/04\/00fd9396-banco-safra-scaled.webp","contentUrl":"https:\/\/files.sunoresearch.com.br\/n\/uploads\/2019\/04\/00fd9396-banco-safra-scaled.webp","width":2560,"height":1708,"caption":"Banco Safra recomenda a\u00e7\u00f5es para 2022, prevendo ano fraco para o Ibovespa. Foto: divulga\u00e7\u00e3o."},{"@type":"BreadcrumbList","@id":"https:\/\/www.suno.com.br\/noticias\/banco-safra-previsao-crescimento-pib\/#breadcrumb","itemListElement":[{"@type":"ListItem","position":1,"name":"Not\u00edcias","item":"https:\/\/www.suno.com.br\/noticias\/"},{"@type":"ListItem","position":2,"name":"Mercado","item":"https:\/\/www.suno.com.br\/noticias\/mercado\/"},{"@type":"ListItem","position":3,"name":"Banco Safra reduz previs\u00e3o de crescimento do PIB para 1,5% em 2019"}]},{"@type":"WebSite","@id":"https:\/\/www.suno.com.br\/noticias\/#website","url":"https:\/\/www.suno.com.br\/noticias\/","name":"Suno Not\u00edcias","description":"Seu portal de informa\u00e7\u00e3o sobre o mundo dos investimentos","publisher":{"@id":"https:\/\/www.suno.com.br\/noticias\/#organization"},"potentialAction":[{"@type":"SearchAction","target":{"@type":"EntryPoint","urlTemplate":"https:\/\/www.suno.com.br\/noticias\/?s={search_term_string}"},"query-input":{"@type":"PropertyValueSpecification","valueRequired":true,"valueName":"search_term_string"}}],"inLanguage":"pt-BR"},{"@type":"Organization","@id":"https:\/\/www.suno.com.br\/noticias\/#organization","name":"Suno Not\u00edcias","url":"https:\/\/www.suno.com.br\/noticias\/","logo":{"@type":"ImageObject","inLanguage":"pt-BR","@id":"https:\/\/www.suno.com.br\/noticias\/#\/schema\/logo\/image\/","url":"https:\/\/files.sunoresearch.com.br\/n\/uploads\/2021\/09\/suno-logo.png","contentUrl":"https:\/\/files.sunoresearch.com.br\/n\/uploads\/2021\/09\/suno-logo.png","width":180,"height":180,"caption":"Suno Not\u00edcias"},"image":{"@id":"https:\/\/www.suno.com.br\/noticias\/#\/schema\/logo\/image\/"},"sameAs":["https:\/\/facebook.com\/sunoresearch","https:\/\/x.com\/sunoresearch","https:\/\/www.instagram.com\/suno","https:\/\/www.linkedin.com\/company\/suno-research\/","https:\/\/www.youtube.com\/c\/sunoresearch"]},{"@type":"Person","@id":"https:\/\/www.suno.com.br\/noticias\/#\/schema\/person\/e6e0f723cc177805027f4566c1d5e0c8","name":"Carlo Cauti","image":{"@type":"ImageObject","inLanguage":"pt-BR","@id":"https:\/\/www.suno.com.br\/noticias\/#\/schema\/person\/image\/","url":"https:\/\/secure.gravatar.com\/avatar\/3ada9e0bd164c23abd4792a9606d583c?s=96&r=g","contentUrl":"https:\/\/secure.gravatar.com\/avatar\/3ada9e0bd164c23abd4792a9606d583c?s=96&r=g","caption":"Carlo Cauti"},"description":"Editor multim\u00eddia do SUNO Not\u00edcias. Italiano, formado em Ci\u00eancias Pol\u00edticas pela universidade LUISS G. Carli de Roma e mestre cum laude em Rela\u00e7\u00f5es Internacionais, Jornalismo Internacional e de Guerra e em Economia Internacional. Concluiu tamb\u00e9m um MBA em Finan\u00e7as na B3. No Brasil, teve passagem por ve\u00edculos como Estad\u00e3o, Globo, Veja e EXAME. e nas ag\u00eancias de not\u00edcias italianas ANSA e NOVA.","url":"https:\/\/www.suno.com.br\/noticias\/author\/carlo-cauti\/"}]}},"default_loop_html":"<div class=\"cardsPage__listCard__boxs\"><div class=\"cardsPage__listCard__boxs__img\"><a href=\"https:\/\/www.suno.com.br\/noticias\/banco-safra-previsao-crescimento-pib\/\"><img class=\"mask\" src=\"https:\/\/www.suno.com.br\/noticias\/wp-content\/themes\/suno\/resources\/images\/spotlight\/spotlight1img\/bg-mask.png\" alt=\"Image Mask\"\/><img src=\"https:\/\/files.sunoresearch.com.br\/n\/uploads\/2019\/04\/00fd9396-banco-safra-400x200.webp\" alt=\"Banco Safra reduz previs\u00e3o de crescimento do PIB para 1,5% em 2019\"\/><\/a><span class=\"spotlightCategory\"><a href=\"https:\/\/www.suno.com.br\/noticias\/mercado\/\">Mercado<\/a><\/span><\/div><div class=\"cardsPage__listCard__boxs__content\"><a href=\"https:\/\/www.suno.com.br\/noticias\/banco-safra-previsao-crescimento-pib\/\"><h2 class=\"content__title\">Banco Safra reduz previs\u00e3o de crescimento do PIB para 1,5% em 2019<\/h2><\/a><div class=\"newsContent__article__meta\"><div class=\"newsContent__article__meta__authorBox\"><a href=\"https:\/\/www.suno.com.br\/noticias\/author\/carlo-cauti\/\" class=\"authorBox__avatar noMobi\"><img src=\"https:\/\/files.sunoresearch.com.br\/n\/uploads\/2020\/08\/e3745f9a-perfil-carlo-cauti-150x150.webp\" alt=\"Carlo Cauti\"><\/a><div class=\"authorBox__name\"><span>por\n\t\t\t<a href=\"https:\/\/www.suno.com.br\/noticias\/author\/carlo-cauti\/\"><span itemprop=\"author\">Carlo Cauti<\/span><\/a><\/span><time datetime=\"2019-04-07T17:27:54-03:00\" itemprop=\"datePublished\">07\/04\/2019 17:27<\/time><\/div><\/div><\/div><\/div><\/div>","single_layout":"posts","amp_enabled":true,"_links":{"self":[{"href":"https:\/\/www.suno.com.br\/noticias\/wp-json\/wp\/v2\/posts\/20222"}],"collection":[{"href":"https:\/\/www.suno.com.br\/noticias\/wp-json\/wp\/v2\/posts"}],"about":[{"href":"https:\/\/www.suno.com.br\/noticias\/wp-json\/wp\/v2\/types\/post"}],"author":[{"embeddable":true,"href":"https:\/\/www.suno.com.br\/noticias\/wp-json\/wp\/v2\/users\/9"}],"replies":[{"embeddable":true,"href":"https:\/\/www.suno.com.br\/noticias\/wp-json\/wp\/v2\/comments?post=20222"}],"version-history":[{"count":1,"href":"https:\/\/www.suno.com.br\/noticias\/wp-json\/wp\/v2\/posts\/20222\/revisions"}],"predecessor-version":[{"id":159509,"href":"https:\/\/www.suno.com.br\/noticias\/wp-json\/wp\/v2\/posts\/20222\/revisions\/159509"}],"wp:featuredmedia":[{"embeddable":true,"href":"https:\/\/www.suno.com.br\/noticias\/wp-json\/wp\/v2\/media\/20226"}],"wp:attachment":[{"href":"https:\/\/www.suno.com.br\/noticias\/wp-json\/wp\/v2\/media?parent=20222"}],"wp:term":[{"taxonomy":"category","embeddable":true,"href":"https:\/\/www.suno.com.br\/noticias\/wp-json\/wp\/v2\/categories?post=20222"},{"taxonomy":"post_tag","embeddable":true,"href":"https:\/\/www.suno.com.br\/noticias\/wp-json\/wp\/v2\/tags?post=20222"},{"taxonomy":"suno_strategy","embeddable":true,"href":"https:\/\/www.suno.com.br\/noticias\/wp-json\/wp\/v2\/suno_strategy?post=20222"}],"curies":[{"name":"wp","href":"https:\/\/api.w.org\/{rel}","templated":true}]}}