{"id":202200,"date":"2021-11-06T15:26:28","date_gmt":"2021-11-06T18:26:28","guid":{"rendered":"https:\/\/www.suno.com.br\/noticias\/?p=202200"},"modified":"2021-11-06T15:29:15","modified_gmt":"2021-11-06T18:29:15","slug":"deputados-contestam-pec-dos-precatorios","status":"publish","type":"post","link":"https:\/\/www.suno.com.br\/noticias\/deputados-contestam-pec-dos-precatorios\/","title":{"rendered":"Deputados contestam no STF vota\u00e7\u00e3o da PEC dos Precat\u00f3rios"},"content":{"rendered":"<p>A manobra do presidente da C\u00e2mara dos Deputados, Arthur Lira (Progressistas-AL), que garantiu a aprova\u00e7\u00e3o em primeiro turno da <strong>PEC dos Precat\u00f3rios<\/strong> na madrugada de quinta-feira (4), enfrenta uma ofensiva jur\u00eddica de parlamentares da oposi\u00e7\u00e3o antes da vota\u00e7\u00e3o final para encaminhamento ao Senado Federal.<\/p>\t<div class=\"wrapper-featured-image\">\n\t\t<figure class=\"spotlightImg\">\n\n\t\t\t<picture>\n\t\t\t\t<source media=\"(max-width: 768px)\" srcset=\"https:\/\/files.sunoresearch.com.br\/n\/uploads\/2021\/06\/779b70b7-congresso_nacional_tem_movimento_reduzido_em_razao_da_pandemia_do_novo_coronavirus1603209907-1-400x200.webp\">\n\t\t\t\t<img loading=\"lazy\" decoding=\"async\" class=\"newsContent__article__imgCapa lazyloadDisabled \" src=\"https:\/\/files.sunoresearch.com.br\/n\/uploads\/2021\/06\/779b70b7-congresso_nacional_tem_movimento_reduzido_em_razao_da_pandemia_do_novo_coronavirus1603209907-1-800x450.webp\" width=\"800\" height=\"450\" alt=\"Deputados contestam no STF vota\u00e7\u00e3o da PEC dos Precat\u00f3rios\" fetchpriority=high \/>\n\t\t\t<\/picture>\n\n\t\t\t<figcaption class=\"wp-caption-text wp-caption-text--show\">C\u00e2mara dos Deputados.  Foto: Marcelo Camargo Ag\u00eancia Brasil<\/figcaption>\n\t\t<\/figure>\n\t<\/div>\n\n\n\t<p>\n\t\t<a href=\"https:\/\/lp.suno.com.br\/planilha-controle-gastos\/\" target=\"_blank\" data-element=\"shortcode-suno-banner\" title=\"Banner SUNO, clique e saiba mais\">\n\t\t\t<picture>\n\t\t\t\t<source media=\"(max-width: 500px)\" srcset=\"https:\/\/files.sunoresearch.com.br\/n\/uploads\/2023\/03\/400x300-Planilha-controle-de-gastos.png\">\n\t\t\t\t<img class=\"newsContent__article__imgCapa newsContent__article__imgCapa--banner\"\n\t\t\t\t\tsrc=\"https:\/\/files.sunoresearch.com.br\/n\/uploads\/2023\/03\/1420x240-Planilha-controle-de-gastos.png\"\n\t\t\t\t\tdata-promo-id=\"101751\"\t\t\t\t\t\t\t\t\t\twidth='1420' height='240'\t\t\t\t\talt=\"https:\/\/files.sunoresearch.com.br\/n\/uploads\/2023\/03\/1420x240-Planilha-controle-de-gastos.png\"\n\t\t\t\t>\n\t\t\t<\/picture>\n\t\t<\/a>\n\t<\/p>\n\n\n<p>Assim como fez o PDT na quinta-feira, os deputados Alessandro Molon (PSB-RJ), Joyce Hasselman (PSL-SP), Kim Kataguiri (DEM-SP) e Marcelo Freixo (PSB-RJ) apresentaram um mandado de seguran\u00e7a ao Supremo Tribunal Federal (<strong>STF<\/strong>) com o pedido de liminar para barrar a tramita\u00e7\u00e3o da PEC dos Precat\u00f3rios.<\/p>\n<p>A a\u00e7\u00e3o suprapartid\u00e1ria alega &#8220;irregularidades formais dos atos, seus patentes desvios de finalidade e o atropelo do devido processo legislativo&#8221; no modo como Lira conduziu os trabalhos.<\/p>\n<p>Interlocutores e um dos ministros do Supremo disseram que a judicializa\u00e7\u00e3o j\u00e1 era esperada, por\u00e9m \u00e9 necess\u00e1rio aguardar os primeiros despachos da vice-presidente da Corte, Rosa Weber, designada relatora do caso, para analisar se os pedidos t\u00eam chance de prosperar, sobretudo, antes da <strong>vota\u00e7\u00e3o da PEC dos Precat\u00f3rios<\/strong> em segundo turno, prevista para ter\u00e7a-feira (16).<\/p>\n\t<p>\n\t\t<a href=\"https:\/\/lp.suno.com.br\/planilha-da-vida-financeira\/\" target=\"_blank\" data-element=\"shortcode-suno-banner\" title=\"Banner SUNO, clique e saiba mais\">\n\t\t\t<picture>\n\t\t\t\t<source media=\"(max-width: 500px)\" srcset=\"https:\/\/files.sunoresearch.com.br\/n\/uploads\/2023\/04\/400x300-Planilha-vida-financeira-true.png\">\n\t\t\t\t<img class=\"newsContent__article__imgCapa newsContent__article__imgCapa--banner\"\n\t\t\t\t\tsrc=\"https:\/\/files.sunoresearch.com.br\/n\/uploads\/2023\/04\/1420x240-Planilha-vida-financeira-true.png\"\n\t\t\t\t\tdata-promo-id=\"106682\"\t\t\t\t\t\t\t\t\t\twidth='1420' height='240'\t\t\t\t\talt=\"https:\/\/files.sunoresearch.com.br\/n\/uploads\/2023\/04\/1420x240-Planilha-vida-financeira-true.png\"\n\t\t\t\t>\n\t\t\t<\/picture>\n\t\t<\/a>\n\t<\/p>\n\n\n<p>Os parlamentares respons\u00e1veis pela a\u00e7\u00e3o suprapartid\u00e1ria afirmam que Lira agiu de forma casu\u00edstica ao pautar para vota\u00e7\u00e3o uma emenda aglutinativa \u2014 o texto final levado a vota\u00e7\u00e3o \u2014 sem an\u00e1lise pr\u00e9via na comiss\u00e3o especial.<\/p>\n<h2>Texto da PEC dos Precat\u00f3rios fere Constitui\u00e7\u00e3o, dizem deputados<\/h2>\n<p>Na a\u00e7\u00e3o, os deputados alegam que a emenda aglutinativa foi apresentada \u00e0s 21h3, enquanto as emendas que dariam suporte \u00e0s mudan\u00e7as foram apresentadas \u00e0s 21h55. Segundo eles, a manobra fere os princ\u00edpios regimentais e a Constitui\u00e7\u00e3o.<\/p>\n<p>Outra <strong>cr\u00edtica contra a PEC dos Precat\u00f3rios<\/strong> foi a mudan\u00e7a de \u00faltima hora para permitir que os cerca de 20 deputados em viagem \u00e0 Esc\u00f3cia, na comitiva brasileira na Confer\u00eancia do Clima (COP-26), pudessem votar remotamente. Com a retomada das atividades presenciais na \u00faltima semana de outubro, a C\u00e2mara passou a exigir a biometria dos parlamentares nas vota\u00e7\u00f5es, o que suspendeu o sistema de voto virtual.<\/p>\n\t<p>\n\t\t<a href=\"https:\/\/lp.suno.com.br\/ebook-como-analisar-uma-acao\/\" target=\"_blank\" data-element=\"shortcode-suno-banner\" title=\"Banner SUNO, clique e saiba mais\">\n\t\t\t<picture>\n\t\t\t\t<source media=\"(max-width: 500px)\" srcset=\"https:\/\/files.sunoresearch.com.br\/n\/uploads\/2023\/03\/Ebook-Acoes-Mobile-1.jpg\">\n\t\t\t\t<img class=\"newsContent__article__imgCapa newsContent__article__imgCapa--banner\"\n\t\t\t\t\tsrc=\"https:\/\/files.sunoresearch.com.br\/n\/uploads\/2023\/03\/Ebook-Acoes-Desktop-1.jpg\"\n\t\t\t\t\tdata-promo-id=\"171998\"\t\t\t\t\t\t\t\t\t\twidth='1420' height='286'\t\t\t\t\talt=\"https:\/\/files.sunoresearch.com.br\/n\/uploads\/2023\/03\/Ebook-Acoes-Desktop-1.jpg\"\n\t\t\t\t>\n\t\t\t<\/picture>\n\t\t<\/a>\n\t<\/p>\n\n\n<p>O pedido de liminar apresentado pela c\u00fapula do PDT se concentra na mudan\u00e7a \u00e0s pressas, publicada em edi\u00e7\u00e3o extra do Di\u00e1rio Oficial da C\u00e2mara. O partido atribui as altera\u00e7\u00f5es nas regras da Casa aos &#8220;interesses pessoais&#8221; de Lira, que levou o julgamento at\u00e9 1h da manh\u00e3 com o objetivo de garantir qu\u00f3rum para a vit\u00f3ria.<\/p>\n<p>A <strong>a\u00e7\u00e3o contra a PEC dos Precat\u00f3rios<\/strong> \u00e9 assinada pelo presidenci\u00e1vel Ciro Gomes, pelo presidente da sigla, Carlos Lupi e pelo deputado Paulo Ramos (PDT-RJ). Eles argumentam que a medida adotada por Lira foi &#8220;um estorvo ao devido processo legislativo, na medida em que alteraram-se as regras de vota\u00e7\u00e3o no decorrer dos trabalhos, em uma atitude pouco republicana, para fins de confortar os \u00e2nimos do segmento pol\u00edtico que defende a PEC&#8221;.<\/p>\n<p>Ciro Gomes chegou a suspender sua pr\u00e9-candidatura \u00e0 Presid\u00eancia at\u00e9 que seus correligion\u00e1rios revissem a posi\u00e7\u00e3o na vota\u00e7\u00e3o. Ao todo, 15 deputados pedetistas, dos 21 presentes na sess\u00e3o, votaram a favor da <strong>PEC dos Precat\u00f3rios<\/strong> O presidenci\u00e1vel diz que o modo como a proposta foi aprovada viola os princ\u00edpios da isonomia e da impessoalidade.<\/p>\n<p><em>(Com Estad\u00e3o Conte\u00fado)<\/em><\/p>\n\t<p>\n\t\t<a href=\"\" target=\"_blank\" data-element=\"shortcode-suno-banner\" title=\"Banner SUNO, clique e saiba mais\">\n\t\t\t<picture>\n\t\t\t\t<source media=\"(max-width: 500px)\" srcset=\"\">\n\t\t\t\t<img class=\"newsContent__article__imgCapa newsContent__article__imgCapa--banner\"\n\t\t\t\t\tsrc=\"\"\n\t\t\t\t\tdata-promo-id=\"184190\"\t\t\t\t\t\t\t\t\t\t\t\t\t\t\talt=\"\"\n\t\t\t\t>\n\t\t\t<\/picture>\n\t\t<\/a>\n\t<\/p>\n\n\n","protected":false},"excerpt":{"rendered":"<p>A manobra do presidente da C\u00e2mara dos Deputados, Arthur Lira (Progressistas-AL), que garantiu a aprova\u00e7\u00e3o em primeiro turno da PEC dos Precat\u00f3rios na madrugada de quinta-feira (4), enfrenta uma ofensiva jur\u00eddica de parlamentares da oposi\u00e7\u00e3o antes da vota\u00e7\u00e3o final para encaminhamento ao Senado Federal. C\u00e2mara dos Deputados. Foto: Marcelo Camargo Ag\u00eancia Brasil Assim como fez [&hellip;]<\/p>\n","protected":false},"author":35,"featured_media":155363,"comment_status":"closed","ping_status":"closed","sticky":false,"template":"","format":"standard","meta":[],"categories":[61],"tags":[938,104591,785],"suno_strategy":[],"class_list":["post-202200","post","type-post","status-publish","format-standard","has-post-thumbnail","hentry","category-politica","tag-camara-dos-deputados","tag-precatorios","tag-supremo-tribunal-federal-stf"],"yoast_head":"<!-- This site is optimized with the Yoast SEO plugin v24.4 - https:\/\/yoast.com\/wordpress\/plugins\/seo\/ -->\n<title>Deputados contestam no STF vota\u00e7\u00e3o da PEC dos Precat\u00f3rios<\/title>\n<meta name=\"description\" content=\"A aprova\u00e7\u00e3o da PEC dos Precat\u00f3rios enfrenta uma ofensiva jur\u00eddica de parlamentares da oposi\u00e7\u00e3o. Clique aqui para saber mais.\" \/>\n<meta name=\"robots\" content=\"index, follow, max-snippet:-1, max-image-preview:large, max-video-preview:-1\" \/>\n<link rel=\"canonical\" href=\"https:\/\/www.suno.com.br\/noticias\/deputados-contestam-pec-dos-precatorios\/\" \/>\n<meta property=\"og:locale\" content=\"pt_BR\" \/>\n<meta property=\"og:type\" content=\"article\" \/>\n<meta property=\"og:title\" content=\"Deputados contestam no STF vota\u00e7\u00e3o da PEC dos Precat\u00f3rios\" \/>\n<meta property=\"og:description\" content=\"A aprova\u00e7\u00e3o da PEC dos Precat\u00f3rios enfrenta uma ofensiva jur\u00eddica de parlamentares da oposi\u00e7\u00e3o. Clique aqui para saber mais.\" \/>\n<meta property=\"og:url\" content=\"https:\/\/www.suno.com.br\/noticias\/deputados-contestam-pec-dos-precatorios\/\" \/>\n<meta property=\"og:site_name\" content=\"Suno Not\u00edcias\" \/>\n<meta property=\"article:publisher\" content=\"https:\/\/facebook.com\/sunoresearch\" \/>\n<meta property=\"og:image\" content=\"https:\/\/files.sunoresearch.com.br\/n\/uploads\/2021\/06\/779b70b7-congresso_nacional_tem_movimento_reduzido_em_razao_da_pandemia_do_novo_coronavirus1603209907-1.jpg\" \/>\n\t<meta property=\"og:image:width\" content=\"1200\" \/>\n\t<meta property=\"og:image:height\" content=\"800\" \/>\n\t<meta property=\"og:image:type\" content=\"image\/jpeg\" \/>\n<meta name=\"author\" content=\"Arthur Guimar\u00e3es\" \/>\n<meta name=\"twitter:card\" content=\"summary_large_image\" \/>\n<meta name=\"twitter:creator\" content=\"@sunoresearch\" \/>\n<meta name=\"twitter:site\" content=\"@sunoresearch\" \/>\n<meta name=\"twitter:label1\" content=\"Escrito por\" \/>\n\t<meta name=\"twitter:data1\" content=\"Arthur Guimar\u00e3es\" \/>\n\t<meta name=\"twitter:label2\" content=\"Est. tempo de leitura\" \/>\n\t<meta name=\"twitter:data2\" content=\"3 minutos\" \/>\n<script type=\"application\/ld+json\" class=\"yoast-schema-graph\">{\"@context\":\"https:\/\/schema.org\",\"@graph\":[{\"@type\":\"NewsArticle\",\"@id\":\"https:\/\/www.suno.com.br\/noticias\/deputados-contestam-pec-dos-precatorios\/#article\",\"isPartOf\":{\"@id\":\"https:\/\/www.suno.com.br\/noticias\/deputados-contestam-pec-dos-precatorios\/\"},\"author\":{\"name\":\"Arthur Guimar\u00e3es\",\"@id\":\"https:\/\/www.suno.com.br\/noticias\/#\/schema\/person\/053a750a709a263919a20f976caae91c\"},\"headline\":\"Deputados contestam no STF vota\u00e7\u00e3o da PEC dos Precat\u00f3rios\",\"datePublished\":\"2021-11-06T18:26:28+00:00\",\"dateModified\":\"2021-11-06T18:29:15+00:00\",\"mainEntityOfPage\":{\"@id\":\"https:\/\/www.suno.com.br\/noticias\/deputados-contestam-pec-dos-precatorios\/\"},\"wordCount\":575,\"publisher\":{\"@id\":\"https:\/\/www.suno.com.br\/noticias\/#organization\"},\"image\":{\"@id\":\"https:\/\/www.suno.com.br\/noticias\/deputados-contestam-pec-dos-precatorios\/#primaryimage\"},\"thumbnailUrl\":\"https:\/\/files.sunoresearch.com.br\/n\/uploads\/2021\/06\/779b70b7-congresso_nacional_tem_movimento_reduzido_em_razao_da_pandemia_do_novo_coronavirus1603209907-1-jpg.webp\",\"keywords\":[\"C\u00e2mara dos Deputados\",\"precat\u00f3rios\",\"Supremo Tribunal Federal (STF)\"],\"articleSection\":[\"Pol\u00edtica\"],\"inLanguage\":\"pt-BR\"},{\"@type\":\"WebPage\",\"@id\":\"https:\/\/www.suno.com.br\/noticias\/deputados-contestam-pec-dos-precatorios\/\",\"url\":\"https:\/\/www.suno.com.br\/noticias\/deputados-contestam-pec-dos-precatorios\/\",\"name\":\"Deputados contestam no STF vota\u00e7\u00e3o da PEC dos Precat\u00f3rios\",\"isPartOf\":{\"@id\":\"https:\/\/www.suno.com.br\/noticias\/#website\"},\"primaryImageOfPage\":{\"@id\":\"https:\/\/www.suno.com.br\/noticias\/deputados-contestam-pec-dos-precatorios\/#primaryimage\"},\"image\":{\"@id\":\"https:\/\/www.suno.com.br\/noticias\/deputados-contestam-pec-dos-precatorios\/#primaryimage\"},\"thumbnailUrl\":\"https:\/\/files.sunoresearch.com.br\/n\/uploads\/2021\/06\/779b70b7-congresso_nacional_tem_movimento_reduzido_em_razao_da_pandemia_do_novo_coronavirus1603209907-1-jpg.webp\",\"datePublished\":\"2021-11-06T18:26:28+00:00\",\"dateModified\":\"2021-11-06T18:29:15+00:00\",\"description\":\"A aprova\u00e7\u00e3o da PEC dos Precat\u00f3rios enfrenta uma ofensiva jur\u00eddica de parlamentares da oposi\u00e7\u00e3o. Clique aqui para saber mais.\",\"breadcrumb\":{\"@id\":\"https:\/\/www.suno.com.br\/noticias\/deputados-contestam-pec-dos-precatorios\/#breadcrumb\"},\"inLanguage\":\"pt-BR\",\"potentialAction\":[{\"@type\":\"ReadAction\",\"target\":[\"https:\/\/www.suno.com.br\/noticias\/deputados-contestam-pec-dos-precatorios\/\"]}]},{\"@type\":\"ImageObject\",\"inLanguage\":\"pt-BR\",\"@id\":\"https:\/\/www.suno.com.br\/noticias\/deputados-contestam-pec-dos-precatorios\/#primaryimage\",\"url\":\"https:\/\/files.sunoresearch.com.br\/n\/uploads\/2021\/06\/779b70b7-congresso_nacional_tem_movimento_reduzido_em_razao_da_pandemia_do_novo_coronavirus1603209907-1-jpg.webp\",\"contentUrl\":\"https:\/\/files.sunoresearch.com.br\/n\/uploads\/2021\/06\/779b70b7-congresso_nacional_tem_movimento_reduzido_em_razao_da_pandemia_do_novo_coronavirus1603209907-1-jpg.webp\",\"width\":1200,\"height\":800,\"caption\":\"C\u00e2mara dos Deputados. Foto: Marcelo Camargo Ag\u00eancia Brasil\"},{\"@type\":\"BreadcrumbList\",\"@id\":\"https:\/\/www.suno.com.br\/noticias\/deputados-contestam-pec-dos-precatorios\/#breadcrumb\",\"itemListElement\":[{\"@type\":\"ListItem\",\"position\":1,\"name\":\"Not\u00edcias\",\"item\":\"https:\/\/www.suno.com.br\/noticias\/\"},{\"@type\":\"ListItem\",\"position\":2,\"name\":\"Pol\u00edtica\",\"item\":\"https:\/\/www.suno.com.br\/noticias\/politica\/\"},{\"@type\":\"ListItem\",\"position\":3,\"name\":\"Deputados contestam no STF vota\u00e7\u00e3o da PEC dos Precat\u00f3rios\"}]},{\"@type\":\"WebSite\",\"@id\":\"https:\/\/www.suno.com.br\/noticias\/#website\",\"url\":\"https:\/\/www.suno.com.br\/noticias\/\",\"name\":\"Suno Not\u00edcias\",\"description\":\"Seu portal de informa\u00e7\u00e3o sobre o mundo dos investimentos\",\"publisher\":{\"@id\":\"https:\/\/www.suno.com.br\/noticias\/#organization\"},\"potentialAction\":[{\"@type\":\"SearchAction\",\"target\":{\"@type\":\"EntryPoint\",\"urlTemplate\":\"https:\/\/www.suno.com.br\/noticias\/?s={search_term_string}\"},\"query-input\":{\"@type\":\"PropertyValueSpecification\",\"valueRequired\":true,\"valueName\":\"search_term_string\"}}],\"inLanguage\":\"pt-BR\"},{\"@type\":\"Organization\",\"@id\":\"https:\/\/www.suno.com.br\/noticias\/#organization\",\"name\":\"Suno Not\u00edcias\",\"url\":\"https:\/\/www.suno.com.br\/noticias\/\",\"logo\":{\"@type\":\"ImageObject\",\"inLanguage\":\"pt-BR\",\"@id\":\"https:\/\/www.suno.com.br\/noticias\/#\/schema\/logo\/image\/\",\"url\":\"https:\/\/files.sunoresearch.com.br\/n\/uploads\/2021\/09\/suno-logo.png\",\"contentUrl\":\"https:\/\/files.sunoresearch.com.br\/n\/uploads\/2021\/09\/suno-logo.png\",\"width\":180,\"height\":180,\"caption\":\"Suno Not\u00edcias\"},\"image\":{\"@id\":\"https:\/\/www.suno.com.br\/noticias\/#\/schema\/logo\/image\/\"},\"sameAs\":[\"https:\/\/facebook.com\/sunoresearch\",\"https:\/\/x.com\/sunoresearch\",\"https:\/\/www.instagram.com\/suno\",\"https:\/\/www.linkedin.com\/company\/suno-research\/\",\"https:\/\/www.youtube.com\/c\/sunoresearch\"]},{\"@type\":\"Person\",\"@id\":\"https:\/\/www.suno.com.br\/noticias\/#\/schema\/person\/053a750a709a263919a20f976caae91c\",\"name\":\"Arthur Guimar\u00e3es\",\"image\":{\"@type\":\"ImageObject\",\"inLanguage\":\"pt-BR\",\"@id\":\"https:\/\/www.suno.com.br\/noticias\/#\/schema\/person\/image\/\",\"url\":\"https:\/\/secure.gravatar.com\/avatar\/1affd86a11209ae09eb6dd3bcad3e96c?s=96&r=g\",\"contentUrl\":\"https:\/\/secure.gravatar.com\/avatar\/1affd86a11209ae09eb6dd3bcad3e96c?s=96&r=g\",\"caption\":\"Arthur Guimar\u00e3es\"},\"description\":\"Arthur Guimar\u00e3es escreve sobre pol\u00edtica, economia e neg\u00f3cios para o portal de not\u00edcias da Suno Research. Atualmente, \u00e9 estudante de jornalismo pela Faculdade C\u00e1sper L\u00edbero.\",\"url\":\"https:\/\/www.suno.com.br\/noticias\/author\/arthur-guimaraes\/\"}]}<\/script>\n<!-- \/ Yoast SEO plugin. -->","yoast_head_json":{"title":"Deputados contestam no STF vota\u00e7\u00e3o da PEC dos Precat\u00f3rios","description":"A aprova\u00e7\u00e3o da PEC dos Precat\u00f3rios enfrenta uma ofensiva jur\u00eddica de parlamentares da oposi\u00e7\u00e3o. Clique aqui para saber mais.","robots":{"index":"index","follow":"follow","max-snippet":"max-snippet:-1","max-image-preview":"max-image-preview:large","max-video-preview":"max-video-preview:-1"},"canonical":"https:\/\/www.suno.com.br\/noticias\/deputados-contestam-pec-dos-precatorios\/","og_locale":"pt_BR","og_type":"article","og_title":"Deputados contestam no STF vota\u00e7\u00e3o da PEC dos Precat\u00f3rios","og_description":"A aprova\u00e7\u00e3o da PEC dos Precat\u00f3rios enfrenta uma ofensiva jur\u00eddica de parlamentares da oposi\u00e7\u00e3o. Clique aqui para saber mais.","og_url":"https:\/\/www.suno.com.br\/noticias\/deputados-contestam-pec-dos-precatorios\/","og_site_name":"Suno Not\u00edcias","article_publisher":"https:\/\/facebook.com\/sunoresearch","og_image":[{"width":1200,"height":800,"url":"https:\/\/files.sunoresearch.com.br\/n\/uploads\/2021\/06\/779b70b7-congresso_nacional_tem_movimento_reduzido_em_razao_da_pandemia_do_novo_coronavirus1603209907-1.jpg","type":"image\/jpeg"}],"author":"Arthur Guimar\u00e3es","twitter_card":"summary_large_image","twitter_creator":"@sunoresearch","twitter_site":"@sunoresearch","twitter_misc":{"Escrito por":"Arthur Guimar\u00e3es","Est. tempo de leitura":"3 minutos"},"schema":{"@context":"https:\/\/schema.org","@graph":[{"@type":"NewsArticle","@id":"https:\/\/www.suno.com.br\/noticias\/deputados-contestam-pec-dos-precatorios\/#article","isPartOf":{"@id":"https:\/\/www.suno.com.br\/noticias\/deputados-contestam-pec-dos-precatorios\/"},"author":{"name":"Arthur Guimar\u00e3es","@id":"https:\/\/www.suno.com.br\/noticias\/#\/schema\/person\/053a750a709a263919a20f976caae91c"},"headline":"Deputados contestam no STF vota\u00e7\u00e3o da PEC dos Precat\u00f3rios","datePublished":"2021-11-06T18:26:28+00:00","dateModified":"2021-11-06T18:29:15+00:00","mainEntityOfPage":{"@id":"https:\/\/www.suno.com.br\/noticias\/deputados-contestam-pec-dos-precatorios\/"},"wordCount":575,"publisher":{"@id":"https:\/\/www.suno.com.br\/noticias\/#organization"},"image":{"@id":"https:\/\/www.suno.com.br\/noticias\/deputados-contestam-pec-dos-precatorios\/#primaryimage"},"thumbnailUrl":"https:\/\/files.sunoresearch.com.br\/n\/uploads\/2021\/06\/779b70b7-congresso_nacional_tem_movimento_reduzido_em_razao_da_pandemia_do_novo_coronavirus1603209907-1-jpg.webp","keywords":["C\u00e2mara dos Deputados","precat\u00f3rios","Supremo Tribunal Federal (STF)"],"articleSection":["Pol\u00edtica"],"inLanguage":"pt-BR"},{"@type":"WebPage","@id":"https:\/\/www.suno.com.br\/noticias\/deputados-contestam-pec-dos-precatorios\/","url":"https:\/\/www.suno.com.br\/noticias\/deputados-contestam-pec-dos-precatorios\/","name":"Deputados contestam no STF vota\u00e7\u00e3o da PEC dos Precat\u00f3rios","isPartOf":{"@id":"https:\/\/www.suno.com.br\/noticias\/#website"},"primaryImageOfPage":{"@id":"https:\/\/www.suno.com.br\/noticias\/deputados-contestam-pec-dos-precatorios\/#primaryimage"},"image":{"@id":"https:\/\/www.suno.com.br\/noticias\/deputados-contestam-pec-dos-precatorios\/#primaryimage"},"thumbnailUrl":"https:\/\/files.sunoresearch.com.br\/n\/uploads\/2021\/06\/779b70b7-congresso_nacional_tem_movimento_reduzido_em_razao_da_pandemia_do_novo_coronavirus1603209907-1-jpg.webp","datePublished":"2021-11-06T18:26:28+00:00","dateModified":"2021-11-06T18:29:15+00:00","description":"A aprova\u00e7\u00e3o da PEC dos Precat\u00f3rios enfrenta uma ofensiva jur\u00eddica de parlamentares da oposi\u00e7\u00e3o. Clique aqui para saber mais.","breadcrumb":{"@id":"https:\/\/www.suno.com.br\/noticias\/deputados-contestam-pec-dos-precatorios\/#breadcrumb"},"inLanguage":"pt-BR","potentialAction":[{"@type":"ReadAction","target":["https:\/\/www.suno.com.br\/noticias\/deputados-contestam-pec-dos-precatorios\/"]}]},{"@type":"ImageObject","inLanguage":"pt-BR","@id":"https:\/\/www.suno.com.br\/noticias\/deputados-contestam-pec-dos-precatorios\/#primaryimage","url":"https:\/\/files.sunoresearch.com.br\/n\/uploads\/2021\/06\/779b70b7-congresso_nacional_tem_movimento_reduzido_em_razao_da_pandemia_do_novo_coronavirus1603209907-1-jpg.webp","contentUrl":"https:\/\/files.sunoresearch.com.br\/n\/uploads\/2021\/06\/779b70b7-congresso_nacional_tem_movimento_reduzido_em_razao_da_pandemia_do_novo_coronavirus1603209907-1-jpg.webp","width":1200,"height":800,"caption":"C\u00e2mara dos Deputados. Foto: Marcelo Camargo Ag\u00eancia Brasil"},{"@type":"BreadcrumbList","@id":"https:\/\/www.suno.com.br\/noticias\/deputados-contestam-pec-dos-precatorios\/#breadcrumb","itemListElement":[{"@type":"ListItem","position":1,"name":"Not\u00edcias","item":"https:\/\/www.suno.com.br\/noticias\/"},{"@type":"ListItem","position":2,"name":"Pol\u00edtica","item":"https:\/\/www.suno.com.br\/noticias\/politica\/"},{"@type":"ListItem","position":3,"name":"Deputados contestam no STF vota\u00e7\u00e3o da PEC dos Precat\u00f3rios"}]},{"@type":"WebSite","@id":"https:\/\/www.suno.com.br\/noticias\/#website","url":"https:\/\/www.suno.com.br\/noticias\/","name":"Suno Not\u00edcias","description":"Seu portal de informa\u00e7\u00e3o sobre o mundo dos investimentos","publisher":{"@id":"https:\/\/www.suno.com.br\/noticias\/#organization"},"potentialAction":[{"@type":"SearchAction","target":{"@type":"EntryPoint","urlTemplate":"https:\/\/www.suno.com.br\/noticias\/?s={search_term_string}"},"query-input":{"@type":"PropertyValueSpecification","valueRequired":true,"valueName":"search_term_string"}}],"inLanguage":"pt-BR"},{"@type":"Organization","@id":"https:\/\/www.suno.com.br\/noticias\/#organization","name":"Suno Not\u00edcias","url":"https:\/\/www.suno.com.br\/noticias\/","logo":{"@type":"ImageObject","inLanguage":"pt-BR","@id":"https:\/\/www.suno.com.br\/noticias\/#\/schema\/logo\/image\/","url":"https:\/\/files.sunoresearch.com.br\/n\/uploads\/2021\/09\/suno-logo.png","contentUrl":"https:\/\/files.sunoresearch.com.br\/n\/uploads\/2021\/09\/suno-logo.png","width":180,"height":180,"caption":"Suno Not\u00edcias"},"image":{"@id":"https:\/\/www.suno.com.br\/noticias\/#\/schema\/logo\/image\/"},"sameAs":["https:\/\/facebook.com\/sunoresearch","https:\/\/x.com\/sunoresearch","https:\/\/www.instagram.com\/suno","https:\/\/www.linkedin.com\/company\/suno-research\/","https:\/\/www.youtube.com\/c\/sunoresearch"]},{"@type":"Person","@id":"https:\/\/www.suno.com.br\/noticias\/#\/schema\/person\/053a750a709a263919a20f976caae91c","name":"Arthur Guimar\u00e3es","image":{"@type":"ImageObject","inLanguage":"pt-BR","@id":"https:\/\/www.suno.com.br\/noticias\/#\/schema\/person\/image\/","url":"https:\/\/secure.gravatar.com\/avatar\/1affd86a11209ae09eb6dd3bcad3e96c?s=96&r=g","contentUrl":"https:\/\/secure.gravatar.com\/avatar\/1affd86a11209ae09eb6dd3bcad3e96c?s=96&r=g","caption":"Arthur Guimar\u00e3es"},"description":"Arthur Guimar\u00e3es escreve sobre pol\u00edtica, economia e neg\u00f3cios para o portal de not\u00edcias da Suno Research. Atualmente, \u00e9 estudante de jornalismo pela Faculdade C\u00e1sper L\u00edbero.","url":"https:\/\/www.suno.com.br\/noticias\/author\/arthur-guimaraes\/"}]}},"default_loop_html":"<div class=\"cardsPage__listCard__boxs\"><div class=\"cardsPage__listCard__boxs__img\"><a href=\"https:\/\/www.suno.com.br\/noticias\/deputados-contestam-pec-dos-precatorios\/\"><img class=\"mask\" src=\"https:\/\/www.suno.com.br\/noticias\/wp-content\/themes\/suno\/resources\/images\/spotlight\/spotlight1img\/bg-mask.png\" alt=\"Image Mask\"\/><img src=\"https:\/\/files.sunoresearch.com.br\/n\/uploads\/2021\/06\/779b70b7-congresso_nacional_tem_movimento_reduzido_em_razao_da_pandemia_do_novo_coronavirus1603209907-1-400x200.webp\" alt=\"Deputados contestam no STF vota\u00e7\u00e3o da PEC dos Precat\u00f3rios\"\/><\/a><span class=\"spotlightCategory\"><a href=\"https:\/\/www.suno.com.br\/noticias\/politica\/\">Pol\u00edtica<\/a><\/span><\/div><div class=\"cardsPage__listCard__boxs__content\"><a href=\"https:\/\/www.suno.com.br\/noticias\/deputados-contestam-pec-dos-precatorios\/\"><h2 class=\"content__title\">Deputados contestam no STF vota\u00e7\u00e3o da PEC dos Precat\u00f3rios<\/h2><\/a><div class=\"newsContent__article__meta\"><div class=\"newsContent__article__meta__authorBox\"><a href=\"https:\/\/www.suno.com.br\/noticias\/author\/arthur-guimaraes\/\" class=\"authorBox__avatar noMobi\"><img src=\"https:\/\/files.sunoresearch.com.br\/n\/uploads\/2020\/02\/dfb40897-eu-150x150.webp\" alt=\"Arthur Guimar\u00e3es\"><\/a><div class=\"authorBox__name\"><span>por\n\t\t\t<a href=\"https:\/\/www.suno.com.br\/noticias\/author\/arthur-guimaraes\/\"><span itemprop=\"author\">Arthur Guimar\u00e3es<\/span><\/a><\/span><time datetime=\"2021-11-06T15:26:28-03:00\" itemprop=\"datePublished\">06\/11\/2021 15:26<\/time><\/div><\/div><\/div><\/div><\/div>","single_layout":"posts","amp_enabled":true,"_links":{"self":[{"href":"https:\/\/www.suno.com.br\/noticias\/wp-json\/wp\/v2\/posts\/202200"}],"collection":[{"href":"https:\/\/www.suno.com.br\/noticias\/wp-json\/wp\/v2\/posts"}],"about":[{"href":"https:\/\/www.suno.com.br\/noticias\/wp-json\/wp\/v2\/types\/post"}],"author":[{"embeddable":true,"href":"https:\/\/www.suno.com.br\/noticias\/wp-json\/wp\/v2\/users\/35"}],"replies":[{"embeddable":true,"href":"https:\/\/www.suno.com.br\/noticias\/wp-json\/wp\/v2\/comments?post=202200"}],"version-history":[{"count":3,"href":"https:\/\/www.suno.com.br\/noticias\/wp-json\/wp\/v2\/posts\/202200\/revisions"}],"predecessor-version":[{"id":202218,"href":"https:\/\/www.suno.com.br\/noticias\/wp-json\/wp\/v2\/posts\/202200\/revisions\/202218"}],"wp:featuredmedia":[{"embeddable":true,"href":"https:\/\/www.suno.com.br\/noticias\/wp-json\/wp\/v2\/media\/155363"}],"wp:attachment":[{"href":"https:\/\/www.suno.com.br\/noticias\/wp-json\/wp\/v2\/media?parent=202200"}],"wp:term":[{"taxonomy":"category","embeddable":true,"href":"https:\/\/www.suno.com.br\/noticias\/wp-json\/wp\/v2\/categories?post=202200"},{"taxonomy":"post_tag","embeddable":true,"href":"https:\/\/www.suno.com.br\/noticias\/wp-json\/wp\/v2\/tags?post=202200"},{"taxonomy":"suno_strategy","embeddable":true,"href":"https:\/\/www.suno.com.br\/noticias\/wp-json\/wp\/v2\/suno_strategy?post=202200"}],"curies":[{"name":"wp","href":"https:\/\/api.w.org\/{rel}","templated":true}]}}