{"id":202024,"date":"2021-11-05T20:18:04","date_gmt":"2021-11-05T23:18:04","guid":{"rendered":"https:\/\/www.suno.com.br\/noticias\/?p=202024"},"modified":"2021-11-05T20:18:04","modified_gmt":"2021-11-05T23:18:04","slug":"prejuizo-tenda-tend3-trimestre-esquecer-xp","status":"publish","type":"post","link":"https:\/\/www.suno.com.br\/noticias\/prejuizo-tenda-tend3-trimestre-esquecer-xp\/","title":{"rendered":"Tenda (TEND3) teve &#8220;um trimestre para esquecer&#8221;, diz XP; entenda"},"content":{"rendered":"<p>Com o resultado negativo apresentado pela <strong>Tenda<\/strong> (TEND3) na \u00faltima quinta (4), a XP publicou nesta sexta (5) um relat\u00f3rio sobre o balan\u00e7o do terceiro trimestre da empresa, alegando que a mesma teve &#8220;um trimestre para esquecer&#8221;.<\/p>\t<div class=\"wrapper-featured-image\">\n\t\t<figure class=\"spotlightImg\">\n\n\t\t\t<picture>\n\t\t\t\t<source media=\"(max-width: 768px)\" srcset=\"https:\/\/files.sunoresearch.com.br\/n\/uploads\/2021\/01\/6b6e6880-tenda-400x200.webp\">\n\t\t\t\t<img loading=\"lazy\" decoding=\"async\" class=\"newsContent__article__imgCapa lazyloadDisabled \" src=\"https:\/\/files.sunoresearch.com.br\/n\/uploads\/2021\/01\/6b6e6880-tenda-jpg.webp\" width=\"800\" height=\"450\" alt=\"Tenda (TEND3) teve &#8220;um trimestre para esquecer&#8221;, diz XP; entenda\" fetchpriority=high \/>\n\t\t\t<\/picture>\n\n\t\t\t<figcaption class=\"wp-caption-text wp-caption-text--show\">Tenda (TEND3) <\/figcaption>\n\t\t<\/figure>\n\t<\/div>\n\n\n\t<p>\n\t\t<a href=\"https:\/\/lp.suno.com.br\/planilha-controle-gastos\/\" target=\"_blank\" data-element=\"shortcode-suno-banner\" title=\"Banner SUNO, clique e saiba mais\">\n\t\t\t<picture>\n\t\t\t\t<source media=\"(max-width: 500px)\" srcset=\"https:\/\/files.sunoresearch.com.br\/n\/uploads\/2023\/03\/400x300-Planilha-controle-de-gastos.png\">\n\t\t\t\t<img class=\"newsContent__article__imgCapa newsContent__article__imgCapa--banner\"\n\t\t\t\t\tsrc=\"https:\/\/files.sunoresearch.com.br\/n\/uploads\/2023\/03\/1420x240-Planilha-controle-de-gastos.png\"\n\t\t\t\t\tdata-promo-id=\"101751\"\t\t\t\t\t\t\t\t\t\twidth='1420' height='240'\t\t\t\t\talt=\"https:\/\/files.sunoresearch.com.br\/n\/uploads\/2023\/03\/1420x240-Planilha-controle-de-gastos.png\"\n\t\t\t\t>\n\t\t\t<\/picture>\n\t\t<\/a>\n\t<\/p>\n\n\n<p>&#8220;A <a class=\"suno-keyword\" href=\"https:\/\/www.suno.com.br\/acoes\/TEND3\/\" target=\"_blank\" rel=\"noopener\" data-force=\"yes\" data-priority=\"2\">Tenda <\/a>\u00a0divulgou<strong> resultados fracos no 3T21<\/strong>, prejudicados por custos sob press\u00e3o bem acima do esperado, levando a <a class=\"suno-keyword\" href=\"https:\/\/www.suno.com.br\/artigos\/margem-bruta-entenda-sua-importancia\/\" target=\"_blank\" rel=\"noopener\" data-force=\"no\" data-priority=\"1\">margem bruta<\/a> a 23,2% (-10bps ano a ano e -5bps trimestre a trimestre), bem abaixo da nossa estimativa de 30%, e impactado negativamente pelos pre\u00e7os das mat\u00e9rias-primas (principalmente a\u00e7o)&#8221;, diz o relat\u00f3rio assinado por Renan Manda e Ygor Altero.<\/p>\n<p>No entanto, a an\u00e1lise de especialistas reitera que espera uma retomada da <strong>receita da Tenda<\/strong> nos trimestres seguintes e gradualmente alivie a press\u00e3o de margem bruta no m\u00e9dio e <a class=\"suno-keyword\" href=\"https:\/\/www.suno.com.br\/artigos\/longo-prazo\/\" target=\"_blank\" rel=\"noopener\" data-force=\"no\" data-priority=\"1\">longo prazo<\/a>.<\/p>\n\t<p>\n\t\t<a href=\"https:\/\/lp.suno.com.br\/planilha-da-vida-financeira\/\" target=\"_blank\" data-element=\"shortcode-suno-banner\" title=\"Banner SUNO, clique e saiba mais\">\n\t\t\t<picture>\n\t\t\t\t<source media=\"(max-width: 500px)\" srcset=\"https:\/\/files.sunoresearch.com.br\/n\/uploads\/2023\/04\/400x300-Planilha-vida-financeira-true.png\">\n\t\t\t\t<img class=\"newsContent__article__imgCapa newsContent__article__imgCapa--banner\"\n\t\t\t\t\tsrc=\"https:\/\/files.sunoresearch.com.br\/n\/uploads\/2023\/04\/1420x240-Planilha-vida-financeira-true.png\"\n\t\t\t\t\tdata-promo-id=\"106682\"\t\t\t\t\t\t\t\t\t\twidth='1420' height='240'\t\t\t\t\talt=\"https:\/\/files.sunoresearch.com.br\/n\/uploads\/2023\/04\/1420x240-Planilha-vida-financeira-true.png\"\n\t\t\t\t>\n\t\t\t<\/picture>\n\t\t<\/a>\n\t<\/p>\n\n\n<p>Os especialistas tamb\u00e9m comentam que as <a class=\"suno-keyword\" href=\"https:\/\/www.suno.com.br\/artigos\/despesas-operacionais\/\" target=\"_blank\" rel=\"noopener\" data-force=\"no\" data-priority=\"1\">despesas operacionais<\/a> atingiram R$ 124 milh\u00f5es no 3T21 contra R$ 128 milh\u00f5es no 2T21, levando o resultado final para R$ 6 milh\u00f5es no 3T21 (-91% A\/A), abaixo da estimativa da XP, de R$ 62 milh\u00f5es. Os analistas explicam que isso se deve principalmente \u00e0s perdas de seus projetos de constru\u00e7\u00e3o fora do local (Alea), que ainda est\u00e3o em fase inicial de opera\u00e7\u00f5es.<\/p>\n<p>&#8220;Por fim, a queima de caixa atingiu -R$ 79 milh\u00f5es, explicada por despesas pr\u00e9-pagas com mat\u00e9rias-primas para evitar aumentos de pre\u00e7os no futuro. Portanto, podemos ver uma <strong>rea\u00e7\u00e3o negativa do mercado<\/strong>&#8220;, dizem.<\/p>\n\t<p>\n\t\t<a href=\"https:\/\/lp.suno.com.br\/ebook-como-analisar-uma-acao\/\" target=\"_blank\" data-element=\"shortcode-suno-banner\" title=\"Banner SUNO, clique e saiba mais\">\n\t\t\t<picture>\n\t\t\t\t<source media=\"(max-width: 500px)\" srcset=\"https:\/\/files.sunoresearch.com.br\/n\/uploads\/2023\/03\/Ebook-Acoes-Mobile-1.jpg\">\n\t\t\t\t<img class=\"newsContent__article__imgCapa newsContent__article__imgCapa--banner\"\n\t\t\t\t\tsrc=\"https:\/\/files.sunoresearch.com.br\/n\/uploads\/2023\/03\/Ebook-Acoes-Desktop-1.jpg\"\n\t\t\t\t\tdata-promo-id=\"171998\"\t\t\t\t\t\t\t\t\t\twidth='1420' height='286'\t\t\t\t\talt=\"https:\/\/files.sunoresearch.com.br\/n\/uploads\/2023\/03\/Ebook-Acoes-Desktop-1.jpg\"\n\t\t\t\t>\n\t\t\t<\/picture>\n\t\t<\/a>\n\t<\/p>\n\n\n<p>&#8220;Dito isso, mantemos nossa <strong>vis\u00e3o positiva<\/strong> para a empresa no longo prazo com base em seu valuation atraente, negociando em 6,0x P\/L em 2022&#8243;, conclui a an\u00e1lise.<\/p>\n<h2>Lucro l\u00edquido da Tenda cai 90,9% no 3T21<\/h2>\n<p>O\u00a0<a class=\"suno-keyword\" href=\"https:\/\/www.suno.com.br\/artigos\/lucro-liquido\/\" target=\"_blank\" rel=\"noopener\" data-force=\"no\" data-priority=\"1\">lucro l\u00edquido<\/a>\u00a0da\u00a0<a href=\"https:\/\/www.suno.com.br\/acoes\/tend3\/\"><strong>Tenda<\/strong>\u00a0(TEND3)<\/a> no terceiro trimestre foi de R$ 6,4 milh\u00f5es, valor 90,9% menor em compara\u00e7\u00e3o com o ganho apurado pela construtora um ano antes.<\/p>\n\t<p>\n\t\t<a href=\"https:\/\/lp.suno.com.br\/planilha-de-controle-de-investimentos\/\" target=\"_blank\" data-element=\"shortcode-suno-banner\" title=\"Banner SUNO, clique e saiba mais\">\n\t\t\t<picture>\n\t\t\t\t<source media=\"(max-width: 500px)\" srcset=\"https:\/\/files.sunoresearch.com.br\/n\/uploads\/2023\/03\/400x300-Controle-de-Investimentos.png\">\n\t\t\t\t<img class=\"newsContent__article__imgCapa newsContent__article__imgCapa--banner\"\n\t\t\t\t\tsrc=\"https:\/\/files.sunoresearch.com.br\/n\/uploads\/2023\/03\/1420x240-Controle-de-Investimentos.png\"\n\t\t\t\t\tdata-promo-id=\"75934\"\t\t\t\t\t\t\t\t\t\twidth='1420' height='240'\t\t\t\t\talt=\"https:\/\/files.sunoresearch.com.br\/n\/uploads\/2023\/03\/1420x240-Controle-de-Investimentos.png\"\n\t\t\t\t>\n\t\t\t<\/picture>\n\t\t<\/a>\n\t<\/p>\n\n\n<p>O resultado consolidado abrange o lucro de R$ 16,6 milh\u00f5es da Tenda, principal bra\u00e7o de neg\u00f3cios do grupo, voltado para a constru\u00e7\u00e3o tradicional, e preju\u00edzo de R$ 10,2 milh\u00f5es da Alea, nova marca baseada em casas industrializadas.<\/p>\n\t<div data-element=\"shortcode-read-more\" class=\"knowMore\">\n\t\t\t\t<span class=\"knowMore__title\">Saiba mais<\/span>\n\t\t\t\t<a class=\"knowMore__link\" href=\"https:\/\/www.suno.com.br\/noticias\/tenda-tend3-lucro-balanco3t21\/\">\n\t\t\tTenda (TEND3): lucro l\u00edquido desaba 90,9% no 3T21\t\t<\/a>\n\t<\/div>\n\n\n<p>Na divulga\u00e7\u00e3o de seu resultado trimestral, a <strong>Tenda<\/strong> anunciou tamb\u00e9m uma revis\u00e3o de suas metas para 2021. A empresa cortou a meta de margem bruta, revisada em agosto para 28% a 30%, passando agora para uma oscila\u00e7\u00e3o entre 26% e 28%. A estimativa para vendas l\u00edquidas foi mantida entre o m\u00ednimo de R$ 3 bilh\u00f5es milh\u00f5es e o m\u00e1ximo de R$ 3,2 bilh\u00f5es.<\/p>\n\t<p>\n\t\t<a href=\"\" target=\"_blank\" data-element=\"shortcode-suno-banner\" title=\"Banner SUNO, clique e saiba mais\">\n\t\t\t<picture>\n\t\t\t\t<source media=\"(max-width: 500px)\" srcset=\"\">\n\t\t\t\t<img class=\"newsContent__article__imgCapa newsContent__article__imgCapa--banner\"\n\t\t\t\t\tsrc=\"\"\n\t\t\t\t\tdata-promo-id=\"184190\"\t\t\t\t\t\t\t\t\t\t\t\t\t\t\talt=\"\"\n\t\t\t\t>\n\t\t\t<\/picture>\n\t\t<\/a>\n\t<\/p>\n\n\n","protected":false},"excerpt":{"rendered":"<p>Com o resultado negativo apresentado pela Tenda (TEND3) na \u00faltima quinta (4), a XP publicou nesta sexta (5) um relat\u00f3rio sobre o balan\u00e7o do terceiro trimestre da empresa, alegando que a mesma teve &#8220;um trimestre para esquecer&#8221;. Tenda (TEND3) &#8220;A Tenda \u00a0divulgou resultados fracos no 3T21, prejudicados por custos sob press\u00e3o bem acima do esperado, [&hellip;]<\/p>\n","protected":false},"author":118,"featured_media":114602,"comment_status":"closed","ping_status":"closed","sticky":false,"template":"","format":"standard","meta":[],"categories":[64],"tags":[105816,660],"suno_strategy":[],"class_list":["post-202024","post","type-post","status-publish","format-standard","has-post-thumbnail","hentry","category-negocios","tag-especialistas","tag-tenda-tend3"],"yoast_head":"<!-- This site is optimized with the Yoast SEO plugin v24.4 - https:\/\/yoast.com\/wordpress\/plugins\/seo\/ -->\n<title>Tenda (TEND3) teve &quot;um trimestre para esquecer&quot;, diz XP; entenda<\/title>\n<meta name=\"description\" content=\"Com o resultado negativo apresentado pela Tenda (TEND3) na \u00faltima quinta (4), a XP publicou nesta sexta (5) um relat\u00f3rio sobre o...Saiba mais\" \/>\n<meta name=\"robots\" content=\"index, follow, max-snippet:-1, max-image-preview:large, max-video-preview:-1\" \/>\n<link rel=\"canonical\" href=\"https:\/\/www.suno.com.br\/noticias\/prejuizo-tenda-tend3-trimestre-esquecer-xp\/\" \/>\n<meta property=\"og:locale\" content=\"pt_BR\" \/>\n<meta property=\"og:type\" content=\"article\" \/>\n<meta property=\"og:title\" content=\"Tenda (TEND3) teve &quot;um trimestre para esquecer&quot;, diz XP; entenda\" \/>\n<meta property=\"og:description\" content=\"Com o resultado negativo apresentado pela Tenda (TEND3) na \u00faltima quinta (4), a XP publicou nesta sexta (5) um relat\u00f3rio sobre o...Saiba mais\" \/>\n<meta property=\"og:url\" content=\"https:\/\/www.suno.com.br\/noticias\/prejuizo-tenda-tend3-trimestre-esquecer-xp\/\" \/>\n<meta property=\"og:site_name\" content=\"Suno Not\u00edcias\" \/>\n<meta property=\"article:publisher\" content=\"https:\/\/facebook.com\/sunoresearch\" \/>\n<meta property=\"og:image\" content=\"https:\/\/files.sunoresearch.com.br\/n\/uploads\/2021\/01\/6b6e6880-tenda.jpg\" \/>\n\t<meta property=\"og:image:width\" content=\"700\" \/>\n\t<meta property=\"og:image:height\" content=\"700\" \/>\n\t<meta property=\"og:image:type\" content=\"image\/jpeg\" \/>\n<meta name=\"author\" content=\"Bruno Galv\u00e3o\" \/>\n<meta name=\"twitter:card\" content=\"summary_large_image\" \/>\n<meta name=\"twitter:creator\" content=\"@sunoresearch\" \/>\n<meta name=\"twitter:site\" content=\"@sunoresearch\" \/>\n<meta name=\"twitter:label1\" content=\"Escrito por\" \/>\n\t<meta name=\"twitter:data1\" content=\"Bruno Galv\u00e3o\" \/>\n\t<meta name=\"twitter:label2\" content=\"Est. tempo de leitura\" \/>\n\t<meta name=\"twitter:data2\" content=\"2 minutos\" \/>\n<script type=\"application\/ld+json\" class=\"yoast-schema-graph\">{\"@context\":\"https:\/\/schema.org\",\"@graph\":[{\"@type\":\"NewsArticle\",\"@id\":\"https:\/\/www.suno.com.br\/noticias\/prejuizo-tenda-tend3-trimestre-esquecer-xp\/#article\",\"isPartOf\":{\"@id\":\"https:\/\/www.suno.com.br\/noticias\/prejuizo-tenda-tend3-trimestre-esquecer-xp\/\"},\"author\":{\"name\":\"Bruno Galv\u00e3o\",\"@id\":\"https:\/\/www.suno.com.br\/noticias\/#\/schema\/person\/06f0d962a6b1c54852e4860f16935600\"},\"headline\":\"Tenda (TEND3) teve &#8220;um trimestre para esquecer&#8221;, diz XP; entenda\",\"datePublished\":\"2021-11-05T23:18:04+00:00\",\"mainEntityOfPage\":{\"@id\":\"https:\/\/www.suno.com.br\/noticias\/prejuizo-tenda-tend3-trimestre-esquecer-xp\/\"},\"wordCount\":447,\"publisher\":{\"@id\":\"https:\/\/www.suno.com.br\/noticias\/#organization\"},\"image\":{\"@id\":\"https:\/\/www.suno.com.br\/noticias\/prejuizo-tenda-tend3-trimestre-esquecer-xp\/#primaryimage\"},\"thumbnailUrl\":\"https:\/\/files.sunoresearch.com.br\/n\/uploads\/2021\/01\/6b6e6880-tenda-jpg.webp\",\"keywords\":[\"Especialistas\",\"Tenda (TEND3)\"],\"articleSection\":[\"Neg\u00f3cios\"],\"inLanguage\":\"pt-BR\"},{\"@type\":\"WebPage\",\"@id\":\"https:\/\/www.suno.com.br\/noticias\/prejuizo-tenda-tend3-trimestre-esquecer-xp\/\",\"url\":\"https:\/\/www.suno.com.br\/noticias\/prejuizo-tenda-tend3-trimestre-esquecer-xp\/\",\"name\":\"Tenda (TEND3) teve \\\"um trimestre para esquecer\\\", diz XP; entenda\",\"isPartOf\":{\"@id\":\"https:\/\/www.suno.com.br\/noticias\/#website\"},\"primaryImageOfPage\":{\"@id\":\"https:\/\/www.suno.com.br\/noticias\/prejuizo-tenda-tend3-trimestre-esquecer-xp\/#primaryimage\"},\"image\":{\"@id\":\"https:\/\/www.suno.com.br\/noticias\/prejuizo-tenda-tend3-trimestre-esquecer-xp\/#primaryimage\"},\"thumbnailUrl\":\"https:\/\/files.sunoresearch.com.br\/n\/uploads\/2021\/01\/6b6e6880-tenda-jpg.webp\",\"datePublished\":\"2021-11-05T23:18:04+00:00\",\"description\":\"Com o resultado negativo apresentado pela Tenda (TEND3) na \u00faltima quinta (4), a XP publicou nesta sexta (5) um relat\u00f3rio sobre o...Saiba mais\",\"breadcrumb\":{\"@id\":\"https:\/\/www.suno.com.br\/noticias\/prejuizo-tenda-tend3-trimestre-esquecer-xp\/#breadcrumb\"},\"inLanguage\":\"pt-BR\",\"potentialAction\":[{\"@type\":\"ReadAction\",\"target\":[\"https:\/\/www.suno.com.br\/noticias\/prejuizo-tenda-tend3-trimestre-esquecer-xp\/\"]}]},{\"@type\":\"ImageObject\",\"inLanguage\":\"pt-BR\",\"@id\":\"https:\/\/www.suno.com.br\/noticias\/prejuizo-tenda-tend3-trimestre-esquecer-xp\/#primaryimage\",\"url\":\"https:\/\/files.sunoresearch.com.br\/n\/uploads\/2021\/01\/6b6e6880-tenda-jpg.webp\",\"contentUrl\":\"https:\/\/files.sunoresearch.com.br\/n\/uploads\/2021\/01\/6b6e6880-tenda-jpg.webp\",\"width\":700,\"height\":700,\"caption\":\"Tenda (TEND3)\"},{\"@type\":\"BreadcrumbList\",\"@id\":\"https:\/\/www.suno.com.br\/noticias\/prejuizo-tenda-tend3-trimestre-esquecer-xp\/#breadcrumb\",\"itemListElement\":[{\"@type\":\"ListItem\",\"position\":1,\"name\":\"Not\u00edcias\",\"item\":\"https:\/\/www.suno.com.br\/noticias\/\"},{\"@type\":\"ListItem\",\"position\":2,\"name\":\"Neg\u00f3cios\",\"item\":\"https:\/\/www.suno.com.br\/noticias\/negocios\/\"},{\"@type\":\"ListItem\",\"position\":3,\"name\":\"Tenda (TEND3) teve &#8220;um trimestre para esquecer&#8221;, diz XP; entenda\"}]},{\"@type\":\"WebSite\",\"@id\":\"https:\/\/www.suno.com.br\/noticias\/#website\",\"url\":\"https:\/\/www.suno.com.br\/noticias\/\",\"name\":\"Suno Not\u00edcias\",\"description\":\"Seu portal de informa\u00e7\u00e3o sobre o mundo dos investimentos\",\"publisher\":{\"@id\":\"https:\/\/www.suno.com.br\/noticias\/#organization\"},\"potentialAction\":[{\"@type\":\"SearchAction\",\"target\":{\"@type\":\"EntryPoint\",\"urlTemplate\":\"https:\/\/www.suno.com.br\/noticias\/?s={search_term_string}\"},\"query-input\":{\"@type\":\"PropertyValueSpecification\",\"valueRequired\":true,\"valueName\":\"search_term_string\"}}],\"inLanguage\":\"pt-BR\"},{\"@type\":\"Organization\",\"@id\":\"https:\/\/www.suno.com.br\/noticias\/#organization\",\"name\":\"Suno Not\u00edcias\",\"url\":\"https:\/\/www.suno.com.br\/noticias\/\",\"logo\":{\"@type\":\"ImageObject\",\"inLanguage\":\"pt-BR\",\"@id\":\"https:\/\/www.suno.com.br\/noticias\/#\/schema\/logo\/image\/\",\"url\":\"https:\/\/files.sunoresearch.com.br\/n\/uploads\/2021\/09\/suno-logo.png\",\"contentUrl\":\"https:\/\/files.sunoresearch.com.br\/n\/uploads\/2021\/09\/suno-logo.png\",\"width\":180,\"height\":180,\"caption\":\"Suno Not\u00edcias\"},\"image\":{\"@id\":\"https:\/\/www.suno.com.br\/noticias\/#\/schema\/logo\/image\/\"},\"sameAs\":[\"https:\/\/facebook.com\/sunoresearch\",\"https:\/\/x.com\/sunoresearch\",\"https:\/\/www.instagram.com\/suno\",\"https:\/\/www.linkedin.com\/company\/suno-research\/\",\"https:\/\/www.youtube.com\/c\/sunoresearch\"]},{\"@type\":\"Person\",\"@id\":\"https:\/\/www.suno.com.br\/noticias\/#\/schema\/person\/06f0d962a6b1c54852e4860f16935600\",\"name\":\"Bruno Galv\u00e3o\",\"image\":{\"@type\":\"ImageObject\",\"inLanguage\":\"pt-BR\",\"@id\":\"https:\/\/www.suno.com.br\/noticias\/#\/schema\/person\/image\/\",\"url\":\"https:\/\/secure.gravatar.com\/avatar\/53598df0b41c00f12f287a912d0e918e?s=96&r=g\",\"contentUrl\":\"https:\/\/secure.gravatar.com\/avatar\/53598df0b41c00f12f287a912d0e918e?s=96&r=g\",\"caption\":\"Bruno Galv\u00e3o\"},\"description\":\"Escreve para o portal Suno Not\u00edcias. \u00c9 estudante de Jornalismo pela Faculdade C\u00e1sper L\u00edbero e Letras pela USP. Entusiasta de tecnologia e intelig\u00eancia artificial.\",\"url\":\"https:\/\/www.suno.com.br\/noticias\/author\/bruno-garcia\/\"}]}<\/script>\n<!-- \/ Yoast SEO plugin. -->","yoast_head_json":{"title":"Tenda (TEND3) teve \"um trimestre para esquecer\", diz XP; entenda","description":"Com o resultado negativo apresentado pela Tenda (TEND3) na \u00faltima quinta (4), a XP publicou nesta sexta (5) um relat\u00f3rio sobre o...Saiba mais","robots":{"index":"index","follow":"follow","max-snippet":"max-snippet:-1","max-image-preview":"max-image-preview:large","max-video-preview":"max-video-preview:-1"},"canonical":"https:\/\/www.suno.com.br\/noticias\/prejuizo-tenda-tend3-trimestre-esquecer-xp\/","og_locale":"pt_BR","og_type":"article","og_title":"Tenda (TEND3) teve \"um trimestre para esquecer\", diz XP; entenda","og_description":"Com o resultado negativo apresentado pela Tenda (TEND3) na \u00faltima quinta (4), a XP publicou nesta sexta (5) um relat\u00f3rio sobre o...Saiba mais","og_url":"https:\/\/www.suno.com.br\/noticias\/prejuizo-tenda-tend3-trimestre-esquecer-xp\/","og_site_name":"Suno Not\u00edcias","article_publisher":"https:\/\/facebook.com\/sunoresearch","og_image":[{"width":700,"height":700,"url":"https:\/\/files.sunoresearch.com.br\/n\/uploads\/2021\/01\/6b6e6880-tenda.jpg","type":"image\/jpeg"}],"author":"Bruno Galv\u00e3o","twitter_card":"summary_large_image","twitter_creator":"@sunoresearch","twitter_site":"@sunoresearch","twitter_misc":{"Escrito por":"Bruno Galv\u00e3o","Est. tempo de leitura":"2 minutos"},"schema":{"@context":"https:\/\/schema.org","@graph":[{"@type":"NewsArticle","@id":"https:\/\/www.suno.com.br\/noticias\/prejuizo-tenda-tend3-trimestre-esquecer-xp\/#article","isPartOf":{"@id":"https:\/\/www.suno.com.br\/noticias\/prejuizo-tenda-tend3-trimestre-esquecer-xp\/"},"author":{"name":"Bruno Galv\u00e3o","@id":"https:\/\/www.suno.com.br\/noticias\/#\/schema\/person\/06f0d962a6b1c54852e4860f16935600"},"headline":"Tenda (TEND3) teve &#8220;um trimestre para esquecer&#8221;, diz XP; entenda","datePublished":"2021-11-05T23:18:04+00:00","mainEntityOfPage":{"@id":"https:\/\/www.suno.com.br\/noticias\/prejuizo-tenda-tend3-trimestre-esquecer-xp\/"},"wordCount":447,"publisher":{"@id":"https:\/\/www.suno.com.br\/noticias\/#organization"},"image":{"@id":"https:\/\/www.suno.com.br\/noticias\/prejuizo-tenda-tend3-trimestre-esquecer-xp\/#primaryimage"},"thumbnailUrl":"https:\/\/files.sunoresearch.com.br\/n\/uploads\/2021\/01\/6b6e6880-tenda-jpg.webp","keywords":["Especialistas","Tenda (TEND3)"],"articleSection":["Neg\u00f3cios"],"inLanguage":"pt-BR"},{"@type":"WebPage","@id":"https:\/\/www.suno.com.br\/noticias\/prejuizo-tenda-tend3-trimestre-esquecer-xp\/","url":"https:\/\/www.suno.com.br\/noticias\/prejuizo-tenda-tend3-trimestre-esquecer-xp\/","name":"Tenda (TEND3) teve \"um trimestre para esquecer\", diz XP; entenda","isPartOf":{"@id":"https:\/\/www.suno.com.br\/noticias\/#website"},"primaryImageOfPage":{"@id":"https:\/\/www.suno.com.br\/noticias\/prejuizo-tenda-tend3-trimestre-esquecer-xp\/#primaryimage"},"image":{"@id":"https:\/\/www.suno.com.br\/noticias\/prejuizo-tenda-tend3-trimestre-esquecer-xp\/#primaryimage"},"thumbnailUrl":"https:\/\/files.sunoresearch.com.br\/n\/uploads\/2021\/01\/6b6e6880-tenda-jpg.webp","datePublished":"2021-11-05T23:18:04+00:00","description":"Com o resultado negativo apresentado pela Tenda (TEND3) na \u00faltima quinta (4), a XP publicou nesta sexta (5) um relat\u00f3rio sobre o...Saiba mais","breadcrumb":{"@id":"https:\/\/www.suno.com.br\/noticias\/prejuizo-tenda-tend3-trimestre-esquecer-xp\/#breadcrumb"},"inLanguage":"pt-BR","potentialAction":[{"@type":"ReadAction","target":["https:\/\/www.suno.com.br\/noticias\/prejuizo-tenda-tend3-trimestre-esquecer-xp\/"]}]},{"@type":"ImageObject","inLanguage":"pt-BR","@id":"https:\/\/www.suno.com.br\/noticias\/prejuizo-tenda-tend3-trimestre-esquecer-xp\/#primaryimage","url":"https:\/\/files.sunoresearch.com.br\/n\/uploads\/2021\/01\/6b6e6880-tenda-jpg.webp","contentUrl":"https:\/\/files.sunoresearch.com.br\/n\/uploads\/2021\/01\/6b6e6880-tenda-jpg.webp","width":700,"height":700,"caption":"Tenda (TEND3)"},{"@type":"BreadcrumbList","@id":"https:\/\/www.suno.com.br\/noticias\/prejuizo-tenda-tend3-trimestre-esquecer-xp\/#breadcrumb","itemListElement":[{"@type":"ListItem","position":1,"name":"Not\u00edcias","item":"https:\/\/www.suno.com.br\/noticias\/"},{"@type":"ListItem","position":2,"name":"Neg\u00f3cios","item":"https:\/\/www.suno.com.br\/noticias\/negocios\/"},{"@type":"ListItem","position":3,"name":"Tenda (TEND3) teve &#8220;um trimestre para esquecer&#8221;, diz XP; entenda"}]},{"@type":"WebSite","@id":"https:\/\/www.suno.com.br\/noticias\/#website","url":"https:\/\/www.suno.com.br\/noticias\/","name":"Suno Not\u00edcias","description":"Seu portal de informa\u00e7\u00e3o sobre o mundo dos investimentos","publisher":{"@id":"https:\/\/www.suno.com.br\/noticias\/#organization"},"potentialAction":[{"@type":"SearchAction","target":{"@type":"EntryPoint","urlTemplate":"https:\/\/www.suno.com.br\/noticias\/?s={search_term_string}"},"query-input":{"@type":"PropertyValueSpecification","valueRequired":true,"valueName":"search_term_string"}}],"inLanguage":"pt-BR"},{"@type":"Organization","@id":"https:\/\/www.suno.com.br\/noticias\/#organization","name":"Suno Not\u00edcias","url":"https:\/\/www.suno.com.br\/noticias\/","logo":{"@type":"ImageObject","inLanguage":"pt-BR","@id":"https:\/\/www.suno.com.br\/noticias\/#\/schema\/logo\/image\/","url":"https:\/\/files.sunoresearch.com.br\/n\/uploads\/2021\/09\/suno-logo.png","contentUrl":"https:\/\/files.sunoresearch.com.br\/n\/uploads\/2021\/09\/suno-logo.png","width":180,"height":180,"caption":"Suno Not\u00edcias"},"image":{"@id":"https:\/\/www.suno.com.br\/noticias\/#\/schema\/logo\/image\/"},"sameAs":["https:\/\/facebook.com\/sunoresearch","https:\/\/x.com\/sunoresearch","https:\/\/www.instagram.com\/suno","https:\/\/www.linkedin.com\/company\/suno-research\/","https:\/\/www.youtube.com\/c\/sunoresearch"]},{"@type":"Person","@id":"https:\/\/www.suno.com.br\/noticias\/#\/schema\/person\/06f0d962a6b1c54852e4860f16935600","name":"Bruno Galv\u00e3o","image":{"@type":"ImageObject","inLanguage":"pt-BR","@id":"https:\/\/www.suno.com.br\/noticias\/#\/schema\/person\/image\/","url":"https:\/\/secure.gravatar.com\/avatar\/53598df0b41c00f12f287a912d0e918e?s=96&r=g","contentUrl":"https:\/\/secure.gravatar.com\/avatar\/53598df0b41c00f12f287a912d0e918e?s=96&r=g","caption":"Bruno Galv\u00e3o"},"description":"Escreve para o portal Suno Not\u00edcias. \u00c9 estudante de Jornalismo pela Faculdade C\u00e1sper L\u00edbero e Letras pela USP. Entusiasta de tecnologia e intelig\u00eancia artificial.","url":"https:\/\/www.suno.com.br\/noticias\/author\/bruno-garcia\/"}]}},"default_loop_html":"<div class=\"cardsPage__listCard__boxs\"><div class=\"cardsPage__listCard__boxs__img\"><a href=\"https:\/\/www.suno.com.br\/noticias\/prejuizo-tenda-tend3-trimestre-esquecer-xp\/\"><img class=\"mask\" src=\"https:\/\/www.suno.com.br\/noticias\/wp-content\/themes\/suno\/resources\/images\/spotlight\/spotlight1img\/bg-mask.png\" alt=\"Image Mask\"\/><img src=\"https:\/\/files.sunoresearch.com.br\/n\/uploads\/2021\/01\/6b6e6880-tenda-400x200.webp\" alt=\"Tenda (TEND3) teve &#8220;um trimestre para esquecer&#8221;, diz XP; entenda\"\/><\/a><span class=\"spotlightCategory\"><a href=\"https:\/\/www.suno.com.br\/noticias\/negocios\/\">Neg\u00f3cios<\/a><\/span><\/div><div class=\"cardsPage__listCard__boxs__content\"><a href=\"https:\/\/www.suno.com.br\/noticias\/prejuizo-tenda-tend3-trimestre-esquecer-xp\/\"><h2 class=\"content__title\">Tenda (TEND3) teve &#8220;um trimestre para esquecer&#8221;, diz XP; entenda<\/h2><\/a><div class=\"newsContent__article__meta\"><div class=\"newsContent__article__meta__authorBox\"><a href=\"https:\/\/www.suno.com.br\/noticias\/author\/bruno-garcia\/\" class=\"authorBox__avatar noMobi\"><img src=\"https:\/\/secure.gravatar.com\/avatar\/53598df0b41c00f12f287a912d0e918e?s=96&#038;r=g\" alt=\"Bruno Galv\u00e3o\"><\/a><div class=\"authorBox__name\"><span>por\n\t\t\t<a href=\"https:\/\/www.suno.com.br\/noticias\/author\/bruno-garcia\/\"><span itemprop=\"author\">Bruno Galv\u00e3o<\/span><\/a><\/span><time datetime=\"2021-11-05T20:18:04-03:00\" itemprop=\"datePublished\">05\/11\/2021 20:18<\/time><\/div><\/div><\/div><\/div><\/div>","single_layout":"posts","amp_enabled":true,"_links":{"self":[{"href":"https:\/\/www.suno.com.br\/noticias\/wp-json\/wp\/v2\/posts\/202024"}],"collection":[{"href":"https:\/\/www.suno.com.br\/noticias\/wp-json\/wp\/v2\/posts"}],"about":[{"href":"https:\/\/www.suno.com.br\/noticias\/wp-json\/wp\/v2\/types\/post"}],"author":[{"embeddable":true,"href":"https:\/\/www.suno.com.br\/noticias\/wp-json\/wp\/v2\/users\/118"}],"replies":[{"embeddable":true,"href":"https:\/\/www.suno.com.br\/noticias\/wp-json\/wp\/v2\/comments?post=202024"}],"version-history":[{"count":3,"href":"https:\/\/www.suno.com.br\/noticias\/wp-json\/wp\/v2\/posts\/202024\/revisions"}],"predecessor-version":[{"id":202064,"href":"https:\/\/www.suno.com.br\/noticias\/wp-json\/wp\/v2\/posts\/202024\/revisions\/202064"}],"wp:featuredmedia":[{"embeddable":true,"href":"https:\/\/www.suno.com.br\/noticias\/wp-json\/wp\/v2\/media\/114602"}],"wp:attachment":[{"href":"https:\/\/www.suno.com.br\/noticias\/wp-json\/wp\/v2\/media?parent=202024"}],"wp:term":[{"taxonomy":"category","embeddable":true,"href":"https:\/\/www.suno.com.br\/noticias\/wp-json\/wp\/v2\/categories?post=202024"},{"taxonomy":"post_tag","embeddable":true,"href":"https:\/\/www.suno.com.br\/noticias\/wp-json\/wp\/v2\/tags?post=202024"},{"taxonomy":"suno_strategy","embeddable":true,"href":"https:\/\/www.suno.com.br\/noticias\/wp-json\/wp\/v2\/suno_strategy?post=202024"}],"curies":[{"name":"wp","href":"https:\/\/api.w.org\/{rel}","templated":true}]}}