{"id":201880,"date":"2021-11-05T21:29:12","date_gmt":"2021-11-06T00:29:12","guid":{"rendered":"https:\/\/www.suno.com.br\/noticias\/?p=201880"},"modified":"2021-11-05T21:29:12","modified_gmt":"2021-11-06T00:29:12","slug":"guedes-quer-tesla-amazon-google-amazonia","status":"publish","type":"post","link":"https:\/\/www.suno.com.br\/noticias\/guedes-quer-tesla-amazon-google-amazonia\/","title":{"rendered":"Selva do Sil\u00edcio: Guedes quer Tesla (TSLA34), Amazon (AMZO34) e Google (GOGL34) na Amaz\u00f4nia"},"content":{"rendered":"<p>O ministro da Economia, <strong>Paulo<\/strong> <strong>Guedes<\/strong>, diz que \u00e9 preciso transformar a Amaz\u00f4nia para que a regi\u00e3o se torne a &#8220;capital mundial da economia verde e digital&#8221;, dando uma nova voca\u00e7\u00e3o para a regi\u00e3o. O ministro defende a isen\u00e7\u00e3o de impostos a empresas de tecnologia do Vale do Sil\u00edcio, como Tesla (TSLA34), Google (GOGL34) e Amazon (AMZO34), para que elas possam se instalar na Amaz\u00f4nia e desenvolver na regi\u00e3o a &#8220;Selva do Sil\u00edcio&#8221;.<\/p>\t<div class=\"wrapper-featured-image\">\n\t\t<figure class=\"spotlightImg\">\n\n\t\t\t<picture>\n\t\t\t\t<source media=\"(max-width: 768px)\" srcset=\"https:\/\/files.sunoresearch.com.br\/n\/uploads\/2021\/11\/photo-1593069567131-53a0614dde1d-400x200.jpg\">\n\t\t\t\t<img loading=\"lazy\" decoding=\"async\" class=\"newsContent__article__imgCapa lazyloadDisabled \" src=\"https:\/\/files.sunoresearch.com.br\/n\/uploads\/2021\/11\/photo-1593069567131-53a0614dde1d-800x450.jpg\" width=\"800\" height=\"450\" alt=\"Selva do Sil\u00edcio: Guedes quer Tesla (TSLA34), Amazon (AMZO34) e Google (GOGL34) na Amaz\u00f4nia\" fetchpriority=high \/>\n\t\t\t<\/picture>\n\n\t\t\t<figcaption class=\"wp-caption-text wp-caption-text--show\">Governo abre consulta sobre certifica\u00e7\u00e3o verde de produtos da Amaz\u00f4nia. Foto: Vlad Hilitanu\/Unsplash<\/figcaption>\n\t\t<\/figure>\n\t<\/div>\n\n\n\t<p>\n\t\t<a href=\"https:\/\/lp.suno.com.br\/planilha-controle-gastos\/\" target=\"_blank\" data-element=\"shortcode-suno-banner\" title=\"Banner SUNO, clique e saiba mais\">\n\t\t\t<picture>\n\t\t\t\t<source media=\"(max-width: 500px)\" srcset=\"https:\/\/files.sunoresearch.com.br\/n\/uploads\/2023\/03\/400x300-Planilha-controle-de-gastos.png\">\n\t\t\t\t<img class=\"newsContent__article__imgCapa newsContent__article__imgCapa--banner\"\n\t\t\t\t\tsrc=\"https:\/\/files.sunoresearch.com.br\/n\/uploads\/2023\/03\/1420x240-Planilha-controle-de-gastos.png\"\n\t\t\t\t\tdata-promo-id=\"101751\"\t\t\t\t\t\t\t\t\t\twidth='1420' height='240'\t\t\t\t\talt=\"https:\/\/files.sunoresearch.com.br\/n\/uploads\/2023\/03\/1420x240-Planilha-controle-de-gastos.png\"\n\t\t\t\t>\n\t\t\t<\/picture>\n\t\t<\/a>\n\t<\/p>\n\n\n<p>Hoje, segundo <a class=\"suno-keyword\" href=\"https:\/\/www.suno.com.br\/tudo-sobre\/paulo-guedes\/\" target=\"_blank\" rel=\"noopener\" data-force=\"no\" data-priority=\"2\">Guedes<\/a>, h\u00e1 uma atividade industrial obsoleta na regi\u00e3o, que produz cintur\u00f5es de pobreza e deixa a popula\u00e7\u00e3o vulner\u00e1vel, como foi visto em Manaus (AM), durante a pandemia de covid-19.<\/p>\n<p>&#8220;A Amaz\u00f4nia deve ser capital mundial dos semin\u00e1rios executivos sobre economia verde. H\u00e1 o Vale do Sil\u00edcio, vamos fazer a Selva do Sil\u00edcio&#8221;, disse Guedes, em evento que faz parte da programa\u00e7\u00e3o do Brasil na COP-26. &#8220;Temos que vocacionar a regi\u00e3o para isso. Tem toda uma economia verde e de baixo carbono que pode se desenvolver na regi\u00e3o&#8221;, completou.<\/p>\n\t<p>\n\t\t<a href=\"https:\/\/lp.suno.com.br\/planilha-da-vida-financeira\/\" target=\"_blank\" data-element=\"shortcode-suno-banner\" title=\"Banner SUNO, clique e saiba mais\">\n\t\t\t<picture>\n\t\t\t\t<source media=\"(max-width: 500px)\" srcset=\"https:\/\/files.sunoresearch.com.br\/n\/uploads\/2023\/04\/400x300-Planilha-vida-financeira-true.png\">\n\t\t\t\t<img class=\"newsContent__article__imgCapa newsContent__article__imgCapa--banner\"\n\t\t\t\t\tsrc=\"https:\/\/files.sunoresearch.com.br\/n\/uploads\/2023\/04\/1420x240-Planilha-vida-financeira-true.png\"\n\t\t\t\t\tdata-promo-id=\"106682\"\t\t\t\t\t\t\t\t\t\twidth='1420' height='240'\t\t\t\t\talt=\"https:\/\/files.sunoresearch.com.br\/n\/uploads\/2023\/04\/1420x240-Planilha-vida-financeira-true.png\"\n\t\t\t\t>\n\t\t\t<\/picture>\n\t\t<\/a>\n\t<\/p>\n\n\n<h2>Al\u00e9m de Guedes, grupo de investidores busca protagonismo na COP-26<\/h2>\n<p>A <strong>C\u00fapula do Clima das Na\u00e7\u00f5es Unidas<\/strong> (<strong>COP-26<\/strong>) reuniu nesta semana os principais l\u00edderes mundiais para negociar medidas de preserva\u00e7\u00e3o das florestas, emiss\u00f5es de carbono e redu\u00e7\u00e3o do desmatamento. Um grupo de investidores brasileiros tamb\u00e9m participou do evento, pretendendo assumir protagonismo na discuss\u00e3o. Nomes como<strong> Ita\u00fa Asset Management<\/strong> e Sulam\u00e9rica Investimentos far\u00e3o parte da declara\u00e7\u00e3o p\u00fablica a favor de uma fiscaliza\u00e7\u00e3o ambiental mais intensiva.<\/p>\n\t<p>\n\t\t<a href=\"https:\/\/lp.suno.com.br\/ebook-como-analisar-uma-acao\/\" target=\"_blank\" data-element=\"shortcode-suno-banner\" title=\"Banner SUNO, clique e saiba mais\">\n\t\t\t<picture>\n\t\t\t\t<source media=\"(max-width: 500px)\" srcset=\"https:\/\/files.sunoresearch.com.br\/n\/uploads\/2023\/03\/Ebook-Acoes-Mobile-1.jpg\">\n\t\t\t\t<img class=\"newsContent__article__imgCapa newsContent__article__imgCapa--banner\"\n\t\t\t\t\tsrc=\"https:\/\/files.sunoresearch.com.br\/n\/uploads\/2023\/03\/Ebook-Acoes-Desktop-1.jpg\"\n\t\t\t\t\tdata-promo-id=\"171998\"\t\t\t\t\t\t\t\t\t\twidth='1420' height='286'\t\t\t\t\talt=\"https:\/\/files.sunoresearch.com.br\/n\/uploads\/2023\/03\/Ebook-Acoes-Desktop-1.jpg\"\n\t\t\t\t>\n\t\t\t<\/picture>\n\t\t<\/a>\n\t<\/p>\n\n\n<p>Nomeado como \u201c<strong>Investidores pelo Clima<\/strong>\u201c, o grupo foi formado pela consultoria Sitawi Finan\u00e7as pelo Bem, com o objetivo de pressionar a implementa\u00e7\u00e3o de metas net zero at\u00e9 2050.<\/p>\n\t<div data-element=\"shortcode-read-more\" class=\"knowMore\">\n\t\t\t\t<span class=\"knowMore__title\">Leia mais<\/span>\n\t\t\t\t<a class=\"knowMore__link\" href=\"https:\/\/www.suno.com.br\/noticias\/cop-26-investidores-brasileiros-aquecimento-global\/\">\n\t\t\tCOP-26: investidores brasileiros debatem meio ambiente e aquecimento global\t\t<\/a>\n\t<\/div>\n\n\n<p>\u201cEntendemos que a\u00a0<strong>emerg\u00eancia clim\u00e1tica<\/strong>\u00a0\u00e9 um dos maiores riscos \u00e0 estabilidade do<strong>\u00a0sistema financeiro<\/strong>\u00a0e reconhecemos a import\u00e2ncia da participa\u00e7\u00e3o de toda a sociedade no esfor\u00e7o de transi\u00e7\u00e3o justa para uma<strong>\u00a0economia de baixo carbono<\/strong> e em tempo h\u00e1bil para que se evitem os piores impactos sociais, ambientais, econ\u00f4micos e geopol\u00edticos previstos pela ci\u00eancia devido a mudan\u00e7a global do clima\u201d, declara o grupo, em coro com as declara\u00e7\u00f5es de <strong>Guedes<\/strong>.<\/p>\n<p><em>(Com informa\u00e7\u00f5es da Ag\u00eancia Estado)<\/em><\/p>\n\t<p>\n\t\t<a href=\"\" target=\"_blank\" data-element=\"shortcode-suno-banner\" title=\"Banner SUNO, clique e saiba mais\">\n\t\t\t<picture>\n\t\t\t\t<source media=\"(max-width: 500px)\" srcset=\"\">\n\t\t\t\t<img class=\"newsContent__article__imgCapa newsContent__article__imgCapa--banner\"\n\t\t\t\t\tsrc=\"\"\n\t\t\t\t\tdata-promo-id=\"184190\"\t\t\t\t\t\t\t\t\t\t\t\t\t\t\talt=\"\"\n\t\t\t\t>\n\t\t\t<\/picture>\n\t\t<\/a>\n\t<\/p>\n\n\n","protected":false},"excerpt":{"rendered":"<p>O ministro da Economia, Paulo Guedes, diz que \u00e9 preciso transformar a Amaz\u00f4nia para que a regi\u00e3o se torne a &#8220;capital mundial da economia verde e digital&#8221;, dando uma nova voca\u00e7\u00e3o para a regi\u00e3o. O ministro defende a isen\u00e7\u00e3o de impostos a empresas de tecnologia do Vale do Sil\u00edcio, como Tesla (TSLA34), Google (GOGL34) e [&hellip;]<\/p>\n","protected":false},"author":43,"featured_media":200376,"comment_status":"closed","ping_status":"closed","sticky":false,"template":"","format":"standard","meta":[],"categories":[64],"tags":[1372,694,358,701,796,1117,727],"suno_strategy":[],"class_list":["post-201880","post","type-post","status-publish","format-standard","has-post-thumbnail","hentry","category-negocios","tag-alphabet-gogl34-gogl35","tag-amazon-amzo34","tag-amazonia","tag-google","tag-paulo-guedes","tag-sustentabilidade","tag-tesla-tsla34"],"yoast_head":"<!-- This site is optimized with the Yoast SEO plugin v24.4 - https:\/\/yoast.com\/wordpress\/plugins\/seo\/ -->\n<title>Guedes quer Amazon (AMZO34) e Google (GOGL34) na Amaz\u00f4nia<\/title>\n<meta name=\"description\" content=\"Para o ministro da Economia, Paulo Guedes, \u00e9 preciso transformar a Amaz\u00f4nia na &quot;capital mundial da economia verde e digital&quot;...Saiba mais\" \/>\n<meta name=\"robots\" content=\"index, follow, max-snippet:-1, max-image-preview:large, max-video-preview:-1\" \/>\n<link rel=\"canonical\" href=\"https:\/\/www.suno.com.br\/noticias\/guedes-quer-tesla-amazon-google-amazonia\/\" \/>\n<meta property=\"og:locale\" content=\"pt_BR\" \/>\n<meta property=\"og:type\" content=\"article\" \/>\n<meta property=\"og:title\" content=\"Guedes quer Amazon (AMZO34) e Google (GOGL34) na Amaz\u00f4nia\" \/>\n<meta property=\"og:description\" content=\"Para o ministro da Economia, Paulo Guedes, \u00e9 preciso transformar a Amaz\u00f4nia na &quot;capital mundial da economia verde e digital&quot;...Saiba mais\" \/>\n<meta property=\"og:url\" content=\"https:\/\/www.suno.com.br\/noticias\/guedes-quer-tesla-amazon-google-amazonia\/\" \/>\n<meta property=\"og:site_name\" content=\"Suno Not\u00edcias\" \/>\n<meta property=\"article:publisher\" content=\"https:\/\/facebook.com\/sunoresearch\" \/>\n<meta property=\"article:author\" content=\"https:\/\/www.facebook.com\/sunonoticias\/\" \/>\n<meta property=\"og:image\" content=\"https:\/\/files.sunoresearch.com.br\/n\/uploads\/2021\/11\/photo-1593069567131-53a0614dde1d.jpg\" \/>\n\t<meta property=\"og:image:width\" content=\"1332\" \/>\n\t<meta property=\"og:image:height\" content=\"749\" \/>\n\t<meta property=\"og:image:type\" content=\"image\/jpeg\" \/>\n<meta name=\"author\" content=\"Reda\u00e7\u00e3o Suno Not\u00edcias\" \/>\n<meta name=\"twitter:card\" content=\"summary_large_image\" \/>\n<meta name=\"twitter:creator\" content=\"@https:\/\/twitter.com\/sunoresearch\" \/>\n<meta name=\"twitter:site\" content=\"@sunoresearch\" \/>\n<meta name=\"twitter:label1\" content=\"Escrito por\" \/>\n\t<meta name=\"twitter:data1\" content=\"Reda\u00e7\u00e3o Suno Not\u00edcias\" \/>\n\t<meta name=\"twitter:label2\" content=\"Est. tempo de leitura\" \/>\n\t<meta name=\"twitter:data2\" content=\"2 minutos\" \/>\n<script type=\"application\/ld+json\" class=\"yoast-schema-graph\">{\"@context\":\"https:\/\/schema.org\",\"@graph\":[{\"@type\":\"NewsArticle\",\"@id\":\"https:\/\/www.suno.com.br\/noticias\/guedes-quer-tesla-amazon-google-amazonia\/#article\",\"isPartOf\":{\"@id\":\"https:\/\/www.suno.com.br\/noticias\/guedes-quer-tesla-amazon-google-amazonia\/\"},\"author\":{\"name\":\"Reda\u00e7\u00e3o Suno Not\u00edcias\",\"@id\":\"https:\/\/www.suno.com.br\/noticias\/#\/schema\/person\/c1b1bd3727fa852bd045e9dbff3673ea\"},\"headline\":\"Selva do Sil\u00edcio: Guedes quer Tesla (TSLA34), Amazon (AMZO34) e Google (GOGL34) na Amaz\u00f4nia\",\"datePublished\":\"2021-11-06T00:29:12+00:00\",\"mainEntityOfPage\":{\"@id\":\"https:\/\/www.suno.com.br\/noticias\/guedes-quer-tesla-amazon-google-amazonia\/\"},\"wordCount\":422,\"publisher\":{\"@id\":\"https:\/\/www.suno.com.br\/noticias\/#organization\"},\"image\":{\"@id\":\"https:\/\/www.suno.com.br\/noticias\/guedes-quer-tesla-amazon-google-amazonia\/#primaryimage\"},\"thumbnailUrl\":\"https:\/\/files.sunoresearch.com.br\/n\/uploads\/2021\/11\/photo-1593069567131-53a0614dde1d.jpg\",\"keywords\":[\"Alphabet (GOGL34\/GOGL35)\",\"Amazon (AMZO34)\",\"Amazonia\",\"Google\",\"Paulo Guedes\",\"Sustentabilidade\",\"Tesla (TSLA34)\"],\"articleSection\":[\"Neg\u00f3cios\"],\"inLanguage\":\"pt-BR\"},{\"@type\":\"WebPage\",\"@id\":\"https:\/\/www.suno.com.br\/noticias\/guedes-quer-tesla-amazon-google-amazonia\/\",\"url\":\"https:\/\/www.suno.com.br\/noticias\/guedes-quer-tesla-amazon-google-amazonia\/\",\"name\":\"Guedes quer Amazon (AMZO34) e Google (GOGL34) na Amaz\u00f4nia\",\"isPartOf\":{\"@id\":\"https:\/\/www.suno.com.br\/noticias\/#website\"},\"primaryImageOfPage\":{\"@id\":\"https:\/\/www.suno.com.br\/noticias\/guedes-quer-tesla-amazon-google-amazonia\/#primaryimage\"},\"image\":{\"@id\":\"https:\/\/www.suno.com.br\/noticias\/guedes-quer-tesla-amazon-google-amazonia\/#primaryimage\"},\"thumbnailUrl\":\"https:\/\/files.sunoresearch.com.br\/n\/uploads\/2021\/11\/photo-1593069567131-53a0614dde1d.jpg\",\"datePublished\":\"2021-11-06T00:29:12+00:00\",\"description\":\"Para o ministro da Economia, Paulo Guedes, \u00e9 preciso transformar a Amaz\u00f4nia na \\\"capital mundial da economia verde e digital\\\"...Saiba mais\",\"breadcrumb\":{\"@id\":\"https:\/\/www.suno.com.br\/noticias\/guedes-quer-tesla-amazon-google-amazonia\/#breadcrumb\"},\"inLanguage\":\"pt-BR\",\"potentialAction\":[{\"@type\":\"ReadAction\",\"target\":[\"https:\/\/www.suno.com.br\/noticias\/guedes-quer-tesla-amazon-google-amazonia\/\"]}]},{\"@type\":\"ImageObject\",\"inLanguage\":\"pt-BR\",\"@id\":\"https:\/\/www.suno.com.br\/noticias\/guedes-quer-tesla-amazon-google-amazonia\/#primaryimage\",\"url\":\"https:\/\/files.sunoresearch.com.br\/n\/uploads\/2021\/11\/photo-1593069567131-53a0614dde1d.jpg\",\"contentUrl\":\"https:\/\/files.sunoresearch.com.br\/n\/uploads\/2021\/11\/photo-1593069567131-53a0614dde1d.jpg\",\"width\":1332,\"height\":749,\"caption\":\"Governo abre consulta sobre certifica\u00e7\u00e3o verde de produtos da Amaz\u00f4nia. Foto: Vlad Hilitanu\/Unsplash\"},{\"@type\":\"BreadcrumbList\",\"@id\":\"https:\/\/www.suno.com.br\/noticias\/guedes-quer-tesla-amazon-google-amazonia\/#breadcrumb\",\"itemListElement\":[{\"@type\":\"ListItem\",\"position\":1,\"name\":\"Not\u00edcias\",\"item\":\"https:\/\/www.suno.com.br\/noticias\/\"},{\"@type\":\"ListItem\",\"position\":2,\"name\":\"Neg\u00f3cios\",\"item\":\"https:\/\/www.suno.com.br\/noticias\/negocios\/\"},{\"@type\":\"ListItem\",\"position\":3,\"name\":\"Selva do Sil\u00edcio: Guedes quer Tesla (TSLA34), Amazon (AMZO34) e Google (GOGL34) na Amaz\u00f4nia\"}]},{\"@type\":\"WebSite\",\"@id\":\"https:\/\/www.suno.com.br\/noticias\/#website\",\"url\":\"https:\/\/www.suno.com.br\/noticias\/\",\"name\":\"Suno Not\u00edcias\",\"description\":\"Seu portal de informa\u00e7\u00e3o sobre o mundo dos investimentos\",\"publisher\":{\"@id\":\"https:\/\/www.suno.com.br\/noticias\/#organization\"},\"potentialAction\":[{\"@type\":\"SearchAction\",\"target\":{\"@type\":\"EntryPoint\",\"urlTemplate\":\"https:\/\/www.suno.com.br\/noticias\/?s={search_term_string}\"},\"query-input\":{\"@type\":\"PropertyValueSpecification\",\"valueRequired\":true,\"valueName\":\"search_term_string\"}}],\"inLanguage\":\"pt-BR\"},{\"@type\":\"Organization\",\"@id\":\"https:\/\/www.suno.com.br\/noticias\/#organization\",\"name\":\"Suno Not\u00edcias\",\"url\":\"https:\/\/www.suno.com.br\/noticias\/\",\"logo\":{\"@type\":\"ImageObject\",\"inLanguage\":\"pt-BR\",\"@id\":\"https:\/\/www.suno.com.br\/noticias\/#\/schema\/logo\/image\/\",\"url\":\"https:\/\/files.sunoresearch.com.br\/n\/uploads\/2021\/09\/suno-logo.png\",\"contentUrl\":\"https:\/\/files.sunoresearch.com.br\/n\/uploads\/2021\/09\/suno-logo.png\",\"width\":180,\"height\":180,\"caption\":\"Suno Not\u00edcias\"},\"image\":{\"@id\":\"https:\/\/www.suno.com.br\/noticias\/#\/schema\/logo\/image\/\"},\"sameAs\":[\"https:\/\/facebook.com\/sunoresearch\",\"https:\/\/x.com\/sunoresearch\",\"https:\/\/www.instagram.com\/suno\",\"https:\/\/www.linkedin.com\/company\/suno-research\/\",\"https:\/\/www.youtube.com\/c\/sunoresearch\"]},{\"@type\":\"Person\",\"@id\":\"https:\/\/www.suno.com.br\/noticias\/#\/schema\/person\/c1b1bd3727fa852bd045e9dbff3673ea\",\"name\":\"Reda\u00e7\u00e3o Suno Not\u00edcias\",\"image\":{\"@type\":\"ImageObject\",\"inLanguage\":\"pt-BR\",\"@id\":\"https:\/\/www.suno.com.br\/noticias\/#\/schema\/person\/image\/\",\"url\":\"https:\/\/secure.gravatar.com\/avatar\/b8104b9b5a71985d5238ee59fbe418af?s=96&r=g\",\"contentUrl\":\"https:\/\/secure.gravatar.com\/avatar\/b8104b9b5a71985d5238ee59fbe418af?s=96&r=g\",\"caption\":\"Reda\u00e7\u00e3o Suno Not\u00edcias\"},\"description\":\"O Suno Not\u00edcias \u00e9 um portal de informa\u00e7\u00f5es sobre Mercado Financeiro, Pol\u00edtica, Neg\u00f3cios, Economia e Finan\u00e7as Pessoais.\",\"sameAs\":[\"https:\/\/www.suno.com.br\/noticias\",\"https:\/\/www.facebook.com\/sunonoticias\/\",\"https:\/\/www.instagram.com\/sunonoticias\/\",\"https:\/\/x.com\/https:\/\/twitter.com\/sunoresearch\",\"https:\/\/www.youtube.com\/sunonoticias\"],\"url\":\"https:\/\/www.suno.com.br\/noticias\/author\/redacao-suno\/\"}]}<\/script>\n<!-- \/ Yoast SEO plugin. -->","yoast_head_json":{"title":"Guedes quer Amazon (AMZO34) e Google (GOGL34) na Amaz\u00f4nia","description":"Para o ministro da Economia, Paulo Guedes, \u00e9 preciso transformar a Amaz\u00f4nia na \"capital mundial da economia verde e digital\"...Saiba mais","robots":{"index":"index","follow":"follow","max-snippet":"max-snippet:-1","max-image-preview":"max-image-preview:large","max-video-preview":"max-video-preview:-1"},"canonical":"https:\/\/www.suno.com.br\/noticias\/guedes-quer-tesla-amazon-google-amazonia\/","og_locale":"pt_BR","og_type":"article","og_title":"Guedes quer Amazon (AMZO34) e Google (GOGL34) na Amaz\u00f4nia","og_description":"Para o ministro da Economia, Paulo Guedes, \u00e9 preciso transformar a Amaz\u00f4nia na \"capital mundial da economia verde e digital\"...Saiba mais","og_url":"https:\/\/www.suno.com.br\/noticias\/guedes-quer-tesla-amazon-google-amazonia\/","og_site_name":"Suno Not\u00edcias","article_publisher":"https:\/\/facebook.com\/sunoresearch","article_author":"https:\/\/www.facebook.com\/sunonoticias\/","og_image":[{"width":1332,"height":749,"url":"https:\/\/files.sunoresearch.com.br\/n\/uploads\/2021\/11\/photo-1593069567131-53a0614dde1d.jpg","type":"image\/jpeg"}],"author":"Reda\u00e7\u00e3o Suno Not\u00edcias","twitter_card":"summary_large_image","twitter_creator":"@https:\/\/twitter.com\/sunoresearch","twitter_site":"@sunoresearch","twitter_misc":{"Escrito por":"Reda\u00e7\u00e3o Suno Not\u00edcias","Est. tempo de leitura":"2 minutos"},"schema":{"@context":"https:\/\/schema.org","@graph":[{"@type":"NewsArticle","@id":"https:\/\/www.suno.com.br\/noticias\/guedes-quer-tesla-amazon-google-amazonia\/#article","isPartOf":{"@id":"https:\/\/www.suno.com.br\/noticias\/guedes-quer-tesla-amazon-google-amazonia\/"},"author":{"name":"Reda\u00e7\u00e3o Suno Not\u00edcias","@id":"https:\/\/www.suno.com.br\/noticias\/#\/schema\/person\/c1b1bd3727fa852bd045e9dbff3673ea"},"headline":"Selva do Sil\u00edcio: Guedes quer Tesla (TSLA34), Amazon (AMZO34) e Google (GOGL34) na Amaz\u00f4nia","datePublished":"2021-11-06T00:29:12+00:00","mainEntityOfPage":{"@id":"https:\/\/www.suno.com.br\/noticias\/guedes-quer-tesla-amazon-google-amazonia\/"},"wordCount":422,"publisher":{"@id":"https:\/\/www.suno.com.br\/noticias\/#organization"},"image":{"@id":"https:\/\/www.suno.com.br\/noticias\/guedes-quer-tesla-amazon-google-amazonia\/#primaryimage"},"thumbnailUrl":"https:\/\/files.sunoresearch.com.br\/n\/uploads\/2021\/11\/photo-1593069567131-53a0614dde1d.jpg","keywords":["Alphabet (GOGL34\/GOGL35)","Amazon (AMZO34)","Amazonia","Google","Paulo Guedes","Sustentabilidade","Tesla (TSLA34)"],"articleSection":["Neg\u00f3cios"],"inLanguage":"pt-BR"},{"@type":"WebPage","@id":"https:\/\/www.suno.com.br\/noticias\/guedes-quer-tesla-amazon-google-amazonia\/","url":"https:\/\/www.suno.com.br\/noticias\/guedes-quer-tesla-amazon-google-amazonia\/","name":"Guedes quer Amazon (AMZO34) e Google (GOGL34) na Amaz\u00f4nia","isPartOf":{"@id":"https:\/\/www.suno.com.br\/noticias\/#website"},"primaryImageOfPage":{"@id":"https:\/\/www.suno.com.br\/noticias\/guedes-quer-tesla-amazon-google-amazonia\/#primaryimage"},"image":{"@id":"https:\/\/www.suno.com.br\/noticias\/guedes-quer-tesla-amazon-google-amazonia\/#primaryimage"},"thumbnailUrl":"https:\/\/files.sunoresearch.com.br\/n\/uploads\/2021\/11\/photo-1593069567131-53a0614dde1d.jpg","datePublished":"2021-11-06T00:29:12+00:00","description":"Para o ministro da Economia, Paulo Guedes, \u00e9 preciso transformar a Amaz\u00f4nia na \"capital mundial da economia verde e digital\"...Saiba mais","breadcrumb":{"@id":"https:\/\/www.suno.com.br\/noticias\/guedes-quer-tesla-amazon-google-amazonia\/#breadcrumb"},"inLanguage":"pt-BR","potentialAction":[{"@type":"ReadAction","target":["https:\/\/www.suno.com.br\/noticias\/guedes-quer-tesla-amazon-google-amazonia\/"]}]},{"@type":"ImageObject","inLanguage":"pt-BR","@id":"https:\/\/www.suno.com.br\/noticias\/guedes-quer-tesla-amazon-google-amazonia\/#primaryimage","url":"https:\/\/files.sunoresearch.com.br\/n\/uploads\/2021\/11\/photo-1593069567131-53a0614dde1d.jpg","contentUrl":"https:\/\/files.sunoresearch.com.br\/n\/uploads\/2021\/11\/photo-1593069567131-53a0614dde1d.jpg","width":1332,"height":749,"caption":"Governo abre consulta sobre certifica\u00e7\u00e3o verde de produtos da Amaz\u00f4nia. Foto: Vlad Hilitanu\/Unsplash"},{"@type":"BreadcrumbList","@id":"https:\/\/www.suno.com.br\/noticias\/guedes-quer-tesla-amazon-google-amazonia\/#breadcrumb","itemListElement":[{"@type":"ListItem","position":1,"name":"Not\u00edcias","item":"https:\/\/www.suno.com.br\/noticias\/"},{"@type":"ListItem","position":2,"name":"Neg\u00f3cios","item":"https:\/\/www.suno.com.br\/noticias\/negocios\/"},{"@type":"ListItem","position":3,"name":"Selva do Sil\u00edcio: Guedes quer Tesla (TSLA34), Amazon (AMZO34) e Google (GOGL34) na Amaz\u00f4nia"}]},{"@type":"WebSite","@id":"https:\/\/www.suno.com.br\/noticias\/#website","url":"https:\/\/www.suno.com.br\/noticias\/","name":"Suno Not\u00edcias","description":"Seu portal de informa\u00e7\u00e3o sobre o mundo dos investimentos","publisher":{"@id":"https:\/\/www.suno.com.br\/noticias\/#organization"},"potentialAction":[{"@type":"SearchAction","target":{"@type":"EntryPoint","urlTemplate":"https:\/\/www.suno.com.br\/noticias\/?s={search_term_string}"},"query-input":{"@type":"PropertyValueSpecification","valueRequired":true,"valueName":"search_term_string"}}],"inLanguage":"pt-BR"},{"@type":"Organization","@id":"https:\/\/www.suno.com.br\/noticias\/#organization","name":"Suno Not\u00edcias","url":"https:\/\/www.suno.com.br\/noticias\/","logo":{"@type":"ImageObject","inLanguage":"pt-BR","@id":"https:\/\/www.suno.com.br\/noticias\/#\/schema\/logo\/image\/","url":"https:\/\/files.sunoresearch.com.br\/n\/uploads\/2021\/09\/suno-logo.png","contentUrl":"https:\/\/files.sunoresearch.com.br\/n\/uploads\/2021\/09\/suno-logo.png","width":180,"height":180,"caption":"Suno Not\u00edcias"},"image":{"@id":"https:\/\/www.suno.com.br\/noticias\/#\/schema\/logo\/image\/"},"sameAs":["https:\/\/facebook.com\/sunoresearch","https:\/\/x.com\/sunoresearch","https:\/\/www.instagram.com\/suno","https:\/\/www.linkedin.com\/company\/suno-research\/","https:\/\/www.youtube.com\/c\/sunoresearch"]},{"@type":"Person","@id":"https:\/\/www.suno.com.br\/noticias\/#\/schema\/person\/c1b1bd3727fa852bd045e9dbff3673ea","name":"Reda\u00e7\u00e3o Suno Not\u00edcias","image":{"@type":"ImageObject","inLanguage":"pt-BR","@id":"https:\/\/www.suno.com.br\/noticias\/#\/schema\/person\/image\/","url":"https:\/\/secure.gravatar.com\/avatar\/b8104b9b5a71985d5238ee59fbe418af?s=96&r=g","contentUrl":"https:\/\/secure.gravatar.com\/avatar\/b8104b9b5a71985d5238ee59fbe418af?s=96&r=g","caption":"Reda\u00e7\u00e3o Suno Not\u00edcias"},"description":"O Suno Not\u00edcias \u00e9 um portal de informa\u00e7\u00f5es sobre Mercado Financeiro, Pol\u00edtica, Neg\u00f3cios, Economia e Finan\u00e7as Pessoais.","sameAs":["https:\/\/www.suno.com.br\/noticias","https:\/\/www.facebook.com\/sunonoticias\/","https:\/\/www.instagram.com\/sunonoticias\/","https:\/\/x.com\/https:\/\/twitter.com\/sunoresearch","https:\/\/www.youtube.com\/sunonoticias"],"url":"https:\/\/www.suno.com.br\/noticias\/author\/redacao-suno\/"}]}},"default_loop_html":"<div class=\"cardsPage__listCard__boxs\"><div class=\"cardsPage__listCard__boxs__img\"><a href=\"https:\/\/www.suno.com.br\/noticias\/guedes-quer-tesla-amazon-google-amazonia\/\"><img class=\"mask\" src=\"https:\/\/www.suno.com.br\/noticias\/wp-content\/themes\/suno\/resources\/images\/spotlight\/spotlight1img\/bg-mask.png\" alt=\"Image Mask\"\/><img src=\"https:\/\/files.sunoresearch.com.br\/n\/uploads\/2021\/11\/photo-1593069567131-53a0614dde1d-400x200.jpg\" alt=\"Selva do Sil\u00edcio: Guedes quer Tesla (TSLA34), Amazon (AMZO34) e Google (GOGL34) na Amaz\u00f4nia\"\/><\/a><span class=\"spotlightCategory\"><a href=\"https:\/\/www.suno.com.br\/noticias\/negocios\/\">Neg\u00f3cios<\/a><\/span><\/div><div class=\"cardsPage__listCard__boxs__content\"><a href=\"https:\/\/www.suno.com.br\/noticias\/guedes-quer-tesla-amazon-google-amazonia\/\"><h2 class=\"content__title\">Selva do Sil\u00edcio: Guedes quer Tesla (TSLA34), Amazon (AMZO34) e Google (GOGL34) na Amaz\u00f4nia<\/h2><\/a><div class=\"newsContent__article__meta\"><div class=\"newsContent__article__meta__authorBox\"><a href=\"https:\/\/www.suno.com.br\/noticias\/author\/redacao-suno\/\" class=\"authorBox__avatar noMobi\"><img src=\"https:\/\/files.sunoresearch.com.br\/n\/uploads\/2020\/08\/0ace682d-redacao-1-150x150.webp\" alt=\"Reda\u00e7\u00e3o Suno Not\u00edcias\"><\/a><div class=\"authorBox__name\"><span>por\n\t\t\t<a href=\"https:\/\/www.suno.com.br\/noticias\/author\/redacao-suno\/\"><span itemprop=\"author\">Reda\u00e7\u00e3o Suno Not\u00edcias<\/span><\/a><\/span><time datetime=\"2021-11-05T21:29:12-03:00\" itemprop=\"datePublished\">05\/11\/2021 21:29<\/time><\/div><\/div><\/div><\/div><\/div>","single_layout":"posts","amp_enabled":true,"_links":{"self":[{"href":"https:\/\/www.suno.com.br\/noticias\/wp-json\/wp\/v2\/posts\/201880"}],"collection":[{"href":"https:\/\/www.suno.com.br\/noticias\/wp-json\/wp\/v2\/posts"}],"about":[{"href":"https:\/\/www.suno.com.br\/noticias\/wp-json\/wp\/v2\/types\/post"}],"author":[{"embeddable":true,"href":"https:\/\/www.suno.com.br\/noticias\/wp-json\/wp\/v2\/users\/43"}],"replies":[{"embeddable":true,"href":"https:\/\/www.suno.com.br\/noticias\/wp-json\/wp\/v2\/comments?post=201880"}],"version-history":[{"count":4,"href":"https:\/\/www.suno.com.br\/noticias\/wp-json\/wp\/v2\/posts\/201880\/revisions"}],"predecessor-version":[{"id":202102,"href":"https:\/\/www.suno.com.br\/noticias\/wp-json\/wp\/v2\/posts\/201880\/revisions\/202102"}],"wp:featuredmedia":[{"embeddable":true,"href":"https:\/\/www.suno.com.br\/noticias\/wp-json\/wp\/v2\/media\/200376"}],"wp:attachment":[{"href":"https:\/\/www.suno.com.br\/noticias\/wp-json\/wp\/v2\/media?parent=201880"}],"wp:term":[{"taxonomy":"category","embeddable":true,"href":"https:\/\/www.suno.com.br\/noticias\/wp-json\/wp\/v2\/categories?post=201880"},{"taxonomy":"post_tag","embeddable":true,"href":"https:\/\/www.suno.com.br\/noticias\/wp-json\/wp\/v2\/tags?post=201880"},{"taxonomy":"suno_strategy","embeddable":true,"href":"https:\/\/www.suno.com.br\/noticias\/wp-json\/wp\/v2\/suno_strategy?post=201880"}],"curies":[{"name":"wp","href":"https:\/\/api.w.org\/{rel}","templated":true}]}}