{"id":201791,"date":"2021-11-05T21:41:12","date_gmt":"2021-11-06T00:41:12","guid":{"rendered":"https:\/\/www.suno.com.br\/noticias\/?p=201791"},"modified":"2021-11-05T21:41:12","modified_gmt":"2021-11-06T00:41:12","slug":"contrariando-mercosul-brasil-reducao-impostos-importacao","status":"publish","type":"post","link":"https:\/\/www.suno.com.br\/noticias\/contrariando-mercosul-brasil-reducao-impostos-importacao\/","title":{"rendered":"Brasil anuncia redu\u00e7\u00e3o de 10% no Imposto de Importa\u00e7\u00e3o"},"content":{"rendered":"<p>Os minist\u00e9rios da Economia e Rela\u00e7\u00f5es Exteriores anunciaram em conjunto nesta sexta (5) a redu\u00e7\u00e3o de 10% em al\u00edquotas do Imposto de Importa\u00e7\u00e3o de 87% dos produtos do universo tarif\u00e1rio. A medida exclui autom\u00f3veis e sucroalcooleiro, que j\u00e1 t\u00eam um tratamento diferenciado pelo Bloco.<\/p>\t<div class=\"wrapper-featured-image\">\n\t\t<figure class=\"spotlightImg\">\n\n\t\t\t<picture>\n\t\t\t\t<source media=\"(max-width: 768px)\" srcset=\"https:\/\/files.sunoresearch.com.br\/n\/uploads\/2019\/10\/c7cb55f3-mercosul-400x200.webp\">\n\t\t\t\t<img loading=\"lazy\" decoding=\"async\" class=\"newsContent__article__imgCapa lazyloadDisabled \" src=\"https:\/\/files.sunoresearch.com.br\/n\/uploads\/2019\/10\/c7cb55f3-mercosul-jpg.webp\" width=\"800\" height=\"450\" alt=\"Brasil anuncia redu\u00e7\u00e3o de 10% no Imposto de Importa\u00e7\u00e3o\" fetchpriority=high \/>\n\t\t\t<\/picture>\n\n\t\t\t<figcaption class=\"wp-caption-text wp-caption-text--show\">Mercosul. Foto: divulga\u00e7\u00e3o<\/figcaption>\n\t\t<\/figure>\n\t<\/div>\n\n\n\t<p>\n\t\t<a href=\"https:\/\/lp.suno.com.br\/planilha-controle-gastos\/\" target=\"_blank\" data-element=\"shortcode-suno-banner\" title=\"Banner SUNO, clique e saiba mais\">\n\t\t\t<picture>\n\t\t\t\t<source media=\"(max-width: 500px)\" srcset=\"https:\/\/files.sunoresearch.com.br\/n\/uploads\/2023\/03\/400x300-Planilha-controle-de-gastos.png\">\n\t\t\t\t<img class=\"newsContent__article__imgCapa newsContent__article__imgCapa--banner\"\n\t\t\t\t\tsrc=\"https:\/\/files.sunoresearch.com.br\/n\/uploads\/2023\/03\/1420x240-Planilha-controle-de-gastos.png\"\n\t\t\t\t\tdata-promo-id=\"101751\"\t\t\t\t\t\t\t\t\t\twidth='1420' height='240'\t\t\t\t\talt=\"https:\/\/files.sunoresearch.com.br\/n\/uploads\/2023\/03\/1420x240-Planilha-controle-de-gastos.png\"\n\t\t\t\t>\n\t\t\t<\/picture>\n\t\t<\/a>\n\t<\/p>\n\n\n<p>Como as regras do Mercosul pro\u00edbem a <strong>redu\u00e7\u00e3o de impostos <\/strong>de forma unilateral, ou seja, sem o aval de todos os integrantes do bloco, o Brasil vai recorrer a um dispositivo que permite a possibilidade de ado\u00e7\u00e3o de medidas voltadas \u00e0 prote\u00e7\u00e3o da vida e da sa\u00fade das pessoas.<\/p>\n\t<div data-element=\"shortcode-read-more\" class=\"knowMore\">\n\t\t\t\t<span class=\"knowMore__title\">Veja tamb\u00e9m<\/span>\n\t\t\t\t<a class=\"knowMore__link\" href=\"https:\/\/www.suno.com.br\/noticias\/arrecadacao-impostos-novo-recorde-setembro-149-bilhoes-receita\/\">\n\t\t\tArrecada\u00e7\u00e3o de impostos soma R$ 149 bilh\u00f5es em setembro, novo recorde\t\t<\/a>\n\t<\/div>\n\n\n<p>&#8220;O recurso a esse dispositivo justifica-se pela situa\u00e7\u00e3o de urg\u00eancia trazida pela pandemia de Covid-19 e pela necessidade de poder contar, de forma imediata, com instrumento que possa contribuir para aliviar seus efeitos negativos sobre a vida e a sa\u00fade de popula\u00e7\u00e3o brasileira&#8221;, afirmaram as pastas em nota.<\/p>\n\t<p>\n\t\t<a href=\"https:\/\/lp.suno.com.br\/planilha-da-vida-financeira\/\" target=\"_blank\" data-element=\"shortcode-suno-banner\" title=\"Banner SUNO, clique e saiba mais\">\n\t\t\t<picture>\n\t\t\t\t<source media=\"(max-width: 500px)\" srcset=\"https:\/\/files.sunoresearch.com.br\/n\/uploads\/2023\/04\/400x300-Planilha-vida-financeira-true.png\">\n\t\t\t\t<img class=\"newsContent__article__imgCapa newsContent__article__imgCapa--banner\"\n\t\t\t\t\tsrc=\"https:\/\/files.sunoresearch.com.br\/n\/uploads\/2023\/04\/1420x240-Planilha-vida-financeira-true.png\"\n\t\t\t\t\tdata-promo-id=\"106682\"\t\t\t\t\t\t\t\t\t\twidth='1420' height='240'\t\t\t\t\talt=\"https:\/\/files.sunoresearch.com.br\/n\/uploads\/2023\/04\/1420x240-Planilha-vida-financeira-true.png\"\n\t\t\t\t>\n\t\t\t<\/picture>\n\t\t<\/a>\n\t<\/p>\n\n\n<p>A redu\u00e7\u00e3o foi adotada por decis\u00e3o do Comit\u00ea-Executivo de Gest\u00e3o da C\u00e2mara de Com\u00e9rcio Exterior (Camex) e ser\u00e1 tempor\u00e1ria, at\u00e9 31 de dezembro de 2022. O tamanho de redu\u00e7\u00e3o foi ao encontro do que ficou<strong> acertado com a Argentina<\/strong> no in\u00edcio de outubro, durante visita de ministros do pa\u00eds vizinho ao Brasil.<\/p>\n<p>O ministro da Economia, <a class=\"suno-keyword\" href=\"https:\/\/www.suno.com.br\/tudo-sobre\/paulo-guedes\/\" target=\"_blank\" rel=\"noopener\" data-force=\"no\" data-priority=\"2\">Paulo Guedes<\/a>, disse que essa redu\u00e7\u00e3o nas tarifas de importa\u00e7\u00e3o vai ajudar a moderar a infla\u00e7\u00e3o no pa\u00eds. Ele comentou o corte nas al\u00edquotas durante sua participa\u00e7\u00e3o na terceira edi\u00e7\u00e3o da Confer\u00eancia de <a class=\"suno-keyword\" href=\"https:\/\/www.suno.com.br\/artigos\/comercio-internacional\/\" target=\"_blank\" rel=\"noopener\" data-force=\"no\" data-priority=\"1\">Com\u00e9rcio Internacional<\/a> e Servi\u00e7os do Mercosul, promovida pelo Conselho de C\u00e2maras de Com\u00e9rcio do bloco econ\u00f4mico.<\/p>\n\t<p>\n\t\t<a href=\"https:\/\/lp.suno.com.br\/ebook-como-analisar-uma-acao\/\" target=\"_blank\" data-element=\"shortcode-suno-banner\" title=\"Banner SUNO, clique e saiba mais\">\n\t\t\t<picture>\n\t\t\t\t<source media=\"(max-width: 500px)\" srcset=\"https:\/\/files.sunoresearch.com.br\/n\/uploads\/2023\/03\/Ebook-Acoes-Mobile-1.jpg\">\n\t\t\t\t<img class=\"newsContent__article__imgCapa newsContent__article__imgCapa--banner\"\n\t\t\t\t\tsrc=\"https:\/\/files.sunoresearch.com.br\/n\/uploads\/2023\/03\/Ebook-Acoes-Desktop-1.jpg\"\n\t\t\t\t\tdata-promo-id=\"171998\"\t\t\t\t\t\t\t\t\t\twidth='1420' height='286'\t\t\t\t\talt=\"https:\/\/files.sunoresearch.com.br\/n\/uploads\/2023\/03\/Ebook-Acoes-Desktop-1.jpg\"\n\t\t\t\t>\n\t\t\t<\/picture>\n\t\t<\/a>\n\t<\/p>\n\n\n<h2>Guedes reclama de resist\u00eancia no Mercosul<\/h2>\n<p>Os brasileiros tinham na Argentina a principal <strong>resist\u00eancia \u00e0 redu\u00e7\u00e3o da TEC<\/strong>. Ao conseguir chegar a um acordo com eles, por\u00e9m, encontraram outro obst\u00e1culo, justamente de um parceiro mais alinhado no objetivo de <strong>modernizar o Mercosul<\/strong>: o Uruguai.<\/p>\n\t<p>\n\t\t<a href=\"https:\/\/lp.suno.com.br\/planilha-de-controle-de-investimentos\/\" target=\"_blank\" data-element=\"shortcode-suno-banner\" title=\"Banner SUNO, clique e saiba mais\">\n\t\t\t<picture>\n\t\t\t\t<source media=\"(max-width: 500px)\" srcset=\"https:\/\/files.sunoresearch.com.br\/n\/uploads\/2023\/03\/400x300-Controle-de-Investimentos.png\">\n\t\t\t\t<img class=\"newsContent__article__imgCapa newsContent__article__imgCapa--banner\"\n\t\t\t\t\tsrc=\"https:\/\/files.sunoresearch.com.br\/n\/uploads\/2023\/03\/1420x240-Controle-de-Investimentos.png\"\n\t\t\t\t\tdata-promo-id=\"75934\"\t\t\t\t\t\t\t\t\t\twidth='1420' height='240'\t\t\t\t\talt=\"https:\/\/files.sunoresearch.com.br\/n\/uploads\/2023\/03\/1420x240-Controle-de-Investimentos.png\"\n\t\t\t\t>\n\t\t\t<\/picture>\n\t\t<\/a>\n\t<\/p>\n\n\n<p>Na semana passada, <strong>Paulo Guedes<\/strong> reclamou que os Uruguaios condicionaram o apoio \u00e0 proposta brasileira de cortar impostos ao aval do bloco \u00e0 negocia\u00e7\u00f5es de acordo de forma bilateral, ou seja, sem a participa\u00e7\u00e3o de todos os pa\u00edses do Mercosul. Isso emperrou novamente as conversas, porque a Argentina \u00e9 contra essa flexibiliza\u00e7\u00e3o.<\/p>\n<p>&#8220;O governo brasileiro tem trabalhado intensamente, no \u00e2mbito do Mercosul, para promover a revis\u00e3o da Tarifa Externa Comum (TEC), que, em seus mais de vinte e cinco anos de exist\u00eancia, jamais sofreu um processo de reforma integral&#8221;, afirma a nota. &#8220;O Brasil permanece plenamente engajado nas negocia\u00e7\u00f5es em curso no Mercosul. Os Minist\u00e9rios da Economia e das Rela\u00e7\u00f5es Exteriores reiteram o car\u00e1ter excepcional e tempor\u00e1rio da presente resolu\u00e7\u00e3o, ao mesmo tempo em que reafirmam seu compromisso com o Mercosul.&#8221;<\/p>\n<p><em>(Com informa\u00e7\u00f5es da Ag\u00eancia Estado e Ag\u00eancia Brasil)<\/em><\/p>\n\t<p>\n\t\t<a href=\"\" target=\"_blank\" data-element=\"shortcode-suno-banner\" title=\"Banner SUNO, clique e saiba mais\">\n\t\t\t<picture>\n\t\t\t\t<source media=\"(max-width: 500px)\" srcset=\"\">\n\t\t\t\t<img class=\"newsContent__article__imgCapa newsContent__article__imgCapa--banner\"\n\t\t\t\t\tsrc=\"\"\n\t\t\t\t\tdata-promo-id=\"184190\"\t\t\t\t\t\t\t\t\t\t\t\t\t\t\talt=\"\"\n\t\t\t\t>\n\t\t\t<\/picture>\n\t\t<\/a>\n\t<\/p>\n\n\n","protected":false},"excerpt":{"rendered":"<p>Os minist\u00e9rios da Economia e Rela\u00e7\u00f5es Exteriores anunciaram em conjunto nesta sexta (5) a redu\u00e7\u00e3o de 10% em al\u00edquotas do Imposto de Importa\u00e7\u00e3o de 87% dos produtos do universo tarif\u00e1rio. A medida exclui autom\u00f3veis e sucroalcooleiro, que j\u00e1 t\u00eam um tratamento diferenciado pelo Bloco. Mercosul. Foto: divulga\u00e7\u00e3o Como as regras do Mercosul pro\u00edbem a redu\u00e7\u00e3o [&hellip;]<\/p>\n","protected":false},"author":118,"featured_media":42054,"comment_status":"closed","ping_status":"closed","sticky":false,"template":"","format":"standard","meta":[],"categories":[62,64],"tags":[706,704,868,796],"suno_strategy":[],"class_list":["post-201791","post","type-post","status-publish","format-standard","has-post-thumbnail","hentry","category-economia","category-negocios","tag-importacoes","tag-impostos","tag-mercosul","tag-paulo-guedes"],"yoast_head":"<!-- This site is optimized with the Yoast SEO plugin v24.4 - https:\/\/yoast.com\/wordpress\/plugins\/seo\/ -->\n<title>Brasil anuncia redu\u00e7\u00e3o de 10% no Imposto de Importa\u00e7\u00e3o<\/title>\n<meta name=\"description\" content=\"Contrariando o Mercosul, os Minist\u00e9rios da Economia e Rela\u00e7\u00f5es Exteriores anunciaram nesta sexta a redu\u00e7\u00e3o de 10% em al\u00edquotas...Saiba mais\" \/>\n<meta name=\"robots\" content=\"index, follow, max-snippet:-1, max-image-preview:large, max-video-preview:-1\" \/>\n<link rel=\"canonical\" href=\"https:\/\/www.suno.com.br\/noticias\/contrariando-mercosul-brasil-reducao-impostos-importacao\/\" \/>\n<meta property=\"og:locale\" content=\"pt_BR\" \/>\n<meta property=\"og:type\" content=\"article\" \/>\n<meta property=\"og:title\" content=\"Brasil anuncia redu\u00e7\u00e3o de 10% no Imposto de Importa\u00e7\u00e3o\" \/>\n<meta property=\"og:description\" content=\"Contrariando o Mercosul, os Minist\u00e9rios da Economia e Rela\u00e7\u00f5es Exteriores anunciaram nesta sexta a redu\u00e7\u00e3o de 10% em al\u00edquotas...Saiba mais\" \/>\n<meta property=\"og:url\" content=\"https:\/\/www.suno.com.br\/noticias\/contrariando-mercosul-brasil-reducao-impostos-importacao\/\" \/>\n<meta property=\"og:site_name\" content=\"Suno Not\u00edcias\" \/>\n<meta property=\"article:publisher\" content=\"https:\/\/facebook.com\/sunoresearch\" \/>\n<meta property=\"og:image\" content=\"https:\/\/files.sunoresearch.com.br\/n\/uploads\/2019\/10\/c7cb55f3-mercosul.jpg\" \/>\n\t<meta property=\"og:image:width\" content=\"779\" \/>\n\t<meta property=\"og:image:height\" content=\"513\" \/>\n\t<meta property=\"og:image:type\" content=\"image\/jpeg\" \/>\n<meta name=\"author\" content=\"Bruno Galv\u00e3o\" \/>\n<meta name=\"twitter:card\" content=\"summary_large_image\" \/>\n<meta name=\"twitter:creator\" content=\"@sunoresearch\" \/>\n<meta name=\"twitter:site\" content=\"@sunoresearch\" \/>\n<meta name=\"twitter:label1\" content=\"Escrito por\" \/>\n\t<meta name=\"twitter:data1\" content=\"Bruno Galv\u00e3o\" \/>\n\t<meta name=\"twitter:label2\" content=\"Est. tempo de leitura\" \/>\n\t<meta name=\"twitter:data2\" content=\"2 minutos\" \/>\n<script type=\"application\/ld+json\" class=\"yoast-schema-graph\">{\"@context\":\"https:\/\/schema.org\",\"@graph\":[{\"@type\":\"NewsArticle\",\"@id\":\"https:\/\/www.suno.com.br\/noticias\/contrariando-mercosul-brasil-reducao-impostos-importacao\/#article\",\"isPartOf\":{\"@id\":\"https:\/\/www.suno.com.br\/noticias\/contrariando-mercosul-brasil-reducao-impostos-importacao\/\"},\"author\":{\"name\":\"Bruno Galv\u00e3o\",\"@id\":\"https:\/\/www.suno.com.br\/noticias\/#\/schema\/person\/06f0d962a6b1c54852e4860f16935600\"},\"headline\":\"Brasil anuncia redu\u00e7\u00e3o de 10% no Imposto de Importa\u00e7\u00e3o\",\"datePublished\":\"2021-11-06T00:41:12+00:00\",\"mainEntityOfPage\":{\"@id\":\"https:\/\/www.suno.com.br\/noticias\/contrariando-mercosul-brasil-reducao-impostos-importacao\/\"},\"wordCount\":512,\"publisher\":{\"@id\":\"https:\/\/www.suno.com.br\/noticias\/#organization\"},\"image\":{\"@id\":\"https:\/\/www.suno.com.br\/noticias\/contrariando-mercosul-brasil-reducao-impostos-importacao\/#primaryimage\"},\"thumbnailUrl\":\"https:\/\/files.sunoresearch.com.br\/n\/uploads\/2019\/10\/c7cb55f3-mercosul-jpg.webp\",\"keywords\":[\"importa\u00e7\u00f5es\",\"impostos\",\"Mercosul\",\"Paulo Guedes\"],\"articleSection\":[\"Economia\",\"Neg\u00f3cios\"],\"inLanguage\":\"pt-BR\"},{\"@type\":\"WebPage\",\"@id\":\"https:\/\/www.suno.com.br\/noticias\/contrariando-mercosul-brasil-reducao-impostos-importacao\/\",\"url\":\"https:\/\/www.suno.com.br\/noticias\/contrariando-mercosul-brasil-reducao-impostos-importacao\/\",\"name\":\"Brasil anuncia redu\u00e7\u00e3o de 10% no Imposto de Importa\u00e7\u00e3o\",\"isPartOf\":{\"@id\":\"https:\/\/www.suno.com.br\/noticias\/#website\"},\"primaryImageOfPage\":{\"@id\":\"https:\/\/www.suno.com.br\/noticias\/contrariando-mercosul-brasil-reducao-impostos-importacao\/#primaryimage\"},\"image\":{\"@id\":\"https:\/\/www.suno.com.br\/noticias\/contrariando-mercosul-brasil-reducao-impostos-importacao\/#primaryimage\"},\"thumbnailUrl\":\"https:\/\/files.sunoresearch.com.br\/n\/uploads\/2019\/10\/c7cb55f3-mercosul-jpg.webp\",\"datePublished\":\"2021-11-06T00:41:12+00:00\",\"description\":\"Contrariando o Mercosul, os Minist\u00e9rios da Economia e Rela\u00e7\u00f5es Exteriores anunciaram nesta sexta a redu\u00e7\u00e3o de 10% em al\u00edquotas...Saiba mais\",\"breadcrumb\":{\"@id\":\"https:\/\/www.suno.com.br\/noticias\/contrariando-mercosul-brasil-reducao-impostos-importacao\/#breadcrumb\"},\"inLanguage\":\"pt-BR\",\"potentialAction\":[{\"@type\":\"ReadAction\",\"target\":[\"https:\/\/www.suno.com.br\/noticias\/contrariando-mercosul-brasil-reducao-impostos-importacao\/\"]}]},{\"@type\":\"ImageObject\",\"inLanguage\":\"pt-BR\",\"@id\":\"https:\/\/www.suno.com.br\/noticias\/contrariando-mercosul-brasil-reducao-impostos-importacao\/#primaryimage\",\"url\":\"https:\/\/files.sunoresearch.com.br\/n\/uploads\/2019\/10\/c7cb55f3-mercosul-jpg.webp\",\"contentUrl\":\"https:\/\/files.sunoresearch.com.br\/n\/uploads\/2019\/10\/c7cb55f3-mercosul-jpg.webp\",\"width\":779,\"height\":513,\"caption\":\"Mercosul. Foto: divulga\u00e7\u00e3o\"},{\"@type\":\"BreadcrumbList\",\"@id\":\"https:\/\/www.suno.com.br\/noticias\/contrariando-mercosul-brasil-reducao-impostos-importacao\/#breadcrumb\",\"itemListElement\":[{\"@type\":\"ListItem\",\"position\":1,\"name\":\"Not\u00edcias\",\"item\":\"https:\/\/www.suno.com.br\/noticias\/\"},{\"@type\":\"ListItem\",\"position\":2,\"name\":\"Neg\u00f3cios\",\"item\":\"https:\/\/www.suno.com.br\/noticias\/negocios\/\"},{\"@type\":\"ListItem\",\"position\":3,\"name\":\"Brasil anuncia redu\u00e7\u00e3o de 10% no Imposto de Importa\u00e7\u00e3o\"}]},{\"@type\":\"WebSite\",\"@id\":\"https:\/\/www.suno.com.br\/noticias\/#website\",\"url\":\"https:\/\/www.suno.com.br\/noticias\/\",\"name\":\"Suno Not\u00edcias\",\"description\":\"Seu portal de informa\u00e7\u00e3o sobre o mundo dos investimentos\",\"publisher\":{\"@id\":\"https:\/\/www.suno.com.br\/noticias\/#organization\"},\"potentialAction\":[{\"@type\":\"SearchAction\",\"target\":{\"@type\":\"EntryPoint\",\"urlTemplate\":\"https:\/\/www.suno.com.br\/noticias\/?s={search_term_string}\"},\"query-input\":{\"@type\":\"PropertyValueSpecification\",\"valueRequired\":true,\"valueName\":\"search_term_string\"}}],\"inLanguage\":\"pt-BR\"},{\"@type\":\"Organization\",\"@id\":\"https:\/\/www.suno.com.br\/noticias\/#organization\",\"name\":\"Suno Not\u00edcias\",\"url\":\"https:\/\/www.suno.com.br\/noticias\/\",\"logo\":{\"@type\":\"ImageObject\",\"inLanguage\":\"pt-BR\",\"@id\":\"https:\/\/www.suno.com.br\/noticias\/#\/schema\/logo\/image\/\",\"url\":\"https:\/\/files.sunoresearch.com.br\/n\/uploads\/2021\/09\/suno-logo.png\",\"contentUrl\":\"https:\/\/files.sunoresearch.com.br\/n\/uploads\/2021\/09\/suno-logo.png\",\"width\":180,\"height\":180,\"caption\":\"Suno Not\u00edcias\"},\"image\":{\"@id\":\"https:\/\/www.suno.com.br\/noticias\/#\/schema\/logo\/image\/\"},\"sameAs\":[\"https:\/\/facebook.com\/sunoresearch\",\"https:\/\/x.com\/sunoresearch\",\"https:\/\/www.instagram.com\/suno\",\"https:\/\/www.linkedin.com\/company\/suno-research\/\",\"https:\/\/www.youtube.com\/c\/sunoresearch\"]},{\"@type\":\"Person\",\"@id\":\"https:\/\/www.suno.com.br\/noticias\/#\/schema\/person\/06f0d962a6b1c54852e4860f16935600\",\"name\":\"Bruno Galv\u00e3o\",\"image\":{\"@type\":\"ImageObject\",\"inLanguage\":\"pt-BR\",\"@id\":\"https:\/\/www.suno.com.br\/noticias\/#\/schema\/person\/image\/\",\"url\":\"https:\/\/secure.gravatar.com\/avatar\/53598df0b41c00f12f287a912d0e918e?s=96&r=g\",\"contentUrl\":\"https:\/\/secure.gravatar.com\/avatar\/53598df0b41c00f12f287a912d0e918e?s=96&r=g\",\"caption\":\"Bruno Galv\u00e3o\"},\"description\":\"Escreve para o portal Suno Not\u00edcias. \u00c9 estudante de Jornalismo pela Faculdade C\u00e1sper L\u00edbero e Letras pela USP. Entusiasta de tecnologia e intelig\u00eancia artificial.\",\"url\":\"https:\/\/www.suno.com.br\/noticias\/author\/bruno-garcia\/\"}]}<\/script>\n<!-- \/ Yoast SEO plugin. -->","yoast_head_json":{"title":"Brasil anuncia redu\u00e7\u00e3o de 10% no Imposto de Importa\u00e7\u00e3o","description":"Contrariando o Mercosul, os Minist\u00e9rios da Economia e Rela\u00e7\u00f5es Exteriores anunciaram nesta sexta a redu\u00e7\u00e3o de 10% em al\u00edquotas...Saiba mais","robots":{"index":"index","follow":"follow","max-snippet":"max-snippet:-1","max-image-preview":"max-image-preview:large","max-video-preview":"max-video-preview:-1"},"canonical":"https:\/\/www.suno.com.br\/noticias\/contrariando-mercosul-brasil-reducao-impostos-importacao\/","og_locale":"pt_BR","og_type":"article","og_title":"Brasil anuncia redu\u00e7\u00e3o de 10% no Imposto de Importa\u00e7\u00e3o","og_description":"Contrariando o Mercosul, os Minist\u00e9rios da Economia e Rela\u00e7\u00f5es Exteriores anunciaram nesta sexta a redu\u00e7\u00e3o de 10% em al\u00edquotas...Saiba mais","og_url":"https:\/\/www.suno.com.br\/noticias\/contrariando-mercosul-brasil-reducao-impostos-importacao\/","og_site_name":"Suno Not\u00edcias","article_publisher":"https:\/\/facebook.com\/sunoresearch","og_image":[{"width":779,"height":513,"url":"https:\/\/files.sunoresearch.com.br\/n\/uploads\/2019\/10\/c7cb55f3-mercosul.jpg","type":"image\/jpeg"}],"author":"Bruno Galv\u00e3o","twitter_card":"summary_large_image","twitter_creator":"@sunoresearch","twitter_site":"@sunoresearch","twitter_misc":{"Escrito por":"Bruno Galv\u00e3o","Est. tempo de leitura":"2 minutos"},"schema":{"@context":"https:\/\/schema.org","@graph":[{"@type":"NewsArticle","@id":"https:\/\/www.suno.com.br\/noticias\/contrariando-mercosul-brasil-reducao-impostos-importacao\/#article","isPartOf":{"@id":"https:\/\/www.suno.com.br\/noticias\/contrariando-mercosul-brasil-reducao-impostos-importacao\/"},"author":{"name":"Bruno Galv\u00e3o","@id":"https:\/\/www.suno.com.br\/noticias\/#\/schema\/person\/06f0d962a6b1c54852e4860f16935600"},"headline":"Brasil anuncia redu\u00e7\u00e3o de 10% no Imposto de Importa\u00e7\u00e3o","datePublished":"2021-11-06T00:41:12+00:00","mainEntityOfPage":{"@id":"https:\/\/www.suno.com.br\/noticias\/contrariando-mercosul-brasil-reducao-impostos-importacao\/"},"wordCount":512,"publisher":{"@id":"https:\/\/www.suno.com.br\/noticias\/#organization"},"image":{"@id":"https:\/\/www.suno.com.br\/noticias\/contrariando-mercosul-brasil-reducao-impostos-importacao\/#primaryimage"},"thumbnailUrl":"https:\/\/files.sunoresearch.com.br\/n\/uploads\/2019\/10\/c7cb55f3-mercosul-jpg.webp","keywords":["importa\u00e7\u00f5es","impostos","Mercosul","Paulo Guedes"],"articleSection":["Economia","Neg\u00f3cios"],"inLanguage":"pt-BR"},{"@type":"WebPage","@id":"https:\/\/www.suno.com.br\/noticias\/contrariando-mercosul-brasil-reducao-impostos-importacao\/","url":"https:\/\/www.suno.com.br\/noticias\/contrariando-mercosul-brasil-reducao-impostos-importacao\/","name":"Brasil anuncia redu\u00e7\u00e3o de 10% no Imposto de Importa\u00e7\u00e3o","isPartOf":{"@id":"https:\/\/www.suno.com.br\/noticias\/#website"},"primaryImageOfPage":{"@id":"https:\/\/www.suno.com.br\/noticias\/contrariando-mercosul-brasil-reducao-impostos-importacao\/#primaryimage"},"image":{"@id":"https:\/\/www.suno.com.br\/noticias\/contrariando-mercosul-brasil-reducao-impostos-importacao\/#primaryimage"},"thumbnailUrl":"https:\/\/files.sunoresearch.com.br\/n\/uploads\/2019\/10\/c7cb55f3-mercosul-jpg.webp","datePublished":"2021-11-06T00:41:12+00:00","description":"Contrariando o Mercosul, os Minist\u00e9rios da Economia e Rela\u00e7\u00f5es Exteriores anunciaram nesta sexta a redu\u00e7\u00e3o de 10% em al\u00edquotas...Saiba mais","breadcrumb":{"@id":"https:\/\/www.suno.com.br\/noticias\/contrariando-mercosul-brasil-reducao-impostos-importacao\/#breadcrumb"},"inLanguage":"pt-BR","potentialAction":[{"@type":"ReadAction","target":["https:\/\/www.suno.com.br\/noticias\/contrariando-mercosul-brasil-reducao-impostos-importacao\/"]}]},{"@type":"ImageObject","inLanguage":"pt-BR","@id":"https:\/\/www.suno.com.br\/noticias\/contrariando-mercosul-brasil-reducao-impostos-importacao\/#primaryimage","url":"https:\/\/files.sunoresearch.com.br\/n\/uploads\/2019\/10\/c7cb55f3-mercosul-jpg.webp","contentUrl":"https:\/\/files.sunoresearch.com.br\/n\/uploads\/2019\/10\/c7cb55f3-mercosul-jpg.webp","width":779,"height":513,"caption":"Mercosul. Foto: divulga\u00e7\u00e3o"},{"@type":"BreadcrumbList","@id":"https:\/\/www.suno.com.br\/noticias\/contrariando-mercosul-brasil-reducao-impostos-importacao\/#breadcrumb","itemListElement":[{"@type":"ListItem","position":1,"name":"Not\u00edcias","item":"https:\/\/www.suno.com.br\/noticias\/"},{"@type":"ListItem","position":2,"name":"Neg\u00f3cios","item":"https:\/\/www.suno.com.br\/noticias\/negocios\/"},{"@type":"ListItem","position":3,"name":"Brasil anuncia redu\u00e7\u00e3o de 10% no Imposto de Importa\u00e7\u00e3o"}]},{"@type":"WebSite","@id":"https:\/\/www.suno.com.br\/noticias\/#website","url":"https:\/\/www.suno.com.br\/noticias\/","name":"Suno Not\u00edcias","description":"Seu portal de informa\u00e7\u00e3o sobre o mundo dos investimentos","publisher":{"@id":"https:\/\/www.suno.com.br\/noticias\/#organization"},"potentialAction":[{"@type":"SearchAction","target":{"@type":"EntryPoint","urlTemplate":"https:\/\/www.suno.com.br\/noticias\/?s={search_term_string}"},"query-input":{"@type":"PropertyValueSpecification","valueRequired":true,"valueName":"search_term_string"}}],"inLanguage":"pt-BR"},{"@type":"Organization","@id":"https:\/\/www.suno.com.br\/noticias\/#organization","name":"Suno Not\u00edcias","url":"https:\/\/www.suno.com.br\/noticias\/","logo":{"@type":"ImageObject","inLanguage":"pt-BR","@id":"https:\/\/www.suno.com.br\/noticias\/#\/schema\/logo\/image\/","url":"https:\/\/files.sunoresearch.com.br\/n\/uploads\/2021\/09\/suno-logo.png","contentUrl":"https:\/\/files.sunoresearch.com.br\/n\/uploads\/2021\/09\/suno-logo.png","width":180,"height":180,"caption":"Suno Not\u00edcias"},"image":{"@id":"https:\/\/www.suno.com.br\/noticias\/#\/schema\/logo\/image\/"},"sameAs":["https:\/\/facebook.com\/sunoresearch","https:\/\/x.com\/sunoresearch","https:\/\/www.instagram.com\/suno","https:\/\/www.linkedin.com\/company\/suno-research\/","https:\/\/www.youtube.com\/c\/sunoresearch"]},{"@type":"Person","@id":"https:\/\/www.suno.com.br\/noticias\/#\/schema\/person\/06f0d962a6b1c54852e4860f16935600","name":"Bruno Galv\u00e3o","image":{"@type":"ImageObject","inLanguage":"pt-BR","@id":"https:\/\/www.suno.com.br\/noticias\/#\/schema\/person\/image\/","url":"https:\/\/secure.gravatar.com\/avatar\/53598df0b41c00f12f287a912d0e918e?s=96&r=g","contentUrl":"https:\/\/secure.gravatar.com\/avatar\/53598df0b41c00f12f287a912d0e918e?s=96&r=g","caption":"Bruno Galv\u00e3o"},"description":"Escreve para o portal Suno Not\u00edcias. \u00c9 estudante de Jornalismo pela Faculdade C\u00e1sper L\u00edbero e Letras pela USP. Entusiasta de tecnologia e intelig\u00eancia artificial.","url":"https:\/\/www.suno.com.br\/noticias\/author\/bruno-garcia\/"}]}},"default_loop_html":"<div class=\"cardsPage__listCard__boxs\"><div class=\"cardsPage__listCard__boxs__img\"><a href=\"https:\/\/www.suno.com.br\/noticias\/contrariando-mercosul-brasil-reducao-impostos-importacao\/\"><img class=\"mask\" src=\"https:\/\/www.suno.com.br\/noticias\/wp-content\/themes\/suno\/resources\/images\/spotlight\/spotlight1img\/bg-mask.png\" alt=\"Image Mask\"\/><img src=\"https:\/\/files.sunoresearch.com.br\/n\/uploads\/2019\/10\/c7cb55f3-mercosul-400x200.webp\" alt=\"Brasil anuncia redu\u00e7\u00e3o de 10% no Imposto de Importa\u00e7\u00e3o\"\/><\/a><span class=\"spotlightCategory\"><a href=\"https:\/\/www.suno.com.br\/noticias\/economia\/\">Economia<\/a><\/span><\/div><div class=\"cardsPage__listCard__boxs__content\"><a href=\"https:\/\/www.suno.com.br\/noticias\/contrariando-mercosul-brasil-reducao-impostos-importacao\/\"><h2 class=\"content__title\">Brasil anuncia redu\u00e7\u00e3o de 10% no Imposto de Importa\u00e7\u00e3o<\/h2><\/a><div class=\"newsContent__article__meta\"><div class=\"newsContent__article__meta__authorBox\"><a href=\"https:\/\/www.suno.com.br\/noticias\/author\/bruno-garcia\/\" class=\"authorBox__avatar noMobi\"><img src=\"https:\/\/secure.gravatar.com\/avatar\/53598df0b41c00f12f287a912d0e918e?s=96&#038;r=g\" alt=\"Bruno Galv\u00e3o\"><\/a><div class=\"authorBox__name\"><span>por\n\t\t\t<a href=\"https:\/\/www.suno.com.br\/noticias\/author\/bruno-garcia\/\"><span itemprop=\"author\">Bruno Galv\u00e3o<\/span><\/a><\/span><time datetime=\"2021-11-05T21:41:12-03:00\" itemprop=\"datePublished\">05\/11\/2021 21:41<\/time><\/div><\/div><\/div><\/div><\/div>","single_layout":"posts","amp_enabled":true,"_links":{"self":[{"href":"https:\/\/www.suno.com.br\/noticias\/wp-json\/wp\/v2\/posts\/201791"}],"collection":[{"href":"https:\/\/www.suno.com.br\/noticias\/wp-json\/wp\/v2\/posts"}],"about":[{"href":"https:\/\/www.suno.com.br\/noticias\/wp-json\/wp\/v2\/types\/post"}],"author":[{"embeddable":true,"href":"https:\/\/www.suno.com.br\/noticias\/wp-json\/wp\/v2\/users\/118"}],"replies":[{"embeddable":true,"href":"https:\/\/www.suno.com.br\/noticias\/wp-json\/wp\/v2\/comments?post=201791"}],"version-history":[{"count":4,"href":"https:\/\/www.suno.com.br\/noticias\/wp-json\/wp\/v2\/posts\/201791\/revisions"}],"predecessor-version":[{"id":202116,"href":"https:\/\/www.suno.com.br\/noticias\/wp-json\/wp\/v2\/posts\/201791\/revisions\/202116"}],"wp:featuredmedia":[{"embeddable":true,"href":"https:\/\/www.suno.com.br\/noticias\/wp-json\/wp\/v2\/media\/42054"}],"wp:attachment":[{"href":"https:\/\/www.suno.com.br\/noticias\/wp-json\/wp\/v2\/media?parent=201791"}],"wp:term":[{"taxonomy":"category","embeddable":true,"href":"https:\/\/www.suno.com.br\/noticias\/wp-json\/wp\/v2\/categories?post=201791"},{"taxonomy":"post_tag","embeddable":true,"href":"https:\/\/www.suno.com.br\/noticias\/wp-json\/wp\/v2\/tags?post=201791"},{"taxonomy":"suno_strategy","embeddable":true,"href":"https:\/\/www.suno.com.br\/noticias\/wp-json\/wp\/v2\/suno_strategy?post=201791"}],"curies":[{"name":"wp","href":"https:\/\/api.w.org\/{rel}","templated":true}]}}