{"id":201657,"date":"2021-11-05T09:58:13","date_gmt":"2021-11-05T12:58:13","guid":{"rendered":"https:\/\/www.suno.com.br\/noticias\/?p=201657"},"modified":"2021-11-05T09:58:13","modified_gmt":"2021-11-05T12:58:13","slug":"grendene-grnd3-3g-lemann-aumenta-participacao","status":"publish","type":"post","link":"https:\/\/www.suno.com.br\/noticias\/grendene-grnd3-3g-lemann-aumenta-participacao\/","title":{"rendered":"Grendene (GRND3): Gestora 3G Radar, de Lemann, aumenta participa\u00e7\u00e3o para 20%"},"content":{"rendered":"<p>A <a href=\"https:\/\/www.suno.com.br\/acoes\/grnd3\"><strong>Grendene<\/strong> (GRND3)<\/a> recebeu uma carta da 3G Radar que informa o aumento da sua participa\u00e7\u00e3o no capital social da companhia. A 3G \u00e9 uma gestora de investimentos formada pelo trio Jorge Paulo Lemann, Carlos Alberto Sicupira e Marcel Telles.<\/p>\t<div class=\"wrapper-featured-image\">\n\t\t<figure class=\"spotlightImg\">\n\n\t\t\t<picture>\n\t\t\t\t<source media=\"(max-width: 768px)\" srcset=\"https:\/\/files.sunoresearch.com.br\/n\/uploads\/2021\/04\/e5400192-339200_560201740674947_1115451138_o-1-400x200.webp\">\n\t\t\t\t<img loading=\"lazy\" decoding=\"async\" class=\"newsContent__article__imgCapa lazyloadDisabled \" src=\"https:\/\/files.sunoresearch.com.br\/n\/uploads\/2021\/04\/e5400192-339200_560201740674947_1115451138_o-1-800x450.webp\" width=\"800\" height=\"450\" alt=\"Grendene (GRND3): Gestora 3G Radar, de Lemann, aumenta participa\u00e7\u00e3o para 20%\" fetchpriority=high \/>\n\t\t\t<\/picture>\n\n\t\t\t<figcaption class=\"wp-caption-text wp-caption-text--show\">Grendene, com sede no Cear\u00e1, atua no segmento de cal\u00e7ados - Foto: Reprodu\u00e7\u00e3o Facebook<\/figcaption>\n\t\t<\/figure>\n\t<\/div>\n\n\n\t<p>\n\t\t<a href=\"https:\/\/lp.suno.com.br\/planilha-controle-gastos\/\" target=\"_blank\" data-element=\"shortcode-suno-banner\" title=\"Banner SUNO, clique e saiba mais\">\n\t\t\t<picture>\n\t\t\t\t<source media=\"(max-width: 500px)\" srcset=\"https:\/\/files.sunoresearch.com.br\/n\/uploads\/2023\/03\/400x300-Planilha-controle-de-gastos.png\">\n\t\t\t\t<img class=\"newsContent__article__imgCapa newsContent__article__imgCapa--banner\"\n\t\t\t\t\tsrc=\"https:\/\/files.sunoresearch.com.br\/n\/uploads\/2023\/03\/1420x240-Planilha-controle-de-gastos.png\"\n\t\t\t\t\tdata-promo-id=\"101751\"\t\t\t\t\t\t\t\t\t\twidth='1420' height='240'\t\t\t\t\talt=\"https:\/\/files.sunoresearch.com.br\/n\/uploads\/2023\/03\/1420x240-Planilha-controle-de-gastos.png\"\n\t\t\t\t>\n\t\t\t<\/picture>\n\t\t<\/a>\n\t<\/p>\n\n\n<p>No comunicado ao mercado, a Grendene informou que a participa\u00e7\u00e3o da <strong>3G<\/strong> passou a ser de 20,3%, saindo de um patamar pouco abaixo de 7%. De acordo com o <a href=\"https:\/\/www.suno.com.br\/artigos\/cvm\/\">fato relevante<\/a>, a gestora esclareceu que o aumento tem por objetivo o investimento na companhia, sem a inten\u00e7\u00e3o de alterar a sua composi\u00e7\u00e3o de controle ou estrutura administrativa.<\/p>\n\t<div data-element=\"shortcode-read-more\" class=\"knowMore\">\n\t\t\t\t<span class=\"knowMore__title\">Leia tamb\u00e9m<\/span>\n\t\t\t\t<a class=\"knowMore__link\" href=\"https:\/\/www.suno.com.br\/noticias\/americanas-amer3-lame3-lame4-controle\/\">\n\t\t\tAmericanas (AMER3): 3G deixar\u00e1 controle da empresa e imp\u00f5e poison pill\t\t<\/a>\n\t<\/div>\n\n\n<p>A participa\u00e7\u00e3o da 3G na Grendene se d\u00e1 por meio de 8% em <strong>a\u00e7\u00f5es<\/strong> ordin\u00e1rias da empresa, em conjunto com 12% de <a href=\"https:\/\/www.suno.com.br\/artigos\/derivativos\/\">Instrumentos derivativos<\/a> de liquida\u00e7\u00e3o f\u00edsica.<\/p>\n<p>Desta forma, o montante beira os 72 milh\u00f5es de a\u00e7\u00f5es ordin\u00e1rias e at\u00e9 108 milh\u00f5es em derivativos.<\/p>\n\t<p>\n\t\t<a href=\"https:\/\/lp.suno.com.br\/planilha-da-vida-financeira\/\" target=\"_blank\" data-element=\"shortcode-suno-banner\" title=\"Banner SUNO, clique e saiba mais\">\n\t\t\t<picture>\n\t\t\t\t<source media=\"(max-width: 500px)\" srcset=\"https:\/\/files.sunoresearch.com.br\/n\/uploads\/2023\/04\/400x300-Planilha-vida-financeira-true.png\">\n\t\t\t\t<img class=\"newsContent__article__imgCapa newsContent__article__imgCapa--banner\"\n\t\t\t\t\tsrc=\"https:\/\/files.sunoresearch.com.br\/n\/uploads\/2023\/04\/1420x240-Planilha-vida-financeira-true.png\"\n\t\t\t\t\tdata-promo-id=\"106682\"\t\t\t\t\t\t\t\t\t\twidth='1420' height='240'\t\t\t\t\talt=\"https:\/\/files.sunoresearch.com.br\/n\/uploads\/2023\/04\/1420x240-Planilha-vida-financeira-true.png\"\n\t\t\t\t>\n\t\t\t<\/picture>\n\t\t<\/a>\n\t<\/p>\n\n\n<h2>Al\u00e9m da Grendene, 3G movimenta as Americanas<\/h2>\n<p>Ainda nessa semana, movimentando o mercado, os\u00a0s\u00f3cios da <a class=\"suno-keyword\" href=\"https:\/\/www.suno.com.br\/artigos\/3g-capital\/\" target=\"_blank\" rel=\"noopener\" data-force=\"no\" data-priority=\"1\">3G capital<\/a> decidiram abrir m\u00e3o do controle societ\u00e1rio da <a href=\"https:\/\/www.suno.com.br\/acoes\/amer3\"><strong>Americanas<\/strong> (AMER3)<\/a>, atendendo \u00e0s demandas dos acionistas minorit\u00e1rios, que ansiavam por uma simplifica\u00e7\u00e3o da estrutura societ\u00e1ria.<\/p>\n\t<p>\n\t\t<a href=\"https:\/\/lp.suno.com.br\/ebook-como-analisar-uma-acao\/\" target=\"_blank\" data-element=\"shortcode-suno-banner\" title=\"Banner SUNO, clique e saiba mais\">\n\t\t\t<picture>\n\t\t\t\t<source media=\"(max-width: 500px)\" srcset=\"https:\/\/files.sunoresearch.com.br\/n\/uploads\/2023\/03\/Ebook-Acoes-Mobile-1.jpg\">\n\t\t\t\t<img class=\"newsContent__article__imgCapa newsContent__article__imgCapa--banner\"\n\t\t\t\t\tsrc=\"https:\/\/files.sunoresearch.com.br\/n\/uploads\/2023\/03\/Ebook-Acoes-Desktop-1.jpg\"\n\t\t\t\t\tdata-promo-id=\"171998\"\t\t\t\t\t\t\t\t\t\twidth='1420' height='286'\t\t\t\t\talt=\"https:\/\/files.sunoresearch.com.br\/n\/uploads\/2023\/03\/Ebook-Acoes-Desktop-1.jpg\"\n\t\t\t\t>\n\t\t\t<\/picture>\n\t\t<\/a>\n\t<\/p>\n\n\n<p>A mudan\u00e7a foi informada ao mercado ainda na quarta-feira (3) antes da <a class=\"suno-keyword\" href=\"https:\/\/www.suno.com.br\/artigos\/abertura-do-mercado\/\" target=\"_blank\" rel=\"noopener\" data-force=\"no\" data-priority=\"1\">abertura do mercado<\/a>, em documento de Reuni\u00e3o da Administra\u00e7\u00e3o feita na segunda (1\u00ba).<\/p>\n<p>A empresa afirma que a decis\u00e3o de diluir o comando da <strong>Americanas <\/strong>n\u00e3o ter\u00e1 pr\u00eamio. Com a unifica\u00e7\u00e3o, os pap\u00e9is dever\u00e3o ter mais liquidez e acabar com o &#8220;desconto&#8221; que a estrutura de holding impunha aos pap\u00e9is das <strong>Lojas Americanas<\/strong>.<\/p>\n<p>A proposta de unifica\u00e7\u00e3o das bases de acionistas das companhias ainda ser\u00e1 levada \u00e0s assembleias extraordin\u00e1rias das duas companhias no dia 10 de dezembro. O <a class=\"suno-keyword\" href=\"https:\/\/www.suno.com.br\/artigos\/conselho-administracao\/\" target=\"_blank\" rel=\"noopener\" data-force=\"no\" data-priority=\"1\"><strong>Conselho<\/strong> de Administra\u00e7\u00e3o<\/a> tem mandato at\u00e9 o ano de 2023.<\/p>\n<p>Al\u00e9m disso, os s\u00f3cios da 3G, que tamb\u00e9m aumentaram a participa\u00e7\u00e3o na <strong>Grendene<\/strong>, passar\u00e3o a deter uma fatia de 29,2% do capital social da companhia consolidada &#8211; redu\u00e7\u00e3o em rela\u00e7\u00e3o aos 38,2% atuais, com 60,8% das <a class=\"suno-keyword\" href=\"https:\/\/www.suno.com.br\/artigos\/o-que-sao-acoes-ordinarias-preferenciais-e-units\/\" target=\"_blank\" rel=\"noopener\" data-force=\"no\" data-priority=\"1\">a\u00e7\u00f5es ordin\u00e1rias.<\/a><\/p>\n\t<p>\n\t\t<a href=\"https:\/\/lp.suno.com.br\/planilha-de-controle-de-investimentos\/\" target=\"_blank\" data-element=\"shortcode-suno-banner\" title=\"Banner SUNO, clique e saiba mais\">\n\t\t\t<picture>\n\t\t\t\t<source media=\"(max-width: 500px)\" srcset=\"https:\/\/files.sunoresearch.com.br\/n\/uploads\/2023\/03\/400x300-Controle-de-Investimentos.png\">\n\t\t\t\t<img class=\"newsContent__article__imgCapa newsContent__article__imgCapa--banner\"\n\t\t\t\t\tsrc=\"https:\/\/files.sunoresearch.com.br\/n\/uploads\/2023\/03\/1420x240-Controle-de-Investimentos.png\"\n\t\t\t\t\tdata-promo-id=\"75934\"\t\t\t\t\t\t\t\t\t\twidth='1420' height='240'\t\t\t\t\talt=\"https:\/\/files.sunoresearch.com.br\/n\/uploads\/2023\/03\/1420x240-Controle-de-Investimentos.png\"\n\t\t\t\t>\n\t\t\t<\/picture>\n\t\t<\/a>\n\t<\/p>\n\n\n","protected":false},"excerpt":{"rendered":"<p>A Grendene (GRND3) recebeu uma carta da 3G Radar que informa o aumento da sua participa\u00e7\u00e3o no capital social da companhia. A 3G \u00e9 uma gestora de investimentos formada pelo trio Jorge Paulo Lemann, Carlos Alberto Sicupira e Marcel Telles. Grendene, com sede no Cear\u00e1, atua no segmento de cal\u00e7ados &#8211; Foto: Reprodu\u00e7\u00e3o Facebook No [&hellip;]<\/p>\n","protected":false},"author":73,"featured_media":143553,"comment_status":"closed","ping_status":"closed","sticky":false,"template":"","format":"standard","meta":[],"categories":[64],"tags":[1190,493],"suno_strategy":[],"class_list":["post-201657","post","type-post","status-publish","format-standard","has-post-thumbnail","hentry","category-negocios","tag-3g-capital","tag-grendene-grnd3"],"yoast_head":"<!-- This site is optimized with the Yoast SEO plugin v24.4 - https:\/\/yoast.com\/wordpress\/plugins\/seo\/ -->\n<title>Grendene (GRND3): 3G Radar, de Lemann, aumenta participa\u00e7\u00e3o<\/title>\n<meta name=\"description\" content=\"Ap\u00f3s movimenta\u00e7\u00f5es recentes com a Americanas, 3G tamb\u00e9m aumenta sua exposi\u00e7\u00e3o \u00e0 Grendene. Clique aqui e leia mais.\" \/>\n<meta name=\"robots\" content=\"index, follow, max-snippet:-1, max-image-preview:large, max-video-preview:-1\" \/>\n<link rel=\"canonical\" href=\"https:\/\/www.suno.com.br\/noticias\/grendene-grnd3-3g-lemann-aumenta-participacao\/\" \/>\n<meta property=\"og:locale\" content=\"pt_BR\" \/>\n<meta property=\"og:type\" content=\"article\" \/>\n<meta property=\"og:title\" content=\"Grendene (GRND3): 3G Radar, de Lemann, aumenta participa\u00e7\u00e3o\" \/>\n<meta property=\"og:description\" content=\"Ap\u00f3s movimenta\u00e7\u00f5es recentes com a Americanas, 3G tamb\u00e9m aumenta sua exposi\u00e7\u00e3o \u00e0 Grendene. Clique aqui e leia mais.\" \/>\n<meta property=\"og:url\" content=\"https:\/\/www.suno.com.br\/noticias\/grendene-grnd3-3g-lemann-aumenta-participacao\/\" \/>\n<meta property=\"og:site_name\" content=\"Suno Not\u00edcias\" \/>\n<meta property=\"article:publisher\" content=\"https:\/\/facebook.com\/sunoresearch\" \/>\n<meta property=\"og:image\" content=\"https:\/\/files.sunoresearch.com.br\/n\/uploads\/2021\/04\/e5400192-339200_560201740674947_1115451138_o-1.jpg\" \/>\n\t<meta property=\"og:image:width\" content=\"1200\" \/>\n\t<meta property=\"og:image:height\" content=\"600\" \/>\n\t<meta property=\"og:image:type\" content=\"image\/jpeg\" \/>\n<meta name=\"author\" content=\"Eduardo Vargas\" \/>\n<meta name=\"twitter:card\" content=\"summary_large_image\" \/>\n<meta name=\"twitter:creator\" content=\"@sunoresearch\" \/>\n<meta name=\"twitter:site\" content=\"@sunoresearch\" \/>\n<meta name=\"twitter:label1\" content=\"Escrito por\" \/>\n\t<meta name=\"twitter:data1\" content=\"Eduardo Vargas\" \/>\n\t<meta name=\"twitter:label2\" content=\"Est. tempo de leitura\" \/>\n\t<meta name=\"twitter:data2\" content=\"2 minutos\" \/>\n<script type=\"application\/ld+json\" class=\"yoast-schema-graph\">{\"@context\":\"https:\/\/schema.org\",\"@graph\":[{\"@type\":\"NewsArticle\",\"@id\":\"https:\/\/www.suno.com.br\/noticias\/grendene-grnd3-3g-lemann-aumenta-participacao\/#article\",\"isPartOf\":{\"@id\":\"https:\/\/www.suno.com.br\/noticias\/grendene-grnd3-3g-lemann-aumenta-participacao\/\"},\"author\":{\"name\":\"Eduardo Vargas\",\"@id\":\"https:\/\/www.suno.com.br\/noticias\/#\/schema\/person\/7f4d362bf3518e76090143ae77bb49a5\"},\"headline\":\"Grendene (GRND3): Gestora 3G Radar, de Lemann, aumenta participa\u00e7\u00e3o para 20%\",\"datePublished\":\"2021-11-05T12:58:13+00:00\",\"mainEntityOfPage\":{\"@id\":\"https:\/\/www.suno.com.br\/noticias\/grendene-grnd3-3g-lemann-aumenta-participacao\/\"},\"wordCount\":379,\"publisher\":{\"@id\":\"https:\/\/www.suno.com.br\/noticias\/#organization\"},\"image\":{\"@id\":\"https:\/\/www.suno.com.br\/noticias\/grendene-grnd3-3g-lemann-aumenta-participacao\/#primaryimage\"},\"thumbnailUrl\":\"https:\/\/files.sunoresearch.com.br\/n\/uploads\/2021\/04\/e5400192-339200_560201740674947_1115451138_o-1-jpg.webp\",\"keywords\":[\"3G Capital\",\"Grendene (GRND3)\"],\"articleSection\":[\"Neg\u00f3cios\"],\"inLanguage\":\"pt-BR\"},{\"@type\":\"WebPage\",\"@id\":\"https:\/\/www.suno.com.br\/noticias\/grendene-grnd3-3g-lemann-aumenta-participacao\/\",\"url\":\"https:\/\/www.suno.com.br\/noticias\/grendene-grnd3-3g-lemann-aumenta-participacao\/\",\"name\":\"Grendene (GRND3): 3G Radar, de Lemann, aumenta participa\u00e7\u00e3o\",\"isPartOf\":{\"@id\":\"https:\/\/www.suno.com.br\/noticias\/#website\"},\"primaryImageOfPage\":{\"@id\":\"https:\/\/www.suno.com.br\/noticias\/grendene-grnd3-3g-lemann-aumenta-participacao\/#primaryimage\"},\"image\":{\"@id\":\"https:\/\/www.suno.com.br\/noticias\/grendene-grnd3-3g-lemann-aumenta-participacao\/#primaryimage\"},\"thumbnailUrl\":\"https:\/\/files.sunoresearch.com.br\/n\/uploads\/2021\/04\/e5400192-339200_560201740674947_1115451138_o-1-jpg.webp\",\"datePublished\":\"2021-11-05T12:58:13+00:00\",\"description\":\"Ap\u00f3s movimenta\u00e7\u00f5es recentes com a Americanas, 3G tamb\u00e9m aumenta sua exposi\u00e7\u00e3o \u00e0 Grendene. Clique aqui e leia mais.\",\"breadcrumb\":{\"@id\":\"https:\/\/www.suno.com.br\/noticias\/grendene-grnd3-3g-lemann-aumenta-participacao\/#breadcrumb\"},\"inLanguage\":\"pt-BR\",\"potentialAction\":[{\"@type\":\"ReadAction\",\"target\":[\"https:\/\/www.suno.com.br\/noticias\/grendene-grnd3-3g-lemann-aumenta-participacao\/\"]}]},{\"@type\":\"ImageObject\",\"inLanguage\":\"pt-BR\",\"@id\":\"https:\/\/www.suno.com.br\/noticias\/grendene-grnd3-3g-lemann-aumenta-participacao\/#primaryimage\",\"url\":\"https:\/\/files.sunoresearch.com.br\/n\/uploads\/2021\/04\/e5400192-339200_560201740674947_1115451138_o-1-jpg.webp\",\"contentUrl\":\"https:\/\/files.sunoresearch.com.br\/n\/uploads\/2021\/04\/e5400192-339200_560201740674947_1115451138_o-1-jpg.webp\",\"width\":1200,\"height\":600,\"caption\":\"Grendene, com sede no Cear\u00e1, atua no segmento de cal\u00e7ados - Foto: Reprodu\u00e7\u00e3o Facebook\"},{\"@type\":\"BreadcrumbList\",\"@id\":\"https:\/\/www.suno.com.br\/noticias\/grendene-grnd3-3g-lemann-aumenta-participacao\/#breadcrumb\",\"itemListElement\":[{\"@type\":\"ListItem\",\"position\":1,\"name\":\"Not\u00edcias\",\"item\":\"https:\/\/www.suno.com.br\/noticias\/\"},{\"@type\":\"ListItem\",\"position\":2,\"name\":\"Neg\u00f3cios\",\"item\":\"https:\/\/www.suno.com.br\/noticias\/negocios\/\"},{\"@type\":\"ListItem\",\"position\":3,\"name\":\"Grendene (GRND3): Gestora 3G Radar, de Lemann, aumenta participa\u00e7\u00e3o para 20%\"}]},{\"@type\":\"WebSite\",\"@id\":\"https:\/\/www.suno.com.br\/noticias\/#website\",\"url\":\"https:\/\/www.suno.com.br\/noticias\/\",\"name\":\"Suno Not\u00edcias\",\"description\":\"Seu portal de informa\u00e7\u00e3o sobre o mundo dos investimentos\",\"publisher\":{\"@id\":\"https:\/\/www.suno.com.br\/noticias\/#organization\"},\"potentialAction\":[{\"@type\":\"SearchAction\",\"target\":{\"@type\":\"EntryPoint\",\"urlTemplate\":\"https:\/\/www.suno.com.br\/noticias\/?s={search_term_string}\"},\"query-input\":{\"@type\":\"PropertyValueSpecification\",\"valueRequired\":true,\"valueName\":\"search_term_string\"}}],\"inLanguage\":\"pt-BR\"},{\"@type\":\"Organization\",\"@id\":\"https:\/\/www.suno.com.br\/noticias\/#organization\",\"name\":\"Suno Not\u00edcias\",\"url\":\"https:\/\/www.suno.com.br\/noticias\/\",\"logo\":{\"@type\":\"ImageObject\",\"inLanguage\":\"pt-BR\",\"@id\":\"https:\/\/www.suno.com.br\/noticias\/#\/schema\/logo\/image\/\",\"url\":\"https:\/\/files.sunoresearch.com.br\/n\/uploads\/2021\/09\/suno-logo.png\",\"contentUrl\":\"https:\/\/files.sunoresearch.com.br\/n\/uploads\/2021\/09\/suno-logo.png\",\"width\":180,\"height\":180,\"caption\":\"Suno Not\u00edcias\"},\"image\":{\"@id\":\"https:\/\/www.suno.com.br\/noticias\/#\/schema\/logo\/image\/\"},\"sameAs\":[\"https:\/\/facebook.com\/sunoresearch\",\"https:\/\/x.com\/sunoresearch\",\"https:\/\/www.instagram.com\/suno\",\"https:\/\/www.linkedin.com\/company\/suno-research\/\",\"https:\/\/www.youtube.com\/c\/sunoresearch\"]},{\"@type\":\"Person\",\"@id\":\"https:\/\/www.suno.com.br\/noticias\/#\/schema\/person\/7f4d362bf3518e76090143ae77bb49a5\",\"name\":\"Eduardo Vargas\",\"image\":{\"@type\":\"ImageObject\",\"inLanguage\":\"pt-BR\",\"@id\":\"https:\/\/www.suno.com.br\/noticias\/#\/schema\/person\/image\/\",\"url\":\"https:\/\/secure.gravatar.com\/avatar\/dac340933427a22924c9f99d1eb2e3f2?s=96&r=g\",\"contentUrl\":\"https:\/\/secure.gravatar.com\/avatar\/dac340933427a22924c9f99d1eb2e3f2?s=96&r=g\",\"caption\":\"Eduardo Vargas\"},\"description\":\"Jornalista formado pela UFSC, cobre macroeconomia, neg\u00f3cios e startups para o Suno Not\u00edcias, escrevendo principalmente not\u00edcias sobre o mercado financeiro e a bolsa de valores. No YouTube e no Instagram, \u00e9 respons\u00e1vel pela produ\u00e7\u00e3o de Reels e Shorts do Suno Not\u00edcias. Anteriormente, trabalhou cobrindo economia e cotidiano no ND+ e para o ND, maior jornal impresso de Santa Catarina. Cursou um semestre letivo de Estudos de M\u00eddia na Universidad de Buenos Aires.\",\"url\":\"https:\/\/www.suno.com.br\/noticias\/author\/eduardo-vargas\/\"}]}<\/script>\n<!-- \/ Yoast SEO plugin. -->","yoast_head_json":{"title":"Grendene (GRND3): 3G Radar, de Lemann, aumenta participa\u00e7\u00e3o","description":"Ap\u00f3s movimenta\u00e7\u00f5es recentes com a Americanas, 3G tamb\u00e9m aumenta sua exposi\u00e7\u00e3o \u00e0 Grendene. Clique aqui e leia mais.","robots":{"index":"index","follow":"follow","max-snippet":"max-snippet:-1","max-image-preview":"max-image-preview:large","max-video-preview":"max-video-preview:-1"},"canonical":"https:\/\/www.suno.com.br\/noticias\/grendene-grnd3-3g-lemann-aumenta-participacao\/","og_locale":"pt_BR","og_type":"article","og_title":"Grendene (GRND3): 3G Radar, de Lemann, aumenta participa\u00e7\u00e3o","og_description":"Ap\u00f3s movimenta\u00e7\u00f5es recentes com a Americanas, 3G tamb\u00e9m aumenta sua exposi\u00e7\u00e3o \u00e0 Grendene. Clique aqui e leia mais.","og_url":"https:\/\/www.suno.com.br\/noticias\/grendene-grnd3-3g-lemann-aumenta-participacao\/","og_site_name":"Suno Not\u00edcias","article_publisher":"https:\/\/facebook.com\/sunoresearch","og_image":[{"width":1200,"height":600,"url":"https:\/\/files.sunoresearch.com.br\/n\/uploads\/2021\/04\/e5400192-339200_560201740674947_1115451138_o-1.jpg","type":"image\/jpeg"}],"author":"Eduardo Vargas","twitter_card":"summary_large_image","twitter_creator":"@sunoresearch","twitter_site":"@sunoresearch","twitter_misc":{"Escrito por":"Eduardo Vargas","Est. tempo de leitura":"2 minutos"},"schema":{"@context":"https:\/\/schema.org","@graph":[{"@type":"NewsArticle","@id":"https:\/\/www.suno.com.br\/noticias\/grendene-grnd3-3g-lemann-aumenta-participacao\/#article","isPartOf":{"@id":"https:\/\/www.suno.com.br\/noticias\/grendene-grnd3-3g-lemann-aumenta-participacao\/"},"author":{"name":"Eduardo Vargas","@id":"https:\/\/www.suno.com.br\/noticias\/#\/schema\/person\/7f4d362bf3518e76090143ae77bb49a5"},"headline":"Grendene (GRND3): Gestora 3G Radar, de Lemann, aumenta participa\u00e7\u00e3o para 20%","datePublished":"2021-11-05T12:58:13+00:00","mainEntityOfPage":{"@id":"https:\/\/www.suno.com.br\/noticias\/grendene-grnd3-3g-lemann-aumenta-participacao\/"},"wordCount":379,"publisher":{"@id":"https:\/\/www.suno.com.br\/noticias\/#organization"},"image":{"@id":"https:\/\/www.suno.com.br\/noticias\/grendene-grnd3-3g-lemann-aumenta-participacao\/#primaryimage"},"thumbnailUrl":"https:\/\/files.sunoresearch.com.br\/n\/uploads\/2021\/04\/e5400192-339200_560201740674947_1115451138_o-1-jpg.webp","keywords":["3G Capital","Grendene (GRND3)"],"articleSection":["Neg\u00f3cios"],"inLanguage":"pt-BR"},{"@type":"WebPage","@id":"https:\/\/www.suno.com.br\/noticias\/grendene-grnd3-3g-lemann-aumenta-participacao\/","url":"https:\/\/www.suno.com.br\/noticias\/grendene-grnd3-3g-lemann-aumenta-participacao\/","name":"Grendene (GRND3): 3G Radar, de Lemann, aumenta participa\u00e7\u00e3o","isPartOf":{"@id":"https:\/\/www.suno.com.br\/noticias\/#website"},"primaryImageOfPage":{"@id":"https:\/\/www.suno.com.br\/noticias\/grendene-grnd3-3g-lemann-aumenta-participacao\/#primaryimage"},"image":{"@id":"https:\/\/www.suno.com.br\/noticias\/grendene-grnd3-3g-lemann-aumenta-participacao\/#primaryimage"},"thumbnailUrl":"https:\/\/files.sunoresearch.com.br\/n\/uploads\/2021\/04\/e5400192-339200_560201740674947_1115451138_o-1-jpg.webp","datePublished":"2021-11-05T12:58:13+00:00","description":"Ap\u00f3s movimenta\u00e7\u00f5es recentes com a Americanas, 3G tamb\u00e9m aumenta sua exposi\u00e7\u00e3o \u00e0 Grendene. Clique aqui e leia mais.","breadcrumb":{"@id":"https:\/\/www.suno.com.br\/noticias\/grendene-grnd3-3g-lemann-aumenta-participacao\/#breadcrumb"},"inLanguage":"pt-BR","potentialAction":[{"@type":"ReadAction","target":["https:\/\/www.suno.com.br\/noticias\/grendene-grnd3-3g-lemann-aumenta-participacao\/"]}]},{"@type":"ImageObject","inLanguage":"pt-BR","@id":"https:\/\/www.suno.com.br\/noticias\/grendene-grnd3-3g-lemann-aumenta-participacao\/#primaryimage","url":"https:\/\/files.sunoresearch.com.br\/n\/uploads\/2021\/04\/e5400192-339200_560201740674947_1115451138_o-1-jpg.webp","contentUrl":"https:\/\/files.sunoresearch.com.br\/n\/uploads\/2021\/04\/e5400192-339200_560201740674947_1115451138_o-1-jpg.webp","width":1200,"height":600,"caption":"Grendene, com sede no Cear\u00e1, atua no segmento de cal\u00e7ados - Foto: Reprodu\u00e7\u00e3o Facebook"},{"@type":"BreadcrumbList","@id":"https:\/\/www.suno.com.br\/noticias\/grendene-grnd3-3g-lemann-aumenta-participacao\/#breadcrumb","itemListElement":[{"@type":"ListItem","position":1,"name":"Not\u00edcias","item":"https:\/\/www.suno.com.br\/noticias\/"},{"@type":"ListItem","position":2,"name":"Neg\u00f3cios","item":"https:\/\/www.suno.com.br\/noticias\/negocios\/"},{"@type":"ListItem","position":3,"name":"Grendene (GRND3): Gestora 3G Radar, de Lemann, aumenta participa\u00e7\u00e3o para 20%"}]},{"@type":"WebSite","@id":"https:\/\/www.suno.com.br\/noticias\/#website","url":"https:\/\/www.suno.com.br\/noticias\/","name":"Suno Not\u00edcias","description":"Seu portal de informa\u00e7\u00e3o sobre o mundo dos investimentos","publisher":{"@id":"https:\/\/www.suno.com.br\/noticias\/#organization"},"potentialAction":[{"@type":"SearchAction","target":{"@type":"EntryPoint","urlTemplate":"https:\/\/www.suno.com.br\/noticias\/?s={search_term_string}"},"query-input":{"@type":"PropertyValueSpecification","valueRequired":true,"valueName":"search_term_string"}}],"inLanguage":"pt-BR"},{"@type":"Organization","@id":"https:\/\/www.suno.com.br\/noticias\/#organization","name":"Suno Not\u00edcias","url":"https:\/\/www.suno.com.br\/noticias\/","logo":{"@type":"ImageObject","inLanguage":"pt-BR","@id":"https:\/\/www.suno.com.br\/noticias\/#\/schema\/logo\/image\/","url":"https:\/\/files.sunoresearch.com.br\/n\/uploads\/2021\/09\/suno-logo.png","contentUrl":"https:\/\/files.sunoresearch.com.br\/n\/uploads\/2021\/09\/suno-logo.png","width":180,"height":180,"caption":"Suno Not\u00edcias"},"image":{"@id":"https:\/\/www.suno.com.br\/noticias\/#\/schema\/logo\/image\/"},"sameAs":["https:\/\/facebook.com\/sunoresearch","https:\/\/x.com\/sunoresearch","https:\/\/www.instagram.com\/suno","https:\/\/www.linkedin.com\/company\/suno-research\/","https:\/\/www.youtube.com\/c\/sunoresearch"]},{"@type":"Person","@id":"https:\/\/www.suno.com.br\/noticias\/#\/schema\/person\/7f4d362bf3518e76090143ae77bb49a5","name":"Eduardo Vargas","image":{"@type":"ImageObject","inLanguage":"pt-BR","@id":"https:\/\/www.suno.com.br\/noticias\/#\/schema\/person\/image\/","url":"https:\/\/secure.gravatar.com\/avatar\/dac340933427a22924c9f99d1eb2e3f2?s=96&r=g","contentUrl":"https:\/\/secure.gravatar.com\/avatar\/dac340933427a22924c9f99d1eb2e3f2?s=96&r=g","caption":"Eduardo Vargas"},"description":"Jornalista formado pela UFSC, cobre macroeconomia, neg\u00f3cios e startups para o Suno Not\u00edcias, escrevendo principalmente not\u00edcias sobre o mercado financeiro e a bolsa de valores. No YouTube e no Instagram, \u00e9 respons\u00e1vel pela produ\u00e7\u00e3o de Reels e Shorts do Suno Not\u00edcias. Anteriormente, trabalhou cobrindo economia e cotidiano no ND+ e para o ND, maior jornal impresso de Santa Catarina. Cursou um semestre letivo de Estudos de M\u00eddia na Universidad de Buenos Aires.","url":"https:\/\/www.suno.com.br\/noticias\/author\/eduardo-vargas\/"}]}},"default_loop_html":"<div class=\"cardsPage__listCard__boxs\"><div class=\"cardsPage__listCard__boxs__img\"><a href=\"https:\/\/www.suno.com.br\/noticias\/grendene-grnd3-3g-lemann-aumenta-participacao\/\"><img class=\"mask\" src=\"https:\/\/www.suno.com.br\/noticias\/wp-content\/themes\/suno\/resources\/images\/spotlight\/spotlight1img\/bg-mask.png\" alt=\"Image Mask\"\/><img src=\"https:\/\/files.sunoresearch.com.br\/n\/uploads\/2021\/04\/e5400192-339200_560201740674947_1115451138_o-1-400x200.webp\" alt=\"Grendene (GRND3): Gestora 3G Radar, de Lemann, aumenta participa\u00e7\u00e3o para 20%\"\/><\/a><span class=\"spotlightCategory\"><a href=\"https:\/\/www.suno.com.br\/noticias\/negocios\/\">Neg\u00f3cios<\/a><\/span><\/div><div class=\"cardsPage__listCard__boxs__content\"><a href=\"https:\/\/www.suno.com.br\/noticias\/grendene-grnd3-3g-lemann-aumenta-participacao\/\"><h2 class=\"content__title\">Grendene (GRND3): Gestora 3G Radar, de Lemann, aumenta participa\u00e7\u00e3o para 20%<\/h2><\/a><div class=\"newsContent__article__meta\"><div class=\"newsContent__article__meta__authorBox\"><a href=\"https:\/\/www.suno.com.br\/noticias\/author\/eduardo-vargas\/\" class=\"authorBox__avatar noMobi\"><img src=\"https:\/\/secure.gravatar.com\/avatar\/dac340933427a22924c9f99d1eb2e3f2?s=96&#038;r=g\" alt=\"Eduardo Vargas\"><\/a><div class=\"authorBox__name\"><span>por\n\t\t\t<a href=\"https:\/\/www.suno.com.br\/noticias\/author\/eduardo-vargas\/\"><span itemprop=\"author\">Eduardo Vargas<\/span><\/a><\/span><time datetime=\"2021-11-05T09:58:13-03:00\" itemprop=\"datePublished\">05\/11\/2021 09:58<\/time><\/div><\/div><\/div><\/div><\/div>","single_layout":"posts","amp_enabled":true,"_links":{"self":[{"href":"https:\/\/www.suno.com.br\/noticias\/wp-json\/wp\/v2\/posts\/201657"}],"collection":[{"href":"https:\/\/www.suno.com.br\/noticias\/wp-json\/wp\/v2\/posts"}],"about":[{"href":"https:\/\/www.suno.com.br\/noticias\/wp-json\/wp\/v2\/types\/post"}],"author":[{"embeddable":true,"href":"https:\/\/www.suno.com.br\/noticias\/wp-json\/wp\/v2\/users\/73"}],"replies":[{"embeddable":true,"href":"https:\/\/www.suno.com.br\/noticias\/wp-json\/wp\/v2\/comments?post=201657"}],"version-history":[{"count":3,"href":"https:\/\/www.suno.com.br\/noticias\/wp-json\/wp\/v2\/posts\/201657\/revisions"}],"predecessor-version":[{"id":201687,"href":"https:\/\/www.suno.com.br\/noticias\/wp-json\/wp\/v2\/posts\/201657\/revisions\/201687"}],"wp:featuredmedia":[{"embeddable":true,"href":"https:\/\/www.suno.com.br\/noticias\/wp-json\/wp\/v2\/media\/143553"}],"wp:attachment":[{"href":"https:\/\/www.suno.com.br\/noticias\/wp-json\/wp\/v2\/media?parent=201657"}],"wp:term":[{"taxonomy":"category","embeddable":true,"href":"https:\/\/www.suno.com.br\/noticias\/wp-json\/wp\/v2\/categories?post=201657"},{"taxonomy":"post_tag","embeddable":true,"href":"https:\/\/www.suno.com.br\/noticias\/wp-json\/wp\/v2\/tags?post=201657"},{"taxonomy":"suno_strategy","embeddable":true,"href":"https:\/\/www.suno.com.br\/noticias\/wp-json\/wp\/v2\/suno_strategy?post=201657"}],"curies":[{"name":"wp","href":"https:\/\/api.w.org\/{rel}","templated":true}]}}