{"id":20159,"date":"2019-04-05T19:36:01","date_gmt":"2019-04-05T22:36:01","guid":{"rendered":"https:\/\/www.suno.com.br\/noticias\/?p=20159"},"modified":"2019-04-05T19:50:20","modified_gmt":"2019-04-05T22:50:20","slug":"avianca-assembleia-de-credores-tem-debate-entre-azul-elliott-e-avianca","status":"publish","type":"post","link":"https:\/\/www.suno.com.br\/noticias\/avianca-assembleia-de-credores-tem-debate-entre-azul-elliott-e-avianca\/","title":{"rendered":"Avianca: assembleia de credores tem debate entre Azul e Elliott"},"content":{"rendered":"<p>Os advogados que representam o <a href=\"https:\/\/www.suno.com.br\/artigos\/fundo-de-hedge\/\">fundo de hedge<\/a> <strong>Elliott Management Corporation<\/strong> e da <strong>Azul Linhas A\u00e9reas Brasileiras<\/strong> (AZUL4) discutiram por tempo superior a meia hora, acerca do <strong>plano de <a href=\"https:\/\/www.suno.com.br\/artigos\/recuperacao-judicial\/\">recupera\u00e7\u00e3o judicial<\/a><\/strong> da Avianca Brasil.<\/p>\t<div class=\"wrapper-featured-image\">\n\t\t<figure class=\"spotlightImg\">\n\n\t\t\t<picture>\n\t\t\t\t<source media=\"(max-width: 768px)\" srcset=\"https:\/\/files.sunoresearch.com.br\/n\/uploads\/2019\/02\/f47efe9f-avianca-400x200.webp\">\n\t\t\t\t<img loading=\"lazy\" decoding=\"async\" class=\"newsContent__article__imgCapa lazyloadDisabled newsContent__article__imgCapa--noCaption\" src=\"https:\/\/files.sunoresearch.com.br\/n\/uploads\/2019\/02\/f47efe9f-avianca-800x450.webp\" width=\"800\" height=\"450\" alt=\"Avianca: assembleia de credores tem debate entre Azul e Elliott\" fetchpriority=high \/>\n\t\t\t<\/picture>\n\n\t\t\t<figcaption class=\"wp-caption-text wp-caption-text--hide\">Justi\u00e7a determina nesta segunda o futuro da Avianca<\/figcaption>\n\t\t<\/figure>\n\t<\/div>\n\n\n<p>O debate ocorreu em meio \u00e0<strong> assembleia de credores<\/strong> da <strong>Avianca<\/strong> nesta sexta-feira (5), no Club Homs, em S\u00e3o Paulo. A reuni\u00e3o teve in\u00edcio \u00e0s 14h30 (hor\u00e1rio de Bras\u00edlia), e contou com <strong>pausa de 2 horas<\/strong>. O retorno da assembleia estava previsto para \u00e0s 18h35, at\u00e9 a publica\u00e7\u00e3o. As informa\u00e7\u00f5es s\u00e3o do &#8220;Valor Econ\u00f4mico&#8221;.<\/p>\n<p>A <strong>assembleia de credores<\/strong> j\u00e1 foi adiada uma vez, devido \u00e0 falta de <strong>qu\u00f3rum<\/strong>. Isto ocorreu na \u00faltima sexta-feira (29).<\/p>\n<p>Na assembleia dos credores da <strong>Avianca Brasil<\/strong>, as principais pautas s\u00e3o:<\/p>\n<ul>\n<li>defini\u00e7\u00e3o de um comit\u00ea e os nomes dos representantes de cada classe;<\/li>\n<li>aprova\u00e7\u00e3o, rejei\u00e7\u00e3o ou modifica\u00e7\u00e3o do plano de recupera\u00e7\u00e3o judicial.<\/li>\n<\/ul>\n<p>De acordo com a legisla\u00e7\u00e3o de <strong>recupera\u00e7\u00e3o judicial<\/strong> (Lei N\u00ba 11.101\/2005), para uma <strong>assembleia de credores\u00a0<\/strong>obter <strong>qu\u00f3rum<\/strong> \u00e9 necess\u00e1ria a presen\u00e7a de mais de<strong> 50% de credores<\/strong>, nas<strong> quatro categorias<\/strong>:<\/p>\n<ol>\n<li>Trabalhadores<\/li>\n<li>Possuidores de garantias reais (como fundos)<\/li>\n<li>Quirograficos<\/li>\n<li>Pequenas e m\u00e9dias empresas<\/li>\n<\/ol>\n<p><a href=\"https:\/\/www.suno.com.br\/noticias\/avianca-assembleia-adiada-falta-quorum\/\">Saiba mais &#8211;\u00a0Avianca tem assembleia de credores adiada por falta de qu\u00f3rum\u00a0<\/a><\/p>\n<h2>Advogado da Azul<\/h2>\n<p>O <strong>advogado da Azul<\/strong>, Luiz Fernando Valente de Paiva, do escrit\u00f3rio <strong>Pinheiro Neto Advogados<\/strong>, questionou a<strong> aus\u00eancia de documentos<\/strong> que comprovem os <strong>acordos<\/strong> fechados entre a <strong>Gol<\/strong> (GOLL4), a <strong>Latam<\/strong> e o <strong>Elliott<\/strong>. O \u00faltimo \u00e9 o<strong> maior credor<\/strong> da Avianca Brasil.<\/p>\n<p>Valente de Paiva tamb\u00e9m indagou acerca da <strong>cria\u00e7\u00e3o<\/strong> e venda de <strong>sete<\/strong> <strong>Unidades Isoladas Produtivas<\/strong> (UPIs). Isto, pois, segundo o advogado, n\u00e3o ficou claro se a <strong>Latam<\/strong> e a <strong>Gol<\/strong> v\u00e3o adquirir UPIs diferentes.<\/p>\n<p>\u201cAs duas podem competir pela mesma <strong>UPI<\/strong>. Nesse caso, pode ser que nem todas as UPIs sejam vendidas e o <strong>valor<\/strong> arrecadado seria <strong>inferior<\/strong> \u00e0 proposta anterior da <strong>Azul<\/strong>\u201d, alertou Valente de Paiva.<\/p>\n<p>A Azul havia feito proposta anterior referente \u00e0 compra de <strong>uma \u00fanica UPI<\/strong>. Tal unidade reuniria os <strong>mesmos ativos<\/strong> que foram divididos em sete, no acordo da <strong>Avianca Brasil<\/strong> com a <strong>Latam<\/strong> e a <strong>Gol<\/strong>. A Azul ofereceu<strong> US$ 105 milh\u00f5es<\/strong> pela UPI.<\/p>\n<p>[optin-monster-shortcode id=&#8221;npkxlwaleraa8psvnego&#8221;]<\/p>\n<h2>Advogado da Avianca<\/h2>\n<p>O <strong>advogado da Avianca Brasil<\/strong>, Ivo Waisberg, respondeu que com o <strong>novo plano<\/strong> de <strong>recupera\u00e7\u00e3o judicial<\/strong>, a <strong>companhia a\u00e9rea<\/strong> poder\u00e1 arrecadar pelo menos <strong>US$ 140 milh\u00f5es<\/strong>.<\/p>\n<p>Waisberg disse que ser\u00e1 discutido entre <strong>credores<\/strong> se o <strong>novo plano<\/strong> inclui a possibilidade de uma \u00fanica empresa ofertar por todos os ativos, ou todas as <strong>UPIs<\/strong>.<\/p>\n<p>\u201cTodos aqui querem que o <strong>leil\u00e3o<\/strong> atinja o maior valor poss\u00edvel\u201d, afirmou Waisberg, de acordo com o &#8220;Valor Econ\u00f4mico&#8221;<\/p>\n<h2>Advogado do Elliott<\/h2>\n<p>O <strong>advogado do grupo Elliott<\/strong>, Eduardo Mattar, do escrit\u00f3rio<strong> Pinheiro Guimar\u00e3es Advogados<\/strong>, defendeu que o novo plano de <strong>recupera\u00e7\u00e3o judicial<\/strong> d\u00e1 maior incentivo \u00e0 <strong>competi\u00e7\u00e3o de mercado<\/strong>. E que poder\u00e1 atrair <strong>mais recursos<\/strong> do que a <strong>proposta<\/strong> anterior, na qual constava a inten\u00e7\u00e3o da <strong>Azul<\/strong>.<\/p>\n<p>\u201cO <strong>Elliott<\/strong> n\u00e3o vai pedir perd\u00e3o por fazer uma proposta melhor e <strong>n\u00e3o vai pedir perd\u00e3o \u00e0 Azul<\/strong> por ela perder a chance de ser a \u00fanica compradora\u201d, afirmou Mattar.<\/p>\n<p><a href=\"https:\/\/www.suno.com.br\/noticias\/dono-avianca-jose-efromovich-investigacao-apropriacao-indebita-mp\/\">Saiba mais &#8211;\u00a0Dono da Avianca \u00e9 alvo de pedido de investiga\u00e7\u00e3o por inadimpl\u00eancia<\/a><\/p>\n<h2>Azul pediu \u00e0 Justi\u00e7a para adiar assembleia de credores<\/h2>\n<p>A <strong>Azul<\/strong> pediu para que a assembleia de <strong>credores<\/strong> fosse adiada para depois do dia 12 de abril. Segundo o jornal &#8220;O Globo&#8221;, o motivo seria o maior tempo para <strong>an\u00e1lise<\/strong> do <strong>novo plano de recupera\u00e7\u00e3o judicial<\/strong>, que foi apresentado na \u00faltima quarta-feira (3).<\/p>\n<p>Na peti\u00e7\u00e3o apresentada pelos advogados\u00a0do escrit\u00f3rio Pinheiro Neto, a Azul fez o <strong>pedido<\/strong> de <strong>apresenta\u00e7\u00e3o<\/strong> de todos os <strong>documentos<\/strong> relacionados ao <strong>novo plano<\/strong>, para an\u00e1lise pr\u00e9via.<\/p>\n<p>O pedido de tr\u00eas p\u00e1ginas foi encaminhado ao juiz Tiago Limongi, titular da 1\u00aa <strong>Vara de Fal\u00eancias e Recupera\u00e7\u00f5es Judiciais<\/strong> da capital paulista, que supervisiona a renegocia\u00e7\u00e3o da d\u00edvida da <strong>Avianca<\/strong>.<\/p>\n<p>A <strong>Justi\u00e7a<\/strong> negou o pedido da <strong>Azul<\/strong>.<\/p>\n\t<p>\n\t\t<a href=\"https:\/\/lp.suno.com.br\/suno-one\/?utm_campaign=_SNC6964518A_\" target=\"_blank\" data-element=\"shortcode-suno-banner\" title=\"Banner SUNO, clique e saiba mais\">\n\t\t\t<picture>\n\t\t\t\t<source media=\"(max-width: 500px)\" srcset=\"https:\/\/files.sunoresearch.com.br\/n\/uploads\/2025\/09\/400x300-Suno-One-png.webp\">\n\t\t\t\t<img class=\"newsContent__article__imgCapa newsContent__article__imgCapa--banner\"\n\t\t\t\t\tsrc=\"https:\/\/files.sunoresearch.com.br\/n\/uploads\/2025\/09\/1420x240-Suno-One-png.webp\"\n\t\t\t\t\tdata-promo-id=\"85810\"\t\t\t\t\t\t\t\t\t\twidth='1420' height='240'\t\t\t\t\talt=\"https:\/\/files.sunoresearch.com.br\/n\/uploads\/2025\/09\/1420x240-Suno-One-png.webp\"\n\t\t\t\t>\n\t\t\t<\/picture>\n\t\t<\/a>\n\t<\/p>\n\n\n<h2>Empr\u00e9stimos<\/h2>\n<p>Confira abaixo de quem a<strong> Avianca Brasil<\/strong> j\u00e1 recebeu empr\u00e9stimos:<\/p>\n<ul>\n<li><strong>Azul:\u00a0<\/strong>R$ 51,03 milh\u00f5es<\/li>\n<li><strong>Gol e Latam:<\/strong>\u00a0US$ 15 milh\u00f5es (R$ 58 milh\u00f5es)<\/li>\n<li><strong>Elliott:\u00a0<\/strong>R$ 2 bilh\u00f5es<\/li>\n<\/ul>\n<p>As companhias a\u00e9reas <strong>Gol<\/strong> e <strong>Latam<\/strong> pretendem emprestar mais\u00a0US$ 16 milh\u00f5es. A <strong>d\u00edvida<\/strong> total da Avianca Brasil \u00e9 estimada em <strong>R$ 2,8 bilh\u00f5es<\/strong>.<\/p>\n<h2>Novo plano de recupera\u00e7\u00e3o judicial<\/h2>\n<p>O plano de <strong>recupera\u00e7\u00e3o judicial<\/strong>, criticado pela Azul, foi idealizado pelo <strong>maior credor<\/strong> da Avianca Brasil, o <strong>Elliott<\/strong>. O <strong>fundo de hedge<\/strong> tem prefer\u00eancia para receber. O plano foi apresentado em 3 de abril.<\/p>\n<p>A <strong>Gol<\/strong> e a <strong>Latam<\/strong> concordaram em dar lances m\u00ednimos de <strong>US$ 70 milh\u00f5es<\/strong>, cada uma, por pelo menos uma das <strong>UPIs<\/strong> da <strong>Avianca<\/strong>.<\/p>\n","protected":false},"excerpt":{"rendered":"<p>Os advogados que representam o fundo de hedge Elliott Management Corporation e da Azul Linhas A\u00e9reas Brasileiras (AZUL4) discutiram por tempo superior a meia hora, acerca do plano de recupera\u00e7\u00e3o judicial da Avianca Brasil. Justi\u00e7a determina nesta segunda o futuro da Avianca O debate ocorreu em meio \u00e0 assembleia de credores da Avianca nesta sexta-feira [&hellip;]<\/p>\n","protected":false},"author":12,"featured_media":14903,"comment_status":"closed","ping_status":"closed","sticky":false,"template":"","format":"standard","meta":[],"categories":[64],"tags":[840,106932,1284,489,739],"suno_strategy":[],"class_list":["post-20159","post","type-post","status-publish","format-standard","has-post-thumbnail","hentry","category-negocios","tag-avianca","tag-azul-azul4","tag-elliott-management","tag-gol-linhas-aereas-goll11-goll4","tag-latam"],"yoast_head":"<!-- This site is optimized with the Yoast SEO plugin v24.4 - https:\/\/yoast.com\/wordpress\/plugins\/seo\/ -->\n<title>Avianca: assembleia de credores tem debate entre Azul e Elliott<\/title>\n<meta name=\"description\" content=\"Os advogados do fundo de hedge Elliott e a Azul discutiram acerca do plano de recupera\u00e7\u00e3o judicial da Avianca. Clique para saber mais.\" \/>\n<meta name=\"robots\" content=\"index, follow, max-snippet:-1, max-image-preview:large, max-video-preview:-1\" \/>\n<link rel=\"canonical\" href=\"https:\/\/www.suno.com.br\/noticias\/avianca-assembleia-de-credores-tem-debate-entre-azul-elliott-e-avianca\/\" \/>\n<meta property=\"og:locale\" content=\"pt_BR\" \/>\n<meta property=\"og:type\" content=\"article\" \/>\n<meta property=\"og:title\" content=\"Avianca: assembleia de credores tem debate entre Azul e Elliott\" \/>\n<meta property=\"og:description\" content=\"Os advogados do fundo de hedge Elliott e a Azul discutiram acerca do plano de recupera\u00e7\u00e3o judicial da Avianca. Clique para saber mais.\" \/>\n<meta property=\"og:url\" content=\"https:\/\/www.suno.com.br\/noticias\/avianca-assembleia-de-credores-tem-debate-entre-azul-elliott-e-avianca\/\" \/>\n<meta property=\"og:site_name\" content=\"Suno Not\u00edcias\" \/>\n<meta property=\"article:publisher\" content=\"https:\/\/facebook.com\/sunoresearch\" \/>\n<meta property=\"og:image\" content=\"https:\/\/files.sunoresearch.com.br\/n\/uploads\/2019\/02\/f47efe9f-avianca-1024x682.jpg\" \/>\n\t<meta property=\"og:image:width\" content=\"1024\" \/>\n\t<meta property=\"og:image:height\" content=\"682\" \/>\n\t<meta property=\"og:image:type\" content=\"image\/jpeg\" \/>\n<meta name=\"author\" content=\"Amanda Gushiken\" \/>\n<meta name=\"twitter:card\" content=\"summary_large_image\" \/>\n<meta name=\"twitter:creator\" content=\"@sunoresearch\" \/>\n<meta name=\"twitter:site\" content=\"@sunoresearch\" \/>\n<meta name=\"twitter:label1\" content=\"Escrito por\" \/>\n\t<meta name=\"twitter:data1\" content=\"Amanda Gushiken\" \/>\n\t<meta name=\"twitter:label2\" content=\"Est. tempo de leitura\" \/>\n\t<meta name=\"twitter:data2\" content=\"4 minutos\" \/>\n<script type=\"application\/ld+json\" class=\"yoast-schema-graph\">{\"@context\":\"https:\/\/schema.org\",\"@graph\":[{\"@type\":\"NewsArticle\",\"@id\":\"https:\/\/www.suno.com.br\/noticias\/avianca-assembleia-de-credores-tem-debate-entre-azul-elliott-e-avianca\/#article\",\"isPartOf\":{\"@id\":\"https:\/\/www.suno.com.br\/noticias\/avianca-assembleia-de-credores-tem-debate-entre-azul-elliott-e-avianca\/\"},\"author\":{\"name\":\"Amanda Gushiken\",\"@id\":\"https:\/\/www.suno.com.br\/noticias\/#\/schema\/person\/a5b06fa4e879d8e8e119c6ed3cd630d1\"},\"headline\":\"Avianca: assembleia de credores tem debate entre Azul e Elliott\",\"datePublished\":\"2019-04-05T22:36:01+00:00\",\"dateModified\":\"2019-04-05T22:50:20+00:00\",\"mainEntityOfPage\":{\"@id\":\"https:\/\/www.suno.com.br\/noticias\/avianca-assembleia-de-credores-tem-debate-entre-azul-elliott-e-avianca\/\"},\"wordCount\":818,\"publisher\":{\"@id\":\"https:\/\/www.suno.com.br\/noticias\/#organization\"},\"image\":{\"@id\":\"https:\/\/www.suno.com.br\/noticias\/avianca-assembleia-de-credores-tem-debate-entre-azul-elliott-e-avianca\/#primaryimage\"},\"thumbnailUrl\":\"https:\/\/files.sunoresearch.com.br\/n\/uploads\/2019\/02\/f47efe9f-avianca-scaled.webp\",\"keywords\":[\"Avianca\",\"Azul (AZUL4)\",\"Elliott Management\",\"Gol Linhas A\u00e9reas (GOLL11\/GOLL4)\",\"Latam\"],\"articleSection\":[\"Neg\u00f3cios\"],\"inLanguage\":\"pt-BR\"},{\"@type\":\"WebPage\",\"@id\":\"https:\/\/www.suno.com.br\/noticias\/avianca-assembleia-de-credores-tem-debate-entre-azul-elliott-e-avianca\/\",\"url\":\"https:\/\/www.suno.com.br\/noticias\/avianca-assembleia-de-credores-tem-debate-entre-azul-elliott-e-avianca\/\",\"name\":\"Avianca: assembleia de credores tem debate entre Azul e Elliott\",\"isPartOf\":{\"@id\":\"https:\/\/www.suno.com.br\/noticias\/#website\"},\"primaryImageOfPage\":{\"@id\":\"https:\/\/www.suno.com.br\/noticias\/avianca-assembleia-de-credores-tem-debate-entre-azul-elliott-e-avianca\/#primaryimage\"},\"image\":{\"@id\":\"https:\/\/www.suno.com.br\/noticias\/avianca-assembleia-de-credores-tem-debate-entre-azul-elliott-e-avianca\/#primaryimage\"},\"thumbnailUrl\":\"https:\/\/files.sunoresearch.com.br\/n\/uploads\/2019\/02\/f47efe9f-avianca-scaled.webp\",\"datePublished\":\"2019-04-05T22:36:01+00:00\",\"dateModified\":\"2019-04-05T22:50:20+00:00\",\"description\":\"Os advogados do fundo de hedge Elliott e a Azul discutiram acerca do plano de recupera\u00e7\u00e3o judicial da Avianca. Clique para saber mais.\",\"breadcrumb\":{\"@id\":\"https:\/\/www.suno.com.br\/noticias\/avianca-assembleia-de-credores-tem-debate-entre-azul-elliott-e-avianca\/#breadcrumb\"},\"inLanguage\":\"pt-BR\",\"potentialAction\":[{\"@type\":\"ReadAction\",\"target\":[\"https:\/\/www.suno.com.br\/noticias\/avianca-assembleia-de-credores-tem-debate-entre-azul-elliott-e-avianca\/\"]}]},{\"@type\":\"ImageObject\",\"inLanguage\":\"pt-BR\",\"@id\":\"https:\/\/www.suno.com.br\/noticias\/avianca-assembleia-de-credores-tem-debate-entre-azul-elliott-e-avianca\/#primaryimage\",\"url\":\"https:\/\/files.sunoresearch.com.br\/n\/uploads\/2019\/02\/f47efe9f-avianca-scaled.webp\",\"contentUrl\":\"https:\/\/files.sunoresearch.com.br\/n\/uploads\/2019\/02\/f47efe9f-avianca-scaled.webp\",\"width\":2560,\"height\":1705,\"caption\":\"Justi\u00e7a determina nesta segunda o futuro da Avianca\"},{\"@type\":\"BreadcrumbList\",\"@id\":\"https:\/\/www.suno.com.br\/noticias\/avianca-assembleia-de-credores-tem-debate-entre-azul-elliott-e-avianca\/#breadcrumb\",\"itemListElement\":[{\"@type\":\"ListItem\",\"position\":1,\"name\":\"Not\u00edcias\",\"item\":\"https:\/\/www.suno.com.br\/noticias\/\"},{\"@type\":\"ListItem\",\"position\":2,\"name\":\"Neg\u00f3cios\",\"item\":\"https:\/\/www.suno.com.br\/noticias\/negocios\/\"},{\"@type\":\"ListItem\",\"position\":3,\"name\":\"Avianca: assembleia de credores tem debate entre Azul e Elliott\"}]},{\"@type\":\"WebSite\",\"@id\":\"https:\/\/www.suno.com.br\/noticias\/#website\",\"url\":\"https:\/\/www.suno.com.br\/noticias\/\",\"name\":\"Suno Not\u00edcias\",\"description\":\"Seu portal de informa\u00e7\u00e3o sobre o mundo dos investimentos\",\"publisher\":{\"@id\":\"https:\/\/www.suno.com.br\/noticias\/#organization\"},\"potentialAction\":[{\"@type\":\"SearchAction\",\"target\":{\"@type\":\"EntryPoint\",\"urlTemplate\":\"https:\/\/www.suno.com.br\/noticias\/?s={search_term_string}\"},\"query-input\":{\"@type\":\"PropertyValueSpecification\",\"valueRequired\":true,\"valueName\":\"search_term_string\"}}],\"inLanguage\":\"pt-BR\"},{\"@type\":\"Organization\",\"@id\":\"https:\/\/www.suno.com.br\/noticias\/#organization\",\"name\":\"Suno Not\u00edcias\",\"url\":\"https:\/\/www.suno.com.br\/noticias\/\",\"logo\":{\"@type\":\"ImageObject\",\"inLanguage\":\"pt-BR\",\"@id\":\"https:\/\/www.suno.com.br\/noticias\/#\/schema\/logo\/image\/\",\"url\":\"https:\/\/files.sunoresearch.com.br\/n\/uploads\/2021\/09\/suno-logo.png\",\"contentUrl\":\"https:\/\/files.sunoresearch.com.br\/n\/uploads\/2021\/09\/suno-logo.png\",\"width\":180,\"height\":180,\"caption\":\"Suno Not\u00edcias\"},\"image\":{\"@id\":\"https:\/\/www.suno.com.br\/noticias\/#\/schema\/logo\/image\/\"},\"sameAs\":[\"https:\/\/facebook.com\/sunoresearch\",\"https:\/\/x.com\/sunoresearch\",\"https:\/\/www.instagram.com\/suno\",\"https:\/\/www.linkedin.com\/company\/suno-research\/\",\"https:\/\/www.youtube.com\/c\/sunoresearch\"]},{\"@type\":\"Person\",\"@id\":\"https:\/\/www.suno.com.br\/noticias\/#\/schema\/person\/a5b06fa4e879d8e8e119c6ed3cd630d1\",\"name\":\"Amanda Gushiken\",\"image\":{\"@type\":\"ImageObject\",\"inLanguage\":\"pt-BR\",\"@id\":\"https:\/\/www.suno.com.br\/noticias\/#\/schema\/person\/image\/\",\"url\":\"https:\/\/secure.gravatar.com\/avatar\/ecd84705e6b65e3685ae80d725501fbe?s=96&r=g\",\"contentUrl\":\"https:\/\/secure.gravatar.com\/avatar\/ecd84705e6b65e3685ae80d725501fbe?s=96&r=g\",\"caption\":\"Amanda Gushiken\"},\"description\":\"Amanda Sayuri Gushiken escreve sobre finan\u00e7as e neg\u00f3cios para o portal Suno Not\u00edcias. Antes, trabalhou selecionando not\u00edcias da imprensa para clientes do mercado financeiro. Tamb\u00e9m desenvolveu pesquisa acad\u00eamica pela Universidade Anhembi Morumbi na \u00e1rea de Teorias da Comunica\u00e7\u00e3o e \u00e9 fot\u00f3grafa nas horas vagas.\",\"url\":\"https:\/\/www.suno.com.br\/noticias\/author\/amanda\/\"}]}<\/script>\n<!-- \/ Yoast SEO plugin. -->","yoast_head_json":{"title":"Avianca: assembleia de credores tem debate entre Azul e Elliott","description":"Os advogados do fundo de hedge Elliott e a Azul discutiram acerca do plano de recupera\u00e7\u00e3o judicial da Avianca. Clique para saber mais.","robots":{"index":"index","follow":"follow","max-snippet":"max-snippet:-1","max-image-preview":"max-image-preview:large","max-video-preview":"max-video-preview:-1"},"canonical":"https:\/\/www.suno.com.br\/noticias\/avianca-assembleia-de-credores-tem-debate-entre-azul-elliott-e-avianca\/","og_locale":"pt_BR","og_type":"article","og_title":"Avianca: assembleia de credores tem debate entre Azul e Elliott","og_description":"Os advogados do fundo de hedge Elliott e a Azul discutiram acerca do plano de recupera\u00e7\u00e3o judicial da Avianca. Clique para saber mais.","og_url":"https:\/\/www.suno.com.br\/noticias\/avianca-assembleia-de-credores-tem-debate-entre-azul-elliott-e-avianca\/","og_site_name":"Suno Not\u00edcias","article_publisher":"https:\/\/facebook.com\/sunoresearch","og_image":[{"width":1024,"height":682,"url":"https:\/\/files.sunoresearch.com.br\/n\/uploads\/2019\/02\/f47efe9f-avianca-1024x682.jpg","type":"image\/jpeg"}],"author":"Amanda Gushiken","twitter_card":"summary_large_image","twitter_creator":"@sunoresearch","twitter_site":"@sunoresearch","twitter_misc":{"Escrito por":"Amanda Gushiken","Est. tempo de leitura":"4 minutos"},"schema":{"@context":"https:\/\/schema.org","@graph":[{"@type":"NewsArticle","@id":"https:\/\/www.suno.com.br\/noticias\/avianca-assembleia-de-credores-tem-debate-entre-azul-elliott-e-avianca\/#article","isPartOf":{"@id":"https:\/\/www.suno.com.br\/noticias\/avianca-assembleia-de-credores-tem-debate-entre-azul-elliott-e-avianca\/"},"author":{"name":"Amanda Gushiken","@id":"https:\/\/www.suno.com.br\/noticias\/#\/schema\/person\/a5b06fa4e879d8e8e119c6ed3cd630d1"},"headline":"Avianca: assembleia de credores tem debate entre Azul e Elliott","datePublished":"2019-04-05T22:36:01+00:00","dateModified":"2019-04-05T22:50:20+00:00","mainEntityOfPage":{"@id":"https:\/\/www.suno.com.br\/noticias\/avianca-assembleia-de-credores-tem-debate-entre-azul-elliott-e-avianca\/"},"wordCount":818,"publisher":{"@id":"https:\/\/www.suno.com.br\/noticias\/#organization"},"image":{"@id":"https:\/\/www.suno.com.br\/noticias\/avianca-assembleia-de-credores-tem-debate-entre-azul-elliott-e-avianca\/#primaryimage"},"thumbnailUrl":"https:\/\/files.sunoresearch.com.br\/n\/uploads\/2019\/02\/f47efe9f-avianca-scaled.webp","keywords":["Avianca","Azul (AZUL4)","Elliott Management","Gol Linhas A\u00e9reas (GOLL11\/GOLL4)","Latam"],"articleSection":["Neg\u00f3cios"],"inLanguage":"pt-BR"},{"@type":"WebPage","@id":"https:\/\/www.suno.com.br\/noticias\/avianca-assembleia-de-credores-tem-debate-entre-azul-elliott-e-avianca\/","url":"https:\/\/www.suno.com.br\/noticias\/avianca-assembleia-de-credores-tem-debate-entre-azul-elliott-e-avianca\/","name":"Avianca: assembleia de credores tem debate entre Azul e Elliott","isPartOf":{"@id":"https:\/\/www.suno.com.br\/noticias\/#website"},"primaryImageOfPage":{"@id":"https:\/\/www.suno.com.br\/noticias\/avianca-assembleia-de-credores-tem-debate-entre-azul-elliott-e-avianca\/#primaryimage"},"image":{"@id":"https:\/\/www.suno.com.br\/noticias\/avianca-assembleia-de-credores-tem-debate-entre-azul-elliott-e-avianca\/#primaryimage"},"thumbnailUrl":"https:\/\/files.sunoresearch.com.br\/n\/uploads\/2019\/02\/f47efe9f-avianca-scaled.webp","datePublished":"2019-04-05T22:36:01+00:00","dateModified":"2019-04-05T22:50:20+00:00","description":"Os advogados do fundo de hedge Elliott e a Azul discutiram acerca do plano de recupera\u00e7\u00e3o judicial da Avianca. Clique para saber mais.","breadcrumb":{"@id":"https:\/\/www.suno.com.br\/noticias\/avianca-assembleia-de-credores-tem-debate-entre-azul-elliott-e-avianca\/#breadcrumb"},"inLanguage":"pt-BR","potentialAction":[{"@type":"ReadAction","target":["https:\/\/www.suno.com.br\/noticias\/avianca-assembleia-de-credores-tem-debate-entre-azul-elliott-e-avianca\/"]}]},{"@type":"ImageObject","inLanguage":"pt-BR","@id":"https:\/\/www.suno.com.br\/noticias\/avianca-assembleia-de-credores-tem-debate-entre-azul-elliott-e-avianca\/#primaryimage","url":"https:\/\/files.sunoresearch.com.br\/n\/uploads\/2019\/02\/f47efe9f-avianca-scaled.webp","contentUrl":"https:\/\/files.sunoresearch.com.br\/n\/uploads\/2019\/02\/f47efe9f-avianca-scaled.webp","width":2560,"height":1705,"caption":"Justi\u00e7a determina nesta segunda o futuro da Avianca"},{"@type":"BreadcrumbList","@id":"https:\/\/www.suno.com.br\/noticias\/avianca-assembleia-de-credores-tem-debate-entre-azul-elliott-e-avianca\/#breadcrumb","itemListElement":[{"@type":"ListItem","position":1,"name":"Not\u00edcias","item":"https:\/\/www.suno.com.br\/noticias\/"},{"@type":"ListItem","position":2,"name":"Neg\u00f3cios","item":"https:\/\/www.suno.com.br\/noticias\/negocios\/"},{"@type":"ListItem","position":3,"name":"Avianca: assembleia de credores tem debate entre Azul e Elliott"}]},{"@type":"WebSite","@id":"https:\/\/www.suno.com.br\/noticias\/#website","url":"https:\/\/www.suno.com.br\/noticias\/","name":"Suno Not\u00edcias","description":"Seu portal de informa\u00e7\u00e3o sobre o mundo dos investimentos","publisher":{"@id":"https:\/\/www.suno.com.br\/noticias\/#organization"},"potentialAction":[{"@type":"SearchAction","target":{"@type":"EntryPoint","urlTemplate":"https:\/\/www.suno.com.br\/noticias\/?s={search_term_string}"},"query-input":{"@type":"PropertyValueSpecification","valueRequired":true,"valueName":"search_term_string"}}],"inLanguage":"pt-BR"},{"@type":"Organization","@id":"https:\/\/www.suno.com.br\/noticias\/#organization","name":"Suno Not\u00edcias","url":"https:\/\/www.suno.com.br\/noticias\/","logo":{"@type":"ImageObject","inLanguage":"pt-BR","@id":"https:\/\/www.suno.com.br\/noticias\/#\/schema\/logo\/image\/","url":"https:\/\/files.sunoresearch.com.br\/n\/uploads\/2021\/09\/suno-logo.png","contentUrl":"https:\/\/files.sunoresearch.com.br\/n\/uploads\/2021\/09\/suno-logo.png","width":180,"height":180,"caption":"Suno Not\u00edcias"},"image":{"@id":"https:\/\/www.suno.com.br\/noticias\/#\/schema\/logo\/image\/"},"sameAs":["https:\/\/facebook.com\/sunoresearch","https:\/\/x.com\/sunoresearch","https:\/\/www.instagram.com\/suno","https:\/\/www.linkedin.com\/company\/suno-research\/","https:\/\/www.youtube.com\/c\/sunoresearch"]},{"@type":"Person","@id":"https:\/\/www.suno.com.br\/noticias\/#\/schema\/person\/a5b06fa4e879d8e8e119c6ed3cd630d1","name":"Amanda Gushiken","image":{"@type":"ImageObject","inLanguage":"pt-BR","@id":"https:\/\/www.suno.com.br\/noticias\/#\/schema\/person\/image\/","url":"https:\/\/secure.gravatar.com\/avatar\/ecd84705e6b65e3685ae80d725501fbe?s=96&r=g","contentUrl":"https:\/\/secure.gravatar.com\/avatar\/ecd84705e6b65e3685ae80d725501fbe?s=96&r=g","caption":"Amanda Gushiken"},"description":"Amanda Sayuri Gushiken escreve sobre finan\u00e7as e neg\u00f3cios para o portal Suno Not\u00edcias. Antes, trabalhou selecionando not\u00edcias da imprensa para clientes do mercado financeiro. Tamb\u00e9m desenvolveu pesquisa acad\u00eamica pela Universidade Anhembi Morumbi na \u00e1rea de Teorias da Comunica\u00e7\u00e3o e \u00e9 fot\u00f3grafa nas horas vagas.","url":"https:\/\/www.suno.com.br\/noticias\/author\/amanda\/"}]}},"default_loop_html":"<div class=\"cardsPage__listCard__boxs\"><div class=\"cardsPage__listCard__boxs__img\"><a href=\"https:\/\/www.suno.com.br\/noticias\/avianca-assembleia-de-credores-tem-debate-entre-azul-elliott-e-avianca\/\"><img class=\"mask\" src=\"https:\/\/www.suno.com.br\/noticias\/wp-content\/themes\/suno\/resources\/images\/spotlight\/spotlight1img\/bg-mask.png\" alt=\"Image Mask\"\/><img src=\"https:\/\/files.sunoresearch.com.br\/n\/uploads\/2019\/02\/f47efe9f-avianca-400x200.webp\" alt=\"Avianca: assembleia de credores tem debate entre Azul e Elliott\"\/><\/a><span class=\"spotlightCategory\"><a href=\"https:\/\/www.suno.com.br\/noticias\/negocios\/\">Neg\u00f3cios<\/a><\/span><\/div><div class=\"cardsPage__listCard__boxs__content\"><a href=\"https:\/\/www.suno.com.br\/noticias\/avianca-assembleia-de-credores-tem-debate-entre-azul-elliott-e-avianca\/\"><h2 class=\"content__title\">Avianca: assembleia de credores tem debate entre Azul e Elliott<\/h2><\/a><div class=\"newsContent__article__meta\"><div class=\"newsContent__article__meta__authorBox\"><a href=\"https:\/\/www.suno.com.br\/noticias\/author\/amanda\/\" class=\"authorBox__avatar noMobi\"><img src=\"https:\/\/files.sunoresearch.com.br\/n\/uploads\/2018\/11\/c6ad30be-amanda-150x150.webp\" alt=\"Amanda Gushiken\"><\/a><div class=\"authorBox__name\"><span>por\n\t\t\t<a href=\"https:\/\/www.suno.com.br\/noticias\/author\/amanda\/\"><span itemprop=\"author\">Amanda Gushiken<\/span><\/a><\/span><time datetime=\"2019-04-05T19:36:01-03:00\" itemprop=\"datePublished\">05\/04\/2019 19:36<\/time><\/div><\/div><\/div><\/div><\/div>","single_layout":"posts","amp_enabled":true,"_links":{"self":[{"href":"https:\/\/www.suno.com.br\/noticias\/wp-json\/wp\/v2\/posts\/20159"}],"collection":[{"href":"https:\/\/www.suno.com.br\/noticias\/wp-json\/wp\/v2\/posts"}],"about":[{"href":"https:\/\/www.suno.com.br\/noticias\/wp-json\/wp\/v2\/types\/post"}],"author":[{"embeddable":true,"href":"https:\/\/www.suno.com.br\/noticias\/wp-json\/wp\/v2\/users\/12"}],"replies":[{"embeddable":true,"href":"https:\/\/www.suno.com.br\/noticias\/wp-json\/wp\/v2\/comments?post=20159"}],"version-history":[{"count":0,"href":"https:\/\/www.suno.com.br\/noticias\/wp-json\/wp\/v2\/posts\/20159\/revisions"}],"wp:featuredmedia":[{"embeddable":true,"href":"https:\/\/www.suno.com.br\/noticias\/wp-json\/wp\/v2\/media\/14903"}],"wp:attachment":[{"href":"https:\/\/www.suno.com.br\/noticias\/wp-json\/wp\/v2\/media?parent=20159"}],"wp:term":[{"taxonomy":"category","embeddable":true,"href":"https:\/\/www.suno.com.br\/noticias\/wp-json\/wp\/v2\/categories?post=20159"},{"taxonomy":"post_tag","embeddable":true,"href":"https:\/\/www.suno.com.br\/noticias\/wp-json\/wp\/v2\/tags?post=20159"},{"taxonomy":"suno_strategy","embeddable":true,"href":"https:\/\/www.suno.com.br\/noticias\/wp-json\/wp\/v2\/suno_strategy?post=20159"}],"curies":[{"name":"wp","href":"https:\/\/api.w.org\/{rel}","templated":true}]}}