{"id":201389,"date":"2021-11-04T18:06:07","date_gmt":"2021-11-04T21:06:07","guid":{"rendered":"https:\/\/www.suno.com.br\/noticias\/?p=201389"},"modified":"2021-11-04T19:03:53","modified_gmt":"2021-11-04T22:03:53","slug":"dolar-fecha-alta-pec-precatorios","status":"publish","type":"post","link":"https:\/\/www.suno.com.br\/noticias\/dolar-fecha-alta-pec-precatorios\/","title":{"rendered":"D\u00f3lar fecha em alta de 0,29%, ap\u00f3s aprova\u00e7\u00e3o em 1\u00aa turno da PEC dos Precat\u00f3rios na C\u00e2mara"},"content":{"rendered":"<p>O<strong> d\u00f3lar <\/strong>encerrou as negocia\u00e7\u00f5es desta quinta-feira (4) em alta de 0,29%, frente ao real, valendo R$ 5,606 na venda.<\/p>\t<div class=\"wrapper-featured-image\">\n\t\t<figure class=\"spotlightImg\">\n\n\t\t\t<picture>\n\t\t\t\t<source media=\"(max-width: 768px)\" srcset=\"https:\/\/files.sunoresearch.com.br\/n\/uploads\/2021\/06\/301dbca0-puzzle-2500328_1920-400x200.webp\">\n\t\t\t\t<img loading=\"lazy\" decoding=\"async\" class=\"newsContent__article__imgCapa lazyloadDisabled \" src=\"https:\/\/files.sunoresearch.com.br\/n\/uploads\/2021\/06\/301dbca0-puzzle-2500328_1920-800x450.webp\" width=\"800\" height=\"450\" alt=\"D\u00f3lar fecha em alta de 0,29%, ap\u00f3s aprova\u00e7\u00e3o em 1\u00aa turno da PEC dos Precat\u00f3rios na C\u00e2mara\" fetchpriority=high \/>\n\t\t\t<\/picture>\n\n\t\t\t<figcaption class=\"wp-caption-text wp-caption-text--show\">D\u00f3lar. Foto: Pixabay<\/figcaption>\n\t\t<\/figure>\n\t<\/div>\n\n\n\t<p>\n\t\t<a href=\"https:\/\/lp.suno.com.br\/planilha-controle-gastos\/\" target=\"_blank\" data-element=\"shortcode-suno-banner\" title=\"Banner SUNO, clique e saiba mais\">\n\t\t\t<picture>\n\t\t\t\t<source media=\"(max-width: 500px)\" srcset=\"https:\/\/files.sunoresearch.com.br\/n\/uploads\/2023\/03\/400x300-Planilha-controle-de-gastos.png\">\n\t\t\t\t<img class=\"newsContent__article__imgCapa newsContent__article__imgCapa--banner\"\n\t\t\t\t\tsrc=\"https:\/\/files.sunoresearch.com.br\/n\/uploads\/2023\/03\/1420x240-Planilha-controle-de-gastos.png\"\n\t\t\t\t\tdata-promo-id=\"101751\"\t\t\t\t\t\t\t\t\t\twidth='1420' height='240'\t\t\t\t\talt=\"https:\/\/files.sunoresearch.com.br\/n\/uploads\/2023\/03\/1420x240-Planilha-controle-de-gastos.png\"\n\t\t\t\t>\n\t\t\t<\/picture>\n\t\t<\/a>\n\t<\/p>\n\n\n<p>O <strong>d\u00f3lar hoje<\/strong> acompanhou a <strong>aprova\u00e7\u00e3o em 1\u00ba turno da PEC dos Precat\u00f3rios na C\u00e2mara<\/strong>, movimento que abre espa\u00e7o de R$ 91,6 bilh\u00f5es no Or\u00e7amento de 2022 para o <strong>pagamento do Aux\u00edlio Brasil<\/strong> e outros gastos durante o ano eleitoral.<\/p>\n<p>Contudo, Camila Abdelmalack, economista chefe da Veedha Investimentos, aponta que o mercado j\u00e1 estava precificado para a aprova\u00e7\u00e3o da <strong>PEC dos Precat\u00f3rios<\/strong>. Segundo ela, sem a PEC, o governo voltaria \u00e0 estaca zero, sem o <a class=\"suno-keyword\" href=\"https:\/\/www.suno.com.br\/artigos\/teto-de-gastos\/\" target=\"_blank\" rel=\"noopener\" data-force=\"no\" data-priority=\"1\">teto de gastos<\/a> para colocar em pr\u00e1tica o programa social.<\/p>\n\t<p>\n\t\t<a href=\"https:\/\/lp.suno.com.br\/planilha-da-vida-financeira\/\" target=\"_blank\" data-element=\"shortcode-suno-banner\" title=\"Banner SUNO, clique e saiba mais\">\n\t\t\t<picture>\n\t\t\t\t<source media=\"(max-width: 500px)\" srcset=\"https:\/\/files.sunoresearch.com.br\/n\/uploads\/2023\/04\/400x300-Planilha-vida-financeira-true.png\">\n\t\t\t\t<img class=\"newsContent__article__imgCapa newsContent__article__imgCapa--banner\"\n\t\t\t\t\tsrc=\"https:\/\/files.sunoresearch.com.br\/n\/uploads\/2023\/04\/1420x240-Planilha-vida-financeira-true.png\"\n\t\t\t\t\tdata-promo-id=\"106682\"\t\t\t\t\t\t\t\t\t\twidth='1420' height='240'\t\t\t\t\talt=\"https:\/\/files.sunoresearch.com.br\/n\/uploads\/2023\/04\/1420x240-Planilha-vida-financeira-true.png\"\n\t\t\t\t>\n\t\t\t<\/picture>\n\t\t<\/a>\n\t<\/p>\n\n\n<p>Sem a PEC, a economista aponta que \u201cprovavelmente, ele [o governo] teria que lan\u00e7ar m\u00e3o da prorroga\u00e7\u00e3o do aux\u00edlio emergencial por meio de medida provis\u00f3ria, e com isso, novamente teria uma incerteza no cen\u00e1rio\u201d, aponta a economista.<\/p>\n<h2>Movimenta\u00e7\u00e3o do d\u00f3lar hoje<\/h2>\n<p>No in\u00edcio do dia, o <strong>d\u00f3lar<\/strong> <strong>americano\u00a0<\/strong>abriu em queda, na esteira da aprova\u00e7\u00e3o em primeiro turno da PEC dos Precat\u00f3rios na C\u00e2mara ontem \u00e0 noite.<\/p>\n<p>Mas a divisa americana logo passou a subir, puxada puxado pelo fortalecimento no exterior, ap\u00f3s o Banco da Inglaterra (BoE) manter a <a class=\"suno-keyword\" href=\"https:\/\/www.suno.com.br\/artigos\/taxa-de-juros\/\" target=\"_blank\" rel=\"noopener\" data-force=\"no\" data-priority=\"1\">taxa b\u00e1sica de juros<\/a> em 0,1%, contrariando expectativas do mercado.<\/p>\n<p>J\u00e1 no in\u00edcio da tarde, o d\u00f3lar passou a operar entre perdas e ganhos. Os investidores tamb\u00e9m monitoraram a produ\u00e7\u00e3o industrial, que caiu 0,4% em setembro ante agosto, na s\u00e9rie com ajuste sazonal.<\/p>\n\t<p>\n\t\t<a href=\"https:\/\/lp.suno.com.br\/ebook-como-analisar-uma-acao\/\" target=\"_blank\" data-element=\"shortcode-suno-banner\" title=\"Banner SUNO, clique e saiba mais\">\n\t\t\t<picture>\n\t\t\t\t<source media=\"(max-width: 500px)\" srcset=\"https:\/\/files.sunoresearch.com.br\/n\/uploads\/2023\/03\/Ebook-Acoes-Mobile-1.jpg\">\n\t\t\t\t<img class=\"newsContent__article__imgCapa newsContent__article__imgCapa--banner\"\n\t\t\t\t\tsrc=\"https:\/\/files.sunoresearch.com.br\/n\/uploads\/2023\/03\/Ebook-Acoes-Desktop-1.jpg\"\n\t\t\t\t\tdata-promo-id=\"171998\"\t\t\t\t\t\t\t\t\t\twidth='1420' height='286'\t\t\t\t\talt=\"https:\/\/files.sunoresearch.com.br\/n\/uploads\/2023\/03\/Ebook-Acoes-Desktop-1.jpg\"\n\t\t\t\t>\n\t\t\t<\/picture>\n\t\t<\/a>\n\t<\/p>\n\n\n<p>O resultado veio id\u00eantico \u00e0 mediana das expectativas dos analistas ouvidos pelo <i>Proje\u00e7\u00f5es Broadcast<\/i>, que esperavam desde uma queda de 1,3% a alta de 0,7%. Em rela\u00e7\u00e3o a setembro de 2020, a produ\u00e7\u00e3o caiu 3,9%. Nessa compara\u00e7\u00e3o, sem ajuste, as estimativas variavam de um recuo de 6,2% a 1,2%, com mediana negativa de 4,2%. A ind\u00fastria acumula alta de 7,5% no ano de 2021. Em 12 meses, a produ\u00e7\u00e3o acumula alta de 6,4%.<\/p>\n<h2>Not\u00edcias que movimentaram o d\u00f3lar<\/h2>\n<p>Al\u00e9m disso, veja algumas not\u00edcias que movimentaram o d\u00f3lar durante a sess\u00e3o de hoje:<\/p>\n<ul>\n<li>PEC dos Precat\u00f3rios \u00e9 aprovada em primeiro turno na C\u00e2mara, por 312 votos a 144<\/li>\n<li>Produ\u00e7\u00e3o industrial cai em 10 das 26 atividades em setembro ante agosto<\/li>\n<li>Opep+ mant\u00e9m plano para relaxar cortes na produ\u00e7\u00e3o de petr\u00f3leo<\/li>\n<\/ul>\n<h3>PEC dos Precat\u00f3rios \u00e9 aprovada<\/h3>\n<p>Na madrugada desta quinta-feira, 4, o governo conseguiu aprovar, por uma margem de apenas quatro votos,\u00a0em primeiro turno, a <strong>PEC dos Precat\u00f3rios<\/strong> na C\u00e2mara. O texto abre espa\u00e7o de R$ 91,6 bilh\u00f5es no Or\u00e7amento de 2022 para o pagamento do Aux\u00edlio Brasil e outros gastos durante o ano eleitoral.<\/p>\n<p>A sess\u00e3o para aprecia\u00e7\u00e3o dos destaques (sugest\u00f5es de mudan\u00e7as ao texto principal) e vota\u00e7\u00e3o em segundo turno da PEC ser\u00e1 convocada &#8220;oportunamente&#8221;, segundo o presidente da C\u00e2mara, <strong>Arthur Lira<\/strong> (Progressistas-AL). N\u00e3o ficou claro se isso ocorrer\u00e1 ainda nesta quinta ou na semana que vem.<\/p>\n\t<p>\n\t\t<a href=\"https:\/\/lp.suno.com.br\/planilha-de-controle-de-investimentos\/\" target=\"_blank\" data-element=\"shortcode-suno-banner\" title=\"Banner SUNO, clique e saiba mais\">\n\t\t\t<picture>\n\t\t\t\t<source media=\"(max-width: 500px)\" srcset=\"https:\/\/files.sunoresearch.com.br\/n\/uploads\/2023\/03\/400x300-Controle-de-Investimentos.png\">\n\t\t\t\t<img class=\"newsContent__article__imgCapa newsContent__article__imgCapa--banner\"\n\t\t\t\t\tsrc=\"https:\/\/files.sunoresearch.com.br\/n\/uploads\/2023\/03\/1420x240-Controle-de-Investimentos.png\"\n\t\t\t\t\tdata-promo-id=\"75934\"\t\t\t\t\t\t\t\t\t\twidth='1420' height='240'\t\t\t\t\talt=\"https:\/\/files.sunoresearch.com.br\/n\/uploads\/2023\/03\/1420x240-Controle-de-Investimentos.png\"\n\t\t\t\t>\n\t\t\t<\/picture>\n\t\t<\/a>\n\t<\/p>\n\n\n<p>Lira deu voto favor\u00e1vel e ajudou a aprovar a proposta. O parlamentar, que por ocupar a presid\u00eancia da Casa n\u00e3o costuma votar, apertou o sim e contribuiu para garantir o placar vitorioso para o governo. Parte da oposi\u00e7\u00e3o tamb\u00e9m foi crucial para que o presidente <strong>Jair Bolsonaro<\/strong> assegurasse seu plano para o ano eleitoral.<\/p>\n\t<div data-element=\"shortcode-read-more\" class=\"knowMore\">\n\t\t\t\t<span class=\"knowMore__title\">Saiba mais <\/span>\n\t\t\t\t<a class=\"knowMore__link\" href=\"https:\/\/www.suno.com.br\/noticias\/camara-aprova-pec-dos-precatorios-em-primeiro-turno\/\">\n\t\t\tPEC dos Precat\u00f3rios \u00e9 aprovada em primeiro turno na C\u00e2mara, por 312 votos a 144\t\t<\/a>\n\t<\/div>\n\n\n<h3>Produ\u00e7\u00e3o industrial recua<\/h3>\n<p>O recuo de 0,4% na produ\u00e7\u00e3o industrial em setembro ante agosto foi resultado de uma redu\u00e7\u00e3o de ritmo em 10 dos 26 ramos pesquisados, segundo os dados da Pesquisa Industrial Mensal, divulgada pelo IBGE.<\/p>\n<p>&#8220;N\u00e3o houve predom\u00ednio de taxas negativas entre as atividades em setembro. \u00c9 uma sinaliza\u00e7\u00e3o melhor&#8221;, disse Andr\u00e9 Macedo, gerente da Coordena\u00e7\u00e3o de Ind\u00fastria do IBGE. &#8220;Mas permanece a leitura geral de um setor industrial que vem marcando quedas em cima de quedas, aprofundando um resultado negativo frente ao pr\u00e9-pandemia&#8221;, completou.<\/p>\n<p>As principais influ\u00eancias negativas em setembro ante agosto foram de produtos aliment\u00edcios (-1,3%) e metalurgia (-2,5%). Outros efeitos negativos relevantes vieram de couro, artigos para viagem e cal\u00e7ados (-5,5%), outros equipamentos de transporte (-7,6%), bebidas (-1,7%), ind\u00fastrias extrativas (-0,3%), m\u00f3veis (-3,7%) e equipamentos de inform\u00e1tica, produtos eletr\u00f4nicos e \u00f3pticos (-1,7%).<\/p>\n<h3>Opep+ mant\u00e9m acordo<\/h3>\n<p>A Organiza\u00e7\u00e3o dos Pa\u00edses Exportadores de Petr\u00f3leo e aliados (Opep+) informa em comunicado que, ap\u00f3s a reuni\u00e3o ministerial desta quinta-feira, decidiu manter o acordo j\u00e1 em vigor para aumentar gradualmente a oferta da commodity. Com isso, o grupo continuar\u00e1 a relaxar os cortes na produ\u00e7\u00e3o em 400 mil barris por dia em dezembro.<\/p>\n<p>O comunicado tamb\u00e9m reitera a import\u00e2ncia de se respeitar completamente o acordo e tamb\u00e9m de se seguir o mecanismo de compensa\u00e7\u00e3o at\u00e9 o fim de dezembro de 2021.<\/p>\n<p>O documento ainda informa que a pr\u00f3xima reuni\u00e3o ministerial da Opep+ ocorrer\u00e1 em 2 de dezembro deste ano.<\/p>\n<h2>Cota\u00e7\u00e3o do d\u00f3lar nesta quarta (3)<\/h2>\n<p>Na \u00faltima sess\u00e3o, quarta-feira (3), o <strong>d\u00f3lar<\/strong> fechou em queda de 1,42%, negociado a R$ 5,59.<\/p>\n<p><em>(Com informa\u00e7\u00f5es do Estad\u00e3o Conte\u00fado)<\/em><\/p>\n\t<p>\n\t\t<a href=\"\" target=\"_blank\" data-element=\"shortcode-suno-banner\" title=\"Banner SUNO, clique e saiba mais\">\n\t\t\t<picture>\n\t\t\t\t<source media=\"(max-width: 500px)\" srcset=\"\">\n\t\t\t\t<img class=\"newsContent__article__imgCapa newsContent__article__imgCapa--banner\"\n\t\t\t\t\tsrc=\"\"\n\t\t\t\t\tdata-promo-id=\"184190\"\t\t\t\t\t\t\t\t\t\t\t\t\t\t\talt=\"\"\n\t\t\t\t>\n\t\t\t<\/picture>\n\t\t<\/a>\n\t<\/p>\n\n\n","protected":false},"excerpt":{"rendered":"<p>O d\u00f3lar encerrou as negocia\u00e7\u00f5es desta quinta-feira (4) em alta de 0,29%, frente ao real, valendo R$ 5,606 na venda. D\u00f3lar. Foto: Pixabay O d\u00f3lar hoje acompanhou a aprova\u00e7\u00e3o em 1\u00ba turno da PEC dos Precat\u00f3rios na C\u00e2mara, movimento que abre espa\u00e7o de R$ 91,6 bilh\u00f5es no Or\u00e7amento de 2022 para o pagamento do Aux\u00edlio [&hellip;]<\/p>\n","protected":false},"author":39,"featured_media":156118,"comment_status":"closed","ping_status":"closed","sticky":false,"template":"","format":"standard","meta":[],"categories":[60],"tags":[326,105816],"suno_strategy":[],"class_list":["post-201389","post","type-post","status-publish","format-standard","has-post-thumbnail","hentry","category-mercado","tag-dolar","tag-especialistas"],"yoast_head":"<!-- This site is optimized with the Yoast SEO plugin v24.4 - https:\/\/yoast.com\/wordpress\/plugins\/seo\/ -->\n<title>D\u00f3lar fecha em alta de 0,29%, ap\u00f3s aprova\u00e7\u00e3o em 1\u00aa turno da PEC dos Precat\u00f3rios na C\u00e2mara<\/title>\n<meta name=\"description\" content=\"O d\u00f3lar encerrou as negocia\u00e7\u00f5es desta quinta-feira (4) em alta de 0,29%, frente ao real, valendo R$ 5,606 na venda.\" \/>\n<meta name=\"robots\" content=\"index, follow, max-snippet:-1, max-image-preview:large, max-video-preview:-1\" \/>\n<link rel=\"canonical\" href=\"https:\/\/www.suno.com.br\/noticias\/dolar-fecha-alta-pec-precatorios\/\" \/>\n<meta property=\"og:locale\" content=\"pt_BR\" \/>\n<meta property=\"og:type\" content=\"article\" \/>\n<meta property=\"og:title\" content=\"D\u00f3lar fecha em alta de 0,29%, ap\u00f3s aprova\u00e7\u00e3o em 1\u00aa turno da PEC dos Precat\u00f3rios na C\u00e2mara\" \/>\n<meta property=\"og:description\" content=\"O d\u00f3lar encerrou as negocia\u00e7\u00f5es desta quinta-feira (4) em alta de 0,29%, frente ao real, valendo R$ 5,606 na venda.\" \/>\n<meta property=\"og:url\" content=\"https:\/\/www.suno.com.br\/noticias\/dolar-fecha-alta-pec-precatorios\/\" \/>\n<meta property=\"og:site_name\" content=\"Suno Not\u00edcias\" \/>\n<meta property=\"article:publisher\" content=\"https:\/\/facebook.com\/sunoresearch\" \/>\n<meta property=\"og:image\" content=\"https:\/\/files.sunoresearch.com.br\/n\/uploads\/2021\/06\/301dbca0-puzzle-2500328_1920.jpg\" \/>\n\t<meta property=\"og:image:width\" content=\"1920\" \/>\n\t<meta property=\"og:image:height\" content=\"1013\" \/>\n\t<meta property=\"og:image:type\" content=\"image\/jpeg\" \/>\n<meta name=\"author\" content=\"Laura Moutinho\" \/>\n<meta name=\"twitter:card\" content=\"summary_large_image\" \/>\n<meta name=\"twitter:creator\" content=\"@sunoresearch\" \/>\n<meta name=\"twitter:site\" content=\"@sunoresearch\" \/>\n<meta name=\"twitter:label1\" content=\"Escrito por\" \/>\n\t<meta name=\"twitter:data1\" content=\"Laura Moutinho\" \/>\n\t<meta name=\"twitter:label2\" content=\"Est. tempo de leitura\" \/>\n\t<meta name=\"twitter:data2\" content=\"4 minutos\" \/>\n<script type=\"application\/ld+json\" class=\"yoast-schema-graph\">{\"@context\":\"https:\/\/schema.org\",\"@graph\":[{\"@type\":\"NewsArticle\",\"@id\":\"https:\/\/www.suno.com.br\/noticias\/dolar-fecha-alta-pec-precatorios\/#article\",\"isPartOf\":{\"@id\":\"https:\/\/www.suno.com.br\/noticias\/dolar-fecha-alta-pec-precatorios\/\"},\"author\":{\"name\":\"Laura Moutinho\",\"@id\":\"https:\/\/www.suno.com.br\/noticias\/#\/schema\/person\/3df0d2808748b74496efe5dbeaef2c72\"},\"headline\":\"D\u00f3lar fecha em alta de 0,29%, ap\u00f3s aprova\u00e7\u00e3o em 1\u00aa turno da PEC dos Precat\u00f3rios na C\u00e2mara\",\"datePublished\":\"2021-11-04T21:06:07+00:00\",\"dateModified\":\"2021-11-04T22:03:53+00:00\",\"mainEntityOfPage\":{\"@id\":\"https:\/\/www.suno.com.br\/noticias\/dolar-fecha-alta-pec-precatorios\/\"},\"wordCount\":892,\"publisher\":{\"@id\":\"https:\/\/www.suno.com.br\/noticias\/#organization\"},\"image\":{\"@id\":\"https:\/\/www.suno.com.br\/noticias\/dolar-fecha-alta-pec-precatorios\/#primaryimage\"},\"thumbnailUrl\":\"https:\/\/files.sunoresearch.com.br\/n\/uploads\/2021\/06\/301dbca0-puzzle-2500328_1920-jpg.webp\",\"keywords\":[\"d\u00f3lar\",\"Especialistas\"],\"articleSection\":[\"Mercado\"],\"inLanguage\":\"pt-BR\"},{\"@type\":\"WebPage\",\"@id\":\"https:\/\/www.suno.com.br\/noticias\/dolar-fecha-alta-pec-precatorios\/\",\"url\":\"https:\/\/www.suno.com.br\/noticias\/dolar-fecha-alta-pec-precatorios\/\",\"name\":\"D\u00f3lar fecha em alta de 0,29%, ap\u00f3s aprova\u00e7\u00e3o em 1\u00aa turno da PEC dos Precat\u00f3rios na C\u00e2mara\",\"isPartOf\":{\"@id\":\"https:\/\/www.suno.com.br\/noticias\/#website\"},\"primaryImageOfPage\":{\"@id\":\"https:\/\/www.suno.com.br\/noticias\/dolar-fecha-alta-pec-precatorios\/#primaryimage\"},\"image\":{\"@id\":\"https:\/\/www.suno.com.br\/noticias\/dolar-fecha-alta-pec-precatorios\/#primaryimage\"},\"thumbnailUrl\":\"https:\/\/files.sunoresearch.com.br\/n\/uploads\/2021\/06\/301dbca0-puzzle-2500328_1920-jpg.webp\",\"datePublished\":\"2021-11-04T21:06:07+00:00\",\"dateModified\":\"2021-11-04T22:03:53+00:00\",\"description\":\"O d\u00f3lar encerrou as negocia\u00e7\u00f5es desta quinta-feira (4) em alta de 0,29%, frente ao real, valendo R$ 5,606 na venda.\",\"breadcrumb\":{\"@id\":\"https:\/\/www.suno.com.br\/noticias\/dolar-fecha-alta-pec-precatorios\/#breadcrumb\"},\"inLanguage\":\"pt-BR\",\"potentialAction\":[{\"@type\":\"ReadAction\",\"target\":[\"https:\/\/www.suno.com.br\/noticias\/dolar-fecha-alta-pec-precatorios\/\"]}]},{\"@type\":\"ImageObject\",\"inLanguage\":\"pt-BR\",\"@id\":\"https:\/\/www.suno.com.br\/noticias\/dolar-fecha-alta-pec-precatorios\/#primaryimage\",\"url\":\"https:\/\/files.sunoresearch.com.br\/n\/uploads\/2021\/06\/301dbca0-puzzle-2500328_1920-jpg.webp\",\"contentUrl\":\"https:\/\/files.sunoresearch.com.br\/n\/uploads\/2021\/06\/301dbca0-puzzle-2500328_1920-jpg.webp\",\"width\":1920,\"height\":1013,\"caption\":\"D\u00f3lar. Foto: Pixabay\"},{\"@type\":\"BreadcrumbList\",\"@id\":\"https:\/\/www.suno.com.br\/noticias\/dolar-fecha-alta-pec-precatorios\/#breadcrumb\",\"itemListElement\":[{\"@type\":\"ListItem\",\"position\":1,\"name\":\"Not\u00edcias\",\"item\":\"https:\/\/www.suno.com.br\/noticias\/\"},{\"@type\":\"ListItem\",\"position\":2,\"name\":\"Mercado\",\"item\":\"https:\/\/www.suno.com.br\/noticias\/mercado\/\"},{\"@type\":\"ListItem\",\"position\":3,\"name\":\"D\u00f3lar fecha em alta de 0,29%, ap\u00f3s aprova\u00e7\u00e3o em 1\u00aa turno da PEC dos Precat\u00f3rios na C\u00e2mara\"}]},{\"@type\":\"WebSite\",\"@id\":\"https:\/\/www.suno.com.br\/noticias\/#website\",\"url\":\"https:\/\/www.suno.com.br\/noticias\/\",\"name\":\"Suno Not\u00edcias\",\"description\":\"Seu portal de informa\u00e7\u00e3o sobre o mundo dos investimentos\",\"publisher\":{\"@id\":\"https:\/\/www.suno.com.br\/noticias\/#organization\"},\"potentialAction\":[{\"@type\":\"SearchAction\",\"target\":{\"@type\":\"EntryPoint\",\"urlTemplate\":\"https:\/\/www.suno.com.br\/noticias\/?s={search_term_string}\"},\"query-input\":{\"@type\":\"PropertyValueSpecification\",\"valueRequired\":true,\"valueName\":\"search_term_string\"}}],\"inLanguage\":\"pt-BR\"},{\"@type\":\"Organization\",\"@id\":\"https:\/\/www.suno.com.br\/noticias\/#organization\",\"name\":\"Suno Not\u00edcias\",\"url\":\"https:\/\/www.suno.com.br\/noticias\/\",\"logo\":{\"@type\":\"ImageObject\",\"inLanguage\":\"pt-BR\",\"@id\":\"https:\/\/www.suno.com.br\/noticias\/#\/schema\/logo\/image\/\",\"url\":\"https:\/\/files.sunoresearch.com.br\/n\/uploads\/2021\/09\/suno-logo.png\",\"contentUrl\":\"https:\/\/files.sunoresearch.com.br\/n\/uploads\/2021\/09\/suno-logo.png\",\"width\":180,\"height\":180,\"caption\":\"Suno Not\u00edcias\"},\"image\":{\"@id\":\"https:\/\/www.suno.com.br\/noticias\/#\/schema\/logo\/image\/\"},\"sameAs\":[\"https:\/\/facebook.com\/sunoresearch\",\"https:\/\/x.com\/sunoresearch\",\"https:\/\/www.instagram.com\/suno\",\"https:\/\/www.linkedin.com\/company\/suno-research\/\",\"https:\/\/www.youtube.com\/c\/sunoresearch\"]},{\"@type\":\"Person\",\"@id\":\"https:\/\/www.suno.com.br\/noticias\/#\/schema\/person\/3df0d2808748b74496efe5dbeaef2c72\",\"name\":\"Laura Moutinho\",\"image\":{\"@type\":\"ImageObject\",\"inLanguage\":\"pt-BR\",\"@id\":\"https:\/\/www.suno.com.br\/noticias\/#\/schema\/person\/image\/\",\"url\":\"https:\/\/secure.gravatar.com\/avatar\/7571c7c8ca3a6fca5e41384ece5557ff?s=96&r=g\",\"contentUrl\":\"https:\/\/secure.gravatar.com\/avatar\/7571c7c8ca3a6fca5e41384ece5557ff?s=96&r=g\",\"caption\":\"Laura Moutinho\"},\"description\":\"Estagi\u00e1ria na Suno Not\u00edcias, escreve not\u00edcias que afetam o mercado financeiro. Estuda administra\u00e7\u00e3o na Universidade Presbiteriana Mackenzie.\",\"url\":\"https:\/\/www.suno.com.br\/noticias\/author\/laura-moutinho\/\"}]}<\/script>\n<!-- \/ Yoast SEO plugin. -->","yoast_head_json":{"title":"D\u00f3lar fecha em alta de 0,29%, ap\u00f3s aprova\u00e7\u00e3o em 1\u00aa turno da PEC dos Precat\u00f3rios na C\u00e2mara","description":"O d\u00f3lar encerrou as negocia\u00e7\u00f5es desta quinta-feira (4) em alta de 0,29%, frente ao real, valendo R$ 5,606 na venda.","robots":{"index":"index","follow":"follow","max-snippet":"max-snippet:-1","max-image-preview":"max-image-preview:large","max-video-preview":"max-video-preview:-1"},"canonical":"https:\/\/www.suno.com.br\/noticias\/dolar-fecha-alta-pec-precatorios\/","og_locale":"pt_BR","og_type":"article","og_title":"D\u00f3lar fecha em alta de 0,29%, ap\u00f3s aprova\u00e7\u00e3o em 1\u00aa turno da PEC dos Precat\u00f3rios na C\u00e2mara","og_description":"O d\u00f3lar encerrou as negocia\u00e7\u00f5es desta quinta-feira (4) em alta de 0,29%, frente ao real, valendo R$ 5,606 na venda.","og_url":"https:\/\/www.suno.com.br\/noticias\/dolar-fecha-alta-pec-precatorios\/","og_site_name":"Suno Not\u00edcias","article_publisher":"https:\/\/facebook.com\/sunoresearch","og_image":[{"width":1920,"height":1013,"url":"https:\/\/files.sunoresearch.com.br\/n\/uploads\/2021\/06\/301dbca0-puzzle-2500328_1920.jpg","type":"image\/jpeg"}],"author":"Laura Moutinho","twitter_card":"summary_large_image","twitter_creator":"@sunoresearch","twitter_site":"@sunoresearch","twitter_misc":{"Escrito por":"Laura Moutinho","Est. tempo de leitura":"4 minutos"},"schema":{"@context":"https:\/\/schema.org","@graph":[{"@type":"NewsArticle","@id":"https:\/\/www.suno.com.br\/noticias\/dolar-fecha-alta-pec-precatorios\/#article","isPartOf":{"@id":"https:\/\/www.suno.com.br\/noticias\/dolar-fecha-alta-pec-precatorios\/"},"author":{"name":"Laura Moutinho","@id":"https:\/\/www.suno.com.br\/noticias\/#\/schema\/person\/3df0d2808748b74496efe5dbeaef2c72"},"headline":"D\u00f3lar fecha em alta de 0,29%, ap\u00f3s aprova\u00e7\u00e3o em 1\u00aa turno da PEC dos Precat\u00f3rios na C\u00e2mara","datePublished":"2021-11-04T21:06:07+00:00","dateModified":"2021-11-04T22:03:53+00:00","mainEntityOfPage":{"@id":"https:\/\/www.suno.com.br\/noticias\/dolar-fecha-alta-pec-precatorios\/"},"wordCount":892,"publisher":{"@id":"https:\/\/www.suno.com.br\/noticias\/#organization"},"image":{"@id":"https:\/\/www.suno.com.br\/noticias\/dolar-fecha-alta-pec-precatorios\/#primaryimage"},"thumbnailUrl":"https:\/\/files.sunoresearch.com.br\/n\/uploads\/2021\/06\/301dbca0-puzzle-2500328_1920-jpg.webp","keywords":["d\u00f3lar","Especialistas"],"articleSection":["Mercado"],"inLanguage":"pt-BR"},{"@type":"WebPage","@id":"https:\/\/www.suno.com.br\/noticias\/dolar-fecha-alta-pec-precatorios\/","url":"https:\/\/www.suno.com.br\/noticias\/dolar-fecha-alta-pec-precatorios\/","name":"D\u00f3lar fecha em alta de 0,29%, ap\u00f3s aprova\u00e7\u00e3o em 1\u00aa turno da PEC dos Precat\u00f3rios na C\u00e2mara","isPartOf":{"@id":"https:\/\/www.suno.com.br\/noticias\/#website"},"primaryImageOfPage":{"@id":"https:\/\/www.suno.com.br\/noticias\/dolar-fecha-alta-pec-precatorios\/#primaryimage"},"image":{"@id":"https:\/\/www.suno.com.br\/noticias\/dolar-fecha-alta-pec-precatorios\/#primaryimage"},"thumbnailUrl":"https:\/\/files.sunoresearch.com.br\/n\/uploads\/2021\/06\/301dbca0-puzzle-2500328_1920-jpg.webp","datePublished":"2021-11-04T21:06:07+00:00","dateModified":"2021-11-04T22:03:53+00:00","description":"O d\u00f3lar encerrou as negocia\u00e7\u00f5es desta quinta-feira (4) em alta de 0,29%, frente ao real, valendo R$ 5,606 na venda.","breadcrumb":{"@id":"https:\/\/www.suno.com.br\/noticias\/dolar-fecha-alta-pec-precatorios\/#breadcrumb"},"inLanguage":"pt-BR","potentialAction":[{"@type":"ReadAction","target":["https:\/\/www.suno.com.br\/noticias\/dolar-fecha-alta-pec-precatorios\/"]}]},{"@type":"ImageObject","inLanguage":"pt-BR","@id":"https:\/\/www.suno.com.br\/noticias\/dolar-fecha-alta-pec-precatorios\/#primaryimage","url":"https:\/\/files.sunoresearch.com.br\/n\/uploads\/2021\/06\/301dbca0-puzzle-2500328_1920-jpg.webp","contentUrl":"https:\/\/files.sunoresearch.com.br\/n\/uploads\/2021\/06\/301dbca0-puzzle-2500328_1920-jpg.webp","width":1920,"height":1013,"caption":"D\u00f3lar. Foto: Pixabay"},{"@type":"BreadcrumbList","@id":"https:\/\/www.suno.com.br\/noticias\/dolar-fecha-alta-pec-precatorios\/#breadcrumb","itemListElement":[{"@type":"ListItem","position":1,"name":"Not\u00edcias","item":"https:\/\/www.suno.com.br\/noticias\/"},{"@type":"ListItem","position":2,"name":"Mercado","item":"https:\/\/www.suno.com.br\/noticias\/mercado\/"},{"@type":"ListItem","position":3,"name":"D\u00f3lar fecha em alta de 0,29%, ap\u00f3s aprova\u00e7\u00e3o em 1\u00aa turno da PEC dos Precat\u00f3rios na C\u00e2mara"}]},{"@type":"WebSite","@id":"https:\/\/www.suno.com.br\/noticias\/#website","url":"https:\/\/www.suno.com.br\/noticias\/","name":"Suno Not\u00edcias","description":"Seu portal de informa\u00e7\u00e3o sobre o mundo dos investimentos","publisher":{"@id":"https:\/\/www.suno.com.br\/noticias\/#organization"},"potentialAction":[{"@type":"SearchAction","target":{"@type":"EntryPoint","urlTemplate":"https:\/\/www.suno.com.br\/noticias\/?s={search_term_string}"},"query-input":{"@type":"PropertyValueSpecification","valueRequired":true,"valueName":"search_term_string"}}],"inLanguage":"pt-BR"},{"@type":"Organization","@id":"https:\/\/www.suno.com.br\/noticias\/#organization","name":"Suno Not\u00edcias","url":"https:\/\/www.suno.com.br\/noticias\/","logo":{"@type":"ImageObject","inLanguage":"pt-BR","@id":"https:\/\/www.suno.com.br\/noticias\/#\/schema\/logo\/image\/","url":"https:\/\/files.sunoresearch.com.br\/n\/uploads\/2021\/09\/suno-logo.png","contentUrl":"https:\/\/files.sunoresearch.com.br\/n\/uploads\/2021\/09\/suno-logo.png","width":180,"height":180,"caption":"Suno Not\u00edcias"},"image":{"@id":"https:\/\/www.suno.com.br\/noticias\/#\/schema\/logo\/image\/"},"sameAs":["https:\/\/facebook.com\/sunoresearch","https:\/\/x.com\/sunoresearch","https:\/\/www.instagram.com\/suno","https:\/\/www.linkedin.com\/company\/suno-research\/","https:\/\/www.youtube.com\/c\/sunoresearch"]},{"@type":"Person","@id":"https:\/\/www.suno.com.br\/noticias\/#\/schema\/person\/3df0d2808748b74496efe5dbeaef2c72","name":"Laura Moutinho","image":{"@type":"ImageObject","inLanguage":"pt-BR","@id":"https:\/\/www.suno.com.br\/noticias\/#\/schema\/person\/image\/","url":"https:\/\/secure.gravatar.com\/avatar\/7571c7c8ca3a6fca5e41384ece5557ff?s=96&r=g","contentUrl":"https:\/\/secure.gravatar.com\/avatar\/7571c7c8ca3a6fca5e41384ece5557ff?s=96&r=g","caption":"Laura Moutinho"},"description":"Estagi\u00e1ria na Suno Not\u00edcias, escreve not\u00edcias que afetam o mercado financeiro. Estuda administra\u00e7\u00e3o na Universidade Presbiteriana Mackenzie.","url":"https:\/\/www.suno.com.br\/noticias\/author\/laura-moutinho\/"}]}},"default_loop_html":"<div class=\"cardsPage__listCard__boxs\"><div class=\"cardsPage__listCard__boxs__img\"><a href=\"https:\/\/www.suno.com.br\/noticias\/dolar-fecha-alta-pec-precatorios\/\"><img class=\"mask\" src=\"https:\/\/www.suno.com.br\/noticias\/wp-content\/themes\/suno\/resources\/images\/spotlight\/spotlight1img\/bg-mask.png\" alt=\"Image Mask\"\/><img src=\"https:\/\/files.sunoresearch.com.br\/n\/uploads\/2021\/06\/301dbca0-puzzle-2500328_1920-400x200.webp\" alt=\"D\u00f3lar fecha em alta de 0,29%, ap\u00f3s aprova\u00e7\u00e3o em 1\u00aa turno da PEC dos Precat\u00f3rios na C\u00e2mara\"\/><\/a><span class=\"spotlightCategory\"><a href=\"https:\/\/www.suno.com.br\/noticias\/mercado\/\">Mercado<\/a><\/span><\/div><div class=\"cardsPage__listCard__boxs__content\"><a href=\"https:\/\/www.suno.com.br\/noticias\/dolar-fecha-alta-pec-precatorios\/\"><h2 class=\"content__title\">D\u00f3lar fecha em alta de 0,29%, ap\u00f3s aprova\u00e7\u00e3o em 1\u00aa turno da PEC dos Precat\u00f3rios na C\u00e2mara<\/h2><\/a><div class=\"newsContent__article__meta\"><div class=\"newsContent__article__meta__authorBox\"><a href=\"https:\/\/www.suno.com.br\/noticias\/author\/laura-moutinho\/\" class=\"authorBox__avatar noMobi\"><img src=\"https:\/\/files.sunoresearch.com.br\/n\/uploads\/2020\/08\/531ff69d-whatsapp-image-2020-08-03-at-14.54.38-150x150.webp\" alt=\"Laura Moutinho\"><\/a><div class=\"authorBox__name\"><span>por\n\t\t\t<a href=\"https:\/\/www.suno.com.br\/noticias\/author\/laura-moutinho\/\"><span itemprop=\"author\">Laura Moutinho<\/span><\/a><\/span><time datetime=\"2021-11-04T18:06:07-03:00\" itemprop=\"datePublished\">04\/11\/2021 18:06<\/time><\/div><\/div><\/div><\/div><\/div>","single_layout":"posts","amp_enabled":true,"_links":{"self":[{"href":"https:\/\/www.suno.com.br\/noticias\/wp-json\/wp\/v2\/posts\/201389"}],"collection":[{"href":"https:\/\/www.suno.com.br\/noticias\/wp-json\/wp\/v2\/posts"}],"about":[{"href":"https:\/\/www.suno.com.br\/noticias\/wp-json\/wp\/v2\/types\/post"}],"author":[{"embeddable":true,"href":"https:\/\/www.suno.com.br\/noticias\/wp-json\/wp\/v2\/users\/39"}],"replies":[{"embeddable":true,"href":"https:\/\/www.suno.com.br\/noticias\/wp-json\/wp\/v2\/comments?post=201389"}],"version-history":[{"count":3,"href":"https:\/\/www.suno.com.br\/noticias\/wp-json\/wp\/v2\/posts\/201389\/revisions"}],"predecessor-version":[{"id":201468,"href":"https:\/\/www.suno.com.br\/noticias\/wp-json\/wp\/v2\/posts\/201389\/revisions\/201468"}],"wp:featuredmedia":[{"embeddable":true,"href":"https:\/\/www.suno.com.br\/noticias\/wp-json\/wp\/v2\/media\/156118"}],"wp:attachment":[{"href":"https:\/\/www.suno.com.br\/noticias\/wp-json\/wp\/v2\/media?parent=201389"}],"wp:term":[{"taxonomy":"category","embeddable":true,"href":"https:\/\/www.suno.com.br\/noticias\/wp-json\/wp\/v2\/categories?post=201389"},{"taxonomy":"post_tag","embeddable":true,"href":"https:\/\/www.suno.com.br\/noticias\/wp-json\/wp\/v2\/tags?post=201389"},{"taxonomy":"suno_strategy","embeddable":true,"href":"https:\/\/www.suno.com.br\/noticias\/wp-json\/wp\/v2\/suno_strategy?post=201389"}],"curies":[{"name":"wp","href":"https:\/\/api.w.org\/{rel}","templated":true}]}}