{"id":201381,"date":"2021-11-04T18:17:38","date_gmt":"2021-11-04T21:17:38","guid":{"rendered":"https:\/\/www.suno.com.br\/noticias\/?p=201381"},"modified":"2021-11-04T22:26:58","modified_gmt":"2021-11-05T01:26:58","slug":"claro-vence-telefonica-vivt3-disputa-5g","status":"publish","type":"post","link":"https:\/\/www.suno.com.br\/noticias\/claro-vence-telefonica-vivt3-disputa-5g\/","title":{"rendered":"Claro vence Telef\u00f4nica (VIVT3) na disputa por SP em leil\u00e3o de 5G"},"content":{"rendered":"<p>No leil\u00e3o do 5G da Ag\u00eancia Nacional de Telecomunica\u00e7\u00f5es (Anatel) nesta quinta (4), empresas tamb\u00e9m disputaram oferta do 4G. A <strong>Claro<\/strong> arrematou o lote E03 para oferecer tecnologia 4G no Estado de S\u00e3o Paulo, dentro da faixa 2,3 GHz. A empresa venceu a disputa ao propor uma outorga de R$ 750 milh\u00f5es, com \u00e1gio de 755,1%.<\/p>\t<div class=\"wrapper-featured-image\">\n\t\t<figure class=\"spotlightImg\">\n\n\t\t\t<picture>\n\t\t\t\t<source media=\"(max-width: 768px)\" srcset=\"https:\/\/files.sunoresearch.com.br\/n\/uploads\/2019\/09\/2b21c39b-claro-400x200.webp\">\n\t\t\t\t<img loading=\"lazy\" decoding=\"async\" class=\"newsContent__article__imgCapa lazyloadDisabled \" src=\"https:\/\/files.sunoresearch.com.br\/n\/uploads\/2019\/09\/2b21c39b-claro-800x450.webp\" width=\"800\" height=\"450\" alt=\"Claro vence Telef\u00f4nica (VIVT3) na disputa por SP em leil\u00e3o de 5G\" fetchpriority=high \/>\n\t\t\t<\/picture>\n\n\t\t\t<figcaption class=\"wp-caption-text wp-caption-text--show\">Claro (divulga\u00e7\u00e3o)<\/figcaption>\n\t\t<\/figure>\n\t<\/div>\n\n\n\t<p>\n\t\t<a href=\"https:\/\/lp.suno.com.br\/planilha-controle-gastos\/\" target=\"_blank\" data-element=\"shortcode-suno-banner\" title=\"Banner SUNO, clique e saiba mais\">\n\t\t\t<picture>\n\t\t\t\t<source media=\"(max-width: 500px)\" srcset=\"https:\/\/files.sunoresearch.com.br\/n\/uploads\/2023\/03\/400x300-Planilha-controle-de-gastos.png\">\n\t\t\t\t<img class=\"newsContent__article__imgCapa newsContent__article__imgCapa--banner\"\n\t\t\t\t\tsrc=\"https:\/\/files.sunoresearch.com.br\/n\/uploads\/2023\/03\/1420x240-Planilha-controle-de-gastos.png\"\n\t\t\t\t\tdata-promo-id=\"101751\"\t\t\t\t\t\t\t\t\t\twidth='1420' height='240'\t\t\t\t\talt=\"https:\/\/files.sunoresearch.com.br\/n\/uploads\/2023\/03\/1420x240-Planilha-controle-de-gastos.png\"\n\t\t\t\t>\n\t\t\t<\/picture>\n\t\t<\/a>\n\t<\/p>\n\n\n<p>A Claro derrotou a <a class=\"suno-keyword\" href=\"https:\/\/www.suno.com.br\/acoes\/VIVT3\/\" target=\"_blank\" rel=\"noopener\" data-force=\"yes\" data-priority=\"2\">Telef\u00f4nica (VIVT3)<\/a>, que em sua \u00faltima oferta prop\u00f4s R$ 682,5 milh\u00f5es pelo bloco. A <strong>Claro ofereceu o maior valor<\/strong> e ficou com o lote.<\/p>\n<p>A \u00e1rea de presta\u00e7\u00e3o \u00e9 formada pelo Estado de <strong>S\u00e3o Paulo<\/strong>, com exce\u00e7\u00e3o dos munic\u00edpios de Altin\u00f3polis, Aramina, Batatais, Brodosqui, Buritizal, Cajuru, C\u00e1ssia dos Coqueiros, Col\u00f4mbia, Franca, Gua\u00edra, Guar\u00e1, Ipu\u00e3, Ituverava, Jardin\u00f3polis, Miguel\u00f3polis, Morro Agudo, Nuporanga, Orl\u00e2ndia, Ribeir\u00e3o Corrente, Sales de Oliveira, Santa Cruz da Esperan\u00e7a, Santo Ant\u00f4nio da Alegria e S\u00e3o Joaquim da Barra.<\/p>\n\t<p>\n\t\t<a href=\"https:\/\/lp.suno.com.br\/planilha-da-vida-financeira\/\" target=\"_blank\" data-element=\"shortcode-suno-banner\" title=\"Banner SUNO, clique e saiba mais\">\n\t\t\t<picture>\n\t\t\t\t<source media=\"(max-width: 500px)\" srcset=\"https:\/\/files.sunoresearch.com.br\/n\/uploads\/2023\/04\/400x300-Planilha-vida-financeira-true.png\">\n\t\t\t\t<img class=\"newsContent__article__imgCapa newsContent__article__imgCapa--banner\"\n\t\t\t\t\tsrc=\"https:\/\/files.sunoresearch.com.br\/n\/uploads\/2023\/04\/1420x240-Planilha-vida-financeira-true.png\"\n\t\t\t\t\tdata-promo-id=\"106682\"\t\t\t\t\t\t\t\t\t\twidth='1420' height='240'\t\t\t\t\talt=\"https:\/\/files.sunoresearch.com.br\/n\/uploads\/2023\/04\/1420x240-Planilha-vida-financeira-true.png\"\n\t\t\t\t>\n\t\t\t<\/picture>\n\t\t<\/a>\n\t<\/p>\n\n\n<p>J\u00e1 a <strong>Brisanet<\/strong> (BRIT3) arrematou o lote E4, na faixa de 2,3 GHz, com uma proposta \u00fanica de R$ 111,385 milh\u00f5es para atender com 4G a Regi\u00e3o Nordeste.<\/p>\n<p>Na faixa de 2,3 GHz, apesar do compromisso das empresas em cobrir com <strong>4G<\/strong> a rela\u00e7\u00e3o de 95% da \u00e1rea urbana dos munic\u00edpios sem a tecnologia, a frequ\u00eancia tamb\u00e9m poder\u00e1 ser usada para o 5G.<\/p>\n\t<p>\n\t\t<a href=\"https:\/\/lp.suno.com.br\/ebook-como-analisar-uma-acao\/\" target=\"_blank\" data-element=\"shortcode-suno-banner\" title=\"Banner SUNO, clique e saiba mais\">\n\t\t\t<picture>\n\t\t\t\t<source media=\"(max-width: 500px)\" srcset=\"https:\/\/files.sunoresearch.com.br\/n\/uploads\/2023\/03\/Ebook-Acoes-Mobile-1.jpg\">\n\t\t\t\t<img class=\"newsContent__article__imgCapa newsContent__article__imgCapa--banner\"\n\t\t\t\t\tsrc=\"https:\/\/files.sunoresearch.com.br\/n\/uploads\/2023\/03\/Ebook-Acoes-Desktop-1.jpg\"\n\t\t\t\t\tdata-promo-id=\"171998\"\t\t\t\t\t\t\t\t\t\twidth='1420' height='286'\t\t\t\t\talt=\"https:\/\/files.sunoresearch.com.br\/n\/uploads\/2023\/03\/Ebook-Acoes-Desktop-1.jpg\"\n\t\t\t\t>\n\t\t\t<\/picture>\n\t\t<\/a>\n\t<\/p>\n\n\n<h2>Claro arremata 4G na Regi\u00e3o Sul<\/h2>\n<p>A Claro arrematou tamb\u00e9m o lote E06 para oferecer<strong> tecnologia 4G<\/strong> na Regi\u00e3o Sul. A empresa saiu vencedora ao propor uma outorga de R$ 210 milh\u00f5es, e \u00e1gio de 259,65%. O lote foi disputado entre a Claro e a Telef\u00f4nica (Vivo).<\/p>\n<p>Assim como nos blocos E05 (Centro-Oeste) e E03 (Estado de S\u00e3o Paulo), a Claro saiu vencedora na<strong> disputa com a Telef\u00f4nica<\/strong>. No lote E05, a empresa saiu vencedora ao propor uma outorga de R$ 150 milh\u00f5es, e \u00e1gio de 381,15%.<\/p>\n\t<p>\n\t\t<a href=\"https:\/\/lp.suno.com.br\/planilha-de-controle-de-investimentos\/\" target=\"_blank\" data-element=\"shortcode-suno-banner\" title=\"Banner SUNO, clique e saiba mais\">\n\t\t\t<picture>\n\t\t\t\t<source media=\"(max-width: 500px)\" srcset=\"https:\/\/files.sunoresearch.com.br\/n\/uploads\/2023\/03\/400x300-Controle-de-Investimentos.png\">\n\t\t\t\t<img class=\"newsContent__article__imgCapa newsContent__article__imgCapa--banner\"\n\t\t\t\t\tsrc=\"https:\/\/files.sunoresearch.com.br\/n\/uploads\/2023\/03\/1420x240-Controle-de-Investimentos.png\"\n\t\t\t\t\tdata-promo-id=\"75934\"\t\t\t\t\t\t\t\t\t\twidth='1420' height='240'\t\t\t\t\talt=\"https:\/\/files.sunoresearch.com.br\/n\/uploads\/2023\/03\/1420x240-Controle-de-Investimentos.png\"\n\t\t\t\t>\n\t\t\t<\/picture>\n\t\t<\/a>\n\t<\/p>\n\n\n<p>O lote foi disputado entre a Claro e a Telef\u00f4nica, que em seu \u00faltimo lance ofereceu R$ 135 milh\u00f5es. Ao fim, a Claro prop\u00f4s o maior valor e ficou com o bloco.<\/p>\n\t<div data-element=\"shortcode-read-more\" class=\"knowMore\">\n\t\t\t\t<span class=\"knowMore__title\">Saiba mais<\/span>\n\t\t\t\t<a class=\"knowMore__link\" href=\"https:\/\/www.suno.com.br\/noticias\/leilao-5g-telecom-arremata-lote\/\">\n\t\t\tLeil\u00e3o do 5G: Algar Telecom arremata lote no sul de MG e em munic\u00edpios no MS, GO e SP\t\t<\/a>\n\t<\/div>\n\n\n<p>A \u00e1rea de presta\u00e7\u00e3o do E05 conquistado pela <strong>Claro<\/strong> \u00e9 formada pela regi\u00e3o Centro-Oeste, mas com exce\u00e7\u00e3o do munic\u00edpio de Parana\u00edba, no Estado de Mato Grosso do Sul, e das cidades de Buriti Alegre, Cachoeira Dourada, Inaciol\u00e2ndia, Itumbiara, Paranaiguara e S\u00e3o Sim\u00e3o, no Estado de Goi\u00e1s.<\/p>\n<p><em>(Com informa\u00e7\u00f5es da Ag\u00eancia Estado)<\/em><\/p>\n\t<p>\n\t\t<a href=\"\" target=\"_blank\" data-element=\"shortcode-suno-banner\" title=\"Banner SUNO, clique e saiba mais\">\n\t\t\t<picture>\n\t\t\t\t<source media=\"(max-width: 500px)\" srcset=\"\">\n\t\t\t\t<img class=\"newsContent__article__imgCapa newsContent__article__imgCapa--banner\"\n\t\t\t\t\tsrc=\"\"\n\t\t\t\t\tdata-promo-id=\"184190\"\t\t\t\t\t\t\t\t\t\t\t\t\t\t\talt=\"\"\n\t\t\t\t>\n\t\t\t<\/picture>\n\t\t<\/a>\n\t<\/p>\n\n\n","protected":false},"excerpt":{"rendered":"<p>No leil\u00e3o do 5G da Ag\u00eancia Nacional de Telecomunica\u00e7\u00f5es (Anatel) nesta quinta (4), empresas tamb\u00e9m disputaram oferta do 4G. A Claro arrematou o lote E03 para oferecer tecnologia 4G no Estado de S\u00e3o Paulo, dentro da faixa 2,3 GHz. A empresa venceu a disputa ao propor uma outorga de R$ 750 milh\u00f5es, com \u00e1gio de [&hellip;]<\/p>\n","protected":false},"author":118,"featured_media":36891,"comment_status":"closed","ping_status":"closed","sticky":false,"template":"","format":"standard","meta":[],"categories":[64],"tags":[106603,1140,105704,937,659],"suno_strategy":[],"class_list":["post-201381","post","type-post","status-publish","format-standard","has-post-thumbnail","hentry","category-negocios","tag-brisanet-brit3","tag-claro","tag-leilao-do-5g","tag-telecomunicacoes","tag-telefonica-vivt3"],"yoast_head":"<!-- This site is optimized with the Yoast SEO plugin v24.4 - https:\/\/yoast.com\/wordpress\/plugins\/seo\/ -->\n<title>Claro vence Telef\u00f4nica (VIVT3) na disputa por SP em leil\u00e3o de 5G<\/title>\n<meta name=\"description\" content=\"No leil\u00e3o do 5G ofertado pela Ag\u00eancia Nacional de Telecomunica\u00e7\u00f5es (Anatel) nesta quinta (4), a Claro arrematou...Saiba mais\" \/>\n<meta name=\"robots\" content=\"index, follow, max-snippet:-1, max-image-preview:large, max-video-preview:-1\" \/>\n<link rel=\"canonical\" href=\"https:\/\/www.suno.com.br\/noticias\/claro-vence-telefonica-vivt3-disputa-5g\/\" \/>\n<meta property=\"og:locale\" content=\"pt_BR\" \/>\n<meta property=\"og:type\" content=\"article\" \/>\n<meta property=\"og:title\" content=\"Claro vence Telef\u00f4nica (VIVT3) na disputa por SP em leil\u00e3o de 5G\" \/>\n<meta property=\"og:description\" content=\"No leil\u00e3o do 5G ofertado pela Ag\u00eancia Nacional de Telecomunica\u00e7\u00f5es (Anatel) nesta quinta (4), a Claro arrematou...Saiba mais\" \/>\n<meta property=\"og:url\" content=\"https:\/\/www.suno.com.br\/noticias\/claro-vence-telefonica-vivt3-disputa-5g\/\" \/>\n<meta property=\"og:site_name\" content=\"Suno Not\u00edcias\" \/>\n<meta property=\"article:publisher\" content=\"https:\/\/facebook.com\/sunoresearch\" \/>\n<meta property=\"og:image\" content=\"https:\/\/files.sunoresearch.com.br\/n\/uploads\/2019\/09\/2b21c39b-claro.jpg\" \/>\n\t<meta property=\"og:image:width\" content=\"1204\" \/>\n\t<meta property=\"og:image:height\" content=\"902\" \/>\n\t<meta property=\"og:image:type\" content=\"image\/jpeg\" \/>\n<meta name=\"author\" content=\"Bruno Galv\u00e3o\" \/>\n<meta name=\"twitter:card\" content=\"summary_large_image\" \/>\n<meta name=\"twitter:creator\" content=\"@sunoresearch\" \/>\n<meta name=\"twitter:site\" content=\"@sunoresearch\" \/>\n<meta name=\"twitter:label1\" content=\"Escrito por\" \/>\n\t<meta name=\"twitter:data1\" content=\"Bruno Galv\u00e3o\" \/>\n\t<meta name=\"twitter:label2\" content=\"Est. tempo de leitura\" \/>\n\t<meta name=\"twitter:data2\" content=\"2 minutos\" \/>\n<script type=\"application\/ld+json\" class=\"yoast-schema-graph\">{\"@context\":\"https:\/\/schema.org\",\"@graph\":[{\"@type\":\"NewsArticle\",\"@id\":\"https:\/\/www.suno.com.br\/noticias\/claro-vence-telefonica-vivt3-disputa-5g\/#article\",\"isPartOf\":{\"@id\":\"https:\/\/www.suno.com.br\/noticias\/claro-vence-telefonica-vivt3-disputa-5g\/\"},\"author\":{\"name\":\"Bruno Galv\u00e3o\",\"@id\":\"https:\/\/www.suno.com.br\/noticias\/#\/schema\/person\/06f0d962a6b1c54852e4860f16935600\"},\"headline\":\"Claro vence Telef\u00f4nica (VIVT3) na disputa por SP em leil\u00e3o de 5G\",\"datePublished\":\"2021-11-04T21:17:38+00:00\",\"dateModified\":\"2021-11-05T01:26:58+00:00\",\"mainEntityOfPage\":{\"@id\":\"https:\/\/www.suno.com.br\/noticias\/claro-vence-telefonica-vivt3-disputa-5g\/\"},\"wordCount\":444,\"publisher\":{\"@id\":\"https:\/\/www.suno.com.br\/noticias\/#organization\"},\"image\":{\"@id\":\"https:\/\/www.suno.com.br\/noticias\/claro-vence-telefonica-vivt3-disputa-5g\/#primaryimage\"},\"thumbnailUrl\":\"https:\/\/files.sunoresearch.com.br\/n\/uploads\/2019\/09\/2b21c39b-claro-jpg.webp\",\"keywords\":[\"Brisanet (BRIT3)\",\"Claro\",\"leil\u00e3o do 5G\",\"telecomunica\u00e7\u00f5es\",\"Telef\u00f4nica (VIVT3)\"],\"articleSection\":[\"Neg\u00f3cios\"],\"inLanguage\":\"pt-BR\"},{\"@type\":\"WebPage\",\"@id\":\"https:\/\/www.suno.com.br\/noticias\/claro-vence-telefonica-vivt3-disputa-5g\/\",\"url\":\"https:\/\/www.suno.com.br\/noticias\/claro-vence-telefonica-vivt3-disputa-5g\/\",\"name\":\"Claro vence Telef\u00f4nica (VIVT3) na disputa por SP em leil\u00e3o de 5G\",\"isPartOf\":{\"@id\":\"https:\/\/www.suno.com.br\/noticias\/#website\"},\"primaryImageOfPage\":{\"@id\":\"https:\/\/www.suno.com.br\/noticias\/claro-vence-telefonica-vivt3-disputa-5g\/#primaryimage\"},\"image\":{\"@id\":\"https:\/\/www.suno.com.br\/noticias\/claro-vence-telefonica-vivt3-disputa-5g\/#primaryimage\"},\"thumbnailUrl\":\"https:\/\/files.sunoresearch.com.br\/n\/uploads\/2019\/09\/2b21c39b-claro-jpg.webp\",\"datePublished\":\"2021-11-04T21:17:38+00:00\",\"dateModified\":\"2021-11-05T01:26:58+00:00\",\"description\":\"No leil\u00e3o do 5G ofertado pela Ag\u00eancia Nacional de Telecomunica\u00e7\u00f5es (Anatel) nesta quinta (4), a Claro arrematou...Saiba mais\",\"breadcrumb\":{\"@id\":\"https:\/\/www.suno.com.br\/noticias\/claro-vence-telefonica-vivt3-disputa-5g\/#breadcrumb\"},\"inLanguage\":\"pt-BR\",\"potentialAction\":[{\"@type\":\"ReadAction\",\"target\":[\"https:\/\/www.suno.com.br\/noticias\/claro-vence-telefonica-vivt3-disputa-5g\/\"]}]},{\"@type\":\"ImageObject\",\"inLanguage\":\"pt-BR\",\"@id\":\"https:\/\/www.suno.com.br\/noticias\/claro-vence-telefonica-vivt3-disputa-5g\/#primaryimage\",\"url\":\"https:\/\/files.sunoresearch.com.br\/n\/uploads\/2019\/09\/2b21c39b-claro-jpg.webp\",\"contentUrl\":\"https:\/\/files.sunoresearch.com.br\/n\/uploads\/2019\/09\/2b21c39b-claro-jpg.webp\",\"width\":1204,\"height\":902,\"caption\":\"Claro (divulga\u00e7\u00e3o)\"},{\"@type\":\"BreadcrumbList\",\"@id\":\"https:\/\/www.suno.com.br\/noticias\/claro-vence-telefonica-vivt3-disputa-5g\/#breadcrumb\",\"itemListElement\":[{\"@type\":\"ListItem\",\"position\":1,\"name\":\"Not\u00edcias\",\"item\":\"https:\/\/www.suno.com.br\/noticias\/\"},{\"@type\":\"ListItem\",\"position\":2,\"name\":\"Neg\u00f3cios\",\"item\":\"https:\/\/www.suno.com.br\/noticias\/negocios\/\"},{\"@type\":\"ListItem\",\"position\":3,\"name\":\"Claro vence Telef\u00f4nica (VIVT3) na disputa por SP em leil\u00e3o de 5G\"}]},{\"@type\":\"WebSite\",\"@id\":\"https:\/\/www.suno.com.br\/noticias\/#website\",\"url\":\"https:\/\/www.suno.com.br\/noticias\/\",\"name\":\"Suno Not\u00edcias\",\"description\":\"Seu portal de informa\u00e7\u00e3o sobre o mundo dos investimentos\",\"publisher\":{\"@id\":\"https:\/\/www.suno.com.br\/noticias\/#organization\"},\"potentialAction\":[{\"@type\":\"SearchAction\",\"target\":{\"@type\":\"EntryPoint\",\"urlTemplate\":\"https:\/\/www.suno.com.br\/noticias\/?s={search_term_string}\"},\"query-input\":{\"@type\":\"PropertyValueSpecification\",\"valueRequired\":true,\"valueName\":\"search_term_string\"}}],\"inLanguage\":\"pt-BR\"},{\"@type\":\"Organization\",\"@id\":\"https:\/\/www.suno.com.br\/noticias\/#organization\",\"name\":\"Suno Not\u00edcias\",\"url\":\"https:\/\/www.suno.com.br\/noticias\/\",\"logo\":{\"@type\":\"ImageObject\",\"inLanguage\":\"pt-BR\",\"@id\":\"https:\/\/www.suno.com.br\/noticias\/#\/schema\/logo\/image\/\",\"url\":\"https:\/\/files.sunoresearch.com.br\/n\/uploads\/2021\/09\/suno-logo.png\",\"contentUrl\":\"https:\/\/files.sunoresearch.com.br\/n\/uploads\/2021\/09\/suno-logo.png\",\"width\":180,\"height\":180,\"caption\":\"Suno Not\u00edcias\"},\"image\":{\"@id\":\"https:\/\/www.suno.com.br\/noticias\/#\/schema\/logo\/image\/\"},\"sameAs\":[\"https:\/\/facebook.com\/sunoresearch\",\"https:\/\/x.com\/sunoresearch\",\"https:\/\/www.instagram.com\/suno\",\"https:\/\/www.linkedin.com\/company\/suno-research\/\",\"https:\/\/www.youtube.com\/c\/sunoresearch\"]},{\"@type\":\"Person\",\"@id\":\"https:\/\/www.suno.com.br\/noticias\/#\/schema\/person\/06f0d962a6b1c54852e4860f16935600\",\"name\":\"Bruno Galv\u00e3o\",\"image\":{\"@type\":\"ImageObject\",\"inLanguage\":\"pt-BR\",\"@id\":\"https:\/\/www.suno.com.br\/noticias\/#\/schema\/person\/image\/\",\"url\":\"https:\/\/secure.gravatar.com\/avatar\/53598df0b41c00f12f287a912d0e918e?s=96&r=g\",\"contentUrl\":\"https:\/\/secure.gravatar.com\/avatar\/53598df0b41c00f12f287a912d0e918e?s=96&r=g\",\"caption\":\"Bruno Galv\u00e3o\"},\"description\":\"Escreve para o portal Suno Not\u00edcias. \u00c9 estudante de Jornalismo pela Faculdade C\u00e1sper L\u00edbero e Letras pela USP. Entusiasta de tecnologia e intelig\u00eancia artificial.\",\"url\":\"https:\/\/www.suno.com.br\/noticias\/author\/bruno-garcia\/\"}]}<\/script>\n<!-- \/ Yoast SEO plugin. -->","yoast_head_json":{"title":"Claro vence Telef\u00f4nica (VIVT3) na disputa por SP em leil\u00e3o de 5G","description":"No leil\u00e3o do 5G ofertado pela Ag\u00eancia Nacional de Telecomunica\u00e7\u00f5es (Anatel) nesta quinta (4), a Claro arrematou...Saiba mais","robots":{"index":"index","follow":"follow","max-snippet":"max-snippet:-1","max-image-preview":"max-image-preview:large","max-video-preview":"max-video-preview:-1"},"canonical":"https:\/\/www.suno.com.br\/noticias\/claro-vence-telefonica-vivt3-disputa-5g\/","og_locale":"pt_BR","og_type":"article","og_title":"Claro vence Telef\u00f4nica (VIVT3) na disputa por SP em leil\u00e3o de 5G","og_description":"No leil\u00e3o do 5G ofertado pela Ag\u00eancia Nacional de Telecomunica\u00e7\u00f5es (Anatel) nesta quinta (4), a Claro arrematou...Saiba mais","og_url":"https:\/\/www.suno.com.br\/noticias\/claro-vence-telefonica-vivt3-disputa-5g\/","og_site_name":"Suno Not\u00edcias","article_publisher":"https:\/\/facebook.com\/sunoresearch","og_image":[{"width":1204,"height":902,"url":"https:\/\/files.sunoresearch.com.br\/n\/uploads\/2019\/09\/2b21c39b-claro.jpg","type":"image\/jpeg"}],"author":"Bruno Galv\u00e3o","twitter_card":"summary_large_image","twitter_creator":"@sunoresearch","twitter_site":"@sunoresearch","twitter_misc":{"Escrito por":"Bruno Galv\u00e3o","Est. tempo de leitura":"2 minutos"},"schema":{"@context":"https:\/\/schema.org","@graph":[{"@type":"NewsArticle","@id":"https:\/\/www.suno.com.br\/noticias\/claro-vence-telefonica-vivt3-disputa-5g\/#article","isPartOf":{"@id":"https:\/\/www.suno.com.br\/noticias\/claro-vence-telefonica-vivt3-disputa-5g\/"},"author":{"name":"Bruno Galv\u00e3o","@id":"https:\/\/www.suno.com.br\/noticias\/#\/schema\/person\/06f0d962a6b1c54852e4860f16935600"},"headline":"Claro vence Telef\u00f4nica (VIVT3) na disputa por SP em leil\u00e3o de 5G","datePublished":"2021-11-04T21:17:38+00:00","dateModified":"2021-11-05T01:26:58+00:00","mainEntityOfPage":{"@id":"https:\/\/www.suno.com.br\/noticias\/claro-vence-telefonica-vivt3-disputa-5g\/"},"wordCount":444,"publisher":{"@id":"https:\/\/www.suno.com.br\/noticias\/#organization"},"image":{"@id":"https:\/\/www.suno.com.br\/noticias\/claro-vence-telefonica-vivt3-disputa-5g\/#primaryimage"},"thumbnailUrl":"https:\/\/files.sunoresearch.com.br\/n\/uploads\/2019\/09\/2b21c39b-claro-jpg.webp","keywords":["Brisanet (BRIT3)","Claro","leil\u00e3o do 5G","telecomunica\u00e7\u00f5es","Telef\u00f4nica (VIVT3)"],"articleSection":["Neg\u00f3cios"],"inLanguage":"pt-BR"},{"@type":"WebPage","@id":"https:\/\/www.suno.com.br\/noticias\/claro-vence-telefonica-vivt3-disputa-5g\/","url":"https:\/\/www.suno.com.br\/noticias\/claro-vence-telefonica-vivt3-disputa-5g\/","name":"Claro vence Telef\u00f4nica (VIVT3) na disputa por SP em leil\u00e3o de 5G","isPartOf":{"@id":"https:\/\/www.suno.com.br\/noticias\/#website"},"primaryImageOfPage":{"@id":"https:\/\/www.suno.com.br\/noticias\/claro-vence-telefonica-vivt3-disputa-5g\/#primaryimage"},"image":{"@id":"https:\/\/www.suno.com.br\/noticias\/claro-vence-telefonica-vivt3-disputa-5g\/#primaryimage"},"thumbnailUrl":"https:\/\/files.sunoresearch.com.br\/n\/uploads\/2019\/09\/2b21c39b-claro-jpg.webp","datePublished":"2021-11-04T21:17:38+00:00","dateModified":"2021-11-05T01:26:58+00:00","description":"No leil\u00e3o do 5G ofertado pela Ag\u00eancia Nacional de Telecomunica\u00e7\u00f5es (Anatel) nesta quinta (4), a Claro arrematou...Saiba mais","breadcrumb":{"@id":"https:\/\/www.suno.com.br\/noticias\/claro-vence-telefonica-vivt3-disputa-5g\/#breadcrumb"},"inLanguage":"pt-BR","potentialAction":[{"@type":"ReadAction","target":["https:\/\/www.suno.com.br\/noticias\/claro-vence-telefonica-vivt3-disputa-5g\/"]}]},{"@type":"ImageObject","inLanguage":"pt-BR","@id":"https:\/\/www.suno.com.br\/noticias\/claro-vence-telefonica-vivt3-disputa-5g\/#primaryimage","url":"https:\/\/files.sunoresearch.com.br\/n\/uploads\/2019\/09\/2b21c39b-claro-jpg.webp","contentUrl":"https:\/\/files.sunoresearch.com.br\/n\/uploads\/2019\/09\/2b21c39b-claro-jpg.webp","width":1204,"height":902,"caption":"Claro (divulga\u00e7\u00e3o)"},{"@type":"BreadcrumbList","@id":"https:\/\/www.suno.com.br\/noticias\/claro-vence-telefonica-vivt3-disputa-5g\/#breadcrumb","itemListElement":[{"@type":"ListItem","position":1,"name":"Not\u00edcias","item":"https:\/\/www.suno.com.br\/noticias\/"},{"@type":"ListItem","position":2,"name":"Neg\u00f3cios","item":"https:\/\/www.suno.com.br\/noticias\/negocios\/"},{"@type":"ListItem","position":3,"name":"Claro vence Telef\u00f4nica (VIVT3) na disputa por SP em leil\u00e3o de 5G"}]},{"@type":"WebSite","@id":"https:\/\/www.suno.com.br\/noticias\/#website","url":"https:\/\/www.suno.com.br\/noticias\/","name":"Suno Not\u00edcias","description":"Seu portal de informa\u00e7\u00e3o sobre o mundo dos investimentos","publisher":{"@id":"https:\/\/www.suno.com.br\/noticias\/#organization"},"potentialAction":[{"@type":"SearchAction","target":{"@type":"EntryPoint","urlTemplate":"https:\/\/www.suno.com.br\/noticias\/?s={search_term_string}"},"query-input":{"@type":"PropertyValueSpecification","valueRequired":true,"valueName":"search_term_string"}}],"inLanguage":"pt-BR"},{"@type":"Organization","@id":"https:\/\/www.suno.com.br\/noticias\/#organization","name":"Suno Not\u00edcias","url":"https:\/\/www.suno.com.br\/noticias\/","logo":{"@type":"ImageObject","inLanguage":"pt-BR","@id":"https:\/\/www.suno.com.br\/noticias\/#\/schema\/logo\/image\/","url":"https:\/\/files.sunoresearch.com.br\/n\/uploads\/2021\/09\/suno-logo.png","contentUrl":"https:\/\/files.sunoresearch.com.br\/n\/uploads\/2021\/09\/suno-logo.png","width":180,"height":180,"caption":"Suno Not\u00edcias"},"image":{"@id":"https:\/\/www.suno.com.br\/noticias\/#\/schema\/logo\/image\/"},"sameAs":["https:\/\/facebook.com\/sunoresearch","https:\/\/x.com\/sunoresearch","https:\/\/www.instagram.com\/suno","https:\/\/www.linkedin.com\/company\/suno-research\/","https:\/\/www.youtube.com\/c\/sunoresearch"]},{"@type":"Person","@id":"https:\/\/www.suno.com.br\/noticias\/#\/schema\/person\/06f0d962a6b1c54852e4860f16935600","name":"Bruno Galv\u00e3o","image":{"@type":"ImageObject","inLanguage":"pt-BR","@id":"https:\/\/www.suno.com.br\/noticias\/#\/schema\/person\/image\/","url":"https:\/\/secure.gravatar.com\/avatar\/53598df0b41c00f12f287a912d0e918e?s=96&r=g","contentUrl":"https:\/\/secure.gravatar.com\/avatar\/53598df0b41c00f12f287a912d0e918e?s=96&r=g","caption":"Bruno Galv\u00e3o"},"description":"Escreve para o portal Suno Not\u00edcias. \u00c9 estudante de Jornalismo pela Faculdade C\u00e1sper L\u00edbero e Letras pela USP. Entusiasta de tecnologia e intelig\u00eancia artificial.","url":"https:\/\/www.suno.com.br\/noticias\/author\/bruno-garcia\/"}]}},"default_loop_html":"<div class=\"cardsPage__listCard__boxs\"><div class=\"cardsPage__listCard__boxs__img\"><a href=\"https:\/\/www.suno.com.br\/noticias\/claro-vence-telefonica-vivt3-disputa-5g\/\"><img class=\"mask\" src=\"https:\/\/www.suno.com.br\/noticias\/wp-content\/themes\/suno\/resources\/images\/spotlight\/spotlight1img\/bg-mask.png\" alt=\"Image Mask\"\/><img src=\"https:\/\/files.sunoresearch.com.br\/n\/uploads\/2019\/09\/2b21c39b-claro-400x200.webp\" alt=\"Claro vence Telef\u00f4nica (VIVT3) na disputa por SP em leil\u00e3o de 5G\"\/><\/a><span class=\"spotlightCategory\"><a href=\"https:\/\/www.suno.com.br\/noticias\/negocios\/\">Neg\u00f3cios<\/a><\/span><\/div><div class=\"cardsPage__listCard__boxs__content\"><a href=\"https:\/\/www.suno.com.br\/noticias\/claro-vence-telefonica-vivt3-disputa-5g\/\"><h2 class=\"content__title\">Claro vence Telef\u00f4nica (VIVT3) na disputa por SP em leil\u00e3o de 5G<\/h2><\/a><div class=\"newsContent__article__meta\"><div class=\"newsContent__article__meta__authorBox\"><a href=\"https:\/\/www.suno.com.br\/noticias\/author\/bruno-garcia\/\" class=\"authorBox__avatar noMobi\"><img src=\"https:\/\/secure.gravatar.com\/avatar\/53598df0b41c00f12f287a912d0e918e?s=96&#038;r=g\" alt=\"Bruno Galv\u00e3o\"><\/a><div class=\"authorBox__name\"><span>por\n\t\t\t<a href=\"https:\/\/www.suno.com.br\/noticias\/author\/bruno-garcia\/\"><span itemprop=\"author\">Bruno Galv\u00e3o<\/span><\/a><\/span><time datetime=\"2021-11-04T18:17:38-03:00\" itemprop=\"datePublished\">04\/11\/2021 18:17<\/time><\/div><\/div><\/div><\/div><\/div>","single_layout":"posts","amp_enabled":true,"_links":{"self":[{"href":"https:\/\/www.suno.com.br\/noticias\/wp-json\/wp\/v2\/posts\/201381"}],"collection":[{"href":"https:\/\/www.suno.com.br\/noticias\/wp-json\/wp\/v2\/posts"}],"about":[{"href":"https:\/\/www.suno.com.br\/noticias\/wp-json\/wp\/v2\/types\/post"}],"author":[{"embeddable":true,"href":"https:\/\/www.suno.com.br\/noticias\/wp-json\/wp\/v2\/users\/118"}],"replies":[{"embeddable":true,"href":"https:\/\/www.suno.com.br\/noticias\/wp-json\/wp\/v2\/comments?post=201381"}],"version-history":[{"count":4,"href":"https:\/\/www.suno.com.br\/noticias\/wp-json\/wp\/v2\/posts\/201381\/revisions"}],"predecessor-version":[{"id":201630,"href":"https:\/\/www.suno.com.br\/noticias\/wp-json\/wp\/v2\/posts\/201381\/revisions\/201630"}],"wp:featuredmedia":[{"embeddable":true,"href":"https:\/\/www.suno.com.br\/noticias\/wp-json\/wp\/v2\/media\/36891"}],"wp:attachment":[{"href":"https:\/\/www.suno.com.br\/noticias\/wp-json\/wp\/v2\/media?parent=201381"}],"wp:term":[{"taxonomy":"category","embeddable":true,"href":"https:\/\/www.suno.com.br\/noticias\/wp-json\/wp\/v2\/categories?post=201381"},{"taxonomy":"post_tag","embeddable":true,"href":"https:\/\/www.suno.com.br\/noticias\/wp-json\/wp\/v2\/tags?post=201381"},{"taxonomy":"suno_strategy","embeddable":true,"href":"https:\/\/www.suno.com.br\/noticias\/wp-json\/wp\/v2\/suno_strategy?post=201381"}],"curies":[{"name":"wp","href":"https:\/\/api.w.org\/{rel}","templated":true}]}}