{"id":20124,"date":"2019-04-05T14:05:01","date_gmt":"2019-04-05T17:05:01","guid":{"rendered":"https:\/\/www.suno.com.br\/noticias\/?p=20124"},"modified":"2019-04-05T14:05:01","modified_gmt":"2019-04-05T17:05:01","slug":"vendas-ovos-chocolate-pascoa","status":"publish","type":"post","link":"https:\/\/www.suno.com.br\/noticias\/vendas-ovos-chocolate-pascoa\/","title":{"rendered":"Vendas de ovos de chocolate nesta P\u00e1scoa devem crescer 5%, diz sindicato"},"content":{"rendered":"<p>As vendas de ovos de chocolate nesta P\u00e1scoa devem crescer 5% em rela\u00e7\u00e3o ao ano passado. Ser\u00e3o, segundo o Sindicato do <a href=\"https:\/\/www.suno.com.br\/artigos\/guia-para-iniciantes-varejista\/\">Com\u00e9rcio Varejista<\/a>, 100 mil unidades a mais vendidas em 2019, somando 1,6 milh\u00e3o no total.<\/p>\t<div class=\"wrapper-featured-image\">\n\t\t<figure class=\"spotlightImg\">\n\n\t\t\t<picture>\n\t\t\t\t<source media=\"(max-width: 768px)\" srcset=\"https:\/\/files.sunoresearch.com.br\/n\/uploads\/2019\/02\/980c6956-ovo-de-p\u00e1scoa-de-chocolate-400x200.webp\">\n\t\t\t\t<img loading=\"lazy\" decoding=\"async\" class=\"newsContent__article__imgCapa lazyloadDisabled newsContent__article__imgCapa--noCaption\" src=\"https:\/\/files.sunoresearch.com.br\/n\/uploads\/2019\/02\/980c6956-ovo-de-p\u00e1scoa-de-chocolate-jpg.webp\" width=\"800\" height=\"450\" alt=\"Vendas de ovos de chocolate nesta P\u00e1scoa devem crescer 5%, diz sindicato\" fetchpriority=high \/>\n\t\t\t<\/picture>\n\n\t\t\t<figcaption class=\"wp-caption-text wp-caption-text--hide\">Ovo de P\u00e1scoa de chocolate<\/figcaption>\n\t\t<\/figure>\n\t<\/div>\n\n\n<p>A previs\u00e3o \u00e9 de que 800 empregos tempor\u00e1rios sejam criados. Supermercados e lojas do setor j\u00e1 est\u00e3o preparados com stands e quiosques repletos de <strong>ovos<\/strong> de <strong>P\u00e1scoa<\/strong> e outros produtos de <strong>chocolate,<\/strong> cujos pre\u00e7os variam entre R$ 8 e R$ 750.<\/p>\n<p><a href=\"https:\/\/www.suno.com.br\/noticias\/pascoa-2019-deve-ter-alta-nas-vendas\/\">Saiba mais: P\u00e1scoa de 2019 deve ter alta nas vendas, diz presidente de associa\u00e7\u00e3o<\/a><\/p>\n<p>Al\u00e9m do chocolate, outros produtos devem ter um aumento nas vendas, como peixes (principalmente o <strong>bacalhau)<\/strong> e artigos de <strong>presentes,<\/strong> normalmente trocados no domingo de P\u00e1scoa. Conforme publicado pela EBC, o presidente da Federa\u00e7\u00e3o do Com\u00e9rcio do Distrito Federal, Francisco Maia, diz acreditar que a alta nas vendas de diversos segmentos do com\u00e9rcio chegue a 11% neste ano.<\/p>\n<p>Pesquisa da Fecom\u00e9rcio aponta que os segmentos mais otimistas com o aumento do faturamento nessa data s\u00e3o as lojas de cal\u00e7ados e acess\u00f3rios, floricultura e cestas, chocolateria e supermercados.<\/p>\n<p><a href=\"https:\/\/www.suno.com.br\/noticias\/rappi-visa-anunciam-parceria\/\">Saiba mais: Rappi e Visa anunciam parceria para inovar com\u00e9rcio digital<\/a><\/p>\n<p>O presidente da Associa\u00e7\u00e3o Brasileira das Ind\u00fastrias de Chocolates, Amendoim e Balas (Abicab), Ubiracy Fonseca, ouvido pelo G1, diz estar confiante no aumento das vendas em 2019. \u201cO mercado de chocolate volta a ganhar penetra\u00e7\u00e3o nos lares brasileiros com maior consumo de ovos de P\u00e1scoa e de produtos regulares. A ind\u00fastria tem amplo portf\u00f3lio que agrada a todos os perfis brasileiros\u201d, afirma.<\/p>\n<p>Segundo Fonseca, em 2018 foram produzidas mais de 11 mil toneladas de ovos e produtos de P\u00e1scoa. Trata-se de uma alta de 26% em rela\u00e7\u00e3o a 2017, quando foram produzidas 9 mil toneladas. Ele diz que o setor de chocolate \u201cest\u00e1 otimista para 2019 com a produ\u00e7\u00e3o para a P\u00e1scoa a todo o vapor\u201d.<\/p>\n<p><a href=\"https:\/\/www.suno.com.br\/noticias\/bolsonaro-brasil-horario-verao\/\">Saiba mais: Bolsonaro: este ano o Brasil n\u00e3o ter\u00e1 hor\u00e1rio de ver\u00e3o<\/a><\/p>\n<h2>A produ\u00e7\u00e3o na P\u00e1scoa entre 2015 e 2019<\/h2>\n<ul>\n<li><strong>2015:<\/strong> 19,7 mil toneladas de chocolate<\/li>\n<li><strong>2016:<\/strong> 14,3 mil toneladas de chocolate<\/li>\n<li><strong>2017:<\/strong> 9 mil toneladas de chocolate<\/li>\n<li><strong>2018:<\/strong> 11 mil toneladas de chocolate<\/li>\n<\/ul>\n<p>O ano de 2017 foi o pior de todos, quando a <strong>produ\u00e7\u00e3o<\/strong> viu despencar das 19,7 mil toneladas dois anos antes para 9 mil toneladas, menos da metade daquela quantidade. &#8220;A situa\u00e7\u00e3o era pior em 2017. No ano passado a infla\u00e7\u00e3o estava controlada, o PIB voltou a crescer, a situa\u00e7\u00e3o era menos complicada&#8221;, afirma o presidente.<\/p>\n<p>Para ele, a <strong>P\u00e1scoa<\/strong> \u00e9 uma \u00e9poca de muita tradi\u00e7\u00e3o no Pa\u00eds e o consumo acontece naturalmente, uma vez que as condi\u00e7\u00f5es econ\u00f4micas voltem \u00e0 normalidade. &#8220;Estou otimista em rela\u00e7\u00e3o \u00e0 P\u00e1scoa de 2019 tamb\u00e9m por causa do aumento das vendas de panetone no Natal. As fabricantes ficam satisfeitas porque houve um aumento significativo em rela\u00e7\u00e3o ao ano anterior&#8221;, diz Fonseca.<\/p>\n","protected":false},"excerpt":{"rendered":"<p>As vendas de ovos de chocolate nesta P\u00e1scoa devem crescer 5% em rela\u00e7\u00e3o ao ano passado. Ser\u00e3o, segundo o Sindicato do Com\u00e9rcio Varejista, 100 mil unidades a mais vendidas em 2019, somando 1,6 milh\u00e3o no total. Ovo de P\u00e1scoa de chocolate A previs\u00e3o \u00e9 de que 800 empregos tempor\u00e1rios sejam criados. Supermercados e lojas do [&hellip;]<\/p>\n","protected":false},"author":13,"featured_media":16699,"comment_status":"closed","ping_status":"closed","sticky":false,"template":"","format":"standard","meta":[],"categories":[64],"tags":[803],"suno_strategy":[],"class_list":["post-20124","post","type-post","status-publish","format-standard","has-post-thumbnail","hentry","category-negocios","tag-varejo"],"yoast_head":"<!-- This site is optimized with the Yoast SEO plugin v24.4 - https:\/\/yoast.com\/wordpress\/plugins\/seo\/ -->\n<title>Vendas de ovos de chocolate nesta P\u00e1scoa devem ter alta de 5%<\/title>\n<meta name=\"description\" content=\"Nesta P\u00e1scoa, vendas de ovos de chocolate devem ter 100 mil unidades a mais do que no ano passado, segundo sindicato. Clique e saiba mais.\" \/>\n<meta name=\"robots\" content=\"index, follow, max-snippet:-1, max-image-preview:large, max-video-preview:-1\" \/>\n<link rel=\"canonical\" href=\"https:\/\/www.suno.com.br\/noticias\/vendas-ovos-chocolate-pascoa\/\" \/>\n<meta property=\"og:locale\" content=\"pt_BR\" \/>\n<meta property=\"og:type\" content=\"article\" \/>\n<meta property=\"og:title\" content=\"Vendas de ovos de chocolate nesta P\u00e1scoa devem ter alta de 5%\" \/>\n<meta property=\"og:description\" content=\"Nesta P\u00e1scoa, vendas de ovos de chocolate devem ter 100 mil unidades a mais do que no ano passado, segundo sindicato. Clique e saiba mais.\" \/>\n<meta property=\"og:url\" content=\"https:\/\/www.suno.com.br\/noticias\/vendas-ovos-chocolate-pascoa\/\" \/>\n<meta property=\"og:site_name\" content=\"Suno Not\u00edcias\" \/>\n<meta property=\"article:publisher\" content=\"https:\/\/facebook.com\/sunoresearch\" \/>\n<meta property=\"og:image\" content=\"https:\/\/files.sunoresearch.com.br\/n\/uploads\/2019\/02\/980c6956-ovo-de-p\u00e1scoa-de-chocolate.jpg\" \/>\n\t<meta property=\"og:image:width\" content=\"500\" \/>\n\t<meta property=\"og:image:height\" content=\"333\" \/>\n\t<meta property=\"og:image:type\" content=\"image\/jpeg\" \/>\n<meta name=\"author\" content=\"Guilherme Caetano\" \/>\n<meta name=\"twitter:card\" content=\"summary_large_image\" \/>\n<meta name=\"twitter:creator\" content=\"@sunoresearch\" \/>\n<meta name=\"twitter:site\" content=\"@sunoresearch\" \/>\n<meta name=\"twitter:label1\" content=\"Escrito por\" \/>\n\t<meta name=\"twitter:data1\" content=\"Guilherme Caetano\" \/>\n\t<meta name=\"twitter:label2\" content=\"Est. tempo de leitura\" \/>\n\t<meta name=\"twitter:data2\" content=\"2 minutos\" \/>\n<script type=\"application\/ld+json\" class=\"yoast-schema-graph\">{\"@context\":\"https:\/\/schema.org\",\"@graph\":[{\"@type\":\"NewsArticle\",\"@id\":\"https:\/\/www.suno.com.br\/noticias\/vendas-ovos-chocolate-pascoa\/#article\",\"isPartOf\":{\"@id\":\"https:\/\/www.suno.com.br\/noticias\/vendas-ovos-chocolate-pascoa\/\"},\"author\":{\"name\":\"Guilherme Caetano\",\"@id\":\"https:\/\/www.suno.com.br\/noticias\/#\/schema\/person\/0d0c9687cd2f600c564f25980c140de9\"},\"headline\":\"Vendas de ovos de chocolate nesta P\u00e1scoa devem crescer 5%, diz sindicato\",\"datePublished\":\"2019-04-05T17:05:01+00:00\",\"mainEntityOfPage\":{\"@id\":\"https:\/\/www.suno.com.br\/noticias\/vendas-ovos-chocolate-pascoa\/\"},\"wordCount\":493,\"publisher\":{\"@id\":\"https:\/\/www.suno.com.br\/noticias\/#organization\"},\"image\":{\"@id\":\"https:\/\/www.suno.com.br\/noticias\/vendas-ovos-chocolate-pascoa\/#primaryimage\"},\"thumbnailUrl\":\"https:\/\/files.sunoresearch.com.br\/n\/uploads\/2019\/02\/980c6956-ovo-de-p\u00e1scoa-de-chocolate-jpg.webp\",\"keywords\":[\"varejo\"],\"articleSection\":[\"Neg\u00f3cios\"],\"inLanguage\":\"pt-BR\"},{\"@type\":\"WebPage\",\"@id\":\"https:\/\/www.suno.com.br\/noticias\/vendas-ovos-chocolate-pascoa\/\",\"url\":\"https:\/\/www.suno.com.br\/noticias\/vendas-ovos-chocolate-pascoa\/\",\"name\":\"Vendas de ovos de chocolate nesta P\u00e1scoa devem ter alta de 5%\",\"isPartOf\":{\"@id\":\"https:\/\/www.suno.com.br\/noticias\/#website\"},\"primaryImageOfPage\":{\"@id\":\"https:\/\/www.suno.com.br\/noticias\/vendas-ovos-chocolate-pascoa\/#primaryimage\"},\"image\":{\"@id\":\"https:\/\/www.suno.com.br\/noticias\/vendas-ovos-chocolate-pascoa\/#primaryimage\"},\"thumbnailUrl\":\"https:\/\/files.sunoresearch.com.br\/n\/uploads\/2019\/02\/980c6956-ovo-de-p\u00e1scoa-de-chocolate-jpg.webp\",\"datePublished\":\"2019-04-05T17:05:01+00:00\",\"description\":\"Nesta P\u00e1scoa, vendas de ovos de chocolate devem ter 100 mil unidades a mais do que no ano passado, segundo sindicato. Clique e saiba mais.\",\"breadcrumb\":{\"@id\":\"https:\/\/www.suno.com.br\/noticias\/vendas-ovos-chocolate-pascoa\/#breadcrumb\"},\"inLanguage\":\"pt-BR\",\"potentialAction\":[{\"@type\":\"ReadAction\",\"target\":[\"https:\/\/www.suno.com.br\/noticias\/vendas-ovos-chocolate-pascoa\/\"]}]},{\"@type\":\"ImageObject\",\"inLanguage\":\"pt-BR\",\"@id\":\"https:\/\/www.suno.com.br\/noticias\/vendas-ovos-chocolate-pascoa\/#primaryimage\",\"url\":\"https:\/\/files.sunoresearch.com.br\/n\/uploads\/2019\/02\/980c6956-ovo-de-p\u00e1scoa-de-chocolate-jpg.webp\",\"contentUrl\":\"https:\/\/files.sunoresearch.com.br\/n\/uploads\/2019\/02\/980c6956-ovo-de-p\u00e1scoa-de-chocolate-jpg.webp\",\"width\":500,\"height\":333,\"caption\":\"Ovo de P\u00e1scoa de chocolate\"},{\"@type\":\"BreadcrumbList\",\"@id\":\"https:\/\/www.suno.com.br\/noticias\/vendas-ovos-chocolate-pascoa\/#breadcrumb\",\"itemListElement\":[{\"@type\":\"ListItem\",\"position\":1,\"name\":\"Not\u00edcias\",\"item\":\"https:\/\/www.suno.com.br\/noticias\/\"},{\"@type\":\"ListItem\",\"position\":2,\"name\":\"Neg\u00f3cios\",\"item\":\"https:\/\/www.suno.com.br\/noticias\/negocios\/\"},{\"@type\":\"ListItem\",\"position\":3,\"name\":\"Vendas de ovos de chocolate nesta P\u00e1scoa devem crescer 5%, diz sindicato\"}]},{\"@type\":\"WebSite\",\"@id\":\"https:\/\/www.suno.com.br\/noticias\/#website\",\"url\":\"https:\/\/www.suno.com.br\/noticias\/\",\"name\":\"Suno Not\u00edcias\",\"description\":\"Seu portal de informa\u00e7\u00e3o sobre o mundo dos investimentos\",\"publisher\":{\"@id\":\"https:\/\/www.suno.com.br\/noticias\/#organization\"},\"potentialAction\":[{\"@type\":\"SearchAction\",\"target\":{\"@type\":\"EntryPoint\",\"urlTemplate\":\"https:\/\/www.suno.com.br\/noticias\/?s={search_term_string}\"},\"query-input\":{\"@type\":\"PropertyValueSpecification\",\"valueRequired\":true,\"valueName\":\"search_term_string\"}}],\"inLanguage\":\"pt-BR\"},{\"@type\":\"Organization\",\"@id\":\"https:\/\/www.suno.com.br\/noticias\/#organization\",\"name\":\"Suno Not\u00edcias\",\"url\":\"https:\/\/www.suno.com.br\/noticias\/\",\"logo\":{\"@type\":\"ImageObject\",\"inLanguage\":\"pt-BR\",\"@id\":\"https:\/\/www.suno.com.br\/noticias\/#\/schema\/logo\/image\/\",\"url\":\"https:\/\/files.sunoresearch.com.br\/n\/uploads\/2021\/09\/suno-logo.png\",\"contentUrl\":\"https:\/\/files.sunoresearch.com.br\/n\/uploads\/2021\/09\/suno-logo.png\",\"width\":180,\"height\":180,\"caption\":\"Suno Not\u00edcias\"},\"image\":{\"@id\":\"https:\/\/www.suno.com.br\/noticias\/#\/schema\/logo\/image\/\"},\"sameAs\":[\"https:\/\/facebook.com\/sunoresearch\",\"https:\/\/x.com\/sunoresearch\",\"https:\/\/www.instagram.com\/suno\",\"https:\/\/www.linkedin.com\/company\/suno-research\/\",\"https:\/\/www.youtube.com\/c\/sunoresearch\"]},{\"@type\":\"Person\",\"@id\":\"https:\/\/www.suno.com.br\/noticias\/#\/schema\/person\/0d0c9687cd2f600c564f25980c140de9\",\"name\":\"Guilherme Caetano\",\"image\":{\"@type\":\"ImageObject\",\"inLanguage\":\"pt-BR\",\"@id\":\"https:\/\/www.suno.com.br\/noticias\/#\/schema\/person\/image\/\",\"url\":\"https:\/\/secure.gravatar.com\/avatar\/e48357351a01702a0d19307070e081bf?s=96&r=g\",\"contentUrl\":\"https:\/\/secure.gravatar.com\/avatar\/e48357351a01702a0d19307070e081bf?s=96&r=g\",\"caption\":\"Guilherme Caetano\"},\"description\":\"Formado em jornalismo pela Escola de Comunica\u00e7\u00f5es e Artes da USP, Guilherme Caetano escreve para o portal de not\u00edcias da Suno Research. Passou pelas reda\u00e7\u00f5es da Folha de S.Paulo e da revista \u00c9poca.\",\"url\":\"https:\/\/www.suno.com.br\/noticias\/author\/guilherme-caetano\/\"}]}<\/script>\n<!-- \/ Yoast SEO plugin. -->","yoast_head_json":{"title":"Vendas de ovos de chocolate nesta P\u00e1scoa devem ter alta de 5%","description":"Nesta P\u00e1scoa, vendas de ovos de chocolate devem ter 100 mil unidades a mais do que no ano passado, segundo sindicato. Clique e saiba mais.","robots":{"index":"index","follow":"follow","max-snippet":"max-snippet:-1","max-image-preview":"max-image-preview:large","max-video-preview":"max-video-preview:-1"},"canonical":"https:\/\/www.suno.com.br\/noticias\/vendas-ovos-chocolate-pascoa\/","og_locale":"pt_BR","og_type":"article","og_title":"Vendas de ovos de chocolate nesta P\u00e1scoa devem ter alta de 5%","og_description":"Nesta P\u00e1scoa, vendas de ovos de chocolate devem ter 100 mil unidades a mais do que no ano passado, segundo sindicato. Clique e saiba mais.","og_url":"https:\/\/www.suno.com.br\/noticias\/vendas-ovos-chocolate-pascoa\/","og_site_name":"Suno Not\u00edcias","article_publisher":"https:\/\/facebook.com\/sunoresearch","og_image":[{"width":500,"height":333,"url":"https:\/\/files.sunoresearch.com.br\/n\/uploads\/2019\/02\/980c6956-ovo-de-p\u00e1scoa-de-chocolate.jpg","type":"image\/jpeg"}],"author":"Guilherme Caetano","twitter_card":"summary_large_image","twitter_creator":"@sunoresearch","twitter_site":"@sunoresearch","twitter_misc":{"Escrito por":"Guilherme Caetano","Est. tempo de leitura":"2 minutos"},"schema":{"@context":"https:\/\/schema.org","@graph":[{"@type":"NewsArticle","@id":"https:\/\/www.suno.com.br\/noticias\/vendas-ovos-chocolate-pascoa\/#article","isPartOf":{"@id":"https:\/\/www.suno.com.br\/noticias\/vendas-ovos-chocolate-pascoa\/"},"author":{"name":"Guilherme Caetano","@id":"https:\/\/www.suno.com.br\/noticias\/#\/schema\/person\/0d0c9687cd2f600c564f25980c140de9"},"headline":"Vendas de ovos de chocolate nesta P\u00e1scoa devem crescer 5%, diz sindicato","datePublished":"2019-04-05T17:05:01+00:00","mainEntityOfPage":{"@id":"https:\/\/www.suno.com.br\/noticias\/vendas-ovos-chocolate-pascoa\/"},"wordCount":493,"publisher":{"@id":"https:\/\/www.suno.com.br\/noticias\/#organization"},"image":{"@id":"https:\/\/www.suno.com.br\/noticias\/vendas-ovos-chocolate-pascoa\/#primaryimage"},"thumbnailUrl":"https:\/\/files.sunoresearch.com.br\/n\/uploads\/2019\/02\/980c6956-ovo-de-p\u00e1scoa-de-chocolate-jpg.webp","keywords":["varejo"],"articleSection":["Neg\u00f3cios"],"inLanguage":"pt-BR"},{"@type":"WebPage","@id":"https:\/\/www.suno.com.br\/noticias\/vendas-ovos-chocolate-pascoa\/","url":"https:\/\/www.suno.com.br\/noticias\/vendas-ovos-chocolate-pascoa\/","name":"Vendas de ovos de chocolate nesta P\u00e1scoa devem ter alta de 5%","isPartOf":{"@id":"https:\/\/www.suno.com.br\/noticias\/#website"},"primaryImageOfPage":{"@id":"https:\/\/www.suno.com.br\/noticias\/vendas-ovos-chocolate-pascoa\/#primaryimage"},"image":{"@id":"https:\/\/www.suno.com.br\/noticias\/vendas-ovos-chocolate-pascoa\/#primaryimage"},"thumbnailUrl":"https:\/\/files.sunoresearch.com.br\/n\/uploads\/2019\/02\/980c6956-ovo-de-p\u00e1scoa-de-chocolate-jpg.webp","datePublished":"2019-04-05T17:05:01+00:00","description":"Nesta P\u00e1scoa, vendas de ovos de chocolate devem ter 100 mil unidades a mais do que no ano passado, segundo sindicato. Clique e saiba mais.","breadcrumb":{"@id":"https:\/\/www.suno.com.br\/noticias\/vendas-ovos-chocolate-pascoa\/#breadcrumb"},"inLanguage":"pt-BR","potentialAction":[{"@type":"ReadAction","target":["https:\/\/www.suno.com.br\/noticias\/vendas-ovos-chocolate-pascoa\/"]}]},{"@type":"ImageObject","inLanguage":"pt-BR","@id":"https:\/\/www.suno.com.br\/noticias\/vendas-ovos-chocolate-pascoa\/#primaryimage","url":"https:\/\/files.sunoresearch.com.br\/n\/uploads\/2019\/02\/980c6956-ovo-de-p\u00e1scoa-de-chocolate-jpg.webp","contentUrl":"https:\/\/files.sunoresearch.com.br\/n\/uploads\/2019\/02\/980c6956-ovo-de-p\u00e1scoa-de-chocolate-jpg.webp","width":500,"height":333,"caption":"Ovo de P\u00e1scoa de chocolate"},{"@type":"BreadcrumbList","@id":"https:\/\/www.suno.com.br\/noticias\/vendas-ovos-chocolate-pascoa\/#breadcrumb","itemListElement":[{"@type":"ListItem","position":1,"name":"Not\u00edcias","item":"https:\/\/www.suno.com.br\/noticias\/"},{"@type":"ListItem","position":2,"name":"Neg\u00f3cios","item":"https:\/\/www.suno.com.br\/noticias\/negocios\/"},{"@type":"ListItem","position":3,"name":"Vendas de ovos de chocolate nesta P\u00e1scoa devem crescer 5%, diz sindicato"}]},{"@type":"WebSite","@id":"https:\/\/www.suno.com.br\/noticias\/#website","url":"https:\/\/www.suno.com.br\/noticias\/","name":"Suno Not\u00edcias","description":"Seu portal de informa\u00e7\u00e3o sobre o mundo dos investimentos","publisher":{"@id":"https:\/\/www.suno.com.br\/noticias\/#organization"},"potentialAction":[{"@type":"SearchAction","target":{"@type":"EntryPoint","urlTemplate":"https:\/\/www.suno.com.br\/noticias\/?s={search_term_string}"},"query-input":{"@type":"PropertyValueSpecification","valueRequired":true,"valueName":"search_term_string"}}],"inLanguage":"pt-BR"},{"@type":"Organization","@id":"https:\/\/www.suno.com.br\/noticias\/#organization","name":"Suno Not\u00edcias","url":"https:\/\/www.suno.com.br\/noticias\/","logo":{"@type":"ImageObject","inLanguage":"pt-BR","@id":"https:\/\/www.suno.com.br\/noticias\/#\/schema\/logo\/image\/","url":"https:\/\/files.sunoresearch.com.br\/n\/uploads\/2021\/09\/suno-logo.png","contentUrl":"https:\/\/files.sunoresearch.com.br\/n\/uploads\/2021\/09\/suno-logo.png","width":180,"height":180,"caption":"Suno Not\u00edcias"},"image":{"@id":"https:\/\/www.suno.com.br\/noticias\/#\/schema\/logo\/image\/"},"sameAs":["https:\/\/facebook.com\/sunoresearch","https:\/\/x.com\/sunoresearch","https:\/\/www.instagram.com\/suno","https:\/\/www.linkedin.com\/company\/suno-research\/","https:\/\/www.youtube.com\/c\/sunoresearch"]},{"@type":"Person","@id":"https:\/\/www.suno.com.br\/noticias\/#\/schema\/person\/0d0c9687cd2f600c564f25980c140de9","name":"Guilherme Caetano","image":{"@type":"ImageObject","inLanguage":"pt-BR","@id":"https:\/\/www.suno.com.br\/noticias\/#\/schema\/person\/image\/","url":"https:\/\/secure.gravatar.com\/avatar\/e48357351a01702a0d19307070e081bf?s=96&r=g","contentUrl":"https:\/\/secure.gravatar.com\/avatar\/e48357351a01702a0d19307070e081bf?s=96&r=g","caption":"Guilherme Caetano"},"description":"Formado em jornalismo pela Escola de Comunica\u00e7\u00f5es e Artes da USP, Guilherme Caetano escreve para o portal de not\u00edcias da Suno Research. Passou pelas reda\u00e7\u00f5es da Folha de S.Paulo e da revista \u00c9poca.","url":"https:\/\/www.suno.com.br\/noticias\/author\/guilherme-caetano\/"}]}},"default_loop_html":"<div class=\"cardsPage__listCard__boxs\"><div class=\"cardsPage__listCard__boxs__img\"><a href=\"https:\/\/www.suno.com.br\/noticias\/vendas-ovos-chocolate-pascoa\/\"><img class=\"mask\" src=\"https:\/\/www.suno.com.br\/noticias\/wp-content\/themes\/suno\/resources\/images\/spotlight\/spotlight1img\/bg-mask.png\" alt=\"Image Mask\"\/><img src=\"https:\/\/files.sunoresearch.com.br\/n\/uploads\/2019\/02\/980c6956-ovo-de-p\u00e1scoa-de-chocolate-400x200.webp\" alt=\"Vendas de ovos de chocolate nesta P\u00e1scoa devem crescer 5%, diz sindicato\"\/><\/a><span class=\"spotlightCategory\"><a href=\"https:\/\/www.suno.com.br\/noticias\/negocios\/\">Neg\u00f3cios<\/a><\/span><\/div><div class=\"cardsPage__listCard__boxs__content\"><a href=\"https:\/\/www.suno.com.br\/noticias\/vendas-ovos-chocolate-pascoa\/\"><h2 class=\"content__title\">Vendas de ovos de chocolate nesta P\u00e1scoa devem crescer 5%, diz sindicato<\/h2><\/a><div class=\"newsContent__article__meta\"><div class=\"newsContent__article__meta__authorBox\"><a href=\"https:\/\/www.suno.com.br\/noticias\/author\/guilherme-caetano\/\" class=\"authorBox__avatar noMobi\"><img src=\"https:\/\/secure.gravatar.com\/avatar\/e48357351a01702a0d19307070e081bf?s=96&#038;r=g\" alt=\"Guilherme Caetano\"><\/a><div class=\"authorBox__name\"><span>por\n\t\t\t<a href=\"https:\/\/www.suno.com.br\/noticias\/author\/guilherme-caetano\/\"><span itemprop=\"author\">Guilherme Caetano<\/span><\/a><\/span><time datetime=\"2019-04-05T14:05:01-03:00\" itemprop=\"datePublished\">05\/04\/2019 14:05<\/time><\/div><\/div><\/div><\/div><\/div>","single_layout":"posts","amp_enabled":true,"_links":{"self":[{"href":"https:\/\/www.suno.com.br\/noticias\/wp-json\/wp\/v2\/posts\/20124"}],"collection":[{"href":"https:\/\/www.suno.com.br\/noticias\/wp-json\/wp\/v2\/posts"}],"about":[{"href":"https:\/\/www.suno.com.br\/noticias\/wp-json\/wp\/v2\/types\/post"}],"author":[{"embeddable":true,"href":"https:\/\/www.suno.com.br\/noticias\/wp-json\/wp\/v2\/users\/13"}],"replies":[{"embeddable":true,"href":"https:\/\/www.suno.com.br\/noticias\/wp-json\/wp\/v2\/comments?post=20124"}],"version-history":[{"count":0,"href":"https:\/\/www.suno.com.br\/noticias\/wp-json\/wp\/v2\/posts\/20124\/revisions"}],"wp:featuredmedia":[{"embeddable":true,"href":"https:\/\/www.suno.com.br\/noticias\/wp-json\/wp\/v2\/media\/16699"}],"wp:attachment":[{"href":"https:\/\/www.suno.com.br\/noticias\/wp-json\/wp\/v2\/media?parent=20124"}],"wp:term":[{"taxonomy":"category","embeddable":true,"href":"https:\/\/www.suno.com.br\/noticias\/wp-json\/wp\/v2\/categories?post=20124"},{"taxonomy":"post_tag","embeddable":true,"href":"https:\/\/www.suno.com.br\/noticias\/wp-json\/wp\/v2\/tags?post=20124"},{"taxonomy":"suno_strategy","embeddable":true,"href":"https:\/\/www.suno.com.br\/noticias\/wp-json\/wp\/v2\/suno_strategy?post=20124"}],"curies":[{"name":"wp","href":"https:\/\/api.w.org\/{rel}","templated":true}]}}