{"id":20088,"date":"2019-04-05T11:35:03","date_gmt":"2019-04-05T14:35:03","guid":{"rendered":"https:\/\/www.suno.com.br\/noticias\/?p=20088"},"modified":"2019-04-05T11:35:03","modified_gmt":"2019-04-05T14:35:03","slug":"presidente-azul-plano-divide-avianca","status":"publish","type":"post","link":"https:\/\/www.suno.com.br\/noticias\/presidente-azul-plano-divide-avianca\/","title":{"rendered":"Presidente da Azul critica plano que divide Avianca"},"content":{"rendered":"<p>O presidente da <strong>Azul<\/strong>, John Rodgerson, criticou a proposta para que a Avianca fosse dividida em sete partes. A companhia a\u00e9rea est\u00e1 em processo de recupera\u00e7\u00e3o judicial.<\/p>\t<div class=\"wrapper-featured-image\">\n\t\t<figure class=\"spotlightImg\">\n\n\t\t\t<picture>\n\t\t\t\t<source media=\"(max-width: 768px)\" srcset=\"https:\/\/files.sunoresearch.com.br\/n\/uploads\/2019\/03\/dea0f632-avianca-brasil-400x200.webp\">\n\t\t\t\t<img loading=\"lazy\" decoding=\"async\" class=\"newsContent__article__imgCapa lazyloadDisabled newsContent__article__imgCapa--noCaption\" src=\"https:\/\/files.sunoresearch.com.br\/n\/uploads\/2019\/03\/dea0f632-avianca-brasil-jpg.webp\" width=\"800\" height=\"450\" alt=\"Presidente da Azul critica plano que divide Avianca\" fetchpriority=high \/>\n\t\t\t<\/picture>\n\n\t\t\t<figcaption class=\"wp-caption-text wp-caption-text--hide\">Avianca: Justi\u00e7a dos EUA aceita pedido de recupera\u00e7\u00e3o judicial<\/figcaption>\n\t\t<\/figure>\n\t<\/div>\n\n\n<p>A proposta de divis\u00e3o da <strong>Avianca<\/strong> tem apoio das tamb\u00e9m a\u00e9reas <strong>Latam<\/strong> e <strong>GOL<\/strong>, que inclusive j\u00e1 anunciaram um acordo para fazer uma oferta. No entanto, cada uma das companhias ficaria com ao menos uma das sete fatias, conhecidas como Unidade Produtiva Isolada, que seriam leiloadas.<\/p>\n<p>[optin-monster-shortcode id=&#8221;npkxlwaleraa8psvnego&#8221;]<\/p>\n<p>&#8220;Eu n\u00e3o sei como voc\u00ea pode ter sete divis\u00f5es com aeronaves, pessoal. Isso \u00e9 um plano para fechar a empresa em vez de resgatar uma empresa. \u00c9 um fundo que est\u00e1 com essa ideia para tentar achar mais dinheiro, mas n\u00e3o vai dar certo na minha opini\u00e3o&#8221;, afirmou o presidente da Azul.<\/p>\n<h2>Disputa das a\u00e9reas<\/h2>\n<p>Com a proposta feita, tanto Gol quanto a Latam devem entrar na disputa por ativos da Avianca junto a Azul, que havia sido a \u00fanica a mostrar interesse at\u00e9 em ent\u00e3o.<\/p>\n<p><a href=\"https:\/\/www.suno.com.br\/noticias\/latam-gol-entram-disputa-adquirir-ativos-avianca\/\">Saiba mais:\u00a0Latam e Gol entram na disputa para adquirir ativos da Avianca<\/a><\/p>\n<p>Em mar\u00e7o deste ano, a Azul fez uma proposta para comprar parte das opera\u00e7\u00f5es da Avianca por US$ 105 milh\u00f5es, algo em torno de R$ 400 milh\u00f5es.<\/p>\n<p>Em rela\u00e7\u00e3o ao modelo de divis\u00e3o dos ativos da a\u00e9rea, o presidente afirmou que a acredita que a Azul n\u00e3o tem interesse em negociar uma das sete partes.<\/p>\n<h2>Avianca \u00e9 a ponte para a Azul<\/h2>\n<p>Atualmente a Avianca \u00e9 a quarta maior companhia a\u00e9rea do Brasil. No entanto, a empresa est\u00e1 em recupera\u00e7\u00e3o judicial devido aos ac\u00famulos crescentes de preju\u00edzos e atrasos no pagamento de arrendamentos de aeronaves.<\/p>\n\t<p>\n\t\t<a href=\"https:\/\/lp.suno.com.br\/suno-one\/?utm_campaign=_SNC6964518A_\" target=\"_blank\" data-element=\"shortcode-suno-banner\" title=\"Banner SUNO, clique e saiba mais\">\n\t\t\t<picture>\n\t\t\t\t<source media=\"(max-width: 500px)\" srcset=\"https:\/\/files.sunoresearch.com.br\/n\/uploads\/2025\/09\/400x300-Suno-One-png.webp\">\n\t\t\t\t<img class=\"newsContent__article__imgCapa newsContent__article__imgCapa--banner\"\n\t\t\t\t\tsrc=\"https:\/\/files.sunoresearch.com.br\/n\/uploads\/2025\/09\/1420x240-Suno-One-png.webp\"\n\t\t\t\t\tdata-promo-id=\"383121\"\t\t\t\t\t\t\t\t\t\twidth='1420' height='240'\t\t\t\t\talt=\"https:\/\/files.sunoresearch.com.br\/n\/uploads\/2025\/09\/1420x240-Suno-One-png.webp\"\n\t\t\t\t>\n\t\t\t<\/picture>\n\t\t<\/a>\n\t<\/p>\n\n\n<p>Caso a Azul compre os ativos da Avianca, ir\u00e1 ampliar sua presen\u00e7a em Congonhas, em S\u00e3o Paulo.<\/p>\n<p>De acordo com Rodgerson, a proposta para que a <strong>Avianca\u00a0<\/strong>seja dividida \u00e9 uma forma da concorr\u00eancia evitar uma maior participa\u00e7\u00e3o da Azul no aeroporto paulista. &#8220;N\u00f3s estamos tentando entrar em Congonhas [opera\u00e7\u00e3o de ponte a\u00e9rea] h\u00e1 muitos anos. O que eu diria \u00e9 que [essa oferta] \u00e9 o que ele fazem para tentar evitar a <strong>Azul<\/strong> em Congonhas&#8221;.<\/p>\n","protected":false},"excerpt":{"rendered":"<p>O presidente da Azul, John Rodgerson, criticou a proposta para que a Avianca fosse dividida em sete partes. A companhia a\u00e9rea est\u00e1 em processo de recupera\u00e7\u00e3o judicial. Avianca: Justi\u00e7a dos EUA aceita pedido de recupera\u00e7\u00e3o judicial A proposta de divis\u00e3o da Avianca tem apoio das tamb\u00e9m a\u00e9reas Latam e GOL, que inclusive j\u00e1 anunciaram um [&hellip;]<\/p>\n","protected":false},"author":11,"featured_media":17594,"comment_status":"closed","ping_status":"closed","sticky":false,"template":"","format":"standard","meta":[],"categories":[64],"tags":[840,106932,489,739],"suno_strategy":[],"class_list":["post-20088","post","type-post","status-publish","format-standard","has-post-thumbnail","hentry","category-negocios","tag-avianca","tag-azul-azul4","tag-gol-linhas-aereas-goll11-goll4","tag-latam"],"yoast_head":"<!-- This site is optimized with the Yoast SEO plugin v24.4 - https:\/\/yoast.com\/wordpress\/plugins\/seo\/ -->\n<title>Presidente da Azul critica plano que divide Avianca<\/title>\n<meta name=\"description\" content=\"Divis\u00e3o da Avianca \u00e9 uma forma dos concorrentes tentarem evitar a expans\u00e3o da Azul no aeroporto de Congonhas. Clique para saber mais.\" \/>\n<meta name=\"robots\" content=\"index, follow, max-snippet:-1, max-image-preview:large, max-video-preview:-1\" \/>\n<link rel=\"canonical\" href=\"https:\/\/www.suno.com.br\/noticias\/presidente-azul-plano-divide-avianca\/\" \/>\n<meta property=\"og:locale\" content=\"pt_BR\" \/>\n<meta property=\"og:type\" content=\"article\" \/>\n<meta property=\"og:title\" content=\"Presidente da Azul critica plano que divide Avianca\" \/>\n<meta property=\"og:description\" content=\"Divis\u00e3o da Avianca \u00e9 uma forma dos concorrentes tentarem evitar a expans\u00e3o da Azul no aeroporto de Congonhas. Clique para saber mais.\" \/>\n<meta property=\"og:url\" content=\"https:\/\/www.suno.com.br\/noticias\/presidente-azul-plano-divide-avianca\/\" \/>\n<meta property=\"og:site_name\" content=\"Suno Not\u00edcias\" \/>\n<meta property=\"article:publisher\" content=\"https:\/\/facebook.com\/sunoresearch\" \/>\n<meta property=\"og:image\" content=\"https:\/\/files.sunoresearch.com.br\/n\/uploads\/2019\/03\/dea0f632-avianca-brasil.jpg\" \/>\n\t<meta property=\"og:image:width\" content=\"970\" \/>\n\t<meta property=\"og:image:height\" content=\"400\" \/>\n\t<meta property=\"og:image:type\" content=\"image\/jpeg\" \/>\n<meta name=\"author\" content=\"Renan Bandeira\" \/>\n<meta name=\"twitter:card\" content=\"summary_large_image\" \/>\n<meta name=\"twitter:creator\" content=\"@sunoresearch\" \/>\n<meta name=\"twitter:site\" content=\"@sunoresearch\" \/>\n<meta name=\"twitter:label1\" content=\"Escrito por\" \/>\n\t<meta name=\"twitter:data1\" content=\"Renan Bandeira\" \/>\n\t<meta name=\"twitter:label2\" content=\"Est. tempo de leitura\" \/>\n\t<meta name=\"twitter:data2\" content=\"2 minutos\" \/>\n<script type=\"application\/ld+json\" class=\"yoast-schema-graph\">{\"@context\":\"https:\/\/schema.org\",\"@graph\":[{\"@type\":\"NewsArticle\",\"@id\":\"https:\/\/www.suno.com.br\/noticias\/presidente-azul-plano-divide-avianca\/#article\",\"isPartOf\":{\"@id\":\"https:\/\/www.suno.com.br\/noticias\/presidente-azul-plano-divide-avianca\/\"},\"author\":{\"name\":\"Renan Bandeira\",\"@id\":\"https:\/\/www.suno.com.br\/noticias\/#\/schema\/person\/fc144a1c6108bd1dcd43784e88a3c138\"},\"headline\":\"Presidente da Azul critica plano que divide Avianca\",\"datePublished\":\"2019-04-05T14:35:03+00:00\",\"mainEntityOfPage\":{\"@id\":\"https:\/\/www.suno.com.br\/noticias\/presidente-azul-plano-divide-avianca\/\"},\"wordCount\":379,\"publisher\":{\"@id\":\"https:\/\/www.suno.com.br\/noticias\/#organization\"},\"image\":{\"@id\":\"https:\/\/www.suno.com.br\/noticias\/presidente-azul-plano-divide-avianca\/#primaryimage\"},\"thumbnailUrl\":\"https:\/\/files.sunoresearch.com.br\/n\/uploads\/2019\/03\/dea0f632-avianca-brasil-jpg.webp\",\"keywords\":[\"Avianca\",\"Azul (AZUL4)\",\"Gol Linhas A\u00e9reas (GOLL11\/GOLL4)\",\"Latam\"],\"articleSection\":[\"Neg\u00f3cios\"],\"inLanguage\":\"pt-BR\"},{\"@type\":\"WebPage\",\"@id\":\"https:\/\/www.suno.com.br\/noticias\/presidente-azul-plano-divide-avianca\/\",\"url\":\"https:\/\/www.suno.com.br\/noticias\/presidente-azul-plano-divide-avianca\/\",\"name\":\"Presidente da Azul critica plano que divide Avianca\",\"isPartOf\":{\"@id\":\"https:\/\/www.suno.com.br\/noticias\/#website\"},\"primaryImageOfPage\":{\"@id\":\"https:\/\/www.suno.com.br\/noticias\/presidente-azul-plano-divide-avianca\/#primaryimage\"},\"image\":{\"@id\":\"https:\/\/www.suno.com.br\/noticias\/presidente-azul-plano-divide-avianca\/#primaryimage\"},\"thumbnailUrl\":\"https:\/\/files.sunoresearch.com.br\/n\/uploads\/2019\/03\/dea0f632-avianca-brasil-jpg.webp\",\"datePublished\":\"2019-04-05T14:35:03+00:00\",\"description\":\"Divis\u00e3o da Avianca \u00e9 uma forma dos concorrentes tentarem evitar a expans\u00e3o da Azul no aeroporto de Congonhas. Clique para saber mais.\",\"breadcrumb\":{\"@id\":\"https:\/\/www.suno.com.br\/noticias\/presidente-azul-plano-divide-avianca\/#breadcrumb\"},\"inLanguage\":\"pt-BR\",\"potentialAction\":[{\"@type\":\"ReadAction\",\"target\":[\"https:\/\/www.suno.com.br\/noticias\/presidente-azul-plano-divide-avianca\/\"]}]},{\"@type\":\"ImageObject\",\"inLanguage\":\"pt-BR\",\"@id\":\"https:\/\/www.suno.com.br\/noticias\/presidente-azul-plano-divide-avianca\/#primaryimage\",\"url\":\"https:\/\/files.sunoresearch.com.br\/n\/uploads\/2019\/03\/dea0f632-avianca-brasil-jpg.webp\",\"contentUrl\":\"https:\/\/files.sunoresearch.com.br\/n\/uploads\/2019\/03\/dea0f632-avianca-brasil-jpg.webp\",\"width\":970,\"height\":400,\"caption\":\"Avianca: Justi\u00e7a dos EUA aceita pedido de recupera\u00e7\u00e3o judicial\"},{\"@type\":\"BreadcrumbList\",\"@id\":\"https:\/\/www.suno.com.br\/noticias\/presidente-azul-plano-divide-avianca\/#breadcrumb\",\"itemListElement\":[{\"@type\":\"ListItem\",\"position\":1,\"name\":\"Not\u00edcias\",\"item\":\"https:\/\/www.suno.com.br\/noticias\/\"},{\"@type\":\"ListItem\",\"position\":2,\"name\":\"Neg\u00f3cios\",\"item\":\"https:\/\/www.suno.com.br\/noticias\/negocios\/\"},{\"@type\":\"ListItem\",\"position\":3,\"name\":\"Presidente da Azul critica plano que divide Avianca\"}]},{\"@type\":\"WebSite\",\"@id\":\"https:\/\/www.suno.com.br\/noticias\/#website\",\"url\":\"https:\/\/www.suno.com.br\/noticias\/\",\"name\":\"Suno Not\u00edcias\",\"description\":\"Seu portal de informa\u00e7\u00e3o sobre o mundo dos investimentos\",\"publisher\":{\"@id\":\"https:\/\/www.suno.com.br\/noticias\/#organization\"},\"potentialAction\":[{\"@type\":\"SearchAction\",\"target\":{\"@type\":\"EntryPoint\",\"urlTemplate\":\"https:\/\/www.suno.com.br\/noticias\/?s={search_term_string}\"},\"query-input\":{\"@type\":\"PropertyValueSpecification\",\"valueRequired\":true,\"valueName\":\"search_term_string\"}}],\"inLanguage\":\"pt-BR\"},{\"@type\":\"Organization\",\"@id\":\"https:\/\/www.suno.com.br\/noticias\/#organization\",\"name\":\"Suno Not\u00edcias\",\"url\":\"https:\/\/www.suno.com.br\/noticias\/\",\"logo\":{\"@type\":\"ImageObject\",\"inLanguage\":\"pt-BR\",\"@id\":\"https:\/\/www.suno.com.br\/noticias\/#\/schema\/logo\/image\/\",\"url\":\"https:\/\/files.sunoresearch.com.br\/n\/uploads\/2021\/09\/suno-logo.png\",\"contentUrl\":\"https:\/\/files.sunoresearch.com.br\/n\/uploads\/2021\/09\/suno-logo.png\",\"width\":180,\"height\":180,\"caption\":\"Suno Not\u00edcias\"},\"image\":{\"@id\":\"https:\/\/www.suno.com.br\/noticias\/#\/schema\/logo\/image\/\"},\"sameAs\":[\"https:\/\/facebook.com\/sunoresearch\",\"https:\/\/x.com\/sunoresearch\",\"https:\/\/www.instagram.com\/suno\",\"https:\/\/www.linkedin.com\/company\/suno-research\/\",\"https:\/\/www.youtube.com\/c\/sunoresearch\"]},{\"@type\":\"Person\",\"@id\":\"https:\/\/www.suno.com.br\/noticias\/#\/schema\/person\/fc144a1c6108bd1dcd43784e88a3c138\",\"name\":\"Renan Bandeira\",\"image\":{\"@type\":\"ImageObject\",\"inLanguage\":\"pt-BR\",\"@id\":\"https:\/\/www.suno.com.br\/noticias\/#\/schema\/person\/image\/\",\"url\":\"https:\/\/secure.gravatar.com\/avatar\/68359cdb608f14f11bbefcb78f3fc747?s=96&r=g\",\"contentUrl\":\"https:\/\/secure.gravatar.com\/avatar\/68359cdb608f14f11bbefcb78f3fc747?s=96&r=g\",\"caption\":\"Renan Bandeira\"},\"description\":\"Renan Bandeira escreve sobre pol\u00edtica e economia para o portal da Suno Research. Antes da Suno, trabalhou em uma rede de televis\u00e3o, onde fazia reportagens sobre os mesmos temas. Estuda na Universidade Metodista de S\u00e3o Paulo.\",\"url\":\"https:\/\/www.suno.com.br\/noticias\/author\/renan-bandeira\/\"}]}<\/script>\n<!-- \/ Yoast SEO plugin. -->","yoast_head_json":{"title":"Presidente da Azul critica plano que divide Avianca","description":"Divis\u00e3o da Avianca \u00e9 uma forma dos concorrentes tentarem evitar a expans\u00e3o da Azul no aeroporto de Congonhas. Clique para saber mais.","robots":{"index":"index","follow":"follow","max-snippet":"max-snippet:-1","max-image-preview":"max-image-preview:large","max-video-preview":"max-video-preview:-1"},"canonical":"https:\/\/www.suno.com.br\/noticias\/presidente-azul-plano-divide-avianca\/","og_locale":"pt_BR","og_type":"article","og_title":"Presidente da Azul critica plano que divide Avianca","og_description":"Divis\u00e3o da Avianca \u00e9 uma forma dos concorrentes tentarem evitar a expans\u00e3o da Azul no aeroporto de Congonhas. Clique para saber mais.","og_url":"https:\/\/www.suno.com.br\/noticias\/presidente-azul-plano-divide-avianca\/","og_site_name":"Suno Not\u00edcias","article_publisher":"https:\/\/facebook.com\/sunoresearch","og_image":[{"width":970,"height":400,"url":"https:\/\/files.sunoresearch.com.br\/n\/uploads\/2019\/03\/dea0f632-avianca-brasil.jpg","type":"image\/jpeg"}],"author":"Renan Bandeira","twitter_card":"summary_large_image","twitter_creator":"@sunoresearch","twitter_site":"@sunoresearch","twitter_misc":{"Escrito por":"Renan Bandeira","Est. tempo de leitura":"2 minutos"},"schema":{"@context":"https:\/\/schema.org","@graph":[{"@type":"NewsArticle","@id":"https:\/\/www.suno.com.br\/noticias\/presidente-azul-plano-divide-avianca\/#article","isPartOf":{"@id":"https:\/\/www.suno.com.br\/noticias\/presidente-azul-plano-divide-avianca\/"},"author":{"name":"Renan Bandeira","@id":"https:\/\/www.suno.com.br\/noticias\/#\/schema\/person\/fc144a1c6108bd1dcd43784e88a3c138"},"headline":"Presidente da Azul critica plano que divide Avianca","datePublished":"2019-04-05T14:35:03+00:00","mainEntityOfPage":{"@id":"https:\/\/www.suno.com.br\/noticias\/presidente-azul-plano-divide-avianca\/"},"wordCount":379,"publisher":{"@id":"https:\/\/www.suno.com.br\/noticias\/#organization"},"image":{"@id":"https:\/\/www.suno.com.br\/noticias\/presidente-azul-plano-divide-avianca\/#primaryimage"},"thumbnailUrl":"https:\/\/files.sunoresearch.com.br\/n\/uploads\/2019\/03\/dea0f632-avianca-brasil-jpg.webp","keywords":["Avianca","Azul (AZUL4)","Gol Linhas A\u00e9reas (GOLL11\/GOLL4)","Latam"],"articleSection":["Neg\u00f3cios"],"inLanguage":"pt-BR"},{"@type":"WebPage","@id":"https:\/\/www.suno.com.br\/noticias\/presidente-azul-plano-divide-avianca\/","url":"https:\/\/www.suno.com.br\/noticias\/presidente-azul-plano-divide-avianca\/","name":"Presidente da Azul critica plano que divide Avianca","isPartOf":{"@id":"https:\/\/www.suno.com.br\/noticias\/#website"},"primaryImageOfPage":{"@id":"https:\/\/www.suno.com.br\/noticias\/presidente-azul-plano-divide-avianca\/#primaryimage"},"image":{"@id":"https:\/\/www.suno.com.br\/noticias\/presidente-azul-plano-divide-avianca\/#primaryimage"},"thumbnailUrl":"https:\/\/files.sunoresearch.com.br\/n\/uploads\/2019\/03\/dea0f632-avianca-brasil-jpg.webp","datePublished":"2019-04-05T14:35:03+00:00","description":"Divis\u00e3o da Avianca \u00e9 uma forma dos concorrentes tentarem evitar a expans\u00e3o da Azul no aeroporto de Congonhas. Clique para saber mais.","breadcrumb":{"@id":"https:\/\/www.suno.com.br\/noticias\/presidente-azul-plano-divide-avianca\/#breadcrumb"},"inLanguage":"pt-BR","potentialAction":[{"@type":"ReadAction","target":["https:\/\/www.suno.com.br\/noticias\/presidente-azul-plano-divide-avianca\/"]}]},{"@type":"ImageObject","inLanguage":"pt-BR","@id":"https:\/\/www.suno.com.br\/noticias\/presidente-azul-plano-divide-avianca\/#primaryimage","url":"https:\/\/files.sunoresearch.com.br\/n\/uploads\/2019\/03\/dea0f632-avianca-brasil-jpg.webp","contentUrl":"https:\/\/files.sunoresearch.com.br\/n\/uploads\/2019\/03\/dea0f632-avianca-brasil-jpg.webp","width":970,"height":400,"caption":"Avianca: Justi\u00e7a dos EUA aceita pedido de recupera\u00e7\u00e3o judicial"},{"@type":"BreadcrumbList","@id":"https:\/\/www.suno.com.br\/noticias\/presidente-azul-plano-divide-avianca\/#breadcrumb","itemListElement":[{"@type":"ListItem","position":1,"name":"Not\u00edcias","item":"https:\/\/www.suno.com.br\/noticias\/"},{"@type":"ListItem","position":2,"name":"Neg\u00f3cios","item":"https:\/\/www.suno.com.br\/noticias\/negocios\/"},{"@type":"ListItem","position":3,"name":"Presidente da Azul critica plano que divide Avianca"}]},{"@type":"WebSite","@id":"https:\/\/www.suno.com.br\/noticias\/#website","url":"https:\/\/www.suno.com.br\/noticias\/","name":"Suno Not\u00edcias","description":"Seu portal de informa\u00e7\u00e3o sobre o mundo dos investimentos","publisher":{"@id":"https:\/\/www.suno.com.br\/noticias\/#organization"},"potentialAction":[{"@type":"SearchAction","target":{"@type":"EntryPoint","urlTemplate":"https:\/\/www.suno.com.br\/noticias\/?s={search_term_string}"},"query-input":{"@type":"PropertyValueSpecification","valueRequired":true,"valueName":"search_term_string"}}],"inLanguage":"pt-BR"},{"@type":"Organization","@id":"https:\/\/www.suno.com.br\/noticias\/#organization","name":"Suno Not\u00edcias","url":"https:\/\/www.suno.com.br\/noticias\/","logo":{"@type":"ImageObject","inLanguage":"pt-BR","@id":"https:\/\/www.suno.com.br\/noticias\/#\/schema\/logo\/image\/","url":"https:\/\/files.sunoresearch.com.br\/n\/uploads\/2021\/09\/suno-logo.png","contentUrl":"https:\/\/files.sunoresearch.com.br\/n\/uploads\/2021\/09\/suno-logo.png","width":180,"height":180,"caption":"Suno Not\u00edcias"},"image":{"@id":"https:\/\/www.suno.com.br\/noticias\/#\/schema\/logo\/image\/"},"sameAs":["https:\/\/facebook.com\/sunoresearch","https:\/\/x.com\/sunoresearch","https:\/\/www.instagram.com\/suno","https:\/\/www.linkedin.com\/company\/suno-research\/","https:\/\/www.youtube.com\/c\/sunoresearch"]},{"@type":"Person","@id":"https:\/\/www.suno.com.br\/noticias\/#\/schema\/person\/fc144a1c6108bd1dcd43784e88a3c138","name":"Renan Bandeira","image":{"@type":"ImageObject","inLanguage":"pt-BR","@id":"https:\/\/www.suno.com.br\/noticias\/#\/schema\/person\/image\/","url":"https:\/\/secure.gravatar.com\/avatar\/68359cdb608f14f11bbefcb78f3fc747?s=96&r=g","contentUrl":"https:\/\/secure.gravatar.com\/avatar\/68359cdb608f14f11bbefcb78f3fc747?s=96&r=g","caption":"Renan Bandeira"},"description":"Renan Bandeira escreve sobre pol\u00edtica e economia para o portal da Suno Research. Antes da Suno, trabalhou em uma rede de televis\u00e3o, onde fazia reportagens sobre os mesmos temas. Estuda na Universidade Metodista de S\u00e3o Paulo.","url":"https:\/\/www.suno.com.br\/noticias\/author\/renan-bandeira\/"}]}},"default_loop_html":"<div class=\"cardsPage__listCard__boxs\"><div class=\"cardsPage__listCard__boxs__img\"><a href=\"https:\/\/www.suno.com.br\/noticias\/presidente-azul-plano-divide-avianca\/\"><img class=\"mask\" src=\"https:\/\/www.suno.com.br\/noticias\/wp-content\/themes\/suno\/resources\/images\/spotlight\/spotlight1img\/bg-mask.png\" alt=\"Image Mask\"\/><img src=\"https:\/\/files.sunoresearch.com.br\/n\/uploads\/2019\/03\/dea0f632-avianca-brasil-400x200.webp\" alt=\"Presidente da Azul critica plano que divide Avianca\"\/><\/a><span class=\"spotlightCategory\"><a href=\"https:\/\/www.suno.com.br\/noticias\/negocios\/\">Neg\u00f3cios<\/a><\/span><\/div><div class=\"cardsPage__listCard__boxs__content\"><a href=\"https:\/\/www.suno.com.br\/noticias\/presidente-azul-plano-divide-avianca\/\"><h2 class=\"content__title\">Presidente da Azul critica plano que divide Avianca<\/h2><\/a><div class=\"newsContent__article__meta\"><div class=\"newsContent__article__meta__authorBox\"><a href=\"https:\/\/www.suno.com.br\/noticias\/author\/renan-bandeira\/\" class=\"authorBox__avatar noMobi\"><img src=\"https:\/\/secure.gravatar.com\/avatar\/68359cdb608f14f11bbefcb78f3fc747?s=96&#038;r=g\" alt=\"Renan Bandeira\"><\/a><div class=\"authorBox__name\"><span>por\n\t\t\t<a href=\"https:\/\/www.suno.com.br\/noticias\/author\/renan-bandeira\/\"><span itemprop=\"author\">Renan Bandeira<\/span><\/a><\/span><time datetime=\"2019-04-05T11:35:03-03:00\" itemprop=\"datePublished\">05\/04\/2019 11:35<\/time><\/div><\/div><\/div><\/div><\/div>","single_layout":"posts","amp_enabled":true,"_links":{"self":[{"href":"https:\/\/www.suno.com.br\/noticias\/wp-json\/wp\/v2\/posts\/20088"}],"collection":[{"href":"https:\/\/www.suno.com.br\/noticias\/wp-json\/wp\/v2\/posts"}],"about":[{"href":"https:\/\/www.suno.com.br\/noticias\/wp-json\/wp\/v2\/types\/post"}],"author":[{"embeddable":true,"href":"https:\/\/www.suno.com.br\/noticias\/wp-json\/wp\/v2\/users\/11"}],"replies":[{"embeddable":true,"href":"https:\/\/www.suno.com.br\/noticias\/wp-json\/wp\/v2\/comments?post=20088"}],"version-history":[{"count":0,"href":"https:\/\/www.suno.com.br\/noticias\/wp-json\/wp\/v2\/posts\/20088\/revisions"}],"wp:featuredmedia":[{"embeddable":true,"href":"https:\/\/www.suno.com.br\/noticias\/wp-json\/wp\/v2\/media\/17594"}],"wp:attachment":[{"href":"https:\/\/www.suno.com.br\/noticias\/wp-json\/wp\/v2\/media?parent=20088"}],"wp:term":[{"taxonomy":"category","embeddable":true,"href":"https:\/\/www.suno.com.br\/noticias\/wp-json\/wp\/v2\/categories?post=20088"},{"taxonomy":"post_tag","embeddable":true,"href":"https:\/\/www.suno.com.br\/noticias\/wp-json\/wp\/v2\/tags?post=20088"},{"taxonomy":"suno_strategy","embeddable":true,"href":"https:\/\/www.suno.com.br\/noticias\/wp-json\/wp\/v2\/suno_strategy?post=20088"}],"curies":[{"name":"wp","href":"https:\/\/api.w.org\/{rel}","templated":true}]}}