{"id":200812,"date":"2021-11-03T18:03:54","date_gmt":"2021-11-03T21:03:54","guid":{"rendered":"https:\/\/www.suno.com.br\/noticias\/?p=200812"},"modified":"2021-11-03T18:03:54","modified_gmt":"2021-11-03T21:03:54","slug":"cop-26-investidores-brasileiros-aquecimento-global","status":"publish","type":"post","link":"https:\/\/www.suno.com.br\/noticias\/cop-26-investidores-brasileiros-aquecimento-global\/","title":{"rendered":"COP-26: investidores brasileiros debatem meio ambiente e aquecimento global"},"content":{"rendered":"<p>A C\u00fapula do Clima das Na\u00e7\u00f5es Unidas (<strong>COP-26<\/strong>) reuniu nesta semana os principais l\u00edderes mundiais para negociar medidas de preserva\u00e7\u00e3o das florestas, emiss\u00f5es de carbono e redu\u00e7\u00e3o do desmatamento. Um grupo de investidores brasileiros tamb\u00e9m participou do evento. Pretendem assumir protagonismo na discuss\u00e3o. Nomes como Ita\u00fa Asset Management e Sulam\u00e9rica Investimentos far\u00e3o parte da declara\u00e7\u00e3o p\u00fablica a favor de uma fiscaliza\u00e7\u00e3o ambiental mais intensiva.<\/p>\t<div class=\"wrapper-featured-image\">\n\t\t<figure class=\"spotlightImg\">\n\n\t\t\t<picture>\n\t\t\t\t<source media=\"(max-width: 768px)\" srcset=\"https:\/\/files.sunoresearch.com.br\/n\/uploads\/2019\/12\/e7d0d746-nature-3289812_960_720-400x200.webp\">\n\t\t\t\t<img loading=\"lazy\" decoding=\"async\" class=\"newsContent__article__imgCapa lazyloadDisabled \" src=\"https:\/\/files.sunoresearch.com.br\/n\/uploads\/2019\/12\/e7d0d746-nature-3289812_960_720-800x450.webp\" width=\"800\" height=\"450\" alt=\"COP-26: investidores brasileiros debatem meio ambiente e aquecimento global\" fetchpriority=high \/>\n\t\t\t<\/picture>\n\n\t\t\t<figcaption class=\"wp-caption-text wp-caption-text--show\">Investidores brasileiros protagonizam debate sobre mudan\u00e7as clim\u00e1ticas.<\/figcaption>\n\t\t<\/figure>\n\t<\/div>\n\n\n\t<p>\n\t\t<a href=\"https:\/\/lp.suno.com.br\/planilha-controle-gastos\/\" target=\"_blank\" data-element=\"shortcode-suno-banner\" title=\"Banner SUNO, clique e saiba mais\">\n\t\t\t<picture>\n\t\t\t\t<source media=\"(max-width: 500px)\" srcset=\"https:\/\/files.sunoresearch.com.br\/n\/uploads\/2023\/03\/400x300-Planilha-controle-de-gastos.png\">\n\t\t\t\t<img class=\"newsContent__article__imgCapa newsContent__article__imgCapa--banner\"\n\t\t\t\t\tsrc=\"https:\/\/files.sunoresearch.com.br\/n\/uploads\/2023\/03\/1420x240-Planilha-controle-de-gastos.png\"\n\t\t\t\t\tdata-promo-id=\"101751\"\t\t\t\t\t\t\t\t\t\twidth='1420' height='240'\t\t\t\t\talt=\"https:\/\/files.sunoresearch.com.br\/n\/uploads\/2023\/03\/1420x240-Planilha-controle-de-gastos.png\"\n\t\t\t\t>\n\t\t\t<\/picture>\n\t\t<\/a>\n\t<\/p>\n\n\n<p>A declara\u00e7\u00e3o planejada pelas 18 corpora\u00e7\u00f5es que envolvem o <strong>conjunto de<\/strong> <strong>investidores<\/strong>, que juntos somam R$ 873 bilh\u00f5es de ativos sob gest\u00e3o, ser\u00e1 feita em Glasgow, Esc\u00f3cia, sede da COP-26.<\/p>\n<p>Nomeado como \u201c<strong>Investidores pelo Clima<\/strong>&#8220;, o grupo foi formado pela consultoria Sitawi Finan\u00e7as pelo Bem, com o objetivo de pressionar a implementa\u00e7\u00e3o de metas net zero at\u00e9 2050.<\/p>\n<p>Al\u00e9m de Ita\u00fa Asset e Sulam\u00e9rica Investimentos, est\u00e3o entre os signat\u00e1rios JGP, Rio Bravo, Arien Invest, Blue Macaw, Crescera Capital, Darby International Capital, FAMA Investimentos, FRAM Capital, Indie Capital, Mau\u00e1 Capital, NEO Investimentos, N\u00facleo Capital, OABPrev RJ, Quasar Asset Management, RPS Capital e Taler Planejamentos Financeiros.<\/p>\n\t<p>\n\t\t<a href=\"https:\/\/lp.suno.com.br\/planilha-da-vida-financeira\/\" target=\"_blank\" data-element=\"shortcode-suno-banner\" title=\"Banner SUNO, clique e saiba mais\">\n\t\t\t<picture>\n\t\t\t\t<source media=\"(max-width: 500px)\" srcset=\"https:\/\/files.sunoresearch.com.br\/n\/uploads\/2023\/04\/400x300-Planilha-vida-financeira-true.png\">\n\t\t\t\t<img class=\"newsContent__article__imgCapa newsContent__article__imgCapa--banner\"\n\t\t\t\t\tsrc=\"https:\/\/files.sunoresearch.com.br\/n\/uploads\/2023\/04\/1420x240-Planilha-vida-financeira-true.png\"\n\t\t\t\t\tdata-promo-id=\"106682\"\t\t\t\t\t\t\t\t\t\twidth='1420' height='240'\t\t\t\t\talt=\"https:\/\/files.sunoresearch.com.br\/n\/uploads\/2023\/04\/1420x240-Planilha-vida-financeira-true.png\"\n\t\t\t\t>\n\t\t\t<\/picture>\n\t\t<\/a>\n\t<\/p>\n\n\n<p>&#8220;Entendemos que a <strong>emerg\u00eancia clim\u00e1tica<\/strong> \u00e9 um dos maiores riscos \u00e0 estabilidade do<strong> sistema financeiro<\/strong> e reconhecemos a import\u00e2ncia da participa\u00e7\u00e3o de toda a sociedade no esfor\u00e7o de transi\u00e7\u00e3o justa para uma<strong> economia de baixo carbono<\/strong> e em tempo h\u00e1bil para que se evitem os piores impactos sociais, ambientais, econ\u00f4micos e geopol\u00edticos previstos pela ci\u00eancia devido a mudan\u00e7a global do clima&#8221;, declara o grupo.<\/p>\n<p>O grupo se posiciona a favor do desenvolvimento de mercados com <strong>regula\u00e7\u00e3o da emiss\u00e3o de carbono<\/strong>, conforme o artigo 6 do Acordo de Paris. Em 2015, quase todos os pa\u00edses do mundo concordaram na COP21 em assinar o Acordo de Paris. O tratado prev\u00ea que o\u00a0<strong>aquecimento global\u00a0<\/strong>deve ficar abaixo dos 2 graus Celsius at\u00e9 o final do s\u00e9culo. Para isso, os pa\u00edses combinaram que apresentariam Contribui\u00e7\u00f5es Nacionalmente Determinadas (NDCs, em ingl\u00eas), com os planos de cada governo. Estas NDCs devem ser atualizadas a cada cinco anos.<\/p>\n<p>A regula\u00e7\u00e3o de mecanismos de precifica\u00e7\u00e3o do carbono tamb\u00e9m \u00e9 sugerida pelo grupo, que prop\u00f5e instrumentos econ\u00f4micos que \u201cestimulem o <strong>investimento privado sustent\u00e1vel<\/strong> e de baixo carbono\u201d. A transi\u00e7\u00e3o para uma &#8220;economia de baixo carbono&#8221; ap\u00f3s o fim do per\u00edodo de pandemia tamb\u00e9m \u00e9 citada no documento.<\/p>\n\t<p>\n\t\t<a href=\"https:\/\/lp.suno.com.br\/ebook-como-analisar-uma-acao\/\" target=\"_blank\" data-element=\"shortcode-suno-banner\" title=\"Banner SUNO, clique e saiba mais\">\n\t\t\t<picture>\n\t\t\t\t<source media=\"(max-width: 500px)\" srcset=\"https:\/\/files.sunoresearch.com.br\/n\/uploads\/2023\/03\/Ebook-Acoes-Mobile-1.jpg\">\n\t\t\t\t<img class=\"newsContent__article__imgCapa newsContent__article__imgCapa--banner\"\n\t\t\t\t\tsrc=\"https:\/\/files.sunoresearch.com.br\/n\/uploads\/2023\/03\/Ebook-Acoes-Desktop-1.jpg\"\n\t\t\t\t\tdata-promo-id=\"171998\"\t\t\t\t\t\t\t\t\t\twidth='1420' height='286'\t\t\t\t\talt=\"https:\/\/files.sunoresearch.com.br\/n\/uploads\/2023\/03\/Ebook-Acoes-Desktop-1.jpg\"\n\t\t\t\t>\n\t\t\t<\/picture>\n\t\t<\/a>\n\t<\/p>\n\n\n<h2>Gestoras de fundos globais tamb\u00e9m se destacam na COP-26<\/h2>\n<p>Cerca de 30 g<strong>estoras de fundos globais<\/strong> se comprometeram a eliminar o desmatamento causado por <a class=\"suno-keyword\" href=\"https:\/\/www.suno.com.br\/artigos\/commodities-agricolas\/\" target=\"_blank\" rel=\"noopener\" data-force=\"no\" data-priority=\"1\">commodities agr\u00edcolas<\/a> at\u00e9 2025. O plano dos fundos \u00e9 acirrar o monitoramento das empresas desses produtos que est\u00e3o em seus portf\u00f3lios de investimentos e de empr\u00e9stimos at\u00e9 2025. O compromisso foi formalizado COP-26.<\/p>\n\t<div data-element=\"shortcode-read-more\" class=\"knowMore\">\n\t\t\t\t<span class=\"knowMore__title\">Leia mais<\/span>\n\t\t\t\t<a class=\"knowMore__link\" href=\"https:\/\/www.suno.com.br\/noticias\/cop26-producao-commodities-sem-desmatamento\/\">\n\t\t\tCOP26: mais de 30 fundos prometem reduzir desmatamento; s\u00f3 um \u00e9 brasileiro\t\t<\/a>\n\t<\/div>\n\n\n<p>Entre os fundos integrantes, apenas um \u00e9 brasileiro, o\u00a0<strong>JGP Asset Management<\/strong>. Presente na COP-26, em <em>Glasgow<\/em>, Jos\u00e9 Pugas, s\u00f3cio da JGP, afirmou que ainda falta uma conex\u00e3o do setor de commodities do Pa\u00eds com as finan\u00e7as verdes globais.<\/p>\n\t<p>\n\t\t<a href=\"https:\/\/lp.suno.com.br\/planilha-de-controle-de-investimentos\/\" target=\"_blank\" data-element=\"shortcode-suno-banner\" title=\"Banner SUNO, clique e saiba mais\">\n\t\t\t<picture>\n\t\t\t\t<source media=\"(max-width: 500px)\" srcset=\"https:\/\/files.sunoresearch.com.br\/n\/uploads\/2023\/03\/400x300-Controle-de-Investimentos.png\">\n\t\t\t\t<img class=\"newsContent__article__imgCapa newsContent__article__imgCapa--banner\"\n\t\t\t\t\tsrc=\"https:\/\/files.sunoresearch.com.br\/n\/uploads\/2023\/03\/1420x240-Controle-de-Investimentos.png\"\n\t\t\t\t\tdata-promo-id=\"75934\"\t\t\t\t\t\t\t\t\t\twidth='1420' height='240'\t\t\t\t\talt=\"https:\/\/files.sunoresearch.com.br\/n\/uploads\/2023\/03\/1420x240-Controle-de-Investimentos.png\"\n\t\t\t\t>\n\t\t\t<\/picture>\n\t\t<\/a>\n\t<\/p>\n\n\n<p>O acordo feito pelas gestoras no evento prev\u00ea que as cadeias produtivas contempladas sejam de <strong>soja<\/strong>,\u00a0<strong>pecu\u00e1ria<\/strong>,\u00a0<strong>celulose e papel<\/strong>\u00a0e\u00a0<strong>\u00f3leo de palma<\/strong>. At\u00e9 o final de 2025, o cronograma de a\u00e7\u00f5es que devem ser encabe\u00e7adas por elas \u00e9 o seguinte:<\/p>\n<ul>\n<li>At\u00e9 o fim de 2022, as assets ter\u00e3o de avaliar a exposi\u00e7\u00e3o ao\u00a0<strong>risco de desmatamento<\/strong>\u00a0de suas carteiras e criar pol\u00edticas de investimento claras sobre o assunto, al\u00e9m de iniciar ou aprofundar o engajamento com as investidas;<\/li>\n<li>Divulgar os riscos mapeados e tamb\u00e9m as atividades de mitiga\u00e7\u00e3o em andamento, at\u00e9 o fim do pr\u00f3ximo ano;<\/li>\n<li>Relatar publicamente a evolu\u00e7\u00e3o alcan\u00e7ada e, a partir da\u00ed, apenas investir em empresas que atendam aos crit\u00e9rios de redu\u00e7\u00e3o de risco estabelecidos.<\/li>\n<\/ul>\n<p>A COP-26 teve in\u00edcio no dia 31 de outubro e deve se encerrar no dia 12 de novembro.<\/p>\n\t<p>\n\t\t<a href=\"\" target=\"_blank\" data-element=\"shortcode-suno-banner\" title=\"Banner SUNO, clique e saiba mais\">\n\t\t\t<picture>\n\t\t\t\t<source media=\"(max-width: 500px)\" srcset=\"\">\n\t\t\t\t<img class=\"newsContent__article__imgCapa newsContent__article__imgCapa--banner\"\n\t\t\t\t\tsrc=\"\"\n\t\t\t\t\tdata-promo-id=\"184190\"\t\t\t\t\t\t\t\t\t\t\t\t\t\t\talt=\"\"\n\t\t\t\t>\n\t\t\t<\/picture>\n\t\t<\/a>\n\t<\/p>\n\n\n","protected":false},"excerpt":{"rendered":"<p>A C\u00fapula do Clima das Na\u00e7\u00f5es Unidas (COP-26) reuniu nesta semana os principais l\u00edderes mundiais para negociar medidas de preserva\u00e7\u00e3o das florestas, emiss\u00f5es de carbono e redu\u00e7\u00e3o do desmatamento. Um grupo de investidores brasileiros tamb\u00e9m participou do evento. Pretendem assumir protagonismo na discuss\u00e3o. Nomes como Ita\u00fa Asset Management e Sulam\u00e9rica Investimentos far\u00e3o parte da declara\u00e7\u00e3o [&hellip;]<\/p>\n","protected":false},"author":118,"featured_media":47060,"comment_status":"closed","ping_status":"closed","sticky":false,"template":"","format":"standard","meta":[],"categories":[64],"tags":[105634,1117],"suno_strategy":[],"class_list":["post-200812","post","type-post","status-publish","format-standard","has-post-thumbnail","hentry","category-negocios","tag-mudancas-climaticas","tag-sustentabilidade"],"yoast_head":"<!-- This site is optimized with the Yoast SEO plugin v24.4 - https:\/\/yoast.com\/wordpress\/plugins\/seo\/ -->\n<title>COP-26: investidores brasileiros debatem aquecimento global<\/title>\n<meta name=\"description\" content=\"Com a C\u00fapula do Clima das Na\u00e7\u00f5es Unidas (COP-26) reunindo nesta semana os principais l\u00edderes mundiais para negociar medidas...Saiba mais\" \/>\n<meta name=\"robots\" content=\"index, follow, max-snippet:-1, max-image-preview:large, max-video-preview:-1\" \/>\n<link rel=\"canonical\" href=\"https:\/\/www.suno.com.br\/noticias\/cop-26-investidores-brasileiros-aquecimento-global\/\" \/>\n<meta property=\"og:locale\" content=\"pt_BR\" \/>\n<meta property=\"og:type\" content=\"article\" \/>\n<meta property=\"og:title\" content=\"COP-26: investidores brasileiros debatem aquecimento global\" \/>\n<meta property=\"og:description\" content=\"Com a C\u00fapula do Clima das Na\u00e7\u00f5es Unidas (COP-26) reunindo nesta semana os principais l\u00edderes mundiais para negociar medidas...Saiba mais\" \/>\n<meta property=\"og:url\" content=\"https:\/\/www.suno.com.br\/noticias\/cop-26-investidores-brasileiros-aquecimento-global\/\" \/>\n<meta property=\"og:site_name\" content=\"Suno Not\u00edcias\" \/>\n<meta property=\"article:publisher\" content=\"https:\/\/facebook.com\/sunoresearch\" \/>\n<meta property=\"og:image\" content=\"https:\/\/files.sunoresearch.com.br\/n\/uploads\/2019\/12\/e7d0d746-nature-3289812_960_720.png\" \/>\n\t<meta property=\"og:image:width\" content=\"960\" \/>\n\t<meta property=\"og:image:height\" content=\"640\" \/>\n\t<meta property=\"og:image:type\" content=\"image\/png\" \/>\n<meta name=\"author\" content=\"Bruno Galv\u00e3o\" \/>\n<meta name=\"twitter:card\" content=\"summary_large_image\" \/>\n<meta name=\"twitter:creator\" content=\"@sunoresearch\" \/>\n<meta name=\"twitter:site\" content=\"@sunoresearch\" \/>\n<meta name=\"twitter:label1\" content=\"Escrito por\" \/>\n\t<meta name=\"twitter:data1\" content=\"Bruno Galv\u00e3o\" \/>\n\t<meta name=\"twitter:label2\" content=\"Est. tempo de leitura\" \/>\n\t<meta name=\"twitter:data2\" content=\"3 minutos\" \/>\n<script type=\"application\/ld+json\" class=\"yoast-schema-graph\">{\"@context\":\"https:\/\/schema.org\",\"@graph\":[{\"@type\":\"NewsArticle\",\"@id\":\"https:\/\/www.suno.com.br\/noticias\/cop-26-investidores-brasileiros-aquecimento-global\/#article\",\"isPartOf\":{\"@id\":\"https:\/\/www.suno.com.br\/noticias\/cop-26-investidores-brasileiros-aquecimento-global\/\"},\"author\":{\"name\":\"Bruno Galv\u00e3o\",\"@id\":\"https:\/\/www.suno.com.br\/noticias\/#\/schema\/person\/06f0d962a6b1c54852e4860f16935600\"},\"headline\":\"COP-26: investidores brasileiros debatem meio ambiente e aquecimento global\",\"datePublished\":\"2021-11-03T21:03:54+00:00\",\"mainEntityOfPage\":{\"@id\":\"https:\/\/www.suno.com.br\/noticias\/cop-26-investidores-brasileiros-aquecimento-global\/\"},\"wordCount\":689,\"publisher\":{\"@id\":\"https:\/\/www.suno.com.br\/noticias\/#organization\"},\"image\":{\"@id\":\"https:\/\/www.suno.com.br\/noticias\/cop-26-investidores-brasileiros-aquecimento-global\/#primaryimage\"},\"thumbnailUrl\":\"https:\/\/files.sunoresearch.com.br\/n\/uploads\/2019\/12\/e7d0d746-nature-3289812_960_720-png.webp\",\"keywords\":[\"mudan\u00e7as clim\u00e1ticas\",\"Sustentabilidade\"],\"articleSection\":[\"Neg\u00f3cios\"],\"inLanguage\":\"pt-BR\"},{\"@type\":\"WebPage\",\"@id\":\"https:\/\/www.suno.com.br\/noticias\/cop-26-investidores-brasileiros-aquecimento-global\/\",\"url\":\"https:\/\/www.suno.com.br\/noticias\/cop-26-investidores-brasileiros-aquecimento-global\/\",\"name\":\"COP-26: investidores brasileiros debatem aquecimento global\",\"isPartOf\":{\"@id\":\"https:\/\/www.suno.com.br\/noticias\/#website\"},\"primaryImageOfPage\":{\"@id\":\"https:\/\/www.suno.com.br\/noticias\/cop-26-investidores-brasileiros-aquecimento-global\/#primaryimage\"},\"image\":{\"@id\":\"https:\/\/www.suno.com.br\/noticias\/cop-26-investidores-brasileiros-aquecimento-global\/#primaryimage\"},\"thumbnailUrl\":\"https:\/\/files.sunoresearch.com.br\/n\/uploads\/2019\/12\/e7d0d746-nature-3289812_960_720-png.webp\",\"datePublished\":\"2021-11-03T21:03:54+00:00\",\"description\":\"Com a C\u00fapula do Clima das Na\u00e7\u00f5es Unidas (COP-26) reunindo nesta semana os principais l\u00edderes mundiais para negociar medidas...Saiba mais\",\"breadcrumb\":{\"@id\":\"https:\/\/www.suno.com.br\/noticias\/cop-26-investidores-brasileiros-aquecimento-global\/#breadcrumb\"},\"inLanguage\":\"pt-BR\",\"potentialAction\":[{\"@type\":\"ReadAction\",\"target\":[\"https:\/\/www.suno.com.br\/noticias\/cop-26-investidores-brasileiros-aquecimento-global\/\"]}]},{\"@type\":\"ImageObject\",\"inLanguage\":\"pt-BR\",\"@id\":\"https:\/\/www.suno.com.br\/noticias\/cop-26-investidores-brasileiros-aquecimento-global\/#primaryimage\",\"url\":\"https:\/\/files.sunoresearch.com.br\/n\/uploads\/2019\/12\/e7d0d746-nature-3289812_960_720-png.webp\",\"contentUrl\":\"https:\/\/files.sunoresearch.com.br\/n\/uploads\/2019\/12\/e7d0d746-nature-3289812_960_720-png.webp\",\"width\":960,\"height\":640,\"caption\":\"Investidores brasileiros protagonizam debate sobre mudan\u00e7as clim\u00e1ticas.\"},{\"@type\":\"BreadcrumbList\",\"@id\":\"https:\/\/www.suno.com.br\/noticias\/cop-26-investidores-brasileiros-aquecimento-global\/#breadcrumb\",\"itemListElement\":[{\"@type\":\"ListItem\",\"position\":1,\"name\":\"Not\u00edcias\",\"item\":\"https:\/\/www.suno.com.br\/noticias\/\"},{\"@type\":\"ListItem\",\"position\":2,\"name\":\"Neg\u00f3cios\",\"item\":\"https:\/\/www.suno.com.br\/noticias\/negocios\/\"},{\"@type\":\"ListItem\",\"position\":3,\"name\":\"COP-26: investidores brasileiros debatem meio ambiente e aquecimento global\"}]},{\"@type\":\"WebSite\",\"@id\":\"https:\/\/www.suno.com.br\/noticias\/#website\",\"url\":\"https:\/\/www.suno.com.br\/noticias\/\",\"name\":\"Suno Not\u00edcias\",\"description\":\"Seu portal de informa\u00e7\u00e3o sobre o mundo dos investimentos\",\"publisher\":{\"@id\":\"https:\/\/www.suno.com.br\/noticias\/#organization\"},\"potentialAction\":[{\"@type\":\"SearchAction\",\"target\":{\"@type\":\"EntryPoint\",\"urlTemplate\":\"https:\/\/www.suno.com.br\/noticias\/?s={search_term_string}\"},\"query-input\":{\"@type\":\"PropertyValueSpecification\",\"valueRequired\":true,\"valueName\":\"search_term_string\"}}],\"inLanguage\":\"pt-BR\"},{\"@type\":\"Organization\",\"@id\":\"https:\/\/www.suno.com.br\/noticias\/#organization\",\"name\":\"Suno Not\u00edcias\",\"url\":\"https:\/\/www.suno.com.br\/noticias\/\",\"logo\":{\"@type\":\"ImageObject\",\"inLanguage\":\"pt-BR\",\"@id\":\"https:\/\/www.suno.com.br\/noticias\/#\/schema\/logo\/image\/\",\"url\":\"https:\/\/files.sunoresearch.com.br\/n\/uploads\/2021\/09\/suno-logo.png\",\"contentUrl\":\"https:\/\/files.sunoresearch.com.br\/n\/uploads\/2021\/09\/suno-logo.png\",\"width\":180,\"height\":180,\"caption\":\"Suno Not\u00edcias\"},\"image\":{\"@id\":\"https:\/\/www.suno.com.br\/noticias\/#\/schema\/logo\/image\/\"},\"sameAs\":[\"https:\/\/facebook.com\/sunoresearch\",\"https:\/\/x.com\/sunoresearch\",\"https:\/\/www.instagram.com\/suno\",\"https:\/\/www.linkedin.com\/company\/suno-research\/\",\"https:\/\/www.youtube.com\/c\/sunoresearch\"]},{\"@type\":\"Person\",\"@id\":\"https:\/\/www.suno.com.br\/noticias\/#\/schema\/person\/06f0d962a6b1c54852e4860f16935600\",\"name\":\"Bruno Galv\u00e3o\",\"image\":{\"@type\":\"ImageObject\",\"inLanguage\":\"pt-BR\",\"@id\":\"https:\/\/www.suno.com.br\/noticias\/#\/schema\/person\/image\/\",\"url\":\"https:\/\/secure.gravatar.com\/avatar\/53598df0b41c00f12f287a912d0e918e?s=96&r=g\",\"contentUrl\":\"https:\/\/secure.gravatar.com\/avatar\/53598df0b41c00f12f287a912d0e918e?s=96&r=g\",\"caption\":\"Bruno Galv\u00e3o\"},\"description\":\"Escreve para o portal Suno Not\u00edcias. \u00c9 estudante de Jornalismo pela Faculdade C\u00e1sper L\u00edbero e Letras pela USP. Entusiasta de tecnologia e intelig\u00eancia artificial.\",\"url\":\"https:\/\/www.suno.com.br\/noticias\/author\/bruno-garcia\/\"}]}<\/script>\n<!-- \/ Yoast SEO plugin. -->","yoast_head_json":{"title":"COP-26: investidores brasileiros debatem aquecimento global","description":"Com a C\u00fapula do Clima das Na\u00e7\u00f5es Unidas (COP-26) reunindo nesta semana os principais l\u00edderes mundiais para negociar medidas...Saiba mais","robots":{"index":"index","follow":"follow","max-snippet":"max-snippet:-1","max-image-preview":"max-image-preview:large","max-video-preview":"max-video-preview:-1"},"canonical":"https:\/\/www.suno.com.br\/noticias\/cop-26-investidores-brasileiros-aquecimento-global\/","og_locale":"pt_BR","og_type":"article","og_title":"COP-26: investidores brasileiros debatem aquecimento global","og_description":"Com a C\u00fapula do Clima das Na\u00e7\u00f5es Unidas (COP-26) reunindo nesta semana os principais l\u00edderes mundiais para negociar medidas...Saiba mais","og_url":"https:\/\/www.suno.com.br\/noticias\/cop-26-investidores-brasileiros-aquecimento-global\/","og_site_name":"Suno Not\u00edcias","article_publisher":"https:\/\/facebook.com\/sunoresearch","og_image":[{"width":960,"height":640,"url":"https:\/\/files.sunoresearch.com.br\/n\/uploads\/2019\/12\/e7d0d746-nature-3289812_960_720.png","type":"image\/png"}],"author":"Bruno Galv\u00e3o","twitter_card":"summary_large_image","twitter_creator":"@sunoresearch","twitter_site":"@sunoresearch","twitter_misc":{"Escrito por":"Bruno Galv\u00e3o","Est. tempo de leitura":"3 minutos"},"schema":{"@context":"https:\/\/schema.org","@graph":[{"@type":"NewsArticle","@id":"https:\/\/www.suno.com.br\/noticias\/cop-26-investidores-brasileiros-aquecimento-global\/#article","isPartOf":{"@id":"https:\/\/www.suno.com.br\/noticias\/cop-26-investidores-brasileiros-aquecimento-global\/"},"author":{"name":"Bruno Galv\u00e3o","@id":"https:\/\/www.suno.com.br\/noticias\/#\/schema\/person\/06f0d962a6b1c54852e4860f16935600"},"headline":"COP-26: investidores brasileiros debatem meio ambiente e aquecimento global","datePublished":"2021-11-03T21:03:54+00:00","mainEntityOfPage":{"@id":"https:\/\/www.suno.com.br\/noticias\/cop-26-investidores-brasileiros-aquecimento-global\/"},"wordCount":689,"publisher":{"@id":"https:\/\/www.suno.com.br\/noticias\/#organization"},"image":{"@id":"https:\/\/www.suno.com.br\/noticias\/cop-26-investidores-brasileiros-aquecimento-global\/#primaryimage"},"thumbnailUrl":"https:\/\/files.sunoresearch.com.br\/n\/uploads\/2019\/12\/e7d0d746-nature-3289812_960_720-png.webp","keywords":["mudan\u00e7as clim\u00e1ticas","Sustentabilidade"],"articleSection":["Neg\u00f3cios"],"inLanguage":"pt-BR"},{"@type":"WebPage","@id":"https:\/\/www.suno.com.br\/noticias\/cop-26-investidores-brasileiros-aquecimento-global\/","url":"https:\/\/www.suno.com.br\/noticias\/cop-26-investidores-brasileiros-aquecimento-global\/","name":"COP-26: investidores brasileiros debatem aquecimento global","isPartOf":{"@id":"https:\/\/www.suno.com.br\/noticias\/#website"},"primaryImageOfPage":{"@id":"https:\/\/www.suno.com.br\/noticias\/cop-26-investidores-brasileiros-aquecimento-global\/#primaryimage"},"image":{"@id":"https:\/\/www.suno.com.br\/noticias\/cop-26-investidores-brasileiros-aquecimento-global\/#primaryimage"},"thumbnailUrl":"https:\/\/files.sunoresearch.com.br\/n\/uploads\/2019\/12\/e7d0d746-nature-3289812_960_720-png.webp","datePublished":"2021-11-03T21:03:54+00:00","description":"Com a C\u00fapula do Clima das Na\u00e7\u00f5es Unidas (COP-26) reunindo nesta semana os principais l\u00edderes mundiais para negociar medidas...Saiba mais","breadcrumb":{"@id":"https:\/\/www.suno.com.br\/noticias\/cop-26-investidores-brasileiros-aquecimento-global\/#breadcrumb"},"inLanguage":"pt-BR","potentialAction":[{"@type":"ReadAction","target":["https:\/\/www.suno.com.br\/noticias\/cop-26-investidores-brasileiros-aquecimento-global\/"]}]},{"@type":"ImageObject","inLanguage":"pt-BR","@id":"https:\/\/www.suno.com.br\/noticias\/cop-26-investidores-brasileiros-aquecimento-global\/#primaryimage","url":"https:\/\/files.sunoresearch.com.br\/n\/uploads\/2019\/12\/e7d0d746-nature-3289812_960_720-png.webp","contentUrl":"https:\/\/files.sunoresearch.com.br\/n\/uploads\/2019\/12\/e7d0d746-nature-3289812_960_720-png.webp","width":960,"height":640,"caption":"Investidores brasileiros protagonizam debate sobre mudan\u00e7as clim\u00e1ticas."},{"@type":"BreadcrumbList","@id":"https:\/\/www.suno.com.br\/noticias\/cop-26-investidores-brasileiros-aquecimento-global\/#breadcrumb","itemListElement":[{"@type":"ListItem","position":1,"name":"Not\u00edcias","item":"https:\/\/www.suno.com.br\/noticias\/"},{"@type":"ListItem","position":2,"name":"Neg\u00f3cios","item":"https:\/\/www.suno.com.br\/noticias\/negocios\/"},{"@type":"ListItem","position":3,"name":"COP-26: investidores brasileiros debatem meio ambiente e aquecimento global"}]},{"@type":"WebSite","@id":"https:\/\/www.suno.com.br\/noticias\/#website","url":"https:\/\/www.suno.com.br\/noticias\/","name":"Suno Not\u00edcias","description":"Seu portal de informa\u00e7\u00e3o sobre o mundo dos investimentos","publisher":{"@id":"https:\/\/www.suno.com.br\/noticias\/#organization"},"potentialAction":[{"@type":"SearchAction","target":{"@type":"EntryPoint","urlTemplate":"https:\/\/www.suno.com.br\/noticias\/?s={search_term_string}"},"query-input":{"@type":"PropertyValueSpecification","valueRequired":true,"valueName":"search_term_string"}}],"inLanguage":"pt-BR"},{"@type":"Organization","@id":"https:\/\/www.suno.com.br\/noticias\/#organization","name":"Suno Not\u00edcias","url":"https:\/\/www.suno.com.br\/noticias\/","logo":{"@type":"ImageObject","inLanguage":"pt-BR","@id":"https:\/\/www.suno.com.br\/noticias\/#\/schema\/logo\/image\/","url":"https:\/\/files.sunoresearch.com.br\/n\/uploads\/2021\/09\/suno-logo.png","contentUrl":"https:\/\/files.sunoresearch.com.br\/n\/uploads\/2021\/09\/suno-logo.png","width":180,"height":180,"caption":"Suno Not\u00edcias"},"image":{"@id":"https:\/\/www.suno.com.br\/noticias\/#\/schema\/logo\/image\/"},"sameAs":["https:\/\/facebook.com\/sunoresearch","https:\/\/x.com\/sunoresearch","https:\/\/www.instagram.com\/suno","https:\/\/www.linkedin.com\/company\/suno-research\/","https:\/\/www.youtube.com\/c\/sunoresearch"]},{"@type":"Person","@id":"https:\/\/www.suno.com.br\/noticias\/#\/schema\/person\/06f0d962a6b1c54852e4860f16935600","name":"Bruno Galv\u00e3o","image":{"@type":"ImageObject","inLanguage":"pt-BR","@id":"https:\/\/www.suno.com.br\/noticias\/#\/schema\/person\/image\/","url":"https:\/\/secure.gravatar.com\/avatar\/53598df0b41c00f12f287a912d0e918e?s=96&r=g","contentUrl":"https:\/\/secure.gravatar.com\/avatar\/53598df0b41c00f12f287a912d0e918e?s=96&r=g","caption":"Bruno Galv\u00e3o"},"description":"Escreve para o portal Suno Not\u00edcias. \u00c9 estudante de Jornalismo pela Faculdade C\u00e1sper L\u00edbero e Letras pela USP. Entusiasta de tecnologia e intelig\u00eancia artificial.","url":"https:\/\/www.suno.com.br\/noticias\/author\/bruno-garcia\/"}]}},"default_loop_html":"<div class=\"cardsPage__listCard__boxs\"><div class=\"cardsPage__listCard__boxs__img\"><a href=\"https:\/\/www.suno.com.br\/noticias\/cop-26-investidores-brasileiros-aquecimento-global\/\"><img class=\"mask\" src=\"https:\/\/www.suno.com.br\/noticias\/wp-content\/themes\/suno\/resources\/images\/spotlight\/spotlight1img\/bg-mask.png\" alt=\"Image Mask\"\/><img src=\"https:\/\/files.sunoresearch.com.br\/n\/uploads\/2019\/12\/e7d0d746-nature-3289812_960_720-400x200.webp\" alt=\"COP-26: investidores brasileiros debatem meio ambiente e aquecimento global\"\/><\/a><span class=\"spotlightCategory\"><a href=\"https:\/\/www.suno.com.br\/noticias\/negocios\/\">Neg\u00f3cios<\/a><\/span><\/div><div class=\"cardsPage__listCard__boxs__content\"><a href=\"https:\/\/www.suno.com.br\/noticias\/cop-26-investidores-brasileiros-aquecimento-global\/\"><h2 class=\"content__title\">COP-26: investidores brasileiros debatem meio ambiente e aquecimento global<\/h2><\/a><div class=\"newsContent__article__meta\"><div class=\"newsContent__article__meta__authorBox\"><a href=\"https:\/\/www.suno.com.br\/noticias\/author\/bruno-garcia\/\" class=\"authorBox__avatar noMobi\"><img src=\"https:\/\/secure.gravatar.com\/avatar\/53598df0b41c00f12f287a912d0e918e?s=96&#038;r=g\" alt=\"Bruno Galv\u00e3o\"><\/a><div class=\"authorBox__name\"><span>por\n\t\t\t<a href=\"https:\/\/www.suno.com.br\/noticias\/author\/bruno-garcia\/\"><span itemprop=\"author\">Bruno Galv\u00e3o<\/span><\/a><\/span><time datetime=\"2021-11-03T18:03:54-03:00\" itemprop=\"datePublished\">03\/11\/2021 18:03<\/time><\/div><\/div><\/div><\/div><\/div>","single_layout":"posts","amp_enabled":true,"_links":{"self":[{"href":"https:\/\/www.suno.com.br\/noticias\/wp-json\/wp\/v2\/posts\/200812"}],"collection":[{"href":"https:\/\/www.suno.com.br\/noticias\/wp-json\/wp\/v2\/posts"}],"about":[{"href":"https:\/\/www.suno.com.br\/noticias\/wp-json\/wp\/v2\/types\/post"}],"author":[{"embeddable":true,"href":"https:\/\/www.suno.com.br\/noticias\/wp-json\/wp\/v2\/users\/118"}],"replies":[{"embeddable":true,"href":"https:\/\/www.suno.com.br\/noticias\/wp-json\/wp\/v2\/comments?post=200812"}],"version-history":[{"count":3,"href":"https:\/\/www.suno.com.br\/noticias\/wp-json\/wp\/v2\/posts\/200812\/revisions"}],"predecessor-version":[{"id":200859,"href":"https:\/\/www.suno.com.br\/noticias\/wp-json\/wp\/v2\/posts\/200812\/revisions\/200859"}],"wp:featuredmedia":[{"embeddable":true,"href":"https:\/\/www.suno.com.br\/noticias\/wp-json\/wp\/v2\/media\/47060"}],"wp:attachment":[{"href":"https:\/\/www.suno.com.br\/noticias\/wp-json\/wp\/v2\/media?parent=200812"}],"wp:term":[{"taxonomy":"category","embeddable":true,"href":"https:\/\/www.suno.com.br\/noticias\/wp-json\/wp\/v2\/categories?post=200812"},{"taxonomy":"post_tag","embeddable":true,"href":"https:\/\/www.suno.com.br\/noticias\/wp-json\/wp\/v2\/tags?post=200812"},{"taxonomy":"suno_strategy","embeddable":true,"href":"https:\/\/www.suno.com.br\/noticias\/wp-json\/wp\/v2\/suno_strategy?post=200812"}],"curies":[{"name":"wp","href":"https:\/\/api.w.org\/{rel}","templated":true}]}}