{"id":20075,"date":"2019-04-05T09:29:37","date_gmt":"2019-04-05T12:29:37","guid":{"rendered":"https:\/\/www.suno.com.br\/noticias\/?p=20075"},"modified":"2019-04-05T09:32:16","modified_gmt":"2019-04-05T12:32:16","slug":"governo-realiza-leilao-portos-para","status":"publish","type":"post","link":"https:\/\/www.suno.com.br\/noticias\/governo-realiza-leilao-portos-para\/","title":{"rendered":"Governo realiza novo leil\u00e3o de terminais portu\u00e1rios no Par\u00e1"},"content":{"rendered":"<p>O governo federal realiza nesta sexta-feira (5) um leil\u00e3o de seis terminais portu\u00e1rios no <strong>Par\u00e1.<\/strong> A venda ser\u00e1 realizada a partir das 10h na <a href=\"https:\/\/www.suno.com.br\/artigos\/b3\/\">sede da B3<\/a>, em S\u00e3o Paulo.<\/p>\t<div class=\"wrapper-featured-image\">\n\t\t<figure class=\"spotlightImg\">\n\n\t\t\t<picture>\n\t\t\t\t<source media=\"(max-width: 768px)\" srcset=\"https:\/\/files.sunoresearch.com.br\/n\/uploads\/2019\/04\/fe1e8338-governo-portos-par\u00e1-400x200.webp\">\n\t\t\t\t<img loading=\"lazy\" decoding=\"async\" class=\"newsContent__article__imgCapa lazyloadDisabled newsContent__article__imgCapa--noCaption\" src=\"https:\/\/files.sunoresearch.com.br\/n\/uploads\/2019\/04\/fe1e8338-governo-portos-par\u00e1-800x450.webp\" width=\"800\" height=\"450\" alt=\"Governo realiza novo leil\u00e3o de terminais portu\u00e1rios no Par\u00e1\" fetchpriority=high \/>\n\t\t\t<\/picture>\n\n\t\t\t<figcaption class=\"wp-caption-text wp-caption-text--hide\">Petrobras inicia o abastecimento dos navios iranianos<\/figcaption>\n\t\t<\/figure>\n\t<\/div>\n\n\n<p>Dos seis terminais leiloados pelo <strong>governo,<\/strong> cinco s\u00e3o no <strong>Porto de Bel\u00e9m<\/strong> e um no <strong>Porto de Vila do Conde, em Barcarena<\/strong>.\u00a0Todas as \u00e1reas s\u00e3o utilizadas para movimenta\u00e7\u00e3o e armazenamento de combust\u00edveis. Vencer\u00e1 o leil\u00e3o quem oferecer o maior valor, com base na outorga m\u00ednima de R$ 1,00.<\/p>\n<p><a href=\"https:\/\/www.suno.com.br\/noticias\/governo-leilao-terminais-portuarios\/\">Saiba mais: Governo faz leil\u00e3o de 4 terminais portu\u00e1rios em Vit\u00f3ria e na Para\u00edba\u00a0<\/a><\/p>\n<p>O <strong>Minist\u00e9rio da Infraestrutura<\/strong> prev\u00ea que os investimentos nos terminais cheguem a R$ 430 milh\u00f5es.\u00a0Esse valor garantiria uma maior movimenta\u00e7\u00e3o de cargas e melhor presta\u00e7\u00e3o de servi\u00e7os aos usu\u00e1rios dos <strong>portos.<\/strong><\/p>\n<p>[optin-monster-shortcode id=&#8221;npkxlwaleraa8psvnego&#8221;]<\/p>\n<p>Os terminais que ser\u00e3o leiloados s\u00e3o:<\/p>\n<ul>\n<li><strong>BEL 02A:<\/strong> previs\u00e3o de investimento de R$ 48,3 milh\u00f5es, com 15 anos de arrendamento, prorrog\u00e1veis sucessivas vezes at\u00e9 70 anos, a crit\u00e9rio do governo;<\/li>\n<li><strong>BEL 02B:<\/strong> previs\u00e3o de investimento de R$ 27,4 milh\u00f5es. 15 anos de arrendamento, prorrog\u00e1vel sucessivas vezes at\u00e9 70 anos, a crit\u00e9rio do governo;<\/li>\n<li><strong>BEL 04:<\/strong> previs\u00e3o de investimento de R$ 11,6 milh\u00f5es. 15 anos de arrendamento, prorrog\u00e1vel sucessivas vezes at\u00e9 70 anos, a crit\u00e9rio do governo;<\/li>\n<li><strong>BEL 08:<\/strong> previs\u00e3o de investimento de R$ 89 milh\u00f5es. 20 anos de arrendamento, prorrog\u00e1vel sucessivas vezes at\u00e9 70 anos, a crit\u00e9rio do governo;<\/li>\n<li><strong>BEL 09:<\/strong> previs\u00e3o de investimento de R$ 128 milh\u00f5es. 20 anos de arrendamento, prorrog\u00e1vel sucessivas vezes at\u00e9 70 anos, a crit\u00e9rio do governo.<\/li>\n<li><strong>VDC12:<\/strong>\u00a0(porto de Vila do Conde) previs\u00e3o de investimento de R$ 126,3 milh\u00f5es. 25 anos de arrendamento, prorrog\u00e1vel sucessivas vezes at\u00e9 70 anos, a crit\u00e9rio do governo.<\/li>\n<\/ul>\n\t<p>\n\t\t<a href=\"https:\/\/simulador-aposentadoria.suno.com.br\/?utm_source=suno-noticias&#038;utm_medium=banner&#038;utm_content=como-investir-para-aposentadoria-carteira-go&#038;utm_campaign=_SNC36CE4E9F_\" target=\"_blank\" data-element=\"shortcode-suno-banner\" title=\"Banner SUNO, clique e saiba mais\">\n\t\t\t<picture>\n\t\t\t\t<source media=\"(max-width: 500px)\" srcset=\"https:\/\/files.sunoresearch.com.br\/n\/uploads\/2025\/11\/400x300.webp\">\n\t\t\t\t<img class=\"newsContent__article__imgCapa newsContent__article__imgCapa--banner\"\n\t\t\t\t\tsrc=\"https:\/\/files.sunoresearch.com.br\/n\/uploads\/2025\/11\/1420x240.webp\"\n\t\t\t\t\tdata-promo-id=\"631530\"\t\t\t\t\t\t\t\t\t\twidth='1420' height='240'\t\t\t\t\talt=\"https:\/\/files.sunoresearch.com.br\/n\/uploads\/2025\/11\/1420x240.webp\"\n\t\t\t\t>\n\t\t\t<\/picture>\n\t\t<\/a>\n\t<\/p>\n\n\n<h2>Regras do leil\u00e3o<\/h2>\n<p>Para fomentar a concorr\u00eancia entre os operadores da regi\u00e3o e aumentar a efici\u00eancia e redu\u00e7\u00e3o de custos, o governo imp\u00f4s regras ao leil\u00e3o.\u00a0 O edital do leil\u00e3o pro\u00edbe um mesmo investidor &#8211; seja isolado que em cons\u00f3rcio &#8211; de arrematar mais de duas \u00e1reas no <strong>Porto de Bel\u00e9m<\/strong>, ao menos que a proposta seja \u00fanica.<\/p>\n<p><a href=\"https:\/\/www.suno.com.br\/noticias\/leilao-consorcio-nordeste-arremata-portuarias\/\">Saiba mais: Leil\u00e3o: Cons\u00f3rcio Nordeste arremata tr\u00eas de quatro \u00e1reas portu\u00e1rias\u00a0<\/a><\/p>\n<p>Segundo o ministro da Infraestrutura, Tarc\u00edsio Gomes de Freitas, o modelo almeja a realiza\u00e7\u00e3o dos <strong>investimentos<\/strong> e visa a maior capacidade de <strong>movimenta\u00e7\u00e3o de cargas.<\/strong> Uma mudan\u00e7a que permite a redu\u00e7\u00e3o de custo por tonelada. \u201cA entrega da capacidade vai trazer redu\u00e7\u00e3o dos custos beneficiando toda a popula\u00e7\u00e3o do estado\u201d, afirmou Freitas.<\/p>\n<p>Esse \u00e9 o segundo leil\u00e3o de <strong>terminais portu\u00e1rios<\/strong> realizado este ano No dia 22 de mar\u00e7o, a <strong>Uni\u00e3o<\/strong> arrecadou R$ 219,5 milh\u00f5es ap\u00f3s leiloar quatro terminais portu\u00e1rios. Tr\u00eas est\u00e3o localizados no Porto de Cabedelo (PB) e um no Porto de Vit\u00f3ria (ES). As quatro \u00e1reas tamb\u00e9m s\u00e3o destinadas \u00e0 movimenta\u00e7\u00e3o e armazenagem de combust\u00edveis.<\/p>\n<p>Al\u00e9m disso, o <strong>governo<\/strong> j\u00e1 estuda leiloar tamb\u00e9m os terminais em <strong>Bel\u00e9m, Santos<\/strong> e <strong>Paranagu\u00e1.<\/strong><\/p>\n","protected":false},"excerpt":{"rendered":"<p>O governo federal realiza nesta sexta-feira (5) um leil\u00e3o de seis terminais portu\u00e1rios no Par\u00e1. A venda ser\u00e1 realizada a partir das 10h na sede da B3, em S\u00e3o Paulo. Petrobras inicia o abastecimento dos navios iranianos Dos seis terminais leiloados pelo governo, cinco s\u00e3o no Porto de Bel\u00e9m e um no Porto de Vila [&hellip;]<\/p>\n","protected":false},"author":9,"featured_media":20081,"comment_status":"closed","ping_status":"closed","sticky":false,"template":"","format":"standard","meta":[],"categories":[61],"tags":[1176],"suno_strategy":[],"class_list":["post-20075","post","type-post","status-publish","format-standard","has-post-thumbnail","hentry","category-politica","tag-ministerio-da-infraestrutura"],"yoast_head":"<!-- This site is optimized with the Yoast SEO plugin v24.4 - https:\/\/yoast.com\/wordpress\/plugins\/seo\/ -->\n<title>Governo realiza novo leil\u00e3o de terminais portu\u00e1rios no Par\u00e1<\/title>\n<meta name=\"description\" content=\"O governo federal realiza nesta sexta-feira (5) um leil\u00e3o de seis terminais portu\u00e1rios no Par\u00e1. Clique aqui para saber mais.\" \/>\n<meta name=\"robots\" content=\"index, follow, max-snippet:-1, max-image-preview:large, max-video-preview:-1\" \/>\n<link rel=\"canonical\" href=\"https:\/\/www.suno.com.br\/noticias\/governo-realiza-leilao-portos-para\/\" \/>\n<meta property=\"og:locale\" content=\"pt_BR\" \/>\n<meta property=\"og:type\" content=\"article\" \/>\n<meta property=\"og:title\" content=\"Governo realiza novo leil\u00e3o de terminais portu\u00e1rios no Par\u00e1\" \/>\n<meta property=\"og:description\" content=\"O governo federal realiza nesta sexta-feira (5) um leil\u00e3o de seis terminais portu\u00e1rios no Par\u00e1. Clique aqui para saber mais.\" \/>\n<meta property=\"og:url\" content=\"https:\/\/www.suno.com.br\/noticias\/governo-realiza-leilao-portos-para\/\" \/>\n<meta property=\"og:site_name\" content=\"Suno Not\u00edcias\" \/>\n<meta property=\"article:publisher\" content=\"https:\/\/facebook.com\/sunoresearch\" \/>\n<meta property=\"og:image\" content=\"https:\/\/files.sunoresearch.com.br\/n\/uploads\/2019\/04\/fe1e8338-governo-portos-par\u00e1.jpg\" \/>\n\t<meta property=\"og:image:width\" content=\"1024\" \/>\n\t<meta property=\"og:image:height\" content=\"680\" \/>\n\t<meta property=\"og:image:type\" content=\"image\/jpeg\" \/>\n<meta name=\"author\" content=\"Carlo Cauti\" \/>\n<meta name=\"twitter:card\" content=\"summary_large_image\" \/>\n<meta name=\"twitter:creator\" content=\"@sunoresearch\" \/>\n<meta name=\"twitter:site\" content=\"@sunoresearch\" \/>\n<meta name=\"twitter:label1\" content=\"Escrito por\" \/>\n\t<meta name=\"twitter:data1\" content=\"Carlo Cauti\" \/>\n\t<meta name=\"twitter:label2\" content=\"Est. tempo de leitura\" \/>\n\t<meta name=\"twitter:data2\" content=\"3 minutos\" \/>\n<script type=\"application\/ld+json\" class=\"yoast-schema-graph\">{\"@context\":\"https:\/\/schema.org\",\"@graph\":[{\"@type\":\"NewsArticle\",\"@id\":\"https:\/\/www.suno.com.br\/noticias\/governo-realiza-leilao-portos-para\/#article\",\"isPartOf\":{\"@id\":\"https:\/\/www.suno.com.br\/noticias\/governo-realiza-leilao-portos-para\/\"},\"author\":{\"name\":\"Carlo Cauti\",\"@id\":\"https:\/\/www.suno.com.br\/noticias\/#\/schema\/person\/e6e0f723cc177805027f4566c1d5e0c8\"},\"headline\":\"Governo realiza novo leil\u00e3o de terminais portu\u00e1rios no Par\u00e1\",\"datePublished\":\"2019-04-05T12:29:37+00:00\",\"dateModified\":\"2019-04-05T12:32:16+00:00\",\"mainEntityOfPage\":{\"@id\":\"https:\/\/www.suno.com.br\/noticias\/governo-realiza-leilao-portos-para\/\"},\"wordCount\":538,\"publisher\":{\"@id\":\"https:\/\/www.suno.com.br\/noticias\/#organization\"},\"image\":{\"@id\":\"https:\/\/www.suno.com.br\/noticias\/governo-realiza-leilao-portos-para\/#primaryimage\"},\"thumbnailUrl\":\"https:\/\/files.sunoresearch.com.br\/n\/uploads\/2019\/04\/fe1e8338-governo-portos-par\u00e1-jpg.webp\",\"keywords\":[\"Minist\u00e9rio da Infraestrutura\"],\"articleSection\":[\"Pol\u00edtica\"],\"inLanguage\":\"pt-BR\"},{\"@type\":\"WebPage\",\"@id\":\"https:\/\/www.suno.com.br\/noticias\/governo-realiza-leilao-portos-para\/\",\"url\":\"https:\/\/www.suno.com.br\/noticias\/governo-realiza-leilao-portos-para\/\",\"name\":\"Governo realiza novo leil\u00e3o de terminais portu\u00e1rios no Par\u00e1\",\"isPartOf\":{\"@id\":\"https:\/\/www.suno.com.br\/noticias\/#website\"},\"primaryImageOfPage\":{\"@id\":\"https:\/\/www.suno.com.br\/noticias\/governo-realiza-leilao-portos-para\/#primaryimage\"},\"image\":{\"@id\":\"https:\/\/www.suno.com.br\/noticias\/governo-realiza-leilao-portos-para\/#primaryimage\"},\"thumbnailUrl\":\"https:\/\/files.sunoresearch.com.br\/n\/uploads\/2019\/04\/fe1e8338-governo-portos-par\u00e1-jpg.webp\",\"datePublished\":\"2019-04-05T12:29:37+00:00\",\"dateModified\":\"2019-04-05T12:32:16+00:00\",\"description\":\"O governo federal realiza nesta sexta-feira (5) um leil\u00e3o de seis terminais portu\u00e1rios no Par\u00e1. Clique aqui para saber mais.\",\"breadcrumb\":{\"@id\":\"https:\/\/www.suno.com.br\/noticias\/governo-realiza-leilao-portos-para\/#breadcrumb\"},\"inLanguage\":\"pt-BR\",\"potentialAction\":[{\"@type\":\"ReadAction\",\"target\":[\"https:\/\/www.suno.com.br\/noticias\/governo-realiza-leilao-portos-para\/\"]}]},{\"@type\":\"ImageObject\",\"inLanguage\":\"pt-BR\",\"@id\":\"https:\/\/www.suno.com.br\/noticias\/governo-realiza-leilao-portos-para\/#primaryimage\",\"url\":\"https:\/\/files.sunoresearch.com.br\/n\/uploads\/2019\/04\/fe1e8338-governo-portos-par\u00e1-jpg.webp\",\"contentUrl\":\"https:\/\/files.sunoresearch.com.br\/n\/uploads\/2019\/04\/fe1e8338-governo-portos-par\u00e1-jpg.webp\",\"width\":1024,\"height\":680,\"caption\":\"Petrobras inicia o abastecimento dos navios iranianos\"},{\"@type\":\"BreadcrumbList\",\"@id\":\"https:\/\/www.suno.com.br\/noticias\/governo-realiza-leilao-portos-para\/#breadcrumb\",\"itemListElement\":[{\"@type\":\"ListItem\",\"position\":1,\"name\":\"Not\u00edcias\",\"item\":\"https:\/\/www.suno.com.br\/noticias\/\"},{\"@type\":\"ListItem\",\"position\":2,\"name\":\"Pol\u00edtica\",\"item\":\"https:\/\/www.suno.com.br\/noticias\/politica\/\"},{\"@type\":\"ListItem\",\"position\":3,\"name\":\"Governo realiza novo leil\u00e3o de terminais portu\u00e1rios no Par\u00e1\"}]},{\"@type\":\"WebSite\",\"@id\":\"https:\/\/www.suno.com.br\/noticias\/#website\",\"url\":\"https:\/\/www.suno.com.br\/noticias\/\",\"name\":\"Suno Not\u00edcias\",\"description\":\"Seu portal de informa\u00e7\u00e3o sobre o mundo dos investimentos\",\"publisher\":{\"@id\":\"https:\/\/www.suno.com.br\/noticias\/#organization\"},\"potentialAction\":[{\"@type\":\"SearchAction\",\"target\":{\"@type\":\"EntryPoint\",\"urlTemplate\":\"https:\/\/www.suno.com.br\/noticias\/?s={search_term_string}\"},\"query-input\":{\"@type\":\"PropertyValueSpecification\",\"valueRequired\":true,\"valueName\":\"search_term_string\"}}],\"inLanguage\":\"pt-BR\"},{\"@type\":\"Organization\",\"@id\":\"https:\/\/www.suno.com.br\/noticias\/#organization\",\"name\":\"Suno Not\u00edcias\",\"url\":\"https:\/\/www.suno.com.br\/noticias\/\",\"logo\":{\"@type\":\"ImageObject\",\"inLanguage\":\"pt-BR\",\"@id\":\"https:\/\/www.suno.com.br\/noticias\/#\/schema\/logo\/image\/\",\"url\":\"https:\/\/files.sunoresearch.com.br\/n\/uploads\/2021\/09\/suno-logo.png\",\"contentUrl\":\"https:\/\/files.sunoresearch.com.br\/n\/uploads\/2021\/09\/suno-logo.png\",\"width\":180,\"height\":180,\"caption\":\"Suno Not\u00edcias\"},\"image\":{\"@id\":\"https:\/\/www.suno.com.br\/noticias\/#\/schema\/logo\/image\/\"},\"sameAs\":[\"https:\/\/facebook.com\/sunoresearch\",\"https:\/\/x.com\/sunoresearch\",\"https:\/\/www.instagram.com\/suno\",\"https:\/\/www.linkedin.com\/company\/suno-research\/\",\"https:\/\/www.youtube.com\/c\/sunoresearch\"]},{\"@type\":\"Person\",\"@id\":\"https:\/\/www.suno.com.br\/noticias\/#\/schema\/person\/e6e0f723cc177805027f4566c1d5e0c8\",\"name\":\"Carlo Cauti\",\"image\":{\"@type\":\"ImageObject\",\"inLanguage\":\"pt-BR\",\"@id\":\"https:\/\/www.suno.com.br\/noticias\/#\/schema\/person\/image\/\",\"url\":\"https:\/\/secure.gravatar.com\/avatar\/3ada9e0bd164c23abd4792a9606d583c?s=96&r=g\",\"contentUrl\":\"https:\/\/secure.gravatar.com\/avatar\/3ada9e0bd164c23abd4792a9606d583c?s=96&r=g\",\"caption\":\"Carlo Cauti\"},\"description\":\"Editor multim\u00eddia do SUNO Not\u00edcias. Italiano, formado em Ci\u00eancias Pol\u00edticas pela universidade LUISS G. Carli de Roma e mestre cum laude em Rela\u00e7\u00f5es Internacionais, Jornalismo Internacional e de Guerra e em Economia Internacional. Concluiu tamb\u00e9m um MBA em Finan\u00e7as na B3. No Brasil, teve passagem por ve\u00edculos como Estad\u00e3o, Globo, Veja e EXAME. e nas ag\u00eancias de not\u00edcias italianas ANSA e NOVA.\",\"url\":\"https:\/\/www.suno.com.br\/noticias\/author\/carlo-cauti\/\"}]}<\/script>\n<!-- \/ Yoast SEO plugin. -->","yoast_head_json":{"title":"Governo realiza novo leil\u00e3o de terminais portu\u00e1rios no Par\u00e1","description":"O governo federal realiza nesta sexta-feira (5) um leil\u00e3o de seis terminais portu\u00e1rios no Par\u00e1. Clique aqui para saber mais.","robots":{"index":"index","follow":"follow","max-snippet":"max-snippet:-1","max-image-preview":"max-image-preview:large","max-video-preview":"max-video-preview:-1"},"canonical":"https:\/\/www.suno.com.br\/noticias\/governo-realiza-leilao-portos-para\/","og_locale":"pt_BR","og_type":"article","og_title":"Governo realiza novo leil\u00e3o de terminais portu\u00e1rios no Par\u00e1","og_description":"O governo federal realiza nesta sexta-feira (5) um leil\u00e3o de seis terminais portu\u00e1rios no Par\u00e1. Clique aqui para saber mais.","og_url":"https:\/\/www.suno.com.br\/noticias\/governo-realiza-leilao-portos-para\/","og_site_name":"Suno Not\u00edcias","article_publisher":"https:\/\/facebook.com\/sunoresearch","og_image":[{"width":1024,"height":680,"url":"https:\/\/files.sunoresearch.com.br\/n\/uploads\/2019\/04\/fe1e8338-governo-portos-par\u00e1.jpg","type":"image\/jpeg"}],"author":"Carlo Cauti","twitter_card":"summary_large_image","twitter_creator":"@sunoresearch","twitter_site":"@sunoresearch","twitter_misc":{"Escrito por":"Carlo Cauti","Est. tempo de leitura":"3 minutos"},"schema":{"@context":"https:\/\/schema.org","@graph":[{"@type":"NewsArticle","@id":"https:\/\/www.suno.com.br\/noticias\/governo-realiza-leilao-portos-para\/#article","isPartOf":{"@id":"https:\/\/www.suno.com.br\/noticias\/governo-realiza-leilao-portos-para\/"},"author":{"name":"Carlo Cauti","@id":"https:\/\/www.suno.com.br\/noticias\/#\/schema\/person\/e6e0f723cc177805027f4566c1d5e0c8"},"headline":"Governo realiza novo leil\u00e3o de terminais portu\u00e1rios no Par\u00e1","datePublished":"2019-04-05T12:29:37+00:00","dateModified":"2019-04-05T12:32:16+00:00","mainEntityOfPage":{"@id":"https:\/\/www.suno.com.br\/noticias\/governo-realiza-leilao-portos-para\/"},"wordCount":538,"publisher":{"@id":"https:\/\/www.suno.com.br\/noticias\/#organization"},"image":{"@id":"https:\/\/www.suno.com.br\/noticias\/governo-realiza-leilao-portos-para\/#primaryimage"},"thumbnailUrl":"https:\/\/files.sunoresearch.com.br\/n\/uploads\/2019\/04\/fe1e8338-governo-portos-par\u00e1-jpg.webp","keywords":["Minist\u00e9rio da Infraestrutura"],"articleSection":["Pol\u00edtica"],"inLanguage":"pt-BR"},{"@type":"WebPage","@id":"https:\/\/www.suno.com.br\/noticias\/governo-realiza-leilao-portos-para\/","url":"https:\/\/www.suno.com.br\/noticias\/governo-realiza-leilao-portos-para\/","name":"Governo realiza novo leil\u00e3o de terminais portu\u00e1rios no Par\u00e1","isPartOf":{"@id":"https:\/\/www.suno.com.br\/noticias\/#website"},"primaryImageOfPage":{"@id":"https:\/\/www.suno.com.br\/noticias\/governo-realiza-leilao-portos-para\/#primaryimage"},"image":{"@id":"https:\/\/www.suno.com.br\/noticias\/governo-realiza-leilao-portos-para\/#primaryimage"},"thumbnailUrl":"https:\/\/files.sunoresearch.com.br\/n\/uploads\/2019\/04\/fe1e8338-governo-portos-par\u00e1-jpg.webp","datePublished":"2019-04-05T12:29:37+00:00","dateModified":"2019-04-05T12:32:16+00:00","description":"O governo federal realiza nesta sexta-feira (5) um leil\u00e3o de seis terminais portu\u00e1rios no Par\u00e1. Clique aqui para saber mais.","breadcrumb":{"@id":"https:\/\/www.suno.com.br\/noticias\/governo-realiza-leilao-portos-para\/#breadcrumb"},"inLanguage":"pt-BR","potentialAction":[{"@type":"ReadAction","target":["https:\/\/www.suno.com.br\/noticias\/governo-realiza-leilao-portos-para\/"]}]},{"@type":"ImageObject","inLanguage":"pt-BR","@id":"https:\/\/www.suno.com.br\/noticias\/governo-realiza-leilao-portos-para\/#primaryimage","url":"https:\/\/files.sunoresearch.com.br\/n\/uploads\/2019\/04\/fe1e8338-governo-portos-par\u00e1-jpg.webp","contentUrl":"https:\/\/files.sunoresearch.com.br\/n\/uploads\/2019\/04\/fe1e8338-governo-portos-par\u00e1-jpg.webp","width":1024,"height":680,"caption":"Petrobras inicia o abastecimento dos navios iranianos"},{"@type":"BreadcrumbList","@id":"https:\/\/www.suno.com.br\/noticias\/governo-realiza-leilao-portos-para\/#breadcrumb","itemListElement":[{"@type":"ListItem","position":1,"name":"Not\u00edcias","item":"https:\/\/www.suno.com.br\/noticias\/"},{"@type":"ListItem","position":2,"name":"Pol\u00edtica","item":"https:\/\/www.suno.com.br\/noticias\/politica\/"},{"@type":"ListItem","position":3,"name":"Governo realiza novo leil\u00e3o de terminais portu\u00e1rios no Par\u00e1"}]},{"@type":"WebSite","@id":"https:\/\/www.suno.com.br\/noticias\/#website","url":"https:\/\/www.suno.com.br\/noticias\/","name":"Suno Not\u00edcias","description":"Seu portal de informa\u00e7\u00e3o sobre o mundo dos investimentos","publisher":{"@id":"https:\/\/www.suno.com.br\/noticias\/#organization"},"potentialAction":[{"@type":"SearchAction","target":{"@type":"EntryPoint","urlTemplate":"https:\/\/www.suno.com.br\/noticias\/?s={search_term_string}"},"query-input":{"@type":"PropertyValueSpecification","valueRequired":true,"valueName":"search_term_string"}}],"inLanguage":"pt-BR"},{"@type":"Organization","@id":"https:\/\/www.suno.com.br\/noticias\/#organization","name":"Suno Not\u00edcias","url":"https:\/\/www.suno.com.br\/noticias\/","logo":{"@type":"ImageObject","inLanguage":"pt-BR","@id":"https:\/\/www.suno.com.br\/noticias\/#\/schema\/logo\/image\/","url":"https:\/\/files.sunoresearch.com.br\/n\/uploads\/2021\/09\/suno-logo.png","contentUrl":"https:\/\/files.sunoresearch.com.br\/n\/uploads\/2021\/09\/suno-logo.png","width":180,"height":180,"caption":"Suno Not\u00edcias"},"image":{"@id":"https:\/\/www.suno.com.br\/noticias\/#\/schema\/logo\/image\/"},"sameAs":["https:\/\/facebook.com\/sunoresearch","https:\/\/x.com\/sunoresearch","https:\/\/www.instagram.com\/suno","https:\/\/www.linkedin.com\/company\/suno-research\/","https:\/\/www.youtube.com\/c\/sunoresearch"]},{"@type":"Person","@id":"https:\/\/www.suno.com.br\/noticias\/#\/schema\/person\/e6e0f723cc177805027f4566c1d5e0c8","name":"Carlo Cauti","image":{"@type":"ImageObject","inLanguage":"pt-BR","@id":"https:\/\/www.suno.com.br\/noticias\/#\/schema\/person\/image\/","url":"https:\/\/secure.gravatar.com\/avatar\/3ada9e0bd164c23abd4792a9606d583c?s=96&r=g","contentUrl":"https:\/\/secure.gravatar.com\/avatar\/3ada9e0bd164c23abd4792a9606d583c?s=96&r=g","caption":"Carlo Cauti"},"description":"Editor multim\u00eddia do SUNO Not\u00edcias. Italiano, formado em Ci\u00eancias Pol\u00edticas pela universidade LUISS G. Carli de Roma e mestre cum laude em Rela\u00e7\u00f5es Internacionais, Jornalismo Internacional e de Guerra e em Economia Internacional. Concluiu tamb\u00e9m um MBA em Finan\u00e7as na B3. No Brasil, teve passagem por ve\u00edculos como Estad\u00e3o, Globo, Veja e EXAME. e nas ag\u00eancias de not\u00edcias italianas ANSA e NOVA.","url":"https:\/\/www.suno.com.br\/noticias\/author\/carlo-cauti\/"}]}},"default_loop_html":"<div class=\"cardsPage__listCard__boxs\"><div class=\"cardsPage__listCard__boxs__img\"><a href=\"https:\/\/www.suno.com.br\/noticias\/governo-realiza-leilao-portos-para\/\"><img class=\"mask\" src=\"https:\/\/www.suno.com.br\/noticias\/wp-content\/themes\/suno\/resources\/images\/spotlight\/spotlight1img\/bg-mask.png\" alt=\"Image Mask\"\/><img src=\"https:\/\/files.sunoresearch.com.br\/n\/uploads\/2019\/04\/fe1e8338-governo-portos-par\u00e1-400x200.webp\" alt=\"Governo realiza novo leil\u00e3o de terminais portu\u00e1rios no Par\u00e1\"\/><\/a><span class=\"spotlightCategory\"><a href=\"https:\/\/www.suno.com.br\/noticias\/politica\/\">Pol\u00edtica<\/a><\/span><\/div><div class=\"cardsPage__listCard__boxs__content\"><a href=\"https:\/\/www.suno.com.br\/noticias\/governo-realiza-leilao-portos-para\/\"><h2 class=\"content__title\">Governo realiza novo leil\u00e3o de terminais portu\u00e1rios no Par\u00e1<\/h2><\/a><div class=\"newsContent__article__meta\"><div class=\"newsContent__article__meta__authorBox\"><a href=\"https:\/\/www.suno.com.br\/noticias\/author\/carlo-cauti\/\" class=\"authorBox__avatar noMobi\"><img src=\"https:\/\/files.sunoresearch.com.br\/n\/uploads\/2020\/08\/e3745f9a-perfil-carlo-cauti-150x150.webp\" alt=\"Carlo Cauti\"><\/a><div class=\"authorBox__name\"><span>por\n\t\t\t<a href=\"https:\/\/www.suno.com.br\/noticias\/author\/carlo-cauti\/\"><span itemprop=\"author\">Carlo Cauti<\/span><\/a><\/span><time datetime=\"2019-04-05T09:29:37-03:00\" itemprop=\"datePublished\">05\/04\/2019 09:29<\/time><\/div><\/div><\/div><\/div><\/div>","single_layout":"posts","amp_enabled":true,"_links":{"self":[{"href":"https:\/\/www.suno.com.br\/noticias\/wp-json\/wp\/v2\/posts\/20075"}],"collection":[{"href":"https:\/\/www.suno.com.br\/noticias\/wp-json\/wp\/v2\/posts"}],"about":[{"href":"https:\/\/www.suno.com.br\/noticias\/wp-json\/wp\/v2\/types\/post"}],"author":[{"embeddable":true,"href":"https:\/\/www.suno.com.br\/noticias\/wp-json\/wp\/v2\/users\/9"}],"replies":[{"embeddable":true,"href":"https:\/\/www.suno.com.br\/noticias\/wp-json\/wp\/v2\/comments?post=20075"}],"version-history":[{"count":0,"href":"https:\/\/www.suno.com.br\/noticias\/wp-json\/wp\/v2\/posts\/20075\/revisions"}],"wp:featuredmedia":[{"embeddable":true,"href":"https:\/\/www.suno.com.br\/noticias\/wp-json\/wp\/v2\/media\/20081"}],"wp:attachment":[{"href":"https:\/\/www.suno.com.br\/noticias\/wp-json\/wp\/v2\/media?parent=20075"}],"wp:term":[{"taxonomy":"category","embeddable":true,"href":"https:\/\/www.suno.com.br\/noticias\/wp-json\/wp\/v2\/categories?post=20075"},{"taxonomy":"post_tag","embeddable":true,"href":"https:\/\/www.suno.com.br\/noticias\/wp-json\/wp\/v2\/tags?post=20075"},{"taxonomy":"suno_strategy","embeddable":true,"href":"https:\/\/www.suno.com.br\/noticias\/wp-json\/wp\/v2\/suno_strategy?post=20075"}],"curies":[{"name":"wp","href":"https:\/\/api.w.org\/{rel}","templated":true}]}}