{"id":200712,"date":"2021-11-03T15:54:15","date_gmt":"2021-11-03T18:54:15","guid":{"rendered":"https:\/\/www.suno.com.br\/noticias\/?p=200712"},"modified":"2021-11-03T15:54:15","modified_gmt":"2021-11-03T18:54:15","slug":"educacao-financeira-febraban-bc-meu-bolso-em-dia","status":"publish","type":"post","link":"https:\/\/www.suno.com.br\/noticias\/educacao-financeira-febraban-bc-meu-bolso-em-dia\/","title":{"rendered":"Educa\u00e7\u00e3o financeira: Febraban e BC lan\u00e7am plataforma &#8220;Meu Bolso em Dia&#8221;"},"content":{"rendered":"<p>O <a class=\"suno-keyword\" href=\"https:\/\/www.suno.com.br\/artigos\/bacen\/\" target=\"_blank\" rel=\"noopener\" data-force=\"no\" data-priority=\"3\">Banco Central (BC)<\/a> e a Federa\u00e7\u00e3o Brasileira de Bancos (Febraban) lan\u00e7aram nesta quarta-feira (03) a plataforma &#8220;<a href=\"https:\/\/plataforma.meubolsoemdia.com.br\/home\" target=\"_blank\" rel=\"noopener\">Meu Bolso em Dia<\/a>&#8220;, que visa ajudar os brasileiros a planejarem melhor suas finan\u00e7as. Segundo os desenvolvedores, o site de <strong>educa\u00e7\u00e3o financeira<\/strong> faz uso de intelig\u00eancia artificial para apresentar \u201crecomenda\u00e7\u00f5es personalizadas\u201d a cada perfil ou necessidade financeira.<img decoding=\"async\" style=\"width: 1px; height: 1px;\" src=\"https:\/\/agenciabrasil.ebc.com.br\/ebc.png?id=1426389&amp;o=rss\" \/><img decoding=\"async\" style=\"width: 1px; height: 1px;\" src=\"https:\/\/agenciabrasil.ebc.com.br\/ebc.gif?id=1426389&amp;o=rss\" \/><\/p>\t<div class=\"wrapper-featured-image\">\n\t\t<figure class=\"spotlightImg\">\n\n\t\t\t<picture>\n\t\t\t\t<source media=\"(max-width: 768px)\" srcset=\"https:\/\/files.sunoresearch.com.br\/n\/uploads\/2021\/11\/febraban-BC-400x200.jpg\">\n\t\t\t\t<img loading=\"lazy\" decoding=\"async\" class=\"newsContent__article__imgCapa lazyloadDisabled \" src=\"https:\/\/files.sunoresearch.com.br\/n\/uploads\/2021\/11\/febraban-BC-800x450.jpg\" width=\"800\" height=\"450\" alt=\"Educa\u00e7\u00e3o financeira: Febraban e BC lan\u00e7am plataforma &#8220;Meu Bolso em Dia&#8221;\" fetchpriority=high \/>\n\t\t\t<\/picture>\n\n\t\t\t<figcaption class=\"wp-caption-text wp-caption-text--show\">&quot;Meu Bolso em Dia&quot;, plataforma de educa\u00e7\u00e3o financeira da Febraban. Foto: reprodu\u00e7\u00e3o-site<\/figcaption>\n\t\t<\/figure>\n\t<\/div>\n\n\n\t<p>\n\t\t<a href=\"https:\/\/lp.suno.com.br\/planilha-controle-gastos\/\" target=\"_blank\" data-element=\"shortcode-suno-banner\" title=\"Banner SUNO, clique e saiba mais\">\n\t\t\t<picture>\n\t\t\t\t<source media=\"(max-width: 500px)\" srcset=\"https:\/\/files.sunoresearch.com.br\/n\/uploads\/2023\/03\/400x300-Planilha-controle-de-gastos.png\">\n\t\t\t\t<img class=\"newsContent__article__imgCapa newsContent__article__imgCapa--banner\"\n\t\t\t\t\tsrc=\"https:\/\/files.sunoresearch.com.br\/n\/uploads\/2023\/03\/1420x240-Planilha-controle-de-gastos.png\"\n\t\t\t\t\tdata-promo-id=\"101751\"\t\t\t\t\t\t\t\t\t\twidth='1420' height='240'\t\t\t\t\talt=\"https:\/\/files.sunoresearch.com.br\/n\/uploads\/2023\/03\/1420x240-Planilha-controle-de-gastos.png\"\n\t\t\t\t>\n\t\t\t<\/picture>\n\t\t<\/a>\n\t<\/p>\n\n\n<p>Disponibilizada gratuitamente na internet, a<strong> plataforma de educa\u00e7\u00e3o financeira <\/strong>do BC e da Febraban utiliza o formato de jogos para tornar seu uso f\u00e1cil e agrad\u00e1vel. Al\u00e9m disso, adota como incentivo o uso de premia\u00e7\u00f5es como facilidades para renegocia\u00e7\u00e3o de d\u00edvidas ou vouchers para compra em lojas parceiras.<\/p>\n<p>O chefe do Departamento de Engenharia Financeira do BC, Luis Mansur, disse que a estrat\u00e9gia foi adotada \u201cvisando utilidade e engajamento\u201d pelos usu\u00e1rios. \u201cProcuramos proporcionar alguns incentivos para participa\u00e7\u00e3o dos usu\u00e1rios na plataforma. As pessoas t\u00eam de sentir que est\u00e3o sendo recompensadas, afinal, a competi\u00e7\u00e3o pela aten\u00e7\u00e3o do p\u00fablico na internet \u00e9 ferrenha\u201d, disse Mansur.<\/p>\n<p>O conte\u00fado de educa\u00e7\u00e3o financeira e as trilhas de aprendizado foram criados por educadores e especialistas em <strong><a class=\"suno-keyword\" href=\"https:\/\/www.suno.com.br\/artigos\/financas-pessoais\/\" target=\"_blank\" rel=\"noopener\" data-force=\"no\" data-priority=\"1\">finan\u00e7as pessoais<\/a><\/strong> e comportamento do consumidor, e receberam contribui\u00e7\u00f5es de membros da Comiss\u00e3o de Cidadania Financeira da Febraban.<\/p>\n\t<p>\n\t\t<a href=\"\" target=\"_blank\" data-element=\"shortcode-suno-banner\" title=\"Banner SUNO, clique e saiba mais\">\n\t\t\t<picture>\n\t\t\t\t<source media=\"(max-width: 500px)\" srcset=\"\">\n\t\t\t\t<img class=\"newsContent__article__imgCapa newsContent__article__imgCapa--banner\"\n\t\t\t\t\tsrc=\"\"\n\t\t\t\t\tdata-promo-id=\"88999\"\t\t\t\t\t\t\t\t\t\t\t\t\t\t\talt=\"\"\n\t\t\t\t>\n\t\t\t<\/picture>\n\t\t<\/a>\n\t<\/p>\n\n\n<p>O material \u00e9 apresentado em v\u00e1rios formatos, abordando temas como <strong>planejamento financeiro<\/strong>, solu\u00e7\u00e3o de d\u00edvidas, investimentos e rela\u00e7\u00e3o com o dinheiro, em linguagem acess\u00edvel a diferentes perfis da popula\u00e7\u00e3o e faixas et\u00e1rias.<\/p>\n<h2>Trilhas educacionais de educa\u00e7\u00e3o financeira<\/h2>\n<p>A plataforma possibilita ao usu\u00e1rio fazer, inicialmente, um diagn\u00f3stico sobre sua situa\u00e7\u00e3o financeira, de forma a mensurar o progresso e tamb\u00e9m criar um \u00edndice de<strong> <a class=\"suno-keyword\" href=\"https:\/\/www.suno.com.br\/artigos\/saude-financeira\/\" target=\"_blank\" rel=\"noopener\" data-force=\"no\" data-priority=\"1\">sa\u00fade financeira<\/a><\/strong> do brasileiro.<\/p>\n<p>O primeiro passo \u00e9 um cadastro, seguido por perguntas sobre os objetivos do usu\u00e1rio, para ent\u00e3o o algoritmo fazer um diagn\u00f3stico da sa\u00fade financeira utilizando perguntas simples e objetivas. &#8220;A personaliza\u00e7\u00e3o da plataforma tem por base diferentes perfis e necessidades diagnosticadas. Todo progresso \u00e9 medido e diagnosticado, e a evolu\u00e7\u00e3o \u00e9 recompensada por incentivos\u201d, explicou Amaury Oliva, diretor executivo da Febraban.<\/p>\n\t<p>\n\t\t<a href=\"https:\/\/lp.suno.com.br\/planilha-da-vida-financeira\/\" target=\"_blank\" data-element=\"shortcode-suno-banner\" title=\"Banner SUNO, clique e saiba mais\">\n\t\t\t<picture>\n\t\t\t\t<source media=\"(max-width: 500px)\" srcset=\"https:\/\/files.sunoresearch.com.br\/n\/uploads\/2023\/04\/400x300-Planilha-vida-financeira-true.png\">\n\t\t\t\t<img class=\"newsContent__article__imgCapa newsContent__article__imgCapa--banner\"\n\t\t\t\t\tsrc=\"https:\/\/files.sunoresearch.com.br\/n\/uploads\/2023\/04\/1420x240-Planilha-vida-financeira-true.png\"\n\t\t\t\t\tdata-promo-id=\"106682\"\t\t\t\t\t\t\t\t\t\twidth='1420' height='240'\t\t\t\t\talt=\"https:\/\/files.sunoresearch.com.br\/n\/uploads\/2023\/04\/1420x240-Planilha-vida-financeira-true.png\"\n\t\t\t\t>\n\t\t\t<\/picture>\n\t\t<\/a>\n\t<\/p>\n\n\n<p>Os pontos obtidos com o progresso dos usu\u00e1rios, como em um <a class=\"suno-keyword\" href=\"https:\/\/www.suno.com.br\/artigos\/programa-de-fidelidade\/\" target=\"_blank\" rel=\"noopener\" data-force=\"no\" data-priority=\"1\">programa de fidelidade<\/a>, poder\u00e3o ser trocados ou resgatados em <a class=\"suno-keyword\" href=\"https:\/\/www.suno.com.br\/artigos\/instituicoes-financeiras\/\" target=\"_blank\" rel=\"noopener\" data-force=\"no\" data-priority=\"1\">institui\u00e7\u00f5es financeiras<\/a> a partir de mar\u00e7o de 2022. \u201cCada institui\u00e7\u00e3o disponibiliza um card\u00e1pio de incentivos\u201d, disse o diretor da Febraban.<\/p>\n<p>Segundo ele, a plataforma de educa\u00e7\u00e3o financeira foi testada por cerca de 37 mil usu\u00e1rios cadastrados. Desses, 9,1 mil conclu\u00edram a experi\u00eancia e obtiveram uma nota m\u00e9dia de 91,2 pontos. Ao todos, os bancos investiram R$ 10 milh\u00f5es no &#8220;Meu Bolso em Dia&#8221;<\/p>\n<p>De acordo com o presidente da Febraban, Isaac Sidney, a plataforma permite ao usu\u00e1rio tra\u00e7ar um diagn\u00f3stico mais preciso da sa\u00fade financeira, de forma a adotar estrat\u00e9gias que possam melhorar sua situa\u00e7\u00e3o atual.\u00a0Segundo ele, a filosofia que est\u00e1 por tr\u00e1s da plataforma focada em <strong>educa\u00e7\u00e3o financeira<\/strong>, de controle de gastos e de endividamentos, vale tamb\u00e9m para as autoridades no enfrentamento aos \u201cdesafios da atual conjuntura econ\u00f4mica\u201d.<\/p>\n\t<p>\n\t\t<a href=\"https:\/\/lp.suno.com.br\/planilha-de-controle-de-investimentos\/\" target=\"_blank\" data-element=\"shortcode-suno-banner\" title=\"Banner SUNO, clique e saiba mais\">\n\t\t\t<picture>\n\t\t\t\t<source media=\"(max-width: 500px)\" srcset=\"https:\/\/files.sunoresearch.com.br\/n\/uploads\/2023\/03\/400x300-Controle-de-Investimentos.png\">\n\t\t\t\t<img class=\"newsContent__article__imgCapa newsContent__article__imgCapa--banner\"\n\t\t\t\t\tsrc=\"https:\/\/files.sunoresearch.com.br\/n\/uploads\/2023\/03\/1420x240-Controle-de-Investimentos.png\"\n\t\t\t\t\tdata-promo-id=\"75934\"\t\t\t\t\t\t\t\t\t\twidth='1420' height='240'\t\t\t\t\talt=\"https:\/\/files.sunoresearch.com.br\/n\/uploads\/2023\/03\/1420x240-Controle-de-Investimentos.png\"\n\t\t\t\t>\n\t\t\t<\/picture>\n\t\t<\/a>\n\t<\/p>\n\n\n<p><em>Com informa\u00e7\u00f5es de Ag\u00eancia Brasil.\u00a0<\/em><\/p>\n","protected":false},"excerpt":{"rendered":"<p>O Banco Central (BC) e a Federa\u00e7\u00e3o Brasileira de Bancos (Febraban) lan\u00e7aram nesta quarta-feira (03) a plataforma &#8220;Meu Bolso em Dia&#8220;, que visa ajudar os brasileiros a planejarem melhor suas finan\u00e7as. Segundo os desenvolvedores, o site de educa\u00e7\u00e3o financeira faz uso de intelig\u00eancia artificial para apresentar \u201crecomenda\u00e7\u00f5es personalizadas\u201d a cada perfil ou necessidade financeira. &quot;Meu [&hellip;]<\/p>\n","protected":false},"author":102,"featured_media":200736,"comment_status":"closed","ping_status":"closed","sticky":false,"template":"","format":"standard","meta":[],"categories":[60],"tags":[1842,305,823],"suno_strategy":[],"class_list":["post-200712","post","type-post","status-publish","format-standard","has-post-thumbnail","hentry","category-mercado","tag-banco-central-bc","tag-educacao-financeira","tag-febraban"],"yoast_head":"<!-- This site is optimized with the Yoast SEO plugin v24.4 - https:\/\/yoast.com\/wordpress\/plugins\/seo\/ -->\n<title>Educa\u00e7\u00e3o financeira: Febraban e BC lan\u00e7am plataforma &quot;Meu Bolso em Dia&quot;<\/title>\n<meta name=\"description\" content=\"A Febraban e o Banco Central lan\u00e7aram hoje a plataforma de educa\u00e7\u00e3o financeira &quot;Meu Bolso em Dia&quot;. Veja o que \u00e9 a iniciativa.\" \/>\n<meta name=\"robots\" content=\"index, follow, max-snippet:-1, max-image-preview:large, max-video-preview:-1\" \/>\n<link rel=\"canonical\" href=\"https:\/\/www.suno.com.br\/noticias\/educacao-financeira-febraban-bc-meu-bolso-em-dia\/\" \/>\n<meta property=\"og:locale\" content=\"pt_BR\" \/>\n<meta property=\"og:type\" content=\"article\" \/>\n<meta property=\"og:title\" content=\"Educa\u00e7\u00e3o financeira: Febraban e BC lan\u00e7am plataforma &quot;Meu Bolso em Dia&quot;\" \/>\n<meta property=\"og:description\" content=\"A Febraban e o Banco Central lan\u00e7aram hoje a plataforma de educa\u00e7\u00e3o financeira &quot;Meu Bolso em Dia&quot;. Veja o que \u00e9 a iniciativa.\" \/>\n<meta property=\"og:url\" content=\"https:\/\/www.suno.com.br\/noticias\/educacao-financeira-febraban-bc-meu-bolso-em-dia\/\" \/>\n<meta property=\"og:site_name\" content=\"Suno Not\u00edcias\" \/>\n<meta property=\"article:publisher\" content=\"https:\/\/facebook.com\/sunoresearch\" \/>\n<meta property=\"og:image\" content=\"https:\/\/files.sunoresearch.com.br\/n\/uploads\/2021\/11\/febraban-BC.jpg\" \/>\n\t<meta property=\"og:image:width\" content=\"1214\" \/>\n\t<meta property=\"og:image:height\" content=\"602\" \/>\n\t<meta property=\"og:image:type\" content=\"image\/jpeg\" \/>\n<meta name=\"author\" content=\"Monique Lima\" \/>\n<meta name=\"twitter:card\" content=\"summary_large_image\" \/>\n<meta name=\"twitter:creator\" content=\"@sunoresearch\" \/>\n<meta name=\"twitter:site\" content=\"@sunoresearch\" \/>\n<meta name=\"twitter:label1\" content=\"Escrito por\" \/>\n\t<meta name=\"twitter:data1\" content=\"Monique Lima\" \/>\n\t<meta name=\"twitter:label2\" content=\"Est. tempo de leitura\" \/>\n\t<meta name=\"twitter:data2\" content=\"3 minutos\" \/>\n<script type=\"application\/ld+json\" class=\"yoast-schema-graph\">{\"@context\":\"https:\/\/schema.org\",\"@graph\":[{\"@type\":\"NewsArticle\",\"@id\":\"https:\/\/www.suno.com.br\/noticias\/educacao-financeira-febraban-bc-meu-bolso-em-dia\/#article\",\"isPartOf\":{\"@id\":\"https:\/\/www.suno.com.br\/noticias\/educacao-financeira-febraban-bc-meu-bolso-em-dia\/\"},\"author\":{\"name\":\"Monique Lima\",\"@id\":\"https:\/\/www.suno.com.br\/noticias\/#\/schema\/person\/d712329319cc9b10f254d02d654cb36a\"},\"headline\":\"Educa\u00e7\u00e3o financeira: Febraban e BC lan\u00e7am plataforma &#8220;Meu Bolso em Dia&#8221;\",\"datePublished\":\"2021-11-03T18:54:15+00:00\",\"mainEntityOfPage\":{\"@id\":\"https:\/\/www.suno.com.br\/noticias\/educacao-financeira-febraban-bc-meu-bolso-em-dia\/\"},\"wordCount\":558,\"publisher\":{\"@id\":\"https:\/\/www.suno.com.br\/noticias\/#organization\"},\"image\":{\"@id\":\"https:\/\/www.suno.com.br\/noticias\/educacao-financeira-febraban-bc-meu-bolso-em-dia\/#primaryimage\"},\"thumbnailUrl\":\"https:\/\/files.sunoresearch.com.br\/n\/uploads\/2021\/11\/febraban-BC.jpg\",\"keywords\":[\"Banco Central (BC)\",\"Educa\u00e7\u00e3o Financeira\",\"Febraban\"],\"articleSection\":[\"Mercado\"],\"inLanguage\":\"pt-BR\"},{\"@type\":\"WebPage\",\"@id\":\"https:\/\/www.suno.com.br\/noticias\/educacao-financeira-febraban-bc-meu-bolso-em-dia\/\",\"url\":\"https:\/\/www.suno.com.br\/noticias\/educacao-financeira-febraban-bc-meu-bolso-em-dia\/\",\"name\":\"Educa\u00e7\u00e3o financeira: Febraban e BC lan\u00e7am plataforma \\\"Meu Bolso em Dia\\\"\",\"isPartOf\":{\"@id\":\"https:\/\/www.suno.com.br\/noticias\/#website\"},\"primaryImageOfPage\":{\"@id\":\"https:\/\/www.suno.com.br\/noticias\/educacao-financeira-febraban-bc-meu-bolso-em-dia\/#primaryimage\"},\"image\":{\"@id\":\"https:\/\/www.suno.com.br\/noticias\/educacao-financeira-febraban-bc-meu-bolso-em-dia\/#primaryimage\"},\"thumbnailUrl\":\"https:\/\/files.sunoresearch.com.br\/n\/uploads\/2021\/11\/febraban-BC.jpg\",\"datePublished\":\"2021-11-03T18:54:15+00:00\",\"description\":\"A Febraban e o Banco Central lan\u00e7aram hoje a plataforma de educa\u00e7\u00e3o financeira \\\"Meu Bolso em Dia\\\". Veja o que \u00e9 a iniciativa.\",\"breadcrumb\":{\"@id\":\"https:\/\/www.suno.com.br\/noticias\/educacao-financeira-febraban-bc-meu-bolso-em-dia\/#breadcrumb\"},\"inLanguage\":\"pt-BR\",\"potentialAction\":[{\"@type\":\"ReadAction\",\"target\":[\"https:\/\/www.suno.com.br\/noticias\/educacao-financeira-febraban-bc-meu-bolso-em-dia\/\"]}]},{\"@type\":\"ImageObject\",\"inLanguage\":\"pt-BR\",\"@id\":\"https:\/\/www.suno.com.br\/noticias\/educacao-financeira-febraban-bc-meu-bolso-em-dia\/#primaryimage\",\"url\":\"https:\/\/files.sunoresearch.com.br\/n\/uploads\/2021\/11\/febraban-BC.jpg\",\"contentUrl\":\"https:\/\/files.sunoresearch.com.br\/n\/uploads\/2021\/11\/febraban-BC.jpg\",\"width\":1214,\"height\":602,\"caption\":\"\\\"Meu Bolso em Dia\\\", plataforma de educa\u00e7\u00e3o financeira da Febraban. Foto: reprodu\u00e7\u00e3o-site\"},{\"@type\":\"BreadcrumbList\",\"@id\":\"https:\/\/www.suno.com.br\/noticias\/educacao-financeira-febraban-bc-meu-bolso-em-dia\/#breadcrumb\",\"itemListElement\":[{\"@type\":\"ListItem\",\"position\":1,\"name\":\"Not\u00edcias\",\"item\":\"https:\/\/www.suno.com.br\/noticias\/\"},{\"@type\":\"ListItem\",\"position\":2,\"name\":\"Mercado\",\"item\":\"https:\/\/www.suno.com.br\/noticias\/mercado\/\"},{\"@type\":\"ListItem\",\"position\":3,\"name\":\"Educa\u00e7\u00e3o financeira: Febraban e BC lan\u00e7am plataforma &#8220;Meu Bolso em Dia&#8221;\"}]},{\"@type\":\"WebSite\",\"@id\":\"https:\/\/www.suno.com.br\/noticias\/#website\",\"url\":\"https:\/\/www.suno.com.br\/noticias\/\",\"name\":\"Suno Not\u00edcias\",\"description\":\"Seu portal de informa\u00e7\u00e3o sobre o mundo dos investimentos\",\"publisher\":{\"@id\":\"https:\/\/www.suno.com.br\/noticias\/#organization\"},\"potentialAction\":[{\"@type\":\"SearchAction\",\"target\":{\"@type\":\"EntryPoint\",\"urlTemplate\":\"https:\/\/www.suno.com.br\/noticias\/?s={search_term_string}\"},\"query-input\":{\"@type\":\"PropertyValueSpecification\",\"valueRequired\":true,\"valueName\":\"search_term_string\"}}],\"inLanguage\":\"pt-BR\"},{\"@type\":\"Organization\",\"@id\":\"https:\/\/www.suno.com.br\/noticias\/#organization\",\"name\":\"Suno Not\u00edcias\",\"url\":\"https:\/\/www.suno.com.br\/noticias\/\",\"logo\":{\"@type\":\"ImageObject\",\"inLanguage\":\"pt-BR\",\"@id\":\"https:\/\/www.suno.com.br\/noticias\/#\/schema\/logo\/image\/\",\"url\":\"https:\/\/files.sunoresearch.com.br\/n\/uploads\/2021\/09\/suno-logo.png\",\"contentUrl\":\"https:\/\/files.sunoresearch.com.br\/n\/uploads\/2021\/09\/suno-logo.png\",\"width\":180,\"height\":180,\"caption\":\"Suno Not\u00edcias\"},\"image\":{\"@id\":\"https:\/\/www.suno.com.br\/noticias\/#\/schema\/logo\/image\/\"},\"sameAs\":[\"https:\/\/facebook.com\/sunoresearch\",\"https:\/\/x.com\/sunoresearch\",\"https:\/\/www.instagram.com\/suno\",\"https:\/\/www.linkedin.com\/company\/suno-research\/\",\"https:\/\/www.youtube.com\/c\/sunoresearch\"]},{\"@type\":\"Person\",\"@id\":\"https:\/\/www.suno.com.br\/noticias\/#\/schema\/person\/d712329319cc9b10f254d02d654cb36a\",\"name\":\"Monique Lima\",\"image\":{\"@type\":\"ImageObject\",\"inLanguage\":\"pt-BR\",\"@id\":\"https:\/\/www.suno.com.br\/noticias\/#\/schema\/person\/image\/\",\"url\":\"https:\/\/secure.gravatar.com\/avatar\/daee7f16d906c2e9ffed236206ca2c30?s=96&r=g\",\"contentUrl\":\"https:\/\/secure.gravatar.com\/avatar\/daee7f16d906c2e9ffed236206ca2c30?s=96&r=g\",\"caption\":\"Monique Lima\"},\"description\":\"Rep\u00f3rter de Mercado no Suno Not\u00edcias, \u00e9 jornalista com experi\u00eancia na cobertura de economia, empreendedorismo, finan\u00e7as pessoais, mercado financeiro, carreira e recursos humanos. Formada em Jornalismo pela Universidade Paulista, teve experi\u00eancias em ve\u00edculos de comunica\u00e7\u00e3o como a Ag\u00eancia TradeMap, Revista Voc\u00ea S\/A e Revista Voc\u00ea RH, as duas \u00faltimas publica\u00e7\u00f5es da Editora Abril. No Suno Not\u00edcias, fala sobre as principais not\u00edcias de Fundos Imobili\u00e1rios, Fiagro, Startups e empresas listadas na Bolsa.\",\"url\":\"https:\/\/www.suno.com.br\/noticias\/author\/monique-lima\/\"}]}<\/script>\n<!-- \/ Yoast SEO plugin. -->","yoast_head_json":{"title":"Educa\u00e7\u00e3o financeira: Febraban e BC lan\u00e7am plataforma \"Meu Bolso em Dia\"","description":"A Febraban e o Banco Central lan\u00e7aram hoje a plataforma de educa\u00e7\u00e3o financeira \"Meu Bolso em Dia\". Veja o que \u00e9 a iniciativa.","robots":{"index":"index","follow":"follow","max-snippet":"max-snippet:-1","max-image-preview":"max-image-preview:large","max-video-preview":"max-video-preview:-1"},"canonical":"https:\/\/www.suno.com.br\/noticias\/educacao-financeira-febraban-bc-meu-bolso-em-dia\/","og_locale":"pt_BR","og_type":"article","og_title":"Educa\u00e7\u00e3o financeira: Febraban e BC lan\u00e7am plataforma \"Meu Bolso em Dia\"","og_description":"A Febraban e o Banco Central lan\u00e7aram hoje a plataforma de educa\u00e7\u00e3o financeira \"Meu Bolso em Dia\". Veja o que \u00e9 a iniciativa.","og_url":"https:\/\/www.suno.com.br\/noticias\/educacao-financeira-febraban-bc-meu-bolso-em-dia\/","og_site_name":"Suno Not\u00edcias","article_publisher":"https:\/\/facebook.com\/sunoresearch","og_image":[{"width":1214,"height":602,"url":"https:\/\/files.sunoresearch.com.br\/n\/uploads\/2021\/11\/febraban-BC.jpg","type":"image\/jpeg"}],"author":"Monique Lima","twitter_card":"summary_large_image","twitter_creator":"@sunoresearch","twitter_site":"@sunoresearch","twitter_misc":{"Escrito por":"Monique Lima","Est. tempo de leitura":"3 minutos"},"schema":{"@context":"https:\/\/schema.org","@graph":[{"@type":"NewsArticle","@id":"https:\/\/www.suno.com.br\/noticias\/educacao-financeira-febraban-bc-meu-bolso-em-dia\/#article","isPartOf":{"@id":"https:\/\/www.suno.com.br\/noticias\/educacao-financeira-febraban-bc-meu-bolso-em-dia\/"},"author":{"name":"Monique Lima","@id":"https:\/\/www.suno.com.br\/noticias\/#\/schema\/person\/d712329319cc9b10f254d02d654cb36a"},"headline":"Educa\u00e7\u00e3o financeira: Febraban e BC lan\u00e7am plataforma &#8220;Meu Bolso em Dia&#8221;","datePublished":"2021-11-03T18:54:15+00:00","mainEntityOfPage":{"@id":"https:\/\/www.suno.com.br\/noticias\/educacao-financeira-febraban-bc-meu-bolso-em-dia\/"},"wordCount":558,"publisher":{"@id":"https:\/\/www.suno.com.br\/noticias\/#organization"},"image":{"@id":"https:\/\/www.suno.com.br\/noticias\/educacao-financeira-febraban-bc-meu-bolso-em-dia\/#primaryimage"},"thumbnailUrl":"https:\/\/files.sunoresearch.com.br\/n\/uploads\/2021\/11\/febraban-BC.jpg","keywords":["Banco Central (BC)","Educa\u00e7\u00e3o Financeira","Febraban"],"articleSection":["Mercado"],"inLanguage":"pt-BR"},{"@type":"WebPage","@id":"https:\/\/www.suno.com.br\/noticias\/educacao-financeira-febraban-bc-meu-bolso-em-dia\/","url":"https:\/\/www.suno.com.br\/noticias\/educacao-financeira-febraban-bc-meu-bolso-em-dia\/","name":"Educa\u00e7\u00e3o financeira: Febraban e BC lan\u00e7am plataforma \"Meu Bolso em Dia\"","isPartOf":{"@id":"https:\/\/www.suno.com.br\/noticias\/#website"},"primaryImageOfPage":{"@id":"https:\/\/www.suno.com.br\/noticias\/educacao-financeira-febraban-bc-meu-bolso-em-dia\/#primaryimage"},"image":{"@id":"https:\/\/www.suno.com.br\/noticias\/educacao-financeira-febraban-bc-meu-bolso-em-dia\/#primaryimage"},"thumbnailUrl":"https:\/\/files.sunoresearch.com.br\/n\/uploads\/2021\/11\/febraban-BC.jpg","datePublished":"2021-11-03T18:54:15+00:00","description":"A Febraban e o Banco Central lan\u00e7aram hoje a plataforma de educa\u00e7\u00e3o financeira \"Meu Bolso em Dia\". Veja o que \u00e9 a iniciativa.","breadcrumb":{"@id":"https:\/\/www.suno.com.br\/noticias\/educacao-financeira-febraban-bc-meu-bolso-em-dia\/#breadcrumb"},"inLanguage":"pt-BR","potentialAction":[{"@type":"ReadAction","target":["https:\/\/www.suno.com.br\/noticias\/educacao-financeira-febraban-bc-meu-bolso-em-dia\/"]}]},{"@type":"ImageObject","inLanguage":"pt-BR","@id":"https:\/\/www.suno.com.br\/noticias\/educacao-financeira-febraban-bc-meu-bolso-em-dia\/#primaryimage","url":"https:\/\/files.sunoresearch.com.br\/n\/uploads\/2021\/11\/febraban-BC.jpg","contentUrl":"https:\/\/files.sunoresearch.com.br\/n\/uploads\/2021\/11\/febraban-BC.jpg","width":1214,"height":602,"caption":"\"Meu Bolso em Dia\", plataforma de educa\u00e7\u00e3o financeira da Febraban. Foto: reprodu\u00e7\u00e3o-site"},{"@type":"BreadcrumbList","@id":"https:\/\/www.suno.com.br\/noticias\/educacao-financeira-febraban-bc-meu-bolso-em-dia\/#breadcrumb","itemListElement":[{"@type":"ListItem","position":1,"name":"Not\u00edcias","item":"https:\/\/www.suno.com.br\/noticias\/"},{"@type":"ListItem","position":2,"name":"Mercado","item":"https:\/\/www.suno.com.br\/noticias\/mercado\/"},{"@type":"ListItem","position":3,"name":"Educa\u00e7\u00e3o financeira: Febraban e BC lan\u00e7am plataforma &#8220;Meu Bolso em Dia&#8221;"}]},{"@type":"WebSite","@id":"https:\/\/www.suno.com.br\/noticias\/#website","url":"https:\/\/www.suno.com.br\/noticias\/","name":"Suno Not\u00edcias","description":"Seu portal de informa\u00e7\u00e3o sobre o mundo dos investimentos","publisher":{"@id":"https:\/\/www.suno.com.br\/noticias\/#organization"},"potentialAction":[{"@type":"SearchAction","target":{"@type":"EntryPoint","urlTemplate":"https:\/\/www.suno.com.br\/noticias\/?s={search_term_string}"},"query-input":{"@type":"PropertyValueSpecification","valueRequired":true,"valueName":"search_term_string"}}],"inLanguage":"pt-BR"},{"@type":"Organization","@id":"https:\/\/www.suno.com.br\/noticias\/#organization","name":"Suno Not\u00edcias","url":"https:\/\/www.suno.com.br\/noticias\/","logo":{"@type":"ImageObject","inLanguage":"pt-BR","@id":"https:\/\/www.suno.com.br\/noticias\/#\/schema\/logo\/image\/","url":"https:\/\/files.sunoresearch.com.br\/n\/uploads\/2021\/09\/suno-logo.png","contentUrl":"https:\/\/files.sunoresearch.com.br\/n\/uploads\/2021\/09\/suno-logo.png","width":180,"height":180,"caption":"Suno Not\u00edcias"},"image":{"@id":"https:\/\/www.suno.com.br\/noticias\/#\/schema\/logo\/image\/"},"sameAs":["https:\/\/facebook.com\/sunoresearch","https:\/\/x.com\/sunoresearch","https:\/\/www.instagram.com\/suno","https:\/\/www.linkedin.com\/company\/suno-research\/","https:\/\/www.youtube.com\/c\/sunoresearch"]},{"@type":"Person","@id":"https:\/\/www.suno.com.br\/noticias\/#\/schema\/person\/d712329319cc9b10f254d02d654cb36a","name":"Monique Lima","image":{"@type":"ImageObject","inLanguage":"pt-BR","@id":"https:\/\/www.suno.com.br\/noticias\/#\/schema\/person\/image\/","url":"https:\/\/secure.gravatar.com\/avatar\/daee7f16d906c2e9ffed236206ca2c30?s=96&r=g","contentUrl":"https:\/\/secure.gravatar.com\/avatar\/daee7f16d906c2e9ffed236206ca2c30?s=96&r=g","caption":"Monique Lima"},"description":"Rep\u00f3rter de Mercado no Suno Not\u00edcias, \u00e9 jornalista com experi\u00eancia na cobertura de economia, empreendedorismo, finan\u00e7as pessoais, mercado financeiro, carreira e recursos humanos. Formada em Jornalismo pela Universidade Paulista, teve experi\u00eancias em ve\u00edculos de comunica\u00e7\u00e3o como a Ag\u00eancia TradeMap, Revista Voc\u00ea S\/A e Revista Voc\u00ea RH, as duas \u00faltimas publica\u00e7\u00f5es da Editora Abril. No Suno Not\u00edcias, fala sobre as principais not\u00edcias de Fundos Imobili\u00e1rios, Fiagro, Startups e empresas listadas na Bolsa.","url":"https:\/\/www.suno.com.br\/noticias\/author\/monique-lima\/"}]}},"default_loop_html":"<div class=\"cardsPage__listCard__boxs\"><div class=\"cardsPage__listCard__boxs__img\"><a href=\"https:\/\/www.suno.com.br\/noticias\/educacao-financeira-febraban-bc-meu-bolso-em-dia\/\"><img class=\"mask\" src=\"https:\/\/www.suno.com.br\/noticias\/wp-content\/themes\/suno\/resources\/images\/spotlight\/spotlight1img\/bg-mask.png\" alt=\"Image Mask\"\/><img src=\"https:\/\/files.sunoresearch.com.br\/n\/uploads\/2021\/11\/febraban-BC-400x200.jpg\" alt=\"Educa\u00e7\u00e3o financeira: Febraban e BC lan\u00e7am plataforma &#8220;Meu Bolso em Dia&#8221;\"\/><\/a><span class=\"spotlightCategory\"><a href=\"https:\/\/www.suno.com.br\/noticias\/mercado\/\">Mercado<\/a><\/span><\/div><div class=\"cardsPage__listCard__boxs__content\"><a href=\"https:\/\/www.suno.com.br\/noticias\/educacao-financeira-febraban-bc-meu-bolso-em-dia\/\"><h2 class=\"content__title\">Educa\u00e7\u00e3o financeira: Febraban e BC lan\u00e7am plataforma &#8220;Meu Bolso em Dia&#8221;<\/h2><\/a><div class=\"newsContent__article__meta\"><div class=\"newsContent__article__meta__authorBox\"><a href=\"https:\/\/www.suno.com.br\/noticias\/author\/monique-lima\/\" class=\"authorBox__avatar noMobi\"><img src=\"https:\/\/secure.gravatar.com\/avatar\/daee7f16d906c2e9ffed236206ca2c30?s=96&#038;r=g\" alt=\"Monique Lima\"><\/a><div class=\"authorBox__name\"><span>por\n\t\t\t<a href=\"https:\/\/www.suno.com.br\/noticias\/author\/monique-lima\/\"><span itemprop=\"author\">Monique Lima<\/span><\/a><\/span><time datetime=\"2021-11-03T15:54:15-03:00\" itemprop=\"datePublished\">03\/11\/2021 15:54<\/time><\/div><\/div><\/div><\/div><\/div>","single_layout":"posts","amp_enabled":true,"_links":{"self":[{"href":"https:\/\/www.suno.com.br\/noticias\/wp-json\/wp\/v2\/posts\/200712"}],"collection":[{"href":"https:\/\/www.suno.com.br\/noticias\/wp-json\/wp\/v2\/posts"}],"about":[{"href":"https:\/\/www.suno.com.br\/noticias\/wp-json\/wp\/v2\/types\/post"}],"author":[{"embeddable":true,"href":"https:\/\/www.suno.com.br\/noticias\/wp-json\/wp\/v2\/users\/102"}],"replies":[{"embeddable":true,"href":"https:\/\/www.suno.com.br\/noticias\/wp-json\/wp\/v2\/comments?post=200712"}],"version-history":[{"count":2,"href":"https:\/\/www.suno.com.br\/noticias\/wp-json\/wp\/v2\/posts\/200712\/revisions"}],"predecessor-version":[{"id":200739,"href":"https:\/\/www.suno.com.br\/noticias\/wp-json\/wp\/v2\/posts\/200712\/revisions\/200739"}],"wp:featuredmedia":[{"embeddable":true,"href":"https:\/\/www.suno.com.br\/noticias\/wp-json\/wp\/v2\/media\/200736"}],"wp:attachment":[{"href":"https:\/\/www.suno.com.br\/noticias\/wp-json\/wp\/v2\/media?parent=200712"}],"wp:term":[{"taxonomy":"category","embeddable":true,"href":"https:\/\/www.suno.com.br\/noticias\/wp-json\/wp\/v2\/categories?post=200712"},{"taxonomy":"post_tag","embeddable":true,"href":"https:\/\/www.suno.com.br\/noticias\/wp-json\/wp\/v2\/tags?post=200712"},{"taxonomy":"suno_strategy","embeddable":true,"href":"https:\/\/www.suno.com.br\/noticias\/wp-json\/wp\/v2\/suno_strategy?post=200712"}],"curies":[{"name":"wp","href":"https:\/\/api.w.org\/{rel}","templated":true}]}}