{"id":200709,"date":"2021-11-03T15:33:58","date_gmt":"2021-11-03T18:33:58","guid":{"rendered":"https:\/\/www.suno.com.br\/noticias\/?p=200709"},"modified":"2021-11-03T15:33:58","modified_gmt":"2021-11-03T18:33:58","slug":"pec-dos-precatorios-lira-convoca-sessao-texto-18h","status":"publish","type":"post","link":"https:\/\/www.suno.com.br\/noticias\/pec-dos-precatorios-lira-convoca-sessao-texto-18h\/","title":{"rendered":"PEC dos Precat\u00f3rios: Lira convoca sess\u00e3o para votar texto \u00e0s 18h"},"content":{"rendered":"<p>Em decis\u00e3o recente, o presidente da C\u00e2mara, Arthur Lira (PP-AL), convocou sess\u00e3o deliberativa para votar a <a href=\"https:\/\/www.suno.com.br\/artigos\/precatorios\/\">Proposta de Emenda \u00e0 Constitui\u00e7\u00e3o (PEC)<\/a> dos <strong>Precat\u00f3rios<\/strong> nesta quarta-feira (3) \u00e0s 18h.<\/p>\t<div class=\"wrapper-featured-image\">\n\t\t<figure class=\"spotlightImg\">\n\n\t\t\t<picture>\n\t\t\t\t<source media=\"(max-width: 768px)\" srcset=\"https:\/\/files.sunoresearch.com.br\/n\/uploads\/2021\/03\/f69cbe38-arthur-lira-foto-maryanna-oliveira-camara-dos-deputados-400x200.webp\">\n\t\t\t\t<img loading=\"lazy\" decoding=\"async\" class=\"newsContent__article__imgCapa lazyloadDisabled \" src=\"https:\/\/files.sunoresearch.com.br\/n\/uploads\/2021\/03\/f69cbe38-arthur-lira-foto-maryanna-oliveira-camara-dos-deputados-800x450.webp\" width=\"800\" height=\"450\" alt=\"PEC dos Precat\u00f3rios: Lira convoca sess\u00e3o para votar texto \u00e0s 18h\" fetchpriority=high \/>\n\t\t\t<\/picture>\n\n\t\t\t<figcaption class=\"wp-caption-text wp-caption-text--show\">PEC dos Precat\u00f3rios envolve imbr\u00f3glio com o teto de gastos - Foto Maryanna Oliveira C\u00e2mara dos Deputados<\/figcaption>\n\t\t<\/figure>\n\t<\/div>\n\n\n\t<p>\n\t\t<a href=\"https:\/\/lp.suno.com.br\/planilha-controle-gastos\/\" target=\"_blank\" data-element=\"shortcode-suno-banner\" title=\"Banner SUNO, clique e saiba mais\">\n\t\t\t<picture>\n\t\t\t\t<source media=\"(max-width: 500px)\" srcset=\"https:\/\/files.sunoresearch.com.br\/n\/uploads\/2023\/03\/400x300-Planilha-controle-de-gastos.png\">\n\t\t\t\t<img class=\"newsContent__article__imgCapa newsContent__article__imgCapa--banner\"\n\t\t\t\t\tsrc=\"https:\/\/files.sunoresearch.com.br\/n\/uploads\/2023\/03\/1420x240-Planilha-controle-de-gastos.png\"\n\t\t\t\t\tdata-promo-id=\"101751\"\t\t\t\t\t\t\t\t\t\twidth='1420' height='240'\t\t\t\t\talt=\"https:\/\/files.sunoresearch.com.br\/n\/uploads\/2023\/03\/1420x240-Planilha-controle-de-gastos.png\"\n\t\t\t\t>\n\t\t\t<\/picture>\n\t\t<\/a>\n\t<\/p>\n\n\n<p>A decis\u00e3o de votar a <strong>PEC dos Precat\u00f3rios<\/strong> hoje trata-se de um ato incomum, dado que os deputados tendem a ficar fora de Bras\u00edlia em semanas com algum feriado .<\/p>\n<p>A escolha de um hor\u00e1rio tardio \u00e9 uma tentativa de aumentar a presen\u00e7a de parlamentares no Plen\u00e1rio, enquanto reuni\u00f5es e tentativas de acordo devem ocorrer ao longo desta tarde em busca de apoio.<\/p>\n\t<div data-element=\"shortcode-read-more\" class=\"knowMore\">\n\t\t\t\t<span class=\"knowMore__title\">Leia mais<\/span>\n\t\t\t\t<a class=\"knowMore__link\" href=\"https:\/\/www.suno.com.br\/noticias\/leilao-do-5g-somente-7-capitais-tecnologia-estrutura\/\">\n\t\t\t5G: Um dia antes do leil\u00e3o, somente 7 capitais t\u00eam estrutura para receber tecnologia\t\t<\/a>\n\t<\/div>\n\n\n<p>Por ser uma <strong>PEC<\/strong>, \u00e9 preciso obter, no m\u00ednimo, 308 votos favor\u00e1veis. A oposi\u00e7\u00e3o no entanto, j\u00e1 deixou claro que pretende votar de forma unificada contra o texto.<\/p>\n<p>Para haver <a class=\"suno-keyword\" href=\"https:\/\/www.suno.com.br\/artigos\/a-importancia-da-margem-de-seguranca\/\" target=\"_blank\" rel=\"noopener\" data-force=\"no\" data-priority=\"1\">margem de seguran\u00e7a<\/a> a favor da proposta, o <strong>governo<\/strong> precisa de ao menos 450 deputados na Casa, que retomou as sess\u00f5es presenciais na semana passada.<\/p>\n\t<p>\n\t\t<a href=\"https:\/\/lp.suno.com.br\/planilha-da-vida-financeira\/\" target=\"_blank\" data-element=\"shortcode-suno-banner\" title=\"Banner SUNO, clique e saiba mais\">\n\t\t\t<picture>\n\t\t\t\t<source media=\"(max-width: 500px)\" srcset=\"https:\/\/files.sunoresearch.com.br\/n\/uploads\/2023\/04\/400x300-Planilha-vida-financeira-true.png\">\n\t\t\t\t<img class=\"newsContent__article__imgCapa newsContent__article__imgCapa--banner\"\n\t\t\t\t\tsrc=\"https:\/\/files.sunoresearch.com.br\/n\/uploads\/2023\/04\/1420x240-Planilha-vida-financeira-true.png\"\n\t\t\t\t\tdata-promo-id=\"106682\"\t\t\t\t\t\t\t\t\t\twidth='1420' height='240'\t\t\t\t\talt=\"https:\/\/files.sunoresearch.com.br\/n\/uploads\/2023\/04\/1420x240-Planilha-vida-financeira-true.png\"\n\t\t\t\t>\n\t\t\t<\/picture>\n\t\t<\/a>\n\t<\/p>\n\n\n<h2>Grupo de parlamentares se op\u00f5e \u00e0 aprova\u00e7\u00e3o da PEC dos Precat\u00f3rios<\/h2>\n<p>Um grupo, que abriga 193 deputados (sendo quatro deles fora de exerc\u00edcio) e oito senadores, defende a<strong>\u00a0manuten\u00e7\u00e3o do <a class=\"suno-keyword\" href=\"https:\/\/www.suno.com.br\/artigos\/teto-de-gastos\/\" target=\"_blank\" rel=\"noopener\" data-force=\"no\" data-priority=\"1\">teto de gastos<\/a><\/strong>, medida que \u00e9 alterada pelo texto da PEC.<\/p>\n<p>\u201cA <strong>Frente Parlamentar pelo Brasil Competitivo<\/strong>\u00a0acompanha com preocupa\u00e7\u00e3o a tramita\u00e7\u00e3o da PEC dos Precat\u00f3rios no Congresso Nacional. Da forma como as tratativas se desenrolam, haver\u00e1 rompimento do teto de gastos. Portanto, nos posicionamos de forma contr\u00e1ria \u00e0 proposta\u201d, diz o texto.<\/p>\n\t<p>\n\t\t<a href=\"https:\/\/lp.suno.com.br\/ebook-como-analisar-uma-acao\/\" target=\"_blank\" data-element=\"shortcode-suno-banner\" title=\"Banner SUNO, clique e saiba mais\">\n\t\t\t<picture>\n\t\t\t\t<source media=\"(max-width: 500px)\" srcset=\"https:\/\/files.sunoresearch.com.br\/n\/uploads\/2023\/03\/Ebook-Acoes-Mobile-1.jpg\">\n\t\t\t\t<img class=\"newsContent__article__imgCapa newsContent__article__imgCapa--banner\"\n\t\t\t\t\tsrc=\"https:\/\/files.sunoresearch.com.br\/n\/uploads\/2023\/03\/Ebook-Acoes-Desktop-1.jpg\"\n\t\t\t\t\tdata-promo-id=\"171998\"\t\t\t\t\t\t\t\t\t\twidth='1420' height='286'\t\t\t\t\talt=\"https:\/\/files.sunoresearch.com.br\/n\/uploads\/2023\/03\/Ebook-Acoes-Desktop-1.jpg\"\n\t\t\t\t>\n\t\t\t<\/picture>\n\t\t<\/a>\n\t<\/p>\n\n\n<p>De acordo com a frente parlamentar, benef\u00edcios sociais devem ser criados dentro do atual regime do teto de gastos, com cortes de despesas e reformas que abram<strong>\u00a0espa\u00e7o fiscal no Or\u00e7amento<\/strong>.<\/p>\n<p>\u201c\u00c9 importante ressaltar que, ao firmar a posi\u00e7\u00e3o intransigente contra o descumprimento do teto de gastos, a Frente n\u00e3o est\u00e1 contr\u00e1ria \u00e0 cria\u00e7\u00e3o de um programa social que acolha as pessoas que ficaram para tr\u00e1s por conta da pandemia\u201d, acrescenta a nota.<\/p>\n<h2>Comiss\u00e3o mudou c\u00e1lculo do teto de gastos<\/h2>\n<p>Em vota\u00e7\u00e3o na semana passada, os parlamentares voltaram a debater a quest\u00e3o e aprovaram, por 23 votos contra 11, texto da PEC dos Precat\u00f3rios que limita o pagamento de precat\u00f3rios, permitindo descontos e reajuste pela <a class=\"suno-keyword\" href=\"https:\/\/www.suno.com.br\/artigos\/taxa-selic\/\" target=\"_blank\" rel=\"noopener\" data-force=\"no\" data-priority=\"3\">taxa <strong>Selic<\/strong><\/a>.<\/p>\n<p>O texto aprovado \u00e9 o substitutivo do relator, deputado Hugo Motta (Republicanos-PB), \u00e0 PEC do Poder Executivo e muda o c\u00e1lculo de reajuste do\u00a0<strong>teto de gastos.<\/strong>\u00a0Permite assim contornar a\u00a0<a class=\"suno-keyword\" href=\"https:\/\/www.suno.com.br\/artigos\/regra-de-ouro\/\" target=\"_blank\" rel=\"noopener\" data-force=\"no\" data-priority=\"1\">regra de ouro<\/a>\u00a0por meio da lei or\u00e7ament\u00e1ria.<\/p>\n\t<p>\n\t\t<a href=\"https:\/\/lp.suno.com.br\/planilha-de-controle-de-investimentos\/\" target=\"_blank\" data-element=\"shortcode-suno-banner\" title=\"Banner SUNO, clique e saiba mais\">\n\t\t\t<picture>\n\t\t\t\t<source media=\"(max-width: 500px)\" srcset=\"https:\/\/files.sunoresearch.com.br\/n\/uploads\/2023\/03\/400x300-Controle-de-Investimentos.png\">\n\t\t\t\t<img class=\"newsContent__article__imgCapa newsContent__article__imgCapa--banner\"\n\t\t\t\t\tsrc=\"https:\/\/files.sunoresearch.com.br\/n\/uploads\/2023\/03\/1420x240-Controle-de-Investimentos.png\"\n\t\t\t\t\tdata-promo-id=\"75934\"\t\t\t\t\t\t\t\t\t\twidth='1420' height='240'\t\t\t\t\talt=\"https:\/\/files.sunoresearch.com.br\/n\/uploads\/2023\/03\/1420x240-Controle-de-Investimentos.png\"\n\t\t\t\t>\n\t\t\t<\/picture>\n\t\t<\/a>\n\t<\/p>\n\n\n<p>A comiss\u00e3o especial que analisa a PEC dos precat\u00f3rios concluiu a vota\u00e7\u00e3o do texto, que adia o pagamento de parte das d\u00edvidas judiciais do governo e altera a regra de corre\u00e7\u00e3o do teto de gastos.<\/p>\n<p>Combinadas, as mudan\u00e7as v\u00e3o abrir R$ 83,6 bilh\u00f5es no teto em 2022, segundo c\u00e1lculos do governo revelados pelo\u00a0<i>Broadcast<\/i>, sistema de not\u00edcias em tempo real do Grupo Estado.<\/p>\n<p>Com a mudan\u00e7a dos <strong>precat\u00f3rios<\/strong>, o governo Jair Bolsonaro ter\u00e1 esse espa\u00e7o \u00e0 disposi\u00e7\u00e3o no ano em que o presidente buscar\u00e1 a reelei\u00e7\u00e3o.<\/p>\n<p><em>Com informa\u00e7\u00f5es do Estad\u00e3o Conte\u00fado<\/em><\/p>\n\t<p>\n\t\t<a href=\"\" target=\"_blank\" data-element=\"shortcode-suno-banner\" title=\"Banner SUNO, clique e saiba mais\">\n\t\t\t<picture>\n\t\t\t\t<source media=\"(max-width: 500px)\" srcset=\"\">\n\t\t\t\t<img class=\"newsContent__article__imgCapa newsContent__article__imgCapa--banner\"\n\t\t\t\t\tsrc=\"\"\n\t\t\t\t\tdata-promo-id=\"184190\"\t\t\t\t\t\t\t\t\t\t\t\t\t\t\talt=\"\"\n\t\t\t\t>\n\t\t\t<\/picture>\n\t\t<\/a>\n\t<\/p>\n\n\n","protected":false},"excerpt":{"rendered":"<p>Em decis\u00e3o recente, o presidente da C\u00e2mara, Arthur Lira (PP-AL), convocou sess\u00e3o deliberativa para votar a Proposta de Emenda \u00e0 Constitui\u00e7\u00e3o (PEC) dos Precat\u00f3rios nesta quarta-feira (3) \u00e0s 18h. PEC dos Precat\u00f3rios envolve imbr\u00f3glio com o teto de gastos &#8211; Foto Maryanna Oliveira C\u00e2mara dos Deputados A decis\u00e3o de votar a PEC dos Precat\u00f3rios hoje [&hellip;]<\/p>\n","protected":false},"author":73,"featured_media":130157,"comment_status":"closed","ping_status":"closed","sticky":false,"template":"","format":"standard","meta":[],"categories":[61],"tags":[106444,1127,104591,83329],"suno_strategy":[],"class_list":["post-200709","post","type-post","status-publish","format-standard","has-post-thumbnail","hentry","category-politica","tag-agencias","tag-pec-do-teto","tag-precatorios","tag-teto-de-gastos"],"yoast_head":"<!-- This site is optimized with the Yoast SEO plugin v24.4 - https:\/\/yoast.com\/wordpress\/plugins\/seo\/ -->\n<title>PEC dos Precat\u00f3rios: Lira convoca sess\u00e3o para votar texto \u00e0s 18h<\/title>\n<meta name=\"description\" content=\"Com impacto no imbr\u00f3glio do teto de gastos, PEC dos precat\u00f3rios deve ser votada em &#039;ato incomum&#039; de Lira. Clique aqui e leia mais.\" \/>\n<meta name=\"robots\" content=\"index, follow, max-snippet:-1, max-image-preview:large, max-video-preview:-1\" \/>\n<link rel=\"canonical\" href=\"https:\/\/www.suno.com.br\/noticias\/pec-dos-precatorios-lira-convoca-sessao-texto-18h\/\" \/>\n<meta property=\"og:locale\" content=\"pt_BR\" \/>\n<meta property=\"og:type\" content=\"article\" \/>\n<meta property=\"og:title\" content=\"PEC dos Precat\u00f3rios: Lira convoca sess\u00e3o para votar texto \u00e0s 18h\" \/>\n<meta property=\"og:description\" content=\"Com impacto no imbr\u00f3glio do teto de gastos, PEC dos precat\u00f3rios deve ser votada em &#039;ato incomum&#039; de Lira. Clique aqui e leia mais.\" \/>\n<meta property=\"og:url\" content=\"https:\/\/www.suno.com.br\/noticias\/pec-dos-precatorios-lira-convoca-sessao-texto-18h\/\" \/>\n<meta property=\"og:site_name\" content=\"Suno Not\u00edcias\" \/>\n<meta property=\"article:publisher\" content=\"https:\/\/facebook.com\/sunoresearch\" \/>\n<meta property=\"og:image\" content=\"https:\/\/files.sunoresearch.com.br\/n\/uploads\/2021\/03\/f69cbe38-arthur-lira-foto-maryanna-oliveira-camara-dos-deputados.jpg\" \/>\n\t<meta property=\"og:image:width\" content=\"1200\" \/>\n\t<meta property=\"og:image:height\" content=\"800\" \/>\n\t<meta property=\"og:image:type\" content=\"image\/jpeg\" \/>\n<meta name=\"author\" content=\"Eduardo Vargas\" \/>\n<meta name=\"twitter:card\" content=\"summary_large_image\" \/>\n<meta name=\"twitter:creator\" content=\"@sunoresearch\" \/>\n<meta name=\"twitter:site\" content=\"@sunoresearch\" \/>\n<meta name=\"twitter:label1\" content=\"Escrito por\" \/>\n\t<meta name=\"twitter:data1\" content=\"Eduardo Vargas\" \/>\n\t<meta name=\"twitter:label2\" content=\"Est. tempo de leitura\" \/>\n\t<meta name=\"twitter:data2\" content=\"3 minutos\" \/>\n<script type=\"application\/ld+json\" class=\"yoast-schema-graph\">{\"@context\":\"https:\/\/schema.org\",\"@graph\":[{\"@type\":\"NewsArticle\",\"@id\":\"https:\/\/www.suno.com.br\/noticias\/pec-dos-precatorios-lira-convoca-sessao-texto-18h\/#article\",\"isPartOf\":{\"@id\":\"https:\/\/www.suno.com.br\/noticias\/pec-dos-precatorios-lira-convoca-sessao-texto-18h\/\"},\"author\":{\"name\":\"Eduardo Vargas\",\"@id\":\"https:\/\/www.suno.com.br\/noticias\/#\/schema\/person\/7f4d362bf3518e76090143ae77bb49a5\"},\"headline\":\"PEC dos Precat\u00f3rios: Lira convoca sess\u00e3o para votar texto \u00e0s 18h\",\"datePublished\":\"2021-11-03T18:33:58+00:00\",\"mainEntityOfPage\":{\"@id\":\"https:\/\/www.suno.com.br\/noticias\/pec-dos-precatorios-lira-convoca-sessao-texto-18h\/\"},\"wordCount\":553,\"publisher\":{\"@id\":\"https:\/\/www.suno.com.br\/noticias\/#organization\"},\"image\":{\"@id\":\"https:\/\/www.suno.com.br\/noticias\/pec-dos-precatorios-lira-convoca-sessao-texto-18h\/#primaryimage\"},\"thumbnailUrl\":\"https:\/\/files.sunoresearch.com.br\/n\/uploads\/2021\/03\/f69cbe38-arthur-lira-foto-maryanna-oliveira-camara-dos-deputados-jpg.webp\",\"keywords\":[\"Ag\u00eancias\",\"PEC do teto\",\"precat\u00f3rios\",\"teto de gastos\"],\"articleSection\":[\"Pol\u00edtica\"],\"inLanguage\":\"pt-BR\"},{\"@type\":\"WebPage\",\"@id\":\"https:\/\/www.suno.com.br\/noticias\/pec-dos-precatorios-lira-convoca-sessao-texto-18h\/\",\"url\":\"https:\/\/www.suno.com.br\/noticias\/pec-dos-precatorios-lira-convoca-sessao-texto-18h\/\",\"name\":\"PEC dos Precat\u00f3rios: Lira convoca sess\u00e3o para votar texto \u00e0s 18h\",\"isPartOf\":{\"@id\":\"https:\/\/www.suno.com.br\/noticias\/#website\"},\"primaryImageOfPage\":{\"@id\":\"https:\/\/www.suno.com.br\/noticias\/pec-dos-precatorios-lira-convoca-sessao-texto-18h\/#primaryimage\"},\"image\":{\"@id\":\"https:\/\/www.suno.com.br\/noticias\/pec-dos-precatorios-lira-convoca-sessao-texto-18h\/#primaryimage\"},\"thumbnailUrl\":\"https:\/\/files.sunoresearch.com.br\/n\/uploads\/2021\/03\/f69cbe38-arthur-lira-foto-maryanna-oliveira-camara-dos-deputados-jpg.webp\",\"datePublished\":\"2021-11-03T18:33:58+00:00\",\"description\":\"Com impacto no imbr\u00f3glio do teto de gastos, PEC dos precat\u00f3rios deve ser votada em 'ato incomum' de Lira. Clique aqui e leia mais.\",\"breadcrumb\":{\"@id\":\"https:\/\/www.suno.com.br\/noticias\/pec-dos-precatorios-lira-convoca-sessao-texto-18h\/#breadcrumb\"},\"inLanguage\":\"pt-BR\",\"potentialAction\":[{\"@type\":\"ReadAction\",\"target\":[\"https:\/\/www.suno.com.br\/noticias\/pec-dos-precatorios-lira-convoca-sessao-texto-18h\/\"]}]},{\"@type\":\"ImageObject\",\"inLanguage\":\"pt-BR\",\"@id\":\"https:\/\/www.suno.com.br\/noticias\/pec-dos-precatorios-lira-convoca-sessao-texto-18h\/#primaryimage\",\"url\":\"https:\/\/files.sunoresearch.com.br\/n\/uploads\/2021\/03\/f69cbe38-arthur-lira-foto-maryanna-oliveira-camara-dos-deputados-jpg.webp\",\"contentUrl\":\"https:\/\/files.sunoresearch.com.br\/n\/uploads\/2021\/03\/f69cbe38-arthur-lira-foto-maryanna-oliveira-camara-dos-deputados-jpg.webp\",\"width\":1200,\"height\":800,\"caption\":\"PEC dos Precat\u00f3rios envolve imbr\u00f3glio com o teto de gastos - Foto Maryanna Oliveira C\u00e2mara dos Deputados\"},{\"@type\":\"BreadcrumbList\",\"@id\":\"https:\/\/www.suno.com.br\/noticias\/pec-dos-precatorios-lira-convoca-sessao-texto-18h\/#breadcrumb\",\"itemListElement\":[{\"@type\":\"ListItem\",\"position\":1,\"name\":\"Not\u00edcias\",\"item\":\"https:\/\/www.suno.com.br\/noticias\/\"},{\"@type\":\"ListItem\",\"position\":2,\"name\":\"Pol\u00edtica\",\"item\":\"https:\/\/www.suno.com.br\/noticias\/politica\/\"},{\"@type\":\"ListItem\",\"position\":3,\"name\":\"PEC dos Precat\u00f3rios: Lira convoca sess\u00e3o para votar texto \u00e0s 18h\"}]},{\"@type\":\"WebSite\",\"@id\":\"https:\/\/www.suno.com.br\/noticias\/#website\",\"url\":\"https:\/\/www.suno.com.br\/noticias\/\",\"name\":\"Suno Not\u00edcias\",\"description\":\"Seu portal de informa\u00e7\u00e3o sobre o mundo dos investimentos\",\"publisher\":{\"@id\":\"https:\/\/www.suno.com.br\/noticias\/#organization\"},\"potentialAction\":[{\"@type\":\"SearchAction\",\"target\":{\"@type\":\"EntryPoint\",\"urlTemplate\":\"https:\/\/www.suno.com.br\/noticias\/?s={search_term_string}\"},\"query-input\":{\"@type\":\"PropertyValueSpecification\",\"valueRequired\":true,\"valueName\":\"search_term_string\"}}],\"inLanguage\":\"pt-BR\"},{\"@type\":\"Organization\",\"@id\":\"https:\/\/www.suno.com.br\/noticias\/#organization\",\"name\":\"Suno Not\u00edcias\",\"url\":\"https:\/\/www.suno.com.br\/noticias\/\",\"logo\":{\"@type\":\"ImageObject\",\"inLanguage\":\"pt-BR\",\"@id\":\"https:\/\/www.suno.com.br\/noticias\/#\/schema\/logo\/image\/\",\"url\":\"https:\/\/files.sunoresearch.com.br\/n\/uploads\/2021\/09\/suno-logo.png\",\"contentUrl\":\"https:\/\/files.sunoresearch.com.br\/n\/uploads\/2021\/09\/suno-logo.png\",\"width\":180,\"height\":180,\"caption\":\"Suno Not\u00edcias\"},\"image\":{\"@id\":\"https:\/\/www.suno.com.br\/noticias\/#\/schema\/logo\/image\/\"},\"sameAs\":[\"https:\/\/facebook.com\/sunoresearch\",\"https:\/\/x.com\/sunoresearch\",\"https:\/\/www.instagram.com\/suno\",\"https:\/\/www.linkedin.com\/company\/suno-research\/\",\"https:\/\/www.youtube.com\/c\/sunoresearch\"]},{\"@type\":\"Person\",\"@id\":\"https:\/\/www.suno.com.br\/noticias\/#\/schema\/person\/7f4d362bf3518e76090143ae77bb49a5\",\"name\":\"Eduardo Vargas\",\"image\":{\"@type\":\"ImageObject\",\"inLanguage\":\"pt-BR\",\"@id\":\"https:\/\/www.suno.com.br\/noticias\/#\/schema\/person\/image\/\",\"url\":\"https:\/\/secure.gravatar.com\/avatar\/dac340933427a22924c9f99d1eb2e3f2?s=96&r=g\",\"contentUrl\":\"https:\/\/secure.gravatar.com\/avatar\/dac340933427a22924c9f99d1eb2e3f2?s=96&r=g\",\"caption\":\"Eduardo Vargas\"},\"description\":\"Jornalista formado pela UFSC, cobre macroeconomia, neg\u00f3cios e startups para o Suno Not\u00edcias, escrevendo principalmente not\u00edcias sobre o mercado financeiro e a bolsa de valores. No YouTube e no Instagram, \u00e9 respons\u00e1vel pela produ\u00e7\u00e3o de Reels e Shorts do Suno Not\u00edcias. Anteriormente, trabalhou cobrindo economia e cotidiano no ND+ e para o ND, maior jornal impresso de Santa Catarina. Cursou um semestre letivo de Estudos de M\u00eddia na Universidad de Buenos Aires.\",\"url\":\"https:\/\/www.suno.com.br\/noticias\/author\/eduardo-vargas\/\"}]}<\/script>\n<!-- \/ Yoast SEO plugin. -->","yoast_head_json":{"title":"PEC dos Precat\u00f3rios: Lira convoca sess\u00e3o para votar texto \u00e0s 18h","description":"Com impacto no imbr\u00f3glio do teto de gastos, PEC dos precat\u00f3rios deve ser votada em 'ato incomum' de Lira. Clique aqui e leia mais.","robots":{"index":"index","follow":"follow","max-snippet":"max-snippet:-1","max-image-preview":"max-image-preview:large","max-video-preview":"max-video-preview:-1"},"canonical":"https:\/\/www.suno.com.br\/noticias\/pec-dos-precatorios-lira-convoca-sessao-texto-18h\/","og_locale":"pt_BR","og_type":"article","og_title":"PEC dos Precat\u00f3rios: Lira convoca sess\u00e3o para votar texto \u00e0s 18h","og_description":"Com impacto no imbr\u00f3glio do teto de gastos, PEC dos precat\u00f3rios deve ser votada em 'ato incomum' de Lira. Clique aqui e leia mais.","og_url":"https:\/\/www.suno.com.br\/noticias\/pec-dos-precatorios-lira-convoca-sessao-texto-18h\/","og_site_name":"Suno Not\u00edcias","article_publisher":"https:\/\/facebook.com\/sunoresearch","og_image":[{"width":1200,"height":800,"url":"https:\/\/files.sunoresearch.com.br\/n\/uploads\/2021\/03\/f69cbe38-arthur-lira-foto-maryanna-oliveira-camara-dos-deputados.jpg","type":"image\/jpeg"}],"author":"Eduardo Vargas","twitter_card":"summary_large_image","twitter_creator":"@sunoresearch","twitter_site":"@sunoresearch","twitter_misc":{"Escrito por":"Eduardo Vargas","Est. tempo de leitura":"3 minutos"},"schema":{"@context":"https:\/\/schema.org","@graph":[{"@type":"NewsArticle","@id":"https:\/\/www.suno.com.br\/noticias\/pec-dos-precatorios-lira-convoca-sessao-texto-18h\/#article","isPartOf":{"@id":"https:\/\/www.suno.com.br\/noticias\/pec-dos-precatorios-lira-convoca-sessao-texto-18h\/"},"author":{"name":"Eduardo Vargas","@id":"https:\/\/www.suno.com.br\/noticias\/#\/schema\/person\/7f4d362bf3518e76090143ae77bb49a5"},"headline":"PEC dos Precat\u00f3rios: Lira convoca sess\u00e3o para votar texto \u00e0s 18h","datePublished":"2021-11-03T18:33:58+00:00","mainEntityOfPage":{"@id":"https:\/\/www.suno.com.br\/noticias\/pec-dos-precatorios-lira-convoca-sessao-texto-18h\/"},"wordCount":553,"publisher":{"@id":"https:\/\/www.suno.com.br\/noticias\/#organization"},"image":{"@id":"https:\/\/www.suno.com.br\/noticias\/pec-dos-precatorios-lira-convoca-sessao-texto-18h\/#primaryimage"},"thumbnailUrl":"https:\/\/files.sunoresearch.com.br\/n\/uploads\/2021\/03\/f69cbe38-arthur-lira-foto-maryanna-oliveira-camara-dos-deputados-jpg.webp","keywords":["Ag\u00eancias","PEC do teto","precat\u00f3rios","teto de gastos"],"articleSection":["Pol\u00edtica"],"inLanguage":"pt-BR"},{"@type":"WebPage","@id":"https:\/\/www.suno.com.br\/noticias\/pec-dos-precatorios-lira-convoca-sessao-texto-18h\/","url":"https:\/\/www.suno.com.br\/noticias\/pec-dos-precatorios-lira-convoca-sessao-texto-18h\/","name":"PEC dos Precat\u00f3rios: Lira convoca sess\u00e3o para votar texto \u00e0s 18h","isPartOf":{"@id":"https:\/\/www.suno.com.br\/noticias\/#website"},"primaryImageOfPage":{"@id":"https:\/\/www.suno.com.br\/noticias\/pec-dos-precatorios-lira-convoca-sessao-texto-18h\/#primaryimage"},"image":{"@id":"https:\/\/www.suno.com.br\/noticias\/pec-dos-precatorios-lira-convoca-sessao-texto-18h\/#primaryimage"},"thumbnailUrl":"https:\/\/files.sunoresearch.com.br\/n\/uploads\/2021\/03\/f69cbe38-arthur-lira-foto-maryanna-oliveira-camara-dos-deputados-jpg.webp","datePublished":"2021-11-03T18:33:58+00:00","description":"Com impacto no imbr\u00f3glio do teto de gastos, PEC dos precat\u00f3rios deve ser votada em 'ato incomum' de Lira. Clique aqui e leia mais.","breadcrumb":{"@id":"https:\/\/www.suno.com.br\/noticias\/pec-dos-precatorios-lira-convoca-sessao-texto-18h\/#breadcrumb"},"inLanguage":"pt-BR","potentialAction":[{"@type":"ReadAction","target":["https:\/\/www.suno.com.br\/noticias\/pec-dos-precatorios-lira-convoca-sessao-texto-18h\/"]}]},{"@type":"ImageObject","inLanguage":"pt-BR","@id":"https:\/\/www.suno.com.br\/noticias\/pec-dos-precatorios-lira-convoca-sessao-texto-18h\/#primaryimage","url":"https:\/\/files.sunoresearch.com.br\/n\/uploads\/2021\/03\/f69cbe38-arthur-lira-foto-maryanna-oliveira-camara-dos-deputados-jpg.webp","contentUrl":"https:\/\/files.sunoresearch.com.br\/n\/uploads\/2021\/03\/f69cbe38-arthur-lira-foto-maryanna-oliveira-camara-dos-deputados-jpg.webp","width":1200,"height":800,"caption":"PEC dos Precat\u00f3rios envolve imbr\u00f3glio com o teto de gastos - Foto Maryanna Oliveira C\u00e2mara dos Deputados"},{"@type":"BreadcrumbList","@id":"https:\/\/www.suno.com.br\/noticias\/pec-dos-precatorios-lira-convoca-sessao-texto-18h\/#breadcrumb","itemListElement":[{"@type":"ListItem","position":1,"name":"Not\u00edcias","item":"https:\/\/www.suno.com.br\/noticias\/"},{"@type":"ListItem","position":2,"name":"Pol\u00edtica","item":"https:\/\/www.suno.com.br\/noticias\/politica\/"},{"@type":"ListItem","position":3,"name":"PEC dos Precat\u00f3rios: Lira convoca sess\u00e3o para votar texto \u00e0s 18h"}]},{"@type":"WebSite","@id":"https:\/\/www.suno.com.br\/noticias\/#website","url":"https:\/\/www.suno.com.br\/noticias\/","name":"Suno Not\u00edcias","description":"Seu portal de informa\u00e7\u00e3o sobre o mundo dos investimentos","publisher":{"@id":"https:\/\/www.suno.com.br\/noticias\/#organization"},"potentialAction":[{"@type":"SearchAction","target":{"@type":"EntryPoint","urlTemplate":"https:\/\/www.suno.com.br\/noticias\/?s={search_term_string}"},"query-input":{"@type":"PropertyValueSpecification","valueRequired":true,"valueName":"search_term_string"}}],"inLanguage":"pt-BR"},{"@type":"Organization","@id":"https:\/\/www.suno.com.br\/noticias\/#organization","name":"Suno Not\u00edcias","url":"https:\/\/www.suno.com.br\/noticias\/","logo":{"@type":"ImageObject","inLanguage":"pt-BR","@id":"https:\/\/www.suno.com.br\/noticias\/#\/schema\/logo\/image\/","url":"https:\/\/files.sunoresearch.com.br\/n\/uploads\/2021\/09\/suno-logo.png","contentUrl":"https:\/\/files.sunoresearch.com.br\/n\/uploads\/2021\/09\/suno-logo.png","width":180,"height":180,"caption":"Suno Not\u00edcias"},"image":{"@id":"https:\/\/www.suno.com.br\/noticias\/#\/schema\/logo\/image\/"},"sameAs":["https:\/\/facebook.com\/sunoresearch","https:\/\/x.com\/sunoresearch","https:\/\/www.instagram.com\/suno","https:\/\/www.linkedin.com\/company\/suno-research\/","https:\/\/www.youtube.com\/c\/sunoresearch"]},{"@type":"Person","@id":"https:\/\/www.suno.com.br\/noticias\/#\/schema\/person\/7f4d362bf3518e76090143ae77bb49a5","name":"Eduardo Vargas","image":{"@type":"ImageObject","inLanguage":"pt-BR","@id":"https:\/\/www.suno.com.br\/noticias\/#\/schema\/person\/image\/","url":"https:\/\/secure.gravatar.com\/avatar\/dac340933427a22924c9f99d1eb2e3f2?s=96&r=g","contentUrl":"https:\/\/secure.gravatar.com\/avatar\/dac340933427a22924c9f99d1eb2e3f2?s=96&r=g","caption":"Eduardo Vargas"},"description":"Jornalista formado pela UFSC, cobre macroeconomia, neg\u00f3cios e startups para o Suno Not\u00edcias, escrevendo principalmente not\u00edcias sobre o mercado financeiro e a bolsa de valores. No YouTube e no Instagram, \u00e9 respons\u00e1vel pela produ\u00e7\u00e3o de Reels e Shorts do Suno Not\u00edcias. Anteriormente, trabalhou cobrindo economia e cotidiano no ND+ e para o ND, maior jornal impresso de Santa Catarina. Cursou um semestre letivo de Estudos de M\u00eddia na Universidad de Buenos Aires.","url":"https:\/\/www.suno.com.br\/noticias\/author\/eduardo-vargas\/"}]}},"default_loop_html":"<div class=\"cardsPage__listCard__boxs\"><div class=\"cardsPage__listCard__boxs__img\"><a href=\"https:\/\/www.suno.com.br\/noticias\/pec-dos-precatorios-lira-convoca-sessao-texto-18h\/\"><img class=\"mask\" src=\"https:\/\/www.suno.com.br\/noticias\/wp-content\/themes\/suno\/resources\/images\/spotlight\/spotlight1img\/bg-mask.png\" alt=\"Image Mask\"\/><img src=\"https:\/\/files.sunoresearch.com.br\/n\/uploads\/2021\/03\/f69cbe38-arthur-lira-foto-maryanna-oliveira-camara-dos-deputados-400x200.webp\" alt=\"PEC dos Precat\u00f3rios: Lira convoca sess\u00e3o para votar texto \u00e0s 18h\"\/><\/a><span class=\"spotlightCategory\"><a href=\"https:\/\/www.suno.com.br\/noticias\/politica\/\">Pol\u00edtica<\/a><\/span><\/div><div class=\"cardsPage__listCard__boxs__content\"><a href=\"https:\/\/www.suno.com.br\/noticias\/pec-dos-precatorios-lira-convoca-sessao-texto-18h\/\"><h2 class=\"content__title\">PEC dos Precat\u00f3rios: Lira convoca sess\u00e3o para votar texto \u00e0s 18h<\/h2><\/a><div class=\"newsContent__article__meta\"><div class=\"newsContent__article__meta__authorBox\"><a href=\"https:\/\/www.suno.com.br\/noticias\/author\/eduardo-vargas\/\" class=\"authorBox__avatar noMobi\"><img src=\"https:\/\/secure.gravatar.com\/avatar\/dac340933427a22924c9f99d1eb2e3f2?s=96&#038;r=g\" alt=\"Eduardo Vargas\"><\/a><div class=\"authorBox__name\"><span>por\n\t\t\t<a href=\"https:\/\/www.suno.com.br\/noticias\/author\/eduardo-vargas\/\"><span itemprop=\"author\">Eduardo Vargas<\/span><\/a><\/span><time datetime=\"2021-11-03T15:33:58-03:00\" itemprop=\"datePublished\">03\/11\/2021 15:33<\/time><\/div><\/div><\/div><\/div><\/div>","single_layout":"posts","amp_enabled":true,"_links":{"self":[{"href":"https:\/\/www.suno.com.br\/noticias\/wp-json\/wp\/v2\/posts\/200709"}],"collection":[{"href":"https:\/\/www.suno.com.br\/noticias\/wp-json\/wp\/v2\/posts"}],"about":[{"href":"https:\/\/www.suno.com.br\/noticias\/wp-json\/wp\/v2\/types\/post"}],"author":[{"embeddable":true,"href":"https:\/\/www.suno.com.br\/noticias\/wp-json\/wp\/v2\/users\/73"}],"replies":[{"embeddable":true,"href":"https:\/\/www.suno.com.br\/noticias\/wp-json\/wp\/v2\/comments?post=200709"}],"version-history":[{"count":3,"href":"https:\/\/www.suno.com.br\/noticias\/wp-json\/wp\/v2\/posts\/200709\/revisions"}],"predecessor-version":[{"id":200754,"href":"https:\/\/www.suno.com.br\/noticias\/wp-json\/wp\/v2\/posts\/200709\/revisions\/200754"}],"wp:featuredmedia":[{"embeddable":true,"href":"https:\/\/www.suno.com.br\/noticias\/wp-json\/wp\/v2\/media\/130157"}],"wp:attachment":[{"href":"https:\/\/www.suno.com.br\/noticias\/wp-json\/wp\/v2\/media?parent=200709"}],"wp:term":[{"taxonomy":"category","embeddable":true,"href":"https:\/\/www.suno.com.br\/noticias\/wp-json\/wp\/v2\/categories?post=200709"},{"taxonomy":"post_tag","embeddable":true,"href":"https:\/\/www.suno.com.br\/noticias\/wp-json\/wp\/v2\/tags?post=200709"},{"taxonomy":"suno_strategy","embeddable":true,"href":"https:\/\/www.suno.com.br\/noticias\/wp-json\/wp\/v2\/suno_strategy?post=200709"}],"curies":[{"name":"wp","href":"https:\/\/api.w.org\/{rel}","templated":true}]}}