{"id":200655,"date":"2021-11-03T13:48:11","date_gmt":"2021-11-03T16:48:11","guid":{"rendered":"https:\/\/www.suno.com.br\/noticias\/?p=200655"},"modified":"2021-11-03T13:48:11","modified_gmt":"2021-11-03T16:48:11","slug":"tim-tims3-credit-suisse-avaliacao-3t21","status":"publish","type":"post","link":"https:\/\/www.suno.com.br\/noticias\/tim-tims3-credit-suisse-avaliacao-3t21\/","title":{"rendered":"Tim (TIMS3): Credit Suisse mant\u00e9m avalia\u00e7\u00e3o outperform, mas reduz pre\u00e7o-alvo"},"content":{"rendered":"<p>Analistas do Credit Suisse participaram de um encontro com os executivos da <a href=\"https:\/\/www.suno.com.br\/acoes\/TIMS3\/\" target=\"_blank\" rel=\"noopener\"><strong>Tim<\/strong> Brasil (TIMS3)<\/a> na semana passada e, ap\u00f3s a reuni\u00e3o, reiteraram a avalia\u00e7\u00e3o da empresa de telecomunica\u00e7\u00f5es com desempenho superior (<em>outperform<\/em>), mas reduziram seu pre\u00e7o-alvo em 12 meses, de R$ 20,00 para R$ 16,00.<\/p>\t<div class=\"wrapper-featured-image\">\n\t\t<figure class=\"spotlightImg\">\n\n\t\t\t<picture>\n\t\t\t\t<source media=\"(max-width: 768px)\" srcset=\"https:\/\/files.sunoresearch.com.br\/n\/uploads\/2021\/03\/6164f846-tim_1-400x200.webp\">\n\t\t\t\t<img loading=\"lazy\" decoding=\"async\" class=\"newsContent__article__imgCapa lazyloadDisabled \" src=\"https:\/\/files.sunoresearch.com.br\/n\/uploads\/2021\/03\/6164f846-tim_1-800x450.webp\" width=\"800\" height=\"450\" alt=\"Tim (TIMS3): Credit Suisse mant\u00e9m avalia\u00e7\u00e3o outperform, mas reduz pre\u00e7o-alvo\" fetchpriority=high \/>\n\t\t\t<\/picture>\n\n\t\t\t<figcaption class=\"wp-caption-text wp-caption-text--show\">Tim (TIMS3) Loja. Foto: Divulga\u00e7\u00e3o<\/figcaption>\n\t\t<\/figure>\n\t<\/div>\n\n\n\t<p>\n\t\t<a href=\"https:\/\/lp.suno.com.br\/planilha-controle-gastos\/\" target=\"_blank\" data-element=\"shortcode-suno-banner\" title=\"Banner SUNO, clique e saiba mais\">\n\t\t\t<picture>\n\t\t\t\t<source media=\"(max-width: 500px)\" srcset=\"https:\/\/files.sunoresearch.com.br\/n\/uploads\/2023\/03\/400x300-Planilha-controle-de-gastos.png\">\n\t\t\t\t<img class=\"newsContent__article__imgCapa newsContent__article__imgCapa--banner\"\n\t\t\t\t\tsrc=\"https:\/\/files.sunoresearch.com.br\/n\/uploads\/2023\/03\/1420x240-Planilha-controle-de-gastos.png\"\n\t\t\t\t\tdata-promo-id=\"101751\"\t\t\t\t\t\t\t\t\t\twidth='1420' height='240'\t\t\t\t\talt=\"https:\/\/files.sunoresearch.com.br\/n\/uploads\/2023\/03\/1420x240-Planilha-controle-de-gastos.png\"\n\t\t\t\t>\n\t\t\t<\/picture>\n\t\t<\/a>\n\t<\/p>\n\n\n<p>De acordo com relat\u00f3rio do banco su\u00ed\u00e7o, os temas abordados na conversa com a Tim foram vistos como positivos para o futuro e envolvem grandes eventos, como o <strong>leil\u00e3o do 5G<\/strong> e a conclus\u00e3o da<strong> venda dos ativos m\u00f3veis da <\/strong><a class=\"suno-keyword\" href=\"https:\/\/www.suno.com.br\/acoes\/OIBR3\/\" target=\"_blank\" rel=\"noopener\" data-force=\"yes\" data-priority=\"2\"><strong>Oi<\/strong> (OIBR3)<\/a>.<\/p>\n<p>O <strong>Credit Suisse<\/strong> destaca os seguintes pontos da conversa:<\/p>\n<ul>\n<li>expectativa de um resultado positivo do leil\u00e3o do 5G,<\/li>\n<li>vis\u00e3o de que a venda do Oi Mobile pode ser aprovada ainda este ano,<\/li>\n<li>competi\u00e7\u00e3o se tornando mais racional,<\/li>\n<li><strong>TIM Live<\/strong> e receitas pr\u00e9-pagas melhorando gradualmente,<\/li>\n<li>potencial acordo sobre a arbitragem do <strong>C6 Bank<\/strong>, e<\/li>\n<li>uma poss\u00edvel recompra que ainda est\u00e1 em an\u00e1lise.<\/li>\n<\/ul>\n\t<p>\n\t\t<a href=\"https:\/\/lp.suno.com.br\/planilha-da-vida-financeira\/\" target=\"_blank\" data-element=\"shortcode-suno-banner\" title=\"Banner SUNO, clique e saiba mais\">\n\t\t\t<picture>\n\t\t\t\t<source media=\"(max-width: 500px)\" srcset=\"https:\/\/files.sunoresearch.com.br\/n\/uploads\/2023\/04\/400x300-Planilha-vida-financeira-true.png\">\n\t\t\t\t<img class=\"newsContent__article__imgCapa newsContent__article__imgCapa--banner\"\n\t\t\t\t\tsrc=\"https:\/\/files.sunoresearch.com.br\/n\/uploads\/2023\/04\/1420x240-Planilha-vida-financeira-true.png\"\n\t\t\t\t\tdata-promo-id=\"106682\"\t\t\t\t\t\t\t\t\t\twidth='1420' height='240'\t\t\t\t\talt=\"https:\/\/files.sunoresearch.com.br\/n\/uploads\/2023\/04\/1420x240-Planilha-vida-financeira-true.png\"\n\t\t\t\t>\n\t\t\t<\/picture>\n\t\t<\/a>\n\t<\/p>\n\n\n<p>Com isso, o banco su\u00ed\u00e7o avalia que a consolida\u00e7\u00e3o do mercado deve trazer resultados favor\u00e1veis para a din\u00e2mica do <strong>setor de telecomunica\u00e7\u00f5es<\/strong>, o que favorece a Tim.<\/p>\n<h2>Riscos do cen\u00e1rio interno<\/h2>\n<p>Mas nem tudo s\u00e3o flores. O Credit Suisse rebaixou o pre\u00e7o-alvo da <strong>a\u00e7\u00e3o da Tim<\/strong> ao verificar um aumento de 200 pontos-base no <a class=\"suno-keyword\" href=\"https:\/\/www.suno.com.br\/artigos\/custo-de-capital\/\" target=\"_blank\" rel=\"noopener\" data-force=\"no\" data-priority=\"1\">custo de capital<\/a> da empresa. Tamb\u00e9m nesse sentido, o banco reduziu sua estimava de Ebitda em cerca de 1% e de <a class=\"suno-keyword\" href=\"https:\/\/www.suno.com.br\/artigos\/lucro-liquido\/\" target=\"_blank\" rel=\"noopener\" data-force=\"no\" data-priority=\"1\">lucro l\u00edquido<\/a> em aproximadamente 15%.<\/p>\n<p>A an\u00e1lise leva em considera\u00e7\u00e3o o aumento da infla\u00e7\u00e3o, em vista da potencial incapacidade da Tim em repassar os custos ao consumidor. Com isso, o corte no lucro l\u00edquido e no Ebitda antev\u00ea o aumento das <a class=\"suno-keyword\" href=\"https:\/\/www.suno.com.br\/artigos\/despesas-financeiras\/\" target=\"_blank\" rel=\"noopener\" data-force=\"no\" data-priority=\"1\">despesas financeiras<\/a>.<\/p>\n<p>Entretanto, o banco diz que os <strong>m\u00faltiplos da Tim<\/strong> s\u00e3o atraentes agora, de 3,8 vezes o valor de empresa\/Ebitda e de 10 vezes o pre\u00e7o\/lucro.<\/p>\n\t<p>\n\t\t<a href=\"https:\/\/lp.suno.com.br\/ebook-como-analisar-uma-acao\/\" target=\"_blank\" data-element=\"shortcode-suno-banner\" title=\"Banner SUNO, clique e saiba mais\">\n\t\t\t<picture>\n\t\t\t\t<source media=\"(max-width: 500px)\" srcset=\"https:\/\/files.sunoresearch.com.br\/n\/uploads\/2023\/03\/Ebook-Acoes-Mobile-1.jpg\">\n\t\t\t\t<img class=\"newsContent__article__imgCapa newsContent__article__imgCapa--banner\"\n\t\t\t\t\tsrc=\"https:\/\/files.sunoresearch.com.br\/n\/uploads\/2023\/03\/Ebook-Acoes-Desktop-1.jpg\"\n\t\t\t\t\tdata-promo-id=\"171998\"\t\t\t\t\t\t\t\t\t\twidth='1420' height='286'\t\t\t\t\talt=\"https:\/\/files.sunoresearch.com.br\/n\/uploads\/2023\/03\/Ebook-Acoes-Desktop-1.jpg\"\n\t\t\t\t>\n\t\t\t<\/picture>\n\t\t<\/a>\n\t<\/p>\n\n\n<h2>Cota\u00e7\u00e3o da Tim nesta quarta (03)<\/h2>\n<p>Destaque entre as maiores altas do Ibovespa, a cota\u00e7\u00e3o da <strong>Tim<\/strong> subia 8,03% \u00e0s 13h45, com as a\u00e7\u00f5es valendo R$ 12,38.<\/p>\n\t<p>\n\t\t<a href=\"\" target=\"_blank\" data-element=\"shortcode-suno-banner\" title=\"Banner SUNO, clique e saiba mais\">\n\t\t\t<picture>\n\t\t\t\t<source media=\"(max-width: 500px)\" srcset=\"\">\n\t\t\t\t<img class=\"newsContent__article__imgCapa newsContent__article__imgCapa--banner\"\n\t\t\t\t\tsrc=\"\"\n\t\t\t\t\tdata-promo-id=\"184190\"\t\t\t\t\t\t\t\t\t\t\t\t\t\t\talt=\"\"\n\t\t\t\t>\n\t\t\t<\/picture>\n\t\t<\/a>\n\t<\/p>\n\n\n","protected":false},"excerpt":{"rendered":"<p>Analistas do Credit Suisse participaram de um encontro com os executivos da Tim Brasil (TIMS3) na semana passada e, ap\u00f3s a reuni\u00e3o, reiteraram a avalia\u00e7\u00e3o da empresa de telecomunica\u00e7\u00f5es com desempenho superior (outperform), mas reduziram seu pre\u00e7o-alvo em 12 meses, de R$ 20,00 para R$ 16,00. Tim (TIMS3) Loja. Foto: Divulga\u00e7\u00e3o De acordo com relat\u00f3rio [&hellip;]<\/p>\n","protected":false},"author":102,"featured_media":130492,"comment_status":"closed","ping_status":"closed","sticky":false,"template":"","format":"standard","meta":[],"categories":[64],"tags":[1788,105816,663],"suno_strategy":[],"class_list":["post-200655","post","type-post","status-publish","format-standard","has-post-thumbnail","hentry","category-negocios","tag-credit-suisse-c1su34","tag-especialistas","tag-tim-tims3"],"yoast_head":"<!-- This site is optimized with the Yoast SEO plugin v24.4 - https:\/\/yoast.com\/wordpress\/plugins\/seo\/ -->\n<title>Tim (TIMS3): Credit Suisse reitera outperform, mas reduz pre\u00e7o-alvo; veja<\/title>\n<meta name=\"description\" content=\"O Credit Suisse reiterou a avalia\u00e7\u00e3o outperform da Tim (TIMS3) nesta quarta (03). Veja a an\u00e1lise do banco su\u00ed\u00e7o para a empresa aqui.\" \/>\n<meta name=\"robots\" content=\"index, follow, max-snippet:-1, max-image-preview:large, max-video-preview:-1\" \/>\n<link rel=\"canonical\" href=\"https:\/\/www.suno.com.br\/noticias\/tim-tims3-credit-suisse-avaliacao-3t21\/\" \/>\n<meta property=\"og:locale\" content=\"pt_BR\" \/>\n<meta property=\"og:type\" content=\"article\" \/>\n<meta property=\"og:title\" content=\"Tim (TIMS3): Credit Suisse reitera outperform, mas reduz pre\u00e7o-alvo; veja\" \/>\n<meta property=\"og:description\" content=\"O Credit Suisse reiterou a avalia\u00e7\u00e3o outperform da Tim (TIMS3) nesta quarta (03). Veja a an\u00e1lise do banco su\u00ed\u00e7o para a empresa aqui.\" \/>\n<meta property=\"og:url\" content=\"https:\/\/www.suno.com.br\/noticias\/tim-tims3-credit-suisse-avaliacao-3t21\/\" \/>\n<meta property=\"og:site_name\" content=\"Suno Not\u00edcias\" \/>\n<meta property=\"article:publisher\" content=\"https:\/\/facebook.com\/sunoresearch\" \/>\n<meta property=\"og:image\" content=\"https:\/\/files.sunoresearch.com.br\/n\/uploads\/2021\/03\/6164f846-tim_1.jpg\" \/>\n\t<meta property=\"og:image:width\" content=\"1200\" \/>\n\t<meta property=\"og:image:height\" content=\"802\" \/>\n\t<meta property=\"og:image:type\" content=\"image\/jpeg\" \/>\n<meta name=\"author\" content=\"Monique Lima\" \/>\n<meta name=\"twitter:card\" content=\"summary_large_image\" \/>\n<meta name=\"twitter:creator\" content=\"@sunoresearch\" \/>\n<meta name=\"twitter:site\" content=\"@sunoresearch\" \/>\n<meta name=\"twitter:label1\" content=\"Escrito por\" \/>\n\t<meta name=\"twitter:data1\" content=\"Monique Lima\" \/>\n\t<meta name=\"twitter:label2\" content=\"Est. tempo de leitura\" \/>\n\t<meta name=\"twitter:data2\" content=\"2 minutos\" \/>\n<script type=\"application\/ld+json\" class=\"yoast-schema-graph\">{\"@context\":\"https:\/\/schema.org\",\"@graph\":[{\"@type\":\"NewsArticle\",\"@id\":\"https:\/\/www.suno.com.br\/noticias\/tim-tims3-credit-suisse-avaliacao-3t21\/#article\",\"isPartOf\":{\"@id\":\"https:\/\/www.suno.com.br\/noticias\/tim-tims3-credit-suisse-avaliacao-3t21\/\"},\"author\":{\"name\":\"Monique Lima\",\"@id\":\"https:\/\/www.suno.com.br\/noticias\/#\/schema\/person\/d712329319cc9b10f254d02d654cb36a\"},\"headline\":\"Tim (TIMS3): Credit Suisse mant\u00e9m avalia\u00e7\u00e3o outperform, mas reduz pre\u00e7o-alvo\",\"datePublished\":\"2021-11-03T16:48:11+00:00\",\"mainEntityOfPage\":{\"@id\":\"https:\/\/www.suno.com.br\/noticias\/tim-tims3-credit-suisse-avaliacao-3t21\/\"},\"wordCount\":372,\"publisher\":{\"@id\":\"https:\/\/www.suno.com.br\/noticias\/#organization\"},\"image\":{\"@id\":\"https:\/\/www.suno.com.br\/noticias\/tim-tims3-credit-suisse-avaliacao-3t21\/#primaryimage\"},\"thumbnailUrl\":\"https:\/\/files.sunoresearch.com.br\/n\/uploads\/2021\/03\/6164f846-tim_1-jpg.webp\",\"keywords\":[\"Credit Suisse (C1SU34)\",\"Especialistas\",\"TIM (TIMS3)\"],\"articleSection\":[\"Neg\u00f3cios\"],\"inLanguage\":\"pt-BR\"},{\"@type\":\"WebPage\",\"@id\":\"https:\/\/www.suno.com.br\/noticias\/tim-tims3-credit-suisse-avaliacao-3t21\/\",\"url\":\"https:\/\/www.suno.com.br\/noticias\/tim-tims3-credit-suisse-avaliacao-3t21\/\",\"name\":\"Tim (TIMS3): Credit Suisse reitera outperform, mas reduz pre\u00e7o-alvo; veja\",\"isPartOf\":{\"@id\":\"https:\/\/www.suno.com.br\/noticias\/#website\"},\"primaryImageOfPage\":{\"@id\":\"https:\/\/www.suno.com.br\/noticias\/tim-tims3-credit-suisse-avaliacao-3t21\/#primaryimage\"},\"image\":{\"@id\":\"https:\/\/www.suno.com.br\/noticias\/tim-tims3-credit-suisse-avaliacao-3t21\/#primaryimage\"},\"thumbnailUrl\":\"https:\/\/files.sunoresearch.com.br\/n\/uploads\/2021\/03\/6164f846-tim_1-jpg.webp\",\"datePublished\":\"2021-11-03T16:48:11+00:00\",\"description\":\"O Credit Suisse reiterou a avalia\u00e7\u00e3o outperform da Tim (TIMS3) nesta quarta (03). Veja a an\u00e1lise do banco su\u00ed\u00e7o para a empresa aqui.\",\"breadcrumb\":{\"@id\":\"https:\/\/www.suno.com.br\/noticias\/tim-tims3-credit-suisse-avaliacao-3t21\/#breadcrumb\"},\"inLanguage\":\"pt-BR\",\"potentialAction\":[{\"@type\":\"ReadAction\",\"target\":[\"https:\/\/www.suno.com.br\/noticias\/tim-tims3-credit-suisse-avaliacao-3t21\/\"]}]},{\"@type\":\"ImageObject\",\"inLanguage\":\"pt-BR\",\"@id\":\"https:\/\/www.suno.com.br\/noticias\/tim-tims3-credit-suisse-avaliacao-3t21\/#primaryimage\",\"url\":\"https:\/\/files.sunoresearch.com.br\/n\/uploads\/2021\/03\/6164f846-tim_1-jpg.webp\",\"contentUrl\":\"https:\/\/files.sunoresearch.com.br\/n\/uploads\/2021\/03\/6164f846-tim_1-jpg.webp\",\"width\":1200,\"height\":802,\"caption\":\"Tim (TIMS3) Loja. Foto: Divulga\u00e7\u00e3o\"},{\"@type\":\"BreadcrumbList\",\"@id\":\"https:\/\/www.suno.com.br\/noticias\/tim-tims3-credit-suisse-avaliacao-3t21\/#breadcrumb\",\"itemListElement\":[{\"@type\":\"ListItem\",\"position\":1,\"name\":\"Not\u00edcias\",\"item\":\"https:\/\/www.suno.com.br\/noticias\/\"},{\"@type\":\"ListItem\",\"position\":2,\"name\":\"Neg\u00f3cios\",\"item\":\"https:\/\/www.suno.com.br\/noticias\/negocios\/\"},{\"@type\":\"ListItem\",\"position\":3,\"name\":\"Tim (TIMS3): Credit Suisse mant\u00e9m avalia\u00e7\u00e3o outperform, mas reduz pre\u00e7o-alvo\"}]},{\"@type\":\"WebSite\",\"@id\":\"https:\/\/www.suno.com.br\/noticias\/#website\",\"url\":\"https:\/\/www.suno.com.br\/noticias\/\",\"name\":\"Suno Not\u00edcias\",\"description\":\"Seu portal de informa\u00e7\u00e3o sobre o mundo dos investimentos\",\"publisher\":{\"@id\":\"https:\/\/www.suno.com.br\/noticias\/#organization\"},\"potentialAction\":[{\"@type\":\"SearchAction\",\"target\":{\"@type\":\"EntryPoint\",\"urlTemplate\":\"https:\/\/www.suno.com.br\/noticias\/?s={search_term_string}\"},\"query-input\":{\"@type\":\"PropertyValueSpecification\",\"valueRequired\":true,\"valueName\":\"search_term_string\"}}],\"inLanguage\":\"pt-BR\"},{\"@type\":\"Organization\",\"@id\":\"https:\/\/www.suno.com.br\/noticias\/#organization\",\"name\":\"Suno Not\u00edcias\",\"url\":\"https:\/\/www.suno.com.br\/noticias\/\",\"logo\":{\"@type\":\"ImageObject\",\"inLanguage\":\"pt-BR\",\"@id\":\"https:\/\/www.suno.com.br\/noticias\/#\/schema\/logo\/image\/\",\"url\":\"https:\/\/files.sunoresearch.com.br\/n\/uploads\/2021\/09\/suno-logo.png\",\"contentUrl\":\"https:\/\/files.sunoresearch.com.br\/n\/uploads\/2021\/09\/suno-logo.png\",\"width\":180,\"height\":180,\"caption\":\"Suno Not\u00edcias\"},\"image\":{\"@id\":\"https:\/\/www.suno.com.br\/noticias\/#\/schema\/logo\/image\/\"},\"sameAs\":[\"https:\/\/facebook.com\/sunoresearch\",\"https:\/\/x.com\/sunoresearch\",\"https:\/\/www.instagram.com\/suno\",\"https:\/\/www.linkedin.com\/company\/suno-research\/\",\"https:\/\/www.youtube.com\/c\/sunoresearch\"]},{\"@type\":\"Person\",\"@id\":\"https:\/\/www.suno.com.br\/noticias\/#\/schema\/person\/d712329319cc9b10f254d02d654cb36a\",\"name\":\"Monique Lima\",\"image\":{\"@type\":\"ImageObject\",\"inLanguage\":\"pt-BR\",\"@id\":\"https:\/\/www.suno.com.br\/noticias\/#\/schema\/person\/image\/\",\"url\":\"https:\/\/secure.gravatar.com\/avatar\/daee7f16d906c2e9ffed236206ca2c30?s=96&r=g\",\"contentUrl\":\"https:\/\/secure.gravatar.com\/avatar\/daee7f16d906c2e9ffed236206ca2c30?s=96&r=g\",\"caption\":\"Monique Lima\"},\"description\":\"Rep\u00f3rter de Mercado no Suno Not\u00edcias, \u00e9 jornalista com experi\u00eancia na cobertura de economia, empreendedorismo, finan\u00e7as pessoais, mercado financeiro, carreira e recursos humanos. Formada em Jornalismo pela Universidade Paulista, teve experi\u00eancias em ve\u00edculos de comunica\u00e7\u00e3o como a Ag\u00eancia TradeMap, Revista Voc\u00ea S\/A e Revista Voc\u00ea RH, as duas \u00faltimas publica\u00e7\u00f5es da Editora Abril. No Suno Not\u00edcias, fala sobre as principais not\u00edcias de Fundos Imobili\u00e1rios, Fiagro, Startups e empresas listadas na Bolsa.\",\"url\":\"https:\/\/www.suno.com.br\/noticias\/author\/monique-lima\/\"}]}<\/script>\n<!-- \/ Yoast SEO plugin. -->","yoast_head_json":{"title":"Tim (TIMS3): Credit Suisse reitera outperform, mas reduz pre\u00e7o-alvo; veja","description":"O Credit Suisse reiterou a avalia\u00e7\u00e3o outperform da Tim (TIMS3) nesta quarta (03). Veja a an\u00e1lise do banco su\u00ed\u00e7o para a empresa aqui.","robots":{"index":"index","follow":"follow","max-snippet":"max-snippet:-1","max-image-preview":"max-image-preview:large","max-video-preview":"max-video-preview:-1"},"canonical":"https:\/\/www.suno.com.br\/noticias\/tim-tims3-credit-suisse-avaliacao-3t21\/","og_locale":"pt_BR","og_type":"article","og_title":"Tim (TIMS3): Credit Suisse reitera outperform, mas reduz pre\u00e7o-alvo; veja","og_description":"O Credit Suisse reiterou a avalia\u00e7\u00e3o outperform da Tim (TIMS3) nesta quarta (03). Veja a an\u00e1lise do banco su\u00ed\u00e7o para a empresa aqui.","og_url":"https:\/\/www.suno.com.br\/noticias\/tim-tims3-credit-suisse-avaliacao-3t21\/","og_site_name":"Suno Not\u00edcias","article_publisher":"https:\/\/facebook.com\/sunoresearch","og_image":[{"width":1200,"height":802,"url":"https:\/\/files.sunoresearch.com.br\/n\/uploads\/2021\/03\/6164f846-tim_1.jpg","type":"image\/jpeg"}],"author":"Monique Lima","twitter_card":"summary_large_image","twitter_creator":"@sunoresearch","twitter_site":"@sunoresearch","twitter_misc":{"Escrito por":"Monique Lima","Est. tempo de leitura":"2 minutos"},"schema":{"@context":"https:\/\/schema.org","@graph":[{"@type":"NewsArticle","@id":"https:\/\/www.suno.com.br\/noticias\/tim-tims3-credit-suisse-avaliacao-3t21\/#article","isPartOf":{"@id":"https:\/\/www.suno.com.br\/noticias\/tim-tims3-credit-suisse-avaliacao-3t21\/"},"author":{"name":"Monique Lima","@id":"https:\/\/www.suno.com.br\/noticias\/#\/schema\/person\/d712329319cc9b10f254d02d654cb36a"},"headline":"Tim (TIMS3): Credit Suisse mant\u00e9m avalia\u00e7\u00e3o outperform, mas reduz pre\u00e7o-alvo","datePublished":"2021-11-03T16:48:11+00:00","mainEntityOfPage":{"@id":"https:\/\/www.suno.com.br\/noticias\/tim-tims3-credit-suisse-avaliacao-3t21\/"},"wordCount":372,"publisher":{"@id":"https:\/\/www.suno.com.br\/noticias\/#organization"},"image":{"@id":"https:\/\/www.suno.com.br\/noticias\/tim-tims3-credit-suisse-avaliacao-3t21\/#primaryimage"},"thumbnailUrl":"https:\/\/files.sunoresearch.com.br\/n\/uploads\/2021\/03\/6164f846-tim_1-jpg.webp","keywords":["Credit Suisse (C1SU34)","Especialistas","TIM (TIMS3)"],"articleSection":["Neg\u00f3cios"],"inLanguage":"pt-BR"},{"@type":"WebPage","@id":"https:\/\/www.suno.com.br\/noticias\/tim-tims3-credit-suisse-avaliacao-3t21\/","url":"https:\/\/www.suno.com.br\/noticias\/tim-tims3-credit-suisse-avaliacao-3t21\/","name":"Tim (TIMS3): Credit Suisse reitera outperform, mas reduz pre\u00e7o-alvo; veja","isPartOf":{"@id":"https:\/\/www.suno.com.br\/noticias\/#website"},"primaryImageOfPage":{"@id":"https:\/\/www.suno.com.br\/noticias\/tim-tims3-credit-suisse-avaliacao-3t21\/#primaryimage"},"image":{"@id":"https:\/\/www.suno.com.br\/noticias\/tim-tims3-credit-suisse-avaliacao-3t21\/#primaryimage"},"thumbnailUrl":"https:\/\/files.sunoresearch.com.br\/n\/uploads\/2021\/03\/6164f846-tim_1-jpg.webp","datePublished":"2021-11-03T16:48:11+00:00","description":"O Credit Suisse reiterou a avalia\u00e7\u00e3o outperform da Tim (TIMS3) nesta quarta (03). Veja a an\u00e1lise do banco su\u00ed\u00e7o para a empresa aqui.","breadcrumb":{"@id":"https:\/\/www.suno.com.br\/noticias\/tim-tims3-credit-suisse-avaliacao-3t21\/#breadcrumb"},"inLanguage":"pt-BR","potentialAction":[{"@type":"ReadAction","target":["https:\/\/www.suno.com.br\/noticias\/tim-tims3-credit-suisse-avaliacao-3t21\/"]}]},{"@type":"ImageObject","inLanguage":"pt-BR","@id":"https:\/\/www.suno.com.br\/noticias\/tim-tims3-credit-suisse-avaliacao-3t21\/#primaryimage","url":"https:\/\/files.sunoresearch.com.br\/n\/uploads\/2021\/03\/6164f846-tim_1-jpg.webp","contentUrl":"https:\/\/files.sunoresearch.com.br\/n\/uploads\/2021\/03\/6164f846-tim_1-jpg.webp","width":1200,"height":802,"caption":"Tim (TIMS3) Loja. Foto: Divulga\u00e7\u00e3o"},{"@type":"BreadcrumbList","@id":"https:\/\/www.suno.com.br\/noticias\/tim-tims3-credit-suisse-avaliacao-3t21\/#breadcrumb","itemListElement":[{"@type":"ListItem","position":1,"name":"Not\u00edcias","item":"https:\/\/www.suno.com.br\/noticias\/"},{"@type":"ListItem","position":2,"name":"Neg\u00f3cios","item":"https:\/\/www.suno.com.br\/noticias\/negocios\/"},{"@type":"ListItem","position":3,"name":"Tim (TIMS3): Credit Suisse mant\u00e9m avalia\u00e7\u00e3o outperform, mas reduz pre\u00e7o-alvo"}]},{"@type":"WebSite","@id":"https:\/\/www.suno.com.br\/noticias\/#website","url":"https:\/\/www.suno.com.br\/noticias\/","name":"Suno Not\u00edcias","description":"Seu portal de informa\u00e7\u00e3o sobre o mundo dos investimentos","publisher":{"@id":"https:\/\/www.suno.com.br\/noticias\/#organization"},"potentialAction":[{"@type":"SearchAction","target":{"@type":"EntryPoint","urlTemplate":"https:\/\/www.suno.com.br\/noticias\/?s={search_term_string}"},"query-input":{"@type":"PropertyValueSpecification","valueRequired":true,"valueName":"search_term_string"}}],"inLanguage":"pt-BR"},{"@type":"Organization","@id":"https:\/\/www.suno.com.br\/noticias\/#organization","name":"Suno Not\u00edcias","url":"https:\/\/www.suno.com.br\/noticias\/","logo":{"@type":"ImageObject","inLanguage":"pt-BR","@id":"https:\/\/www.suno.com.br\/noticias\/#\/schema\/logo\/image\/","url":"https:\/\/files.sunoresearch.com.br\/n\/uploads\/2021\/09\/suno-logo.png","contentUrl":"https:\/\/files.sunoresearch.com.br\/n\/uploads\/2021\/09\/suno-logo.png","width":180,"height":180,"caption":"Suno Not\u00edcias"},"image":{"@id":"https:\/\/www.suno.com.br\/noticias\/#\/schema\/logo\/image\/"},"sameAs":["https:\/\/facebook.com\/sunoresearch","https:\/\/x.com\/sunoresearch","https:\/\/www.instagram.com\/suno","https:\/\/www.linkedin.com\/company\/suno-research\/","https:\/\/www.youtube.com\/c\/sunoresearch"]},{"@type":"Person","@id":"https:\/\/www.suno.com.br\/noticias\/#\/schema\/person\/d712329319cc9b10f254d02d654cb36a","name":"Monique Lima","image":{"@type":"ImageObject","inLanguage":"pt-BR","@id":"https:\/\/www.suno.com.br\/noticias\/#\/schema\/person\/image\/","url":"https:\/\/secure.gravatar.com\/avatar\/daee7f16d906c2e9ffed236206ca2c30?s=96&r=g","contentUrl":"https:\/\/secure.gravatar.com\/avatar\/daee7f16d906c2e9ffed236206ca2c30?s=96&r=g","caption":"Monique Lima"},"description":"Rep\u00f3rter de Mercado no Suno Not\u00edcias, \u00e9 jornalista com experi\u00eancia na cobertura de economia, empreendedorismo, finan\u00e7as pessoais, mercado financeiro, carreira e recursos humanos. Formada em Jornalismo pela Universidade Paulista, teve experi\u00eancias em ve\u00edculos de comunica\u00e7\u00e3o como a Ag\u00eancia TradeMap, Revista Voc\u00ea S\/A e Revista Voc\u00ea RH, as duas \u00faltimas publica\u00e7\u00f5es da Editora Abril. No Suno Not\u00edcias, fala sobre as principais not\u00edcias de Fundos Imobili\u00e1rios, Fiagro, Startups e empresas listadas na Bolsa.","url":"https:\/\/www.suno.com.br\/noticias\/author\/monique-lima\/"}]}},"default_loop_html":"<div class=\"cardsPage__listCard__boxs\"><div class=\"cardsPage__listCard__boxs__img\"><a href=\"https:\/\/www.suno.com.br\/noticias\/tim-tims3-credit-suisse-avaliacao-3t21\/\"><img class=\"mask\" src=\"https:\/\/www.suno.com.br\/noticias\/wp-content\/themes\/suno\/resources\/images\/spotlight\/spotlight1img\/bg-mask.png\" alt=\"Image Mask\"\/><img src=\"https:\/\/files.sunoresearch.com.br\/n\/uploads\/2021\/03\/6164f846-tim_1-400x200.webp\" alt=\"Tim (TIMS3): Credit Suisse mant\u00e9m avalia\u00e7\u00e3o outperform, mas reduz pre\u00e7o-alvo\"\/><\/a><span class=\"spotlightCategory\"><a href=\"https:\/\/www.suno.com.br\/noticias\/negocios\/\">Neg\u00f3cios<\/a><\/span><\/div><div class=\"cardsPage__listCard__boxs__content\"><a href=\"https:\/\/www.suno.com.br\/noticias\/tim-tims3-credit-suisse-avaliacao-3t21\/\"><h2 class=\"content__title\">Tim (TIMS3): Credit Suisse mant\u00e9m avalia\u00e7\u00e3o outperform, mas reduz pre\u00e7o-alvo<\/h2><\/a><div class=\"newsContent__article__meta\"><div class=\"newsContent__article__meta__authorBox\"><a href=\"https:\/\/www.suno.com.br\/noticias\/author\/monique-lima\/\" class=\"authorBox__avatar noMobi\"><img src=\"https:\/\/secure.gravatar.com\/avatar\/daee7f16d906c2e9ffed236206ca2c30?s=96&#038;r=g\" alt=\"Monique Lima\"><\/a><div class=\"authorBox__name\"><span>por\n\t\t\t<a href=\"https:\/\/www.suno.com.br\/noticias\/author\/monique-lima\/\"><span itemprop=\"author\">Monique Lima<\/span><\/a><\/span><time datetime=\"2021-11-03T13:48:11-03:00\" itemprop=\"datePublished\">03\/11\/2021 13:48<\/time><\/div><\/div><\/div><\/div><\/div>","single_layout":"posts","amp_enabled":true,"_links":{"self":[{"href":"https:\/\/www.suno.com.br\/noticias\/wp-json\/wp\/v2\/posts\/200655"}],"collection":[{"href":"https:\/\/www.suno.com.br\/noticias\/wp-json\/wp\/v2\/posts"}],"about":[{"href":"https:\/\/www.suno.com.br\/noticias\/wp-json\/wp\/v2\/types\/post"}],"author":[{"embeddable":true,"href":"https:\/\/www.suno.com.br\/noticias\/wp-json\/wp\/v2\/users\/102"}],"replies":[{"embeddable":true,"href":"https:\/\/www.suno.com.br\/noticias\/wp-json\/wp\/v2\/comments?post=200655"}],"version-history":[{"count":3,"href":"https:\/\/www.suno.com.br\/noticias\/wp-json\/wp\/v2\/posts\/200655\/revisions"}],"predecessor-version":[{"id":200702,"href":"https:\/\/www.suno.com.br\/noticias\/wp-json\/wp\/v2\/posts\/200655\/revisions\/200702"}],"wp:featuredmedia":[{"embeddable":true,"href":"https:\/\/www.suno.com.br\/noticias\/wp-json\/wp\/v2\/media\/130492"}],"wp:attachment":[{"href":"https:\/\/www.suno.com.br\/noticias\/wp-json\/wp\/v2\/media?parent=200655"}],"wp:term":[{"taxonomy":"category","embeddable":true,"href":"https:\/\/www.suno.com.br\/noticias\/wp-json\/wp\/v2\/categories?post=200655"},{"taxonomy":"post_tag","embeddable":true,"href":"https:\/\/www.suno.com.br\/noticias\/wp-json\/wp\/v2\/tags?post=200655"},{"taxonomy":"suno_strategy","embeddable":true,"href":"https:\/\/www.suno.com.br\/noticias\/wp-json\/wp\/v2\/suno_strategy?post=200655"}],"curies":[{"name":"wp","href":"https:\/\/api.w.org\/{rel}","templated":true}]}}