{"id":200397,"date":"2021-11-03T08:45:31","date_gmt":"2021-11-03T11:45:31","guid":{"rendered":"https:\/\/www.suno.com.br\/noticias\/?p=200397"},"modified":"2021-11-03T16:11:43","modified_gmt":"2021-11-03T19:11:43","slug":"ata-do-copom-1-5-selic","status":"publish","type":"post","link":"https:\/\/www.suno.com.br\/noticias\/ata-do-copom-1-5-selic\/","title":{"rendered":"Ata do Copom indica que Comit\u00ea considerou alta superior a 1,5 p.p. na Selic"},"content":{"rendered":"<p>O Comit\u00ea de <a class=\"suno-keyword\" href=\"https:\/\/www.suno.com.br\/artigos\/politica-monetaria\/\" target=\"_blank\" rel=\"noopener\" data-force=\"no\" data-priority=\"1\">Pol\u00edtica Monet\u00e1ria<\/a> (<strong>Copom<\/strong>) do Banco Central (BC) considerou &#8220;cen\u00e1rios com ritmos de ajuste maiores do que 1,50 ponto percentual&#8221; anunciado na \u00faltima semana, indica a ata da reuni\u00e3o divulgada nesta quarta-feira (03).<\/p>\t<div class=\"wrapper-featured-image\">\n\t\t<figure class=\"spotlightImg\">\n\n\t\t\t<picture>\n\t\t\t\t<source media=\"(max-width: 768px)\" srcset=\"https:\/\/files.sunoresearch.com.br\/n\/uploads\/2021\/11\/banco_central_sede-400x200.jpg\">\n\t\t\t\t<img loading=\"lazy\" decoding=\"async\" class=\"newsContent__article__imgCapa lazyloadDisabled \" src=\"https:\/\/files.sunoresearch.com.br\/n\/uploads\/2021\/11\/banco_central_sede-800x450.jpg\" width=\"800\" height=\"450\" alt=\"Ata do Copom indica que Comit\u00ea considerou alta superior a 1,5 p.p. na Selic\" fetchpriority=high \/>\n\t\t\t<\/picture>\n\n\t\t\t<figcaption class=\"wp-caption-text wp-caption-text--show\">Ata do Copom. Foto: Marcello Casal Jr.\/Ag\u00eancia Brasil<\/figcaption>\n\t\t<\/figure>\n\t<\/div>\n\n\n\t<p>\n\t\t<a href=\"https:\/\/lp.suno.com.br\/planilha-controle-gastos\/\" target=\"_blank\" data-element=\"shortcode-suno-banner\" title=\"Banner SUNO, clique e saiba mais\">\n\t\t\t<picture>\n\t\t\t\t<source media=\"(max-width: 500px)\" srcset=\"https:\/\/files.sunoresearch.com.br\/n\/uploads\/2023\/03\/400x300-Planilha-controle-de-gastos.png\">\n\t\t\t\t<img class=\"newsContent__article__imgCapa newsContent__article__imgCapa--banner\"\n\t\t\t\t\tsrc=\"https:\/\/files.sunoresearch.com.br\/n\/uploads\/2023\/03\/1420x240-Planilha-controle-de-gastos.png\"\n\t\t\t\t\tdata-promo-id=\"101751\"\t\t\t\t\t\t\t\t\t\twidth='1420' height='240'\t\t\t\t\talt=\"https:\/\/files.sunoresearch.com.br\/n\/uploads\/2023\/03\/1420x240-Planilha-controle-de-gastos.png\"\n\t\t\t\t>\n\t\t\t<\/picture>\n\t\t<\/a>\n\t<\/p>\n\n\n<p>Na semana passada, o Copom elevou a<strong> <a class=\"suno-keyword\" href=\"https:\/\/www.suno.com.br\/artigos\/taxa-de-juros\/\" target=\"_blank\" rel=\"noopener\" data-force=\"no\" data-priority=\"1\">taxa b\u00e1sica de juros<\/a> <\/strong>do Brasil para 7,75%, em meio a uma infla\u00e7\u00e3o de 10,25% em 12 meses. Em ata, o comit\u00ea destaca:<\/p>\n<p>&#8220;Prevaleceu, no entanto, a vis\u00e3o de que trajet\u00f3rias de aperto da pol\u00edtica monet\u00e1ria com passos de 1,50 p.p., considerando taxas terminais diferentes, s\u00e3o consistentes, neste momento, com a converg\u00eancia da infla\u00e7\u00e3o para a meta em 2022, mesmo considerando a atual assimetria no balan\u00e7o de riscos.&#8221;<\/p>\n<p>A <strong>eleva\u00e7\u00e3o da Selic<\/strong> em 1,5 p.p. foi a maior desde dezembro de 2002. Os 7,75% tamb\u00e9m s\u00e3o o <strong>maior n\u00edvel dos juros<\/strong> em quatro anos.<\/p>\n<p>De acordo com o BC, a infla\u00e7\u00e3o ao consumidor segue elevada e tem se mostrado mais persistente que o antecipado, abrangindo componentes associados \u00e0 infla\u00e7\u00e3o subjacente, diz <strong>ata do Copom<\/strong>. &#8220;A alta nos pre\u00e7os dos bens industriais ainda n\u00e3o arrefeceu e deve persistir no <a class=\"suno-keyword\" href=\"https:\/\/www.suno.com.br\/artigos\/curto-prazo\/\" target=\"_blank\" rel=\"noopener\" data-force=\"no\" data-priority=\"1\">curto prazo<\/a>, enquanto a infla\u00e7\u00e3o de servi\u00e7os acelerou, refletindo a gradual normaliza\u00e7\u00e3o da atividade no setor, din\u00e2mica que j\u00e1 era esperada.&#8221;<\/p>\n\t<p>\n\t\t<a href=\"\" target=\"_blank\" data-element=\"shortcode-suno-banner\" title=\"Banner SUNO, clique e saiba mais\">\n\t\t\t<picture>\n\t\t\t\t<source media=\"(max-width: 500px)\" srcset=\"\">\n\t\t\t\t<img class=\"newsContent__article__imgCapa newsContent__article__imgCapa--banner\"\n\t\t\t\t\tsrc=\"\"\n\t\t\t\t\tdata-promo-id=\"88999\"\t\t\t\t\t\t\t\t\t\t\t\t\t\t\talt=\"\"\n\t\t\t\t>\n\t\t\t<\/picture>\n\t\t<\/a>\n\t<\/p>\n\n\n<p>Al\u00e9m desses pontos, a ata indica que desde a \u00faltima<strong> reuni\u00e3o do Copom<\/strong> houve alta substancial dos pre\u00e7os internacionais de <em>commodities,<\/em> cujo impacto inflacion\u00e1rio \u00e9 amplificado pela deprecia\u00e7\u00e3o do real. De acordo com o BC, essa combina\u00e7\u00e3o \u00e9 o fator preponderante para a eleva\u00e7\u00e3o das proje\u00e7\u00f5es de infla\u00e7\u00e3o do Comit\u00ea tanto para 2021 quanto para 2022.<\/p>\n<h2>Risco do cen\u00e1rio brasileiro<\/h2>\n<p>A ata do Copom destaca tr\u00eas pontos sobre os riscos do cen\u00e1rio do Pa\u00eds para conter o <strong>avan\u00e7o da infla\u00e7\u00e3o<\/strong>. S\u00e3o eles:<\/p>\n<ul>\n<li>Revers\u00e3o, ainda que parcial, do aumento nos pre\u00e7os das <em>commodities<\/em>;<\/li>\n<li>Interrup\u00e7\u00e3o das pol\u00edticas fiscais de resposta \u00e0 pandemia, que pressionam a <a class=\"suno-keyword\" href=\"https:\/\/www.suno.com.br\/artigos\/demanda-agregada\/\" target=\"_blank\" rel=\"noopener\" data-force=\"no\" data-priority=\"1\">demanda agregada<\/a> e pioram a trajet\u00f3ria fiscal;<\/li>\n<li>Disciplina fiscal, visto que &#8220;questionamentos em rela\u00e7\u00e3o ao arcabou\u00e7o fiscal elevaram o risco de desancoragem das expectativas de infla\u00e7\u00e3o, aumentando a assimetria altista no balan\u00e7o de riscos&#8221;.<\/li>\n<\/ul>\n\t<p>\n\t\t<a href=\"https:\/\/lp.suno.com.br\/planilha-da-vida-financeira\/\" target=\"_blank\" data-element=\"shortcode-suno-banner\" title=\"Banner SUNO, clique e saiba mais\">\n\t\t\t<picture>\n\t\t\t\t<source media=\"(max-width: 500px)\" srcset=\"https:\/\/files.sunoresearch.com.br\/n\/uploads\/2023\/04\/400x300-Planilha-vida-financeira-true.png\">\n\t\t\t\t<img class=\"newsContent__article__imgCapa newsContent__article__imgCapa--banner\"\n\t\t\t\t\tsrc=\"https:\/\/files.sunoresearch.com.br\/n\/uploads\/2023\/04\/1420x240-Planilha-vida-financeira-true.png\"\n\t\t\t\t\tdata-promo-id=\"106682\"\t\t\t\t\t\t\t\t\t\twidth='1420' height='240'\t\t\t\t\talt=\"https:\/\/files.sunoresearch.com.br\/n\/uploads\/2023\/04\/1420x240-Planilha-vida-financeira-true.png\"\n\t\t\t\t>\n\t\t\t<\/picture>\n\t\t<\/a>\n\t<\/p>\n\n\n<p>Por conta dos <strong>riscos fiscais<\/strong>, o mercado financeiro tem projetado aumento maior nos juros. Para o fim deste ano, a expectativa dos analistas para a taxa de juros est\u00e1 em 9,25% ao ano e, para 2022, em 10,25% ao ano.<\/p>\n<p>Por\u00e9m, o<strong> BC<\/strong> tamb\u00e9m fez uma avalia\u00e7\u00e3o de pontos que devem beneficiar a <strong>atividade econ\u00f4mica em 2022<\/strong>, s\u00e3o eles:<\/p>\n<ul>\n<li>continua\u00e7\u00e3o da recupera\u00e7\u00e3o do mercado de trabalho e do setor de servi\u00e7os;<\/li>\n<li>desempenho de setores menos ligados ao ciclo de neg\u00f3cios, como agropecu\u00e1ria e ind\u00fastria extrativa; e<\/li>\n<li>os resqu\u00edcios do processo de normaliza\u00e7\u00e3o da economia conforme a crise sanit\u00e1ria arrefece.<\/li>\n<\/ul>\n<h2>Pr\u00f3xima reuni\u00e3o do Copom<\/h2>\n<p>Para a pr\u00f3xima reuni\u00e3o do <strong>Copom<\/strong>, em 6 e 7 de dezembro, o Comit\u00ea antev\u00ea outro ajuste da mesma magnitude, diz ata. O documento ainda enfatiza que os passos futuros da pol\u00edtica monet\u00e1ria poder\u00e3o ser ajustados para assegurar o cumprimento da <a class=\"suno-keyword\" href=\"https:\/\/www.suno.com.br\/artigos\/meta-de-inflacao\/\" target=\"_blank\" rel=\"noopener\" data-force=\"no\" data-priority=\"1\">meta de infla\u00e7\u00e3o<\/a>.<\/p>\n\t<p>\n\t\t<a href=\"https:\/\/lp.suno.com.br\/planilha-de-controle-de-investimentos\/\" target=\"_blank\" data-element=\"shortcode-suno-banner\" title=\"Banner SUNO, clique e saiba mais\">\n\t\t\t<picture>\n\t\t\t\t<source media=\"(max-width: 500px)\" srcset=\"https:\/\/files.sunoresearch.com.br\/n\/uploads\/2023\/03\/400x300-Controle-de-Investimentos.png\">\n\t\t\t\t<img class=\"newsContent__article__imgCapa newsContent__article__imgCapa--banner\"\n\t\t\t\t\tsrc=\"https:\/\/files.sunoresearch.com.br\/n\/uploads\/2023\/03\/1420x240-Controle-de-Investimentos.png\"\n\t\t\t\t\tdata-promo-id=\"75934\"\t\t\t\t\t\t\t\t\t\twidth='1420' height='240'\t\t\t\t\talt=\"https:\/\/files.sunoresearch.com.br\/n\/uploads\/2023\/03\/1420x240-Controle-de-Investimentos.png\"\n\t\t\t\t>\n\t\t\t<\/picture>\n\t\t<\/a>\n\t<\/p>\n\n\n","protected":false},"excerpt":{"rendered":"<p>O Comit\u00ea de Pol\u00edtica Monet\u00e1ria (Copom) do Banco Central (BC) considerou &#8220;cen\u00e1rios com ritmos de ajuste maiores do que 1,50 ponto percentual&#8221; anunciado na \u00faltima semana, indica a ata da reuni\u00e3o divulgada nesta quarta-feira (03). Ata do Copom. Foto: Marcello Casal Jr.\/Ag\u00eancia Brasil Na semana passada, o Copom elevou a taxa b\u00e1sica de juros do [&hellip;]<\/p>\n","protected":false},"author":102,"featured_media":200420,"comment_status":"closed","ping_status":"closed","sticky":false,"template":"","format":"standard","meta":[],"categories":[60],"tags":[1104,1752,290],"suno_strategy":[],"class_list":["post-200397","post","type-post","status-publish","format-standard","has-post-thumbnail","hentry","category-mercado","tag-copom","tag-taxa-de-juros","tag-taxa-selic"],"yoast_head":"<!-- This site is optimized with the Yoast SEO plugin v24.4 - https:\/\/yoast.com\/wordpress\/plugins\/seo\/ -->\n<title>Copom deve anunciar novo aumento de 1,5 ponto na Selic, diz ata<\/title>\n<meta name=\"description\" content=\"Copom indica que considerou aumentar mais de 1,5 p.p. a taxa Selic em \u00faltima reuni\u00e3o. Veja detalhes do documento divulgado hoje aqui.\" \/>\n<meta name=\"robots\" content=\"index, follow, max-snippet:-1, max-image-preview:large, max-video-preview:-1\" \/>\n<link rel=\"canonical\" href=\"https:\/\/www.suno.com.br\/noticias\/ata-do-copom-1-5-selic\/\" \/>\n<meta property=\"og:locale\" content=\"pt_BR\" \/>\n<meta property=\"og:type\" content=\"article\" \/>\n<meta property=\"og:title\" content=\"Copom deve anunciar novo aumento de 1,5 ponto na Selic, diz ata\" \/>\n<meta property=\"og:description\" content=\"Copom indica que considerou aumentar mais de 1,5 p.p. a taxa Selic em \u00faltima reuni\u00e3o. Veja detalhes do documento divulgado hoje aqui.\" \/>\n<meta property=\"og:url\" content=\"https:\/\/www.suno.com.br\/noticias\/ata-do-copom-1-5-selic\/\" \/>\n<meta property=\"og:site_name\" content=\"Suno Not\u00edcias\" \/>\n<meta property=\"article:publisher\" content=\"https:\/\/facebook.com\/sunoresearch\" \/>\n<meta property=\"og:image\" content=\"https:\/\/files.sunoresearch.com.br\/n\/uploads\/2021\/11\/banco_central_sede-scaled.jpg\" \/>\n\t<meta property=\"og:image:width\" content=\"2560\" \/>\n\t<meta property=\"og:image:height\" content=\"1704\" \/>\n\t<meta property=\"og:image:type\" content=\"image\/jpeg\" \/>\n<meta name=\"author\" content=\"Monique Lima\" \/>\n<meta name=\"twitter:card\" content=\"summary_large_image\" \/>\n<meta name=\"twitter:creator\" content=\"@sunoresearch\" \/>\n<meta name=\"twitter:site\" content=\"@sunoresearch\" \/>\n<meta name=\"twitter:label1\" content=\"Escrito por\" \/>\n\t<meta name=\"twitter:data1\" content=\"Monique Lima\" \/>\n\t<meta name=\"twitter:label2\" content=\"Est. tempo de leitura\" \/>\n\t<meta name=\"twitter:data2\" content=\"3 minutos\" \/>\n<script type=\"application\/ld+json\" class=\"yoast-schema-graph\">{\"@context\":\"https:\/\/schema.org\",\"@graph\":[{\"@type\":\"NewsArticle\",\"@id\":\"https:\/\/www.suno.com.br\/noticias\/ata-do-copom-1-5-selic\/#article\",\"isPartOf\":{\"@id\":\"https:\/\/www.suno.com.br\/noticias\/ata-do-copom-1-5-selic\/\"},\"author\":{\"name\":\"Monique Lima\",\"@id\":\"https:\/\/www.suno.com.br\/noticias\/#\/schema\/person\/d712329319cc9b10f254d02d654cb36a\"},\"headline\":\"Ata do Copom indica que Comit\u00ea considerou alta superior a 1,5 p.p. na Selic\",\"datePublished\":\"2021-11-03T11:45:31+00:00\",\"dateModified\":\"2021-11-03T19:11:43+00:00\",\"mainEntityOfPage\":{\"@id\":\"https:\/\/www.suno.com.br\/noticias\/ata-do-copom-1-5-selic\/\"},\"wordCount\":564,\"publisher\":{\"@id\":\"https:\/\/www.suno.com.br\/noticias\/#organization\"},\"image\":{\"@id\":\"https:\/\/www.suno.com.br\/noticias\/ata-do-copom-1-5-selic\/#primaryimage\"},\"thumbnailUrl\":\"https:\/\/files.sunoresearch.com.br\/n\/uploads\/2021\/11\/banco_central_sede-scaled.jpg\",\"keywords\":[\"Copom\",\"taxa de juros\",\"Taxa Selic\"],\"articleSection\":[\"Mercado\"],\"inLanguage\":\"pt-BR\"},{\"@type\":\"WebPage\",\"@id\":\"https:\/\/www.suno.com.br\/noticias\/ata-do-copom-1-5-selic\/\",\"url\":\"https:\/\/www.suno.com.br\/noticias\/ata-do-copom-1-5-selic\/\",\"name\":\"Copom deve anunciar novo aumento de 1,5 ponto na Selic, diz ata\",\"isPartOf\":{\"@id\":\"https:\/\/www.suno.com.br\/noticias\/#website\"},\"primaryImageOfPage\":{\"@id\":\"https:\/\/www.suno.com.br\/noticias\/ata-do-copom-1-5-selic\/#primaryimage\"},\"image\":{\"@id\":\"https:\/\/www.suno.com.br\/noticias\/ata-do-copom-1-5-selic\/#primaryimage\"},\"thumbnailUrl\":\"https:\/\/files.sunoresearch.com.br\/n\/uploads\/2021\/11\/banco_central_sede-scaled.jpg\",\"datePublished\":\"2021-11-03T11:45:31+00:00\",\"dateModified\":\"2021-11-03T19:11:43+00:00\",\"description\":\"Copom indica que considerou aumentar mais de 1,5 p.p. a taxa Selic em \u00faltima reuni\u00e3o. Veja detalhes do documento divulgado hoje aqui.\",\"breadcrumb\":{\"@id\":\"https:\/\/www.suno.com.br\/noticias\/ata-do-copom-1-5-selic\/#breadcrumb\"},\"inLanguage\":\"pt-BR\",\"potentialAction\":[{\"@type\":\"ReadAction\",\"target\":[\"https:\/\/www.suno.com.br\/noticias\/ata-do-copom-1-5-selic\/\"]}]},{\"@type\":\"ImageObject\",\"inLanguage\":\"pt-BR\",\"@id\":\"https:\/\/www.suno.com.br\/noticias\/ata-do-copom-1-5-selic\/#primaryimage\",\"url\":\"https:\/\/files.sunoresearch.com.br\/n\/uploads\/2021\/11\/banco_central_sede-scaled.jpg\",\"contentUrl\":\"https:\/\/files.sunoresearch.com.br\/n\/uploads\/2021\/11\/banco_central_sede-scaled.jpg\",\"width\":2560,\"height\":1704,\"caption\":\"Ata do Copom. Foto: Marcello Casal Jr.\/Ag\u00eancia Brasil\"},{\"@type\":\"BreadcrumbList\",\"@id\":\"https:\/\/www.suno.com.br\/noticias\/ata-do-copom-1-5-selic\/#breadcrumb\",\"itemListElement\":[{\"@type\":\"ListItem\",\"position\":1,\"name\":\"Not\u00edcias\",\"item\":\"https:\/\/www.suno.com.br\/noticias\/\"},{\"@type\":\"ListItem\",\"position\":2,\"name\":\"Mercado\",\"item\":\"https:\/\/www.suno.com.br\/noticias\/mercado\/\"},{\"@type\":\"ListItem\",\"position\":3,\"name\":\"Ata do Copom indica que Comit\u00ea considerou alta superior a 1,5 p.p. na Selic\"}]},{\"@type\":\"WebSite\",\"@id\":\"https:\/\/www.suno.com.br\/noticias\/#website\",\"url\":\"https:\/\/www.suno.com.br\/noticias\/\",\"name\":\"Suno Not\u00edcias\",\"description\":\"Seu portal de informa\u00e7\u00e3o sobre o mundo dos investimentos\",\"publisher\":{\"@id\":\"https:\/\/www.suno.com.br\/noticias\/#organization\"},\"potentialAction\":[{\"@type\":\"SearchAction\",\"target\":{\"@type\":\"EntryPoint\",\"urlTemplate\":\"https:\/\/www.suno.com.br\/noticias\/?s={search_term_string}\"},\"query-input\":{\"@type\":\"PropertyValueSpecification\",\"valueRequired\":true,\"valueName\":\"search_term_string\"}}],\"inLanguage\":\"pt-BR\"},{\"@type\":\"Organization\",\"@id\":\"https:\/\/www.suno.com.br\/noticias\/#organization\",\"name\":\"Suno Not\u00edcias\",\"url\":\"https:\/\/www.suno.com.br\/noticias\/\",\"logo\":{\"@type\":\"ImageObject\",\"inLanguage\":\"pt-BR\",\"@id\":\"https:\/\/www.suno.com.br\/noticias\/#\/schema\/logo\/image\/\",\"url\":\"https:\/\/files.sunoresearch.com.br\/n\/uploads\/2021\/09\/suno-logo.png\",\"contentUrl\":\"https:\/\/files.sunoresearch.com.br\/n\/uploads\/2021\/09\/suno-logo.png\",\"width\":180,\"height\":180,\"caption\":\"Suno Not\u00edcias\"},\"image\":{\"@id\":\"https:\/\/www.suno.com.br\/noticias\/#\/schema\/logo\/image\/\"},\"sameAs\":[\"https:\/\/facebook.com\/sunoresearch\",\"https:\/\/x.com\/sunoresearch\",\"https:\/\/www.instagram.com\/suno\",\"https:\/\/www.linkedin.com\/company\/suno-research\/\",\"https:\/\/www.youtube.com\/c\/sunoresearch\"]},{\"@type\":\"Person\",\"@id\":\"https:\/\/www.suno.com.br\/noticias\/#\/schema\/person\/d712329319cc9b10f254d02d654cb36a\",\"name\":\"Monique Lima\",\"image\":{\"@type\":\"ImageObject\",\"inLanguage\":\"pt-BR\",\"@id\":\"https:\/\/www.suno.com.br\/noticias\/#\/schema\/person\/image\/\",\"url\":\"https:\/\/secure.gravatar.com\/avatar\/daee7f16d906c2e9ffed236206ca2c30?s=96&r=g\",\"contentUrl\":\"https:\/\/secure.gravatar.com\/avatar\/daee7f16d906c2e9ffed236206ca2c30?s=96&r=g\",\"caption\":\"Monique Lima\"},\"description\":\"Rep\u00f3rter de Mercado no Suno Not\u00edcias, \u00e9 jornalista com experi\u00eancia na cobertura de economia, empreendedorismo, finan\u00e7as pessoais, mercado financeiro, carreira e recursos humanos. Formada em Jornalismo pela Universidade Paulista, teve experi\u00eancias em ve\u00edculos de comunica\u00e7\u00e3o como a Ag\u00eancia TradeMap, Revista Voc\u00ea S\/A e Revista Voc\u00ea RH, as duas \u00faltimas publica\u00e7\u00f5es da Editora Abril. No Suno Not\u00edcias, fala sobre as principais not\u00edcias de Fundos Imobili\u00e1rios, Fiagro, Startups e empresas listadas na Bolsa.\",\"url\":\"https:\/\/www.suno.com.br\/noticias\/author\/monique-lima\/\"}]}<\/script>\n<!-- \/ Yoast SEO plugin. -->","yoast_head_json":{"title":"Copom deve anunciar novo aumento de 1,5 ponto na Selic, diz ata","description":"Copom indica que considerou aumentar mais de 1,5 p.p. a taxa Selic em \u00faltima reuni\u00e3o. Veja detalhes do documento divulgado hoje aqui.","robots":{"index":"index","follow":"follow","max-snippet":"max-snippet:-1","max-image-preview":"max-image-preview:large","max-video-preview":"max-video-preview:-1"},"canonical":"https:\/\/www.suno.com.br\/noticias\/ata-do-copom-1-5-selic\/","og_locale":"pt_BR","og_type":"article","og_title":"Copom deve anunciar novo aumento de 1,5 ponto na Selic, diz ata","og_description":"Copom indica que considerou aumentar mais de 1,5 p.p. a taxa Selic em \u00faltima reuni\u00e3o. Veja detalhes do documento divulgado hoje aqui.","og_url":"https:\/\/www.suno.com.br\/noticias\/ata-do-copom-1-5-selic\/","og_site_name":"Suno Not\u00edcias","article_publisher":"https:\/\/facebook.com\/sunoresearch","og_image":[{"width":2560,"height":1704,"url":"https:\/\/files.sunoresearch.com.br\/n\/uploads\/2021\/11\/banco_central_sede-scaled.jpg","type":"image\/jpeg"}],"author":"Monique Lima","twitter_card":"summary_large_image","twitter_creator":"@sunoresearch","twitter_site":"@sunoresearch","twitter_misc":{"Escrito por":"Monique Lima","Est. tempo de leitura":"3 minutos"},"schema":{"@context":"https:\/\/schema.org","@graph":[{"@type":"NewsArticle","@id":"https:\/\/www.suno.com.br\/noticias\/ata-do-copom-1-5-selic\/#article","isPartOf":{"@id":"https:\/\/www.suno.com.br\/noticias\/ata-do-copom-1-5-selic\/"},"author":{"name":"Monique Lima","@id":"https:\/\/www.suno.com.br\/noticias\/#\/schema\/person\/d712329319cc9b10f254d02d654cb36a"},"headline":"Ata do Copom indica que Comit\u00ea considerou alta superior a 1,5 p.p. na Selic","datePublished":"2021-11-03T11:45:31+00:00","dateModified":"2021-11-03T19:11:43+00:00","mainEntityOfPage":{"@id":"https:\/\/www.suno.com.br\/noticias\/ata-do-copom-1-5-selic\/"},"wordCount":564,"publisher":{"@id":"https:\/\/www.suno.com.br\/noticias\/#organization"},"image":{"@id":"https:\/\/www.suno.com.br\/noticias\/ata-do-copom-1-5-selic\/#primaryimage"},"thumbnailUrl":"https:\/\/files.sunoresearch.com.br\/n\/uploads\/2021\/11\/banco_central_sede-scaled.jpg","keywords":["Copom","taxa de juros","Taxa Selic"],"articleSection":["Mercado"],"inLanguage":"pt-BR"},{"@type":"WebPage","@id":"https:\/\/www.suno.com.br\/noticias\/ata-do-copom-1-5-selic\/","url":"https:\/\/www.suno.com.br\/noticias\/ata-do-copom-1-5-selic\/","name":"Copom deve anunciar novo aumento de 1,5 ponto na Selic, diz ata","isPartOf":{"@id":"https:\/\/www.suno.com.br\/noticias\/#website"},"primaryImageOfPage":{"@id":"https:\/\/www.suno.com.br\/noticias\/ata-do-copom-1-5-selic\/#primaryimage"},"image":{"@id":"https:\/\/www.suno.com.br\/noticias\/ata-do-copom-1-5-selic\/#primaryimage"},"thumbnailUrl":"https:\/\/files.sunoresearch.com.br\/n\/uploads\/2021\/11\/banco_central_sede-scaled.jpg","datePublished":"2021-11-03T11:45:31+00:00","dateModified":"2021-11-03T19:11:43+00:00","description":"Copom indica que considerou aumentar mais de 1,5 p.p. a taxa Selic em \u00faltima reuni\u00e3o. Veja detalhes do documento divulgado hoje aqui.","breadcrumb":{"@id":"https:\/\/www.suno.com.br\/noticias\/ata-do-copom-1-5-selic\/#breadcrumb"},"inLanguage":"pt-BR","potentialAction":[{"@type":"ReadAction","target":["https:\/\/www.suno.com.br\/noticias\/ata-do-copom-1-5-selic\/"]}]},{"@type":"ImageObject","inLanguage":"pt-BR","@id":"https:\/\/www.suno.com.br\/noticias\/ata-do-copom-1-5-selic\/#primaryimage","url":"https:\/\/files.sunoresearch.com.br\/n\/uploads\/2021\/11\/banco_central_sede-scaled.jpg","contentUrl":"https:\/\/files.sunoresearch.com.br\/n\/uploads\/2021\/11\/banco_central_sede-scaled.jpg","width":2560,"height":1704,"caption":"Ata do Copom. Foto: Marcello Casal Jr.\/Ag\u00eancia Brasil"},{"@type":"BreadcrumbList","@id":"https:\/\/www.suno.com.br\/noticias\/ata-do-copom-1-5-selic\/#breadcrumb","itemListElement":[{"@type":"ListItem","position":1,"name":"Not\u00edcias","item":"https:\/\/www.suno.com.br\/noticias\/"},{"@type":"ListItem","position":2,"name":"Mercado","item":"https:\/\/www.suno.com.br\/noticias\/mercado\/"},{"@type":"ListItem","position":3,"name":"Ata do Copom indica que Comit\u00ea considerou alta superior a 1,5 p.p. na Selic"}]},{"@type":"WebSite","@id":"https:\/\/www.suno.com.br\/noticias\/#website","url":"https:\/\/www.suno.com.br\/noticias\/","name":"Suno Not\u00edcias","description":"Seu portal de informa\u00e7\u00e3o sobre o mundo dos investimentos","publisher":{"@id":"https:\/\/www.suno.com.br\/noticias\/#organization"},"potentialAction":[{"@type":"SearchAction","target":{"@type":"EntryPoint","urlTemplate":"https:\/\/www.suno.com.br\/noticias\/?s={search_term_string}"},"query-input":{"@type":"PropertyValueSpecification","valueRequired":true,"valueName":"search_term_string"}}],"inLanguage":"pt-BR"},{"@type":"Organization","@id":"https:\/\/www.suno.com.br\/noticias\/#organization","name":"Suno Not\u00edcias","url":"https:\/\/www.suno.com.br\/noticias\/","logo":{"@type":"ImageObject","inLanguage":"pt-BR","@id":"https:\/\/www.suno.com.br\/noticias\/#\/schema\/logo\/image\/","url":"https:\/\/files.sunoresearch.com.br\/n\/uploads\/2021\/09\/suno-logo.png","contentUrl":"https:\/\/files.sunoresearch.com.br\/n\/uploads\/2021\/09\/suno-logo.png","width":180,"height":180,"caption":"Suno Not\u00edcias"},"image":{"@id":"https:\/\/www.suno.com.br\/noticias\/#\/schema\/logo\/image\/"},"sameAs":["https:\/\/facebook.com\/sunoresearch","https:\/\/x.com\/sunoresearch","https:\/\/www.instagram.com\/suno","https:\/\/www.linkedin.com\/company\/suno-research\/","https:\/\/www.youtube.com\/c\/sunoresearch"]},{"@type":"Person","@id":"https:\/\/www.suno.com.br\/noticias\/#\/schema\/person\/d712329319cc9b10f254d02d654cb36a","name":"Monique Lima","image":{"@type":"ImageObject","inLanguage":"pt-BR","@id":"https:\/\/www.suno.com.br\/noticias\/#\/schema\/person\/image\/","url":"https:\/\/secure.gravatar.com\/avatar\/daee7f16d906c2e9ffed236206ca2c30?s=96&r=g","contentUrl":"https:\/\/secure.gravatar.com\/avatar\/daee7f16d906c2e9ffed236206ca2c30?s=96&r=g","caption":"Monique Lima"},"description":"Rep\u00f3rter de Mercado no Suno Not\u00edcias, \u00e9 jornalista com experi\u00eancia na cobertura de economia, empreendedorismo, finan\u00e7as pessoais, mercado financeiro, carreira e recursos humanos. Formada em Jornalismo pela Universidade Paulista, teve experi\u00eancias em ve\u00edculos de comunica\u00e7\u00e3o como a Ag\u00eancia TradeMap, Revista Voc\u00ea S\/A e Revista Voc\u00ea RH, as duas \u00faltimas publica\u00e7\u00f5es da Editora Abril. No Suno Not\u00edcias, fala sobre as principais not\u00edcias de Fundos Imobili\u00e1rios, Fiagro, Startups e empresas listadas na Bolsa.","url":"https:\/\/www.suno.com.br\/noticias\/author\/monique-lima\/"}]}},"default_loop_html":"<div class=\"cardsPage__listCard__boxs\"><div class=\"cardsPage__listCard__boxs__img\"><a href=\"https:\/\/www.suno.com.br\/noticias\/ata-do-copom-1-5-selic\/\"><img class=\"mask\" src=\"https:\/\/www.suno.com.br\/noticias\/wp-content\/themes\/suno\/resources\/images\/spotlight\/spotlight1img\/bg-mask.png\" alt=\"Image Mask\"\/><img src=\"https:\/\/files.sunoresearch.com.br\/n\/uploads\/2021\/11\/banco_central_sede-400x200.jpg\" alt=\"Ata do Copom indica que Comit\u00ea considerou alta superior a 1,5 p.p. na Selic\"\/><\/a><span class=\"spotlightCategory\"><a href=\"https:\/\/www.suno.com.br\/noticias\/mercado\/\">Mercado<\/a><\/span><\/div><div class=\"cardsPage__listCard__boxs__content\"><a href=\"https:\/\/www.suno.com.br\/noticias\/ata-do-copom-1-5-selic\/\"><h2 class=\"content__title\">Ata do Copom indica que Comit\u00ea considerou alta superior a 1,5 p.p. na Selic<\/h2><\/a><div class=\"newsContent__article__meta\"><div class=\"newsContent__article__meta__authorBox\"><a href=\"https:\/\/www.suno.com.br\/noticias\/author\/monique-lima\/\" class=\"authorBox__avatar noMobi\"><img src=\"https:\/\/secure.gravatar.com\/avatar\/daee7f16d906c2e9ffed236206ca2c30?s=96&#038;r=g\" alt=\"Monique Lima\"><\/a><div class=\"authorBox__name\"><span>por\n\t\t\t<a href=\"https:\/\/www.suno.com.br\/noticias\/author\/monique-lima\/\"><span itemprop=\"author\">Monique Lima<\/span><\/a><\/span><time datetime=\"2021-11-03T08:45:31-03:00\" itemprop=\"datePublished\">03\/11\/2021 08:45<\/time><\/div><\/div><\/div><\/div><\/div>","single_layout":"posts","amp_enabled":true,"_links":{"self":[{"href":"https:\/\/www.suno.com.br\/noticias\/wp-json\/wp\/v2\/posts\/200397"}],"collection":[{"href":"https:\/\/www.suno.com.br\/noticias\/wp-json\/wp\/v2\/posts"}],"about":[{"href":"https:\/\/www.suno.com.br\/noticias\/wp-json\/wp\/v2\/types\/post"}],"author":[{"embeddable":true,"href":"https:\/\/www.suno.com.br\/noticias\/wp-json\/wp\/v2\/users\/102"}],"replies":[{"embeddable":true,"href":"https:\/\/www.suno.com.br\/noticias\/wp-json\/wp\/v2\/comments?post=200397"}],"version-history":[{"count":3,"href":"https:\/\/www.suno.com.br\/noticias\/wp-json\/wp\/v2\/posts\/200397\/revisions"}],"predecessor-version":[{"id":200801,"href":"https:\/\/www.suno.com.br\/noticias\/wp-json\/wp\/v2\/posts\/200397\/revisions\/200801"}],"wp:featuredmedia":[{"embeddable":true,"href":"https:\/\/www.suno.com.br\/noticias\/wp-json\/wp\/v2\/media\/200420"}],"wp:attachment":[{"href":"https:\/\/www.suno.com.br\/noticias\/wp-json\/wp\/v2\/media?parent=200397"}],"wp:term":[{"taxonomy":"category","embeddable":true,"href":"https:\/\/www.suno.com.br\/noticias\/wp-json\/wp\/v2\/categories?post=200397"},{"taxonomy":"post_tag","embeddable":true,"href":"https:\/\/www.suno.com.br\/noticias\/wp-json\/wp\/v2\/tags?post=200397"},{"taxonomy":"suno_strategy","embeddable":true,"href":"https:\/\/www.suno.com.br\/noticias\/wp-json\/wp\/v2\/suno_strategy?post=200397"}],"curies":[{"name":"wp","href":"https:\/\/api.w.org\/{rel}","templated":true}]}}