{"id":200371,"date":"2021-11-02T19:23:48","date_gmt":"2021-11-02T22:23:48","guid":{"rendered":"https:\/\/www.suno.com.br\/noticias\/?p=200371"},"modified":"2021-11-02T19:23:48","modified_gmt":"2021-11-02T22:23:48","slug":"cop26-lideres-mundiais-prometem-conter-desmatamento-2030","status":"publish","type":"post","link":"https:\/\/www.suno.com.br\/noticias\/cop26-lideres-mundiais-prometem-conter-desmatamento-2030\/","title":{"rendered":"COP26: l\u00edderes mundiais anunciam promessa de frear desmatamento at\u00e9 2030"},"content":{"rendered":"<p>Os l\u00edderes mundiais decidiram se comprometer, na C\u00fapula do Clima das Na\u00e7\u00f5es Unidas (<strong>COP-26<\/strong>), a frear o desflorestamento at\u00e9 2030. Uma declara\u00e7\u00e3o conjunta ser\u00e1 adotada por mais de 100 pa\u00edses onde se situam 85% das florestas mundiais, entre elas a floresta boreal do Canad\u00e1, a Floresta Amaz\u00f4nica ou ainda a floresta tropical da bacia do Congo.<\/p>\t<div class=\"wrapper-featured-image\">\n\t\t<figure class=\"spotlightImg\">\n\n\t\t\t<picture>\n\t\t\t\t<source media=\"(max-width: 768px)\" srcset=\"https:\/\/files.sunoresearch.com.br\/n\/uploads\/2021\/11\/photo-1593069567131-53a0614dde1d-400x200.jpg\">\n\t\t\t\t<img loading=\"lazy\" decoding=\"async\" class=\"newsContent__article__imgCapa lazyloadDisabled \" src=\"https:\/\/files.sunoresearch.com.br\/n\/uploads\/2021\/11\/photo-1593069567131-53a0614dde1d-800x450.jpg\" width=\"800\" height=\"450\" alt=\"COP26: l\u00edderes mundiais anunciam promessa de frear desmatamento at\u00e9 2030\" fetchpriority=high \/>\n\t\t\t<\/picture>\n\n\t\t\t<figcaption class=\"wp-caption-text wp-caption-text--show\">Governo abre consulta sobre certifica\u00e7\u00e3o verde de produtos da Amaz\u00f4nia. Foto: Vlad Hilitanu\/Unsplash<\/figcaption>\n\t\t<\/figure>\n\t<\/div>\n\n\n\t<p>\n\t\t<a href=\"https:\/\/lp.suno.com.br\/planilha-controle-gastos\/\" target=\"_blank\" data-element=\"shortcode-suno-banner\" title=\"Banner SUNO, clique e saiba mais\">\n\t\t\t<picture>\n\t\t\t\t<source media=\"(max-width: 500px)\" srcset=\"https:\/\/files.sunoresearch.com.br\/n\/uploads\/2023\/03\/400x300-Planilha-controle-de-gastos.png\">\n\t\t\t\t<img class=\"newsContent__article__imgCapa newsContent__article__imgCapa--banner\"\n\t\t\t\t\tsrc=\"https:\/\/files.sunoresearch.com.br\/n\/uploads\/2023\/03\/1420x240-Planilha-controle-de-gastos.png\"\n\t\t\t\t\tdata-promo-id=\"101751\"\t\t\t\t\t\t\t\t\t\twidth='1420' height='240'\t\t\t\t\talt=\"https:\/\/files.sunoresearch.com.br\/n\/uploads\/2023\/03\/1420x240-Planilha-controle-de-gastos.png\"\n\t\t\t\t>\n\t\t\t<\/picture>\n\t\t<\/a>\n\t<\/p>\n\n\n<p>O <strong>acordo na C\u00fapula do Clima<\/strong> foi anunciado antecipadamente pelo governo brit\u00e2nico, anfitri\u00e3o do encontro. Os ambientalistas consideram que lhe falta a urg\u00eancia necess\u00e1ria.<\/p>\n<p>A iniciativa, que se beneficiar\u00e1 de um financiamento p\u00fablico e privado de US$ 19,2 bilh\u00f5es, \u00e9 essencial para alcan\u00e7ar o objetivo de limitar o aquecimento global a 1,5 grau Celsius acima dos valores m\u00e9dios da era pr\u00e9-industrial, disse o primeiro-ministro brit\u00e2nico, <strong>Boris Johnson<\/strong>.<\/p>\n<p>&#8220;Esses formid\u00e1veis ecossistemas abundantes &#8211; essas catedrais da natureza, os pulm\u00f5es do nosso planeta &#8211; est\u00e3o no centro da vida de comunidades ao absorver grande parte do carbono liberado na atmosfera\u201d, defendeu Johnson.<\/p>\n<p>As florestas est\u00e3o recuando ao &#8220;ritmo alarmante&#8221; de 27 est\u00e1dios de futebol por minuto. O primeiro-ministro considera o acordo hist\u00f3rico para a prote\u00e7\u00e3o e recupera\u00e7\u00e3o das florestas mundiais\u201d.<\/p>\n\t<p>\n\t\t<a href=\"\" target=\"_blank\" data-element=\"shortcode-suno-banner\" title=\"Banner SUNO, clique e saiba mais\">\n\t\t\t<picture>\n\t\t\t\t<source media=\"(max-width: 500px)\" srcset=\"\">\n\t\t\t\t<img class=\"newsContent__article__imgCapa newsContent__article__imgCapa--banner\"\n\t\t\t\t\tsrc=\"\"\n\t\t\t\t\tdata-promo-id=\"77053\"\t\t\t\t\t\t\t\t\t\t\t\t\t\t\talt=\"\"\n\t\t\t\t>\n\t\t\t<\/picture>\n\t\t<\/a>\n\t<\/p>\n\n\n<p>Boris Johnson afirmou que n\u00e3o s\u00e3o apenas pa\u00edses que se juntaram a esse compromisso, que tamb\u00e9m abrange o setor privado. Acrescentou que \u00e9 uma \u201coportunidade sem paralelo para a cria\u00e7\u00e3o de empregos\u201d.<\/p>\n<p>O compromisso \u00e9 classificado como &#8220;sem precedentes&#8221;.<\/p>\n<p>O evento A\u00e7\u00e3o sobre Florestas e Uso da Terra, do qual participaram a c\u00fapula de l\u00edderes mundiais da COP26 reuniu uma alian\u00e7a sem precedentes de governos, empresas, atores financeiros e l\u00edderes n\u00e3o estatais para aumentar a ambi\u00e7\u00e3o sobre as florestas e o uso da terra.<\/p>\n<p>Doze pa\u00edses doadores comprometem-se com um novo Compromisso de Financiamento Florestal Global. O objetivo \u00e9 apoiar a\u00e7\u00f5es em pa\u00edses em desenvolvimento, incluindo a restaura\u00e7\u00e3o de terras degradadas, combate a inc\u00eandios florestais e promo\u00e7\u00e3o dos direitos dos povos ind\u00edgenas e das comunidades locais.<\/p>\n<p>Entre os signat\u00e1rios do compromisso na Cop-26, est\u00e3o o Brasil e a R\u00fassia, pa\u00edses acusados da acelera\u00e7\u00e3o da desfloresta\u00e7\u00e3o nos seus territ\u00f3rios, bem como os Estados Unidos, a China, a Austr\u00e1lia e a Fran\u00e7a.<\/p>\n\t<p>\n\t\t<a href=\"\" target=\"_blank\" data-element=\"shortcode-suno-banner\" title=\"Banner SUNO, clique e saiba mais\">\n\t\t\t<picture>\n\t\t\t\t<source media=\"(max-width: 500px)\" srcset=\"\">\n\t\t\t\t<img class=\"newsContent__article__imgCapa newsContent__article__imgCapa--banner\"\n\t\t\t\t\tsrc=\"\"\n\t\t\t\t\tdata-promo-id=\"89005\"\t\t\t\t\t\t\t\t\t\t\t\t\t\t\talt=\"\"\n\t\t\t\t>\n\t\t\t<\/picture>\n\t\t<\/a>\n\t<\/p>\n\n\n<p>Numa das sess\u00f5es de hoje da 26\u00aa Confer\u00eancia das Partes da Conven\u00e7\u00e3o-Quadro das Na\u00e7\u00f5es Unidas sobre Altera\u00e7\u00f5es Clim\u00e1ticas (COP26), os dirigentes de mais de 30 <a class=\"suno-keyword\" href=\"https:\/\/www.suno.com.br\/artigos\/instituicoes-financeiras\/\" target=\"_blank\" rel=\"noopener\" data-force=\"no\" data-priority=\"1\">institui\u00e7\u00f5es financeiras<\/a> ir\u00e3o tamb\u00e9m comprometer-se a n\u00e3o investir mais em atividades ligadas \u00e0 desfloresta\u00e7\u00e3o, segundo o comunicado de Downing Street.<\/p>\n<p>Atualmente, quase um quarto (23%) das emiss\u00f5es mundiais de gases com efeito de estufa prov\u00e9m de atividades como a agricultura e a ind\u00fastria madeireira.<\/p>\n<h2>COP-26: Greenpeace diz que metas est\u00e3o longe da urg\u00eancia<\/h2>\n<p>Esse novo compromisso faz eco da Declara\u00e7\u00e3o de Nova York sobre as Florestas, de 2014, quando muitos pa\u00edses se comprometeram a reduzir para metade a desfloresta\u00e7\u00e3o em 2020 e a p\u00f4r-lhe fim em 2030.<\/p>\n<p>Para organiza\u00e7\u00f5es n\u00e3o governamentais (ONG) como o Greenpeace, o objetivo de 2030 est\u00e1 demasiado distante no tempo e d\u00e1, assim, &#8216;luz verde&#8217; a &#8220;mais uma d\u00e9cada de desfloresta\u00e7\u00e3o&#8221;.<\/p>\n<p>Os especialistas alertam que o acordo anterior, de 2014, \u201cfalhou no compromisso de desacelerar\u201d a desfloresta\u00e7\u00e3o.<\/p>\n<p>Embora saudando esses an\u00fancios, Tuntiak Katan, da Coordena\u00e7\u00e3o das Organiza\u00e7\u00f5es Ind\u00edgenas da Bacia da Amaz\u00f4nia (Coica), indicou que a forma como as verbas alocadas a esse objetivo ser\u00e3o efetivamente gastas ser\u00e1 monitorada de perto.<\/p>\n<h2>OCDE e AIE: alta em pre\u00e7os de energia refor\u00e7a necessidade de transi\u00e7\u00e3o limpa<\/h2>\n<p>A Organiza\u00e7\u00e3o para Coopera\u00e7\u00e3o e <a class=\"suno-keyword\" href=\"https:\/\/www.suno.com.br\/artigos\/desenvolvimento-economico\/\" target=\"_blank\" rel=\"noopener\" data-force=\"no\" data-priority=\"1\">Desenvolvimento Econ\u00f4mico<\/a> (OCDE) e a Ag\u00eancia Internacional de Energia (AIE) argumentam em comunicado que o &#8220;salto&#8221; recente nos pre\u00e7os de energia refor\u00e7a a necessidade de transi\u00e7\u00f5es para uma energia mais verde, em vez de se subsidiar combust\u00edveis f\u00f3sseis. As entidades argumentam que os pa\u00edses devem resistir a que os governos elevem o apoio a esses combust\u00edveis.<\/p>\n<p>Em vez de apoiar combust\u00edveis f\u00f3sseis, as na\u00e7\u00f5es devem levar em conta a amea\u00e7a das mudan\u00e7as clim\u00e1ticas e a necessidade de uma &#8220;recupera\u00e7\u00e3o verde&#8221;, acelerando investimentos em infraestrutura de energia sustent\u00e1vel e na cria\u00e7\u00e3o de empregos verdes.<\/p>\n<p>As entidades lembram de um compromisso de 2009 do G20 para reduzir gradualmente os subs\u00eddios com combust\u00edveis f\u00f3sseis. Grandes economias, por\u00e9m, continuam a apoiar a produ\u00e7\u00e3o e o consumo de carv\u00e3o, petr\u00f3leo e g\u00e1s natural com centenas de bilh\u00f5es de d\u00f3lares ao ano, destacam.<\/p>\n<p>Dados da OCDE e da AIE mostram que o apoio em geral dos governos aos combust\u00edveis f\u00f3sseis diminuiu em 2020, mas isso em grande parte gra\u00e7as \u00e0 queda na demanda por causa da pandemia da covid-19.<\/p>\n<p>No quadro atual de pre\u00e7os de energia mais altos e retomada na atividade, \u00e9 de se esperar que aumentem esses subs\u00eddios em 2021, advertem elas.<\/p>\n<h2><strong>COP-26: e<\/strong>mpresas se comprometem com US$ 3 bi para gado e soja livre de desmatamento<\/h2>\n<p>Oito institui\u00e7\u00f5es financeiras e empresas do agroneg\u00f3cio anunciaram um compromisso de US$ 3 bilh\u00f5es para a produ\u00e7\u00e3o de soja e gado livre de desmatamento e convers\u00e3o de habitats naturais na Am\u00e9rica do Sul, informou em nota a ONG The Nature Conservancy. O acordo prev\u00ea ainda US$ 200 milh\u00f5es em desembolsos at\u00e9 2022.<\/p>\n<p>&#8220;Os compromissos feitos por essas entidades privadas ir\u00e1 acelerar o fluxo de capital para os agricultores, viabilizando a transi\u00e7\u00e3o para modelos de neg\u00f3cios mais sustent\u00e1veis, incluindo a expans\u00e3o da produ\u00e7\u00e3o em pastagens degradadas e aumento da produtividade &#8211; por exemplo, por meio da intensifica\u00e7\u00e3o sustent\u00e1vel da pecu\u00e1ria&#8221;, avalia a TNC na nota.<\/p>\n<p>As empresas tamb\u00e9m assinaram a declara\u00e7\u00e3o de lan\u00e7amento da iniciativa Inova\u00e7\u00e3o Financeira para a Amaz\u00f4nia, Cerrado e Chaco (IFACC), se tornando as primeiras signat\u00e1rias da iniciativa, com objetivo de tornar a produ\u00e7\u00e3o de commodities da regi\u00e3o para um modelo mais sustent\u00e1vel.<\/p>\n<p>A meta do IFACC \u00e9 atingir US$ 10 bilh\u00f5es em compromissos e US$ 1 bilh\u00e3o em desembolsos, at\u00e9 2025.<\/p>\n<p>Segundo a TNC, as empresas &amp;Green Fund, AGRI3, DuAgro, Grupo Gaia, JGP Asset Management, Syngenta, Sustainable Investment Management e VERT anunciaram seus compromissos financeiros na C\u00fapula dos L\u00edderes Mundiais dentro da 26\u00aa Confer\u00eancia das Na\u00e7\u00f5es Unidas sobre as Mudan\u00e7as Clim\u00e1ticas (<strong>COP-26<\/strong>), que iniciou no domingo em Glasgow, Esc\u00f3cia.<\/p>\n<p><em>(Com Ag\u00eancia Brasil e Estad\u00e3o Conte\u00fado)<\/em><\/p>\n\t<p>\n\t\t<a href=\"https:\/\/lp.suno.com.br\/planilha-de-controle-de-investimentos\/\" target=\"_blank\" data-element=\"shortcode-suno-banner\" title=\"Banner SUNO, clique e saiba mais\">\n\t\t\t<picture>\n\t\t\t\t<source media=\"(max-width: 500px)\" srcset=\"https:\/\/files.sunoresearch.com.br\/n\/uploads\/2023\/03\/400x300-Controle-de-Investimentos.png\">\n\t\t\t\t<img class=\"newsContent__article__imgCapa newsContent__article__imgCapa--banner\"\n\t\t\t\t\tsrc=\"https:\/\/files.sunoresearch.com.br\/n\/uploads\/2023\/03\/1420x240-Controle-de-Investimentos.png\"\n\t\t\t\t\tdata-promo-id=\"75934\"\t\t\t\t\t\t\t\t\t\twidth='1420' height='240'\t\t\t\t\talt=\"https:\/\/files.sunoresearch.com.br\/n\/uploads\/2023\/03\/1420x240-Controle-de-Investimentos.png\"\n\t\t\t\t>\n\t\t\t<\/picture>\n\t\t<\/a>\n\t<\/p>\n\n\n<p>&nbsp;<\/p>\n","protected":false},"excerpt":{"rendered":"<p>Os l\u00edderes mundiais decidiram se comprometer, na C\u00fapula do Clima das Na\u00e7\u00f5es Unidas (COP-26), a frear o desflorestamento at\u00e9 2030. Uma declara\u00e7\u00e3o conjunta ser\u00e1 adotada por mais de 100 pa\u00edses onde se situam 85% das florestas mundiais, entre elas a floresta boreal do Canad\u00e1, a Floresta Amaz\u00f4nica ou ainda a floresta tropical da bacia do [&hellip;]<\/p>\n","protected":false},"author":98,"featured_media":200376,"comment_status":"closed","ping_status":"closed","sticky":false,"template":"","format":"standard","meta":[],"categories":[62],"tags":[],"suno_strategy":[],"class_list":["post-200371","post","type-post","status-publish","format-standard","has-post-thumbnail","hentry","category-economia"],"yoast_head":"<!-- This site is optimized with the Yoast SEO plugin v24.4 - https:\/\/yoast.com\/wordpress\/plugins\/seo\/ -->\n<title>COP26: l\u00edderes mundiais anunciam promessa de frear desmatamento<\/title>\n<meta name=\"description\" content=\"COP-26): Os l\u00edderes mundiais decidiram se comprometer, na C\u00fapula do Clima das Na\u00e7\u00f5es Unidas, a frear o desflorestamento at\u00e9 2030. Veja mais\" \/>\n<meta name=\"robots\" content=\"index, follow, max-snippet:-1, max-image-preview:large, max-video-preview:-1\" \/>\n<link rel=\"canonical\" href=\"https:\/\/www.suno.com.br\/noticias\/cop26-lideres-mundiais-prometem-conter-desmatamento-2030\/\" \/>\n<meta property=\"og:locale\" content=\"pt_BR\" \/>\n<meta property=\"og:type\" content=\"article\" \/>\n<meta property=\"og:title\" content=\"COP26: l\u00edderes mundiais anunciam promessa de frear desmatamento\" \/>\n<meta property=\"og:description\" content=\"COP-26): Os l\u00edderes mundiais decidiram se comprometer, na C\u00fapula do Clima das Na\u00e7\u00f5es Unidas, a frear o desflorestamento at\u00e9 2030. Veja mais\" \/>\n<meta property=\"og:url\" content=\"https:\/\/www.suno.com.br\/noticias\/cop26-lideres-mundiais-prometem-conter-desmatamento-2030\/\" \/>\n<meta property=\"og:site_name\" content=\"Suno Not\u00edcias\" \/>\n<meta property=\"article:publisher\" content=\"https:\/\/facebook.com\/sunoresearch\" \/>\n<meta property=\"og:image\" content=\"https:\/\/files.sunoresearch.com.br\/n\/uploads\/2021\/11\/photo-1593069567131-53a0614dde1d.jpg\" \/>\n\t<meta property=\"og:image:width\" content=\"1332\" \/>\n\t<meta property=\"og:image:height\" content=\"749\" \/>\n\t<meta property=\"og:image:type\" content=\"image\/jpeg\" \/>\n<meta name=\"author\" content=\"Marco Ant\u00f4nio Lopes\" \/>\n<meta name=\"twitter:card\" content=\"summary_large_image\" \/>\n<meta name=\"twitter:creator\" content=\"@sunoresearch\" \/>\n<meta name=\"twitter:site\" content=\"@sunoresearch\" \/>\n<meta name=\"twitter:label1\" content=\"Escrito por\" \/>\n\t<meta name=\"twitter:data1\" content=\"Marco Ant\u00f4nio Lopes\" \/>\n\t<meta name=\"twitter:label2\" content=\"Est. tempo de leitura\" \/>\n\t<meta name=\"twitter:data2\" content=\"5 minutos\" \/>\n<script type=\"application\/ld+json\" class=\"yoast-schema-graph\">{\"@context\":\"https:\/\/schema.org\",\"@graph\":[{\"@type\":\"NewsArticle\",\"@id\":\"https:\/\/www.suno.com.br\/noticias\/cop26-lideres-mundiais-prometem-conter-desmatamento-2030\/#article\",\"isPartOf\":{\"@id\":\"https:\/\/www.suno.com.br\/noticias\/cop26-lideres-mundiais-prometem-conter-desmatamento-2030\/\"},\"author\":{\"name\":\"Marco Ant\u00f4nio Lopes\",\"@id\":\"https:\/\/www.suno.com.br\/noticias\/#\/schema\/person\/829bbe8d57f84333b966b96229c6bf5f\"},\"headline\":\"COP26: l\u00edderes mundiais anunciam promessa de frear desmatamento at\u00e9 2030\",\"datePublished\":\"2021-11-02T22:23:48+00:00\",\"mainEntityOfPage\":{\"@id\":\"https:\/\/www.suno.com.br\/noticias\/cop26-lideres-mundiais-prometem-conter-desmatamento-2030\/\"},\"wordCount\":1132,\"publisher\":{\"@id\":\"https:\/\/www.suno.com.br\/noticias\/#organization\"},\"image\":{\"@id\":\"https:\/\/www.suno.com.br\/noticias\/cop26-lideres-mundiais-prometem-conter-desmatamento-2030\/#primaryimage\"},\"thumbnailUrl\":\"https:\/\/files.sunoresearch.com.br\/n\/uploads\/2021\/11\/photo-1593069567131-53a0614dde1d.jpg\",\"articleSection\":[\"Economia\"],\"inLanguage\":\"pt-BR\"},{\"@type\":\"WebPage\",\"@id\":\"https:\/\/www.suno.com.br\/noticias\/cop26-lideres-mundiais-prometem-conter-desmatamento-2030\/\",\"url\":\"https:\/\/www.suno.com.br\/noticias\/cop26-lideres-mundiais-prometem-conter-desmatamento-2030\/\",\"name\":\"COP26: l\u00edderes mundiais anunciam promessa de frear desmatamento\",\"isPartOf\":{\"@id\":\"https:\/\/www.suno.com.br\/noticias\/#website\"},\"primaryImageOfPage\":{\"@id\":\"https:\/\/www.suno.com.br\/noticias\/cop26-lideres-mundiais-prometem-conter-desmatamento-2030\/#primaryimage\"},\"image\":{\"@id\":\"https:\/\/www.suno.com.br\/noticias\/cop26-lideres-mundiais-prometem-conter-desmatamento-2030\/#primaryimage\"},\"thumbnailUrl\":\"https:\/\/files.sunoresearch.com.br\/n\/uploads\/2021\/11\/photo-1593069567131-53a0614dde1d.jpg\",\"datePublished\":\"2021-11-02T22:23:48+00:00\",\"description\":\"COP-26): Os l\u00edderes mundiais decidiram se comprometer, na C\u00fapula do Clima das Na\u00e7\u00f5es Unidas, a frear o desflorestamento at\u00e9 2030. Veja mais\",\"breadcrumb\":{\"@id\":\"https:\/\/www.suno.com.br\/noticias\/cop26-lideres-mundiais-prometem-conter-desmatamento-2030\/#breadcrumb\"},\"inLanguage\":\"pt-BR\",\"potentialAction\":[{\"@type\":\"ReadAction\",\"target\":[\"https:\/\/www.suno.com.br\/noticias\/cop26-lideres-mundiais-prometem-conter-desmatamento-2030\/\"]}]},{\"@type\":\"ImageObject\",\"inLanguage\":\"pt-BR\",\"@id\":\"https:\/\/www.suno.com.br\/noticias\/cop26-lideres-mundiais-prometem-conter-desmatamento-2030\/#primaryimage\",\"url\":\"https:\/\/files.sunoresearch.com.br\/n\/uploads\/2021\/11\/photo-1593069567131-53a0614dde1d.jpg\",\"contentUrl\":\"https:\/\/files.sunoresearch.com.br\/n\/uploads\/2021\/11\/photo-1593069567131-53a0614dde1d.jpg\",\"width\":1332,\"height\":749,\"caption\":\"Governo abre consulta sobre certifica\u00e7\u00e3o verde de produtos da Amaz\u00f4nia. Foto: Vlad Hilitanu\/Unsplash\"},{\"@type\":\"BreadcrumbList\",\"@id\":\"https:\/\/www.suno.com.br\/noticias\/cop26-lideres-mundiais-prometem-conter-desmatamento-2030\/#breadcrumb\",\"itemListElement\":[{\"@type\":\"ListItem\",\"position\":1,\"name\":\"Not\u00edcias\",\"item\":\"https:\/\/www.suno.com.br\/noticias\/\"},{\"@type\":\"ListItem\",\"position\":2,\"name\":\"Economia\",\"item\":\"https:\/\/www.suno.com.br\/noticias\/economia\/\"},{\"@type\":\"ListItem\",\"position\":3,\"name\":\"COP26: l\u00edderes mundiais anunciam promessa de frear desmatamento at\u00e9 2030\"}]},{\"@type\":\"WebSite\",\"@id\":\"https:\/\/www.suno.com.br\/noticias\/#website\",\"url\":\"https:\/\/www.suno.com.br\/noticias\/\",\"name\":\"Suno Not\u00edcias\",\"description\":\"Seu portal de informa\u00e7\u00e3o sobre o mundo dos investimentos\",\"publisher\":{\"@id\":\"https:\/\/www.suno.com.br\/noticias\/#organization\"},\"potentialAction\":[{\"@type\":\"SearchAction\",\"target\":{\"@type\":\"EntryPoint\",\"urlTemplate\":\"https:\/\/www.suno.com.br\/noticias\/?s={search_term_string}\"},\"query-input\":{\"@type\":\"PropertyValueSpecification\",\"valueRequired\":true,\"valueName\":\"search_term_string\"}}],\"inLanguage\":\"pt-BR\"},{\"@type\":\"Organization\",\"@id\":\"https:\/\/www.suno.com.br\/noticias\/#organization\",\"name\":\"Suno Not\u00edcias\",\"url\":\"https:\/\/www.suno.com.br\/noticias\/\",\"logo\":{\"@type\":\"ImageObject\",\"inLanguage\":\"pt-BR\",\"@id\":\"https:\/\/www.suno.com.br\/noticias\/#\/schema\/logo\/image\/\",\"url\":\"https:\/\/files.sunoresearch.com.br\/n\/uploads\/2021\/09\/suno-logo.png\",\"contentUrl\":\"https:\/\/files.sunoresearch.com.br\/n\/uploads\/2021\/09\/suno-logo.png\",\"width\":180,\"height\":180,\"caption\":\"Suno Not\u00edcias\"},\"image\":{\"@id\":\"https:\/\/www.suno.com.br\/noticias\/#\/schema\/logo\/image\/\"},\"sameAs\":[\"https:\/\/facebook.com\/sunoresearch\",\"https:\/\/x.com\/sunoresearch\",\"https:\/\/www.instagram.com\/suno\",\"https:\/\/www.linkedin.com\/company\/suno-research\/\",\"https:\/\/www.youtube.com\/c\/sunoresearch\"]},{\"@type\":\"Person\",\"@id\":\"https:\/\/www.suno.com.br\/noticias\/#\/schema\/person\/829bbe8d57f84333b966b96229c6bf5f\",\"name\":\"Marco Ant\u00f4nio Lopes\",\"image\":{\"@type\":\"ImageObject\",\"inLanguage\":\"pt-BR\",\"@id\":\"https:\/\/www.suno.com.br\/noticias\/#\/schema\/person\/image\/\",\"url\":\"https:\/\/secure.gravatar.com\/avatar\/385167b012fbc1cde32c5446ee253313?s=96&r=g\",\"contentUrl\":\"https:\/\/secure.gravatar.com\/avatar\/385167b012fbc1cde32c5446ee253313?s=96&r=g\",\"caption\":\"Marco Ant\u00f4nio Lopes\"},\"description\":\"Jornalista, \u00e9 editor no Suno Not\u00edcias. Trabalhou nas revistas Playboy, Super, Veja Comer &amp; Beber, Homem Vogue e Universo Masculino, al\u00e9m dos portais Abril.com, R7, nas editorias de Home, Esportes, Hora 7, Entretenimento e Geral, e Eu Quero Investir. Autor do livro Bruce Lee: Definitivo (Editora Conrad). Colaborou nas revistas Nova, Veja SP, Grandes Guerras, Placar, Bizz, Casa Claudia e Quatro Rodas.\",\"url\":\"https:\/\/www.suno.com.br\/noticias\/author\/marco-lopes\/\"}]}<\/script>\n<!-- \/ Yoast SEO plugin. -->","yoast_head_json":{"title":"COP26: l\u00edderes mundiais anunciam promessa de frear desmatamento","description":"COP-26): Os l\u00edderes mundiais decidiram se comprometer, na C\u00fapula do Clima das Na\u00e7\u00f5es Unidas, a frear o desflorestamento at\u00e9 2030. Veja mais","robots":{"index":"index","follow":"follow","max-snippet":"max-snippet:-1","max-image-preview":"max-image-preview:large","max-video-preview":"max-video-preview:-1"},"canonical":"https:\/\/www.suno.com.br\/noticias\/cop26-lideres-mundiais-prometem-conter-desmatamento-2030\/","og_locale":"pt_BR","og_type":"article","og_title":"COP26: l\u00edderes mundiais anunciam promessa de frear desmatamento","og_description":"COP-26): Os l\u00edderes mundiais decidiram se comprometer, na C\u00fapula do Clima das Na\u00e7\u00f5es Unidas, a frear o desflorestamento at\u00e9 2030. Veja mais","og_url":"https:\/\/www.suno.com.br\/noticias\/cop26-lideres-mundiais-prometem-conter-desmatamento-2030\/","og_site_name":"Suno Not\u00edcias","article_publisher":"https:\/\/facebook.com\/sunoresearch","og_image":[{"width":1332,"height":749,"url":"https:\/\/files.sunoresearch.com.br\/n\/uploads\/2021\/11\/photo-1593069567131-53a0614dde1d.jpg","type":"image\/jpeg"}],"author":"Marco Ant\u00f4nio Lopes","twitter_card":"summary_large_image","twitter_creator":"@sunoresearch","twitter_site":"@sunoresearch","twitter_misc":{"Escrito por":"Marco Ant\u00f4nio Lopes","Est. tempo de leitura":"5 minutos"},"schema":{"@context":"https:\/\/schema.org","@graph":[{"@type":"NewsArticle","@id":"https:\/\/www.suno.com.br\/noticias\/cop26-lideres-mundiais-prometem-conter-desmatamento-2030\/#article","isPartOf":{"@id":"https:\/\/www.suno.com.br\/noticias\/cop26-lideres-mundiais-prometem-conter-desmatamento-2030\/"},"author":{"name":"Marco Ant\u00f4nio Lopes","@id":"https:\/\/www.suno.com.br\/noticias\/#\/schema\/person\/829bbe8d57f84333b966b96229c6bf5f"},"headline":"COP26: l\u00edderes mundiais anunciam promessa de frear desmatamento at\u00e9 2030","datePublished":"2021-11-02T22:23:48+00:00","mainEntityOfPage":{"@id":"https:\/\/www.suno.com.br\/noticias\/cop26-lideres-mundiais-prometem-conter-desmatamento-2030\/"},"wordCount":1132,"publisher":{"@id":"https:\/\/www.suno.com.br\/noticias\/#organization"},"image":{"@id":"https:\/\/www.suno.com.br\/noticias\/cop26-lideres-mundiais-prometem-conter-desmatamento-2030\/#primaryimage"},"thumbnailUrl":"https:\/\/files.sunoresearch.com.br\/n\/uploads\/2021\/11\/photo-1593069567131-53a0614dde1d.jpg","articleSection":["Economia"],"inLanguage":"pt-BR"},{"@type":"WebPage","@id":"https:\/\/www.suno.com.br\/noticias\/cop26-lideres-mundiais-prometem-conter-desmatamento-2030\/","url":"https:\/\/www.suno.com.br\/noticias\/cop26-lideres-mundiais-prometem-conter-desmatamento-2030\/","name":"COP26: l\u00edderes mundiais anunciam promessa de frear desmatamento","isPartOf":{"@id":"https:\/\/www.suno.com.br\/noticias\/#website"},"primaryImageOfPage":{"@id":"https:\/\/www.suno.com.br\/noticias\/cop26-lideres-mundiais-prometem-conter-desmatamento-2030\/#primaryimage"},"image":{"@id":"https:\/\/www.suno.com.br\/noticias\/cop26-lideres-mundiais-prometem-conter-desmatamento-2030\/#primaryimage"},"thumbnailUrl":"https:\/\/files.sunoresearch.com.br\/n\/uploads\/2021\/11\/photo-1593069567131-53a0614dde1d.jpg","datePublished":"2021-11-02T22:23:48+00:00","description":"COP-26): Os l\u00edderes mundiais decidiram se comprometer, na C\u00fapula do Clima das Na\u00e7\u00f5es Unidas, a frear o desflorestamento at\u00e9 2030. Veja mais","breadcrumb":{"@id":"https:\/\/www.suno.com.br\/noticias\/cop26-lideres-mundiais-prometem-conter-desmatamento-2030\/#breadcrumb"},"inLanguage":"pt-BR","potentialAction":[{"@type":"ReadAction","target":["https:\/\/www.suno.com.br\/noticias\/cop26-lideres-mundiais-prometem-conter-desmatamento-2030\/"]}]},{"@type":"ImageObject","inLanguage":"pt-BR","@id":"https:\/\/www.suno.com.br\/noticias\/cop26-lideres-mundiais-prometem-conter-desmatamento-2030\/#primaryimage","url":"https:\/\/files.sunoresearch.com.br\/n\/uploads\/2021\/11\/photo-1593069567131-53a0614dde1d.jpg","contentUrl":"https:\/\/files.sunoresearch.com.br\/n\/uploads\/2021\/11\/photo-1593069567131-53a0614dde1d.jpg","width":1332,"height":749,"caption":"Governo abre consulta sobre certifica\u00e7\u00e3o verde de produtos da Amaz\u00f4nia. Foto: Vlad Hilitanu\/Unsplash"},{"@type":"BreadcrumbList","@id":"https:\/\/www.suno.com.br\/noticias\/cop26-lideres-mundiais-prometem-conter-desmatamento-2030\/#breadcrumb","itemListElement":[{"@type":"ListItem","position":1,"name":"Not\u00edcias","item":"https:\/\/www.suno.com.br\/noticias\/"},{"@type":"ListItem","position":2,"name":"Economia","item":"https:\/\/www.suno.com.br\/noticias\/economia\/"},{"@type":"ListItem","position":3,"name":"COP26: l\u00edderes mundiais anunciam promessa de frear desmatamento at\u00e9 2030"}]},{"@type":"WebSite","@id":"https:\/\/www.suno.com.br\/noticias\/#website","url":"https:\/\/www.suno.com.br\/noticias\/","name":"Suno Not\u00edcias","description":"Seu portal de informa\u00e7\u00e3o sobre o mundo dos investimentos","publisher":{"@id":"https:\/\/www.suno.com.br\/noticias\/#organization"},"potentialAction":[{"@type":"SearchAction","target":{"@type":"EntryPoint","urlTemplate":"https:\/\/www.suno.com.br\/noticias\/?s={search_term_string}"},"query-input":{"@type":"PropertyValueSpecification","valueRequired":true,"valueName":"search_term_string"}}],"inLanguage":"pt-BR"},{"@type":"Organization","@id":"https:\/\/www.suno.com.br\/noticias\/#organization","name":"Suno Not\u00edcias","url":"https:\/\/www.suno.com.br\/noticias\/","logo":{"@type":"ImageObject","inLanguage":"pt-BR","@id":"https:\/\/www.suno.com.br\/noticias\/#\/schema\/logo\/image\/","url":"https:\/\/files.sunoresearch.com.br\/n\/uploads\/2021\/09\/suno-logo.png","contentUrl":"https:\/\/files.sunoresearch.com.br\/n\/uploads\/2021\/09\/suno-logo.png","width":180,"height":180,"caption":"Suno Not\u00edcias"},"image":{"@id":"https:\/\/www.suno.com.br\/noticias\/#\/schema\/logo\/image\/"},"sameAs":["https:\/\/facebook.com\/sunoresearch","https:\/\/x.com\/sunoresearch","https:\/\/www.instagram.com\/suno","https:\/\/www.linkedin.com\/company\/suno-research\/","https:\/\/www.youtube.com\/c\/sunoresearch"]},{"@type":"Person","@id":"https:\/\/www.suno.com.br\/noticias\/#\/schema\/person\/829bbe8d57f84333b966b96229c6bf5f","name":"Marco Ant\u00f4nio Lopes","image":{"@type":"ImageObject","inLanguage":"pt-BR","@id":"https:\/\/www.suno.com.br\/noticias\/#\/schema\/person\/image\/","url":"https:\/\/secure.gravatar.com\/avatar\/385167b012fbc1cde32c5446ee253313?s=96&r=g","contentUrl":"https:\/\/secure.gravatar.com\/avatar\/385167b012fbc1cde32c5446ee253313?s=96&r=g","caption":"Marco Ant\u00f4nio Lopes"},"description":"Jornalista, \u00e9 editor no Suno Not\u00edcias. Trabalhou nas revistas Playboy, Super, Veja Comer &amp; Beber, Homem Vogue e Universo Masculino, al\u00e9m dos portais Abril.com, R7, nas editorias de Home, Esportes, Hora 7, Entretenimento e Geral, e Eu Quero Investir. Autor do livro Bruce Lee: Definitivo (Editora Conrad). Colaborou nas revistas Nova, Veja SP, Grandes Guerras, Placar, Bizz, Casa Claudia e Quatro Rodas.","url":"https:\/\/www.suno.com.br\/noticias\/author\/marco-lopes\/"}]}},"default_loop_html":"<div class=\"cardsPage__listCard__boxs\"><div class=\"cardsPage__listCard__boxs__img\"><a href=\"https:\/\/www.suno.com.br\/noticias\/cop26-lideres-mundiais-prometem-conter-desmatamento-2030\/\"><img class=\"mask\" src=\"https:\/\/www.suno.com.br\/noticias\/wp-content\/themes\/suno\/resources\/images\/spotlight\/spotlight1img\/bg-mask.png\" alt=\"Image Mask\"\/><img src=\"https:\/\/files.sunoresearch.com.br\/n\/uploads\/2021\/11\/photo-1593069567131-53a0614dde1d-400x200.jpg\" alt=\"COP26: l\u00edderes mundiais anunciam promessa de frear desmatamento at\u00e9 2030\"\/><\/a><span class=\"spotlightCategory\"><a href=\"https:\/\/www.suno.com.br\/noticias\/economia\/\">Economia<\/a><\/span><\/div><div class=\"cardsPage__listCard__boxs__content\"><a href=\"https:\/\/www.suno.com.br\/noticias\/cop26-lideres-mundiais-prometem-conter-desmatamento-2030\/\"><h2 class=\"content__title\">COP26: l\u00edderes mundiais anunciam promessa de frear desmatamento at\u00e9 2030<\/h2><\/a><div class=\"newsContent__article__meta\"><div class=\"newsContent__article__meta__authorBox\"><a href=\"https:\/\/www.suno.com.br\/noticias\/author\/marco-lopes\/\" class=\"authorBox__avatar noMobi\"><img src=\"https:\/\/secure.gravatar.com\/avatar\/385167b012fbc1cde32c5446ee253313?s=96&#038;r=g\" alt=\"Marco Ant\u00f4nio Lopes\"><\/a><div class=\"authorBox__name\"><span>por\n\t\t\t<a href=\"https:\/\/www.suno.com.br\/noticias\/author\/marco-lopes\/\"><span itemprop=\"author\">Marco Ant\u00f4nio Lopes<\/span><\/a><\/span><time datetime=\"2021-11-02T19:23:48-03:00\" itemprop=\"datePublished\">02\/11\/2021 19:23<\/time><\/div><\/div><\/div><\/div><\/div>","single_layout":"posts","amp_enabled":true,"_links":{"self":[{"href":"https:\/\/www.suno.com.br\/noticias\/wp-json\/wp\/v2\/posts\/200371"}],"collection":[{"href":"https:\/\/www.suno.com.br\/noticias\/wp-json\/wp\/v2\/posts"}],"about":[{"href":"https:\/\/www.suno.com.br\/noticias\/wp-json\/wp\/v2\/types\/post"}],"author":[{"embeddable":true,"href":"https:\/\/www.suno.com.br\/noticias\/wp-json\/wp\/v2\/users\/98"}],"replies":[{"embeddable":true,"href":"https:\/\/www.suno.com.br\/noticias\/wp-json\/wp\/v2\/comments?post=200371"}],"version-history":[{"count":1,"href":"https:\/\/www.suno.com.br\/noticias\/wp-json\/wp\/v2\/posts\/200371\/revisions"}],"predecessor-version":[{"id":200377,"href":"https:\/\/www.suno.com.br\/noticias\/wp-json\/wp\/v2\/posts\/200371\/revisions\/200377"}],"wp:featuredmedia":[{"embeddable":true,"href":"https:\/\/www.suno.com.br\/noticias\/wp-json\/wp\/v2\/media\/200376"}],"wp:attachment":[{"href":"https:\/\/www.suno.com.br\/noticias\/wp-json\/wp\/v2\/media?parent=200371"}],"wp:term":[{"taxonomy":"category","embeddable":true,"href":"https:\/\/www.suno.com.br\/noticias\/wp-json\/wp\/v2\/categories?post=200371"},{"taxonomy":"post_tag","embeddable":true,"href":"https:\/\/www.suno.com.br\/noticias\/wp-json\/wp\/v2\/tags?post=200371"},{"taxonomy":"suno_strategy","embeddable":true,"href":"https:\/\/www.suno.com.br\/noticias\/wp-json\/wp\/v2\/suno_strategy?post=200371"}],"curies":[{"name":"wp","href":"https:\/\/api.w.org\/{rel}","templated":true}]}}