{"id":200257,"date":"2021-11-02T14:31:48","date_gmt":"2021-11-02T17:31:48","guid":{"rendered":"https:\/\/www.suno.com.br\/noticias\/?p=200257"},"modified":"2021-11-02T14:31:48","modified_gmt":"2021-11-02T17:31:48","slug":"allied-alld3-tecnologia-conclui-aquisicao-brused","status":"publish","type":"post","link":"https:\/\/www.suno.com.br\/noticias\/allied-alld3-tecnologia-conclui-aquisicao-brused\/","title":{"rendered":"Allied (ALLD3) fecha compra da Brused, plataforma de compra e venda de eletr\u00f4nicos seminovos"},"content":{"rendered":"<p>A <strong>Allied<\/strong> Tecnologia (ALLD3) concluiu a aquisi\u00e7\u00e3o da Brused, plataforma de compra e venda de eletr\u00f4nicos seminovos. O valor da transa\u00e7\u00e3o n\u00e3o foi revelado.<\/p>\t<div class=\"wrapper-featured-image\">\n\t\t<figure class=\"spotlightImg\">\n\n\t\t\t<picture>\n\t\t\t\t<source media=\"(max-width: 768px)\" srcset=\"https:\/\/files.sunoresearch.com.br\/n\/uploads\/2021\/04\/9f804c1f-home-office-569359_1280-400x200.webp\">\n\t\t\t\t<img loading=\"lazy\" decoding=\"async\" class=\"newsContent__article__imgCapa lazyloadDisabled \" src=\"https:\/\/files.sunoresearch.com.br\/n\/uploads\/2021\/04\/9f804c1f-home-office-569359_1280-800x450.webp\" width=\"800\" height=\"450\" alt=\"Allied (ALLD3) fecha compra da Brused, plataforma de compra e venda de eletr\u00f4nicos seminovos\" fetchpriority=high \/>\n\t\t\t<\/picture>\n\n\t\t\t<figcaption class=\"wp-caption-text wp-caption-text--show\">Allied: . Foto: Pixabay<\/figcaption>\n\t\t<\/figure>\n\t<\/div>\n\n\n<p>A opera\u00e7\u00e3o foi anunciada em 30 de agosto.\u00a0 Em comunicado enviado \u00e0 Comiss\u00e3o de Valores Mobili\u00e1rios (CVM), a empresa afirma que a aquisi\u00e7\u00e3o da Brused est\u00e1 alinhada com o direcionamento estrat\u00e9gico da companhia no mercado brasileiro de aparelhos recertificados.<\/p>\n<p>&#8220;A aquisi\u00e7\u00e3o anunciada acelera o desenvolvimento interno de sistemas e processos necess\u00e1rios \u00e0 opera\u00e7\u00e3o de recertificados e agrega um canal adicional de capta\u00e7\u00e3o e vendas para esta linha de neg\u00f3cio&#8221;, diz a companhia.<\/p>\n<p>A Allied ingressou no mercado de aparelhos recertificados no segundo semestre do ano passado com o lan\u00e7amento do Programa iPhone Pra Sempre, segundo informou a empresa.<\/p>\n<h1 class=\"newsContent__article__title\">Allied interrompe estudos para follow-on<\/h1>\n<p>No in\u00edcio de outubro, a Allied informou que suspendeu os estudos para a realiza\u00e7\u00e3o de oferta subsequente de a\u00e7\u00f5es (follow-on) com esfor\u00e7os restritos, no Brasil e potencialmente no exterior, informou a companhia em <a class=\"suno-keyword\" href=\"https:\/\/www.suno.com.br\/artigos\/fato-relevante\/\" target=\"_blank\" rel=\"noopener\" data-force=\"no\" data-priority=\"1\">fato relevante.<\/a><\/p>\n<p>A Allied e o acionista controlador\u00a0<strong>Advent International\u00a0<\/strong>pretendiam\u00a0elevar a liquidez das a\u00e7\u00f5es da companhia no\u00a0<a class=\"suno-keyword\" href=\"https:\/\/www.suno.com.br\/artigos\/mercado-secundario\/\" target=\"_blank\" rel=\"noopener\" data-force=\"no\" data-priority=\"1\">mercado secund\u00e1rio\u00a0<\/a>com a oferta p\u00fablica de distribui\u00e7\u00e3o prim\u00e1ria e secund\u00e1ria de\u00a0<a class=\"suno-keyword\" href=\"https:\/\/www.suno.com.br\/artigos\/o-que-sao-acoes-ordinarias-preferenciais-e-units\/\" target=\"_blank\" rel=\"noopener\" data-force=\"no\" data-priority=\"1\">a\u00e7\u00f5es ordin\u00e1rias<\/a>.<\/p>\n<p>A empresa comunicou no \u00faltimo dia 16 de setembro a prepara\u00e7\u00e3o do\u00a0<strong>follow-on\u00a0<\/strong>e o engajamento das institui\u00e7\u00f5es financeiras\u00a0<a class=\"suno-keyword\" href=\"https:\/\/www.suno.com.br\/acoes\/BPAC11\/\" target=\"_blank\" rel=\"noopener\" data-force=\"yes\" data-priority=\"2\">BTG Pactual (BPAC11)<\/a>, Bradesco BBI,\u00a0<a class=\"suno-keyword\" href=\"https:\/\/www.suno.com.br\/acoes\/ITUB4\/\" target=\"_blank\" rel=\"noopener\" data-force=\"yes\" data-priority=\"2\">Ita\u00fa (ITUB4)<\/a>\u00a0e XP para aux\u00edlio no \u00e2mbito da opera\u00e7\u00e3o.<\/p>\n<p>A suspens\u00e3o dos estudos deveu-se \u00e0 deteriora\u00e7\u00e3o das condi\u00e7\u00f5es de mercado e ao aumento da volatilidade, disse a empresa em nota ao mercado. O adiamento ter\u00e1 tempo indeterminado, acrescenta o texto.<\/p>\n<p>A Allied realizou sua oferta p\u00fablica inicial de a\u00e7\u00f5es (IPO, na sigla em ingl\u00eas) em abril deste ano. A abertura de capital na Bolsa de Valores de S\u00e3o Paulo (B3) movimentou cerca de R$ 190 milh\u00f5es.<\/p>\n<p>De acordo com o prospecto do IPO, 77% da capta\u00e7\u00e3o l\u00edquida seria destinada para aquisi\u00e7\u00f5es. O uso do recurso do potencial\u00a0<strong>follow-on da Allied<\/strong>\u00a0n\u00e3o foi divulgado pela empresa.<\/p>\n<p>A <strong>Allied<\/strong> \u00e9 uma distribuidora varejista de produtos eletr\u00f4nicos, de marcas como LG, Samsung e Apple no Brasil, com mais de 115 lojas e quiosques do varejo ao redor do Brasil.<\/p>\n<p><em>Com informa\u00e7\u00f5es do Estad\u00e3o Conte\u00fado<\/em><\/p>\n","protected":false},"excerpt":{"rendered":"<p>A Allied Tecnologia (ALLD3) concluiu a aquisi\u00e7\u00e3o da Brused, plataforma de compra e venda de eletr\u00f4nicos seminovos. O valor da transa\u00e7\u00e3o n\u00e3o foi revelado. Allied: . Foto: Pixabay A opera\u00e7\u00e3o foi anunciada em 30 de agosto.\u00a0 Em comunicado enviado \u00e0 Comiss\u00e3o de Valores Mobili\u00e1rios (CVM), a empresa afirma que a aquisi\u00e7\u00e3o da Brused est\u00e1 alinhada [&hellip;]<\/p>\n","protected":false},"author":43,"featured_media":138893,"comment_status":"closed","ping_status":"closed","sticky":false,"template":"","format":"standard","meta":[],"categories":[64],"tags":[106150],"suno_strategy":[],"class_list":["post-200257","post","type-post","status-publish","format-standard","has-post-thumbnail","hentry","category-negocios","tag-allied-alld3"],"yoast_head":"<!-- This site is optimized with the Yoast SEO plugin v24.4 - https:\/\/yoast.com\/wordpress\/plugins\/seo\/ -->\n<title>Allied (ALLD3) compra Brused, plataforma de eletr\u00f4nicos seminovos<\/title>\n<meta name=\"description\" content=\"A Allied Tecnologia (ALLD3) concluiu a aquisi\u00e7\u00e3o da Brused, plataforma de compra e venda de eletr\u00f4nicos seminovos. Saiba mais,\" \/>\n<meta name=\"robots\" content=\"index, follow, max-snippet:-1, max-image-preview:large, max-video-preview:-1\" \/>\n<link rel=\"canonical\" href=\"https:\/\/www.suno.com.br\/noticias\/allied-alld3-tecnologia-conclui-aquisicao-brused\/\" \/>\n<meta property=\"og:locale\" content=\"pt_BR\" \/>\n<meta property=\"og:type\" content=\"article\" \/>\n<meta property=\"og:title\" content=\"Allied (ALLD3) compra Brused, plataforma de eletr\u00f4nicos seminovos\" \/>\n<meta property=\"og:description\" content=\"A Allied Tecnologia (ALLD3) concluiu a aquisi\u00e7\u00e3o da Brused, plataforma de compra e venda de eletr\u00f4nicos seminovos. Saiba mais,\" \/>\n<meta property=\"og:url\" content=\"https:\/\/www.suno.com.br\/noticias\/allied-alld3-tecnologia-conclui-aquisicao-brused\/\" \/>\n<meta property=\"og:site_name\" content=\"Suno Not\u00edcias\" \/>\n<meta property=\"article:publisher\" content=\"https:\/\/facebook.com\/sunoresearch\" \/>\n<meta property=\"article:author\" content=\"https:\/\/www.facebook.com\/sunonoticias\/\" \/>\n<meta property=\"og:image\" content=\"https:\/\/files.sunoresearch.com.br\/n\/uploads\/2021\/04\/9f804c1f-home-office-569359_1280.jpg\" \/>\n\t<meta property=\"og:image:width\" content=\"1280\" \/>\n\t<meta property=\"og:image:height\" content=\"925\" \/>\n\t<meta property=\"og:image:type\" content=\"image\/jpeg\" \/>\n<meta name=\"author\" content=\"Reda\u00e7\u00e3o Suno Not\u00edcias\" \/>\n<meta name=\"twitter:card\" content=\"summary_large_image\" \/>\n<meta name=\"twitter:creator\" content=\"@https:\/\/twitter.com\/sunoresearch\" \/>\n<meta name=\"twitter:site\" content=\"@sunoresearch\" \/>\n<meta name=\"twitter:label1\" content=\"Escrito por\" \/>\n\t<meta name=\"twitter:data1\" content=\"Reda\u00e7\u00e3o Suno Not\u00edcias\" \/>\n\t<meta name=\"twitter:label2\" content=\"Est. tempo de leitura\" \/>\n\t<meta name=\"twitter:data2\" content=\"2 minutos\" \/>\n<script type=\"application\/ld+json\" class=\"yoast-schema-graph\">{\"@context\":\"https:\/\/schema.org\",\"@graph\":[{\"@type\":\"NewsArticle\",\"@id\":\"https:\/\/www.suno.com.br\/noticias\/allied-alld3-tecnologia-conclui-aquisicao-brused\/#article\",\"isPartOf\":{\"@id\":\"https:\/\/www.suno.com.br\/noticias\/allied-alld3-tecnologia-conclui-aquisicao-brused\/\"},\"author\":{\"name\":\"Reda\u00e7\u00e3o Suno Not\u00edcias\",\"@id\":\"https:\/\/www.suno.com.br\/noticias\/#\/schema\/person\/c1b1bd3727fa852bd045e9dbff3673ea\"},\"headline\":\"Allied (ALLD3) fecha compra da Brused, plataforma de compra e venda de eletr\u00f4nicos seminovos\",\"datePublished\":\"2021-11-02T17:31:48+00:00\",\"mainEntityOfPage\":{\"@id\":\"https:\/\/www.suno.com.br\/noticias\/allied-alld3-tecnologia-conclui-aquisicao-brused\/\"},\"wordCount\":412,\"publisher\":{\"@id\":\"https:\/\/www.suno.com.br\/noticias\/#organization\"},\"image\":{\"@id\":\"https:\/\/www.suno.com.br\/noticias\/allied-alld3-tecnologia-conclui-aquisicao-brused\/#primaryimage\"},\"thumbnailUrl\":\"https:\/\/files.sunoresearch.com.br\/n\/uploads\/2021\/04\/9f804c1f-home-office-569359_1280-jpg.webp\",\"keywords\":[\"Allied (ALLD3)\"],\"articleSection\":[\"Neg\u00f3cios\"],\"inLanguage\":\"pt-BR\"},{\"@type\":\"WebPage\",\"@id\":\"https:\/\/www.suno.com.br\/noticias\/allied-alld3-tecnologia-conclui-aquisicao-brused\/\",\"url\":\"https:\/\/www.suno.com.br\/noticias\/allied-alld3-tecnologia-conclui-aquisicao-brused\/\",\"name\":\"Allied (ALLD3) compra Brused, plataforma de eletr\u00f4nicos seminovos\",\"isPartOf\":{\"@id\":\"https:\/\/www.suno.com.br\/noticias\/#website\"},\"primaryImageOfPage\":{\"@id\":\"https:\/\/www.suno.com.br\/noticias\/allied-alld3-tecnologia-conclui-aquisicao-brused\/#primaryimage\"},\"image\":{\"@id\":\"https:\/\/www.suno.com.br\/noticias\/allied-alld3-tecnologia-conclui-aquisicao-brused\/#primaryimage\"},\"thumbnailUrl\":\"https:\/\/files.sunoresearch.com.br\/n\/uploads\/2021\/04\/9f804c1f-home-office-569359_1280-jpg.webp\",\"datePublished\":\"2021-11-02T17:31:48+00:00\",\"description\":\"A Allied Tecnologia (ALLD3) concluiu a aquisi\u00e7\u00e3o da Brused, plataforma de compra e venda de eletr\u00f4nicos seminovos. Saiba mais,\",\"breadcrumb\":{\"@id\":\"https:\/\/www.suno.com.br\/noticias\/allied-alld3-tecnologia-conclui-aquisicao-brused\/#breadcrumb\"},\"inLanguage\":\"pt-BR\",\"potentialAction\":[{\"@type\":\"ReadAction\",\"target\":[\"https:\/\/www.suno.com.br\/noticias\/allied-alld3-tecnologia-conclui-aquisicao-brused\/\"]}]},{\"@type\":\"ImageObject\",\"inLanguage\":\"pt-BR\",\"@id\":\"https:\/\/www.suno.com.br\/noticias\/allied-alld3-tecnologia-conclui-aquisicao-brused\/#primaryimage\",\"url\":\"https:\/\/files.sunoresearch.com.br\/n\/uploads\/2021\/04\/9f804c1f-home-office-569359_1280-jpg.webp\",\"contentUrl\":\"https:\/\/files.sunoresearch.com.br\/n\/uploads\/2021\/04\/9f804c1f-home-office-569359_1280-jpg.webp\",\"width\":1280,\"height\":925,\"caption\":\"Allied: . Foto: Pixabay\"},{\"@type\":\"BreadcrumbList\",\"@id\":\"https:\/\/www.suno.com.br\/noticias\/allied-alld3-tecnologia-conclui-aquisicao-brused\/#breadcrumb\",\"itemListElement\":[{\"@type\":\"ListItem\",\"position\":1,\"name\":\"Not\u00edcias\",\"item\":\"https:\/\/www.suno.com.br\/noticias\/\"},{\"@type\":\"ListItem\",\"position\":2,\"name\":\"Neg\u00f3cios\",\"item\":\"https:\/\/www.suno.com.br\/noticias\/negocios\/\"},{\"@type\":\"ListItem\",\"position\":3,\"name\":\"Allied (ALLD3) fecha compra da Brused, plataforma de compra e venda de eletr\u00f4nicos seminovos\"}]},{\"@type\":\"WebSite\",\"@id\":\"https:\/\/www.suno.com.br\/noticias\/#website\",\"url\":\"https:\/\/www.suno.com.br\/noticias\/\",\"name\":\"Suno Not\u00edcias\",\"description\":\"Seu portal de informa\u00e7\u00e3o sobre o mundo dos investimentos\",\"publisher\":{\"@id\":\"https:\/\/www.suno.com.br\/noticias\/#organization\"},\"potentialAction\":[{\"@type\":\"SearchAction\",\"target\":{\"@type\":\"EntryPoint\",\"urlTemplate\":\"https:\/\/www.suno.com.br\/noticias\/?s={search_term_string}\"},\"query-input\":{\"@type\":\"PropertyValueSpecification\",\"valueRequired\":true,\"valueName\":\"search_term_string\"}}],\"inLanguage\":\"pt-BR\"},{\"@type\":\"Organization\",\"@id\":\"https:\/\/www.suno.com.br\/noticias\/#organization\",\"name\":\"Suno Not\u00edcias\",\"url\":\"https:\/\/www.suno.com.br\/noticias\/\",\"logo\":{\"@type\":\"ImageObject\",\"inLanguage\":\"pt-BR\",\"@id\":\"https:\/\/www.suno.com.br\/noticias\/#\/schema\/logo\/image\/\",\"url\":\"https:\/\/files.sunoresearch.com.br\/n\/uploads\/2021\/09\/suno-logo.png\",\"contentUrl\":\"https:\/\/files.sunoresearch.com.br\/n\/uploads\/2021\/09\/suno-logo.png\",\"width\":180,\"height\":180,\"caption\":\"Suno Not\u00edcias\"},\"image\":{\"@id\":\"https:\/\/www.suno.com.br\/noticias\/#\/schema\/logo\/image\/\"},\"sameAs\":[\"https:\/\/facebook.com\/sunoresearch\",\"https:\/\/x.com\/sunoresearch\",\"https:\/\/www.instagram.com\/suno\",\"https:\/\/www.linkedin.com\/company\/suno-research\/\",\"https:\/\/www.youtube.com\/c\/sunoresearch\"]},{\"@type\":\"Person\",\"@id\":\"https:\/\/www.suno.com.br\/noticias\/#\/schema\/person\/c1b1bd3727fa852bd045e9dbff3673ea\",\"name\":\"Reda\u00e7\u00e3o Suno Not\u00edcias\",\"image\":{\"@type\":\"ImageObject\",\"inLanguage\":\"pt-BR\",\"@id\":\"https:\/\/www.suno.com.br\/noticias\/#\/schema\/person\/image\/\",\"url\":\"https:\/\/secure.gravatar.com\/avatar\/b8104b9b5a71985d5238ee59fbe418af?s=96&r=g\",\"contentUrl\":\"https:\/\/secure.gravatar.com\/avatar\/b8104b9b5a71985d5238ee59fbe418af?s=96&r=g\",\"caption\":\"Reda\u00e7\u00e3o Suno Not\u00edcias\"},\"description\":\"O Suno Not\u00edcias \u00e9 um portal de informa\u00e7\u00f5es sobre Mercado Financeiro, Pol\u00edtica, Neg\u00f3cios, Economia e Finan\u00e7as Pessoais.\",\"sameAs\":[\"https:\/\/www.suno.com.br\/noticias\",\"https:\/\/www.facebook.com\/sunonoticias\/\",\"https:\/\/www.instagram.com\/sunonoticias\/\",\"https:\/\/x.com\/https:\/\/twitter.com\/sunoresearch\",\"https:\/\/www.youtube.com\/sunonoticias\"],\"url\":\"https:\/\/www.suno.com.br\/noticias\/author\/redacao-suno\/\"}]}<\/script>\n<!-- \/ Yoast SEO plugin. -->","yoast_head_json":{"title":"Allied (ALLD3) compra Brused, plataforma de eletr\u00f4nicos seminovos","description":"A Allied Tecnologia (ALLD3) concluiu a aquisi\u00e7\u00e3o da Brused, plataforma de compra e venda de eletr\u00f4nicos seminovos. Saiba mais,","robots":{"index":"index","follow":"follow","max-snippet":"max-snippet:-1","max-image-preview":"max-image-preview:large","max-video-preview":"max-video-preview:-1"},"canonical":"https:\/\/www.suno.com.br\/noticias\/allied-alld3-tecnologia-conclui-aquisicao-brused\/","og_locale":"pt_BR","og_type":"article","og_title":"Allied (ALLD3) compra Brused, plataforma de eletr\u00f4nicos seminovos","og_description":"A Allied Tecnologia (ALLD3) concluiu a aquisi\u00e7\u00e3o da Brused, plataforma de compra e venda de eletr\u00f4nicos seminovos. Saiba mais,","og_url":"https:\/\/www.suno.com.br\/noticias\/allied-alld3-tecnologia-conclui-aquisicao-brused\/","og_site_name":"Suno Not\u00edcias","article_publisher":"https:\/\/facebook.com\/sunoresearch","article_author":"https:\/\/www.facebook.com\/sunonoticias\/","og_image":[{"width":1280,"height":925,"url":"https:\/\/files.sunoresearch.com.br\/n\/uploads\/2021\/04\/9f804c1f-home-office-569359_1280.jpg","type":"image\/jpeg"}],"author":"Reda\u00e7\u00e3o Suno Not\u00edcias","twitter_card":"summary_large_image","twitter_creator":"@https:\/\/twitter.com\/sunoresearch","twitter_site":"@sunoresearch","twitter_misc":{"Escrito por":"Reda\u00e7\u00e3o Suno Not\u00edcias","Est. tempo de leitura":"2 minutos"},"schema":{"@context":"https:\/\/schema.org","@graph":[{"@type":"NewsArticle","@id":"https:\/\/www.suno.com.br\/noticias\/allied-alld3-tecnologia-conclui-aquisicao-brused\/#article","isPartOf":{"@id":"https:\/\/www.suno.com.br\/noticias\/allied-alld3-tecnologia-conclui-aquisicao-brused\/"},"author":{"name":"Reda\u00e7\u00e3o Suno Not\u00edcias","@id":"https:\/\/www.suno.com.br\/noticias\/#\/schema\/person\/c1b1bd3727fa852bd045e9dbff3673ea"},"headline":"Allied (ALLD3) fecha compra da Brused, plataforma de compra e venda de eletr\u00f4nicos seminovos","datePublished":"2021-11-02T17:31:48+00:00","mainEntityOfPage":{"@id":"https:\/\/www.suno.com.br\/noticias\/allied-alld3-tecnologia-conclui-aquisicao-brused\/"},"wordCount":412,"publisher":{"@id":"https:\/\/www.suno.com.br\/noticias\/#organization"},"image":{"@id":"https:\/\/www.suno.com.br\/noticias\/allied-alld3-tecnologia-conclui-aquisicao-brused\/#primaryimage"},"thumbnailUrl":"https:\/\/files.sunoresearch.com.br\/n\/uploads\/2021\/04\/9f804c1f-home-office-569359_1280-jpg.webp","keywords":["Allied (ALLD3)"],"articleSection":["Neg\u00f3cios"],"inLanguage":"pt-BR"},{"@type":"WebPage","@id":"https:\/\/www.suno.com.br\/noticias\/allied-alld3-tecnologia-conclui-aquisicao-brused\/","url":"https:\/\/www.suno.com.br\/noticias\/allied-alld3-tecnologia-conclui-aquisicao-brused\/","name":"Allied (ALLD3) compra Brused, plataforma de eletr\u00f4nicos seminovos","isPartOf":{"@id":"https:\/\/www.suno.com.br\/noticias\/#website"},"primaryImageOfPage":{"@id":"https:\/\/www.suno.com.br\/noticias\/allied-alld3-tecnologia-conclui-aquisicao-brused\/#primaryimage"},"image":{"@id":"https:\/\/www.suno.com.br\/noticias\/allied-alld3-tecnologia-conclui-aquisicao-brused\/#primaryimage"},"thumbnailUrl":"https:\/\/files.sunoresearch.com.br\/n\/uploads\/2021\/04\/9f804c1f-home-office-569359_1280-jpg.webp","datePublished":"2021-11-02T17:31:48+00:00","description":"A Allied Tecnologia (ALLD3) concluiu a aquisi\u00e7\u00e3o da Brused, plataforma de compra e venda de eletr\u00f4nicos seminovos. Saiba mais,","breadcrumb":{"@id":"https:\/\/www.suno.com.br\/noticias\/allied-alld3-tecnologia-conclui-aquisicao-brused\/#breadcrumb"},"inLanguage":"pt-BR","potentialAction":[{"@type":"ReadAction","target":["https:\/\/www.suno.com.br\/noticias\/allied-alld3-tecnologia-conclui-aquisicao-brused\/"]}]},{"@type":"ImageObject","inLanguage":"pt-BR","@id":"https:\/\/www.suno.com.br\/noticias\/allied-alld3-tecnologia-conclui-aquisicao-brused\/#primaryimage","url":"https:\/\/files.sunoresearch.com.br\/n\/uploads\/2021\/04\/9f804c1f-home-office-569359_1280-jpg.webp","contentUrl":"https:\/\/files.sunoresearch.com.br\/n\/uploads\/2021\/04\/9f804c1f-home-office-569359_1280-jpg.webp","width":1280,"height":925,"caption":"Allied: . Foto: Pixabay"},{"@type":"BreadcrumbList","@id":"https:\/\/www.suno.com.br\/noticias\/allied-alld3-tecnologia-conclui-aquisicao-brused\/#breadcrumb","itemListElement":[{"@type":"ListItem","position":1,"name":"Not\u00edcias","item":"https:\/\/www.suno.com.br\/noticias\/"},{"@type":"ListItem","position":2,"name":"Neg\u00f3cios","item":"https:\/\/www.suno.com.br\/noticias\/negocios\/"},{"@type":"ListItem","position":3,"name":"Allied (ALLD3) fecha compra da Brused, plataforma de compra e venda de eletr\u00f4nicos seminovos"}]},{"@type":"WebSite","@id":"https:\/\/www.suno.com.br\/noticias\/#website","url":"https:\/\/www.suno.com.br\/noticias\/","name":"Suno Not\u00edcias","description":"Seu portal de informa\u00e7\u00e3o sobre o mundo dos investimentos","publisher":{"@id":"https:\/\/www.suno.com.br\/noticias\/#organization"},"potentialAction":[{"@type":"SearchAction","target":{"@type":"EntryPoint","urlTemplate":"https:\/\/www.suno.com.br\/noticias\/?s={search_term_string}"},"query-input":{"@type":"PropertyValueSpecification","valueRequired":true,"valueName":"search_term_string"}}],"inLanguage":"pt-BR"},{"@type":"Organization","@id":"https:\/\/www.suno.com.br\/noticias\/#organization","name":"Suno Not\u00edcias","url":"https:\/\/www.suno.com.br\/noticias\/","logo":{"@type":"ImageObject","inLanguage":"pt-BR","@id":"https:\/\/www.suno.com.br\/noticias\/#\/schema\/logo\/image\/","url":"https:\/\/files.sunoresearch.com.br\/n\/uploads\/2021\/09\/suno-logo.png","contentUrl":"https:\/\/files.sunoresearch.com.br\/n\/uploads\/2021\/09\/suno-logo.png","width":180,"height":180,"caption":"Suno Not\u00edcias"},"image":{"@id":"https:\/\/www.suno.com.br\/noticias\/#\/schema\/logo\/image\/"},"sameAs":["https:\/\/facebook.com\/sunoresearch","https:\/\/x.com\/sunoresearch","https:\/\/www.instagram.com\/suno","https:\/\/www.linkedin.com\/company\/suno-research\/","https:\/\/www.youtube.com\/c\/sunoresearch"]},{"@type":"Person","@id":"https:\/\/www.suno.com.br\/noticias\/#\/schema\/person\/c1b1bd3727fa852bd045e9dbff3673ea","name":"Reda\u00e7\u00e3o Suno Not\u00edcias","image":{"@type":"ImageObject","inLanguage":"pt-BR","@id":"https:\/\/www.suno.com.br\/noticias\/#\/schema\/person\/image\/","url":"https:\/\/secure.gravatar.com\/avatar\/b8104b9b5a71985d5238ee59fbe418af?s=96&r=g","contentUrl":"https:\/\/secure.gravatar.com\/avatar\/b8104b9b5a71985d5238ee59fbe418af?s=96&r=g","caption":"Reda\u00e7\u00e3o Suno Not\u00edcias"},"description":"O Suno Not\u00edcias \u00e9 um portal de informa\u00e7\u00f5es sobre Mercado Financeiro, Pol\u00edtica, Neg\u00f3cios, Economia e Finan\u00e7as Pessoais.","sameAs":["https:\/\/www.suno.com.br\/noticias","https:\/\/www.facebook.com\/sunonoticias\/","https:\/\/www.instagram.com\/sunonoticias\/","https:\/\/x.com\/https:\/\/twitter.com\/sunoresearch","https:\/\/www.youtube.com\/sunonoticias"],"url":"https:\/\/www.suno.com.br\/noticias\/author\/redacao-suno\/"}]}},"default_loop_html":"<div class=\"cardsPage__listCard__boxs\"><div class=\"cardsPage__listCard__boxs__img\"><a href=\"https:\/\/www.suno.com.br\/noticias\/allied-alld3-tecnologia-conclui-aquisicao-brused\/\"><img class=\"mask\" src=\"https:\/\/www.suno.com.br\/noticias\/wp-content\/themes\/suno\/resources\/images\/spotlight\/spotlight1img\/bg-mask.png\" alt=\"Image Mask\"\/><img src=\"https:\/\/files.sunoresearch.com.br\/n\/uploads\/2021\/04\/9f804c1f-home-office-569359_1280-400x200.webp\" alt=\"Allied (ALLD3) fecha compra da Brused, plataforma de compra e venda de eletr\u00f4nicos seminovos\"\/><\/a><span class=\"spotlightCategory\"><a href=\"https:\/\/www.suno.com.br\/noticias\/negocios\/\">Neg\u00f3cios<\/a><\/span><\/div><div class=\"cardsPage__listCard__boxs__content\"><a href=\"https:\/\/www.suno.com.br\/noticias\/allied-alld3-tecnologia-conclui-aquisicao-brused\/\"><h2 class=\"content__title\">Allied (ALLD3) fecha compra da Brused, plataforma de compra e venda de eletr\u00f4nicos seminovos<\/h2><\/a><div class=\"newsContent__article__meta\"><div class=\"newsContent__article__meta__authorBox\"><a href=\"https:\/\/www.suno.com.br\/noticias\/author\/redacao-suno\/\" class=\"authorBox__avatar noMobi\"><img src=\"https:\/\/files.sunoresearch.com.br\/n\/uploads\/2020\/08\/0ace682d-redacao-1-150x150.webp\" alt=\"Reda\u00e7\u00e3o Suno Not\u00edcias\"><\/a><div class=\"authorBox__name\"><span>por\n\t\t\t<a href=\"https:\/\/www.suno.com.br\/noticias\/author\/redacao-suno\/\"><span itemprop=\"author\">Reda\u00e7\u00e3o Suno Not\u00edcias<\/span><\/a><\/span><time datetime=\"2021-11-02T14:31:48-03:00\" itemprop=\"datePublished\">02\/11\/2021 14:31<\/time><\/div><\/div><\/div><\/div><\/div>","single_layout":"posts","amp_enabled":true,"_links":{"self":[{"href":"https:\/\/www.suno.com.br\/noticias\/wp-json\/wp\/v2\/posts\/200257"}],"collection":[{"href":"https:\/\/www.suno.com.br\/noticias\/wp-json\/wp\/v2\/posts"}],"about":[{"href":"https:\/\/www.suno.com.br\/noticias\/wp-json\/wp\/v2\/types\/post"}],"author":[{"embeddable":true,"href":"https:\/\/www.suno.com.br\/noticias\/wp-json\/wp\/v2\/users\/43"}],"replies":[{"embeddable":true,"href":"https:\/\/www.suno.com.br\/noticias\/wp-json\/wp\/v2\/comments?post=200257"}],"version-history":[{"count":2,"href":"https:\/\/www.suno.com.br\/noticias\/wp-json\/wp\/v2\/posts\/200257\/revisions"}],"predecessor-version":[{"id":200279,"href":"https:\/\/www.suno.com.br\/noticias\/wp-json\/wp\/v2\/posts\/200257\/revisions\/200279"}],"wp:featuredmedia":[{"embeddable":true,"href":"https:\/\/www.suno.com.br\/noticias\/wp-json\/wp\/v2\/media\/138893"}],"wp:attachment":[{"href":"https:\/\/www.suno.com.br\/noticias\/wp-json\/wp\/v2\/media?parent=200257"}],"wp:term":[{"taxonomy":"category","embeddable":true,"href":"https:\/\/www.suno.com.br\/noticias\/wp-json\/wp\/v2\/categories?post=200257"},{"taxonomy":"post_tag","embeddable":true,"href":"https:\/\/www.suno.com.br\/noticias\/wp-json\/wp\/v2\/tags?post=200257"},{"taxonomy":"suno_strategy","embeddable":true,"href":"https:\/\/www.suno.com.br\/noticias\/wp-json\/wp\/v2\/suno_strategy?post=200257"}],"curies":[{"name":"wp","href":"https:\/\/api.w.org\/{rel}","templated":true}]}}