{"id":200246,"date":"2021-11-02T14:01:01","date_gmt":"2021-11-02T17:01:01","guid":{"rendered":"https:\/\/www.suno.com.br\/noticias\/?p=200246"},"modified":"2021-11-02T16:27:12","modified_gmt":"2021-11-02T19:27:12","slug":"greve-caminhoneiros-rodovias-pontos-logisticos-bloqueios","status":"publish","type":"post","link":"https:\/\/www.suno.com.br\/noticias\/greve-caminhoneiros-rodovias-pontos-logisticos-bloqueios\/","title":{"rendered":"Greve dos caminhoneiros: rodovias n\u00e3o t\u00eam bloqueios e pontos de interdi\u00e7\u00f5es, diz governo"},"content":{"rendered":"<p>N\u00e3o h\u00e1 bloqueios em rodovias federais e pontos log\u00edsticos estrat\u00e9gicos do Pa\u00eds. A informa\u00e7\u00e3o \u00e9 do minist\u00e9rio da Infraestrutura, em balan\u00e7o sobre a <strong>greve dos caminhoneiros<\/strong> divulgado nesta ter\u00e7a (2).<\/p>\t<div class=\"wrapper-featured-image\">\n\t\t<figure class=\"spotlightImg\">\n\n\t\t\t<picture>\n\t\t\t\t<source media=\"(max-width: 768px)\" srcset=\"https:\/\/files.sunoresearch.com.br\/n\/uploads\/2021\/10\/caminhoneiros_EBC-400x200.jpg\">\n\t\t\t\t<img loading=\"lazy\" decoding=\"async\" class=\"newsContent__article__imgCapa lazyloadDisabled \" src=\"https:\/\/files.sunoresearch.com.br\/n\/uploads\/2021\/10\/caminhoneiros_EBC-800x450.jpg\" width=\"800\" height=\"450\" alt=\"Greve dos caminhoneiros: rodovias n\u00e3o t\u00eam bloqueios e pontos de interdi\u00e7\u00f5es, diz governo\" fetchpriority=high \/>\n\t\t\t<\/picture>\n\n\t\t\t<figcaption class=\"wp-caption-text wp-caption-text--show\">Caminhoneiros - Foto: Tomaz Silva\/Ag\u00eancia Brasil<\/figcaption>\n\t\t<\/figure>\n\t<\/div>\n\n\n\t<p>\n\t\t<a href=\"https:\/\/lp.suno.com.br\/planilha-controle-gastos\/\" target=\"_blank\" data-element=\"shortcode-suno-banner\" title=\"Banner SUNO, clique e saiba mais\">\n\t\t\t<picture>\n\t\t\t\t<source media=\"(max-width: 500px)\" srcset=\"https:\/\/files.sunoresearch.com.br\/n\/uploads\/2023\/03\/400x300-Planilha-controle-de-gastos.png\">\n\t\t\t\t<img class=\"newsContent__article__imgCapa newsContent__article__imgCapa--banner\"\n\t\t\t\t\tsrc=\"https:\/\/files.sunoresearch.com.br\/n\/uploads\/2023\/03\/1420x240-Planilha-controle-de-gastos.png\"\n\t\t\t\t\tdata-promo-id=\"101751\"\t\t\t\t\t\t\t\t\t\twidth='1420' height='240'\t\t\t\t\talt=\"https:\/\/files.sunoresearch.com.br\/n\/uploads\/2023\/03\/1420x240-Planilha-controle-de-gastos.png\"\n\t\t\t\t>\n\t\t\t<\/picture>\n\t\t<\/a>\n\t<\/p>\n\n\n<p>O relat\u00f3rio tem como base informa\u00e7\u00f5es do Minist\u00e9rio da Justi\u00e7a e Seguran\u00e7a P\u00fablica por meio da Pol\u00edcia Rodovi\u00e1ria Federal (PRF). Na segunda-feira, 1\u00ba de novembro, transportadores aut\u00f4nomos iniciaram paralisa\u00e7\u00e3o nacional pelo Pa\u00eds. Nesta ter\u00e7a-feira, os <strong>atos de caminhoneiros<\/strong>, que eram pontuais \u00e0s margens de rodovias e em postos de combust\u00edveis, ficaram mais espor\u00e1dicos em meio a uma s\u00e9rie de proibi\u00e7\u00f5es judiciais quanto a restri\u00e7\u00f5es de circula\u00e7\u00e3o em rodovias.<\/p>\n<p>Segundo o minist\u00e9rio, segue havendo apenas um ponto de concentra\u00e7\u00e3o no km 276 da BR-116\/RJ (na <strong>rodovia Presidente Dutra<\/strong>), em Barra Mansa (RJ).<\/p>\n<p>&#8220;No momento, a rodovia est\u00e1 sem bloqueio e sem abordagem a caminhoneiros que seguem viagem&#8221;, disse a pasta, mencionando uma tentativa de interdi\u00e7\u00e3o da pista pelos manifestantes na noite de segunda-feira, que foi contida pela Pol\u00edcia Rodovi\u00e1ria Federal.<\/p>\n\n\t<div data-element=\"shortcode-read-more\" class=\"readToo\">\n\t\t\t\t<span class=\"readToo__title\">Leia mais<\/span>\n\t\t\t\t<ul class=\"readToo__list\">\n\t\t\t<li><a href=\"https:\/\/www.suno.com.br\/noticias\/greve-dos-caminhoneiros-sai-ou-nao-sai-veja-movimentacao-ate-agora\/\">Greve dos caminhoneiros sai ou n\u00e3o sai? Veja movimenta\u00e7\u00e3o at\u00e9 agora<\/a><\/li><li><a href=\"https:\/\/www.suno.com.br\/noticias\/petrobras-petr4-presidente-responde-bolsonaro\/\">Presidente da Petrobras (PETR4) responde declara\u00e7\u00f5es de Bolsonaro e diz que n\u00e3o h\u00e1 press\u00e3o pela greve de caminhoneiros<\/a><\/li>\t\t<\/ul>\n\t<\/div>\n\n\n<p>No <strong>Porto de Santos<\/strong> ainda h\u00e1 um grupo de manifestantes presentes, segundo o minist\u00e9rio. A pasta afirmou que o n\u00famero de pessoas presentes no complexo portu\u00e1rio &#8220;diminuiu consideravelmente&#8221;.<\/p>\n<p>&#8220;A Pol\u00edcia Militar de S\u00e3o Paulo e a Guarda Portu\u00e1ria ainda seguem oferecendo escolta para garantir a melhor seguran\u00e7a do <strong>fluxo de caminh\u00f5es<\/strong> que acessam o porto&#8221;, informou o minist\u00e9rio.<\/p>\n\t<p>\n\t\t<a href=\"\" target=\"_blank\" data-element=\"shortcode-suno-banner\" title=\"Banner SUNO, clique e saiba mais\">\n\t\t\t<picture>\n\t\t\t\t<source media=\"(max-width: 500px)\" srcset=\"\">\n\t\t\t\t<img class=\"newsContent__article__imgCapa newsContent__article__imgCapa--banner\"\n\t\t\t\t\tsrc=\"\"\n\t\t\t\t\tdata-promo-id=\"77053\"\t\t\t\t\t\t\t\t\t\t\t\t\t\t\talt=\"\"\n\t\t\t\t>\n\t\t\t<\/picture>\n\t\t<\/a>\n\t<\/p>\n\n\n<h2>Caminhoneiros: acesso ao Porto de Santos segue normal<\/h2>\n<p>A Autoridade Portu\u00e1ria de Santos (SPA), que administra o Porto de Santos, informou que o acesso ao complexo portu\u00e1rio segue &#8220;normal&#8221; e que n\u00e3o h\u00e1 qualquer reten\u00e7\u00e3o ao tr\u00e1fego nem concentra\u00e7\u00e3o de caminh\u00f5es parados no local nesta ter\u00e7a-feira, 2.<\/p>\n<p>&#8220;O n\u00famero de manifestantes presentes nas imedia\u00e7\u00f5es do Porto diminuiu consideravelmente&#8221;, disse a SPA em nota enviada \u00e0 imprensa. Desde ontem, transportadores aut\u00f4nomos da Baixada Santista interromperam as atividades em meio \u00e0 paralisa\u00e7\u00e3o nacional da categoria e realizam manifesta\u00e7\u00f5es pr\u00f3ximas ao porto.<\/p>\n<p>Segundo a SPA, cerca de 80% dos navios atracados (40) operam sem qualquer restri\u00e7\u00e3o. Os outros 20% operam em menor escala em virtude da cautela de transportadoras e embarcadores no acesso ao complexo portu\u00e1rio &#8220;diante do temor de repres\u00e1lias&#8221;. &#8220;A Pol\u00edcia Militar de S\u00e3o Paulo e a Guarda Portu\u00e1ria ainda seguem oferecendo escolta para garantir a melhor seguran\u00e7a do fluxo de caminh\u00f5es que acessa e deixa o Porto&#8221;, disse a administradora do complexo portu\u00e1rio de Santos.<\/p>\n<p>Mais cedo, o presidente do Sindicato dos Transportadores Rodovi\u00e1rios Aut\u00f4nomos de Bens da Baixada Santista e Vale do Ribeira (Sindicam), Luciano Santos, disse ao <b>Broadcast Agro<\/b> que os 2 mil caminhoneiros associados ao sindicato seguem parados. &#8220;Aguardando resposta do governo&#8221;, pontuou Santos. Ocupa\u00e7\u00e3o, invas\u00e3o ou perman\u00eancia de grevistas nas instala\u00e7\u00f5es portu\u00e1rias e acessos terrestres e mar\u00edtimos do Porto de Santos est\u00e3o proibidas judicialmente.<\/p>\n<h2>Paralisa\u00e7\u00e3o estava marcada para come\u00e7ar na segunda<\/h2>\n<p>A <strong>paralisa\u00e7\u00e3o dos caminhoneiros aut\u00f4nomos<\/strong> e celetistas, prevista para iniciar nesta segunda-feira, ocorreu de forma pontual. Grupos que apoiam o movimento promoveram manifesta\u00e7\u00f5es \u00e0s margens das rodovias e em postos de combust\u00edveis. <strong>Bloqueios em estradas<\/strong> e restri\u00e7\u00f5es de circula\u00e7\u00e3o de ve\u00edculos de cargas que eram prometidos pela categoria a fim de repetir a greve hist\u00f3rica de maio de 2018 n\u00e3o se concretizaram.<\/p>\n<p>A interrup\u00e7\u00e3o das atividades est\u00e1 concentrada na categoria dos aut\u00f4nomos, sem ades\u00e3o dos celetistas e empresas transportadoras, conforme representantes ouvidos pelo Broadcast Agro, sistema de not\u00edcias em tempo real do Grupo Estado.<\/p>\n\t<p>\n\t\t<a href=\"\" target=\"_blank\" data-element=\"shortcode-suno-banner\" title=\"Banner SUNO, clique e saiba mais\">\n\t\t\t<picture>\n\t\t\t\t<source media=\"(max-width: 500px)\" srcset=\"\">\n\t\t\t\t<img class=\"newsContent__article__imgCapa newsContent__article__imgCapa--banner\"\n\t\t\t\t\tsrc=\"\"\n\t\t\t\t\tdata-promo-id=\"89005\"\t\t\t\t\t\t\t\t\t\t\t\t\t\t\talt=\"\"\n\t\t\t\t>\n\t\t\t<\/picture>\n\t\t<\/a>\n\t<\/p>\n\n\n<p>As lideran\u00e7as que est\u00e3o \u00e0 frente do movimento chegaram a avaliar que a participa\u00e7\u00e3o dos transportadores aut\u00f4nomos era &#8220;alta&#8221;. &#8220;A categoria est\u00e1 entendendo e cruzando os bra\u00e7os. Vemos um volume muito baixo de caminh\u00f5es rodando. Ningu\u00e9m est\u00e1 aguentando mais a situa\u00e7\u00e3o atual, por isso que estamos parando&#8221;, disse o presidente da Associa\u00e7\u00e3o Brasileira dos Condutores de Ve\u00edculos Automotores (Abrava), Wallace Landim, conhecido como Chor\u00e3o.<\/p>\n<p>Ontem ele disse que havia ades\u00e3o ao movimento em v\u00e1rios Estados. Mas n\u00e3o soube mensurar o n\u00famero de regi\u00f5es e Estados com<strong> pontos de manifesta\u00e7\u00e3o<\/strong>. Chor\u00e3o, que foi uma das principais lideran\u00e7as da greve de 2018, afirmou que o movimento seguir\u00e1 por tempo indeterminado. &#8220;A ideia \u00e9 que o governo tome alguma medida atendendo \u00e0 categoria&#8221;, apontou.<\/p>\n<h2>STF nega pedido de caminhoneiros para fechar rodovias durante a greve<\/h2>\n<p>De acordo com boletim do Minist\u00e9rio da Infraestrutura, divulgado nesta segunda-feira (1\u00ba), o Supremo Tribunal Federal (STF) indeferiu o Mandado de Seguran\u00e7a e a Reclama\u00e7\u00e3o impetrados por entidades que buscam bloquear rodovias como forma de protesto em favor do transporte rodovi\u00e1rio de cargas aut\u00f4nomo.<\/p>\n<p>Os 29 interditos proibit\u00f3rios que impedem interdi\u00e7\u00f5es na malha rodovi\u00e1ria federal e em pontos log\u00edsticos estrat\u00e9gicos continuam valendo, segundo o comunicado do minist\u00e9rio, sobre a <strong>greve dos caminhoneiros<\/strong>.<\/p>\n<p><em>Com informa\u00e7\u00f5es do Estad\u00e3o Conte\u00fado<\/em><\/p>\n\t<p>\n\t\t<a href=\"https:\/\/lp.suno.com.br\/planilha-de-controle-de-investimentos\/\" target=\"_blank\" data-element=\"shortcode-suno-banner\" title=\"Banner SUNO, clique e saiba mais\">\n\t\t\t<picture>\n\t\t\t\t<source media=\"(max-width: 500px)\" srcset=\"https:\/\/files.sunoresearch.com.br\/n\/uploads\/2023\/03\/400x300-Controle-de-Investimentos.png\">\n\t\t\t\t<img class=\"newsContent__article__imgCapa newsContent__article__imgCapa--banner\"\n\t\t\t\t\tsrc=\"https:\/\/files.sunoresearch.com.br\/n\/uploads\/2023\/03\/1420x240-Controle-de-Investimentos.png\"\n\t\t\t\t\tdata-promo-id=\"75934\"\t\t\t\t\t\t\t\t\t\twidth='1420' height='240'\t\t\t\t\talt=\"https:\/\/files.sunoresearch.com.br\/n\/uploads\/2023\/03\/1420x240-Controle-de-Investimentos.png\"\n\t\t\t\t>\n\t\t\t<\/picture>\n\t\t<\/a>\n\t<\/p>\n\n\n","protected":false},"excerpt":{"rendered":"<p>N\u00e3o h\u00e1 bloqueios em rodovias federais e pontos log\u00edsticos estrat\u00e9gicos do Pa\u00eds. A informa\u00e7\u00e3o \u00e9 do minist\u00e9rio da Infraestrutura, em balan\u00e7o sobre a greve dos caminhoneiros divulgado nesta ter\u00e7a (2). Presidente da Petrobras (PETR4), Silva e Luna &#8211; Foto: Marcelo Camargo\/Ag\u00eancia Brasil O relat\u00f3rio tem como base informa\u00e7\u00f5es do Minist\u00e9rio da Justi\u00e7a e Seguran\u00e7a P\u00fablica [&hellip;]<\/p>\n","protected":false},"author":43,"featured_media":194426,"comment_status":"closed","ping_status":"closed","sticky":false,"template":"","format":"standard","meta":[],"categories":[62],"tags":[833],"suno_strategy":[],"class_list":["post-200246","post","type-post","status-publish","format-standard","has-post-thumbnail","hentry","category-economia","tag-greve-dos-caminhoneiros"],"yoast_head":"<!-- This site is optimized with the Yoast SEO plugin v24.4 - https:\/\/yoast.com\/wordpress\/plugins\/seo\/ -->\n<title>Greve dos caminhoneiros: rodovias n\u00e3o t\u00eam bloqueios, diz governo<\/title>\n<meta name=\"description\" content=\"N\u00e3o h\u00e1 bloqueios em pontos log\u00edsticos estrat\u00e9gicos do Pa\u00eds, diz o minist\u00e9rio da Infraestrutura, em balan\u00e7o sobre a greve dos caminhoneiros.\" \/>\n<meta name=\"robots\" content=\"index, follow, max-snippet:-1, max-image-preview:large, max-video-preview:-1\" \/>\n<link rel=\"canonical\" href=\"https:\/\/www.suno.com.br\/noticias\/greve-caminhoneiros-rodovias-pontos-logisticos-bloqueios\/\" \/>\n<meta property=\"og:locale\" content=\"pt_BR\" \/>\n<meta property=\"og:type\" content=\"article\" \/>\n<meta property=\"og:title\" content=\"Greve dos caminhoneiros: rodovias n\u00e3o t\u00eam bloqueios, diz governo\" \/>\n<meta property=\"og:description\" content=\"N\u00e3o h\u00e1 bloqueios em pontos log\u00edsticos estrat\u00e9gicos do Pa\u00eds, diz o minist\u00e9rio da Infraestrutura, em balan\u00e7o sobre a greve dos caminhoneiros.\" \/>\n<meta property=\"og:url\" content=\"https:\/\/www.suno.com.br\/noticias\/greve-caminhoneiros-rodovias-pontos-logisticos-bloqueios\/\" \/>\n<meta property=\"og:site_name\" content=\"Suno Not\u00edcias\" \/>\n<meta property=\"article:publisher\" content=\"https:\/\/facebook.com\/sunoresearch\" \/>\n<meta property=\"article:author\" content=\"https:\/\/www.facebook.com\/sunonoticias\/\" \/>\n<meta property=\"og:image\" content=\"https:\/\/files.sunoresearch.com.br\/n\/uploads\/2021\/10\/caminhoneiros_EBC-scaled.jpg\" \/>\n\t<meta property=\"og:image:width\" content=\"2560\" \/>\n\t<meta property=\"og:image:height\" content=\"1707\" \/>\n\t<meta property=\"og:image:type\" content=\"image\/jpeg\" \/>\n<meta name=\"author\" content=\"Reda\u00e7\u00e3o Suno Not\u00edcias\" \/>\n<meta name=\"twitter:card\" content=\"summary_large_image\" \/>\n<meta name=\"twitter:creator\" content=\"@https:\/\/twitter.com\/sunoresearch\" \/>\n<meta name=\"twitter:site\" content=\"@sunoresearch\" \/>\n<meta name=\"twitter:label1\" content=\"Escrito por\" \/>\n\t<meta name=\"twitter:data1\" content=\"Reda\u00e7\u00e3o Suno Not\u00edcias\" \/>\n\t<meta name=\"twitter:label2\" content=\"Est. tempo de leitura\" \/>\n\t<meta name=\"twitter:data2\" content=\"4 minutos\" \/>\n<script type=\"application\/ld+json\" class=\"yoast-schema-graph\">{\"@context\":\"https:\/\/schema.org\",\"@graph\":[{\"@type\":\"NewsArticle\",\"@id\":\"https:\/\/www.suno.com.br\/noticias\/greve-caminhoneiros-rodovias-pontos-logisticos-bloqueios\/#article\",\"isPartOf\":{\"@id\":\"https:\/\/www.suno.com.br\/noticias\/greve-caminhoneiros-rodovias-pontos-logisticos-bloqueios\/\"},\"author\":{\"name\":\"Reda\u00e7\u00e3o Suno Not\u00edcias\",\"@id\":\"https:\/\/www.suno.com.br\/noticias\/#\/schema\/person\/c1b1bd3727fa852bd045e9dbff3673ea\"},\"headline\":\"Greve dos caminhoneiros: rodovias n\u00e3o t\u00eam bloqueios e pontos de interdi\u00e7\u00f5es, diz governo\",\"datePublished\":\"2021-11-02T17:01:01+00:00\",\"dateModified\":\"2021-11-02T19:27:12+00:00\",\"mainEntityOfPage\":{\"@id\":\"https:\/\/www.suno.com.br\/noticias\/greve-caminhoneiros-rodovias-pontos-logisticos-bloqueios\/\"},\"wordCount\":893,\"publisher\":{\"@id\":\"https:\/\/www.suno.com.br\/noticias\/#organization\"},\"image\":{\"@id\":\"https:\/\/www.suno.com.br\/noticias\/greve-caminhoneiros-rodovias-pontos-logisticos-bloqueios\/#primaryimage\"},\"thumbnailUrl\":\"https:\/\/files.sunoresearch.com.br\/n\/uploads\/2021\/10\/caminhoneiros_EBC-scaled.jpg\",\"keywords\":[\"greve dos caminhoneiros\"],\"articleSection\":[\"Economia\"],\"inLanguage\":\"pt-BR\"},{\"@type\":\"WebPage\",\"@id\":\"https:\/\/www.suno.com.br\/noticias\/greve-caminhoneiros-rodovias-pontos-logisticos-bloqueios\/\",\"url\":\"https:\/\/www.suno.com.br\/noticias\/greve-caminhoneiros-rodovias-pontos-logisticos-bloqueios\/\",\"name\":\"Greve dos caminhoneiros: rodovias n\u00e3o t\u00eam bloqueios, diz governo\",\"isPartOf\":{\"@id\":\"https:\/\/www.suno.com.br\/noticias\/#website\"},\"primaryImageOfPage\":{\"@id\":\"https:\/\/www.suno.com.br\/noticias\/greve-caminhoneiros-rodovias-pontos-logisticos-bloqueios\/#primaryimage\"},\"image\":{\"@id\":\"https:\/\/www.suno.com.br\/noticias\/greve-caminhoneiros-rodovias-pontos-logisticos-bloqueios\/#primaryimage\"},\"thumbnailUrl\":\"https:\/\/files.sunoresearch.com.br\/n\/uploads\/2021\/10\/caminhoneiros_EBC-scaled.jpg\",\"datePublished\":\"2021-11-02T17:01:01+00:00\",\"dateModified\":\"2021-11-02T19:27:12+00:00\",\"description\":\"N\u00e3o h\u00e1 bloqueios em pontos log\u00edsticos estrat\u00e9gicos do Pa\u00eds, diz o minist\u00e9rio da Infraestrutura, em balan\u00e7o sobre a greve dos caminhoneiros.\",\"breadcrumb\":{\"@id\":\"https:\/\/www.suno.com.br\/noticias\/greve-caminhoneiros-rodovias-pontos-logisticos-bloqueios\/#breadcrumb\"},\"inLanguage\":\"pt-BR\",\"potentialAction\":[{\"@type\":\"ReadAction\",\"target\":[\"https:\/\/www.suno.com.br\/noticias\/greve-caminhoneiros-rodovias-pontos-logisticos-bloqueios\/\"]}]},{\"@type\":\"ImageObject\",\"inLanguage\":\"pt-BR\",\"@id\":\"https:\/\/www.suno.com.br\/noticias\/greve-caminhoneiros-rodovias-pontos-logisticos-bloqueios\/#primaryimage\",\"url\":\"https:\/\/files.sunoresearch.com.br\/n\/uploads\/2021\/10\/caminhoneiros_EBC-scaled.jpg\",\"contentUrl\":\"https:\/\/files.sunoresearch.com.br\/n\/uploads\/2021\/10\/caminhoneiros_EBC-scaled.jpg\",\"width\":2560,\"height\":1707,\"caption\":\"Caminhoneiros - Foto: Tomaz Silva\/Ag\u00eancia Brasil\"},{\"@type\":\"BreadcrumbList\",\"@id\":\"https:\/\/www.suno.com.br\/noticias\/greve-caminhoneiros-rodovias-pontos-logisticos-bloqueios\/#breadcrumb\",\"itemListElement\":[{\"@type\":\"ListItem\",\"position\":1,\"name\":\"Not\u00edcias\",\"item\":\"https:\/\/www.suno.com.br\/noticias\/\"},{\"@type\":\"ListItem\",\"position\":2,\"name\":\"Economia\",\"item\":\"https:\/\/www.suno.com.br\/noticias\/economia\/\"},{\"@type\":\"ListItem\",\"position\":3,\"name\":\"Greve dos caminhoneiros: rodovias n\u00e3o t\u00eam bloqueios e pontos de interdi\u00e7\u00f5es, diz governo\"}]},{\"@type\":\"WebSite\",\"@id\":\"https:\/\/www.suno.com.br\/noticias\/#website\",\"url\":\"https:\/\/www.suno.com.br\/noticias\/\",\"name\":\"Suno Not\u00edcias\",\"description\":\"Seu portal de informa\u00e7\u00e3o sobre o mundo dos investimentos\",\"publisher\":{\"@id\":\"https:\/\/www.suno.com.br\/noticias\/#organization\"},\"potentialAction\":[{\"@type\":\"SearchAction\",\"target\":{\"@type\":\"EntryPoint\",\"urlTemplate\":\"https:\/\/www.suno.com.br\/noticias\/?s={search_term_string}\"},\"query-input\":{\"@type\":\"PropertyValueSpecification\",\"valueRequired\":true,\"valueName\":\"search_term_string\"}}],\"inLanguage\":\"pt-BR\"},{\"@type\":\"Organization\",\"@id\":\"https:\/\/www.suno.com.br\/noticias\/#organization\",\"name\":\"Suno Not\u00edcias\",\"url\":\"https:\/\/www.suno.com.br\/noticias\/\",\"logo\":{\"@type\":\"ImageObject\",\"inLanguage\":\"pt-BR\",\"@id\":\"https:\/\/www.suno.com.br\/noticias\/#\/schema\/logo\/image\/\",\"url\":\"https:\/\/files.sunoresearch.com.br\/n\/uploads\/2021\/09\/suno-logo.png\",\"contentUrl\":\"https:\/\/files.sunoresearch.com.br\/n\/uploads\/2021\/09\/suno-logo.png\",\"width\":180,\"height\":180,\"caption\":\"Suno Not\u00edcias\"},\"image\":{\"@id\":\"https:\/\/www.suno.com.br\/noticias\/#\/schema\/logo\/image\/\"},\"sameAs\":[\"https:\/\/facebook.com\/sunoresearch\",\"https:\/\/x.com\/sunoresearch\",\"https:\/\/www.instagram.com\/suno\",\"https:\/\/www.linkedin.com\/company\/suno-research\/\",\"https:\/\/www.youtube.com\/c\/sunoresearch\"]},{\"@type\":\"Person\",\"@id\":\"https:\/\/www.suno.com.br\/noticias\/#\/schema\/person\/c1b1bd3727fa852bd045e9dbff3673ea\",\"name\":\"Reda\u00e7\u00e3o Suno Not\u00edcias\",\"image\":{\"@type\":\"ImageObject\",\"inLanguage\":\"pt-BR\",\"@id\":\"https:\/\/www.suno.com.br\/noticias\/#\/schema\/person\/image\/\",\"url\":\"https:\/\/secure.gravatar.com\/avatar\/b8104b9b5a71985d5238ee59fbe418af?s=96&r=g\",\"contentUrl\":\"https:\/\/secure.gravatar.com\/avatar\/b8104b9b5a71985d5238ee59fbe418af?s=96&r=g\",\"caption\":\"Reda\u00e7\u00e3o Suno Not\u00edcias\"},\"description\":\"O Suno Not\u00edcias \u00e9 um portal de informa\u00e7\u00f5es sobre Mercado Financeiro, Pol\u00edtica, Neg\u00f3cios, Economia e Finan\u00e7as Pessoais.\",\"sameAs\":[\"https:\/\/www.suno.com.br\/noticias\",\"https:\/\/www.facebook.com\/sunonoticias\/\",\"https:\/\/www.instagram.com\/sunonoticias\/\",\"https:\/\/x.com\/https:\/\/twitter.com\/sunoresearch\",\"https:\/\/www.youtube.com\/sunonoticias\"],\"url\":\"https:\/\/www.suno.com.br\/noticias\/author\/redacao-suno\/\"}]}<\/script>\n<!-- \/ Yoast SEO plugin. -->","yoast_head_json":{"title":"Greve dos caminhoneiros: rodovias n\u00e3o t\u00eam bloqueios, diz governo","description":"N\u00e3o h\u00e1 bloqueios em pontos log\u00edsticos estrat\u00e9gicos do Pa\u00eds, diz o minist\u00e9rio da Infraestrutura, em balan\u00e7o sobre a greve dos caminhoneiros.","robots":{"index":"index","follow":"follow","max-snippet":"max-snippet:-1","max-image-preview":"max-image-preview:large","max-video-preview":"max-video-preview:-1"},"canonical":"https:\/\/www.suno.com.br\/noticias\/greve-caminhoneiros-rodovias-pontos-logisticos-bloqueios\/","og_locale":"pt_BR","og_type":"article","og_title":"Greve dos caminhoneiros: rodovias n\u00e3o t\u00eam bloqueios, diz governo","og_description":"N\u00e3o h\u00e1 bloqueios em pontos log\u00edsticos estrat\u00e9gicos do Pa\u00eds, diz o minist\u00e9rio da Infraestrutura, em balan\u00e7o sobre a greve dos caminhoneiros.","og_url":"https:\/\/www.suno.com.br\/noticias\/greve-caminhoneiros-rodovias-pontos-logisticos-bloqueios\/","og_site_name":"Suno Not\u00edcias","article_publisher":"https:\/\/facebook.com\/sunoresearch","article_author":"https:\/\/www.facebook.com\/sunonoticias\/","og_image":[{"width":2560,"height":1707,"url":"https:\/\/files.sunoresearch.com.br\/n\/uploads\/2021\/10\/caminhoneiros_EBC-scaled.jpg","type":"image\/jpeg"}],"author":"Reda\u00e7\u00e3o Suno Not\u00edcias","twitter_card":"summary_large_image","twitter_creator":"@https:\/\/twitter.com\/sunoresearch","twitter_site":"@sunoresearch","twitter_misc":{"Escrito por":"Reda\u00e7\u00e3o Suno Not\u00edcias","Est. tempo de leitura":"4 minutos"},"schema":{"@context":"https:\/\/schema.org","@graph":[{"@type":"NewsArticle","@id":"https:\/\/www.suno.com.br\/noticias\/greve-caminhoneiros-rodovias-pontos-logisticos-bloqueios\/#article","isPartOf":{"@id":"https:\/\/www.suno.com.br\/noticias\/greve-caminhoneiros-rodovias-pontos-logisticos-bloqueios\/"},"author":{"name":"Reda\u00e7\u00e3o Suno Not\u00edcias","@id":"https:\/\/www.suno.com.br\/noticias\/#\/schema\/person\/c1b1bd3727fa852bd045e9dbff3673ea"},"headline":"Greve dos caminhoneiros: rodovias n\u00e3o t\u00eam bloqueios e pontos de interdi\u00e7\u00f5es, diz governo","datePublished":"2021-11-02T17:01:01+00:00","dateModified":"2021-11-02T19:27:12+00:00","mainEntityOfPage":{"@id":"https:\/\/www.suno.com.br\/noticias\/greve-caminhoneiros-rodovias-pontos-logisticos-bloqueios\/"},"wordCount":893,"publisher":{"@id":"https:\/\/www.suno.com.br\/noticias\/#organization"},"image":{"@id":"https:\/\/www.suno.com.br\/noticias\/greve-caminhoneiros-rodovias-pontos-logisticos-bloqueios\/#primaryimage"},"thumbnailUrl":"https:\/\/files.sunoresearch.com.br\/n\/uploads\/2021\/10\/caminhoneiros_EBC-scaled.jpg","keywords":["greve dos caminhoneiros"],"articleSection":["Economia"],"inLanguage":"pt-BR"},{"@type":"WebPage","@id":"https:\/\/www.suno.com.br\/noticias\/greve-caminhoneiros-rodovias-pontos-logisticos-bloqueios\/","url":"https:\/\/www.suno.com.br\/noticias\/greve-caminhoneiros-rodovias-pontos-logisticos-bloqueios\/","name":"Greve dos caminhoneiros: rodovias n\u00e3o t\u00eam bloqueios, diz governo","isPartOf":{"@id":"https:\/\/www.suno.com.br\/noticias\/#website"},"primaryImageOfPage":{"@id":"https:\/\/www.suno.com.br\/noticias\/greve-caminhoneiros-rodovias-pontos-logisticos-bloqueios\/#primaryimage"},"image":{"@id":"https:\/\/www.suno.com.br\/noticias\/greve-caminhoneiros-rodovias-pontos-logisticos-bloqueios\/#primaryimage"},"thumbnailUrl":"https:\/\/files.sunoresearch.com.br\/n\/uploads\/2021\/10\/caminhoneiros_EBC-scaled.jpg","datePublished":"2021-11-02T17:01:01+00:00","dateModified":"2021-11-02T19:27:12+00:00","description":"N\u00e3o h\u00e1 bloqueios em pontos log\u00edsticos estrat\u00e9gicos do Pa\u00eds, diz o minist\u00e9rio da Infraestrutura, em balan\u00e7o sobre a greve dos caminhoneiros.","breadcrumb":{"@id":"https:\/\/www.suno.com.br\/noticias\/greve-caminhoneiros-rodovias-pontos-logisticos-bloqueios\/#breadcrumb"},"inLanguage":"pt-BR","potentialAction":[{"@type":"ReadAction","target":["https:\/\/www.suno.com.br\/noticias\/greve-caminhoneiros-rodovias-pontos-logisticos-bloqueios\/"]}]},{"@type":"ImageObject","inLanguage":"pt-BR","@id":"https:\/\/www.suno.com.br\/noticias\/greve-caminhoneiros-rodovias-pontos-logisticos-bloqueios\/#primaryimage","url":"https:\/\/files.sunoresearch.com.br\/n\/uploads\/2021\/10\/caminhoneiros_EBC-scaled.jpg","contentUrl":"https:\/\/files.sunoresearch.com.br\/n\/uploads\/2021\/10\/caminhoneiros_EBC-scaled.jpg","width":2560,"height":1707,"caption":"Caminhoneiros - Foto: Tomaz Silva\/Ag\u00eancia Brasil"},{"@type":"BreadcrumbList","@id":"https:\/\/www.suno.com.br\/noticias\/greve-caminhoneiros-rodovias-pontos-logisticos-bloqueios\/#breadcrumb","itemListElement":[{"@type":"ListItem","position":1,"name":"Not\u00edcias","item":"https:\/\/www.suno.com.br\/noticias\/"},{"@type":"ListItem","position":2,"name":"Economia","item":"https:\/\/www.suno.com.br\/noticias\/economia\/"},{"@type":"ListItem","position":3,"name":"Greve dos caminhoneiros: rodovias n\u00e3o t\u00eam bloqueios e pontos de interdi\u00e7\u00f5es, diz governo"}]},{"@type":"WebSite","@id":"https:\/\/www.suno.com.br\/noticias\/#website","url":"https:\/\/www.suno.com.br\/noticias\/","name":"Suno Not\u00edcias","description":"Seu portal de informa\u00e7\u00e3o sobre o mundo dos investimentos","publisher":{"@id":"https:\/\/www.suno.com.br\/noticias\/#organization"},"potentialAction":[{"@type":"SearchAction","target":{"@type":"EntryPoint","urlTemplate":"https:\/\/www.suno.com.br\/noticias\/?s={search_term_string}"},"query-input":{"@type":"PropertyValueSpecification","valueRequired":true,"valueName":"search_term_string"}}],"inLanguage":"pt-BR"},{"@type":"Organization","@id":"https:\/\/www.suno.com.br\/noticias\/#organization","name":"Suno Not\u00edcias","url":"https:\/\/www.suno.com.br\/noticias\/","logo":{"@type":"ImageObject","inLanguage":"pt-BR","@id":"https:\/\/www.suno.com.br\/noticias\/#\/schema\/logo\/image\/","url":"https:\/\/files.sunoresearch.com.br\/n\/uploads\/2021\/09\/suno-logo.png","contentUrl":"https:\/\/files.sunoresearch.com.br\/n\/uploads\/2021\/09\/suno-logo.png","width":180,"height":180,"caption":"Suno Not\u00edcias"},"image":{"@id":"https:\/\/www.suno.com.br\/noticias\/#\/schema\/logo\/image\/"},"sameAs":["https:\/\/facebook.com\/sunoresearch","https:\/\/x.com\/sunoresearch","https:\/\/www.instagram.com\/suno","https:\/\/www.linkedin.com\/company\/suno-research\/","https:\/\/www.youtube.com\/c\/sunoresearch"]},{"@type":"Person","@id":"https:\/\/www.suno.com.br\/noticias\/#\/schema\/person\/c1b1bd3727fa852bd045e9dbff3673ea","name":"Reda\u00e7\u00e3o Suno Not\u00edcias","image":{"@type":"ImageObject","inLanguage":"pt-BR","@id":"https:\/\/www.suno.com.br\/noticias\/#\/schema\/person\/image\/","url":"https:\/\/secure.gravatar.com\/avatar\/b8104b9b5a71985d5238ee59fbe418af?s=96&r=g","contentUrl":"https:\/\/secure.gravatar.com\/avatar\/b8104b9b5a71985d5238ee59fbe418af?s=96&r=g","caption":"Reda\u00e7\u00e3o Suno Not\u00edcias"},"description":"O Suno Not\u00edcias \u00e9 um portal de informa\u00e7\u00f5es sobre Mercado Financeiro, Pol\u00edtica, Neg\u00f3cios, Economia e Finan\u00e7as Pessoais.","sameAs":["https:\/\/www.suno.com.br\/noticias","https:\/\/www.facebook.com\/sunonoticias\/","https:\/\/www.instagram.com\/sunonoticias\/","https:\/\/x.com\/https:\/\/twitter.com\/sunoresearch","https:\/\/www.youtube.com\/sunonoticias"],"url":"https:\/\/www.suno.com.br\/noticias\/author\/redacao-suno\/"}]}},"default_loop_html":"<div class=\"cardsPage__listCard__boxs\"><div class=\"cardsPage__listCard__boxs__img\"><a href=\"https:\/\/www.suno.com.br\/noticias\/petrobras-petr4-presidente-responde-bolsonaro\/\"><img class=\"mask\" src=\"https:\/\/www.suno.com.br\/noticias\/wp-content\/themes\/suno\/resources\/images\/spotlight\/spotlight1img\/bg-mask.png\" alt=\"Image Mask\"\/><img src=\"https:\/\/files.sunoresearch.com.br\/n\/uploads\/2021\/09\/mcmgo_abr_2910191346-400x200.jpg\" alt=\"Presidente da Petrobras (PETR4) responde declara\u00e7\u00f5es de Bolsonaro e diz que n\u00e3o h\u00e1 press\u00e3o pela greve de caminhoneiros\"\/><\/a><span class=\"spotlightCategory\"><a href=\"https:\/\/www.suno.com.br\/noticias\/economia\/\">Economia<\/a><\/span><\/div><div class=\"cardsPage__listCard__boxs__content\"><a href=\"https:\/\/www.suno.com.br\/noticias\/petrobras-petr4-presidente-responde-bolsonaro\/\"><h2 class=\"content__title\">Presidente da Petrobras (PETR4) responde declara\u00e7\u00f5es de Bolsonaro e diz que n\u00e3o h\u00e1 press\u00e3o pela greve de caminhoneiros<\/h2><\/a><div class=\"newsContent__article__meta\"><div class=\"newsContent__article__meta__authorBox\"><a href=\"https:\/\/www.suno.com.br\/noticias\/author\/bruno-garcia\/\" class=\"authorBox__avatar noMobi\"><img src=\"https:\/\/secure.gravatar.com\/avatar\/53598df0b41c00f12f287a912d0e918e?s=96&#038;r=g\" alt=\"Bruno Galv\u00e3o\"><\/a><div class=\"authorBox__name\"><span>por\n\t\t\t<a href=\"https:\/\/www.suno.com.br\/noticias\/author\/bruno-garcia\/\"><span itemprop=\"author\">Bruno Galv\u00e3o<\/span><\/a><\/span><time datetime=\"2021-10-29T17:34:36-03:00\" itemprop=\"datePublished\">29\/10\/2021 17:34<\/time><\/div><\/div><\/div><\/div><\/div>","single_layout":"posts","amp_enabled":true,"_links":{"self":[{"href":"https:\/\/www.suno.com.br\/noticias\/wp-json\/wp\/v2\/posts\/200246"}],"collection":[{"href":"https:\/\/www.suno.com.br\/noticias\/wp-json\/wp\/v2\/posts"}],"about":[{"href":"https:\/\/www.suno.com.br\/noticias\/wp-json\/wp\/v2\/types\/post"}],"author":[{"embeddable":true,"href":"https:\/\/www.suno.com.br\/noticias\/wp-json\/wp\/v2\/users\/43"}],"replies":[{"embeddable":true,"href":"https:\/\/www.suno.com.br\/noticias\/wp-json\/wp\/v2\/comments?post=200246"}],"version-history":[{"count":3,"href":"https:\/\/www.suno.com.br\/noticias\/wp-json\/wp\/v2\/posts\/200246\/revisions"}],"predecessor-version":[{"id":200355,"href":"https:\/\/www.suno.com.br\/noticias\/wp-json\/wp\/v2\/posts\/200246\/revisions\/200355"}],"wp:featuredmedia":[{"embeddable":true,"href":"https:\/\/www.suno.com.br\/noticias\/wp-json\/wp\/v2\/media\/194426"}],"wp:attachment":[{"href":"https:\/\/www.suno.com.br\/noticias\/wp-json\/wp\/v2\/media?parent=200246"}],"wp:term":[{"taxonomy":"category","embeddable":true,"href":"https:\/\/www.suno.com.br\/noticias\/wp-json\/wp\/v2\/categories?post=200246"},{"taxonomy":"post_tag","embeddable":true,"href":"https:\/\/www.suno.com.br\/noticias\/wp-json\/wp\/v2\/tags?post=200246"},{"taxonomy":"suno_strategy","embeddable":true,"href":"https:\/\/www.suno.com.br\/noticias\/wp-json\/wp\/v2\/suno_strategy?post=200246"}],"curies":[{"name":"wp","href":"https:\/\/api.w.org\/{rel}","templated":true}]}}