{"id":200212,"date":"2021-11-01T22:19:25","date_gmt":"2021-11-02T01:19:25","guid":{"rendered":"https:\/\/www.suno.com.br\/noticias\/?p=200212"},"modified":"2021-11-01T22:32:34","modified_gmt":"2021-11-02T01:32:34","slug":"radar-smart-fit-smft3-alpargatas-alpa4-oskken-agribrasil-grao3-porto-sc","status":"publish","type":"post","link":"https:\/\/www.suno.com.br\/noticias\/radar-smart-fit-smft3-alpargatas-alpa4-oskken-agribrasil-grao3-porto-sc\/","title":{"rendered":"Radar: Smart Fit (SMFT3) compra 10% de rede mexicana, Alpargatas (ALPA4) vender\u00e1 fatia na Osklen, AgriBrasil (GRAO3) adquire porto em SC"},"content":{"rendered":"<p>Ap\u00f3s seis meses de estudo sobre a compra, a\u00a0<a href=\"https:\/\/www.suno.com.br\/acoes\/smft3\"><strong>Smart Fit<\/strong>\u00a0(SMFT3)<\/a>\u00a0adquiriu 10% da rede de academias mexicana Sports World.<\/p>\t<div class=\"wrapper-featured-image\">\n\t\t<figure class=\"spotlightImg\">\n\n\t\t\t<picture>\n\t\t\t\t<source media=\"(max-width: 768px)\" srcset=\"https:\/\/files.sunoresearch.com.br\/n\/uploads\/2021\/05\/de5d5245-smartfit-400x200.webp\">\n\t\t\t\t<img loading=\"lazy\" decoding=\"async\" class=\"newsContent__article__imgCapa lazyloadDisabled \" src=\"https:\/\/files.sunoresearch.com.br\/n\/uploads\/2021\/05\/de5d5245-smartfit-800x450.webp\" width=\"800\" height=\"450\" alt=\"Radar: Smart Fit (SMFT3) compra 10% de rede mexicana, Alpargatas (ALPA4) vender\u00e1 fatia na Osklen, AgriBrasil (GRAO3) adquire porto em SC\" fetchpriority=high \/>\n\t\t\t<\/picture>\n\n\t\t\t<figcaption class=\"wp-caption-text wp-caption-text--show\">Smart Fit (SMFT3). Foto: Reprodu\u00e7\u00e3o\/Site  Smart Fit<\/figcaption>\n\t\t<\/figure>\n\t<\/div>\n\n\n<p>A\u00a0<strong>rede de academias<\/strong>\u00a0pode aumentar a sua participa\u00e7\u00e3o no futuro. Segundo\u00a0<strong><a class=\"suno-keyword\" href=\"https:\/\/www.suno.com.br\/tudo-sobre\/edgard-corona\/\" target=\"_blank\" rel=\"noopener\" data-force=\"no\" data-priority=\"2\">Edgard Corona<\/a><\/strong>, presidente e fundador da Smart Fit, a empresa ajudar\u00e1 a atual gest\u00e3o a melhorar os resultados e, depois, deve elevar a fatia<a href=\"https:\/\/www.suno.com.br\/artigos\/capital-social\">\u00a0na composi\u00e7\u00e3o acion\u00e1ria<\/a>.<\/p>\n<p>O trabalho n\u00e3o vai ser t\u00e3o simples. Como o pr\u00f3prio Corona j\u00e1 definiu, a Sports Word \u00e9 uma \u201cBio Ritmo das antigas\u201d.<\/p>\n<p>Antes de criar o modelo da Smart Fit, que consiste na constru\u00e7\u00e3o de\u00a0<strong>academias<\/strong>\u00a0com aparelhos robustos, mas sem tantos professores \u00e0 disposi\u00e7\u00e3o dos alunos, o empres\u00e1rio apostava no modelo da Bio Ritmo, voltado para as classes A e B e com uma s\u00e9rie de aulas especiais e com unidades que contam at\u00e9 mesmo com piscinas.<\/p>\n<p>Esse modelo, no entanto, n\u00e3o se mostrou vi\u00e1vel para um projeto em escala maior. Ap\u00f3s o in\u00edcio da Smart Fit, Corona come\u00e7ou a\u00a0<a href=\"https:\/\/www.suno.com.br\/artigos\/margem-bruta\/\">melhorar as\u00a0<strong>margens<\/strong>\u00a0da sua bandeira mais cara<\/a>, algo que ele quer levar tamb\u00e9m para o\u00a0<strong>M\u00e9xico<\/strong>.<\/p>\n<p>Enquanto nas academias da\u00a0<strong>Sports World<\/strong>\u00a0a margem gira entre 15% a 20%, a das academias da Smart Fit alcan\u00e7a entre 35% e 40%.<\/p>\n<p>\u201cEssa compra de participa\u00e7\u00e3o nos permitir\u00e1 interagir mais com os controladores e formatar melhor a opera\u00e7\u00e3o. Estando dentro da empresa, \u00e9 mais f\u00e1cil ter conhecimento da opera\u00e7\u00e3o e criar novos planos de voo\u201d, afirma Corona.<\/p>\n<p>Al\u00e9m da Smart Fit, veja outras empresas que ficaram no radar nesta segunda-feira:<\/p>\n<h2 class=\"newsContent__article__title\">Alpargatas (ALPA4) ir\u00e1 vender sua participa\u00e7\u00e3o na Osklen; opera\u00e7\u00e3o pode movimentar R$ 400 milh\u00f5es<\/h2>\n<ul>\n<li>A fabricante de cal\u00e7ados <strong>Alpargatas<\/strong>\u00a0(ALPA4), dona da Havaianas, comunicou ao mercado, nesta segunda-feira (1\u00ba), que recebeu do Grupo Dass uma oferta vinculante para aquisi\u00e7\u00e3o da totalidade da participa\u00e7\u00e3o que a empresa det\u00e9m na Osklen \u2014 o que representa 60% do capital.<\/li>\n<li>Segundo a Alpargatas, o valor total da proposta poder\u00e1 chegar a<strong>\u00a0R$ 400 milh\u00f5es<\/strong>. A proposta \u00e9 composta por um montante de R$ 300 milh\u00f5es a ser pago em tr\u00eas parcelas, e uma soma vari\u00e1vel de at\u00e9 R$ 100 milh\u00f5es, condicionada a determinadas metas durante os exerc\u00edcios de 2022 e 2023.<\/li>\n<li>O pagamento ser\u00e1 feito em at\u00e9 quatro anos do recebimento da proposta.<\/li>\n<li>\u201cA aliena\u00e7\u00e3o da participa\u00e7\u00e3o detida na <strong>Osklen<\/strong>\u00a0est\u00e1 em linha com o planejamento estrat\u00e9gico da Alpargatas, que prev\u00ea seu crescimento org\u00e2nico por meio da expans\u00e3o de Havaianas em categorias beyond core, e tamb\u00e9m no crescimento inorg\u00e2nico da companhia, por meio de novas marcas, novos produtos ou novas solu\u00e7\u00f5es digitais\u201d, disse o fato relevante da Alpargatas.<\/li>\n<\/ul>\n<h2 class=\"newsContent__article__title\">AgriBrasil (GRAO3) compra terminal portu\u00e1rio em S\u00e3o Francisco do Sul (SC)<\/h2>\n<ul>\n<li>A Humberg<strong>\u00a0AgriBrasil<\/strong>\u00a0(GRAO3) adquiriu o controle do Terminal Santa Catarina (Tesc). O ativo est\u00e1 localizado estrategicamente no complexo portu\u00e1rio de S\u00e3o Francisco do Sul (SC).<\/li>\n<li>\u201cPr\u00f3ximo \u00e0 rodovia BR-101 e \u00e0 malha ferrovi\u00e1ria, o terminal permite r\u00e1pido acesso aos principais centros industriais, econ\u00f4micos da regi\u00e3o sul e sudeste do Brasil, conferindo agilidade no fluxo de cargas de importa\u00e7\u00e3o e exporta\u00e7\u00e3o\u201d, afirma o <strong><a class=\"suno-keyword\" href=\"https:\/\/www.suno.com.br\/artigos\/fato-relevante\/\" target=\"_blank\" rel=\"noopener\" data-force=\"no\" data-priority=\"1\">fato relevante<\/a>\u00a0da Agribrasil<\/strong>\u00a0publicado na \u00faltima sexta-feira (29)<\/li>\n<li>O terminal \u00e9 especializado em opera\u00e7\u00e3o de produtos sider\u00fargicos, gran\u00e9is s\u00f3lidos, carga geral e carga de projeto. Movimenta cargas de todas as partes do mundo.<\/li>\n<\/ul>\n<p><a href=\"https:\/\/lp.suno.com.br\/black-friday\/\" target=\"_blank\" rel=\"noopener\" data-element=\"shortcode-suno-banner\" data-parameter=\"banner-mat-1-https:\/\/lp.suno.com.br\/black-friday\/\"><picture><source srcset=\"https:\/\/files.sunoresearch.com.br\/n\/uploads\/2021\/10\/Banner-Noticias-400x300-9-1-400x300.jpg\" media=\"(max-width: 500px)\" data-srcset=\"https:\/\/files.sunoresearch.com.br\/n\/uploads\/2021\/10\/Banner-Noticias-400x300-9-1-400x300.jpg\" \/><\/picture><\/a><\/p>\n<ul>\n<li>O Tesc conta ainda com canal de acesso, bacia de evolu\u00e7\u00e3o e ber\u00e7os de atraca\u00e7\u00e3o preparados para receber diversos tipos de embarca\u00e7\u00f5es.<\/li>\n<li>De acordo com o documento, o Tesc conta atualmente com tr\u00eas ber\u00e7os de atraca\u00e7\u00e3o. Um deles est\u00e1 sendo remodelado para atender a <strong>exporta\u00e7\u00e3o de gr\u00e3os<\/strong>\u00a0(soja e milho) com uma capacidade m\u00e1xima anual de aproximadamente 7,5 milh\u00f5es de toneladas e calado de 12,8 metros. Atende assim a exporta\u00e7\u00e3o de navios tipo Panamax.<\/li>\n<\/ul>\n<h2 class=\"newsContent__article__title\">Gol (GOLL4) quer aumentar em 10% a demanda do m\u00eas de novembro, com retomada de rotas internacionais<\/h2>\n<ul>\n<li>Nesta segunda-feira (1\u00ba), a Gol (GOLL4) anunciou que pretende aumentar sua malha a\u00e9rea em novembro para 460 voos di\u00e1rios, alta 10% em rela\u00e7\u00e3o a outubro. Em dias de pico, ser\u00e3o 552 sa\u00eddas di\u00e1rias em dias.<\/li>\n<li>Em novembro, haver\u00e1 a retomada das <strong>opera\u00e7\u00f5es da Gol<\/strong>\u00a0em tr\u00eas importantes mercados internacionais: Montevid\u00e9u, no Uruguai, Canc\u00fan, no M\u00e9xico, e Punta Cana, na Rep\u00fablica Dominicana.<\/li>\n<li>Para os feriados de Finados (2 de novembro) e Proclama\u00e7\u00e3o da Rep\u00fablica (15), a a\u00e9rea vai ofertar, no total, 210 voos extras.<\/li>\n<li>No per\u00edodo de 28 de outubro a 3 de novembro, o aumento vai chegar a 48 voos na malha vigente, adicionando mais de 9 mil assentos nesses dias. Para suprir a demanda de 15 de novembro, haver\u00e1 60<strong>\u00a0voos especiais<\/strong> da Gol que resultam em 11 mil assentos complementares.<\/li>\n<li>A malha de novembro tem forte vi\u00e9s de retomada e supre n\u00e3o s\u00f3 destinos de lazer, muito procurados nesta \u00e9poca do ano, sobretudo no Nordeste, mas tamb\u00e9m o fluxo regional e interestadual relacionado \u00e0s viagens de neg\u00f3cios, que igualmente v\u00eam crescendo com o avan\u00e7o da vacina\u00e7\u00e3o\u201d, afirma em nota o gerente de Planejamento Estrat\u00e9gico de Malha A\u00e9rea da Gol, Bruno Balan.<\/li>\n<\/ul>\n<h2 class=\"newsContent__article__title\">CI&amp;T detalha IPO em Nova York que pode movimentar US$ 424 milh\u00f5es<\/h2>\n<ul>\n<li>A companhia de tecnologia<strong>\u00a0CI&amp;T<\/strong>, de Campinas (SP), deu mais detalhes nesta segunda (1\u00aa) sobre sua abertura de capital (<a href=\"https:\/\/einvestidor.estadao.com.br\/tag\/ipo\" target=\"_blank\" rel=\"noopener\">IPO<\/a>, na sigla em ingl\u00eas) nos Estados Unidos. A proposta por suas a\u00e7\u00f5es gira em torno de US$ 17 a US$ 19. A empresa pode captar US$ 350 milh\u00f5es a\u00a0<a class=\"suno-keyword\" href=\"https:\/\/www.suno.com.br\/artigos\/preco-medio\/\" target=\"_blank\" rel=\"noopener\" data-force=\"no\" data-priority=\"1\">pre\u00e7o m\u00e9dio<\/a>, sem contar lotes extras.<\/li>\n<li>Caso consiga vender no topo desse intervalo e os lotes adicionais, a<strong>\u00a0opera\u00e7\u00e3o da CI&amp;T<\/strong>\u00a0pode movimentar US$ 424 milh\u00f5es.<\/li>\n<li>A CI&amp;T vai listar as a\u00e7\u00f5es na <strong>Bolsa de Valores de Nova York<\/strong>\u00a0(Nyse) e pode chegar \u00e0 bolsa americana valendo US$ 2,4 bilh\u00f5es. A expectativa, segundo fontes, \u00e9 de precifica\u00e7\u00e3o nos pap\u00e9is na semana que vem, mas o prospecto n\u00e3o menciona cronogramas.<\/li>\n<li>No <strong>IPO da CI&amp;T<\/strong>\u00a0ser\u00e3o ofertadas 11,1 milh\u00f5es de a\u00e7\u00f5es classe A emitidas pela empresa, mais 8,3 milh\u00f5es de pap\u00e9is de acionistas vendedores, incluindo o fundo de\u00a0<a class=\"suno-keyword\" href=\"https:\/\/www.suno.com.br\/artigos\/private-equity\/\" target=\"_blank\" rel=\"noopener\" data-force=\"no\" data-priority=\"1\">private equity<\/a>\u00a0Advent. H\u00e1 ainda a chance de um lote extra de 2,9 milh\u00f5es de a\u00e7\u00f5es, a depender da demanda dos investidores.<\/li>\n<li>Os bancos que est\u00e3o liderando o IPO s\u00e3o Citi (CTGP34) e Goldman Sachs (GSGI34). JPMorgan (JPMC34), Morgan Stanley (MSBR34), Ita\u00fa BBA, BofA Securities (BOAC34) e Bradesco BBI tamb\u00e9m participam da opera\u00e7\u00e3o. As a\u00e7\u00f5es ser\u00e3o listadas com o c\u00f3digo \u201cCINT\u201d.<\/li>\n<li>Os <strong>recursos captados no IPO<\/strong>\u00a0devem ajudar a empresa a bancar seus planos de crescimento, incluindo fus\u00f5es e investimento em outros neg\u00f3cios e tecnologias. O foco da CI&amp;T \u00e9 ajudar empresas a aprimorar sua transforma\u00e7\u00e3o digital.<\/li>\n<\/ul>\n<p>&nbsp;<\/p>\n<p>Da <strong>Smart Fit<\/strong> \u00e0 CI&amp;T, essas foram as empresas que se destacaram hoje. Para ler todas as mat\u00e9rias <a href=\"https:\/\/www.suno.com.br\/noticias\/\">clique aqui<\/a>.<\/p>\n<p><a href=\"https:\/\/lp.suno.com.br\/black-friday\/\" target=\"_blank\" rel=\"noopener\" data-element=\"shortcode-suno-banner\" data-parameter=\"banner-mat-0-https:\/\/lp.suno.com.br\/black-friday\/\"><picture><source srcset=\"https:\/\/files.sunoresearch.com.br\/n\/uploads\/2021\/10\/Banner-Noticias-400x300-7-1-400x300.jpg\" media=\"(max-width: 500px)\" data-srcset=\"https:\/\/files.sunoresearch.com.br\/n\/uploads\/2021\/10\/Banner-Noticias-400x300-7-1-400x300.jpg\" \/><\/picture><\/a><\/p>\n","protected":false},"excerpt":{"rendered":"<p>Ap\u00f3s seis meses de estudo sobre a compra, a\u00a0Smart Fit\u00a0(SMFT3)\u00a0adquiriu 10% da rede de academias mexicana Sports World. Smart Fit (SMFT3). Foto: Reprodu\u00e7\u00e3o\/Site Smart Fit A\u00a0rede de academias\u00a0pode aumentar a sua participa\u00e7\u00e3o no futuro. Segundo\u00a0Edgard Corona, presidente e fundador da Smart Fit, a empresa ajudar\u00e1 a atual gest\u00e3o a melhorar os resultados e, depois, deve [&hellip;]<\/p>\n","protected":false},"author":98,"featured_media":152932,"comment_status":"closed","ping_status":"closed","sticky":false,"template":"","format":"standard","meta":[],"categories":[64],"tags":[106755,356,489,636],"suno_strategy":[],"class_list":["post-200212","post","type-post","status-publish","format-standard","has-post-thumbnail","hentry","category-negocios","tag-agribrasil-grao3","tag-alpargatas-alpa3-alpa4","tag-gol-linhas-aereas-goll11-goll4","tag-smart-fit-smft3"],"yoast_head":"<!-- This site is optimized with the Yoast SEO plugin v24.4 - https:\/\/yoast.com\/wordpress\/plugins\/seo\/ -->\n<title>Radar: Smart Fit (SMFT3)vai ao M\u00e9xico, Alpargatas (ALPA4) deixa Osklen<\/title>\n<meta name=\"description\" content=\"Ap\u00f3s seis meses de estudo sobre a compra, a\u00a0Smart Fit\u00a0(SMFT3)\u00a0adquiriu 10% da rede de academias mexicana Sports World.\" \/>\n<meta name=\"robots\" content=\"index, follow, max-snippet:-1, max-image-preview:large, max-video-preview:-1\" \/>\n<link rel=\"canonical\" href=\"https:\/\/www.suno.com.br\/noticias\/radar-smart-fit-smft3-alpargatas-alpa4-oskken-agribrasil-grao3-porto-sc\/\" \/>\n<meta property=\"og:locale\" content=\"pt_BR\" \/>\n<meta property=\"og:type\" content=\"article\" \/>\n<meta property=\"og:title\" content=\"Radar: Smart Fit (SMFT3)vai ao M\u00e9xico, Alpargatas (ALPA4) deixa Osklen\" \/>\n<meta property=\"og:description\" content=\"Ap\u00f3s seis meses de estudo sobre a compra, a\u00a0Smart Fit\u00a0(SMFT3)\u00a0adquiriu 10% da rede de academias mexicana Sports World.\" \/>\n<meta property=\"og:url\" content=\"https:\/\/www.suno.com.br\/noticias\/radar-smart-fit-smft3-alpargatas-alpa4-oskken-agribrasil-grao3-porto-sc\/\" \/>\n<meta property=\"og:site_name\" content=\"Suno Not\u00edcias\" \/>\n<meta property=\"article:publisher\" content=\"https:\/\/facebook.com\/sunoresearch\" \/>\n<meta property=\"og:image\" content=\"https:\/\/files.sunoresearch.com.br\/n\/uploads\/2021\/05\/de5d5245-smartfit.png\" \/>\n\t<meta property=\"og:image:width\" content=\"1204\" \/>\n\t<meta property=\"og:image:height\" content=\"740\" \/>\n\t<meta property=\"og:image:type\" content=\"image\/png\" \/>\n<meta name=\"author\" content=\"Marco Ant\u00f4nio Lopes\" \/>\n<meta name=\"twitter:card\" content=\"summary_large_image\" \/>\n<meta name=\"twitter:creator\" content=\"@sunoresearch\" \/>\n<meta name=\"twitter:site\" content=\"@sunoresearch\" \/>\n<meta name=\"twitter:label1\" content=\"Escrito por\" \/>\n\t<meta name=\"twitter:data1\" content=\"Marco Ant\u00f4nio Lopes\" \/>\n\t<meta name=\"twitter:label2\" content=\"Est. tempo de leitura\" \/>\n\t<meta name=\"twitter:data2\" content=\"5 minutos\" \/>\n<script type=\"application\/ld+json\" class=\"yoast-schema-graph\">{\"@context\":\"https:\/\/schema.org\",\"@graph\":[{\"@type\":\"NewsArticle\",\"@id\":\"https:\/\/www.suno.com.br\/noticias\/radar-smart-fit-smft3-alpargatas-alpa4-oskken-agribrasil-grao3-porto-sc\/#article\",\"isPartOf\":{\"@id\":\"https:\/\/www.suno.com.br\/noticias\/radar-smart-fit-smft3-alpargatas-alpa4-oskken-agribrasil-grao3-porto-sc\/\"},\"author\":{\"name\":\"Marco Ant\u00f4nio Lopes\",\"@id\":\"https:\/\/www.suno.com.br\/noticias\/#\/schema\/person\/829bbe8d57f84333b966b96229c6bf5f\"},\"headline\":\"Radar: Smart Fit (SMFT3) compra 10% de rede mexicana, Alpargatas (ALPA4) vender\u00e1 fatia na Osklen, AgriBrasil (GRAO3) adquire porto em SC\",\"datePublished\":\"2021-11-02T01:19:25+00:00\",\"dateModified\":\"2021-11-02T01:32:34+00:00\",\"mainEntityOfPage\":{\"@id\":\"https:\/\/www.suno.com.br\/noticias\/radar-smart-fit-smft3-alpargatas-alpa4-oskken-agribrasil-grao3-porto-sc\/\"},\"wordCount\":1202,\"publisher\":{\"@id\":\"https:\/\/www.suno.com.br\/noticias\/#organization\"},\"image\":{\"@id\":\"https:\/\/www.suno.com.br\/noticias\/radar-smart-fit-smft3-alpargatas-alpa4-oskken-agribrasil-grao3-porto-sc\/#primaryimage\"},\"thumbnailUrl\":\"https:\/\/files.sunoresearch.com.br\/n\/uploads\/2021\/05\/de5d5245-smartfit-png.webp\",\"keywords\":[\"AgriBrasil (GRAO3)\",\"Alpargatas (ALPA3\/ALPA4)\",\"Gol Linhas A\u00e9reas (GOLL11\/GOLL4)\",\"Smart Fit (SMFT3)\"],\"articleSection\":[\"Neg\u00f3cios\"],\"inLanguage\":\"pt-BR\"},{\"@type\":\"WebPage\",\"@id\":\"https:\/\/www.suno.com.br\/noticias\/radar-smart-fit-smft3-alpargatas-alpa4-oskken-agribrasil-grao3-porto-sc\/\",\"url\":\"https:\/\/www.suno.com.br\/noticias\/radar-smart-fit-smft3-alpargatas-alpa4-oskken-agribrasil-grao3-porto-sc\/\",\"name\":\"Radar: Smart Fit (SMFT3)vai ao M\u00e9xico, Alpargatas (ALPA4) deixa Osklen\",\"isPartOf\":{\"@id\":\"https:\/\/www.suno.com.br\/noticias\/#website\"},\"primaryImageOfPage\":{\"@id\":\"https:\/\/www.suno.com.br\/noticias\/radar-smart-fit-smft3-alpargatas-alpa4-oskken-agribrasil-grao3-porto-sc\/#primaryimage\"},\"image\":{\"@id\":\"https:\/\/www.suno.com.br\/noticias\/radar-smart-fit-smft3-alpargatas-alpa4-oskken-agribrasil-grao3-porto-sc\/#primaryimage\"},\"thumbnailUrl\":\"https:\/\/files.sunoresearch.com.br\/n\/uploads\/2021\/05\/de5d5245-smartfit-png.webp\",\"datePublished\":\"2021-11-02T01:19:25+00:00\",\"dateModified\":\"2021-11-02T01:32:34+00:00\",\"description\":\"Ap\u00f3s seis meses de estudo sobre a compra, a\u00a0Smart Fit\u00a0(SMFT3)\u00a0adquiriu 10% da rede de academias mexicana Sports World.\",\"breadcrumb\":{\"@id\":\"https:\/\/www.suno.com.br\/noticias\/radar-smart-fit-smft3-alpargatas-alpa4-oskken-agribrasil-grao3-porto-sc\/#breadcrumb\"},\"inLanguage\":\"pt-BR\",\"potentialAction\":[{\"@type\":\"ReadAction\",\"target\":[\"https:\/\/www.suno.com.br\/noticias\/radar-smart-fit-smft3-alpargatas-alpa4-oskken-agribrasil-grao3-porto-sc\/\"]}]},{\"@type\":\"ImageObject\",\"inLanguage\":\"pt-BR\",\"@id\":\"https:\/\/www.suno.com.br\/noticias\/radar-smart-fit-smft3-alpargatas-alpa4-oskken-agribrasil-grao3-porto-sc\/#primaryimage\",\"url\":\"https:\/\/files.sunoresearch.com.br\/n\/uploads\/2021\/05\/de5d5245-smartfit-png.webp\",\"contentUrl\":\"https:\/\/files.sunoresearch.com.br\/n\/uploads\/2021\/05\/de5d5245-smartfit-png.webp\",\"width\":1204,\"height\":740,\"caption\":\"Smart Fit (SMFT3). Foto: Reprodu\u00e7\u00e3o\/Site Smart Fit\"},{\"@type\":\"BreadcrumbList\",\"@id\":\"https:\/\/www.suno.com.br\/noticias\/radar-smart-fit-smft3-alpargatas-alpa4-oskken-agribrasil-grao3-porto-sc\/#breadcrumb\",\"itemListElement\":[{\"@type\":\"ListItem\",\"position\":1,\"name\":\"Not\u00edcias\",\"item\":\"https:\/\/www.suno.com.br\/noticias\/\"},{\"@type\":\"ListItem\",\"position\":2,\"name\":\"Neg\u00f3cios\",\"item\":\"https:\/\/www.suno.com.br\/noticias\/negocios\/\"},{\"@type\":\"ListItem\",\"position\":3,\"name\":\"Radar: Smart Fit (SMFT3) compra 10% de rede mexicana, Alpargatas (ALPA4) vender\u00e1 fatia na Osklen, AgriBrasil (GRAO3) adquire porto em SC\"}]},{\"@type\":\"WebSite\",\"@id\":\"https:\/\/www.suno.com.br\/noticias\/#website\",\"url\":\"https:\/\/www.suno.com.br\/noticias\/\",\"name\":\"Suno Not\u00edcias\",\"description\":\"Seu portal de informa\u00e7\u00e3o sobre o mundo dos investimentos\",\"publisher\":{\"@id\":\"https:\/\/www.suno.com.br\/noticias\/#organization\"},\"potentialAction\":[{\"@type\":\"SearchAction\",\"target\":{\"@type\":\"EntryPoint\",\"urlTemplate\":\"https:\/\/www.suno.com.br\/noticias\/?s={search_term_string}\"},\"query-input\":{\"@type\":\"PropertyValueSpecification\",\"valueRequired\":true,\"valueName\":\"search_term_string\"}}],\"inLanguage\":\"pt-BR\"},{\"@type\":\"Organization\",\"@id\":\"https:\/\/www.suno.com.br\/noticias\/#organization\",\"name\":\"Suno Not\u00edcias\",\"url\":\"https:\/\/www.suno.com.br\/noticias\/\",\"logo\":{\"@type\":\"ImageObject\",\"inLanguage\":\"pt-BR\",\"@id\":\"https:\/\/www.suno.com.br\/noticias\/#\/schema\/logo\/image\/\",\"url\":\"https:\/\/files.sunoresearch.com.br\/n\/uploads\/2021\/09\/suno-logo.png\",\"contentUrl\":\"https:\/\/files.sunoresearch.com.br\/n\/uploads\/2021\/09\/suno-logo.png\",\"width\":180,\"height\":180,\"caption\":\"Suno Not\u00edcias\"},\"image\":{\"@id\":\"https:\/\/www.suno.com.br\/noticias\/#\/schema\/logo\/image\/\"},\"sameAs\":[\"https:\/\/facebook.com\/sunoresearch\",\"https:\/\/x.com\/sunoresearch\",\"https:\/\/www.instagram.com\/suno\",\"https:\/\/www.linkedin.com\/company\/suno-research\/\",\"https:\/\/www.youtube.com\/c\/sunoresearch\"]},{\"@type\":\"Person\",\"@id\":\"https:\/\/www.suno.com.br\/noticias\/#\/schema\/person\/829bbe8d57f84333b966b96229c6bf5f\",\"name\":\"Marco Ant\u00f4nio Lopes\",\"image\":{\"@type\":\"ImageObject\",\"inLanguage\":\"pt-BR\",\"@id\":\"https:\/\/www.suno.com.br\/noticias\/#\/schema\/person\/image\/\",\"url\":\"https:\/\/secure.gravatar.com\/avatar\/385167b012fbc1cde32c5446ee253313?s=96&r=g\",\"contentUrl\":\"https:\/\/secure.gravatar.com\/avatar\/385167b012fbc1cde32c5446ee253313?s=96&r=g\",\"caption\":\"Marco Ant\u00f4nio Lopes\"},\"description\":\"Jornalista, \u00e9 editor no Suno Not\u00edcias. Trabalhou nas revistas Playboy, Super, Veja Comer &amp; Beber, Homem Vogue e Universo Masculino, al\u00e9m dos portais Abril.com, R7, nas editorias de Home, Esportes, Hora 7, Entretenimento e Geral, e Eu Quero Investir. Autor do livro Bruce Lee: Definitivo (Editora Conrad). Colaborou nas revistas Nova, Veja SP, Grandes Guerras, Placar, Bizz, Casa Claudia e Quatro Rodas.\",\"url\":\"https:\/\/www.suno.com.br\/noticias\/author\/marco-lopes\/\"}]}<\/script>\n<!-- \/ Yoast SEO plugin. -->","yoast_head_json":{"title":"Radar: Smart Fit (SMFT3)vai ao M\u00e9xico, Alpargatas (ALPA4) deixa Osklen","description":"Ap\u00f3s seis meses de estudo sobre a compra, a\u00a0Smart Fit\u00a0(SMFT3)\u00a0adquiriu 10% da rede de academias mexicana Sports World.","robots":{"index":"index","follow":"follow","max-snippet":"max-snippet:-1","max-image-preview":"max-image-preview:large","max-video-preview":"max-video-preview:-1"},"canonical":"https:\/\/www.suno.com.br\/noticias\/radar-smart-fit-smft3-alpargatas-alpa4-oskken-agribrasil-grao3-porto-sc\/","og_locale":"pt_BR","og_type":"article","og_title":"Radar: Smart Fit (SMFT3)vai ao M\u00e9xico, Alpargatas (ALPA4) deixa Osklen","og_description":"Ap\u00f3s seis meses de estudo sobre a compra, a\u00a0Smart Fit\u00a0(SMFT3)\u00a0adquiriu 10% da rede de academias mexicana Sports World.","og_url":"https:\/\/www.suno.com.br\/noticias\/radar-smart-fit-smft3-alpargatas-alpa4-oskken-agribrasil-grao3-porto-sc\/","og_site_name":"Suno Not\u00edcias","article_publisher":"https:\/\/facebook.com\/sunoresearch","og_image":[{"width":1204,"height":740,"url":"https:\/\/files.sunoresearch.com.br\/n\/uploads\/2021\/05\/de5d5245-smartfit.png","type":"image\/png"}],"author":"Marco Ant\u00f4nio Lopes","twitter_card":"summary_large_image","twitter_creator":"@sunoresearch","twitter_site":"@sunoresearch","twitter_misc":{"Escrito por":"Marco Ant\u00f4nio Lopes","Est. tempo de leitura":"5 minutos"},"schema":{"@context":"https:\/\/schema.org","@graph":[{"@type":"NewsArticle","@id":"https:\/\/www.suno.com.br\/noticias\/radar-smart-fit-smft3-alpargatas-alpa4-oskken-agribrasil-grao3-porto-sc\/#article","isPartOf":{"@id":"https:\/\/www.suno.com.br\/noticias\/radar-smart-fit-smft3-alpargatas-alpa4-oskken-agribrasil-grao3-porto-sc\/"},"author":{"name":"Marco Ant\u00f4nio Lopes","@id":"https:\/\/www.suno.com.br\/noticias\/#\/schema\/person\/829bbe8d57f84333b966b96229c6bf5f"},"headline":"Radar: Smart Fit (SMFT3) compra 10% de rede mexicana, Alpargatas (ALPA4) vender\u00e1 fatia na Osklen, AgriBrasil (GRAO3) adquire porto em SC","datePublished":"2021-11-02T01:19:25+00:00","dateModified":"2021-11-02T01:32:34+00:00","mainEntityOfPage":{"@id":"https:\/\/www.suno.com.br\/noticias\/radar-smart-fit-smft3-alpargatas-alpa4-oskken-agribrasil-grao3-porto-sc\/"},"wordCount":1202,"publisher":{"@id":"https:\/\/www.suno.com.br\/noticias\/#organization"},"image":{"@id":"https:\/\/www.suno.com.br\/noticias\/radar-smart-fit-smft3-alpargatas-alpa4-oskken-agribrasil-grao3-porto-sc\/#primaryimage"},"thumbnailUrl":"https:\/\/files.sunoresearch.com.br\/n\/uploads\/2021\/05\/de5d5245-smartfit-png.webp","keywords":["AgriBrasil (GRAO3)","Alpargatas (ALPA3\/ALPA4)","Gol Linhas A\u00e9reas (GOLL11\/GOLL4)","Smart Fit (SMFT3)"],"articleSection":["Neg\u00f3cios"],"inLanguage":"pt-BR"},{"@type":"WebPage","@id":"https:\/\/www.suno.com.br\/noticias\/radar-smart-fit-smft3-alpargatas-alpa4-oskken-agribrasil-grao3-porto-sc\/","url":"https:\/\/www.suno.com.br\/noticias\/radar-smart-fit-smft3-alpargatas-alpa4-oskken-agribrasil-grao3-porto-sc\/","name":"Radar: Smart Fit (SMFT3)vai ao M\u00e9xico, Alpargatas (ALPA4) deixa Osklen","isPartOf":{"@id":"https:\/\/www.suno.com.br\/noticias\/#website"},"primaryImageOfPage":{"@id":"https:\/\/www.suno.com.br\/noticias\/radar-smart-fit-smft3-alpargatas-alpa4-oskken-agribrasil-grao3-porto-sc\/#primaryimage"},"image":{"@id":"https:\/\/www.suno.com.br\/noticias\/radar-smart-fit-smft3-alpargatas-alpa4-oskken-agribrasil-grao3-porto-sc\/#primaryimage"},"thumbnailUrl":"https:\/\/files.sunoresearch.com.br\/n\/uploads\/2021\/05\/de5d5245-smartfit-png.webp","datePublished":"2021-11-02T01:19:25+00:00","dateModified":"2021-11-02T01:32:34+00:00","description":"Ap\u00f3s seis meses de estudo sobre a compra, a\u00a0Smart Fit\u00a0(SMFT3)\u00a0adquiriu 10% da rede de academias mexicana Sports World.","breadcrumb":{"@id":"https:\/\/www.suno.com.br\/noticias\/radar-smart-fit-smft3-alpargatas-alpa4-oskken-agribrasil-grao3-porto-sc\/#breadcrumb"},"inLanguage":"pt-BR","potentialAction":[{"@type":"ReadAction","target":["https:\/\/www.suno.com.br\/noticias\/radar-smart-fit-smft3-alpargatas-alpa4-oskken-agribrasil-grao3-porto-sc\/"]}]},{"@type":"ImageObject","inLanguage":"pt-BR","@id":"https:\/\/www.suno.com.br\/noticias\/radar-smart-fit-smft3-alpargatas-alpa4-oskken-agribrasil-grao3-porto-sc\/#primaryimage","url":"https:\/\/files.sunoresearch.com.br\/n\/uploads\/2021\/05\/de5d5245-smartfit-png.webp","contentUrl":"https:\/\/files.sunoresearch.com.br\/n\/uploads\/2021\/05\/de5d5245-smartfit-png.webp","width":1204,"height":740,"caption":"Smart Fit (SMFT3). Foto: Reprodu\u00e7\u00e3o\/Site Smart Fit"},{"@type":"BreadcrumbList","@id":"https:\/\/www.suno.com.br\/noticias\/radar-smart-fit-smft3-alpargatas-alpa4-oskken-agribrasil-grao3-porto-sc\/#breadcrumb","itemListElement":[{"@type":"ListItem","position":1,"name":"Not\u00edcias","item":"https:\/\/www.suno.com.br\/noticias\/"},{"@type":"ListItem","position":2,"name":"Neg\u00f3cios","item":"https:\/\/www.suno.com.br\/noticias\/negocios\/"},{"@type":"ListItem","position":3,"name":"Radar: Smart Fit (SMFT3) compra 10% de rede mexicana, Alpargatas (ALPA4) vender\u00e1 fatia na Osklen, AgriBrasil (GRAO3) adquire porto em SC"}]},{"@type":"WebSite","@id":"https:\/\/www.suno.com.br\/noticias\/#website","url":"https:\/\/www.suno.com.br\/noticias\/","name":"Suno Not\u00edcias","description":"Seu portal de informa\u00e7\u00e3o sobre o mundo dos investimentos","publisher":{"@id":"https:\/\/www.suno.com.br\/noticias\/#organization"},"potentialAction":[{"@type":"SearchAction","target":{"@type":"EntryPoint","urlTemplate":"https:\/\/www.suno.com.br\/noticias\/?s={search_term_string}"},"query-input":{"@type":"PropertyValueSpecification","valueRequired":true,"valueName":"search_term_string"}}],"inLanguage":"pt-BR"},{"@type":"Organization","@id":"https:\/\/www.suno.com.br\/noticias\/#organization","name":"Suno Not\u00edcias","url":"https:\/\/www.suno.com.br\/noticias\/","logo":{"@type":"ImageObject","inLanguage":"pt-BR","@id":"https:\/\/www.suno.com.br\/noticias\/#\/schema\/logo\/image\/","url":"https:\/\/files.sunoresearch.com.br\/n\/uploads\/2021\/09\/suno-logo.png","contentUrl":"https:\/\/files.sunoresearch.com.br\/n\/uploads\/2021\/09\/suno-logo.png","width":180,"height":180,"caption":"Suno Not\u00edcias"},"image":{"@id":"https:\/\/www.suno.com.br\/noticias\/#\/schema\/logo\/image\/"},"sameAs":["https:\/\/facebook.com\/sunoresearch","https:\/\/x.com\/sunoresearch","https:\/\/www.instagram.com\/suno","https:\/\/www.linkedin.com\/company\/suno-research\/","https:\/\/www.youtube.com\/c\/sunoresearch"]},{"@type":"Person","@id":"https:\/\/www.suno.com.br\/noticias\/#\/schema\/person\/829bbe8d57f84333b966b96229c6bf5f","name":"Marco Ant\u00f4nio Lopes","image":{"@type":"ImageObject","inLanguage":"pt-BR","@id":"https:\/\/www.suno.com.br\/noticias\/#\/schema\/person\/image\/","url":"https:\/\/secure.gravatar.com\/avatar\/385167b012fbc1cde32c5446ee253313?s=96&r=g","contentUrl":"https:\/\/secure.gravatar.com\/avatar\/385167b012fbc1cde32c5446ee253313?s=96&r=g","caption":"Marco Ant\u00f4nio Lopes"},"description":"Jornalista, \u00e9 editor no Suno Not\u00edcias. Trabalhou nas revistas Playboy, Super, Veja Comer &amp; Beber, Homem Vogue e Universo Masculino, al\u00e9m dos portais Abril.com, R7, nas editorias de Home, Esportes, Hora 7, Entretenimento e Geral, e Eu Quero Investir. Autor do livro Bruce Lee: Definitivo (Editora Conrad). Colaborou nas revistas Nova, Veja SP, Grandes Guerras, Placar, Bizz, Casa Claudia e Quatro Rodas.","url":"https:\/\/www.suno.com.br\/noticias\/author\/marco-lopes\/"}]}},"default_loop_html":"<div class=\"cardsPage__listCard__boxs\"><div class=\"cardsPage__listCard__boxs__img\"><a href=\"https:\/\/www.suno.com.br\/noticias\/radar-smart-fit-smft3-alpargatas-alpa4-oskken-agribrasil-grao3-porto-sc\/\"><img class=\"mask\" src=\"https:\/\/www.suno.com.br\/noticias\/wp-content\/themes\/suno\/resources\/images\/spotlight\/spotlight1img\/bg-mask.png\" alt=\"Image Mask\"\/><img src=\"https:\/\/files.sunoresearch.com.br\/n\/uploads\/2021\/05\/de5d5245-smartfit-400x200.webp\" alt=\"Radar: Smart Fit (SMFT3) compra 10% de rede mexicana, Alpargatas (ALPA4) vender\u00e1 fatia na Osklen, AgriBrasil (GRAO3) adquire porto em SC\"\/><\/a><span class=\"spotlightCategory\"><a href=\"https:\/\/www.suno.com.br\/noticias\/negocios\/\">Neg\u00f3cios<\/a><\/span><\/div><div class=\"cardsPage__listCard__boxs__content\"><a href=\"https:\/\/www.suno.com.br\/noticias\/radar-smart-fit-smft3-alpargatas-alpa4-oskken-agribrasil-grao3-porto-sc\/\"><h2 class=\"content__title\">Radar: Smart Fit (SMFT3) compra 10% de rede mexicana, Alpargatas (ALPA4) vender\u00e1 fatia na Osklen, AgriBrasil (GRAO3) adquire porto em SC<\/h2><\/a><div class=\"newsContent__article__meta\"><div class=\"newsContent__article__meta__authorBox\"><a href=\"https:\/\/www.suno.com.br\/noticias\/author\/marco-lopes\/\" class=\"authorBox__avatar noMobi\"><img src=\"https:\/\/secure.gravatar.com\/avatar\/385167b012fbc1cde32c5446ee253313?s=96&#038;r=g\" alt=\"Marco Ant\u00f4nio Lopes\"><\/a><div class=\"authorBox__name\"><span>por\n\t\t\t<a href=\"https:\/\/www.suno.com.br\/noticias\/author\/marco-lopes\/\"><span itemprop=\"author\">Marco Ant\u00f4nio Lopes<\/span><\/a><\/span><time datetime=\"2021-11-01T22:19:25-03:00\" itemprop=\"datePublished\">01\/11\/2021 22:19<\/time><\/div><\/div><\/div><\/div><\/div>","single_layout":"posts","amp_enabled":true,"_links":{"self":[{"href":"https:\/\/www.suno.com.br\/noticias\/wp-json\/wp\/v2\/posts\/200212"}],"collection":[{"href":"https:\/\/www.suno.com.br\/noticias\/wp-json\/wp\/v2\/posts"}],"about":[{"href":"https:\/\/www.suno.com.br\/noticias\/wp-json\/wp\/v2\/types\/post"}],"author":[{"embeddable":true,"href":"https:\/\/www.suno.com.br\/noticias\/wp-json\/wp\/v2\/users\/98"}],"replies":[{"embeddable":true,"href":"https:\/\/www.suno.com.br\/noticias\/wp-json\/wp\/v2\/comments?post=200212"}],"version-history":[{"count":3,"href":"https:\/\/www.suno.com.br\/noticias\/wp-json\/wp\/v2\/posts\/200212\/revisions"}],"predecessor-version":[{"id":200218,"href":"https:\/\/www.suno.com.br\/noticias\/wp-json\/wp\/v2\/posts\/200212\/revisions\/200218"}],"wp:featuredmedia":[{"embeddable":true,"href":"https:\/\/www.suno.com.br\/noticias\/wp-json\/wp\/v2\/media\/152932"}],"wp:attachment":[{"href":"https:\/\/www.suno.com.br\/noticias\/wp-json\/wp\/v2\/media?parent=200212"}],"wp:term":[{"taxonomy":"category","embeddable":true,"href":"https:\/\/www.suno.com.br\/noticias\/wp-json\/wp\/v2\/categories?post=200212"},{"taxonomy":"post_tag","embeddable":true,"href":"https:\/\/www.suno.com.br\/noticias\/wp-json\/wp\/v2\/tags?post=200212"},{"taxonomy":"suno_strategy","embeddable":true,"href":"https:\/\/www.suno.com.br\/noticias\/wp-json\/wp\/v2\/suno_strategy?post=200212"}],"curies":[{"name":"wp","href":"https:\/\/api.w.org\/{rel}","templated":true}]}}